{"id":7938,"date":"2022-05-16T17:32:59","date_gmt":"2022-05-16T15:32:59","guid":{"rendered":"http:\/\/just-now.news\/de\/deutschland\/prozess-wegen-homophober-aeusserungen-anklage-sieht-bremer-pastor-als-schuldig-an\/"},"modified":"2022-05-16T17:32:59","modified_gmt":"2022-05-16T15:32:59","slug":"prozess-wegen-homophober-aeusserungen-anklage-sieht-bremer-pastor-als-schuldig-an","status":"publish","type":"post","link":"https:\/\/now-news.de\/de\/deutschland\/prozess-wegen-homophober-aeusserungen-anklage-sieht-bremer-pastor-als-schuldig-an\/","title":{"rendered":"Prozess wegen homophober \u00c4u\u00dferungen: Anklage sieht Bremer Pastor als schuldig an"},"content":{"rendered":"<div class=\"Text-root Text-type_5 ArticleView-text ViewText-root \">\n<p>In einem Berufungsprozess wegen Volksverhetzung hat die Staatsanwaltschaft erneut einen Schuldspruch gegen den Bremer Pastor Olaf Latzel gefordert. Zwei Verteidiger des evangelischen Geistlichen pl\u00e4dierten dagegen am Montag auf Freispruch. Der konservative Theologe hatte 2019 bei einem Eheseminar abwertende \u00c4u\u00dferungen \u00fcber Homosexuelle und Gendertheorien gemacht, die das Amtsgericht im Jahr 2020 als Volksverhetzung einstufte.<\/p>\n<p>In seinem Schlusswort sagte Latzel:<\/p>\n<blockquote>\n<p><em>&#8220;Ich wollte niemanden und werde niemanden als Mensch diskreditieren&#8221;<\/em><\/p>\n<\/blockquote>\n<p>Die Vertreterin der Staatsanwaltschaft hielt ihm dagegen seine \u00c4u\u00dferungen vor wie: &#8220;\u00dcberall laufen diese Verbrecher rum vom CSD (Christopher Street Day)&#8221;. Damit werde zu Hass aufgestachelt und &#8220;unmittelbar in die Menschenw\u00fcrde einzelner Menschen eingegriffen&#8221;.<\/p>\n<div class=\"ReadMore-root Section-root Section-is1to3-xs_is1to1\" data-widgets=\"ReadMore\" data-has-alias>\n<div class=\"Section-container Section-isRow-isTop-isWrap\">\n<article class=\"Card-root Card-is1to1 \">\n<div class=\"Card-imageWrap\">\n<div class=\"Card-picture\">\n<picture class=\"Picture-root Picture-default\"><!--[if IE 9]><video style=\"display: none;\"><![endif]--><source media=\"(-webkit-min-device-pixel-ratio: 2) and (min-resolution: 120dpi)\" data-srcset=\" \nhttp:\/\/just-now.news\/de\/wp-content\/uploads\/sites\/3\/2022\/05\/60fecff148fbef79b0300721.jpg 850w,\n                http:\/\/just-now.news\/de\/wp-content\/uploads\/sites\/3\/2022\/05\/1652716022_72_60fecff148fbef79b0300721.jpg 1960w,\n            \" ><source data-srcset=\" \nhttp:\/\/just-now.news\/de\/wp-content\/uploads\/sites\/3\/2022\/05\/60fecff148fbef79b0300721.jpg 460w,\n              http:\/\/just-now.news\/de\/wp-content\/uploads\/sites\/3\/2022\/05\/1652716022_72_60fecff148fbef79b0300721.jpg 980w,\n            \" ><!--[if IE 9]><\/video><![endif]--><img decoding=\"async\" data- src=\"data:image\/png;base64,iVBORw0KGgoAAAANSUhEUgAAABAAAAAJCAQAAACRI2S5AAAAEElEQVR42mNkIAAYRxWAAQAG9gAKqv6+AwAAAABJRU5ErkJggg==\" class=\"Picture-root Picture-default lazyload\" data-src=\"http:\/\/just-now.news\/de\/wp-content\/uploads\/sites\/3\/2022\/05\/60fecff148fbef79b0300721.jpg\" alt=\"Staatlicher Zuspruch, Homophobie und Gewalt im Umfeld des CSD in Berlin\"><\/source><\/source><\/picture><!-- noscript pattern --><noscript><img decoding=\"async\" src=\"http:\/\/just-now.news\/de\/wp-content\/uploads\/sites\/3\/2022\/05\/1652716022_72_60fecff148fbef79b0300721.jpg\" alt=\"Staatlicher Zuspruch, Homophobie und Gewalt im Umfeld des CSD in Berlin\"><\/noscript>    <\/div><\/div>\n<div class=\"Card-contentWrap\">\n<div class=\"Card-content\">\n<div class=\"Card-title\">\n<div class=\"HeaderNews-root HeaderNews-type_6 \">\n<p>            <a rel=\"nofollow noopener\" target=\"_blank\" href=\"https:\/\/de.rt.com\/inland\/121323-homophobie-und-gewalt-im-umfeld\/\" class=\"Link-root Link-isFullCard \"><br \/>\n                Staatlicher Zuspruch, Homophobie und Gewalt im Umfeld des CSD in Berlin<br \/>\n            <\/a><\/p><\/div><\/div><\/div><\/div>\n<\/article>\n<\/div><\/div>\n<p>Die Verteidigung argumentierte, dass Latzels theologische Einstellung zu Homosexualit\u00e4t bibelkonform sei. Die \u00c4u\u00dferungen seien dazu erst ein halbes Jahr sp\u00e4ter im Internet \u00f6ffentlich gemacht und nach Bekanntwerden von Kritik auch sofort wieder zur\u00fcckgezogen worden. Ein Urteil des Landgerichts ist f\u00fcr kommenden Freitag (20.5.) angesetzt.<\/p>\n<p><strong>Mehr zum Thema<\/strong> &#8211; &#8220;<a rel=\"nofollow noopener\" target=\"_blank\" href=\"https:\/\/rtde.site\/meinung\/121985-spalte-und-herrsche-erlebnisbericht-aus\/\">Spalte und herrsche&#8221;: Ein Erlebnisbericht aus dem bunten Deutschland<\/a><\/p>\n<p><em>(dpa\/rt)<\/em><\/p>\n<\/div>\n<p><br \/>\n<br \/><a href=\"https:\/\/de.rt.com\/inland\/138579-prozess-wegen-homophober-ausserungen-anklage\/\">Source link <\/a><\/p>\n","protected":false},"excerpt":{"rendered":"<p>In einem Berufungsprozess wegen Volksverhetzung hat die Staatsanwaltschaft erneut einen Schuldspruch gegen den Bremer Pastor Olaf Latzel gefordert. Zwei Verteidiger des evangelischen Geistlichen pl\u00e4dierten dagegen am Montag auf Freispruch. Der konservative Theologe hatte 2019 bei einem Eheseminar abwertende \u00c4u\u00dferungen \u00fcber Homosexuelle und Gendertheorien gemacht, die das Amtsgericht im Jahr 2020 als Volksverhetzung einstufte. In seinem [&hellip;]<\/p>\n","protected":false},"author":3,"featured_media":7939,"comment_status":"open","ping_status":"open","sticky":false,"template":"","format":"standard","meta":{"wp_automatic_camp":["217"],"6c78428ac69f4da5e08fea0e6439b69b":["Prozess wegen homophober \u00c4u\u00dferungen: Anklage sieht Bremer Pastor als schuldig an"],"original_link":["https:\/\/de.rt.com\/inland\/138579-prozess-wegen-homophober-ausserungen-anklage\/"],"_thumbnail_id":["7939"],"_wptg_p2tg_sent2tg":["2022-05-16 17:48:05"],"jnews_social_counter_last_update":["1777220119"]},"categories":[19,23],"tags":[273,8054,19203,20429,20428,1730,19590,19107,6809,145],"yoast_head":"<!-- This site is optimized with the Yoast SEO Premium plugin v22.7 (Yoast SEO v22.7) - https:\/\/yoast.com\/wordpress\/plugins\/seo\/ -->\n<title>Prozess wegen homophober \u00c4u\u00dferungen: Anklage sieht Bremer Pastor als schuldig an - just-now.NEWS Deutschland<\/title>\n<meta name=\"robots\" content=\"index, follow, max-snippet:-1, max-image-preview:large, max-video-preview:-1\" \/>\n<link rel=\"canonical\" href=\"https:\/\/now-news.de\/de\/deutschland\/prozess-wegen-homophober-aeusserungen-anklage-sieht-bremer-pastor-als-schuldig-an\/\" \/>\n<meta property=\"og:locale\" content=\"de_DE\" \/>\n<meta property=\"og:type\" content=\"article\" \/>\n<meta property=\"og:title\" content=\"Prozess wegen homophober \u00c4u\u00dferungen: Anklage sieht Bremer Pastor als schuldig an\" \/>\n<meta property=\"og:description\" content=\"In einem Berufungsprozess wegen Volksverhetzung hat die Staatsanwaltschaft erneut einen Schuldspruch gegen den Bremer Pastor Olaf Latzel gefordert. Zwei Verteidiger des evangelischen Geistlichen pl\u00e4dierten dagegen am Montag auf Freispruch. Der konservative Theologe hatte 2019 bei einem Eheseminar abwertende \u00c4u\u00dferungen \u00fcber Homosexuelle und Gendertheorien gemacht, die das Amtsgericht im Jahr 2020 als Volksverhetzung einstufte. In seinem [&hellip;]\" \/>\n<meta property=\"og:url\" content=\"https:\/\/now-news.de\/de\/deutschland\/prozess-wegen-homophober-aeusserungen-anklage-sieht-bremer-pastor-als-schuldig-an\/\" \/>\n<meta property=\"og:site_name\" content=\"just-now.NEWS Deutschland\" \/>\n<meta property=\"article:publisher\" content=\"https:\/\/www.facebook.com\/wirmachenauf\" \/>\n<meta property=\"article:published_time\" content=\"2022-05-16T15:32:59+00:00\" \/>\n<meta property=\"og:image\" content=\"https:\/\/now-news.de\/de\/wp-content\/uploads\/sites\/3\/2022\/05\/Prozess-wegen-homophober-Aeusserungen-Anklage-sieht-Bremer-Pastor-als-schuldig.jpg\" \/>\n\t<meta property=\"og:image:width\" content=\"460\" \/>\n\t<meta property=\"og:image:height\" content=\"258\" \/>\n\t<meta property=\"og:image:type\" content=\"image\/jpeg\" \/>\n<meta name=\"author\" content=\"rtnews\" \/>\n<meta name=\"twitter:card\" content=\"summary_large_image\" \/>\n<meta name=\"twitter:creator\" content=\"@WirMachenAuf_de\" \/>\n<meta name=\"twitter:site\" content=\"@WirMachenAuf_de\" \/>\n<meta name=\"twitter:label1\" content=\"Verfasst von\" \/>\n\t<meta name=\"twitter:data1\" content=\"rtnews\" \/>\n\t<meta name=\"twitter:label2\" content=\"Gesch\u00e4tzte Lesezeit\" \/>\n\t<meta name=\"twitter:data2\" content=\"1\u00a0Minute\" \/>\n<script type=\"application\/ld+json\" class=\"yoast-schema-graph\">{\"@context\":\"https:\/\/schema.org\",\"@graph\":[{\"@type\":\"Article\",\"@id\":\"https:\/\/now-news.de\/de\/deutschland\/prozess-wegen-homophober-aeusserungen-anklage-sieht-bremer-pastor-als-schuldig-an\/#article\",\"isPartOf\":{\"@id\":\"https:\/\/now-news.de\/de\/deutschland\/prozess-wegen-homophober-aeusserungen-anklage-sieht-bremer-pastor-als-schuldig-an\/\"},\"author\":{\"name\":\"rtnews\",\"@id\":\"https:\/\/now-news.de\/de\/#\/schema\/person\/fb534a4e865501d8b3285208df34a9b5\"},\"headline\":\"Prozess wegen homophober \u00c4u\u00dferungen: Anklage sieht Bremer Pastor als schuldig an\",\"datePublished\":\"2022-05-16T15:32:59+00:00\",\"dateModified\":\"2022-05-16T15:32:59+00:00\",\"mainEntityOfPage\":{\"@id\":\"https:\/\/now-news.de\/de\/deutschland\/prozess-wegen-homophober-aeusserungen-anklage-sieht-bremer-pastor-als-schuldig-an\/\"},\"wordCount\":192,\"commentCount\":0,\"publisher\":{\"@id\":\"https:\/\/now-news.de\/de\/#organization\"},\"image\":{\"@id\":\"https:\/\/now-news.de\/de\/deutschland\/prozess-wegen-homophober-aeusserungen-anklage-sieht-bremer-pastor-als-schuldig-an\/#primaryimage\"},\"thumbnailUrl\":\"https:\/\/now-news.de\/de\/wp-content\/uploads\/sites\/3\/2022\/05\/Prozess-wegen-homophober-Aeusserungen-Anklage-sieht-Bremer-Pastor-als-schuldig.jpg\",\"keywords\":[\"als\",\"Anklage\",\"\u00c4u\u00dferungen\",\"Bremer\",\"homophober\",\"Pastor\",\"Prozess\",\"schuldig\",\"sieht\",\"wegen\"],\"articleSection\":[\"Deutschland\",\"Russland\"],\"inLanguage\":\"de\",\"potentialAction\":[{\"@type\":\"CommentAction\",\"name\":\"Comment\",\"target\":[\"https:\/\/now-news.de\/de\/deutschland\/prozess-wegen-homophober-aeusserungen-anklage-sieht-bremer-pastor-als-schuldig-an\/#respond\"]}]},{\"@type\":\"WebPage\",\"@id\":\"https:\/\/now-news.de\/de\/deutschland\/prozess-wegen-homophober-aeusserungen-anklage-sieht-bremer-pastor-als-schuldig-an\/\",\"url\":\"https:\/\/now-news.de\/de\/deutschland\/prozess-wegen-homophober-aeusserungen-anklage-sieht-bremer-pastor-als-schuldig-an\/\",\"name\":\"Prozess wegen homophober \u00c4u\u00dferungen: Anklage sieht Bremer Pastor als schuldig an - just-now.NEWS Deutschland\",\"isPartOf\":{\"@id\":\"https:\/\/now-news.de\/de\/#website\"},\"primaryImageOfPage\":{\"@id\":\"https:\/\/now-news.de\/de\/deutschland\/prozess-wegen-homophober-aeusserungen-anklage-sieht-bremer-pastor-als-schuldig-an\/#primaryimage\"},\"image\":{\"@id\":\"https:\/\/now-news.de\/de\/deutschland\/prozess-wegen-homophober-aeusserungen-anklage-sieht-bremer-pastor-als-schuldig-an\/#primaryimage\"},\"thumbnailUrl\":\"https:\/\/now-news.de\/de\/wp-content\/uploads\/sites\/3\/2022\/05\/Prozess-wegen-homophober-Aeusserungen-Anklage-sieht-Bremer-Pastor-als-schuldig.jpg\",\"datePublished\":\"2022-05-16T15:32:59+00:00\",\"dateModified\":\"2022-05-16T15:32:59+00:00\",\"breadcrumb\":{\"@id\":\"https:\/\/now-news.de\/de\/deutschland\/prozess-wegen-homophober-aeusserungen-anklage-sieht-bremer-pastor-als-schuldig-an\/#breadcrumb\"},\"inLanguage\":\"de\",\"potentialAction\":[{\"@type\":\"ReadAction\",\"target\":[\"https:\/\/now-news.de\/de\/deutschland\/prozess-wegen-homophober-aeusserungen-anklage-sieht-bremer-pastor-als-schuldig-an\/\"]}]},{\"@type\":\"ImageObject\",\"inLanguage\":\"de\",\"@id\":\"https:\/\/now-news.de\/de\/deutschland\/prozess-wegen-homophober-aeusserungen-anklage-sieht-bremer-pastor-als-schuldig-an\/#primaryimage\",\"url\":\"https:\/\/now-news.de\/de\/wp-content\/uploads\/sites\/3\/2022\/05\/Prozess-wegen-homophober-Aeusserungen-Anklage-sieht-Bremer-Pastor-als-schuldig.jpg\",\"contentUrl\":\"https:\/\/now-news.de\/de\/wp-content\/uploads\/sites\/3\/2022\/05\/Prozess-wegen-homophober-Aeusserungen-Anklage-sieht-Bremer-Pastor-als-schuldig.jpg\",\"width\":460,\"height\":258,\"caption\":\"Staatlicher Zuspruch, Homophobie und Gewalt im Umfeld des CSD in Berlin\"},{\"@type\":\"BreadcrumbList\",\"@id\":\"https:\/\/now-news.de\/de\/deutschland\/prozess-wegen-homophober-aeusserungen-anklage-sieht-bremer-pastor-als-schuldig-an\/#breadcrumb\",\"itemListElement\":[{\"@type\":\"ListItem\",\"position\":1,\"name\":\"Home\",\"item\":\"https:\/\/now-news.de\/de\/\"},{\"@type\":\"ListItem\",\"position\":2,\"name\":\"Prozess wegen homophober \u00c4u\u00dferungen: Anklage sieht Bremer Pastor als schuldig an\"}]},{\"@type\":\"WebSite\",\"@id\":\"https:\/\/now-news.de\/de\/#website\",\"url\":\"https:\/\/now-news.de\/de\/\",\"name\":\"just-now.NEWS Deutschland\",\"description\":\"Das Portal f\u00fcr unzensierte Nachrichten aus der Welt\",\"publisher\":{\"@id\":\"https:\/\/now-news.de\/de\/#organization\"},\"potentialAction\":[{\"@type\":\"SearchAction\",\"target\":{\"@type\":\"EntryPoint\",\"urlTemplate\":\"https:\/\/now-news.de\/de\/?s={search_term_string}\"},\"query-input\":\"required name=search_term_string\"}],\"inLanguage\":\"de\"},{\"@type\":\"Organization\",\"@id\":\"https:\/\/now-news.de\/de\/#organization\",\"name\":\"Just Now News\",\"url\":\"https:\/\/now-news.de\/de\/\",\"logo\":{\"@type\":\"ImageObject\",\"inLanguage\":\"de\",\"@id\":\"https:\/\/now-news.de\/de\/#\/schema\/logo\/image\/\",\"url\":\"http:\/\/just-now.news\/de\/wp-content\/uploads\/sites\/3\/2022\/04\/logo500x500.jpg\",\"contentUrl\":\"http:\/\/just-now.news\/de\/wp-content\/uploads\/sites\/3\/2022\/04\/logo500x500.jpg\",\"width\":500,\"height\":500,\"caption\":\"Just Now News\"},\"image\":{\"@id\":\"https:\/\/now-news.de\/de\/#\/schema\/logo\/image\/\"},\"sameAs\":[\"https:\/\/www.facebook.com\/wirmachenauf\",\"https:\/\/x.com\/WirMachenAuf_de\"]},{\"@type\":\"Person\",\"@id\":\"https:\/\/now-news.de\/de\/#\/schema\/person\/fb534a4e865501d8b3285208df34a9b5\",\"name\":\"rtnews\",\"image\":{\"@type\":\"ImageObject\",\"inLanguage\":\"de\",\"@id\":\"https:\/\/now-news.de\/de\/#\/schema\/person\/image\/\",\"url\":\"https:\/\/secure.gravatar.com\/avatar\/82aafea7d8127119dd649515f56e2117?s=96&d=mm&r=g\",\"contentUrl\":\"https:\/\/secure.gravatar.com\/avatar\/82aafea7d8127119dd649515f56e2117?s=96&d=mm&r=g\",\"caption\":\"rtnews\"},\"url\":\"https:\/\/now-news.de\/de\/author\/rnews\/\"}]}<\/script>\n<!-- \/ Yoast SEO Premium plugin. -->","yoast_head_json":{"title":"Prozess wegen homophober \u00c4u\u00dferungen: Anklage sieht Bremer Pastor als schuldig an - just-now.NEWS Deutschland","robots":{"index":"index","follow":"follow","max-snippet":"max-snippet:-1","max-image-preview":"max-image-preview:large","max-video-preview":"max-video-preview:-1"},"canonical":"https:\/\/now-news.de\/de\/deutschland\/prozess-wegen-homophober-aeusserungen-anklage-sieht-bremer-pastor-als-schuldig-an\/","og_locale":"de_DE","og_type":"article","og_title":"Prozess wegen homophober \u00c4u\u00dferungen: Anklage sieht Bremer Pastor als schuldig an","og_description":"In einem Berufungsprozess wegen Volksverhetzung hat die Staatsanwaltschaft erneut einen Schuldspruch gegen den Bremer Pastor Olaf Latzel gefordert. Zwei Verteidiger des evangelischen Geistlichen pl\u00e4dierten dagegen am Montag auf Freispruch. Der konservative Theologe hatte 2019 bei einem Eheseminar abwertende \u00c4u\u00dferungen \u00fcber Homosexuelle und Gendertheorien gemacht, die das Amtsgericht im Jahr 2020 als Volksverhetzung einstufte. In seinem [&hellip;]","og_url":"https:\/\/now-news.de\/de\/deutschland\/prozess-wegen-homophober-aeusserungen-anklage-sieht-bremer-pastor-als-schuldig-an\/","og_site_name":"just-now.NEWS Deutschland","article_publisher":"https:\/\/www.facebook.com\/wirmachenauf","article_published_time":"2022-05-16T15:32:59+00:00","og_image":[{"width":460,"height":258,"url":"https:\/\/now-news.de\/de\/wp-content\/uploads\/sites\/3\/2022\/05\/Prozess-wegen-homophober-Aeusserungen-Anklage-sieht-Bremer-Pastor-als-schuldig.jpg","type":"image\/jpeg"}],"author":"rtnews","twitter_card":"summary_large_image","twitter_creator":"@WirMachenAuf_de","twitter_site":"@WirMachenAuf_de","twitter_misc":{"Verfasst von":"rtnews","Gesch\u00e4tzte Lesezeit":"1\u00a0Minute"},"schema":{"@context":"https:\/\/schema.org","@graph":[{"@type":"Article","@id":"https:\/\/now-news.de\/de\/deutschland\/prozess-wegen-homophober-aeusserungen-anklage-sieht-bremer-pastor-als-schuldig-an\/#article","isPartOf":{"@id":"https:\/\/now-news.de\/de\/deutschland\/prozess-wegen-homophober-aeusserungen-anklage-sieht-bremer-pastor-als-schuldig-an\/"},"author":{"name":"rtnews","@id":"https:\/\/now-news.de\/de\/#\/schema\/person\/fb534a4e865501d8b3285208df34a9b5"},"headline":"Prozess wegen homophober \u00c4u\u00dferungen: Anklage sieht Bremer Pastor als schuldig an","datePublished":"2022-05-16T15:32:59+00:00","dateModified":"2022-05-16T15:32:59+00:00","mainEntityOfPage":{"@id":"https:\/\/now-news.de\/de\/deutschland\/prozess-wegen-homophober-aeusserungen-anklage-sieht-bremer-pastor-als-schuldig-an\/"},"wordCount":192,"commentCount":0,"publisher":{"@id":"https:\/\/now-news.de\/de\/#organization"},"image":{"@id":"https:\/\/now-news.de\/de\/deutschland\/prozess-wegen-homophober-aeusserungen-anklage-sieht-bremer-pastor-als-schuldig-an\/#primaryimage"},"thumbnailUrl":"https:\/\/now-news.de\/de\/wp-content\/uploads\/sites\/3\/2022\/05\/Prozess-wegen-homophober-Aeusserungen-Anklage-sieht-Bremer-Pastor-als-schuldig.jpg","keywords":["als","Anklage","\u00c4u\u00dferungen","Bremer","homophober","Pastor","Prozess","schuldig","sieht","wegen"],"articleSection":["Deutschland","Russland"],"inLanguage":"de","potentialAction":[{"@type":"CommentAction","name":"Comment","target":["https:\/\/now-news.de\/de\/deutschland\/prozess-wegen-homophober-aeusserungen-anklage-sieht-bremer-pastor-als-schuldig-an\/#respond"]}]},{"@type":"WebPage","@id":"https:\/\/now-news.de\/de\/deutschland\/prozess-wegen-homophober-aeusserungen-anklage-sieht-bremer-pastor-als-schuldig-an\/","url":"https:\/\/now-news.de\/de\/deutschland\/prozess-wegen-homophober-aeusserungen-anklage-sieht-bremer-pastor-als-schuldig-an\/","name":"Prozess wegen homophober \u00c4u\u00dferungen: Anklage sieht Bremer Pastor als schuldig an - just-now.NEWS Deutschland","isPartOf":{"@id":"https:\/\/now-news.de\/de\/#website"},"primaryImageOfPage":{"@id":"https:\/\/now-news.de\/de\/deutschland\/prozess-wegen-homophober-aeusserungen-anklage-sieht-bremer-pastor-als-schuldig-an\/#primaryimage"},"image":{"@id":"https:\/\/now-news.de\/de\/deutschland\/prozess-wegen-homophober-aeusserungen-anklage-sieht-bremer-pastor-als-schuldig-an\/#primaryimage"},"thumbnailUrl":"https:\/\/now-news.de\/de\/wp-content\/uploads\/sites\/3\/2022\/05\/Prozess-wegen-homophober-Aeusserungen-Anklage-sieht-Bremer-Pastor-als-schuldig.jpg","datePublished":"2022-05-16T15:32:59+00:00","dateModified":"2022-05-16T15:32:59+00:00","breadcrumb":{"@id":"https:\/\/now-news.de\/de\/deutschland\/prozess-wegen-homophober-aeusserungen-anklage-sieht-bremer-pastor-als-schuldig-an\/#breadcrumb"},"inLanguage":"de","potentialAction":[{"@type":"ReadAction","target":["https:\/\/now-news.de\/de\/deutschland\/prozess-wegen-homophober-aeusserungen-anklage-sieht-bremer-pastor-als-schuldig-an\/"]}]},{"@type":"ImageObject","inLanguage":"de","@id":"https:\/\/now-news.de\/de\/deutschland\/prozess-wegen-homophober-aeusserungen-anklage-sieht-bremer-pastor-als-schuldig-an\/#primaryimage","url":"https:\/\/now-news.de\/de\/wp-content\/uploads\/sites\/3\/2022\/05\/Prozess-wegen-homophober-Aeusserungen-Anklage-sieht-Bremer-Pastor-als-schuldig.jpg","contentUrl":"https:\/\/now-news.de\/de\/wp-content\/uploads\/sites\/3\/2022\/05\/Prozess-wegen-homophober-Aeusserungen-Anklage-sieht-Bremer-Pastor-als-schuldig.jpg","width":460,"height":258,"caption":"Staatlicher Zuspruch, Homophobie und Gewalt im Umfeld des CSD in Berlin"},{"@type":"BreadcrumbList","@id":"https:\/\/now-news.de\/de\/deutschland\/prozess-wegen-homophober-aeusserungen-anklage-sieht-bremer-pastor-als-schuldig-an\/#breadcrumb","itemListElement":[{"@type":"ListItem","position":1,"name":"Home","item":"https:\/\/now-news.de\/de\/"},{"@type":"ListItem","position":2,"name":"Prozess wegen homophober \u00c4u\u00dferungen: Anklage sieht Bremer Pastor als schuldig an"}]},{"@type":"WebSite","@id":"https:\/\/now-news.de\/de\/#website","url":"https:\/\/now-news.de\/de\/","name":"just-now.NEWS Deutschland","description":"Das Portal f\u00fcr unzensierte Nachrichten aus der Welt","publisher":{"@id":"https:\/\/now-news.de\/de\/#organization"},"potentialAction":[{"@type":"SearchAction","target":{"@type":"EntryPoint","urlTemplate":"https:\/\/now-news.de\/de\/?s={search_term_string}"},"query-input":"required name=search_term_string"}],"inLanguage":"de"},{"@type":"Organization","@id":"https:\/\/now-news.de\/de\/#organization","name":"Just Now News","url":"https:\/\/now-news.de\/de\/","logo":{"@type":"ImageObject","inLanguage":"de","@id":"https:\/\/now-news.de\/de\/#\/schema\/logo\/image\/","url":"http:\/\/just-now.news\/de\/wp-content\/uploads\/sites\/3\/2022\/04\/logo500x500.jpg","contentUrl":"http:\/\/just-now.news\/de\/wp-content\/uploads\/sites\/3\/2022\/04\/logo500x500.jpg","width":500,"height":500,"caption":"Just Now News"},"image":{"@id":"https:\/\/now-news.de\/de\/#\/schema\/logo\/image\/"},"sameAs":["https:\/\/www.facebook.com\/wirmachenauf","https:\/\/x.com\/WirMachenAuf_de"]},{"@type":"Person","@id":"https:\/\/now-news.de\/de\/#\/schema\/person\/fb534a4e865501d8b3285208df34a9b5","name":"rtnews","image":{"@type":"ImageObject","inLanguage":"de","@id":"https:\/\/now-news.de\/de\/#\/schema\/person\/image\/","url":"https:\/\/secure.gravatar.com\/avatar\/82aafea7d8127119dd649515f56e2117?s=96&d=mm&r=g","contentUrl":"https:\/\/secure.gravatar.com\/avatar\/82aafea7d8127119dd649515f56e2117?s=96&d=mm&r=g","caption":"rtnews"},"url":"https:\/\/now-news.de\/de\/author\/rnews\/"}]}},"_links":{"self":[{"href":"https:\/\/now-news.de\/de\/wp-json\/wp\/v2\/posts\/7938"}],"collection":[{"href":"https:\/\/now-news.de\/de\/wp-json\/wp\/v2\/posts"}],"about":[{"href":"https:\/\/now-news.de\/de\/wp-json\/wp\/v2\/types\/post"}],"author":[{"embeddable":true,"href":"https:\/\/now-news.de\/de\/wp-json\/wp\/v2\/users\/3"}],"replies":[{"embeddable":true,"href":"https:\/\/now-news.de\/de\/wp-json\/wp\/v2\/comments?post=7938"}],"version-history":[{"count":0,"href":"https:\/\/now-news.de\/de\/wp-json\/wp\/v2\/posts\/7938\/revisions"}],"wp:featuredmedia":[{"embeddable":true,"href":"https:\/\/now-news.de\/de\/wp-json\/wp\/v2\/media\/7939"}],"wp:attachment":[{"href":"https:\/\/now-news.de\/de\/wp-json\/wp\/v2\/media?parent=7938"}],"wp:term":[{"taxonomy":"category","embeddable":true,"href":"https:\/\/now-news.de\/de\/wp-json\/wp\/v2\/categories?post=7938"},{"taxonomy":"post_tag","embeddable":true,"href":"https:\/\/now-news.de\/de\/wp-json\/wp\/v2\/tags?post=7938"}],"curies":[{"name":"wp","href":"https:\/\/api.w.org\/{rel}","templated":true}]}}