{"id":79350,"date":"2025-02-27T18:40:24","date_gmt":"2025-02-27T16:40:24","guid":{"rendered":"https:\/\/now-news.de\/de\/deutschland\/verleumdeter-gruenen-politiker-gelbhaar-fordert-vom-rbb-bis-zu-eine-million-schadensersatz\/"},"modified":"2025-02-27T18:40:24","modified_gmt":"2025-02-27T16:40:24","slug":"verleumdeter-gruenen-politiker-gelbhaar-fordert-vom-rbb-bis-zu-eine-million-schadensersatz","status":"publish","type":"post","link":"https:\/\/now-news.de\/de\/deutschland\/verleumdeter-gruenen-politiker-gelbhaar-fordert-vom-rbb-bis-zu-eine-million-schadensersatz\/","title":{"rendered":"Verleumdeter Gr\u00fcnen-Politiker Gelbhaar fordert vom RBB bis zu eine Million Schadensersatz"},"content":{"rendered":"<p><img decoding=\"async\" src=\"https:\/\/now-news.de\/de\/wp-content\/uploads\/sites\/3\/2025\/02\/67c0661c48fbef2d08143074.jpeg\" \/><\/p>\n<div class=\"Text-root Text-type_1 \">\n                Wegen Bel\u00e4stigungsvorw\u00fcrfen hat der Berliner Ex-Bundestagsabgeordnete der Gr\u00fcnen Stefan Gelbhaar seine Direktkandidatur f\u00fcr die Neuwahl verloren. Multiplikator der Verleumdung war der Sender RBB. Nun will Gelbhaar den Sender wegen &#8220;schwerer journalistischer Fehler&#8221; sp\u00fcrbar verklagen.\n            <\/div>\n<p><\/p>\n<div class=\"Text-root Text-type_5 ArticleView-text ViewText-root \">\n<p>Der Berliner Gr\u00fcnen-Politiker Stefan Gelbhaar hat Mitte Januar wegen der Anschuldigungen \u00fcber angebliche Bel\u00e4stigung sein Mandat f\u00fcr den Bundestag verloren. Von der Causa profitierte im Wahlkampf der Manager von Robert Habeck, Andreas Audretsch aus Berlin-Neuk\u00f6lln, der aufgrund des Ausscheidens von Gelbhaar auf dessen Listenplatz\u00a02 aufr\u00fcckte. Die Karriere Gelbhaars fand durch den Vorfall ein promptes Ende. Der Sender <em>RBB<\/em> gl\u00e4nze dabei parallel in der Berichterstattung zur Causa mit groben Fehlern in den Inhalten der Darstellung. Dies k\u00f6nnte nun teuer werden.<\/p>\n<p>Laut <a rel=\"nofollow noopener\" target=\"_blank\" href=\"https:\/\/www.businessinsider.de\/politik\/deutschland\/gelbhaar-politiker-fordert-rbb-hohen-schadensersatz\/\">Informationen<\/a> des Portals <em>Business Insider\u00a0<\/em>erw\u00e4gt der geschasste Gelbhaar, gegen den Sender juristisch vorzugehen. Dazu hei\u00dft es:<\/p>\n<p><em>&#8220;Der \u00f6ffentlich-rechtliche Sender hatte Ende Dezember einen Bericht mit Vorw\u00fcrfen von Frauen gegen Gelbhaar gesendet, die sich hinterher als gef\u00e4lscht herausstellten.\u00a0Jetzt will er wenigstens einen Teil des Schadens wiedergutgemacht bekommen.&#8221;<\/em><\/p>\n<p>Dem Portal liegt demnach ein Schreiben des Politikers vor, laut dem dieser \u00fcber seinen Anwalt &#8220;eine hohe sechsstellige Summe&#8221; als finanzielle Wiedergutmachung\u00a0f\u00fcr die erlittene\u00a0Verleumdung einfordern will. Zu den Details hei\u00dft es:<\/p>\n<p><em>&#8220;Davon sollen allein 500.000\u00a0Euro als Wiedergutmachung sein, der Rest entgangene Di\u00e4ten als Bundestagsabgeordneter f\u00fcr die n\u00e4chste Legislaturperiode. W\u00e4re Gelbhaar angetreten, so die Argumentation, w\u00e4re er allein schon \u00fcber die Landesliste sicher in den Bundestag eingezogen.&#8221;<\/em><\/p>\n<p>Zu den Verkn\u00fcpfungen der gr\u00fcnen Hauptakteurin und dem Sender berichtete<em> RT\u00a0DE <\/em>in einem <a rel=\"nofollow noopener\" target=\"_blank\" href=\"https:\/\/freedert.online\/inland\/234207-gelbhaar-habeck-skandal-partei-anwaeltin\/\">Artikel<\/a>:<\/p>\n<p><em>&#8220;Die gr\u00fcne Queer-Beauftragte Shirin Kre\u00dfe ist die mutma\u00dfliche wahre Identit\u00e4t des gef\u00e4lschten Opfers &#8216;Anne K.&#8217; und trat nach der Skandalaufdeckung von ihren \u00c4mtern zur\u00fcck und bei den Gr\u00fcnen aus, nachdem bekannt geworden war, dass sie falsche Bel\u00e4stigungsvorw\u00fcrfe gegen Stefan Gelbhaar beim Sender\u00a0RBB\u00a0erhoben hatte.&#8221;<\/em><\/p>\n<p>Im<em> BI-<\/em>Artikel wird dar\u00fcber berichtet, dass den Hintergrund der Forderung Gelbhaars der &#8220;inzwischen zur\u00fcckgezogene Bericht der <em>RBB-Abendschau<\/em>\u00a0von Ende Dezember\u00a02024&#8243; darstellt. Dazu hei\u00dft es:<\/p>\n<p><em>&#8220;Der Sender berief sich dabei unter anderem auf vermeintliche eidesstattliche Versicherungen. Sp\u00e4ter stellte sich heraus, dass der RBB jedoch schwere journalistische Fehler begangen hatte, indem die Redaktion beispielsweise eine vermeintliche Kronzeugin nicht pers\u00f6nlich getroffen hatte und sich die eidesstattliche Versicherung als gef\u00e4lscht herausstellte.&#8221;<\/em><\/p>\n<p>Die\u00a0<em>Zeit<\/em>\u00a0<a rel=\"nofollow noopener\" target=\"_blank\" href=\"https:\/\/www.zeit.de\/politik\/deutschland\/2025-02\/stefan-gelbhaar-schadensersatzforderung-rbb\">titelt<\/a> zu dem Vorgang:<\/p>\n<p><em>&#8220;Stefan Gelbhaar fordert 1,7\u00a0Millionen Euro vom RBB&#8221;<\/em><\/p>\n<p>Diese H\u00f6he der Summe ergebe sich aus der Information:<\/p>\n<p><em>&#8220;Die Anspr\u00fcche auf Geldentsch\u00e4digung und Schadensersatz w\u00fcrden in einem Schreiben des Anwalts des Berliner Politikers erhoben, das der\u00a0Rundfunk Berlin-Brandenburg\u00a0(RBB) erhalten habe, zitiert die Nachrichtenagentur epd den RBB-Sprecher Justus Demmer.&#8221;<\/em><\/p>\n<p>Dem <em>Evangelischen Pressedienst<\/em> (<em>epd<\/em>)\u00a0teilte Demmer demnach mit, der Sender &#8220;weise die H\u00f6he der Summe als unangemessen zur\u00fcck&#8221;, da Gelbhaar demnach &#8220;anders als vielfach dargestellt&#8221; bereits zum\u00a0Zeitpunkt der monierten Berichterstattung &#8220;auf einen Platz auf der Landesliste der Gr\u00fcnen f\u00fcr den Bundestag verzichtet hatte&#8221;.<\/p>\n<p>Der <em>RBB<\/em>\u00a0hatte zwischenzeitlich &#8220;schwerwiegende Fehler&#8221; bei der Berichterstattung \u00fcber Bel\u00e4stigungsvorw\u00fcrfe gegen den Gr\u00fcnen-Politiker einger\u00e4umt.\u00a0Am Mittwochabend tagte der Rundfunkrat\u00a0des\u00a0<em>RBB<\/em>. Dabei wurde laut <em>Business Insider<\/em> &#8220;auch die Frage nach einem m\u00f6glichen Schadensersatz an Gelbhaar gestellt&#8221;.<\/p>\n<p><strong>Mehr zum Thema \u2013\u00a0<\/strong><a rel=\"nofollow noopener\" target=\"_blank\" href=\"https:\/\/freedert.online\/meinung\/237090-robert-habeck-unfehlbare-messias-dekadenten\/\">Robert Habeck \u2012 Der unfehlbare Messias einer dekadenten westdeutschen Wohlstandsgesellschaft<\/a><\/p>\n<div class=\"EmbedBlock-root EmbedBlock-externalVideo EmbedBlock-rumble\">\n<div class=\"VkEmbed\"><iframe class=\"lazyload\" data-src=\"https:\/\/rumble.com\/embed\/v6mg2z3\" frameborder=\"0\" width=\"853\" height=\"480\" allowfullscreen><\/iframe><\/div>\n<\/div>\n<\/div>\n<p><br \/>\n<br \/><a href=\"https:\/\/de.rt.com\/inland\/238174-verleumdeter-gruenen-politiker-gelbhaar-fordert-vom-rbb-eine-million-schadensersatz\/\">Source link <\/a><\/p>\n","protected":false},"excerpt":{"rendered":"<p>Wegen Bel\u00e4stigungsvorw\u00fcrfen hat der Berliner Ex-Bundestagsabgeordnete der Gr\u00fcnen Stefan Gelbhaar seine Direktkandidatur f\u00fcr die Neuwahl verloren. Multiplikator der Verleumdung war der Sender RBB. Nun will Gelbhaar den Sender wegen &#8220;schwerer journalistischer Fehler&#8221; sp\u00fcrbar verklagen. Der Berliner Gr\u00fcnen-Politiker Stefan Gelbhaar hat Mitte Januar wegen der Anschuldigungen \u00fcber angebliche Bel\u00e4stigung sein Mandat f\u00fcr den Bundestag verloren. Von [&hellip;]<\/p>\n","protected":false},"author":3,"featured_media":79351,"comment_status":"open","ping_status":"open","sticky":false,"template":"","format":"standard","meta":{"_yoast_indexnow_last_ping":["1740679220"],"wp_automatic_camp":["217"],"92a280493b244f9ec461883eaedbdf4c":["Verleumdeter Gr\u00fcnen-Politiker Gelbhaar fordert vom RBB bis zu eine Million Schadensersatz"],"original_link":["https:\/\/de.rt.com\/inland\/238174-verleumdeter-gruenen-politiker-gelbhaar-fordert-vom-rbb-eine-million-schadensersatz\/"],"jnews_social_counter_last_update":["1777282487"],"_thumbnail_id":["79351"],"_wptgpro_p2tg_sent2tg":["a:1:{i:23737;s:19:\"2025-02-27 20:01:22\";}"]},"categories":[19,23],"tags":[843,275,355,62049,20706,11583,30626,22789,63076,1010],"yoast_head":"<!-- This site is optimized with the Yoast SEO Premium plugin v22.7 (Yoast SEO v22.7) - https:\/\/yoast.com\/wordpress\/plugins\/seo\/ -->\n<title>Verleumdeter Gr\u00fcnen-Politiker Gelbhaar fordert vom RBB bis zu eine Million Schadensersatz - just-now.NEWS Deutschland<\/title>\n<meta name=\"robots\" content=\"index, follow, max-snippet:-1, max-image-preview:large, max-video-preview:-1\" \/>\n<link rel=\"canonical\" href=\"https:\/\/now-news.de\/de\/deutschland\/verleumdeter-gruenen-politiker-gelbhaar-fordert-vom-rbb-bis-zu-eine-million-schadensersatz\/\" \/>\n<meta property=\"og:locale\" content=\"de_DE\" \/>\n<meta property=\"og:type\" content=\"article\" \/>\n<meta property=\"og:title\" content=\"Verleumdeter Gr\u00fcnen-Politiker Gelbhaar fordert vom RBB bis zu eine Million Schadensersatz\" \/>\n<meta property=\"og:description\" content=\"Wegen Bel\u00e4stigungsvorw\u00fcrfen hat der Berliner Ex-Bundestagsabgeordnete der Gr\u00fcnen Stefan Gelbhaar seine Direktkandidatur f\u00fcr die Neuwahl verloren. Multiplikator der Verleumdung war der Sender RBB. Nun will Gelbhaar den Sender wegen &#8220;schwerer journalistischer Fehler&#8221; sp\u00fcrbar verklagen. Der Berliner Gr\u00fcnen-Politiker Stefan Gelbhaar hat Mitte Januar wegen der Anschuldigungen \u00fcber angebliche Bel\u00e4stigung sein Mandat f\u00fcr den Bundestag verloren. Von [&hellip;]\" \/>\n<meta property=\"og:url\" content=\"https:\/\/now-news.de\/de\/deutschland\/verleumdeter-gruenen-politiker-gelbhaar-fordert-vom-rbb-bis-zu-eine-million-schadensersatz\/\" \/>\n<meta property=\"og:site_name\" content=\"just-now.NEWS Deutschland\" \/>\n<meta property=\"article:publisher\" content=\"https:\/\/www.facebook.com\/wirmachenauf\" \/>\n<meta property=\"article:published_time\" content=\"2025-02-27T16:40:24+00:00\" \/>\n<meta property=\"og:image\" content=\"https:\/\/now-news.de\/de\/wp-content\/uploads\/sites\/3\/2025\/02\/67c0661c48fbef2d08143074.jpeg\" \/>\n<meta name=\"author\" content=\"rtnews\" \/>\n<meta name=\"twitter:card\" content=\"summary_large_image\" \/>\n<meta name=\"twitter:creator\" content=\"@WirMachenAuf_de\" \/>\n<meta name=\"twitter:site\" content=\"@WirMachenAuf_de\" \/>\n<meta name=\"twitter:label1\" content=\"Verfasst von\" \/>\n\t<meta name=\"twitter:data1\" content=\"rtnews\" \/>\n\t<meta name=\"twitter:label2\" content=\"Gesch\u00e4tzte Lesezeit\" \/>\n\t<meta name=\"twitter:data2\" content=\"3\u00a0Minuten\" \/>\n<script type=\"application\/ld+json\" class=\"yoast-schema-graph\">{\"@context\":\"https:\/\/schema.org\",\"@graph\":[{\"@type\":\"Article\",\"@id\":\"https:\/\/now-news.de\/de\/deutschland\/verleumdeter-gruenen-politiker-gelbhaar-fordert-vom-rbb-bis-zu-eine-million-schadensersatz\/#article\",\"isPartOf\":{\"@id\":\"https:\/\/now-news.de\/de\/deutschland\/verleumdeter-gruenen-politiker-gelbhaar-fordert-vom-rbb-bis-zu-eine-million-schadensersatz\/\"},\"author\":{\"name\":\"rtnews\",\"@id\":\"https:\/\/now-news.de\/de\/#\/schema\/person\/fb534a4e865501d8b3285208df34a9b5\"},\"headline\":\"Verleumdeter Gr\u00fcnen-Politiker Gelbhaar fordert vom RBB bis zu eine Million Schadensersatz\",\"datePublished\":\"2025-02-27T16:40:24+00:00\",\"dateModified\":\"2025-02-27T16:40:24+00:00\",\"mainEntityOfPage\":{\"@id\":\"https:\/\/now-news.de\/de\/deutschland\/verleumdeter-gruenen-politiker-gelbhaar-fordert-vom-rbb-bis-zu-eine-million-schadensersatz\/\"},\"wordCount\":571,\"commentCount\":0,\"publisher\":{\"@id\":\"https:\/\/now-news.de\/de\/#organization\"},\"image\":{\"@id\":\"https:\/\/now-news.de\/de\/deutschland\/verleumdeter-gruenen-politiker-gelbhaar-fordert-vom-rbb-bis-zu-eine-million-schadensersatz\/#primaryimage\"},\"thumbnailUrl\":\"https:\/\/now-news.de\/de\/wp-content\/uploads\/sites\/3\/2025\/02\/Verleumdeter-Gruenen-Politiker-Gelbhaar-fordert-vom-RBB-bis-zu-eine-Million.jpeg\",\"keywords\":[\"bis\",\"eine\",\"fordert\",\"Gelbhaar\",\"Gr\u00fcnenPolitiker\",\"MILLION\",\"RBB\",\"Schadensersatz\",\"Verleumdeter\",\"vom\"],\"articleSection\":[\"Deutschland\",\"Russland\"],\"inLanguage\":\"de\",\"potentialAction\":[{\"@type\":\"CommentAction\",\"name\":\"Comment\",\"target\":[\"https:\/\/now-news.de\/de\/deutschland\/verleumdeter-gruenen-politiker-gelbhaar-fordert-vom-rbb-bis-zu-eine-million-schadensersatz\/#respond\"]}]},{\"@type\":\"WebPage\",\"@id\":\"https:\/\/now-news.de\/de\/deutschland\/verleumdeter-gruenen-politiker-gelbhaar-fordert-vom-rbb-bis-zu-eine-million-schadensersatz\/\",\"url\":\"https:\/\/now-news.de\/de\/deutschland\/verleumdeter-gruenen-politiker-gelbhaar-fordert-vom-rbb-bis-zu-eine-million-schadensersatz\/\",\"name\":\"Verleumdeter Gr\u00fcnen-Politiker Gelbhaar fordert vom RBB bis zu eine Million Schadensersatz - just-now.NEWS Deutschland\",\"isPartOf\":{\"@id\":\"https:\/\/now-news.de\/de\/#website\"},\"primaryImageOfPage\":{\"@id\":\"https:\/\/now-news.de\/de\/deutschland\/verleumdeter-gruenen-politiker-gelbhaar-fordert-vom-rbb-bis-zu-eine-million-schadensersatz\/#primaryimage\"},\"image\":{\"@id\":\"https:\/\/now-news.de\/de\/deutschland\/verleumdeter-gruenen-politiker-gelbhaar-fordert-vom-rbb-bis-zu-eine-million-schadensersatz\/#primaryimage\"},\"thumbnailUrl\":\"https:\/\/now-news.de\/de\/wp-content\/uploads\/sites\/3\/2025\/02\/Verleumdeter-Gruenen-Politiker-Gelbhaar-fordert-vom-RBB-bis-zu-eine-Million.jpeg\",\"datePublished\":\"2025-02-27T16:40:24+00:00\",\"dateModified\":\"2025-02-27T16:40:24+00:00\",\"breadcrumb\":{\"@id\":\"https:\/\/now-news.de\/de\/deutschland\/verleumdeter-gruenen-politiker-gelbhaar-fordert-vom-rbb-bis-zu-eine-million-schadensersatz\/#breadcrumb\"},\"inLanguage\":\"de\",\"potentialAction\":[{\"@type\":\"ReadAction\",\"target\":[\"https:\/\/now-news.de\/de\/deutschland\/verleumdeter-gruenen-politiker-gelbhaar-fordert-vom-rbb-bis-zu-eine-million-schadensersatz\/\"]}]},{\"@type\":\"ImageObject\",\"inLanguage\":\"de\",\"@id\":\"https:\/\/now-news.de\/de\/deutschland\/verleumdeter-gruenen-politiker-gelbhaar-fordert-vom-rbb-bis-zu-eine-million-schadensersatz\/#primaryimage\",\"url\":\"https:\/\/now-news.de\/de\/wp-content\/uploads\/sites\/3\/2025\/02\/Verleumdeter-Gruenen-Politiker-Gelbhaar-fordert-vom-RBB-bis-zu-eine-Million.jpeg\",\"contentUrl\":\"https:\/\/now-news.de\/de\/wp-content\/uploads\/sites\/3\/2025\/02\/Verleumdeter-Gruenen-Politiker-Gelbhaar-fordert-vom-RBB-bis-zu-eine-Million.jpeg\",\"width\":460,\"height\":259,\"caption\":\"Verleumdeter Gr\u00fcnen-Politiker Gelbhaar fordert vom RBB bis zu eine Million Schadensersatz\"},{\"@type\":\"BreadcrumbList\",\"@id\":\"https:\/\/now-news.de\/de\/deutschland\/verleumdeter-gruenen-politiker-gelbhaar-fordert-vom-rbb-bis-zu-eine-million-schadensersatz\/#breadcrumb\",\"itemListElement\":[{\"@type\":\"ListItem\",\"position\":1,\"name\":\"Home\",\"item\":\"https:\/\/now-news.de\/de\/\"},{\"@type\":\"ListItem\",\"position\":2,\"name\":\"Verleumdeter Gr\u00fcnen-Politiker Gelbhaar fordert vom RBB bis zu eine Million Schadensersatz\"}]},{\"@type\":\"WebSite\",\"@id\":\"https:\/\/now-news.de\/de\/#website\",\"url\":\"https:\/\/now-news.de\/de\/\",\"name\":\"just-now.NEWS Deutschland\",\"description\":\"Das Portal f\u00fcr unzensierte Nachrichten aus der Welt\",\"publisher\":{\"@id\":\"https:\/\/now-news.de\/de\/#organization\"},\"potentialAction\":[{\"@type\":\"SearchAction\",\"target\":{\"@type\":\"EntryPoint\",\"urlTemplate\":\"https:\/\/now-news.de\/de\/?s={search_term_string}\"},\"query-input\":\"required name=search_term_string\"}],\"inLanguage\":\"de\"},{\"@type\":\"Organization\",\"@id\":\"https:\/\/now-news.de\/de\/#organization\",\"name\":\"Just Now News\",\"url\":\"https:\/\/now-news.de\/de\/\",\"logo\":{\"@type\":\"ImageObject\",\"inLanguage\":\"de\",\"@id\":\"https:\/\/now-news.de\/de\/#\/schema\/logo\/image\/\",\"url\":\"http:\/\/just-now.news\/de\/wp-content\/uploads\/sites\/3\/2022\/04\/logo500x500.jpg\",\"contentUrl\":\"http:\/\/just-now.news\/de\/wp-content\/uploads\/sites\/3\/2022\/04\/logo500x500.jpg\",\"width\":500,\"height\":500,\"caption\":\"Just Now News\"},\"image\":{\"@id\":\"https:\/\/now-news.de\/de\/#\/schema\/logo\/image\/\"},\"sameAs\":[\"https:\/\/www.facebook.com\/wirmachenauf\",\"https:\/\/x.com\/WirMachenAuf_de\"]},{\"@type\":\"Person\",\"@id\":\"https:\/\/now-news.de\/de\/#\/schema\/person\/fb534a4e865501d8b3285208df34a9b5\",\"name\":\"rtnews\",\"image\":{\"@type\":\"ImageObject\",\"inLanguage\":\"de\",\"@id\":\"https:\/\/now-news.de\/de\/#\/schema\/person\/image\/\",\"url\":\"https:\/\/secure.gravatar.com\/avatar\/82aafea7d8127119dd649515f56e2117?s=96&d=mm&r=g\",\"contentUrl\":\"https:\/\/secure.gravatar.com\/avatar\/82aafea7d8127119dd649515f56e2117?s=96&d=mm&r=g\",\"caption\":\"rtnews\"},\"url\":\"https:\/\/now-news.de\/de\/author\/rnews\/\"}]}<\/script>\n<!-- \/ Yoast SEO Premium plugin. -->","yoast_head_json":{"title":"Verleumdeter Gr\u00fcnen-Politiker Gelbhaar fordert vom RBB bis zu eine Million Schadensersatz - just-now.NEWS Deutschland","robots":{"index":"index","follow":"follow","max-snippet":"max-snippet:-1","max-image-preview":"max-image-preview:large","max-video-preview":"max-video-preview:-1"},"canonical":"https:\/\/now-news.de\/de\/deutschland\/verleumdeter-gruenen-politiker-gelbhaar-fordert-vom-rbb-bis-zu-eine-million-schadensersatz\/","og_locale":"de_DE","og_type":"article","og_title":"Verleumdeter Gr\u00fcnen-Politiker Gelbhaar fordert vom RBB bis zu eine Million Schadensersatz","og_description":"Wegen Bel\u00e4stigungsvorw\u00fcrfen hat der Berliner Ex-Bundestagsabgeordnete der Gr\u00fcnen Stefan Gelbhaar seine Direktkandidatur f\u00fcr die Neuwahl verloren. Multiplikator der Verleumdung war der Sender RBB. Nun will Gelbhaar den Sender wegen &#8220;schwerer journalistischer Fehler&#8221; sp\u00fcrbar verklagen. Der Berliner Gr\u00fcnen-Politiker Stefan Gelbhaar hat Mitte Januar wegen der Anschuldigungen \u00fcber angebliche Bel\u00e4stigung sein Mandat f\u00fcr den Bundestag verloren. Von [&hellip;]","og_url":"https:\/\/now-news.de\/de\/deutschland\/verleumdeter-gruenen-politiker-gelbhaar-fordert-vom-rbb-bis-zu-eine-million-schadensersatz\/","og_site_name":"just-now.NEWS Deutschland","article_publisher":"https:\/\/www.facebook.com\/wirmachenauf","article_published_time":"2025-02-27T16:40:24+00:00","og_image":[{"url":"https:\/\/now-news.de\/de\/wp-content\/uploads\/sites\/3\/2025\/02\/67c0661c48fbef2d08143074.jpeg"}],"author":"rtnews","twitter_card":"summary_large_image","twitter_creator":"@WirMachenAuf_de","twitter_site":"@WirMachenAuf_de","twitter_misc":{"Verfasst von":"rtnews","Gesch\u00e4tzte Lesezeit":"3\u00a0Minuten"},"schema":{"@context":"https:\/\/schema.org","@graph":[{"@type":"Article","@id":"https:\/\/now-news.de\/de\/deutschland\/verleumdeter-gruenen-politiker-gelbhaar-fordert-vom-rbb-bis-zu-eine-million-schadensersatz\/#article","isPartOf":{"@id":"https:\/\/now-news.de\/de\/deutschland\/verleumdeter-gruenen-politiker-gelbhaar-fordert-vom-rbb-bis-zu-eine-million-schadensersatz\/"},"author":{"name":"rtnews","@id":"https:\/\/now-news.de\/de\/#\/schema\/person\/fb534a4e865501d8b3285208df34a9b5"},"headline":"Verleumdeter Gr\u00fcnen-Politiker Gelbhaar fordert vom RBB bis zu eine Million Schadensersatz","datePublished":"2025-02-27T16:40:24+00:00","dateModified":"2025-02-27T16:40:24+00:00","mainEntityOfPage":{"@id":"https:\/\/now-news.de\/de\/deutschland\/verleumdeter-gruenen-politiker-gelbhaar-fordert-vom-rbb-bis-zu-eine-million-schadensersatz\/"},"wordCount":571,"commentCount":0,"publisher":{"@id":"https:\/\/now-news.de\/de\/#organization"},"image":{"@id":"https:\/\/now-news.de\/de\/deutschland\/verleumdeter-gruenen-politiker-gelbhaar-fordert-vom-rbb-bis-zu-eine-million-schadensersatz\/#primaryimage"},"thumbnailUrl":"https:\/\/now-news.de\/de\/wp-content\/uploads\/sites\/3\/2025\/02\/Verleumdeter-Gruenen-Politiker-Gelbhaar-fordert-vom-RBB-bis-zu-eine-Million.jpeg","keywords":["bis","eine","fordert","Gelbhaar","Gr\u00fcnenPolitiker","MILLION","RBB","Schadensersatz","Verleumdeter","vom"],"articleSection":["Deutschland","Russland"],"inLanguage":"de","potentialAction":[{"@type":"CommentAction","name":"Comment","target":["https:\/\/now-news.de\/de\/deutschland\/verleumdeter-gruenen-politiker-gelbhaar-fordert-vom-rbb-bis-zu-eine-million-schadensersatz\/#respond"]}]},{"@type":"WebPage","@id":"https:\/\/now-news.de\/de\/deutschland\/verleumdeter-gruenen-politiker-gelbhaar-fordert-vom-rbb-bis-zu-eine-million-schadensersatz\/","url":"https:\/\/now-news.de\/de\/deutschland\/verleumdeter-gruenen-politiker-gelbhaar-fordert-vom-rbb-bis-zu-eine-million-schadensersatz\/","name":"Verleumdeter Gr\u00fcnen-Politiker Gelbhaar fordert vom RBB bis zu eine Million Schadensersatz - just-now.NEWS Deutschland","isPartOf":{"@id":"https:\/\/now-news.de\/de\/#website"},"primaryImageOfPage":{"@id":"https:\/\/now-news.de\/de\/deutschland\/verleumdeter-gruenen-politiker-gelbhaar-fordert-vom-rbb-bis-zu-eine-million-schadensersatz\/#primaryimage"},"image":{"@id":"https:\/\/now-news.de\/de\/deutschland\/verleumdeter-gruenen-politiker-gelbhaar-fordert-vom-rbb-bis-zu-eine-million-schadensersatz\/#primaryimage"},"thumbnailUrl":"https:\/\/now-news.de\/de\/wp-content\/uploads\/sites\/3\/2025\/02\/Verleumdeter-Gruenen-Politiker-Gelbhaar-fordert-vom-RBB-bis-zu-eine-Million.jpeg","datePublished":"2025-02-27T16:40:24+00:00","dateModified":"2025-02-27T16:40:24+00:00","breadcrumb":{"@id":"https:\/\/now-news.de\/de\/deutschland\/verleumdeter-gruenen-politiker-gelbhaar-fordert-vom-rbb-bis-zu-eine-million-schadensersatz\/#breadcrumb"},"inLanguage":"de","potentialAction":[{"@type":"ReadAction","target":["https:\/\/now-news.de\/de\/deutschland\/verleumdeter-gruenen-politiker-gelbhaar-fordert-vom-rbb-bis-zu-eine-million-schadensersatz\/"]}]},{"@type":"ImageObject","inLanguage":"de","@id":"https:\/\/now-news.de\/de\/deutschland\/verleumdeter-gruenen-politiker-gelbhaar-fordert-vom-rbb-bis-zu-eine-million-schadensersatz\/#primaryimage","url":"https:\/\/now-news.de\/de\/wp-content\/uploads\/sites\/3\/2025\/02\/Verleumdeter-Gruenen-Politiker-Gelbhaar-fordert-vom-RBB-bis-zu-eine-Million.jpeg","contentUrl":"https:\/\/now-news.de\/de\/wp-content\/uploads\/sites\/3\/2025\/02\/Verleumdeter-Gruenen-Politiker-Gelbhaar-fordert-vom-RBB-bis-zu-eine-Million.jpeg","width":460,"height":259,"caption":"Verleumdeter Gr\u00fcnen-Politiker Gelbhaar fordert vom RBB bis zu eine Million Schadensersatz"},{"@type":"BreadcrumbList","@id":"https:\/\/now-news.de\/de\/deutschland\/verleumdeter-gruenen-politiker-gelbhaar-fordert-vom-rbb-bis-zu-eine-million-schadensersatz\/#breadcrumb","itemListElement":[{"@type":"ListItem","position":1,"name":"Home","item":"https:\/\/now-news.de\/de\/"},{"@type":"ListItem","position":2,"name":"Verleumdeter Gr\u00fcnen-Politiker Gelbhaar fordert vom RBB bis zu eine Million Schadensersatz"}]},{"@type":"WebSite","@id":"https:\/\/now-news.de\/de\/#website","url":"https:\/\/now-news.de\/de\/","name":"just-now.NEWS Deutschland","description":"Das Portal f\u00fcr unzensierte Nachrichten aus der Welt","publisher":{"@id":"https:\/\/now-news.de\/de\/#organization"},"potentialAction":[{"@type":"SearchAction","target":{"@type":"EntryPoint","urlTemplate":"https:\/\/now-news.de\/de\/?s={search_term_string}"},"query-input":"required name=search_term_string"}],"inLanguage":"de"},{"@type":"Organization","@id":"https:\/\/now-news.de\/de\/#organization","name":"Just Now News","url":"https:\/\/now-news.de\/de\/","logo":{"@type":"ImageObject","inLanguage":"de","@id":"https:\/\/now-news.de\/de\/#\/schema\/logo\/image\/","url":"http:\/\/just-now.news\/de\/wp-content\/uploads\/sites\/3\/2022\/04\/logo500x500.jpg","contentUrl":"http:\/\/just-now.news\/de\/wp-content\/uploads\/sites\/3\/2022\/04\/logo500x500.jpg","width":500,"height":500,"caption":"Just Now News"},"image":{"@id":"https:\/\/now-news.de\/de\/#\/schema\/logo\/image\/"},"sameAs":["https:\/\/www.facebook.com\/wirmachenauf","https:\/\/x.com\/WirMachenAuf_de"]},{"@type":"Person","@id":"https:\/\/now-news.de\/de\/#\/schema\/person\/fb534a4e865501d8b3285208df34a9b5","name":"rtnews","image":{"@type":"ImageObject","inLanguage":"de","@id":"https:\/\/now-news.de\/de\/#\/schema\/person\/image\/","url":"https:\/\/secure.gravatar.com\/avatar\/82aafea7d8127119dd649515f56e2117?s=96&d=mm&r=g","contentUrl":"https:\/\/secure.gravatar.com\/avatar\/82aafea7d8127119dd649515f56e2117?s=96&d=mm&r=g","caption":"rtnews"},"url":"https:\/\/now-news.de\/de\/author\/rnews\/"}]}},"_links":{"self":[{"href":"https:\/\/now-news.de\/de\/wp-json\/wp\/v2\/posts\/79350"}],"collection":[{"href":"https:\/\/now-news.de\/de\/wp-json\/wp\/v2\/posts"}],"about":[{"href":"https:\/\/now-news.de\/de\/wp-json\/wp\/v2\/types\/post"}],"author":[{"embeddable":true,"href":"https:\/\/now-news.de\/de\/wp-json\/wp\/v2\/users\/3"}],"replies":[{"embeddable":true,"href":"https:\/\/now-news.de\/de\/wp-json\/wp\/v2\/comments?post=79350"}],"version-history":[{"count":0,"href":"https:\/\/now-news.de\/de\/wp-json\/wp\/v2\/posts\/79350\/revisions"}],"wp:featuredmedia":[{"embeddable":true,"href":"https:\/\/now-news.de\/de\/wp-json\/wp\/v2\/media\/79351"}],"wp:attachment":[{"href":"https:\/\/now-news.de\/de\/wp-json\/wp\/v2\/media?parent=79350"}],"wp:term":[{"taxonomy":"category","embeddable":true,"href":"https:\/\/now-news.de\/de\/wp-json\/wp\/v2\/categories?post=79350"},{"taxonomy":"post_tag","embeddable":true,"href":"https:\/\/now-news.de\/de\/wp-json\/wp\/v2\/tags?post=79350"}],"curies":[{"name":"wp","href":"https:\/\/api.w.org\/{rel}","templated":true}]}}