{"id":79342,"date":"2025-02-27T18:48:07","date_gmt":"2025-02-27T16:48:07","guid":{"rendered":"https:\/\/now-news.de\/de\/deutschland\/bloomberg-erdogan-schliesst-entsendung-tuerkischer-friedenstruppen-in-die-ukraine-nicht-aus\/"},"modified":"2025-02-27T18:48:07","modified_gmt":"2025-02-27T16:48:07","slug":"bloomberg-erdogan-schliesst-entsendung-tuerkischer-friedenstruppen-in-die-ukraine-nicht-aus","status":"publish","type":"post","link":"https:\/\/now-news.de\/de\/deutschland\/bloomberg-erdogan-schliesst-entsendung-tuerkischer-friedenstruppen-in-die-ukraine-nicht-aus\/","title":{"rendered":"Bloomberg: Erdo\u011fan schlie\u00dft Entsendung t\u00fcrkischer Friedenstruppen in die Ukraine nicht aus"},"content":{"rendered":"<p><img decoding=\"async\" src=\"https:\/\/now-news.de\/de\/wp-content\/uploads\/sites\/3\/2025\/02\/67c08ee948fbef29ee658f79.jpg\" \/><\/p>\n<div class=\"Text-root Text-type_1 \">\n                Die T\u00fcrkei k\u00f6nnte die Friedenstruppen in die Ukraine entsenden, aber nur wenn Ankara in alle Konsultationen und Vorbereitungen einbezogen werde, berichtete die Nachrichtenagentur Bloomberg mit Bezugnahme auf eigene Quellen. Erdo\u011fan hat diese Frage mit Selenskij und Lawrow besprochen.\n            <\/div>\n<p><\/p>\n<div class=\"Text-root Text-type_5 ArticleView-text ViewText-root \">\n<p>Ankara sei offen, die t\u00fcrkischen Soldaten im Rahmen der Friedenstruppen in die Ukraine zu entsenden, wie die Nachrichtenagentur <em>Bloomberg <\/em>am Donnerstag unter Berufung auf die mit der Angelegenheit vertrauten Personen <a rel=\"nofollow noopener\" target=\"_blank\" href=\"https:\/\/www.bloomberg.com\/news\/articles\/2025-02-27\/nato-member-turkey-open-to-deploying-peacekeepers-in-ukraine\">mitgeteilt<\/a> hat.\u00a0Wie es hei\u00dft, habe der t\u00fcrkische Pr\u00e4sident Recep Tayyip Erdo\u011fan diese Frage mit seinem ukrainischen Amtskollegen Wladimir Selenskij und dem russischen Au\u00dfenminister Sergei Lawrow bei getrennten Treffen in Ankara Anfang des Monats besprochen.<\/p>\n<p>Die Beteiligung der t\u00fcrkischen Einheiten an der Friedensmission zur \u00dcberwachung eines m\u00f6glichen Waffenstillstands sei von entscheidender Bedeutung, denn sie werde helfen, die europ\u00e4ischen Verb\u00fcndeten zu entlasten, schrieb <em>Bloomberg<\/em>.<\/p>\n<p>Allerdings w\u00fcrde sich die T\u00fcrkei nicht an einer Friedensmission beteiligen, wenn Ankara nicht in alle Konsultationen und Vorbereitungen einbezogen werde, so die Quellen der Agentur. Auch ein Waffenstillstand sei noch lange nicht garantiert.<\/p>\n<p>Russland hat der T\u00fcrkei keine Antwort auf die Frage der Entsendung von Truppen in die Ukraine gegeben, obwohl das Thema mit Lawrow w\u00e4hrend seines j\u00fcngsten Besuchs in Ankara er\u00f6rtert worden sei, sagte eine der russischen Regierung nahestehende Person gegen\u00fcber <em>Bloomberg<\/em>.\u00a0<\/p>\n<p>Selenskij erkl\u00e4rte am 18. Februar bei einer Pressekonferenz in Ankara, Frieden sei nur dann m\u00f6glich, wenn die Ukraine, die USA und ganz Europa am Verhandlungstisch vertreten seien. &#8220;Garantien werden gemeinsam mit allen erarbeitet, die sie wirklich geben k\u00f6nnen&#8221;, sagte er. &#8220;Es ist fair, dass die T\u00fcrkei ein solches Land ist, das zu Europa geh\u00f6rt. Ich bin Pr\u00e4sident Erdo\u011fan f\u00fcr sein Verst\u00e4ndnis dankbar.&#8221;<\/p>\n<p>Am Montag verwies Erdo\u011fan auf die milit\u00e4rische St\u00e4rke der T\u00fcrkei und ihr Potenzial, die Sicherheit Europas zu st\u00e4rken, und sagte, dass Ankaras langgehegter Wunsch, der EU beizutreten, allen Seiten zugutekommen w\u00fcrde.<\/p>\n<p><em>&#8220;Nur die Vollmitgliedschaft der T\u00fcrkei kann die Europ\u00e4ische Union aus der Sackgasse retten, in die sie geraten ist, von der Wirtschaft bis zur Verteidigung, von der Politik bis zum internationalen Ruf&#8221;<\/em>,<\/p>\n<p>sagte Erdo\u011fan nach einer Kabinettssitzung.<\/p>\n<p><strong>Mehr zum Thema\u00a0<\/strong>\u2013<strong><\/strong><a rel=\"nofollow noopener\" target=\"_blank\" href=\"https:\/\/freedert.online\/international\/238115-russland-und-usa-fuehren-gespraeche\/\">Russland und USA f\u00fchren Gespr\u00e4che in Istanbul<\/a>\u00a0<\/p>\n<div class=\"EmbedBlock-root EmbedBlock-externalVideo EmbedBlock-rumble\">\n<div class=\"VkEmbed\"><iframe class=\"lazyload\" data-src=\"https:\/\/rumble.com\/embed\/v6nm9c6\" frameborder=\"0\" width=\"853\" height=\"480\" allowfullscreen><\/iframe><\/div>\n<\/div>\n<\/div>\n<p><br \/>\n<br \/><a href=\"https:\/\/de.rt.com\/europa\/238197-bloomberg-erdogan-schliesst-entsendung-tuerkischer\/\">Source link <\/a><\/p>\n","protected":false},"excerpt":{"rendered":"<p>Die T\u00fcrkei k\u00f6nnte die Friedenstruppen in die Ukraine entsenden, aber nur wenn Ankara in alle Konsultationen und Vorbereitungen einbezogen werde, berichtete die Nachrichtenagentur Bloomberg mit Bezugnahme auf eigene Quellen. Erdo\u011fan hat diese Frage mit Selenskij und Lawrow besprochen. Ankara sei offen, die t\u00fcrkischen Soldaten im Rahmen der Friedenstruppen in die Ukraine zu entsenden, wie die [&hellip;]<\/p>\n","protected":false},"author":3,"featured_media":79343,"comment_status":"open","ping_status":"open","sticky":false,"template":"","format":"standard","meta":{"_yoast_indexnow_last_ping":["1740675379"],"wp_automatic_camp":["217"],"bb285777bd56d2273259ececb769ee38":["Bloomberg: Erdo\u011fan schlie\u00dft Entsendung t\u00fcrkischer Friedenstruppen in die Ukraine nicht aus"],"original_link":["https:\/\/de.rt.com\/europa\/238197-bloomberg-erdogan-schliesst-entsendung-tuerkischer\/"],"jnews_social_counter_last_update":["1777619425"],"_thumbnail_id":["79343"],"_wptgpro_p2tg_sent2tg":["a:1:{i:23737;s:19:\"2025-02-27 18:57:21\";}"]},"categories":[19,23],"tags":[679,118,45,26691,13697,28799,800,870,365,127],"yoast_head":"<!-- This site is optimized with the Yoast SEO Premium plugin v22.7 (Yoast SEO v22.7) - https:\/\/yoast.com\/wordpress\/plugins\/seo\/ -->\n<title>Bloomberg: Erdo\u011fan schlie\u00dft Entsendung t\u00fcrkischer Friedenstruppen in die Ukraine nicht aus - just-now.NEWS Deutschland<\/title>\n<meta name=\"robots\" content=\"index, follow, max-snippet:-1, max-image-preview:large, max-video-preview:-1\" \/>\n<link rel=\"canonical\" href=\"https:\/\/now-news.de\/de\/deutschland\/bloomberg-erdogan-schliesst-entsendung-tuerkischer-friedenstruppen-in-die-ukraine-nicht-aus\/\" \/>\n<meta property=\"og:locale\" content=\"de_DE\" \/>\n<meta property=\"og:type\" content=\"article\" \/>\n<meta property=\"og:title\" content=\"Bloomberg: Erdo\u011fan schlie\u00dft Entsendung t\u00fcrkischer Friedenstruppen in die Ukraine nicht aus\" \/>\n<meta property=\"og:description\" content=\"Die T\u00fcrkei k\u00f6nnte die Friedenstruppen in die Ukraine entsenden, aber nur wenn Ankara in alle Konsultationen und Vorbereitungen einbezogen werde, berichtete die Nachrichtenagentur Bloomberg mit Bezugnahme auf eigene Quellen. Erdo\u011fan hat diese Frage mit Selenskij und Lawrow besprochen. Ankara sei offen, die t\u00fcrkischen Soldaten im Rahmen der Friedenstruppen in die Ukraine zu entsenden, wie die [&hellip;]\" \/>\n<meta property=\"og:url\" content=\"https:\/\/now-news.de\/de\/deutschland\/bloomberg-erdogan-schliesst-entsendung-tuerkischer-friedenstruppen-in-die-ukraine-nicht-aus\/\" \/>\n<meta property=\"og:site_name\" content=\"just-now.NEWS Deutschland\" \/>\n<meta property=\"article:publisher\" content=\"https:\/\/www.facebook.com\/wirmachenauf\" \/>\n<meta property=\"article:published_time\" content=\"2025-02-27T16:48:07+00:00\" \/>\n<meta property=\"og:image\" content=\"https:\/\/now-news.de\/de\/wp-content\/uploads\/sites\/3\/2025\/02\/67c08ee948fbef29ee658f79.jpg\" \/>\n<meta name=\"author\" content=\"rtnews\" \/>\n<meta name=\"twitter:card\" content=\"summary_large_image\" \/>\n<meta name=\"twitter:creator\" content=\"@WirMachenAuf_de\" \/>\n<meta name=\"twitter:site\" content=\"@WirMachenAuf_de\" \/>\n<meta name=\"twitter:label1\" content=\"Verfasst von\" \/>\n\t<meta name=\"twitter:data1\" content=\"rtnews\" \/>\n\t<meta name=\"twitter:label2\" content=\"Gesch\u00e4tzte Lesezeit\" \/>\n\t<meta name=\"twitter:data2\" content=\"2\u00a0Minuten\" \/>\n<script type=\"application\/ld+json\" class=\"yoast-schema-graph\">{\"@context\":\"https:\/\/schema.org\",\"@graph\":[{\"@type\":\"Article\",\"@id\":\"https:\/\/now-news.de\/de\/deutschland\/bloomberg-erdogan-schliesst-entsendung-tuerkischer-friedenstruppen-in-die-ukraine-nicht-aus\/#article\",\"isPartOf\":{\"@id\":\"https:\/\/now-news.de\/de\/deutschland\/bloomberg-erdogan-schliesst-entsendung-tuerkischer-friedenstruppen-in-die-ukraine-nicht-aus\/\"},\"author\":{\"name\":\"rtnews\",\"@id\":\"https:\/\/now-news.de\/de\/#\/schema\/person\/fb534a4e865501d8b3285208df34a9b5\"},\"headline\":\"Bloomberg: Erdo\u011fan schlie\u00dft Entsendung t\u00fcrkischer Friedenstruppen in die Ukraine nicht aus\",\"datePublished\":\"2025-02-27T16:48:07+00:00\",\"dateModified\":\"2025-02-27T16:48:07+00:00\",\"mainEntityOfPage\":{\"@id\":\"https:\/\/now-news.de\/de\/deutschland\/bloomberg-erdogan-schliesst-entsendung-tuerkischer-friedenstruppen-in-die-ukraine-nicht-aus\/\"},\"wordCount\":399,\"commentCount\":0,\"publisher\":{\"@id\":\"https:\/\/now-news.de\/de\/#organization\"},\"image\":{\"@id\":\"https:\/\/now-news.de\/de\/deutschland\/bloomberg-erdogan-schliesst-entsendung-tuerkischer-friedenstruppen-in-die-ukraine-nicht-aus\/#primaryimage\"},\"thumbnailUrl\":\"https:\/\/now-news.de\/de\/wp-content\/uploads\/sites\/3\/2025\/02\/Bloomberg-Erdogan-schliesst-Entsendung-tuerkischer-Friedenstruppen-in-die-Ukraine-nicht.jpg\",\"keywords\":[\"aus\",\"bloomberg\",\"die\",\"Entsendung\",\"Erdo\u011fan\",\"Friedenstruppen\",\"nicht\",\"schlie\u00dft\",\"t\u00fcrkischer\",\"ukraine\"],\"articleSection\":[\"Deutschland\",\"Russland\"],\"inLanguage\":\"de\",\"potentialAction\":[{\"@type\":\"CommentAction\",\"name\":\"Comment\",\"target\":[\"https:\/\/now-news.de\/de\/deutschland\/bloomberg-erdogan-schliesst-entsendung-tuerkischer-friedenstruppen-in-die-ukraine-nicht-aus\/#respond\"]}]},{\"@type\":\"WebPage\",\"@id\":\"https:\/\/now-news.de\/de\/deutschland\/bloomberg-erdogan-schliesst-entsendung-tuerkischer-friedenstruppen-in-die-ukraine-nicht-aus\/\",\"url\":\"https:\/\/now-news.de\/de\/deutschland\/bloomberg-erdogan-schliesst-entsendung-tuerkischer-friedenstruppen-in-die-ukraine-nicht-aus\/\",\"name\":\"Bloomberg: Erdo\u011fan schlie\u00dft Entsendung t\u00fcrkischer Friedenstruppen in die Ukraine nicht aus - just-now.NEWS Deutschland\",\"isPartOf\":{\"@id\":\"https:\/\/now-news.de\/de\/#website\"},\"primaryImageOfPage\":{\"@id\":\"https:\/\/now-news.de\/de\/deutschland\/bloomberg-erdogan-schliesst-entsendung-tuerkischer-friedenstruppen-in-die-ukraine-nicht-aus\/#primaryimage\"},\"image\":{\"@id\":\"https:\/\/now-news.de\/de\/deutschland\/bloomberg-erdogan-schliesst-entsendung-tuerkischer-friedenstruppen-in-die-ukraine-nicht-aus\/#primaryimage\"},\"thumbnailUrl\":\"https:\/\/now-news.de\/de\/wp-content\/uploads\/sites\/3\/2025\/02\/Bloomberg-Erdogan-schliesst-Entsendung-tuerkischer-Friedenstruppen-in-die-Ukraine-nicht.jpg\",\"datePublished\":\"2025-02-27T16:48:07+00:00\",\"dateModified\":\"2025-02-27T16:48:07+00:00\",\"breadcrumb\":{\"@id\":\"https:\/\/now-news.de\/de\/deutschland\/bloomberg-erdogan-schliesst-entsendung-tuerkischer-friedenstruppen-in-die-ukraine-nicht-aus\/#breadcrumb\"},\"inLanguage\":\"de\",\"potentialAction\":[{\"@type\":\"ReadAction\",\"target\":[\"https:\/\/now-news.de\/de\/deutschland\/bloomberg-erdogan-schliesst-entsendung-tuerkischer-friedenstruppen-in-die-ukraine-nicht-aus\/\"]}]},{\"@type\":\"ImageObject\",\"inLanguage\":\"de\",\"@id\":\"https:\/\/now-news.de\/de\/deutschland\/bloomberg-erdogan-schliesst-entsendung-tuerkischer-friedenstruppen-in-die-ukraine-nicht-aus\/#primaryimage\",\"url\":\"https:\/\/now-news.de\/de\/wp-content\/uploads\/sites\/3\/2025\/02\/Bloomberg-Erdogan-schliesst-Entsendung-tuerkischer-Friedenstruppen-in-die-Ukraine-nicht.jpg\",\"contentUrl\":\"https:\/\/now-news.de\/de\/wp-content\/uploads\/sites\/3\/2025\/02\/Bloomberg-Erdogan-schliesst-Entsendung-tuerkischer-Friedenstruppen-in-die-Ukraine-nicht.jpg\",\"width\":460,\"height\":259,\"caption\":\"Bloomberg: Erdo\u011fan schlie\u00dft Entsendung t\u00fcrkischer Friedenstruppen in die Ukraine nicht aus\"},{\"@type\":\"BreadcrumbList\",\"@id\":\"https:\/\/now-news.de\/de\/deutschland\/bloomberg-erdogan-schliesst-entsendung-tuerkischer-friedenstruppen-in-die-ukraine-nicht-aus\/#breadcrumb\",\"itemListElement\":[{\"@type\":\"ListItem\",\"position\":1,\"name\":\"Home\",\"item\":\"https:\/\/now-news.de\/de\/\"},{\"@type\":\"ListItem\",\"position\":2,\"name\":\"Bloomberg: Erdo\u011fan schlie\u00dft Entsendung t\u00fcrkischer Friedenstruppen in die Ukraine nicht aus\"}]},{\"@type\":\"WebSite\",\"@id\":\"https:\/\/now-news.de\/de\/#website\",\"url\":\"https:\/\/now-news.de\/de\/\",\"name\":\"just-now.NEWS Deutschland\",\"description\":\"Das Portal f\u00fcr unzensierte Nachrichten aus der Welt\",\"publisher\":{\"@id\":\"https:\/\/now-news.de\/de\/#organization\"},\"potentialAction\":[{\"@type\":\"SearchAction\",\"target\":{\"@type\":\"EntryPoint\",\"urlTemplate\":\"https:\/\/now-news.de\/de\/?s={search_term_string}\"},\"query-input\":\"required name=search_term_string\"}],\"inLanguage\":\"de\"},{\"@type\":\"Organization\",\"@id\":\"https:\/\/now-news.de\/de\/#organization\",\"name\":\"Just Now News\",\"url\":\"https:\/\/now-news.de\/de\/\",\"logo\":{\"@type\":\"ImageObject\",\"inLanguage\":\"de\",\"@id\":\"https:\/\/now-news.de\/de\/#\/schema\/logo\/image\/\",\"url\":\"http:\/\/just-now.news\/de\/wp-content\/uploads\/sites\/3\/2022\/04\/logo500x500.jpg\",\"contentUrl\":\"http:\/\/just-now.news\/de\/wp-content\/uploads\/sites\/3\/2022\/04\/logo500x500.jpg\",\"width\":500,\"height\":500,\"caption\":\"Just Now News\"},\"image\":{\"@id\":\"https:\/\/now-news.de\/de\/#\/schema\/logo\/image\/\"},\"sameAs\":[\"https:\/\/www.facebook.com\/wirmachenauf\",\"https:\/\/x.com\/WirMachenAuf_de\"]},{\"@type\":\"Person\",\"@id\":\"https:\/\/now-news.de\/de\/#\/schema\/person\/fb534a4e865501d8b3285208df34a9b5\",\"name\":\"rtnews\",\"image\":{\"@type\":\"ImageObject\",\"inLanguage\":\"de\",\"@id\":\"https:\/\/now-news.de\/de\/#\/schema\/person\/image\/\",\"url\":\"https:\/\/secure.gravatar.com\/avatar\/82aafea7d8127119dd649515f56e2117?s=96&d=mm&r=g\",\"contentUrl\":\"https:\/\/secure.gravatar.com\/avatar\/82aafea7d8127119dd649515f56e2117?s=96&d=mm&r=g\",\"caption\":\"rtnews\"},\"url\":\"https:\/\/now-news.de\/de\/author\/rnews\/\"}]}<\/script>\n<!-- \/ Yoast SEO Premium plugin. -->","yoast_head_json":{"title":"Bloomberg: Erdo\u011fan schlie\u00dft Entsendung t\u00fcrkischer Friedenstruppen in die Ukraine nicht aus - just-now.NEWS Deutschland","robots":{"index":"index","follow":"follow","max-snippet":"max-snippet:-1","max-image-preview":"max-image-preview:large","max-video-preview":"max-video-preview:-1"},"canonical":"https:\/\/now-news.de\/de\/deutschland\/bloomberg-erdogan-schliesst-entsendung-tuerkischer-friedenstruppen-in-die-ukraine-nicht-aus\/","og_locale":"de_DE","og_type":"article","og_title":"Bloomberg: Erdo\u011fan schlie\u00dft Entsendung t\u00fcrkischer Friedenstruppen in die Ukraine nicht aus","og_description":"Die T\u00fcrkei k\u00f6nnte die Friedenstruppen in die Ukraine entsenden, aber nur wenn Ankara in alle Konsultationen und Vorbereitungen einbezogen werde, berichtete die Nachrichtenagentur Bloomberg mit Bezugnahme auf eigene Quellen. Erdo\u011fan hat diese Frage mit Selenskij und Lawrow besprochen. Ankara sei offen, die t\u00fcrkischen Soldaten im Rahmen der Friedenstruppen in die Ukraine zu entsenden, wie die [&hellip;]","og_url":"https:\/\/now-news.de\/de\/deutschland\/bloomberg-erdogan-schliesst-entsendung-tuerkischer-friedenstruppen-in-die-ukraine-nicht-aus\/","og_site_name":"just-now.NEWS Deutschland","article_publisher":"https:\/\/www.facebook.com\/wirmachenauf","article_published_time":"2025-02-27T16:48:07+00:00","og_image":[{"url":"https:\/\/now-news.de\/de\/wp-content\/uploads\/sites\/3\/2025\/02\/67c08ee948fbef29ee658f79.jpg"}],"author":"rtnews","twitter_card":"summary_large_image","twitter_creator":"@WirMachenAuf_de","twitter_site":"@WirMachenAuf_de","twitter_misc":{"Verfasst von":"rtnews","Gesch\u00e4tzte Lesezeit":"2\u00a0Minuten"},"schema":{"@context":"https:\/\/schema.org","@graph":[{"@type":"Article","@id":"https:\/\/now-news.de\/de\/deutschland\/bloomberg-erdogan-schliesst-entsendung-tuerkischer-friedenstruppen-in-die-ukraine-nicht-aus\/#article","isPartOf":{"@id":"https:\/\/now-news.de\/de\/deutschland\/bloomberg-erdogan-schliesst-entsendung-tuerkischer-friedenstruppen-in-die-ukraine-nicht-aus\/"},"author":{"name":"rtnews","@id":"https:\/\/now-news.de\/de\/#\/schema\/person\/fb534a4e865501d8b3285208df34a9b5"},"headline":"Bloomberg: Erdo\u011fan schlie\u00dft Entsendung t\u00fcrkischer Friedenstruppen in die Ukraine nicht aus","datePublished":"2025-02-27T16:48:07+00:00","dateModified":"2025-02-27T16:48:07+00:00","mainEntityOfPage":{"@id":"https:\/\/now-news.de\/de\/deutschland\/bloomberg-erdogan-schliesst-entsendung-tuerkischer-friedenstruppen-in-die-ukraine-nicht-aus\/"},"wordCount":399,"commentCount":0,"publisher":{"@id":"https:\/\/now-news.de\/de\/#organization"},"image":{"@id":"https:\/\/now-news.de\/de\/deutschland\/bloomberg-erdogan-schliesst-entsendung-tuerkischer-friedenstruppen-in-die-ukraine-nicht-aus\/#primaryimage"},"thumbnailUrl":"https:\/\/now-news.de\/de\/wp-content\/uploads\/sites\/3\/2025\/02\/Bloomberg-Erdogan-schliesst-Entsendung-tuerkischer-Friedenstruppen-in-die-Ukraine-nicht.jpg","keywords":["aus","bloomberg","die","Entsendung","Erdo\u011fan","Friedenstruppen","nicht","schlie\u00dft","t\u00fcrkischer","ukraine"],"articleSection":["Deutschland","Russland"],"inLanguage":"de","potentialAction":[{"@type":"CommentAction","name":"Comment","target":["https:\/\/now-news.de\/de\/deutschland\/bloomberg-erdogan-schliesst-entsendung-tuerkischer-friedenstruppen-in-die-ukraine-nicht-aus\/#respond"]}]},{"@type":"WebPage","@id":"https:\/\/now-news.de\/de\/deutschland\/bloomberg-erdogan-schliesst-entsendung-tuerkischer-friedenstruppen-in-die-ukraine-nicht-aus\/","url":"https:\/\/now-news.de\/de\/deutschland\/bloomberg-erdogan-schliesst-entsendung-tuerkischer-friedenstruppen-in-die-ukraine-nicht-aus\/","name":"Bloomberg: Erdo\u011fan schlie\u00dft Entsendung t\u00fcrkischer Friedenstruppen in die Ukraine nicht aus - just-now.NEWS Deutschland","isPartOf":{"@id":"https:\/\/now-news.de\/de\/#website"},"primaryImageOfPage":{"@id":"https:\/\/now-news.de\/de\/deutschland\/bloomberg-erdogan-schliesst-entsendung-tuerkischer-friedenstruppen-in-die-ukraine-nicht-aus\/#primaryimage"},"image":{"@id":"https:\/\/now-news.de\/de\/deutschland\/bloomberg-erdogan-schliesst-entsendung-tuerkischer-friedenstruppen-in-die-ukraine-nicht-aus\/#primaryimage"},"thumbnailUrl":"https:\/\/now-news.de\/de\/wp-content\/uploads\/sites\/3\/2025\/02\/Bloomberg-Erdogan-schliesst-Entsendung-tuerkischer-Friedenstruppen-in-die-Ukraine-nicht.jpg","datePublished":"2025-02-27T16:48:07+00:00","dateModified":"2025-02-27T16:48:07+00:00","breadcrumb":{"@id":"https:\/\/now-news.de\/de\/deutschland\/bloomberg-erdogan-schliesst-entsendung-tuerkischer-friedenstruppen-in-die-ukraine-nicht-aus\/#breadcrumb"},"inLanguage":"de","potentialAction":[{"@type":"ReadAction","target":["https:\/\/now-news.de\/de\/deutschland\/bloomberg-erdogan-schliesst-entsendung-tuerkischer-friedenstruppen-in-die-ukraine-nicht-aus\/"]}]},{"@type":"ImageObject","inLanguage":"de","@id":"https:\/\/now-news.de\/de\/deutschland\/bloomberg-erdogan-schliesst-entsendung-tuerkischer-friedenstruppen-in-die-ukraine-nicht-aus\/#primaryimage","url":"https:\/\/now-news.de\/de\/wp-content\/uploads\/sites\/3\/2025\/02\/Bloomberg-Erdogan-schliesst-Entsendung-tuerkischer-Friedenstruppen-in-die-Ukraine-nicht.jpg","contentUrl":"https:\/\/now-news.de\/de\/wp-content\/uploads\/sites\/3\/2025\/02\/Bloomberg-Erdogan-schliesst-Entsendung-tuerkischer-Friedenstruppen-in-die-Ukraine-nicht.jpg","width":460,"height":259,"caption":"Bloomberg: Erdo\u011fan schlie\u00dft Entsendung t\u00fcrkischer Friedenstruppen in die Ukraine nicht aus"},{"@type":"BreadcrumbList","@id":"https:\/\/now-news.de\/de\/deutschland\/bloomberg-erdogan-schliesst-entsendung-tuerkischer-friedenstruppen-in-die-ukraine-nicht-aus\/#breadcrumb","itemListElement":[{"@type":"ListItem","position":1,"name":"Home","item":"https:\/\/now-news.de\/de\/"},{"@type":"ListItem","position":2,"name":"Bloomberg: Erdo\u011fan schlie\u00dft Entsendung t\u00fcrkischer Friedenstruppen in die Ukraine nicht aus"}]},{"@type":"WebSite","@id":"https:\/\/now-news.de\/de\/#website","url":"https:\/\/now-news.de\/de\/","name":"just-now.NEWS Deutschland","description":"Das Portal f\u00fcr unzensierte Nachrichten aus der Welt","publisher":{"@id":"https:\/\/now-news.de\/de\/#organization"},"potentialAction":[{"@type":"SearchAction","target":{"@type":"EntryPoint","urlTemplate":"https:\/\/now-news.de\/de\/?s={search_term_string}"},"query-input":"required name=search_term_string"}],"inLanguage":"de"},{"@type":"Organization","@id":"https:\/\/now-news.de\/de\/#organization","name":"Just Now News","url":"https:\/\/now-news.de\/de\/","logo":{"@type":"ImageObject","inLanguage":"de","@id":"https:\/\/now-news.de\/de\/#\/schema\/logo\/image\/","url":"http:\/\/just-now.news\/de\/wp-content\/uploads\/sites\/3\/2022\/04\/logo500x500.jpg","contentUrl":"http:\/\/just-now.news\/de\/wp-content\/uploads\/sites\/3\/2022\/04\/logo500x500.jpg","width":500,"height":500,"caption":"Just Now News"},"image":{"@id":"https:\/\/now-news.de\/de\/#\/schema\/logo\/image\/"},"sameAs":["https:\/\/www.facebook.com\/wirmachenauf","https:\/\/x.com\/WirMachenAuf_de"]},{"@type":"Person","@id":"https:\/\/now-news.de\/de\/#\/schema\/person\/fb534a4e865501d8b3285208df34a9b5","name":"rtnews","image":{"@type":"ImageObject","inLanguage":"de","@id":"https:\/\/now-news.de\/de\/#\/schema\/person\/image\/","url":"https:\/\/secure.gravatar.com\/avatar\/82aafea7d8127119dd649515f56e2117?s=96&d=mm&r=g","contentUrl":"https:\/\/secure.gravatar.com\/avatar\/82aafea7d8127119dd649515f56e2117?s=96&d=mm&r=g","caption":"rtnews"},"url":"https:\/\/now-news.de\/de\/author\/rnews\/"}]}},"_links":{"self":[{"href":"https:\/\/now-news.de\/de\/wp-json\/wp\/v2\/posts\/79342"}],"collection":[{"href":"https:\/\/now-news.de\/de\/wp-json\/wp\/v2\/posts"}],"about":[{"href":"https:\/\/now-news.de\/de\/wp-json\/wp\/v2\/types\/post"}],"author":[{"embeddable":true,"href":"https:\/\/now-news.de\/de\/wp-json\/wp\/v2\/users\/3"}],"replies":[{"embeddable":true,"href":"https:\/\/now-news.de\/de\/wp-json\/wp\/v2\/comments?post=79342"}],"version-history":[{"count":0,"href":"https:\/\/now-news.de\/de\/wp-json\/wp\/v2\/posts\/79342\/revisions"}],"wp:featuredmedia":[{"embeddable":true,"href":"https:\/\/now-news.de\/de\/wp-json\/wp\/v2\/media\/79343"}],"wp:attachment":[{"href":"https:\/\/now-news.de\/de\/wp-json\/wp\/v2\/media?parent=79342"}],"wp:term":[{"taxonomy":"category","embeddable":true,"href":"https:\/\/now-news.de\/de\/wp-json\/wp\/v2\/categories?post=79342"},{"taxonomy":"post_tag","embeddable":true,"href":"https:\/\/now-news.de\/de\/wp-json\/wp\/v2\/tags?post=79342"}],"curies":[{"name":"wp","href":"https:\/\/api.w.org\/{rel}","templated":true}]}}