{"id":79329,"date":"2025-02-27T16:31:00","date_gmt":"2025-02-27T14:31:00","guid":{"rendered":"https:\/\/now-news.de\/de\/deutschland\/merz-und-macron-einigen-sich-auf-neues-kapitel-der-deutsch-franzoesischen-beziehungen\/"},"modified":"2025-02-27T16:31:00","modified_gmt":"2025-02-27T14:31:00","slug":"merz-und-macron-einigen-sich-auf-neues-kapitel-der-deutsch-franzoesischen-beziehungen","status":"publish","type":"post","link":"https:\/\/now-news.de\/de\/deutschland\/merz-und-macron-einigen-sich-auf-neues-kapitel-der-deutsch-franzoesischen-beziehungen\/","title":{"rendered":"Merz und Macron einigen sich auf neues Kapitel der deutsch-franz\u00f6sischen Beziehungen"},"content":{"rendered":"<p><img decoding=\"async\" src=\"https:\/\/now-news.de\/de\/wp-content\/uploads\/sites\/3\/2025\/02\/67c035b0b480cc4ad22d964a.jpg\" \/><\/p>\n<div class=\"Text-root Text-type_1 \">\n                Bei einem vertraulichen Gespr\u00e4ch haben sich Friedrich Merz und Emmanuel Macron auf ein neues Kapitel der deutsch-franz\u00f6sischen Beziehungen geeinigt, hei\u00dft es in Medienberichten. Der CDU-Chef besuchte am Mittwoch die franz\u00f6sische Hauptstadt.\n            <\/div>\n<p><\/p>\n<div class=\"Text-root Text-type_5 ArticleView-text ViewText-root \">\n<p>Friedrich Merz ist am Mittwochabend in Paris eingetroffen. Dies ist die erste Auslandsreise des zuk\u00fcnftigen Bundeskanzlers nach dem Wahlsieg seiner Partei am vergangenen Sonntag. Im Pariser \u00c9lys\u00e9e-Palast wurde der CDU-Politiker vom franz\u00f6sischen Pr\u00e4sidenten Emmanuel Macron empfangen.<\/p>\n<p>Nach dem vertraulichen Treffen <a rel=\"nofollow noopener\" target=\"_blank\" href=\"https:\/\/x.com\/_friedrichmerz\/status\/1894882937155305594?s=46&amp;t=XX8KuJDPSl7v53taY4yOaw\">bedankte sich<\/a> Merz in einem Beitrag auf X bei dem franz\u00f6sischen Staatschef f\u00fcr seine Freundschaft und das Vertrauen in die deutsch-franz\u00f6sischen Beziehungen. Merz \u00e4u\u00dferte sich hoffnungsvoll, dass Deutschland und Frankreich zusammen Gro\u00dfes f\u00fcr Europa erreichen werde. Macron machte zun\u00e4chst keine Erkl\u00e4rungen bez\u00fcglich des Treffens.<\/p>\n<p>Laut Medienberichten hie\u00df es aus CDU-Kreisen, dass das Treffen drei Stunden gedauert und in einer freundlichen Atmosph\u00e4re stattgefunden habe. Merz und Macron sollen sich darauf geeinigt haben, ein neues Kapitel der Beziehungen zwischen Berlin und Paris aufzuschlagen. Es habe bei dem Gespr\u00e4ch gro\u00dfe \u00dcbereinstimmung und zahlreiche Ansatzpunkte f\u00fcr gemeinsame Initiativen gegeben.<\/p>\n<p>Am vergangenen Sonntag hatte Merz gewarnt, dass die USA unter Donald Trump dem Schicksal Europas gegen\u00fcber gleichg\u00fcltig seien. Daher w\u00e4re ein starkes, von den USA unabh\u00e4ngiges Europa die absolute Priorit\u00e4t einer Merz-Regierung. Au\u00dferdem forderte er Paris und London zu Gespr\u00e4chen dar\u00fcber auf, ihren nuklearen Schutz auf Deutschland auszudehnen, falls die USA ihre Truppen samt den Nuklearwaffen aus dem Land abziehen.<\/p>\n<p><strong>Mehr zum Thema \u2013<\/strong>\u00a0<a rel=\"nofollow noopener\" target=\"_blank\" href=\"https:\/\/freedert.online\/inland\/237975-franzoesische-atomwaffen-auf-deutschem-boden\/\">Franz\u00f6sische Atomwaffen auf deutschem Boden?<\/a><\/p>\n<div class=\"EmbedBlock-root EmbedBlock-externalVideo EmbedBlock-rumble\">\n<div class=\"VkEmbed\"><iframe class=\"lazyload\" data-src=\"https:\/\/rumble.com\/embed\/v6mxzrl\" frameborder=\"0\" width=\"853\" height=\"480\" allowfullscreen><\/iframe><\/div>\n<\/div>\n<\/div>\n<p><br \/>\n<br \/><a href=\"https:\/\/de.rt.com\/europa\/238128-merz-und-macron-einigen-sich\/\">Source link <\/a><\/p>\n","protected":false},"excerpt":{"rendered":"<p>Bei einem vertraulichen Gespr\u00e4ch haben sich Friedrich Merz und Emmanuel Macron auf ein neues Kapitel der deutsch-franz\u00f6sischen Beziehungen geeinigt, hei\u00dft es in Medienberichten. Der CDU-Chef besuchte am Mittwoch die franz\u00f6sische Hauptstadt. Friedrich Merz ist am Mittwochabend in Paris eingetroffen. Dies ist die erste Auslandsreise des zuk\u00fcnftigen Bundeskanzlers nach dem Wahlsieg seiner Partei am vergangenen Sonntag. [&hellip;]<\/p>\n","protected":false},"author":3,"featured_media":79330,"comment_status":"open","ping_status":"open","sticky":false,"template":"","format":"standard","meta":{"_yoast_indexnow_last_ping":["1740668660"],"wp_automatic_camp":["217"],"e22c2f6ceb5b096a69d042d7f70c35b9":["Merz und Macron einigen sich auf neues Kapitel der deutsch-franz\u00f6sischen Beziehungen"],"original_link":["https:\/\/de.rt.com\/europa\/238128-merz-und-macron-einigen-sich\/"],"jnews_social_counter_last_update":["1777458922"],"_thumbnail_id":["79330"],"_wptgpro_p2tg_sent2tg":["a:1:{i:23737;s:19:\"2025-02-27 17:05:21\";}"]},"categories":[19,23],"tags":[133,266,82,63071,10004,29659,1711,18728,5324,434,140],"yoast_head":"<!-- This site is optimized with the Yoast SEO Premium plugin v22.7 (Yoast SEO v22.7) - https:\/\/yoast.com\/wordpress\/plugins\/seo\/ -->\n<title>Merz und Macron einigen sich auf neues Kapitel der deutsch-franz\u00f6sischen Beziehungen - just-now.NEWS Deutschland<\/title>\n<meta name=\"robots\" content=\"index, follow, max-snippet:-1, max-image-preview:large, max-video-preview:-1\" \/>\n<link rel=\"canonical\" href=\"https:\/\/now-news.de\/de\/deutschland\/merz-und-macron-einigen-sich-auf-neues-kapitel-der-deutsch-franzoesischen-beziehungen\/\" \/>\n<meta property=\"og:locale\" content=\"de_DE\" \/>\n<meta property=\"og:type\" content=\"article\" \/>\n<meta property=\"og:title\" content=\"Merz und Macron einigen sich auf neues Kapitel der deutsch-franz\u00f6sischen Beziehungen\" \/>\n<meta property=\"og:description\" content=\"Bei einem vertraulichen Gespr\u00e4ch haben sich Friedrich Merz und Emmanuel Macron auf ein neues Kapitel der deutsch-franz\u00f6sischen Beziehungen geeinigt, hei\u00dft es in Medienberichten. Der CDU-Chef besuchte am Mittwoch die franz\u00f6sische Hauptstadt. Friedrich Merz ist am Mittwochabend in Paris eingetroffen. Dies ist die erste Auslandsreise des zuk\u00fcnftigen Bundeskanzlers nach dem Wahlsieg seiner Partei am vergangenen Sonntag. [&hellip;]\" \/>\n<meta property=\"og:url\" content=\"https:\/\/now-news.de\/de\/deutschland\/merz-und-macron-einigen-sich-auf-neues-kapitel-der-deutsch-franzoesischen-beziehungen\/\" \/>\n<meta property=\"og:site_name\" content=\"just-now.NEWS Deutschland\" \/>\n<meta property=\"article:publisher\" content=\"https:\/\/www.facebook.com\/wirmachenauf\" \/>\n<meta property=\"article:published_time\" content=\"2025-02-27T14:31:00+00:00\" \/>\n<meta property=\"og:image\" content=\"https:\/\/now-news.de\/de\/wp-content\/uploads\/sites\/3\/2025\/02\/67c035b0b480cc4ad22d964a.jpg\" \/>\n<meta name=\"author\" content=\"rtnews\" \/>\n<meta name=\"twitter:card\" content=\"summary_large_image\" \/>\n<meta name=\"twitter:creator\" content=\"@WirMachenAuf_de\" \/>\n<meta name=\"twitter:site\" content=\"@WirMachenAuf_de\" \/>\n<meta name=\"twitter:label1\" content=\"Verfasst von\" \/>\n\t<meta name=\"twitter:data1\" content=\"rtnews\" \/>\n\t<meta name=\"twitter:label2\" content=\"Gesch\u00e4tzte Lesezeit\" \/>\n\t<meta name=\"twitter:data2\" content=\"1\u00a0Minute\" \/>\n<script type=\"application\/ld+json\" class=\"yoast-schema-graph\">{\"@context\":\"https:\/\/schema.org\",\"@graph\":[{\"@type\":\"Article\",\"@id\":\"https:\/\/now-news.de\/de\/deutschland\/merz-und-macron-einigen-sich-auf-neues-kapitel-der-deutsch-franzoesischen-beziehungen\/#article\",\"isPartOf\":{\"@id\":\"https:\/\/now-news.de\/de\/deutschland\/merz-und-macron-einigen-sich-auf-neues-kapitel-der-deutsch-franzoesischen-beziehungen\/\"},\"author\":{\"name\":\"rtnews\",\"@id\":\"https:\/\/now-news.de\/de\/#\/schema\/person\/fb534a4e865501d8b3285208df34a9b5\"},\"headline\":\"Merz und Macron einigen sich auf neues Kapitel der deutsch-franz\u00f6sischen Beziehungen\",\"datePublished\":\"2025-02-27T14:31:00+00:00\",\"dateModified\":\"2025-02-27T14:31:00+00:00\",\"mainEntityOfPage\":{\"@id\":\"https:\/\/now-news.de\/de\/deutschland\/merz-und-macron-einigen-sich-auf-neues-kapitel-der-deutsch-franzoesischen-beziehungen\/\"},\"wordCount\":279,\"commentCount\":0,\"publisher\":{\"@id\":\"https:\/\/now-news.de\/de\/#organization\"},\"image\":{\"@id\":\"https:\/\/now-news.de\/de\/deutschland\/merz-und-macron-einigen-sich-auf-neues-kapitel-der-deutsch-franzoesischen-beziehungen\/#primaryimage\"},\"thumbnailUrl\":\"https:\/\/now-news.de\/de\/wp-content\/uploads\/sites\/3\/2025\/02\/Merz-und-Macron-einigen-sich-auf-neues-Kapitel-der-deutsch-franzoesischen.jpg\",\"keywords\":[\"AUF\",\"Beziehungen\",\"der\",\"deutschfranz\u00f6sischen\",\"einigen\",\"KAPITEL\",\"macron\",\"Merz\",\"neues\",\"sich\",\"und\"],\"articleSection\":[\"Deutschland\",\"Russland\"],\"inLanguage\":\"de\",\"potentialAction\":[{\"@type\":\"CommentAction\",\"name\":\"Comment\",\"target\":[\"https:\/\/now-news.de\/de\/deutschland\/merz-und-macron-einigen-sich-auf-neues-kapitel-der-deutsch-franzoesischen-beziehungen\/#respond\"]}]},{\"@type\":\"WebPage\",\"@id\":\"https:\/\/now-news.de\/de\/deutschland\/merz-und-macron-einigen-sich-auf-neues-kapitel-der-deutsch-franzoesischen-beziehungen\/\",\"url\":\"https:\/\/now-news.de\/de\/deutschland\/merz-und-macron-einigen-sich-auf-neues-kapitel-der-deutsch-franzoesischen-beziehungen\/\",\"name\":\"Merz und Macron einigen sich auf neues Kapitel der deutsch-franz\u00f6sischen Beziehungen - just-now.NEWS Deutschland\",\"isPartOf\":{\"@id\":\"https:\/\/now-news.de\/de\/#website\"},\"primaryImageOfPage\":{\"@id\":\"https:\/\/now-news.de\/de\/deutschland\/merz-und-macron-einigen-sich-auf-neues-kapitel-der-deutsch-franzoesischen-beziehungen\/#primaryimage\"},\"image\":{\"@id\":\"https:\/\/now-news.de\/de\/deutschland\/merz-und-macron-einigen-sich-auf-neues-kapitel-der-deutsch-franzoesischen-beziehungen\/#primaryimage\"},\"thumbnailUrl\":\"https:\/\/now-news.de\/de\/wp-content\/uploads\/sites\/3\/2025\/02\/Merz-und-Macron-einigen-sich-auf-neues-Kapitel-der-deutsch-franzoesischen.jpg\",\"datePublished\":\"2025-02-27T14:31:00+00:00\",\"dateModified\":\"2025-02-27T14:31:00+00:00\",\"breadcrumb\":{\"@id\":\"https:\/\/now-news.de\/de\/deutschland\/merz-und-macron-einigen-sich-auf-neues-kapitel-der-deutsch-franzoesischen-beziehungen\/#breadcrumb\"},\"inLanguage\":\"de\",\"potentialAction\":[{\"@type\":\"ReadAction\",\"target\":[\"https:\/\/now-news.de\/de\/deutschland\/merz-und-macron-einigen-sich-auf-neues-kapitel-der-deutsch-franzoesischen-beziehungen\/\"]}]},{\"@type\":\"ImageObject\",\"inLanguage\":\"de\",\"@id\":\"https:\/\/now-news.de\/de\/deutschland\/merz-und-macron-einigen-sich-auf-neues-kapitel-der-deutsch-franzoesischen-beziehungen\/#primaryimage\",\"url\":\"https:\/\/now-news.de\/de\/wp-content\/uploads\/sites\/3\/2025\/02\/Merz-und-Macron-einigen-sich-auf-neues-Kapitel-der-deutsch-franzoesischen.jpg\",\"contentUrl\":\"https:\/\/now-news.de\/de\/wp-content\/uploads\/sites\/3\/2025\/02\/Merz-und-Macron-einigen-sich-auf-neues-Kapitel-der-deutsch-franzoesischen.jpg\",\"width\":460,\"height\":259,\"caption\":\"Merz und Macron einigen sich auf neues Kapitel der deutsch-franz\u00f6sischen Beziehungen\"},{\"@type\":\"BreadcrumbList\",\"@id\":\"https:\/\/now-news.de\/de\/deutschland\/merz-und-macron-einigen-sich-auf-neues-kapitel-der-deutsch-franzoesischen-beziehungen\/#breadcrumb\",\"itemListElement\":[{\"@type\":\"ListItem\",\"position\":1,\"name\":\"Home\",\"item\":\"https:\/\/now-news.de\/de\/\"},{\"@type\":\"ListItem\",\"position\":2,\"name\":\"Merz und Macron einigen sich auf neues Kapitel der deutsch-franz\u00f6sischen Beziehungen\"}]},{\"@type\":\"WebSite\",\"@id\":\"https:\/\/now-news.de\/de\/#website\",\"url\":\"https:\/\/now-news.de\/de\/\",\"name\":\"just-now.NEWS Deutschland\",\"description\":\"Das Portal f\u00fcr unzensierte Nachrichten aus der Welt\",\"publisher\":{\"@id\":\"https:\/\/now-news.de\/de\/#organization\"},\"potentialAction\":[{\"@type\":\"SearchAction\",\"target\":{\"@type\":\"EntryPoint\",\"urlTemplate\":\"https:\/\/now-news.de\/de\/?s={search_term_string}\"},\"query-input\":\"required name=search_term_string\"}],\"inLanguage\":\"de\"},{\"@type\":\"Organization\",\"@id\":\"https:\/\/now-news.de\/de\/#organization\",\"name\":\"Just Now News\",\"url\":\"https:\/\/now-news.de\/de\/\",\"logo\":{\"@type\":\"ImageObject\",\"inLanguage\":\"de\",\"@id\":\"https:\/\/now-news.de\/de\/#\/schema\/logo\/image\/\",\"url\":\"http:\/\/just-now.news\/de\/wp-content\/uploads\/sites\/3\/2022\/04\/logo500x500.jpg\",\"contentUrl\":\"http:\/\/just-now.news\/de\/wp-content\/uploads\/sites\/3\/2022\/04\/logo500x500.jpg\",\"width\":500,\"height\":500,\"caption\":\"Just Now News\"},\"image\":{\"@id\":\"https:\/\/now-news.de\/de\/#\/schema\/logo\/image\/\"},\"sameAs\":[\"https:\/\/www.facebook.com\/wirmachenauf\",\"https:\/\/x.com\/WirMachenAuf_de\"]},{\"@type\":\"Person\",\"@id\":\"https:\/\/now-news.de\/de\/#\/schema\/person\/fb534a4e865501d8b3285208df34a9b5\",\"name\":\"rtnews\",\"image\":{\"@type\":\"ImageObject\",\"inLanguage\":\"de\",\"@id\":\"https:\/\/now-news.de\/de\/#\/schema\/person\/image\/\",\"url\":\"https:\/\/secure.gravatar.com\/avatar\/82aafea7d8127119dd649515f56e2117?s=96&d=mm&r=g\",\"contentUrl\":\"https:\/\/secure.gravatar.com\/avatar\/82aafea7d8127119dd649515f56e2117?s=96&d=mm&r=g\",\"caption\":\"rtnews\"},\"url\":\"https:\/\/now-news.de\/de\/author\/rnews\/\"}]}<\/script>\n<!-- \/ Yoast SEO Premium plugin. -->","yoast_head_json":{"title":"Merz und Macron einigen sich auf neues Kapitel der deutsch-franz\u00f6sischen Beziehungen - just-now.NEWS Deutschland","robots":{"index":"index","follow":"follow","max-snippet":"max-snippet:-1","max-image-preview":"max-image-preview:large","max-video-preview":"max-video-preview:-1"},"canonical":"https:\/\/now-news.de\/de\/deutschland\/merz-und-macron-einigen-sich-auf-neues-kapitel-der-deutsch-franzoesischen-beziehungen\/","og_locale":"de_DE","og_type":"article","og_title":"Merz und Macron einigen sich auf neues Kapitel der deutsch-franz\u00f6sischen Beziehungen","og_description":"Bei einem vertraulichen Gespr\u00e4ch haben sich Friedrich Merz und Emmanuel Macron auf ein neues Kapitel der deutsch-franz\u00f6sischen Beziehungen geeinigt, hei\u00dft es in Medienberichten. Der CDU-Chef besuchte am Mittwoch die franz\u00f6sische Hauptstadt. Friedrich Merz ist am Mittwochabend in Paris eingetroffen. Dies ist die erste Auslandsreise des zuk\u00fcnftigen Bundeskanzlers nach dem Wahlsieg seiner Partei am vergangenen Sonntag. [&hellip;]","og_url":"https:\/\/now-news.de\/de\/deutschland\/merz-und-macron-einigen-sich-auf-neues-kapitel-der-deutsch-franzoesischen-beziehungen\/","og_site_name":"just-now.NEWS Deutschland","article_publisher":"https:\/\/www.facebook.com\/wirmachenauf","article_published_time":"2025-02-27T14:31:00+00:00","og_image":[{"url":"https:\/\/now-news.de\/de\/wp-content\/uploads\/sites\/3\/2025\/02\/67c035b0b480cc4ad22d964a.jpg"}],"author":"rtnews","twitter_card":"summary_large_image","twitter_creator":"@WirMachenAuf_de","twitter_site":"@WirMachenAuf_de","twitter_misc":{"Verfasst von":"rtnews","Gesch\u00e4tzte Lesezeit":"1\u00a0Minute"},"schema":{"@context":"https:\/\/schema.org","@graph":[{"@type":"Article","@id":"https:\/\/now-news.de\/de\/deutschland\/merz-und-macron-einigen-sich-auf-neues-kapitel-der-deutsch-franzoesischen-beziehungen\/#article","isPartOf":{"@id":"https:\/\/now-news.de\/de\/deutschland\/merz-und-macron-einigen-sich-auf-neues-kapitel-der-deutsch-franzoesischen-beziehungen\/"},"author":{"name":"rtnews","@id":"https:\/\/now-news.de\/de\/#\/schema\/person\/fb534a4e865501d8b3285208df34a9b5"},"headline":"Merz und Macron einigen sich auf neues Kapitel der deutsch-franz\u00f6sischen Beziehungen","datePublished":"2025-02-27T14:31:00+00:00","dateModified":"2025-02-27T14:31:00+00:00","mainEntityOfPage":{"@id":"https:\/\/now-news.de\/de\/deutschland\/merz-und-macron-einigen-sich-auf-neues-kapitel-der-deutsch-franzoesischen-beziehungen\/"},"wordCount":279,"commentCount":0,"publisher":{"@id":"https:\/\/now-news.de\/de\/#organization"},"image":{"@id":"https:\/\/now-news.de\/de\/deutschland\/merz-und-macron-einigen-sich-auf-neues-kapitel-der-deutsch-franzoesischen-beziehungen\/#primaryimage"},"thumbnailUrl":"https:\/\/now-news.de\/de\/wp-content\/uploads\/sites\/3\/2025\/02\/Merz-und-Macron-einigen-sich-auf-neues-Kapitel-der-deutsch-franzoesischen.jpg","keywords":["AUF","Beziehungen","der","deutschfranz\u00f6sischen","einigen","KAPITEL","macron","Merz","neues","sich","und"],"articleSection":["Deutschland","Russland"],"inLanguage":"de","potentialAction":[{"@type":"CommentAction","name":"Comment","target":["https:\/\/now-news.de\/de\/deutschland\/merz-und-macron-einigen-sich-auf-neues-kapitel-der-deutsch-franzoesischen-beziehungen\/#respond"]}]},{"@type":"WebPage","@id":"https:\/\/now-news.de\/de\/deutschland\/merz-und-macron-einigen-sich-auf-neues-kapitel-der-deutsch-franzoesischen-beziehungen\/","url":"https:\/\/now-news.de\/de\/deutschland\/merz-und-macron-einigen-sich-auf-neues-kapitel-der-deutsch-franzoesischen-beziehungen\/","name":"Merz und Macron einigen sich auf neues Kapitel der deutsch-franz\u00f6sischen Beziehungen - just-now.NEWS Deutschland","isPartOf":{"@id":"https:\/\/now-news.de\/de\/#website"},"primaryImageOfPage":{"@id":"https:\/\/now-news.de\/de\/deutschland\/merz-und-macron-einigen-sich-auf-neues-kapitel-der-deutsch-franzoesischen-beziehungen\/#primaryimage"},"image":{"@id":"https:\/\/now-news.de\/de\/deutschland\/merz-und-macron-einigen-sich-auf-neues-kapitel-der-deutsch-franzoesischen-beziehungen\/#primaryimage"},"thumbnailUrl":"https:\/\/now-news.de\/de\/wp-content\/uploads\/sites\/3\/2025\/02\/Merz-und-Macron-einigen-sich-auf-neues-Kapitel-der-deutsch-franzoesischen.jpg","datePublished":"2025-02-27T14:31:00+00:00","dateModified":"2025-02-27T14:31:00+00:00","breadcrumb":{"@id":"https:\/\/now-news.de\/de\/deutschland\/merz-und-macron-einigen-sich-auf-neues-kapitel-der-deutsch-franzoesischen-beziehungen\/#breadcrumb"},"inLanguage":"de","potentialAction":[{"@type":"ReadAction","target":["https:\/\/now-news.de\/de\/deutschland\/merz-und-macron-einigen-sich-auf-neues-kapitel-der-deutsch-franzoesischen-beziehungen\/"]}]},{"@type":"ImageObject","inLanguage":"de","@id":"https:\/\/now-news.de\/de\/deutschland\/merz-und-macron-einigen-sich-auf-neues-kapitel-der-deutsch-franzoesischen-beziehungen\/#primaryimage","url":"https:\/\/now-news.de\/de\/wp-content\/uploads\/sites\/3\/2025\/02\/Merz-und-Macron-einigen-sich-auf-neues-Kapitel-der-deutsch-franzoesischen.jpg","contentUrl":"https:\/\/now-news.de\/de\/wp-content\/uploads\/sites\/3\/2025\/02\/Merz-und-Macron-einigen-sich-auf-neues-Kapitel-der-deutsch-franzoesischen.jpg","width":460,"height":259,"caption":"Merz und Macron einigen sich auf neues Kapitel der deutsch-franz\u00f6sischen Beziehungen"},{"@type":"BreadcrumbList","@id":"https:\/\/now-news.de\/de\/deutschland\/merz-und-macron-einigen-sich-auf-neues-kapitel-der-deutsch-franzoesischen-beziehungen\/#breadcrumb","itemListElement":[{"@type":"ListItem","position":1,"name":"Home","item":"https:\/\/now-news.de\/de\/"},{"@type":"ListItem","position":2,"name":"Merz und Macron einigen sich auf neues Kapitel der deutsch-franz\u00f6sischen Beziehungen"}]},{"@type":"WebSite","@id":"https:\/\/now-news.de\/de\/#website","url":"https:\/\/now-news.de\/de\/","name":"just-now.NEWS Deutschland","description":"Das Portal f\u00fcr unzensierte Nachrichten aus der Welt","publisher":{"@id":"https:\/\/now-news.de\/de\/#organization"},"potentialAction":[{"@type":"SearchAction","target":{"@type":"EntryPoint","urlTemplate":"https:\/\/now-news.de\/de\/?s={search_term_string}"},"query-input":"required name=search_term_string"}],"inLanguage":"de"},{"@type":"Organization","@id":"https:\/\/now-news.de\/de\/#organization","name":"Just Now News","url":"https:\/\/now-news.de\/de\/","logo":{"@type":"ImageObject","inLanguage":"de","@id":"https:\/\/now-news.de\/de\/#\/schema\/logo\/image\/","url":"http:\/\/just-now.news\/de\/wp-content\/uploads\/sites\/3\/2022\/04\/logo500x500.jpg","contentUrl":"http:\/\/just-now.news\/de\/wp-content\/uploads\/sites\/3\/2022\/04\/logo500x500.jpg","width":500,"height":500,"caption":"Just Now News"},"image":{"@id":"https:\/\/now-news.de\/de\/#\/schema\/logo\/image\/"},"sameAs":["https:\/\/www.facebook.com\/wirmachenauf","https:\/\/x.com\/WirMachenAuf_de"]},{"@type":"Person","@id":"https:\/\/now-news.de\/de\/#\/schema\/person\/fb534a4e865501d8b3285208df34a9b5","name":"rtnews","image":{"@type":"ImageObject","inLanguage":"de","@id":"https:\/\/now-news.de\/de\/#\/schema\/person\/image\/","url":"https:\/\/secure.gravatar.com\/avatar\/82aafea7d8127119dd649515f56e2117?s=96&d=mm&r=g","contentUrl":"https:\/\/secure.gravatar.com\/avatar\/82aafea7d8127119dd649515f56e2117?s=96&d=mm&r=g","caption":"rtnews"},"url":"https:\/\/now-news.de\/de\/author\/rnews\/"}]}},"_links":{"self":[{"href":"https:\/\/now-news.de\/de\/wp-json\/wp\/v2\/posts\/79329"}],"collection":[{"href":"https:\/\/now-news.de\/de\/wp-json\/wp\/v2\/posts"}],"about":[{"href":"https:\/\/now-news.de\/de\/wp-json\/wp\/v2\/types\/post"}],"author":[{"embeddable":true,"href":"https:\/\/now-news.de\/de\/wp-json\/wp\/v2\/users\/3"}],"replies":[{"embeddable":true,"href":"https:\/\/now-news.de\/de\/wp-json\/wp\/v2\/comments?post=79329"}],"version-history":[{"count":0,"href":"https:\/\/now-news.de\/de\/wp-json\/wp\/v2\/posts\/79329\/revisions"}],"wp:featuredmedia":[{"embeddable":true,"href":"https:\/\/now-news.de\/de\/wp-json\/wp\/v2\/media\/79330"}],"wp:attachment":[{"href":"https:\/\/now-news.de\/de\/wp-json\/wp\/v2\/media?parent=79329"}],"wp:term":[{"taxonomy":"category","embeddable":true,"href":"https:\/\/now-news.de\/de\/wp-json\/wp\/v2\/categories?post=79329"},{"taxonomy":"post_tag","embeddable":true,"href":"https:\/\/now-news.de\/de\/wp-json\/wp\/v2\/tags?post=79329"}],"curies":[{"name":"wp","href":"https:\/\/api.w.org\/{rel}","templated":true}]}}