{"id":79321,"date":"2025-02-27T15:06:41","date_gmt":"2025-02-27T13:06:41","guid":{"rendered":"https:\/\/now-news.de\/de\/deutschland\/sberbank-chef-warnt-keine-lockerung-der-sanktionen-in-sicht\/"},"modified":"2025-02-27T15:06:41","modified_gmt":"2025-02-27T13:06:41","slug":"sberbank-chef-warnt-keine-lockerung-der-sanktionen-in-sicht","status":"publish","type":"post","link":"https:\/\/now-news.de\/de\/deutschland\/sberbank-chef-warnt-keine-lockerung-der-sanktionen-in-sicht\/","title":{"rendered":"Sberbank-Chef warnt: Keine Lockerung der Sanktionen in Sicht"},"content":{"rendered":"<p><img decoding=\"async\" src=\"https:\/\/now-news.de\/de\/wp-content\/uploads\/sites\/3\/2025\/02\/67c05b02b480cc649b6ed662.jpg\" \/><\/p>\n<div class=\"Text-root Text-type_1 \">\n                Der Chef der Sberbank, der gr\u00f6\u00dften Bank Russlands, rechnet trotz einer vorsichtigen Ann\u00e4herung mit den USA mit einer Versch\u00e4rfung der Sanktionen gegen Russland. Allerdings werde dem Thema nicht mehr so viel Aufmerksamkeit geschenkt wie fr\u00fcher, betont er.\n            <\/div>\n<p><\/p>\n<div class=\"Text-root Text-type_5 ArticleView-text ViewText-root \">\n<p>German Gref, der Vorstandsvorsitzende der Sberbank, hat erkl\u00e4rt, dass das Geldinstitut mit einer weiteren Versch\u00e4rfung der Sanktionen gegen Russland rechnet. In einem Gespr\u00e4ch mit Investoren betonte Gref am Donnerstag, dass es keine Anzeichen f\u00fcr eine Lockerung der bestehenden Sanktionen gebe.<\/p>\n<blockquote>\n<p><em>&#8220;Wir gehen von dem Szenario aus, dass keine Sanktionen aufgehoben werden, und wir gehen auch davon aus, dass die Sanktionen versch\u00e4rft werden. Alles, was dar\u00fcber hinausgeht, w\u00e4re also ein Gl\u00fccksfall.&#8221;<\/em><\/p>\n<\/blockquote>\n<p>Dennoch analysiere man Szenarien bez\u00fcglich einer m\u00f6glichen Aufhebung der Sanktionen. Gref zufolge k\u00f6nnte dieser Schritt bedeutende wirtschaftliche Auswirkungen haben, einschlie\u00dflich eines st\u00e4rkeren Wachstums des Aktienmarktes und eines verst\u00e4rkten Zuflusses ausl\u00e4ndischer Investitionen.<\/p>\n<p>Generell, so der Banker und Ex-Minister, habe er &#8220;aufgeh\u00f6rt, unsere Sanktionen zu z\u00e4hlen&#8221;. Fr\u00fcher habe man mit Schaudern auf neue Restriktionen gewartet, heute sei es absolut uninteressant, was sich &#8220;geistig ungesunde Menschen&#8221; einfallen lassen, um keine Xbox-Konsolen nach Russland zu liefern.<\/p>\n<p>Eine m\u00f6gliche Lockerung der Russland-Sanktionen war zuletzt wegen diplomatischer Gespr\u00e4che zwischen Moskau und Washington diskutiert worden. US-Pr\u00e4sident Donald Trump machte jedoch deutlich, dass eine Aufhebung der Sanktionen nur im Rahmen eines Friedensabkommens zwischen Russland und der Ukraine in Frage komme.<\/p>\n<p>Am dritten Jahrestag der\u00a0Kriegshandlungen beschloss die US-Regierung, keine neuen Sanktionen gegen Russland zu verh\u00e4ngen. Die Europ\u00e4ische Union und Gro\u00dfbritannien hingegen versch\u00e4rften ihre Ma\u00dfnahmen und bereiten bereits weitere Sanktionspakete vor.<\/p>\n<p>Seit\u00a02022 steht die Sberbank auf den Sanktionslisten der USA, der EU und Gro\u00dfbritanniens. Die entsprechende Bank-App wurde aus dem App Store und Google Play entfernt.\u00a0<\/p>\n<p><strong>Mehr zum Thema<\/strong> &#8211; <a rel=\"nofollow noopener\" target=\"_blank\" href=\"https:\/\/freeassange.rtde.live\/wirtschaft\/228875-top-banker-russische-wirtschaft-zeigt\/\">Top-Banker: Russische Wirtschaft zeigt Anzeichen einer Abschw\u00e4chung<\/a><\/p>\n<\/div>\n<p><br \/>\n<br \/><a href=\"https:\/\/de.rt.com\/wirtschaft\/238159-sberbank-chef-warnt-keine-lockerung\/\">Source link <\/a><\/p>\n","protected":false},"excerpt":{"rendered":"<p>Der Chef der Sberbank, der gr\u00f6\u00dften Bank Russlands, rechnet trotz einer vorsichtigen Ann\u00e4herung mit den USA mit einer Versch\u00e4rfung der Sanktionen gegen Russland. Allerdings werde dem Thema nicht mehr so viel Aufmerksamkeit geschenkt wie fr\u00fcher, betont er. German Gref, der Vorstandsvorsitzende der Sberbank, hat erkl\u00e4rt, dass das Geldinstitut mit einer weiteren Versch\u00e4rfung der Sanktionen gegen [&hellip;]<\/p>\n","protected":false},"author":3,"featured_media":79322,"comment_status":"open","ping_status":"open","sticky":false,"template":"","format":"standard","meta":{"_yoast_indexnow_last_ping":["1740661825"],"wp_automatic_camp":["217"],"606e580b4baf3d2ac21cfa271d4d0128":["Sberbank-Chef warnt: Keine Lockerung der Sanktionen in Sicht"],"original_link":["https:\/\/de.rt.com\/wirtschaft\/238159-sberbank-chef-warnt-keine-lockerung\/"],"jnews_social_counter_last_update":["1776831368"],"_thumbnail_id":["79322"],"_wptgpro_p2tg_sent2tg":["a:1:{i:23737;s:19:\"2025-02-27 15:11:18\";}"]},"categories":[19,23],"tags":[82,375,23932,713,24896,13406,912],"yoast_head":"<!-- This site is optimized with the Yoast SEO Premium plugin v22.7 (Yoast SEO v22.7) - https:\/\/yoast.com\/wordpress\/plugins\/seo\/ -->\n<title>Sberbank-Chef warnt: Keine Lockerung der Sanktionen in Sicht - just-now.NEWS Deutschland<\/title>\n<meta name=\"robots\" content=\"index, follow, max-snippet:-1, max-image-preview:large, max-video-preview:-1\" \/>\n<link rel=\"canonical\" href=\"https:\/\/now-news.de\/de\/deutschland\/sberbank-chef-warnt-keine-lockerung-der-sanktionen-in-sicht\/\" \/>\n<meta property=\"og:locale\" content=\"de_DE\" \/>\n<meta property=\"og:type\" content=\"article\" \/>\n<meta property=\"og:title\" content=\"Sberbank-Chef warnt: Keine Lockerung der Sanktionen in Sicht\" \/>\n<meta property=\"og:description\" content=\"Der Chef der Sberbank, der gr\u00f6\u00dften Bank Russlands, rechnet trotz einer vorsichtigen Ann\u00e4herung mit den USA mit einer Versch\u00e4rfung der Sanktionen gegen Russland. Allerdings werde dem Thema nicht mehr so viel Aufmerksamkeit geschenkt wie fr\u00fcher, betont er. German Gref, der Vorstandsvorsitzende der Sberbank, hat erkl\u00e4rt, dass das Geldinstitut mit einer weiteren Versch\u00e4rfung der Sanktionen gegen [&hellip;]\" \/>\n<meta property=\"og:url\" content=\"https:\/\/now-news.de\/de\/deutschland\/sberbank-chef-warnt-keine-lockerung-der-sanktionen-in-sicht\/\" \/>\n<meta property=\"og:site_name\" content=\"just-now.NEWS Deutschland\" \/>\n<meta property=\"article:publisher\" content=\"https:\/\/www.facebook.com\/wirmachenauf\" \/>\n<meta property=\"article:published_time\" content=\"2025-02-27T13:06:41+00:00\" \/>\n<meta property=\"og:image\" content=\"https:\/\/now-news.de\/de\/wp-content\/uploads\/sites\/3\/2025\/02\/67c05b02b480cc649b6ed662.jpg\" \/>\n<meta name=\"author\" content=\"rtnews\" \/>\n<meta name=\"twitter:card\" content=\"summary_large_image\" \/>\n<meta name=\"twitter:creator\" content=\"@WirMachenAuf_de\" \/>\n<meta name=\"twitter:site\" content=\"@WirMachenAuf_de\" \/>\n<meta name=\"twitter:label1\" content=\"Verfasst von\" \/>\n\t<meta name=\"twitter:data1\" content=\"rtnews\" \/>\n\t<meta name=\"twitter:label2\" content=\"Gesch\u00e4tzte Lesezeit\" \/>\n\t<meta name=\"twitter:data2\" content=\"2\u00a0Minuten\" \/>\n<script type=\"application\/ld+json\" class=\"yoast-schema-graph\">{\"@context\":\"https:\/\/schema.org\",\"@graph\":[{\"@type\":\"Article\",\"@id\":\"https:\/\/now-news.de\/de\/deutschland\/sberbank-chef-warnt-keine-lockerung-der-sanktionen-in-sicht\/#article\",\"isPartOf\":{\"@id\":\"https:\/\/now-news.de\/de\/deutschland\/sberbank-chef-warnt-keine-lockerung-der-sanktionen-in-sicht\/\"},\"author\":{\"name\":\"rtnews\",\"@id\":\"https:\/\/now-news.de\/de\/#\/schema\/person\/fb534a4e865501d8b3285208df34a9b5\"},\"headline\":\"Sberbank-Chef warnt: Keine Lockerung der Sanktionen in Sicht\",\"datePublished\":\"2025-02-27T13:06:41+00:00\",\"dateModified\":\"2025-02-27T13:06:41+00:00\",\"mainEntityOfPage\":{\"@id\":\"https:\/\/now-news.de\/de\/deutschland\/sberbank-chef-warnt-keine-lockerung-der-sanktionen-in-sicht\/\"},\"wordCount\":328,\"commentCount\":0,\"publisher\":{\"@id\":\"https:\/\/now-news.de\/de\/#organization\"},\"image\":{\"@id\":\"https:\/\/now-news.de\/de\/deutschland\/sberbank-chef-warnt-keine-lockerung-der-sanktionen-in-sicht\/#primaryimage\"},\"thumbnailUrl\":\"https:\/\/now-news.de\/de\/wp-content\/uploads\/sites\/3\/2025\/02\/Sberbank-Chef-warnt-Keine-Lockerung-der-Sanktionen-in-Sicht.jpg\",\"keywords\":[\"der\",\"keine\",\"Lockerung\",\"Sanktionen\",\"SberbankChef\",\"Sicht\",\"warnt\"],\"articleSection\":[\"Deutschland\",\"Russland\"],\"inLanguage\":\"de\",\"potentialAction\":[{\"@type\":\"CommentAction\",\"name\":\"Comment\",\"target\":[\"https:\/\/now-news.de\/de\/deutschland\/sberbank-chef-warnt-keine-lockerung-der-sanktionen-in-sicht\/#respond\"]}]},{\"@type\":\"WebPage\",\"@id\":\"https:\/\/now-news.de\/de\/deutschland\/sberbank-chef-warnt-keine-lockerung-der-sanktionen-in-sicht\/\",\"url\":\"https:\/\/now-news.de\/de\/deutschland\/sberbank-chef-warnt-keine-lockerung-der-sanktionen-in-sicht\/\",\"name\":\"Sberbank-Chef warnt: Keine Lockerung der Sanktionen in Sicht - just-now.NEWS Deutschland\",\"isPartOf\":{\"@id\":\"https:\/\/now-news.de\/de\/#website\"},\"primaryImageOfPage\":{\"@id\":\"https:\/\/now-news.de\/de\/deutschland\/sberbank-chef-warnt-keine-lockerung-der-sanktionen-in-sicht\/#primaryimage\"},\"image\":{\"@id\":\"https:\/\/now-news.de\/de\/deutschland\/sberbank-chef-warnt-keine-lockerung-der-sanktionen-in-sicht\/#primaryimage\"},\"thumbnailUrl\":\"https:\/\/now-news.de\/de\/wp-content\/uploads\/sites\/3\/2025\/02\/Sberbank-Chef-warnt-Keine-Lockerung-der-Sanktionen-in-Sicht.jpg\",\"datePublished\":\"2025-02-27T13:06:41+00:00\",\"dateModified\":\"2025-02-27T13:06:41+00:00\",\"breadcrumb\":{\"@id\":\"https:\/\/now-news.de\/de\/deutschland\/sberbank-chef-warnt-keine-lockerung-der-sanktionen-in-sicht\/#breadcrumb\"},\"inLanguage\":\"de\",\"potentialAction\":[{\"@type\":\"ReadAction\",\"target\":[\"https:\/\/now-news.de\/de\/deutschland\/sberbank-chef-warnt-keine-lockerung-der-sanktionen-in-sicht\/\"]}]},{\"@type\":\"ImageObject\",\"inLanguage\":\"de\",\"@id\":\"https:\/\/now-news.de\/de\/deutschland\/sberbank-chef-warnt-keine-lockerung-der-sanktionen-in-sicht\/#primaryimage\",\"url\":\"https:\/\/now-news.de\/de\/wp-content\/uploads\/sites\/3\/2025\/02\/Sberbank-Chef-warnt-Keine-Lockerung-der-Sanktionen-in-Sicht.jpg\",\"contentUrl\":\"https:\/\/now-news.de\/de\/wp-content\/uploads\/sites\/3\/2025\/02\/Sberbank-Chef-warnt-Keine-Lockerung-der-Sanktionen-in-Sicht.jpg\",\"width\":460,\"height\":259,\"caption\":\"Sberbank-Chef warnt: Keine Lockerung der Sanktionen in Sicht\"},{\"@type\":\"BreadcrumbList\",\"@id\":\"https:\/\/now-news.de\/de\/deutschland\/sberbank-chef-warnt-keine-lockerung-der-sanktionen-in-sicht\/#breadcrumb\",\"itemListElement\":[{\"@type\":\"ListItem\",\"position\":1,\"name\":\"Home\",\"item\":\"https:\/\/now-news.de\/de\/\"},{\"@type\":\"ListItem\",\"position\":2,\"name\":\"Sberbank-Chef warnt: Keine Lockerung der Sanktionen in Sicht\"}]},{\"@type\":\"WebSite\",\"@id\":\"https:\/\/now-news.de\/de\/#website\",\"url\":\"https:\/\/now-news.de\/de\/\",\"name\":\"just-now.NEWS Deutschland\",\"description\":\"Das Portal f\u00fcr unzensierte Nachrichten aus der Welt\",\"publisher\":{\"@id\":\"https:\/\/now-news.de\/de\/#organization\"},\"potentialAction\":[{\"@type\":\"SearchAction\",\"target\":{\"@type\":\"EntryPoint\",\"urlTemplate\":\"https:\/\/now-news.de\/de\/?s={search_term_string}\"},\"query-input\":\"required name=search_term_string\"}],\"inLanguage\":\"de\"},{\"@type\":\"Organization\",\"@id\":\"https:\/\/now-news.de\/de\/#organization\",\"name\":\"Just Now News\",\"url\":\"https:\/\/now-news.de\/de\/\",\"logo\":{\"@type\":\"ImageObject\",\"inLanguage\":\"de\",\"@id\":\"https:\/\/now-news.de\/de\/#\/schema\/logo\/image\/\",\"url\":\"http:\/\/just-now.news\/de\/wp-content\/uploads\/sites\/3\/2022\/04\/logo500x500.jpg\",\"contentUrl\":\"http:\/\/just-now.news\/de\/wp-content\/uploads\/sites\/3\/2022\/04\/logo500x500.jpg\",\"width\":500,\"height\":500,\"caption\":\"Just Now News\"},\"image\":{\"@id\":\"https:\/\/now-news.de\/de\/#\/schema\/logo\/image\/\"},\"sameAs\":[\"https:\/\/www.facebook.com\/wirmachenauf\",\"https:\/\/x.com\/WirMachenAuf_de\"]},{\"@type\":\"Person\",\"@id\":\"https:\/\/now-news.de\/de\/#\/schema\/person\/fb534a4e865501d8b3285208df34a9b5\",\"name\":\"rtnews\",\"image\":{\"@type\":\"ImageObject\",\"inLanguage\":\"de\",\"@id\":\"https:\/\/now-news.de\/de\/#\/schema\/person\/image\/\",\"url\":\"https:\/\/secure.gravatar.com\/avatar\/82aafea7d8127119dd649515f56e2117?s=96&d=mm&r=g\",\"contentUrl\":\"https:\/\/secure.gravatar.com\/avatar\/82aafea7d8127119dd649515f56e2117?s=96&d=mm&r=g\",\"caption\":\"rtnews\"},\"url\":\"https:\/\/now-news.de\/de\/author\/rnews\/\"}]}<\/script>\n<!-- \/ Yoast SEO Premium plugin. -->","yoast_head_json":{"title":"Sberbank-Chef warnt: Keine Lockerung der Sanktionen in Sicht - just-now.NEWS Deutschland","robots":{"index":"index","follow":"follow","max-snippet":"max-snippet:-1","max-image-preview":"max-image-preview:large","max-video-preview":"max-video-preview:-1"},"canonical":"https:\/\/now-news.de\/de\/deutschland\/sberbank-chef-warnt-keine-lockerung-der-sanktionen-in-sicht\/","og_locale":"de_DE","og_type":"article","og_title":"Sberbank-Chef warnt: Keine Lockerung der Sanktionen in Sicht","og_description":"Der Chef der Sberbank, der gr\u00f6\u00dften Bank Russlands, rechnet trotz einer vorsichtigen Ann\u00e4herung mit den USA mit einer Versch\u00e4rfung der Sanktionen gegen Russland. Allerdings werde dem Thema nicht mehr so viel Aufmerksamkeit geschenkt wie fr\u00fcher, betont er. German Gref, der Vorstandsvorsitzende der Sberbank, hat erkl\u00e4rt, dass das Geldinstitut mit einer weiteren Versch\u00e4rfung der Sanktionen gegen [&hellip;]","og_url":"https:\/\/now-news.de\/de\/deutschland\/sberbank-chef-warnt-keine-lockerung-der-sanktionen-in-sicht\/","og_site_name":"just-now.NEWS Deutschland","article_publisher":"https:\/\/www.facebook.com\/wirmachenauf","article_published_time":"2025-02-27T13:06:41+00:00","og_image":[{"url":"https:\/\/now-news.de\/de\/wp-content\/uploads\/sites\/3\/2025\/02\/67c05b02b480cc649b6ed662.jpg"}],"author":"rtnews","twitter_card":"summary_large_image","twitter_creator":"@WirMachenAuf_de","twitter_site":"@WirMachenAuf_de","twitter_misc":{"Verfasst von":"rtnews","Gesch\u00e4tzte Lesezeit":"2\u00a0Minuten"},"schema":{"@context":"https:\/\/schema.org","@graph":[{"@type":"Article","@id":"https:\/\/now-news.de\/de\/deutschland\/sberbank-chef-warnt-keine-lockerung-der-sanktionen-in-sicht\/#article","isPartOf":{"@id":"https:\/\/now-news.de\/de\/deutschland\/sberbank-chef-warnt-keine-lockerung-der-sanktionen-in-sicht\/"},"author":{"name":"rtnews","@id":"https:\/\/now-news.de\/de\/#\/schema\/person\/fb534a4e865501d8b3285208df34a9b5"},"headline":"Sberbank-Chef warnt: Keine Lockerung der Sanktionen in Sicht","datePublished":"2025-02-27T13:06:41+00:00","dateModified":"2025-02-27T13:06:41+00:00","mainEntityOfPage":{"@id":"https:\/\/now-news.de\/de\/deutschland\/sberbank-chef-warnt-keine-lockerung-der-sanktionen-in-sicht\/"},"wordCount":328,"commentCount":0,"publisher":{"@id":"https:\/\/now-news.de\/de\/#organization"},"image":{"@id":"https:\/\/now-news.de\/de\/deutschland\/sberbank-chef-warnt-keine-lockerung-der-sanktionen-in-sicht\/#primaryimage"},"thumbnailUrl":"https:\/\/now-news.de\/de\/wp-content\/uploads\/sites\/3\/2025\/02\/Sberbank-Chef-warnt-Keine-Lockerung-der-Sanktionen-in-Sicht.jpg","keywords":["der","keine","Lockerung","Sanktionen","SberbankChef","Sicht","warnt"],"articleSection":["Deutschland","Russland"],"inLanguage":"de","potentialAction":[{"@type":"CommentAction","name":"Comment","target":["https:\/\/now-news.de\/de\/deutschland\/sberbank-chef-warnt-keine-lockerung-der-sanktionen-in-sicht\/#respond"]}]},{"@type":"WebPage","@id":"https:\/\/now-news.de\/de\/deutschland\/sberbank-chef-warnt-keine-lockerung-der-sanktionen-in-sicht\/","url":"https:\/\/now-news.de\/de\/deutschland\/sberbank-chef-warnt-keine-lockerung-der-sanktionen-in-sicht\/","name":"Sberbank-Chef warnt: Keine Lockerung der Sanktionen in Sicht - just-now.NEWS Deutschland","isPartOf":{"@id":"https:\/\/now-news.de\/de\/#website"},"primaryImageOfPage":{"@id":"https:\/\/now-news.de\/de\/deutschland\/sberbank-chef-warnt-keine-lockerung-der-sanktionen-in-sicht\/#primaryimage"},"image":{"@id":"https:\/\/now-news.de\/de\/deutschland\/sberbank-chef-warnt-keine-lockerung-der-sanktionen-in-sicht\/#primaryimage"},"thumbnailUrl":"https:\/\/now-news.de\/de\/wp-content\/uploads\/sites\/3\/2025\/02\/Sberbank-Chef-warnt-Keine-Lockerung-der-Sanktionen-in-Sicht.jpg","datePublished":"2025-02-27T13:06:41+00:00","dateModified":"2025-02-27T13:06:41+00:00","breadcrumb":{"@id":"https:\/\/now-news.de\/de\/deutschland\/sberbank-chef-warnt-keine-lockerung-der-sanktionen-in-sicht\/#breadcrumb"},"inLanguage":"de","potentialAction":[{"@type":"ReadAction","target":["https:\/\/now-news.de\/de\/deutschland\/sberbank-chef-warnt-keine-lockerung-der-sanktionen-in-sicht\/"]}]},{"@type":"ImageObject","inLanguage":"de","@id":"https:\/\/now-news.de\/de\/deutschland\/sberbank-chef-warnt-keine-lockerung-der-sanktionen-in-sicht\/#primaryimage","url":"https:\/\/now-news.de\/de\/wp-content\/uploads\/sites\/3\/2025\/02\/Sberbank-Chef-warnt-Keine-Lockerung-der-Sanktionen-in-Sicht.jpg","contentUrl":"https:\/\/now-news.de\/de\/wp-content\/uploads\/sites\/3\/2025\/02\/Sberbank-Chef-warnt-Keine-Lockerung-der-Sanktionen-in-Sicht.jpg","width":460,"height":259,"caption":"Sberbank-Chef warnt: Keine Lockerung der Sanktionen in Sicht"},{"@type":"BreadcrumbList","@id":"https:\/\/now-news.de\/de\/deutschland\/sberbank-chef-warnt-keine-lockerung-der-sanktionen-in-sicht\/#breadcrumb","itemListElement":[{"@type":"ListItem","position":1,"name":"Home","item":"https:\/\/now-news.de\/de\/"},{"@type":"ListItem","position":2,"name":"Sberbank-Chef warnt: Keine Lockerung der Sanktionen in Sicht"}]},{"@type":"WebSite","@id":"https:\/\/now-news.de\/de\/#website","url":"https:\/\/now-news.de\/de\/","name":"just-now.NEWS Deutschland","description":"Das Portal f\u00fcr unzensierte Nachrichten aus der Welt","publisher":{"@id":"https:\/\/now-news.de\/de\/#organization"},"potentialAction":[{"@type":"SearchAction","target":{"@type":"EntryPoint","urlTemplate":"https:\/\/now-news.de\/de\/?s={search_term_string}"},"query-input":"required name=search_term_string"}],"inLanguage":"de"},{"@type":"Organization","@id":"https:\/\/now-news.de\/de\/#organization","name":"Just Now News","url":"https:\/\/now-news.de\/de\/","logo":{"@type":"ImageObject","inLanguage":"de","@id":"https:\/\/now-news.de\/de\/#\/schema\/logo\/image\/","url":"http:\/\/just-now.news\/de\/wp-content\/uploads\/sites\/3\/2022\/04\/logo500x500.jpg","contentUrl":"http:\/\/just-now.news\/de\/wp-content\/uploads\/sites\/3\/2022\/04\/logo500x500.jpg","width":500,"height":500,"caption":"Just Now News"},"image":{"@id":"https:\/\/now-news.de\/de\/#\/schema\/logo\/image\/"},"sameAs":["https:\/\/www.facebook.com\/wirmachenauf","https:\/\/x.com\/WirMachenAuf_de"]},{"@type":"Person","@id":"https:\/\/now-news.de\/de\/#\/schema\/person\/fb534a4e865501d8b3285208df34a9b5","name":"rtnews","image":{"@type":"ImageObject","inLanguage":"de","@id":"https:\/\/now-news.de\/de\/#\/schema\/person\/image\/","url":"https:\/\/secure.gravatar.com\/avatar\/82aafea7d8127119dd649515f56e2117?s=96&d=mm&r=g","contentUrl":"https:\/\/secure.gravatar.com\/avatar\/82aafea7d8127119dd649515f56e2117?s=96&d=mm&r=g","caption":"rtnews"},"url":"https:\/\/now-news.de\/de\/author\/rnews\/"}]}},"_links":{"self":[{"href":"https:\/\/now-news.de\/de\/wp-json\/wp\/v2\/posts\/79321"}],"collection":[{"href":"https:\/\/now-news.de\/de\/wp-json\/wp\/v2\/posts"}],"about":[{"href":"https:\/\/now-news.de\/de\/wp-json\/wp\/v2\/types\/post"}],"author":[{"embeddable":true,"href":"https:\/\/now-news.de\/de\/wp-json\/wp\/v2\/users\/3"}],"replies":[{"embeddable":true,"href":"https:\/\/now-news.de\/de\/wp-json\/wp\/v2\/comments?post=79321"}],"version-history":[{"count":0,"href":"https:\/\/now-news.de\/de\/wp-json\/wp\/v2\/posts\/79321\/revisions"}],"wp:featuredmedia":[{"embeddable":true,"href":"https:\/\/now-news.de\/de\/wp-json\/wp\/v2\/media\/79322"}],"wp:attachment":[{"href":"https:\/\/now-news.de\/de\/wp-json\/wp\/v2\/media?parent=79321"}],"wp:term":[{"taxonomy":"category","embeddable":true,"href":"https:\/\/now-news.de\/de\/wp-json\/wp\/v2\/categories?post=79321"},{"taxonomy":"post_tag","embeddable":true,"href":"https:\/\/now-news.de\/de\/wp-json\/wp\/v2\/tags?post=79321"}],"curies":[{"name":"wp","href":"https:\/\/api.w.org\/{rel}","templated":true}]}}