{"id":79307,"date":"2025-02-27T09:14:26","date_gmt":"2025-02-27T07:14:26","guid":{"rendered":"https:\/\/now-news.de\/de\/deutschland\/nach-dem-wahlkrampf-die-groko-merz-spezial-dragees-und-395-000-stimmen-fuer-robert\/"},"modified":"2025-02-27T09:14:26","modified_gmt":"2025-02-27T07:14:26","slug":"nach-dem-wahlkrampf-die-groko-merz-spezial-dragees-und-395-000-stimmen-fuer-robert","status":"publish","type":"post","link":"https:\/\/now-news.de\/de\/deutschland\/nach-dem-wahlkrampf-die-groko-merz-spezial-dragees-und-395-000-stimmen-fuer-robert\/","title":{"rendered":"Nach dem Wahlkrampf: Die GroKo, Merz Spezial Dragees und 395.000 Stimmen f\u00fcr Robert"},"content":{"rendered":"<div class=\"Text-root Text-type_1 \">\n                Schmerzfrei sind die Deutschen, so die Kurzerkenntnis an Tag 4 nach der Wahl. Dazu der unbedingte Wille zur bewussten Verdr\u00e4ngung, medial sediert und manipuliert in der &#8220;demokratischen&#8221; Entscheidungsfindung, welche Parteien vorerst das Land weiter zerst\u00f6ren d\u00fcrfen. Und dann gibt es da noch die Robert-B\u00fcrgerfraktion.\n            <\/div>\n<p><\/p>\n<div class=\"Text-root Text-type_5 ArticleView-text ViewText-root \">\n<p><em>Von Bernhard Loyen<\/em><\/p>\n<p>Indolenzien klingt ein bisschen, wie ein Land aus einem bis dato unbekannten dystopischen Roman. Indolenz\u00a0bedeutet Schmerzlosigkeit, auch Schmerzfreiheit. Ein Zustand der Gleichg\u00fcltigkeit gegen\u00fcber Schmerzen im k\u00f6rperlichen wie auch im psychischen Sinne. Die sehr kurze Zusammenfassung der mehr als bedenklichen, jedoch wenig \u00fcberraschenden Wahlentscheidung eines Gro\u00dfteils der Mitb\u00fcrger lautet f\u00fcr den 23. Februar dieses Jahres: Bitte weiter politisch peinigen, n\u00f6tigen, abwerten, verleumden und bestrafen.\u00a0Herzlich willkommen in Indolenzien!<\/p>\n<p>Anders k\u00f6nnen die Auswertungen und Ergebnisse in der gesellschaftspolitischen Anamnese kaum dargestellt werden. November 2021, die B\u00fcrger entschieden sich f\u00fcr einen politischen Neuanfang. Ein bisschen so, wie im letzten Jahrhundert, in der Zeit von 1998 bis 2005, auch da galten SPD und Gr\u00fcne als die empathischen Hoffnungstr\u00e4ger f\u00fcr dringend ersehnte sonnige Jahre. Weit gefehlt, es kam alles ganz anders, wie dann auch in den Jahren 2022\u20132025.<\/p>\n<p>Das Licht im Land wurde auf vielen gesellschaftlichen Ebenen mutwillig ausgeknipst. Die Sonne permanent von grauen Wolken einer wenig erbaulichen Zukunft verhangen. Ausschlaggebend, wesentlich verantwortlich, war daf\u00fcr ein eitler Gockel namens Robert Habeck samt seinem gr\u00fcnen Zerst\u00f6rerteam. Auf der Kommandobr\u00fccke des d\u00fcmpelnden Landeszerst\u00f6rers auch die &#8220;<a rel=\"nofollow noopener\" target=\"_blank\" href=\"https:\/\/www.cicero.de\/innenpolitik\/die-alte-tante-spd-ist-tot\/40137\">alte Tante SPD<\/a>&#8220;, eine ehemalige &#8220;Volkspartei&#8221;. Die mutwilligen Missetaten, die Unf\u00e4higkeit der Voraussicht, der unbedingte Wille der Demontage und Zerst\u00f6rung ist dokumentiert. Pr\u00e4sentiert sich t\u00e4glich im m\u00fchsam zu meisternden Alltagsbild und den Medienmeldungen. Das Endergebnis, katastrophale Wahlergebnisse f\u00fcr alle Parteien, weil, so der brave B\u00fcrger, &#8220;was willste auch machen, au\u00dfer das Kreuzchen?&#8221;&#8230;an der vorgegebenen richtigen Stelle. Blo\u00df keine Experimente, wer wei\u00df, was dabei herauskommt.<\/p>\n<p>Nun kommt es also aller Voraussicht nach wieder einmal zur Gro\u00dfen Koalition, also zu dem politischen Status quo der Jahre 2005 \u2013 2021. Gl\u00fcckwunsch an die B\u00fcrger von Indolenzien. Der gro\u00dfe Bruder tr\u00e4gt diesmal den Namen Friedrich Merz. Nat\u00fcrlich bietet sich umgehend der Schenkelklopfer an: sediertes Dasein \u2013 nur mit <a rel=\"nofollow noopener\" target=\"_blank\" href=\"https:\/\/www.merz-spezial.de\/products\/merz-spezial-dragees\">Merz Spezial Dragees<\/a>, &#8220;f\u00fcr sch\u00f6ne Haut, Haare und N\u00e4gel&#8221;, laut Beipackzettel &#8220;sind\u00a0bisher keine Nebenwirkungen bekannt.&#8221; Dabei hat Herr \u2013 BlackRock \u2013 Merz doch schon seine dunkle Seele nachdr\u00fccklich vermittelt.\u00a0Eine Schlagzeile im November 2021 <a rel=\"nofollow noopener\" target=\"_blank\" href=\"https:\/\/www.berliner-zeitung.de\/news\/merz-schlaegt-lockdown-fuer-ungeimpfte-und-2g-am-arbeitsplatz-vor-li.196709\">lautete<\/a>:<\/p>\n<p><em>&#8220;Friedrich Merz will 2G am Arbeitsplatz: &#8216;Kein Ungeimpfter mehr im B\u00fcro.&#8217; Der Zugang zum Betrieb und zur Arbeitsstelle sei dann &#8216;nur noch f\u00fcr Geimpfte und Genesene m\u00f6glich, mit allen Konsequenzen.'&#8221;<\/em><\/p>\n<p>Ja, die Konsequenzen der Arroganz der Macht. Da gab es doch in dieser Zeit noch einen weiteren CDU-Provokateur der Stunde, Jens Spahn. Seine Liste an Verbrechen ist lang. Steuergeldversenkung in Milliardenh\u00f6he (&#8220;Masken-Gate&#8221;), fahrl\u00e4ssige Bewerbung von neuartigen mRNA-Wirkstoffen sowie seelische Zerst\u00f6rung von Kindern und Jugendlichen in der Lockdown-Phase. Alles egal, daher darf die <em>ZDF<\/em>-Schlagzeile im Oktober des Vorjahres juristisch unbeschadet auch lauten:<\/p>\n<p><em>&#8220;Ex-Gesundheitsminister Jens Spahn strebt an, nach der kommenden Bundestagswahl erneut einen Ministerposten zu bekleiden. Kommt auch sein fr\u00fcheres Amt erneut f\u00fcr ihn in Frage?&#8221;\u00a0<\/em>\u00a0<\/p>\n<p>Als weiterer Gewinner vom 23. Februar empfinden sich die Linken. Auch diese Genossen waren \u00fcberzeugte Coronisten, haben ausgegrenzt, die Gesellschaft mutwillig gespalten. Da stellen sich dann\u00a064 neue Abgeordnete in den Berliner Reichstag und krakelen im Rausch der Minimacht von 8,7 Prozent Zustimmung im Land: &#8220;Alerta, alerta antifascista.&#8221; W\u00fcrde, also sollte die b\u00f6se AfD das mit entsprechender Losung wagen, so einen Auftritt, dann w\u00fcrde die <em>ZDF<\/em>-Mitarbeiterin Andrea Maurer sicherlich nicht ganz so f\u00f6rmlich auf X etwas dazu posten.<\/p>\n<div class=\"EmbedBlock-root EmbedBlock-twitter\">\n<div class=\"TwitterEmbed\">\n<blockquote class=\"twitter-tweet lazyload\" data-twitter=\"twitter-tweet\">\n<p lang=\"de\" dir=\"ltr\">\u201eAlerta, alerta antifascista\u201c &#8211; 64 neue Abgeordnete \u2066<a rel=\"nofollow noopener\" target=\"_blank\" href=\"https:\/\/twitter.com\/dieLinke?ref_src=twsrc%5Etfw\">@dieLinke<\/a>\u2069 am Beginn der neuen Legislatur. <a rel=\"nofollow noopener\" target=\"_blank\" href=\"https:\/\/t.co\/0WiF61e3fB\">pic.twitter.com\/0WiF61e3fB<\/a><\/p>\n<p>\u2014 Andrea Maurer (@an_maurer) <a rel=\"nofollow noopener\" target=\"_blank\" href=\"https:\/\/twitter.com\/an_maurer\/status\/1894361011815096512?ref_src=twsrc%5Etfw\">February 25, 2025<\/a><\/p><\/blockquote>\n<\/div>\n<\/div>\n<p>Selbsternannte Antifaschisten, Antifa-Aggros, wollten mich auf diversen Demonstrationen der Ma\u00dfnahmenkritiker im Jahr 2021 vordergr\u00fcndig jagen, schlagen oder es schallte einem entgegen:<\/p>\n<p>&#8220;Wir impfen euch alle&#8221;.<\/p>\n<figure class=\"RTImage-root\">\n<div class=\"RTImage-image RTImage-original\"><picture class=\"Picture-root Picture-original\"><!--[if IE 9]><video style=\"display: none;\"><![endif]--><source media=\"(-webkit-min-device-pixel-ratio: 2) and (min-resolution: 120dpi)\" data-srcset=\" \nhttps:\/\/now-news.de\/de\/wp-content\/uploads\/sites\/3\/2025\/02\/67bf0e6748fbef2c816cba45.jpg 850w,\n                https:\/\/now-news.de\/de\/wp-content\/uploads\/sites\/3\/2025\/02\/67bf0e6748fbef2c816cba45.jpg 1960w,            \" ><source data-srcset=\" \nhttps:\/\/now-news.de\/de\/wp-content\/uploads\/sites\/3\/2025\/02\/67bf0e6748fbef2c816cba45.jpg 460w,\n              https:\/\/now-news.de\/de\/wp-content\/uploads\/sites\/3\/2025\/02\/67bf0e6748fbef2c816cba45.jpg 980w,\n            \" ><!--[if IE 9]><\/video><![endif]--><img decoding=\"async\" data- src=\"data:image\/png;base64,iVBORw0KGgoAAAANSUhEUgAAABAAAAAJCAQAAACRI2S5AAAAEElEQVR42mNkIAAYRxWAAQAG9gAKqv6+AwAAAABJRU5ErkJggg==\" class=\"Picture-root Picture-original lazyload\" data-src=\"https:\/\/now-news.de\/de\/wp-content\/uploads\/sites\/3\/2025\/02\/67bf0e6748fbef2c816cba45.jpg\" alt=\"\"><\/source><\/source><\/picture><!-- noscript pattern --><noscript><img decoding=\"async\" src=\"https:\/\/now-news.de\/de\/wp-content\/uploads\/sites\/3\/2025\/02\/67bf0e6748fbef2c816cba45.jpg\" alt=\"\"><\/noscript><\/div><figcaption class=\"RTImage-footer\"><span class=\"RTImage-caption\"><\/span><span class=\"RTImage-source\"><span class=\"RTImage-captionItem\">Archiv B.Loyen<\/span><\/span><\/figcaption><\/figure>\n<p>Martin Schirdewan,\u00a0Mitglied der Linken-EU-Fraktion reiste j\u00fcngst dieser Tage nach Budapest, um dort einen Gewaltt\u00e4ter\u00a0<a rel=\"nofollow noopener\" target=\"_blank\" href=\"https:\/\/www.martin-schirdewan.eu\/bundesregierung-muss-sich-fuer-sofortige-rueckueberstellung-einsetzen\/\">solidarisch<\/a> zu besuchen. Der junge Mann geh\u00f6rt der &#8220;Hammerbande&#8221; an, die missliebige &#8220;Nazis&#8221; auch mal mit einem oder mehreren H\u00e4mmern attackierten. Schirdewan monierte, dass der Gewaltt\u00e4ter, der sich nun &#8220;non-bin\u00e4r&#8221; Maja nennen m\u00f6chte, in Hand- und Fu\u00dffesseln zum <a rel=\"nofollow noopener\" target=\"_blank\" href=\"https:\/\/www.tagesschau.de\/ausland\/europa\/prozess-maja-t-100.html\">Gerichtstermin<\/a> gef\u00fchrt worden sei. Das sei unmenschlich, Ungarn ein schlimmer Unrechtsstaat. Die erste Frage, die sich stellt: Ist Schirdewan der Name Reiner Fuellmich unbekannt?<\/p>\n<p>Der sitzt aktuell im Gef\u00e4ngnis, weil er aktiv in der Ma\u00dfnahmenkritikerszene in der &#8220;Corona-Krise&#8221; ein f\u00fchrender Kopf war. Im Oktober 2024 lautet ein <a rel=\"nofollow noopener\" target=\"_blank\" href=\"https:\/\/fassadenkratzer.de\/2024\/10\/16\/verfolgung-im-gefangnis-der-politische-gefangene-dr-fuellmich\/\">Blog-Eintrag<\/a> zu den Haftbedingungen:<\/p>\n<p>&#8220;<em>Schwer bewaffnete Beamte mit Pistolen und Maschinenpistolen, die mit kugelsicheren Westen ausgestattet sind, nehmen mich in Empfang. Sie versuchen, mich davon zu \u00fcberzeugen, eine kugelsichere Weste anzuziehen, was ich konsequent ablehne (\u2026)\u00a0Einer der Beamten durchsucht meinen K\u00f6rper und zwingt mich dann wie jedes Mal, auf einem Hocker zu knien, w\u00e4hrend er mir Fu\u00dffesseln anlegt.&#8221;<\/em><\/p>\n<p>Herr Merz gewann nun seinen Wahlkreis, Herr Spahn <a rel=\"nofollow noopener\" target=\"_blank\" href=\"https:\/\/www.deutschlandfunk.de\/scholz-merz-streeck-gysi-gewinnen-wahlkreise-weidel-und-habeck-gehen-bei-direktmandaten-leer-aus-100.html\">genauso<\/a>, die Linken im unangenehmen Erfolgsrausch dank Mini-Ergebnis. Bleibt die SPD. In\u00a0Indolenzien kann ein uns\u00e4glicher, unantastbarer Karl Lauterbach &#8220;<a rel=\"nofollow noopener\" target=\"_blank\" href=\"https:\/\/x.com\/Karl_Lauterbach\/status\/1893777945321226389\">zum sechsten Mal <\/a>das Direktmandat&#8221; gewinnen, dies sei &#8220;eine gro\u00dfe Ehre und Verpflichtung f\u00fcr mich&#8221;. Was von\u00a0sehr vielen B\u00fcrgern eher als eine Bedrohung wahrgenommen wird, ausgehend von seinen\u00a0<a rel=\"nofollow noopener\" target=\"_blank\" href=\"https:\/\/odysee.com\/@23bloyen:e\/C-Aufarbeitung:2\">dokumentierten Verbrechen<\/a> in den drei dunklen Jahren bis zur Gegenwart.<\/p>\n<p>Das Thema &#8220;Corona-Aufarbeitung&#8221; war dabei im gesamten kurzen Wahlkampf erneut kein Thema. Weder seitens der intensiv begleitenden, berichtenden Medien, der geladenen Politikdarsteller. Selbst die Studiog\u00e4ste\u00a0wollten vermeintlich ungecasted nicht eine einzige Frage dazu an die &#8220;Volksvertreter&#8221; richten (?). Das ist schockierend, nicht nur bedauerlich.<\/p>\n<p>Kr\u00f6nung des gegenw\u00e4rtigen Irrsinns ist exemplarisch f\u00fcr die Bewohner von\u00a0Indolenzien eine Petition des Gr\u00fcnen-Mitglieds\u00a0Konstantin Kugler. Der eitle Robert Habeck gab nach dem desastr\u00f6sen Wahlergebnis f\u00fcr den ehrgeizigen Karrieristen w\u00f6rtlich zu Protokoll:<\/p>\n<p><em>&#8220;Das Angebot war top, die Nachfrage war <a rel=\"nofollow noopener\" target=\"_blank\" href=\"https:\/\/rumble.com\/v6onzni-angebot-war-top-nachfrage-nicht-so-dolle-habeck-verzichtet-auf-fhrungsposit.html\">nicht so dolle<\/a>, wie wir sie [uns] vorgestellt haben.&#8221;\u00a0<\/em><\/p>\n<p>Er hadere noch mit seiner weiteren Rolle in der Berliner Politik. Noch am selben Tag initiierte Herr Kugler einen Verzweiflungsaufruf auf &#8220;We Act&#8221;, der &#8220;Petitionsplattform von Campact&#8221;, jener Organisation, die getarnt \u00fcber ihre gegr\u00fcndete, &#8220;gemeinn\u00fctzige GmbH HateAid&#8221;, im Jahr 2024 allein Steuergelder in H\u00f6he von 700.000 aus dem &#8220;Demokratie-leben-Programm&#8221; des bis dato gr\u00fcn gef\u00fchrten Familienministeriums\u00a0<a rel=\"nofollow noopener\" target=\"_blank\" href=\"https:\/\/www.berliner-zeitung.de\/politik-gesellschaft\/campact-erhaelt-eine-million-euro-kampf-gegen-afd-macht-sich-bezahlt-li.2256552\">erhielt<\/a>. W\u00f6rtlich hei\u00dft es in dem Pamphlet unter anderem:<\/p>\n<p>&#8220;<em>Doch gerade in einer solchen Zeit braucht es Menschen \u2013 und noch wichtiger F\u00fchrungspers\u00f6nlichkeiten \u2013 wie dich.&#8221;\u00a0<\/em>\u00a0<\/p>\n<p>Diese schriftliche <a rel=\"nofollow noopener\" target=\"_blank\" href=\"https:\/\/weact.campact.de\/petitions\/offener-brief-an-robert-habeck\">Offenbarung<\/a> sorgte, kampagnenunterst\u00fctzt \u00fcber Mail-Verteiler, innerhalb von rund 24 Stunden f\u00fcr unfassbare 395.072 Unterzeichner. F\u00fcr einen Mann, der ebenfalls ein dokumentierter T\u00e4ter in der &#8220;Corona-Krise&#8221; war. Der ein stabiles Land innerhalb von rund zwei Jahren mutwillig mit seiner Zerst\u00f6rerkollegentruppe namens Ampel und dann Restregierung demontierte und zerst\u00f6rte.\u00a0<\/p>\n<p>Am 26. Februar teilte der aalglatte B\u00fcrgerfl\u00fcsterer Habeck seiner Fangemeinde via X-Video schmunzelnd mit, er bleibt nat\u00fcrlich dem Bundestag erhalten, gut dotiert und unrasiert: &#8220;Bis bald. Take care!&#8221;<\/p>\n<div class=\"EmbedBlock-root EmbedBlock-twitter\">\n<div class=\"TwitterEmbed\">\n<blockquote class=\"twitter-tweet lazyload\" data-twitter=\"twitter-tweet\">\n<p lang=\"de\" dir=\"ltr\">Danke f\u00fcr eure Nachrichten, danke f\u00fcr den Zuspruch. Ich will euch sagen: Ihr werdet weiter gebraucht! Bleibt dabei, behaltet den Mut, eure Kraft und Zuversicht. Das braucht unser Land, das braucht die Welt vielleicht mehr denn je. Bis bald. Take care! <a rel=\"nofollow noopener\" target=\"_blank\" href=\"https:\/\/t.co\/DtjJLcSAFo\">pic.twitter.com\/DtjJLcSAFo<\/a><\/p>\n<p>\u2014 Robert Habeck (@roberthabeck) <a rel=\"nofollow noopener\" target=\"_blank\" href=\"https:\/\/twitter.com\/roberthabeck\/status\/1894776774375956756?ref_src=twsrc%5Etfw\">February 26, 2025<\/a><\/p><\/blockquote>\n<\/div>\n<\/div>\n<p>Zwei Schlagzeilen nach dem &#8220;Erfolg&#8221; von Friedrich Merz, dem zweitschlechtesten Ergebnis f\u00fcr die Unionsparteien seit 1949, lauten:<\/p>\n<ul>\n<li><a rel=\"nofollow noopener\" target=\"_blank\" href=\"https:\/\/www.zdf.de\/nachrichten\/wirtschaft\/konjunktur-deutsche-ruestungsindustrie-rheinmetall-thyssenkrupp-100.html?at_medium=Social%20Media&amp;at_campaign=Twitter&amp;at_specific=ZDFheute&amp;at_content=Sophora\">Lichtblick f\u00fcr Konjunktur<\/a>: Deutsche R\u00fcstungsindustrie boomt<\/li>\n<li>Waffen gegen Wirtschaftsschw\u00e4che: Aufr\u00fcstung w\u00e4re <a rel=\"nofollow noopener\" target=\"_blank\" href=\"https:\/\/www.n-tv.de\/wirtschaft\/Aufruestung-waere-Wachstums-und-Jobmotor-fuer-Deutschland-article25579586.html?xing_share=news\">Wachstums- und Jobmotor<\/a><\/li>\n<\/ul>\n<p>Ein Medienportal <a rel=\"nofollow noopener\" target=\"_blank\" href=\"https:\/\/www.t-online.de\/nachrichten\/ukraine\/id_100610804\/ukraine-fast-die-haelfte-der-deutschen-lehnt-unterstuetzung-ab.html\">meldete<\/a>\u00a0am 24. Februar:<\/p>\n<p><em>&#8220;Laut einer exklusiven Befragung des Meinungsforschungsinstituts Insa f\u00fcr t-online wollen 46 Prozent der Deutschen, dass die n\u00e4chste\u00a0Bundesregierung\u00a0die Ukraine weder mit Waffen noch mit Geld unterst\u00fctzt.&#8221;<\/em><\/p>\n<p>Die Nachrichtenagentur\u00a0<em>Bloomberg<\/em>\u00a0<a rel=\"nofollow noopener\" target=\"_blank\" href=\"https:\/\/www.bloomberg.com\/news\/articles\/2025-02-25\/merz-erwagt-200-mrd-wehrpaket-durch-alten-bundestag-zu-bringen\">informierte<\/a>\u00a0am 25. Februar (Bezahlschranke):<\/p>\n<p><em>&#8220;Der voraussichtliche neue Bundeskanzler Friedrich Merz hat dem Vernehmen nach Gespr\u00e4che mit den Sozialdemokraten aufgenommen, um trotz des j\u00fcngsten Wahlergebnisses Sonderausgaben von bis zu 200 Milliarden Euro f\u00fcr R\u00fcstung auf den Weg zu bringen.&#8221;<\/em><\/p>\n<p>Der Volksmund spricht auch im Jahr 2025: &#8220;Mitgehangen, mitgefangen&#8221;, variabel &#8220;Mitgegangen, mitgehangen&#8221;. Nein, kein Hohn, kein Spott, nur die n\u00fcchterne Erkenntnis: Auch ich bin und bleibe Bewohner von\u00a0Indolenzien.<\/p>\n<p><strong>Mehr zum Thema &#8211;<\/strong>\u00a0<a rel=\"nofollow noopener\" target=\"_blank\" href=\"https:\/\/freedert.online\/bundestagswahl_2025\/237805-pflicht-waehler-alles-bleibt-wie\/\">Pflicht-W\u00e4hler \u2013 Alles bleibt, wie es war<\/a><\/p>\n<div class=\"EmbedBlock-root EmbedBlock-externalVideo EmbedBlock-rumble\">\n<div class=\"VkEmbed\"><iframe class=\"lazyload\" data-src=\"https:\/\/rumble.com\/embed\/v6mg2z3\" frameborder=\"0\" width=\"853\" height=\"480\" allowfullscreen><\/iframe><\/div>\n<\/div>\n<\/div>\n<p><script async src=\"https:\/\/platform.twitter.com\/widgets.js\" charset=\"utf-8\"><\/script><br \/>\n<br \/><br \/>\n<br \/><a href=\"https:\/\/de.rt.com\/meinung\/238046-nach-wahlkrampf-buergerfanfare-fuer-groko\/\">Source link <\/a><\/p>\n","protected":false},"excerpt":{"rendered":"<p>Schmerzfrei sind die Deutschen, so die Kurzerkenntnis an Tag 4 nach der Wahl. Dazu der unbedingte Wille zur bewussten Verdr\u00e4ngung, medial sediert und manipuliert in der &#8220;demokratischen&#8221; Entscheidungsfindung, welche Parteien vorerst das Land weiter zerst\u00f6ren d\u00fcrfen. Und dann gibt es da noch die Robert-B\u00fcrgerfraktion. Von Bernhard Loyen Indolenzien klingt ein bisschen, wie ein Land aus [&hellip;]<\/p>\n","protected":false},"author":3,"featured_media":79308,"comment_status":"open","ping_status":"open","sticky":false,"template":"","format":"standard","meta":{"_yoast_indexnow_last_ping":["1740640701"],"wp_automatic_camp":["217"],"f3db13d6d15883ca0c3806219d03aa27":["Nach dem Wahlkrampf: Die GroKo, Merz Spezial Dragees und 395.000 Stimmen f\u00fcr Robert"],"original_link":["https:\/\/de.rt.com\/meinung\/238046-nach-wahlkrampf-buergerfanfare-fuer-groko\/"],"jnews_social_counter_last_update":["1777290701"],"_thumbnail_id":["79308"],"_wptgpro_p2tg_sent2tg":["a:1:{i:23737;s:19:\"2025-02-27 09:19:28\";}"]},"categories":[19,23],"tags":[134,45,63065,221,63064,18728,979,327,5460,18976,140,62911],"yoast_head":"<!-- This site is optimized with the Yoast SEO Premium plugin v22.7 (Yoast SEO v22.7) - https:\/\/yoast.com\/wordpress\/plugins\/seo\/ -->\n<title>Nach dem Wahlkrampf: Die GroKo, Merz Spezial Dragees und 395.000 Stimmen f\u00fcr Robert - just-now.NEWS Deutschland<\/title>\n<meta name=\"robots\" content=\"index, follow, max-snippet:-1, max-image-preview:large, max-video-preview:-1\" \/>\n<link rel=\"canonical\" href=\"https:\/\/now-news.de\/de\/deutschland\/nach-dem-wahlkrampf-die-groko-merz-spezial-dragees-und-395-000-stimmen-fuer-robert\/\" \/>\n<meta property=\"og:locale\" content=\"de_DE\" \/>\n<meta property=\"og:type\" content=\"article\" \/>\n<meta property=\"og:title\" content=\"Nach dem Wahlkrampf: Die GroKo, Merz Spezial Dragees und 395.000 Stimmen f\u00fcr Robert\" \/>\n<meta property=\"og:description\" content=\"Schmerzfrei sind die Deutschen, so die Kurzerkenntnis an Tag 4 nach der Wahl. Dazu der unbedingte Wille zur bewussten Verdr\u00e4ngung, medial sediert und manipuliert in der &#8220;demokratischen&#8221; Entscheidungsfindung, welche Parteien vorerst das Land weiter zerst\u00f6ren d\u00fcrfen. Und dann gibt es da noch die Robert-B\u00fcrgerfraktion. Von Bernhard Loyen Indolenzien klingt ein bisschen, wie ein Land aus [&hellip;]\" \/>\n<meta property=\"og:url\" content=\"https:\/\/now-news.de\/de\/deutschland\/nach-dem-wahlkrampf-die-groko-merz-spezial-dragees-und-395-000-stimmen-fuer-robert\/\" \/>\n<meta property=\"og:site_name\" content=\"just-now.NEWS Deutschland\" \/>\n<meta property=\"article:publisher\" content=\"https:\/\/www.facebook.com\/wirmachenauf\" \/>\n<meta property=\"article:published_time\" content=\"2025-02-27T07:14:26+00:00\" \/>\n<meta property=\"og:image\" content=\"https:\/\/now-news.de\/de\/wp-content\/uploads\/sites\/3\/2025\/02\/67bf0e6748fbef2c816cba45.jpg\" \/>\n<meta name=\"author\" content=\"rtnews\" \/>\n<meta name=\"twitter:card\" content=\"summary_large_image\" \/>\n<meta name=\"twitter:creator\" content=\"@WirMachenAuf_de\" \/>\n<meta name=\"twitter:site\" content=\"@WirMachenAuf_de\" \/>\n<meta name=\"twitter:label1\" content=\"Verfasst von\" \/>\n\t<meta name=\"twitter:data1\" content=\"rtnews\" \/>\n\t<meta name=\"twitter:label2\" content=\"Gesch\u00e4tzte Lesezeit\" \/>\n\t<meta name=\"twitter:data2\" content=\"7\u00a0Minuten\" \/>\n<script type=\"application\/ld+json\" class=\"yoast-schema-graph\">{\"@context\":\"https:\/\/schema.org\",\"@graph\":[{\"@type\":\"Article\",\"@id\":\"https:\/\/now-news.de\/de\/deutschland\/nach-dem-wahlkrampf-die-groko-merz-spezial-dragees-und-395-000-stimmen-fuer-robert\/#article\",\"isPartOf\":{\"@id\":\"https:\/\/now-news.de\/de\/deutschland\/nach-dem-wahlkrampf-die-groko-merz-spezial-dragees-und-395-000-stimmen-fuer-robert\/\"},\"author\":{\"name\":\"rtnews\",\"@id\":\"https:\/\/now-news.de\/de\/#\/schema\/person\/fb534a4e865501d8b3285208df34a9b5\"},\"headline\":\"Nach dem Wahlkrampf: Die GroKo, Merz Spezial Dragees und 395.000 Stimmen f\u00fcr Robert\",\"datePublished\":\"2025-02-27T07:14:26+00:00\",\"dateModified\":\"2025-02-27T07:14:26+00:00\",\"mainEntityOfPage\":{\"@id\":\"https:\/\/now-news.de\/de\/deutschland\/nach-dem-wahlkrampf-die-groko-merz-spezial-dragees-und-395-000-stimmen-fuer-robert\/\"},\"wordCount\":1391,\"commentCount\":0,\"publisher\":{\"@id\":\"https:\/\/now-news.de\/de\/#organization\"},\"image\":{\"@id\":\"https:\/\/now-news.de\/de\/deutschland\/nach-dem-wahlkrampf-die-groko-merz-spezial-dragees-und-395-000-stimmen-fuer-robert\/#primaryimage\"},\"thumbnailUrl\":\"https:\/\/now-news.de\/de\/wp-content\/uploads\/sites\/3\/2025\/02\/Nach-dem-Wahlkrampf-Die-GroKo-Merz-Spezial-Dragees-und-395000.jpg\",\"keywords\":[\"DEM\",\"die\",\"Dragees\",\"f\u00fcr\",\"GroKo\",\"Merz\",\"nach\",\"robert\",\"Spezial\",\"Stimmen\",\"und\",\"Wahlkrampf\"],\"articleSection\":[\"Deutschland\",\"Russland\"],\"inLanguage\":\"de\",\"potentialAction\":[{\"@type\":\"CommentAction\",\"name\":\"Comment\",\"target\":[\"https:\/\/now-news.de\/de\/deutschland\/nach-dem-wahlkrampf-die-groko-merz-spezial-dragees-und-395-000-stimmen-fuer-robert\/#respond\"]}]},{\"@type\":\"WebPage\",\"@id\":\"https:\/\/now-news.de\/de\/deutschland\/nach-dem-wahlkrampf-die-groko-merz-spezial-dragees-und-395-000-stimmen-fuer-robert\/\",\"url\":\"https:\/\/now-news.de\/de\/deutschland\/nach-dem-wahlkrampf-die-groko-merz-spezial-dragees-und-395-000-stimmen-fuer-robert\/\",\"name\":\"Nach dem Wahlkrampf: Die GroKo, Merz Spezial Dragees und 395.000 Stimmen f\u00fcr Robert - just-now.NEWS Deutschland\",\"isPartOf\":{\"@id\":\"https:\/\/now-news.de\/de\/#website\"},\"primaryImageOfPage\":{\"@id\":\"https:\/\/now-news.de\/de\/deutschland\/nach-dem-wahlkrampf-die-groko-merz-spezial-dragees-und-395-000-stimmen-fuer-robert\/#primaryimage\"},\"image\":{\"@id\":\"https:\/\/now-news.de\/de\/deutschland\/nach-dem-wahlkrampf-die-groko-merz-spezial-dragees-und-395-000-stimmen-fuer-robert\/#primaryimage\"},\"thumbnailUrl\":\"https:\/\/now-news.de\/de\/wp-content\/uploads\/sites\/3\/2025\/02\/Nach-dem-Wahlkrampf-Die-GroKo-Merz-Spezial-Dragees-und-395000.jpg\",\"datePublished\":\"2025-02-27T07:14:26+00:00\",\"dateModified\":\"2025-02-27T07:14:26+00:00\",\"breadcrumb\":{\"@id\":\"https:\/\/now-news.de\/de\/deutschland\/nach-dem-wahlkrampf-die-groko-merz-spezial-dragees-und-395-000-stimmen-fuer-robert\/#breadcrumb\"},\"inLanguage\":\"de\",\"potentialAction\":[{\"@type\":\"ReadAction\",\"target\":[\"https:\/\/now-news.de\/de\/deutschland\/nach-dem-wahlkrampf-die-groko-merz-spezial-dragees-und-395-000-stimmen-fuer-robert\/\"]}]},{\"@type\":\"ImageObject\",\"inLanguage\":\"de\",\"@id\":\"https:\/\/now-news.de\/de\/deutschland\/nach-dem-wahlkrampf-die-groko-merz-spezial-dragees-und-395-000-stimmen-fuer-robert\/#primaryimage\",\"url\":\"https:\/\/now-news.de\/de\/wp-content\/uploads\/sites\/3\/2025\/02\/Nach-dem-Wahlkrampf-Die-GroKo-Merz-Spezial-Dragees-und-395000.jpg\",\"contentUrl\":\"https:\/\/now-news.de\/de\/wp-content\/uploads\/sites\/3\/2025\/02\/Nach-dem-Wahlkrampf-Die-GroKo-Merz-Spezial-Dragees-und-395000.jpg\",\"width\":1620,\"height\":1080,\"caption\":\"Nach dem Wahlkrampf: Die GroKo, Merz Spezial Dragees und 395.000 Stimmen f\u00fcr Robert\"},{\"@type\":\"BreadcrumbList\",\"@id\":\"https:\/\/now-news.de\/de\/deutschland\/nach-dem-wahlkrampf-die-groko-merz-spezial-dragees-und-395-000-stimmen-fuer-robert\/#breadcrumb\",\"itemListElement\":[{\"@type\":\"ListItem\",\"position\":1,\"name\":\"Home\",\"item\":\"https:\/\/now-news.de\/de\/\"},{\"@type\":\"ListItem\",\"position\":2,\"name\":\"Nach dem Wahlkrampf: Die GroKo, Merz Spezial Dragees und 395.000 Stimmen f\u00fcr Robert\"}]},{\"@type\":\"WebSite\",\"@id\":\"https:\/\/now-news.de\/de\/#website\",\"url\":\"https:\/\/now-news.de\/de\/\",\"name\":\"just-now.NEWS Deutschland\",\"description\":\"Das Portal f\u00fcr unzensierte Nachrichten aus der Welt\",\"publisher\":{\"@id\":\"https:\/\/now-news.de\/de\/#organization\"},\"potentialAction\":[{\"@type\":\"SearchAction\",\"target\":{\"@type\":\"EntryPoint\",\"urlTemplate\":\"https:\/\/now-news.de\/de\/?s={search_term_string}\"},\"query-input\":\"required name=search_term_string\"}],\"inLanguage\":\"de\"},{\"@type\":\"Organization\",\"@id\":\"https:\/\/now-news.de\/de\/#organization\",\"name\":\"Just Now News\",\"url\":\"https:\/\/now-news.de\/de\/\",\"logo\":{\"@type\":\"ImageObject\",\"inLanguage\":\"de\",\"@id\":\"https:\/\/now-news.de\/de\/#\/schema\/logo\/image\/\",\"url\":\"http:\/\/just-now.news\/de\/wp-content\/uploads\/sites\/3\/2022\/04\/logo500x500.jpg\",\"contentUrl\":\"http:\/\/just-now.news\/de\/wp-content\/uploads\/sites\/3\/2022\/04\/logo500x500.jpg\",\"width\":500,\"height\":500,\"caption\":\"Just Now News\"},\"image\":{\"@id\":\"https:\/\/now-news.de\/de\/#\/schema\/logo\/image\/\"},\"sameAs\":[\"https:\/\/www.facebook.com\/wirmachenauf\",\"https:\/\/x.com\/WirMachenAuf_de\"]},{\"@type\":\"Person\",\"@id\":\"https:\/\/now-news.de\/de\/#\/schema\/person\/fb534a4e865501d8b3285208df34a9b5\",\"name\":\"rtnews\",\"image\":{\"@type\":\"ImageObject\",\"inLanguage\":\"de\",\"@id\":\"https:\/\/now-news.de\/de\/#\/schema\/person\/image\/\",\"url\":\"https:\/\/secure.gravatar.com\/avatar\/82aafea7d8127119dd649515f56e2117?s=96&d=mm&r=g\",\"contentUrl\":\"https:\/\/secure.gravatar.com\/avatar\/82aafea7d8127119dd649515f56e2117?s=96&d=mm&r=g\",\"caption\":\"rtnews\"},\"url\":\"https:\/\/now-news.de\/de\/author\/rnews\/\"}]}<\/script>\n<!-- \/ Yoast SEO Premium plugin. -->","yoast_head_json":{"title":"Nach dem Wahlkrampf: Die GroKo, Merz Spezial Dragees und 395.000 Stimmen f\u00fcr Robert - just-now.NEWS Deutschland","robots":{"index":"index","follow":"follow","max-snippet":"max-snippet:-1","max-image-preview":"max-image-preview:large","max-video-preview":"max-video-preview:-1"},"canonical":"https:\/\/now-news.de\/de\/deutschland\/nach-dem-wahlkrampf-die-groko-merz-spezial-dragees-und-395-000-stimmen-fuer-robert\/","og_locale":"de_DE","og_type":"article","og_title":"Nach dem Wahlkrampf: Die GroKo, Merz Spezial Dragees und 395.000 Stimmen f\u00fcr Robert","og_description":"Schmerzfrei sind die Deutschen, so die Kurzerkenntnis an Tag 4 nach der Wahl. Dazu der unbedingte Wille zur bewussten Verdr\u00e4ngung, medial sediert und manipuliert in der &#8220;demokratischen&#8221; Entscheidungsfindung, welche Parteien vorerst das Land weiter zerst\u00f6ren d\u00fcrfen. Und dann gibt es da noch die Robert-B\u00fcrgerfraktion. Von Bernhard Loyen Indolenzien klingt ein bisschen, wie ein Land aus [&hellip;]","og_url":"https:\/\/now-news.de\/de\/deutschland\/nach-dem-wahlkrampf-die-groko-merz-spezial-dragees-und-395-000-stimmen-fuer-robert\/","og_site_name":"just-now.NEWS Deutschland","article_publisher":"https:\/\/www.facebook.com\/wirmachenauf","article_published_time":"2025-02-27T07:14:26+00:00","og_image":[{"url":"https:\/\/now-news.de\/de\/wp-content\/uploads\/sites\/3\/2025\/02\/67bf0e6748fbef2c816cba45.jpg"}],"author":"rtnews","twitter_card":"summary_large_image","twitter_creator":"@WirMachenAuf_de","twitter_site":"@WirMachenAuf_de","twitter_misc":{"Verfasst von":"rtnews","Gesch\u00e4tzte Lesezeit":"7\u00a0Minuten"},"schema":{"@context":"https:\/\/schema.org","@graph":[{"@type":"Article","@id":"https:\/\/now-news.de\/de\/deutschland\/nach-dem-wahlkrampf-die-groko-merz-spezial-dragees-und-395-000-stimmen-fuer-robert\/#article","isPartOf":{"@id":"https:\/\/now-news.de\/de\/deutschland\/nach-dem-wahlkrampf-die-groko-merz-spezial-dragees-und-395-000-stimmen-fuer-robert\/"},"author":{"name":"rtnews","@id":"https:\/\/now-news.de\/de\/#\/schema\/person\/fb534a4e865501d8b3285208df34a9b5"},"headline":"Nach dem Wahlkrampf: Die GroKo, Merz Spezial Dragees und 395.000 Stimmen f\u00fcr Robert","datePublished":"2025-02-27T07:14:26+00:00","dateModified":"2025-02-27T07:14:26+00:00","mainEntityOfPage":{"@id":"https:\/\/now-news.de\/de\/deutschland\/nach-dem-wahlkrampf-die-groko-merz-spezial-dragees-und-395-000-stimmen-fuer-robert\/"},"wordCount":1391,"commentCount":0,"publisher":{"@id":"https:\/\/now-news.de\/de\/#organization"},"image":{"@id":"https:\/\/now-news.de\/de\/deutschland\/nach-dem-wahlkrampf-die-groko-merz-spezial-dragees-und-395-000-stimmen-fuer-robert\/#primaryimage"},"thumbnailUrl":"https:\/\/now-news.de\/de\/wp-content\/uploads\/sites\/3\/2025\/02\/Nach-dem-Wahlkrampf-Die-GroKo-Merz-Spezial-Dragees-und-395000.jpg","keywords":["DEM","die","Dragees","f\u00fcr","GroKo","Merz","nach","robert","Spezial","Stimmen","und","Wahlkrampf"],"articleSection":["Deutschland","Russland"],"inLanguage":"de","potentialAction":[{"@type":"CommentAction","name":"Comment","target":["https:\/\/now-news.de\/de\/deutschland\/nach-dem-wahlkrampf-die-groko-merz-spezial-dragees-und-395-000-stimmen-fuer-robert\/#respond"]}]},{"@type":"WebPage","@id":"https:\/\/now-news.de\/de\/deutschland\/nach-dem-wahlkrampf-die-groko-merz-spezial-dragees-und-395-000-stimmen-fuer-robert\/","url":"https:\/\/now-news.de\/de\/deutschland\/nach-dem-wahlkrampf-die-groko-merz-spezial-dragees-und-395-000-stimmen-fuer-robert\/","name":"Nach dem Wahlkrampf: Die GroKo, Merz Spezial Dragees und 395.000 Stimmen f\u00fcr Robert - just-now.NEWS Deutschland","isPartOf":{"@id":"https:\/\/now-news.de\/de\/#website"},"primaryImageOfPage":{"@id":"https:\/\/now-news.de\/de\/deutschland\/nach-dem-wahlkrampf-die-groko-merz-spezial-dragees-und-395-000-stimmen-fuer-robert\/#primaryimage"},"image":{"@id":"https:\/\/now-news.de\/de\/deutschland\/nach-dem-wahlkrampf-die-groko-merz-spezial-dragees-und-395-000-stimmen-fuer-robert\/#primaryimage"},"thumbnailUrl":"https:\/\/now-news.de\/de\/wp-content\/uploads\/sites\/3\/2025\/02\/Nach-dem-Wahlkrampf-Die-GroKo-Merz-Spezial-Dragees-und-395000.jpg","datePublished":"2025-02-27T07:14:26+00:00","dateModified":"2025-02-27T07:14:26+00:00","breadcrumb":{"@id":"https:\/\/now-news.de\/de\/deutschland\/nach-dem-wahlkrampf-die-groko-merz-spezial-dragees-und-395-000-stimmen-fuer-robert\/#breadcrumb"},"inLanguage":"de","potentialAction":[{"@type":"ReadAction","target":["https:\/\/now-news.de\/de\/deutschland\/nach-dem-wahlkrampf-die-groko-merz-spezial-dragees-und-395-000-stimmen-fuer-robert\/"]}]},{"@type":"ImageObject","inLanguage":"de","@id":"https:\/\/now-news.de\/de\/deutschland\/nach-dem-wahlkrampf-die-groko-merz-spezial-dragees-und-395-000-stimmen-fuer-robert\/#primaryimage","url":"https:\/\/now-news.de\/de\/wp-content\/uploads\/sites\/3\/2025\/02\/Nach-dem-Wahlkrampf-Die-GroKo-Merz-Spezial-Dragees-und-395000.jpg","contentUrl":"https:\/\/now-news.de\/de\/wp-content\/uploads\/sites\/3\/2025\/02\/Nach-dem-Wahlkrampf-Die-GroKo-Merz-Spezial-Dragees-und-395000.jpg","width":1620,"height":1080,"caption":"Nach dem Wahlkrampf: Die GroKo, Merz Spezial Dragees und 395.000 Stimmen f\u00fcr Robert"},{"@type":"BreadcrumbList","@id":"https:\/\/now-news.de\/de\/deutschland\/nach-dem-wahlkrampf-die-groko-merz-spezial-dragees-und-395-000-stimmen-fuer-robert\/#breadcrumb","itemListElement":[{"@type":"ListItem","position":1,"name":"Home","item":"https:\/\/now-news.de\/de\/"},{"@type":"ListItem","position":2,"name":"Nach dem Wahlkrampf: Die GroKo, Merz Spezial Dragees und 395.000 Stimmen f\u00fcr Robert"}]},{"@type":"WebSite","@id":"https:\/\/now-news.de\/de\/#website","url":"https:\/\/now-news.de\/de\/","name":"just-now.NEWS Deutschland","description":"Das Portal f\u00fcr unzensierte Nachrichten aus der Welt","publisher":{"@id":"https:\/\/now-news.de\/de\/#organization"},"potentialAction":[{"@type":"SearchAction","target":{"@type":"EntryPoint","urlTemplate":"https:\/\/now-news.de\/de\/?s={search_term_string}"},"query-input":"required name=search_term_string"}],"inLanguage":"de"},{"@type":"Organization","@id":"https:\/\/now-news.de\/de\/#organization","name":"Just Now News","url":"https:\/\/now-news.de\/de\/","logo":{"@type":"ImageObject","inLanguage":"de","@id":"https:\/\/now-news.de\/de\/#\/schema\/logo\/image\/","url":"http:\/\/just-now.news\/de\/wp-content\/uploads\/sites\/3\/2022\/04\/logo500x500.jpg","contentUrl":"http:\/\/just-now.news\/de\/wp-content\/uploads\/sites\/3\/2022\/04\/logo500x500.jpg","width":500,"height":500,"caption":"Just Now News"},"image":{"@id":"https:\/\/now-news.de\/de\/#\/schema\/logo\/image\/"},"sameAs":["https:\/\/www.facebook.com\/wirmachenauf","https:\/\/x.com\/WirMachenAuf_de"]},{"@type":"Person","@id":"https:\/\/now-news.de\/de\/#\/schema\/person\/fb534a4e865501d8b3285208df34a9b5","name":"rtnews","image":{"@type":"ImageObject","inLanguage":"de","@id":"https:\/\/now-news.de\/de\/#\/schema\/person\/image\/","url":"https:\/\/secure.gravatar.com\/avatar\/82aafea7d8127119dd649515f56e2117?s=96&d=mm&r=g","contentUrl":"https:\/\/secure.gravatar.com\/avatar\/82aafea7d8127119dd649515f56e2117?s=96&d=mm&r=g","caption":"rtnews"},"url":"https:\/\/now-news.de\/de\/author\/rnews\/"}]}},"_links":{"self":[{"href":"https:\/\/now-news.de\/de\/wp-json\/wp\/v2\/posts\/79307"}],"collection":[{"href":"https:\/\/now-news.de\/de\/wp-json\/wp\/v2\/posts"}],"about":[{"href":"https:\/\/now-news.de\/de\/wp-json\/wp\/v2\/types\/post"}],"author":[{"embeddable":true,"href":"https:\/\/now-news.de\/de\/wp-json\/wp\/v2\/users\/3"}],"replies":[{"embeddable":true,"href":"https:\/\/now-news.de\/de\/wp-json\/wp\/v2\/comments?post=79307"}],"version-history":[{"count":0,"href":"https:\/\/now-news.de\/de\/wp-json\/wp\/v2\/posts\/79307\/revisions"}],"wp:featuredmedia":[{"embeddable":true,"href":"https:\/\/now-news.de\/de\/wp-json\/wp\/v2\/media\/79308"}],"wp:attachment":[{"href":"https:\/\/now-news.de\/de\/wp-json\/wp\/v2\/media?parent=79307"}],"wp:term":[{"taxonomy":"category","embeddable":true,"href":"https:\/\/now-news.de\/de\/wp-json\/wp\/v2\/categories?post=79307"},{"taxonomy":"post_tag","embeddable":true,"href":"https:\/\/now-news.de\/de\/wp-json\/wp\/v2\/tags?post=79307"}],"curies":[{"name":"wp","href":"https:\/\/api.w.org\/{rel}","templated":true}]}}