{"id":7927,"date":"2022-05-16T16:24:31","date_gmt":"2022-05-16T14:24:31","guid":{"rendered":"http:\/\/just-now.news\/de\/deutschland\/proteste-in-armenien-mehr-als-90-teilnehmer-an-oppositionsdemo-in-jerewan-festgenommen\/"},"modified":"2022-05-16T16:24:31","modified_gmt":"2022-05-16T14:24:31","slug":"proteste-in-armenien-mehr-als-90-teilnehmer-an-oppositionsdemo-in-jerewan-festgenommen","status":"publish","type":"post","link":"https:\/\/now-news.de\/de\/deutschland\/proteste-in-armenien-mehr-als-90-teilnehmer-an-oppositionsdemo-in-jerewan-festgenommen\/","title":{"rendered":"Proteste in Armenien: Mehr als 90 Teilnehmer an Oppositionsdemo in Jerewan festgenommen"},"content":{"rendered":"<div class=\"Text-root Text-type_5 ArticleView-text ViewText-root \">\n<p>Die armenische Polizei soll 91 Teilnehmer des oppositionellen Autokorsos in verschiedenen Stadtteilen Eriwans festgenommen haben. Dies berichtete der Pressedienst der Beh\u00f6rde der Nachrichtenagentur <em>Sputnik Armenien<\/em>. Nach Angaben der Polizei sollen die Oppositionsanh\u00e4nger gem\u00e4\u00df Artikel 182 des armenischen Gesetzes \u00fcber Ordnungswidrigkeiten (Ungehorsam gegen\u00fcber legitimen Forderungen der Polizei) festgenommen worden sein.<\/p>\n<div class=\"ReadMore-root Section-root Section-is1to3-xs_is1to1\" data-widgets=\"ReadMore\" data-has-alias>\n<div class=\"Section-container Section-isRow-isTop-isWrap\">\n<article class=\"Card-root Card-is1to1 \">\n<div class=\"Card-imageWrap\">\n<div class=\"Card-picture\">\n<picture class=\"Picture-root Picture-default\"><!--[if IE 9]><video style=\"display: none;\"><![endif]--><source media=\"(-webkit-min-device-pixel-ratio: 2) and (min-resolution: 120dpi)\" data-srcset=\" \nhttp:\/\/just-now.news\/de\/wp-content\/uploads\/sites\/3\/2022\/04\/Armenien-und-Aserbaidschan-einigen-sich-auf-Schaffung-von-Arbeitsgruppe-fuer.jpg 850w,\n                http:\/\/just-now.news\/de\/wp-content\/uploads\/sites\/3\/2022\/05\/6266a08a48fbef3eab7e415d.jpg 1960w,\n            \" ><source data-srcset=\" \nhttp:\/\/just-now.news\/de\/wp-content\/uploads\/sites\/3\/2022\/04\/Armenien-und-Aserbaidschan-einigen-sich-auf-Schaffung-von-Arbeitsgruppe-fuer.jpg 460w,\n              http:\/\/just-now.news\/de\/wp-content\/uploads\/sites\/3\/2022\/05\/6266a08a48fbef3eab7e415d.jpg 980w,\n            \" ><!--[if IE 9]><\/video><![endif]--><img decoding=\"async\" data- src=\"data:image\/png;base64,iVBORw0KGgoAAAANSUhEUgAAABAAAAAJCAQAAACRI2S5AAAAEElEQVR42mNkIAAYRxWAAQAG9gAKqv6+AwAAAABJRU5ErkJggg==\" class=\"Picture-root Picture-default lazyload\" data-src=\"http:\/\/just-now.news\/de\/wp-content\/uploads\/sites\/3\/2022\/04\/Armenien-und-Aserbaidschan-einigen-sich-auf-Schaffung-von-Arbeitsgruppe-fuer.jpg\" alt=\"Armenien und Aserbaidschan einigen sich auf Schaffung von Arbeitsgruppe f\u00fcr Friedensvertrag\"><\/source><\/source><\/picture><!-- noscript pattern --><noscript><img decoding=\"async\" src=\"http:\/\/just-now.news\/de\/wp-content\/uploads\/sites\/3\/2022\/05\/6266a08a48fbef3eab7e415d.jpg\" alt=\"Armenien und Aserbaidschan einigen sich auf Schaffung von Arbeitsgruppe f\u00fcr Friedensvertrag\"><\/noscript>    <\/div><\/div>\n<div class=\"Card-contentWrap\">\n<div class=\"Card-content\">\n<div class=\"Card-title\">\n<div class=\"HeaderNews-root HeaderNews-type_6 \">\n<p>            <a rel=\"nofollow noopener\" target=\"_blank\" href=\"https:\/\/de.rt.com\/international\/136979-armenien-und-aserbaidschan-einigen-sich-auf-arbeitsgruppe-fuer-friedensvertrag\/\" class=\"Link-root Link-isFullCard \"><br \/>\n                Armenien und Aserbaidschan einigen sich auf Schaffung von Arbeitsgruppe f\u00fcr Friedensvertrag<br \/>\n            <\/a><\/p><\/div><\/div><\/div><\/div>\n<\/article>\n<\/div><\/div>\n<p>Am Morgen des 16. Mai war es in der armenischen Hauptstadt aus vier Richtungen zu Autokorsos gekommen, um den R\u00fccktritt der armenischen Regierung unter Ministerpr\u00e4sident Nikol Paschinjan erneut zu fordern. Die Autos waren mit der geringstm\u00f6glichen Geschwindigkeit gefahren und hatten kilometerlange Staus auf den Stra\u00dfen verursacht.<\/p>\n<p>Seit dem 17. April finden in Jerewan von der parlamentarischen Opposition und verschiedenen Oppositionsgruppen organisierte regierungsfeindliche Demonstrationen statt. Eine neue Protestwelle in Armenien brach nach Paschinjans Rede im Parlament aus, in der er vorgeschlagen hatte, &#8220;die Messlatte f\u00fcr den Status von Bergkarabach niedriger zu legen&#8221;, und sich f\u00fcr die Unterzeichnung eines Friedensabkommens mit Aserbaidschan ausgesprochen hatte. Gleich danach k\u00fcndigte die Opposition unbefristete Proteste an.<\/p>\n<div class=\"ReadMore-root Section-root Section-is1to3-xs_is1to1\" data-widgets=\"ReadMore\" data-has-alias>\n<div class=\"Section-container Section-isRow-isTop-isWrap\">\n<article class=\"Card-root Card-is1to1 \">\n<div class=\"Card-imageWrap\">\n<div class=\"Card-picture\">\n<picture class=\"Picture-root Picture-default\"><!--[if IE 9]><video style=\"display: none;\"><![endif]--><source media=\"(-webkit-min-device-pixel-ratio: 2) and (min-resolution: 120dpi)\" data-srcset=\" \nhttp:\/\/just-now.news\/de\/wp-content\/uploads\/sites\/3\/2022\/05\/6240985e48fbef26da1ee5ec.jpg 850w,\n                http:\/\/just-now.news\/de\/wp-content\/uploads\/sites\/3\/2022\/05\/6240985d48fbef26da1ee5eb.jpg 1960w,\n            \" ><source data-srcset=\" \nhttp:\/\/just-now.news\/de\/wp-content\/uploads\/sites\/3\/2022\/05\/6240985e48fbef26da1ee5ec.jpg 460w,\n              http:\/\/just-now.news\/de\/wp-content\/uploads\/sites\/3\/2022\/05\/6240985d48fbef26da1ee5eb.jpg 980w,\n            \" ><!--[if IE 9]><\/video><![endif]--><img decoding=\"async\" data- src=\"data:image\/png;base64,iVBORw0KGgoAAAANSUhEUgAAABAAAAAJCAQAAACRI2S5AAAAEElEQVR42mNkIAAYRxWAAQAG9gAKqv6+AwAAAABJRU5ErkJggg==\" class=\"Picture-root Picture-default lazyload\" data-src=\"http:\/\/just-now.news\/de\/wp-content\/uploads\/sites\/3\/2022\/05\/6240985e48fbef26da1ee5ec.jpg\" alt=\"Russland: Aserbaidschan ist in russischen Verantwortungsbereich in Bergkarabach eingedrungen\"><\/source><\/source><\/picture><!-- noscript pattern --><noscript><img decoding=\"async\" src=\"http:\/\/just-now.news\/de\/wp-content\/uploads\/sites\/3\/2022\/05\/6240985d48fbef26da1ee5eb.jpg\" alt=\"Russland: Aserbaidschan ist in russischen Verantwortungsbereich in Bergkarabach eingedrungen\"><\/noscript>    <\/div><\/div>\n<div class=\"Card-contentWrap\">\n<div class=\"Card-content\">\n<div class=\"Card-title\">\n<div class=\"HeaderNews-root HeaderNews-type_6 \">\n<p>            <a rel=\"nofollow noopener\" target=\"_blank\" href=\"https:\/\/de.rt.com\/europa\/134779-russland-aserbaidschan-hat-in-russischen-verantwortungsbereich-bergkarabach-eingedrungen\/\" class=\"Link-root Link-isFullCard \"><br \/>\n                Russland: Aserbaidschan ist in russischen Verantwortungsbereich in Bergkarabach eingedrungen<br \/>\n            <\/a><\/p><\/div><\/div><\/div><\/div>\n<\/article>\n<\/div><\/div>\n<p>In Bergkarabach kommt es immer h\u00e4ufiger zu Eskalationsversuchen, und die russischen Friedenstruppen sind nicht immer in der Lage, Probleme schnell zu l\u00f6sen. Moskau begr\u00fc\u00dft die Beilegung des armenisch-aserbaidschanischen Konflikts in der Region, betont aber, dass diese im Einklang mit den vom Kreml vermittelten Vereinbarungen erfolgen m\u00fcsse. Es handelt sich um die Vereinbarungen vom 9. November 2020 und die Erkl\u00e4rungen der Parteien vom 11. Januar und 26. November 2021 nach dem Ende des zweiten Krieges um Bergkarabach.<\/p>\n<p>Die armenische Opposition versucht seit dem Ende des zweiten Bergkarabach-Krieges, Premierminister Paschinjan zu st\u00fcrzen. Sobald Armenien, Aserbaidschan und Russland ein Abkommen zur Beendigung der Feindseligkeiten in Bergkarabach im November 2020 unterzeichnet hatten, gingen Regierungsgegner auf die Stra\u00dfe und forderten den R\u00fccktritt der Regierung. Sie nannten die unterschriebenen Bedingungen f\u00fcr die Beendigung des Krieges besch\u00e4mend und inakzeptabel. Die Konfrontation dauerte 44 Tage. Die K\u00e4mpfe zwischen aserbaidschanischen und armenischen Streitkr\u00e4ften gelten als scharfe Eskalation des eingefrorenen Konflikts um den Status von Bergkarabach, das mehrheitlich von Armeniern bewohnt wird.<\/p>\n<p><strong>Mehr zum Thema<\/strong> &#8211; <a rel=\"nofollow noopener\" target=\"_blank\" href=\"https:\/\/kurz.rt.com\/2y6i\">Proteste in Armenien<\/a><\/p>\n<\/div>\n<p><br \/>\n<br \/><a href=\"https:\/\/de.rt.com\/international\/138582-proteste-in-armenien-mehr-als-90-teilnehmer-an-oppositionsdemo-festgenommen\/\">Source link <\/a><\/p>\n","protected":false},"excerpt":{"rendered":"<p>Die armenische Polizei soll 91 Teilnehmer des oppositionellen Autokorsos in verschiedenen Stadtteilen Eriwans festgenommen haben. Dies berichtete der Pressedienst der Beh\u00f6rde der Nachrichtenagentur Sputnik Armenien. Nach Angaben der Polizei sollen die Oppositionsanh\u00e4nger gem\u00e4\u00df Artikel 182 des armenischen Gesetzes \u00fcber Ordnungswidrigkeiten (Ungehorsam gegen\u00fcber legitimen Forderungen der Polizei) festgenommen worden sein. Armenien und Aserbaidschan einigen sich auf [&hellip;]<\/p>\n","protected":false},"author":3,"featured_media":7928,"comment_status":"open","ping_status":"open","sticky":false,"template":"","format":"standard","meta":{"wp_automatic_camp":["217"],"42d38208269a19461ab8b6f058f18da8":["Proteste in Armenien: Mehr als 90 Teilnehmer an Oppositionsdemo in Jerewan festgenommen"],"original_link":["https:\/\/de.rt.com\/international\/138582-proteste-in-armenien-mehr-als-90-teilnehmer-an-oppositionsdemo-festgenommen\/"],"_thumbnail_id":["7928"],"_wptg_p2tg_sent2tg":["2022-05-16 16:28:22"],"jnews_social_counter_last_update":["1777277381"]},"categories":[19,23],"tags":[273,10002,1356,20417,2063,20416,3824,20415],"yoast_head":"<!-- This site is optimized with the Yoast SEO Premium plugin v22.7 (Yoast SEO v22.7) - https:\/\/yoast.com\/wordpress\/plugins\/seo\/ -->\n<title>Proteste in Armenien: Mehr als 90 Teilnehmer an Oppositionsdemo in Jerewan festgenommen - just-now.NEWS Deutschland<\/title>\n<meta name=\"robots\" content=\"index, follow, max-snippet:-1, max-image-preview:large, max-video-preview:-1\" \/>\n<link rel=\"canonical\" href=\"https:\/\/now-news.de\/de\/deutschland\/proteste-in-armenien-mehr-als-90-teilnehmer-an-oppositionsdemo-in-jerewan-festgenommen\/\" \/>\n<meta property=\"og:locale\" content=\"de_DE\" \/>\n<meta property=\"og:type\" content=\"article\" \/>\n<meta property=\"og:title\" content=\"Proteste in Armenien: Mehr als 90 Teilnehmer an Oppositionsdemo in Jerewan festgenommen\" \/>\n<meta property=\"og:description\" content=\"Die armenische Polizei soll 91 Teilnehmer des oppositionellen Autokorsos in verschiedenen Stadtteilen Eriwans festgenommen haben. Dies berichtete der Pressedienst der Beh\u00f6rde der Nachrichtenagentur Sputnik Armenien. Nach Angaben der Polizei sollen die Oppositionsanh\u00e4nger gem\u00e4\u00df Artikel 182 des armenischen Gesetzes \u00fcber Ordnungswidrigkeiten (Ungehorsam gegen\u00fcber legitimen Forderungen der Polizei) festgenommen worden sein. Armenien und Aserbaidschan einigen sich auf [&hellip;]\" \/>\n<meta property=\"og:url\" content=\"https:\/\/now-news.de\/de\/deutschland\/proteste-in-armenien-mehr-als-90-teilnehmer-an-oppositionsdemo-in-jerewan-festgenommen\/\" \/>\n<meta property=\"og:site_name\" content=\"just-now.NEWS Deutschland\" \/>\n<meta property=\"article:publisher\" content=\"https:\/\/www.facebook.com\/wirmachenauf\" \/>\n<meta property=\"article:published_time\" content=\"2022-05-16T14:24:31+00:00\" \/>\n<meta property=\"og:image\" content=\"https:\/\/now-news.de\/de\/wp-content\/uploads\/sites\/3\/2022\/05\/Proteste-in-Armenien-Mehr-als-90-Teilnehmer-an-Oppositionsdemo-in.jpg\" \/>\n\t<meta property=\"og:image:width\" content=\"460\" \/>\n\t<meta property=\"og:image:height\" content=\"259\" \/>\n\t<meta property=\"og:image:type\" content=\"image\/jpeg\" \/>\n<meta name=\"author\" content=\"rtnews\" \/>\n<meta name=\"twitter:card\" content=\"summary_large_image\" \/>\n<meta name=\"twitter:creator\" content=\"@WirMachenAuf_de\" \/>\n<meta name=\"twitter:site\" content=\"@WirMachenAuf_de\" \/>\n<meta name=\"twitter:label1\" content=\"Verfasst von\" \/>\n\t<meta name=\"twitter:data1\" content=\"rtnews\" \/>\n\t<meta name=\"twitter:label2\" content=\"Gesch\u00e4tzte Lesezeit\" \/>\n\t<meta name=\"twitter:data2\" content=\"2\u00a0Minuten\" \/>\n<script type=\"application\/ld+json\" class=\"yoast-schema-graph\">{\"@context\":\"https:\/\/schema.org\",\"@graph\":[{\"@type\":\"Article\",\"@id\":\"https:\/\/now-news.de\/de\/deutschland\/proteste-in-armenien-mehr-als-90-teilnehmer-an-oppositionsdemo-in-jerewan-festgenommen\/#article\",\"isPartOf\":{\"@id\":\"https:\/\/now-news.de\/de\/deutschland\/proteste-in-armenien-mehr-als-90-teilnehmer-an-oppositionsdemo-in-jerewan-festgenommen\/\"},\"author\":{\"name\":\"rtnews\",\"@id\":\"https:\/\/now-news.de\/de\/#\/schema\/person\/fb534a4e865501d8b3285208df34a9b5\"},\"headline\":\"Proteste in Armenien: Mehr als 90 Teilnehmer an Oppositionsdemo in Jerewan festgenommen\",\"datePublished\":\"2022-05-16T14:24:31+00:00\",\"dateModified\":\"2022-05-16T14:24:31+00:00\",\"mainEntityOfPage\":{\"@id\":\"https:\/\/now-news.de\/de\/deutschland\/proteste-in-armenien-mehr-als-90-teilnehmer-an-oppositionsdemo-in-jerewan-festgenommen\/\"},\"wordCount\":374,\"commentCount\":0,\"publisher\":{\"@id\":\"https:\/\/now-news.de\/de\/#organization\"},\"image\":{\"@id\":\"https:\/\/now-news.de\/de\/deutschland\/proteste-in-armenien-mehr-als-90-teilnehmer-an-oppositionsdemo-in-jerewan-festgenommen\/#primaryimage\"},\"thumbnailUrl\":\"https:\/\/now-news.de\/de\/wp-content\/uploads\/sites\/3\/2022\/05\/Proteste-in-Armenien-Mehr-als-90-Teilnehmer-an-Oppositionsdemo-in.jpg\",\"keywords\":[\"als\",\"Armenien\",\"festgenommen\",\"Jerewan\",\"mehr\",\"Oppositionsdemo\",\"Proteste\",\"Teilnehmer\"],\"articleSection\":[\"Deutschland\",\"Russland\"],\"inLanguage\":\"de\",\"potentialAction\":[{\"@type\":\"CommentAction\",\"name\":\"Comment\",\"target\":[\"https:\/\/now-news.de\/de\/deutschland\/proteste-in-armenien-mehr-als-90-teilnehmer-an-oppositionsdemo-in-jerewan-festgenommen\/#respond\"]}]},{\"@type\":\"WebPage\",\"@id\":\"https:\/\/now-news.de\/de\/deutschland\/proteste-in-armenien-mehr-als-90-teilnehmer-an-oppositionsdemo-in-jerewan-festgenommen\/\",\"url\":\"https:\/\/now-news.de\/de\/deutschland\/proteste-in-armenien-mehr-als-90-teilnehmer-an-oppositionsdemo-in-jerewan-festgenommen\/\",\"name\":\"Proteste in Armenien: Mehr als 90 Teilnehmer an Oppositionsdemo in Jerewan festgenommen - just-now.NEWS Deutschland\",\"isPartOf\":{\"@id\":\"https:\/\/now-news.de\/de\/#website\"},\"primaryImageOfPage\":{\"@id\":\"https:\/\/now-news.de\/de\/deutschland\/proteste-in-armenien-mehr-als-90-teilnehmer-an-oppositionsdemo-in-jerewan-festgenommen\/#primaryimage\"},\"image\":{\"@id\":\"https:\/\/now-news.de\/de\/deutschland\/proteste-in-armenien-mehr-als-90-teilnehmer-an-oppositionsdemo-in-jerewan-festgenommen\/#primaryimage\"},\"thumbnailUrl\":\"https:\/\/now-news.de\/de\/wp-content\/uploads\/sites\/3\/2022\/05\/Proteste-in-Armenien-Mehr-als-90-Teilnehmer-an-Oppositionsdemo-in.jpg\",\"datePublished\":\"2022-05-16T14:24:31+00:00\",\"dateModified\":\"2022-05-16T14:24:31+00:00\",\"breadcrumb\":{\"@id\":\"https:\/\/now-news.de\/de\/deutschland\/proteste-in-armenien-mehr-als-90-teilnehmer-an-oppositionsdemo-in-jerewan-festgenommen\/#breadcrumb\"},\"inLanguage\":\"de\",\"potentialAction\":[{\"@type\":\"ReadAction\",\"target\":[\"https:\/\/now-news.de\/de\/deutschland\/proteste-in-armenien-mehr-als-90-teilnehmer-an-oppositionsdemo-in-jerewan-festgenommen\/\"]}]},{\"@type\":\"ImageObject\",\"inLanguage\":\"de\",\"@id\":\"https:\/\/now-news.de\/de\/deutschland\/proteste-in-armenien-mehr-als-90-teilnehmer-an-oppositionsdemo-in-jerewan-festgenommen\/#primaryimage\",\"url\":\"https:\/\/now-news.de\/de\/wp-content\/uploads\/sites\/3\/2022\/05\/Proteste-in-Armenien-Mehr-als-90-Teilnehmer-an-Oppositionsdemo-in.jpg\",\"contentUrl\":\"https:\/\/now-news.de\/de\/wp-content\/uploads\/sites\/3\/2022\/05\/Proteste-in-Armenien-Mehr-als-90-Teilnehmer-an-Oppositionsdemo-in.jpg\",\"width\":460,\"height\":259,\"caption\":\"Armenien und Aserbaidschan einigen sich auf Schaffung von Arbeitsgruppe f\u00fcr Friedensvertrag\"},{\"@type\":\"BreadcrumbList\",\"@id\":\"https:\/\/now-news.de\/de\/deutschland\/proteste-in-armenien-mehr-als-90-teilnehmer-an-oppositionsdemo-in-jerewan-festgenommen\/#breadcrumb\",\"itemListElement\":[{\"@type\":\"ListItem\",\"position\":1,\"name\":\"Home\",\"item\":\"https:\/\/now-news.de\/de\/\"},{\"@type\":\"ListItem\",\"position\":2,\"name\":\"Proteste in Armenien: Mehr als 90 Teilnehmer an Oppositionsdemo in Jerewan festgenommen\"}]},{\"@type\":\"WebSite\",\"@id\":\"https:\/\/now-news.de\/de\/#website\",\"url\":\"https:\/\/now-news.de\/de\/\",\"name\":\"just-now.NEWS Deutschland\",\"description\":\"Das Portal f\u00fcr unzensierte Nachrichten aus der Welt\",\"publisher\":{\"@id\":\"https:\/\/now-news.de\/de\/#organization\"},\"potentialAction\":[{\"@type\":\"SearchAction\",\"target\":{\"@type\":\"EntryPoint\",\"urlTemplate\":\"https:\/\/now-news.de\/de\/?s={search_term_string}\"},\"query-input\":\"required name=search_term_string\"}],\"inLanguage\":\"de\"},{\"@type\":\"Organization\",\"@id\":\"https:\/\/now-news.de\/de\/#organization\",\"name\":\"Just Now News\",\"url\":\"https:\/\/now-news.de\/de\/\",\"logo\":{\"@type\":\"ImageObject\",\"inLanguage\":\"de\",\"@id\":\"https:\/\/now-news.de\/de\/#\/schema\/logo\/image\/\",\"url\":\"http:\/\/just-now.news\/de\/wp-content\/uploads\/sites\/3\/2022\/04\/logo500x500.jpg\",\"contentUrl\":\"http:\/\/just-now.news\/de\/wp-content\/uploads\/sites\/3\/2022\/04\/logo500x500.jpg\",\"width\":500,\"height\":500,\"caption\":\"Just Now News\"},\"image\":{\"@id\":\"https:\/\/now-news.de\/de\/#\/schema\/logo\/image\/\"},\"sameAs\":[\"https:\/\/www.facebook.com\/wirmachenauf\",\"https:\/\/x.com\/WirMachenAuf_de\"]},{\"@type\":\"Person\",\"@id\":\"https:\/\/now-news.de\/de\/#\/schema\/person\/fb534a4e865501d8b3285208df34a9b5\",\"name\":\"rtnews\",\"image\":{\"@type\":\"ImageObject\",\"inLanguage\":\"de\",\"@id\":\"https:\/\/now-news.de\/de\/#\/schema\/person\/image\/\",\"url\":\"https:\/\/secure.gravatar.com\/avatar\/82aafea7d8127119dd649515f56e2117?s=96&d=mm&r=g\",\"contentUrl\":\"https:\/\/secure.gravatar.com\/avatar\/82aafea7d8127119dd649515f56e2117?s=96&d=mm&r=g\",\"caption\":\"rtnews\"},\"url\":\"https:\/\/now-news.de\/de\/author\/rnews\/\"}]}<\/script>\n<!-- \/ Yoast SEO Premium plugin. -->","yoast_head_json":{"title":"Proteste in Armenien: Mehr als 90 Teilnehmer an Oppositionsdemo in Jerewan festgenommen - just-now.NEWS Deutschland","robots":{"index":"index","follow":"follow","max-snippet":"max-snippet:-1","max-image-preview":"max-image-preview:large","max-video-preview":"max-video-preview:-1"},"canonical":"https:\/\/now-news.de\/de\/deutschland\/proteste-in-armenien-mehr-als-90-teilnehmer-an-oppositionsdemo-in-jerewan-festgenommen\/","og_locale":"de_DE","og_type":"article","og_title":"Proteste in Armenien: Mehr als 90 Teilnehmer an Oppositionsdemo in Jerewan festgenommen","og_description":"Die armenische Polizei soll 91 Teilnehmer des oppositionellen Autokorsos in verschiedenen Stadtteilen Eriwans festgenommen haben. Dies berichtete der Pressedienst der Beh\u00f6rde der Nachrichtenagentur Sputnik Armenien. Nach Angaben der Polizei sollen die Oppositionsanh\u00e4nger gem\u00e4\u00df Artikel 182 des armenischen Gesetzes \u00fcber Ordnungswidrigkeiten (Ungehorsam gegen\u00fcber legitimen Forderungen der Polizei) festgenommen worden sein. Armenien und Aserbaidschan einigen sich auf [&hellip;]","og_url":"https:\/\/now-news.de\/de\/deutschland\/proteste-in-armenien-mehr-als-90-teilnehmer-an-oppositionsdemo-in-jerewan-festgenommen\/","og_site_name":"just-now.NEWS Deutschland","article_publisher":"https:\/\/www.facebook.com\/wirmachenauf","article_published_time":"2022-05-16T14:24:31+00:00","og_image":[{"width":460,"height":259,"url":"https:\/\/now-news.de\/de\/wp-content\/uploads\/sites\/3\/2022\/05\/Proteste-in-Armenien-Mehr-als-90-Teilnehmer-an-Oppositionsdemo-in.jpg","type":"image\/jpeg"}],"author":"rtnews","twitter_card":"summary_large_image","twitter_creator":"@WirMachenAuf_de","twitter_site":"@WirMachenAuf_de","twitter_misc":{"Verfasst von":"rtnews","Gesch\u00e4tzte Lesezeit":"2\u00a0Minuten"},"schema":{"@context":"https:\/\/schema.org","@graph":[{"@type":"Article","@id":"https:\/\/now-news.de\/de\/deutschland\/proteste-in-armenien-mehr-als-90-teilnehmer-an-oppositionsdemo-in-jerewan-festgenommen\/#article","isPartOf":{"@id":"https:\/\/now-news.de\/de\/deutschland\/proteste-in-armenien-mehr-als-90-teilnehmer-an-oppositionsdemo-in-jerewan-festgenommen\/"},"author":{"name":"rtnews","@id":"https:\/\/now-news.de\/de\/#\/schema\/person\/fb534a4e865501d8b3285208df34a9b5"},"headline":"Proteste in Armenien: Mehr als 90 Teilnehmer an Oppositionsdemo in Jerewan festgenommen","datePublished":"2022-05-16T14:24:31+00:00","dateModified":"2022-05-16T14:24:31+00:00","mainEntityOfPage":{"@id":"https:\/\/now-news.de\/de\/deutschland\/proteste-in-armenien-mehr-als-90-teilnehmer-an-oppositionsdemo-in-jerewan-festgenommen\/"},"wordCount":374,"commentCount":0,"publisher":{"@id":"https:\/\/now-news.de\/de\/#organization"},"image":{"@id":"https:\/\/now-news.de\/de\/deutschland\/proteste-in-armenien-mehr-als-90-teilnehmer-an-oppositionsdemo-in-jerewan-festgenommen\/#primaryimage"},"thumbnailUrl":"https:\/\/now-news.de\/de\/wp-content\/uploads\/sites\/3\/2022\/05\/Proteste-in-Armenien-Mehr-als-90-Teilnehmer-an-Oppositionsdemo-in.jpg","keywords":["als","Armenien","festgenommen","Jerewan","mehr","Oppositionsdemo","Proteste","Teilnehmer"],"articleSection":["Deutschland","Russland"],"inLanguage":"de","potentialAction":[{"@type":"CommentAction","name":"Comment","target":["https:\/\/now-news.de\/de\/deutschland\/proteste-in-armenien-mehr-als-90-teilnehmer-an-oppositionsdemo-in-jerewan-festgenommen\/#respond"]}]},{"@type":"WebPage","@id":"https:\/\/now-news.de\/de\/deutschland\/proteste-in-armenien-mehr-als-90-teilnehmer-an-oppositionsdemo-in-jerewan-festgenommen\/","url":"https:\/\/now-news.de\/de\/deutschland\/proteste-in-armenien-mehr-als-90-teilnehmer-an-oppositionsdemo-in-jerewan-festgenommen\/","name":"Proteste in Armenien: Mehr als 90 Teilnehmer an Oppositionsdemo in Jerewan festgenommen - just-now.NEWS Deutschland","isPartOf":{"@id":"https:\/\/now-news.de\/de\/#website"},"primaryImageOfPage":{"@id":"https:\/\/now-news.de\/de\/deutschland\/proteste-in-armenien-mehr-als-90-teilnehmer-an-oppositionsdemo-in-jerewan-festgenommen\/#primaryimage"},"image":{"@id":"https:\/\/now-news.de\/de\/deutschland\/proteste-in-armenien-mehr-als-90-teilnehmer-an-oppositionsdemo-in-jerewan-festgenommen\/#primaryimage"},"thumbnailUrl":"https:\/\/now-news.de\/de\/wp-content\/uploads\/sites\/3\/2022\/05\/Proteste-in-Armenien-Mehr-als-90-Teilnehmer-an-Oppositionsdemo-in.jpg","datePublished":"2022-05-16T14:24:31+00:00","dateModified":"2022-05-16T14:24:31+00:00","breadcrumb":{"@id":"https:\/\/now-news.de\/de\/deutschland\/proteste-in-armenien-mehr-als-90-teilnehmer-an-oppositionsdemo-in-jerewan-festgenommen\/#breadcrumb"},"inLanguage":"de","potentialAction":[{"@type":"ReadAction","target":["https:\/\/now-news.de\/de\/deutschland\/proteste-in-armenien-mehr-als-90-teilnehmer-an-oppositionsdemo-in-jerewan-festgenommen\/"]}]},{"@type":"ImageObject","inLanguage":"de","@id":"https:\/\/now-news.de\/de\/deutschland\/proteste-in-armenien-mehr-als-90-teilnehmer-an-oppositionsdemo-in-jerewan-festgenommen\/#primaryimage","url":"https:\/\/now-news.de\/de\/wp-content\/uploads\/sites\/3\/2022\/05\/Proteste-in-Armenien-Mehr-als-90-Teilnehmer-an-Oppositionsdemo-in.jpg","contentUrl":"https:\/\/now-news.de\/de\/wp-content\/uploads\/sites\/3\/2022\/05\/Proteste-in-Armenien-Mehr-als-90-Teilnehmer-an-Oppositionsdemo-in.jpg","width":460,"height":259,"caption":"Armenien und Aserbaidschan einigen sich auf Schaffung von Arbeitsgruppe f\u00fcr Friedensvertrag"},{"@type":"BreadcrumbList","@id":"https:\/\/now-news.de\/de\/deutschland\/proteste-in-armenien-mehr-als-90-teilnehmer-an-oppositionsdemo-in-jerewan-festgenommen\/#breadcrumb","itemListElement":[{"@type":"ListItem","position":1,"name":"Home","item":"https:\/\/now-news.de\/de\/"},{"@type":"ListItem","position":2,"name":"Proteste in Armenien: Mehr als 90 Teilnehmer an Oppositionsdemo in Jerewan festgenommen"}]},{"@type":"WebSite","@id":"https:\/\/now-news.de\/de\/#website","url":"https:\/\/now-news.de\/de\/","name":"just-now.NEWS Deutschland","description":"Das Portal f\u00fcr unzensierte Nachrichten aus der Welt","publisher":{"@id":"https:\/\/now-news.de\/de\/#organization"},"potentialAction":[{"@type":"SearchAction","target":{"@type":"EntryPoint","urlTemplate":"https:\/\/now-news.de\/de\/?s={search_term_string}"},"query-input":"required name=search_term_string"}],"inLanguage":"de"},{"@type":"Organization","@id":"https:\/\/now-news.de\/de\/#organization","name":"Just Now News","url":"https:\/\/now-news.de\/de\/","logo":{"@type":"ImageObject","inLanguage":"de","@id":"https:\/\/now-news.de\/de\/#\/schema\/logo\/image\/","url":"http:\/\/just-now.news\/de\/wp-content\/uploads\/sites\/3\/2022\/04\/logo500x500.jpg","contentUrl":"http:\/\/just-now.news\/de\/wp-content\/uploads\/sites\/3\/2022\/04\/logo500x500.jpg","width":500,"height":500,"caption":"Just Now News"},"image":{"@id":"https:\/\/now-news.de\/de\/#\/schema\/logo\/image\/"},"sameAs":["https:\/\/www.facebook.com\/wirmachenauf","https:\/\/x.com\/WirMachenAuf_de"]},{"@type":"Person","@id":"https:\/\/now-news.de\/de\/#\/schema\/person\/fb534a4e865501d8b3285208df34a9b5","name":"rtnews","image":{"@type":"ImageObject","inLanguage":"de","@id":"https:\/\/now-news.de\/de\/#\/schema\/person\/image\/","url":"https:\/\/secure.gravatar.com\/avatar\/82aafea7d8127119dd649515f56e2117?s=96&d=mm&r=g","contentUrl":"https:\/\/secure.gravatar.com\/avatar\/82aafea7d8127119dd649515f56e2117?s=96&d=mm&r=g","caption":"rtnews"},"url":"https:\/\/now-news.de\/de\/author\/rnews\/"}]}},"_links":{"self":[{"href":"https:\/\/now-news.de\/de\/wp-json\/wp\/v2\/posts\/7927"}],"collection":[{"href":"https:\/\/now-news.de\/de\/wp-json\/wp\/v2\/posts"}],"about":[{"href":"https:\/\/now-news.de\/de\/wp-json\/wp\/v2\/types\/post"}],"author":[{"embeddable":true,"href":"https:\/\/now-news.de\/de\/wp-json\/wp\/v2\/users\/3"}],"replies":[{"embeddable":true,"href":"https:\/\/now-news.de\/de\/wp-json\/wp\/v2\/comments?post=7927"}],"version-history":[{"count":0,"href":"https:\/\/now-news.de\/de\/wp-json\/wp\/v2\/posts\/7927\/revisions"}],"wp:featuredmedia":[{"embeddable":true,"href":"https:\/\/now-news.de\/de\/wp-json\/wp\/v2\/media\/7928"}],"wp:attachment":[{"href":"https:\/\/now-news.de\/de\/wp-json\/wp\/v2\/media?parent=7927"}],"wp:term":[{"taxonomy":"category","embeddable":true,"href":"https:\/\/now-news.de\/de\/wp-json\/wp\/v2\/categories?post=7927"},{"taxonomy":"post_tag","embeddable":true,"href":"https:\/\/now-news.de\/de\/wp-json\/wp\/v2\/tags?post=7927"}],"curies":[{"name":"wp","href":"https:\/\/api.w.org\/{rel}","templated":true}]}}