{"id":79256,"date":"2025-02-26T13:08:25","date_gmt":"2025-02-26T11:08:25","guid":{"rendered":"https:\/\/now-news.de\/de\/deutschland\/stromausfall-legt-chile-fuer-mehrere-stunden-lahm-regierung-verhaengt-ausgangssperre\/"},"modified":"2025-02-26T13:08:25","modified_gmt":"2025-02-26T11:08:25","slug":"stromausfall-legt-chile-fuer-mehrere-stunden-lahm-regierung-verhaengt-ausgangssperre","status":"publish","type":"post","link":"https:\/\/now-news.de\/de\/deutschland\/stromausfall-legt-chile-fuer-mehrere-stunden-lahm-regierung-verhaengt-ausgangssperre\/","title":{"rendered":"Stromausfall legt Chile f\u00fcr mehrere Stunden lahm: Regierung verh\u00e4ngt Ausgangssperre"},"content":{"rendered":"<p><img decoding=\"async\" src=\"https:\/\/now-news.de\/de\/wp-content\/uploads\/sites\/3\/2025\/02\/67bef10848fbef2d7326270d.jpg\" \/><\/p>\n<div class=\"Text-root Text-type_1 \">\n                Fast 98 Prozent der Haushalte in Chile sind f\u00fcr mehrere Stunden ohne Strom geblieben. Zum Blackout kam es, als eine Hochspannungsleitung am Dienstag wegen eines technischen Problems vom Netz ging. Die Regierung verh\u00e4ngte f\u00fcr die Nacht zum Mittwoch eine Ausgangssperre.\n            <\/div>\n<p><\/p>\n<div class=\"Text-root Text-type_5 ArticleView-text ViewText-root \">\n<p>In Chile ist am Dienstagnachmittag das Stromnetz kollabiert. Betroffen waren fast alle Regionen des 4.300 Kilometer langen s\u00fcdamerikanischen Landes: von Arica im Norden bis nach Los Lagos im S\u00fcden. Fast 98 Prozent der Haushalte oder rund 19 Millionen Einwohner mussten mehrere Stunden lang ohne Strom ausharren.<\/p>\n<div class=\"EmbedBlock-root EmbedBlock-twitter\">\n<div class=\"TwitterEmbed\">\n<blockquote class=\"twitter-tweet lazyload\" data-twitter=\"twitter-tweet\" data-media-max-width=\"560\">\n<p lang=\"en\" dir=\"ltr\">A massive power outage across Chile plunged the country&#8217;s capital Santiago into darkness and knocked out electricity to major copper mines in the country&#8217;s north, buffeting global metal markets <a rel=\"nofollow noopener\" target=\"_blank\" href=\"https:\/\/t.co\/nvLgHa37HL\">https:\/\/t.co\/nvLgHa37HL<\/a><a rel=\"nofollow noopener\" target=\"_blank\" href=\"https:\/\/t.co\/KtcQxJsMQU\">pic.twitter.com\/KtcQxJsMQU<\/a><\/p>\n<p>\u2014 Reuters (@Reuters) <a rel=\"nofollow noopener\" target=\"_blank\" href=\"https:\/\/twitter.com\/Reuters\/status\/1894676276897829338?ref_src=twsrc%5Etfw\">February 26, 2025<\/a><\/p><\/blockquote>\n<\/div>\n<\/div>\n<p>Innenministerin Carolina Toh\u00e1 schloss bei einer Pressekonferenz einen Anschlag oder einen Hackerangriff als Ursache aus. Im Norden des Landes sei wegen eines technischen Fehlers eine Hochspannungsleitung vom Netz gegangen, was eine Kettenreaktion auf einem Gebiet mit einer Nord-S\u00fcd-Ausdehnung von rund 3.000 Kilometern ausgel\u00f6st habe.<\/p>\n<p>Nach etwa vier Stunden Blackout rief Pr\u00e4sident Gabriel Boric in den betroffenen Regionen den Ausnahmezustand aus. Dar\u00fcber hinaus verh\u00e4ngte er eine Ausgangssperre von 22:00 Uhr am Dienstag bis 6:00 Uhr am Mittwoch. Um m\u00f6gliche Verbrechen vor dem Hintergrund des massiven Stromausfalls zu verhindern, schickte die Regierung vor allem in der Hauptstadt Santiago 3.000 Soldaten zur Verst\u00e4rkung der Polizei.<\/p>\n<p>Besonders hart erwischte es die Einwohner von Santiago. Kurz vor dem Feierabend fiel dort die U-Bahn aus. Fahrg\u00e4ste mussten aus den stehen gebliebenen Z\u00fcgen evakuiert werden. Augenzeugen ver\u00f6ffentlichten in den sozialen Netzwerken Videos aus dunklen U-Bahn-Stationen.<\/p>\n<div class=\"EmbedBlock-root EmbedBlock-twitter\">\n<div class=\"TwitterEmbed\">\n<blockquote class=\"twitter-tweet lazyload\" data-twitter=\"twitter-tweet\" data-media-max-width=\"560\">\n<p lang=\"es\" dir=\"ltr\">\u26a1\ud83c\udde8\ud83c\uddf1 \u00a1Apag\u00f3n masivo en Chile! Este martes, un corte de energ\u00eda afect\u00f3 al 98.5% del pa\u00eds, dejando sin luz a m\u00e1s de 19 millones de personas\ud83d\udd0c\ud83d\udca1 Las autoridades trabajan para restablecer el servicio tras una falla en la transmisi\u00f3n en el Norte Chico <a rel=\"nofollow noopener\" target=\"_blank\" href=\"https:\/\/t.co\/nVVLHFjI2j\">pic.twitter.com\/nVVLHFjI2j<\/a><\/p>\n<p>\u2014 adn40 (@adn40) <a rel=\"nofollow noopener\" target=\"_blank\" href=\"https:\/\/twitter.com\/adn40\/status\/1894531573204357153?ref_src=twsrc%5Etfw\">February 25, 2025<\/a><\/p><\/blockquote>\n<\/div>\n<\/div>\n<p>Tausende Menschen mussten auf Linienbusse ausweichen, die schnell \u00fcberf\u00fcllt waren. Der Stra\u00dfenverkehr gestaltete sich \u00e4u\u00dferst schwierig, da auch die Ampeln au\u00dfer Betrieb waren. Der Blackout legte auch die Mobilfunknetze lahm.<\/p>\n<div class=\"EmbedBlock-root EmbedBlock-twitter\">\n<div class=\"TwitterEmbed\">\n<blockquote class=\"twitter-tweet lazyload\" data-twitter=\"twitter-tweet\" data-media-max-width=\"560\">\n<p lang=\"en\" dir=\"ltr\">Chile declares state of emergency after massive blackout.Millions have been left without power in the worst blackout in the country in well over a decade. It caused transport chaos in Santiago, where thousands of people were evacuated from the metro<a rel=\"nofollow noopener\" target=\"_blank\" href=\"https:\/\/t.co\/vEaiFNTZC1\">https:\/\/t.co\/vEaiFNTZC1<\/a><a rel=\"nofollow noopener\" target=\"_blank\" href=\"https:\/\/t.co\/zg8KYqOL80\">pic.twitter.com\/zg8KYqOL80<\/a><\/p>\n<p>\u2014 AFP News Agency (@AFP) <a rel=\"nofollow noopener\" target=\"_blank\" href=\"https:\/\/twitter.com\/AFP\/status\/1894561252493681036?ref_src=twsrc%5Etfw\">February 26, 2025<\/a><\/p><\/blockquote>\n<\/div>\n<\/div>\n<p>Der Stromausfall hatte auch negative Folgen f\u00fcr die chilenische Bergbaubranche. In mehreren Kupferminen wurde die Produktion unterbrochen.<\/p>\n<p>Gegen 22:00 Uhr Ortszeit wurde die Stromversorgung von vier der 19 Millionen betroffenen Einwohner wiederhergestellt. Ab Mitternacht hatten 90 Prozent der privaten Verbraucher wieder Strom.<\/p>\n<p><strong>Mehr zum Thema<\/strong> &#8211; <a rel=\"nofollow noopener\" target=\"_blank\" href=\"https:\/\/freedert.online\/europa\/237718-demokratische-stromversorgung-beschleunigt-verelendung-baltikums\/\">Die &#8220;demokratische&#8221; Stromversorgung beschleunigt die Verelendung des Baltikums<\/a><\/p>\n<\/div>\n<p><script async src=\"https:\/\/platform.twitter.com\/widgets.js\" charset=\"utf-8\"><\/script><br \/>\n<br \/><br \/>\n<br \/><a href=\"https:\/\/de.rt.com\/amerika\/238019-stromausfall-legt-chile-fuer-mehrere-stunden-lahm\/\">Source link <\/a><\/p>\n","protected":false},"excerpt":{"rendered":"<p>Fast 98 Prozent der Haushalte in Chile sind f\u00fcr mehrere Stunden ohne Strom geblieben. Zum Blackout kam es, als eine Hochspannungsleitung am Dienstag wegen eines technischen Problems vom Netz ging. Die Regierung verh\u00e4ngte f\u00fcr die Nacht zum Mittwoch eine Ausgangssperre. In Chile ist am Dienstagnachmittag das Stromnetz kollabiert. Betroffen waren fast alle Regionen des 4.300 [&hellip;]<\/p>\n","protected":false},"author":3,"featured_media":79257,"comment_status":"open","ping_status":"open","sticky":false,"template":"","format":"standard","meta":{"_yoast_indexnow_last_ping":["1740568270"],"wp_automatic_camp":["217"],"8353603ebb4e8ea86134395136e2c2e3":["Stromausfall legt Chile f\u00fcr mehrere Stunden lahm: Regierung verh\u00e4ngt Ausgangssperre"],"original_link":["https:\/\/de.rt.com\/amerika\/238019-stromausfall-legt-chile-fuer-mehrere-stunden-lahm\/"],"_thumbnail_id":["79257"],"jnews_social_counter_last_update":["1777575234"],"_wptgpro_p2tg_sent2tg":["a:1:{i:23737;s:19:\"2025-02-26 13:12:14\";}"]},"categories":[19,23],"tags":[16867,17666,221,34497,5552,3653,46,5605,4231,10528],"yoast_head":"<!-- This site is optimized with the Yoast SEO Premium plugin v22.7 (Yoast SEO v22.7) - https:\/\/yoast.com\/wordpress\/plugins\/seo\/ -->\n<title>Stromausfall legt Chile f\u00fcr mehrere Stunden lahm: Regierung verh\u00e4ngt Ausgangssperre - just-now.NEWS Deutschland<\/title>\n<meta name=\"robots\" content=\"index, follow, max-snippet:-1, max-image-preview:large, max-video-preview:-1\" \/>\n<link rel=\"canonical\" href=\"https:\/\/now-news.de\/de\/deutschland\/stromausfall-legt-chile-fuer-mehrere-stunden-lahm-regierung-verhaengt-ausgangssperre\/\" \/>\n<meta property=\"og:locale\" content=\"de_DE\" \/>\n<meta property=\"og:type\" content=\"article\" \/>\n<meta property=\"og:title\" content=\"Stromausfall legt Chile f\u00fcr mehrere Stunden lahm: Regierung verh\u00e4ngt Ausgangssperre\" \/>\n<meta property=\"og:description\" content=\"Fast 98 Prozent der Haushalte in Chile sind f\u00fcr mehrere Stunden ohne Strom geblieben. Zum Blackout kam es, als eine Hochspannungsleitung am Dienstag wegen eines technischen Problems vom Netz ging. Die Regierung verh\u00e4ngte f\u00fcr die Nacht zum Mittwoch eine Ausgangssperre. In Chile ist am Dienstagnachmittag das Stromnetz kollabiert. Betroffen waren fast alle Regionen des 4.300 [&hellip;]\" \/>\n<meta property=\"og:url\" content=\"https:\/\/now-news.de\/de\/deutschland\/stromausfall-legt-chile-fuer-mehrere-stunden-lahm-regierung-verhaengt-ausgangssperre\/\" \/>\n<meta property=\"og:site_name\" content=\"just-now.NEWS Deutschland\" \/>\n<meta property=\"article:publisher\" content=\"https:\/\/www.facebook.com\/wirmachenauf\" \/>\n<meta property=\"article:published_time\" content=\"2025-02-26T11:08:25+00:00\" \/>\n<meta property=\"og:image\" content=\"https:\/\/now-news.de\/de\/wp-content\/uploads\/sites\/3\/2025\/02\/67bef10848fbef2d7326270d.jpg\" \/>\n<meta name=\"author\" content=\"rtnews\" \/>\n<meta name=\"twitter:card\" content=\"summary_large_image\" \/>\n<meta name=\"twitter:creator\" content=\"@WirMachenAuf_de\" \/>\n<meta name=\"twitter:site\" content=\"@WirMachenAuf_de\" \/>\n<meta name=\"twitter:label1\" content=\"Verfasst von\" \/>\n\t<meta name=\"twitter:data1\" content=\"rtnews\" \/>\n\t<meta name=\"twitter:label2\" content=\"Gesch\u00e4tzte Lesezeit\" \/>\n\t<meta name=\"twitter:data2\" content=\"2\u00a0Minuten\" \/>\n<script type=\"application\/ld+json\" class=\"yoast-schema-graph\">{\"@context\":\"https:\/\/schema.org\",\"@graph\":[{\"@type\":\"Article\",\"@id\":\"https:\/\/now-news.de\/de\/deutschland\/stromausfall-legt-chile-fuer-mehrere-stunden-lahm-regierung-verhaengt-ausgangssperre\/#article\",\"isPartOf\":{\"@id\":\"https:\/\/now-news.de\/de\/deutschland\/stromausfall-legt-chile-fuer-mehrere-stunden-lahm-regierung-verhaengt-ausgangssperre\/\"},\"author\":{\"name\":\"rtnews\",\"@id\":\"https:\/\/now-news.de\/de\/#\/schema\/person\/fb534a4e865501d8b3285208df34a9b5\"},\"headline\":\"Stromausfall legt Chile f\u00fcr mehrere Stunden lahm: Regierung verh\u00e4ngt Ausgangssperre\",\"datePublished\":\"2025-02-26T11:08:25+00:00\",\"dateModified\":\"2025-02-26T11:08:25+00:00\",\"mainEntityOfPage\":{\"@id\":\"https:\/\/now-news.de\/de\/deutschland\/stromausfall-legt-chile-fuer-mehrere-stunden-lahm-regierung-verhaengt-ausgangssperre\/\"},\"wordCount\":482,\"commentCount\":0,\"publisher\":{\"@id\":\"https:\/\/now-news.de\/de\/#organization\"},\"image\":{\"@id\":\"https:\/\/now-news.de\/de\/deutschland\/stromausfall-legt-chile-fuer-mehrere-stunden-lahm-regierung-verhaengt-ausgangssperre\/#primaryimage\"},\"thumbnailUrl\":\"https:\/\/now-news.de\/de\/wp-content\/uploads\/sites\/3\/2025\/02\/Stromausfall-legt-Chile-fuer-mehrere-Stunden-lahm-Regierung-verhaengt-Ausgangssperre.jpg\",\"keywords\":[\"Ausgangssperre\",\"chile\",\"f\u00fcr\",\"lahm\",\"legt\",\"mehrere\",\"Regierung\",\"Stromausfall\",\"STUNDEN\",\"verh\u00e4ngt\"],\"articleSection\":[\"Deutschland\",\"Russland\"],\"inLanguage\":\"de\",\"potentialAction\":[{\"@type\":\"CommentAction\",\"name\":\"Comment\",\"target\":[\"https:\/\/now-news.de\/de\/deutschland\/stromausfall-legt-chile-fuer-mehrere-stunden-lahm-regierung-verhaengt-ausgangssperre\/#respond\"]}]},{\"@type\":\"WebPage\",\"@id\":\"https:\/\/now-news.de\/de\/deutschland\/stromausfall-legt-chile-fuer-mehrere-stunden-lahm-regierung-verhaengt-ausgangssperre\/\",\"url\":\"https:\/\/now-news.de\/de\/deutschland\/stromausfall-legt-chile-fuer-mehrere-stunden-lahm-regierung-verhaengt-ausgangssperre\/\",\"name\":\"Stromausfall legt Chile f\u00fcr mehrere Stunden lahm: Regierung verh\u00e4ngt Ausgangssperre - just-now.NEWS Deutschland\",\"isPartOf\":{\"@id\":\"https:\/\/now-news.de\/de\/#website\"},\"primaryImageOfPage\":{\"@id\":\"https:\/\/now-news.de\/de\/deutschland\/stromausfall-legt-chile-fuer-mehrere-stunden-lahm-regierung-verhaengt-ausgangssperre\/#primaryimage\"},\"image\":{\"@id\":\"https:\/\/now-news.de\/de\/deutschland\/stromausfall-legt-chile-fuer-mehrere-stunden-lahm-regierung-verhaengt-ausgangssperre\/#primaryimage\"},\"thumbnailUrl\":\"https:\/\/now-news.de\/de\/wp-content\/uploads\/sites\/3\/2025\/02\/Stromausfall-legt-Chile-fuer-mehrere-Stunden-lahm-Regierung-verhaengt-Ausgangssperre.jpg\",\"datePublished\":\"2025-02-26T11:08:25+00:00\",\"dateModified\":\"2025-02-26T11:08:25+00:00\",\"breadcrumb\":{\"@id\":\"https:\/\/now-news.de\/de\/deutschland\/stromausfall-legt-chile-fuer-mehrere-stunden-lahm-regierung-verhaengt-ausgangssperre\/#breadcrumb\"},\"inLanguage\":\"de\",\"potentialAction\":[{\"@type\":\"ReadAction\",\"target\":[\"https:\/\/now-news.de\/de\/deutschland\/stromausfall-legt-chile-fuer-mehrere-stunden-lahm-regierung-verhaengt-ausgangssperre\/\"]}]},{\"@type\":\"ImageObject\",\"inLanguage\":\"de\",\"@id\":\"https:\/\/now-news.de\/de\/deutschland\/stromausfall-legt-chile-fuer-mehrere-stunden-lahm-regierung-verhaengt-ausgangssperre\/#primaryimage\",\"url\":\"https:\/\/now-news.de\/de\/wp-content\/uploads\/sites\/3\/2025\/02\/Stromausfall-legt-Chile-fuer-mehrere-Stunden-lahm-Regierung-verhaengt-Ausgangssperre.jpg\",\"contentUrl\":\"https:\/\/now-news.de\/de\/wp-content\/uploads\/sites\/3\/2025\/02\/Stromausfall-legt-Chile-fuer-mehrere-Stunden-lahm-Regierung-verhaengt-Ausgangssperre.jpg\",\"width\":460,\"height\":259,\"caption\":\"Stromausfall legt Chile f\u00fcr mehrere Stunden lahm: Regierung verh\u00e4ngt Ausgangssperre\"},{\"@type\":\"BreadcrumbList\",\"@id\":\"https:\/\/now-news.de\/de\/deutschland\/stromausfall-legt-chile-fuer-mehrere-stunden-lahm-regierung-verhaengt-ausgangssperre\/#breadcrumb\",\"itemListElement\":[{\"@type\":\"ListItem\",\"position\":1,\"name\":\"Home\",\"item\":\"https:\/\/now-news.de\/de\/\"},{\"@type\":\"ListItem\",\"position\":2,\"name\":\"Stromausfall legt Chile f\u00fcr mehrere Stunden lahm: Regierung verh\u00e4ngt Ausgangssperre\"}]},{\"@type\":\"WebSite\",\"@id\":\"https:\/\/now-news.de\/de\/#website\",\"url\":\"https:\/\/now-news.de\/de\/\",\"name\":\"just-now.NEWS Deutschland\",\"description\":\"Das Portal f\u00fcr unzensierte Nachrichten aus der Welt\",\"publisher\":{\"@id\":\"https:\/\/now-news.de\/de\/#organization\"},\"potentialAction\":[{\"@type\":\"SearchAction\",\"target\":{\"@type\":\"EntryPoint\",\"urlTemplate\":\"https:\/\/now-news.de\/de\/?s={search_term_string}\"},\"query-input\":\"required name=search_term_string\"}],\"inLanguage\":\"de\"},{\"@type\":\"Organization\",\"@id\":\"https:\/\/now-news.de\/de\/#organization\",\"name\":\"Just Now News\",\"url\":\"https:\/\/now-news.de\/de\/\",\"logo\":{\"@type\":\"ImageObject\",\"inLanguage\":\"de\",\"@id\":\"https:\/\/now-news.de\/de\/#\/schema\/logo\/image\/\",\"url\":\"http:\/\/just-now.news\/de\/wp-content\/uploads\/sites\/3\/2022\/04\/logo500x500.jpg\",\"contentUrl\":\"http:\/\/just-now.news\/de\/wp-content\/uploads\/sites\/3\/2022\/04\/logo500x500.jpg\",\"width\":500,\"height\":500,\"caption\":\"Just Now News\"},\"image\":{\"@id\":\"https:\/\/now-news.de\/de\/#\/schema\/logo\/image\/\"},\"sameAs\":[\"https:\/\/www.facebook.com\/wirmachenauf\",\"https:\/\/x.com\/WirMachenAuf_de\"]},{\"@type\":\"Person\",\"@id\":\"https:\/\/now-news.de\/de\/#\/schema\/person\/fb534a4e865501d8b3285208df34a9b5\",\"name\":\"rtnews\",\"image\":{\"@type\":\"ImageObject\",\"inLanguage\":\"de\",\"@id\":\"https:\/\/now-news.de\/de\/#\/schema\/person\/image\/\",\"url\":\"https:\/\/secure.gravatar.com\/avatar\/82aafea7d8127119dd649515f56e2117?s=96&d=mm&r=g\",\"contentUrl\":\"https:\/\/secure.gravatar.com\/avatar\/82aafea7d8127119dd649515f56e2117?s=96&d=mm&r=g\",\"caption\":\"rtnews\"},\"url\":\"https:\/\/now-news.de\/de\/author\/rnews\/\"}]}<\/script>\n<!-- \/ Yoast SEO Premium plugin. -->","yoast_head_json":{"title":"Stromausfall legt Chile f\u00fcr mehrere Stunden lahm: Regierung verh\u00e4ngt Ausgangssperre - just-now.NEWS Deutschland","robots":{"index":"index","follow":"follow","max-snippet":"max-snippet:-1","max-image-preview":"max-image-preview:large","max-video-preview":"max-video-preview:-1"},"canonical":"https:\/\/now-news.de\/de\/deutschland\/stromausfall-legt-chile-fuer-mehrere-stunden-lahm-regierung-verhaengt-ausgangssperre\/","og_locale":"de_DE","og_type":"article","og_title":"Stromausfall legt Chile f\u00fcr mehrere Stunden lahm: Regierung verh\u00e4ngt Ausgangssperre","og_description":"Fast 98 Prozent der Haushalte in Chile sind f\u00fcr mehrere Stunden ohne Strom geblieben. Zum Blackout kam es, als eine Hochspannungsleitung am Dienstag wegen eines technischen Problems vom Netz ging. Die Regierung verh\u00e4ngte f\u00fcr die Nacht zum Mittwoch eine Ausgangssperre. In Chile ist am Dienstagnachmittag das Stromnetz kollabiert. Betroffen waren fast alle Regionen des 4.300 [&hellip;]","og_url":"https:\/\/now-news.de\/de\/deutschland\/stromausfall-legt-chile-fuer-mehrere-stunden-lahm-regierung-verhaengt-ausgangssperre\/","og_site_name":"just-now.NEWS Deutschland","article_publisher":"https:\/\/www.facebook.com\/wirmachenauf","article_published_time":"2025-02-26T11:08:25+00:00","og_image":[{"url":"https:\/\/now-news.de\/de\/wp-content\/uploads\/sites\/3\/2025\/02\/67bef10848fbef2d7326270d.jpg"}],"author":"rtnews","twitter_card":"summary_large_image","twitter_creator":"@WirMachenAuf_de","twitter_site":"@WirMachenAuf_de","twitter_misc":{"Verfasst von":"rtnews","Gesch\u00e4tzte Lesezeit":"2\u00a0Minuten"},"schema":{"@context":"https:\/\/schema.org","@graph":[{"@type":"Article","@id":"https:\/\/now-news.de\/de\/deutschland\/stromausfall-legt-chile-fuer-mehrere-stunden-lahm-regierung-verhaengt-ausgangssperre\/#article","isPartOf":{"@id":"https:\/\/now-news.de\/de\/deutschland\/stromausfall-legt-chile-fuer-mehrere-stunden-lahm-regierung-verhaengt-ausgangssperre\/"},"author":{"name":"rtnews","@id":"https:\/\/now-news.de\/de\/#\/schema\/person\/fb534a4e865501d8b3285208df34a9b5"},"headline":"Stromausfall legt Chile f\u00fcr mehrere Stunden lahm: Regierung verh\u00e4ngt Ausgangssperre","datePublished":"2025-02-26T11:08:25+00:00","dateModified":"2025-02-26T11:08:25+00:00","mainEntityOfPage":{"@id":"https:\/\/now-news.de\/de\/deutschland\/stromausfall-legt-chile-fuer-mehrere-stunden-lahm-regierung-verhaengt-ausgangssperre\/"},"wordCount":482,"commentCount":0,"publisher":{"@id":"https:\/\/now-news.de\/de\/#organization"},"image":{"@id":"https:\/\/now-news.de\/de\/deutschland\/stromausfall-legt-chile-fuer-mehrere-stunden-lahm-regierung-verhaengt-ausgangssperre\/#primaryimage"},"thumbnailUrl":"https:\/\/now-news.de\/de\/wp-content\/uploads\/sites\/3\/2025\/02\/Stromausfall-legt-Chile-fuer-mehrere-Stunden-lahm-Regierung-verhaengt-Ausgangssperre.jpg","keywords":["Ausgangssperre","chile","f\u00fcr","lahm","legt","mehrere","Regierung","Stromausfall","STUNDEN","verh\u00e4ngt"],"articleSection":["Deutschland","Russland"],"inLanguage":"de","potentialAction":[{"@type":"CommentAction","name":"Comment","target":["https:\/\/now-news.de\/de\/deutschland\/stromausfall-legt-chile-fuer-mehrere-stunden-lahm-regierung-verhaengt-ausgangssperre\/#respond"]}]},{"@type":"WebPage","@id":"https:\/\/now-news.de\/de\/deutschland\/stromausfall-legt-chile-fuer-mehrere-stunden-lahm-regierung-verhaengt-ausgangssperre\/","url":"https:\/\/now-news.de\/de\/deutschland\/stromausfall-legt-chile-fuer-mehrere-stunden-lahm-regierung-verhaengt-ausgangssperre\/","name":"Stromausfall legt Chile f\u00fcr mehrere Stunden lahm: Regierung verh\u00e4ngt Ausgangssperre - just-now.NEWS Deutschland","isPartOf":{"@id":"https:\/\/now-news.de\/de\/#website"},"primaryImageOfPage":{"@id":"https:\/\/now-news.de\/de\/deutschland\/stromausfall-legt-chile-fuer-mehrere-stunden-lahm-regierung-verhaengt-ausgangssperre\/#primaryimage"},"image":{"@id":"https:\/\/now-news.de\/de\/deutschland\/stromausfall-legt-chile-fuer-mehrere-stunden-lahm-regierung-verhaengt-ausgangssperre\/#primaryimage"},"thumbnailUrl":"https:\/\/now-news.de\/de\/wp-content\/uploads\/sites\/3\/2025\/02\/Stromausfall-legt-Chile-fuer-mehrere-Stunden-lahm-Regierung-verhaengt-Ausgangssperre.jpg","datePublished":"2025-02-26T11:08:25+00:00","dateModified":"2025-02-26T11:08:25+00:00","breadcrumb":{"@id":"https:\/\/now-news.de\/de\/deutschland\/stromausfall-legt-chile-fuer-mehrere-stunden-lahm-regierung-verhaengt-ausgangssperre\/#breadcrumb"},"inLanguage":"de","potentialAction":[{"@type":"ReadAction","target":["https:\/\/now-news.de\/de\/deutschland\/stromausfall-legt-chile-fuer-mehrere-stunden-lahm-regierung-verhaengt-ausgangssperre\/"]}]},{"@type":"ImageObject","inLanguage":"de","@id":"https:\/\/now-news.de\/de\/deutschland\/stromausfall-legt-chile-fuer-mehrere-stunden-lahm-regierung-verhaengt-ausgangssperre\/#primaryimage","url":"https:\/\/now-news.de\/de\/wp-content\/uploads\/sites\/3\/2025\/02\/Stromausfall-legt-Chile-fuer-mehrere-Stunden-lahm-Regierung-verhaengt-Ausgangssperre.jpg","contentUrl":"https:\/\/now-news.de\/de\/wp-content\/uploads\/sites\/3\/2025\/02\/Stromausfall-legt-Chile-fuer-mehrere-Stunden-lahm-Regierung-verhaengt-Ausgangssperre.jpg","width":460,"height":259,"caption":"Stromausfall legt Chile f\u00fcr mehrere Stunden lahm: Regierung verh\u00e4ngt Ausgangssperre"},{"@type":"BreadcrumbList","@id":"https:\/\/now-news.de\/de\/deutschland\/stromausfall-legt-chile-fuer-mehrere-stunden-lahm-regierung-verhaengt-ausgangssperre\/#breadcrumb","itemListElement":[{"@type":"ListItem","position":1,"name":"Home","item":"https:\/\/now-news.de\/de\/"},{"@type":"ListItem","position":2,"name":"Stromausfall legt Chile f\u00fcr mehrere Stunden lahm: Regierung verh\u00e4ngt Ausgangssperre"}]},{"@type":"WebSite","@id":"https:\/\/now-news.de\/de\/#website","url":"https:\/\/now-news.de\/de\/","name":"just-now.NEWS Deutschland","description":"Das Portal f\u00fcr unzensierte Nachrichten aus der Welt","publisher":{"@id":"https:\/\/now-news.de\/de\/#organization"},"potentialAction":[{"@type":"SearchAction","target":{"@type":"EntryPoint","urlTemplate":"https:\/\/now-news.de\/de\/?s={search_term_string}"},"query-input":"required name=search_term_string"}],"inLanguage":"de"},{"@type":"Organization","@id":"https:\/\/now-news.de\/de\/#organization","name":"Just Now News","url":"https:\/\/now-news.de\/de\/","logo":{"@type":"ImageObject","inLanguage":"de","@id":"https:\/\/now-news.de\/de\/#\/schema\/logo\/image\/","url":"http:\/\/just-now.news\/de\/wp-content\/uploads\/sites\/3\/2022\/04\/logo500x500.jpg","contentUrl":"http:\/\/just-now.news\/de\/wp-content\/uploads\/sites\/3\/2022\/04\/logo500x500.jpg","width":500,"height":500,"caption":"Just Now News"},"image":{"@id":"https:\/\/now-news.de\/de\/#\/schema\/logo\/image\/"},"sameAs":["https:\/\/www.facebook.com\/wirmachenauf","https:\/\/x.com\/WirMachenAuf_de"]},{"@type":"Person","@id":"https:\/\/now-news.de\/de\/#\/schema\/person\/fb534a4e865501d8b3285208df34a9b5","name":"rtnews","image":{"@type":"ImageObject","inLanguage":"de","@id":"https:\/\/now-news.de\/de\/#\/schema\/person\/image\/","url":"https:\/\/secure.gravatar.com\/avatar\/82aafea7d8127119dd649515f56e2117?s=96&d=mm&r=g","contentUrl":"https:\/\/secure.gravatar.com\/avatar\/82aafea7d8127119dd649515f56e2117?s=96&d=mm&r=g","caption":"rtnews"},"url":"https:\/\/now-news.de\/de\/author\/rnews\/"}]}},"_links":{"self":[{"href":"https:\/\/now-news.de\/de\/wp-json\/wp\/v2\/posts\/79256"}],"collection":[{"href":"https:\/\/now-news.de\/de\/wp-json\/wp\/v2\/posts"}],"about":[{"href":"https:\/\/now-news.de\/de\/wp-json\/wp\/v2\/types\/post"}],"author":[{"embeddable":true,"href":"https:\/\/now-news.de\/de\/wp-json\/wp\/v2\/users\/3"}],"replies":[{"embeddable":true,"href":"https:\/\/now-news.de\/de\/wp-json\/wp\/v2\/comments?post=79256"}],"version-history":[{"count":0,"href":"https:\/\/now-news.de\/de\/wp-json\/wp\/v2\/posts\/79256\/revisions"}],"wp:featuredmedia":[{"embeddable":true,"href":"https:\/\/now-news.de\/de\/wp-json\/wp\/v2\/media\/79257"}],"wp:attachment":[{"href":"https:\/\/now-news.de\/de\/wp-json\/wp\/v2\/media?parent=79256"}],"wp:term":[{"taxonomy":"category","embeddable":true,"href":"https:\/\/now-news.de\/de\/wp-json\/wp\/v2\/categories?post=79256"},{"taxonomy":"post_tag","embeddable":true,"href":"https:\/\/now-news.de\/de\/wp-json\/wp\/v2\/tags?post=79256"}],"curies":[{"name":"wp","href":"https:\/\/api.w.org\/{rel}","templated":true}]}}