{"id":79213,"date":"2025-02-25T19:27:40","date_gmt":"2025-02-25T17:27:40","guid":{"rendered":"https:\/\/now-news.de\/de\/deutschland\/ursula-von-der-leyen-wird-es-nicht-gelingen-aus-der-eu-ein-viertes-reich-zu-machen\/"},"modified":"2025-02-25T19:27:40","modified_gmt":"2025-02-25T17:27:40","slug":"ursula-von-der-leyen-wird-es-nicht-gelingen-aus-der-eu-ein-viertes-reich-zu-machen","status":"publish","type":"post","link":"https:\/\/now-news.de\/de\/deutschland\/ursula-von-der-leyen-wird-es-nicht-gelingen-aus-der-eu-ein-viertes-reich-zu-machen\/","title":{"rendered":"Ursula von der Leyen wird es nicht gelingen, aus der EU ein Viertes Reich zu machen"},"content":{"rendered":"<p><img decoding=\"async\" src=\"https:\/\/now-news.de\/de\/wp-content\/uploads\/sites\/3\/2025\/02\/67bcbd9eb480cc59e20fa8f4.jpg\" \/><\/p>\n<div class=\"Text-root Text-type_1 \">\n                Ursula von der Leyen geh\u00f6rt zu den wenigen westlichen F\u00fchrungspers\u00f6nlichkeiten, die nach drei Jahren der Konfrontation mit Russland nicht nur ihren Posten behalten, sondern auch ihre pers\u00f6nliche Macht konsolidieren konnten. Medienberichten zufolge will sie ihre Macht jedoch noch weiter ausbauen. Kann das gelingen?\n            <\/div>\n<p><\/p>\n<div class=\"Text-root Text-type_5 ArticleView-text ViewText-root \">\n<p><em>Von Geworg Mirsajan<\/em><\/p>\n<p>&#8220;Ursula von der Leyen wird in ihrer zweiten Amtszeit als EU-Kommissionschefin die Zentralisierung der EU-Exekutivmacht weiter vorantreiben&#8221;, schreibt die einflussreiche Zeitschrift <em>Politico<\/em>. Demnach gehe es ihr vor allem darum, ihre pers\u00f6nliche Macht zu st\u00e4rken, insbesondere was die Zensur betrifft.<\/p>\n<p>So erhielten die EU-Beamten am Tag der Inauguration des neuen US-Pr\u00e4sidenten Donald Trump eine strikte Anweisung, auf ihren Social-Media-Accounts den Beitrag der EU-Kommissionschefin zu posten, aber auf keinen Fall etwas Eigenes hinzuzuf\u00fcgen.<\/p>\n<p>Die Aufsicht und Kontrolle wurden zu einem Charakteristikum der Amtszeit von Ursula von der Leyen, die versucht, die EU in ein pr\u00e4sidiales Regierungsmodell zu transformieren. Das bedeutet, dass die Europ\u00e4ische Kommission das Europ\u00e4ische Parlament und andere repr\u00e4sentative Institutionen der EU ins Abseits stellt, ganz zu schweigen von den nationalen Regierungen, deren Souver\u00e4nit\u00e4t durch die Zentralisierung noch mehr eingeschr\u00e4nkt wird.<\/p>\n<p>Dies scheint ein Schritt in die richtige Richtung zu sein und dem Grundsatz &#8220;Entwickle dich oder stirb&#8221; voll und ganz zu entsprechen. Schlie\u00dflich kann die EU in ihrem derzeitigen Zustand nicht effektiv funktionieren.<\/p>\n<p>&#8220;Aus wirtschaftlicher Sicht betrachtet ist die EU eine ziemlich beeindruckende Kraft, aber gleichzeitig keine vollwertige Partei im Rahmen der internationalen Beziehungen&#8221;, erkl\u00e4rt Alexei Naumov, Experte beim Russischen Rat f\u00fcr Internationale Angelegenheiten. &#8220;Sie ist ein Zusammenschluss von Staaten mit unterschiedlichen Machtzentren, politischen Ordnungen und Wahlsystemen. In einer Situation, in der von der EU mehr Unabh\u00e4ngigkeit in au\u00dfenpolitischen Fragen verlangt wird, beobachten wir daher den Versuch einer gewissen Zentralisierung.&#8221;<\/p>\n<p>Rein formal hat von der Leyen dazu kein Mandat. Die Bev\u00f6lkerung der EU-L\u00e4nder hat sie nicht zur gesamteurop\u00e4ischen Pr\u00e4sidentin gew\u00e4hlt und ihr sicherlich nicht die Befugnis \u00fcbertragen, die Souver\u00e4nit\u00e4t ihrer L\u00e4nder zugunsten der supranationalen Europ\u00e4ischen Kommission einzuschr\u00e4nken.<\/p>\n<p>Wenn schon nicht die Legitimit\u00e4t, so wird doch eine gewisse Legalit\u00e4t ihres Handelns von den globalistischen Kreisen gew\u00e4hrleistet, die die Schw\u00e4che der EU erkennen und sich dar\u00fcber im Klaren sind, dass sie im Rahmen der neuen politischen Realit\u00e4ten nur \u00fcberleben k\u00f6nnen, wenn sie sich zusammenschlie\u00dfen.<\/p>\n<p>Eine vereinte und starke Europ\u00e4ische Union wird in der Lage sein, dem Druck der USA zu widerstehen. Dieser Aspekt ist nicht nur jetzt \u2013 unter Trumps Pr\u00e4sidentschaft \u2013 relevant, sondern war auch am Beginn der milit\u00e4rischen Sonderoperation in der Ukraine von gro\u00dfer Bedeutung, als Amerika erfolgreich den &#8220;Entfettungsprozess&#8221; Europas einleitete.<\/p>\n<p>&#8220;Die Amerikaner zerst\u00f6ren Europa schon seit drei Jahren, und das gef\u00e4llt den Europ\u00e4ern nat\u00fcrlich nicht. Sie wollen nicht, dass Europa &#8216;aufgefressen&#8217; wird&#8221;, sagt Dmitri Ofizerow-Belski, leitender Forscher am Primakow-Forschungsinstitut f\u00fcr Weltwirtschaft und internationale Beziehungen der Russischen Akademie der Wissenschaften.<\/p>\n<p>Es gibt jedoch mindestens zwei ernsthafte Hindernisse, die einer Transformation der EU in ein pr\u00e4sidentielles System entgegenstehen.<\/p>\n<p>Erstens verengt sich das Fenster der Gelegenheiten in raschem Tempo.<\/p>\n<p>&#8220;Solange die Mainstream-Parteien in den europ\u00e4ischen L\u00e4ndern an der Macht sind, gibt es kaum Widerstand gegen Zentralisierungsversuche&#8221;, sagt Alexei Naumow. &#8220;Allerdings gewinnen derzeit die rechtsgerichteten Parteien, die sogenannten &#8216;Euroskeptiker&#8217;, zunehmend an Einfluss in der EU. Sie sind unzufrieden damit, dass ihre L\u00e4nder von einigen wenigen Br\u00fcsseler Beamten regiert werden, die nicht in der Lage sind, Wirtschaftswachstum sowie eine erfolgreiche Au\u00dfen- und eine berechenbare Innenpolitik zu gew\u00e4hrleisten.&#8221;<\/p>\n<p>Auch wenn Euroskeptiker derzeit nur in Ungarn und teilweise in der Slowakei an der Macht sind, machen sie Ursula von der Leyen schon jetzt zu schaffen. Vor dem Hintergrund der Migrationsprobleme, der Wirtschaftskrise und der Macht\u00fcbernahme durch Trump wirkt sich der politische Trend zugunsten der Euroskeptiker aus. Daher werden Versuche, die EU zu zentralisieren, mittelfristig auf zunehmenden Widerstand sto\u00dfen.<\/p>\n<p>Nach der Logik von der Leyens sollte die EU daher jetzt reformiert werden, bevor die Euroskeptiker noch st\u00e4rker werden und den Reformprozess blockieren.<\/p>\n<p>Zweitens: Washington tritt gegen eine solche Zentralisierung auf.<\/p>\n<p>Als US-Vizepr\u00e4sident J.D. Vance in M\u00fcnchen die europ\u00e4ische Demokratie kritisierte, richteten sich seine Worte unmittelbar an von der Leyen und die von ihr geleitete Europ\u00e4ische Kommission. In den Augen der Trumpisten ist dies nicht nur eine &#8220;Brutst\u00e4tte&#8221; f\u00fcr ultraliberalen Unfug, sondern auch ein potenzielles Widerstandszentrum gegen die amerikanischen Versuche, Europa noch st\u00e4rker zu &#8220;entfetten&#8221;.<\/p>\n<p>F\u00fcr Donald Trump besteht das Idealmodell der amerikanisch-europ\u00e4ischen Beziehungen in bilateralen Kontakten zwischen den USA und einzelnen europ\u00e4ischen Staaten, die Amerika dank seiner vollst\u00e4ndigen milit\u00e4rischen, politischen und wirtschaftlichen \u00dcberlegenheit unterdr\u00fccken kann. Washington braucht kein Europa, das geschlossen auftritt.<\/p>\n<p>Dazu m\u00fcssen die Amerikaner Ursula von der Leyen mit all ihren Ambitionen in die Schranken weisen. Und das ist f\u00fcr die Amerikaner kein gro\u00dfes Problem. Schlie\u00dflich mangelt es Ursula von der Leyen im Vergleich zu EU-Gr\u00fcnderv\u00e4tern wie Jean Monnet klar an Professionalit\u00e4t.<\/p>\n<p>&#8220;Sie war mit Angela Merkel befreundet, und die Kanzlerin hat sie als eine von Berlin aus steuerbare Person an die EU-Spitze gesetzt&#8221;, sagt Dmitri Ofizerow-Belski.<\/p>\n<p>Hinzu kommen die Reputationsprobleme von Frau von der Leyen. &#8220;Wie viele andere europ\u00e4ische Politiker wurde sie von den Amerikanern in korrupte Gesch\u00e4fte verwickelt und ist nun in den F\u00e4ngen der Amerikaner. Man denke nur an die Pfizer-Impfstoffgeschichte gegen COVID-19&#8221;, erinnert der Gespr\u00e4chspartner.<\/p>\n<p>Wenn Washington eine Anti-Korruptionsermittlung einleitet, kommt schnell ans Licht, wie viel die Chefin der Europ\u00e4ischen Kommission an der COVID-19-Pandemie, dem Ukraine-Krieg und &#8220;gr\u00fcnen&#8221; Energieprojekten mitverdiente.<\/p>\n<p>Gleichzeitig wird sich der Skandal um von der Leyen unweigerlich auf das Schicksal der gesamten Europ\u00e4ischen Union auswirken \u2013 f\u00fcr die einen wird er ein Schock sein, f\u00fcr die anderen \u2013 die Euroskeptiker \u2013 ein Popularit\u00e4tsschub. &#8220;Die Europ\u00e4er haben jahrelang den Anschein erweckt, dass es bei ihnen keine Korruption und keine Neigung zur Gewalt gibt und dass der Holocaust eine Verirrung der pl\u00f6tzlich verr\u00fcckt gewordenen Deutschen war&#8221;, erinnert Dmitri Ofizerow-Belski.<\/p>\n<p>Angesichts all dieser Schw\u00e4chen und Risiken besteht von der Leyens Aufgabe nicht darin, ihre Macht zu st\u00e4rken, sondern sie zumindest aufrechtzuerhalten.<\/p>\n<p><em>\u00dcbersetzt aus dem <a rel=\"nofollow noopener\" target=\"_blank\" href=\"https:\/\/vz.ru\/politics\/2025\/2\/24\/1316137.html\">Russischen<\/a>. Der Artikel ist am 24. Februar 2025 zuerst auf der Homepage der Zeitung Wsgljad erschienen.<\/em><\/p>\n<p><strong>\u00a0Mehr zum Thema <\/strong>&#8211; <a rel=\"nofollow noopener\" target=\"_blank\" href=\"https:\/\/freedert.online\/europa\/233891-von-leyen-ausfall-russischen-energielieferungen\/\">Von der Leyen: Ausfall der russischen Energielieferungen verursacht &#8220;himmelhohe Kosten&#8221;<\/a><strong><br \/><\/strong><\/p>\n<div class=\"EmbedBlock-root EmbedBlock-externalVideo EmbedBlock-rumble\">\n<div class=\"VkEmbed\"><iframe class=\"lazyload\" data-src=\"https:\/\/rumble.com\/embed\/v6hofqs\" frameborder=\"0\" width=\"853\" height=\"480\" allowfullscreen><\/iframe><\/div>\n<\/div>\n<\/div>\n<p><br \/>\n<br \/><a href=\"https:\/\/de.rt.com\/meinung\/237880-ursula-von-leyen-gelingt-es\/\">Source link <\/a><\/p>\n","protected":false},"excerpt":{"rendered":"<p>Ursula von der Leyen geh\u00f6rt zu den wenigen westlichen F\u00fchrungspers\u00f6nlichkeiten, die nach drei Jahren der Konfrontation mit Russland nicht nur ihren Posten behalten, sondern auch ihre pers\u00f6nliche Macht konsolidieren konnten. Medienberichten zufolge will sie ihre Macht jedoch noch weiter ausbauen. Kann das gelingen? Von Geworg Mirsajan &#8220;Ursula von der Leyen wird in ihrer zweiten Amtszeit [&hellip;]<\/p>\n","protected":false},"author":3,"featured_media":79214,"comment_status":"open","ping_status":"open","sticky":false,"template":"","format":"standard","meta":{"_yoast_indexnow_last_ping":["1740504721"],"wp_automatic_camp":["217"],"4724ace511de039b0132daaae7b7bae0":["Ursula von der Leyen wird es nicht gelingen, aus der EU ein Viertes Reich zu machen"],"original_link":["https:\/\/de.rt.com\/meinung\/237880-ursula-von-leyen-gelingt-es\/"],"_thumbnail_id":["79214"],"jnews_social_counter_last_update":["1777467774"],"_wptgpro_p2tg_sent2tg":["a:1:{i:23737;s:19:\"2025-02-25 19:33:09\";}"]},"categories":[19,23],"tags":[679,82,357,29918,368,3570,800,6107,8980,33570,50,374],"yoast_head":"<!-- This site is optimized with the Yoast SEO Premium plugin v22.7 (Yoast SEO v22.7) - https:\/\/yoast.com\/wordpress\/plugins\/seo\/ -->\n<title>Ursula von der Leyen wird es nicht gelingen, aus der EU ein Viertes Reich zu machen - just-now.NEWS Deutschland<\/title>\n<meta name=\"robots\" content=\"index, follow, max-snippet:-1, max-image-preview:large, max-video-preview:-1\" \/>\n<link rel=\"canonical\" href=\"https:\/\/now-news.de\/de\/deutschland\/ursula-von-der-leyen-wird-es-nicht-gelingen-aus-der-eu-ein-viertes-reich-zu-machen\/\" \/>\n<meta property=\"og:locale\" content=\"de_DE\" \/>\n<meta property=\"og:type\" content=\"article\" \/>\n<meta property=\"og:title\" content=\"Ursula von der Leyen wird es nicht gelingen, aus der EU ein Viertes Reich zu machen\" \/>\n<meta property=\"og:description\" content=\"Ursula von der Leyen geh\u00f6rt zu den wenigen westlichen F\u00fchrungspers\u00f6nlichkeiten, die nach drei Jahren der Konfrontation mit Russland nicht nur ihren Posten behalten, sondern auch ihre pers\u00f6nliche Macht konsolidieren konnten. Medienberichten zufolge will sie ihre Macht jedoch noch weiter ausbauen. Kann das gelingen? Von Geworg Mirsajan &#8220;Ursula von der Leyen wird in ihrer zweiten Amtszeit [&hellip;]\" \/>\n<meta property=\"og:url\" content=\"https:\/\/now-news.de\/de\/deutschland\/ursula-von-der-leyen-wird-es-nicht-gelingen-aus-der-eu-ein-viertes-reich-zu-machen\/\" \/>\n<meta property=\"og:site_name\" content=\"just-now.NEWS Deutschland\" \/>\n<meta property=\"article:publisher\" content=\"https:\/\/www.facebook.com\/wirmachenauf\" \/>\n<meta property=\"article:published_time\" content=\"2025-02-25T17:27:40+00:00\" \/>\n<meta property=\"og:image\" content=\"https:\/\/now-news.de\/de\/wp-content\/uploads\/sites\/3\/2025\/02\/67bcbd9eb480cc59e20fa8f4.jpg\" \/>\n<meta name=\"author\" content=\"rtnews\" \/>\n<meta name=\"twitter:card\" content=\"summary_large_image\" \/>\n<meta name=\"twitter:creator\" content=\"@WirMachenAuf_de\" \/>\n<meta name=\"twitter:site\" content=\"@WirMachenAuf_de\" \/>\n<meta name=\"twitter:label1\" content=\"Verfasst von\" \/>\n\t<meta name=\"twitter:data1\" content=\"rtnews\" \/>\n\t<meta name=\"twitter:label2\" content=\"Gesch\u00e4tzte Lesezeit\" \/>\n\t<meta name=\"twitter:data2\" content=\"5\u00a0Minuten\" \/>\n<script type=\"application\/ld+json\" class=\"yoast-schema-graph\">{\"@context\":\"https:\/\/schema.org\",\"@graph\":[{\"@type\":\"Article\",\"@id\":\"https:\/\/now-news.de\/de\/deutschland\/ursula-von-der-leyen-wird-es-nicht-gelingen-aus-der-eu-ein-viertes-reich-zu-machen\/#article\",\"isPartOf\":{\"@id\":\"https:\/\/now-news.de\/de\/deutschland\/ursula-von-der-leyen-wird-es-nicht-gelingen-aus-der-eu-ein-viertes-reich-zu-machen\/\"},\"author\":{\"name\":\"rtnews\",\"@id\":\"https:\/\/now-news.de\/de\/#\/schema\/person\/fb534a4e865501d8b3285208df34a9b5\"},\"headline\":\"Ursula von der Leyen wird es nicht gelingen, aus der EU ein Viertes Reich zu machen\",\"datePublished\":\"2025-02-25T17:27:40+00:00\",\"dateModified\":\"2025-02-25T17:27:40+00:00\",\"mainEntityOfPage\":{\"@id\":\"https:\/\/now-news.de\/de\/deutschland\/ursula-von-der-leyen-wird-es-nicht-gelingen-aus-der-eu-ein-viertes-reich-zu-machen\/\"},\"wordCount\":1086,\"commentCount\":0,\"publisher\":{\"@id\":\"https:\/\/now-news.de\/de\/#organization\"},\"image\":{\"@id\":\"https:\/\/now-news.de\/de\/deutschland\/ursula-von-der-leyen-wird-es-nicht-gelingen-aus-der-eu-ein-viertes-reich-zu-machen\/#primaryimage\"},\"thumbnailUrl\":\"https:\/\/now-news.de\/de\/wp-content\/uploads\/sites\/3\/2025\/02\/Ursula-von-der-Leyen-wird-es-nicht-gelingen-aus-der.jpg\",\"keywords\":[\"aus\",\"der\",\"ein\",\"gelingen\",\"Leyen\",\"machen\",\"nicht\",\"Reich\",\"Ursula\",\"viertes\",\"von\",\"wird\"],\"articleSection\":[\"Deutschland\",\"Russland\"],\"inLanguage\":\"de\",\"potentialAction\":[{\"@type\":\"CommentAction\",\"name\":\"Comment\",\"target\":[\"https:\/\/now-news.de\/de\/deutschland\/ursula-von-der-leyen-wird-es-nicht-gelingen-aus-der-eu-ein-viertes-reich-zu-machen\/#respond\"]}]},{\"@type\":\"WebPage\",\"@id\":\"https:\/\/now-news.de\/de\/deutschland\/ursula-von-der-leyen-wird-es-nicht-gelingen-aus-der-eu-ein-viertes-reich-zu-machen\/\",\"url\":\"https:\/\/now-news.de\/de\/deutschland\/ursula-von-der-leyen-wird-es-nicht-gelingen-aus-der-eu-ein-viertes-reich-zu-machen\/\",\"name\":\"Ursula von der Leyen wird es nicht gelingen, aus der EU ein Viertes Reich zu machen - just-now.NEWS Deutschland\",\"isPartOf\":{\"@id\":\"https:\/\/now-news.de\/de\/#website\"},\"primaryImageOfPage\":{\"@id\":\"https:\/\/now-news.de\/de\/deutschland\/ursula-von-der-leyen-wird-es-nicht-gelingen-aus-der-eu-ein-viertes-reich-zu-machen\/#primaryimage\"},\"image\":{\"@id\":\"https:\/\/now-news.de\/de\/deutschland\/ursula-von-der-leyen-wird-es-nicht-gelingen-aus-der-eu-ein-viertes-reich-zu-machen\/#primaryimage\"},\"thumbnailUrl\":\"https:\/\/now-news.de\/de\/wp-content\/uploads\/sites\/3\/2025\/02\/Ursula-von-der-Leyen-wird-es-nicht-gelingen-aus-der.jpg\",\"datePublished\":\"2025-02-25T17:27:40+00:00\",\"dateModified\":\"2025-02-25T17:27:40+00:00\",\"breadcrumb\":{\"@id\":\"https:\/\/now-news.de\/de\/deutschland\/ursula-von-der-leyen-wird-es-nicht-gelingen-aus-der-eu-ein-viertes-reich-zu-machen\/#breadcrumb\"},\"inLanguage\":\"de\",\"potentialAction\":[{\"@type\":\"ReadAction\",\"target\":[\"https:\/\/now-news.de\/de\/deutschland\/ursula-von-der-leyen-wird-es-nicht-gelingen-aus-der-eu-ein-viertes-reich-zu-machen\/\"]}]},{\"@type\":\"ImageObject\",\"inLanguage\":\"de\",\"@id\":\"https:\/\/now-news.de\/de\/deutschland\/ursula-von-der-leyen-wird-es-nicht-gelingen-aus-der-eu-ein-viertes-reich-zu-machen\/#primaryimage\",\"url\":\"https:\/\/now-news.de\/de\/wp-content\/uploads\/sites\/3\/2025\/02\/Ursula-von-der-Leyen-wird-es-nicht-gelingen-aus-der.jpg\",\"contentUrl\":\"https:\/\/now-news.de\/de\/wp-content\/uploads\/sites\/3\/2025\/02\/Ursula-von-der-Leyen-wird-es-nicht-gelingen-aus-der.jpg\",\"width\":460,\"height\":259,\"caption\":\"Ursula von der Leyen wird es nicht gelingen, aus der EU ein Viertes Reich zu machen\"},{\"@type\":\"BreadcrumbList\",\"@id\":\"https:\/\/now-news.de\/de\/deutschland\/ursula-von-der-leyen-wird-es-nicht-gelingen-aus-der-eu-ein-viertes-reich-zu-machen\/#breadcrumb\",\"itemListElement\":[{\"@type\":\"ListItem\",\"position\":1,\"name\":\"Home\",\"item\":\"https:\/\/now-news.de\/de\/\"},{\"@type\":\"ListItem\",\"position\":2,\"name\":\"Ursula von der Leyen wird es nicht gelingen, aus der EU ein Viertes Reich zu machen\"}]},{\"@type\":\"WebSite\",\"@id\":\"https:\/\/now-news.de\/de\/#website\",\"url\":\"https:\/\/now-news.de\/de\/\",\"name\":\"just-now.NEWS Deutschland\",\"description\":\"Das Portal f\u00fcr unzensierte Nachrichten aus der Welt\",\"publisher\":{\"@id\":\"https:\/\/now-news.de\/de\/#organization\"},\"potentialAction\":[{\"@type\":\"SearchAction\",\"target\":{\"@type\":\"EntryPoint\",\"urlTemplate\":\"https:\/\/now-news.de\/de\/?s={search_term_string}\"},\"query-input\":\"required name=search_term_string\"}],\"inLanguage\":\"de\"},{\"@type\":\"Organization\",\"@id\":\"https:\/\/now-news.de\/de\/#organization\",\"name\":\"Just Now News\",\"url\":\"https:\/\/now-news.de\/de\/\",\"logo\":{\"@type\":\"ImageObject\",\"inLanguage\":\"de\",\"@id\":\"https:\/\/now-news.de\/de\/#\/schema\/logo\/image\/\",\"url\":\"http:\/\/just-now.news\/de\/wp-content\/uploads\/sites\/3\/2022\/04\/logo500x500.jpg\",\"contentUrl\":\"http:\/\/just-now.news\/de\/wp-content\/uploads\/sites\/3\/2022\/04\/logo500x500.jpg\",\"width\":500,\"height\":500,\"caption\":\"Just Now News\"},\"image\":{\"@id\":\"https:\/\/now-news.de\/de\/#\/schema\/logo\/image\/\"},\"sameAs\":[\"https:\/\/www.facebook.com\/wirmachenauf\",\"https:\/\/x.com\/WirMachenAuf_de\"]},{\"@type\":\"Person\",\"@id\":\"https:\/\/now-news.de\/de\/#\/schema\/person\/fb534a4e865501d8b3285208df34a9b5\",\"name\":\"rtnews\",\"image\":{\"@type\":\"ImageObject\",\"inLanguage\":\"de\",\"@id\":\"https:\/\/now-news.de\/de\/#\/schema\/person\/image\/\",\"url\":\"https:\/\/secure.gravatar.com\/avatar\/82aafea7d8127119dd649515f56e2117?s=96&d=mm&r=g\",\"contentUrl\":\"https:\/\/secure.gravatar.com\/avatar\/82aafea7d8127119dd649515f56e2117?s=96&d=mm&r=g\",\"caption\":\"rtnews\"},\"url\":\"https:\/\/now-news.de\/de\/author\/rnews\/\"}]}<\/script>\n<!-- \/ Yoast SEO Premium plugin. -->","yoast_head_json":{"title":"Ursula von der Leyen wird es nicht gelingen, aus der EU ein Viertes Reich zu machen - just-now.NEWS Deutschland","robots":{"index":"index","follow":"follow","max-snippet":"max-snippet:-1","max-image-preview":"max-image-preview:large","max-video-preview":"max-video-preview:-1"},"canonical":"https:\/\/now-news.de\/de\/deutschland\/ursula-von-der-leyen-wird-es-nicht-gelingen-aus-der-eu-ein-viertes-reich-zu-machen\/","og_locale":"de_DE","og_type":"article","og_title":"Ursula von der Leyen wird es nicht gelingen, aus der EU ein Viertes Reich zu machen","og_description":"Ursula von der Leyen geh\u00f6rt zu den wenigen westlichen F\u00fchrungspers\u00f6nlichkeiten, die nach drei Jahren der Konfrontation mit Russland nicht nur ihren Posten behalten, sondern auch ihre pers\u00f6nliche Macht konsolidieren konnten. Medienberichten zufolge will sie ihre Macht jedoch noch weiter ausbauen. Kann das gelingen? Von Geworg Mirsajan &#8220;Ursula von der Leyen wird in ihrer zweiten Amtszeit [&hellip;]","og_url":"https:\/\/now-news.de\/de\/deutschland\/ursula-von-der-leyen-wird-es-nicht-gelingen-aus-der-eu-ein-viertes-reich-zu-machen\/","og_site_name":"just-now.NEWS Deutschland","article_publisher":"https:\/\/www.facebook.com\/wirmachenauf","article_published_time":"2025-02-25T17:27:40+00:00","og_image":[{"url":"https:\/\/now-news.de\/de\/wp-content\/uploads\/sites\/3\/2025\/02\/67bcbd9eb480cc59e20fa8f4.jpg"}],"author":"rtnews","twitter_card":"summary_large_image","twitter_creator":"@WirMachenAuf_de","twitter_site":"@WirMachenAuf_de","twitter_misc":{"Verfasst von":"rtnews","Gesch\u00e4tzte Lesezeit":"5\u00a0Minuten"},"schema":{"@context":"https:\/\/schema.org","@graph":[{"@type":"Article","@id":"https:\/\/now-news.de\/de\/deutschland\/ursula-von-der-leyen-wird-es-nicht-gelingen-aus-der-eu-ein-viertes-reich-zu-machen\/#article","isPartOf":{"@id":"https:\/\/now-news.de\/de\/deutschland\/ursula-von-der-leyen-wird-es-nicht-gelingen-aus-der-eu-ein-viertes-reich-zu-machen\/"},"author":{"name":"rtnews","@id":"https:\/\/now-news.de\/de\/#\/schema\/person\/fb534a4e865501d8b3285208df34a9b5"},"headline":"Ursula von der Leyen wird es nicht gelingen, aus der EU ein Viertes Reich zu machen","datePublished":"2025-02-25T17:27:40+00:00","dateModified":"2025-02-25T17:27:40+00:00","mainEntityOfPage":{"@id":"https:\/\/now-news.de\/de\/deutschland\/ursula-von-der-leyen-wird-es-nicht-gelingen-aus-der-eu-ein-viertes-reich-zu-machen\/"},"wordCount":1086,"commentCount":0,"publisher":{"@id":"https:\/\/now-news.de\/de\/#organization"},"image":{"@id":"https:\/\/now-news.de\/de\/deutschland\/ursula-von-der-leyen-wird-es-nicht-gelingen-aus-der-eu-ein-viertes-reich-zu-machen\/#primaryimage"},"thumbnailUrl":"https:\/\/now-news.de\/de\/wp-content\/uploads\/sites\/3\/2025\/02\/Ursula-von-der-Leyen-wird-es-nicht-gelingen-aus-der.jpg","keywords":["aus","der","ein","gelingen","Leyen","machen","nicht","Reich","Ursula","viertes","von","wird"],"articleSection":["Deutschland","Russland"],"inLanguage":"de","potentialAction":[{"@type":"CommentAction","name":"Comment","target":["https:\/\/now-news.de\/de\/deutschland\/ursula-von-der-leyen-wird-es-nicht-gelingen-aus-der-eu-ein-viertes-reich-zu-machen\/#respond"]}]},{"@type":"WebPage","@id":"https:\/\/now-news.de\/de\/deutschland\/ursula-von-der-leyen-wird-es-nicht-gelingen-aus-der-eu-ein-viertes-reich-zu-machen\/","url":"https:\/\/now-news.de\/de\/deutschland\/ursula-von-der-leyen-wird-es-nicht-gelingen-aus-der-eu-ein-viertes-reich-zu-machen\/","name":"Ursula von der Leyen wird es nicht gelingen, aus der EU ein Viertes Reich zu machen - just-now.NEWS Deutschland","isPartOf":{"@id":"https:\/\/now-news.de\/de\/#website"},"primaryImageOfPage":{"@id":"https:\/\/now-news.de\/de\/deutschland\/ursula-von-der-leyen-wird-es-nicht-gelingen-aus-der-eu-ein-viertes-reich-zu-machen\/#primaryimage"},"image":{"@id":"https:\/\/now-news.de\/de\/deutschland\/ursula-von-der-leyen-wird-es-nicht-gelingen-aus-der-eu-ein-viertes-reich-zu-machen\/#primaryimage"},"thumbnailUrl":"https:\/\/now-news.de\/de\/wp-content\/uploads\/sites\/3\/2025\/02\/Ursula-von-der-Leyen-wird-es-nicht-gelingen-aus-der.jpg","datePublished":"2025-02-25T17:27:40+00:00","dateModified":"2025-02-25T17:27:40+00:00","breadcrumb":{"@id":"https:\/\/now-news.de\/de\/deutschland\/ursula-von-der-leyen-wird-es-nicht-gelingen-aus-der-eu-ein-viertes-reich-zu-machen\/#breadcrumb"},"inLanguage":"de","potentialAction":[{"@type":"ReadAction","target":["https:\/\/now-news.de\/de\/deutschland\/ursula-von-der-leyen-wird-es-nicht-gelingen-aus-der-eu-ein-viertes-reich-zu-machen\/"]}]},{"@type":"ImageObject","inLanguage":"de","@id":"https:\/\/now-news.de\/de\/deutschland\/ursula-von-der-leyen-wird-es-nicht-gelingen-aus-der-eu-ein-viertes-reich-zu-machen\/#primaryimage","url":"https:\/\/now-news.de\/de\/wp-content\/uploads\/sites\/3\/2025\/02\/Ursula-von-der-Leyen-wird-es-nicht-gelingen-aus-der.jpg","contentUrl":"https:\/\/now-news.de\/de\/wp-content\/uploads\/sites\/3\/2025\/02\/Ursula-von-der-Leyen-wird-es-nicht-gelingen-aus-der.jpg","width":460,"height":259,"caption":"Ursula von der Leyen wird es nicht gelingen, aus der EU ein Viertes Reich zu machen"},{"@type":"BreadcrumbList","@id":"https:\/\/now-news.de\/de\/deutschland\/ursula-von-der-leyen-wird-es-nicht-gelingen-aus-der-eu-ein-viertes-reich-zu-machen\/#breadcrumb","itemListElement":[{"@type":"ListItem","position":1,"name":"Home","item":"https:\/\/now-news.de\/de\/"},{"@type":"ListItem","position":2,"name":"Ursula von der Leyen wird es nicht gelingen, aus der EU ein Viertes Reich zu machen"}]},{"@type":"WebSite","@id":"https:\/\/now-news.de\/de\/#website","url":"https:\/\/now-news.de\/de\/","name":"just-now.NEWS Deutschland","description":"Das Portal f\u00fcr unzensierte Nachrichten aus der Welt","publisher":{"@id":"https:\/\/now-news.de\/de\/#organization"},"potentialAction":[{"@type":"SearchAction","target":{"@type":"EntryPoint","urlTemplate":"https:\/\/now-news.de\/de\/?s={search_term_string}"},"query-input":"required name=search_term_string"}],"inLanguage":"de"},{"@type":"Organization","@id":"https:\/\/now-news.de\/de\/#organization","name":"Just Now News","url":"https:\/\/now-news.de\/de\/","logo":{"@type":"ImageObject","inLanguage":"de","@id":"https:\/\/now-news.de\/de\/#\/schema\/logo\/image\/","url":"http:\/\/just-now.news\/de\/wp-content\/uploads\/sites\/3\/2022\/04\/logo500x500.jpg","contentUrl":"http:\/\/just-now.news\/de\/wp-content\/uploads\/sites\/3\/2022\/04\/logo500x500.jpg","width":500,"height":500,"caption":"Just Now News"},"image":{"@id":"https:\/\/now-news.de\/de\/#\/schema\/logo\/image\/"},"sameAs":["https:\/\/www.facebook.com\/wirmachenauf","https:\/\/x.com\/WirMachenAuf_de"]},{"@type":"Person","@id":"https:\/\/now-news.de\/de\/#\/schema\/person\/fb534a4e865501d8b3285208df34a9b5","name":"rtnews","image":{"@type":"ImageObject","inLanguage":"de","@id":"https:\/\/now-news.de\/de\/#\/schema\/person\/image\/","url":"https:\/\/secure.gravatar.com\/avatar\/82aafea7d8127119dd649515f56e2117?s=96&d=mm&r=g","contentUrl":"https:\/\/secure.gravatar.com\/avatar\/82aafea7d8127119dd649515f56e2117?s=96&d=mm&r=g","caption":"rtnews"},"url":"https:\/\/now-news.de\/de\/author\/rnews\/"}]}},"_links":{"self":[{"href":"https:\/\/now-news.de\/de\/wp-json\/wp\/v2\/posts\/79213"}],"collection":[{"href":"https:\/\/now-news.de\/de\/wp-json\/wp\/v2\/posts"}],"about":[{"href":"https:\/\/now-news.de\/de\/wp-json\/wp\/v2\/types\/post"}],"author":[{"embeddable":true,"href":"https:\/\/now-news.de\/de\/wp-json\/wp\/v2\/users\/3"}],"replies":[{"embeddable":true,"href":"https:\/\/now-news.de\/de\/wp-json\/wp\/v2\/comments?post=79213"}],"version-history":[{"count":0,"href":"https:\/\/now-news.de\/de\/wp-json\/wp\/v2\/posts\/79213\/revisions"}],"wp:featuredmedia":[{"embeddable":true,"href":"https:\/\/now-news.de\/de\/wp-json\/wp\/v2\/media\/79214"}],"wp:attachment":[{"href":"https:\/\/now-news.de\/de\/wp-json\/wp\/v2\/media?parent=79213"}],"wp:term":[{"taxonomy":"category","embeddable":true,"href":"https:\/\/now-news.de\/de\/wp-json\/wp\/v2\/categories?post=79213"},{"taxonomy":"post_tag","embeddable":true,"href":"https:\/\/now-news.de\/de\/wp-json\/wp\/v2\/tags?post=79213"}],"curies":[{"name":"wp","href":"https:\/\/api.w.org\/{rel}","templated":true}]}}