{"id":7914,"date":"2022-05-16T14:12:24","date_gmt":"2022-05-16T12:12:24","guid":{"rendered":"http:\/\/just-now.news\/de\/deutschland\/moeglicher-nato-beitritt-von-finnland-und-schweden-warum-stellt-sich-tuerkei-quer\/"},"modified":"2022-05-16T14:12:24","modified_gmt":"2022-05-16T12:12:24","slug":"moeglicher-nato-beitritt-von-finnland-und-schweden-warum-stellt-sich-tuerkei-quer","status":"publish","type":"post","link":"https:\/\/now-news.de\/de\/deutschland\/moeglicher-nato-beitritt-von-finnland-und-schweden-warum-stellt-sich-tuerkei-quer\/","title":{"rendered":"M\u00f6glicher NATO-Beitritt von Finnland und Schweden: Warum stellt sich T\u00fcrkei quer?"},"content":{"rendered":"<p><img decoding=\"async\" src=\"http:\/\/just-now.news\/de\/wp-content\/uploads\/sites\/3\/2022\/05\/62820c5348fbef3be21ed3d2.jpg\" \/><\/p>\n<p><em>von Seyed Alireza Mousavi<\/em><\/p>\n<\/p>\n<p>Inmitten des Ukraine-Krieges wollen nun Finnland\u00a0und Schweden\u00a0auf Dr\u00e4ngen der USA\u00a0NATO-Mitglieder werden.\u00a0Schwedens regierende Sozialdemokraten stimmten am Sonntagabend f\u00fcr den NATO-Beitritt ihres Landes. Am Montag diskutiert das Parlament in Stockholm \u00fcber einen Aufnahmeantrag, und im Anschluss soll das Kabinett zusammenkommen.<\/p>\n<p>Die Nordatlantische Milit\u00e4rallianz\u00a0NATO\u00a0entwickelt sich im Zuge des Ukraine-Krieges vom einer Hirntoten\u00a0zu einer Wiedergeborenen.\u00a0Dass der franz\u00f6sische Pr\u00e4sident Emmanuel Macron der NATO\u00a0im Jahr 2019 den &#8220;Hirntod&#8221; bescheinigte, hing mit dem t\u00fcrkischen Einmarsch in Nordsyrien sowie dem ungeplanten Abzug der US-Truppen aus der Levante zusammen.\u00a0Beides war damals nicht mit den anderen NATO-Verb\u00fcndeten abgesprochen worden.<\/p>\n<p>Der t\u00fcrkische Pr\u00e4sident, Recep Tayyip Erdo\u011fan, \u00e4u\u00dferte sich am Freitag kritisch \u00fcber einen m\u00f6glichen NATO-Beitritt von Finnland und Schweden. &#8220;Derzeit beobachten wir die Entwicklungen bez\u00fcglich Schwedens und Finnlands, aber wir haben keine positive Meinung dazu&#8221;, sagte Erdo\u011fan. Die beiden skandinavische L\u00e4nder seien geradezu &#8220;Gasth\u00e4user f\u00fcr Terrororganisationen&#8221; wie die verbotene kurdische PKK, hie\u00df es aus Ankara. Der t\u00fcrkische Au\u00dfenminister, Mevl\u00fct \u00c7avu\u015fo\u011flu, legte am Sonntag in Berlin noch einmal nach, indem er Schweden und Finnland vorhielt, &#8220;Terrororganisationen&#8221; wie die Arbeiterpartei Kurdistans (PKK) und die Kurdenmiliz YPG &#8220;offen&#8221; zu unterst\u00fctzen.<\/p>\n<p>Zugleich\u00a0kamen aber auch Entspannungs-Signale aus\u00a0der T\u00fcrkei. So lie\u00df Erdo\u011fan verlautbaren, dass er trotz der t\u00fcrkischen Kritik die T\u00fcr f\u00fcr die skandinavischen Staaten nicht verschlie\u00dfe.\u00a0<\/p>\n<p>Bei einem Treffen der Au\u00dfenminister der 30 B\u00fcndnisstaaten in Berlin kritisierte Ankara zudem, dass mehrere L\u00e4nder wegen des t\u00fcrkischen Kampfes gegen YPG und PKK die Lieferung von R\u00fcstungsg\u00fctern an die T\u00fcrkei eingeschr\u00e4nkt haben.\u00a0Aufgrund dieser\u00a0\u00c4u\u00dferung glauben viele\u00a0Beobachter, dass die T\u00fcrkei den Konflikt mit der PKK nur als vorgeschobenes Argument nutzt, um mit dem wichtigsten NATO-Verb\u00fcndeten das Thema Waffenlieferungen neu auszuhandeln. Mit anderen Worten: Schweden und Finnland sind f\u00fcr Ankara lediglich\u00a0der politische Hebel, um Druck auf die USA\u00a0auszu\u00fcben und erneute\u00a0Waffenlieferungen zu erreichen.<\/p>\n<p>Die USA\u00a0verhandeln mit der T\u00fcrkei aktuell \u00fcber die Lieferung von F-16-Kampfflugzeugen, nachdem das Land zuvor aus dem F-35-Programm ausgeschlossen worden war.\u00a0Allerdings gibt es\u00a0im Kongress einigen Widerstand dagegen. Nun versucht Erdo\u011fan offenbar, diesen Widerstand zu brechen.\u00a0Die USA hatten die T\u00fcrkei von der Lieferung der Kampfjets F-35 ausgeschlossen und Sanktionen gegen die t\u00fcrkische Waffenbeschaffung verh\u00e4ngt, nachdem Ankara im Jahr 2019 trotz Protesten aus Washington das russische Flugabwehrsystem S-400 gekauft hatte.\u00a0Trumps Hauptbef\u00fcrchtung war damals, dass eine scharfe Reaktion der USA die T\u00fcrkei dazu bringen k\u00f6nnte, die NATO zu verlassen und ein Milit\u00e4rb\u00fcndnis mit Russland zu schmieden.<\/p>\n<p>Die T\u00fcrkei wird jetzt\u00a0wohl von USA fordern, wieder am F-35-Programm beteiligt zu werden, und im Austausch daf\u00fcr den Weg f\u00fcr die Aufnahme der beiden skandinavischen L\u00e4ndern in die NATO\u00a0freimachen.<\/p>\n<p>Falls\u00a0das Land am Bosporus von seinem Veto\u00a0gegen einen NATO-Beitritt Schwedens und Finnlands nicht Gebrauch machen sollte,\u00a0besteht allerdings die Gefahr, dass\u00a0Ankara\u00a0es sich mit der Kremlf\u00fchrung verdirbt. Und dass es seine\u00a0Vermittlungsrolle zwischen der Ukraine und Russland aufs Spiel setzt. Die T\u00fcrkei hatte sich bislang bem\u00fcht, ihre\u00a0Position in der Region als Vermittelter zwischen Kiew\u00a0und Moskau bzw. zwischen\u00a0Washington und\u00a0Moskau zu st\u00e4rken, und vor allem, angemessene Beziehungen zum Kreml aufrechtzuerhalten.<\/p>\n<p>Wenn der NATO-Beitritt\u00a0Finnlands und Schwedens dadurch erm\u00f6glicht werden sollte, dass die T\u00fcrkei gr\u00fcnes Licht gibt, wird also einerseits Erdo\u011fans\u00a0Vermittlerrolle gef\u00e4hrdet. Und andererseits d\u00fcrfte der Ukraine-Konflikt noch weiter eskalieren. Sollte sich der Krieg in der Ukraine wider Erwarten \u00fcber l\u00e4ngere Zeit hinziehen, dann ginge die T\u00fcrkei auf der geopolitischen Ebene als Verliererin aus diesem Krieg hervor. Denn schlie\u00dflich d\u00fcrfte das Land am Bosporus kein Interesse daran haben, dass aus dem Ukraine-Krieg zum Beispiel eine Konfliktzone wird, die das gesamte Schwarze Meer erfasst.<\/p>\n<p><strong>Mehr zum Thema<\/strong> &#8211; <a rel=\"nofollow noopener\" target=\"_blank\" href=\"https:\/\/de.rt.com\/europa\/133461-erdogan-in-vermittlungsrolle-was-treibt-die-tuerkei\/\">Erdo\u011fan in Vermittlungsrolle: Welche Strategie verfolgt die T\u00fcrkei im Ukraine-Krieg?<\/a><\/p>\n<\/p>\n<p><br \/>\n<br \/><a href=\"https:\/\/de.rt.com\/international\/138544-moglicher-nato-beitritt-von-finnland\/\">Source link <\/a><\/p>\n","protected":false},"excerpt":{"rendered":"<p>von Seyed Alireza Mousavi Inmitten des Ukraine-Krieges wollen nun Finnland\u00a0und Schweden\u00a0auf Dr\u00e4ngen der USA\u00a0NATO-Mitglieder werden.\u00a0Schwedens regierende Sozialdemokraten stimmten am Sonntagabend f\u00fcr den NATO-Beitritt ihres Landes. Am Montag diskutiert das Parlament in Stockholm \u00fcber einen Aufnahmeantrag, und im Anschluss soll das Kabinett zusammenkommen. Die Nordatlantische Milit\u00e4rallianz\u00a0NATO\u00a0entwickelt sich im Zuge des Ukraine-Krieges vom einer Hirntoten\u00a0zu einer Wiedergeborenen.\u00a0Dass [&hellip;]<\/p>\n","protected":false},"author":3,"featured_media":7915,"comment_status":"open","ping_status":"open","sticky":false,"template":"","format":"standard","meta":{"wp_automatic_camp":["217"],"475b768df22f3731d0bf32f0281af49d":["M\u00f6glicher NATO-Beitritt von Finnland und Schweden: Warum stellt sich T\u00fcrkei quer?"],"original_link":["https:\/\/de.rt.com\/international\/138544-moglicher-nato-beitritt-von-finnland\/"],"_thumbnail_id":["7915"],"_wptg_p2tg_sent2tg":["2022-05-16 14:17:35"],"jnews_social_counter_last_update":["1777702986"]},"categories":[19,23],"tags":[1906,18608,10665,20393,599,434,15979,1897,140,50,1289],"yoast_head":"<!-- This site is optimized with the Yoast SEO Premium plugin v22.7 (Yoast SEO v22.7) - https:\/\/yoast.com\/wordpress\/plugins\/seo\/ -->\n<title>M\u00f6glicher NATO-Beitritt von Finnland und Schweden: Warum stellt sich T\u00fcrkei quer? - just-now.NEWS Deutschland<\/title>\n<meta name=\"robots\" content=\"index, follow, max-snippet:-1, max-image-preview:large, max-video-preview:-1\" \/>\n<link rel=\"canonical\" href=\"https:\/\/now-news.de\/de\/deutschland\/moeglicher-nato-beitritt-von-finnland-und-schweden-warum-stellt-sich-tuerkei-quer\/\" \/>\n<meta property=\"og:locale\" content=\"de_DE\" \/>\n<meta property=\"og:type\" content=\"article\" \/>\n<meta property=\"og:title\" content=\"M\u00f6glicher NATO-Beitritt von Finnland und Schweden: Warum stellt sich T\u00fcrkei quer?\" \/>\n<meta property=\"og:description\" content=\"von Seyed Alireza Mousavi Inmitten des Ukraine-Krieges wollen nun Finnland\u00a0und Schweden\u00a0auf Dr\u00e4ngen der USA\u00a0NATO-Mitglieder werden.\u00a0Schwedens regierende Sozialdemokraten stimmten am Sonntagabend f\u00fcr den NATO-Beitritt ihres Landes. Am Montag diskutiert das Parlament in Stockholm \u00fcber einen Aufnahmeantrag, und im Anschluss soll das Kabinett zusammenkommen. Die Nordatlantische Milit\u00e4rallianz\u00a0NATO\u00a0entwickelt sich im Zuge des Ukraine-Krieges vom einer Hirntoten\u00a0zu einer Wiedergeborenen.\u00a0Dass [&hellip;]\" \/>\n<meta property=\"og:url\" content=\"https:\/\/now-news.de\/de\/deutschland\/moeglicher-nato-beitritt-von-finnland-und-schweden-warum-stellt-sich-tuerkei-quer\/\" \/>\n<meta property=\"og:site_name\" content=\"just-now.NEWS Deutschland\" \/>\n<meta property=\"article:publisher\" content=\"https:\/\/www.facebook.com\/wirmachenauf\" \/>\n<meta property=\"article:published_time\" content=\"2022-05-16T12:12:24+00:00\" \/>\n<meta property=\"og:image\" content=\"https:\/\/now-news.de\/de\/wp-content\/uploads\/sites\/3\/2022\/05\/Moeglicher-NATO-Beitritt-von-Finnland-und-Schweden-Warum-stellt-sich-Tuerkei.jpg\" \/>\n\t<meta property=\"og:image:width\" content=\"460\" \/>\n\t<meta property=\"og:image:height\" content=\"259\" \/>\n\t<meta property=\"og:image:type\" content=\"image\/jpeg\" \/>\n<meta name=\"author\" content=\"rtnews\" \/>\n<meta name=\"twitter:card\" content=\"summary_large_image\" \/>\n<meta name=\"twitter:creator\" content=\"@WirMachenAuf_de\" \/>\n<meta name=\"twitter:site\" content=\"@WirMachenAuf_de\" \/>\n<meta name=\"twitter:label1\" content=\"Verfasst von\" \/>\n\t<meta name=\"twitter:data1\" content=\"rtnews\" \/>\n\t<meta name=\"twitter:label2\" content=\"Gesch\u00e4tzte Lesezeit\" \/>\n\t<meta name=\"twitter:data2\" content=\"3\u00a0Minuten\" \/>\n<script type=\"application\/ld+json\" class=\"yoast-schema-graph\">{\"@context\":\"https:\/\/schema.org\",\"@graph\":[{\"@type\":\"Article\",\"@id\":\"https:\/\/now-news.de\/de\/deutschland\/moeglicher-nato-beitritt-von-finnland-und-schweden-warum-stellt-sich-tuerkei-quer\/#article\",\"isPartOf\":{\"@id\":\"https:\/\/now-news.de\/de\/deutschland\/moeglicher-nato-beitritt-von-finnland-und-schweden-warum-stellt-sich-tuerkei-quer\/\"},\"author\":{\"name\":\"rtnews\",\"@id\":\"https:\/\/now-news.de\/de\/#\/schema\/person\/fb534a4e865501d8b3285208df34a9b5\"},\"headline\":\"M\u00f6glicher NATO-Beitritt von Finnland und Schweden: Warum stellt sich T\u00fcrkei quer?\",\"datePublished\":\"2022-05-16T12:12:24+00:00\",\"dateModified\":\"2022-05-16T12:12:24+00:00\",\"mainEntityOfPage\":{\"@id\":\"https:\/\/now-news.de\/de\/deutschland\/moeglicher-nato-beitritt-von-finnland-und-schweden-warum-stellt-sich-tuerkei-quer\/\"},\"wordCount\":691,\"commentCount\":0,\"publisher\":{\"@id\":\"https:\/\/now-news.de\/de\/#organization\"},\"image\":{\"@id\":\"https:\/\/now-news.de\/de\/deutschland\/moeglicher-nato-beitritt-von-finnland-und-schweden-warum-stellt-sich-tuerkei-quer\/#primaryimage\"},\"thumbnailUrl\":\"https:\/\/now-news.de\/de\/wp-content\/uploads\/sites\/3\/2022\/05\/Moeglicher-NATO-Beitritt-von-Finnland-und-Schweden-Warum-stellt-sich-Tuerkei.jpg\",\"keywords\":[\"Finnland\",\"m\u00f6glicher\",\"NATOBeitritt\",\"quer\",\"Schweden\",\"sich\",\"stellt\",\"T\u00fcrkei\",\"und\",\"von\",\"Warum\"],\"articleSection\":[\"Deutschland\",\"Russland\"],\"inLanguage\":\"de\",\"potentialAction\":[{\"@type\":\"CommentAction\",\"name\":\"Comment\",\"target\":[\"https:\/\/now-news.de\/de\/deutschland\/moeglicher-nato-beitritt-von-finnland-und-schweden-warum-stellt-sich-tuerkei-quer\/#respond\"]}]},{\"@type\":\"WebPage\",\"@id\":\"https:\/\/now-news.de\/de\/deutschland\/moeglicher-nato-beitritt-von-finnland-und-schweden-warum-stellt-sich-tuerkei-quer\/\",\"url\":\"https:\/\/now-news.de\/de\/deutschland\/moeglicher-nato-beitritt-von-finnland-und-schweden-warum-stellt-sich-tuerkei-quer\/\",\"name\":\"M\u00f6glicher NATO-Beitritt von Finnland und Schweden: Warum stellt sich T\u00fcrkei quer? - just-now.NEWS Deutschland\",\"isPartOf\":{\"@id\":\"https:\/\/now-news.de\/de\/#website\"},\"primaryImageOfPage\":{\"@id\":\"https:\/\/now-news.de\/de\/deutschland\/moeglicher-nato-beitritt-von-finnland-und-schweden-warum-stellt-sich-tuerkei-quer\/#primaryimage\"},\"image\":{\"@id\":\"https:\/\/now-news.de\/de\/deutschland\/moeglicher-nato-beitritt-von-finnland-und-schweden-warum-stellt-sich-tuerkei-quer\/#primaryimage\"},\"thumbnailUrl\":\"https:\/\/now-news.de\/de\/wp-content\/uploads\/sites\/3\/2022\/05\/Moeglicher-NATO-Beitritt-von-Finnland-und-Schweden-Warum-stellt-sich-Tuerkei.jpg\",\"datePublished\":\"2022-05-16T12:12:24+00:00\",\"dateModified\":\"2022-05-16T12:12:24+00:00\",\"breadcrumb\":{\"@id\":\"https:\/\/now-news.de\/de\/deutschland\/moeglicher-nato-beitritt-von-finnland-und-schweden-warum-stellt-sich-tuerkei-quer\/#breadcrumb\"},\"inLanguage\":\"de\",\"potentialAction\":[{\"@type\":\"ReadAction\",\"target\":[\"https:\/\/now-news.de\/de\/deutschland\/moeglicher-nato-beitritt-von-finnland-und-schweden-warum-stellt-sich-tuerkei-quer\/\"]}]},{\"@type\":\"ImageObject\",\"inLanguage\":\"de\",\"@id\":\"https:\/\/now-news.de\/de\/deutschland\/moeglicher-nato-beitritt-von-finnland-und-schweden-warum-stellt-sich-tuerkei-quer\/#primaryimage\",\"url\":\"https:\/\/now-news.de\/de\/wp-content\/uploads\/sites\/3\/2022\/05\/Moeglicher-NATO-Beitritt-von-Finnland-und-Schweden-Warum-stellt-sich-Tuerkei.jpg\",\"contentUrl\":\"https:\/\/now-news.de\/de\/wp-content\/uploads\/sites\/3\/2022\/05\/Moeglicher-NATO-Beitritt-von-Finnland-und-Schweden-Warum-stellt-sich-Tuerkei.jpg\",\"width\":460,\"height\":259,\"caption\":\"M\u00f6glicher NATO-Beitritt von Finnland und Schweden: Warum stellt sich T\u00fcrkei quer?\"},{\"@type\":\"BreadcrumbList\",\"@id\":\"https:\/\/now-news.de\/de\/deutschland\/moeglicher-nato-beitritt-von-finnland-und-schweden-warum-stellt-sich-tuerkei-quer\/#breadcrumb\",\"itemListElement\":[{\"@type\":\"ListItem\",\"position\":1,\"name\":\"Home\",\"item\":\"https:\/\/now-news.de\/de\/\"},{\"@type\":\"ListItem\",\"position\":2,\"name\":\"M\u00f6glicher NATO-Beitritt von Finnland und Schweden: Warum stellt sich T\u00fcrkei quer?\"}]},{\"@type\":\"WebSite\",\"@id\":\"https:\/\/now-news.de\/de\/#website\",\"url\":\"https:\/\/now-news.de\/de\/\",\"name\":\"just-now.NEWS Deutschland\",\"description\":\"Das Portal f\u00fcr unzensierte Nachrichten aus der Welt\",\"publisher\":{\"@id\":\"https:\/\/now-news.de\/de\/#organization\"},\"potentialAction\":[{\"@type\":\"SearchAction\",\"target\":{\"@type\":\"EntryPoint\",\"urlTemplate\":\"https:\/\/now-news.de\/de\/?s={search_term_string}\"},\"query-input\":\"required name=search_term_string\"}],\"inLanguage\":\"de\"},{\"@type\":\"Organization\",\"@id\":\"https:\/\/now-news.de\/de\/#organization\",\"name\":\"Just Now News\",\"url\":\"https:\/\/now-news.de\/de\/\",\"logo\":{\"@type\":\"ImageObject\",\"inLanguage\":\"de\",\"@id\":\"https:\/\/now-news.de\/de\/#\/schema\/logo\/image\/\",\"url\":\"http:\/\/just-now.news\/de\/wp-content\/uploads\/sites\/3\/2022\/04\/logo500x500.jpg\",\"contentUrl\":\"http:\/\/just-now.news\/de\/wp-content\/uploads\/sites\/3\/2022\/04\/logo500x500.jpg\",\"width\":500,\"height\":500,\"caption\":\"Just Now News\"},\"image\":{\"@id\":\"https:\/\/now-news.de\/de\/#\/schema\/logo\/image\/\"},\"sameAs\":[\"https:\/\/www.facebook.com\/wirmachenauf\",\"https:\/\/x.com\/WirMachenAuf_de\"]},{\"@type\":\"Person\",\"@id\":\"https:\/\/now-news.de\/de\/#\/schema\/person\/fb534a4e865501d8b3285208df34a9b5\",\"name\":\"rtnews\",\"image\":{\"@type\":\"ImageObject\",\"inLanguage\":\"de\",\"@id\":\"https:\/\/now-news.de\/de\/#\/schema\/person\/image\/\",\"url\":\"https:\/\/secure.gravatar.com\/avatar\/82aafea7d8127119dd649515f56e2117?s=96&d=mm&r=g\",\"contentUrl\":\"https:\/\/secure.gravatar.com\/avatar\/82aafea7d8127119dd649515f56e2117?s=96&d=mm&r=g\",\"caption\":\"rtnews\"},\"url\":\"https:\/\/now-news.de\/de\/author\/rnews\/\"}]}<\/script>\n<!-- \/ Yoast SEO Premium plugin. -->","yoast_head_json":{"title":"M\u00f6glicher NATO-Beitritt von Finnland und Schweden: Warum stellt sich T\u00fcrkei quer? - just-now.NEWS Deutschland","robots":{"index":"index","follow":"follow","max-snippet":"max-snippet:-1","max-image-preview":"max-image-preview:large","max-video-preview":"max-video-preview:-1"},"canonical":"https:\/\/now-news.de\/de\/deutschland\/moeglicher-nato-beitritt-von-finnland-und-schweden-warum-stellt-sich-tuerkei-quer\/","og_locale":"de_DE","og_type":"article","og_title":"M\u00f6glicher NATO-Beitritt von Finnland und Schweden: Warum stellt sich T\u00fcrkei quer?","og_description":"von Seyed Alireza Mousavi Inmitten des Ukraine-Krieges wollen nun Finnland\u00a0und Schweden\u00a0auf Dr\u00e4ngen der USA\u00a0NATO-Mitglieder werden.\u00a0Schwedens regierende Sozialdemokraten stimmten am Sonntagabend f\u00fcr den NATO-Beitritt ihres Landes. Am Montag diskutiert das Parlament in Stockholm \u00fcber einen Aufnahmeantrag, und im Anschluss soll das Kabinett zusammenkommen. Die Nordatlantische Milit\u00e4rallianz\u00a0NATO\u00a0entwickelt sich im Zuge des Ukraine-Krieges vom einer Hirntoten\u00a0zu einer Wiedergeborenen.\u00a0Dass [&hellip;]","og_url":"https:\/\/now-news.de\/de\/deutschland\/moeglicher-nato-beitritt-von-finnland-und-schweden-warum-stellt-sich-tuerkei-quer\/","og_site_name":"just-now.NEWS Deutschland","article_publisher":"https:\/\/www.facebook.com\/wirmachenauf","article_published_time":"2022-05-16T12:12:24+00:00","og_image":[{"width":460,"height":259,"url":"https:\/\/now-news.de\/de\/wp-content\/uploads\/sites\/3\/2022\/05\/Moeglicher-NATO-Beitritt-von-Finnland-und-Schweden-Warum-stellt-sich-Tuerkei.jpg","type":"image\/jpeg"}],"author":"rtnews","twitter_card":"summary_large_image","twitter_creator":"@WirMachenAuf_de","twitter_site":"@WirMachenAuf_de","twitter_misc":{"Verfasst von":"rtnews","Gesch\u00e4tzte Lesezeit":"3\u00a0Minuten"},"schema":{"@context":"https:\/\/schema.org","@graph":[{"@type":"Article","@id":"https:\/\/now-news.de\/de\/deutschland\/moeglicher-nato-beitritt-von-finnland-und-schweden-warum-stellt-sich-tuerkei-quer\/#article","isPartOf":{"@id":"https:\/\/now-news.de\/de\/deutschland\/moeglicher-nato-beitritt-von-finnland-und-schweden-warum-stellt-sich-tuerkei-quer\/"},"author":{"name":"rtnews","@id":"https:\/\/now-news.de\/de\/#\/schema\/person\/fb534a4e865501d8b3285208df34a9b5"},"headline":"M\u00f6glicher NATO-Beitritt von Finnland und Schweden: Warum stellt sich T\u00fcrkei quer?","datePublished":"2022-05-16T12:12:24+00:00","dateModified":"2022-05-16T12:12:24+00:00","mainEntityOfPage":{"@id":"https:\/\/now-news.de\/de\/deutschland\/moeglicher-nato-beitritt-von-finnland-und-schweden-warum-stellt-sich-tuerkei-quer\/"},"wordCount":691,"commentCount":0,"publisher":{"@id":"https:\/\/now-news.de\/de\/#organization"},"image":{"@id":"https:\/\/now-news.de\/de\/deutschland\/moeglicher-nato-beitritt-von-finnland-und-schweden-warum-stellt-sich-tuerkei-quer\/#primaryimage"},"thumbnailUrl":"https:\/\/now-news.de\/de\/wp-content\/uploads\/sites\/3\/2022\/05\/Moeglicher-NATO-Beitritt-von-Finnland-und-Schweden-Warum-stellt-sich-Tuerkei.jpg","keywords":["Finnland","m\u00f6glicher","NATOBeitritt","quer","Schweden","sich","stellt","T\u00fcrkei","und","von","Warum"],"articleSection":["Deutschland","Russland"],"inLanguage":"de","potentialAction":[{"@type":"CommentAction","name":"Comment","target":["https:\/\/now-news.de\/de\/deutschland\/moeglicher-nato-beitritt-von-finnland-und-schweden-warum-stellt-sich-tuerkei-quer\/#respond"]}]},{"@type":"WebPage","@id":"https:\/\/now-news.de\/de\/deutschland\/moeglicher-nato-beitritt-von-finnland-und-schweden-warum-stellt-sich-tuerkei-quer\/","url":"https:\/\/now-news.de\/de\/deutschland\/moeglicher-nato-beitritt-von-finnland-und-schweden-warum-stellt-sich-tuerkei-quer\/","name":"M\u00f6glicher NATO-Beitritt von Finnland und Schweden: Warum stellt sich T\u00fcrkei quer? - just-now.NEWS Deutschland","isPartOf":{"@id":"https:\/\/now-news.de\/de\/#website"},"primaryImageOfPage":{"@id":"https:\/\/now-news.de\/de\/deutschland\/moeglicher-nato-beitritt-von-finnland-und-schweden-warum-stellt-sich-tuerkei-quer\/#primaryimage"},"image":{"@id":"https:\/\/now-news.de\/de\/deutschland\/moeglicher-nato-beitritt-von-finnland-und-schweden-warum-stellt-sich-tuerkei-quer\/#primaryimage"},"thumbnailUrl":"https:\/\/now-news.de\/de\/wp-content\/uploads\/sites\/3\/2022\/05\/Moeglicher-NATO-Beitritt-von-Finnland-und-Schweden-Warum-stellt-sich-Tuerkei.jpg","datePublished":"2022-05-16T12:12:24+00:00","dateModified":"2022-05-16T12:12:24+00:00","breadcrumb":{"@id":"https:\/\/now-news.de\/de\/deutschland\/moeglicher-nato-beitritt-von-finnland-und-schweden-warum-stellt-sich-tuerkei-quer\/#breadcrumb"},"inLanguage":"de","potentialAction":[{"@type":"ReadAction","target":["https:\/\/now-news.de\/de\/deutschland\/moeglicher-nato-beitritt-von-finnland-und-schweden-warum-stellt-sich-tuerkei-quer\/"]}]},{"@type":"ImageObject","inLanguage":"de","@id":"https:\/\/now-news.de\/de\/deutschland\/moeglicher-nato-beitritt-von-finnland-und-schweden-warum-stellt-sich-tuerkei-quer\/#primaryimage","url":"https:\/\/now-news.de\/de\/wp-content\/uploads\/sites\/3\/2022\/05\/Moeglicher-NATO-Beitritt-von-Finnland-und-Schweden-Warum-stellt-sich-Tuerkei.jpg","contentUrl":"https:\/\/now-news.de\/de\/wp-content\/uploads\/sites\/3\/2022\/05\/Moeglicher-NATO-Beitritt-von-Finnland-und-Schweden-Warum-stellt-sich-Tuerkei.jpg","width":460,"height":259,"caption":"M\u00f6glicher NATO-Beitritt von Finnland und Schweden: Warum stellt sich T\u00fcrkei quer?"},{"@type":"BreadcrumbList","@id":"https:\/\/now-news.de\/de\/deutschland\/moeglicher-nato-beitritt-von-finnland-und-schweden-warum-stellt-sich-tuerkei-quer\/#breadcrumb","itemListElement":[{"@type":"ListItem","position":1,"name":"Home","item":"https:\/\/now-news.de\/de\/"},{"@type":"ListItem","position":2,"name":"M\u00f6glicher NATO-Beitritt von Finnland und Schweden: Warum stellt sich T\u00fcrkei quer?"}]},{"@type":"WebSite","@id":"https:\/\/now-news.de\/de\/#website","url":"https:\/\/now-news.de\/de\/","name":"just-now.NEWS Deutschland","description":"Das Portal f\u00fcr unzensierte Nachrichten aus der Welt","publisher":{"@id":"https:\/\/now-news.de\/de\/#organization"},"potentialAction":[{"@type":"SearchAction","target":{"@type":"EntryPoint","urlTemplate":"https:\/\/now-news.de\/de\/?s={search_term_string}"},"query-input":"required name=search_term_string"}],"inLanguage":"de"},{"@type":"Organization","@id":"https:\/\/now-news.de\/de\/#organization","name":"Just Now News","url":"https:\/\/now-news.de\/de\/","logo":{"@type":"ImageObject","inLanguage":"de","@id":"https:\/\/now-news.de\/de\/#\/schema\/logo\/image\/","url":"http:\/\/just-now.news\/de\/wp-content\/uploads\/sites\/3\/2022\/04\/logo500x500.jpg","contentUrl":"http:\/\/just-now.news\/de\/wp-content\/uploads\/sites\/3\/2022\/04\/logo500x500.jpg","width":500,"height":500,"caption":"Just Now News"},"image":{"@id":"https:\/\/now-news.de\/de\/#\/schema\/logo\/image\/"},"sameAs":["https:\/\/www.facebook.com\/wirmachenauf","https:\/\/x.com\/WirMachenAuf_de"]},{"@type":"Person","@id":"https:\/\/now-news.de\/de\/#\/schema\/person\/fb534a4e865501d8b3285208df34a9b5","name":"rtnews","image":{"@type":"ImageObject","inLanguage":"de","@id":"https:\/\/now-news.de\/de\/#\/schema\/person\/image\/","url":"https:\/\/secure.gravatar.com\/avatar\/82aafea7d8127119dd649515f56e2117?s=96&d=mm&r=g","contentUrl":"https:\/\/secure.gravatar.com\/avatar\/82aafea7d8127119dd649515f56e2117?s=96&d=mm&r=g","caption":"rtnews"},"url":"https:\/\/now-news.de\/de\/author\/rnews\/"}]}},"_links":{"self":[{"href":"https:\/\/now-news.de\/de\/wp-json\/wp\/v2\/posts\/7914"}],"collection":[{"href":"https:\/\/now-news.de\/de\/wp-json\/wp\/v2\/posts"}],"about":[{"href":"https:\/\/now-news.de\/de\/wp-json\/wp\/v2\/types\/post"}],"author":[{"embeddable":true,"href":"https:\/\/now-news.de\/de\/wp-json\/wp\/v2\/users\/3"}],"replies":[{"embeddable":true,"href":"https:\/\/now-news.de\/de\/wp-json\/wp\/v2\/comments?post=7914"}],"version-history":[{"count":0,"href":"https:\/\/now-news.de\/de\/wp-json\/wp\/v2\/posts\/7914\/revisions"}],"wp:featuredmedia":[{"embeddable":true,"href":"https:\/\/now-news.de\/de\/wp-json\/wp\/v2\/media\/7915"}],"wp:attachment":[{"href":"https:\/\/now-news.de\/de\/wp-json\/wp\/v2\/media?parent=7914"}],"wp:term":[{"taxonomy":"category","embeddable":true,"href":"https:\/\/now-news.de\/de\/wp-json\/wp\/v2\/categories?post=7914"},{"taxonomy":"post_tag","embeddable":true,"href":"https:\/\/now-news.de\/de\/wp-json\/wp\/v2\/tags?post=7914"}],"curies":[{"name":"wp","href":"https:\/\/api.w.org\/{rel}","templated":true}]}}