{"id":79109,"date":"2025-02-23T20:46:26","date_gmt":"2025-02-23T18:46:26","guid":{"rendered":"https:\/\/now-news.de\/de\/deutschland\/ehemaliger-berater-droht-selenskij-mit-lebenslanger-haft\/"},"modified":"2025-02-23T20:46:26","modified_gmt":"2025-02-23T18:46:26","slug":"ehemaliger-berater-droht-selenskij-mit-lebenslanger-haft","status":"publish","type":"post","link":"https:\/\/now-news.de\/de\/deutschland\/ehemaliger-berater-droht-selenskij-mit-lebenslanger-haft\/","title":{"rendered":"Ehemaliger Berater droht Selenskij mit lebenslanger Haft"},"content":{"rendered":"<p><img decoding=\"async\" src=\"https:\/\/now-news.de\/de\/wp-content\/uploads\/sites\/3\/2025\/02\/67bb461948fbef75e77cafb5.jpg\" \/><\/p>\n<div class=\"Text-root Text-type_1 \">\n                Alexei Arestowitsch erkl\u00e4rte, sollte er Pr\u00e4sident der Ukraine werden, werde er seinen ehemaligen Boss und dessen &#8220;Bande&#8221; inhaftieren, die f\u00fcr ihren Machterhalt die Ukrainer &#8220;zu Zehntausenden&#8221; in den Tod geschickt haben. Der ehemalige Berater hatte sich Anfang 2023 von Selenskij abgesetzt.\n            <\/div>\n<p><\/p>\n<div class=\"Text-root Text-type_5 ArticleView-text ViewText-root \">\n<p>Der ehemalige Berater von Wladimir Selenskij, Alexei Arestowitsch, hat versprochen, den amtierenden ukrainischen Staatschef Selenskij und seine ganze &#8220;Bande&#8221; zu inhaftieren, sollte er der neue Pr\u00e4sident des Landes werden.<\/p>\n<p>Der ehemalige Spitzen-Kommunikationsberater der Ukraine antwortete am Freitag in einem Gespr\u00e4ch mit dem Journalisten Alexandr Schelest auf dessen Frage, ob er Selenskij verhaften w\u00fcrde, sollte er gew\u00e4hlt werden. Seinem Versprechen f\u00fcgte er hinzu, dass es einem Gericht obliege, endg\u00fcltig \u00fcber das Schicksal Selenskijs und seiner Getreuen zu entscheiden.<\/p>\n<p><em>&#8220;Ich werde den Befehl geben, ihn festzunehmen. Und keine ausl\u00e4ndische Macht wird ihn und seine Bande retten. Wir werden jeden davon fangen, gleich, wo sie sich verbergen. Wir holen sie aus dem Untergrund hervor, bringen sie herein und wir werden das Urteil live liefern. Nein, ihm wird kein Haar gekr\u00fcmmt. Er wird ins Gef\u00e4ngnis gehen \u2013 und ich glaube \u2013 lebensl\u00e4nglich&#8221;<\/em>,<\/p>\n<p>erkl\u00e4rte Arestowitsch.<\/p>\n<p>Er warf seinem fr\u00fcheren Boss vor, die Ukrainer &#8220;zu Zehntausenden&#8221; zu t\u00f6ten, nur um seine &#8220;geliebte&#8221; Macht zu behalten, die er letztlich nutzte, um &#8220;zu t\u00f6ten und zu rauben&#8221;. Arestowitsch sicherte ebenfalls zu, das ukrainische Regierungsmodell zu ver\u00e4ndern und den Staat dazu zu bringen, &#8220;sich den B\u00fcrgern zu stellen&#8221;. Ebenso werde er, wenn n\u00f6tig, Gewalt anwenden, um das Ziel zu erreichen.<\/p>\n<p>Arestowitsch war lange ein Verb\u00fcndeter Selenskijs; die Verbindungen zwischen ihnen reichen zur\u00fcck in ihre Zeit im Showgesch\u00e4ft. Unter Selenskijs Pr\u00e4sidentschaft wurde Arestowitsch sein informeller Berater und ein Spitzenpropagandist, der einen vermeintlich zeitnah bevorstehenden Sieg im Konflikt zwischen Russland und der Ukraine verk\u00fcndete.<\/p>\n<p>Anfang 2023 gab er diese Rolle auf, nachdem er der offiziellen Erz\u00e4hlung \u00fcber einen t\u00f6dlichen Raketenzwischenfall widersprochen hatte. Seitdem wurde Arestowitsch zunehmend kritischer, was seinen ehemaligen Boss betrifft. Er zog in die USA und erkl\u00e4rte, Kiew wolle ihn auf Grundlage politisch motivierter Anklagen inhaftieren.<\/p>\n<p>Anfang des Monats hatte Arestowitsch gesagt, die Ukraine habe bereits &#8220;den Krieg verloren, aufgrund unserer eigenen Dummheit, \u00dcberheblichkeit und Dickk\u00f6pfigkeit&#8221;, und warnte, Kiews Wirklichkeitsverleugnung wird am Ende daf\u00fcr sorgen, dass es beim Ergebnis des Konflikts nicht mitreden k\u00f6nne. Er betonte:<\/p>\n<p><em>&#8220;Wir haben eine Gesellschaft von wechselseitigem Hass und Intoleranz geschaffen, in der jeder Einzelne recht hat und jeder gemeinschaftlich schuldig ist.&#8221;<\/em><\/p>\n<p><strong>Mehr zum Thema<\/strong> \u2013 <a rel=\"nofollow noopener\" target=\"_blank\" href=\"https:\/\/freedert.online\/international\/237494-bericht-trumps-umfeld-raet-selenskij\/\">Bericht: Trumps Umfeld r\u00e4t Selenskij zum sofortigen Umzug nach Frankreich<\/a><\/p>\n<div class=\"EmbedBlock-root EmbedBlock-externalVideo EmbedBlock-rumble\">\n<div class=\"VkEmbed\"><iframe class=\"lazyload\" data-src=\"https:\/\/rumble.com\/embed\/v5ocs1k\" frameborder=\"0\" width=\"853\" height=\"480\" allowfullscreen><\/iframe><\/div>\n<\/div>\n<\/div>\n<p><br \/>\n<br \/><a href=\"https:\/\/de.rt.com\/europa\/237726-ehemaliger-selenskij-berater-droht-ihm\/\">Source link <\/a><\/p>\n","protected":false},"excerpt":{"rendered":"<p>Alexei Arestowitsch erkl\u00e4rte, sollte er Pr\u00e4sident der Ukraine werden, werde er seinen ehemaligen Boss und dessen &#8220;Bande&#8221; inhaftieren, die f\u00fcr ihren Machterhalt die Ukrainer &#8220;zu Zehntausenden&#8221; in den Tod geschickt haben. Der ehemalige Berater hatte sich Anfang 2023 von Selenskij abgesetzt. Der ehemalige Berater von Wladimir Selenskij, Alexei Arestowitsch, hat versprochen, den amtierenden ukrainischen Staatschef [&hellip;]<\/p>\n","protected":false},"author":3,"featured_media":79110,"comment_status":"open","ping_status":"open","sticky":false,"template":"","format":"standard","meta":{"_yoast_indexnow_last_ping":["1740337128"],"wp_automatic_camp":["217"],"2d409a7b027b64b25b30b7fbfd7317e1":["Ehemaliger Berater droht Selenskij mit lebenslanger Haft"],"original_link":["https:\/\/de.rt.com\/europa\/237726-ehemaliger-selenskij-berater-droht-ihm\/"],"jnews_social_counter_last_update":["1777322837"],"_thumbnail_id":["79110"],"_wptgpro_p2tg_sent2tg":["a:1:{i:23737;s:19:\"2025-02-23 20:59:50\";}"]},"categories":[19,23],"tags":[7704,44,7622,19011,21436,419,6158],"yoast_head":"<!-- This site is optimized with the Yoast SEO Premium plugin v22.7 (Yoast SEO v22.7) - https:\/\/yoast.com\/wordpress\/plugins\/seo\/ -->\n<title>Ehemaliger Berater droht Selenskij mit lebenslanger Haft - just-now.NEWS Deutschland<\/title>\n<meta name=\"robots\" content=\"index, follow, max-snippet:-1, max-image-preview:large, max-video-preview:-1\" \/>\n<link rel=\"canonical\" href=\"https:\/\/now-news.de\/de\/deutschland\/ehemaliger-berater-droht-selenskij-mit-lebenslanger-haft\/\" \/>\n<meta property=\"og:locale\" content=\"de_DE\" \/>\n<meta property=\"og:type\" content=\"article\" \/>\n<meta property=\"og:title\" content=\"Ehemaliger Berater droht Selenskij mit lebenslanger Haft\" \/>\n<meta property=\"og:description\" content=\"Alexei Arestowitsch erkl\u00e4rte, sollte er Pr\u00e4sident der Ukraine werden, werde er seinen ehemaligen Boss und dessen &#8220;Bande&#8221; inhaftieren, die f\u00fcr ihren Machterhalt die Ukrainer &#8220;zu Zehntausenden&#8221; in den Tod geschickt haben. Der ehemalige Berater hatte sich Anfang 2023 von Selenskij abgesetzt. Der ehemalige Berater von Wladimir Selenskij, Alexei Arestowitsch, hat versprochen, den amtierenden ukrainischen Staatschef [&hellip;]\" \/>\n<meta property=\"og:url\" content=\"https:\/\/now-news.de\/de\/deutschland\/ehemaliger-berater-droht-selenskij-mit-lebenslanger-haft\/\" \/>\n<meta property=\"og:site_name\" content=\"just-now.NEWS Deutschland\" \/>\n<meta property=\"article:publisher\" content=\"https:\/\/www.facebook.com\/wirmachenauf\" \/>\n<meta property=\"article:published_time\" content=\"2025-02-23T18:46:26+00:00\" \/>\n<meta property=\"og:image\" content=\"https:\/\/now-news.de\/de\/wp-content\/uploads\/sites\/3\/2025\/02\/67bb461948fbef75e77cafb5.jpg\" \/>\n<meta name=\"author\" content=\"rtnews\" \/>\n<meta name=\"twitter:card\" content=\"summary_large_image\" \/>\n<meta name=\"twitter:creator\" content=\"@WirMachenAuf_de\" \/>\n<meta name=\"twitter:site\" content=\"@WirMachenAuf_de\" \/>\n<meta name=\"twitter:label1\" content=\"Verfasst von\" \/>\n\t<meta name=\"twitter:data1\" content=\"rtnews\" \/>\n\t<meta name=\"twitter:label2\" content=\"Gesch\u00e4tzte Lesezeit\" \/>\n\t<meta name=\"twitter:data2\" content=\"2\u00a0Minuten\" \/>\n<script type=\"application\/ld+json\" class=\"yoast-schema-graph\">{\"@context\":\"https:\/\/schema.org\",\"@graph\":[{\"@type\":\"Article\",\"@id\":\"https:\/\/now-news.de\/de\/deutschland\/ehemaliger-berater-droht-selenskij-mit-lebenslanger-haft\/#article\",\"isPartOf\":{\"@id\":\"https:\/\/now-news.de\/de\/deutschland\/ehemaliger-berater-droht-selenskij-mit-lebenslanger-haft\/\"},\"author\":{\"name\":\"rtnews\",\"@id\":\"https:\/\/now-news.de\/de\/#\/schema\/person\/fb534a4e865501d8b3285208df34a9b5\"},\"headline\":\"Ehemaliger Berater droht Selenskij mit lebenslanger Haft\",\"datePublished\":\"2025-02-23T18:46:26+00:00\",\"dateModified\":\"2025-02-23T18:46:26+00:00\",\"mainEntityOfPage\":{\"@id\":\"https:\/\/now-news.de\/de\/deutschland\/ehemaliger-berater-droht-selenskij-mit-lebenslanger-haft\/\"},\"wordCount\":440,\"commentCount\":0,\"publisher\":{\"@id\":\"https:\/\/now-news.de\/de\/#organization\"},\"image\":{\"@id\":\"https:\/\/now-news.de\/de\/deutschland\/ehemaliger-berater-droht-selenskij-mit-lebenslanger-haft\/#primaryimage\"},\"thumbnailUrl\":\"https:\/\/now-news.de\/de\/wp-content\/uploads\/sites\/3\/2025\/02\/Ehemaliger-Berater-droht-Selenskij-mit-lebenslanger-Haft.jpg\",\"keywords\":[\"Berater\",\"droht\",\"Ehemaliger\",\"Haft\",\"lebenslanger\",\"mit\",\"Selenskij\"],\"articleSection\":[\"Deutschland\",\"Russland\"],\"inLanguage\":\"de\",\"potentialAction\":[{\"@type\":\"CommentAction\",\"name\":\"Comment\",\"target\":[\"https:\/\/now-news.de\/de\/deutschland\/ehemaliger-berater-droht-selenskij-mit-lebenslanger-haft\/#respond\"]}]},{\"@type\":\"WebPage\",\"@id\":\"https:\/\/now-news.de\/de\/deutschland\/ehemaliger-berater-droht-selenskij-mit-lebenslanger-haft\/\",\"url\":\"https:\/\/now-news.de\/de\/deutschland\/ehemaliger-berater-droht-selenskij-mit-lebenslanger-haft\/\",\"name\":\"Ehemaliger Berater droht Selenskij mit lebenslanger Haft - just-now.NEWS Deutschland\",\"isPartOf\":{\"@id\":\"https:\/\/now-news.de\/de\/#website\"},\"primaryImageOfPage\":{\"@id\":\"https:\/\/now-news.de\/de\/deutschland\/ehemaliger-berater-droht-selenskij-mit-lebenslanger-haft\/#primaryimage\"},\"image\":{\"@id\":\"https:\/\/now-news.de\/de\/deutschland\/ehemaliger-berater-droht-selenskij-mit-lebenslanger-haft\/#primaryimage\"},\"thumbnailUrl\":\"https:\/\/now-news.de\/de\/wp-content\/uploads\/sites\/3\/2025\/02\/Ehemaliger-Berater-droht-Selenskij-mit-lebenslanger-Haft.jpg\",\"datePublished\":\"2025-02-23T18:46:26+00:00\",\"dateModified\":\"2025-02-23T18:46:26+00:00\",\"breadcrumb\":{\"@id\":\"https:\/\/now-news.de\/de\/deutschland\/ehemaliger-berater-droht-selenskij-mit-lebenslanger-haft\/#breadcrumb\"},\"inLanguage\":\"de\",\"potentialAction\":[{\"@type\":\"ReadAction\",\"target\":[\"https:\/\/now-news.de\/de\/deutschland\/ehemaliger-berater-droht-selenskij-mit-lebenslanger-haft\/\"]}]},{\"@type\":\"ImageObject\",\"inLanguage\":\"de\",\"@id\":\"https:\/\/now-news.de\/de\/deutschland\/ehemaliger-berater-droht-selenskij-mit-lebenslanger-haft\/#primaryimage\",\"url\":\"https:\/\/now-news.de\/de\/wp-content\/uploads\/sites\/3\/2025\/02\/Ehemaliger-Berater-droht-Selenskij-mit-lebenslanger-Haft.jpg\",\"contentUrl\":\"https:\/\/now-news.de\/de\/wp-content\/uploads\/sites\/3\/2025\/02\/Ehemaliger-Berater-droht-Selenskij-mit-lebenslanger-Haft.jpg\",\"width\":460,\"height\":259,\"caption\":\"Ehemaliger Berater droht Selenskij mit lebenslanger Haft\"},{\"@type\":\"BreadcrumbList\",\"@id\":\"https:\/\/now-news.de\/de\/deutschland\/ehemaliger-berater-droht-selenskij-mit-lebenslanger-haft\/#breadcrumb\",\"itemListElement\":[{\"@type\":\"ListItem\",\"position\":1,\"name\":\"Home\",\"item\":\"https:\/\/now-news.de\/de\/\"},{\"@type\":\"ListItem\",\"position\":2,\"name\":\"Ehemaliger Berater droht Selenskij mit lebenslanger Haft\"}]},{\"@type\":\"WebSite\",\"@id\":\"https:\/\/now-news.de\/de\/#website\",\"url\":\"https:\/\/now-news.de\/de\/\",\"name\":\"just-now.NEWS Deutschland\",\"description\":\"Das Portal f\u00fcr unzensierte Nachrichten aus der Welt\",\"publisher\":{\"@id\":\"https:\/\/now-news.de\/de\/#organization\"},\"potentialAction\":[{\"@type\":\"SearchAction\",\"target\":{\"@type\":\"EntryPoint\",\"urlTemplate\":\"https:\/\/now-news.de\/de\/?s={search_term_string}\"},\"query-input\":\"required name=search_term_string\"}],\"inLanguage\":\"de\"},{\"@type\":\"Organization\",\"@id\":\"https:\/\/now-news.de\/de\/#organization\",\"name\":\"Just Now News\",\"url\":\"https:\/\/now-news.de\/de\/\",\"logo\":{\"@type\":\"ImageObject\",\"inLanguage\":\"de\",\"@id\":\"https:\/\/now-news.de\/de\/#\/schema\/logo\/image\/\",\"url\":\"http:\/\/just-now.news\/de\/wp-content\/uploads\/sites\/3\/2022\/04\/logo500x500.jpg\",\"contentUrl\":\"http:\/\/just-now.news\/de\/wp-content\/uploads\/sites\/3\/2022\/04\/logo500x500.jpg\",\"width\":500,\"height\":500,\"caption\":\"Just Now News\"},\"image\":{\"@id\":\"https:\/\/now-news.de\/de\/#\/schema\/logo\/image\/\"},\"sameAs\":[\"https:\/\/www.facebook.com\/wirmachenauf\",\"https:\/\/x.com\/WirMachenAuf_de\"]},{\"@type\":\"Person\",\"@id\":\"https:\/\/now-news.de\/de\/#\/schema\/person\/fb534a4e865501d8b3285208df34a9b5\",\"name\":\"rtnews\",\"image\":{\"@type\":\"ImageObject\",\"inLanguage\":\"de\",\"@id\":\"https:\/\/now-news.de\/de\/#\/schema\/person\/image\/\",\"url\":\"https:\/\/secure.gravatar.com\/avatar\/82aafea7d8127119dd649515f56e2117?s=96&d=mm&r=g\",\"contentUrl\":\"https:\/\/secure.gravatar.com\/avatar\/82aafea7d8127119dd649515f56e2117?s=96&d=mm&r=g\",\"caption\":\"rtnews\"},\"url\":\"https:\/\/now-news.de\/de\/author\/rnews\/\"}]}<\/script>\n<!-- \/ Yoast SEO Premium plugin. -->","yoast_head_json":{"title":"Ehemaliger Berater droht Selenskij mit lebenslanger Haft - just-now.NEWS Deutschland","robots":{"index":"index","follow":"follow","max-snippet":"max-snippet:-1","max-image-preview":"max-image-preview:large","max-video-preview":"max-video-preview:-1"},"canonical":"https:\/\/now-news.de\/de\/deutschland\/ehemaliger-berater-droht-selenskij-mit-lebenslanger-haft\/","og_locale":"de_DE","og_type":"article","og_title":"Ehemaliger Berater droht Selenskij mit lebenslanger Haft","og_description":"Alexei Arestowitsch erkl\u00e4rte, sollte er Pr\u00e4sident der Ukraine werden, werde er seinen ehemaligen Boss und dessen &#8220;Bande&#8221; inhaftieren, die f\u00fcr ihren Machterhalt die Ukrainer &#8220;zu Zehntausenden&#8221; in den Tod geschickt haben. Der ehemalige Berater hatte sich Anfang 2023 von Selenskij abgesetzt. Der ehemalige Berater von Wladimir Selenskij, Alexei Arestowitsch, hat versprochen, den amtierenden ukrainischen Staatschef [&hellip;]","og_url":"https:\/\/now-news.de\/de\/deutschland\/ehemaliger-berater-droht-selenskij-mit-lebenslanger-haft\/","og_site_name":"just-now.NEWS Deutschland","article_publisher":"https:\/\/www.facebook.com\/wirmachenauf","article_published_time":"2025-02-23T18:46:26+00:00","og_image":[{"url":"https:\/\/now-news.de\/de\/wp-content\/uploads\/sites\/3\/2025\/02\/67bb461948fbef75e77cafb5.jpg"}],"author":"rtnews","twitter_card":"summary_large_image","twitter_creator":"@WirMachenAuf_de","twitter_site":"@WirMachenAuf_de","twitter_misc":{"Verfasst von":"rtnews","Gesch\u00e4tzte Lesezeit":"2\u00a0Minuten"},"schema":{"@context":"https:\/\/schema.org","@graph":[{"@type":"Article","@id":"https:\/\/now-news.de\/de\/deutschland\/ehemaliger-berater-droht-selenskij-mit-lebenslanger-haft\/#article","isPartOf":{"@id":"https:\/\/now-news.de\/de\/deutschland\/ehemaliger-berater-droht-selenskij-mit-lebenslanger-haft\/"},"author":{"name":"rtnews","@id":"https:\/\/now-news.de\/de\/#\/schema\/person\/fb534a4e865501d8b3285208df34a9b5"},"headline":"Ehemaliger Berater droht Selenskij mit lebenslanger Haft","datePublished":"2025-02-23T18:46:26+00:00","dateModified":"2025-02-23T18:46:26+00:00","mainEntityOfPage":{"@id":"https:\/\/now-news.de\/de\/deutschland\/ehemaliger-berater-droht-selenskij-mit-lebenslanger-haft\/"},"wordCount":440,"commentCount":0,"publisher":{"@id":"https:\/\/now-news.de\/de\/#organization"},"image":{"@id":"https:\/\/now-news.de\/de\/deutschland\/ehemaliger-berater-droht-selenskij-mit-lebenslanger-haft\/#primaryimage"},"thumbnailUrl":"https:\/\/now-news.de\/de\/wp-content\/uploads\/sites\/3\/2025\/02\/Ehemaliger-Berater-droht-Selenskij-mit-lebenslanger-Haft.jpg","keywords":["Berater","droht","Ehemaliger","Haft","lebenslanger","mit","Selenskij"],"articleSection":["Deutschland","Russland"],"inLanguage":"de","potentialAction":[{"@type":"CommentAction","name":"Comment","target":["https:\/\/now-news.de\/de\/deutschland\/ehemaliger-berater-droht-selenskij-mit-lebenslanger-haft\/#respond"]}]},{"@type":"WebPage","@id":"https:\/\/now-news.de\/de\/deutschland\/ehemaliger-berater-droht-selenskij-mit-lebenslanger-haft\/","url":"https:\/\/now-news.de\/de\/deutschland\/ehemaliger-berater-droht-selenskij-mit-lebenslanger-haft\/","name":"Ehemaliger Berater droht Selenskij mit lebenslanger Haft - just-now.NEWS Deutschland","isPartOf":{"@id":"https:\/\/now-news.de\/de\/#website"},"primaryImageOfPage":{"@id":"https:\/\/now-news.de\/de\/deutschland\/ehemaliger-berater-droht-selenskij-mit-lebenslanger-haft\/#primaryimage"},"image":{"@id":"https:\/\/now-news.de\/de\/deutschland\/ehemaliger-berater-droht-selenskij-mit-lebenslanger-haft\/#primaryimage"},"thumbnailUrl":"https:\/\/now-news.de\/de\/wp-content\/uploads\/sites\/3\/2025\/02\/Ehemaliger-Berater-droht-Selenskij-mit-lebenslanger-Haft.jpg","datePublished":"2025-02-23T18:46:26+00:00","dateModified":"2025-02-23T18:46:26+00:00","breadcrumb":{"@id":"https:\/\/now-news.de\/de\/deutschland\/ehemaliger-berater-droht-selenskij-mit-lebenslanger-haft\/#breadcrumb"},"inLanguage":"de","potentialAction":[{"@type":"ReadAction","target":["https:\/\/now-news.de\/de\/deutschland\/ehemaliger-berater-droht-selenskij-mit-lebenslanger-haft\/"]}]},{"@type":"ImageObject","inLanguage":"de","@id":"https:\/\/now-news.de\/de\/deutschland\/ehemaliger-berater-droht-selenskij-mit-lebenslanger-haft\/#primaryimage","url":"https:\/\/now-news.de\/de\/wp-content\/uploads\/sites\/3\/2025\/02\/Ehemaliger-Berater-droht-Selenskij-mit-lebenslanger-Haft.jpg","contentUrl":"https:\/\/now-news.de\/de\/wp-content\/uploads\/sites\/3\/2025\/02\/Ehemaliger-Berater-droht-Selenskij-mit-lebenslanger-Haft.jpg","width":460,"height":259,"caption":"Ehemaliger Berater droht Selenskij mit lebenslanger Haft"},{"@type":"BreadcrumbList","@id":"https:\/\/now-news.de\/de\/deutschland\/ehemaliger-berater-droht-selenskij-mit-lebenslanger-haft\/#breadcrumb","itemListElement":[{"@type":"ListItem","position":1,"name":"Home","item":"https:\/\/now-news.de\/de\/"},{"@type":"ListItem","position":2,"name":"Ehemaliger Berater droht Selenskij mit lebenslanger Haft"}]},{"@type":"WebSite","@id":"https:\/\/now-news.de\/de\/#website","url":"https:\/\/now-news.de\/de\/","name":"just-now.NEWS Deutschland","description":"Das Portal f\u00fcr unzensierte Nachrichten aus der Welt","publisher":{"@id":"https:\/\/now-news.de\/de\/#organization"},"potentialAction":[{"@type":"SearchAction","target":{"@type":"EntryPoint","urlTemplate":"https:\/\/now-news.de\/de\/?s={search_term_string}"},"query-input":"required name=search_term_string"}],"inLanguage":"de"},{"@type":"Organization","@id":"https:\/\/now-news.de\/de\/#organization","name":"Just Now News","url":"https:\/\/now-news.de\/de\/","logo":{"@type":"ImageObject","inLanguage":"de","@id":"https:\/\/now-news.de\/de\/#\/schema\/logo\/image\/","url":"http:\/\/just-now.news\/de\/wp-content\/uploads\/sites\/3\/2022\/04\/logo500x500.jpg","contentUrl":"http:\/\/just-now.news\/de\/wp-content\/uploads\/sites\/3\/2022\/04\/logo500x500.jpg","width":500,"height":500,"caption":"Just Now News"},"image":{"@id":"https:\/\/now-news.de\/de\/#\/schema\/logo\/image\/"},"sameAs":["https:\/\/www.facebook.com\/wirmachenauf","https:\/\/x.com\/WirMachenAuf_de"]},{"@type":"Person","@id":"https:\/\/now-news.de\/de\/#\/schema\/person\/fb534a4e865501d8b3285208df34a9b5","name":"rtnews","image":{"@type":"ImageObject","inLanguage":"de","@id":"https:\/\/now-news.de\/de\/#\/schema\/person\/image\/","url":"https:\/\/secure.gravatar.com\/avatar\/82aafea7d8127119dd649515f56e2117?s=96&d=mm&r=g","contentUrl":"https:\/\/secure.gravatar.com\/avatar\/82aafea7d8127119dd649515f56e2117?s=96&d=mm&r=g","caption":"rtnews"},"url":"https:\/\/now-news.de\/de\/author\/rnews\/"}]}},"_links":{"self":[{"href":"https:\/\/now-news.de\/de\/wp-json\/wp\/v2\/posts\/79109"}],"collection":[{"href":"https:\/\/now-news.de\/de\/wp-json\/wp\/v2\/posts"}],"about":[{"href":"https:\/\/now-news.de\/de\/wp-json\/wp\/v2\/types\/post"}],"author":[{"embeddable":true,"href":"https:\/\/now-news.de\/de\/wp-json\/wp\/v2\/users\/3"}],"replies":[{"embeddable":true,"href":"https:\/\/now-news.de\/de\/wp-json\/wp\/v2\/comments?post=79109"}],"version-history":[{"count":0,"href":"https:\/\/now-news.de\/de\/wp-json\/wp\/v2\/posts\/79109\/revisions"}],"wp:featuredmedia":[{"embeddable":true,"href":"https:\/\/now-news.de\/de\/wp-json\/wp\/v2\/media\/79110"}],"wp:attachment":[{"href":"https:\/\/now-news.de\/de\/wp-json\/wp\/v2\/media?parent=79109"}],"wp:term":[{"taxonomy":"category","embeddable":true,"href":"https:\/\/now-news.de\/de\/wp-json\/wp\/v2\/categories?post=79109"},{"taxonomy":"post_tag","embeddable":true,"href":"https:\/\/now-news.de\/de\/wp-json\/wp\/v2\/tags?post=79109"}],"curies":[{"name":"wp","href":"https:\/\/api.w.org\/{rel}","templated":true}]}}