{"id":79047,"date":"2025-02-22T19:33:58","date_gmt":"2025-02-22T17:33:58","guid":{"rendered":"https:\/\/now-news.de\/de\/deutschland\/eierlose-ostern-in-deutschland-droht-eier-rationierung\/"},"modified":"2025-02-22T19:33:58","modified_gmt":"2025-02-22T17:33:58","slug":"eierlose-ostern-in-deutschland-droht-eier-rationierung","status":"publish","type":"post","link":"https:\/\/now-news.de\/de\/deutschland\/eierlose-ostern-in-deutschland-droht-eier-rationierung\/","title":{"rendered":"Eierlose Ostern? In Deutschland droht Eier-Rationierung"},"content":{"rendered":"<p><img decoding=\"async\" src=\"https:\/\/now-news.de\/de\/wp-content\/uploads\/sites\/3\/2025\/02\/67b9b7abb480cc631d6b0ed9.jpg\" \/><\/p>\n<div class=\"Text-root Text-type_1 \">\n                In Deutschland gibt es ein Defizit an Eiern, das sich in den n\u00e4chsten Wochen noch zuspitzen wird. F\u00fcr den Engpass gibt es mehrere Gr\u00fcnde. Der wichtigste: Die Vogelgrippe breitet sich aus. Gleichzeitig steigt die Nachfrage seit Jahren und in den Niederlanden wird die Produktion zur\u00fcckgefahren.\n            <\/div>\n<p><\/p>\n<div class=\"Text-root Text-type_5 ArticleView-text ViewText-root \">\n<p>Aufgrund der Ausbreitung der Vogelgrippe in Deutschland gibt es derzeit ein Defizit an Eiern. Die Vertriebsgesellschaft Deutsche Eier Union, DEU, h\u00e4lt daher Rationierungen inzwischen f\u00fcr m\u00f6glich. Die Nachfrage \u00fcbersteige das Angebot deutlich. Zwar drohten keine Ostern ohne Ostereier, aber Einschr\u00e4nkungen sind zu erwarten.\u00a0<\/p>\n<p><em>&#8220;Ein Osterfest ohne frische oder gekochte und gef\u00e4rbte Eier? Welch eine absurde Vorstellung. So weit wird es wohl nicht kommen. Eier wird es geben, aber voraussichtlich nicht vollumf\u00e4nglich&#8221;<\/em>, schreibt die DEU auf ihrer <a rel=\"nofollow noopener\" target=\"_blank\" href=\"https:\/\/www.deu-eier.de\/service\/marktbericht\/index.html\">Website<\/a>.\u00a0<\/p>\n<p>Eine Entspannung ist derzeit nicht in Sicht. Auch nach Abebben der Infektionswelle dauert es sieben bis acht Monate, bis das Niveau des Ausgangsbestands wieder erreicht ist. Zudem sorgt die Krankheitswelle f\u00fcr ein Defizit bei Jungtieren. Verantwortlich f\u00fcr den Eiermangel auf dem deutschen Markt macht die DEU zudem die Umweltauflagen der EU. In den Niederlanden sei die Eierproduktion zur\u00fcckgefahren worden. Dort locken staatliche Ausstiegsprogramme die Legehennenhalter, ihre Produktion aufzugeben, <a rel=\"nofollow noopener\" target=\"_blank\" href=\"https:\/\/www.dgs-magazin.de\/aktuelles\/news\/article-8099822-4627\/niederlande-gefluegel-und-eierproduktion-schrumpft-.html\">schreibt<\/a> das <em>Magazin f\u00fcr die Gefl\u00fcgelwirtschaft<\/em> des Zentralverbandes der Deutschen Gefl\u00fcgelwirtschaft.<\/p>\n<p>Die Nachfrage nach Eiern sei in den vergangenen Jahren kontinuierlich gestiegen. Die DEU macht daf\u00fcr die sinkende Kaufkraft verantwortlich. Eier sind ein im Vergleich zu Fleisch g\u00fcnstiger Lieferant von Eiwei\u00df. Zudem seien Eier als Lebensmittel rehabilitiert worden. \u00dcber Jahre wurde behauptet, der Verzehr von Eiern f\u00fchre zu einem erh\u00f6hten Cholesterinspiegel und erh\u00f6he daher das Risiko eines Herzinfarkts. Diese Behauptung wurde revidiert.<\/p>\n<p><strong>Mehr zum Thema<\/strong>\u00a0\u2013\u00a0<a rel=\"nofollow noopener\" target=\"_blank\" href=\"https:\/\/freedert.online\/inland\/236977-dagdelen-politik-selbstzerstoerung-muss-beendet\/\">Sevim Da\u011fdelen: Politik der Selbstzerst\u00f6rung muss beendet werden<\/a><\/p>\n<div class=\"EmbedBlock-root EmbedBlock-externalVideo EmbedBlock-rumble\">\n<div class=\"VkEmbed\"><iframe class=\"lazyload\" data-src=\"https:\/\/rumble.com\/embed\/v6lcup0\" frameborder=\"0\" width=\"853\" height=\"480\" allowfullscreen><\/iframe><\/div>\n<\/div>\n<\/div>\n<p><br \/>\n<br \/><a href=\"https:\/\/de.rt.com\/inland\/237614-eierlose-ostern-in-deutschland-droht\/\">Source link <\/a><\/p>\n","protected":false},"excerpt":{"rendered":"<p>In Deutschland gibt es ein Defizit an Eiern, das sich in den n\u00e4chsten Wochen noch zuspitzen wird. F\u00fcr den Engpass gibt es mehrere Gr\u00fcnde. Der wichtigste: Die Vogelgrippe breitet sich aus. Gleichzeitig steigt die Nachfrage seit Jahren und in den Niederlanden wird die Produktion zur\u00fcckgefahren. Aufgrund der Ausbreitung der Vogelgrippe in Deutschland gibt es derzeit [&hellip;]<\/p>\n","protected":false},"author":3,"featured_media":79048,"comment_status":"open","ping_status":"open","sticky":false,"template":"","format":"standard","meta":{"_yoast_indexnow_last_ping":["1740246477"],"wp_automatic_camp":["217"],"3a7f27400be0c49c3addeb0a117b00b0":["Eierlose Ostern? In Deutschland droht Eier-Rationierung"],"original_link":["https:\/\/de.rt.com\/inland\/237614-eierlose-ostern-in-deutschland-droht\/"],"_thumbnail_id":["79048"],"jnews_social_counter_last_update":["1777146940"],"_wptgpro_p2tg_sent2tg":["a:1:{i:23737;s:19:\"2025-02-22 19:48:55\";}"]},"categories":[19,23],"tags":[179,44,62971,62972,8832],"yoast_head":"<!-- This site is optimized with the Yoast SEO Premium plugin v22.7 (Yoast SEO v22.7) - https:\/\/yoast.com\/wordpress\/plugins\/seo\/ -->\n<title>Eierlose Ostern? In Deutschland droht Eier-Rationierung - just-now.NEWS Deutschland<\/title>\n<meta name=\"robots\" content=\"index, follow, max-snippet:-1, max-image-preview:large, max-video-preview:-1\" \/>\n<link rel=\"canonical\" href=\"https:\/\/now-news.de\/de\/deutschland\/eierlose-ostern-in-deutschland-droht-eier-rationierung\/\" \/>\n<meta property=\"og:locale\" content=\"de_DE\" \/>\n<meta property=\"og:type\" content=\"article\" \/>\n<meta property=\"og:title\" content=\"Eierlose Ostern? In Deutschland droht Eier-Rationierung\" \/>\n<meta property=\"og:description\" content=\"In Deutschland gibt es ein Defizit an Eiern, das sich in den n\u00e4chsten Wochen noch zuspitzen wird. F\u00fcr den Engpass gibt es mehrere Gr\u00fcnde. Der wichtigste: Die Vogelgrippe breitet sich aus. Gleichzeitig steigt die Nachfrage seit Jahren und in den Niederlanden wird die Produktion zur\u00fcckgefahren. Aufgrund der Ausbreitung der Vogelgrippe in Deutschland gibt es derzeit [&hellip;]\" \/>\n<meta property=\"og:url\" content=\"https:\/\/now-news.de\/de\/deutschland\/eierlose-ostern-in-deutschland-droht-eier-rationierung\/\" \/>\n<meta property=\"og:site_name\" content=\"just-now.NEWS Deutschland\" \/>\n<meta property=\"article:publisher\" content=\"https:\/\/www.facebook.com\/wirmachenauf\" \/>\n<meta property=\"article:published_time\" content=\"2025-02-22T17:33:58+00:00\" \/>\n<meta property=\"og:image\" content=\"https:\/\/now-news.de\/de\/wp-content\/uploads\/sites\/3\/2025\/02\/67b9b7abb480cc631d6b0ed9.jpg\" \/>\n<meta name=\"author\" content=\"rtnews\" \/>\n<meta name=\"twitter:card\" content=\"summary_large_image\" \/>\n<meta name=\"twitter:creator\" content=\"@WirMachenAuf_de\" \/>\n<meta name=\"twitter:site\" content=\"@WirMachenAuf_de\" \/>\n<meta name=\"twitter:label1\" content=\"Verfasst von\" \/>\n\t<meta name=\"twitter:data1\" content=\"rtnews\" \/>\n\t<meta name=\"twitter:label2\" content=\"Gesch\u00e4tzte Lesezeit\" \/>\n\t<meta name=\"twitter:data2\" content=\"1\u00a0Minute\" \/>\n<script type=\"application\/ld+json\" class=\"yoast-schema-graph\">{\"@context\":\"https:\/\/schema.org\",\"@graph\":[{\"@type\":\"Article\",\"@id\":\"https:\/\/now-news.de\/de\/deutschland\/eierlose-ostern-in-deutschland-droht-eier-rationierung\/#article\",\"isPartOf\":{\"@id\":\"https:\/\/now-news.de\/de\/deutschland\/eierlose-ostern-in-deutschland-droht-eier-rationierung\/\"},\"author\":{\"name\":\"rtnews\",\"@id\":\"https:\/\/now-news.de\/de\/#\/schema\/person\/fb534a4e865501d8b3285208df34a9b5\"},\"headline\":\"Eierlose Ostern? In Deutschland droht Eier-Rationierung\",\"datePublished\":\"2025-02-22T17:33:58+00:00\",\"dateModified\":\"2025-02-22T17:33:58+00:00\",\"mainEntityOfPage\":{\"@id\":\"https:\/\/now-news.de\/de\/deutschland\/eierlose-ostern-in-deutschland-droht-eier-rationierung\/\"},\"wordCount\":305,\"commentCount\":0,\"publisher\":{\"@id\":\"https:\/\/now-news.de\/de\/#organization\"},\"image\":{\"@id\":\"https:\/\/now-news.de\/de\/deutschland\/eierlose-ostern-in-deutschland-droht-eier-rationierung\/#primaryimage\"},\"thumbnailUrl\":\"https:\/\/now-news.de\/de\/wp-content\/uploads\/sites\/3\/2025\/02\/Eierlose-Ostern-In-Deutschland-droht-Eier-Rationierung.jpg\",\"keywords\":[\"Deutschland\",\"droht\",\"Eierlose\",\"EierRationierung\",\"Ostern\"],\"articleSection\":[\"Deutschland\",\"Russland\"],\"inLanguage\":\"de\",\"potentialAction\":[{\"@type\":\"CommentAction\",\"name\":\"Comment\",\"target\":[\"https:\/\/now-news.de\/de\/deutschland\/eierlose-ostern-in-deutschland-droht-eier-rationierung\/#respond\"]}]},{\"@type\":\"WebPage\",\"@id\":\"https:\/\/now-news.de\/de\/deutschland\/eierlose-ostern-in-deutschland-droht-eier-rationierung\/\",\"url\":\"https:\/\/now-news.de\/de\/deutschland\/eierlose-ostern-in-deutschland-droht-eier-rationierung\/\",\"name\":\"Eierlose Ostern? In Deutschland droht Eier-Rationierung - just-now.NEWS Deutschland\",\"isPartOf\":{\"@id\":\"https:\/\/now-news.de\/de\/#website\"},\"primaryImageOfPage\":{\"@id\":\"https:\/\/now-news.de\/de\/deutschland\/eierlose-ostern-in-deutschland-droht-eier-rationierung\/#primaryimage\"},\"image\":{\"@id\":\"https:\/\/now-news.de\/de\/deutschland\/eierlose-ostern-in-deutschland-droht-eier-rationierung\/#primaryimage\"},\"thumbnailUrl\":\"https:\/\/now-news.de\/de\/wp-content\/uploads\/sites\/3\/2025\/02\/Eierlose-Ostern-In-Deutschland-droht-Eier-Rationierung.jpg\",\"datePublished\":\"2025-02-22T17:33:58+00:00\",\"dateModified\":\"2025-02-22T17:33:58+00:00\",\"breadcrumb\":{\"@id\":\"https:\/\/now-news.de\/de\/deutschland\/eierlose-ostern-in-deutschland-droht-eier-rationierung\/#breadcrumb\"},\"inLanguage\":\"de\",\"potentialAction\":[{\"@type\":\"ReadAction\",\"target\":[\"https:\/\/now-news.de\/de\/deutschland\/eierlose-ostern-in-deutschland-droht-eier-rationierung\/\"]}]},{\"@type\":\"ImageObject\",\"inLanguage\":\"de\",\"@id\":\"https:\/\/now-news.de\/de\/deutschland\/eierlose-ostern-in-deutschland-droht-eier-rationierung\/#primaryimage\",\"url\":\"https:\/\/now-news.de\/de\/wp-content\/uploads\/sites\/3\/2025\/02\/Eierlose-Ostern-In-Deutschland-droht-Eier-Rationierung.jpg\",\"contentUrl\":\"https:\/\/now-news.de\/de\/wp-content\/uploads\/sites\/3\/2025\/02\/Eierlose-Ostern-In-Deutschland-droht-Eier-Rationierung.jpg\",\"width\":460,\"height\":259,\"caption\":\"Eierlose Ostern? In Deutschland droht Eier-Rationierung\"},{\"@type\":\"BreadcrumbList\",\"@id\":\"https:\/\/now-news.de\/de\/deutschland\/eierlose-ostern-in-deutschland-droht-eier-rationierung\/#breadcrumb\",\"itemListElement\":[{\"@type\":\"ListItem\",\"position\":1,\"name\":\"Home\",\"item\":\"https:\/\/now-news.de\/de\/\"},{\"@type\":\"ListItem\",\"position\":2,\"name\":\"Eierlose Ostern? In Deutschland droht Eier-Rationierung\"}]},{\"@type\":\"WebSite\",\"@id\":\"https:\/\/now-news.de\/de\/#website\",\"url\":\"https:\/\/now-news.de\/de\/\",\"name\":\"just-now.NEWS Deutschland\",\"description\":\"Das Portal f\u00fcr unzensierte Nachrichten aus der Welt\",\"publisher\":{\"@id\":\"https:\/\/now-news.de\/de\/#organization\"},\"potentialAction\":[{\"@type\":\"SearchAction\",\"target\":{\"@type\":\"EntryPoint\",\"urlTemplate\":\"https:\/\/now-news.de\/de\/?s={search_term_string}\"},\"query-input\":\"required name=search_term_string\"}],\"inLanguage\":\"de\"},{\"@type\":\"Organization\",\"@id\":\"https:\/\/now-news.de\/de\/#organization\",\"name\":\"Just Now News\",\"url\":\"https:\/\/now-news.de\/de\/\",\"logo\":{\"@type\":\"ImageObject\",\"inLanguage\":\"de\",\"@id\":\"https:\/\/now-news.de\/de\/#\/schema\/logo\/image\/\",\"url\":\"http:\/\/just-now.news\/de\/wp-content\/uploads\/sites\/3\/2022\/04\/logo500x500.jpg\",\"contentUrl\":\"http:\/\/just-now.news\/de\/wp-content\/uploads\/sites\/3\/2022\/04\/logo500x500.jpg\",\"width\":500,\"height\":500,\"caption\":\"Just Now News\"},\"image\":{\"@id\":\"https:\/\/now-news.de\/de\/#\/schema\/logo\/image\/\"},\"sameAs\":[\"https:\/\/www.facebook.com\/wirmachenauf\",\"https:\/\/x.com\/WirMachenAuf_de\"]},{\"@type\":\"Person\",\"@id\":\"https:\/\/now-news.de\/de\/#\/schema\/person\/fb534a4e865501d8b3285208df34a9b5\",\"name\":\"rtnews\",\"image\":{\"@type\":\"ImageObject\",\"inLanguage\":\"de\",\"@id\":\"https:\/\/now-news.de\/de\/#\/schema\/person\/image\/\",\"url\":\"https:\/\/secure.gravatar.com\/avatar\/82aafea7d8127119dd649515f56e2117?s=96&d=mm&r=g\",\"contentUrl\":\"https:\/\/secure.gravatar.com\/avatar\/82aafea7d8127119dd649515f56e2117?s=96&d=mm&r=g\",\"caption\":\"rtnews\"},\"url\":\"https:\/\/now-news.de\/de\/author\/rnews\/\"}]}<\/script>\n<!-- \/ Yoast SEO Premium plugin. -->","yoast_head_json":{"title":"Eierlose Ostern? In Deutschland droht Eier-Rationierung - just-now.NEWS Deutschland","robots":{"index":"index","follow":"follow","max-snippet":"max-snippet:-1","max-image-preview":"max-image-preview:large","max-video-preview":"max-video-preview:-1"},"canonical":"https:\/\/now-news.de\/de\/deutschland\/eierlose-ostern-in-deutschland-droht-eier-rationierung\/","og_locale":"de_DE","og_type":"article","og_title":"Eierlose Ostern? In Deutschland droht Eier-Rationierung","og_description":"In Deutschland gibt es ein Defizit an Eiern, das sich in den n\u00e4chsten Wochen noch zuspitzen wird. F\u00fcr den Engpass gibt es mehrere Gr\u00fcnde. Der wichtigste: Die Vogelgrippe breitet sich aus. Gleichzeitig steigt die Nachfrage seit Jahren und in den Niederlanden wird die Produktion zur\u00fcckgefahren. Aufgrund der Ausbreitung der Vogelgrippe in Deutschland gibt es derzeit [&hellip;]","og_url":"https:\/\/now-news.de\/de\/deutschland\/eierlose-ostern-in-deutschland-droht-eier-rationierung\/","og_site_name":"just-now.NEWS Deutschland","article_publisher":"https:\/\/www.facebook.com\/wirmachenauf","article_published_time":"2025-02-22T17:33:58+00:00","og_image":[{"url":"https:\/\/now-news.de\/de\/wp-content\/uploads\/sites\/3\/2025\/02\/67b9b7abb480cc631d6b0ed9.jpg"}],"author":"rtnews","twitter_card":"summary_large_image","twitter_creator":"@WirMachenAuf_de","twitter_site":"@WirMachenAuf_de","twitter_misc":{"Verfasst von":"rtnews","Gesch\u00e4tzte Lesezeit":"1\u00a0Minute"},"schema":{"@context":"https:\/\/schema.org","@graph":[{"@type":"Article","@id":"https:\/\/now-news.de\/de\/deutschland\/eierlose-ostern-in-deutschland-droht-eier-rationierung\/#article","isPartOf":{"@id":"https:\/\/now-news.de\/de\/deutschland\/eierlose-ostern-in-deutschland-droht-eier-rationierung\/"},"author":{"name":"rtnews","@id":"https:\/\/now-news.de\/de\/#\/schema\/person\/fb534a4e865501d8b3285208df34a9b5"},"headline":"Eierlose Ostern? In Deutschland droht Eier-Rationierung","datePublished":"2025-02-22T17:33:58+00:00","dateModified":"2025-02-22T17:33:58+00:00","mainEntityOfPage":{"@id":"https:\/\/now-news.de\/de\/deutschland\/eierlose-ostern-in-deutschland-droht-eier-rationierung\/"},"wordCount":305,"commentCount":0,"publisher":{"@id":"https:\/\/now-news.de\/de\/#organization"},"image":{"@id":"https:\/\/now-news.de\/de\/deutschland\/eierlose-ostern-in-deutschland-droht-eier-rationierung\/#primaryimage"},"thumbnailUrl":"https:\/\/now-news.de\/de\/wp-content\/uploads\/sites\/3\/2025\/02\/Eierlose-Ostern-In-Deutschland-droht-Eier-Rationierung.jpg","keywords":["Deutschland","droht","Eierlose","EierRationierung","Ostern"],"articleSection":["Deutschland","Russland"],"inLanguage":"de","potentialAction":[{"@type":"CommentAction","name":"Comment","target":["https:\/\/now-news.de\/de\/deutschland\/eierlose-ostern-in-deutschland-droht-eier-rationierung\/#respond"]}]},{"@type":"WebPage","@id":"https:\/\/now-news.de\/de\/deutschland\/eierlose-ostern-in-deutschland-droht-eier-rationierung\/","url":"https:\/\/now-news.de\/de\/deutschland\/eierlose-ostern-in-deutschland-droht-eier-rationierung\/","name":"Eierlose Ostern? In Deutschland droht Eier-Rationierung - just-now.NEWS Deutschland","isPartOf":{"@id":"https:\/\/now-news.de\/de\/#website"},"primaryImageOfPage":{"@id":"https:\/\/now-news.de\/de\/deutschland\/eierlose-ostern-in-deutschland-droht-eier-rationierung\/#primaryimage"},"image":{"@id":"https:\/\/now-news.de\/de\/deutschland\/eierlose-ostern-in-deutschland-droht-eier-rationierung\/#primaryimage"},"thumbnailUrl":"https:\/\/now-news.de\/de\/wp-content\/uploads\/sites\/3\/2025\/02\/Eierlose-Ostern-In-Deutschland-droht-Eier-Rationierung.jpg","datePublished":"2025-02-22T17:33:58+00:00","dateModified":"2025-02-22T17:33:58+00:00","breadcrumb":{"@id":"https:\/\/now-news.de\/de\/deutschland\/eierlose-ostern-in-deutschland-droht-eier-rationierung\/#breadcrumb"},"inLanguage":"de","potentialAction":[{"@type":"ReadAction","target":["https:\/\/now-news.de\/de\/deutschland\/eierlose-ostern-in-deutschland-droht-eier-rationierung\/"]}]},{"@type":"ImageObject","inLanguage":"de","@id":"https:\/\/now-news.de\/de\/deutschland\/eierlose-ostern-in-deutschland-droht-eier-rationierung\/#primaryimage","url":"https:\/\/now-news.de\/de\/wp-content\/uploads\/sites\/3\/2025\/02\/Eierlose-Ostern-In-Deutschland-droht-Eier-Rationierung.jpg","contentUrl":"https:\/\/now-news.de\/de\/wp-content\/uploads\/sites\/3\/2025\/02\/Eierlose-Ostern-In-Deutschland-droht-Eier-Rationierung.jpg","width":460,"height":259,"caption":"Eierlose Ostern? In Deutschland droht Eier-Rationierung"},{"@type":"BreadcrumbList","@id":"https:\/\/now-news.de\/de\/deutschland\/eierlose-ostern-in-deutschland-droht-eier-rationierung\/#breadcrumb","itemListElement":[{"@type":"ListItem","position":1,"name":"Home","item":"https:\/\/now-news.de\/de\/"},{"@type":"ListItem","position":2,"name":"Eierlose Ostern? In Deutschland droht Eier-Rationierung"}]},{"@type":"WebSite","@id":"https:\/\/now-news.de\/de\/#website","url":"https:\/\/now-news.de\/de\/","name":"just-now.NEWS Deutschland","description":"Das Portal f\u00fcr unzensierte Nachrichten aus der Welt","publisher":{"@id":"https:\/\/now-news.de\/de\/#organization"},"potentialAction":[{"@type":"SearchAction","target":{"@type":"EntryPoint","urlTemplate":"https:\/\/now-news.de\/de\/?s={search_term_string}"},"query-input":"required name=search_term_string"}],"inLanguage":"de"},{"@type":"Organization","@id":"https:\/\/now-news.de\/de\/#organization","name":"Just Now News","url":"https:\/\/now-news.de\/de\/","logo":{"@type":"ImageObject","inLanguage":"de","@id":"https:\/\/now-news.de\/de\/#\/schema\/logo\/image\/","url":"http:\/\/just-now.news\/de\/wp-content\/uploads\/sites\/3\/2022\/04\/logo500x500.jpg","contentUrl":"http:\/\/just-now.news\/de\/wp-content\/uploads\/sites\/3\/2022\/04\/logo500x500.jpg","width":500,"height":500,"caption":"Just Now News"},"image":{"@id":"https:\/\/now-news.de\/de\/#\/schema\/logo\/image\/"},"sameAs":["https:\/\/www.facebook.com\/wirmachenauf","https:\/\/x.com\/WirMachenAuf_de"]},{"@type":"Person","@id":"https:\/\/now-news.de\/de\/#\/schema\/person\/fb534a4e865501d8b3285208df34a9b5","name":"rtnews","image":{"@type":"ImageObject","inLanguage":"de","@id":"https:\/\/now-news.de\/de\/#\/schema\/person\/image\/","url":"https:\/\/secure.gravatar.com\/avatar\/82aafea7d8127119dd649515f56e2117?s=96&d=mm&r=g","contentUrl":"https:\/\/secure.gravatar.com\/avatar\/82aafea7d8127119dd649515f56e2117?s=96&d=mm&r=g","caption":"rtnews"},"url":"https:\/\/now-news.de\/de\/author\/rnews\/"}]}},"_links":{"self":[{"href":"https:\/\/now-news.de\/de\/wp-json\/wp\/v2\/posts\/79047"}],"collection":[{"href":"https:\/\/now-news.de\/de\/wp-json\/wp\/v2\/posts"}],"about":[{"href":"https:\/\/now-news.de\/de\/wp-json\/wp\/v2\/types\/post"}],"author":[{"embeddable":true,"href":"https:\/\/now-news.de\/de\/wp-json\/wp\/v2\/users\/3"}],"replies":[{"embeddable":true,"href":"https:\/\/now-news.de\/de\/wp-json\/wp\/v2\/comments?post=79047"}],"version-history":[{"count":0,"href":"https:\/\/now-news.de\/de\/wp-json\/wp\/v2\/posts\/79047\/revisions"}],"wp:featuredmedia":[{"embeddable":true,"href":"https:\/\/now-news.de\/de\/wp-json\/wp\/v2\/media\/79048"}],"wp:attachment":[{"href":"https:\/\/now-news.de\/de\/wp-json\/wp\/v2\/media?parent=79047"}],"wp:term":[{"taxonomy":"category","embeddable":true,"href":"https:\/\/now-news.de\/de\/wp-json\/wp\/v2\/categories?post=79047"},{"taxonomy":"post_tag","embeddable":true,"href":"https:\/\/now-news.de\/de\/wp-json\/wp\/v2\/tags?post=79047"}],"curies":[{"name":"wp","href":"https:\/\/api.w.org\/{rel}","templated":true}]}}