{"id":7903,"date":"2022-05-16T11:28:10","date_gmt":"2022-05-16T09:28:10","guid":{"rendered":"http:\/\/just-now.news\/de\/deutschland\/voelkerrechtsbrueche-auf-us-luftwaffenstuetzpunkt-ramstein-deutsche-behoerden-wollen-nichts-wissen\/"},"modified":"2022-05-16T11:28:10","modified_gmt":"2022-05-16T09:28:10","slug":"voelkerrechtsbrueche-auf-us-luftwaffenstuetzpunkt-ramstein-deutsche-behoerden-wollen-nichts-wissen","status":"publish","type":"post","link":"https:\/\/now-news.de\/de\/deutschland\/voelkerrechtsbrueche-auf-us-luftwaffenstuetzpunkt-ramstein-deutsche-behoerden-wollen-nichts-wissen\/","title":{"rendered":"V\u00f6lkerrechtsbr\u00fcche auf US-Luftwaffenst\u00fctzpunkt Ramstein? Deutsche Beh\u00f6rden wollen nichts wissen"},"content":{"rendered":"<div class=\"Text-root Text-type_5 ArticleView-text ViewText-root \">\n<p>Befehl, Klick, Tod? Drohnen, die t\u00f6ten k\u00f6nnen, sind umstritten. Deshalb wird in Deutschland auch seit geraumer Zeit schon \u00fcber die Rolle des US-Luftwaffenst\u00fctzpunkts Ramstein im Drohnenkrieg der USA spekuliert. Wird von Deutschland aus get\u00f6tet, fragen sich Friedensaktivisten und Anwohner. Befriedigende Antworten von den Beh\u00f6rden bekommen sie bisher nicht.<\/p>\n<h4>Wenn es um Ramstein geht, schauen die Beh\u00f6rden lieber weg<\/h4>\n<p>Bis zum heutigen Tag leugnen die Bundesregierung sowie die f\u00fcr den St\u00fctzpunkt zust\u00e4ndige Landesregierung in Rheinland-Pfalz und deren Justizapparat genaueres Wissen \u00fcber die von deutschem Boden aus m\u00f6glicherweise stattfindenden V\u00f6lkerrechtsbr\u00fcche der USA zu haben. Entsprechende Klagen werden nahezu im Akkord abgewiesen. Dabei soll eine in Ramstein operierende Einheit sogar in die T\u00f6tung des iranischen Generals <a rel=\"nofollow noopener\" target=\"_blank\" href=\"https:\/\/test.rtde.tech\/kurzclips\/video\/96385-erste-momente-nach-us-raketenangriff-bagdad-flughafen\/\">Ghassem Soleimani<\/a> involviert gewesen sein.<\/p>\n<div class=\"ReadMore-root Section-root Section-is1to3-xs_is1to1\" data-widgets=\"ReadMore\" data-has-alias>\n<div class=\"Section-container Section-isRow-isTop-isWrap\">\n<article class=\"Card-root Card-is1to1 \">\n<div class=\"Card-imageWrap\">\n<div class=\"Card-picture\">\n<picture class=\"Picture-root Picture-default\"><!--[if IE 9]><video style=\"display: none;\"><![endif]--><source media=\"(-webkit-min-device-pixel-ratio: 2) and (min-resolution: 120dpi)\" data-srcset=\" \nhttp:\/\/just-now.news\/de\/wp-content\/uploads\/sites\/3\/2022\/05\/626d3fee48fbef3b906dd0af.jpg 850w,\n                http:\/\/just-now.news\/de\/wp-content\/uploads\/sites\/3\/2022\/04\/Feindstaat-Deutschland-\u2013-Kein-Friedensvertrag-aber-Einbindung-in-die-US.jpg 1960w,\n            \" ><source data-srcset=\" \nhttp:\/\/just-now.news\/de\/wp-content\/uploads\/sites\/3\/2022\/05\/626d3fee48fbef3b906dd0af.jpg 460w,\n              http:\/\/just-now.news\/de\/wp-content\/uploads\/sites\/3\/2022\/04\/Feindstaat-Deutschland-\u2013-Kein-Friedensvertrag-aber-Einbindung-in-die-US.jpg 980w,\n            \" ><!--[if IE 9]><\/video><![endif]--><img decoding=\"async\" data- src=\"data:image\/png;base64,iVBORw0KGgoAAAANSUhEUgAAABAAAAAJCAQAAACRI2S5AAAAEElEQVR42mNkIAAYRxWAAQAG9gAKqv6+AwAAAABJRU5ErkJggg==\" class=\"Picture-root Picture-default lazyload\" data-src=\"http:\/\/just-now.news\/de\/wp-content\/uploads\/sites\/3\/2022\/05\/626d3fee48fbef3b906dd0af.jpg\" alt=\"Feindstaat Deutschland \u2013 Kein Friedensvertrag, aber Einbindung in die US- und NATO-Aggression\"><\/source><\/source><\/picture><!-- noscript pattern --><noscript><img decoding=\"async\" src=\"http:\/\/just-now.news\/de\/wp-content\/uploads\/sites\/3\/2022\/04\/Feindstaat-Deutschland-\u2013-Kein-Friedensvertrag-aber-Einbindung-in-die-US.jpg\" alt=\"Feindstaat Deutschland \u2013 Kein Friedensvertrag, aber Einbindung in die US- und NATO-Aggression\"><\/noscript>    <\/div><\/div>\n<div class=\"Card-contentWrap\">\n<div class=\"Card-label\">\n            <span class=\"Label-root\"><br \/>\n                Meinung<br \/>\n            <\/span>\n        <\/div>\n<div class=\"Card-content\">\n<div class=\"Card-title\">\n<div class=\"HeaderNews-root HeaderNews-type_6 \">\n<p>            <a rel=\"nofollow noopener\" target=\"_blank\" href=\"https:\/\/de.rt.com\/meinung\/137418-feindstaat-deutschland-kein-friedensvertrag-aber\/\" class=\"Link-root Link-isFullCard \"><br \/>\n                Feindstaat Deutschland \u2013 Kein Friedensvertrag, aber Einbindung in die US- und NATO-Aggression<br \/>\n            <\/a><\/p><\/div><\/div><\/div><\/div>\n<\/article>\n<\/div><\/div>\n<p>Friedensaktivist Hermann Theisen versucht seit langem in Erfahrung zu bringen, welche Erkenntnisse der Regierung von Ministerpr\u00e4sidentin Malu Dreyer (SPD) und ihrem Justizminister Herbert Mertin (FDP) zur Rolle des US-Luftwaffenst\u00fctzpunkts im US-Drohnenkrieg vorliegen. Weil Theisen bislang auf eine Mauer des Schweigens stie\u00df, reichte er unter Berufung auf das Landestransparenzgesetz Klage vor dem Verwaltungsgericht in Mainz ein. Am Donnerstag fand die erste Verhandlung statt.\u00a0<\/p>\n<p>Das rheinland-pf\u00e4lzische Justizministerium lehnte die\u00a0Auskunftsanfrage Theisens vor Gericht allerdings weiter ab. Begr\u00fcndung: Die eingeforderten Informationen bez\u00f6gen sich auf ein Ermittlungsverfahren, das zum Zeitpunkt der Anfrage bereits eingestellt gewesen sei. Zudem\u00a0st\u00fcnden einer Beantwortung\u00a0die im Landestransparenzgesetz aufgef\u00fchrten Ausschlussgr\u00fcnde wie etwa der Schutz von Staatsgeheimnissen entgegen. Eine Entscheidung f\u00e4llte das Gericht indes noch nicht.<\/p>\n<p>Die Reaktion des Justizministeriums auf Theisens Ersuchen zeigte erneut die Vorgehensweise deutscher Beh\u00f6rden auf, die bei unangenehmen Fragen bez\u00fcglich des Treibens der US-Amerikaner auf dem St\u00fctzpunkt Ramstein gang und g\u00e4be ist. Bereits mehrmals hatte der Friedensaktivist sein Unverst\u00e4ndnis dar\u00fcber ge\u00e4u\u00dfert, dass die rheinland-pf\u00e4lzischen Beh\u00f6rden kaum Interesse an der Beteiligung Ramsteins am US-Drohnenkrieg zeigten.<\/p>\n<h4>Aufkl\u00e4rungsversuche werden mit Haftstrafen geahndet\u00a0<\/h4>\n<p>Statt die Vorw\u00fcrfe sowohl politisch als auch juristisch aufzukl\u00e4ren, gehen die deutschen Beh\u00f6rden lieber gegen diejenigen vor, die auf die m\u00f6glichen V\u00f6lkerrechtsbr\u00fcche der Amerikaner in Deutschland aufmerksam machen.\u00a0<\/p>\n<p>Theisen ist da nur ein Beispiel von vielen. Unter anderem hatte er jahrelang immer wieder Flugbl\u00e4tter mit Aufrufen zum Whistleblowing in der N\u00e4he von US-Liegenschaften in Deutschland verteilt. Statt medialer Unterst\u00fctzung brachten ihm diese Aktionen zahlreiche Anklagen wegen Aufrufs zum Geheimnisverrat ein. Der Heidelberger Friedensaktivist stand wegen seines friedlichen Protests gegen den von der Air Base in Ramstein aus gef\u00fchrten US-Drohnenkrieg auch mehrfach vor Gericht. Angeklagt wurde er hierbei oftmals gar von deutschen Beh\u00f6rden. Selbst eine vierw\u00f6chige Haftstrafe musste er schon verb\u00fc\u00dfen.\u00a0<\/p>\n<div class=\"ReadMore-root Section-root Section-is1to3-xs_is1to1\" data-widgets=\"ReadMore\" data-has-alias>\n<div class=\"Section-container Section-isRow-isTop-isWrap\">\n<article class=\"Card-root Card-is1to1 \">\n<div class=\"Card-imageWrap\">\n<div class=\"Card-picture\">\n<picture class=\"Picture-root Picture-default\"><!--[if IE 9]><video style=\"display: none;\"><![endif]--><source media=\"(-webkit-min-device-pixel-ratio: 2) and (min-resolution: 120dpi)\" data-srcset=\" \nhttp:\/\/just-now.news\/de\/wp-content\/uploads\/sites\/3\/2022\/05\/5fc0b564b480cc520242e4e4.JPG 850w,\n                http:\/\/just-now.news\/de\/wp-content\/uploads\/sites\/3\/2022\/05\/1652693760_142_5fc0b564b480cc520242e4e4.JPG 1960w,\n            \" ><source data-srcset=\" \nhttp:\/\/just-now.news\/de\/wp-content\/uploads\/sites\/3\/2022\/05\/5fc0b564b480cc520242e4e4.JPG 460w,\n              http:\/\/just-now.news\/de\/wp-content\/uploads\/sites\/3\/2022\/05\/1652693760_142_5fc0b564b480cc520242e4e4.JPG 980w,\n            \" ><!--[if IE 9]><\/video><![endif]--><img decoding=\"async\" data- src=\"data:image\/png;base64,iVBORw0KGgoAAAANSUhEUgAAABAAAAAJCAQAAACRI2S5AAAAEElEQVR42mNkIAAYRxWAAQAG9gAKqv6+AwAAAABJRU5ErkJggg==\" class=\"Picture-root Picture-default lazyload\" data-src=\"http:\/\/just-now.news\/de\/wp-content\/uploads\/sites\/3\/2022\/05\/5fc0b564b480cc520242e4e4.JPG\" alt=\"Bundesverwaltungsgericht: Bundesregierung muss nicht f\u00fcr Legalit\u00e4t von US-Drohneneins\u00e4tzen sorgen\"><\/source><\/source><\/picture><!-- noscript pattern --><noscript><img decoding=\"async\" src=\"http:\/\/just-now.news\/de\/wp-content\/uploads\/sites\/3\/2022\/05\/1652693760_142_5fc0b564b480cc520242e4e4.JPG\" alt=\"Bundesverwaltungsgericht: Bundesregierung muss nicht f\u00fcr Legalit\u00e4t von US-Drohneneins\u00e4tzen sorgen\"><\/noscript>    <\/div><\/div>\n<div class=\"Card-contentWrap\">\n<div class=\"Card-content\">\n<div class=\"Card-title\">\n<div class=\"HeaderNews-root HeaderNews-type_6 \">\n<p>            <a rel=\"nofollow noopener\" target=\"_blank\" href=\"https:\/\/de.rt.com\/inland\/109745-bundesverwaltungsgericht-bundesregierung-nicht-fuer-ramstein-drohnen-haftbar\/\" class=\"Link-root Link-isFullCard \"><br \/>\n                Bundesverwaltungsgericht: Bundesregierung muss nicht f\u00fcr Legalit\u00e4t von US-Drohneneins\u00e4tzen sorgen<br \/>\n            <\/a><\/p><\/div><\/div><\/div><\/div>\n<\/article>\n<\/div><\/div>\n<p>Obwohl Theisen regelm\u00e4\u00dfig sp\u00e4testens in zweiter Instanz freigesprochen wurde, legten Staatsanw\u00e4lte immer wieder neue Aktenordner zu Verfahren an, die ihn zum Schweigen bringen sollten. Strafanzeigen, die der Friedensaktivist wegen Beihilfe zum Mord durch Drohnen gegen Unbekannt stellte, wurden von den Ermittlungsbeh\u00f6rden hingegen mit weitaus geringerem Eifer bearbeitet: Verfahren wurden keine er\u00f6ffnet.<\/p>\n<h4>Deutschlands Rolle im US-Drohnen-Krieg<\/h4>\n<p>Dabei sollte die Rolle, die Ramstein im Drohnenkrieg der amerikanischen Regierung spielt, sp\u00e4testens seit den Enth\u00fcllungen des ehemaligen Drohnenpilots Brandon Bryant auch den deutschen Beh\u00f6rden bekannt sein. &#8220;Ohne Deutschland w\u00e4re der gesamte Drohnenkrieg des US-Milit\u00e4rs nicht m\u00f6glich&#8221;, erkl\u00e4rte der Whistleblower 2014 der <em>S\u00fcddeutschen Zeitung (SZ).<\/em> Bryant war bis April 2011 auf einem US-Luftwaffenst\u00fctzpunkt in New Mexiko stationiert:<\/p>\n<blockquote>\n<p>&#8220;<em>In den mehr als tausend Drohneneins\u00e4tzen, die ich geflogen habe, gab es kein einziges Mal, wo wir zum Schichtbeginn nicht in Ramstein angerufen haben.<\/em>&#8220;<\/p>\n<\/blockquote>\n<p>&#8220;Ich habe mein Rufzeichen durchgegeben und die Kennung der Drohne, die ich steuern will, und schon ging es los. Das Signal der Drohne wird \u00fcber einen Satelliten nach Ramstein \u00fcbertragen. Dort wird das Signal verst\u00e4rkt und per Glasfaserkabel in die Vereinigten Staaten geleitet, wo wir Piloten sa\u00dfen&#8221;, enth\u00fcllte er. Als Pilot habe er w\u00e4hrend des gesamten Einsatzes per abgesichertem Chat-System mit Analysten des sogenannten\u00a0Distributed Ground System\u00a0(DGS)\u00a0in Kontakt gestanden:<\/p>\n<blockquote>\n<p>&#8220;<em>In den Distributed Ground Systems (DGS) werden die Videobilder unserer Drohne \u00fcberwacht, analysiert und an die zust\u00e4ndigen Stellen verbreitet.&#8221;<\/em><\/p>\n<\/blockquote>\n<div class=\"ReadMore-root Section-root Section-is1to3-xs_is1to1\" data-widgets=\"ReadMore\" data-has-alias>\n<div class=\"Section-container Section-isRow-isTop-isWrap\">\n<article class=\"Card-root Card-is1to1 \">\n<div class=\"Card-imageWrap\">\n<div class=\"Card-picture\">\n<picture class=\"Picture-root Picture-default\"><!--[if IE 9]><video style=\"display: none;\"><![endif]--><source media=\"(-webkit-min-device-pixel-ratio: 2) and (min-resolution: 120dpi)\" data-srcset=\" \nhttp:\/\/just-now.news\/de\/wp-content\/uploads\/sites\/3\/2022\/05\/5fbbe02148fbef24e22d96e2.jpg 850w,\n                http:\/\/just-now.news\/de\/wp-content\/uploads\/sites\/3\/2022\/05\/1652693761_84_5fbbe02148fbef24e22d96e2.jpg 1960w,\n            \" ><source data-srcset=\" \nhttp:\/\/just-now.news\/de\/wp-content\/uploads\/sites\/3\/2022\/05\/5fbbe02148fbef24e22d96e2.jpg 460w,\n              http:\/\/just-now.news\/de\/wp-content\/uploads\/sites\/3\/2022\/05\/1652693761_84_5fbbe02148fbef24e22d96e2.jpg 980w,\n            \" ><!--[if IE 9]><\/video><![endif]--><img decoding=\"async\" data- src=\"data:image\/png;base64,iVBORw0KGgoAAAANSUhEUgAAABAAAAAJCAQAAACRI2S5AAAAEElEQVR42mNkIAAYRxWAAQAG9gAKqv6+AwAAAABJRU5ErkJggg==\" class=\"Picture-root Picture-default lazyload\" data-src=\"http:\/\/just-now.news\/de\/wp-content\/uploads\/sites\/3\/2022\/05\/5fbbe02148fbef24e22d96e2.jpg\" alt=\"Klage gegen Bundesrepublik: US-Basis Ramstein f\u00fcr Drohnenangriffe im Jemen genutzt\"><\/source><\/source><\/picture><!-- noscript pattern --><noscript><img decoding=\"async\" src=\"http:\/\/just-now.news\/de\/wp-content\/uploads\/sites\/3\/2022\/05\/1652693761_84_5fbbe02148fbef24e22d96e2.jpg\" alt=\"Klage gegen Bundesrepublik: US-Basis Ramstein f\u00fcr Drohnenangriffe im Jemen genutzt\"><\/noscript>    <\/div><\/div>\n<div class=\"Card-contentWrap\">\n<div class=\"Card-content\">\n<div class=\"Card-title\">\n<div class=\"HeaderNews-root HeaderNews-type_6 \">\n<p>            <a rel=\"nofollow noopener\" target=\"_blank\" href=\"https:\/\/de.rt.com\/inland\/109571-klage-gegen-bundesrepublik-us-basis-ramstein-fuer-drohnenangriffe-im-jemen-genutzt\/\" class=\"Link-root Link-isFullCard \"><br \/>\n                Klage gegen Bundesrepublik: US-Basis Ramstein f\u00fcr Drohnenangriffe im Jemen genutzt<br \/>\n            <\/a><\/p><\/div><\/div><\/div><\/div>\n<\/article>\n<\/div><\/div>\n<p>Von dort habe er mehrmals st\u00fcndlich Live-Hilfestellung zur Auswertung seiner Bilder erhalten, so Bryant. Noch ein Jahr zuvor schrieb die Bundesregierung in ihrer Antwort auf eine <a rel=\"nofollow noopener\" target=\"_blank\" href=\"https:\/\/dserver.bundestag.de\/btd\/17\/144\/1714401.pdf\">Anfrage<\/a> der Linken im Bundestag, dass sich das Kontrollzentrum (DGS) aus ihrer Sicht gar nicht in Deutschland befinde, &#8220;da die Baubeschreibung lediglich die Errichtung einer Station zur Weiterleitung von Daten \u00fcber Satelliten (SATCOM-Relay) spezifiziert&#8221;.<\/p>\n<p>Bryant hatte darauf hin erkl\u00e4rt, er habe oft &#8220;mit den Jungs vom DGS gechattet&#8221;. Diese h\u00e4tten demnach sehr wohl best\u00e4tigt, in Langley, Hawaii oder Ramstein zu sitzen.<\/p>\n<h4>Doch wie sieht eigentlich die Rechtslage aus?\u00a0<\/h4>\n<p>D\u00fcrfen deutsche Beh\u00f6rden eingreifen, wenn vom US-Milit\u00e4rst\u00fctzpunkt in Ramstein aus Straftaten begangen werden? Fest steht: In Ramstein gilt grunds\u00e4tzlich das deutsche Strafrecht, da es sich bei der Liegenschaft entgegen der Annahme vieler nicht um ein exterritoriales Gebiet handelt. Jedoch gilt auch hier: Recht haben, hei\u00dft nicht automatisch, dieses dann auch zu bekommen \u2013 denn hier kommen zudem noch die Regelungen des NATO-Truppenstatuts ins Spiel.\u00a0<\/p>\n<div class=\"ReadMore-root Section-root Section-is1to3-xs_is1to1\" data-widgets=\"ReadMore\" data-has-alias>\n<div class=\"Section-container Section-isRow-isTop-isWrap\">\n<article class=\"Card-root Card-is1to1 \">\n<div class=\"Card-imageWrap\">\n<div class=\"Card-picture\">\n<picture class=\"Picture-root Picture-default\"><!--[if IE 9]><video style=\"display: none;\"><![endif]--><source media=\"(-webkit-min-device-pixel-ratio: 2) and (min-resolution: 120dpi)\" data-srcset=\" \nhttp:\/\/just-now.news\/de\/wp-content\/uploads\/sites\/3\/2022\/05\/5f15aa17b480cc45a2070acd.JPG 850w,\n                http:\/\/just-now.news\/de\/wp-content\/uploads\/sites\/3\/2022\/05\/1652693761_94_5f15aa17b480cc45a2070acd.JPG 1960w,\n            \" ><source data-srcset=\" \nhttp:\/\/just-now.news\/de\/wp-content\/uploads\/sites\/3\/2022\/05\/5f15aa17b480cc45a2070acd.JPG 460w,\n              http:\/\/just-now.news\/de\/wp-content\/uploads\/sites\/3\/2022\/05\/1652693761_94_5f15aa17b480cc45a2070acd.JPG 980w,\n            \" ><!--[if IE 9]><\/video><![endif]--><img decoding=\"async\" data- src=\"data:image\/png;base64,iVBORw0KGgoAAAANSUhEUgAAABAAAAAJCAQAAACRI2S5AAAAEElEQVR42mNkIAAYRxWAAQAG9gAKqv6+AwAAAABJRU5ErkJggg==\" class=\"Picture-root Picture-default lazyload\" data-src=\"http:\/\/just-now.news\/de\/wp-content\/uploads\/sites\/3\/2022\/05\/5f15aa17b480cc45a2070acd.JPG\" alt=\"Bundespressekonferenz zu Bittbrief an US-Kongress: Dient US-Basis Ramstein wirklich dem Weltfrieden?\"><\/source><\/source><\/picture><!-- noscript pattern --><noscript><img decoding=\"async\" src=\"http:\/\/just-now.news\/de\/wp-content\/uploads\/sites\/3\/2022\/05\/1652693761_94_5f15aa17b480cc45a2070acd.JPG\" alt=\"Bundespressekonferenz zu Bittbrief an US-Kongress: Dient US-Basis Ramstein wirklich dem Weltfrieden?\"><\/noscript>    <\/div><\/div>\n<div class=\"Card-contentWrap\">\n<div class=\"Card-content\">\n<div class=\"Card-title\">\n<div class=\"HeaderNews-root HeaderNews-type_6 \">\n<p>            <a rel=\"nofollow noopener\" target=\"_blank\" href=\"https:\/\/de.rt.com\/inland\/104694-bundespressekonferenz-zu-bittbrief-an-us-kongress-weltfrieden-durch-gis\/\" class=\"Link-root Link-isFullCard \"><br \/>\n                Bundespressekonferenz zu Bittbrief an US-Kongress: Dient US-Basis Ramstein wirklich dem Weltfrieden?<br \/>\n            <\/a><\/p><\/div><\/div><\/div><\/div>\n<\/article>\n<\/div><\/div>\n<p>Bez\u00fcglich des mitunter von Ramstein aus gesteuerten US-Drohnenkriegs entschied das Oberverwaltungsgericht M\u00fcnster im Jahr 2019 beispielsweise noch, dass Deutschland darauf hinwirken m\u00fcsse, dass die USA bei der Nutzung ihrer Milit\u00e4rbasis das V\u00f6lkerrecht einhalten.<\/p>\n<p>Allerdings sah dies das Bundesverfassungsgericht ein Jahr sp\u00e4ter bereits anders\u00a0und hob das Urteil auf.\u00a0Die diplomatischen Bem\u00fchungen der Bundesregierung seien ausreichend \u2013 und zwar unabh\u00e4ngig von der Frage, ob die US-Drohneneins\u00e4tze gegen das V\u00f6lkerrecht versto\u00dfen, so Deutschlands oberstes Gericht.\u00a0<\/p>\n<p>Ein anderer prominenter Fall brachte hingegen mehr Klarheit in die dunstige Rechtslage um den US-Luftwaffenst\u00fctzpunkt in Ramstein.\u00a0Die Staatsanwaltschaft Zweibr\u00fccken ermittelte einige Zeit lang im Fall um die Entf\u00fchrung des Imams Abu Omar. Dieser soll im Jahr 2003 in Mailand von CIA-Agenten verschleppt und \u00fcber Deutschland nach Kairo geflogen worden sein. Sp\u00e4ter klagte Omar an, auf dem Zwischenstopp auf der US-Luftwaffenbasis in Ramstein misshandelt worden zu sein.<\/p>\n<p>Auf die Anschuldigungen hin ermittelte die Staatsanwaltschaft damals wegen des Verdachts der Freiheitsberaubung, N\u00f6tigung und auch Geiselnahme. &#8220;Auf der US-Airbase in Ramstein gilt das deutsche Strafrecht, weil dies kein exterritoriales Gebiet ist. Das NATO-Truppenstatut sagt in diesem Zusammenhang nur etwas dar\u00fcber aus, ob ich Personen, die unter das NATO-Truppenstatut fallen, verfolgen kann. Wenn es sich zum Beispiel um Soldaten handelt, ist dies nicht der Fall, weil Deutschland auf den prim\u00e4ren Strafverfolgungsanspruch verzichtet hat&#8221;, erkl\u00e4rte der f\u00fcr den Fall zust\u00e4ndige Oberstaatsanwalt Eberhard Bayer im Juni 2013 in einem Interview mit der <em>Deutschen Welle (DW):<\/em><\/p>\n<blockquote>\n<p>&#8220;<em>Sofern die in Frage kommenden Personen keine Soldaten sind und hier in der NATO-Einheit stationiert, fallen sie auch nicht unter das NATO-Truppenstatut. Wenn es sich um CIA-Agenten handelt, gehe ich davon aus, dass es eben keine Soldaten sind, insbesondere keine, die hier bei einer NATO-Einheit stationiert sind. Diese Personen sind dann zu behandeln, wie jeder andere Zivilist auch.<\/em>&#8220;<\/p>\n<\/blockquote>\n<p>Diese Auslegung gilt somit auch f\u00fcr den Rechtsstreit um die Drohnen: Das NATO-Truppenstatut regelt Ausnahmen. Handelt es sich bei den an den Drohnenangriffen beteiligten US-Besch\u00e4ftigen in Ramstein also um Soldaten, haben die deutschen Beh\u00f6rden juristisch keine Handlungsbefugnis, da Deutschland in der Vergangenheit freiwillig auf den prim\u00e4ren\u00a0Strafverfolgungsanspruch verzichtete.\u00a0Werden V\u00f6lkerrechtsbr\u00fcche allerdings von Zivilisten begangen, ist Deutschland als Aufnahmeland auch handlungsbefugt.<\/p>\n<p>Die Frage, ob es sich bei den an den Drohnenangriffen beteiligten Personen um Zivilisten oder Soldaten handelt, wird sich allerdings nur schwer beantworten lassen.<\/p>\n<p><strong>Mehr zum Thema \u2013 <\/strong><a rel=\"nofollow noopener\" target=\"_blank\" href=\"https:\/\/test.rtde.tech\/inland\/137530-bundestagsgutachten-ausbildung-ukrainischer-soldaten-auf\/\">Bundestagsgutachten: Ausbildung ukrainischer Soldaten auf deutschem Boden wohl Kriegsbeteiligung<\/a><\/p>\n<\/div>\n<p><br \/>\n<br \/><a href=\"https:\/\/de.rt.com\/inland\/138425-us-luftwaffenstutzpunkt-ramstein-und-volkerrechtsbruche\/\">Source link <\/a><\/p>\n","protected":false},"excerpt":{"rendered":"<p>Befehl, Klick, Tod? Drohnen, die t\u00f6ten k\u00f6nnen, sind umstritten. Deshalb wird in Deutschland auch seit geraumer Zeit schon \u00fcber die Rolle des US-Luftwaffenst\u00fctzpunkts Ramstein im Drohnenkrieg der USA spekuliert. Wird von Deutschland aus get\u00f6tet, fragen sich Friedensaktivisten und Anwohner. Befriedigende Antworten von den Beh\u00f6rden bekommen sie bisher nicht. Wenn es um Ramstein geht, schauen die [&hellip;]<\/p>\n","protected":false},"author":3,"featured_media":7904,"comment_status":"open","ping_status":"open","sticky":false,"template":"","format":"standard","meta":{"wp_automatic_camp":["217"],"d9c5fd7db407a77ddbe76d5e229a127c":["V\u00f6lkerrechtsbr\u00fcche auf US-Luftwaffenst\u00fctzpunkt Ramstein? Deutsche Beh\u00f6rden wollen nichts wissen"],"original_link":["https:\/\/de.rt.com\/inland\/138425-us-luftwaffenstutzpunkt-ramstein-und-volkerrechtsbruche\/"],"_thumbnail_id":["7904"],"_wptg_p2tg_sent2tg":["2022-05-16 11:37:06"],"jnews_social_counter_last_update":["1776911765"]},"categories":[19,23],"tags":[133,3244,2374,3095,10012,10011,20381,5865,1050],"yoast_head":"<!-- This site is optimized with the Yoast SEO Premium plugin v22.7 (Yoast SEO v22.7) - https:\/\/yoast.com\/wordpress\/plugins\/seo\/ -->\n<title>V\u00f6lkerrechtsbr\u00fcche auf US-Luftwaffenst\u00fctzpunkt Ramstein? Deutsche Beh\u00f6rden wollen nichts wissen - just-now.NEWS Deutschland<\/title>\n<meta name=\"robots\" content=\"index, follow, max-snippet:-1, max-image-preview:large, max-video-preview:-1\" \/>\n<link rel=\"canonical\" href=\"https:\/\/now-news.de\/de\/deutschland\/voelkerrechtsbrueche-auf-us-luftwaffenstuetzpunkt-ramstein-deutsche-behoerden-wollen-nichts-wissen\/\" \/>\n<meta property=\"og:locale\" content=\"de_DE\" \/>\n<meta property=\"og:type\" content=\"article\" \/>\n<meta property=\"og:title\" content=\"V\u00f6lkerrechtsbr\u00fcche auf US-Luftwaffenst\u00fctzpunkt Ramstein? Deutsche Beh\u00f6rden wollen nichts wissen\" \/>\n<meta property=\"og:description\" content=\"Befehl, Klick, Tod? Drohnen, die t\u00f6ten k\u00f6nnen, sind umstritten. Deshalb wird in Deutschland auch seit geraumer Zeit schon \u00fcber die Rolle des US-Luftwaffenst\u00fctzpunkts Ramstein im Drohnenkrieg der USA spekuliert. Wird von Deutschland aus get\u00f6tet, fragen sich Friedensaktivisten und Anwohner. Befriedigende Antworten von den Beh\u00f6rden bekommen sie bisher nicht. Wenn es um Ramstein geht, schauen die [&hellip;]\" \/>\n<meta property=\"og:url\" content=\"https:\/\/now-news.de\/de\/deutschland\/voelkerrechtsbrueche-auf-us-luftwaffenstuetzpunkt-ramstein-deutsche-behoerden-wollen-nichts-wissen\/\" \/>\n<meta property=\"og:site_name\" content=\"just-now.NEWS Deutschland\" \/>\n<meta property=\"article:publisher\" content=\"https:\/\/www.facebook.com\/wirmachenauf\" \/>\n<meta property=\"article:published_time\" content=\"2022-05-16T09:28:10+00:00\" \/>\n<meta property=\"og:image\" content=\"https:\/\/now-news.de\/de\/wp-content\/uploads\/sites\/3\/2022\/05\/Voelkerrechtsbrueche-auf-US-Luftwaffenstuetzpunkt-Ramstein-Deutsche-Behoerden-wollen-nichts-wissen.jpg\" \/>\n\t<meta property=\"og:image:width\" content=\"460\" \/>\n\t<meta property=\"og:image:height\" content=\"259\" \/>\n\t<meta property=\"og:image:type\" content=\"image\/jpeg\" \/>\n<meta name=\"author\" content=\"rtnews\" \/>\n<meta name=\"twitter:card\" content=\"summary_large_image\" \/>\n<meta name=\"twitter:creator\" content=\"@WirMachenAuf_de\" \/>\n<meta name=\"twitter:site\" content=\"@WirMachenAuf_de\" \/>\n<meta name=\"twitter:label1\" content=\"Verfasst von\" \/>\n\t<meta name=\"twitter:data1\" content=\"rtnews\" \/>\n\t<meta name=\"twitter:label2\" content=\"Gesch\u00e4tzte Lesezeit\" \/>\n\t<meta name=\"twitter:data2\" content=\"7\u00a0Minuten\" \/>\n<script type=\"application\/ld+json\" class=\"yoast-schema-graph\">{\"@context\":\"https:\/\/schema.org\",\"@graph\":[{\"@type\":\"Article\",\"@id\":\"https:\/\/now-news.de\/de\/deutschland\/voelkerrechtsbrueche-auf-us-luftwaffenstuetzpunkt-ramstein-deutsche-behoerden-wollen-nichts-wissen\/#article\",\"isPartOf\":{\"@id\":\"https:\/\/now-news.de\/de\/deutschland\/voelkerrechtsbrueche-auf-us-luftwaffenstuetzpunkt-ramstein-deutsche-behoerden-wollen-nichts-wissen\/\"},\"author\":{\"name\":\"rtnews\",\"@id\":\"https:\/\/now-news.de\/de\/#\/schema\/person\/fb534a4e865501d8b3285208df34a9b5\"},\"headline\":\"V\u00f6lkerrechtsbr\u00fcche auf US-Luftwaffenst\u00fctzpunkt Ramstein? Deutsche Beh\u00f6rden wollen nichts wissen\",\"datePublished\":\"2022-05-16T09:28:10+00:00\",\"dateModified\":\"2022-05-16T09:28:10+00:00\",\"mainEntityOfPage\":{\"@id\":\"https:\/\/now-news.de\/de\/deutschland\/voelkerrechtsbrueche-auf-us-luftwaffenstuetzpunkt-ramstein-deutsche-behoerden-wollen-nichts-wissen\/\"},\"wordCount\":1331,\"commentCount\":1,\"publisher\":{\"@id\":\"https:\/\/now-news.de\/de\/#organization\"},\"image\":{\"@id\":\"https:\/\/now-news.de\/de\/deutschland\/voelkerrechtsbrueche-auf-us-luftwaffenstuetzpunkt-ramstein-deutsche-behoerden-wollen-nichts-wissen\/#primaryimage\"},\"thumbnailUrl\":\"https:\/\/now-news.de\/de\/wp-content\/uploads\/sites\/3\/2022\/05\/Voelkerrechtsbrueche-auf-US-Luftwaffenstuetzpunkt-Ramstein-Deutsche-Behoerden-wollen-nichts-wissen.jpg\",\"keywords\":[\"AUF\",\"Beh\u00f6rden\",\"Deutsche\",\"Nichts\",\"Ramstein\",\"USLuftwaffenst\u00fctzpunkt\",\"V\u00f6lkerrechtsbr\u00fcche\",\"wissen\",\"wollen\"],\"articleSection\":[\"Deutschland\",\"Russland\"],\"inLanguage\":\"de\",\"potentialAction\":[{\"@type\":\"CommentAction\",\"name\":\"Comment\",\"target\":[\"https:\/\/now-news.de\/de\/deutschland\/voelkerrechtsbrueche-auf-us-luftwaffenstuetzpunkt-ramstein-deutsche-behoerden-wollen-nichts-wissen\/#respond\"]}]},{\"@type\":\"WebPage\",\"@id\":\"https:\/\/now-news.de\/de\/deutschland\/voelkerrechtsbrueche-auf-us-luftwaffenstuetzpunkt-ramstein-deutsche-behoerden-wollen-nichts-wissen\/\",\"url\":\"https:\/\/now-news.de\/de\/deutschland\/voelkerrechtsbrueche-auf-us-luftwaffenstuetzpunkt-ramstein-deutsche-behoerden-wollen-nichts-wissen\/\",\"name\":\"V\u00f6lkerrechtsbr\u00fcche auf US-Luftwaffenst\u00fctzpunkt Ramstein? Deutsche Beh\u00f6rden wollen nichts wissen - just-now.NEWS Deutschland\",\"isPartOf\":{\"@id\":\"https:\/\/now-news.de\/de\/#website\"},\"primaryImageOfPage\":{\"@id\":\"https:\/\/now-news.de\/de\/deutschland\/voelkerrechtsbrueche-auf-us-luftwaffenstuetzpunkt-ramstein-deutsche-behoerden-wollen-nichts-wissen\/#primaryimage\"},\"image\":{\"@id\":\"https:\/\/now-news.de\/de\/deutschland\/voelkerrechtsbrueche-auf-us-luftwaffenstuetzpunkt-ramstein-deutsche-behoerden-wollen-nichts-wissen\/#primaryimage\"},\"thumbnailUrl\":\"https:\/\/now-news.de\/de\/wp-content\/uploads\/sites\/3\/2022\/05\/Voelkerrechtsbrueche-auf-US-Luftwaffenstuetzpunkt-Ramstein-Deutsche-Behoerden-wollen-nichts-wissen.jpg\",\"datePublished\":\"2022-05-16T09:28:10+00:00\",\"dateModified\":\"2022-05-16T09:28:10+00:00\",\"breadcrumb\":{\"@id\":\"https:\/\/now-news.de\/de\/deutschland\/voelkerrechtsbrueche-auf-us-luftwaffenstuetzpunkt-ramstein-deutsche-behoerden-wollen-nichts-wissen\/#breadcrumb\"},\"inLanguage\":\"de\",\"potentialAction\":[{\"@type\":\"ReadAction\",\"target\":[\"https:\/\/now-news.de\/de\/deutschland\/voelkerrechtsbrueche-auf-us-luftwaffenstuetzpunkt-ramstein-deutsche-behoerden-wollen-nichts-wissen\/\"]}]},{\"@type\":\"ImageObject\",\"inLanguage\":\"de\",\"@id\":\"https:\/\/now-news.de\/de\/deutschland\/voelkerrechtsbrueche-auf-us-luftwaffenstuetzpunkt-ramstein-deutsche-behoerden-wollen-nichts-wissen\/#primaryimage\",\"url\":\"https:\/\/now-news.de\/de\/wp-content\/uploads\/sites\/3\/2022\/05\/Voelkerrechtsbrueche-auf-US-Luftwaffenstuetzpunkt-Ramstein-Deutsche-Behoerden-wollen-nichts-wissen.jpg\",\"contentUrl\":\"https:\/\/now-news.de\/de\/wp-content\/uploads\/sites\/3\/2022\/05\/Voelkerrechtsbrueche-auf-US-Luftwaffenstuetzpunkt-Ramstein-Deutsche-Behoerden-wollen-nichts-wissen.jpg\",\"width\":460,\"height\":259,\"caption\":\"Feindstaat Deutschland \u2013 Kein Friedensvertrag, aber Einbindung in die US- und NATO-Aggression\"},{\"@type\":\"BreadcrumbList\",\"@id\":\"https:\/\/now-news.de\/de\/deutschland\/voelkerrechtsbrueche-auf-us-luftwaffenstuetzpunkt-ramstein-deutsche-behoerden-wollen-nichts-wissen\/#breadcrumb\",\"itemListElement\":[{\"@type\":\"ListItem\",\"position\":1,\"name\":\"Home\",\"item\":\"https:\/\/now-news.de\/de\/\"},{\"@type\":\"ListItem\",\"position\":2,\"name\":\"V\u00f6lkerrechtsbr\u00fcche auf US-Luftwaffenst\u00fctzpunkt Ramstein? Deutsche Beh\u00f6rden wollen nichts wissen\"}]},{\"@type\":\"WebSite\",\"@id\":\"https:\/\/now-news.de\/de\/#website\",\"url\":\"https:\/\/now-news.de\/de\/\",\"name\":\"just-now.NEWS Deutschland\",\"description\":\"Das Portal f\u00fcr unzensierte Nachrichten aus der Welt\",\"publisher\":{\"@id\":\"https:\/\/now-news.de\/de\/#organization\"},\"potentialAction\":[{\"@type\":\"SearchAction\",\"target\":{\"@type\":\"EntryPoint\",\"urlTemplate\":\"https:\/\/now-news.de\/de\/?s={search_term_string}\"},\"query-input\":\"required name=search_term_string\"}],\"inLanguage\":\"de\"},{\"@type\":\"Organization\",\"@id\":\"https:\/\/now-news.de\/de\/#organization\",\"name\":\"Just Now News\",\"url\":\"https:\/\/now-news.de\/de\/\",\"logo\":{\"@type\":\"ImageObject\",\"inLanguage\":\"de\",\"@id\":\"https:\/\/now-news.de\/de\/#\/schema\/logo\/image\/\",\"url\":\"http:\/\/just-now.news\/de\/wp-content\/uploads\/sites\/3\/2022\/04\/logo500x500.jpg\",\"contentUrl\":\"http:\/\/just-now.news\/de\/wp-content\/uploads\/sites\/3\/2022\/04\/logo500x500.jpg\",\"width\":500,\"height\":500,\"caption\":\"Just Now News\"},\"image\":{\"@id\":\"https:\/\/now-news.de\/de\/#\/schema\/logo\/image\/\"},\"sameAs\":[\"https:\/\/www.facebook.com\/wirmachenauf\",\"https:\/\/x.com\/WirMachenAuf_de\"]},{\"@type\":\"Person\",\"@id\":\"https:\/\/now-news.de\/de\/#\/schema\/person\/fb534a4e865501d8b3285208df34a9b5\",\"name\":\"rtnews\",\"image\":{\"@type\":\"ImageObject\",\"inLanguage\":\"de\",\"@id\":\"https:\/\/now-news.de\/de\/#\/schema\/person\/image\/\",\"url\":\"https:\/\/secure.gravatar.com\/avatar\/82aafea7d8127119dd649515f56e2117?s=96&d=mm&r=g\",\"contentUrl\":\"https:\/\/secure.gravatar.com\/avatar\/82aafea7d8127119dd649515f56e2117?s=96&d=mm&r=g\",\"caption\":\"rtnews\"},\"url\":\"https:\/\/now-news.de\/de\/author\/rnews\/\"}]}<\/script>\n<!-- \/ Yoast SEO Premium plugin. -->","yoast_head_json":{"title":"V\u00f6lkerrechtsbr\u00fcche auf US-Luftwaffenst\u00fctzpunkt Ramstein? Deutsche Beh\u00f6rden wollen nichts wissen - just-now.NEWS Deutschland","robots":{"index":"index","follow":"follow","max-snippet":"max-snippet:-1","max-image-preview":"max-image-preview:large","max-video-preview":"max-video-preview:-1"},"canonical":"https:\/\/now-news.de\/de\/deutschland\/voelkerrechtsbrueche-auf-us-luftwaffenstuetzpunkt-ramstein-deutsche-behoerden-wollen-nichts-wissen\/","og_locale":"de_DE","og_type":"article","og_title":"V\u00f6lkerrechtsbr\u00fcche auf US-Luftwaffenst\u00fctzpunkt Ramstein? Deutsche Beh\u00f6rden wollen nichts wissen","og_description":"Befehl, Klick, Tod? Drohnen, die t\u00f6ten k\u00f6nnen, sind umstritten. Deshalb wird in Deutschland auch seit geraumer Zeit schon \u00fcber die Rolle des US-Luftwaffenst\u00fctzpunkts Ramstein im Drohnenkrieg der USA spekuliert. Wird von Deutschland aus get\u00f6tet, fragen sich Friedensaktivisten und Anwohner. Befriedigende Antworten von den Beh\u00f6rden bekommen sie bisher nicht. Wenn es um Ramstein geht, schauen die [&hellip;]","og_url":"https:\/\/now-news.de\/de\/deutschland\/voelkerrechtsbrueche-auf-us-luftwaffenstuetzpunkt-ramstein-deutsche-behoerden-wollen-nichts-wissen\/","og_site_name":"just-now.NEWS Deutschland","article_publisher":"https:\/\/www.facebook.com\/wirmachenauf","article_published_time":"2022-05-16T09:28:10+00:00","og_image":[{"width":460,"height":259,"url":"https:\/\/now-news.de\/de\/wp-content\/uploads\/sites\/3\/2022\/05\/Voelkerrechtsbrueche-auf-US-Luftwaffenstuetzpunkt-Ramstein-Deutsche-Behoerden-wollen-nichts-wissen.jpg","type":"image\/jpeg"}],"author":"rtnews","twitter_card":"summary_large_image","twitter_creator":"@WirMachenAuf_de","twitter_site":"@WirMachenAuf_de","twitter_misc":{"Verfasst von":"rtnews","Gesch\u00e4tzte Lesezeit":"7\u00a0Minuten"},"schema":{"@context":"https:\/\/schema.org","@graph":[{"@type":"Article","@id":"https:\/\/now-news.de\/de\/deutschland\/voelkerrechtsbrueche-auf-us-luftwaffenstuetzpunkt-ramstein-deutsche-behoerden-wollen-nichts-wissen\/#article","isPartOf":{"@id":"https:\/\/now-news.de\/de\/deutschland\/voelkerrechtsbrueche-auf-us-luftwaffenstuetzpunkt-ramstein-deutsche-behoerden-wollen-nichts-wissen\/"},"author":{"name":"rtnews","@id":"https:\/\/now-news.de\/de\/#\/schema\/person\/fb534a4e865501d8b3285208df34a9b5"},"headline":"V\u00f6lkerrechtsbr\u00fcche auf US-Luftwaffenst\u00fctzpunkt Ramstein? Deutsche Beh\u00f6rden wollen nichts wissen","datePublished":"2022-05-16T09:28:10+00:00","dateModified":"2022-05-16T09:28:10+00:00","mainEntityOfPage":{"@id":"https:\/\/now-news.de\/de\/deutschland\/voelkerrechtsbrueche-auf-us-luftwaffenstuetzpunkt-ramstein-deutsche-behoerden-wollen-nichts-wissen\/"},"wordCount":1331,"commentCount":1,"publisher":{"@id":"https:\/\/now-news.de\/de\/#organization"},"image":{"@id":"https:\/\/now-news.de\/de\/deutschland\/voelkerrechtsbrueche-auf-us-luftwaffenstuetzpunkt-ramstein-deutsche-behoerden-wollen-nichts-wissen\/#primaryimage"},"thumbnailUrl":"https:\/\/now-news.de\/de\/wp-content\/uploads\/sites\/3\/2022\/05\/Voelkerrechtsbrueche-auf-US-Luftwaffenstuetzpunkt-Ramstein-Deutsche-Behoerden-wollen-nichts-wissen.jpg","keywords":["AUF","Beh\u00f6rden","Deutsche","Nichts","Ramstein","USLuftwaffenst\u00fctzpunkt","V\u00f6lkerrechtsbr\u00fcche","wissen","wollen"],"articleSection":["Deutschland","Russland"],"inLanguage":"de","potentialAction":[{"@type":"CommentAction","name":"Comment","target":["https:\/\/now-news.de\/de\/deutschland\/voelkerrechtsbrueche-auf-us-luftwaffenstuetzpunkt-ramstein-deutsche-behoerden-wollen-nichts-wissen\/#respond"]}]},{"@type":"WebPage","@id":"https:\/\/now-news.de\/de\/deutschland\/voelkerrechtsbrueche-auf-us-luftwaffenstuetzpunkt-ramstein-deutsche-behoerden-wollen-nichts-wissen\/","url":"https:\/\/now-news.de\/de\/deutschland\/voelkerrechtsbrueche-auf-us-luftwaffenstuetzpunkt-ramstein-deutsche-behoerden-wollen-nichts-wissen\/","name":"V\u00f6lkerrechtsbr\u00fcche auf US-Luftwaffenst\u00fctzpunkt Ramstein? Deutsche Beh\u00f6rden wollen nichts wissen - just-now.NEWS Deutschland","isPartOf":{"@id":"https:\/\/now-news.de\/de\/#website"},"primaryImageOfPage":{"@id":"https:\/\/now-news.de\/de\/deutschland\/voelkerrechtsbrueche-auf-us-luftwaffenstuetzpunkt-ramstein-deutsche-behoerden-wollen-nichts-wissen\/#primaryimage"},"image":{"@id":"https:\/\/now-news.de\/de\/deutschland\/voelkerrechtsbrueche-auf-us-luftwaffenstuetzpunkt-ramstein-deutsche-behoerden-wollen-nichts-wissen\/#primaryimage"},"thumbnailUrl":"https:\/\/now-news.de\/de\/wp-content\/uploads\/sites\/3\/2022\/05\/Voelkerrechtsbrueche-auf-US-Luftwaffenstuetzpunkt-Ramstein-Deutsche-Behoerden-wollen-nichts-wissen.jpg","datePublished":"2022-05-16T09:28:10+00:00","dateModified":"2022-05-16T09:28:10+00:00","breadcrumb":{"@id":"https:\/\/now-news.de\/de\/deutschland\/voelkerrechtsbrueche-auf-us-luftwaffenstuetzpunkt-ramstein-deutsche-behoerden-wollen-nichts-wissen\/#breadcrumb"},"inLanguage":"de","potentialAction":[{"@type":"ReadAction","target":["https:\/\/now-news.de\/de\/deutschland\/voelkerrechtsbrueche-auf-us-luftwaffenstuetzpunkt-ramstein-deutsche-behoerden-wollen-nichts-wissen\/"]}]},{"@type":"ImageObject","inLanguage":"de","@id":"https:\/\/now-news.de\/de\/deutschland\/voelkerrechtsbrueche-auf-us-luftwaffenstuetzpunkt-ramstein-deutsche-behoerden-wollen-nichts-wissen\/#primaryimage","url":"https:\/\/now-news.de\/de\/wp-content\/uploads\/sites\/3\/2022\/05\/Voelkerrechtsbrueche-auf-US-Luftwaffenstuetzpunkt-Ramstein-Deutsche-Behoerden-wollen-nichts-wissen.jpg","contentUrl":"https:\/\/now-news.de\/de\/wp-content\/uploads\/sites\/3\/2022\/05\/Voelkerrechtsbrueche-auf-US-Luftwaffenstuetzpunkt-Ramstein-Deutsche-Behoerden-wollen-nichts-wissen.jpg","width":460,"height":259,"caption":"Feindstaat Deutschland \u2013 Kein Friedensvertrag, aber Einbindung in die US- und NATO-Aggression"},{"@type":"BreadcrumbList","@id":"https:\/\/now-news.de\/de\/deutschland\/voelkerrechtsbrueche-auf-us-luftwaffenstuetzpunkt-ramstein-deutsche-behoerden-wollen-nichts-wissen\/#breadcrumb","itemListElement":[{"@type":"ListItem","position":1,"name":"Home","item":"https:\/\/now-news.de\/de\/"},{"@type":"ListItem","position":2,"name":"V\u00f6lkerrechtsbr\u00fcche auf US-Luftwaffenst\u00fctzpunkt Ramstein? Deutsche Beh\u00f6rden wollen nichts wissen"}]},{"@type":"WebSite","@id":"https:\/\/now-news.de\/de\/#website","url":"https:\/\/now-news.de\/de\/","name":"just-now.NEWS Deutschland","description":"Das Portal f\u00fcr unzensierte Nachrichten aus der Welt","publisher":{"@id":"https:\/\/now-news.de\/de\/#organization"},"potentialAction":[{"@type":"SearchAction","target":{"@type":"EntryPoint","urlTemplate":"https:\/\/now-news.de\/de\/?s={search_term_string}"},"query-input":"required name=search_term_string"}],"inLanguage":"de"},{"@type":"Organization","@id":"https:\/\/now-news.de\/de\/#organization","name":"Just Now News","url":"https:\/\/now-news.de\/de\/","logo":{"@type":"ImageObject","inLanguage":"de","@id":"https:\/\/now-news.de\/de\/#\/schema\/logo\/image\/","url":"http:\/\/just-now.news\/de\/wp-content\/uploads\/sites\/3\/2022\/04\/logo500x500.jpg","contentUrl":"http:\/\/just-now.news\/de\/wp-content\/uploads\/sites\/3\/2022\/04\/logo500x500.jpg","width":500,"height":500,"caption":"Just Now News"},"image":{"@id":"https:\/\/now-news.de\/de\/#\/schema\/logo\/image\/"},"sameAs":["https:\/\/www.facebook.com\/wirmachenauf","https:\/\/x.com\/WirMachenAuf_de"]},{"@type":"Person","@id":"https:\/\/now-news.de\/de\/#\/schema\/person\/fb534a4e865501d8b3285208df34a9b5","name":"rtnews","image":{"@type":"ImageObject","inLanguage":"de","@id":"https:\/\/now-news.de\/de\/#\/schema\/person\/image\/","url":"https:\/\/secure.gravatar.com\/avatar\/82aafea7d8127119dd649515f56e2117?s=96&d=mm&r=g","contentUrl":"https:\/\/secure.gravatar.com\/avatar\/82aafea7d8127119dd649515f56e2117?s=96&d=mm&r=g","caption":"rtnews"},"url":"https:\/\/now-news.de\/de\/author\/rnews\/"}]}},"_links":{"self":[{"href":"https:\/\/now-news.de\/de\/wp-json\/wp\/v2\/posts\/7903"}],"collection":[{"href":"https:\/\/now-news.de\/de\/wp-json\/wp\/v2\/posts"}],"about":[{"href":"https:\/\/now-news.de\/de\/wp-json\/wp\/v2\/types\/post"}],"author":[{"embeddable":true,"href":"https:\/\/now-news.de\/de\/wp-json\/wp\/v2\/users\/3"}],"replies":[{"embeddable":true,"href":"https:\/\/now-news.de\/de\/wp-json\/wp\/v2\/comments?post=7903"}],"version-history":[{"count":0,"href":"https:\/\/now-news.de\/de\/wp-json\/wp\/v2\/posts\/7903\/revisions"}],"wp:featuredmedia":[{"embeddable":true,"href":"https:\/\/now-news.de\/de\/wp-json\/wp\/v2\/media\/7904"}],"wp:attachment":[{"href":"https:\/\/now-news.de\/de\/wp-json\/wp\/v2\/media?parent=7903"}],"wp:term":[{"taxonomy":"category","embeddable":true,"href":"https:\/\/now-news.de\/de\/wp-json\/wp\/v2\/categories?post=7903"},{"taxonomy":"post_tag","embeddable":true,"href":"https:\/\/now-news.de\/de\/wp-json\/wp\/v2\/tags?post=7903"}],"curies":[{"name":"wp","href":"https:\/\/api.w.org\/{rel}","templated":true}]}}