{"id":79022,"date":"2025-02-22T14:34:34","date_gmt":"2025-02-22T12:34:34","guid":{"rendered":"https:\/\/now-news.de\/de\/deutschland\/mehr-druck-auf-die-usa-baerbock-fordert-eine-zweite-zeitenwende\/"},"modified":"2025-02-22T14:34:34","modified_gmt":"2025-02-22T12:34:34","slug":"mehr-druck-auf-die-usa-baerbock-fordert-eine-zweite-zeitenwende","status":"publish","type":"post","link":"https:\/\/now-news.de\/de\/deutschland\/mehr-druck-auf-die-usa-baerbock-fordert-eine-zweite-zeitenwende\/","title":{"rendered":"&quot;Mehr Druck auf die USA&quot; \u2013 Baerbock fordert eine &quot;zweite Zeitenwende&quot;"},"content":{"rendered":"<p><img decoding=\"async\" src=\"https:\/\/now-news.de\/de\/wp-content\/uploads\/sites\/3\/2025\/02\/67b9c10248fbef3ad5349156.jpg\" \/><\/p>\n<div class=\"Text-root Text-type_1 \">\n                Der Ton gegen\u00fcber den USA wird in Deutschland und Europa rauer. Bei einem Wahlkampfauftritt in Potsdam forderte die gr\u00fcne Au\u00dfenministerin Annalena Baerbock nun gar &#8220;Druck auf die USA&#8221; und eine &#8220;zweite Zeitenwende&#8221;.\n            <\/div>\n<p><\/p>\n<div class=\"Text-root Text-type_5 ArticleView-text ViewText-root \">\n<p>Bei einer <a rel=\"nofollow noopener\" target=\"_blank\" href=\"https:\/\/www.deutschlandfunk.de\/baerbock-fordert-mehr-druck-auf-die-usa-100.html\">Wahlkampfveranstaltung in Potsdam<\/a> hat die gr\u00fcne Au\u00dfenministerin Annalena Baerbock sich emp\u00f6rt \u00fcber Donald Trump und seine neue Ukraine-Politik ge\u00e4u\u00dfert. Als Reaktion darauf rief sie die Europ\u00e4er dazu auf, den &#8220;Druck auf die USA zu erh\u00f6hen&#8221;. <\/p>\n<p>Mache Trump so weiter, werde eine &#8220;zweite Zeitenwende&#8221; erforderlich, meinte Baerbock. Die Amerikaner m\u00fcssten merken, dass sie &#8220;maximal viel zu verlieren&#8221; h\u00e4tten, wenn sie nicht mehr an der Seite der liberalen Demokratien Europas st\u00fcnden.<\/p>\n<p>Baerbock nahm in der Rede Bezug auf Gespr\u00e4che zwischen den USA und Russland \u00fcber die Ukraine und forderte, dass es keinen &#8220;Scheinfrieden&#8221; geben d\u00fcrfe. Niemandem sei es erlaubt, \u00fcber die K\u00f6pfe der Ukrainer und der Europ\u00e4er hinweg zu entscheiden, so die Noch-Au\u00dfenministerin.<\/p>\n<p><strong>Mehr zum Thema<\/strong> \u2013 <a rel=\"nofollow noopener\" target=\"_blank\" href=\"https:\/\/freedert.online\/meinung\/237090-robert-habeck-unfehlbare-messias-dekadenten\/\">Robert Habeck \u2012 Der unfehlbare Messias einer dekadenten westdeutschen Wohlstandsgesellschaft<\/a><\/p>\n<div class=\"EmbedBlock-root EmbedBlock-externalVideo EmbedBlock-rumble\">\n<div class=\"VkEmbed\"><iframe class=\"lazyload\" data-src=\"https:\/\/rumble.com\/embed\/v6lcup0\" frameborder=\"0\" width=\"853\" height=\"480\" allowfullscreen><\/iframe><\/div>\n<\/div>\n<\/div>\n<p><br \/>\n<br \/><a href=\"https:\/\/de.rt.com\/inland\/237574-mehr-druck-auf-usa-baerbock\/\">Source link <\/a><\/p>\n","protected":false},"excerpt":{"rendered":"<p>Der Ton gegen\u00fcber den USA wird in Deutschland und Europa rauer. Bei einem Wahlkampfauftritt in Potsdam forderte die gr\u00fcne Au\u00dfenministerin Annalena Baerbock nun gar &#8220;Druck auf die USA&#8221; und eine &#8220;zweite Zeitenwende&#8221;. Bei einer Wahlkampfveranstaltung in Potsdam hat die gr\u00fcne Au\u00dfenministerin Annalena Baerbock sich emp\u00f6rt \u00fcber Donald Trump und seine neue Ukraine-Politik ge\u00e4u\u00dfert. Als Reaktion [&hellip;]<\/p>\n","protected":false},"author":3,"featured_media":79023,"comment_status":"open","ping_status":"open","sticky":false,"template":"","format":"standard","meta":{"_yoast_indexnow_last_ping":["1740228256"],"wp_automatic_camp":["217"],"a5aea29e6d77aff497eba10a07aca520":["&quot;Mehr Druck auf die USA&quot; \u2013 Baerbock fordert eine &quot;zweite Zeitenwende&quot;"],"original_link":["https:\/\/de.rt.com\/inland\/237574-mehr-druck-auf-usa-baerbock\/"],"_thumbnail_id":["79023"],"jnews_social_counter_last_update":["1777179197"],"_wptgpro_p2tg_sent2tg":["a:1:{i:23737;s:19:\"2025-02-22 14:46:10\";}"]},"categories":[19,23],"tags":[133,587,45,1610,275,355,33859,19616,23410,50438],"yoast_head":"<!-- This site is optimized with the Yoast SEO Premium plugin v22.7 (Yoast SEO v22.7) - https:\/\/yoast.com\/wordpress\/plugins\/seo\/ -->\n<title>&quot;Mehr Druck auf die USA&quot; \u2013 Baerbock fordert eine &quot;zweite Zeitenwende&quot; - just-now.NEWS Deutschland<\/title>\n<meta name=\"robots\" content=\"index, follow, max-snippet:-1, max-image-preview:large, max-video-preview:-1\" \/>\n<link rel=\"canonical\" href=\"https:\/\/now-news.de\/de\/deutschland\/mehr-druck-auf-die-usa-baerbock-fordert-eine-zweite-zeitenwende\/\" \/>\n<meta property=\"og:locale\" content=\"de_DE\" \/>\n<meta property=\"og:type\" content=\"article\" \/>\n<meta property=\"og:title\" content=\"&quot;Mehr Druck auf die USA&quot; \u2013 Baerbock fordert eine &quot;zweite Zeitenwende&quot;\" \/>\n<meta property=\"og:description\" content=\"Der Ton gegen\u00fcber den USA wird in Deutschland und Europa rauer. Bei einem Wahlkampfauftritt in Potsdam forderte die gr\u00fcne Au\u00dfenministerin Annalena Baerbock nun gar &#8220;Druck auf die USA&#8221; und eine &#8220;zweite Zeitenwende&#8221;. Bei einer Wahlkampfveranstaltung in Potsdam hat die gr\u00fcne Au\u00dfenministerin Annalena Baerbock sich emp\u00f6rt \u00fcber Donald Trump und seine neue Ukraine-Politik ge\u00e4u\u00dfert. Als Reaktion [&hellip;]\" \/>\n<meta property=\"og:url\" content=\"https:\/\/now-news.de\/de\/deutschland\/mehr-druck-auf-die-usa-baerbock-fordert-eine-zweite-zeitenwende\/\" \/>\n<meta property=\"og:site_name\" content=\"just-now.NEWS Deutschland\" \/>\n<meta property=\"article:publisher\" content=\"https:\/\/www.facebook.com\/wirmachenauf\" \/>\n<meta property=\"article:published_time\" content=\"2025-02-22T12:34:34+00:00\" \/>\n<meta property=\"og:image\" content=\"https:\/\/now-news.de\/de\/wp-content\/uploads\/sites\/3\/2025\/02\/67b9c10248fbef3ad5349156.jpg\" \/>\n<meta name=\"author\" content=\"rtnews\" \/>\n<meta name=\"twitter:card\" content=\"summary_large_image\" \/>\n<meta name=\"twitter:creator\" content=\"@WirMachenAuf_de\" \/>\n<meta name=\"twitter:site\" content=\"@WirMachenAuf_de\" \/>\n<meta name=\"twitter:label1\" content=\"Verfasst von\" \/>\n\t<meta name=\"twitter:data1\" content=\"rtnews\" \/>\n\t<meta name=\"twitter:label2\" content=\"Gesch\u00e4tzte Lesezeit\" \/>\n\t<meta name=\"twitter:data2\" content=\"1\u00a0Minute\" \/>\n<script type=\"application\/ld+json\" class=\"yoast-schema-graph\">{\"@context\":\"https:\/\/schema.org\",\"@graph\":[{\"@type\":\"Article\",\"@id\":\"https:\/\/now-news.de\/de\/deutschland\/mehr-druck-auf-die-usa-baerbock-fordert-eine-zweite-zeitenwende\/#article\",\"isPartOf\":{\"@id\":\"https:\/\/now-news.de\/de\/deutschland\/mehr-druck-auf-die-usa-baerbock-fordert-eine-zweite-zeitenwende\/\"},\"author\":{\"name\":\"rtnews\",\"@id\":\"https:\/\/now-news.de\/de\/#\/schema\/person\/fb534a4e865501d8b3285208df34a9b5\"},\"headline\":\"&quot;Mehr Druck auf die USA&quot; \u2013 Baerbock fordert eine &quot;zweite Zeitenwende&quot;\",\"datePublished\":\"2025-02-22T12:34:34+00:00\",\"dateModified\":\"2025-02-22T12:34:34+00:00\",\"mainEntityOfPage\":{\"@id\":\"https:\/\/now-news.de\/de\/deutschland\/mehr-druck-auf-die-usa-baerbock-fordert-eine-zweite-zeitenwende\/\"},\"wordCount\":192,\"commentCount\":0,\"publisher\":{\"@id\":\"https:\/\/now-news.de\/de\/#organization\"},\"image\":{\"@id\":\"https:\/\/now-news.de\/de\/deutschland\/mehr-druck-auf-die-usa-baerbock-fordert-eine-zweite-zeitenwende\/#primaryimage\"},\"thumbnailUrl\":\"https:\/\/now-news.de\/de\/wp-content\/uploads\/sites\/3\/2025\/02\/quotMehr-Druck-auf-die-USAquot-\u2013-Baerbock-fordert-eine-quotzweite.jpg\",\"keywords\":[\"AUF\",\"Baerbock\",\"die\",\"Druck\",\"eine\",\"fordert\",\"quotMehr\",\"quotzweite\",\"USAquot\",\"Zeitenwendequot\"],\"articleSection\":[\"Deutschland\",\"Russland\"],\"inLanguage\":\"de\",\"potentialAction\":[{\"@type\":\"CommentAction\",\"name\":\"Comment\",\"target\":[\"https:\/\/now-news.de\/de\/deutschland\/mehr-druck-auf-die-usa-baerbock-fordert-eine-zweite-zeitenwende\/#respond\"]}]},{\"@type\":\"WebPage\",\"@id\":\"https:\/\/now-news.de\/de\/deutschland\/mehr-druck-auf-die-usa-baerbock-fordert-eine-zweite-zeitenwende\/\",\"url\":\"https:\/\/now-news.de\/de\/deutschland\/mehr-druck-auf-die-usa-baerbock-fordert-eine-zweite-zeitenwende\/\",\"name\":\"&quot;Mehr Druck auf die USA&quot; \u2013 Baerbock fordert eine &quot;zweite Zeitenwende&quot; - just-now.NEWS Deutschland\",\"isPartOf\":{\"@id\":\"https:\/\/now-news.de\/de\/#website\"},\"primaryImageOfPage\":{\"@id\":\"https:\/\/now-news.de\/de\/deutschland\/mehr-druck-auf-die-usa-baerbock-fordert-eine-zweite-zeitenwende\/#primaryimage\"},\"image\":{\"@id\":\"https:\/\/now-news.de\/de\/deutschland\/mehr-druck-auf-die-usa-baerbock-fordert-eine-zweite-zeitenwende\/#primaryimage\"},\"thumbnailUrl\":\"https:\/\/now-news.de\/de\/wp-content\/uploads\/sites\/3\/2025\/02\/quotMehr-Druck-auf-die-USAquot-\u2013-Baerbock-fordert-eine-quotzweite.jpg\",\"datePublished\":\"2025-02-22T12:34:34+00:00\",\"dateModified\":\"2025-02-22T12:34:34+00:00\",\"breadcrumb\":{\"@id\":\"https:\/\/now-news.de\/de\/deutschland\/mehr-druck-auf-die-usa-baerbock-fordert-eine-zweite-zeitenwende\/#breadcrumb\"},\"inLanguage\":\"de\",\"potentialAction\":[{\"@type\":\"ReadAction\",\"target\":[\"https:\/\/now-news.de\/de\/deutschland\/mehr-druck-auf-die-usa-baerbock-fordert-eine-zweite-zeitenwende\/\"]}]},{\"@type\":\"ImageObject\",\"inLanguage\":\"de\",\"@id\":\"https:\/\/now-news.de\/de\/deutschland\/mehr-druck-auf-die-usa-baerbock-fordert-eine-zweite-zeitenwende\/#primaryimage\",\"url\":\"https:\/\/now-news.de\/de\/wp-content\/uploads\/sites\/3\/2025\/02\/quotMehr-Druck-auf-die-USAquot-\u2013-Baerbock-fordert-eine-quotzweite.jpg\",\"contentUrl\":\"https:\/\/now-news.de\/de\/wp-content\/uploads\/sites\/3\/2025\/02\/quotMehr-Druck-auf-die-USAquot-\u2013-Baerbock-fordert-eine-quotzweite.jpg\",\"width\":460,\"height\":259,\"caption\":\"&quot;Mehr Druck auf die USA&quot; \u2013 Baerbock fordert eine &quot;zweite Zeitenwende&quot;\"},{\"@type\":\"BreadcrumbList\",\"@id\":\"https:\/\/now-news.de\/de\/deutschland\/mehr-druck-auf-die-usa-baerbock-fordert-eine-zweite-zeitenwende\/#breadcrumb\",\"itemListElement\":[{\"@type\":\"ListItem\",\"position\":1,\"name\":\"Home\",\"item\":\"https:\/\/now-news.de\/de\/\"},{\"@type\":\"ListItem\",\"position\":2,\"name\":\"&quot;Mehr Druck auf die USA&quot; \u2013 Baerbock fordert eine &quot;zweite Zeitenwende&quot;\"}]},{\"@type\":\"WebSite\",\"@id\":\"https:\/\/now-news.de\/de\/#website\",\"url\":\"https:\/\/now-news.de\/de\/\",\"name\":\"just-now.NEWS Deutschland\",\"description\":\"Das Portal f\u00fcr unzensierte Nachrichten aus der Welt\",\"publisher\":{\"@id\":\"https:\/\/now-news.de\/de\/#organization\"},\"potentialAction\":[{\"@type\":\"SearchAction\",\"target\":{\"@type\":\"EntryPoint\",\"urlTemplate\":\"https:\/\/now-news.de\/de\/?s={search_term_string}\"},\"query-input\":\"required name=search_term_string\"}],\"inLanguage\":\"de\"},{\"@type\":\"Organization\",\"@id\":\"https:\/\/now-news.de\/de\/#organization\",\"name\":\"Just Now News\",\"url\":\"https:\/\/now-news.de\/de\/\",\"logo\":{\"@type\":\"ImageObject\",\"inLanguage\":\"de\",\"@id\":\"https:\/\/now-news.de\/de\/#\/schema\/logo\/image\/\",\"url\":\"http:\/\/just-now.news\/de\/wp-content\/uploads\/sites\/3\/2022\/04\/logo500x500.jpg\",\"contentUrl\":\"http:\/\/just-now.news\/de\/wp-content\/uploads\/sites\/3\/2022\/04\/logo500x500.jpg\",\"width\":500,\"height\":500,\"caption\":\"Just Now News\"},\"image\":{\"@id\":\"https:\/\/now-news.de\/de\/#\/schema\/logo\/image\/\"},\"sameAs\":[\"https:\/\/www.facebook.com\/wirmachenauf\",\"https:\/\/x.com\/WirMachenAuf_de\"]},{\"@type\":\"Person\",\"@id\":\"https:\/\/now-news.de\/de\/#\/schema\/person\/fb534a4e865501d8b3285208df34a9b5\",\"name\":\"rtnews\",\"image\":{\"@type\":\"ImageObject\",\"inLanguage\":\"de\",\"@id\":\"https:\/\/now-news.de\/de\/#\/schema\/person\/image\/\",\"url\":\"https:\/\/secure.gravatar.com\/avatar\/82aafea7d8127119dd649515f56e2117?s=96&d=mm&r=g\",\"contentUrl\":\"https:\/\/secure.gravatar.com\/avatar\/82aafea7d8127119dd649515f56e2117?s=96&d=mm&r=g\",\"caption\":\"rtnews\"},\"url\":\"https:\/\/now-news.de\/de\/author\/rnews\/\"}]}<\/script>\n<!-- \/ Yoast SEO Premium plugin. -->","yoast_head_json":{"title":"&quot;Mehr Druck auf die USA&quot; \u2013 Baerbock fordert eine &quot;zweite Zeitenwende&quot; - just-now.NEWS Deutschland","robots":{"index":"index","follow":"follow","max-snippet":"max-snippet:-1","max-image-preview":"max-image-preview:large","max-video-preview":"max-video-preview:-1"},"canonical":"https:\/\/now-news.de\/de\/deutschland\/mehr-druck-auf-die-usa-baerbock-fordert-eine-zweite-zeitenwende\/","og_locale":"de_DE","og_type":"article","og_title":"&quot;Mehr Druck auf die USA&quot; \u2013 Baerbock fordert eine &quot;zweite Zeitenwende&quot;","og_description":"Der Ton gegen\u00fcber den USA wird in Deutschland und Europa rauer. Bei einem Wahlkampfauftritt in Potsdam forderte die gr\u00fcne Au\u00dfenministerin Annalena Baerbock nun gar &#8220;Druck auf die USA&#8221; und eine &#8220;zweite Zeitenwende&#8221;. Bei einer Wahlkampfveranstaltung in Potsdam hat die gr\u00fcne Au\u00dfenministerin Annalena Baerbock sich emp\u00f6rt \u00fcber Donald Trump und seine neue Ukraine-Politik ge\u00e4u\u00dfert. Als Reaktion [&hellip;]","og_url":"https:\/\/now-news.de\/de\/deutschland\/mehr-druck-auf-die-usa-baerbock-fordert-eine-zweite-zeitenwende\/","og_site_name":"just-now.NEWS Deutschland","article_publisher":"https:\/\/www.facebook.com\/wirmachenauf","article_published_time":"2025-02-22T12:34:34+00:00","og_image":[{"url":"https:\/\/now-news.de\/de\/wp-content\/uploads\/sites\/3\/2025\/02\/67b9c10248fbef3ad5349156.jpg"}],"author":"rtnews","twitter_card":"summary_large_image","twitter_creator":"@WirMachenAuf_de","twitter_site":"@WirMachenAuf_de","twitter_misc":{"Verfasst von":"rtnews","Gesch\u00e4tzte Lesezeit":"1\u00a0Minute"},"schema":{"@context":"https:\/\/schema.org","@graph":[{"@type":"Article","@id":"https:\/\/now-news.de\/de\/deutschland\/mehr-druck-auf-die-usa-baerbock-fordert-eine-zweite-zeitenwende\/#article","isPartOf":{"@id":"https:\/\/now-news.de\/de\/deutschland\/mehr-druck-auf-die-usa-baerbock-fordert-eine-zweite-zeitenwende\/"},"author":{"name":"rtnews","@id":"https:\/\/now-news.de\/de\/#\/schema\/person\/fb534a4e865501d8b3285208df34a9b5"},"headline":"&quot;Mehr Druck auf die USA&quot; \u2013 Baerbock fordert eine &quot;zweite Zeitenwende&quot;","datePublished":"2025-02-22T12:34:34+00:00","dateModified":"2025-02-22T12:34:34+00:00","mainEntityOfPage":{"@id":"https:\/\/now-news.de\/de\/deutschland\/mehr-druck-auf-die-usa-baerbock-fordert-eine-zweite-zeitenwende\/"},"wordCount":192,"commentCount":0,"publisher":{"@id":"https:\/\/now-news.de\/de\/#organization"},"image":{"@id":"https:\/\/now-news.de\/de\/deutschland\/mehr-druck-auf-die-usa-baerbock-fordert-eine-zweite-zeitenwende\/#primaryimage"},"thumbnailUrl":"https:\/\/now-news.de\/de\/wp-content\/uploads\/sites\/3\/2025\/02\/quotMehr-Druck-auf-die-USAquot-\u2013-Baerbock-fordert-eine-quotzweite.jpg","keywords":["AUF","Baerbock","die","Druck","eine","fordert","quotMehr","quotzweite","USAquot","Zeitenwendequot"],"articleSection":["Deutschland","Russland"],"inLanguage":"de","potentialAction":[{"@type":"CommentAction","name":"Comment","target":["https:\/\/now-news.de\/de\/deutschland\/mehr-druck-auf-die-usa-baerbock-fordert-eine-zweite-zeitenwende\/#respond"]}]},{"@type":"WebPage","@id":"https:\/\/now-news.de\/de\/deutschland\/mehr-druck-auf-die-usa-baerbock-fordert-eine-zweite-zeitenwende\/","url":"https:\/\/now-news.de\/de\/deutschland\/mehr-druck-auf-die-usa-baerbock-fordert-eine-zweite-zeitenwende\/","name":"&quot;Mehr Druck auf die USA&quot; \u2013 Baerbock fordert eine &quot;zweite Zeitenwende&quot; - just-now.NEWS Deutschland","isPartOf":{"@id":"https:\/\/now-news.de\/de\/#website"},"primaryImageOfPage":{"@id":"https:\/\/now-news.de\/de\/deutschland\/mehr-druck-auf-die-usa-baerbock-fordert-eine-zweite-zeitenwende\/#primaryimage"},"image":{"@id":"https:\/\/now-news.de\/de\/deutschland\/mehr-druck-auf-die-usa-baerbock-fordert-eine-zweite-zeitenwende\/#primaryimage"},"thumbnailUrl":"https:\/\/now-news.de\/de\/wp-content\/uploads\/sites\/3\/2025\/02\/quotMehr-Druck-auf-die-USAquot-\u2013-Baerbock-fordert-eine-quotzweite.jpg","datePublished":"2025-02-22T12:34:34+00:00","dateModified":"2025-02-22T12:34:34+00:00","breadcrumb":{"@id":"https:\/\/now-news.de\/de\/deutschland\/mehr-druck-auf-die-usa-baerbock-fordert-eine-zweite-zeitenwende\/#breadcrumb"},"inLanguage":"de","potentialAction":[{"@type":"ReadAction","target":["https:\/\/now-news.de\/de\/deutschland\/mehr-druck-auf-die-usa-baerbock-fordert-eine-zweite-zeitenwende\/"]}]},{"@type":"ImageObject","inLanguage":"de","@id":"https:\/\/now-news.de\/de\/deutschland\/mehr-druck-auf-die-usa-baerbock-fordert-eine-zweite-zeitenwende\/#primaryimage","url":"https:\/\/now-news.de\/de\/wp-content\/uploads\/sites\/3\/2025\/02\/quotMehr-Druck-auf-die-USAquot-\u2013-Baerbock-fordert-eine-quotzweite.jpg","contentUrl":"https:\/\/now-news.de\/de\/wp-content\/uploads\/sites\/3\/2025\/02\/quotMehr-Druck-auf-die-USAquot-\u2013-Baerbock-fordert-eine-quotzweite.jpg","width":460,"height":259,"caption":"&quot;Mehr Druck auf die USA&quot; \u2013 Baerbock fordert eine &quot;zweite Zeitenwende&quot;"},{"@type":"BreadcrumbList","@id":"https:\/\/now-news.de\/de\/deutschland\/mehr-druck-auf-die-usa-baerbock-fordert-eine-zweite-zeitenwende\/#breadcrumb","itemListElement":[{"@type":"ListItem","position":1,"name":"Home","item":"https:\/\/now-news.de\/de\/"},{"@type":"ListItem","position":2,"name":"&quot;Mehr Druck auf die USA&quot; \u2013 Baerbock fordert eine &quot;zweite Zeitenwende&quot;"}]},{"@type":"WebSite","@id":"https:\/\/now-news.de\/de\/#website","url":"https:\/\/now-news.de\/de\/","name":"just-now.NEWS Deutschland","description":"Das Portal f\u00fcr unzensierte Nachrichten aus der Welt","publisher":{"@id":"https:\/\/now-news.de\/de\/#organization"},"potentialAction":[{"@type":"SearchAction","target":{"@type":"EntryPoint","urlTemplate":"https:\/\/now-news.de\/de\/?s={search_term_string}"},"query-input":"required name=search_term_string"}],"inLanguage":"de"},{"@type":"Organization","@id":"https:\/\/now-news.de\/de\/#organization","name":"Just Now News","url":"https:\/\/now-news.de\/de\/","logo":{"@type":"ImageObject","inLanguage":"de","@id":"https:\/\/now-news.de\/de\/#\/schema\/logo\/image\/","url":"http:\/\/just-now.news\/de\/wp-content\/uploads\/sites\/3\/2022\/04\/logo500x500.jpg","contentUrl":"http:\/\/just-now.news\/de\/wp-content\/uploads\/sites\/3\/2022\/04\/logo500x500.jpg","width":500,"height":500,"caption":"Just Now News"},"image":{"@id":"https:\/\/now-news.de\/de\/#\/schema\/logo\/image\/"},"sameAs":["https:\/\/www.facebook.com\/wirmachenauf","https:\/\/x.com\/WirMachenAuf_de"]},{"@type":"Person","@id":"https:\/\/now-news.de\/de\/#\/schema\/person\/fb534a4e865501d8b3285208df34a9b5","name":"rtnews","image":{"@type":"ImageObject","inLanguage":"de","@id":"https:\/\/now-news.de\/de\/#\/schema\/person\/image\/","url":"https:\/\/secure.gravatar.com\/avatar\/82aafea7d8127119dd649515f56e2117?s=96&d=mm&r=g","contentUrl":"https:\/\/secure.gravatar.com\/avatar\/82aafea7d8127119dd649515f56e2117?s=96&d=mm&r=g","caption":"rtnews"},"url":"https:\/\/now-news.de\/de\/author\/rnews\/"}]}},"_links":{"self":[{"href":"https:\/\/now-news.de\/de\/wp-json\/wp\/v2\/posts\/79022"}],"collection":[{"href":"https:\/\/now-news.de\/de\/wp-json\/wp\/v2\/posts"}],"about":[{"href":"https:\/\/now-news.de\/de\/wp-json\/wp\/v2\/types\/post"}],"author":[{"embeddable":true,"href":"https:\/\/now-news.de\/de\/wp-json\/wp\/v2\/users\/3"}],"replies":[{"embeddable":true,"href":"https:\/\/now-news.de\/de\/wp-json\/wp\/v2\/comments?post=79022"}],"version-history":[{"count":0,"href":"https:\/\/now-news.de\/de\/wp-json\/wp\/v2\/posts\/79022\/revisions"}],"wp:featuredmedia":[{"embeddable":true,"href":"https:\/\/now-news.de\/de\/wp-json\/wp\/v2\/media\/79023"}],"wp:attachment":[{"href":"https:\/\/now-news.de\/de\/wp-json\/wp\/v2\/media?parent=79022"}],"wp:term":[{"taxonomy":"category","embeddable":true,"href":"https:\/\/now-news.de\/de\/wp-json\/wp\/v2\/categories?post=79022"},{"taxonomy":"post_tag","embeddable":true,"href":"https:\/\/now-news.de\/de\/wp-json\/wp\/v2\/tags?post=79022"}],"curies":[{"name":"wp","href":"https:\/\/api.w.org\/{rel}","templated":true}]}}