{"id":79012,"date":"2025-02-22T12:21:56","date_gmt":"2025-02-22T10:21:56","guid":{"rendered":"https:\/\/now-news.de\/de\/deutschland\/kampf-gegen-energiekrise-auf-kuba-erster-solarpark-geht-in-betrieb\/"},"modified":"2025-02-22T12:21:56","modified_gmt":"2025-02-22T10:21:56","slug":"kampf-gegen-energiekrise-auf-kuba-erster-solarpark-geht-in-betrieb","status":"publish","type":"post","link":"https:\/\/now-news.de\/de\/deutschland\/kampf-gegen-energiekrise-auf-kuba-erster-solarpark-geht-in-betrieb\/","title":{"rendered":"Kampf gegen Energiekrise auf Kuba: Erster Solarpark geht in Betrieb"},"content":{"rendered":"<p><img decoding=\"async\" src=\"https:\/\/now-news.de\/de\/wp-content\/uploads\/sites\/3\/2025\/02\/67b9942048fbef3c54091293.jpg\" \/><\/p>\n<div class=\"Text-root Text-type_1 \">\n                Infolge der jahrzehntelangen US-Blockade ist die kubanische Energiewirtschaft nach und nach heruntergekommen. Ein mehrt\u00e4giger Stromausfall im vorigen Jahr alarmierte die F\u00fchrung in Havanna. In dieser Woche wurde der erste Solarpark auf der Karibikinsel eingeweiht.\n            <\/div>\n<p><\/p>\n<div class=\"Text-root Text-type_5 ArticleView-text ViewText-root \">\n<p>Kuba verf\u00fcgt nun \u00fcber einen gro\u00dfen Solarpark. Die Anlage ist am Freitag in der Hauptstadt Havanna in Betrieb gegangen. Bei der Einweihung im Bezirk Cotorro, der Pr\u00e4sident Miguel D\u00edaz-Canel beiwohnte, wurde der Solarpark als Fortschritt bei den Bem\u00fchungen bezeichnet, die Energiewirtschaft der Karibikinsel wiederzubeleben. Das Pr\u00e4sidentenb\u00fcro ver\u00f6ffentlichte auf der Plattform X Fotos von der Veranstaltung.<\/p>\n<div class=\"EmbedBlock-root EmbedBlock-twitter\">\n<div class=\"TwitterEmbed\">\n<blockquote class=\"twitter-tweet lazyload\" data-twitter=\"twitter-tweet\">\n<p lang=\"es\" dir=\"ltr\">\ud83c\udde8\ud83c\uddfa| Es una belleza. Ninguna otra palabra sirve para calificar el parque solar fotovoltaico \u201cEscuela de Enfermer\u00eda\u201d, en el municipio capitalino de Cotorro, que inauguraron en la ma\u00f1ana de este viernes el presidente <a rel=\"nofollow noopener\" target=\"_blank\" href=\"https:\/\/twitter.com\/DiazCanelB?ref_src=twsrc%5Etfw\">@DiazCanelB<\/a> y el Comandante de la Revoluci\u00f3n, <a rel=\"nofollow noopener\" target=\"_blank\" href=\"https:\/\/twitter.com\/ValdesMenendez?ref_src=twsrc%5Etfw\">@ValdesMenendez<\/a>. <a rel=\"nofollow noopener\" target=\"_blank\" href=\"https:\/\/t.co\/wEX3BJgyG0\">pic.twitter.com\/wEX3BJgyG0<\/a><\/p>\n<p>\u2014 Presidencia Cuba \ud83c\udde8\ud83c\uddfa (@PresidenciaCuba) <a rel=\"nofollow noopener\" target=\"_blank\" href=\"https:\/\/twitter.com\/PresidenciaCuba\/status\/1892936958826954935?ref_src=twsrc%5Etfw\">February 21, 2025<\/a><\/p><\/blockquote>\n<\/div>\n<\/div>\n<p>Ricardo Mangana P\u00e9rez, Direktor des Unternehmens &#8220;Fuentes Renovables de Energ\u00eda&#8221; (auf Deutsch &#8220;Erneuerbare Energiequellen&#8221;), <a rel=\"nofollow noopener\" target=\"_blank\" href=\"https:\/\/www.granma.cu\/cuba\/2025-02-21\/inaugura-el-presidente-cubano-primer-parque-solar-fotovoltaico-de-21-8-megawatts\">gab<\/a> gegen\u00fcber der Zeitung <em>Granma<\/em> einige Einzelheiten des eingeweihten Solarparks bekannt. Demnach bestehe die Anlage aus 42.588 Solarmodulen mit einer Kapazit\u00e4t von jeweils 550 Watt. Bei einem Testlauf habe die Gesamtkapazit\u00e4t 21,7 Megawatt erreicht. Dank dieser Leistung werde Kuba ungef\u00e4hr 8.700 Tonnen Dieselkraftstoff pro Jahr sparen. Energie- und Bergbauminister Vicente de la O Levy teilte bei der Inbetriebnahme des ersten kubanischen Solarparks mit, dass man in der n\u00e4chsten Woche eine \u00e4hnliche Anlage einweihen werde.<\/p>\n<div class=\"EmbedBlock-root EmbedBlock-twitter\">\n<div class=\"TwitterEmbed\">\n<blockquote class=\"twitter-tweet lazyload\" data-twitter=\"twitter-tweet\">\n<p lang=\"es\" dir=\"ltr\">Se inaugur\u00f3, hoy, el primer Parque Solar Fotovoltaico como parte del programa inversionista para la <a rel=\"nofollow noopener\" target=\"_blank\" href=\"https:\/\/twitter.com\/hashtag\/transici%C3%B3nenerg%C3%A9tica?src=hash&amp;ref_src=twsrc%5Etfw\">#transici\u00f3nenerg\u00e9tica<\/a> del pa\u00eds, y se reconoci\u00f3 a los trabajadores y colectivos que participaron de manera destacada en esta obra.<a rel=\"nofollow noopener\" target=\"_blank\" href=\"https:\/\/twitter.com\/hashtag\/UNE?src=hash&amp;ref_src=twsrc%5Etfw\">#UNE<\/a><a rel=\"nofollow noopener\" target=\"_blank\" href=\"https:\/\/twitter.com\/hashtag\/ParqueSolarFotovoltaico?src=hash&amp;ref_src=twsrc%5Etfw\">#ParqueSolarFotovoltaico<\/a><a rel=\"nofollow noopener\" target=\"_blank\" href=\"https:\/\/twitter.com\/hashtag\/Uni%C3%B3nEl%C3%A9ctrica?src=hash&amp;ref_src=twsrc%5Etfw\">#Uni\u00f3nEl\u00e9ctrica<\/a><a rel=\"nofollow noopener\" target=\"_blank\" href=\"https:\/\/t.co\/ngBHhb2zPy\">pic.twitter.com\/ngBHhb2zPy<\/a><\/p>\n<p>\u2014 Uni\u00f3n El\u00e9ctrica de Cuba (@OSDE_UNE) <a rel=\"nofollow noopener\" target=\"_blank\" href=\"https:\/\/twitter.com\/OSDE_UNE\/status\/1892963088426557664?ref_src=twsrc%5Etfw\">February 21, 2025<\/a><\/p><\/blockquote>\n<\/div>\n<\/div>\n<p>Zuvor hatte die Regierung des von den USA sanktionierten Staates angek\u00fcndigt, dass allein in diesem Jahr landesweit 55 solche Anlagen errichtet werden sollten. Kuba m\u00f6chte insgesamt mehr als 90 Solarparks dieser Bauart errichten, um in den kommenden Jahren etwa ein Drittel der Stromerzeugung mit erneuerbaren Energiequellen zu gew\u00e4hrleisten.<\/p>\n<p>Der Bau von Solaranlagen ist momentan eines der wichtigsten Projekte in Kuba. Das Motto der Kampagne lautet &#8220;Die Sonne kann nicht blockiert werden&#8221;. Experten zufolge verf\u00fcgt das Land dank seiner geografischen Lage \u00fcber ausgezeichnete Bedingungen f\u00fcr die Gewinnung von Sonnenenergie. Da die Sonneneinstrahlung in Kuba das ganze Jahr \u00fcber ziemlich stark ist, kann Strom auch bei tr\u00fcbem Himmel und an Regentagen erzeugt werden. Damit die Pl\u00e4ne der kubanischen Regierung in vollem Umfang umgesetzt werden k\u00f6nnen, sind allerdings enorme Investitionen erforderlich.<\/p>\n<p><strong>Mehr zum Thema<\/strong> &#8211; <a rel=\"nofollow noopener\" target=\"_blank\" href=\"https:\/\/freedert.online\/international\/225348-russland-laesst-kuba-nicht-im-stich\/\">Russland l\u00e4sst Kuba nicht im Stich: Millionenhilfe nach Hurrikanen und Investitionen in Tourismus<\/a><\/p>\n<\/div>\n<p><script async src=\"https:\/\/platform.twitter.com\/widgets.js\" charset=\"utf-8\"><\/script><br \/>\n<br \/><br \/>\n<br \/><a href=\"https:\/\/de.rt.com\/amerika\/237595-kampf-gegen-energiekrise-auf-kuba\/\">Source link <\/a><\/p>\n","protected":false},"excerpt":{"rendered":"<p>Infolge der jahrzehntelangen US-Blockade ist die kubanische Energiewirtschaft nach und nach heruntergekommen. Ein mehrt\u00e4giger Stromausfall im vorigen Jahr alarmierte die F\u00fchrung in Havanna. In dieser Woche wurde der erste Solarpark auf der Karibikinsel eingeweiht. Kuba verf\u00fcgt nun \u00fcber einen gro\u00dfen Solarpark. Die Anlage ist am Freitag in der Hauptstadt Havanna in Betrieb gegangen. Bei der [&hellip;]<\/p>\n","protected":false},"author":3,"featured_media":79013,"comment_status":"open","ping_status":"open","sticky":false,"template":"","format":"standard","meta":{"_yoast_indexnow_last_ping":["1740221568"],"wp_automatic_camp":["217"],"cb89137fe838d4fd343df2f7a8a55944":["Kampf gegen Energiekrise auf Kuba: Erster Solarpark geht in Betrieb"],"original_link":["https:\/\/de.rt.com\/amerika\/237595-kampf-gegen-energiekrise-auf-kuba\/"],"_thumbnail_id":["79013"],"jnews_social_counter_last_update":["1777186209"],"_wptgpro_p2tg_sent2tg":["a:1:{i:23737;s:19:\"2025-02-22 12:54:12\";}"]},"categories":[19,23],"tags":[133,25348,3788,11409,278,1673,5522,6958,62953],"yoast_head":"<!-- This site is optimized with the Yoast SEO Premium plugin v22.7 (Yoast SEO v22.7) - https:\/\/yoast.com\/wordpress\/plugins\/seo\/ -->\n<title>Kampf gegen Energiekrise auf Kuba: Erster Solarpark geht in Betrieb - just-now.NEWS Deutschland<\/title>\n<meta name=\"robots\" content=\"index, follow, max-snippet:-1, max-image-preview:large, max-video-preview:-1\" \/>\n<link rel=\"canonical\" href=\"https:\/\/now-news.de\/de\/deutschland\/kampf-gegen-energiekrise-auf-kuba-erster-solarpark-geht-in-betrieb\/\" \/>\n<meta property=\"og:locale\" content=\"de_DE\" \/>\n<meta property=\"og:type\" content=\"article\" \/>\n<meta property=\"og:title\" content=\"Kampf gegen Energiekrise auf Kuba: Erster Solarpark geht in Betrieb\" \/>\n<meta property=\"og:description\" content=\"Infolge der jahrzehntelangen US-Blockade ist die kubanische Energiewirtschaft nach und nach heruntergekommen. Ein mehrt\u00e4giger Stromausfall im vorigen Jahr alarmierte die F\u00fchrung in Havanna. In dieser Woche wurde der erste Solarpark auf der Karibikinsel eingeweiht. Kuba verf\u00fcgt nun \u00fcber einen gro\u00dfen Solarpark. Die Anlage ist am Freitag in der Hauptstadt Havanna in Betrieb gegangen. Bei der [&hellip;]\" \/>\n<meta property=\"og:url\" content=\"https:\/\/now-news.de\/de\/deutschland\/kampf-gegen-energiekrise-auf-kuba-erster-solarpark-geht-in-betrieb\/\" \/>\n<meta property=\"og:site_name\" content=\"just-now.NEWS Deutschland\" \/>\n<meta property=\"article:publisher\" content=\"https:\/\/www.facebook.com\/wirmachenauf\" \/>\n<meta property=\"article:published_time\" content=\"2025-02-22T10:21:56+00:00\" \/>\n<meta property=\"og:image\" content=\"https:\/\/now-news.de\/de\/wp-content\/uploads\/sites\/3\/2025\/02\/67b9942048fbef3c54091293.jpg\" \/>\n<meta name=\"author\" content=\"rtnews\" \/>\n<meta name=\"twitter:card\" content=\"summary_large_image\" \/>\n<meta name=\"twitter:creator\" content=\"@WirMachenAuf_de\" \/>\n<meta name=\"twitter:site\" content=\"@WirMachenAuf_de\" \/>\n<meta name=\"twitter:label1\" content=\"Verfasst von\" \/>\n\t<meta name=\"twitter:data1\" content=\"rtnews\" \/>\n\t<meta name=\"twitter:label2\" content=\"Gesch\u00e4tzte Lesezeit\" \/>\n\t<meta name=\"twitter:data2\" content=\"2\u00a0Minuten\" \/>\n<script type=\"application\/ld+json\" class=\"yoast-schema-graph\">{\"@context\":\"https:\/\/schema.org\",\"@graph\":[{\"@type\":\"Article\",\"@id\":\"https:\/\/now-news.de\/de\/deutschland\/kampf-gegen-energiekrise-auf-kuba-erster-solarpark-geht-in-betrieb\/#article\",\"isPartOf\":{\"@id\":\"https:\/\/now-news.de\/de\/deutschland\/kampf-gegen-energiekrise-auf-kuba-erster-solarpark-geht-in-betrieb\/\"},\"author\":{\"name\":\"rtnews\",\"@id\":\"https:\/\/now-news.de\/de\/#\/schema\/person\/fb534a4e865501d8b3285208df34a9b5\"},\"headline\":\"Kampf gegen Energiekrise auf Kuba: Erster Solarpark geht in Betrieb\",\"datePublished\":\"2025-02-22T10:21:56+00:00\",\"dateModified\":\"2025-02-22T10:21:56+00:00\",\"mainEntityOfPage\":{\"@id\":\"https:\/\/now-news.de\/de\/deutschland\/kampf-gegen-energiekrise-auf-kuba-erster-solarpark-geht-in-betrieb\/\"},\"wordCount\":463,\"commentCount\":0,\"publisher\":{\"@id\":\"https:\/\/now-news.de\/de\/#organization\"},\"image\":{\"@id\":\"https:\/\/now-news.de\/de\/deutschland\/kampf-gegen-energiekrise-auf-kuba-erster-solarpark-geht-in-betrieb\/#primaryimage\"},\"thumbnailUrl\":\"https:\/\/now-news.de\/de\/wp-content\/uploads\/sites\/3\/2025\/02\/Kampf-gegen-Energiekrise-auf-Kuba-Erster-Solarpark-geht-in-Betrieb.jpg\",\"keywords\":[\"AUF\",\"Betrieb\",\"Energiekrise\",\"Erster\",\"gegen\",\"Geht\",\"Kampf\",\"Kuba\",\"Solarpark\"],\"articleSection\":[\"Deutschland\",\"Russland\"],\"inLanguage\":\"de\",\"potentialAction\":[{\"@type\":\"CommentAction\",\"name\":\"Comment\",\"target\":[\"https:\/\/now-news.de\/de\/deutschland\/kampf-gegen-energiekrise-auf-kuba-erster-solarpark-geht-in-betrieb\/#respond\"]}]},{\"@type\":\"WebPage\",\"@id\":\"https:\/\/now-news.de\/de\/deutschland\/kampf-gegen-energiekrise-auf-kuba-erster-solarpark-geht-in-betrieb\/\",\"url\":\"https:\/\/now-news.de\/de\/deutschland\/kampf-gegen-energiekrise-auf-kuba-erster-solarpark-geht-in-betrieb\/\",\"name\":\"Kampf gegen Energiekrise auf Kuba: Erster Solarpark geht in Betrieb - just-now.NEWS Deutschland\",\"isPartOf\":{\"@id\":\"https:\/\/now-news.de\/de\/#website\"},\"primaryImageOfPage\":{\"@id\":\"https:\/\/now-news.de\/de\/deutschland\/kampf-gegen-energiekrise-auf-kuba-erster-solarpark-geht-in-betrieb\/#primaryimage\"},\"image\":{\"@id\":\"https:\/\/now-news.de\/de\/deutschland\/kampf-gegen-energiekrise-auf-kuba-erster-solarpark-geht-in-betrieb\/#primaryimage\"},\"thumbnailUrl\":\"https:\/\/now-news.de\/de\/wp-content\/uploads\/sites\/3\/2025\/02\/Kampf-gegen-Energiekrise-auf-Kuba-Erster-Solarpark-geht-in-Betrieb.jpg\",\"datePublished\":\"2025-02-22T10:21:56+00:00\",\"dateModified\":\"2025-02-22T10:21:56+00:00\",\"breadcrumb\":{\"@id\":\"https:\/\/now-news.de\/de\/deutschland\/kampf-gegen-energiekrise-auf-kuba-erster-solarpark-geht-in-betrieb\/#breadcrumb\"},\"inLanguage\":\"de\",\"potentialAction\":[{\"@type\":\"ReadAction\",\"target\":[\"https:\/\/now-news.de\/de\/deutschland\/kampf-gegen-energiekrise-auf-kuba-erster-solarpark-geht-in-betrieb\/\"]}]},{\"@type\":\"ImageObject\",\"inLanguage\":\"de\",\"@id\":\"https:\/\/now-news.de\/de\/deutschland\/kampf-gegen-energiekrise-auf-kuba-erster-solarpark-geht-in-betrieb\/#primaryimage\",\"url\":\"https:\/\/now-news.de\/de\/wp-content\/uploads\/sites\/3\/2025\/02\/Kampf-gegen-Energiekrise-auf-Kuba-Erster-Solarpark-geht-in-Betrieb.jpg\",\"contentUrl\":\"https:\/\/now-news.de\/de\/wp-content\/uploads\/sites\/3\/2025\/02\/Kampf-gegen-Energiekrise-auf-Kuba-Erster-Solarpark-geht-in-Betrieb.jpg\",\"width\":460,\"height\":259,\"caption\":\"Kampf gegen Energiekrise auf Kuba: Erster Solarpark geht in Betrieb\"},{\"@type\":\"BreadcrumbList\",\"@id\":\"https:\/\/now-news.de\/de\/deutschland\/kampf-gegen-energiekrise-auf-kuba-erster-solarpark-geht-in-betrieb\/#breadcrumb\",\"itemListElement\":[{\"@type\":\"ListItem\",\"position\":1,\"name\":\"Home\",\"item\":\"https:\/\/now-news.de\/de\/\"},{\"@type\":\"ListItem\",\"position\":2,\"name\":\"Kampf gegen Energiekrise auf Kuba: Erster Solarpark geht in Betrieb\"}]},{\"@type\":\"WebSite\",\"@id\":\"https:\/\/now-news.de\/de\/#website\",\"url\":\"https:\/\/now-news.de\/de\/\",\"name\":\"just-now.NEWS Deutschland\",\"description\":\"Das Portal f\u00fcr unzensierte Nachrichten aus der Welt\",\"publisher\":{\"@id\":\"https:\/\/now-news.de\/de\/#organization\"},\"potentialAction\":[{\"@type\":\"SearchAction\",\"target\":{\"@type\":\"EntryPoint\",\"urlTemplate\":\"https:\/\/now-news.de\/de\/?s={search_term_string}\"},\"query-input\":\"required name=search_term_string\"}],\"inLanguage\":\"de\"},{\"@type\":\"Organization\",\"@id\":\"https:\/\/now-news.de\/de\/#organization\",\"name\":\"Just Now News\",\"url\":\"https:\/\/now-news.de\/de\/\",\"logo\":{\"@type\":\"ImageObject\",\"inLanguage\":\"de\",\"@id\":\"https:\/\/now-news.de\/de\/#\/schema\/logo\/image\/\",\"url\":\"http:\/\/just-now.news\/de\/wp-content\/uploads\/sites\/3\/2022\/04\/logo500x500.jpg\",\"contentUrl\":\"http:\/\/just-now.news\/de\/wp-content\/uploads\/sites\/3\/2022\/04\/logo500x500.jpg\",\"width\":500,\"height\":500,\"caption\":\"Just Now News\"},\"image\":{\"@id\":\"https:\/\/now-news.de\/de\/#\/schema\/logo\/image\/\"},\"sameAs\":[\"https:\/\/www.facebook.com\/wirmachenauf\",\"https:\/\/x.com\/WirMachenAuf_de\"]},{\"@type\":\"Person\",\"@id\":\"https:\/\/now-news.de\/de\/#\/schema\/person\/fb534a4e865501d8b3285208df34a9b5\",\"name\":\"rtnews\",\"image\":{\"@type\":\"ImageObject\",\"inLanguage\":\"de\",\"@id\":\"https:\/\/now-news.de\/de\/#\/schema\/person\/image\/\",\"url\":\"https:\/\/secure.gravatar.com\/avatar\/82aafea7d8127119dd649515f56e2117?s=96&d=mm&r=g\",\"contentUrl\":\"https:\/\/secure.gravatar.com\/avatar\/82aafea7d8127119dd649515f56e2117?s=96&d=mm&r=g\",\"caption\":\"rtnews\"},\"url\":\"https:\/\/now-news.de\/de\/author\/rnews\/\"}]}<\/script>\n<!-- \/ Yoast SEO Premium plugin. -->","yoast_head_json":{"title":"Kampf gegen Energiekrise auf Kuba: Erster Solarpark geht in Betrieb - just-now.NEWS Deutschland","robots":{"index":"index","follow":"follow","max-snippet":"max-snippet:-1","max-image-preview":"max-image-preview:large","max-video-preview":"max-video-preview:-1"},"canonical":"https:\/\/now-news.de\/de\/deutschland\/kampf-gegen-energiekrise-auf-kuba-erster-solarpark-geht-in-betrieb\/","og_locale":"de_DE","og_type":"article","og_title":"Kampf gegen Energiekrise auf Kuba: Erster Solarpark geht in Betrieb","og_description":"Infolge der jahrzehntelangen US-Blockade ist die kubanische Energiewirtschaft nach und nach heruntergekommen. Ein mehrt\u00e4giger Stromausfall im vorigen Jahr alarmierte die F\u00fchrung in Havanna. In dieser Woche wurde der erste Solarpark auf der Karibikinsel eingeweiht. Kuba verf\u00fcgt nun \u00fcber einen gro\u00dfen Solarpark. Die Anlage ist am Freitag in der Hauptstadt Havanna in Betrieb gegangen. Bei der [&hellip;]","og_url":"https:\/\/now-news.de\/de\/deutschland\/kampf-gegen-energiekrise-auf-kuba-erster-solarpark-geht-in-betrieb\/","og_site_name":"just-now.NEWS Deutschland","article_publisher":"https:\/\/www.facebook.com\/wirmachenauf","article_published_time":"2025-02-22T10:21:56+00:00","og_image":[{"url":"https:\/\/now-news.de\/de\/wp-content\/uploads\/sites\/3\/2025\/02\/67b9942048fbef3c54091293.jpg"}],"author":"rtnews","twitter_card":"summary_large_image","twitter_creator":"@WirMachenAuf_de","twitter_site":"@WirMachenAuf_de","twitter_misc":{"Verfasst von":"rtnews","Gesch\u00e4tzte Lesezeit":"2\u00a0Minuten"},"schema":{"@context":"https:\/\/schema.org","@graph":[{"@type":"Article","@id":"https:\/\/now-news.de\/de\/deutschland\/kampf-gegen-energiekrise-auf-kuba-erster-solarpark-geht-in-betrieb\/#article","isPartOf":{"@id":"https:\/\/now-news.de\/de\/deutschland\/kampf-gegen-energiekrise-auf-kuba-erster-solarpark-geht-in-betrieb\/"},"author":{"name":"rtnews","@id":"https:\/\/now-news.de\/de\/#\/schema\/person\/fb534a4e865501d8b3285208df34a9b5"},"headline":"Kampf gegen Energiekrise auf Kuba: Erster Solarpark geht in Betrieb","datePublished":"2025-02-22T10:21:56+00:00","dateModified":"2025-02-22T10:21:56+00:00","mainEntityOfPage":{"@id":"https:\/\/now-news.de\/de\/deutschland\/kampf-gegen-energiekrise-auf-kuba-erster-solarpark-geht-in-betrieb\/"},"wordCount":463,"commentCount":0,"publisher":{"@id":"https:\/\/now-news.de\/de\/#organization"},"image":{"@id":"https:\/\/now-news.de\/de\/deutschland\/kampf-gegen-energiekrise-auf-kuba-erster-solarpark-geht-in-betrieb\/#primaryimage"},"thumbnailUrl":"https:\/\/now-news.de\/de\/wp-content\/uploads\/sites\/3\/2025\/02\/Kampf-gegen-Energiekrise-auf-Kuba-Erster-Solarpark-geht-in-Betrieb.jpg","keywords":["AUF","Betrieb","Energiekrise","Erster","gegen","Geht","Kampf","Kuba","Solarpark"],"articleSection":["Deutschland","Russland"],"inLanguage":"de","potentialAction":[{"@type":"CommentAction","name":"Comment","target":["https:\/\/now-news.de\/de\/deutschland\/kampf-gegen-energiekrise-auf-kuba-erster-solarpark-geht-in-betrieb\/#respond"]}]},{"@type":"WebPage","@id":"https:\/\/now-news.de\/de\/deutschland\/kampf-gegen-energiekrise-auf-kuba-erster-solarpark-geht-in-betrieb\/","url":"https:\/\/now-news.de\/de\/deutschland\/kampf-gegen-energiekrise-auf-kuba-erster-solarpark-geht-in-betrieb\/","name":"Kampf gegen Energiekrise auf Kuba: Erster Solarpark geht in Betrieb - just-now.NEWS Deutschland","isPartOf":{"@id":"https:\/\/now-news.de\/de\/#website"},"primaryImageOfPage":{"@id":"https:\/\/now-news.de\/de\/deutschland\/kampf-gegen-energiekrise-auf-kuba-erster-solarpark-geht-in-betrieb\/#primaryimage"},"image":{"@id":"https:\/\/now-news.de\/de\/deutschland\/kampf-gegen-energiekrise-auf-kuba-erster-solarpark-geht-in-betrieb\/#primaryimage"},"thumbnailUrl":"https:\/\/now-news.de\/de\/wp-content\/uploads\/sites\/3\/2025\/02\/Kampf-gegen-Energiekrise-auf-Kuba-Erster-Solarpark-geht-in-Betrieb.jpg","datePublished":"2025-02-22T10:21:56+00:00","dateModified":"2025-02-22T10:21:56+00:00","breadcrumb":{"@id":"https:\/\/now-news.de\/de\/deutschland\/kampf-gegen-energiekrise-auf-kuba-erster-solarpark-geht-in-betrieb\/#breadcrumb"},"inLanguage":"de","potentialAction":[{"@type":"ReadAction","target":["https:\/\/now-news.de\/de\/deutschland\/kampf-gegen-energiekrise-auf-kuba-erster-solarpark-geht-in-betrieb\/"]}]},{"@type":"ImageObject","inLanguage":"de","@id":"https:\/\/now-news.de\/de\/deutschland\/kampf-gegen-energiekrise-auf-kuba-erster-solarpark-geht-in-betrieb\/#primaryimage","url":"https:\/\/now-news.de\/de\/wp-content\/uploads\/sites\/3\/2025\/02\/Kampf-gegen-Energiekrise-auf-Kuba-Erster-Solarpark-geht-in-Betrieb.jpg","contentUrl":"https:\/\/now-news.de\/de\/wp-content\/uploads\/sites\/3\/2025\/02\/Kampf-gegen-Energiekrise-auf-Kuba-Erster-Solarpark-geht-in-Betrieb.jpg","width":460,"height":259,"caption":"Kampf gegen Energiekrise auf Kuba: Erster Solarpark geht in Betrieb"},{"@type":"BreadcrumbList","@id":"https:\/\/now-news.de\/de\/deutschland\/kampf-gegen-energiekrise-auf-kuba-erster-solarpark-geht-in-betrieb\/#breadcrumb","itemListElement":[{"@type":"ListItem","position":1,"name":"Home","item":"https:\/\/now-news.de\/de\/"},{"@type":"ListItem","position":2,"name":"Kampf gegen Energiekrise auf Kuba: Erster Solarpark geht in Betrieb"}]},{"@type":"WebSite","@id":"https:\/\/now-news.de\/de\/#website","url":"https:\/\/now-news.de\/de\/","name":"just-now.NEWS Deutschland","description":"Das Portal f\u00fcr unzensierte Nachrichten aus der Welt","publisher":{"@id":"https:\/\/now-news.de\/de\/#organization"},"potentialAction":[{"@type":"SearchAction","target":{"@type":"EntryPoint","urlTemplate":"https:\/\/now-news.de\/de\/?s={search_term_string}"},"query-input":"required name=search_term_string"}],"inLanguage":"de"},{"@type":"Organization","@id":"https:\/\/now-news.de\/de\/#organization","name":"Just Now News","url":"https:\/\/now-news.de\/de\/","logo":{"@type":"ImageObject","inLanguage":"de","@id":"https:\/\/now-news.de\/de\/#\/schema\/logo\/image\/","url":"http:\/\/just-now.news\/de\/wp-content\/uploads\/sites\/3\/2022\/04\/logo500x500.jpg","contentUrl":"http:\/\/just-now.news\/de\/wp-content\/uploads\/sites\/3\/2022\/04\/logo500x500.jpg","width":500,"height":500,"caption":"Just Now News"},"image":{"@id":"https:\/\/now-news.de\/de\/#\/schema\/logo\/image\/"},"sameAs":["https:\/\/www.facebook.com\/wirmachenauf","https:\/\/x.com\/WirMachenAuf_de"]},{"@type":"Person","@id":"https:\/\/now-news.de\/de\/#\/schema\/person\/fb534a4e865501d8b3285208df34a9b5","name":"rtnews","image":{"@type":"ImageObject","inLanguage":"de","@id":"https:\/\/now-news.de\/de\/#\/schema\/person\/image\/","url":"https:\/\/secure.gravatar.com\/avatar\/82aafea7d8127119dd649515f56e2117?s=96&d=mm&r=g","contentUrl":"https:\/\/secure.gravatar.com\/avatar\/82aafea7d8127119dd649515f56e2117?s=96&d=mm&r=g","caption":"rtnews"},"url":"https:\/\/now-news.de\/de\/author\/rnews\/"}]}},"_links":{"self":[{"href":"https:\/\/now-news.de\/de\/wp-json\/wp\/v2\/posts\/79012"}],"collection":[{"href":"https:\/\/now-news.de\/de\/wp-json\/wp\/v2\/posts"}],"about":[{"href":"https:\/\/now-news.de\/de\/wp-json\/wp\/v2\/types\/post"}],"author":[{"embeddable":true,"href":"https:\/\/now-news.de\/de\/wp-json\/wp\/v2\/users\/3"}],"replies":[{"embeddable":true,"href":"https:\/\/now-news.de\/de\/wp-json\/wp\/v2\/comments?post=79012"}],"version-history":[{"count":0,"href":"https:\/\/now-news.de\/de\/wp-json\/wp\/v2\/posts\/79012\/revisions"}],"wp:featuredmedia":[{"embeddable":true,"href":"https:\/\/now-news.de\/de\/wp-json\/wp\/v2\/media\/79013"}],"wp:attachment":[{"href":"https:\/\/now-news.de\/de\/wp-json\/wp\/v2\/media?parent=79012"}],"wp:term":[{"taxonomy":"category","embeddable":true,"href":"https:\/\/now-news.de\/de\/wp-json\/wp\/v2\/categories?post=79012"},{"taxonomy":"post_tag","embeddable":true,"href":"https:\/\/now-news.de\/de\/wp-json\/wp\/v2\/tags?post=79012"}],"curies":[{"name":"wp","href":"https:\/\/api.w.org\/{rel}","templated":true}]}}