{"id":79000,"date":"2025-02-22T10:09:24","date_gmt":"2025-02-22T08:09:24","guid":{"rendered":"https:\/\/now-news.de\/de\/deutschland\/angst-um-die-eigene-haut-warum-selenskij-sich-gegen-trump-stellt\/"},"modified":"2025-02-22T10:09:24","modified_gmt":"2025-02-22T08:09:24","slug":"angst-um-die-eigene-haut-warum-selenskij-sich-gegen-trump-stellt","status":"publish","type":"post","link":"https:\/\/now-news.de\/de\/deutschland\/angst-um-die-eigene-haut-warum-selenskij-sich-gegen-trump-stellt\/","title":{"rendered":"Angst um die eigene Haut \u2013 Warum Selenskij sich gegen Trump stellt"},"content":{"rendered":"<p><img decoding=\"async\" src=\"https:\/\/now-news.de\/de\/wp-content\/uploads\/sites\/3\/2025\/02\/67b8b7c3b480cc2225368c20.jpg\" \/><\/p>\n<div class=\"Text-root Text-type_1 \">\n                Selenskij hat gro\u00dfe Angst, seine Macht zu verlieren. W\u00e4hrend seiner Pr\u00e4sidentschaft hat er sich viele m\u00e4chtige Feinde gemacht. Er ist sich bewusst, dass er und seine Getreuen von der US-Justiz beschuldigt werden k\u00f6nnten, westliche Hilfen veruntreut \u2013 und von den russischen Ermittlungsbeh\u00f6rden, Kriegsverbrechen begangen zu haben.\n            <\/div>\n<p><\/p>\n<div class=\"Text-root Text-type_5 ArticleView-text ViewText-root \">\n<p><em>Von Sergei Mirkin<\/em><\/p>\n<p>Noch vor Kurzem sah es so aus, als w\u00fcrde der Kopf des Maidan-Regimes, Wladimir Selenskij, alles tun, um dem US-amerikanischen Pr\u00e4sidenten Donald Trump n\u00fctzlich zu sein. Doch in der vergangenen Woche haben sich die Beziehungen zwischen den beiden Politikern verschlechtert. Trump nannte den ukrainischen Machthaber einen Diktator. Warum hat Selenskij beschlossen, sich dem US-Pr\u00e4sidenten entgegenzustellen?<\/p>\n<p><strong>Selenskij ist von seiner eigenen Bedeutung \u00fcberzeugt<\/strong><\/p>\n<p>Nach dem Beginn der milit\u00e4rischen Sonderoperation wurde Selenskij von den westlichen Medien als Verteidiger von Demokratie und Freiheit dargestellt; er sprach vor zahlreichen Zuh\u00f6rern, Politikern, Teilnehmern an kulturellen Veranstaltungen und Medienvertretern und erhielt \u00fcberall Beifall. Kritik am ukrainischen Pr\u00e4sidenten war in den westlichen Medien tabu.<\/p>\n<p>Er, ein ehemaliger Schauspieler, schl\u00fcpfte in eine Rolle und glaubte, er sei der gro\u00dfe Politiker der Epoche. Er sah, dass er mit allem durchkam. Der Botschafter der Ukraine in Deutschland konnte Bundeskanzler Olaf Scholz eine Leberwurst nennen, ohne dass dies Konsequenzen nach sich zog. Selenskij beleidigte den slowakischen Premierminister Robert Fico, und es folgten keine Sanktionen. Er und seine Lakaien haben gelernt, dass dieses Verhalten zul\u00e4ssig ist. Vielleicht war er, wie einst der deutsche &#8220;F\u00fchrer&#8221;, der Meinung, dass er ein h\u00f6heres Ziel verfolge \u2013 Europa vor Russland zu retten. Hinzu kommt der Drogenkonsum, der die angemessene Wahrnehmung der Realit\u00e4t beeintr\u00e4chtigt.<\/p>\n<p>Selenskij wurde vorgeschlagen, Trumps Interesse f\u00fcr die ukrainischen Bodensch\u00e4tze zu wecken, um im Gegenzug vom US-amerikanischen Pr\u00e4sidenten alles verlangen zu k\u00f6nnen. Er glaubte an die Genialit\u00e4t dieser Idee. Die Realit\u00e4t sah jedoch anders aus: Die USA verlangten Ressourcen im Wert von 500 Milliarden US-Dollar, weigerten sich aber, Selenskijs W\u00fcnsche zu erf\u00fcllen. Das ver\u00e4rgerte ihn, und er beschloss, mit emotionaler Diplomatie Druck auf Trump auszu\u00fcben.<\/p>\n<p>Deshalb hat er in M\u00fcnchen in seiner Rede und in verschiedenen Interviews US-Politiker kritisiert. Er forderte sie auf, sich an die Formel &#8220;nichts \u00fcber die Ukraine ohne die Ukraine&#8221; zu halten. Er erwartete, dass er durch den Druck auf die Trumpisten in der \u00d6ffentlichkeit eine Einladung zum Treffen der russischen und US-amerikanischen Delegationen in Saudi-Arabien erhalten w\u00fcrde, aber das geschah nicht. Allerdings gelang es Selenskij, Trump und dessen Team zu ver\u00e4rgern.<\/p>\n<p><strong>Selenskij glaubt, dass die Zeit f\u00fcr ihn arbeitet<\/strong><\/p>\n<p>Das Team von Selenskij hat beschlossen, Zeit zu gewinnen, anstatt auf Trumps Forderungen einzugehen, da es \u00fcberzeugt ist, dass Trumps friedensstiftender Eifer vergehen wird. Kiew ist zuversichtlich, dass Trump die Ukraine nicht ohne Unterst\u00fctzung lassen wird; eine Niederlage der Ukraine w\u00e4re f\u00fcr das Image der USA schlimmer als der Abzug aus Afghanistan.<\/p>\n<p>Trump positioniert sich hingegen als starker Politiker, sodass er keine Ma\u00dfnahmen ergreifen wird, die ihn schwach aussehen lassen k\u00f6nnten. Selenskijs Team glaubt, dass die Ukraine geopolitisch zu wichtig f\u00fcr die USA ist, als dass Trump sie aufgeben k\u00f6nnte.<\/p>\n<p>Aber selbst wenn Washington die Finanzierung und Waffenlieferungen des Maidan-Regimes einschr\u00e4nkt, glaubt man in Kiew, dass die EU diese Verluste kompensieren wird. In der Ukraine wird das Narrativ verbreitet, dass die EU dem Land w\u00e4hrend des Krieges mehr Hilfe gew\u00e4hrt habe als die USA. Daher hofft Selenskij, dass es den Liberalen in den USA und in der EU gelingen wird, informationellen und politischen Druck auf das Wei\u00dfe Haus aufbauen und die Trump-Regierung zu einer Politik der totalen Unterst\u00fctzung f\u00fcr die Ukraine bewegen zu k\u00f6nnen.<\/p>\n<p>Selenskijs Leute planen daher, russisches Territorium zu beschie\u00dfen und Anschl\u00e4ge zu ver\u00fcben, um Russland zu einer harten Reaktion zu zwingen. Es werden Provokationen seitens des ukrainischen Milit\u00e4rs und der ukrainischen Geheimdienste folgen, f\u00fcr die Kiew Moskau verantwortlich machen wird. Selenskij hofft, dass er und seine Gefolgsleute Trump in der Ukraine so viel \u00c4rger bereiten k\u00f6nnen, dass sie in der Lage sind, ihn zu zwingen, alle W\u00fcnsche des Kiewer Regimes zu erf\u00fcllen.<\/p>\n<p>Diese Pl\u00e4ne wirken vor dem Hintergrund von Trumps Erkl\u00e4rungen, dass Selenskij das Land verlieren k\u00f6nnte, wie eine Utopie. Doch nicht nur Selenskij, sondern auch ein Teil der ukrainischen Elite ist gefangen in den eigenen Fantasien.<\/p>\n<p><strong>Die \u00c4ngste von Selenskij<\/strong><\/p>\n<p>Selenskij entschied sich f\u00fcr die Konfrontation mit dem Wei\u00dfen Haus, weil die USA der Ukraine keine Sicherheitsgarantien geben wollten. So erkl\u00e4ren jedenfalls ukrainische Propagandisten sein Vorgehen. Aber selbst Selenskij h\u00e4tte verstehen m\u00fcssen, dass die Ukraine nicht in die NATO aufgenommen wird und die Frage des &#8220;Friedenskontingents&#8221; in Verhandlungen zwischen Russland und den USA entschieden werden w\u00fcrde. Eigentlich wollte er Garantien f\u00fcr den Erhalt der Macht bekommen, m\u00f6glicherweise nicht nur von Washington, sondern auch von Moskau.<\/p>\n<p>Was kann er fordern? Dass er die Wahl nach den &#8220;Regeln&#8221; der Selenskij-Partei durchf\u00fchren kann. Das politische Feld der Ukraine wird vollst\u00e4ndig von allen ges\u00e4ubert, die man als Opposition ansieht. Bei der Pr\u00e4sidentenwahl gegen Selenskij werden technische Kandidaten antreten, die keine Chance auf einen Sieg haben.<\/p>\n<p>Aber die US-Amerikaner haben ihn diesbez\u00fcglich faktisch schon abgewiesen. Trump sagte, Selenskij habe in der Bev\u00f6lkerung einen R\u00fcckhalt von vier Prozent. In Washington wei\u00df man, dass er mit einem solchen Popularit\u00e4tslevel nicht an der Macht bleiben kann. Es macht also keinen Sinn, seine W\u00fcnsche zu erf\u00fcllen.<\/p>\n<p>Selenskij hat gro\u00dfe Angst, die Macht zu verlieren. W\u00e4hrend seiner Pr\u00e4sidentschaft hat er sich viele m\u00e4chtige Feinde gemacht. In ukrainischen Telegramkan\u00e4len kursieren Ger\u00fcchte, wonach der Oligarch Igor Kolomoiski Rache geschworen habe, weil er ihn ins Gef\u00e4ngnis gesteckt hat. Und Leute wie Kolomoiski k\u00f6nnen einen \u00fcberall auf der Welt erreichen.<\/p>\n<p>Selenskij versteht, dass ihm und seinen Gefolgsleuten von der US-Justiz vorgeworfen werden k\u00f6nnte, westliche Hilfsgelder veruntreut zu haben. Au\u00dferdem k\u00f6nnten sie vonseiten der russischen Ermittlungsbeh\u00f6rden f\u00fcr die von den ukrainischen Streitkr\u00e4ften begangenen Kriegsverbrechen zur Rechenschaft gezogen werden. Vor allem die Angst um die eigene Haut treibt ihn dazu, sich gegen Trump zu stellen. Wenn Selenskij erkennt, dass er die Macht nicht halten kann, wird er wahrscheinlich versuchen, pers\u00f6nliche Sicherheitsgarantien f\u00fcr sich und sein Umfeld einzufordern. Daf\u00fcr k\u00f6nnte es aber schon zu sp\u00e4t sein.<\/p>\n<p><em>\u00dcbersetzt aus dem <a rel=\"nofollow noopener\" target=\"_blank\" href=\"https:\/\/vz.ru\/opinions\/2025\/2\/21\/1316062.html\">Russischen<\/a>. Der Artikel ist am 21. Februar 2025 zuerst auf der Webseite der Zeitung Wsgljad erschienen.<\/em><\/p>\n<p><strong><em>Sergei Mirkin<\/em><\/strong><em> ist ein russischer Journalist aus Donezk.<\/em><\/p>\n<p><strong>Mehr zum Thema<\/strong> \u2013 <a rel=\"nofollow noopener\" target=\"_blank\" href=\"https:\/\/freedert.online\/europa\/237517-economist-selenskij-wuerde-bei-jetzigen\/\">Economist: Selenskij w\u00fcrde bei jetzigen Wahlen eine vernichtende Niederlage erleiden <\/a><\/p>\n<div class=\"EmbedBlock-root EmbedBlock-externalVideo EmbedBlock-rumble\">\n<div class=\"VkEmbed\"><iframe class=\"lazyload\" data-src=\"https:\/\/rumble.com\/embed\/v6kudh3\" frameborder=\"0\" width=\"853\" height=\"480\" allowfullscreen><\/iframe><\/div>\n<\/div>\n<\/div>\n<p><br \/>\n<br \/><a href=\"https:\/\/de.rt.com\/meinung\/237567-angst-um-eigene-haut-warum\/\">Source link <\/a><\/p>\n","protected":false},"excerpt":{"rendered":"<p>Selenskij hat gro\u00dfe Angst, seine Macht zu verlieren. W\u00e4hrend seiner Pr\u00e4sidentschaft hat er sich viele m\u00e4chtige Feinde gemacht. Er ist sich bewusst, dass er und seine Getreuen von der US-Justiz beschuldigt werden k\u00f6nnten, westliche Hilfen veruntreut \u2013 und von den russischen Ermittlungsbeh\u00f6rden, Kriegsverbrechen begangen zu haben. Von Sergei Mirkin Noch vor Kurzem sah es so [&hellip;]<\/p>\n","protected":false},"author":3,"featured_media":79001,"comment_status":"open","ping_status":"open","sticky":false,"template":"","format":"standard","meta":{"_yoast_indexnow_last_ping":["1740211861"],"wp_automatic_camp":["217"],"b8d8bfce3b39e85cfc242e5d42542655":["Angst um die eigene Haut \u2013 Warum Selenskij sich gegen Trump stellt"],"original_link":["https:\/\/de.rt.com\/meinung\/237567-angst-um-eigene-haut-warum\/"],"_thumbnail_id":["79001"],"jnews_social_counter_last_update":["1777180856"],"_wptgpro_p2tg_sent2tg":["a:1:{i:23737;s:19:\"2025-02-22 10:12:04\";}"]},"categories":[19,23],"tags":[6178,45,20241,278,54838,6158,434,15979,1639,1289],"yoast_head":"<!-- This site is optimized with the Yoast SEO Premium plugin v22.7 (Yoast SEO v22.7) - https:\/\/yoast.com\/wordpress\/plugins\/seo\/ -->\n<title>Angst um die eigene Haut \u2013 Warum Selenskij sich gegen Trump stellt - just-now.NEWS Deutschland<\/title>\n<meta name=\"robots\" content=\"index, follow, max-snippet:-1, max-image-preview:large, max-video-preview:-1\" \/>\n<link rel=\"canonical\" href=\"https:\/\/now-news.de\/de\/deutschland\/angst-um-die-eigene-haut-warum-selenskij-sich-gegen-trump-stellt\/\" \/>\n<meta property=\"og:locale\" content=\"de_DE\" \/>\n<meta property=\"og:type\" content=\"article\" \/>\n<meta property=\"og:title\" content=\"Angst um die eigene Haut \u2013 Warum Selenskij sich gegen Trump stellt\" \/>\n<meta property=\"og:description\" content=\"Selenskij hat gro\u00dfe Angst, seine Macht zu verlieren. W\u00e4hrend seiner Pr\u00e4sidentschaft hat er sich viele m\u00e4chtige Feinde gemacht. Er ist sich bewusst, dass er und seine Getreuen von der US-Justiz beschuldigt werden k\u00f6nnten, westliche Hilfen veruntreut \u2013 und von den russischen Ermittlungsbeh\u00f6rden, Kriegsverbrechen begangen zu haben. Von Sergei Mirkin Noch vor Kurzem sah es so [&hellip;]\" \/>\n<meta property=\"og:url\" content=\"https:\/\/now-news.de\/de\/deutschland\/angst-um-die-eigene-haut-warum-selenskij-sich-gegen-trump-stellt\/\" \/>\n<meta property=\"og:site_name\" content=\"just-now.NEWS Deutschland\" \/>\n<meta property=\"article:publisher\" content=\"https:\/\/www.facebook.com\/wirmachenauf\" \/>\n<meta property=\"article:published_time\" content=\"2025-02-22T08:09:24+00:00\" \/>\n<meta property=\"og:image\" content=\"https:\/\/now-news.de\/de\/wp-content\/uploads\/sites\/3\/2025\/02\/67b8b7c3b480cc2225368c20.jpg\" \/>\n<meta name=\"author\" content=\"rtnews\" \/>\n<meta name=\"twitter:card\" content=\"summary_large_image\" \/>\n<meta name=\"twitter:creator\" content=\"@WirMachenAuf_de\" \/>\n<meta name=\"twitter:site\" content=\"@WirMachenAuf_de\" \/>\n<meta name=\"twitter:label1\" content=\"Verfasst von\" \/>\n\t<meta name=\"twitter:data1\" content=\"rtnews\" \/>\n\t<meta name=\"twitter:label2\" content=\"Gesch\u00e4tzte Lesezeit\" \/>\n\t<meta name=\"twitter:data2\" content=\"6\u00a0Minuten\" \/>\n<script type=\"application\/ld+json\" class=\"yoast-schema-graph\">{\"@context\":\"https:\/\/schema.org\",\"@graph\":[{\"@type\":\"Article\",\"@id\":\"https:\/\/now-news.de\/de\/deutschland\/angst-um-die-eigene-haut-warum-selenskij-sich-gegen-trump-stellt\/#article\",\"isPartOf\":{\"@id\":\"https:\/\/now-news.de\/de\/deutschland\/angst-um-die-eigene-haut-warum-selenskij-sich-gegen-trump-stellt\/\"},\"author\":{\"name\":\"rtnews\",\"@id\":\"https:\/\/now-news.de\/de\/#\/schema\/person\/fb534a4e865501d8b3285208df34a9b5\"},\"headline\":\"Angst um die eigene Haut \u2013 Warum Selenskij sich gegen Trump stellt\",\"datePublished\":\"2025-02-22T08:09:24+00:00\",\"dateModified\":\"2025-02-22T08:09:24+00:00\",\"mainEntityOfPage\":{\"@id\":\"https:\/\/now-news.de\/de\/deutschland\/angst-um-die-eigene-haut-warum-selenskij-sich-gegen-trump-stellt\/\"},\"wordCount\":1128,\"commentCount\":0,\"publisher\":{\"@id\":\"https:\/\/now-news.de\/de\/#organization\"},\"image\":{\"@id\":\"https:\/\/now-news.de\/de\/deutschland\/angst-um-die-eigene-haut-warum-selenskij-sich-gegen-trump-stellt\/#primaryimage\"},\"thumbnailUrl\":\"https:\/\/now-news.de\/de\/wp-content\/uploads\/sites\/3\/2025\/02\/Angst-um-die-eigene-Haut-\u2013-Warum-Selenskij-sich-gegen.jpg\",\"keywords\":[\"Angst\",\"die\",\"eigene\",\"gegen\",\"Haut\",\"Selenskij\",\"sich\",\"stellt\",\"trump\",\"Warum\"],\"articleSection\":[\"Deutschland\",\"Russland\"],\"inLanguage\":\"de\",\"potentialAction\":[{\"@type\":\"CommentAction\",\"name\":\"Comment\",\"target\":[\"https:\/\/now-news.de\/de\/deutschland\/angst-um-die-eigene-haut-warum-selenskij-sich-gegen-trump-stellt\/#respond\"]}]},{\"@type\":\"WebPage\",\"@id\":\"https:\/\/now-news.de\/de\/deutschland\/angst-um-die-eigene-haut-warum-selenskij-sich-gegen-trump-stellt\/\",\"url\":\"https:\/\/now-news.de\/de\/deutschland\/angst-um-die-eigene-haut-warum-selenskij-sich-gegen-trump-stellt\/\",\"name\":\"Angst um die eigene Haut \u2013 Warum Selenskij sich gegen Trump stellt - just-now.NEWS Deutschland\",\"isPartOf\":{\"@id\":\"https:\/\/now-news.de\/de\/#website\"},\"primaryImageOfPage\":{\"@id\":\"https:\/\/now-news.de\/de\/deutschland\/angst-um-die-eigene-haut-warum-selenskij-sich-gegen-trump-stellt\/#primaryimage\"},\"image\":{\"@id\":\"https:\/\/now-news.de\/de\/deutschland\/angst-um-die-eigene-haut-warum-selenskij-sich-gegen-trump-stellt\/#primaryimage\"},\"thumbnailUrl\":\"https:\/\/now-news.de\/de\/wp-content\/uploads\/sites\/3\/2025\/02\/Angst-um-die-eigene-Haut-\u2013-Warum-Selenskij-sich-gegen.jpg\",\"datePublished\":\"2025-02-22T08:09:24+00:00\",\"dateModified\":\"2025-02-22T08:09:24+00:00\",\"breadcrumb\":{\"@id\":\"https:\/\/now-news.de\/de\/deutschland\/angst-um-die-eigene-haut-warum-selenskij-sich-gegen-trump-stellt\/#breadcrumb\"},\"inLanguage\":\"de\",\"potentialAction\":[{\"@type\":\"ReadAction\",\"target\":[\"https:\/\/now-news.de\/de\/deutschland\/angst-um-die-eigene-haut-warum-selenskij-sich-gegen-trump-stellt\/\"]}]},{\"@type\":\"ImageObject\",\"inLanguage\":\"de\",\"@id\":\"https:\/\/now-news.de\/de\/deutschland\/angst-um-die-eigene-haut-warum-selenskij-sich-gegen-trump-stellt\/#primaryimage\",\"url\":\"https:\/\/now-news.de\/de\/wp-content\/uploads\/sites\/3\/2025\/02\/Angst-um-die-eigene-Haut-\u2013-Warum-Selenskij-sich-gegen.jpg\",\"contentUrl\":\"https:\/\/now-news.de\/de\/wp-content\/uploads\/sites\/3\/2025\/02\/Angst-um-die-eigene-Haut-\u2013-Warum-Selenskij-sich-gegen.jpg\",\"width\":460,\"height\":259,\"caption\":\"Angst um die eigene Haut \u2013 Warum Selenskij sich gegen Trump stellt\"},{\"@type\":\"BreadcrumbList\",\"@id\":\"https:\/\/now-news.de\/de\/deutschland\/angst-um-die-eigene-haut-warum-selenskij-sich-gegen-trump-stellt\/#breadcrumb\",\"itemListElement\":[{\"@type\":\"ListItem\",\"position\":1,\"name\":\"Home\",\"item\":\"https:\/\/now-news.de\/de\/\"},{\"@type\":\"ListItem\",\"position\":2,\"name\":\"Angst um die eigene Haut \u2013 Warum Selenskij sich gegen Trump stellt\"}]},{\"@type\":\"WebSite\",\"@id\":\"https:\/\/now-news.de\/de\/#website\",\"url\":\"https:\/\/now-news.de\/de\/\",\"name\":\"just-now.NEWS Deutschland\",\"description\":\"Das Portal f\u00fcr unzensierte Nachrichten aus der Welt\",\"publisher\":{\"@id\":\"https:\/\/now-news.de\/de\/#organization\"},\"potentialAction\":[{\"@type\":\"SearchAction\",\"target\":{\"@type\":\"EntryPoint\",\"urlTemplate\":\"https:\/\/now-news.de\/de\/?s={search_term_string}\"},\"query-input\":\"required name=search_term_string\"}],\"inLanguage\":\"de\"},{\"@type\":\"Organization\",\"@id\":\"https:\/\/now-news.de\/de\/#organization\",\"name\":\"Just Now News\",\"url\":\"https:\/\/now-news.de\/de\/\",\"logo\":{\"@type\":\"ImageObject\",\"inLanguage\":\"de\",\"@id\":\"https:\/\/now-news.de\/de\/#\/schema\/logo\/image\/\",\"url\":\"http:\/\/just-now.news\/de\/wp-content\/uploads\/sites\/3\/2022\/04\/logo500x500.jpg\",\"contentUrl\":\"http:\/\/just-now.news\/de\/wp-content\/uploads\/sites\/3\/2022\/04\/logo500x500.jpg\",\"width\":500,\"height\":500,\"caption\":\"Just Now News\"},\"image\":{\"@id\":\"https:\/\/now-news.de\/de\/#\/schema\/logo\/image\/\"},\"sameAs\":[\"https:\/\/www.facebook.com\/wirmachenauf\",\"https:\/\/x.com\/WirMachenAuf_de\"]},{\"@type\":\"Person\",\"@id\":\"https:\/\/now-news.de\/de\/#\/schema\/person\/fb534a4e865501d8b3285208df34a9b5\",\"name\":\"rtnews\",\"image\":{\"@type\":\"ImageObject\",\"inLanguage\":\"de\",\"@id\":\"https:\/\/now-news.de\/de\/#\/schema\/person\/image\/\",\"url\":\"https:\/\/secure.gravatar.com\/avatar\/82aafea7d8127119dd649515f56e2117?s=96&d=mm&r=g\",\"contentUrl\":\"https:\/\/secure.gravatar.com\/avatar\/82aafea7d8127119dd649515f56e2117?s=96&d=mm&r=g\",\"caption\":\"rtnews\"},\"url\":\"https:\/\/now-news.de\/de\/author\/rnews\/\"}]}<\/script>\n<!-- \/ Yoast SEO Premium plugin. -->","yoast_head_json":{"title":"Angst um die eigene Haut \u2013 Warum Selenskij sich gegen Trump stellt - just-now.NEWS Deutschland","robots":{"index":"index","follow":"follow","max-snippet":"max-snippet:-1","max-image-preview":"max-image-preview:large","max-video-preview":"max-video-preview:-1"},"canonical":"https:\/\/now-news.de\/de\/deutschland\/angst-um-die-eigene-haut-warum-selenskij-sich-gegen-trump-stellt\/","og_locale":"de_DE","og_type":"article","og_title":"Angst um die eigene Haut \u2013 Warum Selenskij sich gegen Trump stellt","og_description":"Selenskij hat gro\u00dfe Angst, seine Macht zu verlieren. W\u00e4hrend seiner Pr\u00e4sidentschaft hat er sich viele m\u00e4chtige Feinde gemacht. Er ist sich bewusst, dass er und seine Getreuen von der US-Justiz beschuldigt werden k\u00f6nnten, westliche Hilfen veruntreut \u2013 und von den russischen Ermittlungsbeh\u00f6rden, Kriegsverbrechen begangen zu haben. Von Sergei Mirkin Noch vor Kurzem sah es so [&hellip;]","og_url":"https:\/\/now-news.de\/de\/deutschland\/angst-um-die-eigene-haut-warum-selenskij-sich-gegen-trump-stellt\/","og_site_name":"just-now.NEWS Deutschland","article_publisher":"https:\/\/www.facebook.com\/wirmachenauf","article_published_time":"2025-02-22T08:09:24+00:00","og_image":[{"url":"https:\/\/now-news.de\/de\/wp-content\/uploads\/sites\/3\/2025\/02\/67b8b7c3b480cc2225368c20.jpg"}],"author":"rtnews","twitter_card":"summary_large_image","twitter_creator":"@WirMachenAuf_de","twitter_site":"@WirMachenAuf_de","twitter_misc":{"Verfasst von":"rtnews","Gesch\u00e4tzte Lesezeit":"6\u00a0Minuten"},"schema":{"@context":"https:\/\/schema.org","@graph":[{"@type":"Article","@id":"https:\/\/now-news.de\/de\/deutschland\/angst-um-die-eigene-haut-warum-selenskij-sich-gegen-trump-stellt\/#article","isPartOf":{"@id":"https:\/\/now-news.de\/de\/deutschland\/angst-um-die-eigene-haut-warum-selenskij-sich-gegen-trump-stellt\/"},"author":{"name":"rtnews","@id":"https:\/\/now-news.de\/de\/#\/schema\/person\/fb534a4e865501d8b3285208df34a9b5"},"headline":"Angst um die eigene Haut \u2013 Warum Selenskij sich gegen Trump stellt","datePublished":"2025-02-22T08:09:24+00:00","dateModified":"2025-02-22T08:09:24+00:00","mainEntityOfPage":{"@id":"https:\/\/now-news.de\/de\/deutschland\/angst-um-die-eigene-haut-warum-selenskij-sich-gegen-trump-stellt\/"},"wordCount":1128,"commentCount":0,"publisher":{"@id":"https:\/\/now-news.de\/de\/#organization"},"image":{"@id":"https:\/\/now-news.de\/de\/deutschland\/angst-um-die-eigene-haut-warum-selenskij-sich-gegen-trump-stellt\/#primaryimage"},"thumbnailUrl":"https:\/\/now-news.de\/de\/wp-content\/uploads\/sites\/3\/2025\/02\/Angst-um-die-eigene-Haut-\u2013-Warum-Selenskij-sich-gegen.jpg","keywords":["Angst","die","eigene","gegen","Haut","Selenskij","sich","stellt","trump","Warum"],"articleSection":["Deutschland","Russland"],"inLanguage":"de","potentialAction":[{"@type":"CommentAction","name":"Comment","target":["https:\/\/now-news.de\/de\/deutschland\/angst-um-die-eigene-haut-warum-selenskij-sich-gegen-trump-stellt\/#respond"]}]},{"@type":"WebPage","@id":"https:\/\/now-news.de\/de\/deutschland\/angst-um-die-eigene-haut-warum-selenskij-sich-gegen-trump-stellt\/","url":"https:\/\/now-news.de\/de\/deutschland\/angst-um-die-eigene-haut-warum-selenskij-sich-gegen-trump-stellt\/","name":"Angst um die eigene Haut \u2013 Warum Selenskij sich gegen Trump stellt - just-now.NEWS Deutschland","isPartOf":{"@id":"https:\/\/now-news.de\/de\/#website"},"primaryImageOfPage":{"@id":"https:\/\/now-news.de\/de\/deutschland\/angst-um-die-eigene-haut-warum-selenskij-sich-gegen-trump-stellt\/#primaryimage"},"image":{"@id":"https:\/\/now-news.de\/de\/deutschland\/angst-um-die-eigene-haut-warum-selenskij-sich-gegen-trump-stellt\/#primaryimage"},"thumbnailUrl":"https:\/\/now-news.de\/de\/wp-content\/uploads\/sites\/3\/2025\/02\/Angst-um-die-eigene-Haut-\u2013-Warum-Selenskij-sich-gegen.jpg","datePublished":"2025-02-22T08:09:24+00:00","dateModified":"2025-02-22T08:09:24+00:00","breadcrumb":{"@id":"https:\/\/now-news.de\/de\/deutschland\/angst-um-die-eigene-haut-warum-selenskij-sich-gegen-trump-stellt\/#breadcrumb"},"inLanguage":"de","potentialAction":[{"@type":"ReadAction","target":["https:\/\/now-news.de\/de\/deutschland\/angst-um-die-eigene-haut-warum-selenskij-sich-gegen-trump-stellt\/"]}]},{"@type":"ImageObject","inLanguage":"de","@id":"https:\/\/now-news.de\/de\/deutschland\/angst-um-die-eigene-haut-warum-selenskij-sich-gegen-trump-stellt\/#primaryimage","url":"https:\/\/now-news.de\/de\/wp-content\/uploads\/sites\/3\/2025\/02\/Angst-um-die-eigene-Haut-\u2013-Warum-Selenskij-sich-gegen.jpg","contentUrl":"https:\/\/now-news.de\/de\/wp-content\/uploads\/sites\/3\/2025\/02\/Angst-um-die-eigene-Haut-\u2013-Warum-Selenskij-sich-gegen.jpg","width":460,"height":259,"caption":"Angst um die eigene Haut \u2013 Warum Selenskij sich gegen Trump stellt"},{"@type":"BreadcrumbList","@id":"https:\/\/now-news.de\/de\/deutschland\/angst-um-die-eigene-haut-warum-selenskij-sich-gegen-trump-stellt\/#breadcrumb","itemListElement":[{"@type":"ListItem","position":1,"name":"Home","item":"https:\/\/now-news.de\/de\/"},{"@type":"ListItem","position":2,"name":"Angst um die eigene Haut \u2013 Warum Selenskij sich gegen Trump stellt"}]},{"@type":"WebSite","@id":"https:\/\/now-news.de\/de\/#website","url":"https:\/\/now-news.de\/de\/","name":"just-now.NEWS Deutschland","description":"Das Portal f\u00fcr unzensierte Nachrichten aus der Welt","publisher":{"@id":"https:\/\/now-news.de\/de\/#organization"},"potentialAction":[{"@type":"SearchAction","target":{"@type":"EntryPoint","urlTemplate":"https:\/\/now-news.de\/de\/?s={search_term_string}"},"query-input":"required name=search_term_string"}],"inLanguage":"de"},{"@type":"Organization","@id":"https:\/\/now-news.de\/de\/#organization","name":"Just Now News","url":"https:\/\/now-news.de\/de\/","logo":{"@type":"ImageObject","inLanguage":"de","@id":"https:\/\/now-news.de\/de\/#\/schema\/logo\/image\/","url":"http:\/\/just-now.news\/de\/wp-content\/uploads\/sites\/3\/2022\/04\/logo500x500.jpg","contentUrl":"http:\/\/just-now.news\/de\/wp-content\/uploads\/sites\/3\/2022\/04\/logo500x500.jpg","width":500,"height":500,"caption":"Just Now News"},"image":{"@id":"https:\/\/now-news.de\/de\/#\/schema\/logo\/image\/"},"sameAs":["https:\/\/www.facebook.com\/wirmachenauf","https:\/\/x.com\/WirMachenAuf_de"]},{"@type":"Person","@id":"https:\/\/now-news.de\/de\/#\/schema\/person\/fb534a4e865501d8b3285208df34a9b5","name":"rtnews","image":{"@type":"ImageObject","inLanguage":"de","@id":"https:\/\/now-news.de\/de\/#\/schema\/person\/image\/","url":"https:\/\/secure.gravatar.com\/avatar\/82aafea7d8127119dd649515f56e2117?s=96&d=mm&r=g","contentUrl":"https:\/\/secure.gravatar.com\/avatar\/82aafea7d8127119dd649515f56e2117?s=96&d=mm&r=g","caption":"rtnews"},"url":"https:\/\/now-news.de\/de\/author\/rnews\/"}]}},"_links":{"self":[{"href":"https:\/\/now-news.de\/de\/wp-json\/wp\/v2\/posts\/79000"}],"collection":[{"href":"https:\/\/now-news.de\/de\/wp-json\/wp\/v2\/posts"}],"about":[{"href":"https:\/\/now-news.de\/de\/wp-json\/wp\/v2\/types\/post"}],"author":[{"embeddable":true,"href":"https:\/\/now-news.de\/de\/wp-json\/wp\/v2\/users\/3"}],"replies":[{"embeddable":true,"href":"https:\/\/now-news.de\/de\/wp-json\/wp\/v2\/comments?post=79000"}],"version-history":[{"count":0,"href":"https:\/\/now-news.de\/de\/wp-json\/wp\/v2\/posts\/79000\/revisions"}],"wp:featuredmedia":[{"embeddable":true,"href":"https:\/\/now-news.de\/de\/wp-json\/wp\/v2\/media\/79001"}],"wp:attachment":[{"href":"https:\/\/now-news.de\/de\/wp-json\/wp\/v2\/media?parent=79000"}],"wp:term":[{"taxonomy":"category","embeddable":true,"href":"https:\/\/now-news.de\/de\/wp-json\/wp\/v2\/categories?post=79000"},{"taxonomy":"post_tag","embeddable":true,"href":"https:\/\/now-news.de\/de\/wp-json\/wp\/v2\/tags?post=79000"}],"curies":[{"name":"wp","href":"https:\/\/api.w.org\/{rel}","templated":true}]}}