{"id":78985,"date":"2025-02-21T20:56:01","date_gmt":"2025-02-21T18:56:01","guid":{"rendered":"https:\/\/now-news.de\/de\/deutschland\/in-deutschland-hat-gerade-die-letzte-schlacht-des-kalten-krieges-stattgefunden\/"},"modified":"2025-02-21T20:56:01","modified_gmt":"2025-02-21T18:56:01","slug":"in-deutschland-hat-gerade-die-letzte-schlacht-des-kalten-krieges-stattgefunden","status":"publish","type":"post","link":"https:\/\/now-news.de\/de\/deutschland\/in-deutschland-hat-gerade-die-letzte-schlacht-des-kalten-krieges-stattgefunden\/","title":{"rendered":"In Deutschland hat gerade die letzte Schlacht des Kalten Krieges stattgefunden"},"content":{"rendered":"<p><img decoding=\"async\" src=\"https:\/\/now-news.de\/de\/wp-content\/uploads\/sites\/3\/2025\/02\/67b60e5c48fbef140f339a24.jpg\" \/><\/p>\n<div class=\"Text-root Text-type_1 \">\n                Die Transatlantiker in Europa wissen nicht, wie ihnen geschieht. Sie wollen krampfhaft an der Konfrontation mit Moskau und den alten Feindbildern festhalten. Aber das Washington unter Trump ist l\u00e4ngst weiter. So zerschlagen sich die Illusionen der EU, w\u00e4hrend die USA vorankommen.\n            <\/div>\n<p><\/p>\n<div class=\"Text-root Text-type_5 ArticleView-text ViewText-root \">\n<p><em>Von Fjodor Lukjanow<\/em><\/p>\n<p>Die diesj\u00e4hrige M\u00fcnchner Sicherheitskonferenz erregte genauso viel Aufmerksamkeit wie vor 18 Jahren. Damals sorgte Wladimir Putin f\u00fcr Aufsehen, dieses Mal tat es US-Vizepr\u00e4sident J.D. Vance. Obwohl fast zwei Jahrzehnte dazwischen liegen, verbindet diese beiden Reden ein wichtiges Thema: Beide stellten die auf dem Erbe des Kalten Krieges aufgebaute transatlantische Ordnung infrage. Und in beiden F\u00e4llen gelang es dem westlichen Establishment nicht, eine substanzielle Antwort darauf zu geben.<\/p>\n<p>Im Jahr 2007 wurde Putins Warnung vor einer NATO-Erweiterung und einer Ausdehnung des westlichen Einflusses gr\u00f6\u00dftenteils als Jammern einer schw\u00e4chelnden Macht angesehen. Einige Stimmen mahnten zur Vorsicht, aber in Washington und Br\u00fcssel herrschte Selbstgef\u00e4lligkeit vor \u2013 man glaubte, Russland w\u00fcrde sich letztendlich f\u00fcgen. Die Folgen dieser Fehleinsch\u00e4tzung sind nun f\u00fcr alle offensichtlich.<\/p>\n<p>Heute wurde vom US-Vizepr\u00e4sidenten eine andere Art Fehdehandschuh hingeworfen. Seine Rede signalisierte eine tiefe ideologische Kluft innerhalb des Westens selbst, auf die die westeurop\u00e4ischen F\u00fchrungskr\u00e4fte offenbar nicht vorbereitet zu sein scheinen. Als Reaktion darauf berief der franz\u00f6sische Pr\u00e4sident Emmanuel Macron einen Dringlichkeitsgipfel ein, um eine gemeinsame Position festzulegen. Aber begreift die EU wirklich das Ausma\u00df der Herausforderung? Die ersten Reaktionen lassen darauf schlie\u00dfen, dass dies nicht der Fall ist. Es herrscht nach wie vor die \u2013 wenn auch fehlgeleitete \u2013 Hoffnung, dass man diesen &#8220;Sturm&#8221; einfach aussitzen k\u00f6nne.<\/p>\n<p><strong>Vergeltung, Ideologie und die sich wandelnde Weltordnung<\/strong><\/p>\n<p>Man kann Vances \u00c4u\u00dferungen in M\u00fcnchen auf verschiedene Weise erkl\u00e4ren. Die naheliegendste ist Vergeltung. Westeurop\u00e4ische Politiker \u00e4u\u00dfern sich seit Jahren offen abf\u00e4llig \u00fcber Trump und seine Verb\u00fcndeten, in der Annahme, dass dies ohne Konsequenzen bleiben w\u00fcrde. Doch mit Donald Trumps Amtsantritt m\u00fcssen sie nun die bittere Erkenntnis hinnehmen, dass ihre Worte nicht vergessen wurden.<\/p>\n<p>Aber es gibt auch eine tiefgreifende ideologische Divergenz. In vielerlei Hinsicht spiegelt Vances Kritik an Europa dieselben Vorw\u00fcrfe wider, die die Siedler der Neuen Welt vor Jahrhunderten dazu veranlassten, sich von der Alten Welt abzuspalten: Tyrannei, Heuchelei und Parasitentum. Er und andere wie Elon Musk scheuen sich nicht davor, sich in europ\u00e4ische Angelegenheiten einzumischen \u2013 eine Vorgehensweise, die liberale Ideologen lange Zeit im Namen der Demokratief\u00f6rderung gerechtfertigt haben. Mittlerweile erstreckt sich die Debatte dar\u00fcber, was Demokratie wirklich bedeutet, \u00fcber die USA hinaus auf das gesamte transatlantische B\u00fcndnis. Dieser ideologische Kampf wird den Kurs des Westens in den kommenden Jahrzehnten pr\u00e4gen.<\/p>\n<p>Als dritter und wichtigster Faktor f\u00fcr Vances Rede l\u00e4sst sich die umfassendere Ver\u00e4nderung der globalen Machtdynamik anf\u00fchren. Die Welt befindet sich im Wandel. Es ist zwar noch zu fr\u00fch, um die neue Weltordnung abschlie\u00dfend zu definieren, aber eines ist klar: Die alten Methoden funktionieren nicht mehr. Demografische Entwicklungen, wirtschaftliche Ver\u00e4nderungen, technologischer Wettbewerb und milit\u00e4rische Neuausrichtungen ver\u00e4ndern das globale Gleichgewicht.<\/p>\n<p>Im Mittelpunkt dieses Wandels steht eine zentrale Frage f\u00fcr den Westen: Soll der Kalte Krieg, wie er im 20. Jahrhundert definiert wurde, endg\u00fcltig beendet oder der Kampf unter neuen Bedingungen fortgesetzt werden? Die Antwort Westeuropas bestand bisher darin, an der Konfrontation festzuhalten \u2013 vor allem, weil es dem dortigen westlichen Block nicht gelungen ist, ehemalige Gegner so zu integrieren, dass\u00a0er seine eigene Zukunft sichern kann. Die USA hingegen scheinen bereit zu sein, den Blick in die Zukunft zu richten. Dieser Wandel ist nicht allein Trump zu verdanken: Jeder amerikanische Pr\u00e4sident seit George W. Bush Jr. hat auf die eine oder andere Weise die Priorit\u00e4t Europas zugunsten anderer Regionen zur\u00fcckgestuft. Trump hat dies lediglich am deutlichsten zum Ausdruck gebracht.<\/p>\n<p><strong>Westeuropas Dilemma: An der Vergangenheit festhalten oder in die Zukunft blicken<\/strong><\/p>\n<p>Wie wird Westeuropa darauf reagieren? Im Moment scheint es dem ideologischen und geopolitischen Konzept des Kalten Krieges treu bleiben zu wollen. Dabei geht es nicht nur um Sicherheit, sondern auch darum, die eigene Relevanz zu bewahren. Die EU ist ein Produkt der liberalen Weltordnung und braucht einen definierten Gegner, um ihren Zusammenhalt zu rechtfertigen. Ein vertrauter Feind \u2013 Russland \u2013 erf\u00fcllt diesen Zweck weitaus besser als ein unbekannter wie China.<\/p>\n<p>Aus dieser Perspektive liegt die Vermutung nahe, dass einige sogar versuchen k\u00f6nnten, die Spannungen so weit zu eskalieren, dass den USA keine andere Wahl bleibt, als einzugreifen. Ob der Block tats\u00e4chlich in der Lage ist, eine solche Krise zu provozieren, ist eine ganz andere Frage.<\/p>\n<p>F\u00fcr die\u00a0Vereinigten Staaten sieht die Situation komplexer aus. Einerseits w\u00fcrde ein Abr\u00fccken vom alten Rahmen des Kalten Krieges es Washington erm\u00f6glichen, sich auf das zu konzentrieren, was es als die eigentlichen Herausforderungen der Zukunft ansieht \u2013 und das sind China, der Pazifik, Nordamerika, die Arktis und in geringerem Umfang auch der Nahe Osten. Westeuropa hat in diesen Bereichen wenig zu bieten. Andererseits ist eine v\u00f6llige Abkehr vom Alten Kontinent nicht zu erwarten. Trump ist kein Isolationist; er stellt sich lediglich ein anderes Modell des Imperiums vor \u2013 eines, aus dem die USA mehr Nutzen ziehen und weniger Lasten auf sich nehmen.<\/p>\n<p>Vances Aufruf an Westeuropa, &#8220;seine Demokratie in Ordnung zu bringen&#8221;, sollte daher in diesem Kontext verstanden werden. Es geht nicht um die Verbreitung von Demokratie im traditionellen Sinne, sondern um die Optimierung der Staatsf\u00fchrung in einer Provinz, die von den USA zunehmend als dysfunktional angesehen wird. Tats\u00e4chlich ist Vances Haltung zur europ\u00e4ischen Souver\u00e4nit\u00e4t wohl noch absch\u00e4tziger als die seiner liberalen Vorg\u00e4nger, die zumindest ein Lippenbekenntnis zur transatlantischen Einheit ablegten.<\/p>\n<p><strong>Die Endschlacht des Kalten Krieges?<\/strong><\/p>\n<p>Vances M\u00fcnchner Rede war keine blo\u00dfe rhetorische Salve im Streit zwischen den USA und Europa. Sie stellte vielmehr einen Meilenstein in der Entwicklung des transatlantischen Denkens dar. Jahrzehntelang wurde im transatlantischen B\u00fcndnis davon ausgegangen, dass der Kalte Krieg nie wirklich zu Ende war. Die grundlegende Frage ist nun, ob es sich lohnt, ihn endg\u00fcltig zu beenden und einen neuen unter anderen Bedingungen zu beginnen.<\/p>\n<p>Die derzeitige Strategie der EU \u2013 die Aufrechterhaltung der Konfrontation mit Russland als Mittel zur Wahrung des eigenen Zusammenhalts \u2013 scheint auf lange Sicht nicht tragf\u00e4hig zu sein. Wenn die USA sich zur\u00fcckziehen und ihren eigenen Interessen an anderer Stelle Vorrang einr\u00e4umen, wird Br\u00fcssel seine Position \u00fcberdenken m\u00fcssen. Wird es sich weiterhin auf ein Konzept aus dem Kalten Krieg verlassen, das der modernen Welt nicht mehr gerecht wird, oder wird es diesen Wandel endlich erkennen und sich darauf einstellen?<\/p>\n<p>Im Moment vergr\u00f6\u00dfert sich die transatlantische Kluft. Von den Entscheidungen, die in den kommenden Monaten getroffen werden, h\u00e4ngt ab, ob diese Kluft zu einem dauerhaften Bruch f\u00fchrt \u2013 oder ob sie den Beginn einer neuen geopolitischen Ordnung darstellt, in der Westeuropa endlich lernt, auf eigenen F\u00fc\u00dfen zu stehen.<\/p>\n<p><em>\u00dcbersetzt aus dem <a rel=\"nofollow noopener\" target=\"_blank\" href=\"https:\/\/rurtnews.com\/news\/612981-last-battle-of-cold-war\/\">Englischen<\/a>.<\/em><\/p>\n<p><strong>Mehr zum Thema<\/strong> &#8211; <a rel=\"nofollow noopener\" target=\"_blank\" href=\"https:\/\/dert.site\/international\/236964-us-vizepraesident-jd-vance-hat\/\">US-Vizepr\u00e4sident J.D. Vance hat der EU einen Denkzettel verpasst<\/a><em><br \/><\/em><\/p>\n<div class=\"EmbedBlock-root EmbedBlock-externalVideo EmbedBlock-rumble\">\n<div class=\"VkEmbed\"><iframe class=\"lazyload\" data-src=\"https:\/\/rumble.com\/embed\/v6ke2ar\" frameborder=\"0\" width=\"853\" height=\"480\" allowfullscreen><\/iframe><\/div>\n<\/div>\n<\/div>\n<p><br \/>\n<br \/><a href=\"https:\/\/de.rt.com\/nordamerika\/237316-in-deutschland-hat-gerade-letzte\/\">Source link <\/a><\/p>\n","protected":false},"excerpt":{"rendered":"<p>Die Transatlantiker in Europa wissen nicht, wie ihnen geschieht. Sie wollen krampfhaft an der Konfrontation mit Moskau und den alten Feindbildern festhalten. Aber das Washington unter Trump ist l\u00e4ngst weiter. So zerschlagen sich die Illusionen der EU, w\u00e4hrend die USA vorankommen. Von Fjodor Lukjanow Die diesj\u00e4hrige M\u00fcnchner Sicherheitskonferenz erregte genauso viel Aufmerksamkeit wie vor 18 [&hellip;]<\/p>\n","protected":false},"author":3,"featured_media":78986,"comment_status":"open","ping_status":"open","sticky":false,"template":"","format":"standard","meta":{"_yoast_indexnow_last_ping":["1740164393"],"wp_automatic_camp":["217"],"b3f00227e38b8da958644bba411a855f":["In Deutschland hat gerade die letzte Schlacht des Kalten Krieges stattgefunden"],"original_link":["https:\/\/de.rt.com\/nordamerika\/237316-in-deutschland-hat-gerade-letzte\/"],"_thumbnail_id":["78986"],"jnews_social_counter_last_update":["1777217437"],"_wptgpro_p2tg_sent2tg":["a:1:{i:23737;s:19:\"2025-02-21 21:00:56\";}"]},"categories":[19,23],"tags":[583,179,45,3269,423,1803,584,2109,3472,62941],"yoast_head":"<!-- This site is optimized with the Yoast SEO Premium plugin v22.7 (Yoast SEO v22.7) - https:\/\/yoast.com\/wordpress\/plugins\/seo\/ -->\n<title>In Deutschland hat gerade die letzte Schlacht des Kalten Krieges stattgefunden - just-now.NEWS Deutschland<\/title>\n<meta name=\"robots\" content=\"index, follow, max-snippet:-1, max-image-preview:large, max-video-preview:-1\" \/>\n<link rel=\"canonical\" href=\"https:\/\/now-news.de\/de\/deutschland\/in-deutschland-hat-gerade-die-letzte-schlacht-des-kalten-krieges-stattgefunden\/\" \/>\n<meta property=\"og:locale\" content=\"de_DE\" \/>\n<meta property=\"og:type\" content=\"article\" \/>\n<meta property=\"og:title\" content=\"In Deutschland hat gerade die letzte Schlacht des Kalten Krieges stattgefunden\" \/>\n<meta property=\"og:description\" content=\"Die Transatlantiker in Europa wissen nicht, wie ihnen geschieht. Sie wollen krampfhaft an der Konfrontation mit Moskau und den alten Feindbildern festhalten. Aber das Washington unter Trump ist l\u00e4ngst weiter. So zerschlagen sich die Illusionen der EU, w\u00e4hrend die USA vorankommen. Von Fjodor Lukjanow Die diesj\u00e4hrige M\u00fcnchner Sicherheitskonferenz erregte genauso viel Aufmerksamkeit wie vor 18 [&hellip;]\" \/>\n<meta property=\"og:url\" content=\"https:\/\/now-news.de\/de\/deutschland\/in-deutschland-hat-gerade-die-letzte-schlacht-des-kalten-krieges-stattgefunden\/\" \/>\n<meta property=\"og:site_name\" content=\"just-now.NEWS Deutschland\" \/>\n<meta property=\"article:publisher\" content=\"https:\/\/www.facebook.com\/wirmachenauf\" \/>\n<meta property=\"article:published_time\" content=\"2025-02-21T18:56:01+00:00\" \/>\n<meta property=\"og:image\" content=\"https:\/\/now-news.de\/de\/wp-content\/uploads\/sites\/3\/2025\/02\/67b60e5c48fbef140f339a24.jpg\" \/>\n<meta name=\"author\" content=\"rtnews\" \/>\n<meta name=\"twitter:card\" content=\"summary_large_image\" \/>\n<meta name=\"twitter:creator\" content=\"@WirMachenAuf_de\" \/>\n<meta name=\"twitter:site\" content=\"@WirMachenAuf_de\" \/>\n<meta name=\"twitter:label1\" content=\"Verfasst von\" \/>\n\t<meta name=\"twitter:data1\" content=\"rtnews\" \/>\n\t<meta name=\"twitter:label2\" content=\"Gesch\u00e4tzte Lesezeit\" \/>\n\t<meta name=\"twitter:data2\" content=\"6\u00a0Minuten\" \/>\n<script type=\"application\/ld+json\" class=\"yoast-schema-graph\">{\"@context\":\"https:\/\/schema.org\",\"@graph\":[{\"@type\":\"Article\",\"@id\":\"https:\/\/now-news.de\/de\/deutschland\/in-deutschland-hat-gerade-die-letzte-schlacht-des-kalten-krieges-stattgefunden\/#article\",\"isPartOf\":{\"@id\":\"https:\/\/now-news.de\/de\/deutschland\/in-deutschland-hat-gerade-die-letzte-schlacht-des-kalten-krieges-stattgefunden\/\"},\"author\":{\"name\":\"rtnews\",\"@id\":\"https:\/\/now-news.de\/de\/#\/schema\/person\/fb534a4e865501d8b3285208df34a9b5\"},\"headline\":\"In Deutschland hat gerade die letzte Schlacht des Kalten Krieges stattgefunden\",\"datePublished\":\"2025-02-21T18:56:01+00:00\",\"dateModified\":\"2025-02-21T18:56:01+00:00\",\"mainEntityOfPage\":{\"@id\":\"https:\/\/now-news.de\/de\/deutschland\/in-deutschland-hat-gerade-die-letzte-schlacht-des-kalten-krieges-stattgefunden\/\"},\"wordCount\":1182,\"commentCount\":0,\"publisher\":{\"@id\":\"https:\/\/now-news.de\/de\/#organization\"},\"image\":{\"@id\":\"https:\/\/now-news.de\/de\/deutschland\/in-deutschland-hat-gerade-die-letzte-schlacht-des-kalten-krieges-stattgefunden\/#primaryimage\"},\"thumbnailUrl\":\"https:\/\/now-news.de\/de\/wp-content\/uploads\/sites\/3\/2025\/02\/In-Deutschland-hat-gerade-die-letzte-Schlacht-des-Kalten-Krieges.jpg\",\"keywords\":[\"des\",\"Deutschland\",\"die\",\"gerade\",\"hat\",\"Kalten\",\"Krieges\",\"letzte\",\"Schlacht\",\"stattgefunden\"],\"articleSection\":[\"Deutschland\",\"Russland\"],\"inLanguage\":\"de\",\"potentialAction\":[{\"@type\":\"CommentAction\",\"name\":\"Comment\",\"target\":[\"https:\/\/now-news.de\/de\/deutschland\/in-deutschland-hat-gerade-die-letzte-schlacht-des-kalten-krieges-stattgefunden\/#respond\"]}]},{\"@type\":\"WebPage\",\"@id\":\"https:\/\/now-news.de\/de\/deutschland\/in-deutschland-hat-gerade-die-letzte-schlacht-des-kalten-krieges-stattgefunden\/\",\"url\":\"https:\/\/now-news.de\/de\/deutschland\/in-deutschland-hat-gerade-die-letzte-schlacht-des-kalten-krieges-stattgefunden\/\",\"name\":\"In Deutschland hat gerade die letzte Schlacht des Kalten Krieges stattgefunden - just-now.NEWS Deutschland\",\"isPartOf\":{\"@id\":\"https:\/\/now-news.de\/de\/#website\"},\"primaryImageOfPage\":{\"@id\":\"https:\/\/now-news.de\/de\/deutschland\/in-deutschland-hat-gerade-die-letzte-schlacht-des-kalten-krieges-stattgefunden\/#primaryimage\"},\"image\":{\"@id\":\"https:\/\/now-news.de\/de\/deutschland\/in-deutschland-hat-gerade-die-letzte-schlacht-des-kalten-krieges-stattgefunden\/#primaryimage\"},\"thumbnailUrl\":\"https:\/\/now-news.de\/de\/wp-content\/uploads\/sites\/3\/2025\/02\/In-Deutschland-hat-gerade-die-letzte-Schlacht-des-Kalten-Krieges.jpg\",\"datePublished\":\"2025-02-21T18:56:01+00:00\",\"dateModified\":\"2025-02-21T18:56:01+00:00\",\"breadcrumb\":{\"@id\":\"https:\/\/now-news.de\/de\/deutschland\/in-deutschland-hat-gerade-die-letzte-schlacht-des-kalten-krieges-stattgefunden\/#breadcrumb\"},\"inLanguage\":\"de\",\"potentialAction\":[{\"@type\":\"ReadAction\",\"target\":[\"https:\/\/now-news.de\/de\/deutschland\/in-deutschland-hat-gerade-die-letzte-schlacht-des-kalten-krieges-stattgefunden\/\"]}]},{\"@type\":\"ImageObject\",\"inLanguage\":\"de\",\"@id\":\"https:\/\/now-news.de\/de\/deutschland\/in-deutschland-hat-gerade-die-letzte-schlacht-des-kalten-krieges-stattgefunden\/#primaryimage\",\"url\":\"https:\/\/now-news.de\/de\/wp-content\/uploads\/sites\/3\/2025\/02\/In-Deutschland-hat-gerade-die-letzte-Schlacht-des-Kalten-Krieges.jpg\",\"contentUrl\":\"https:\/\/now-news.de\/de\/wp-content\/uploads\/sites\/3\/2025\/02\/In-Deutschland-hat-gerade-die-letzte-Schlacht-des-Kalten-Krieges.jpg\",\"width\":460,\"height\":259,\"caption\":\"In Deutschland hat gerade die letzte Schlacht des Kalten Krieges stattgefunden\"},{\"@type\":\"BreadcrumbList\",\"@id\":\"https:\/\/now-news.de\/de\/deutschland\/in-deutschland-hat-gerade-die-letzte-schlacht-des-kalten-krieges-stattgefunden\/#breadcrumb\",\"itemListElement\":[{\"@type\":\"ListItem\",\"position\":1,\"name\":\"Home\",\"item\":\"https:\/\/now-news.de\/de\/\"},{\"@type\":\"ListItem\",\"position\":2,\"name\":\"In Deutschland hat gerade die letzte Schlacht des Kalten Krieges stattgefunden\"}]},{\"@type\":\"WebSite\",\"@id\":\"https:\/\/now-news.de\/de\/#website\",\"url\":\"https:\/\/now-news.de\/de\/\",\"name\":\"just-now.NEWS Deutschland\",\"description\":\"Das Portal f\u00fcr unzensierte Nachrichten aus der Welt\",\"publisher\":{\"@id\":\"https:\/\/now-news.de\/de\/#organization\"},\"potentialAction\":[{\"@type\":\"SearchAction\",\"target\":{\"@type\":\"EntryPoint\",\"urlTemplate\":\"https:\/\/now-news.de\/de\/?s={search_term_string}\"},\"query-input\":\"required name=search_term_string\"}],\"inLanguage\":\"de\"},{\"@type\":\"Organization\",\"@id\":\"https:\/\/now-news.de\/de\/#organization\",\"name\":\"Just Now News\",\"url\":\"https:\/\/now-news.de\/de\/\",\"logo\":{\"@type\":\"ImageObject\",\"inLanguage\":\"de\",\"@id\":\"https:\/\/now-news.de\/de\/#\/schema\/logo\/image\/\",\"url\":\"http:\/\/just-now.news\/de\/wp-content\/uploads\/sites\/3\/2022\/04\/logo500x500.jpg\",\"contentUrl\":\"http:\/\/just-now.news\/de\/wp-content\/uploads\/sites\/3\/2022\/04\/logo500x500.jpg\",\"width\":500,\"height\":500,\"caption\":\"Just Now News\"},\"image\":{\"@id\":\"https:\/\/now-news.de\/de\/#\/schema\/logo\/image\/\"},\"sameAs\":[\"https:\/\/www.facebook.com\/wirmachenauf\",\"https:\/\/x.com\/WirMachenAuf_de\"]},{\"@type\":\"Person\",\"@id\":\"https:\/\/now-news.de\/de\/#\/schema\/person\/fb534a4e865501d8b3285208df34a9b5\",\"name\":\"rtnews\",\"image\":{\"@type\":\"ImageObject\",\"inLanguage\":\"de\",\"@id\":\"https:\/\/now-news.de\/de\/#\/schema\/person\/image\/\",\"url\":\"https:\/\/secure.gravatar.com\/avatar\/82aafea7d8127119dd649515f56e2117?s=96&d=mm&r=g\",\"contentUrl\":\"https:\/\/secure.gravatar.com\/avatar\/82aafea7d8127119dd649515f56e2117?s=96&d=mm&r=g\",\"caption\":\"rtnews\"},\"url\":\"https:\/\/now-news.de\/de\/author\/rnews\/\"}]}<\/script>\n<!-- \/ Yoast SEO Premium plugin. -->","yoast_head_json":{"title":"In Deutschland hat gerade die letzte Schlacht des Kalten Krieges stattgefunden - just-now.NEWS Deutschland","robots":{"index":"index","follow":"follow","max-snippet":"max-snippet:-1","max-image-preview":"max-image-preview:large","max-video-preview":"max-video-preview:-1"},"canonical":"https:\/\/now-news.de\/de\/deutschland\/in-deutschland-hat-gerade-die-letzte-schlacht-des-kalten-krieges-stattgefunden\/","og_locale":"de_DE","og_type":"article","og_title":"In Deutschland hat gerade die letzte Schlacht des Kalten Krieges stattgefunden","og_description":"Die Transatlantiker in Europa wissen nicht, wie ihnen geschieht. Sie wollen krampfhaft an der Konfrontation mit Moskau und den alten Feindbildern festhalten. Aber das Washington unter Trump ist l\u00e4ngst weiter. So zerschlagen sich die Illusionen der EU, w\u00e4hrend die USA vorankommen. Von Fjodor Lukjanow Die diesj\u00e4hrige M\u00fcnchner Sicherheitskonferenz erregte genauso viel Aufmerksamkeit wie vor 18 [&hellip;]","og_url":"https:\/\/now-news.de\/de\/deutschland\/in-deutschland-hat-gerade-die-letzte-schlacht-des-kalten-krieges-stattgefunden\/","og_site_name":"just-now.NEWS Deutschland","article_publisher":"https:\/\/www.facebook.com\/wirmachenauf","article_published_time":"2025-02-21T18:56:01+00:00","og_image":[{"url":"https:\/\/now-news.de\/de\/wp-content\/uploads\/sites\/3\/2025\/02\/67b60e5c48fbef140f339a24.jpg"}],"author":"rtnews","twitter_card":"summary_large_image","twitter_creator":"@WirMachenAuf_de","twitter_site":"@WirMachenAuf_de","twitter_misc":{"Verfasst von":"rtnews","Gesch\u00e4tzte Lesezeit":"6\u00a0Minuten"},"schema":{"@context":"https:\/\/schema.org","@graph":[{"@type":"Article","@id":"https:\/\/now-news.de\/de\/deutschland\/in-deutschland-hat-gerade-die-letzte-schlacht-des-kalten-krieges-stattgefunden\/#article","isPartOf":{"@id":"https:\/\/now-news.de\/de\/deutschland\/in-deutschland-hat-gerade-die-letzte-schlacht-des-kalten-krieges-stattgefunden\/"},"author":{"name":"rtnews","@id":"https:\/\/now-news.de\/de\/#\/schema\/person\/fb534a4e865501d8b3285208df34a9b5"},"headline":"In Deutschland hat gerade die letzte Schlacht des Kalten Krieges stattgefunden","datePublished":"2025-02-21T18:56:01+00:00","dateModified":"2025-02-21T18:56:01+00:00","mainEntityOfPage":{"@id":"https:\/\/now-news.de\/de\/deutschland\/in-deutschland-hat-gerade-die-letzte-schlacht-des-kalten-krieges-stattgefunden\/"},"wordCount":1182,"commentCount":0,"publisher":{"@id":"https:\/\/now-news.de\/de\/#organization"},"image":{"@id":"https:\/\/now-news.de\/de\/deutschland\/in-deutschland-hat-gerade-die-letzte-schlacht-des-kalten-krieges-stattgefunden\/#primaryimage"},"thumbnailUrl":"https:\/\/now-news.de\/de\/wp-content\/uploads\/sites\/3\/2025\/02\/In-Deutschland-hat-gerade-die-letzte-Schlacht-des-Kalten-Krieges.jpg","keywords":["des","Deutschland","die","gerade","hat","Kalten","Krieges","letzte","Schlacht","stattgefunden"],"articleSection":["Deutschland","Russland"],"inLanguage":"de","potentialAction":[{"@type":"CommentAction","name":"Comment","target":["https:\/\/now-news.de\/de\/deutschland\/in-deutschland-hat-gerade-die-letzte-schlacht-des-kalten-krieges-stattgefunden\/#respond"]}]},{"@type":"WebPage","@id":"https:\/\/now-news.de\/de\/deutschland\/in-deutschland-hat-gerade-die-letzte-schlacht-des-kalten-krieges-stattgefunden\/","url":"https:\/\/now-news.de\/de\/deutschland\/in-deutschland-hat-gerade-die-letzte-schlacht-des-kalten-krieges-stattgefunden\/","name":"In Deutschland hat gerade die letzte Schlacht des Kalten Krieges stattgefunden - just-now.NEWS Deutschland","isPartOf":{"@id":"https:\/\/now-news.de\/de\/#website"},"primaryImageOfPage":{"@id":"https:\/\/now-news.de\/de\/deutschland\/in-deutschland-hat-gerade-die-letzte-schlacht-des-kalten-krieges-stattgefunden\/#primaryimage"},"image":{"@id":"https:\/\/now-news.de\/de\/deutschland\/in-deutschland-hat-gerade-die-letzte-schlacht-des-kalten-krieges-stattgefunden\/#primaryimage"},"thumbnailUrl":"https:\/\/now-news.de\/de\/wp-content\/uploads\/sites\/3\/2025\/02\/In-Deutschland-hat-gerade-die-letzte-Schlacht-des-Kalten-Krieges.jpg","datePublished":"2025-02-21T18:56:01+00:00","dateModified":"2025-02-21T18:56:01+00:00","breadcrumb":{"@id":"https:\/\/now-news.de\/de\/deutschland\/in-deutschland-hat-gerade-die-letzte-schlacht-des-kalten-krieges-stattgefunden\/#breadcrumb"},"inLanguage":"de","potentialAction":[{"@type":"ReadAction","target":["https:\/\/now-news.de\/de\/deutschland\/in-deutschland-hat-gerade-die-letzte-schlacht-des-kalten-krieges-stattgefunden\/"]}]},{"@type":"ImageObject","inLanguage":"de","@id":"https:\/\/now-news.de\/de\/deutschland\/in-deutschland-hat-gerade-die-letzte-schlacht-des-kalten-krieges-stattgefunden\/#primaryimage","url":"https:\/\/now-news.de\/de\/wp-content\/uploads\/sites\/3\/2025\/02\/In-Deutschland-hat-gerade-die-letzte-Schlacht-des-Kalten-Krieges.jpg","contentUrl":"https:\/\/now-news.de\/de\/wp-content\/uploads\/sites\/3\/2025\/02\/In-Deutschland-hat-gerade-die-letzte-Schlacht-des-Kalten-Krieges.jpg","width":460,"height":259,"caption":"In Deutschland hat gerade die letzte Schlacht des Kalten Krieges stattgefunden"},{"@type":"BreadcrumbList","@id":"https:\/\/now-news.de\/de\/deutschland\/in-deutschland-hat-gerade-die-letzte-schlacht-des-kalten-krieges-stattgefunden\/#breadcrumb","itemListElement":[{"@type":"ListItem","position":1,"name":"Home","item":"https:\/\/now-news.de\/de\/"},{"@type":"ListItem","position":2,"name":"In Deutschland hat gerade die letzte Schlacht des Kalten Krieges stattgefunden"}]},{"@type":"WebSite","@id":"https:\/\/now-news.de\/de\/#website","url":"https:\/\/now-news.de\/de\/","name":"just-now.NEWS Deutschland","description":"Das Portal f\u00fcr unzensierte Nachrichten aus der Welt","publisher":{"@id":"https:\/\/now-news.de\/de\/#organization"},"potentialAction":[{"@type":"SearchAction","target":{"@type":"EntryPoint","urlTemplate":"https:\/\/now-news.de\/de\/?s={search_term_string}"},"query-input":"required name=search_term_string"}],"inLanguage":"de"},{"@type":"Organization","@id":"https:\/\/now-news.de\/de\/#organization","name":"Just Now News","url":"https:\/\/now-news.de\/de\/","logo":{"@type":"ImageObject","inLanguage":"de","@id":"https:\/\/now-news.de\/de\/#\/schema\/logo\/image\/","url":"http:\/\/just-now.news\/de\/wp-content\/uploads\/sites\/3\/2022\/04\/logo500x500.jpg","contentUrl":"http:\/\/just-now.news\/de\/wp-content\/uploads\/sites\/3\/2022\/04\/logo500x500.jpg","width":500,"height":500,"caption":"Just Now News"},"image":{"@id":"https:\/\/now-news.de\/de\/#\/schema\/logo\/image\/"},"sameAs":["https:\/\/www.facebook.com\/wirmachenauf","https:\/\/x.com\/WirMachenAuf_de"]},{"@type":"Person","@id":"https:\/\/now-news.de\/de\/#\/schema\/person\/fb534a4e865501d8b3285208df34a9b5","name":"rtnews","image":{"@type":"ImageObject","inLanguage":"de","@id":"https:\/\/now-news.de\/de\/#\/schema\/person\/image\/","url":"https:\/\/secure.gravatar.com\/avatar\/82aafea7d8127119dd649515f56e2117?s=96&d=mm&r=g","contentUrl":"https:\/\/secure.gravatar.com\/avatar\/82aafea7d8127119dd649515f56e2117?s=96&d=mm&r=g","caption":"rtnews"},"url":"https:\/\/now-news.de\/de\/author\/rnews\/"}]}},"_links":{"self":[{"href":"https:\/\/now-news.de\/de\/wp-json\/wp\/v2\/posts\/78985"}],"collection":[{"href":"https:\/\/now-news.de\/de\/wp-json\/wp\/v2\/posts"}],"about":[{"href":"https:\/\/now-news.de\/de\/wp-json\/wp\/v2\/types\/post"}],"author":[{"embeddable":true,"href":"https:\/\/now-news.de\/de\/wp-json\/wp\/v2\/users\/3"}],"replies":[{"embeddable":true,"href":"https:\/\/now-news.de\/de\/wp-json\/wp\/v2\/comments?post=78985"}],"version-history":[{"count":0,"href":"https:\/\/now-news.de\/de\/wp-json\/wp\/v2\/posts\/78985\/revisions"}],"wp:featuredmedia":[{"embeddable":true,"href":"https:\/\/now-news.de\/de\/wp-json\/wp\/v2\/media\/78986"}],"wp:attachment":[{"href":"https:\/\/now-news.de\/de\/wp-json\/wp\/v2\/media?parent=78985"}],"wp:term":[{"taxonomy":"category","embeddable":true,"href":"https:\/\/now-news.de\/de\/wp-json\/wp\/v2\/categories?post=78985"},{"taxonomy":"post_tag","embeddable":true,"href":"https:\/\/now-news.de\/de\/wp-json\/wp\/v2\/tags?post=78985"}],"curies":[{"name":"wp","href":"https:\/\/api.w.org\/{rel}","templated":true}]}}