{"id":78979,"date":"2025-02-21T18:49:45","date_gmt":"2025-02-21T16:49:45","guid":{"rendered":"https:\/\/now-news.de\/de\/deutschland\/vance-debatte-der-repressive-deutsche-staat\/"},"modified":"2025-02-21T18:49:45","modified_gmt":"2025-02-21T16:49:45","slug":"vance-debatte-der-repressive-deutsche-staat","status":"publish","type":"post","link":"https:\/\/now-news.de\/de\/deutschland\/vance-debatte-der-repressive-deutsche-staat\/","title":{"rendered":"Vance-Debatte: Der repressive deutsche Staat"},"content":{"rendered":"<p><img decoding=\"async\" src=\"https:\/\/now-news.de\/de\/wp-content\/uploads\/sites\/3\/2025\/02\/67b894d6b480cc2225368c02.jpg\" \/><\/p>\n<div class=\"Text-root Text-type_1 \">\n                Ist Deutschland ein repressiver Staat? Das Geflecht der Finanzierung von NGOs und das Kooptieren von Medien deutet in diese Richtung. Die etablierten Parteien wirken nicht mehr an der Willensbildung mit, sondern geben den politischen Willen vor. Das sind Merkmale autorit\u00e4rer Systeme.\n            <\/div>\n<p><\/p>\n<div class=\"Text-root Text-type_5 ArticleView-text ViewText-root \">\n<p><em>Von Gert Ewen Ungar<\/em><\/p>\n<p>US-Vizepr\u00e4sident J.D. Vance h\u00e4lt Deutschland f\u00fcr einen repressiven Staat, in dem demokratische Kultur nicht verwirklicht ist. Die Meinungsfreiheit ist beschr\u00e4nkt, die Pressefreiheit ist faktisch abgeschafft, es herrscht ein umfassendes System der Kontrolle, Disziplinierung und Einsch\u00fcchterung. Das ist alles richtig.\u00a0<\/p>\n<p>Die Frage ist, wie diese Repression funktioniert? Und es stellt sich die Frage, wieso es erneut dazu kommen konnte, denn es ist f\u00fcr Deutschland und die Deutschen nicht die erste Erfahrung von Autoritarismus. Jedes Mal geloben sie danach Besserung, nur um dann wieder dort zu stehen, wo sie eigentlich nie wieder stehen wollten. Jetzt ist es wieder soweit.<\/p>\n<p>Deutschland bekommt es von au\u00dfen gesagt. Die Beweise sind offenkundig, doch die deutsche Politik leugnet die real existierenden deutschen Zust\u00e4nde weiter vehement.\u00a0Zentral verantwortlich f\u00fcr die konkreten repressiven Ma\u00dfnahmen, aber auch f\u00fcr das Klima der Angst und des Misstrauens in Deutschland ist nat\u00fcrlich genau jene Politik, die all die Repression leugnet.\u00a0<\/p>\n<p>Viel l\u00e4uft im Verborgenen. Bei Kontok\u00fcndigungen ist es schwer, ihren Einfluss nachzuweisen, auch wenn evident ist, dass es ihn gibt. Die hohe Zahl willk\u00fcrlicher Kontok\u00fcndigungen gegen\u00fcber kritischen Journalisten, unabh\u00e4ngigen Medienunternehmen und ungehorsamen B\u00fcrgern ist ohne politische Einflussnahme nicht erkl\u00e4rbar. Derartige verdeckte Ma\u00dfnahmen sind typisch f\u00fcr autorit\u00e4re, repressive Staaten. Deutsche Politik greift zu diesem Mittel. Vance hat daher vollkommen recht. Sein Buch hat der Ullstein-Verlag \u00fcbrigens aus dem Sortiment gekickt. Der Verlag findet Vance &#8220;problematisch&#8221;. Besser als durch diese Ma\u00dfnahme l\u00e4sst sich wohl kaum illustrieren, dass Vance richtig liegt.\u00a0<\/p>\n<p>Offen zutage liegt die politische Einflussnahme auf Ebene der NGOs und Medien. Dort ist die politische Steuerung direkt nachweisbar: 182 Millionen Euro l\u00e4sst sich die Bundesregierung beispielsweise das Programm &#8220;Demokratie leben&#8221; im Jahr 2025 kosten. Das Programm existiert seit 2015. Es diene der Demokratief\u00f6rderung, behauptet das verantwortliche Familienministerium unter der F\u00fchrung von Lisa Paus (Gr\u00fcne).\u00a0<\/p>\n<p>Wer etwas genauer hinschaut, stellt schnell fest, gef\u00f6rdert wird hier vor allem Ideologie. Demokratie bleibt dagegen auf der Strecke. Es geht um die Implementierung einer vorgegebenen politischen und vor allem ideologischen Agenda, die selbst nicht infrage oder zur Diskussion gestellt wird. Die Bundesregierung gibt \u00fcber die F\u00f6rderung von NGOs und Projekten vor, was in Deutschland gedacht werden soll und wer aufgrund seiner abweichenden Meinung ausgegrenzt werden darf.<\/p>\n<p>Was nicht zur politischen Agenda der Bundesregierung passt, wird nicht gef\u00f6rdert. Das f\u00fchrt zu paradoxen Effekten. Wer von der Finanzierung profitieren will, muss sich den Vorgaben anpassen. Also bieten auch Gemeinden wie das auf der Ostalb gelegene Schw\u00e4bisch Gm\u00fcnd\u00a0<a rel=\"nofollow noopener\" target=\"_blank\" href=\"https:\/\/www.pfd-ostalb.de\/igwr\/gmuender-geschichtswerkstatt-einhorn-sucht-regenbogen\/\">F\u00fchrungen<\/a>\u00a0auf den Spuren queeren Lebens an. Was tut man nicht alles f\u00fcr Geld.<\/p>\n<p>Gef\u00f6rdert wird so nicht die Diskussion \u00fcber Politik und gesellschaftspolitische Themen, sondern die Durchsetzung einer konkreten Ideologie. Das ist nicht demokratisch und dient auch nicht der demokratischen Kultur.\u00a0\u00a0<\/p>\n<p>Die etablierten politischen Parteien in Deutschland haben den Kompass v\u00f6llig verloren. Sie kehren die Verh\u00e4ltnisse um. Die Parteien wirken bei der politischen Willensbildung mit, steht im Grundgesetz, aber sie geben den politischen Willen nicht vor. Wenn eine Regierung durch die Finanzierung von Organisationen und die Allianz mit Medien den Menschen im Land vorgibt, was im Staat zu denken ist, dann hat diese Regierung den Boden der Demokratie verlassen. Genau das ist aber, was in Deutschland passiert.\u00a0<\/p>\n<p>Wenn dieser Staat dann zudem Demonstrationen unterst\u00fctzt, die sich offen gegen die Opposition und gegen Andersdenkende richten, dann ist die Grenze zum Autoritarismus \u00fcberschritten. Man marschiert in Deutschland nicht mehr in Reih und Glied, aber man marschiert.\u00a0<\/p>\n<p>Wenn zu all dem noch ein System der Zensur hinzukommt, dann handelt es sich ganz ohne Zweifel um einen totalit\u00e4ren Staat. Es gibt da wenig dran zu deuteln. Daran \u00e4ndert auch nicht, dass sich gesellschaftliche Schichten in Deutschland f\u00fcr den Umgang mit LGBT, f\u00fcr ihre Refugees-Welcome-Kultur und f\u00fcr ihr Bekenntnis zu Israel f\u00fcr besonders liberal, links und weltoffen halten. Sie machen sich da etwas vor, denn daran bemisst sich Freiheit nicht. Der Ma\u00dfstab f\u00fcr Freiheit ist nicht der Mitl\u00e4ufer. Mitl\u00e4ufer f\u00fchlen sich in jedem System wohl und frei. Die Freiheit bemisst sich immer an der Freiheit der Andersdenkenden, hat uns Rosa Luxemburg mit auf den Weg gegeben. Und um die Freiheit der Andersdenkenden ist es in Deutschland extrem schlecht bestellt.<\/p>\n<p><strong>Mehr zum Thema<\/strong>\u00a0\u2013\u00a0<a rel=\"nofollow noopener\" target=\"_blank\" href=\"https:\/\/freedert.online\/europa\/237195-ist-orwellsch-us-vize-vance\/\">&#8220;Das ist orwellsch&#8221;: US-Vize Vance \u00fcber Vorgehen deutscher Beh\u00f6rden gegen eigene B\u00fcrger<\/a><\/p>\n<div class=\"EmbedBlock-root EmbedBlock-externalVideo EmbedBlock-rumble\">\n<div class=\"VkEmbed\"><iframe class=\"lazyload\" data-src=\"https:\/\/rumble.com\/embed\/v6lbqh3\" frameborder=\"0\" width=\"853\" height=\"480\" allowfullscreen><\/iframe><\/div>\n<\/div>\n<\/div>\n<p><br \/>\n<br \/><a href=\"https:\/\/de.rt.com\/meinung\/237548-vance-debatte-repressive-deutsche-staat\/\">Source link <\/a><\/p>\n","protected":false},"excerpt":{"rendered":"<p>Ist Deutschland ein repressiver Staat? Das Geflecht der Finanzierung von NGOs und das Kooptieren von Medien deutet in diese Richtung. Die etablierten Parteien wirken nicht mehr an der Willensbildung mit, sondern geben den politischen Willen vor. Das sind Merkmale autorit\u00e4rer Systeme. Von Gert Ewen Ungar US-Vizepr\u00e4sident J.D. Vance h\u00e4lt Deutschland f\u00fcr einen repressiven Staat, in [&hellip;]<\/p>\n","protected":false},"author":3,"featured_media":78980,"comment_status":"open","ping_status":"open","sticky":false,"template":"","format":"standard","meta":{"_yoast_indexnow_last_ping":["1740156650"],"wp_automatic_camp":["217"],"291008d9adebe5d2758cd806cdd1352d":["Vance-Debatte: Der repressive deutsche Staat"],"original_link":["https:\/\/de.rt.com\/meinung\/237548-vance-debatte-repressive-deutsche-staat\/"],"_thumbnail_id":["78980"],"jnews_social_counter_last_update":["1777416965"],"_wptgpro_p2tg_sent2tg":["a:1:{i:23737;s:19:\"2025-02-21 18:51:59\";}"]},"categories":[19,23],"tags":[82,2374,62938,177,62937],"yoast_head":"<!-- This site is optimized with the Yoast SEO Premium plugin v22.7 (Yoast SEO v22.7) - https:\/\/yoast.com\/wordpress\/plugins\/seo\/ -->\n<title>Vance-Debatte: Der repressive deutsche Staat - just-now.NEWS Deutschland<\/title>\n<meta name=\"robots\" content=\"index, follow, max-snippet:-1, max-image-preview:large, max-video-preview:-1\" \/>\n<link rel=\"canonical\" href=\"https:\/\/now-news.de\/de\/deutschland\/vance-debatte-der-repressive-deutsche-staat\/\" \/>\n<meta property=\"og:locale\" content=\"de_DE\" \/>\n<meta property=\"og:type\" content=\"article\" \/>\n<meta property=\"og:title\" content=\"Vance-Debatte: Der repressive deutsche Staat\" \/>\n<meta property=\"og:description\" content=\"Ist Deutschland ein repressiver Staat? Das Geflecht der Finanzierung von NGOs und das Kooptieren von Medien deutet in diese Richtung. Die etablierten Parteien wirken nicht mehr an der Willensbildung mit, sondern geben den politischen Willen vor. Das sind Merkmale autorit\u00e4rer Systeme. Von Gert Ewen Ungar US-Vizepr\u00e4sident J.D. Vance h\u00e4lt Deutschland f\u00fcr einen repressiven Staat, in [&hellip;]\" \/>\n<meta property=\"og:url\" content=\"https:\/\/now-news.de\/de\/deutschland\/vance-debatte-der-repressive-deutsche-staat\/\" \/>\n<meta property=\"og:site_name\" content=\"just-now.NEWS Deutschland\" \/>\n<meta property=\"article:publisher\" content=\"https:\/\/www.facebook.com\/wirmachenauf\" \/>\n<meta property=\"article:published_time\" content=\"2025-02-21T16:49:45+00:00\" \/>\n<meta property=\"og:image\" content=\"https:\/\/now-news.de\/de\/wp-content\/uploads\/sites\/3\/2025\/02\/67b894d6b480cc2225368c02.jpg\" \/>\n<meta name=\"author\" content=\"rtnews\" \/>\n<meta name=\"twitter:card\" content=\"summary_large_image\" \/>\n<meta name=\"twitter:creator\" content=\"@WirMachenAuf_de\" \/>\n<meta name=\"twitter:site\" content=\"@WirMachenAuf_de\" \/>\n<meta name=\"twitter:label1\" content=\"Verfasst von\" \/>\n\t<meta name=\"twitter:data1\" content=\"rtnews\" \/>\n\t<meta name=\"twitter:label2\" content=\"Gesch\u00e4tzte Lesezeit\" \/>\n\t<meta name=\"twitter:data2\" content=\"4\u00a0Minuten\" \/>\n<script type=\"application\/ld+json\" class=\"yoast-schema-graph\">{\"@context\":\"https:\/\/schema.org\",\"@graph\":[{\"@type\":\"Article\",\"@id\":\"https:\/\/now-news.de\/de\/deutschland\/vance-debatte-der-repressive-deutsche-staat\/#article\",\"isPartOf\":{\"@id\":\"https:\/\/now-news.de\/de\/deutschland\/vance-debatte-der-repressive-deutsche-staat\/\"},\"author\":{\"name\":\"rtnews\",\"@id\":\"https:\/\/now-news.de\/de\/#\/schema\/person\/fb534a4e865501d8b3285208df34a9b5\"},\"headline\":\"Vance-Debatte: Der repressive deutsche Staat\",\"datePublished\":\"2025-02-21T16:49:45+00:00\",\"dateModified\":\"2025-02-21T16:49:45+00:00\",\"mainEntityOfPage\":{\"@id\":\"https:\/\/now-news.de\/de\/deutschland\/vance-debatte-der-repressive-deutsche-staat\/\"},\"wordCount\":792,\"commentCount\":0,\"publisher\":{\"@id\":\"https:\/\/now-news.de\/de\/#organization\"},\"image\":{\"@id\":\"https:\/\/now-news.de\/de\/deutschland\/vance-debatte-der-repressive-deutsche-staat\/#primaryimage\"},\"thumbnailUrl\":\"https:\/\/now-news.de\/de\/wp-content\/uploads\/sites\/3\/2025\/02\/Vance-Debatte-Der-repressive-deutsche-Staat.jpg\",\"keywords\":[\"der\",\"Deutsche\",\"repressive\",\"Staat\",\"VanceDebatte\"],\"articleSection\":[\"Deutschland\",\"Russland\"],\"inLanguage\":\"de\",\"potentialAction\":[{\"@type\":\"CommentAction\",\"name\":\"Comment\",\"target\":[\"https:\/\/now-news.de\/de\/deutschland\/vance-debatte-der-repressive-deutsche-staat\/#respond\"]}]},{\"@type\":\"WebPage\",\"@id\":\"https:\/\/now-news.de\/de\/deutschland\/vance-debatte-der-repressive-deutsche-staat\/\",\"url\":\"https:\/\/now-news.de\/de\/deutschland\/vance-debatte-der-repressive-deutsche-staat\/\",\"name\":\"Vance-Debatte: Der repressive deutsche Staat - just-now.NEWS Deutschland\",\"isPartOf\":{\"@id\":\"https:\/\/now-news.de\/de\/#website\"},\"primaryImageOfPage\":{\"@id\":\"https:\/\/now-news.de\/de\/deutschland\/vance-debatte-der-repressive-deutsche-staat\/#primaryimage\"},\"image\":{\"@id\":\"https:\/\/now-news.de\/de\/deutschland\/vance-debatte-der-repressive-deutsche-staat\/#primaryimage\"},\"thumbnailUrl\":\"https:\/\/now-news.de\/de\/wp-content\/uploads\/sites\/3\/2025\/02\/Vance-Debatte-Der-repressive-deutsche-Staat.jpg\",\"datePublished\":\"2025-02-21T16:49:45+00:00\",\"dateModified\":\"2025-02-21T16:49:45+00:00\",\"breadcrumb\":{\"@id\":\"https:\/\/now-news.de\/de\/deutschland\/vance-debatte-der-repressive-deutsche-staat\/#breadcrumb\"},\"inLanguage\":\"de\",\"potentialAction\":[{\"@type\":\"ReadAction\",\"target\":[\"https:\/\/now-news.de\/de\/deutschland\/vance-debatte-der-repressive-deutsche-staat\/\"]}]},{\"@type\":\"ImageObject\",\"inLanguage\":\"de\",\"@id\":\"https:\/\/now-news.de\/de\/deutschland\/vance-debatte-der-repressive-deutsche-staat\/#primaryimage\",\"url\":\"https:\/\/now-news.de\/de\/wp-content\/uploads\/sites\/3\/2025\/02\/Vance-Debatte-Der-repressive-deutsche-Staat.jpg\",\"contentUrl\":\"https:\/\/now-news.de\/de\/wp-content\/uploads\/sites\/3\/2025\/02\/Vance-Debatte-Der-repressive-deutsche-Staat.jpg\",\"width\":460,\"height\":259,\"caption\":\"Vance-Debatte: Der repressive deutsche Staat\"},{\"@type\":\"BreadcrumbList\",\"@id\":\"https:\/\/now-news.de\/de\/deutschland\/vance-debatte-der-repressive-deutsche-staat\/#breadcrumb\",\"itemListElement\":[{\"@type\":\"ListItem\",\"position\":1,\"name\":\"Home\",\"item\":\"https:\/\/now-news.de\/de\/\"},{\"@type\":\"ListItem\",\"position\":2,\"name\":\"Vance-Debatte: Der repressive deutsche Staat\"}]},{\"@type\":\"WebSite\",\"@id\":\"https:\/\/now-news.de\/de\/#website\",\"url\":\"https:\/\/now-news.de\/de\/\",\"name\":\"just-now.NEWS Deutschland\",\"description\":\"Das Portal f\u00fcr unzensierte Nachrichten aus der Welt\",\"publisher\":{\"@id\":\"https:\/\/now-news.de\/de\/#organization\"},\"potentialAction\":[{\"@type\":\"SearchAction\",\"target\":{\"@type\":\"EntryPoint\",\"urlTemplate\":\"https:\/\/now-news.de\/de\/?s={search_term_string}\"},\"query-input\":\"required name=search_term_string\"}],\"inLanguage\":\"de\"},{\"@type\":\"Organization\",\"@id\":\"https:\/\/now-news.de\/de\/#organization\",\"name\":\"Just Now News\",\"url\":\"https:\/\/now-news.de\/de\/\",\"logo\":{\"@type\":\"ImageObject\",\"inLanguage\":\"de\",\"@id\":\"https:\/\/now-news.de\/de\/#\/schema\/logo\/image\/\",\"url\":\"http:\/\/just-now.news\/de\/wp-content\/uploads\/sites\/3\/2022\/04\/logo500x500.jpg\",\"contentUrl\":\"http:\/\/just-now.news\/de\/wp-content\/uploads\/sites\/3\/2022\/04\/logo500x500.jpg\",\"width\":500,\"height\":500,\"caption\":\"Just Now News\"},\"image\":{\"@id\":\"https:\/\/now-news.de\/de\/#\/schema\/logo\/image\/\"},\"sameAs\":[\"https:\/\/www.facebook.com\/wirmachenauf\",\"https:\/\/x.com\/WirMachenAuf_de\"]},{\"@type\":\"Person\",\"@id\":\"https:\/\/now-news.de\/de\/#\/schema\/person\/fb534a4e865501d8b3285208df34a9b5\",\"name\":\"rtnews\",\"image\":{\"@type\":\"ImageObject\",\"inLanguage\":\"de\",\"@id\":\"https:\/\/now-news.de\/de\/#\/schema\/person\/image\/\",\"url\":\"https:\/\/secure.gravatar.com\/avatar\/82aafea7d8127119dd649515f56e2117?s=96&d=mm&r=g\",\"contentUrl\":\"https:\/\/secure.gravatar.com\/avatar\/82aafea7d8127119dd649515f56e2117?s=96&d=mm&r=g\",\"caption\":\"rtnews\"},\"url\":\"https:\/\/now-news.de\/de\/author\/rnews\/\"}]}<\/script>\n<!-- \/ Yoast SEO Premium plugin. -->","yoast_head_json":{"title":"Vance-Debatte: Der repressive deutsche Staat - just-now.NEWS Deutschland","robots":{"index":"index","follow":"follow","max-snippet":"max-snippet:-1","max-image-preview":"max-image-preview:large","max-video-preview":"max-video-preview:-1"},"canonical":"https:\/\/now-news.de\/de\/deutschland\/vance-debatte-der-repressive-deutsche-staat\/","og_locale":"de_DE","og_type":"article","og_title":"Vance-Debatte: Der repressive deutsche Staat","og_description":"Ist Deutschland ein repressiver Staat? Das Geflecht der Finanzierung von NGOs und das Kooptieren von Medien deutet in diese Richtung. Die etablierten Parteien wirken nicht mehr an der Willensbildung mit, sondern geben den politischen Willen vor. Das sind Merkmale autorit\u00e4rer Systeme. Von Gert Ewen Ungar US-Vizepr\u00e4sident J.D. Vance h\u00e4lt Deutschland f\u00fcr einen repressiven Staat, in [&hellip;]","og_url":"https:\/\/now-news.de\/de\/deutschland\/vance-debatte-der-repressive-deutsche-staat\/","og_site_name":"just-now.NEWS Deutschland","article_publisher":"https:\/\/www.facebook.com\/wirmachenauf","article_published_time":"2025-02-21T16:49:45+00:00","og_image":[{"url":"https:\/\/now-news.de\/de\/wp-content\/uploads\/sites\/3\/2025\/02\/67b894d6b480cc2225368c02.jpg"}],"author":"rtnews","twitter_card":"summary_large_image","twitter_creator":"@WirMachenAuf_de","twitter_site":"@WirMachenAuf_de","twitter_misc":{"Verfasst von":"rtnews","Gesch\u00e4tzte Lesezeit":"4\u00a0Minuten"},"schema":{"@context":"https:\/\/schema.org","@graph":[{"@type":"Article","@id":"https:\/\/now-news.de\/de\/deutschland\/vance-debatte-der-repressive-deutsche-staat\/#article","isPartOf":{"@id":"https:\/\/now-news.de\/de\/deutschland\/vance-debatte-der-repressive-deutsche-staat\/"},"author":{"name":"rtnews","@id":"https:\/\/now-news.de\/de\/#\/schema\/person\/fb534a4e865501d8b3285208df34a9b5"},"headline":"Vance-Debatte: Der repressive deutsche Staat","datePublished":"2025-02-21T16:49:45+00:00","dateModified":"2025-02-21T16:49:45+00:00","mainEntityOfPage":{"@id":"https:\/\/now-news.de\/de\/deutschland\/vance-debatte-der-repressive-deutsche-staat\/"},"wordCount":792,"commentCount":0,"publisher":{"@id":"https:\/\/now-news.de\/de\/#organization"},"image":{"@id":"https:\/\/now-news.de\/de\/deutschland\/vance-debatte-der-repressive-deutsche-staat\/#primaryimage"},"thumbnailUrl":"https:\/\/now-news.de\/de\/wp-content\/uploads\/sites\/3\/2025\/02\/Vance-Debatte-Der-repressive-deutsche-Staat.jpg","keywords":["der","Deutsche","repressive","Staat","VanceDebatte"],"articleSection":["Deutschland","Russland"],"inLanguage":"de","potentialAction":[{"@type":"CommentAction","name":"Comment","target":["https:\/\/now-news.de\/de\/deutschland\/vance-debatte-der-repressive-deutsche-staat\/#respond"]}]},{"@type":"WebPage","@id":"https:\/\/now-news.de\/de\/deutschland\/vance-debatte-der-repressive-deutsche-staat\/","url":"https:\/\/now-news.de\/de\/deutschland\/vance-debatte-der-repressive-deutsche-staat\/","name":"Vance-Debatte: Der repressive deutsche Staat - just-now.NEWS Deutschland","isPartOf":{"@id":"https:\/\/now-news.de\/de\/#website"},"primaryImageOfPage":{"@id":"https:\/\/now-news.de\/de\/deutschland\/vance-debatte-der-repressive-deutsche-staat\/#primaryimage"},"image":{"@id":"https:\/\/now-news.de\/de\/deutschland\/vance-debatte-der-repressive-deutsche-staat\/#primaryimage"},"thumbnailUrl":"https:\/\/now-news.de\/de\/wp-content\/uploads\/sites\/3\/2025\/02\/Vance-Debatte-Der-repressive-deutsche-Staat.jpg","datePublished":"2025-02-21T16:49:45+00:00","dateModified":"2025-02-21T16:49:45+00:00","breadcrumb":{"@id":"https:\/\/now-news.de\/de\/deutschland\/vance-debatte-der-repressive-deutsche-staat\/#breadcrumb"},"inLanguage":"de","potentialAction":[{"@type":"ReadAction","target":["https:\/\/now-news.de\/de\/deutschland\/vance-debatte-der-repressive-deutsche-staat\/"]}]},{"@type":"ImageObject","inLanguage":"de","@id":"https:\/\/now-news.de\/de\/deutschland\/vance-debatte-der-repressive-deutsche-staat\/#primaryimage","url":"https:\/\/now-news.de\/de\/wp-content\/uploads\/sites\/3\/2025\/02\/Vance-Debatte-Der-repressive-deutsche-Staat.jpg","contentUrl":"https:\/\/now-news.de\/de\/wp-content\/uploads\/sites\/3\/2025\/02\/Vance-Debatte-Der-repressive-deutsche-Staat.jpg","width":460,"height":259,"caption":"Vance-Debatte: Der repressive deutsche Staat"},{"@type":"BreadcrumbList","@id":"https:\/\/now-news.de\/de\/deutschland\/vance-debatte-der-repressive-deutsche-staat\/#breadcrumb","itemListElement":[{"@type":"ListItem","position":1,"name":"Home","item":"https:\/\/now-news.de\/de\/"},{"@type":"ListItem","position":2,"name":"Vance-Debatte: Der repressive deutsche Staat"}]},{"@type":"WebSite","@id":"https:\/\/now-news.de\/de\/#website","url":"https:\/\/now-news.de\/de\/","name":"just-now.NEWS Deutschland","description":"Das Portal f\u00fcr unzensierte Nachrichten aus der Welt","publisher":{"@id":"https:\/\/now-news.de\/de\/#organization"},"potentialAction":[{"@type":"SearchAction","target":{"@type":"EntryPoint","urlTemplate":"https:\/\/now-news.de\/de\/?s={search_term_string}"},"query-input":"required name=search_term_string"}],"inLanguage":"de"},{"@type":"Organization","@id":"https:\/\/now-news.de\/de\/#organization","name":"Just Now News","url":"https:\/\/now-news.de\/de\/","logo":{"@type":"ImageObject","inLanguage":"de","@id":"https:\/\/now-news.de\/de\/#\/schema\/logo\/image\/","url":"http:\/\/just-now.news\/de\/wp-content\/uploads\/sites\/3\/2022\/04\/logo500x500.jpg","contentUrl":"http:\/\/just-now.news\/de\/wp-content\/uploads\/sites\/3\/2022\/04\/logo500x500.jpg","width":500,"height":500,"caption":"Just Now News"},"image":{"@id":"https:\/\/now-news.de\/de\/#\/schema\/logo\/image\/"},"sameAs":["https:\/\/www.facebook.com\/wirmachenauf","https:\/\/x.com\/WirMachenAuf_de"]},{"@type":"Person","@id":"https:\/\/now-news.de\/de\/#\/schema\/person\/fb534a4e865501d8b3285208df34a9b5","name":"rtnews","image":{"@type":"ImageObject","inLanguage":"de","@id":"https:\/\/now-news.de\/de\/#\/schema\/person\/image\/","url":"https:\/\/secure.gravatar.com\/avatar\/82aafea7d8127119dd649515f56e2117?s=96&d=mm&r=g","contentUrl":"https:\/\/secure.gravatar.com\/avatar\/82aafea7d8127119dd649515f56e2117?s=96&d=mm&r=g","caption":"rtnews"},"url":"https:\/\/now-news.de\/de\/author\/rnews\/"}]}},"_links":{"self":[{"href":"https:\/\/now-news.de\/de\/wp-json\/wp\/v2\/posts\/78979"}],"collection":[{"href":"https:\/\/now-news.de\/de\/wp-json\/wp\/v2\/posts"}],"about":[{"href":"https:\/\/now-news.de\/de\/wp-json\/wp\/v2\/types\/post"}],"author":[{"embeddable":true,"href":"https:\/\/now-news.de\/de\/wp-json\/wp\/v2\/users\/3"}],"replies":[{"embeddable":true,"href":"https:\/\/now-news.de\/de\/wp-json\/wp\/v2\/comments?post=78979"}],"version-history":[{"count":0,"href":"https:\/\/now-news.de\/de\/wp-json\/wp\/v2\/posts\/78979\/revisions"}],"wp:featuredmedia":[{"embeddable":true,"href":"https:\/\/now-news.de\/de\/wp-json\/wp\/v2\/media\/78980"}],"wp:attachment":[{"href":"https:\/\/now-news.de\/de\/wp-json\/wp\/v2\/media?parent=78979"}],"wp:term":[{"taxonomy":"category","embeddable":true,"href":"https:\/\/now-news.de\/de\/wp-json\/wp\/v2\/categories?post=78979"},{"taxonomy":"post_tag","embeddable":true,"href":"https:\/\/now-news.de\/de\/wp-json\/wp\/v2\/tags?post=78979"}],"curies":[{"name":"wp","href":"https:\/\/api.w.org\/{rel}","templated":true}]}}