{"id":78929,"date":"2025-02-20T21:00:19","date_gmt":"2025-02-20T19:00:19","guid":{"rendered":"https:\/\/now-news.de\/de\/deutschland\/is-ruft-in-sozialen-medien-zu-anschlaegen-in-deutschland-und-oesterreich-auf\/"},"modified":"2025-02-20T21:00:19","modified_gmt":"2025-02-20T19:00:19","slug":"is-ruft-in-sozialen-medien-zu-anschlaegen-in-deutschland-und-oesterreich-auf","status":"publish","type":"post","link":"https:\/\/now-news.de\/de\/deutschland\/is-ruft-in-sozialen-medien-zu-anschlaegen-in-deutschland-und-oesterreich-auf\/","title":{"rendered":"IS ruft in sozialen Medien zu Anschl\u00e4gen in Deutschland und \u00d6sterreich auf"},"content":{"rendered":"<p><img decoding=\"async\" src=\"https:\/\/now-news.de\/de\/wp-content\/uploads\/sites\/3\/2025\/02\/67b763ccb480cc3f0803d42c.jpg\" \/><\/p>\n<div class=\"Text-root Text-type_1 \">\n                Laut einem Bericht des Springerblatts Bild verbreitet der IS im Internet Aufrufe zu weiteren Auto-Anschl\u00e4gen in deutschen und \u00f6sterreichischen St\u00e4dten. Vor allem Einzelg\u00e4nger unter jungen Erwachsenen sollen als &#8220;einsame W\u00f6lfe &#8221; mobilisiert werden.\n            <\/div>\n<p><\/p>\n<div class=\"Text-root Text-type_5 ArticleView-text ViewText-root \">\n<p>Nach Angaben des Springerblatts <em>Bild<\/em> hat die Terrororganisation &#8220;Islamischer Staat&#8221; (IS) dazu aufgerufen, unter anderem in Deutschland weitere Anschl\u00e4ge mit Autos zu ver\u00fcben. Grund f\u00fcr die Warnungen ist die deutschsprachige Propaganda-Website &#8220;Al Saif Media&#8221;, auf die man beim Boulevardblatt k\u00fcrzlich stie\u00df.<\/p>\n<p>Auf der Seite werden explizit St\u00e4dte wie Berlin, M\u00fcnchen, Frankfurt, Wien, Br\u00fcssel, Antwerpen und Salzburg als potenzielle Ziele genannt. Auf der Website ist zudem eine Stra\u00dfe aus der Perspektive eines Fahrers durch die Windschutzscheibe zu sehen, auf den K\u00f6pfen der Passanten befinden sich Fadenkreuze. Auf dem Navigationsger\u00e4te des Autos ist zu lesen: &#8220;Worauf wartest du? Die Stra\u00dfen sind voller Ziele. \u00dcberfahre sie!!&#8221;<\/p>\n<p>Ein Staatssch\u00fctzer, der nicht namentlich genannt wurde, erkl\u00e4rte dem Boulevardblatt, dass sich diese Attentatsaufforderung aktuell sehr schnell unter Islamisten verbreite. Er erkl\u00e4rte auch: &#8220;Und die gef\u00e4hrliche Strategie des IS, sogenannte einsame W\u00f6lfe zu inspirieren, die dann pl\u00f6tzlich selbstradikalisiert irgendwo losschlagen, scheint nun wie bef\u00fcrchtet vermehrt aufzugehen. Das haben die letzten Monate mit den Anschl\u00e4gen in Mannheim, Solingen, Aschaffenburg, M\u00fcnchen und Villach gezeigt. Diese Terroristen waren nicht auf unserem Radar als m\u00f6gliche Gef\u00e4hrder.&#8221;<\/p>\n<p>Insbesondere jetzt, in der Karnevalszeit, zeigen sich die Sicherheitskr\u00e4fte besorgt. &#8220;Wir d\u00fcrfen uns nicht einsch\u00fcchtern lassen. Aber zur Wahrheit geh\u00f6rt auch: Man kann solche riesigen Umz\u00fcge und Stra\u00dfenfeste nicht komplett sch\u00fctzen&#8221;, warnt der Staatssch\u00fctzer.<\/p>\n<p>Besonders Jugendliche bereiten den Sicherheitskr\u00e4ften Sorgen. Diese seien in den sozialen Medien wie TikTok und Instagram &#8220;sehr empf\u00e4nglich f\u00fcr diese perfide Propaganda&#8221;. Wie der Beamte weiter erkl\u00e4rt, wurden in den vergangenen Monaten immer wieder Anschl\u00e4ge Minderj\u00e4hriger verhindert. Der IS spreche dabei auch junge, radikal wirkende Muslime gezielt \u00fcber pers\u00f6nliche Nachrichten \u00fcber Instagram-Profile an.<\/p>\n<p><strong>Mehr zum Thema \u2013<\/strong>\u00a0<a rel=\"nofollow noopener\" target=\"_blank\" href=\"https:\/\/freedert.online\/kurzclips\/video\/236907-hier-habe-ich-mich-immer\/\">&#8220;Hier habe ich mich immer sicher gef\u00fchlt&#8221; \u2013 M\u00fcnchner unter Schock nach Anschlag <\/a><\/p>\n<div class=\"EmbedBlock-root EmbedBlock-externalVideo EmbedBlock-rumble\">\n<div class=\"VkEmbed\"><iframe class=\"lazyload\" data-src=\"https:\/\/rumble.com\/embed\/v6ixyn7\" frameborder=\"0\" width=\"853\" height=\"480\" allowfullscreen><\/iframe><\/div>\n<\/div>\n<\/div>\n<p><br \/>\n<br \/><a href=\"https:\/\/de.rt.com\/europa\/237458-is-ruft-in-sozialen-medien\/\">Source link <\/a><\/p>\n","protected":false},"excerpt":{"rendered":"<p>Laut einem Bericht des Springerblatts Bild verbreitet der IS im Internet Aufrufe zu weiteren Auto-Anschl\u00e4gen in deutschen und \u00f6sterreichischen St\u00e4dten. Vor allem Einzelg\u00e4nger unter jungen Erwachsenen sollen als &#8220;einsame W\u00f6lfe &#8221; mobilisiert werden. Nach Angaben des Springerblatts Bild hat die Terrororganisation &#8220;Islamischer Staat&#8221; (IS) dazu aufgerufen, unter anderem in Deutschland weitere Anschl\u00e4ge mit Autos zu [&hellip;]<\/p>\n","protected":false},"author":3,"featured_media":78930,"comment_status":"open","ping_status":"open","sticky":false,"template":"","format":"standard","meta":{"_yoast_indexnow_last_ping":["1740078099"],"wp_automatic_camp":["217"],"a7fedc4d1afe26175d2d1375700e25e5":["IS ruft in sozialen Medien zu Anschl\u00e4gen in Deutschland und \u00d6sterreich auf"],"original_link":["https:\/\/de.rt.com\/europa\/237458-is-ruft-in-sozialen-medien\/"],"_thumbnail_id":["78930"],"jnews_social_counter_last_update":["1777642818"],"_wptgpro_p2tg_sent2tg":["a:1:{i:23737;s:19:\"2025-02-20 21:02:45\";}"]},"categories":[19,23],"tags":[3234,133,179,580,7290,6183,15975,140],"yoast_head":"<!-- This site is optimized with the Yoast SEO Premium plugin v22.7 (Yoast SEO v22.7) - https:\/\/yoast.com\/wordpress\/plugins\/seo\/ -->\n<title>IS ruft in sozialen Medien zu Anschl\u00e4gen in Deutschland und \u00d6sterreich auf - just-now.NEWS Deutschland<\/title>\n<meta name=\"robots\" content=\"index, follow, max-snippet:-1, max-image-preview:large, max-video-preview:-1\" \/>\n<link rel=\"canonical\" href=\"https:\/\/now-news.de\/de\/deutschland\/is-ruft-in-sozialen-medien-zu-anschlaegen-in-deutschland-und-oesterreich-auf\/\" \/>\n<meta property=\"og:locale\" content=\"de_DE\" \/>\n<meta property=\"og:type\" content=\"article\" \/>\n<meta property=\"og:title\" content=\"IS ruft in sozialen Medien zu Anschl\u00e4gen in Deutschland und \u00d6sterreich auf\" \/>\n<meta property=\"og:description\" content=\"Laut einem Bericht des Springerblatts Bild verbreitet der IS im Internet Aufrufe zu weiteren Auto-Anschl\u00e4gen in deutschen und \u00f6sterreichischen St\u00e4dten. Vor allem Einzelg\u00e4nger unter jungen Erwachsenen sollen als &#8220;einsame W\u00f6lfe &#8221; mobilisiert werden. Nach Angaben des Springerblatts Bild hat die Terrororganisation &#8220;Islamischer Staat&#8221; (IS) dazu aufgerufen, unter anderem in Deutschland weitere Anschl\u00e4ge mit Autos zu [&hellip;]\" \/>\n<meta property=\"og:url\" content=\"https:\/\/now-news.de\/de\/deutschland\/is-ruft-in-sozialen-medien-zu-anschlaegen-in-deutschland-und-oesterreich-auf\/\" \/>\n<meta property=\"og:site_name\" content=\"just-now.NEWS Deutschland\" \/>\n<meta property=\"article:publisher\" content=\"https:\/\/www.facebook.com\/wirmachenauf\" \/>\n<meta property=\"article:published_time\" content=\"2025-02-20T19:00:19+00:00\" \/>\n<meta property=\"og:image\" content=\"https:\/\/now-news.de\/de\/wp-content\/uploads\/sites\/3\/2025\/02\/67b763ccb480cc3f0803d42c.jpg\" \/>\n<meta name=\"author\" content=\"rtnews\" \/>\n<meta name=\"twitter:card\" content=\"summary_large_image\" \/>\n<meta name=\"twitter:creator\" content=\"@WirMachenAuf_de\" \/>\n<meta name=\"twitter:site\" content=\"@WirMachenAuf_de\" \/>\n<meta name=\"twitter:label1\" content=\"Verfasst von\" \/>\n\t<meta name=\"twitter:data1\" content=\"rtnews\" \/>\n\t<meta name=\"twitter:label2\" content=\"Gesch\u00e4tzte Lesezeit\" \/>\n\t<meta name=\"twitter:data2\" content=\"2\u00a0Minuten\" \/>\n<script type=\"application\/ld+json\" class=\"yoast-schema-graph\">{\"@context\":\"https:\/\/schema.org\",\"@graph\":[{\"@type\":\"Article\",\"@id\":\"https:\/\/now-news.de\/de\/deutschland\/is-ruft-in-sozialen-medien-zu-anschlaegen-in-deutschland-und-oesterreich-auf\/#article\",\"isPartOf\":{\"@id\":\"https:\/\/now-news.de\/de\/deutschland\/is-ruft-in-sozialen-medien-zu-anschlaegen-in-deutschland-und-oesterreich-auf\/\"},\"author\":{\"name\":\"rtnews\",\"@id\":\"https:\/\/now-news.de\/de\/#\/schema\/person\/fb534a4e865501d8b3285208df34a9b5\"},\"headline\":\"IS ruft in sozialen Medien zu Anschl\u00e4gen in Deutschland und \u00d6sterreich auf\",\"datePublished\":\"2025-02-20T19:00:19+00:00\",\"dateModified\":\"2025-02-20T19:00:19+00:00\",\"mainEntityOfPage\":{\"@id\":\"https:\/\/now-news.de\/de\/deutschland\/is-ruft-in-sozialen-medien-zu-anschlaegen-in-deutschland-und-oesterreich-auf\/\"},\"wordCount\":368,\"commentCount\":0,\"publisher\":{\"@id\":\"https:\/\/now-news.de\/de\/#organization\"},\"image\":{\"@id\":\"https:\/\/now-news.de\/de\/deutschland\/is-ruft-in-sozialen-medien-zu-anschlaegen-in-deutschland-und-oesterreich-auf\/#primaryimage\"},\"thumbnailUrl\":\"https:\/\/now-news.de\/de\/wp-content\/uploads\/sites\/3\/2025\/02\/IS-ruft-in-sozialen-Medien-zu-Anschlaegen-in-Deutschland-und.jpg\",\"keywords\":[\"Anschl\u00e4gen\",\"AUF\",\"Deutschland\",\"Medien\",\"\u00d6sterreich\",\"ruft\",\"sozialen\",\"und\"],\"articleSection\":[\"Deutschland\",\"Russland\"],\"inLanguage\":\"de\",\"potentialAction\":[{\"@type\":\"CommentAction\",\"name\":\"Comment\",\"target\":[\"https:\/\/now-news.de\/de\/deutschland\/is-ruft-in-sozialen-medien-zu-anschlaegen-in-deutschland-und-oesterreich-auf\/#respond\"]}]},{\"@type\":\"WebPage\",\"@id\":\"https:\/\/now-news.de\/de\/deutschland\/is-ruft-in-sozialen-medien-zu-anschlaegen-in-deutschland-und-oesterreich-auf\/\",\"url\":\"https:\/\/now-news.de\/de\/deutschland\/is-ruft-in-sozialen-medien-zu-anschlaegen-in-deutschland-und-oesterreich-auf\/\",\"name\":\"IS ruft in sozialen Medien zu Anschl\u00e4gen in Deutschland und \u00d6sterreich auf - just-now.NEWS Deutschland\",\"isPartOf\":{\"@id\":\"https:\/\/now-news.de\/de\/#website\"},\"primaryImageOfPage\":{\"@id\":\"https:\/\/now-news.de\/de\/deutschland\/is-ruft-in-sozialen-medien-zu-anschlaegen-in-deutschland-und-oesterreich-auf\/#primaryimage\"},\"image\":{\"@id\":\"https:\/\/now-news.de\/de\/deutschland\/is-ruft-in-sozialen-medien-zu-anschlaegen-in-deutschland-und-oesterreich-auf\/#primaryimage\"},\"thumbnailUrl\":\"https:\/\/now-news.de\/de\/wp-content\/uploads\/sites\/3\/2025\/02\/IS-ruft-in-sozialen-Medien-zu-Anschlaegen-in-Deutschland-und.jpg\",\"datePublished\":\"2025-02-20T19:00:19+00:00\",\"dateModified\":\"2025-02-20T19:00:19+00:00\",\"breadcrumb\":{\"@id\":\"https:\/\/now-news.de\/de\/deutschland\/is-ruft-in-sozialen-medien-zu-anschlaegen-in-deutschland-und-oesterreich-auf\/#breadcrumb\"},\"inLanguage\":\"de\",\"potentialAction\":[{\"@type\":\"ReadAction\",\"target\":[\"https:\/\/now-news.de\/de\/deutschland\/is-ruft-in-sozialen-medien-zu-anschlaegen-in-deutschland-und-oesterreich-auf\/\"]}]},{\"@type\":\"ImageObject\",\"inLanguage\":\"de\",\"@id\":\"https:\/\/now-news.de\/de\/deutschland\/is-ruft-in-sozialen-medien-zu-anschlaegen-in-deutschland-und-oesterreich-auf\/#primaryimage\",\"url\":\"https:\/\/now-news.de\/de\/wp-content\/uploads\/sites\/3\/2025\/02\/IS-ruft-in-sozialen-Medien-zu-Anschlaegen-in-Deutschland-und.jpg\",\"contentUrl\":\"https:\/\/now-news.de\/de\/wp-content\/uploads\/sites\/3\/2025\/02\/IS-ruft-in-sozialen-Medien-zu-Anschlaegen-in-Deutschland-und.jpg\",\"width\":460,\"height\":259,\"caption\":\"IS ruft in sozialen Medien zu Anschl\u00e4gen in Deutschland und \u00d6sterreich auf\"},{\"@type\":\"BreadcrumbList\",\"@id\":\"https:\/\/now-news.de\/de\/deutschland\/is-ruft-in-sozialen-medien-zu-anschlaegen-in-deutschland-und-oesterreich-auf\/#breadcrumb\",\"itemListElement\":[{\"@type\":\"ListItem\",\"position\":1,\"name\":\"Home\",\"item\":\"https:\/\/now-news.de\/de\/\"},{\"@type\":\"ListItem\",\"position\":2,\"name\":\"IS ruft in sozialen Medien zu Anschl\u00e4gen in Deutschland und \u00d6sterreich auf\"}]},{\"@type\":\"WebSite\",\"@id\":\"https:\/\/now-news.de\/de\/#website\",\"url\":\"https:\/\/now-news.de\/de\/\",\"name\":\"just-now.NEWS Deutschland\",\"description\":\"Das Portal f\u00fcr unzensierte Nachrichten aus der Welt\",\"publisher\":{\"@id\":\"https:\/\/now-news.de\/de\/#organization\"},\"potentialAction\":[{\"@type\":\"SearchAction\",\"target\":{\"@type\":\"EntryPoint\",\"urlTemplate\":\"https:\/\/now-news.de\/de\/?s={search_term_string}\"},\"query-input\":\"required name=search_term_string\"}],\"inLanguage\":\"de\"},{\"@type\":\"Organization\",\"@id\":\"https:\/\/now-news.de\/de\/#organization\",\"name\":\"Just Now News\",\"url\":\"https:\/\/now-news.de\/de\/\",\"logo\":{\"@type\":\"ImageObject\",\"inLanguage\":\"de\",\"@id\":\"https:\/\/now-news.de\/de\/#\/schema\/logo\/image\/\",\"url\":\"http:\/\/just-now.news\/de\/wp-content\/uploads\/sites\/3\/2022\/04\/logo500x500.jpg\",\"contentUrl\":\"http:\/\/just-now.news\/de\/wp-content\/uploads\/sites\/3\/2022\/04\/logo500x500.jpg\",\"width\":500,\"height\":500,\"caption\":\"Just Now News\"},\"image\":{\"@id\":\"https:\/\/now-news.de\/de\/#\/schema\/logo\/image\/\"},\"sameAs\":[\"https:\/\/www.facebook.com\/wirmachenauf\",\"https:\/\/x.com\/WirMachenAuf_de\"]},{\"@type\":\"Person\",\"@id\":\"https:\/\/now-news.de\/de\/#\/schema\/person\/fb534a4e865501d8b3285208df34a9b5\",\"name\":\"rtnews\",\"image\":{\"@type\":\"ImageObject\",\"inLanguage\":\"de\",\"@id\":\"https:\/\/now-news.de\/de\/#\/schema\/person\/image\/\",\"url\":\"https:\/\/secure.gravatar.com\/avatar\/82aafea7d8127119dd649515f56e2117?s=96&d=mm&r=g\",\"contentUrl\":\"https:\/\/secure.gravatar.com\/avatar\/82aafea7d8127119dd649515f56e2117?s=96&d=mm&r=g\",\"caption\":\"rtnews\"},\"url\":\"https:\/\/now-news.de\/de\/author\/rnews\/\"}]}<\/script>\n<!-- \/ Yoast SEO Premium plugin. -->","yoast_head_json":{"title":"IS ruft in sozialen Medien zu Anschl\u00e4gen in Deutschland und \u00d6sterreich auf - just-now.NEWS Deutschland","robots":{"index":"index","follow":"follow","max-snippet":"max-snippet:-1","max-image-preview":"max-image-preview:large","max-video-preview":"max-video-preview:-1"},"canonical":"https:\/\/now-news.de\/de\/deutschland\/is-ruft-in-sozialen-medien-zu-anschlaegen-in-deutschland-und-oesterreich-auf\/","og_locale":"de_DE","og_type":"article","og_title":"IS ruft in sozialen Medien zu Anschl\u00e4gen in Deutschland und \u00d6sterreich auf","og_description":"Laut einem Bericht des Springerblatts Bild verbreitet der IS im Internet Aufrufe zu weiteren Auto-Anschl\u00e4gen in deutschen und \u00f6sterreichischen St\u00e4dten. Vor allem Einzelg\u00e4nger unter jungen Erwachsenen sollen als &#8220;einsame W\u00f6lfe &#8221; mobilisiert werden. Nach Angaben des Springerblatts Bild hat die Terrororganisation &#8220;Islamischer Staat&#8221; (IS) dazu aufgerufen, unter anderem in Deutschland weitere Anschl\u00e4ge mit Autos zu [&hellip;]","og_url":"https:\/\/now-news.de\/de\/deutschland\/is-ruft-in-sozialen-medien-zu-anschlaegen-in-deutschland-und-oesterreich-auf\/","og_site_name":"just-now.NEWS Deutschland","article_publisher":"https:\/\/www.facebook.com\/wirmachenauf","article_published_time":"2025-02-20T19:00:19+00:00","og_image":[{"url":"https:\/\/now-news.de\/de\/wp-content\/uploads\/sites\/3\/2025\/02\/67b763ccb480cc3f0803d42c.jpg"}],"author":"rtnews","twitter_card":"summary_large_image","twitter_creator":"@WirMachenAuf_de","twitter_site":"@WirMachenAuf_de","twitter_misc":{"Verfasst von":"rtnews","Gesch\u00e4tzte Lesezeit":"2\u00a0Minuten"},"schema":{"@context":"https:\/\/schema.org","@graph":[{"@type":"Article","@id":"https:\/\/now-news.de\/de\/deutschland\/is-ruft-in-sozialen-medien-zu-anschlaegen-in-deutschland-und-oesterreich-auf\/#article","isPartOf":{"@id":"https:\/\/now-news.de\/de\/deutschland\/is-ruft-in-sozialen-medien-zu-anschlaegen-in-deutschland-und-oesterreich-auf\/"},"author":{"name":"rtnews","@id":"https:\/\/now-news.de\/de\/#\/schema\/person\/fb534a4e865501d8b3285208df34a9b5"},"headline":"IS ruft in sozialen Medien zu Anschl\u00e4gen in Deutschland und \u00d6sterreich auf","datePublished":"2025-02-20T19:00:19+00:00","dateModified":"2025-02-20T19:00:19+00:00","mainEntityOfPage":{"@id":"https:\/\/now-news.de\/de\/deutschland\/is-ruft-in-sozialen-medien-zu-anschlaegen-in-deutschland-und-oesterreich-auf\/"},"wordCount":368,"commentCount":0,"publisher":{"@id":"https:\/\/now-news.de\/de\/#organization"},"image":{"@id":"https:\/\/now-news.de\/de\/deutschland\/is-ruft-in-sozialen-medien-zu-anschlaegen-in-deutschland-und-oesterreich-auf\/#primaryimage"},"thumbnailUrl":"https:\/\/now-news.de\/de\/wp-content\/uploads\/sites\/3\/2025\/02\/IS-ruft-in-sozialen-Medien-zu-Anschlaegen-in-Deutschland-und.jpg","keywords":["Anschl\u00e4gen","AUF","Deutschland","Medien","\u00d6sterreich","ruft","sozialen","und"],"articleSection":["Deutschland","Russland"],"inLanguage":"de","potentialAction":[{"@type":"CommentAction","name":"Comment","target":["https:\/\/now-news.de\/de\/deutschland\/is-ruft-in-sozialen-medien-zu-anschlaegen-in-deutschland-und-oesterreich-auf\/#respond"]}]},{"@type":"WebPage","@id":"https:\/\/now-news.de\/de\/deutschland\/is-ruft-in-sozialen-medien-zu-anschlaegen-in-deutschland-und-oesterreich-auf\/","url":"https:\/\/now-news.de\/de\/deutschland\/is-ruft-in-sozialen-medien-zu-anschlaegen-in-deutschland-und-oesterreich-auf\/","name":"IS ruft in sozialen Medien zu Anschl\u00e4gen in Deutschland und \u00d6sterreich auf - just-now.NEWS Deutschland","isPartOf":{"@id":"https:\/\/now-news.de\/de\/#website"},"primaryImageOfPage":{"@id":"https:\/\/now-news.de\/de\/deutschland\/is-ruft-in-sozialen-medien-zu-anschlaegen-in-deutschland-und-oesterreich-auf\/#primaryimage"},"image":{"@id":"https:\/\/now-news.de\/de\/deutschland\/is-ruft-in-sozialen-medien-zu-anschlaegen-in-deutschland-und-oesterreich-auf\/#primaryimage"},"thumbnailUrl":"https:\/\/now-news.de\/de\/wp-content\/uploads\/sites\/3\/2025\/02\/IS-ruft-in-sozialen-Medien-zu-Anschlaegen-in-Deutschland-und.jpg","datePublished":"2025-02-20T19:00:19+00:00","dateModified":"2025-02-20T19:00:19+00:00","breadcrumb":{"@id":"https:\/\/now-news.de\/de\/deutschland\/is-ruft-in-sozialen-medien-zu-anschlaegen-in-deutschland-und-oesterreich-auf\/#breadcrumb"},"inLanguage":"de","potentialAction":[{"@type":"ReadAction","target":["https:\/\/now-news.de\/de\/deutschland\/is-ruft-in-sozialen-medien-zu-anschlaegen-in-deutschland-und-oesterreich-auf\/"]}]},{"@type":"ImageObject","inLanguage":"de","@id":"https:\/\/now-news.de\/de\/deutschland\/is-ruft-in-sozialen-medien-zu-anschlaegen-in-deutschland-und-oesterreich-auf\/#primaryimage","url":"https:\/\/now-news.de\/de\/wp-content\/uploads\/sites\/3\/2025\/02\/IS-ruft-in-sozialen-Medien-zu-Anschlaegen-in-Deutschland-und.jpg","contentUrl":"https:\/\/now-news.de\/de\/wp-content\/uploads\/sites\/3\/2025\/02\/IS-ruft-in-sozialen-Medien-zu-Anschlaegen-in-Deutschland-und.jpg","width":460,"height":259,"caption":"IS ruft in sozialen Medien zu Anschl\u00e4gen in Deutschland und \u00d6sterreich auf"},{"@type":"BreadcrumbList","@id":"https:\/\/now-news.de\/de\/deutschland\/is-ruft-in-sozialen-medien-zu-anschlaegen-in-deutschland-und-oesterreich-auf\/#breadcrumb","itemListElement":[{"@type":"ListItem","position":1,"name":"Home","item":"https:\/\/now-news.de\/de\/"},{"@type":"ListItem","position":2,"name":"IS ruft in sozialen Medien zu Anschl\u00e4gen in Deutschland und \u00d6sterreich auf"}]},{"@type":"WebSite","@id":"https:\/\/now-news.de\/de\/#website","url":"https:\/\/now-news.de\/de\/","name":"just-now.NEWS Deutschland","description":"Das Portal f\u00fcr unzensierte Nachrichten aus der Welt","publisher":{"@id":"https:\/\/now-news.de\/de\/#organization"},"potentialAction":[{"@type":"SearchAction","target":{"@type":"EntryPoint","urlTemplate":"https:\/\/now-news.de\/de\/?s={search_term_string}"},"query-input":"required name=search_term_string"}],"inLanguage":"de"},{"@type":"Organization","@id":"https:\/\/now-news.de\/de\/#organization","name":"Just Now News","url":"https:\/\/now-news.de\/de\/","logo":{"@type":"ImageObject","inLanguage":"de","@id":"https:\/\/now-news.de\/de\/#\/schema\/logo\/image\/","url":"http:\/\/just-now.news\/de\/wp-content\/uploads\/sites\/3\/2022\/04\/logo500x500.jpg","contentUrl":"http:\/\/just-now.news\/de\/wp-content\/uploads\/sites\/3\/2022\/04\/logo500x500.jpg","width":500,"height":500,"caption":"Just Now News"},"image":{"@id":"https:\/\/now-news.de\/de\/#\/schema\/logo\/image\/"},"sameAs":["https:\/\/www.facebook.com\/wirmachenauf","https:\/\/x.com\/WirMachenAuf_de"]},{"@type":"Person","@id":"https:\/\/now-news.de\/de\/#\/schema\/person\/fb534a4e865501d8b3285208df34a9b5","name":"rtnews","image":{"@type":"ImageObject","inLanguage":"de","@id":"https:\/\/now-news.de\/de\/#\/schema\/person\/image\/","url":"https:\/\/secure.gravatar.com\/avatar\/82aafea7d8127119dd649515f56e2117?s=96&d=mm&r=g","contentUrl":"https:\/\/secure.gravatar.com\/avatar\/82aafea7d8127119dd649515f56e2117?s=96&d=mm&r=g","caption":"rtnews"},"url":"https:\/\/now-news.de\/de\/author\/rnews\/"}]}},"_links":{"self":[{"href":"https:\/\/now-news.de\/de\/wp-json\/wp\/v2\/posts\/78929"}],"collection":[{"href":"https:\/\/now-news.de\/de\/wp-json\/wp\/v2\/posts"}],"about":[{"href":"https:\/\/now-news.de\/de\/wp-json\/wp\/v2\/types\/post"}],"author":[{"embeddable":true,"href":"https:\/\/now-news.de\/de\/wp-json\/wp\/v2\/users\/3"}],"replies":[{"embeddable":true,"href":"https:\/\/now-news.de\/de\/wp-json\/wp\/v2\/comments?post=78929"}],"version-history":[{"count":0,"href":"https:\/\/now-news.de\/de\/wp-json\/wp\/v2\/posts\/78929\/revisions"}],"wp:featuredmedia":[{"embeddable":true,"href":"https:\/\/now-news.de\/de\/wp-json\/wp\/v2\/media\/78930"}],"wp:attachment":[{"href":"https:\/\/now-news.de\/de\/wp-json\/wp\/v2\/media?parent=78929"}],"wp:term":[{"taxonomy":"category","embeddable":true,"href":"https:\/\/now-news.de\/de\/wp-json\/wp\/v2\/categories?post=78929"},{"taxonomy":"post_tag","embeddable":true,"href":"https:\/\/now-news.de\/de\/wp-json\/wp\/v2\/tags?post=78929"}],"curies":[{"name":"wp","href":"https:\/\/api.w.org\/{rel}","templated":true}]}}