{"id":7891,"date":"2022-05-16T08:38:41","date_gmt":"2022-05-16T06:38:41","guid":{"rendered":"http:\/\/just-now.news\/de\/deutschland\/nrw-wahlsieger-cdu-schielt-auf-schwarz-gruen-spd-hofft-noch-auf-ampel\/"},"modified":"2022-05-16T08:38:41","modified_gmt":"2022-05-16T06:38:41","slug":"nrw-wahlsieger-cdu-schielt-auf-schwarz-gruen-spd-hofft-noch-auf-ampel","status":"publish","type":"post","link":"https:\/\/now-news.de\/de\/deutschland\/nrw-wahlsieger-cdu-schielt-auf-schwarz-gruen-spd-hofft-noch-auf-ampel\/","title":{"rendered":"NRW-Wahlsieger CDU schielt auf Schwarz-Gr\u00fcn \u2013 SPD hofft noch auf Ampel"},"content":{"rendered":"<div class=\"Text-root Text-type_5 ArticleView-text ViewText-root \">\n<p>Nach dem hohen Sieg der CDU von Ministerpr\u00e4sident Hendrik W\u00fcst bei der Landtagswahl in Nordrhein-Westfalen beginnt die Suche nach einem neuen Regierungsb\u00fcndnis. Er habe den Auftrag, &#8220;eine k\u00fcnftige Regierung zu bilden und zu f\u00fchren&#8221;, sagte der 46-J\u00e4hrige am Sonntag. Seine bisherige schwarz-gelbe Koalition hat keine Mehrheit mehr, weil die FDP abst\u00fcrzte. Daher steht ein B\u00fcndnis mit den Gr\u00fcnen im Raum, die ein Rekordergebnis einfuhren. W\u00fcst sagte zur Ausgangslage, es gebe zwei Gewinner: die Gr\u00fcnen und seine CDU.<\/p>\n<div class=\"ReadMore-root Section-root Section-is1to3-xs_is1to1\" data-widgets=\"ReadMore\" data-has-alias>\n<div class=\"Section-container Section-isRow-isTop-isWrap\">\n<article class=\"Card-root Card-is1to1 \">\n<div class=\"Card-imageWrap\">\n<div class=\"Card-picture\">\n<picture class=\"Picture-root Picture-default\"><!--[if IE 9]><video style=\"display: none;\"><![endif]--><source media=\"(-webkit-min-device-pixel-ratio: 2) and (min-resolution: 120dpi)\" data-srcset=\" \nhttp:\/\/just-now.news\/de\/wp-content\/uploads\/sites\/3\/2022\/05\/6280f228b480cc1ded262608.jpg 850w,\n                http:\/\/just-now.news\/de\/wp-content\/uploads\/sites\/3\/2022\/05\/6280f228b480cc1ded262607.jpg 1960w,\n            \" ><source data-srcset=\" \nhttp:\/\/just-now.news\/de\/wp-content\/uploads\/sites\/3\/2022\/05\/6280f228b480cc1ded262608.jpg 460w,\n              http:\/\/just-now.news\/de\/wp-content\/uploads\/sites\/3\/2022\/05\/6280f228b480cc1ded262607.jpg 980w,\n            \" ><!--[if IE 9]><\/video><![endif]--><img decoding=\"async\" data- src=\"data:image\/png;base64,iVBORw0KGgoAAAANSUhEUgAAABAAAAAJCAQAAACRI2S5AAAAEElEQVR42mNkIAAYRxWAAQAG9gAKqv6+AwAAAABJRU5ErkJggg==\" class=\"Picture-root Picture-default lazyload\" data-src=\"http:\/\/just-now.news\/de\/wp-content\/uploads\/sites\/3\/2022\/05\/6280f228b480cc1ded262608.jpg\" alt=\"Berlin: Gr\u00fcnen-Fraktion will Nationalfeiertag der Ukraine einmalig als Feiertag der Bundeshauptstadt\"><\/source><\/source><\/picture><!-- noscript pattern --><noscript><img decoding=\"async\" src=\"http:\/\/just-now.news\/de\/wp-content\/uploads\/sites\/3\/2022\/05\/6280f228b480cc1ded262607.jpg\" alt=\"Berlin: Gr\u00fcnen-Fraktion will Nationalfeiertag der Ukraine einmalig als Feiertag der Bundeshauptstadt\"><\/noscript>    <\/div><\/div>\n<div class=\"Card-contentWrap\">\n<div class=\"Card-content\">\n<div class=\"Card-title\">\n<div class=\"HeaderNews-root HeaderNews-type_6 \">\n<p>            <a rel=\"nofollow noopener\" target=\"_blank\" href=\"https:\/\/de.rt.com\/inland\/138504-berliner-grune-fraktion-ukraines-nationalfeiertag\/\" class=\"Link-root Link-isFullCard \"><br \/>\n                Berlin: Gr\u00fcnen-Fraktion will Nationalfeiertag der Ukraine einmalig als Feiertag der Bundeshauptstadt<br \/>\n            <\/a><\/p><\/div><\/div><\/div><\/div>\n<\/article>\n<\/div><\/div>\n<p>Allerdings hegt auch die eingebrochene SPD als zweite Kraft noch die Hoffnung, zusammen mit den Gr\u00fcnen und der FDP in einem Ampel-B\u00fcndnis an die Macht zu kommen. &#8220;Ich bin bereit&#8221;, sagte\u00a0der Landesvorsitzende Thomas Kutschaty bei der SPD-Wahlparty in D\u00fcsseldorf. Der Sieg der CDU und das starke Ergebnis der Gr\u00fcnen bedeuteten nicht automatisch, dass beide eine Regierung formten,\u00a0erkl\u00e4rte er. Es seien durchaus noch andere Optionen denkbar. SPD-Bundeschef Lars Klingbeil sieht das \u00e4hnlich, formulierte aber am sp\u00e4teren Abend in der <em>ARD<\/em>-Sendung <em>Anne Will<\/em> zur\u00fcckhaltender als noch unmittelbar nach Wahlschluss:<\/p>\n<blockquote>\n<p><em>&#8220;Herr W\u00fcst ist der Sieger, er f\u00fchrt die st\u00e4rkste Partei an, und deswegen gehe ich davon aus, er f\u00fchrt die Gespr\u00e4che und er muss jetzt Gespr\u00e4che f\u00fchren, und dann werden wir sehen, ob er eine Regierung bilden kann.&#8221;<\/em><\/p>\n<\/blockquote>\n<p>Zu Bescheidenheit mahnte auch der fr\u00fchere SPD-Bundesvorsitzende Norbert Walter-Borjans. &#8220;An so einem Abend, wo man seine eigenen Ziele doch ein ganzes St\u00fcck verfehlt hat, ist das nicht ein Moment, wo man die Backen aufpustet und Forderungen stellt&#8221;, sagte er der Nachrichtenagentur<em>\u00a0<\/em><em>dpa<\/em>\u00a0in D\u00fcsseldorf.<\/p>\n<p>Nach dem vorl\u00e4ufigen amtlichen Ergebnis gewannen die Christdemokraten 35,7 Prozent der Stimmen (2017: 33,0). Starke Zugewinne verbuchten die Gr\u00fcnen, die ihr Ergebnis auf 18,2 Prozent fast verdreifachten (6,4). Die Sozialdemokraten sackten dagegen ab, und zwar auf ihren historischen NRW-Tiefstand von 26,7 Prozent (31,2). Die bisherige Regierungspartei FDP verlor so viel wie noch nie bei einer NRW-Landtagswahl und landete bei schwachen 5,9 Prozent (12,6). Die AfD konnte sich mit 5,4 Prozent knapp im Landtag halten (7,4). Die Linke, seit zehn Jahren nicht mehr im Landtag, bleibt mit 2,1 Prozent (4,9) drau\u00dfen.<\/p>\n<p>Die Sitze im neuen Landtag teilen sich wie folgt auf: CDU 76 (2017: 72), SPD 56 (69), Gr\u00fcne 39 (14), FDP 12 (28), AfD 12 Mandate (16). Die Wahlbeteiligung lag bei 55,5 Prozent und ist die niedrigste bei einer Landtagswahl in NRW \u00fcberhaupt.<\/p>\n<p>FDP-Chef Christian Lindner, selbst aus NRW, sprach ern\u00fcchtert von einer &#8220;desastr\u00f6sen Niederlage&#8221;. Spitzenkandidat Joachim Stamp erwartet nun, dass eine schwarz-gr\u00fcne Landesregierung gebildet wird. &#8220;Wir haben zwei klare Wahlgewinner. Und ich gehe davon aus, dass die beiden auch miteinander koalieren werden.&#8221;<\/p>\n<p>Der Politikwissenschaftler Karl-Rudolf Korte sagte der <em>dpa<\/em>, der Ausgang der NRW-Wahl komme f\u00fcr die Regierungskoalition im Bund einem &#8220;politischen Erdbeben&#8221; gleich.<\/p>\n<blockquote>\n<p><em>&#8220;Es gibt den Triumph der Gr\u00fcnen mit der \u2013 so k\u00f6nnte man sagen \u2013 Zweitkanzlerin (Annalena) Baerbock, und die anderen verlieren massiv. Die Ampel ist sehr unter Druck.&#8221;<\/em><\/p>\n<\/blockquote>\n<p>Die Gr\u00fcnen sind mit ihrem starken Ergebnis nun die &#8220;K\u00f6nigsmacher&#8221; in NRW. Ihre Bundesgesch\u00e4ftsf\u00fchrerin Emily B\u00fcning sagte, sie k\u00f6nne sich eine Koalition sowohl mit der CDU als auch mit SPD und FDP vorstellen. NRW-Spitzenkandidatin Mona Neubaur nannte es das entscheidende Kriterium, wie viele eigene Inhalte man am Verhandlungstisch mit anderen Parteien erstreiten k\u00f6nne. F\u00fcr die CDU spreche, dass sie deutlich gewonnen habe und &#8220;moderner ist, als sie noch vor wenigen Jahren hier in Nordrhein-Westfalen war&#8221;, sagte sie in den <em>ARD<\/em>&#8211;<em>Tagesthemen<\/em>. Den Grund f\u00fcr das Rekordergebnis sieht Neubaur auch im R\u00fcckenwind aus Berlin: Die gr\u00fcnen Bundesminister h\u00e4tten &#8220;Haltung und Kompass&#8221; in Krisenzeiten unter Beweis gestellt.<\/p>\n<p>Wahlberechtigt waren 13 Millionen B\u00fcrger, etwa ein F\u00fcnftel aller Wahlberechtigten in Deutschland. Die Abstimmung im bev\u00f6lkerungsreichsten Bundesland gilt daher als &#8220;kleine Bundestagswahl&#8221; und wichtiger Stimmungstest f\u00fcr die Bundespolitik, Kanzler Olaf Scholz (SPD) und den neuen CDU-Oppositionsf\u00fchrer Friedrich Merz.<\/p>\n<p>Als R\u00fcckenwind wertete die CDU das Wahlergebnis. Parteichef Merz schrieb auf Twitter: &#8220;Die CDU ist zur\u00fcck, unser nach vorn gerichteter Kurs wurde best\u00e4tigt.&#8221; Merz stammt ebenfalls aus NRW, er hatte W\u00fcst im Wahlkampf engagiert unterst\u00fctzt. F\u00fcr seine Partei ist es der zweite Erfolg nach dem haushohen Wahlsieg in Schleswig-Holstein, der die Serie von Niederlagen im Bund und in mehreren L\u00e4ndern vor einer Woche beendet hatte. Ende M\u00e4rz etwa hatte die SPD die Landtagswahl im Saarland noch haushoch gewonnen. Im NRW-Wahlkampf hatte sich Kanzler Scholz sehr engagiert und sich sogar zusammen mit Kutschaty auf den Plakaten abbilden lassen.<\/p>\n<p>Als &#8220;Stammland&#8221; der Sozialdemokratie gilt NRW aber schon lange nicht mehr. CDU und SPD wechselten sich in den vergangenen Wahlperioden an der Regierung ab, seit 2005 hat kein Regierungsb\u00fcndnis l\u00e4nger als sieben Jahre durchgehalten.<\/p>\n<p><strong>Mehr zum Thema<\/strong> \u2013 <a rel=\"nofollow noopener\" target=\"_blank\" href=\"https:\/\/deutsch.rt.com\/inland\/138517-trotz-eindeutigem-cdu-sieg-in\/\">Klarer CDU-Sieg in NRW: K\u00fchnert trotzdem f\u00fcr rot-gr\u00fcne Regierung \u2013 Gr\u00fcne jubeln \u00fcber Wahlergebnis<\/a><\/p>\n<\/p>\n<p><em>(rt de\/dpa)<\/em><\/p>\n<\/div>\n<p><br \/>\n<br \/><a href=\"https:\/\/de.rt.com\/inland\/138537-nrw-wahlsieger-cdu-schielt-auf-schwarz-gruen-spd-hofft-noch-auf-ampel\/\">Source link <\/a><\/p>\n","protected":false},"excerpt":{"rendered":"<p>Nach dem hohen Sieg der CDU von Ministerpr\u00e4sident Hendrik W\u00fcst bei der Landtagswahl in Nordrhein-Westfalen beginnt die Suche nach einem neuen Regierungsb\u00fcndnis. Er habe den Auftrag, &#8220;eine k\u00fcnftige Regierung zu bilden und zu f\u00fchren&#8221;, sagte der 46-J\u00e4hrige am Sonntag. Seine bisherige schwarz-gelbe Koalition hat keine Mehrheit mehr, weil die FDP abst\u00fcrzte. Daher steht ein B\u00fcndnis [&hellip;]<\/p>\n","protected":false},"author":3,"featured_media":7892,"comment_status":"open","ping_status":"open","sticky":false,"template":"","format":"standard","meta":{"wp_automatic_camp":["217"],"1be87087c8a7d3519e8354c93b24a8da":["NRW-Wahlsieger CDU schielt auf Schwarz-Gr\u00fcn \u2013 SPD hofft noch auf Ampel"],"original_link":["https:\/\/de.rt.com\/inland\/138537-nrw-wahlsieger-cdu-schielt-auf-schwarz-gruen-spd-hofft-noch-auf-ampel\/"],"_thumbnail_id":["7892"],"_wptg_p2tg_sent2tg":["2022-05-16 08:40:07"],"jnews_social_counter_last_update":["1777344882"]},"categories":[19,23],"tags":[20367,133,3795,20366,1674,20363,20364,20365,3814],"yoast_head":"<!-- This site is optimized with the Yoast SEO Premium plugin v22.7 (Yoast SEO v22.7) - https:\/\/yoast.com\/wordpress\/plugins\/seo\/ -->\n<title>NRW-Wahlsieger CDU schielt auf Schwarz-Gr\u00fcn \u2013 SPD hofft noch auf Ampel - just-now.NEWS Deutschland<\/title>\n<meta name=\"robots\" content=\"index, follow, max-snippet:-1, max-image-preview:large, max-video-preview:-1\" \/>\n<link rel=\"canonical\" href=\"https:\/\/now-news.de\/de\/deutschland\/nrw-wahlsieger-cdu-schielt-auf-schwarz-gruen-spd-hofft-noch-auf-ampel\/\" \/>\n<meta property=\"og:locale\" content=\"de_DE\" \/>\n<meta property=\"og:type\" content=\"article\" \/>\n<meta property=\"og:title\" content=\"NRW-Wahlsieger CDU schielt auf Schwarz-Gr\u00fcn \u2013 SPD hofft noch auf Ampel\" \/>\n<meta property=\"og:description\" content=\"Nach dem hohen Sieg der CDU von Ministerpr\u00e4sident Hendrik W\u00fcst bei der Landtagswahl in Nordrhein-Westfalen beginnt die Suche nach einem neuen Regierungsb\u00fcndnis. Er habe den Auftrag, &#8220;eine k\u00fcnftige Regierung zu bilden und zu f\u00fchren&#8221;, sagte der 46-J\u00e4hrige am Sonntag. Seine bisherige schwarz-gelbe Koalition hat keine Mehrheit mehr, weil die FDP abst\u00fcrzte. Daher steht ein B\u00fcndnis [&hellip;]\" \/>\n<meta property=\"og:url\" content=\"https:\/\/now-news.de\/de\/deutschland\/nrw-wahlsieger-cdu-schielt-auf-schwarz-gruen-spd-hofft-noch-auf-ampel\/\" \/>\n<meta property=\"og:site_name\" content=\"just-now.NEWS Deutschland\" \/>\n<meta property=\"article:publisher\" content=\"https:\/\/www.facebook.com\/wirmachenauf\" \/>\n<meta property=\"article:published_time\" content=\"2022-05-16T06:38:41+00:00\" \/>\n<meta property=\"og:image\" content=\"https:\/\/now-news.de\/de\/wp-content\/uploads\/sites\/3\/2022\/05\/NRW-Wahlsieger-CDU-schielt-auf-Schwarz-Gruen-\u2013-SPD-hofft-noch-auf.jpg\" \/>\n\t<meta property=\"og:image:width\" content=\"460\" \/>\n\t<meta property=\"og:image:height\" content=\"259\" \/>\n\t<meta property=\"og:image:type\" content=\"image\/jpeg\" \/>\n<meta name=\"author\" content=\"rtnews\" \/>\n<meta name=\"twitter:card\" content=\"summary_large_image\" \/>\n<meta name=\"twitter:creator\" content=\"@WirMachenAuf_de\" \/>\n<meta name=\"twitter:site\" content=\"@WirMachenAuf_de\" \/>\n<meta name=\"twitter:label1\" content=\"Verfasst von\" \/>\n\t<meta name=\"twitter:data1\" content=\"rtnews\" \/>\n\t<meta name=\"twitter:label2\" content=\"Gesch\u00e4tzte Lesezeit\" \/>\n\t<meta name=\"twitter:data2\" content=\"4\u00a0Minuten\" \/>\n<script type=\"application\/ld+json\" class=\"yoast-schema-graph\">{\"@context\":\"https:\/\/schema.org\",\"@graph\":[{\"@type\":\"Article\",\"@id\":\"https:\/\/now-news.de\/de\/deutschland\/nrw-wahlsieger-cdu-schielt-auf-schwarz-gruen-spd-hofft-noch-auf-ampel\/#article\",\"isPartOf\":{\"@id\":\"https:\/\/now-news.de\/de\/deutschland\/nrw-wahlsieger-cdu-schielt-auf-schwarz-gruen-spd-hofft-noch-auf-ampel\/\"},\"author\":{\"name\":\"rtnews\",\"@id\":\"https:\/\/now-news.de\/de\/#\/schema\/person\/fb534a4e865501d8b3285208df34a9b5\"},\"headline\":\"NRW-Wahlsieger CDU schielt auf Schwarz-Gr\u00fcn \u2013 SPD hofft noch auf Ampel\",\"datePublished\":\"2022-05-16T06:38:41+00:00\",\"dateModified\":\"2022-05-16T06:38:41+00:00\",\"mainEntityOfPage\":{\"@id\":\"https:\/\/now-news.de\/de\/deutschland\/nrw-wahlsieger-cdu-schielt-auf-schwarz-gruen-spd-hofft-noch-auf-ampel\/\"},\"wordCount\":828,\"commentCount\":0,\"publisher\":{\"@id\":\"https:\/\/now-news.de\/de\/#organization\"},\"image\":{\"@id\":\"https:\/\/now-news.de\/de\/deutschland\/nrw-wahlsieger-cdu-schielt-auf-schwarz-gruen-spd-hofft-noch-auf-ampel\/#primaryimage\"},\"thumbnailUrl\":\"https:\/\/now-news.de\/de\/wp-content\/uploads\/sites\/3\/2022\/05\/NRW-Wahlsieger-CDU-schielt-auf-Schwarz-Gruen-\u2013-SPD-hofft-noch-auf.jpg\",\"keywords\":[\"Ampel\",\"AUF\",\"CDU\",\"hofft\",\"noch\",\"NRWWahlsieger\",\"schielt\",\"SchwarzGr\u00fcn\",\"SPD\"],\"articleSection\":[\"Deutschland\",\"Russland\"],\"inLanguage\":\"de\",\"potentialAction\":[{\"@type\":\"CommentAction\",\"name\":\"Comment\",\"target\":[\"https:\/\/now-news.de\/de\/deutschland\/nrw-wahlsieger-cdu-schielt-auf-schwarz-gruen-spd-hofft-noch-auf-ampel\/#respond\"]}]},{\"@type\":\"WebPage\",\"@id\":\"https:\/\/now-news.de\/de\/deutschland\/nrw-wahlsieger-cdu-schielt-auf-schwarz-gruen-spd-hofft-noch-auf-ampel\/\",\"url\":\"https:\/\/now-news.de\/de\/deutschland\/nrw-wahlsieger-cdu-schielt-auf-schwarz-gruen-spd-hofft-noch-auf-ampel\/\",\"name\":\"NRW-Wahlsieger CDU schielt auf Schwarz-Gr\u00fcn \u2013 SPD hofft noch auf Ampel - just-now.NEWS Deutschland\",\"isPartOf\":{\"@id\":\"https:\/\/now-news.de\/de\/#website\"},\"primaryImageOfPage\":{\"@id\":\"https:\/\/now-news.de\/de\/deutschland\/nrw-wahlsieger-cdu-schielt-auf-schwarz-gruen-spd-hofft-noch-auf-ampel\/#primaryimage\"},\"image\":{\"@id\":\"https:\/\/now-news.de\/de\/deutschland\/nrw-wahlsieger-cdu-schielt-auf-schwarz-gruen-spd-hofft-noch-auf-ampel\/#primaryimage\"},\"thumbnailUrl\":\"https:\/\/now-news.de\/de\/wp-content\/uploads\/sites\/3\/2022\/05\/NRW-Wahlsieger-CDU-schielt-auf-Schwarz-Gruen-\u2013-SPD-hofft-noch-auf.jpg\",\"datePublished\":\"2022-05-16T06:38:41+00:00\",\"dateModified\":\"2022-05-16T06:38:41+00:00\",\"breadcrumb\":{\"@id\":\"https:\/\/now-news.de\/de\/deutschland\/nrw-wahlsieger-cdu-schielt-auf-schwarz-gruen-spd-hofft-noch-auf-ampel\/#breadcrumb\"},\"inLanguage\":\"de\",\"potentialAction\":[{\"@type\":\"ReadAction\",\"target\":[\"https:\/\/now-news.de\/de\/deutschland\/nrw-wahlsieger-cdu-schielt-auf-schwarz-gruen-spd-hofft-noch-auf-ampel\/\"]}]},{\"@type\":\"ImageObject\",\"inLanguage\":\"de\",\"@id\":\"https:\/\/now-news.de\/de\/deutschland\/nrw-wahlsieger-cdu-schielt-auf-schwarz-gruen-spd-hofft-noch-auf-ampel\/#primaryimage\",\"url\":\"https:\/\/now-news.de\/de\/wp-content\/uploads\/sites\/3\/2022\/05\/NRW-Wahlsieger-CDU-schielt-auf-Schwarz-Gruen-\u2013-SPD-hofft-noch-auf.jpg\",\"contentUrl\":\"https:\/\/now-news.de\/de\/wp-content\/uploads\/sites\/3\/2022\/05\/NRW-Wahlsieger-CDU-schielt-auf-Schwarz-Gruen-\u2013-SPD-hofft-noch-auf.jpg\",\"width\":460,\"height\":259,\"caption\":\"Berlin: Gr\u00fcnen-Fraktion will Nationalfeiertag der Ukraine einmalig als Feiertag der Bundeshauptstadt\"},{\"@type\":\"BreadcrumbList\",\"@id\":\"https:\/\/now-news.de\/de\/deutschland\/nrw-wahlsieger-cdu-schielt-auf-schwarz-gruen-spd-hofft-noch-auf-ampel\/#breadcrumb\",\"itemListElement\":[{\"@type\":\"ListItem\",\"position\":1,\"name\":\"Home\",\"item\":\"https:\/\/now-news.de\/de\/\"},{\"@type\":\"ListItem\",\"position\":2,\"name\":\"NRW-Wahlsieger CDU schielt auf Schwarz-Gr\u00fcn \u2013 SPD hofft noch auf Ampel\"}]},{\"@type\":\"WebSite\",\"@id\":\"https:\/\/now-news.de\/de\/#website\",\"url\":\"https:\/\/now-news.de\/de\/\",\"name\":\"just-now.NEWS Deutschland\",\"description\":\"Das Portal f\u00fcr unzensierte Nachrichten aus der Welt\",\"publisher\":{\"@id\":\"https:\/\/now-news.de\/de\/#organization\"},\"potentialAction\":[{\"@type\":\"SearchAction\",\"target\":{\"@type\":\"EntryPoint\",\"urlTemplate\":\"https:\/\/now-news.de\/de\/?s={search_term_string}\"},\"query-input\":\"required name=search_term_string\"}],\"inLanguage\":\"de\"},{\"@type\":\"Organization\",\"@id\":\"https:\/\/now-news.de\/de\/#organization\",\"name\":\"Just Now News\",\"url\":\"https:\/\/now-news.de\/de\/\",\"logo\":{\"@type\":\"ImageObject\",\"inLanguage\":\"de\",\"@id\":\"https:\/\/now-news.de\/de\/#\/schema\/logo\/image\/\",\"url\":\"http:\/\/just-now.news\/de\/wp-content\/uploads\/sites\/3\/2022\/04\/logo500x500.jpg\",\"contentUrl\":\"http:\/\/just-now.news\/de\/wp-content\/uploads\/sites\/3\/2022\/04\/logo500x500.jpg\",\"width\":500,\"height\":500,\"caption\":\"Just Now News\"},\"image\":{\"@id\":\"https:\/\/now-news.de\/de\/#\/schema\/logo\/image\/\"},\"sameAs\":[\"https:\/\/www.facebook.com\/wirmachenauf\",\"https:\/\/x.com\/WirMachenAuf_de\"]},{\"@type\":\"Person\",\"@id\":\"https:\/\/now-news.de\/de\/#\/schema\/person\/fb534a4e865501d8b3285208df34a9b5\",\"name\":\"rtnews\",\"image\":{\"@type\":\"ImageObject\",\"inLanguage\":\"de\",\"@id\":\"https:\/\/now-news.de\/de\/#\/schema\/person\/image\/\",\"url\":\"https:\/\/secure.gravatar.com\/avatar\/82aafea7d8127119dd649515f56e2117?s=96&d=mm&r=g\",\"contentUrl\":\"https:\/\/secure.gravatar.com\/avatar\/82aafea7d8127119dd649515f56e2117?s=96&d=mm&r=g\",\"caption\":\"rtnews\"},\"url\":\"https:\/\/now-news.de\/de\/author\/rnews\/\"}]}<\/script>\n<!-- \/ Yoast SEO Premium plugin. -->","yoast_head_json":{"title":"NRW-Wahlsieger CDU schielt auf Schwarz-Gr\u00fcn \u2013 SPD hofft noch auf Ampel - just-now.NEWS Deutschland","robots":{"index":"index","follow":"follow","max-snippet":"max-snippet:-1","max-image-preview":"max-image-preview:large","max-video-preview":"max-video-preview:-1"},"canonical":"https:\/\/now-news.de\/de\/deutschland\/nrw-wahlsieger-cdu-schielt-auf-schwarz-gruen-spd-hofft-noch-auf-ampel\/","og_locale":"de_DE","og_type":"article","og_title":"NRW-Wahlsieger CDU schielt auf Schwarz-Gr\u00fcn \u2013 SPD hofft noch auf Ampel","og_description":"Nach dem hohen Sieg der CDU von Ministerpr\u00e4sident Hendrik W\u00fcst bei der Landtagswahl in Nordrhein-Westfalen beginnt die Suche nach einem neuen Regierungsb\u00fcndnis. Er habe den Auftrag, &#8220;eine k\u00fcnftige Regierung zu bilden und zu f\u00fchren&#8221;, sagte der 46-J\u00e4hrige am Sonntag. Seine bisherige schwarz-gelbe Koalition hat keine Mehrheit mehr, weil die FDP abst\u00fcrzte. Daher steht ein B\u00fcndnis [&hellip;]","og_url":"https:\/\/now-news.de\/de\/deutschland\/nrw-wahlsieger-cdu-schielt-auf-schwarz-gruen-spd-hofft-noch-auf-ampel\/","og_site_name":"just-now.NEWS Deutschland","article_publisher":"https:\/\/www.facebook.com\/wirmachenauf","article_published_time":"2022-05-16T06:38:41+00:00","og_image":[{"width":460,"height":259,"url":"https:\/\/now-news.de\/de\/wp-content\/uploads\/sites\/3\/2022\/05\/NRW-Wahlsieger-CDU-schielt-auf-Schwarz-Gruen-\u2013-SPD-hofft-noch-auf.jpg","type":"image\/jpeg"}],"author":"rtnews","twitter_card":"summary_large_image","twitter_creator":"@WirMachenAuf_de","twitter_site":"@WirMachenAuf_de","twitter_misc":{"Verfasst von":"rtnews","Gesch\u00e4tzte Lesezeit":"4\u00a0Minuten"},"schema":{"@context":"https:\/\/schema.org","@graph":[{"@type":"Article","@id":"https:\/\/now-news.de\/de\/deutschland\/nrw-wahlsieger-cdu-schielt-auf-schwarz-gruen-spd-hofft-noch-auf-ampel\/#article","isPartOf":{"@id":"https:\/\/now-news.de\/de\/deutschland\/nrw-wahlsieger-cdu-schielt-auf-schwarz-gruen-spd-hofft-noch-auf-ampel\/"},"author":{"name":"rtnews","@id":"https:\/\/now-news.de\/de\/#\/schema\/person\/fb534a4e865501d8b3285208df34a9b5"},"headline":"NRW-Wahlsieger CDU schielt auf Schwarz-Gr\u00fcn \u2013 SPD hofft noch auf Ampel","datePublished":"2022-05-16T06:38:41+00:00","dateModified":"2022-05-16T06:38:41+00:00","mainEntityOfPage":{"@id":"https:\/\/now-news.de\/de\/deutschland\/nrw-wahlsieger-cdu-schielt-auf-schwarz-gruen-spd-hofft-noch-auf-ampel\/"},"wordCount":828,"commentCount":0,"publisher":{"@id":"https:\/\/now-news.de\/de\/#organization"},"image":{"@id":"https:\/\/now-news.de\/de\/deutschland\/nrw-wahlsieger-cdu-schielt-auf-schwarz-gruen-spd-hofft-noch-auf-ampel\/#primaryimage"},"thumbnailUrl":"https:\/\/now-news.de\/de\/wp-content\/uploads\/sites\/3\/2022\/05\/NRW-Wahlsieger-CDU-schielt-auf-Schwarz-Gruen-\u2013-SPD-hofft-noch-auf.jpg","keywords":["Ampel","AUF","CDU","hofft","noch","NRWWahlsieger","schielt","SchwarzGr\u00fcn","SPD"],"articleSection":["Deutschland","Russland"],"inLanguage":"de","potentialAction":[{"@type":"CommentAction","name":"Comment","target":["https:\/\/now-news.de\/de\/deutschland\/nrw-wahlsieger-cdu-schielt-auf-schwarz-gruen-spd-hofft-noch-auf-ampel\/#respond"]}]},{"@type":"WebPage","@id":"https:\/\/now-news.de\/de\/deutschland\/nrw-wahlsieger-cdu-schielt-auf-schwarz-gruen-spd-hofft-noch-auf-ampel\/","url":"https:\/\/now-news.de\/de\/deutschland\/nrw-wahlsieger-cdu-schielt-auf-schwarz-gruen-spd-hofft-noch-auf-ampel\/","name":"NRW-Wahlsieger CDU schielt auf Schwarz-Gr\u00fcn \u2013 SPD hofft noch auf Ampel - just-now.NEWS Deutschland","isPartOf":{"@id":"https:\/\/now-news.de\/de\/#website"},"primaryImageOfPage":{"@id":"https:\/\/now-news.de\/de\/deutschland\/nrw-wahlsieger-cdu-schielt-auf-schwarz-gruen-spd-hofft-noch-auf-ampel\/#primaryimage"},"image":{"@id":"https:\/\/now-news.de\/de\/deutschland\/nrw-wahlsieger-cdu-schielt-auf-schwarz-gruen-spd-hofft-noch-auf-ampel\/#primaryimage"},"thumbnailUrl":"https:\/\/now-news.de\/de\/wp-content\/uploads\/sites\/3\/2022\/05\/NRW-Wahlsieger-CDU-schielt-auf-Schwarz-Gruen-\u2013-SPD-hofft-noch-auf.jpg","datePublished":"2022-05-16T06:38:41+00:00","dateModified":"2022-05-16T06:38:41+00:00","breadcrumb":{"@id":"https:\/\/now-news.de\/de\/deutschland\/nrw-wahlsieger-cdu-schielt-auf-schwarz-gruen-spd-hofft-noch-auf-ampel\/#breadcrumb"},"inLanguage":"de","potentialAction":[{"@type":"ReadAction","target":["https:\/\/now-news.de\/de\/deutschland\/nrw-wahlsieger-cdu-schielt-auf-schwarz-gruen-spd-hofft-noch-auf-ampel\/"]}]},{"@type":"ImageObject","inLanguage":"de","@id":"https:\/\/now-news.de\/de\/deutschland\/nrw-wahlsieger-cdu-schielt-auf-schwarz-gruen-spd-hofft-noch-auf-ampel\/#primaryimage","url":"https:\/\/now-news.de\/de\/wp-content\/uploads\/sites\/3\/2022\/05\/NRW-Wahlsieger-CDU-schielt-auf-Schwarz-Gruen-\u2013-SPD-hofft-noch-auf.jpg","contentUrl":"https:\/\/now-news.de\/de\/wp-content\/uploads\/sites\/3\/2022\/05\/NRW-Wahlsieger-CDU-schielt-auf-Schwarz-Gruen-\u2013-SPD-hofft-noch-auf.jpg","width":460,"height":259,"caption":"Berlin: Gr\u00fcnen-Fraktion will Nationalfeiertag der Ukraine einmalig als Feiertag der Bundeshauptstadt"},{"@type":"BreadcrumbList","@id":"https:\/\/now-news.de\/de\/deutschland\/nrw-wahlsieger-cdu-schielt-auf-schwarz-gruen-spd-hofft-noch-auf-ampel\/#breadcrumb","itemListElement":[{"@type":"ListItem","position":1,"name":"Home","item":"https:\/\/now-news.de\/de\/"},{"@type":"ListItem","position":2,"name":"NRW-Wahlsieger CDU schielt auf Schwarz-Gr\u00fcn \u2013 SPD hofft noch auf Ampel"}]},{"@type":"WebSite","@id":"https:\/\/now-news.de\/de\/#website","url":"https:\/\/now-news.de\/de\/","name":"just-now.NEWS Deutschland","description":"Das Portal f\u00fcr unzensierte Nachrichten aus der Welt","publisher":{"@id":"https:\/\/now-news.de\/de\/#organization"},"potentialAction":[{"@type":"SearchAction","target":{"@type":"EntryPoint","urlTemplate":"https:\/\/now-news.de\/de\/?s={search_term_string}"},"query-input":"required name=search_term_string"}],"inLanguage":"de"},{"@type":"Organization","@id":"https:\/\/now-news.de\/de\/#organization","name":"Just Now News","url":"https:\/\/now-news.de\/de\/","logo":{"@type":"ImageObject","inLanguage":"de","@id":"https:\/\/now-news.de\/de\/#\/schema\/logo\/image\/","url":"http:\/\/just-now.news\/de\/wp-content\/uploads\/sites\/3\/2022\/04\/logo500x500.jpg","contentUrl":"http:\/\/just-now.news\/de\/wp-content\/uploads\/sites\/3\/2022\/04\/logo500x500.jpg","width":500,"height":500,"caption":"Just Now News"},"image":{"@id":"https:\/\/now-news.de\/de\/#\/schema\/logo\/image\/"},"sameAs":["https:\/\/www.facebook.com\/wirmachenauf","https:\/\/x.com\/WirMachenAuf_de"]},{"@type":"Person","@id":"https:\/\/now-news.de\/de\/#\/schema\/person\/fb534a4e865501d8b3285208df34a9b5","name":"rtnews","image":{"@type":"ImageObject","inLanguage":"de","@id":"https:\/\/now-news.de\/de\/#\/schema\/person\/image\/","url":"https:\/\/secure.gravatar.com\/avatar\/82aafea7d8127119dd649515f56e2117?s=96&d=mm&r=g","contentUrl":"https:\/\/secure.gravatar.com\/avatar\/82aafea7d8127119dd649515f56e2117?s=96&d=mm&r=g","caption":"rtnews"},"url":"https:\/\/now-news.de\/de\/author\/rnews\/"}]}},"_links":{"self":[{"href":"https:\/\/now-news.de\/de\/wp-json\/wp\/v2\/posts\/7891"}],"collection":[{"href":"https:\/\/now-news.de\/de\/wp-json\/wp\/v2\/posts"}],"about":[{"href":"https:\/\/now-news.de\/de\/wp-json\/wp\/v2\/types\/post"}],"author":[{"embeddable":true,"href":"https:\/\/now-news.de\/de\/wp-json\/wp\/v2\/users\/3"}],"replies":[{"embeddable":true,"href":"https:\/\/now-news.de\/de\/wp-json\/wp\/v2\/comments?post=7891"}],"version-history":[{"count":0,"href":"https:\/\/now-news.de\/de\/wp-json\/wp\/v2\/posts\/7891\/revisions"}],"wp:featuredmedia":[{"embeddable":true,"href":"https:\/\/now-news.de\/de\/wp-json\/wp\/v2\/media\/7892"}],"wp:attachment":[{"href":"https:\/\/now-news.de\/de\/wp-json\/wp\/v2\/media?parent=7891"}],"wp:term":[{"taxonomy":"category","embeddable":true,"href":"https:\/\/now-news.de\/de\/wp-json\/wp\/v2\/categories?post=7891"},{"taxonomy":"post_tag","embeddable":true,"href":"https:\/\/now-news.de\/de\/wp-json\/wp\/v2\/tags?post=7891"}],"curies":[{"name":"wp","href":"https:\/\/api.w.org\/{rel}","templated":true}]}}