{"id":78889,"date":"2025-02-20T13:58:14","date_gmt":"2025-02-20T11:58:14","guid":{"rendered":"https:\/\/now-news.de\/de\/deutschland\/daenemark-verteidigungsausgaben-sollen-auf-3-prozent-steigen\/"},"modified":"2025-02-20T13:58:14","modified_gmt":"2025-02-20T11:58:14","slug":"daenemark-verteidigungsausgaben-sollen-auf-3-prozent-steigen","status":"publish","type":"post","link":"https:\/\/now-news.de\/de\/deutschland\/daenemark-verteidigungsausgaben-sollen-auf-3-prozent-steigen\/","title":{"rendered":"D\u00e4nemark: Verteidigungsausgaben sollen auf 3 Prozent steigen"},"content":{"rendered":"<p><img decoding=\"async\" src=\"https:\/\/now-news.de\/de\/wp-content\/uploads\/sites\/3\/2025\/02\/67b6fbc3b480cc1bc115d326.jpg\" \/><\/p>\n<div class=\"Text-root Text-type_1 \">\n                Kopenhagen will seinen Verteidigungshaushalt auf 3 Prozent des BIP zu erh\u00f6hen. Der Grund daf\u00fcr sei die Sorge um die &#8220;Bedrohung Europas durch Russland&#8221;. US-Pr\u00e4sident Donald Trump fordert die europ\u00e4ischen NATO-Mitglieder auf, ihre Verteidigungsausgaben zu erh\u00f6hen.\n            <\/div>\n<p><\/p>\n<div class=\"Text-root Text-type_5 ArticleView-text ViewText-root \">\n<p>Die d\u00e4nische Regierung plant, die Streitkr\u00e4fte des Landes massiv aufzur\u00fcsten und die Verteidigungsausgaben auf mehr als 3 Prozent des BIP zu erh\u00f6hen. In den kommenden zwei Jahren wird D\u00e4nemark 50 Milliarden Kronen, umgerechnet rund 6,7 Milliarden Euro zus\u00e4tzlich in die Verteidigung investieren, k\u00fcndigte die d\u00e4nische Ministerpr\u00e4sidentin Mette Frederiksen bei einer Pressekonferenz am Mittwoch an. Die Verteidigungsausgaben werden von 2,4 Prozent des BIP im Jahr 2024 auf 3 Prozent erh\u00f6ht.<\/p>\n<p>Die neuen Ma\u00dfnahmen erfolgen wegen der Forderung des US-Pr\u00e4sidenten Donald Trump, dass die NATO-Mitgliedstaaten in Europa ihre Milit\u00e4rausgaben auf 5 Prozent ihres BIP erh\u00f6hen m\u00fcssten und damit mehr in die Verteidigung des Kontinents zu investieren.<\/p>\n<p>Au\u00dferdem sorgte das bilaterale Treffen der hochrangigen Diplomaten aus Russland und den USA am Dienstag in Riad f\u00fcr Beunruhigung. D\u00e4nemark hat die Bef\u00fcrchtung ge\u00e4u\u00dfert, dass ein schneller Waffenstillstand den russischen Pr\u00e4sidenten Wladimir Putin zu einer Konfrontation mit der NATO ermutigen k\u00f6nnte, wenn er das Milit\u00e4rb\u00fcndnis f\u00fcr geschw\u00e4cht oder gespalten halte.<\/p>\n<p>Nach der Dringlichkeitssitzung der Staats- und Regierungschefs der EU am Montag in Paris erkl\u00e4rte Frederiksen, dass ein Waffenstillstand in der Ukraine &#8220;besser klingen k\u00f6nnte, als er tats\u00e4chlich ist&#8221; und dass er Europa &#8220;in eine noch gef\u00e4hrlichere Situation&#8221; bringen k\u00f6nnte. Sie behauptete, Putin sei dabei, aufzur\u00fcsten. &#8220;Wir wissen nicht, was er plant, aber wir wissen, dass er und Russland dabei sind, aufzur\u00fcsten&#8221;.<\/p>\n<p>In seinem j\u00fcngsten Bericht, der vergangene Woche ver\u00f6ffentlicht wurde, warnt D\u00e4nemarks Milit\u00e4rischer Nachrichtendienst (DDIS), dass Russland innerhalb von f\u00fcnf Jahren zu einem vollwertigen Krieg gegen Europa bereit sein k\u00f6nne. Dies w\u00fcrde geschehen, sollte Moskau die NATO in milit\u00e4rischer und politischer Hinsicht f\u00fcr geschw\u00e4cht halten und &#8220;falls Russland denkt, dass die USA europ\u00e4ische NATO-Staaten im Krieg gegen Russland nicht unterst\u00fctzen k\u00f6nnen oder werden&#8221;. In seiner Prognose betont der DDIS, dass Russland angeblich seine milit\u00e4rischen Kapazit\u00e4ten steigere, um sich auf einen m\u00f6glichen Krieg gegen die NATO vorzubereiten. Dies w\u00fcrde geschehen, falls die NATO-Staaten ihre milit\u00e4rischen Investitionen nicht aufstocken w\u00fcrden.<\/p>\n<p>Noch im Januar erkl\u00e4rte Frederiksen, dass der langfristige Milit\u00e4rhaushalt angesichts der erh\u00f6hten Sicherheitsbedrohungen &#8220;n\u00e4her bei 5 Prozent des BIP&#8221; liegen werde als das aktuelle Zwei-Prozent-Ziel.<\/p>\n<p>Eine weitere Herausforderung f\u00fcr Kopenhagen besteht darin, dass Trump wiederholt Interesse an Gr\u00f6nland, einem autonomen Gebiet innerhalb des K\u00f6nigreichs, &#8220;aus Gr\u00fcnden der nationalen Sicherheit&#8221; zum Ausdruck gebracht hat. Auf der Insel befindet sich bereits eine US-amerikanische Milit\u00e4rbasis.<\/p>\n<p>D\u00e4nemark sei bereit, den USA zu erlauben, ihre Pr\u00e4senz auf der Insel zu verst\u00e4rken, sagte Frederiksen. &#8220;Ich stimme den Amerikanern v\u00f6llig zu, dass der hohe Norden, die arktische Region, immer wichtiger wird, wenn wir \u00fcber Verteidigung, Sicherheit und Abschreckung sprechen. Und es ist m\u00f6glich, einen Weg zu finden, um eine st\u00e4rkere Pr\u00e4senz in Gr\u00f6nland zu gew\u00e4hrleisten&#8221;, so die d\u00e4nische Regierungschefin. Sie bekr\u00e4ftigte, dass Gr\u00f6nland zu D\u00e4nemark geh\u00f6re und &#8220;nicht zum Verkauf stehe&#8221;.<\/p>\n<p>Frederiksen hat die Einf\u00fchrung einer Kriegssteuer zur Finanzierung der steigenden Milit\u00e4rausgaben nicht ausgeschlossen. Diese Kriegssteuer, die es erlauben w\u00fcrde, den Verteidigungshaushalt auf 5 Prozent des BIP zu erh\u00f6hen, w\u00fcrde eine durchschnittliche d\u00e4nische Mittelklassefamilie etwa 85.000 Kronen pro Jahr, umgerechnet rund 11.400 Euro kosten, <a rel=\"nofollow noopener\" target=\"_blank\" href=\"https:\/\/www.bloomberg.com\/news\/articles\/2025-02-19\/denmark-plans-17-billion-defense-spending-boost-to-deter-russia\">berichtet<\/a>\u00a0<em>Bloomberg<\/em> mit Bezugnahme auf Angaben der d\u00e4nischen Denkfabrik CEPOS.<\/p>\n<p><strong>Mehr zum Thema<\/strong>\u00a0\u2013 <a rel=\"nofollow noopener\" target=\"_blank\" href=\"https:\/\/de.rt.com\/international\/236133-nato-diskutiert-truppen-in-groenland\/\">NATO diskutiert Truppen in Gr\u00f6nland f\u00fcr Fall der &#8220;US-Invasion&#8221;<\/a><\/p>\n<div class=\"EmbedBlock-root EmbedBlock-externalVideo EmbedBlock-rumble\">\n<div class=\"VkEmbed\"><iframe class=\"lazyload\" data-src=\"https:\/\/rumble.com\/embed\/v6ekc6d\" frameborder=\"0\" width=\"853\" height=\"480\" allowfullscreen><\/iframe><\/div>\n<\/div>\n<\/div>\n<p><br \/>\n<br \/><a href=\"https:\/\/de.rt.com\/europa\/237395-daenemark-will-verteidigungsausgaben-zu-abschreckung\/\">Source link <\/a><\/p>\n","protected":false},"excerpt":{"rendered":"<p>Kopenhagen will seinen Verteidigungshaushalt auf 3 Prozent des BIP zu erh\u00f6hen. Der Grund daf\u00fcr sei die Sorge um die &#8220;Bedrohung Europas durch Russland&#8221;. US-Pr\u00e4sident Donald Trump fordert die europ\u00e4ischen NATO-Mitglieder auf, ihre Verteidigungsausgaben zu erh\u00f6hen. Die d\u00e4nische Regierung plant, die Streitkr\u00e4fte des Landes massiv aufzur\u00fcsten und die Verteidigungsausgaben auf mehr als 3 Prozent des BIP [&hellip;]<\/p>\n","protected":false},"author":3,"featured_media":78890,"comment_status":"open","ping_status":"open","sticky":false,"template":"","format":"standard","meta":{"_yoast_indexnow_last_ping":["1740053079"],"wp_automatic_camp":["217"],"a32a71e3d8dba4aa9e181b0d57954cab":["D\u00e4nemark: Verteidigungsausgaben sollen auf 3 Prozent steigen"],"original_link":["https:\/\/de.rt.com\/europa\/237395-daenemark-will-verteidigungsausgaben-zu-abschreckung\/"],"_thumbnail_id":["78890"],"jnews_social_counter_last_update":["1777372306"],"_wptgpro_p2tg_sent2tg":["a:1:{i:23737;s:19:\"2025-02-20 14:05:37\";}"]},"categories":[19,23],"tags":[133,13801,1429,1677,1472,28094],"yoast_head":"<!-- This site is optimized with the Yoast SEO Premium plugin v22.7 (Yoast SEO v22.7) - https:\/\/yoast.com\/wordpress\/plugins\/seo\/ -->\n<title>D\u00e4nemark: Verteidigungsausgaben sollen auf 3 Prozent steigen - just-now.NEWS Deutschland<\/title>\n<meta name=\"robots\" content=\"index, follow, max-snippet:-1, max-image-preview:large, max-video-preview:-1\" \/>\n<link rel=\"canonical\" href=\"https:\/\/now-news.de\/de\/deutschland\/daenemark-verteidigungsausgaben-sollen-auf-3-prozent-steigen\/\" \/>\n<meta property=\"og:locale\" content=\"de_DE\" \/>\n<meta property=\"og:type\" content=\"article\" \/>\n<meta property=\"og:title\" content=\"D\u00e4nemark: Verteidigungsausgaben sollen auf 3 Prozent steigen\" \/>\n<meta property=\"og:description\" content=\"Kopenhagen will seinen Verteidigungshaushalt auf 3 Prozent des BIP zu erh\u00f6hen. Der Grund daf\u00fcr sei die Sorge um die &#8220;Bedrohung Europas durch Russland&#8221;. US-Pr\u00e4sident Donald Trump fordert die europ\u00e4ischen NATO-Mitglieder auf, ihre Verteidigungsausgaben zu erh\u00f6hen. Die d\u00e4nische Regierung plant, die Streitkr\u00e4fte des Landes massiv aufzur\u00fcsten und die Verteidigungsausgaben auf mehr als 3 Prozent des BIP [&hellip;]\" \/>\n<meta property=\"og:url\" content=\"https:\/\/now-news.de\/de\/deutschland\/daenemark-verteidigungsausgaben-sollen-auf-3-prozent-steigen\/\" \/>\n<meta property=\"og:site_name\" content=\"just-now.NEWS Deutschland\" \/>\n<meta property=\"article:publisher\" content=\"https:\/\/www.facebook.com\/wirmachenauf\" \/>\n<meta property=\"article:published_time\" content=\"2025-02-20T11:58:14+00:00\" \/>\n<meta property=\"og:image\" content=\"https:\/\/now-news.de\/de\/wp-content\/uploads\/sites\/3\/2025\/02\/67b6fbc3b480cc1bc115d326.jpg\" \/>\n<meta name=\"author\" content=\"rtnews\" \/>\n<meta name=\"twitter:card\" content=\"summary_large_image\" \/>\n<meta name=\"twitter:creator\" content=\"@WirMachenAuf_de\" \/>\n<meta name=\"twitter:site\" content=\"@WirMachenAuf_de\" \/>\n<meta name=\"twitter:label1\" content=\"Verfasst von\" \/>\n\t<meta name=\"twitter:data1\" content=\"rtnews\" \/>\n\t<meta name=\"twitter:label2\" content=\"Gesch\u00e4tzte Lesezeit\" \/>\n\t<meta name=\"twitter:data2\" content=\"3\u00a0Minuten\" \/>\n<script type=\"application\/ld+json\" class=\"yoast-schema-graph\">{\"@context\":\"https:\/\/schema.org\",\"@graph\":[{\"@type\":\"Article\",\"@id\":\"https:\/\/now-news.de\/de\/deutschland\/daenemark-verteidigungsausgaben-sollen-auf-3-prozent-steigen\/#article\",\"isPartOf\":{\"@id\":\"https:\/\/now-news.de\/de\/deutschland\/daenemark-verteidigungsausgaben-sollen-auf-3-prozent-steigen\/\"},\"author\":{\"name\":\"rtnews\",\"@id\":\"https:\/\/now-news.de\/de\/#\/schema\/person\/fb534a4e865501d8b3285208df34a9b5\"},\"headline\":\"D\u00e4nemark: Verteidigungsausgaben sollen auf 3 Prozent steigen\",\"datePublished\":\"2025-02-20T11:58:14+00:00\",\"dateModified\":\"2025-02-20T11:58:14+00:00\",\"mainEntityOfPage\":{\"@id\":\"https:\/\/now-news.de\/de\/deutschland\/daenemark-verteidigungsausgaben-sollen-auf-3-prozent-steigen\/\"},\"wordCount\":634,\"commentCount\":0,\"publisher\":{\"@id\":\"https:\/\/now-news.de\/de\/#organization\"},\"image\":{\"@id\":\"https:\/\/now-news.de\/de\/deutschland\/daenemark-verteidigungsausgaben-sollen-auf-3-prozent-steigen\/#primaryimage\"},\"thumbnailUrl\":\"https:\/\/now-news.de\/de\/wp-content\/uploads\/sites\/3\/2025\/02\/Daenemark-Verteidigungsausgaben-sollen-auf-3-Prozent-steigen.jpg\",\"keywords\":[\"AUF\",\"D\u00e4nemark\",\"Prozent\",\"sollen\",\"steigen\",\"Verteidigungsausgaben\"],\"articleSection\":[\"Deutschland\",\"Russland\"],\"inLanguage\":\"de\",\"potentialAction\":[{\"@type\":\"CommentAction\",\"name\":\"Comment\",\"target\":[\"https:\/\/now-news.de\/de\/deutschland\/daenemark-verteidigungsausgaben-sollen-auf-3-prozent-steigen\/#respond\"]}]},{\"@type\":\"WebPage\",\"@id\":\"https:\/\/now-news.de\/de\/deutschland\/daenemark-verteidigungsausgaben-sollen-auf-3-prozent-steigen\/\",\"url\":\"https:\/\/now-news.de\/de\/deutschland\/daenemark-verteidigungsausgaben-sollen-auf-3-prozent-steigen\/\",\"name\":\"D\u00e4nemark: Verteidigungsausgaben sollen auf 3 Prozent steigen - just-now.NEWS Deutschland\",\"isPartOf\":{\"@id\":\"https:\/\/now-news.de\/de\/#website\"},\"primaryImageOfPage\":{\"@id\":\"https:\/\/now-news.de\/de\/deutschland\/daenemark-verteidigungsausgaben-sollen-auf-3-prozent-steigen\/#primaryimage\"},\"image\":{\"@id\":\"https:\/\/now-news.de\/de\/deutschland\/daenemark-verteidigungsausgaben-sollen-auf-3-prozent-steigen\/#primaryimage\"},\"thumbnailUrl\":\"https:\/\/now-news.de\/de\/wp-content\/uploads\/sites\/3\/2025\/02\/Daenemark-Verteidigungsausgaben-sollen-auf-3-Prozent-steigen.jpg\",\"datePublished\":\"2025-02-20T11:58:14+00:00\",\"dateModified\":\"2025-02-20T11:58:14+00:00\",\"breadcrumb\":{\"@id\":\"https:\/\/now-news.de\/de\/deutschland\/daenemark-verteidigungsausgaben-sollen-auf-3-prozent-steigen\/#breadcrumb\"},\"inLanguage\":\"de\",\"potentialAction\":[{\"@type\":\"ReadAction\",\"target\":[\"https:\/\/now-news.de\/de\/deutschland\/daenemark-verteidigungsausgaben-sollen-auf-3-prozent-steigen\/\"]}]},{\"@type\":\"ImageObject\",\"inLanguage\":\"de\",\"@id\":\"https:\/\/now-news.de\/de\/deutschland\/daenemark-verteidigungsausgaben-sollen-auf-3-prozent-steigen\/#primaryimage\",\"url\":\"https:\/\/now-news.de\/de\/wp-content\/uploads\/sites\/3\/2025\/02\/Daenemark-Verteidigungsausgaben-sollen-auf-3-Prozent-steigen.jpg\",\"contentUrl\":\"https:\/\/now-news.de\/de\/wp-content\/uploads\/sites\/3\/2025\/02\/Daenemark-Verteidigungsausgaben-sollen-auf-3-Prozent-steigen.jpg\",\"width\":460,\"height\":259,\"caption\":\"D\u00e4nemark: Verteidigungsausgaben sollen auf 3 Prozent steigen\"},{\"@type\":\"BreadcrumbList\",\"@id\":\"https:\/\/now-news.de\/de\/deutschland\/daenemark-verteidigungsausgaben-sollen-auf-3-prozent-steigen\/#breadcrumb\",\"itemListElement\":[{\"@type\":\"ListItem\",\"position\":1,\"name\":\"Home\",\"item\":\"https:\/\/now-news.de\/de\/\"},{\"@type\":\"ListItem\",\"position\":2,\"name\":\"D\u00e4nemark: Verteidigungsausgaben sollen auf 3 Prozent steigen\"}]},{\"@type\":\"WebSite\",\"@id\":\"https:\/\/now-news.de\/de\/#website\",\"url\":\"https:\/\/now-news.de\/de\/\",\"name\":\"just-now.NEWS Deutschland\",\"description\":\"Das Portal f\u00fcr unzensierte Nachrichten aus der Welt\",\"publisher\":{\"@id\":\"https:\/\/now-news.de\/de\/#organization\"},\"potentialAction\":[{\"@type\":\"SearchAction\",\"target\":{\"@type\":\"EntryPoint\",\"urlTemplate\":\"https:\/\/now-news.de\/de\/?s={search_term_string}\"},\"query-input\":\"required name=search_term_string\"}],\"inLanguage\":\"de\"},{\"@type\":\"Organization\",\"@id\":\"https:\/\/now-news.de\/de\/#organization\",\"name\":\"Just Now News\",\"url\":\"https:\/\/now-news.de\/de\/\",\"logo\":{\"@type\":\"ImageObject\",\"inLanguage\":\"de\",\"@id\":\"https:\/\/now-news.de\/de\/#\/schema\/logo\/image\/\",\"url\":\"http:\/\/just-now.news\/de\/wp-content\/uploads\/sites\/3\/2022\/04\/logo500x500.jpg\",\"contentUrl\":\"http:\/\/just-now.news\/de\/wp-content\/uploads\/sites\/3\/2022\/04\/logo500x500.jpg\",\"width\":500,\"height\":500,\"caption\":\"Just Now News\"},\"image\":{\"@id\":\"https:\/\/now-news.de\/de\/#\/schema\/logo\/image\/\"},\"sameAs\":[\"https:\/\/www.facebook.com\/wirmachenauf\",\"https:\/\/x.com\/WirMachenAuf_de\"]},{\"@type\":\"Person\",\"@id\":\"https:\/\/now-news.de\/de\/#\/schema\/person\/fb534a4e865501d8b3285208df34a9b5\",\"name\":\"rtnews\",\"image\":{\"@type\":\"ImageObject\",\"inLanguage\":\"de\",\"@id\":\"https:\/\/now-news.de\/de\/#\/schema\/person\/image\/\",\"url\":\"https:\/\/secure.gravatar.com\/avatar\/82aafea7d8127119dd649515f56e2117?s=96&d=mm&r=g\",\"contentUrl\":\"https:\/\/secure.gravatar.com\/avatar\/82aafea7d8127119dd649515f56e2117?s=96&d=mm&r=g\",\"caption\":\"rtnews\"},\"url\":\"https:\/\/now-news.de\/de\/author\/rnews\/\"}]}<\/script>\n<!-- \/ Yoast SEO Premium plugin. -->","yoast_head_json":{"title":"D\u00e4nemark: Verteidigungsausgaben sollen auf 3 Prozent steigen - just-now.NEWS Deutschland","robots":{"index":"index","follow":"follow","max-snippet":"max-snippet:-1","max-image-preview":"max-image-preview:large","max-video-preview":"max-video-preview:-1"},"canonical":"https:\/\/now-news.de\/de\/deutschland\/daenemark-verteidigungsausgaben-sollen-auf-3-prozent-steigen\/","og_locale":"de_DE","og_type":"article","og_title":"D\u00e4nemark: Verteidigungsausgaben sollen auf 3 Prozent steigen","og_description":"Kopenhagen will seinen Verteidigungshaushalt auf 3 Prozent des BIP zu erh\u00f6hen. Der Grund daf\u00fcr sei die Sorge um die &#8220;Bedrohung Europas durch Russland&#8221;. US-Pr\u00e4sident Donald Trump fordert die europ\u00e4ischen NATO-Mitglieder auf, ihre Verteidigungsausgaben zu erh\u00f6hen. Die d\u00e4nische Regierung plant, die Streitkr\u00e4fte des Landes massiv aufzur\u00fcsten und die Verteidigungsausgaben auf mehr als 3 Prozent des BIP [&hellip;]","og_url":"https:\/\/now-news.de\/de\/deutschland\/daenemark-verteidigungsausgaben-sollen-auf-3-prozent-steigen\/","og_site_name":"just-now.NEWS Deutschland","article_publisher":"https:\/\/www.facebook.com\/wirmachenauf","article_published_time":"2025-02-20T11:58:14+00:00","og_image":[{"url":"https:\/\/now-news.de\/de\/wp-content\/uploads\/sites\/3\/2025\/02\/67b6fbc3b480cc1bc115d326.jpg"}],"author":"rtnews","twitter_card":"summary_large_image","twitter_creator":"@WirMachenAuf_de","twitter_site":"@WirMachenAuf_de","twitter_misc":{"Verfasst von":"rtnews","Gesch\u00e4tzte Lesezeit":"3\u00a0Minuten"},"schema":{"@context":"https:\/\/schema.org","@graph":[{"@type":"Article","@id":"https:\/\/now-news.de\/de\/deutschland\/daenemark-verteidigungsausgaben-sollen-auf-3-prozent-steigen\/#article","isPartOf":{"@id":"https:\/\/now-news.de\/de\/deutschland\/daenemark-verteidigungsausgaben-sollen-auf-3-prozent-steigen\/"},"author":{"name":"rtnews","@id":"https:\/\/now-news.de\/de\/#\/schema\/person\/fb534a4e865501d8b3285208df34a9b5"},"headline":"D\u00e4nemark: Verteidigungsausgaben sollen auf 3 Prozent steigen","datePublished":"2025-02-20T11:58:14+00:00","dateModified":"2025-02-20T11:58:14+00:00","mainEntityOfPage":{"@id":"https:\/\/now-news.de\/de\/deutschland\/daenemark-verteidigungsausgaben-sollen-auf-3-prozent-steigen\/"},"wordCount":634,"commentCount":0,"publisher":{"@id":"https:\/\/now-news.de\/de\/#organization"},"image":{"@id":"https:\/\/now-news.de\/de\/deutschland\/daenemark-verteidigungsausgaben-sollen-auf-3-prozent-steigen\/#primaryimage"},"thumbnailUrl":"https:\/\/now-news.de\/de\/wp-content\/uploads\/sites\/3\/2025\/02\/Daenemark-Verteidigungsausgaben-sollen-auf-3-Prozent-steigen.jpg","keywords":["AUF","D\u00e4nemark","Prozent","sollen","steigen","Verteidigungsausgaben"],"articleSection":["Deutschland","Russland"],"inLanguage":"de","potentialAction":[{"@type":"CommentAction","name":"Comment","target":["https:\/\/now-news.de\/de\/deutschland\/daenemark-verteidigungsausgaben-sollen-auf-3-prozent-steigen\/#respond"]}]},{"@type":"WebPage","@id":"https:\/\/now-news.de\/de\/deutschland\/daenemark-verteidigungsausgaben-sollen-auf-3-prozent-steigen\/","url":"https:\/\/now-news.de\/de\/deutschland\/daenemark-verteidigungsausgaben-sollen-auf-3-prozent-steigen\/","name":"D\u00e4nemark: Verteidigungsausgaben sollen auf 3 Prozent steigen - just-now.NEWS Deutschland","isPartOf":{"@id":"https:\/\/now-news.de\/de\/#website"},"primaryImageOfPage":{"@id":"https:\/\/now-news.de\/de\/deutschland\/daenemark-verteidigungsausgaben-sollen-auf-3-prozent-steigen\/#primaryimage"},"image":{"@id":"https:\/\/now-news.de\/de\/deutschland\/daenemark-verteidigungsausgaben-sollen-auf-3-prozent-steigen\/#primaryimage"},"thumbnailUrl":"https:\/\/now-news.de\/de\/wp-content\/uploads\/sites\/3\/2025\/02\/Daenemark-Verteidigungsausgaben-sollen-auf-3-Prozent-steigen.jpg","datePublished":"2025-02-20T11:58:14+00:00","dateModified":"2025-02-20T11:58:14+00:00","breadcrumb":{"@id":"https:\/\/now-news.de\/de\/deutschland\/daenemark-verteidigungsausgaben-sollen-auf-3-prozent-steigen\/#breadcrumb"},"inLanguage":"de","potentialAction":[{"@type":"ReadAction","target":["https:\/\/now-news.de\/de\/deutschland\/daenemark-verteidigungsausgaben-sollen-auf-3-prozent-steigen\/"]}]},{"@type":"ImageObject","inLanguage":"de","@id":"https:\/\/now-news.de\/de\/deutschland\/daenemark-verteidigungsausgaben-sollen-auf-3-prozent-steigen\/#primaryimage","url":"https:\/\/now-news.de\/de\/wp-content\/uploads\/sites\/3\/2025\/02\/Daenemark-Verteidigungsausgaben-sollen-auf-3-Prozent-steigen.jpg","contentUrl":"https:\/\/now-news.de\/de\/wp-content\/uploads\/sites\/3\/2025\/02\/Daenemark-Verteidigungsausgaben-sollen-auf-3-Prozent-steigen.jpg","width":460,"height":259,"caption":"D\u00e4nemark: Verteidigungsausgaben sollen auf 3 Prozent steigen"},{"@type":"BreadcrumbList","@id":"https:\/\/now-news.de\/de\/deutschland\/daenemark-verteidigungsausgaben-sollen-auf-3-prozent-steigen\/#breadcrumb","itemListElement":[{"@type":"ListItem","position":1,"name":"Home","item":"https:\/\/now-news.de\/de\/"},{"@type":"ListItem","position":2,"name":"D\u00e4nemark: Verteidigungsausgaben sollen auf 3 Prozent steigen"}]},{"@type":"WebSite","@id":"https:\/\/now-news.de\/de\/#website","url":"https:\/\/now-news.de\/de\/","name":"just-now.NEWS Deutschland","description":"Das Portal f\u00fcr unzensierte Nachrichten aus der Welt","publisher":{"@id":"https:\/\/now-news.de\/de\/#organization"},"potentialAction":[{"@type":"SearchAction","target":{"@type":"EntryPoint","urlTemplate":"https:\/\/now-news.de\/de\/?s={search_term_string}"},"query-input":"required name=search_term_string"}],"inLanguage":"de"},{"@type":"Organization","@id":"https:\/\/now-news.de\/de\/#organization","name":"Just Now News","url":"https:\/\/now-news.de\/de\/","logo":{"@type":"ImageObject","inLanguage":"de","@id":"https:\/\/now-news.de\/de\/#\/schema\/logo\/image\/","url":"http:\/\/just-now.news\/de\/wp-content\/uploads\/sites\/3\/2022\/04\/logo500x500.jpg","contentUrl":"http:\/\/just-now.news\/de\/wp-content\/uploads\/sites\/3\/2022\/04\/logo500x500.jpg","width":500,"height":500,"caption":"Just Now News"},"image":{"@id":"https:\/\/now-news.de\/de\/#\/schema\/logo\/image\/"},"sameAs":["https:\/\/www.facebook.com\/wirmachenauf","https:\/\/x.com\/WirMachenAuf_de"]},{"@type":"Person","@id":"https:\/\/now-news.de\/de\/#\/schema\/person\/fb534a4e865501d8b3285208df34a9b5","name":"rtnews","image":{"@type":"ImageObject","inLanguage":"de","@id":"https:\/\/now-news.de\/de\/#\/schema\/person\/image\/","url":"https:\/\/secure.gravatar.com\/avatar\/82aafea7d8127119dd649515f56e2117?s=96&d=mm&r=g","contentUrl":"https:\/\/secure.gravatar.com\/avatar\/82aafea7d8127119dd649515f56e2117?s=96&d=mm&r=g","caption":"rtnews"},"url":"https:\/\/now-news.de\/de\/author\/rnews\/"}]}},"_links":{"self":[{"href":"https:\/\/now-news.de\/de\/wp-json\/wp\/v2\/posts\/78889"}],"collection":[{"href":"https:\/\/now-news.de\/de\/wp-json\/wp\/v2\/posts"}],"about":[{"href":"https:\/\/now-news.de\/de\/wp-json\/wp\/v2\/types\/post"}],"author":[{"embeddable":true,"href":"https:\/\/now-news.de\/de\/wp-json\/wp\/v2\/users\/3"}],"replies":[{"embeddable":true,"href":"https:\/\/now-news.de\/de\/wp-json\/wp\/v2\/comments?post=78889"}],"version-history":[{"count":0,"href":"https:\/\/now-news.de\/de\/wp-json\/wp\/v2\/posts\/78889\/revisions"}],"wp:featuredmedia":[{"embeddable":true,"href":"https:\/\/now-news.de\/de\/wp-json\/wp\/v2\/media\/78890"}],"wp:attachment":[{"href":"https:\/\/now-news.de\/de\/wp-json\/wp\/v2\/media?parent=78889"}],"wp:term":[{"taxonomy":"category","embeddable":true,"href":"https:\/\/now-news.de\/de\/wp-json\/wp\/v2\/categories?post=78889"},{"taxonomy":"post_tag","embeddable":true,"href":"https:\/\/now-news.de\/de\/wp-json\/wp\/v2\/tags?post=78889"}],"curies":[{"name":"wp","href":"https:\/\/api.w.org\/{rel}","templated":true}]}}