{"id":78887,"date":"2025-02-20T12:58:51","date_gmt":"2025-02-20T10:58:51","guid":{"rendered":"https:\/\/now-news.de\/de\/deutschland\/lawrow-nimmt-an-g20-treffen-in-suedafrika-teil\/"},"modified":"2025-02-20T12:58:51","modified_gmt":"2025-02-20T10:58:51","slug":"lawrow-nimmt-an-g20-treffen-in-suedafrika-teil","status":"publish","type":"post","link":"https:\/\/now-news.de\/de\/deutschland\/lawrow-nimmt-an-g20-treffen-in-suedafrika-teil\/","title":{"rendered":"Lawrow nimmt an G20-Treffen in S\u00fcdafrika teil"},"content":{"rendered":"<p><img decoding=\"async\" src=\"https:\/\/now-news.de\/de\/wp-content\/uploads\/sites\/3\/2025\/02\/67b6dd48b480cc1a2d7b2b44.jpg\" \/><\/p>\n<div class=\"Text-root Text-type_1 \">\n                Russlands Au\u00dfenminister Lawrow nimmt am G20-Au\u00dfenministertreffen in Johannesburg teil. Er wird eine umfassende Analyse der geopolitischen Lage pr\u00e4sentieren und bilaterale Gespr\u00e4che f\u00fchren. S\u00fcdafrika hat derzeit als erstes afrikanisches Land den Vorsitz der G20 inne.\n            <\/div>\n<p><\/p>\n<div class=\"Text-root Text-type_5 ArticleView-text ViewText-root \">\n<p>Der russische Au\u00dfenminister Sergei Lawrow ist am Donnerstag in der s\u00fcdafrikanischen Metropole Johannesburg eingetroffen, um am Treffen der Au\u00dfenminister der Gruppe der Zwanzig (G20) teilzunehmen. Das diesj\u00e4hrige Treffen steht unter dem Motto &#8220;Solidarit\u00e4t, Gleichheit, Nachhaltigkeit&#8221;. Die Au\u00dfenminister werden am 20. und 21. Februar \u00fcber globale geopolitische Herausforderungen beraten.<\/p>\n<p>Wie die Nachrichtenagentur <em>RIA Nowosti<\/em> berichtet, wird Lawrow eine umfassende Analyse der internationalen Lage vorlegen und am Rande des Treffens mehrere bilaterale Gespr\u00e4che f\u00fchren. Laut einer Quelle im t\u00fcrkischen Au\u00dfenministerium plant Au\u00dfenminister Hakan Fidan bilaterale Gespr\u00e4che mit Lawrow.<\/p>\n<p>US-Au\u00dfenminister Marco Rubio hatte seine Teilnahme zuvor abgesagt. Er soll durch einen Diplomaten der US-Botschaft vertreten werden. Au\u00dfenministerin Annalena Baerbock l\u00e4sst sich von Katja Keul, Staatsministerin im Ausw\u00e4rtigen Amt, vertreten.<\/p>\n<p>Seit Dezember 2024 hat S\u00fcdafrika als erstes afrikanisches Land die G20-Pr\u00e4sidentschaft inne. Die G20, der 19 Staaten sowie die Europ\u00e4ische und die Afrikanische Union angeh\u00f6ren, gilt als eines der wichtigsten internationalen Foren zur Koordinierung wirtschafts- und sicherheitspolitischer Strategien. Die Pr\u00e4sidentschaft wird im November dieses Jahres von S\u00fcdafrika an die USA \u00fcbergeben.<\/p>\n<p><strong>Mehr zum Thema<\/strong> &#8211; <a rel=\"nofollow noopener\" target=\"_blank\" href=\"https:\/\/freeassange.rtde.live\/russland\/236846-kreml-g8-haben-ihre-bedeutung\/\">Kreml: Die G8 haben ihre Bedeutung verloren<\/a><\/p>\n<div class=\"EmbedBlock-root EmbedBlock-externalVideo EmbedBlock-rumble\">\n<div class=\"VkEmbed\"><iframe class=\"lazyload\" data-src=\"https:\/\/rumble.com\/embed\/v6iigzd\" frameborder=\"0\" width=\"853\" height=\"480\" allowfullscreen><\/iframe><\/div>\n<\/div>\n<\/div>\n<p><br \/>\n<br \/><a href=\"https:\/\/de.rt.com\/international\/237376-russlands-aussenminister-lawrow-nimmt-am\/\">Source link <\/a><\/p>\n","protected":false},"excerpt":{"rendered":"<p>Russlands Au\u00dfenminister Lawrow nimmt am G20-Au\u00dfenministertreffen in Johannesburg teil. Er wird eine umfassende Analyse der geopolitischen Lage pr\u00e4sentieren und bilaterale Gespr\u00e4che f\u00fchren. S\u00fcdafrika hat derzeit als erstes afrikanisches Land den Vorsitz der G20 inne. Der russische Au\u00dfenminister Sergei Lawrow ist am Donnerstag in der s\u00fcdafrikanischen Metropole Johannesburg eingetroffen, um am Treffen der Au\u00dfenminister der Gruppe [&hellip;]<\/p>\n","protected":false},"author":3,"featured_media":78888,"comment_status":"open","ping_status":"open","sticky":false,"template":"","format":"standard","meta":{"_yoast_indexnow_last_ping":["1740049257"],"wp_automatic_camp":["217"],"94d005e0cbca8d6f7706295dab212b3e":["Lawrow nimmt an G20-Treffen in S\u00fcdafrika teil"],"original_link":["https:\/\/de.rt.com\/international\/237376-russlands-aussenminister-lawrow-nimmt-am\/"],"_thumbnail_id":["78888"],"jnews_social_counter_last_update":["1777338791"],"_wptgpro_p2tg_sent2tg":["a:1:{i:23737;s:19:\"2025-02-20 13:02:06\";}"]},"categories":[19,23],"tags":[35612,1018,5233,27520,3240],"yoast_head":"<!-- This site is optimized with the Yoast SEO Premium plugin v22.7 (Yoast SEO v22.7) - https:\/\/yoast.com\/wordpress\/plugins\/seo\/ -->\n<title>Lawrow nimmt an G20-Treffen in S\u00fcdafrika teil - just-now.NEWS Deutschland<\/title>\n<meta name=\"robots\" content=\"index, follow, max-snippet:-1, max-image-preview:large, max-video-preview:-1\" \/>\n<link rel=\"canonical\" href=\"https:\/\/now-news.de\/de\/deutschland\/lawrow-nimmt-an-g20-treffen-in-suedafrika-teil\/\" \/>\n<meta property=\"og:locale\" content=\"de_DE\" \/>\n<meta property=\"og:type\" content=\"article\" \/>\n<meta property=\"og:title\" content=\"Lawrow nimmt an G20-Treffen in S\u00fcdafrika teil\" \/>\n<meta property=\"og:description\" content=\"Russlands Au\u00dfenminister Lawrow nimmt am G20-Au\u00dfenministertreffen in Johannesburg teil. Er wird eine umfassende Analyse der geopolitischen Lage pr\u00e4sentieren und bilaterale Gespr\u00e4che f\u00fchren. S\u00fcdafrika hat derzeit als erstes afrikanisches Land den Vorsitz der G20 inne. Der russische Au\u00dfenminister Sergei Lawrow ist am Donnerstag in der s\u00fcdafrikanischen Metropole Johannesburg eingetroffen, um am Treffen der Au\u00dfenminister der Gruppe [&hellip;]\" \/>\n<meta property=\"og:url\" content=\"https:\/\/now-news.de\/de\/deutschland\/lawrow-nimmt-an-g20-treffen-in-suedafrika-teil\/\" \/>\n<meta property=\"og:site_name\" content=\"just-now.NEWS Deutschland\" \/>\n<meta property=\"article:publisher\" content=\"https:\/\/www.facebook.com\/wirmachenauf\" \/>\n<meta property=\"article:published_time\" content=\"2025-02-20T10:58:51+00:00\" \/>\n<meta property=\"og:image\" content=\"https:\/\/now-news.de\/de\/wp-content\/uploads\/sites\/3\/2025\/02\/67b6dd48b480cc1a2d7b2b44.jpg\" \/>\n<meta name=\"author\" content=\"rtnews\" \/>\n<meta name=\"twitter:card\" content=\"summary_large_image\" \/>\n<meta name=\"twitter:creator\" content=\"@WirMachenAuf_de\" \/>\n<meta name=\"twitter:site\" content=\"@WirMachenAuf_de\" \/>\n<meta name=\"twitter:label1\" content=\"Verfasst von\" \/>\n\t<meta name=\"twitter:data1\" content=\"rtnews\" \/>\n\t<meta name=\"twitter:label2\" content=\"Gesch\u00e4tzte Lesezeit\" \/>\n\t<meta name=\"twitter:data2\" content=\"1\u00a0Minute\" \/>\n<script type=\"application\/ld+json\" class=\"yoast-schema-graph\">{\"@context\":\"https:\/\/schema.org\",\"@graph\":[{\"@type\":\"Article\",\"@id\":\"https:\/\/now-news.de\/de\/deutschland\/lawrow-nimmt-an-g20-treffen-in-suedafrika-teil\/#article\",\"isPartOf\":{\"@id\":\"https:\/\/now-news.de\/de\/deutschland\/lawrow-nimmt-an-g20-treffen-in-suedafrika-teil\/\"},\"author\":{\"name\":\"rtnews\",\"@id\":\"https:\/\/now-news.de\/de\/#\/schema\/person\/fb534a4e865501d8b3285208df34a9b5\"},\"headline\":\"Lawrow nimmt an G20-Treffen in S\u00fcdafrika teil\",\"datePublished\":\"2025-02-20T10:58:51+00:00\",\"dateModified\":\"2025-02-20T10:58:51+00:00\",\"mainEntityOfPage\":{\"@id\":\"https:\/\/now-news.de\/de\/deutschland\/lawrow-nimmt-an-g20-treffen-in-suedafrika-teil\/\"},\"wordCount\":250,\"commentCount\":0,\"publisher\":{\"@id\":\"https:\/\/now-news.de\/de\/#organization\"},\"image\":{\"@id\":\"https:\/\/now-news.de\/de\/deutschland\/lawrow-nimmt-an-g20-treffen-in-suedafrika-teil\/#primaryimage\"},\"thumbnailUrl\":\"https:\/\/now-news.de\/de\/wp-content\/uploads\/sites\/3\/2025\/02\/Lawrow-nimmt-an-G20-Treffen-in-Suedafrika-teil.jpg\",\"keywords\":[\"G20Treffen\",\"Lawrow\",\"nimmt\",\"S\u00fcdafrika\",\"Teil\"],\"articleSection\":[\"Deutschland\",\"Russland\"],\"inLanguage\":\"de\",\"potentialAction\":[{\"@type\":\"CommentAction\",\"name\":\"Comment\",\"target\":[\"https:\/\/now-news.de\/de\/deutschland\/lawrow-nimmt-an-g20-treffen-in-suedafrika-teil\/#respond\"]}]},{\"@type\":\"WebPage\",\"@id\":\"https:\/\/now-news.de\/de\/deutschland\/lawrow-nimmt-an-g20-treffen-in-suedafrika-teil\/\",\"url\":\"https:\/\/now-news.de\/de\/deutschland\/lawrow-nimmt-an-g20-treffen-in-suedafrika-teil\/\",\"name\":\"Lawrow nimmt an G20-Treffen in S\u00fcdafrika teil - just-now.NEWS Deutschland\",\"isPartOf\":{\"@id\":\"https:\/\/now-news.de\/de\/#website\"},\"primaryImageOfPage\":{\"@id\":\"https:\/\/now-news.de\/de\/deutschland\/lawrow-nimmt-an-g20-treffen-in-suedafrika-teil\/#primaryimage\"},\"image\":{\"@id\":\"https:\/\/now-news.de\/de\/deutschland\/lawrow-nimmt-an-g20-treffen-in-suedafrika-teil\/#primaryimage\"},\"thumbnailUrl\":\"https:\/\/now-news.de\/de\/wp-content\/uploads\/sites\/3\/2025\/02\/Lawrow-nimmt-an-G20-Treffen-in-Suedafrika-teil.jpg\",\"datePublished\":\"2025-02-20T10:58:51+00:00\",\"dateModified\":\"2025-02-20T10:58:51+00:00\",\"breadcrumb\":{\"@id\":\"https:\/\/now-news.de\/de\/deutschland\/lawrow-nimmt-an-g20-treffen-in-suedafrika-teil\/#breadcrumb\"},\"inLanguage\":\"de\",\"potentialAction\":[{\"@type\":\"ReadAction\",\"target\":[\"https:\/\/now-news.de\/de\/deutschland\/lawrow-nimmt-an-g20-treffen-in-suedafrika-teil\/\"]}]},{\"@type\":\"ImageObject\",\"inLanguage\":\"de\",\"@id\":\"https:\/\/now-news.de\/de\/deutschland\/lawrow-nimmt-an-g20-treffen-in-suedafrika-teil\/#primaryimage\",\"url\":\"https:\/\/now-news.de\/de\/wp-content\/uploads\/sites\/3\/2025\/02\/Lawrow-nimmt-an-G20-Treffen-in-Suedafrika-teil.jpg\",\"contentUrl\":\"https:\/\/now-news.de\/de\/wp-content\/uploads\/sites\/3\/2025\/02\/Lawrow-nimmt-an-G20-Treffen-in-Suedafrika-teil.jpg\",\"width\":460,\"height\":259,\"caption\":\"Lawrow nimmt an G20-Treffen in S\u00fcdafrika teil\"},{\"@type\":\"BreadcrumbList\",\"@id\":\"https:\/\/now-news.de\/de\/deutschland\/lawrow-nimmt-an-g20-treffen-in-suedafrika-teil\/#breadcrumb\",\"itemListElement\":[{\"@type\":\"ListItem\",\"position\":1,\"name\":\"Home\",\"item\":\"https:\/\/now-news.de\/de\/\"},{\"@type\":\"ListItem\",\"position\":2,\"name\":\"Lawrow nimmt an G20-Treffen in S\u00fcdafrika teil\"}]},{\"@type\":\"WebSite\",\"@id\":\"https:\/\/now-news.de\/de\/#website\",\"url\":\"https:\/\/now-news.de\/de\/\",\"name\":\"just-now.NEWS Deutschland\",\"description\":\"Das Portal f\u00fcr unzensierte Nachrichten aus der Welt\",\"publisher\":{\"@id\":\"https:\/\/now-news.de\/de\/#organization\"},\"potentialAction\":[{\"@type\":\"SearchAction\",\"target\":{\"@type\":\"EntryPoint\",\"urlTemplate\":\"https:\/\/now-news.de\/de\/?s={search_term_string}\"},\"query-input\":\"required name=search_term_string\"}],\"inLanguage\":\"de\"},{\"@type\":\"Organization\",\"@id\":\"https:\/\/now-news.de\/de\/#organization\",\"name\":\"Just Now News\",\"url\":\"https:\/\/now-news.de\/de\/\",\"logo\":{\"@type\":\"ImageObject\",\"inLanguage\":\"de\",\"@id\":\"https:\/\/now-news.de\/de\/#\/schema\/logo\/image\/\",\"url\":\"http:\/\/just-now.news\/de\/wp-content\/uploads\/sites\/3\/2022\/04\/logo500x500.jpg\",\"contentUrl\":\"http:\/\/just-now.news\/de\/wp-content\/uploads\/sites\/3\/2022\/04\/logo500x500.jpg\",\"width\":500,\"height\":500,\"caption\":\"Just Now News\"},\"image\":{\"@id\":\"https:\/\/now-news.de\/de\/#\/schema\/logo\/image\/\"},\"sameAs\":[\"https:\/\/www.facebook.com\/wirmachenauf\",\"https:\/\/x.com\/WirMachenAuf_de\"]},{\"@type\":\"Person\",\"@id\":\"https:\/\/now-news.de\/de\/#\/schema\/person\/fb534a4e865501d8b3285208df34a9b5\",\"name\":\"rtnews\",\"image\":{\"@type\":\"ImageObject\",\"inLanguage\":\"de\",\"@id\":\"https:\/\/now-news.de\/de\/#\/schema\/person\/image\/\",\"url\":\"https:\/\/secure.gravatar.com\/avatar\/82aafea7d8127119dd649515f56e2117?s=96&d=mm&r=g\",\"contentUrl\":\"https:\/\/secure.gravatar.com\/avatar\/82aafea7d8127119dd649515f56e2117?s=96&d=mm&r=g\",\"caption\":\"rtnews\"},\"url\":\"https:\/\/now-news.de\/de\/author\/rnews\/\"}]}<\/script>\n<!-- \/ Yoast SEO Premium plugin. -->","yoast_head_json":{"title":"Lawrow nimmt an G20-Treffen in S\u00fcdafrika teil - just-now.NEWS Deutschland","robots":{"index":"index","follow":"follow","max-snippet":"max-snippet:-1","max-image-preview":"max-image-preview:large","max-video-preview":"max-video-preview:-1"},"canonical":"https:\/\/now-news.de\/de\/deutschland\/lawrow-nimmt-an-g20-treffen-in-suedafrika-teil\/","og_locale":"de_DE","og_type":"article","og_title":"Lawrow nimmt an G20-Treffen in S\u00fcdafrika teil","og_description":"Russlands Au\u00dfenminister Lawrow nimmt am G20-Au\u00dfenministertreffen in Johannesburg teil. Er wird eine umfassende Analyse der geopolitischen Lage pr\u00e4sentieren und bilaterale Gespr\u00e4che f\u00fchren. S\u00fcdafrika hat derzeit als erstes afrikanisches Land den Vorsitz der G20 inne. Der russische Au\u00dfenminister Sergei Lawrow ist am Donnerstag in der s\u00fcdafrikanischen Metropole Johannesburg eingetroffen, um am Treffen der Au\u00dfenminister der Gruppe [&hellip;]","og_url":"https:\/\/now-news.de\/de\/deutschland\/lawrow-nimmt-an-g20-treffen-in-suedafrika-teil\/","og_site_name":"just-now.NEWS Deutschland","article_publisher":"https:\/\/www.facebook.com\/wirmachenauf","article_published_time":"2025-02-20T10:58:51+00:00","og_image":[{"url":"https:\/\/now-news.de\/de\/wp-content\/uploads\/sites\/3\/2025\/02\/67b6dd48b480cc1a2d7b2b44.jpg"}],"author":"rtnews","twitter_card":"summary_large_image","twitter_creator":"@WirMachenAuf_de","twitter_site":"@WirMachenAuf_de","twitter_misc":{"Verfasst von":"rtnews","Gesch\u00e4tzte Lesezeit":"1\u00a0Minute"},"schema":{"@context":"https:\/\/schema.org","@graph":[{"@type":"Article","@id":"https:\/\/now-news.de\/de\/deutschland\/lawrow-nimmt-an-g20-treffen-in-suedafrika-teil\/#article","isPartOf":{"@id":"https:\/\/now-news.de\/de\/deutschland\/lawrow-nimmt-an-g20-treffen-in-suedafrika-teil\/"},"author":{"name":"rtnews","@id":"https:\/\/now-news.de\/de\/#\/schema\/person\/fb534a4e865501d8b3285208df34a9b5"},"headline":"Lawrow nimmt an G20-Treffen in S\u00fcdafrika teil","datePublished":"2025-02-20T10:58:51+00:00","dateModified":"2025-02-20T10:58:51+00:00","mainEntityOfPage":{"@id":"https:\/\/now-news.de\/de\/deutschland\/lawrow-nimmt-an-g20-treffen-in-suedafrika-teil\/"},"wordCount":250,"commentCount":0,"publisher":{"@id":"https:\/\/now-news.de\/de\/#organization"},"image":{"@id":"https:\/\/now-news.de\/de\/deutschland\/lawrow-nimmt-an-g20-treffen-in-suedafrika-teil\/#primaryimage"},"thumbnailUrl":"https:\/\/now-news.de\/de\/wp-content\/uploads\/sites\/3\/2025\/02\/Lawrow-nimmt-an-G20-Treffen-in-Suedafrika-teil.jpg","keywords":["G20Treffen","Lawrow","nimmt","S\u00fcdafrika","Teil"],"articleSection":["Deutschland","Russland"],"inLanguage":"de","potentialAction":[{"@type":"CommentAction","name":"Comment","target":["https:\/\/now-news.de\/de\/deutschland\/lawrow-nimmt-an-g20-treffen-in-suedafrika-teil\/#respond"]}]},{"@type":"WebPage","@id":"https:\/\/now-news.de\/de\/deutschland\/lawrow-nimmt-an-g20-treffen-in-suedafrika-teil\/","url":"https:\/\/now-news.de\/de\/deutschland\/lawrow-nimmt-an-g20-treffen-in-suedafrika-teil\/","name":"Lawrow nimmt an G20-Treffen in S\u00fcdafrika teil - just-now.NEWS Deutschland","isPartOf":{"@id":"https:\/\/now-news.de\/de\/#website"},"primaryImageOfPage":{"@id":"https:\/\/now-news.de\/de\/deutschland\/lawrow-nimmt-an-g20-treffen-in-suedafrika-teil\/#primaryimage"},"image":{"@id":"https:\/\/now-news.de\/de\/deutschland\/lawrow-nimmt-an-g20-treffen-in-suedafrika-teil\/#primaryimage"},"thumbnailUrl":"https:\/\/now-news.de\/de\/wp-content\/uploads\/sites\/3\/2025\/02\/Lawrow-nimmt-an-G20-Treffen-in-Suedafrika-teil.jpg","datePublished":"2025-02-20T10:58:51+00:00","dateModified":"2025-02-20T10:58:51+00:00","breadcrumb":{"@id":"https:\/\/now-news.de\/de\/deutschland\/lawrow-nimmt-an-g20-treffen-in-suedafrika-teil\/#breadcrumb"},"inLanguage":"de","potentialAction":[{"@type":"ReadAction","target":["https:\/\/now-news.de\/de\/deutschland\/lawrow-nimmt-an-g20-treffen-in-suedafrika-teil\/"]}]},{"@type":"ImageObject","inLanguage":"de","@id":"https:\/\/now-news.de\/de\/deutschland\/lawrow-nimmt-an-g20-treffen-in-suedafrika-teil\/#primaryimage","url":"https:\/\/now-news.de\/de\/wp-content\/uploads\/sites\/3\/2025\/02\/Lawrow-nimmt-an-G20-Treffen-in-Suedafrika-teil.jpg","contentUrl":"https:\/\/now-news.de\/de\/wp-content\/uploads\/sites\/3\/2025\/02\/Lawrow-nimmt-an-G20-Treffen-in-Suedafrika-teil.jpg","width":460,"height":259,"caption":"Lawrow nimmt an G20-Treffen in S\u00fcdafrika teil"},{"@type":"BreadcrumbList","@id":"https:\/\/now-news.de\/de\/deutschland\/lawrow-nimmt-an-g20-treffen-in-suedafrika-teil\/#breadcrumb","itemListElement":[{"@type":"ListItem","position":1,"name":"Home","item":"https:\/\/now-news.de\/de\/"},{"@type":"ListItem","position":2,"name":"Lawrow nimmt an G20-Treffen in S\u00fcdafrika teil"}]},{"@type":"WebSite","@id":"https:\/\/now-news.de\/de\/#website","url":"https:\/\/now-news.de\/de\/","name":"just-now.NEWS Deutschland","description":"Das Portal f\u00fcr unzensierte Nachrichten aus der Welt","publisher":{"@id":"https:\/\/now-news.de\/de\/#organization"},"potentialAction":[{"@type":"SearchAction","target":{"@type":"EntryPoint","urlTemplate":"https:\/\/now-news.de\/de\/?s={search_term_string}"},"query-input":"required name=search_term_string"}],"inLanguage":"de"},{"@type":"Organization","@id":"https:\/\/now-news.de\/de\/#organization","name":"Just Now News","url":"https:\/\/now-news.de\/de\/","logo":{"@type":"ImageObject","inLanguage":"de","@id":"https:\/\/now-news.de\/de\/#\/schema\/logo\/image\/","url":"http:\/\/just-now.news\/de\/wp-content\/uploads\/sites\/3\/2022\/04\/logo500x500.jpg","contentUrl":"http:\/\/just-now.news\/de\/wp-content\/uploads\/sites\/3\/2022\/04\/logo500x500.jpg","width":500,"height":500,"caption":"Just Now News"},"image":{"@id":"https:\/\/now-news.de\/de\/#\/schema\/logo\/image\/"},"sameAs":["https:\/\/www.facebook.com\/wirmachenauf","https:\/\/x.com\/WirMachenAuf_de"]},{"@type":"Person","@id":"https:\/\/now-news.de\/de\/#\/schema\/person\/fb534a4e865501d8b3285208df34a9b5","name":"rtnews","image":{"@type":"ImageObject","inLanguage":"de","@id":"https:\/\/now-news.de\/de\/#\/schema\/person\/image\/","url":"https:\/\/secure.gravatar.com\/avatar\/82aafea7d8127119dd649515f56e2117?s=96&d=mm&r=g","contentUrl":"https:\/\/secure.gravatar.com\/avatar\/82aafea7d8127119dd649515f56e2117?s=96&d=mm&r=g","caption":"rtnews"},"url":"https:\/\/now-news.de\/de\/author\/rnews\/"}]}},"_links":{"self":[{"href":"https:\/\/now-news.de\/de\/wp-json\/wp\/v2\/posts\/78887"}],"collection":[{"href":"https:\/\/now-news.de\/de\/wp-json\/wp\/v2\/posts"}],"about":[{"href":"https:\/\/now-news.de\/de\/wp-json\/wp\/v2\/types\/post"}],"author":[{"embeddable":true,"href":"https:\/\/now-news.de\/de\/wp-json\/wp\/v2\/users\/3"}],"replies":[{"embeddable":true,"href":"https:\/\/now-news.de\/de\/wp-json\/wp\/v2\/comments?post=78887"}],"version-history":[{"count":0,"href":"https:\/\/now-news.de\/de\/wp-json\/wp\/v2\/posts\/78887\/revisions"}],"wp:featuredmedia":[{"embeddable":true,"href":"https:\/\/now-news.de\/de\/wp-json\/wp\/v2\/media\/78888"}],"wp:attachment":[{"href":"https:\/\/now-news.de\/de\/wp-json\/wp\/v2\/media?parent=78887"}],"wp:term":[{"taxonomy":"category","embeddable":true,"href":"https:\/\/now-news.de\/de\/wp-json\/wp\/v2\/categories?post=78887"},{"taxonomy":"post_tag","embeddable":true,"href":"https:\/\/now-news.de\/de\/wp-json\/wp\/v2\/tags?post=78887"}],"curies":[{"name":"wp","href":"https:\/\/api.w.org\/{rel}","templated":true}]}}