{"id":78879,"date":"2025-02-20T09:25:50","date_gmt":"2025-02-20T07:25:50","guid":{"rendered":"https:\/\/now-news.de\/de\/deutschland\/liveticker-bundestagswahlkampf-tv-duell-scholz-und-merz-wiederholen-ihre-absagen-an-die-konkurrenz\/"},"modified":"2025-02-20T09:25:50","modified_gmt":"2025-02-20T07:25:50","slug":"liveticker-bundestagswahlkampf-tv-duell-scholz-und-merz-wiederholen-ihre-absagen-an-die-konkurrenz","status":"publish","type":"post","link":"https:\/\/now-news.de\/de\/deutschland\/liveticker-bundestagswahlkampf-tv-duell-scholz-und-merz-wiederholen-ihre-absagen-an-die-konkurrenz\/","title":{"rendered":"Liveticker Bundestagswahlkampf: TV-Duell: Scholz und Merz wiederholen ihre Absagen an die Konkurrenz"},"content":{"rendered":"<p><img decoding=\"async\" src=\"https:\/\/now-news.de\/de\/wp-content\/uploads\/sites\/3\/2025\/02\/67b6d9db48fbef12636c221b.jpeg\" \/><\/p>\n<div class=\"Text-root Text-type_1 \">\n                Am 23. Februar 2025 w\u00e4hlen die Deutschen in vorgezogenen Neuwahlen einen neuen Bundestag. In diesem Ticker versorgen wir Sie bis dahin mit den wichtigsten und unterhaltsamsten Nachrichten aus der finalen Wahlkampfphase.\n            <\/div>\n<p><\/p>\n<div class=\"ArticleView-liveUpdates\">\n<div class=\"LiveUpdates-root\">\n<div class=\"LiveUpdates-content\">\n<ul class=\"LiveUpdates-list Listing-root\" data-listing=\"LiveUpdates\" data-count=\"10\">\n<li class=\"LiveUpdates-item Listing-item\">\n<div class=\"LiveUpdates-date\">\n<p class=\"HeaderNews-root HeaderNews-type_2 \">\n                20.02.2025 08:25 Uhr\n            <\/p>\n<\/div>\n<div class=\"LiveUpdate-root\">\n<div class=\"LiveUpdate-date\">\n<p class=\"HeaderNews-root HeaderNews-type_6 \">\n                08:25 Uhr\n            <\/p>\n<\/div>\n<div class=\"LiveUpdate-content\">\n<div class=\"LiveUpdate-text\">\n<div class=\"Text-root Text-type_5 ViewText-root\">\n<p><strong>Letztes TV-Wahlduell: Scholz und\u00a0Merz wiederholen ihre Absagen an die Konkurrenz<\/strong><\/p>\n<p>Den Verlauf des gestrigen Abends, die Verkaufssendung f\u00fcr die kommende Bundesregierung, wurde seitens der\u00a0<em>Spiegel<\/em>-Titelzeile treffend\u00a0<a rel=\"nofollow noopener\" target=\"_blank\" href=\"https:\/\/www.spiegel.de\/kultur\/tv\/tv-duell-olaf-scholz-und-fredrich-merz-reden-als-wollten-sie-sich-bald-wiedersehen-a-bff911cd-4697-4347-96a5-8b92d204863c\">kommentiert<\/a>:<\/p>\n<p><em>&#8220;TV-Duell zwischen Scholz und Merz: Sie reden, als wollten sie sich schon bald wiedersehen&#8221;<\/em><\/p>\n<p>Beide Kontrahenten pr\u00e4sentierten den Zuschauern ihre Vorstellungen zuk\u00fcnftiger Regierungspolitik, ausgehend von potenziellen Wahlergebnissen f\u00fcr die politische Konkurrenz. Das SPD-nahe\u00a0<em>RedaktionsNetzwerk Deutschland<\/em>\u00a0(<em>RND<\/em>) fasste f\u00fcr den Kanzler\u00a0<a rel=\"nofollow noopener\" target=\"_blank\" href=\"https:\/\/www.rnd.de\/politik\/liveticker-zur-bundestagswahl-merz-und-scholz-streiten-in-tv-duell-ueber-energiepreise-ATUFTG5YRJHEBGGSHEXTQJZCZU.html\">zusammen<\/a>:<\/p>\n<p><em>&#8220;Bundeskanzler Olaf Scholz hat Koalitionen mit der Linkspartei oder dem BSW eine klare Absage erteilt. &#8216;Das ist kein Plan, den irgendjemand von uns hat und deshalb braucht man sich da auch keine Sorgen machen&#8217;, sagte der SPD-Kanzlerkandidat im TV-Duell von Bild und Welt-TV. F\u00fcr ihn sei das &#8216;ganz klar, eindeutig&#8217;.&#8221;<\/em><\/p>\n<p>Bedeutet dabei im Umkehrschluss, die SPD liegt vier Tage vor der Bundestagswahl in den Umfragen weit abgeschlagen hinter der f\u00fchrenden CDU. Etwas vor den Gr\u00fcnen, jedoch auch eindeutig hinter der AfD. F\u00fcr eine Regierungsbildung ohne Union und AfD gibt es also derzeit keine Mehrheit. Die Gr\u00fcnen sind f\u00fcr\u00a0SPD und CDU jeweils eine n\u00fctzliche Option.<\/p>\n<p>Der Unionskandidat erkl\u00e4rte den Zuschauern laut\u00a0<em>RND<\/em>-Zusammenfassung:<\/p>\n<p><em>&#8220;Friedrich Merz hat eine Zusammenarbeit mit der AfD nach der Bundestagswahl oder bei einer Regierungsbildung erneut ausgeschlossen. &#8216;Ich will das noch mal sehr deutlich sagen, damit da wirklich keine Missverst\u00e4ndnisse entstehen, auch beim Bundeskanzler nicht: Es wird keine Zusammenarbeit mit der AfD geben, und das ist klar und endg\u00fcltig&#8217;.&#8221;<\/em><\/p>\n<p>Gleiches gilt laut Aussagen f\u00fcr die Pl\u00e4ne der SPD und Gr\u00fcnen. Laut Medienberichten waren sich beide Politiker zum Thema &#8220;Arbeitsunwillige&#8221; einig. So hei\u00dft es:<\/p>\n<p><em>&#8220;Bundeskanzler Olaf Scholz (SPD) und CDU\/CSU-Kanzlerkandidat Friedrich Merz fordern \u00fcbereinstimmend h\u00e4rtere Sanktionen f\u00fcr arbeitsunwillige B\u00fcrgergeldempf\u00e4nger. &#8216;Es gibt auch jetzt schon Leistungsk\u00fcrzungen, aber sie sind zu versch\u00e4rfen&#8217;, so Scholz. Merz betonte, man m\u00fcsse einem Menschen, der arbeiten k\u00f6nne, aber nicht wolle, sagen, &#8216;dass der Staat nicht bereit ist, das l\u00e4nger zu akzeptieren&#8217;.&#8221;<\/em><\/p>\n<\/div>\n<\/div>\n<\/div>\n<\/div>\n<\/li>\n<li class=\"LiveUpdates-item Listing-item\">\n<div class=\"LiveUpdates-date\">\n<p class=\"HeaderNews-root HeaderNews-type_2 \">\n                19.02.2025 12:15 Uhr\n            <\/p>\n<\/div>\n<div class=\"LiveUpdate-root\">\n<div class=\"LiveUpdate-date\">\n<p class=\"HeaderNews-root HeaderNews-type_6 \">\n                12:15 Uhr\n            <\/p>\n<\/div>\n<div class=\"LiveUpdate-content\">\n<div class=\"LiveUpdate-text\">\n<div class=\"Text-root Text-type_5 ViewText-root\">\n<p><strong><em>Der Spiegel<\/em>\u00a0pr\u00e4sentiert eine &#8220;neue Spendenaff\u00e4re&#8221; bei der AfD<\/strong><\/p>\n<p>Wenige Tage vor dem Neuwahltermin pr\u00e4sentiert das Hamburger Magazin einen Artikel, der unlautere Spendenaktivit\u00e4ten im Umfeld der AfD pr\u00e4sentieren soll (Bezahlschranke). Beteiligt an der &#8220;Recherche&#8221;\u00a0war auch ein \u00f6sterreichisches\u00a0Medium. Einleitend hei\u00dft es zu dem &#8220;Verdacht auf\u00a0illegale Parteienfinanzierung&#8221;, pr\u00e4sentiert von sechs\u00a0<em>Spiegel<\/em>-Mitarbeitern.<\/p>\n<p><em>&#8220;K\u00fcrzlich gingen 2,35 Millionen Euro an die AfD. Nach Recherchen von Spiegel und Standard erhielt der angebliche Spender zuvor jedoch eine Schenkung eines Immobilienmilliard\u00e4rs. Der hatte AfD-Chefin Weidel schon einmal heimlich unterst\u00fctzt.&#8221;<\/em><\/p>\n<p>Die\u00a0<em>Spiegel<\/em>-Redaktion ist sich sicher, dass die <em>&#8220;in gro\u00dfen Teilen rechtsextreme&#8221;<\/em> Partei vermeintlich von den Inhalten intern <em>&#8220;ersch\u00fcttert&#8221;<\/em> wird. Zu den Details hei\u00dft es:<\/p>\n<p><em>&#8220;Es geht um eine Werbekampagne im Wert von rund 2,35 Millionen Euro, die der fr\u00fchere FP\u00d6-Funktion\u00e4r Gerhard Dingler der AfD spendiert haben soll. Dabei wird die Partei mit Gro\u00dfplakaten in zahlreichen deutschen St\u00e4dten unterst\u00fctzt. Es ist die\u00a0gr\u00f6\u00dfte jemals von der AfD gemeldete Spende.&#8221;<\/em><\/p>\n<p>Zu den unterstellten Machenschaften eines vermeintlichen &#8220;Strohmanns&#8221; zwischen \u00d6sterreich und Deutschland lautet der Inhalt:<\/p>\n<p><em>&#8220;Demnach soll Dingler vor wenigen Wochen seiner Bank, der Raiffeisenbank Montfort, einen Vertrag vorgelegt haben, laut dem er von Conle 2,6 Millionen Euro geschenkt bekam. Auf die Nachfrage der Bank, wof\u00fcr das Geld verwendet werde, soll Dingler erst von einem Immobilienprojekt gesprochen haben. Doch kurz darauf gingen von seinem Konto 2.349.906 Euro an eine auf Plakatwerbung spezialisierte Firma in K\u00f6ln, die ASS Werbe GmbH. Exakt dieselbe Summe meldete die AfD Anfang Februar der Bundestagsverwaltung.&#8221;<\/em><\/p>\n<div class=\"EmbedBlock-root EmbedBlock-twitter\">\n<div class=\"TwitterEmbed\">\n<blockquote class=\"twitter-tweet lazyload\" data-twitter=\"twitter-tweet\">\n<p lang=\"de\" dir=\"ltr\">\ud83d\udd34 Verdacht auf illegale Parteispende bei der <a rel=\"nofollow noopener\" target=\"_blank\" href=\"https:\/\/twitter.com\/hashtag\/AfD?src=hash&amp;ref_src=twsrc%5Etfw\">#AfD<\/a>: Es geht um diese 2,3 Mio. Euro-Spende \ud83d\udc47 von einem \u00f6sterr. Ex-FP\u00d6-Funktion\u00e4r. Tats\u00e4chlich soll das Geld aber von einem aus Deutschland stammenden Milliard\u00e4r kommen, berichtet der SPIEGEL. \ud83e\uddf5 <a rel=\"nofollow noopener\" target=\"_blank\" href=\"https:\/\/t.co\/H8B5ACbdK5\">pic.twitter.com\/H8B5ACbdK5<\/a><\/p>\n<p>\u2014 abgeordnetenwatch.de (@a_watch) <a rel=\"nofollow noopener\" target=\"_blank\" href=\"https:\/\/twitter.com\/a_watch\/status\/1891950380981821594?ref_src=twsrc%5Etfw\">February 18, 2025<\/a><\/p><\/blockquote>\n<\/div>\n<\/div>\n<p>Ausgehend von diesen Dynamiken w\u00fcrden aktuell die<em> &#8220;\u00f6sterreichischen Beh\u00f6rden nun dem Verdacht der Geldw\u00e4sche und der verdeckten Parteienfinanzierung nachgehen&#8221;<\/em>, parallel verlaufend wurden demnach bereits in Deutschland <em>&#8220;das Bundeskriminalamt (BKA) und die Direktion Staatsschutz und Nachrichtendienst (DSN) in den Fall eingeschaltet&#8221;<\/em>, so der\u00a0<em>Spiegel<\/em>.<\/p>\n<p>Das\u00a0<em>ZDF<\/em>\u00a0<a rel=\"nofollow noopener\" target=\"_blank\" href=\"https:\/\/www.zdf.de\/nachrichten\/politik\/deutschland\/afd-spende-verdacht-parteifinanzierung-wahlkampf-bundestagswahl-weidel-100.html\">berichtet<\/a>\u00a0zu der\u00a0<em>Spiegel<\/em>-Recherche:<\/p>\n<p><em>&#8220;Sogenannte Strohmannspenden sind nach dem deutschen Parteiengesetz streng verboten. Die Identit\u00e4t eines Geldgebers f\u00fcr eine Partei darf nicht verschleiert werden. Sollte sich der Strohmann-Verdacht erh\u00e4rten, droht der AfD eine Strafe wegen illegaler Parteienfinanzierung. Die liegt laut Gesetz bei der dreifachen H\u00f6he der unzul\u00e4ssigen Spende. In diesem Fall w\u00e4ren das hochgerechnet rund sieben Millionen Euro.&#8221;<\/em><\/p>\n<p>Der hessische AfD-Landtagsabgeordnete Frank Grobe kommentierte via X-Posting:<\/p>\n<div class=\"EmbedBlock-root EmbedBlock-twitter\">\n<div class=\"TwitterEmbed\">\n<blockquote class=\"twitter-tweet lazyload\" data-twitter=\"twitter-tweet\">\n<p lang=\"de\" dir=\"ltr\">Der \u201eseri\u00f6se\u201c <a rel=\"nofollow noopener\" target=\"_blank\" href=\"https:\/\/twitter.com\/hashtag\/DerSpiegel?src=hash&amp;ref_src=twsrc%5Etfw\">#DerSpiegel<\/a> berichtet KURZ vor der Wahl von einem angeblichen AfD-Spendenskandal. Was ist eigentlich mit der indirekten Parteiwerbung von 9 Mrd. Euro von <a rel=\"nofollow noopener\" target=\"_blank\" href=\"https:\/\/twitter.com\/hashtag\/ARDZDF?src=hash&amp;ref_src=twsrc%5Etfw\">#ARDZDF<\/a> f\u00fcr die Altparteien? Wo bleibt der Aufschrei? Nachtigall, ick h\u00f6r dir trapsen. Jetzt erst recht <a rel=\"nofollow noopener\" target=\"_blank\" href=\"https:\/\/twitter.com\/hashtag\/AfD?src=hash&amp;ref_src=twsrc%5Etfw\">#AfD<\/a>! <a rel=\"nofollow noopener\" target=\"_blank\" href=\"https:\/\/t.co\/6BbVL5JeRr\">pic.twitter.com\/6BbVL5JeRr<\/a><\/p>\n<p>\u2014 Dr. Frank Grobe (@GrobeDrFrank) <a rel=\"nofollow noopener\" target=\"_blank\" href=\"https:\/\/twitter.com\/GrobeDrFrank\/status\/1892057756162548078?ref_src=twsrc%5Etfw\">February 19, 2025<\/a><\/p><\/blockquote>\n<\/div>\n<\/div>\n<\/div>\n<\/div>\n<\/div>\n<\/div>\n<\/li>\n<li class=\"LiveUpdates-item Listing-item\">\n<div class=\"LiveUpdate-root\">\n<div class=\"LiveUpdate-date\">\n<p class=\"HeaderNews-root HeaderNews-type_6 \">\n                11:23 Uhr\n            <\/p>\n<\/div>\n<div class=\"LiveUpdate-content\">\n<div class=\"LiveUpdate-text\">\n<div class=\"Text-root Text-type_5 ViewText-root\">\n<p><strong>Neuer Medienbericht zu Cum-Ex: &#8220;Hat der Kanzler falsch ausgesagt?&#8221;<\/strong><\/p>\n<p>Das Boulevardmagazin <em>Stern\u00a0<\/em>berichtet am 18. Januar, f\u00fcnf Tage vor der Wahl, \u00fcber neue Informationen zur &#8220;Cum-Ex-Causa&#8221; und dem fraglichen Agieren von Bundeskanzler Olaf Scholz.<\/p>\n<p>Einleitend hei\u00dft es in dem <a rel=\"nofollow noopener\" target=\"_blank\" href=\"https:\/\/www.stern.de\/politik\/olaf-scholz-und-cum-ex--neue-dokumente-und-ein-schwerer-verdacht-35476492.html\">Artikel<\/a> (Bezahlschranke).<\/p>\n<p><em>&#8220;Neue Dokumente legen nahe: Olaf Scholz hat vor dem Untersuchungsausschuss nicht die Wahrheit gesagt. Wieder geht es um die Treffen mit dem Mitinhaber der Warburg-Bank.&#8221;<\/em><\/p>\n<p>Der Beitrag fasst erneut ausf\u00fchrlich die gesamte Dynamik des Finanzskandals zusammen, insbesondere im Hinblick auf Scholz\u2019 Verantwortung in seiner Funktion als Hamburger B\u00fcrgermeister.<\/p>\n<p>Zu den neuen Vorw\u00fcrfen hei\u00dft es nun seitens des Magazins:<\/p>\n<p><em>&#8220;Scholz war 2016 Erster B\u00fcrgermeister in Hamburg. Er bestreitet bis heute jede Einflussnahme. Mittlerweile ist bekannt, dass er sich dreimal mit dem Mitinhaber der Bank, Christian Olearius, getroffen hat. Scholz behauptet, er k\u00f6nne sich an die Treffen nicht erinnern. Schon vor zweieinhalb Jahren berichtete der Stern\u00a0anhand eines Geheimprotokolls, dass das so nicht stimmt. Neue Dokumente zeigen, dass Scholz in Verbindung mit den Treffen ein weiteres Mal nicht die Wahrheit gesagt hat \u2013 und das vor einem\u00a0Untersuchungsausschuss.&#8221;<\/em><\/p>\n<p>Final hei\u00dft es in dem Artikel am Ende der Zusammenfassung zu den Ereignissen:<\/p>\n<p><em>&#8220;Heute wei\u00df man sogar von drei Treffen. Scholz wird im Untersuchungsausschuss &#8216;Cum-Ex-Steuergeldaff\u00e4re&#8217; gefragt, ob er in die Beantwortung von Hackbuschs Anfrage &#8216;in irgendeiner Art und Weise involviert&#8217; gewesen sei. &#8216;Nein&#8217;, sagt Scholz. Die Mails beweisen: Das ist die Unwahrheit.&#8221;\u00a0<\/em><\/p>\n<p>In einem weiteren Artikel besch\u00e4ftigt sich die <em>Stern<\/em>-Redaktion nochmals mit dem Kanzler (Bezahlschranke):<\/p>\n<div class=\"EmbedBlock-root EmbedBlock-twitter\">\n<div class=\"TwitterEmbed\">\n<blockquote class=\"twitter-tweet lazyload\" data-twitter=\"twitter-tweet\">\n<p lang=\"de\" dir=\"ltr\">Einmischen, abwiegeln, Journalisten schelten: Der stern bekam Einblick in die interne Kommunikation der engsten Vertrauten des Kanzlers. Die Geschichte eines Kontrollzwangs. <a rel=\"nofollow noopener\" target=\"_blank\" href=\"https:\/\/t.co\/8V5tQfB9xG\">https:\/\/t.co\/8V5tQfB9xG<\/a><\/p>\n<p>\u2014 stern (@sternde) <a rel=\"nofollow noopener\" target=\"_blank\" href=\"https:\/\/twitter.com\/sternde\/status\/1892062383004164338?ref_src=twsrc%5Etfw\">February 19, 2025<\/a><\/p><\/blockquote>\n<\/div>\n<\/div>\n<\/div>\n<\/div>\n<\/div>\n<\/div>\n<\/li>\n<li class=\"LiveUpdates-item Listing-item\">\n<div class=\"LiveUpdate-root\">\n<div class=\"LiveUpdate-date\">\n<p class=\"HeaderNews-root HeaderNews-type_6 \">\n                10:18 Uhr\n            <\/p>\n<\/div>\n<div class=\"LiveUpdate-content\">\n<div class=\"LiveUpdate-text\">\n<div class=\"Text-root Text-type_5 ViewText-root\">\n<p><strong>Habeck: Lindner als Finanzminister zu nominieren &#8220;war Kardinalfehler&#8221;<\/strong><\/p>\n<p>Im Rahmen der medialen Rundreise aller Spitzenkandidaten erfolgte\u00a0ein Zwischenstopp des ambitionierten Robert Habeck beim Magazin <em>Der Spiegel<\/em> im Rahmen des Formats &#8220;Spitzengespr\u00e4ch&#8221;.<\/p>\n<p>Der Artikel zum <a rel=\"nofollow noopener\" target=\"_blank\" href=\"https:\/\/www.spiegel.de\/politik\/deutschland\/robert-habeck-im-spiegel-kandidatencheck-nichts-zieht-mich-zur-cdu-a-1c738c57-2296-4afe-8be8-34b12c510589\">Video<\/a> erkl\u00e4rt zusammenfassend:<\/p>\n<p><em>&#8220;&#8216;Nichts zieht mich zur CDU&#8217; \u2013 Rezession statt eines gr\u00fcnen Wirtschaftswunders: Im Spiegel-Kandidatencheck zur Wahl zieht Robert Habeck Bilanz. Er attestiert Friedrich Merz ein Autorit\u00e4tsproblem und spricht \u00fcber den gr\u00f6\u00dften Fehler der Ampel.&#8221;<\/em><\/p>\n<p>Das &#8220;Ausschlie\u00dfen von B\u00fcndnissen&#8221; mit &#8220;demokratischen Parteien&#8221; sei f\u00fcr Habeck &#8220;am Ende eine ganz schiefe Bahn&#8221; hin zu &#8220;historischen gedanklichen Fehlern&#8221;.\u00a0Zu der Frage des Moderators Markus Feldenkirchen, &#8220;woran die\u00a0Ampel gescheitert&#8221; sei, erkl\u00e4rt Habeck unter anderem:<\/p>\n<p><em>&#8220;Aber ich m\u00f6chte auch sagen, dass es\u00a0einer der kardinalen Fehler war, Christian Lindner das Finanzministerium zu geben.&#8221;\u00a0<\/em>\u00a0<\/p>\n<div class=\"EmbedBlock-root EmbedBlock-twitter\">\n<div class=\"TwitterEmbed\">\n<blockquote class=\"twitter-tweet lazyload\" data-twitter=\"twitter-tweet\">\n<p lang=\"de\" dir=\"ltr\">Woran ist die Ampel gescheitert?\u201eEs war einer der kardinalen Fehler, Christian Lindner das Finanziministerium zu geben\u201c bilanziert <a rel=\"nofollow noopener\" target=\"_blank\" href=\"https:\/\/twitter.com\/roberthabeck?ref_src=twsrc%5Etfw\">@roberthabeck<\/a> Habeck im <a rel=\"nofollow noopener\" target=\"_blank\" href=\"https:\/\/twitter.com\/hashtag\/spitzengespr%C3%A4ch?src=hash&amp;ref_src=twsrc%5Etfw\">#spitzengespr\u00e4ch<\/a><a rel=\"nofollow noopener\" target=\"_blank\" href=\"https:\/\/t.co\/whjjkPYXxj\">pic.twitter.com\/whjjkPYXxj<\/a><\/p>\n<p>\u2014 Markus Feldenkirchen (@MFeldenkirchen) <a rel=\"nofollow noopener\" target=\"_blank\" href=\"https:\/\/twitter.com\/MFeldenkirchen\/status\/1891902979642429823?ref_src=twsrc%5Etfw\">February 18, 2025<\/a><\/p><\/blockquote>\n<\/div>\n<\/div>\n<p>Die Begr\u00fcndung des \u00fcberforderten Wirtschaftsministers und Kinderbuchautoren lautet w\u00f6rtlich:<\/p>\n<p><em>&#8220;Weil anders als andere Fachminister, die logischerweise Lobbyismus [Lobbyisten?] ihres Ressorts sein m\u00fcssten, also dass der Verteidigungsminister sagt: &#8216;ich brauch mehr f\u00fcr die Verteidigung&#8217; und die Umweltministerin sagt: &#8216;ich brauch mehr f\u00fcr Umwelt&#8217;, das ist richtig, sozusagen ein guter Job. Der Finanzminister muss ein ehrlicher Makler f\u00fcr alle sein, das ist sein Job. Er muss allen das Gef\u00fchl geben, die werden gut und fair behandelt.\u00a0<\/em><\/p>\n<p><em>Wenn ein Finanzminister versucht sein Ressort so zu f\u00fchren, dass vor allem seine Partei gut aussieht, oder er gut aussieht, dann ist Misstrauen vorprogrammiert.&#8221;\u00a0<\/em><\/p>\n<p>Zur Kr\u00f6nung seiner subjektiven Wahrnehmung erkl\u00e4rt Habeck dann abschlie\u00dfend zu diesem Punkt, dass sein Ex-Ampelkollege Lindner &#8220;versucht hat Agenda-Politik zu machen, gegen die Ressorts da drinnen und da ist die Schraube von Anfang an schr\u00e4g eingesetzt worden.&#8221;\u00a0\u00a0<\/p>\n<p>Zum Thema m\u00f6glicher Koalitionen nachdem 23. Februar erkl\u00e4rt der noch amtierende Vize-Kanzler:<\/p>\n<p><em>&#8220;Nichts zieht mich zur CDU, wenn ich das sagen darf, aber dieses Ausschlie\u00dfen von B\u00fcndnissen ist am Ende eine ganz schiefe Bahn, auf die eine Demokratie rutschen kann, denn am Ende muss ein Land regiert werden. Wenn die demokratischen Parteien den Fehler begehen, dass sie glauben, die Trennung ihrer Programme unter sich ist wichtiger oder tiefer als das, was sie von den nichtdemokratischen Parteien, AfD, unterscheidet, dann haben wir einen schweren gedanklichen, ich will sagen einen historischen gedanklichen Fehler begangen.&#8221;\u00a0<\/em><\/p>\n<div class=\"EmbedBlock-root EmbedBlock-twitter\">\n<div class=\"TwitterEmbed\">\n<blockquote class=\"twitter-tweet lazyload\" data-twitter=\"twitter-tweet\" data-media-max-width=\"560\">\n<p lang=\"de\" dir=\"ltr\">\u201eNichts zieht mich zur CDU, aber dieses Ausschlie\u00dfen von B\u00fcndnissen ist am Ende eine ganz schiefe Bahn, auf die eine Demokratie rutschen kann\u201c sagt <a rel=\"nofollow noopener\" target=\"_blank\" href=\"https:\/\/twitter.com\/roberthabeck?ref_src=twsrc%5Etfw\">@roberthabeck<\/a> in Richtung Markus S\u00f6der, Friedrich Merz und Christian Lindner. Vor allem S\u00f6der schlie\u00dft Schwarz-Gr\u00fcn kategorisch aus. <a rel=\"nofollow noopener\" target=\"_blank\" href=\"https:\/\/t.co\/HsJdzhlfHQ\">pic.twitter.com\/HsJdzhlfHQ<\/a><\/p>\n<p>\u2014 Markus Feldenkirchen (@MFeldenkirchen) <a rel=\"nofollow noopener\" target=\"_blank\" href=\"https:\/\/twitter.com\/MFeldenkirchen\/status\/1891904386642702846?ref_src=twsrc%5Etfw\">February 18, 2025<\/a><\/p><\/blockquote>\n<\/div>\n<\/div>\n<\/div>\n<\/div>\n<\/div>\n<\/div>\n<\/li>\n<li class=\"LiveUpdates-item Listing-item\">\n<div class=\"LiveUpdate-root\">\n<div class=\"LiveUpdate-date\">\n<p class=\"HeaderNews-root HeaderNews-type_6 \">\n                09:12 Uhr\n            <\/p>\n<\/div>\n<div class=\"LiveUpdate-content\">\n<div class=\"LiveUpdate-text\">\n<div class=\"Text-root Text-type_5 ViewText-root\">\n<p><strong>Rekord zur Bundestagswahl \u2013 60 Prozent mehr Auslandsdeutsche wollen dieses Mal teilnehmen\u00a0<\/strong><\/p>\n<p>Das SPD-nahe <em>RedaktionswerkDeutschland<\/em> (<em>RND<\/em>) <a rel=\"nofollow noopener\" target=\"_blank\" href=\"https:\/\/www.rnd.de\/mandanten\/politik\/bundestagswahl-2025-so-viele-deutsche-im-ausland-wollen-am-sonntag-waehlen-52F5C5SQYFCPVPEXXJYVYX4OBQ.html\">berichtet<\/a> \u00fcber \u00fcberraschende Zahlen aus dem Ausland. Dazu hei\u00dft es:<\/p>\n<p><em>&#8220;An der vorgezogenen Bundestagswahl am kommenden Sonntag wollen 60 Prozent mehr im Ausland lebende Deutsche teilnehmen als bei der Wahl 2021. Die Anzahl der Eintragungen von Auslandsdeutschen in ein W\u00e4hlerverzeichnis kann dabei noch weiter steigen.&#8221;<\/em><\/p>\n<p>Demnach h\u00e4tten sich bereits nach Angaben der Bundeswahlleiterin mit Stand 17. Februar 2025 &#8220;210.297 im Ausland lebende deutsche Staatsb\u00fcrger in ein W\u00e4hlerverzeichnis eintragen lassen&#8221;.<\/p>\n<p>Diese Zahl sei jedoch nicht\u00a0endg\u00fcltig und &#8220;kann sich bis zum Wahltag noch erh\u00f6hen&#8221;, so die Bundeswahlleiterin.<\/p>\n<p><em>&#8220;Bei der letzten Bundestagswahl 2021 wurden nach Angaben der Bundeswahlleiterin 128.929 Antr\u00e4ge von Auslandsdeutschen bewilligt.&#8221;<\/em><\/p>\n<p>Interessierte Deutsche m\u00fcssen dabei jedoch einen entsprechenden Antrag f\u00fcr die Wahlunterlagen in der Gemeinde oder dem Bezirk der letzten offiziellen deutschen Meldeadresse anfordern, nicht bei dem Konsulat ihres aktuellen Wohnorts im Ausland. Dazu hei\u00dft es:<\/p>\n<p><em>&#8220;Aufgrund der Kurzfristigkeit der vorgezogenen Bundestagswahl rief das Ausw\u00e4rtige Amt Deutsche im Ausland auf, sich so fr\u00fchzeitig zu registrieren und den Versand der Unterlagen im Austausch mit der Heimatgemeinde sicherzustellen. Durch die langen Postlaufzeiten in manchen L\u00e4ndern sei die Teilnahme dort schon bei regul\u00e4ren Bundestagswahlen eine Herausforderung, hie\u00df es aus dem Ausw\u00e4rtigen Amt.&#8221;<\/em><\/p>\n<p>Auslandsdeutsche sind laut Gesetz &#8220;Staatsb\u00fcrger, die nicht mehr in Deutschland gemeldet sind&#8221;. Da sie \u00fcber keinen Wohnsitz in Deutschland verf\u00fcgen, sind sie daher nicht automatisch im W\u00e4hlerverzeichnis eingetragen.<\/p>\n<\/div>\n<\/div>\n<\/div>\n<\/div>\n<\/li>\n<li class=\"LiveUpdates-item Listing-item\">\n<div class=\"LiveUpdate-root\">\n<div class=\"LiveUpdate-date\">\n<p class=\"HeaderNews-root HeaderNews-type_6 \">\n                08:17 Uhr\n            <\/p>\n<\/div>\n<div class=\"LiveUpdate-content\">\n<div class=\"LiveUpdate-text\">\n<div class=\"Text-root Text-type_5 ViewText-root\">\n<p><strong>&#8220;Pl\u00f6tzlich Hammer-Werte&#8221;? Linkspartei wird gegen das BSW medial hochgejubelt<\/strong>\u00a0<\/p>\n<p><em>&#8220;Pl\u00f6tzlich Hammer-Werte&#8221;<\/em> titelt die\u00a0<em>Bild<\/em>-Zeitung, da es gilt die <em>&#8220;n\u00e4chste Umfrage-\u00dcberraschung f\u00fcr die Linkspartei&#8221;<\/em> zu best\u00e4tigen (Bezahlschranke). Zum vermeintlichen Ph\u00e4nomen der Stunde hei\u00dft es:<\/p>\n<p><em>&#8220;Viele politische Beobachter hatten die Linken bereits abgeschrieben und nach der Wahl am Sonntag aus dem Bundestag fliegen sehen. Doch im Wahlkampfendspurt stehen die Sozialisten pl\u00f6tzlich recht stabil da.&#8221;\u00a0<\/em><\/p>\n<p>Die Berliner\u00a0<em>Morgenpost<\/em>\u00a0stellt ebenfalls fest, dass die Werte <em>&#8220;<a rel=\"nofollow noopener\" target=\"_blank\" href=\"https:\/\/www.morgenpost.de\/politik\/article408335276\/bundestagswahl-2025-aktuell-news-quadrell-scholz-merz-habeck-weidel.html\">\u00fcberraschen<\/a>&#8220;<\/em>.\u00a0<em>T-Online<\/em>\u00a0<a rel=\"nofollow noopener\" target=\"_blank\" href=\"https:\/\/www.t-online.de\/nachrichten\/deutschland\/innenpolitik\/id_100604268\/umfrage-vor-bundestagswahl-linke-gewinnt-deutlich-union-sackt-ab.html\">berichtet<\/a>, dass die Partei nun <em>&#8220;fast zweistellig&#8221;<\/em> ist. Ausgehend der jeweiligen Meinungsinstitute finden sich daf\u00fcr Werte zwischen\u00a06,5\u00a0(Forsa) und neun Prozent (YouGov).<\/p>\n<div class=\"EmbedBlock-root EmbedBlock-twitter\">\n<div class=\"TwitterEmbed\">\n<blockquote class=\"twitter-tweet lazyload\" data-twitter=\"twitter-tweet\">\n<p lang=\"de\" dir=\"ltr\">AUF GEHT\u2019S! WIR WOLLEN DIESE 9% ALS MINDESTWERT AUCH HOLEN!ATZIG!!<a rel=\"nofollow noopener\" target=\"_blank\" href=\"https:\/\/twitter.com\/hashtag\/DeshalbDieLinke?src=hash&amp;ref_src=twsrc%5Etfw\">#DeshalbDieLinke<\/a><a rel=\"nofollow noopener\" target=\"_blank\" href=\"https:\/\/t.co\/rywIav8JAC\">pic.twitter.com\/rywIav8JAC<\/a><\/p>\n<p>\u2014 \ud83e\udd8b deshalbdielinke.de (@DeshalbDieLinke) <a rel=\"nofollow noopener\" target=\"_blank\" href=\"https:\/\/twitter.com\/DeshalbDieLinke\/status\/1891731956640923805?ref_src=twsrc%5Etfw\">February 18, 2025<\/a><\/p><\/blockquote>\n<\/div>\n<\/div>\n<p>Das Portal <em>Business Insider<\/em>\u00a0<a rel=\"nofollow noopener\" target=\"_blank\" href=\"https:\/\/www.businessinsider.de\/politik\/umfrage-linke-springt-auf-neun-prozent-gruende-fuer-comeback\/\">erkl\u00e4rt<\/a>\u00a0die Partei wohlwollend darlegend:<\/p>\n<p><em>&#8220;Die Linke springt in Umfrage auf 9 Prozent: Hier sind vier Gr\u00fcnde f\u00fcr das sensationelle Comeback der schon totgesagten Partei&#8221;<\/em><\/p>\n<p>Die vier Gr\u00fcnde lauten w\u00f6rtlich im Artikel:<\/p>\n<ul>\n<li>1. Grund: Die Linke hat sich gefunden<\/li>\n<li>2. Grund: Die Linke hat ihr Thema gefunden:\u00a0f\u00fcr niedrige Mieten, f\u00fcr niedrige\u00a0 Preise, f\u00fcr h\u00f6here L\u00f6hne, f\u00fcr Frieden<\/li>\n<li>3. Grund: Die Linke gewinnt im Migrationsstreit:\u00a0Auch beim gro\u00dfen Wahlkampfthema, der Migration, besetzt die Linke eine Nische. Sie ist die einzige Partei im Bundestag, die gegen einen h\u00e4rteren Kurs bei der Zuwanderung ist.<\/li>\n<li>4. Grund: Die Linken nutzen die sozialen Medien<\/li>\n<\/ul>\n<p>Die Linke unterst\u00fctzte dabei nachweislich in den zur\u00fcckliegenden Jahren die restriktive Corona-Politik sowie j\u00fcngst die aggressiven Forderungen nach noch mehr Waffen in die Ukraine und damit einer k\u00fcnstlichen Verl\u00e4ngerung des Krieges.<\/p>\n<p>Ob mit der medialen Berichterstattung eine &#8220;zuverl\u00e4ssige&#8221; Oppositionspartei im kommenden Bundestag herbeigeschrieben und unterst\u00fctzt werden soll, demgegen\u00fcber seit geraumer Zeit die Darstellung eines Endes des BSW-Zaubers \u2013 diese Partei dabei &#8220;coronakritisch&#8221; und f\u00fcr eine diesbez\u00fcgliche Aufarbeitung, zudem seit Monaten f\u00fcr Friedensverhandlungen in der Ukraine \u2013 begleitet durch eine eher negativgef\u00e4rbte Berichterstattung zu internen Querelen und vermeintlich sinkenden Umfragewerten,\u00a0obliegt nat\u00fcrlich rein der subjektiven Eigenwahrnehmung.<\/p>\n<p>Linken-Chef Jan van Aken erkl\u00e4rte erkenntnisreich am 16. Januar im &#8220;<em>Spiegel<\/em>-Spitzengespr\u00e4ch&#8221; zur BSW-Konkurrenz:<\/p>\n<p><em>&#8220;Das ist keine linke Partei. Das ist eine Kreml-Partei!&#8221;<\/em><\/p>\n<div class=\"EmbedBlock-root EmbedBlock-twitter\">\n<div class=\"TwitterEmbed\">\n<blockquote class=\"twitter-tweet lazyload\" data-twitter=\"twitter-tweet\">\n<p lang=\"de\" dir=\"ltr\">\u00bbDas ist keine linke Partei. Das ist eine Kreml-Partei!\u00ab Linken-Spitzenkandidat <a rel=\"nofollow noopener\" target=\"_blank\" href=\"https:\/\/twitter.com\/jan_vanaken?ref_src=twsrc%5Etfw\">@jan_vanaken<\/a> l\u00e4sst kein gutes Haar am neu gegr\u00fcndeten BSW und erkl\u00e4rt <a rel=\"nofollow noopener\" target=\"_blank\" href=\"https:\/\/twitter.com\/MFeldenkirchen?ref_src=twsrc%5Etfw\">@MFeldenkirchen<\/a>, was ihn von Sahra <a rel=\"nofollow noopener\" target=\"_blank\" href=\"https:\/\/twitter.com\/hashtag\/Wagenknecht?src=hash&amp;ref_src=twsrc%5Etfw\">#Wagenknecht<\/a> in der <a rel=\"nofollow noopener\" target=\"_blank\" href=\"https:\/\/twitter.com\/hashtag\/Ukraine?src=hash&amp;ref_src=twsrc%5Etfw\">#Ukraine<\/a>-Unterst\u00fctzung unterscheidet. <a rel=\"nofollow noopener\" target=\"_blank\" href=\"https:\/\/t.co\/BjynfVgNBH\">https:\/\/t.co\/BjynfVgNBH<\/a><a rel=\"nofollow noopener\" target=\"_blank\" href=\"https:\/\/t.co\/uLxo46NJPX\">pic.twitter.com\/uLxo46NJPX<\/a><\/p>\n<p>\u2014 SPIEGEL Spitzengespr\u00e4ch (@SPIEGEL_Talk) <a rel=\"nofollow noopener\" target=\"_blank\" href=\"https:\/\/twitter.com\/SPIEGEL_Talk\/status\/1879979280534524067?ref_src=twsrc%5Etfw\">January 16, 2025<\/a><\/p><\/blockquote>\n<\/div>\n<\/div>\n<p>BSW-Chefin Wagenknecht erkl\u00e4rte zu Beginn der Woche in einem Interview:<\/p>\n<p><em>&#8220;Wir erleben gerade eine richtige Kampagne gegen unsere Partei. Dass die Vorw\u00fcrfe sich teilweise widersprechen \u2013 also ich bin ja sowohl Kommunistin als auch AfD-nah, das BSW wird von mir autorit\u00e4r gef\u00fchrt und ist mir zugleich entglitten \u2013 zeigt, auf welchem Niveau das Ganze angelangt ist.&#8221;<\/em><\/p>\n<\/div>\n<\/div>\n<\/div>\n<\/div>\n<\/li>\n<li class=\"LiveUpdates-item Listing-item\">\n<div class=\"LiveUpdates-date\">\n<p class=\"HeaderNews-root HeaderNews-type_2 \">\n                17.02.2025 14:51 Uhr\n            <\/p>\n<\/div>\n<div class=\"LiveUpdate-root\">\n<div class=\"LiveUpdate-date\">\n<p class=\"HeaderNews-root HeaderNews-type_6 \">\n                14:51 Uhr\n            <\/p>\n<\/div>\n<div class=\"LiveUpdate-content\">\n<div class=\"LiveUpdate-text\">\n<div class=\"Text-root Text-type_5 ViewText-root\">\n<p><strong>Ergebnisse der U18-Bundestagswahl<\/strong><\/p>\n<p>In &#8220;1.812 Wahllokalen&#8221; haben sich bundesweit &#8220;166.443 Kinder und Jugendliche unter 18 Jahren&#8221; bei der m\u00f6glichen Stimmabgabe beteiligt.\u00a0<\/p>\n<p>In der <a rel=\"nofollow noopener\" target=\"_blank\" href=\"https:\/\/www.dbjr.de\/artikel\/u18-bundestagswahl-2025-endgueltiges-wahlergebnis\">Pressemitteilung<\/a> hei\u00dft es dazu:<\/p>\n<p><em>&#8220;Die Partei Die Linke hat mit 20,8 Prozent des Gesamtergebnisses die meisten Stimmen junger Menschen erhalten. Danach folgen die SPD mit 17,9 Prozent, die CDU\/CSU mit 15,7 Prozent, die AfD mit 15,5 Prozent und B\u00fcndnis 90\/Die Gr\u00fcnen mit 12,5 Prozent.\u00a0Die Tierschutzpartei erhielt 3,8 Prozent, die FDP 3,4 Prozent und das BSW 3,4 Prozent. 7 Prozent entfallen zudem auf weitere Parteien.&#8221;\u00a0<\/em><\/p>\n<p>Die Wahlergebnisse seien jedoch laut der Mitteilung &#8220;nicht als repr\u00e4sentativ f\u00fcr junge Menschen zu verstehen&#8221;.\u00a0<\/p>\n<p><em><\/em><\/p>\n<p><strong><\/strong><\/p>\n<\/div>\n<\/div>\n<\/div>\n<\/div>\n<\/li>\n<li class=\"LiveUpdates-item Listing-item\">\n<div class=\"LiveUpdate-root\">\n<div class=\"LiveUpdate-date\">\n<p class=\"HeaderNews-root HeaderNews-type_6 \">\n                14:35 Uhr\n            <\/p>\n<\/div>\n<div class=\"LiveUpdate-content\">\n<div class=\"LiveUpdate-text\">\n<div class=\"Text-root Text-type_5 ViewText-root\">\n<p><strong>Merz: Gr\u00fcne sind eine &#8220;von zwei guten Optionen&#8221; f\u00fcr Koalition<\/strong><\/p>\n<p>Der 23. Februar r\u00fcckt n\u00e4her, die sich anbahnende Realit\u00e4t m\u00f6glicher, sich abzeichnender Koalitionen, ist f\u00fcr viele B\u00fcrger die wesentliche, ausschlaggebende &#8220;Gretchenfrage&#8221; zu einer m\u00f6glichen Wahlentscheidung.<\/p>\n<p>Unionskandidat Friedrich Merz m\u00f6chte dieser Gewissensentscheidung dienlich sein und verriet offenherzig, dabei &#8220;strategisch&#8221;, seine politischen Pl\u00e4ne nach dem Wahltag. So erkl\u00e4rte er w\u00f6rtlich den\u00a0<em>RTL\/N-tv<\/em>-Zuschauern an den Bildschirmen:<\/p>\n<p><em>&#8220;Ich m\u00f6chte strategisch erreichen, dass wir mindestens zwei Optionen haben und nur eine brauchen, aber die Entscheidung liegt bei den W\u00e4hlerinnen und W\u00e4hlern in Deutschland&#8230;&#8221;\u00a0<\/em><\/p>\n<p>Auf Nachfrage der Moderatorin bez\u00fcglich der Erkl\u00e4rung der &#8220;guten Optionen&#8221; f\u00fchrte Merz weiter aus:<\/p>\n<p><em>&#8220;Das w\u00e4ren dann in diesem Falle, so wie es da steht [in der im Studio eingeblendeten Statistik] m\u00f6glicherweise die Sozialdemokraten,\u00a0m\u00f6glicherweise die Gr\u00fcnen, bei der FDP habe ich gro\u00dfe Zweifel.\u00a0Noch einmal: Die AfD schlie\u00dfe ich definitiv, abschlie\u00dfend aus.&#8221;<\/em><\/p>\n<div class=\"EmbedBlock-root EmbedBlock-twitter\">\n<div class=\"TwitterEmbed\">\n<blockquote class=\"twitter-tweet lazyload\" data-twitter=\"twitter-tweet\">\n<p lang=\"de\" dir=\"ltr\">Jeder CDU\/CSU-W\u00e4hler wei\u00df nun, dass seine Stimme bei der Bundestagswahl potentiell zu einer Koalition mit den Gr\u00fcnen f\u00fchren wird. Friedrich Merz: \u201e&#8230;m\u00f6glicherweise die Gr\u00fcnen&#8230;\u201c<a rel=\"nofollow noopener\" target=\"_blank\" href=\"https:\/\/t.co\/CcwjHuxR9n\">pic.twitter.com\/CcwjHuxR9n<\/a><\/p>\n<p>\u2014 _horizont_ (@hori_____zont) <a rel=\"nofollow noopener\" target=\"_blank\" href=\"https:\/\/twitter.com\/hori_____zont\/status\/1891416641658839361?ref_src=twsrc%5Etfw\">February 17, 2025<\/a><\/p><\/blockquote>\n<\/div>\n<\/div>\n<p>AfD-Kanzlerkandidatin Alice Weidel kommentierte im Anschluss kurz und knapp.<\/p>\n<p><em>&#8220;Sie haben es geh\u00f6rt. Die gesamten Wahlversprechen der CDU sind nicht umsetzbar mit den Gr\u00fcnen oder mit der SPD oder mit beiden &#8230; Das ist die Brandmauer-Politik, die Sie eingef\u00fchrt haben und dementsprechend zementieren Sie sich in linker Politik ein und das geh\u00f6rt zur Wahrheit mit dazu.&#8221;\u00a0<\/em><\/p>\n<p>Co-Moderator Jauch erinnerte Merz dann noch an das kategorische &#8220;Nein&#8221; der CSU zu Koalitionen mit den Gr\u00fcnen, worauf der Gesamtunionschef erwiderte:<\/p>\n<p><em>&#8220;Herr S\u00f6der schreibt mir gar nichts vor.&#8221;<\/em><\/p>\n<div class=\"EmbedBlock-root EmbedBlock-twitter\">\n<div class=\"TwitterEmbed\">\n<blockquote class=\"twitter-tweet lazyload\" data-twitter=\"twitter-tweet\">\n<p lang=\"de\" dir=\"ltr\">Markus S\u00f6der, 05.12.2024:\u201eMit der CSU gibt es kein Schwarz-Gr\u00fcn.\u201cFriedrich Merz, 16.02.2025:\u201eHerr S\u00f6der schreibt mir gar nichts vor.\u201c<a rel=\"nofollow noopener\" target=\"_blank\" href=\"https:\/\/twitter.com\/hashtag\/Quadrell?src=hash&amp;ref_src=twsrc%5Etfw\">#Quadrell<\/a><a rel=\"nofollow noopener\" target=\"_blank\" href=\"https:\/\/t.co\/Do90Nl3NEb\">pic.twitter.com\/Do90Nl3NEb<\/a><\/p>\n<p>\u2014 _horizont_ (@hori_____zont) <a rel=\"nofollow noopener\" target=\"_blank\" href=\"https:\/\/twitter.com\/hori_____zont\/status\/1891429815967682757?ref_src=twsrc%5Etfw\">February 17, 2025<\/a><\/p><\/blockquote>\n<\/div>\n<\/div>\n<\/div>\n<\/div>\n<\/div>\n<\/div>\n<\/li>\n<li class=\"LiveUpdates-item Listing-item\">\n<div class=\"LiveUpdate-root\">\n<div class=\"LiveUpdate-date\">\n<p class=\"HeaderNews-root HeaderNews-type_6 \">\n                13:26 Uhr\n            <\/p>\n<\/div>\n<div class=\"LiveUpdate-content\">\n<div class=\"LiveUpdate-text\">\n<div class=\"Text-root Text-type_5 ViewText-root\">\n<p><strong>B\u00fcrgerentscheide f\u00fcr Merz und Scholz ohne Wert und politische Bindung?<\/strong><\/p>\n<p>Der Unionskandidat verriet in der gestrigen Wahlkampfsendung von\u00a0<em>RTL\/N-tv<\/em>\u00a0seine pers\u00f6nliche Einsch\u00e4tzung und Wertung von sogenannten Volksentscheiden. Dies dargestellt am politischen Status quo des &#8220;Tempelhofer Feldes&#8221; in Berlin.<\/p>\n<p>Die\u00a0<em>Berliner Zeitung<\/em>\u00a0<a rel=\"nofollow noopener\" target=\"_blank\" href=\"https:\/\/www.berliner-zeitung.de\/news\/cdu-kanzlerkandidat-friedrich-merz-tempelhofer-feld-in-berlin-trotz-volksentscheids-bebauen-li.2295544\">titelt<\/a>\u00a0zu der get\u00e4tigten Aussage von Merz:<\/p>\n<p><em>&#8220;CDU-Kanzlerkandidat Merz: Tempelhofer Feld trotz Volksentscheids bebauen<strong>\u00a0<\/strong><\/em><em>\u2013<\/em><em>\u00a0<\/em><em>In Berlin fehlen Wohnungen. Der Unions-Kanzlerkandidat findet: Da muss die Politik Entscheidungen treffen.&#8221;<\/em><\/p>\n<p>Der Berliner\u00a0<em>Tagesspiegel<\/em>\u00a0<a rel=\"nofollow noopener\" target=\"_blank\" href=\"https:\/\/www.tagesspiegel.de\/politik\/tv-vierkampf-vor-der-wahl-scholz-und-merz-fur-bebauung-des-tempelhofer-felds--trotz-volksentscheids-13215268.html\">best\u00e4tigt<\/a>:<\/p>\n<p><em>&#8220;Auch &#8216;gegen den erkl\u00e4rten Willen der Nachbarschaft&#8217;:\u00a0Scholz und Merz fordern in TV-Debatte Bebauung des Tempelhofer Felds&#8221;<\/em><\/p>\n<p>Merz erkl\u00e4rte den Zuschauern zu diesem Thema:<\/p>\n<p><em>&#8220;Es gab eine B\u00fcrgerabstimmung, und die Bebauung wurde abgelehnt (&#8230;) Ja klar, wenn die B\u00fcrgerinnen und B\u00fcrger sich weigern, dann muss die Politik bereit sein, auch gegen den erkl\u00e4rten Willen der Nachbarschaft zu sagen: Wir weisen das jetzt aber als Bauland aus und werden dort bauen.&#8221;<\/em><\/p>\n<p>Im Anschluss unterst\u00fctzte Bundeskanzler Olaf Scholz strategisch diesen Vorsto\u00df, um Bezug nehmend auf eine potenzielle Groko nach dem 23. Februar zu erkl\u00e4ren:<\/p>\n<p><em>&#8220;Ich finde, wir m\u00fcssen heute auch mal sagen: Wir sind einer Meinung. Es muss m\u00f6glich sein, dass man \u00fcberall dort, wo Wohnungen gebraucht werden, auch Bauland ausweist, damit Wohnungen gebaut werden k\u00f6nnen. Wir k\u00f6nnen nicht mehr Wohnungen haben wollen und dann dagegen sein, dass in der Nachbarschaft Wohnungen gebaut werden.&#8221;<\/em><\/p>\n<p>Scholz erkl\u00e4rte weiter, dass das &#8220;keine B\u00fcrgerschelte&#8221; sei, sondern &#8220;ein moralischer Appell an uns alle, dass wir nicht f\u00fcr mehr Wohnungen sein k\u00f6nnen, wenn wir nicht f\u00fcr mehr Wohnungen sind. Das muss schon gebaut werden, irgendwo&#8221;.<\/p>\n<p>Der SPD-Kanzler erfuhr im Anschluss demnach laut\u00a0<em>Berliner Zeitung<\/em>\u00a0Kritik aus den Reihen der eigenen Partei, in diesem Fall aus dem Berliner Bezirk Tempelhof durch Bundestagskandidatin und stellvertretende SPD-Landeschefin Sinem Ta\u015fan-Funke:<\/p>\n<p><em>&#8220;Der Kanzler sagt zu Recht, dass wir mehr Fl\u00e4chen f\u00fcr sozialen Wohnungsbau brauchen. Beim Tempelhofer Feld hat es aber ein klares Votum der Berlinerinnen und Berliner gegeben: Das Feld bleibt frei. Das muss gelten, bis die Berlinerinnen und Berliner etwas Anderes entscheiden. Es ist nicht richtig, dass die Politik sich \u00fcber diese Entscheidung hinwegsetzt.&#8221;<\/em><\/p>\n<p>Bei einem Volksentscheid im Jahre 2014 hatte sich eine gro\u00dfe Mehrheit\u00a0der Berliner gegen eine Bebauung des Tempelhofer Feldes ausgesprochen.<\/p>\n<\/div>\n<\/div>\n<\/div>\n<\/div>\n<\/li>\n<li class=\"LiveUpdates-item Listing-item\">\n<div class=\"LiveUpdate-root\">\n<div class=\"LiveUpdate-date\">\n<p class=\"HeaderNews-root HeaderNews-type_6 \">\n                12:20 Uhr\n            <\/p>\n<\/div>\n<div class=\"LiveUpdate-content\">\n<div class=\"LiveUpdate-text\">\n<div class=\"Text-root Text-type_5 ViewText-root\">\n<p><strong>Faeser-Plan: Hamburg und\u00a0Brandenburg werden Abschiebezentren einrichten<\/strong><\/p>\n<p>Die j\u00fcngsten Ereignisse zum Thema migrationsbedingten Terrors gegen die B\u00fcrger veranlasst Bundesinnenministerin Faeser zu auff\u00e4lligem Aktionismus in der Wahlkampfabschlussphase.<\/p>\n<p>Die dem Springer-Verlag zugeh\u00f6rige Zeitung <em>Welt<\/em>\u00a0<a rel=\"nofollow noopener\" target=\"_blank\" href=\"https:\/\/www.welt.de\/politik\/deutschland\/article255455010\/Eisenhuettenstadt-Brandenburg-richtet-Rueckfuehrungszentrum-fuer-Fluechtlinge-ein.html\">berichtet<\/a> \u00fcber ein nun geplantes &#8220;R\u00fcckf\u00fchrungszentrum f\u00fcr Fl\u00fcchtlinge&#8221; im brandenburgischen Eisenh\u00fcttenstadt. Dazu hei\u00dft es:<\/p>\n<p><em>&#8220;Bundesinnenministerin Nancy Faeser (SPD) vereinbart heute mit dem Land Brandenburg die Einrichtung eines Zentrums f\u00fcr Fl\u00fcchtlinge, f\u00fcr deren Asylverfahren ein anderer EU-Staat zust\u00e4ndig ist. Das neue sogenannte Dublin-Zentrum in Eisenh\u00fcttenstadt soll helfen, diese Asylbewerber schneller zur\u00fcckzuf\u00fchren.&#8221;<\/em><\/p>\n<p>Faeser und Brandenburgs Innenministerin Katrin Lange (SPD) h\u00e4tten dazu medienwirksam &#8220;eine Vereinbarung unterzeichnet und informieren \u00fcber die Pl\u00e4ne&#8221;.<\/p>\n<p>Zudem wurde bereits vor f\u00fcnf Tagen in Hamburg ein sogenanntes Dublin-Zentrum eingerichtet. Dazu hei\u00dft es auf der <a rel=\"nofollow noopener\" target=\"_blank\" href=\"https:\/\/www.bmi.bund.de\/SharedDocs\/pressemitteilungen\/DE\/2025\/02\/besuch-hh-hbf-ankunftszentrum.html\">Webseite<\/a> des BMI:<\/p>\n<p><em>&#8220;Um die Verfahren zur R\u00fcck\u00fcberstellung in Dublin-F\u00e4llen, in denen andere\u00a0EU-Staaten f\u00fcr das\u00a0Asylverfahren\u00a0zust\u00e4ndig sind, weiter zu beschleunigen, wird auf dem Gel\u00e4nde in Hamburg-Rahlstedt in K\u00fcrze\u00a0das bundesweit erste Dublin-Zentrum\u00a0im Rahmen eines durch das\u00a0BMI\u00a0unterst\u00fctzten Pilotverfahrens eingerichtet. Dort erhalten Personen, deren tats\u00e4chliche Ausreise in das zust\u00e4ndige\u00a0EU-Mitgliedsland im Rahmen des Dublin-Verfahrens zuvor durch das Bundesamt f\u00fcr\u00a0Migration\u00a0und\u00a0Fl\u00fcchtlinge\u00a0gepr\u00fcft wurde, f\u00fcr die Zeit von zwei Wochen nur noch sogenannte \u00dcberbr\u00fcckungsleistungen in Form von Sachleistungen. Ziel ist es zudem, den Verfahrensprozess mit Unterst\u00fctzung des BAMF deutlich zu beschleunigen.&#8221;<\/em><\/p>\n<p>Faeser erkl\u00e4rte in Hamburg vor Pressevertretern:<\/p>\n<p><em>&#8220;Damit wir weiter Menschen vor Krieg und Terror sch\u00fctzen k\u00f6nnen, gilt genauso klar: Wer kein Recht hat in Deutschland zu bleiben, muss unser Land wieder verlassen. Wenn Menschen nach Deutschland kommen, obwohl sie ihr\u00a0Asylverfahren\u00a0in einem anderen\u00a0EU-Staat durchlaufen m\u00fcssen, m\u00fcssen sie schneller dorthin \u00fcberstellt werden. Hamburg geht hier voran mit effektiven, neuen Verfahren in einem Dublin-Zentrum. Daf\u00fcr hat Hamburg unsere volle Unterst\u00fctzung.&#8221;<\/em><\/p>\n<p>Zust\u00e4ndige Beh\u00f6rden w\u00fcrden zuk\u00fcnftig &#8220;hier eng zusammenarbeiten, damit es schnelle und effiziente Verfahren gibt&#8221;.\u00a0<\/p>\n<\/div>\n<\/div>\n<\/div>\n<\/div>\n<\/li>\n<\/ul>\n<div class=\"Listing-isReact\" data-rtmodule=\"Listing\" onload=\"return {\n                page: '1',\n                limit: '10',\n                listing: '\/listing\/parent.678618db48fbef3dbd399c69\/noprepare\/liveupdates\/10\/1',\n            };\"><\/div>\n<\/div>\n<\/div>\n<\/div>\n<p><script async src=\"https:\/\/platform.twitter.com\/widgets.js\" charset=\"utf-8\"><\/script><br \/>\n<br \/><br \/>\n<br \/><a href=\"https:\/\/de.rt.com\/inland\/232808-liveticker-bundestagswahlkampf-tv-duell-scholz\/\">Source link <\/a><\/p>\n","protected":false},"excerpt":{"rendered":"<p>Am 23. Februar 2025 w\u00e4hlen die Deutschen in vorgezogenen Neuwahlen einen neuen Bundestag. In diesem Ticker versorgen wir Sie bis dahin mit den wichtigsten und unterhaltsamsten Nachrichten aus der finalen Wahlkampfphase. 20.02.2025 08:25 Uhr 08:25 Uhr Letztes TV-Wahlduell: Scholz und\u00a0Merz wiederholen ihre Absagen an die Konkurrenz Den Verlauf des gestrigen Abends, die Verkaufssendung f\u00fcr die [&hellip;]<\/p>\n","protected":false},"author":3,"featured_media":78880,"comment_status":"open","ping_status":"open","sticky":false,"template":"","format":"standard","meta":{"_yoast_indexnow_last_ping":["1740037653"],"wp_automatic_camp":["217"],"dc47ea3e7f04fb8998757220254f4878":["Liveticker Bundestagswahlkampf: TV-Duell: Scholz und Merz wiederholen ihre Absagen an die Konkurrenz"],"original_link":["https:\/\/de.rt.com\/inland\/232808-liveticker-bundestagswahlkampf-tv-duell-scholz\/"],"_thumbnail_id":["78880"],"jnews_social_counter_last_update":["1777566050"],"_wptgpro_p2tg_sent2tg":["a:1:{i:23737;s:19:\"2025-02-20 09:49:02\";}"]},"categories":[19,23],"tags":[40782,61836,45,1908,9814,564,18728,1001,29445,140,36714],"yoast_head":"<!-- This site is optimized with the Yoast SEO Premium plugin v22.7 (Yoast SEO v22.7) - https:\/\/yoast.com\/wordpress\/plugins\/seo\/ -->\n<title>Liveticker Bundestagswahlkampf: TV-Duell: Scholz und Merz wiederholen ihre Absagen an die Konkurrenz - just-now.NEWS Deutschland<\/title>\n<meta name=\"robots\" content=\"index, follow, max-snippet:-1, max-image-preview:large, max-video-preview:-1\" \/>\n<link rel=\"canonical\" href=\"https:\/\/now-news.de\/de\/deutschland\/liveticker-bundestagswahlkampf-tv-duell-scholz-und-merz-wiederholen-ihre-absagen-an-die-konkurrenz\/\" \/>\n<meta property=\"og:locale\" content=\"de_DE\" \/>\n<meta property=\"og:type\" content=\"article\" \/>\n<meta property=\"og:title\" content=\"Liveticker Bundestagswahlkampf: TV-Duell: Scholz und Merz wiederholen ihre Absagen an die Konkurrenz\" \/>\n<meta property=\"og:description\" content=\"Am 23. Februar 2025 w\u00e4hlen die Deutschen in vorgezogenen Neuwahlen einen neuen Bundestag. In diesem Ticker versorgen wir Sie bis dahin mit den wichtigsten und unterhaltsamsten Nachrichten aus der finalen Wahlkampfphase. 20.02.2025 08:25 Uhr 08:25 Uhr Letztes TV-Wahlduell: Scholz und\u00a0Merz wiederholen ihre Absagen an die Konkurrenz Den Verlauf des gestrigen Abends, die Verkaufssendung f\u00fcr die [&hellip;]\" \/>\n<meta property=\"og:url\" content=\"https:\/\/now-news.de\/de\/deutschland\/liveticker-bundestagswahlkampf-tv-duell-scholz-und-merz-wiederholen-ihre-absagen-an-die-konkurrenz\/\" \/>\n<meta property=\"og:site_name\" content=\"just-now.NEWS Deutschland\" \/>\n<meta property=\"article:publisher\" content=\"https:\/\/www.facebook.com\/wirmachenauf\" \/>\n<meta property=\"article:published_time\" content=\"2025-02-20T07:25:50+00:00\" \/>\n<meta property=\"og:image\" content=\"https:\/\/now-news.de\/de\/wp-content\/uploads\/sites\/3\/2025\/02\/67b6d9db48fbef12636c221b.jpeg\" \/>\n<meta name=\"author\" content=\"rtnews\" \/>\n<meta name=\"twitter:card\" content=\"summary_large_image\" \/>\n<meta name=\"twitter:creator\" content=\"@WirMachenAuf_de\" \/>\n<meta name=\"twitter:site\" content=\"@WirMachenAuf_de\" \/>\n<meta name=\"twitter:label1\" content=\"Verfasst von\" \/>\n\t<meta name=\"twitter:data1\" content=\"rtnews\" \/>\n\t<meta name=\"twitter:label2\" content=\"Gesch\u00e4tzte Lesezeit\" \/>\n\t<meta name=\"twitter:data2\" content=\"17\u00a0Minuten\" \/>\n<script type=\"application\/ld+json\" class=\"yoast-schema-graph\">{\"@context\":\"https:\/\/schema.org\",\"@graph\":[{\"@type\":\"Article\",\"@id\":\"https:\/\/now-news.de\/de\/deutschland\/liveticker-bundestagswahlkampf-tv-duell-scholz-und-merz-wiederholen-ihre-absagen-an-die-konkurrenz\/#article\",\"isPartOf\":{\"@id\":\"https:\/\/now-news.de\/de\/deutschland\/liveticker-bundestagswahlkampf-tv-duell-scholz-und-merz-wiederholen-ihre-absagen-an-die-konkurrenz\/\"},\"author\":{\"name\":\"rtnews\",\"@id\":\"https:\/\/now-news.de\/de\/#\/schema\/person\/fb534a4e865501d8b3285208df34a9b5\"},\"headline\":\"Liveticker Bundestagswahlkampf: TV-Duell: Scholz und Merz wiederholen ihre Absagen an die Konkurrenz\",\"datePublished\":\"2025-02-20T07:25:50+00:00\",\"dateModified\":\"2025-02-20T07:25:50+00:00\",\"mainEntityOfPage\":{\"@id\":\"https:\/\/now-news.de\/de\/deutschland\/liveticker-bundestagswahlkampf-tv-duell-scholz-und-merz-wiederholen-ihre-absagen-an-die-konkurrenz\/\"},\"wordCount\":3480,\"commentCount\":0,\"publisher\":{\"@id\":\"https:\/\/now-news.de\/de\/#organization\"},\"image\":{\"@id\":\"https:\/\/now-news.de\/de\/deutschland\/liveticker-bundestagswahlkampf-tv-duell-scholz-und-merz-wiederholen-ihre-absagen-an-die-konkurrenz\/#primaryimage\"},\"thumbnailUrl\":\"https:\/\/now-news.de\/de\/wp-content\/uploads\/sites\/3\/2025\/02\/Liveticker-Bundestagswahlkampf-TV-Duell-Scholz-und-Merz-wiederholen-ihre-Absagen-an.jpeg\",\"keywords\":[\"Absagen\",\"Bundestagswahlkampf\",\"die\",\"ihre\",\"Konkurrenz\",\"Liveticker\",\"Merz\",\"Scholz\",\"TVDuell\",\"und\",\"wiederholen\"],\"articleSection\":[\"Deutschland\",\"Russland\"],\"inLanguage\":\"de\",\"potentialAction\":[{\"@type\":\"CommentAction\",\"name\":\"Comment\",\"target\":[\"https:\/\/now-news.de\/de\/deutschland\/liveticker-bundestagswahlkampf-tv-duell-scholz-und-merz-wiederholen-ihre-absagen-an-die-konkurrenz\/#respond\"]}]},{\"@type\":\"WebPage\",\"@id\":\"https:\/\/now-news.de\/de\/deutschland\/liveticker-bundestagswahlkampf-tv-duell-scholz-und-merz-wiederholen-ihre-absagen-an-die-konkurrenz\/\",\"url\":\"https:\/\/now-news.de\/de\/deutschland\/liveticker-bundestagswahlkampf-tv-duell-scholz-und-merz-wiederholen-ihre-absagen-an-die-konkurrenz\/\",\"name\":\"Liveticker Bundestagswahlkampf: TV-Duell: Scholz und Merz wiederholen ihre Absagen an die Konkurrenz - just-now.NEWS Deutschland\",\"isPartOf\":{\"@id\":\"https:\/\/now-news.de\/de\/#website\"},\"primaryImageOfPage\":{\"@id\":\"https:\/\/now-news.de\/de\/deutschland\/liveticker-bundestagswahlkampf-tv-duell-scholz-und-merz-wiederholen-ihre-absagen-an-die-konkurrenz\/#primaryimage\"},\"image\":{\"@id\":\"https:\/\/now-news.de\/de\/deutschland\/liveticker-bundestagswahlkampf-tv-duell-scholz-und-merz-wiederholen-ihre-absagen-an-die-konkurrenz\/#primaryimage\"},\"thumbnailUrl\":\"https:\/\/now-news.de\/de\/wp-content\/uploads\/sites\/3\/2025\/02\/Liveticker-Bundestagswahlkampf-TV-Duell-Scholz-und-Merz-wiederholen-ihre-Absagen-an.jpeg\",\"datePublished\":\"2025-02-20T07:25:50+00:00\",\"dateModified\":\"2025-02-20T07:25:50+00:00\",\"breadcrumb\":{\"@id\":\"https:\/\/now-news.de\/de\/deutschland\/liveticker-bundestagswahlkampf-tv-duell-scholz-und-merz-wiederholen-ihre-absagen-an-die-konkurrenz\/#breadcrumb\"},\"inLanguage\":\"de\",\"potentialAction\":[{\"@type\":\"ReadAction\",\"target\":[\"https:\/\/now-news.de\/de\/deutschland\/liveticker-bundestagswahlkampf-tv-duell-scholz-und-merz-wiederholen-ihre-absagen-an-die-konkurrenz\/\"]}]},{\"@type\":\"ImageObject\",\"inLanguage\":\"de\",\"@id\":\"https:\/\/now-news.de\/de\/deutschland\/liveticker-bundestagswahlkampf-tv-duell-scholz-und-merz-wiederholen-ihre-absagen-an-die-konkurrenz\/#primaryimage\",\"url\":\"https:\/\/now-news.de\/de\/wp-content\/uploads\/sites\/3\/2025\/02\/Liveticker-Bundestagswahlkampf-TV-Duell-Scholz-und-Merz-wiederholen-ihre-Absagen-an.jpeg\",\"contentUrl\":\"https:\/\/now-news.de\/de\/wp-content\/uploads\/sites\/3\/2025\/02\/Liveticker-Bundestagswahlkampf-TV-Duell-Scholz-und-Merz-wiederholen-ihre-Absagen-an.jpeg\",\"width\":460,\"height\":259,\"caption\":\"Liveticker Bundestagswahlkampf: TV-Duell: Scholz und Merz wiederholen ihre Absagen an die Konkurrenz\"},{\"@type\":\"BreadcrumbList\",\"@id\":\"https:\/\/now-news.de\/de\/deutschland\/liveticker-bundestagswahlkampf-tv-duell-scholz-und-merz-wiederholen-ihre-absagen-an-die-konkurrenz\/#breadcrumb\",\"itemListElement\":[{\"@type\":\"ListItem\",\"position\":1,\"name\":\"Home\",\"item\":\"https:\/\/now-news.de\/de\/\"},{\"@type\":\"ListItem\",\"position\":2,\"name\":\"Liveticker Bundestagswahlkampf: TV-Duell: Scholz und Merz wiederholen ihre Absagen an die Konkurrenz\"}]},{\"@type\":\"WebSite\",\"@id\":\"https:\/\/now-news.de\/de\/#website\",\"url\":\"https:\/\/now-news.de\/de\/\",\"name\":\"just-now.NEWS Deutschland\",\"description\":\"Das Portal f\u00fcr unzensierte Nachrichten aus der Welt\",\"publisher\":{\"@id\":\"https:\/\/now-news.de\/de\/#organization\"},\"potentialAction\":[{\"@type\":\"SearchAction\",\"target\":{\"@type\":\"EntryPoint\",\"urlTemplate\":\"https:\/\/now-news.de\/de\/?s={search_term_string}\"},\"query-input\":\"required name=search_term_string\"}],\"inLanguage\":\"de\"},{\"@type\":\"Organization\",\"@id\":\"https:\/\/now-news.de\/de\/#organization\",\"name\":\"Just Now News\",\"url\":\"https:\/\/now-news.de\/de\/\",\"logo\":{\"@type\":\"ImageObject\",\"inLanguage\":\"de\",\"@id\":\"https:\/\/now-news.de\/de\/#\/schema\/logo\/image\/\",\"url\":\"http:\/\/just-now.news\/de\/wp-content\/uploads\/sites\/3\/2022\/04\/logo500x500.jpg\",\"contentUrl\":\"http:\/\/just-now.news\/de\/wp-content\/uploads\/sites\/3\/2022\/04\/logo500x500.jpg\",\"width\":500,\"height\":500,\"caption\":\"Just Now News\"},\"image\":{\"@id\":\"https:\/\/now-news.de\/de\/#\/schema\/logo\/image\/\"},\"sameAs\":[\"https:\/\/www.facebook.com\/wirmachenauf\",\"https:\/\/x.com\/WirMachenAuf_de\"]},{\"@type\":\"Person\",\"@id\":\"https:\/\/now-news.de\/de\/#\/schema\/person\/fb534a4e865501d8b3285208df34a9b5\",\"name\":\"rtnews\",\"image\":{\"@type\":\"ImageObject\",\"inLanguage\":\"de\",\"@id\":\"https:\/\/now-news.de\/de\/#\/schema\/person\/image\/\",\"url\":\"https:\/\/secure.gravatar.com\/avatar\/82aafea7d8127119dd649515f56e2117?s=96&d=mm&r=g\",\"contentUrl\":\"https:\/\/secure.gravatar.com\/avatar\/82aafea7d8127119dd649515f56e2117?s=96&d=mm&r=g\",\"caption\":\"rtnews\"},\"url\":\"https:\/\/now-news.de\/de\/author\/rnews\/\"}]}<\/script>\n<!-- \/ Yoast SEO Premium plugin. -->","yoast_head_json":{"title":"Liveticker Bundestagswahlkampf: TV-Duell: Scholz und Merz wiederholen ihre Absagen an die Konkurrenz - just-now.NEWS Deutschland","robots":{"index":"index","follow":"follow","max-snippet":"max-snippet:-1","max-image-preview":"max-image-preview:large","max-video-preview":"max-video-preview:-1"},"canonical":"https:\/\/now-news.de\/de\/deutschland\/liveticker-bundestagswahlkampf-tv-duell-scholz-und-merz-wiederholen-ihre-absagen-an-die-konkurrenz\/","og_locale":"de_DE","og_type":"article","og_title":"Liveticker Bundestagswahlkampf: TV-Duell: Scholz und Merz wiederholen ihre Absagen an die Konkurrenz","og_description":"Am 23. Februar 2025 w\u00e4hlen die Deutschen in vorgezogenen Neuwahlen einen neuen Bundestag. In diesem Ticker versorgen wir Sie bis dahin mit den wichtigsten und unterhaltsamsten Nachrichten aus der finalen Wahlkampfphase. 20.02.2025 08:25 Uhr 08:25 Uhr Letztes TV-Wahlduell: Scholz und\u00a0Merz wiederholen ihre Absagen an die Konkurrenz Den Verlauf des gestrigen Abends, die Verkaufssendung f\u00fcr die [&hellip;]","og_url":"https:\/\/now-news.de\/de\/deutschland\/liveticker-bundestagswahlkampf-tv-duell-scholz-und-merz-wiederholen-ihre-absagen-an-die-konkurrenz\/","og_site_name":"just-now.NEWS Deutschland","article_publisher":"https:\/\/www.facebook.com\/wirmachenauf","article_published_time":"2025-02-20T07:25:50+00:00","og_image":[{"url":"https:\/\/now-news.de\/de\/wp-content\/uploads\/sites\/3\/2025\/02\/67b6d9db48fbef12636c221b.jpeg"}],"author":"rtnews","twitter_card":"summary_large_image","twitter_creator":"@WirMachenAuf_de","twitter_site":"@WirMachenAuf_de","twitter_misc":{"Verfasst von":"rtnews","Gesch\u00e4tzte Lesezeit":"17\u00a0Minuten"},"schema":{"@context":"https:\/\/schema.org","@graph":[{"@type":"Article","@id":"https:\/\/now-news.de\/de\/deutschland\/liveticker-bundestagswahlkampf-tv-duell-scholz-und-merz-wiederholen-ihre-absagen-an-die-konkurrenz\/#article","isPartOf":{"@id":"https:\/\/now-news.de\/de\/deutschland\/liveticker-bundestagswahlkampf-tv-duell-scholz-und-merz-wiederholen-ihre-absagen-an-die-konkurrenz\/"},"author":{"name":"rtnews","@id":"https:\/\/now-news.de\/de\/#\/schema\/person\/fb534a4e865501d8b3285208df34a9b5"},"headline":"Liveticker Bundestagswahlkampf: TV-Duell: Scholz und Merz wiederholen ihre Absagen an die Konkurrenz","datePublished":"2025-02-20T07:25:50+00:00","dateModified":"2025-02-20T07:25:50+00:00","mainEntityOfPage":{"@id":"https:\/\/now-news.de\/de\/deutschland\/liveticker-bundestagswahlkampf-tv-duell-scholz-und-merz-wiederholen-ihre-absagen-an-die-konkurrenz\/"},"wordCount":3480,"commentCount":0,"publisher":{"@id":"https:\/\/now-news.de\/de\/#organization"},"image":{"@id":"https:\/\/now-news.de\/de\/deutschland\/liveticker-bundestagswahlkampf-tv-duell-scholz-und-merz-wiederholen-ihre-absagen-an-die-konkurrenz\/#primaryimage"},"thumbnailUrl":"https:\/\/now-news.de\/de\/wp-content\/uploads\/sites\/3\/2025\/02\/Liveticker-Bundestagswahlkampf-TV-Duell-Scholz-und-Merz-wiederholen-ihre-Absagen-an.jpeg","keywords":["Absagen","Bundestagswahlkampf","die","ihre","Konkurrenz","Liveticker","Merz","Scholz","TVDuell","und","wiederholen"],"articleSection":["Deutschland","Russland"],"inLanguage":"de","potentialAction":[{"@type":"CommentAction","name":"Comment","target":["https:\/\/now-news.de\/de\/deutschland\/liveticker-bundestagswahlkampf-tv-duell-scholz-und-merz-wiederholen-ihre-absagen-an-die-konkurrenz\/#respond"]}]},{"@type":"WebPage","@id":"https:\/\/now-news.de\/de\/deutschland\/liveticker-bundestagswahlkampf-tv-duell-scholz-und-merz-wiederholen-ihre-absagen-an-die-konkurrenz\/","url":"https:\/\/now-news.de\/de\/deutschland\/liveticker-bundestagswahlkampf-tv-duell-scholz-und-merz-wiederholen-ihre-absagen-an-die-konkurrenz\/","name":"Liveticker Bundestagswahlkampf: TV-Duell: Scholz und Merz wiederholen ihre Absagen an die Konkurrenz - just-now.NEWS Deutschland","isPartOf":{"@id":"https:\/\/now-news.de\/de\/#website"},"primaryImageOfPage":{"@id":"https:\/\/now-news.de\/de\/deutschland\/liveticker-bundestagswahlkampf-tv-duell-scholz-und-merz-wiederholen-ihre-absagen-an-die-konkurrenz\/#primaryimage"},"image":{"@id":"https:\/\/now-news.de\/de\/deutschland\/liveticker-bundestagswahlkampf-tv-duell-scholz-und-merz-wiederholen-ihre-absagen-an-die-konkurrenz\/#primaryimage"},"thumbnailUrl":"https:\/\/now-news.de\/de\/wp-content\/uploads\/sites\/3\/2025\/02\/Liveticker-Bundestagswahlkampf-TV-Duell-Scholz-und-Merz-wiederholen-ihre-Absagen-an.jpeg","datePublished":"2025-02-20T07:25:50+00:00","dateModified":"2025-02-20T07:25:50+00:00","breadcrumb":{"@id":"https:\/\/now-news.de\/de\/deutschland\/liveticker-bundestagswahlkampf-tv-duell-scholz-und-merz-wiederholen-ihre-absagen-an-die-konkurrenz\/#breadcrumb"},"inLanguage":"de","potentialAction":[{"@type":"ReadAction","target":["https:\/\/now-news.de\/de\/deutschland\/liveticker-bundestagswahlkampf-tv-duell-scholz-und-merz-wiederholen-ihre-absagen-an-die-konkurrenz\/"]}]},{"@type":"ImageObject","inLanguage":"de","@id":"https:\/\/now-news.de\/de\/deutschland\/liveticker-bundestagswahlkampf-tv-duell-scholz-und-merz-wiederholen-ihre-absagen-an-die-konkurrenz\/#primaryimage","url":"https:\/\/now-news.de\/de\/wp-content\/uploads\/sites\/3\/2025\/02\/Liveticker-Bundestagswahlkampf-TV-Duell-Scholz-und-Merz-wiederholen-ihre-Absagen-an.jpeg","contentUrl":"https:\/\/now-news.de\/de\/wp-content\/uploads\/sites\/3\/2025\/02\/Liveticker-Bundestagswahlkampf-TV-Duell-Scholz-und-Merz-wiederholen-ihre-Absagen-an.jpeg","width":460,"height":259,"caption":"Liveticker Bundestagswahlkampf: TV-Duell: Scholz und Merz wiederholen ihre Absagen an die Konkurrenz"},{"@type":"BreadcrumbList","@id":"https:\/\/now-news.de\/de\/deutschland\/liveticker-bundestagswahlkampf-tv-duell-scholz-und-merz-wiederholen-ihre-absagen-an-die-konkurrenz\/#breadcrumb","itemListElement":[{"@type":"ListItem","position":1,"name":"Home","item":"https:\/\/now-news.de\/de\/"},{"@type":"ListItem","position":2,"name":"Liveticker Bundestagswahlkampf: TV-Duell: Scholz und Merz wiederholen ihre Absagen an die Konkurrenz"}]},{"@type":"WebSite","@id":"https:\/\/now-news.de\/de\/#website","url":"https:\/\/now-news.de\/de\/","name":"just-now.NEWS Deutschland","description":"Das Portal f\u00fcr unzensierte Nachrichten aus der Welt","publisher":{"@id":"https:\/\/now-news.de\/de\/#organization"},"potentialAction":[{"@type":"SearchAction","target":{"@type":"EntryPoint","urlTemplate":"https:\/\/now-news.de\/de\/?s={search_term_string}"},"query-input":"required name=search_term_string"}],"inLanguage":"de"},{"@type":"Organization","@id":"https:\/\/now-news.de\/de\/#organization","name":"Just Now News","url":"https:\/\/now-news.de\/de\/","logo":{"@type":"ImageObject","inLanguage":"de","@id":"https:\/\/now-news.de\/de\/#\/schema\/logo\/image\/","url":"http:\/\/just-now.news\/de\/wp-content\/uploads\/sites\/3\/2022\/04\/logo500x500.jpg","contentUrl":"http:\/\/just-now.news\/de\/wp-content\/uploads\/sites\/3\/2022\/04\/logo500x500.jpg","width":500,"height":500,"caption":"Just Now News"},"image":{"@id":"https:\/\/now-news.de\/de\/#\/schema\/logo\/image\/"},"sameAs":["https:\/\/www.facebook.com\/wirmachenauf","https:\/\/x.com\/WirMachenAuf_de"]},{"@type":"Person","@id":"https:\/\/now-news.de\/de\/#\/schema\/person\/fb534a4e865501d8b3285208df34a9b5","name":"rtnews","image":{"@type":"ImageObject","inLanguage":"de","@id":"https:\/\/now-news.de\/de\/#\/schema\/person\/image\/","url":"https:\/\/secure.gravatar.com\/avatar\/82aafea7d8127119dd649515f56e2117?s=96&d=mm&r=g","contentUrl":"https:\/\/secure.gravatar.com\/avatar\/82aafea7d8127119dd649515f56e2117?s=96&d=mm&r=g","caption":"rtnews"},"url":"https:\/\/now-news.de\/de\/author\/rnews\/"}]}},"_links":{"self":[{"href":"https:\/\/now-news.de\/de\/wp-json\/wp\/v2\/posts\/78879"}],"collection":[{"href":"https:\/\/now-news.de\/de\/wp-json\/wp\/v2\/posts"}],"about":[{"href":"https:\/\/now-news.de\/de\/wp-json\/wp\/v2\/types\/post"}],"author":[{"embeddable":true,"href":"https:\/\/now-news.de\/de\/wp-json\/wp\/v2\/users\/3"}],"replies":[{"embeddable":true,"href":"https:\/\/now-news.de\/de\/wp-json\/wp\/v2\/comments?post=78879"}],"version-history":[{"count":0,"href":"https:\/\/now-news.de\/de\/wp-json\/wp\/v2\/posts\/78879\/revisions"}],"wp:featuredmedia":[{"embeddable":true,"href":"https:\/\/now-news.de\/de\/wp-json\/wp\/v2\/media\/78880"}],"wp:attachment":[{"href":"https:\/\/now-news.de\/de\/wp-json\/wp\/v2\/media?parent=78879"}],"wp:term":[{"taxonomy":"category","embeddable":true,"href":"https:\/\/now-news.de\/de\/wp-json\/wp\/v2\/categories?post=78879"},{"taxonomy":"post_tag","embeddable":true,"href":"https:\/\/now-news.de\/de\/wp-json\/wp\/v2\/tags?post=78879"}],"curies":[{"name":"wp","href":"https:\/\/api.w.org\/{rel}","templated":true}]}}