{"id":78871,"date":"2025-02-19T20:12:59","date_gmt":"2025-02-19T18:12:59","guid":{"rendered":"https:\/\/now-news.de\/de\/deutschland\/brasiliens-ex-praesident-bolsonaro-wegen-putschversuchs-angeklagt\/"},"modified":"2025-02-19T20:12:59","modified_gmt":"2025-02-19T18:12:59","slug":"brasiliens-ex-praesident-bolsonaro-wegen-putschversuchs-angeklagt","status":"publish","type":"post","link":"https:\/\/now-news.de\/de\/deutschland\/brasiliens-ex-praesident-bolsonaro-wegen-putschversuchs-angeklagt\/","title":{"rendered":"Brasiliens Ex-Pr\u00e4sident Bolsonaro wegen Putschversuchs angeklagt"},"content":{"rendered":"<p><img decoding=\"async\" src=\"https:\/\/now-news.de\/de\/wp-content\/uploads\/sites\/3\/2025\/02\/67b5b5c748fbef1cd30d4dc5.jpg\" \/><\/p>\n<div class=\"Text-root Text-type_1 \">\n                Nach einer fast zwei Jahre langen Untersuchung hat die brasilianische Generalstaatsanwaltschaft den ehemaligen Pr\u00e4sidenten Jair Bolsonaro offiziell angeklagt. Dem Politiker wird zur Last gelegt, nach seiner Wahlniederlage im Jahr 2022 einen Putsch vorbereitet zu haben.\n            <\/div>\n<p><\/p>\n<div class=\"Text-root Text-type_5 ArticleView-text ViewText-root \">\n<p>Brasiliens Generalstaatsanwaltschaft hat am Dienstag den fr\u00fcheren Staatschef Jair Bolsonaro und weitere 33 Personen wegen eines versuchten Putschs angeklagt. In seinem Schreiben an den Obersten Gerichtshof <a rel=\"nofollow noopener\" target=\"_blank\" href=\"https:\/\/www.mpf.mp.br\/pgr\/noticias-pgr2\/2025\/pgr-denuncia-34-pessoas-por-atos-contra-estado-democratico-de-direito\">erkl\u00e4rte<\/a>\u00a0der Generalstaatsanwalt Paulo Gonet, dass die 34 Angeklagten Aktivit\u00e4ten gegen die drei Gewalten und den demokratischen Rechtsstaat gef\u00f6rdert und ausgef\u00fchrt h\u00e4tten. Als F\u00fchrer dieser kriminellen Organisation wurde au\u00dfer Bolsonaro auch sein Vizepr\u00e4sident Walter Braga Netto genannt.<\/p>\n<p>Wie das B\u00fcro des Generalstaatsanwalts erkl\u00e4rte, basierten die Vorw\u00fcrfe gegen die mutma\u00dflichen Putschisten &#8220;auf Manuskripten, digitalen Dateien, Kalkulationen und ausgetauschten Nachrichten&#8221;.<\/p>\n<blockquote>\n<p><em>&#8220;Die Beweismittel beschreiben mit allen Details das konspirative Komplott, das gegen die demokratischen Institutionen geschmiedet und ausgef\u00fchrt worden ist.&#8221;<\/em><\/p>\n<\/blockquote>\n<p>Anklage wurde wegen f\u00fcnf Verbrechen erhoben: F\u00fchrung einer bewaffneten kriminellen Organisation, Versuch, den demokratischen Rechtsstaat gewaltsam abzuschaffen, Staatsstreich, Besch\u00e4digung und Bedrohung von Verm\u00f6gen und Besch\u00e4digung des denkmalgesch\u00fctzten Erbes.<\/p>\n<p>W\u00e4hrend der fast zwei Jahre langen Untersuchung stellten die Ermittler fest, dass der geplante Putsch schon im Jahr 2021 mit systematischen \u00f6ffentlichen verbalen Attacken gegen das elektronische Wahlsystem begonnen habe. Der Plan habe sogar den Tod des gew\u00e4hlten Pr\u00e4sidenten, des Vizepr\u00e4sidenten und des Chefs des Obersten Gerichtshofes in Kauf genommen. Bolsonaro habe diesem Plan zugestimmt.<\/p>\n<p>Jetzt muss der Oberste Gerichtshof die Vorw\u00fcrfe pr\u00fcfen. Wenn er sie als Basis einer formellen Anklage akzeptiert, wird Bolsonaro vor Gericht gestellt. Gegen den rechten Politiker laufen zudem mehrere andere Verfahren. So wirft die Polizei ihm vor, Schmuck und Luxusuhren, die er in seiner Amtszeit als offizielles Gastgeschenk in Saudi-Arabien erhalten hat, illegal zur eigenen Bereicherung verkauft zu haben. Au\u00dferdem habe der Ex-Pr\u00e4sident w\u00e4hrend der COVID-19-Pandemie Impfp\u00e4sse f\u00fcr sich sowie seine Familienmitglieder und Mitarbeiter f\u00e4lschen lassen, hei\u00dft es.<\/p>\n<p>Im Oktober 2022 hatte Bolsonaro die Pr\u00e4sidentenwahl gegen seinen linken Rivalen Luiz In\u00e1cio Lula da Silva verloren. Der damalige Staatschef vermied es dabei, seine Niederlage \u00f6ffentlich einzur\u00e4umen. Er reichte beim Obersten Wahlgericht eine Beschwerde gegen das Wahlergebnis ein. Der Antrag auf \u00dcberpr\u00fcfung wurde jedoch abgewiesen. Am 8. Januar 2023 st\u00fcrmten zahlreiche Anh\u00e4nger Bolsonaros, die Lulas Wahlsieg nicht anerkennen wollten, den Kongress, den Regierungssitz und den Obersten Gerichtshof in Bras\u00edlia und richteten erhebliche Sch\u00e4den an.<\/p>\n<p><strong>Mehr zum Thema<\/strong> &#8211; <a rel=\"nofollow noopener\" target=\"_blank\" href=\"https:\/\/freedert.online\/amerika\/235658-brasilien-koennte-ebenfalls-mit-us-zoellen-konfrontiert-werden\/\">Brasilien k\u00f6nnte ebenfalls mit US-Z\u00f6llen konfrontiert werden<\/a><\/p>\n<\/div>\n<p><br \/>\n<br \/><a href=\"https:\/\/de.rt.com\/amerika\/237271-brasiliens-generalstaatsanwaltschaft-klagt-ex-praesident-bolsonaro-an\/\">Source link <\/a><\/p>\n","protected":false},"excerpt":{"rendered":"<p>Nach einer fast zwei Jahre langen Untersuchung hat die brasilianische Generalstaatsanwaltschaft den ehemaligen Pr\u00e4sidenten Jair Bolsonaro offiziell angeklagt. Dem Politiker wird zur Last gelegt, nach seiner Wahlniederlage im Jahr 2022 einen Putsch vorbereitet zu haben. Brasiliens Generalstaatsanwaltschaft hat am Dienstag den fr\u00fcheren Staatschef Jair Bolsonaro und weitere 33 Personen wegen eines versuchten Putschs angeklagt. In [&hellip;]<\/p>\n","protected":false},"author":3,"featured_media":78872,"comment_status":"open","ping_status":"open","sticky":false,"template":"","format":"standard","meta":{"_yoast_indexnow_last_ping":["1740002879"],"wp_automatic_camp":["217"],"97f3517747eafd587c9d6cf1a8fdfdaf":["Brasiliens Ex-Pr\u00e4sident Bolsonaro wegen Putschversuchs angeklagt"],"original_link":["https:\/\/de.rt.com\/amerika\/237271-brasiliens-generalstaatsanwaltschaft-klagt-ex-praesident-bolsonaro-an\/"],"_thumbnail_id":["78872"],"jnews_social_counter_last_update":["1777347304"],"_wptgpro_p2tg_sent2tg":["a:1:{i:23737;s:19:\"2025-02-20 00:10:56\";}"]},"categories":[19,23],"tags":[8172,10645,4646,3104,62908,145],"yoast_head":"<!-- This site is optimized with the Yoast SEO Premium plugin v22.7 (Yoast SEO v22.7) - https:\/\/yoast.com\/wordpress\/plugins\/seo\/ -->\n<title>Brasiliens Ex-Pr\u00e4sident Bolsonaro wegen Putschversuchs angeklagt - just-now.NEWS Deutschland<\/title>\n<meta name=\"robots\" content=\"index, follow, max-snippet:-1, max-image-preview:large, max-video-preview:-1\" \/>\n<link rel=\"canonical\" href=\"https:\/\/now-news.de\/de\/deutschland\/brasiliens-ex-praesident-bolsonaro-wegen-putschversuchs-angeklagt\/\" \/>\n<meta property=\"og:locale\" content=\"de_DE\" \/>\n<meta property=\"og:type\" content=\"article\" \/>\n<meta property=\"og:title\" content=\"Brasiliens Ex-Pr\u00e4sident Bolsonaro wegen Putschversuchs angeklagt\" \/>\n<meta property=\"og:description\" content=\"Nach einer fast zwei Jahre langen Untersuchung hat die brasilianische Generalstaatsanwaltschaft den ehemaligen Pr\u00e4sidenten Jair Bolsonaro offiziell angeklagt. Dem Politiker wird zur Last gelegt, nach seiner Wahlniederlage im Jahr 2022 einen Putsch vorbereitet zu haben. Brasiliens Generalstaatsanwaltschaft hat am Dienstag den fr\u00fcheren Staatschef Jair Bolsonaro und weitere 33 Personen wegen eines versuchten Putschs angeklagt. In [&hellip;]\" \/>\n<meta property=\"og:url\" content=\"https:\/\/now-news.de\/de\/deutschland\/brasiliens-ex-praesident-bolsonaro-wegen-putschversuchs-angeklagt\/\" \/>\n<meta property=\"og:site_name\" content=\"just-now.NEWS Deutschland\" \/>\n<meta property=\"article:publisher\" content=\"https:\/\/www.facebook.com\/wirmachenauf\" \/>\n<meta property=\"article:published_time\" content=\"2025-02-19T18:12:59+00:00\" \/>\n<meta property=\"og:image\" content=\"https:\/\/now-news.de\/de\/wp-content\/uploads\/sites\/3\/2025\/02\/67b5b5c748fbef1cd30d4dc5.jpg\" \/>\n<meta name=\"author\" content=\"rtnews\" \/>\n<meta name=\"twitter:card\" content=\"summary_large_image\" \/>\n<meta name=\"twitter:creator\" content=\"@WirMachenAuf_de\" \/>\n<meta name=\"twitter:site\" content=\"@WirMachenAuf_de\" \/>\n<meta name=\"twitter:label1\" content=\"Verfasst von\" \/>\n\t<meta name=\"twitter:data1\" content=\"rtnews\" \/>\n\t<meta name=\"twitter:label2\" content=\"Gesch\u00e4tzte Lesezeit\" \/>\n\t<meta name=\"twitter:data2\" content=\"2\u00a0Minuten\" \/>\n<script type=\"application\/ld+json\" class=\"yoast-schema-graph\">{\"@context\":\"https:\/\/schema.org\",\"@graph\":[{\"@type\":\"Article\",\"@id\":\"https:\/\/now-news.de\/de\/deutschland\/brasiliens-ex-praesident-bolsonaro-wegen-putschversuchs-angeklagt\/#article\",\"isPartOf\":{\"@id\":\"https:\/\/now-news.de\/de\/deutschland\/brasiliens-ex-praesident-bolsonaro-wegen-putschversuchs-angeklagt\/\"},\"author\":{\"name\":\"rtnews\",\"@id\":\"https:\/\/now-news.de\/de\/#\/schema\/person\/fb534a4e865501d8b3285208df34a9b5\"},\"headline\":\"Brasiliens Ex-Pr\u00e4sident Bolsonaro wegen Putschversuchs angeklagt\",\"datePublished\":\"2025-02-19T18:12:59+00:00\",\"dateModified\":\"2025-02-19T18:12:59+00:00\",\"mainEntityOfPage\":{\"@id\":\"https:\/\/now-news.de\/de\/deutschland\/brasiliens-ex-praesident-bolsonaro-wegen-putschversuchs-angeklagt\/\"},\"wordCount\":432,\"commentCount\":0,\"publisher\":{\"@id\":\"https:\/\/now-news.de\/de\/#organization\"},\"image\":{\"@id\":\"https:\/\/now-news.de\/de\/deutschland\/brasiliens-ex-praesident-bolsonaro-wegen-putschversuchs-angeklagt\/#primaryimage\"},\"thumbnailUrl\":\"https:\/\/now-news.de\/de\/wp-content\/uploads\/sites\/3\/2025\/02\/Brasiliens-Ex-Praesident-Bolsonaro-wegen-Putschversuchs-angeklagt.jpg\",\"keywords\":[\"angeklagt\",\"Bolsonaro\",\"Brasiliens\",\"ExPr\u00e4sident\",\"Putschversuchs\",\"wegen\"],\"articleSection\":[\"Deutschland\",\"Russland\"],\"inLanguage\":\"de\",\"potentialAction\":[{\"@type\":\"CommentAction\",\"name\":\"Comment\",\"target\":[\"https:\/\/now-news.de\/de\/deutschland\/brasiliens-ex-praesident-bolsonaro-wegen-putschversuchs-angeklagt\/#respond\"]}]},{\"@type\":\"WebPage\",\"@id\":\"https:\/\/now-news.de\/de\/deutschland\/brasiliens-ex-praesident-bolsonaro-wegen-putschversuchs-angeklagt\/\",\"url\":\"https:\/\/now-news.de\/de\/deutschland\/brasiliens-ex-praesident-bolsonaro-wegen-putschversuchs-angeklagt\/\",\"name\":\"Brasiliens Ex-Pr\u00e4sident Bolsonaro wegen Putschversuchs angeklagt - just-now.NEWS Deutschland\",\"isPartOf\":{\"@id\":\"https:\/\/now-news.de\/de\/#website\"},\"primaryImageOfPage\":{\"@id\":\"https:\/\/now-news.de\/de\/deutschland\/brasiliens-ex-praesident-bolsonaro-wegen-putschversuchs-angeklagt\/#primaryimage\"},\"image\":{\"@id\":\"https:\/\/now-news.de\/de\/deutschland\/brasiliens-ex-praesident-bolsonaro-wegen-putschversuchs-angeklagt\/#primaryimage\"},\"thumbnailUrl\":\"https:\/\/now-news.de\/de\/wp-content\/uploads\/sites\/3\/2025\/02\/Brasiliens-Ex-Praesident-Bolsonaro-wegen-Putschversuchs-angeklagt.jpg\",\"datePublished\":\"2025-02-19T18:12:59+00:00\",\"dateModified\":\"2025-02-19T18:12:59+00:00\",\"breadcrumb\":{\"@id\":\"https:\/\/now-news.de\/de\/deutschland\/brasiliens-ex-praesident-bolsonaro-wegen-putschversuchs-angeklagt\/#breadcrumb\"},\"inLanguage\":\"de\",\"potentialAction\":[{\"@type\":\"ReadAction\",\"target\":[\"https:\/\/now-news.de\/de\/deutschland\/brasiliens-ex-praesident-bolsonaro-wegen-putschversuchs-angeklagt\/\"]}]},{\"@type\":\"ImageObject\",\"inLanguage\":\"de\",\"@id\":\"https:\/\/now-news.de\/de\/deutschland\/brasiliens-ex-praesident-bolsonaro-wegen-putschversuchs-angeklagt\/#primaryimage\",\"url\":\"https:\/\/now-news.de\/de\/wp-content\/uploads\/sites\/3\/2025\/02\/Brasiliens-Ex-Praesident-Bolsonaro-wegen-Putschversuchs-angeklagt.jpg\",\"contentUrl\":\"https:\/\/now-news.de\/de\/wp-content\/uploads\/sites\/3\/2025\/02\/Brasiliens-Ex-Praesident-Bolsonaro-wegen-Putschversuchs-angeklagt.jpg\",\"width\":460,\"height\":259,\"caption\":\"Brasiliens Ex-Pr\u00e4sident Bolsonaro wegen Putschversuchs angeklagt\"},{\"@type\":\"BreadcrumbList\",\"@id\":\"https:\/\/now-news.de\/de\/deutschland\/brasiliens-ex-praesident-bolsonaro-wegen-putschversuchs-angeklagt\/#breadcrumb\",\"itemListElement\":[{\"@type\":\"ListItem\",\"position\":1,\"name\":\"Home\",\"item\":\"https:\/\/now-news.de\/de\/\"},{\"@type\":\"ListItem\",\"position\":2,\"name\":\"Brasiliens Ex-Pr\u00e4sident Bolsonaro wegen Putschversuchs angeklagt\"}]},{\"@type\":\"WebSite\",\"@id\":\"https:\/\/now-news.de\/de\/#website\",\"url\":\"https:\/\/now-news.de\/de\/\",\"name\":\"just-now.NEWS Deutschland\",\"description\":\"Das Portal f\u00fcr unzensierte Nachrichten aus der Welt\",\"publisher\":{\"@id\":\"https:\/\/now-news.de\/de\/#organization\"},\"potentialAction\":[{\"@type\":\"SearchAction\",\"target\":{\"@type\":\"EntryPoint\",\"urlTemplate\":\"https:\/\/now-news.de\/de\/?s={search_term_string}\"},\"query-input\":\"required name=search_term_string\"}],\"inLanguage\":\"de\"},{\"@type\":\"Organization\",\"@id\":\"https:\/\/now-news.de\/de\/#organization\",\"name\":\"Just Now News\",\"url\":\"https:\/\/now-news.de\/de\/\",\"logo\":{\"@type\":\"ImageObject\",\"inLanguage\":\"de\",\"@id\":\"https:\/\/now-news.de\/de\/#\/schema\/logo\/image\/\",\"url\":\"http:\/\/just-now.news\/de\/wp-content\/uploads\/sites\/3\/2022\/04\/logo500x500.jpg\",\"contentUrl\":\"http:\/\/just-now.news\/de\/wp-content\/uploads\/sites\/3\/2022\/04\/logo500x500.jpg\",\"width\":500,\"height\":500,\"caption\":\"Just Now News\"},\"image\":{\"@id\":\"https:\/\/now-news.de\/de\/#\/schema\/logo\/image\/\"},\"sameAs\":[\"https:\/\/www.facebook.com\/wirmachenauf\",\"https:\/\/x.com\/WirMachenAuf_de\"]},{\"@type\":\"Person\",\"@id\":\"https:\/\/now-news.de\/de\/#\/schema\/person\/fb534a4e865501d8b3285208df34a9b5\",\"name\":\"rtnews\",\"image\":{\"@type\":\"ImageObject\",\"inLanguage\":\"de\",\"@id\":\"https:\/\/now-news.de\/de\/#\/schema\/person\/image\/\",\"url\":\"https:\/\/secure.gravatar.com\/avatar\/82aafea7d8127119dd649515f56e2117?s=96&d=mm&r=g\",\"contentUrl\":\"https:\/\/secure.gravatar.com\/avatar\/82aafea7d8127119dd649515f56e2117?s=96&d=mm&r=g\",\"caption\":\"rtnews\"},\"url\":\"https:\/\/now-news.de\/de\/author\/rnews\/\"}]}<\/script>\n<!-- \/ Yoast SEO Premium plugin. -->","yoast_head_json":{"title":"Brasiliens Ex-Pr\u00e4sident Bolsonaro wegen Putschversuchs angeklagt - just-now.NEWS Deutschland","robots":{"index":"index","follow":"follow","max-snippet":"max-snippet:-1","max-image-preview":"max-image-preview:large","max-video-preview":"max-video-preview:-1"},"canonical":"https:\/\/now-news.de\/de\/deutschland\/brasiliens-ex-praesident-bolsonaro-wegen-putschversuchs-angeklagt\/","og_locale":"de_DE","og_type":"article","og_title":"Brasiliens Ex-Pr\u00e4sident Bolsonaro wegen Putschversuchs angeklagt","og_description":"Nach einer fast zwei Jahre langen Untersuchung hat die brasilianische Generalstaatsanwaltschaft den ehemaligen Pr\u00e4sidenten Jair Bolsonaro offiziell angeklagt. Dem Politiker wird zur Last gelegt, nach seiner Wahlniederlage im Jahr 2022 einen Putsch vorbereitet zu haben. Brasiliens Generalstaatsanwaltschaft hat am Dienstag den fr\u00fcheren Staatschef Jair Bolsonaro und weitere 33 Personen wegen eines versuchten Putschs angeklagt. In [&hellip;]","og_url":"https:\/\/now-news.de\/de\/deutschland\/brasiliens-ex-praesident-bolsonaro-wegen-putschversuchs-angeklagt\/","og_site_name":"just-now.NEWS Deutschland","article_publisher":"https:\/\/www.facebook.com\/wirmachenauf","article_published_time":"2025-02-19T18:12:59+00:00","og_image":[{"url":"https:\/\/now-news.de\/de\/wp-content\/uploads\/sites\/3\/2025\/02\/67b5b5c748fbef1cd30d4dc5.jpg"}],"author":"rtnews","twitter_card":"summary_large_image","twitter_creator":"@WirMachenAuf_de","twitter_site":"@WirMachenAuf_de","twitter_misc":{"Verfasst von":"rtnews","Gesch\u00e4tzte Lesezeit":"2\u00a0Minuten"},"schema":{"@context":"https:\/\/schema.org","@graph":[{"@type":"Article","@id":"https:\/\/now-news.de\/de\/deutschland\/brasiliens-ex-praesident-bolsonaro-wegen-putschversuchs-angeklagt\/#article","isPartOf":{"@id":"https:\/\/now-news.de\/de\/deutschland\/brasiliens-ex-praesident-bolsonaro-wegen-putschversuchs-angeklagt\/"},"author":{"name":"rtnews","@id":"https:\/\/now-news.de\/de\/#\/schema\/person\/fb534a4e865501d8b3285208df34a9b5"},"headline":"Brasiliens Ex-Pr\u00e4sident Bolsonaro wegen Putschversuchs angeklagt","datePublished":"2025-02-19T18:12:59+00:00","dateModified":"2025-02-19T18:12:59+00:00","mainEntityOfPage":{"@id":"https:\/\/now-news.de\/de\/deutschland\/brasiliens-ex-praesident-bolsonaro-wegen-putschversuchs-angeklagt\/"},"wordCount":432,"commentCount":0,"publisher":{"@id":"https:\/\/now-news.de\/de\/#organization"},"image":{"@id":"https:\/\/now-news.de\/de\/deutschland\/brasiliens-ex-praesident-bolsonaro-wegen-putschversuchs-angeklagt\/#primaryimage"},"thumbnailUrl":"https:\/\/now-news.de\/de\/wp-content\/uploads\/sites\/3\/2025\/02\/Brasiliens-Ex-Praesident-Bolsonaro-wegen-Putschversuchs-angeklagt.jpg","keywords":["angeklagt","Bolsonaro","Brasiliens","ExPr\u00e4sident","Putschversuchs","wegen"],"articleSection":["Deutschland","Russland"],"inLanguage":"de","potentialAction":[{"@type":"CommentAction","name":"Comment","target":["https:\/\/now-news.de\/de\/deutschland\/brasiliens-ex-praesident-bolsonaro-wegen-putschversuchs-angeklagt\/#respond"]}]},{"@type":"WebPage","@id":"https:\/\/now-news.de\/de\/deutschland\/brasiliens-ex-praesident-bolsonaro-wegen-putschversuchs-angeklagt\/","url":"https:\/\/now-news.de\/de\/deutschland\/brasiliens-ex-praesident-bolsonaro-wegen-putschversuchs-angeklagt\/","name":"Brasiliens Ex-Pr\u00e4sident Bolsonaro wegen Putschversuchs angeklagt - just-now.NEWS Deutschland","isPartOf":{"@id":"https:\/\/now-news.de\/de\/#website"},"primaryImageOfPage":{"@id":"https:\/\/now-news.de\/de\/deutschland\/brasiliens-ex-praesident-bolsonaro-wegen-putschversuchs-angeklagt\/#primaryimage"},"image":{"@id":"https:\/\/now-news.de\/de\/deutschland\/brasiliens-ex-praesident-bolsonaro-wegen-putschversuchs-angeklagt\/#primaryimage"},"thumbnailUrl":"https:\/\/now-news.de\/de\/wp-content\/uploads\/sites\/3\/2025\/02\/Brasiliens-Ex-Praesident-Bolsonaro-wegen-Putschversuchs-angeklagt.jpg","datePublished":"2025-02-19T18:12:59+00:00","dateModified":"2025-02-19T18:12:59+00:00","breadcrumb":{"@id":"https:\/\/now-news.de\/de\/deutschland\/brasiliens-ex-praesident-bolsonaro-wegen-putschversuchs-angeklagt\/#breadcrumb"},"inLanguage":"de","potentialAction":[{"@type":"ReadAction","target":["https:\/\/now-news.de\/de\/deutschland\/brasiliens-ex-praesident-bolsonaro-wegen-putschversuchs-angeklagt\/"]}]},{"@type":"ImageObject","inLanguage":"de","@id":"https:\/\/now-news.de\/de\/deutschland\/brasiliens-ex-praesident-bolsonaro-wegen-putschversuchs-angeklagt\/#primaryimage","url":"https:\/\/now-news.de\/de\/wp-content\/uploads\/sites\/3\/2025\/02\/Brasiliens-Ex-Praesident-Bolsonaro-wegen-Putschversuchs-angeklagt.jpg","contentUrl":"https:\/\/now-news.de\/de\/wp-content\/uploads\/sites\/3\/2025\/02\/Brasiliens-Ex-Praesident-Bolsonaro-wegen-Putschversuchs-angeklagt.jpg","width":460,"height":259,"caption":"Brasiliens Ex-Pr\u00e4sident Bolsonaro wegen Putschversuchs angeklagt"},{"@type":"BreadcrumbList","@id":"https:\/\/now-news.de\/de\/deutschland\/brasiliens-ex-praesident-bolsonaro-wegen-putschversuchs-angeklagt\/#breadcrumb","itemListElement":[{"@type":"ListItem","position":1,"name":"Home","item":"https:\/\/now-news.de\/de\/"},{"@type":"ListItem","position":2,"name":"Brasiliens Ex-Pr\u00e4sident Bolsonaro wegen Putschversuchs angeklagt"}]},{"@type":"WebSite","@id":"https:\/\/now-news.de\/de\/#website","url":"https:\/\/now-news.de\/de\/","name":"just-now.NEWS Deutschland","description":"Das Portal f\u00fcr unzensierte Nachrichten aus der Welt","publisher":{"@id":"https:\/\/now-news.de\/de\/#organization"},"potentialAction":[{"@type":"SearchAction","target":{"@type":"EntryPoint","urlTemplate":"https:\/\/now-news.de\/de\/?s={search_term_string}"},"query-input":"required name=search_term_string"}],"inLanguage":"de"},{"@type":"Organization","@id":"https:\/\/now-news.de\/de\/#organization","name":"Just Now News","url":"https:\/\/now-news.de\/de\/","logo":{"@type":"ImageObject","inLanguage":"de","@id":"https:\/\/now-news.de\/de\/#\/schema\/logo\/image\/","url":"http:\/\/just-now.news\/de\/wp-content\/uploads\/sites\/3\/2022\/04\/logo500x500.jpg","contentUrl":"http:\/\/just-now.news\/de\/wp-content\/uploads\/sites\/3\/2022\/04\/logo500x500.jpg","width":500,"height":500,"caption":"Just Now News"},"image":{"@id":"https:\/\/now-news.de\/de\/#\/schema\/logo\/image\/"},"sameAs":["https:\/\/www.facebook.com\/wirmachenauf","https:\/\/x.com\/WirMachenAuf_de"]},{"@type":"Person","@id":"https:\/\/now-news.de\/de\/#\/schema\/person\/fb534a4e865501d8b3285208df34a9b5","name":"rtnews","image":{"@type":"ImageObject","inLanguage":"de","@id":"https:\/\/now-news.de\/de\/#\/schema\/person\/image\/","url":"https:\/\/secure.gravatar.com\/avatar\/82aafea7d8127119dd649515f56e2117?s=96&d=mm&r=g","contentUrl":"https:\/\/secure.gravatar.com\/avatar\/82aafea7d8127119dd649515f56e2117?s=96&d=mm&r=g","caption":"rtnews"},"url":"https:\/\/now-news.de\/de\/author\/rnews\/"}]}},"_links":{"self":[{"href":"https:\/\/now-news.de\/de\/wp-json\/wp\/v2\/posts\/78871"}],"collection":[{"href":"https:\/\/now-news.de\/de\/wp-json\/wp\/v2\/posts"}],"about":[{"href":"https:\/\/now-news.de\/de\/wp-json\/wp\/v2\/types\/post"}],"author":[{"embeddable":true,"href":"https:\/\/now-news.de\/de\/wp-json\/wp\/v2\/users\/3"}],"replies":[{"embeddable":true,"href":"https:\/\/now-news.de\/de\/wp-json\/wp\/v2\/comments?post=78871"}],"version-history":[{"count":0,"href":"https:\/\/now-news.de\/de\/wp-json\/wp\/v2\/posts\/78871\/revisions"}],"wp:featuredmedia":[{"embeddable":true,"href":"https:\/\/now-news.de\/de\/wp-json\/wp\/v2\/media\/78872"}],"wp:attachment":[{"href":"https:\/\/now-news.de\/de\/wp-json\/wp\/v2\/media?parent=78871"}],"wp:term":[{"taxonomy":"category","embeddable":true,"href":"https:\/\/now-news.de\/de\/wp-json\/wp\/v2\/categories?post=78871"},{"taxonomy":"post_tag","embeddable":true,"href":"https:\/\/now-news.de\/de\/wp-json\/wp\/v2\/tags?post=78871"}],"curies":[{"name":"wp","href":"https:\/\/api.w.org\/{rel}","templated":true}]}}