{"id":7881,"date":"2022-05-16T06:15:00","date_gmt":"2022-05-16T04:15:00","guid":{"rendered":"http:\/\/just-now.news\/de\/deutschland\/die-us-operation-g-un-oder-nordkorea-lacht-ueber-die-usa\/"},"modified":"2022-05-16T06:15:00","modified_gmt":"2022-05-16T04:15:00","slug":"die-us-operation-g-un-oder-nordkorea-lacht-ueber-die-usa","status":"publish","type":"post","link":"https:\/\/now-news.de\/de\/deutschland\/die-us-operation-g-un-oder-nordkorea-lacht-ueber-die-usa\/","title":{"rendered":"Die US-Operation &quot;g-Un&quot; \u2013 Oder: Nordkorea lacht \u00fcber die USA"},"content":{"rendered":"<div class=\"Text-root Text-type_5 ArticleView-text ViewText-root \">\n<p><em>Eine Analyse von Sergey Strokan \u00a0<\/em><\/p>\n<p>Unter den Umst\u00e4nden der Sicherheitskrise in Europa, im Zentrum derer die Ukraine steht, l\u00e4sst eine andere Sicherheitskrise, die nicht euro-atlantischer, sondern asiatischer Natur ist, immer mehr von sich h\u00f6ren. Nach einer kurzen Ruhepause im Fernen Osten, wo die strategischen Interessen der f\u00fchrenden M\u00e4chte dieser Welt \u2013 der USA, Russlands und Chinas sowie Japans, S\u00fcdkoreas und eines Dutzends weiterer asiatischer Staaten \u2013 sich \u00fcberschneiden, macht das Problem der koreanischen Halbinsel wieder verst\u00e4rkt Schlagzeilen.<\/p>\n<div class=\"ReadMore-root Section-root Section-is1to3-xs_is1to1\" data-widgets=\"ReadMore\" data-has-alias>\n<div class=\"Section-container Section-isRow-isTop-isWrap\">\n<article class=\"Card-root Card-is1to1 \">\n<div class=\"Card-imageWrap\">\n<div class=\"Card-picture\">\n<picture class=\"Picture-root Picture-default\"><!--[if IE 9]><video style=\"display: none;\"><![endif]--><source media=\"(-webkit-min-device-pixel-ratio: 2) and (min-resolution: 120dpi)\" data-srcset=\" \nhttp:\/\/just-now.news\/de\/wp-content\/uploads\/sites\/3\/2022\/05\/627cf8aa48fbef31c772851c.jpg 850w,\n                http:\/\/just-now.news\/de\/wp-content\/uploads\/sites\/3\/2022\/05\/Nordkorea-soll-wieder-Raketen-abgefeuert-haben.jpg 1960w,\n            \" ><source data-srcset=\" \nhttp:\/\/just-now.news\/de\/wp-content\/uploads\/sites\/3\/2022\/05\/627cf8aa48fbef31c772851c.jpg 460w,\n              http:\/\/just-now.news\/de\/wp-content\/uploads\/sites\/3\/2022\/05\/Nordkorea-soll-wieder-Raketen-abgefeuert-haben.jpg 980w,\n            \" ><!--[if IE 9]><\/video><![endif]--><img decoding=\"async\" data- src=\"data:image\/png;base64,iVBORw0KGgoAAAANSUhEUgAAABAAAAAJCAQAAACRI2S5AAAAEElEQVR42mNkIAAYRxWAAQAG9gAKqv6+AwAAAABJRU5ErkJggg==\" class=\"Picture-root Picture-default lazyload\" data-src=\"http:\/\/just-now.news\/de\/wp-content\/uploads\/sites\/3\/2022\/05\/627cf8aa48fbef31c772851c.jpg\" alt=\"Nordkorea soll wieder Raketen abgefeuert haben\"><\/source><\/source><\/picture><!-- noscript pattern --><noscript><img decoding=\"async\" src=\"http:\/\/just-now.news\/de\/wp-content\/uploads\/sites\/3\/2022\/05\/Nordkorea-soll-wieder-Raketen-abgefeuert-haben.jpg\" alt=\"Nordkorea soll wieder Raketen abgefeuert haben\"><\/noscript>    <\/div><\/div>\n<div class=\"Card-contentWrap\">\n<div class=\"Card-content\">\n<div class=\"Card-title\">\n<div class=\"HeaderNews-root HeaderNews-type_6 \">\n<p>            <a rel=\"nofollow noopener\" target=\"_blank\" href=\"https:\/\/de.rt.com\/asien\/138274-nordkorea-soll-mehrere-raketen-abgefeuert-haben\/\" class=\"Link-root Link-isFullCard \"><br \/>\n                Nordkorea soll wieder Raketen abgefeuert haben<br \/>\n            <\/a><\/p><\/div><\/div><\/div><\/div>\n<\/article>\n<\/div><\/div>\n<p>Der St\u00f6renfried ist wieder einmal der Enkel und Sohn zweier ruhmreicher nordkoreanischer F\u00fchrer \u2013 Kim Il-sung und Kim Jong-il \u2013, eigenh\u00e4ndig der F\u00fchrer, Milit\u00e4rchef und geopolitischer Regisseur Kim Jong-un. Aufw\u00fchlend f\u00fcr die USA und ihre Verb\u00fcndeten mit unaufh\u00f6rlichen Raketentests im indo-pazifischen Raum, von denen er seit Januar dieses Jahres bereits drei Dutzend durchgef\u00fchrt hat, erinnert Kim Jong-un immer wieder an sich. Mit beneidenswerter Hartn\u00e4ckigkeit schafft er es, die Aufmerksamkeit von der Ukraine endlich auf Nordkorea umzulenken, das \u00fcber Jahre hinweg in einem feindlichen Umfeld, unter dem Joch internationaler Sanktionen und in einem Vorkriegszustand lebt.<\/p>\n<p>Die Frage danach, wie Kim zu stoppen sei, schweifte diese Woche durch die L\u00fcfte bei verschiedenen internationalen Veranstaltungen in New York, Washington, Tokio und Seoul, ohne jemals eine Antwort zu erhalten.<\/p>\n<p>&#8220;Wir d\u00fcrfen nicht abwarten, bis die Demokratische Volksrepublik Korea weitere provokative und illegale Handlungen wie Atomtests durchf\u00fchrt&#8221;, sagte die St\u00e4ndige Vertreterin der USA bei den Vereinten Nationen, Linda Thomas-Greenfield, am Mittwoch w\u00e4hrend einer Dringlichkeitssitzung des UN-Sicherheitsrats anl\u00e4sslich der nordkoreanischen Raketenstarts und forderte alle Mitglieder des Sicherheitsrats auf, einen US-Resolutionsentwurf zur Versch\u00e4rfung der Sanktionen gegen Pj\u00f6ngjang zu unterst\u00fctzen. &#8220;Das Schweigen angesichts mehrfacher Raketenstarts ermutigt Pj\u00f6ngjang nur&#8221;, emp\u00f6rte sich Linda Thomas-Greenfield.<\/p>\n<div class=\"ReadMore-root Section-root Section-is1to3-xs_is1to1\" data-widgets=\"ReadMore\" data-has-alias>\n<div class=\"Section-container Section-isRow-isTop-isWrap\">\n<article class=\"Card-root Card-is1to1 \">\n<div class=\"Card-imageWrap\">\n<div class=\"Card-picture\">\n<picture class=\"Picture-root Picture-default\"><!--[if IE 9]><video style=\"display: none;\"><![endif]--><source media=\"(-webkit-min-device-pixel-ratio: 2) and (min-resolution: 120dpi)\" data-srcset=\" \nhttp:\/\/just-now.news\/de\/wp-content\/uploads\/sites\/3\/2022\/05\/6248560bb480cc609e349eab.jpg 850w,\n                http:\/\/just-now.news\/de\/wp-content\/uploads\/sites\/3\/2022\/05\/1652675471_17_6248560bb480cc609e349eab.jpg 1960w,\n            \" ><source data-srcset=\" \nhttp:\/\/just-now.news\/de\/wp-content\/uploads\/sites\/3\/2022\/05\/6248560bb480cc609e349eab.jpg 460w,\n              http:\/\/just-now.news\/de\/wp-content\/uploads\/sites\/3\/2022\/05\/1652675471_17_6248560bb480cc609e349eab.jpg 980w,\n            \" ><!--[if IE 9]><\/video><![endif]--><img decoding=\"async\" data- src=\"data:image\/png;base64,iVBORw0KGgoAAAANSUhEUgAAABAAAAAJCAQAAACRI2S5AAAAEElEQVR42mNkIAAYRxWAAQAG9gAKqv6+AwAAAABJRU5ErkJggg==\" class=\"Picture-root Picture-default lazyload\" data-src=\"http:\/\/just-now.news\/de\/wp-content\/uploads\/sites\/3\/2022\/05\/6248560bb480cc609e349eab.jpg\" alt=\"Nordkoreas Botschaft an den Westen: Ignoriert uns nur, den Preis daf\u00fcr zahlt Ihr\"><\/source><\/source><\/picture><!-- noscript pattern --><noscript><img decoding=\"async\" src=\"http:\/\/just-now.news\/de\/wp-content\/uploads\/sites\/3\/2022\/05\/1652675471_17_6248560bb480cc609e349eab.jpg\" alt=\"Nordkoreas Botschaft an den Westen: Ignoriert uns nur, den Preis daf\u00fcr zahlt Ihr\"><\/noscript>    <\/div><\/div>\n<div class=\"Card-contentWrap\">\n<div class=\"Card-label\">\n            <span class=\"Label-root\"><br \/>\n                Meinung<br \/>\n            <\/span>\n        <\/div>\n<div class=\"Card-content\">\n<div class=\"Card-title\">\n<div class=\"HeaderNews-root HeaderNews-type_6 \">\n<p>            <a rel=\"nofollow noopener\" target=\"_blank\" href=\"https:\/\/de.rt.com\/meinung\/135233-nordkoreas-botschaft-an-welt-ignoriert\/\" class=\"Link-root Link-isFullCard \"><br \/>\n                Nordkoreas Botschaft an den Westen: Ignoriert uns nur, den Preis daf\u00fcr zahlt Ihr<br \/>\n            <\/a><\/p><\/div><\/div><\/div><\/div>\n<\/article>\n<\/div><\/div>\n<p>Allerdings erwies sich der US-amerikanische Resolutionsentwurf als kategorisch inakzeptabel f\u00fcr Russland und China, die ein eigenst\u00e4ndiges Projekt zur Lockerung der Sanktionen gegen die Demokratische Volksrepublik Korea vorschlagen.<\/p>\n<p>&#8220;Bedauerlicherweise hat der UN-Sicherheitsrat die positiven Signale aus Nordkorea bisher immer wieder ignoriert und lediglich die Restriktionen versch\u00e4rft. Diesbez\u00fcglich ist die aktuelle Entwicklung weitgehend eine Folge der Kurzsichtigkeit einiger der hier anwesenden Kollegen, welche nicht bereit sind, \u00fcber das Paradigma der Sanktionen hinauszugehen, das seit vielen Jahren nicht in der Lage ist, die Sicherheit in der Region zu gew\u00e4hrleisten&#8221;, erl\u00e4uterte Anna Evstigneeva den Standpunkt Moskaus, die Stellvertretende des St\u00e4ndigen Vertreters Russlands bei der UNO.<\/p>\n<p>&#8220;Im Gegenteil, die Sanktionen verschlimmern die Situation nur. Was China vermeiden will, ist ein Atomtest, deshalb wollen wir keine zus\u00e4tzlichen Sanktionen. Dies wird dazu f\u00fchren, dass eine der Parteien zu weitaus h\u00e4rteren Ma\u00dfnahmen greifen k\u00f6nnte&#8221;, warnte der st\u00e4ndige Vertreter Chinas bei der UNO, Zhang Jun. &#8220;Verhandlungen sind besser als Sanktionen, als Zwangsma\u00dfnahmen. Wir beobachten so viele Zwangsma\u00dfnahmen in der Welt \u2013 in Syrien, Irak, Afghanistan. Haben wir schon positive Ergebnisse gesehen? Wir sahen lediglich humanit\u00e4res Leid. Je mehr Sanktionen, desto mehr Leid&#8221;, f\u00fcgte Zhang Jun als Kommentar zu Thomas-Greenfield hinzu.<\/p>\n<p>Zur Erinnerung: Bis heute hat es 10 Sanktionsresolutionen des UN-Sicherheitsrates gegen Nordkorea gegeben.<\/p>\n<p>Nordkorea ist dadurch vom Gro\u00dfteil des Au\u00dfenhandels und der Finanztransaktionen ausgeschlossen. Wo bleibt aber das Resultat? Kann man behaupten, dass die koreanische Halbinsel sicherer geworden ist?<\/p>\n<div class=\"ReadMore-root Section-root Section-is1to3-xs_is1to1\" data-widgets=\"ReadMore\" data-has-alias>\n<div class=\"Section-container Section-isRow-isTop-isWrap\">\n<article class=\"Card-root Card-is1to1 \">\n<div class=\"Card-imageWrap\">\n<div class=\"Card-picture\">\n<picture class=\"Picture-root Picture-default\"><!--[if IE 9]><video style=\"display: none;\"><![endif]--><source media=\"(-webkit-min-device-pixel-ratio: 2) and (min-resolution: 120dpi)\" data-srcset=\" \nhttp:\/\/just-now.news\/de\/wp-content\/uploads\/sites\/3\/2022\/05\/6251cdbc48fbef6d413e963d.jpg 850w,\n                http:\/\/just-now.news\/de\/wp-content\/uploads\/sites\/3\/2022\/05\/6251cdbc48fbef6d413e963c.jpg 1960w,\n            \" ><source data-srcset=\" \nhttp:\/\/just-now.news\/de\/wp-content\/uploads\/sites\/3\/2022\/05\/6251cdbc48fbef6d413e963d.jpg 460w,\n              http:\/\/just-now.news\/de\/wp-content\/uploads\/sites\/3\/2022\/05\/6251cdbc48fbef6d413e963c.jpg 980w,\n            \" ><!--[if IE 9]><\/video><![endif]--><img decoding=\"async\" data- src=\"data:image\/png;base64,iVBORw0KGgoAAAANSUhEUgAAABAAAAAJCAQAAACRI2S5AAAAEElEQVR42mNkIAAYRxWAAQAG9gAKqv6+AwAAAABJRU5ErkJggg==\" class=\"Picture-root Picture-default lazyload\" data-src=\"http:\/\/just-now.news\/de\/wp-content\/uploads\/sites\/3\/2022\/05\/6251cdbc48fbef6d413e963d.jpg\" alt=\"Nordkorea beschuldigt USA, die Lage im Ukraine-Krieg zu versch\u00e4rfen\"><\/source><\/source><\/picture><!-- noscript pattern --><noscript><img decoding=\"async\" src=\"http:\/\/just-now.news\/de\/wp-content\/uploads\/sites\/3\/2022\/05\/6251cdbc48fbef6d413e963c.jpg\" alt=\"Nordkorea beschuldigt USA, die Lage im Ukraine-Krieg zu versch\u00e4rfen\"><\/noscript>    <\/div><\/div>\n<div class=\"Card-contentWrap\">\n<div class=\"Card-content\">\n<div class=\"Card-title\">\n<div class=\"HeaderNews-root HeaderNews-type_6 \">\n<p>            <a rel=\"nofollow noopener\" target=\"_blank\" href=\"https:\/\/de.rt.com\/international\/135852-nordkorea-beschuldigt-usa-lage-im-ukraine-krieg-zu-verschaerfen\/\" class=\"Link-root Link-isFullCard \"><br \/>\n                Nordkorea beschuldigt USA, die Lage im Ukraine-Krieg zu versch\u00e4rfen<br \/>\n            <\/a><\/p><\/div><\/div><\/div><\/div>\n<\/article>\n<\/div><\/div>\n<p>Weil die USA der j\u00fcngsten nordkoreanischen Raketenstarts vom 4. und 7. Mai wegen eine Dringlichkeitssitzung des UN-Sicherheitsrats einberiefen und h\u00e4rtere Sanktionen forderten, wurde das Problem Nordkorea von Pr\u00e4sident Biden mit s\u00fcdostasiatischen Staats- und Regierungschefs w\u00e4hrend eines Sondergipfels der USA und der ASEAN am 12. und 13. Mai in der amerikanischen Hauptstadt er\u00f6rtert.<\/p>\n<p>In diesem Kontext waren laute \u00c4u\u00dferungen in Seoul zu h\u00f6ren, wo am 10. Mai die Amtseinf\u00fchrung des neuen s\u00fcdkoreanischen Pr\u00e4sidenten Yoon Seok-yeol stattfand und eine Regierungsumbildung in vollem Gange ist. Sammelt man alle diese \u00c4u\u00dferungen, so scheinen sie nicht zusammenzupassen. In Bezug auf Nordkorea sagen die s\u00fcdkoreanischen Minister das Gegenteil.<\/p>\n<p>&#8220;Wir werden hart und unverz\u00fcglich handeln, wenn der Norden eine direkte Provokation vornimmt. Wir m\u00fcssen aktiv auf Sicherheitsbedrohungen von allen Seiten reagieren \u2013 zu Lande, zu Wasser und in der Luft&#8221;, sagte S\u00fcdkoreas neuer Verteidigungsminister Lee Jong-seop am Mittwoch. Demgegen\u00fcber ist Kwon Yong-se, ein Kandidat f\u00fcr das Amt des s\u00fcdkoreanischen Wiedervereinigungsministers, der Ansicht, dass in den k\u00fcnftigen Beziehungen zu Pj\u00f6ngjang eher Flexibilit\u00e4t als H\u00e4rte gefragt ist.<\/p>\n<p>&#8220;Wir werden in einer flexiblen Harmonie von Prinzipien und Pragmatismus agieren, anstatt einem harten Kurs zu folgen&#8221;, versprach der k\u00fcnftige Beauftragte f\u00fcr Integration mit dem Norden in einer Rede vor dem Parlament des Landes und rief zu einem erneuten innerkoreanischen Dialog auf.<\/p>\n<p>Was den neuen Pr\u00e4sidenten des Landes, Yoon Seok-yeol, betrifft, der offiziell am Mittwoch sein Amt angetreten hat, so unterliegen seine \u00c4u\u00dferungen der freien Interpretation. In seinen Aussagen finden sich sowohl H\u00e4rte als auch Sanftmut, Drohungen und Aufrufe zum Dialog. Wie das zusammenpasst und ob das m\u00f6glich ist, bleibt abzuwarten.<\/p>\n<p>In seiner Inaugurationsrede wiederholte Yoon Seok-yeol faktisch die Aussagen der St\u00e4ndigen Vertreterin der USA im Sicherheitsrat, Linda Thomas-Greenfield, und dr\u00fcckte seine \u00dcberzeugung aus, dass die Entwicklung der Nuklearraketenprogramme Nordkoreas nicht nur die koreanische Halbinsel, sondern auch den Frieden im asiatischen Raum und in der Welt bedroht.<\/p>\n<p>Dabei lie\u00df der neue s\u00fcdkoreanische Staatschef Andeutungen fallen: &#8220;Das Tor zur Diplomatie bleibt offen, damit wir das Problem friedlich l\u00f6sen k\u00f6nnen.&#8221; Wie \u00f6ffnet man diese T\u00fcr? Bei seiner Antrittsrede hat Yoon Seok-yeol seinem Nachbarn Kim Jong-un den Vorschlag gemacht, den ersten Schritt zu machen, n\u00e4mlich zuerst abzur\u00fcsten, damit Nachgiebigkeit in Seoul und in Washingtons Haltung den Vorrang vor H\u00e4rte gewinne.<\/p>\n<div class=\"ReadMore-root Section-root Section-is1to3-xs_is1to1\" data-widgets=\"ReadMore\" data-has-alias>\n<div class=\"Section-container Section-isRow-isTop-isWrap\">\n<article class=\"Card-root Card-is1to1 \">\n<div class=\"Card-imageWrap\">\n<div class=\"Card-picture\">\n<picture class=\"Picture-root Picture-default\"><!--[if IE 9]><video style=\"display: none;\"><![endif]--><source media=\"(-webkit-min-device-pixel-ratio: 2) and (min-resolution: 120dpi)\" data-srcset=\" \nhttp:\/\/just-now.news\/de\/wp-content\/uploads\/sites\/3\/2022\/05\/61e17ceb48fbef05574621d0.jpg 850w,\n                http:\/\/just-now.news\/de\/wp-content\/uploads\/sites\/3\/2022\/05\/61e17ceb48fbef05574621cf.jpg 1960w,\n            \" ><source data-srcset=\" \nhttp:\/\/just-now.news\/de\/wp-content\/uploads\/sites\/3\/2022\/05\/61e17ceb48fbef05574621d0.jpg 460w,\n              http:\/\/just-now.news\/de\/wp-content\/uploads\/sites\/3\/2022\/05\/61e17ceb48fbef05574621cf.jpg 980w,\n            \" ><!--[if IE 9]><\/video><![endif]--><img decoding=\"async\" data- src=\"data:image\/png;base64,iVBORw0KGgoAAAANSUhEUgAAABAAAAAJCAQAAACRI2S5AAAAEElEQVR42mNkIAAYRxWAAQAG9gAKqv6+AwAAAABJRU5ErkJggg==\" class=\"Picture-root Picture-default lazyload\" data-src=\"http:\/\/just-now.news\/de\/wp-content\/uploads\/sites\/3\/2022\/05\/61e17ceb48fbef05574621d0.jpg\" alt=\"Nordkorea l\u00e4sst erneut milit\u00e4risch die Muskeln spielen. Aber worum geht es genau?\"><\/source><\/source><\/picture><!-- noscript pattern --><noscript><img decoding=\"async\" src=\"http:\/\/just-now.news\/de\/wp-content\/uploads\/sites\/3\/2022\/05\/61e17ceb48fbef05574621cf.jpg\" alt=\"Nordkorea l\u00e4sst erneut milit\u00e4risch die Muskeln spielen. Aber worum geht es genau?\"><\/noscript>    <\/div><\/div>\n<div class=\"Card-contentWrap\">\n<div class=\"Card-label\">\n                <span class=\"Label-root Label-analyse\"><br \/>\n                    Analyse<br \/>\n                <\/span>\n            <\/div>\n<div class=\"Card-content\">\n<div class=\"Card-title\">\n<div class=\"HeaderNews-root HeaderNews-type_6 \">\n<p>            <a rel=\"nofollow noopener\" target=\"_blank\" href=\"https:\/\/de.rt.com\/asien\/129946-nordkorea-lasst-erneut-militarisch-muskeln\/\" class=\"Link-root Link-isFullCard \"><br \/>\n                Nordkorea l\u00e4sst erneut milit\u00e4risch die Muskeln spielen. Aber worum geht es genau?<br \/>\n            <\/a><\/p><\/div><\/div><\/div><\/div>\n<\/article>\n<\/div><\/div>\n<p>In diesem Zusammenhang stellt sich die Hauptfrage: Wo sind die Garantien daf\u00fcr, dass dies geschieht und er nicht hintergangen wird, wenn Kim Jong-un pl\u00f6tzlich das &#8220;verlockende&#8221; Angebot annimmt.<\/p>\n<p>Der Preis eines Fehlers k\u00f6nnte f\u00fcr Pj\u00f6ngjang der h\u00f6chste sein. Der M\u00f6glichkeit beraubt, die Bedrohung seiner eigenen Sicherheit zu parieren, wird Nordkorea ein leichtes Ziel f\u00fcr die USA, die schon Jahrzehnte lang einen Regimewechsel in dem &#8220;Juche-Land&#8221; anstreben, dem das Schicksal des Irak und Libyens erspart geblieben ist, weil es sein Pulver trocken h\u00e4lt.<\/p>\n<p>Der wohl aufsehenerregendste Start in diesem Jahr war der Test der ballistischen Interkontinentalrakete Hwasong-17 im M\u00e4rz. Nach Sch\u00e4tzungen von Seoul und Tokio k\u00f6nnte sie eine Reichweite von 15.000 Kilometern haben, was eine Abdeckung des gesamten US-Territoriums erlauben w\u00fcrde.<\/p>\n<p>Angesichts von Satellitendaten gehen Seoul und Tokio \u00fcbereinstimmend davon aus, dass Nordkorea in den kommenden Tagen und Wochen einen neuen Atomtest im dritten Tunnel des Testgel\u00e4ndes Phunggye-ri durchf\u00fchren k\u00f6nnte. Wie erwartet wird, k\u00f6nnte dies mit den Besuchen von US-Pr\u00e4sident Joe Biden in S\u00fcdkorea und Japan zusammenfallen, die f\u00fcr den 20. bis 22. Mai geplant sind.<\/p>\n<p>Zusammenfassend, die amerikanische Operation &#8220;g-Un&#8221;, die darauf abzielt, den nordkoreanischen F\u00fchrer zu z\u00e4hmen, geht eindeutig nicht auf.<\/p>\n<p>Die Raketen von Kim Jong-un fliegen in immer gr\u00f6\u00dfere Distanzen, und irgendwo tief unter der Erde bereitet sich das Atom des &#8220;Juche-Landes&#8221; darauf vor, die geopolitische B\u00fchne wieder zu betreten.<\/p>\n<p><strong>Mehr zum Thema<\/strong> &#8211; <a rel=\"nofollow noopener\" target=\"_blank\" href=\"https:\/\/test.rtde.live\/meinung\/129298-zehn-jahre-raketenmann-was-hat\/\">Zehn Jahre &#8220;Raketenmann&#8221;: Was hat Kim Jong-un erreicht?<\/a><\/p>\n<p><em>RT DE bem\u00fcht sich um ein breites Meinungsspektrum. Gastbeitr\u00e4ge und Meinungsartikel m\u00fcssen nicht die Sichtweise der Redaktion widerspiegeln.<\/em><\/p>\n<\/div>\n<p><br \/>\n<br \/><a href=\"https:\/\/de.rt.com\/asien\/138440-die-us-operation-g-un\/\">Source link <\/a><\/p>\n","protected":false},"excerpt":{"rendered":"<p>Eine Analyse von Sergey Strokan \u00a0 Unter den Umst\u00e4nden der Sicherheitskrise in Europa, im Zentrum derer die Ukraine steht, l\u00e4sst eine andere Sicherheitskrise, die nicht euro-atlantischer, sondern asiatischer Natur ist, immer mehr von sich h\u00f6ren. Nach einer kurzen Ruhepause im Fernen Osten, wo die strategischen Interessen der f\u00fchrenden M\u00e4chte dieser Welt \u2013 der USA, Russlands [&hellip;]<\/p>\n","protected":false},"author":3,"featured_media":7882,"comment_status":"open","ping_status":"open","sticky":false,"template":"","format":"standard","meta":{"wp_automatic_camp":["217"],"33dabad30e2a5a7d836c3f1ef01078ce":["Die US-Operation &quot;g-Un&quot; \u2013 Oder: Nordkorea lacht \u00fcber die USA"],"original_link":["https:\/\/de.rt.com\/asien\/138440-die-us-operation-g-un\/"],"_thumbnail_id":["7882"],"_wptg_p2tg_sent2tg":["2022-05-16 06:32:29"],"jnews_social_counter_last_update":["1777327877"]},"categories":[19,23],"tags":[45,15532,10407,268,20353,139,193,20352],"yoast_head":"<!-- This site is optimized with the Yoast SEO Premium plugin v22.7 (Yoast SEO v22.7) - https:\/\/yoast.com\/wordpress\/plugins\/seo\/ -->\n<title>Die US-Operation &quot;g-Un&quot; \u2013 Oder: Nordkorea lacht \u00fcber die USA - just-now.NEWS Deutschland<\/title>\n<meta name=\"robots\" content=\"index, follow, max-snippet:-1, max-image-preview:large, max-video-preview:-1\" \/>\n<link rel=\"canonical\" href=\"https:\/\/now-news.de\/de\/deutschland\/die-us-operation-g-un-oder-nordkorea-lacht-ueber-die-usa\/\" \/>\n<meta property=\"og:locale\" content=\"de_DE\" \/>\n<meta property=\"og:type\" content=\"article\" \/>\n<meta property=\"og:title\" content=\"Die US-Operation &quot;g-Un&quot; \u2013 Oder: Nordkorea lacht \u00fcber die USA\" \/>\n<meta property=\"og:description\" content=\"Eine Analyse von Sergey Strokan \u00a0 Unter den Umst\u00e4nden der Sicherheitskrise in Europa, im Zentrum derer die Ukraine steht, l\u00e4sst eine andere Sicherheitskrise, die nicht euro-atlantischer, sondern asiatischer Natur ist, immer mehr von sich h\u00f6ren. Nach einer kurzen Ruhepause im Fernen Osten, wo die strategischen Interessen der f\u00fchrenden M\u00e4chte dieser Welt \u2013 der USA, Russlands [&hellip;]\" \/>\n<meta property=\"og:url\" content=\"https:\/\/now-news.de\/de\/deutschland\/die-us-operation-g-un-oder-nordkorea-lacht-ueber-die-usa\/\" \/>\n<meta property=\"og:site_name\" content=\"just-now.NEWS Deutschland\" \/>\n<meta property=\"article:publisher\" content=\"https:\/\/www.facebook.com\/wirmachenauf\" \/>\n<meta property=\"article:published_time\" content=\"2022-05-16T04:15:00+00:00\" \/>\n<meta property=\"og:image\" content=\"https:\/\/now-news.de\/de\/wp-content\/uploads\/sites\/3\/2022\/05\/Die-US-Operation-quotg-Unquot-\u2013-Oder-Nordkorea-lacht-ueber-die-USA.jpg\" \/>\n\t<meta property=\"og:image:width\" content=\"460\" \/>\n\t<meta property=\"og:image:height\" content=\"259\" \/>\n\t<meta property=\"og:image:type\" content=\"image\/jpeg\" \/>\n<meta name=\"author\" content=\"rtnews\" \/>\n<meta name=\"twitter:card\" content=\"summary_large_image\" \/>\n<meta name=\"twitter:creator\" content=\"@WirMachenAuf_de\" \/>\n<meta name=\"twitter:site\" content=\"@WirMachenAuf_de\" \/>\n<meta name=\"twitter:label1\" content=\"Verfasst von\" \/>\n\t<meta name=\"twitter:data1\" content=\"rtnews\" \/>\n\t<meta name=\"twitter:label2\" content=\"Gesch\u00e4tzte Lesezeit\" \/>\n\t<meta name=\"twitter:data2\" content=\"6\u00a0Minuten\" \/>\n<script type=\"application\/ld+json\" class=\"yoast-schema-graph\">{\"@context\":\"https:\/\/schema.org\",\"@graph\":[{\"@type\":\"Article\",\"@id\":\"https:\/\/now-news.de\/de\/deutschland\/die-us-operation-g-un-oder-nordkorea-lacht-ueber-die-usa\/#article\",\"isPartOf\":{\"@id\":\"https:\/\/now-news.de\/de\/deutschland\/die-us-operation-g-un-oder-nordkorea-lacht-ueber-die-usa\/\"},\"author\":{\"name\":\"rtnews\",\"@id\":\"https:\/\/now-news.de\/de\/#\/schema\/person\/fb534a4e865501d8b3285208df34a9b5\"},\"headline\":\"Die US-Operation &quot;g-Un&quot; \u2013 Oder: Nordkorea lacht \u00fcber die USA\",\"datePublished\":\"2022-05-16T04:15:00+00:00\",\"dateModified\":\"2022-05-16T04:15:00+00:00\",\"mainEntityOfPage\":{\"@id\":\"https:\/\/now-news.de\/de\/deutschland\/die-us-operation-g-un-oder-nordkorea-lacht-ueber-die-usa\/\"},\"wordCount\":1276,\"commentCount\":0,\"publisher\":{\"@id\":\"https:\/\/now-news.de\/de\/#organization\"},\"image\":{\"@id\":\"https:\/\/now-news.de\/de\/deutschland\/die-us-operation-g-un-oder-nordkorea-lacht-ueber-die-usa\/#primaryimage\"},\"thumbnailUrl\":\"https:\/\/now-news.de\/de\/wp-content\/uploads\/sites\/3\/2022\/05\/Die-US-Operation-quotg-Unquot-\u2013-Oder-Nordkorea-lacht-ueber-die-USA.jpg\",\"keywords\":[\"die\",\"lacht\",\"Nordkorea\",\"oder\",\"quotgUnquot\",\"\u00fcber\",\"USA\",\"USOperation\"],\"articleSection\":[\"Deutschland\",\"Russland\"],\"inLanguage\":\"de\",\"potentialAction\":[{\"@type\":\"CommentAction\",\"name\":\"Comment\",\"target\":[\"https:\/\/now-news.de\/de\/deutschland\/die-us-operation-g-un-oder-nordkorea-lacht-ueber-die-usa\/#respond\"]}]},{\"@type\":\"WebPage\",\"@id\":\"https:\/\/now-news.de\/de\/deutschland\/die-us-operation-g-un-oder-nordkorea-lacht-ueber-die-usa\/\",\"url\":\"https:\/\/now-news.de\/de\/deutschland\/die-us-operation-g-un-oder-nordkorea-lacht-ueber-die-usa\/\",\"name\":\"Die US-Operation &quot;g-Un&quot; \u2013 Oder: Nordkorea lacht \u00fcber die USA - just-now.NEWS Deutschland\",\"isPartOf\":{\"@id\":\"https:\/\/now-news.de\/de\/#website\"},\"primaryImageOfPage\":{\"@id\":\"https:\/\/now-news.de\/de\/deutschland\/die-us-operation-g-un-oder-nordkorea-lacht-ueber-die-usa\/#primaryimage\"},\"image\":{\"@id\":\"https:\/\/now-news.de\/de\/deutschland\/die-us-operation-g-un-oder-nordkorea-lacht-ueber-die-usa\/#primaryimage\"},\"thumbnailUrl\":\"https:\/\/now-news.de\/de\/wp-content\/uploads\/sites\/3\/2022\/05\/Die-US-Operation-quotg-Unquot-\u2013-Oder-Nordkorea-lacht-ueber-die-USA.jpg\",\"datePublished\":\"2022-05-16T04:15:00+00:00\",\"dateModified\":\"2022-05-16T04:15:00+00:00\",\"breadcrumb\":{\"@id\":\"https:\/\/now-news.de\/de\/deutschland\/die-us-operation-g-un-oder-nordkorea-lacht-ueber-die-usa\/#breadcrumb\"},\"inLanguage\":\"de\",\"potentialAction\":[{\"@type\":\"ReadAction\",\"target\":[\"https:\/\/now-news.de\/de\/deutschland\/die-us-operation-g-un-oder-nordkorea-lacht-ueber-die-usa\/\"]}]},{\"@type\":\"ImageObject\",\"inLanguage\":\"de\",\"@id\":\"https:\/\/now-news.de\/de\/deutschland\/die-us-operation-g-un-oder-nordkorea-lacht-ueber-die-usa\/#primaryimage\",\"url\":\"https:\/\/now-news.de\/de\/wp-content\/uploads\/sites\/3\/2022\/05\/Die-US-Operation-quotg-Unquot-\u2013-Oder-Nordkorea-lacht-ueber-die-USA.jpg\",\"contentUrl\":\"https:\/\/now-news.de\/de\/wp-content\/uploads\/sites\/3\/2022\/05\/Die-US-Operation-quotg-Unquot-\u2013-Oder-Nordkorea-lacht-ueber-die-USA.jpg\",\"width\":460,\"height\":259,\"caption\":\"Nordkorea soll wieder Raketen abgefeuert haben\"},{\"@type\":\"BreadcrumbList\",\"@id\":\"https:\/\/now-news.de\/de\/deutschland\/die-us-operation-g-un-oder-nordkorea-lacht-ueber-die-usa\/#breadcrumb\",\"itemListElement\":[{\"@type\":\"ListItem\",\"position\":1,\"name\":\"Home\",\"item\":\"https:\/\/now-news.de\/de\/\"},{\"@type\":\"ListItem\",\"position\":2,\"name\":\"Die US-Operation &quot;g-Un&quot; \u2013 Oder: Nordkorea lacht \u00fcber die USA\"}]},{\"@type\":\"WebSite\",\"@id\":\"https:\/\/now-news.de\/de\/#website\",\"url\":\"https:\/\/now-news.de\/de\/\",\"name\":\"just-now.NEWS Deutschland\",\"description\":\"Das Portal f\u00fcr unzensierte Nachrichten aus der Welt\",\"publisher\":{\"@id\":\"https:\/\/now-news.de\/de\/#organization\"},\"potentialAction\":[{\"@type\":\"SearchAction\",\"target\":{\"@type\":\"EntryPoint\",\"urlTemplate\":\"https:\/\/now-news.de\/de\/?s={search_term_string}\"},\"query-input\":\"required name=search_term_string\"}],\"inLanguage\":\"de\"},{\"@type\":\"Organization\",\"@id\":\"https:\/\/now-news.de\/de\/#organization\",\"name\":\"Just Now News\",\"url\":\"https:\/\/now-news.de\/de\/\",\"logo\":{\"@type\":\"ImageObject\",\"inLanguage\":\"de\",\"@id\":\"https:\/\/now-news.de\/de\/#\/schema\/logo\/image\/\",\"url\":\"http:\/\/just-now.news\/de\/wp-content\/uploads\/sites\/3\/2022\/04\/logo500x500.jpg\",\"contentUrl\":\"http:\/\/just-now.news\/de\/wp-content\/uploads\/sites\/3\/2022\/04\/logo500x500.jpg\",\"width\":500,\"height\":500,\"caption\":\"Just Now News\"},\"image\":{\"@id\":\"https:\/\/now-news.de\/de\/#\/schema\/logo\/image\/\"},\"sameAs\":[\"https:\/\/www.facebook.com\/wirmachenauf\",\"https:\/\/x.com\/WirMachenAuf_de\"]},{\"@type\":\"Person\",\"@id\":\"https:\/\/now-news.de\/de\/#\/schema\/person\/fb534a4e865501d8b3285208df34a9b5\",\"name\":\"rtnews\",\"image\":{\"@type\":\"ImageObject\",\"inLanguage\":\"de\",\"@id\":\"https:\/\/now-news.de\/de\/#\/schema\/person\/image\/\",\"url\":\"https:\/\/secure.gravatar.com\/avatar\/82aafea7d8127119dd649515f56e2117?s=96&d=mm&r=g\",\"contentUrl\":\"https:\/\/secure.gravatar.com\/avatar\/82aafea7d8127119dd649515f56e2117?s=96&d=mm&r=g\",\"caption\":\"rtnews\"},\"url\":\"https:\/\/now-news.de\/de\/author\/rnews\/\"}]}<\/script>\n<!-- \/ Yoast SEO Premium plugin. -->","yoast_head_json":{"title":"Die US-Operation &quot;g-Un&quot; \u2013 Oder: Nordkorea lacht \u00fcber die USA - just-now.NEWS Deutschland","robots":{"index":"index","follow":"follow","max-snippet":"max-snippet:-1","max-image-preview":"max-image-preview:large","max-video-preview":"max-video-preview:-1"},"canonical":"https:\/\/now-news.de\/de\/deutschland\/die-us-operation-g-un-oder-nordkorea-lacht-ueber-die-usa\/","og_locale":"de_DE","og_type":"article","og_title":"Die US-Operation &quot;g-Un&quot; \u2013 Oder: Nordkorea lacht \u00fcber die USA","og_description":"Eine Analyse von Sergey Strokan \u00a0 Unter den Umst\u00e4nden der Sicherheitskrise in Europa, im Zentrum derer die Ukraine steht, l\u00e4sst eine andere Sicherheitskrise, die nicht euro-atlantischer, sondern asiatischer Natur ist, immer mehr von sich h\u00f6ren. Nach einer kurzen Ruhepause im Fernen Osten, wo die strategischen Interessen der f\u00fchrenden M\u00e4chte dieser Welt \u2013 der USA, Russlands [&hellip;]","og_url":"https:\/\/now-news.de\/de\/deutschland\/die-us-operation-g-un-oder-nordkorea-lacht-ueber-die-usa\/","og_site_name":"just-now.NEWS Deutschland","article_publisher":"https:\/\/www.facebook.com\/wirmachenauf","article_published_time":"2022-05-16T04:15:00+00:00","og_image":[{"width":460,"height":259,"url":"https:\/\/now-news.de\/de\/wp-content\/uploads\/sites\/3\/2022\/05\/Die-US-Operation-quotg-Unquot-\u2013-Oder-Nordkorea-lacht-ueber-die-USA.jpg","type":"image\/jpeg"}],"author":"rtnews","twitter_card":"summary_large_image","twitter_creator":"@WirMachenAuf_de","twitter_site":"@WirMachenAuf_de","twitter_misc":{"Verfasst von":"rtnews","Gesch\u00e4tzte Lesezeit":"6\u00a0Minuten"},"schema":{"@context":"https:\/\/schema.org","@graph":[{"@type":"Article","@id":"https:\/\/now-news.de\/de\/deutschland\/die-us-operation-g-un-oder-nordkorea-lacht-ueber-die-usa\/#article","isPartOf":{"@id":"https:\/\/now-news.de\/de\/deutschland\/die-us-operation-g-un-oder-nordkorea-lacht-ueber-die-usa\/"},"author":{"name":"rtnews","@id":"https:\/\/now-news.de\/de\/#\/schema\/person\/fb534a4e865501d8b3285208df34a9b5"},"headline":"Die US-Operation &quot;g-Un&quot; \u2013 Oder: Nordkorea lacht \u00fcber die USA","datePublished":"2022-05-16T04:15:00+00:00","dateModified":"2022-05-16T04:15:00+00:00","mainEntityOfPage":{"@id":"https:\/\/now-news.de\/de\/deutschland\/die-us-operation-g-un-oder-nordkorea-lacht-ueber-die-usa\/"},"wordCount":1276,"commentCount":0,"publisher":{"@id":"https:\/\/now-news.de\/de\/#organization"},"image":{"@id":"https:\/\/now-news.de\/de\/deutschland\/die-us-operation-g-un-oder-nordkorea-lacht-ueber-die-usa\/#primaryimage"},"thumbnailUrl":"https:\/\/now-news.de\/de\/wp-content\/uploads\/sites\/3\/2022\/05\/Die-US-Operation-quotg-Unquot-\u2013-Oder-Nordkorea-lacht-ueber-die-USA.jpg","keywords":["die","lacht","Nordkorea","oder","quotgUnquot","\u00fcber","USA","USOperation"],"articleSection":["Deutschland","Russland"],"inLanguage":"de","potentialAction":[{"@type":"CommentAction","name":"Comment","target":["https:\/\/now-news.de\/de\/deutschland\/die-us-operation-g-un-oder-nordkorea-lacht-ueber-die-usa\/#respond"]}]},{"@type":"WebPage","@id":"https:\/\/now-news.de\/de\/deutschland\/die-us-operation-g-un-oder-nordkorea-lacht-ueber-die-usa\/","url":"https:\/\/now-news.de\/de\/deutschland\/die-us-operation-g-un-oder-nordkorea-lacht-ueber-die-usa\/","name":"Die US-Operation &quot;g-Un&quot; \u2013 Oder: Nordkorea lacht \u00fcber die USA - just-now.NEWS Deutschland","isPartOf":{"@id":"https:\/\/now-news.de\/de\/#website"},"primaryImageOfPage":{"@id":"https:\/\/now-news.de\/de\/deutschland\/die-us-operation-g-un-oder-nordkorea-lacht-ueber-die-usa\/#primaryimage"},"image":{"@id":"https:\/\/now-news.de\/de\/deutschland\/die-us-operation-g-un-oder-nordkorea-lacht-ueber-die-usa\/#primaryimage"},"thumbnailUrl":"https:\/\/now-news.de\/de\/wp-content\/uploads\/sites\/3\/2022\/05\/Die-US-Operation-quotg-Unquot-\u2013-Oder-Nordkorea-lacht-ueber-die-USA.jpg","datePublished":"2022-05-16T04:15:00+00:00","dateModified":"2022-05-16T04:15:00+00:00","breadcrumb":{"@id":"https:\/\/now-news.de\/de\/deutschland\/die-us-operation-g-un-oder-nordkorea-lacht-ueber-die-usa\/#breadcrumb"},"inLanguage":"de","potentialAction":[{"@type":"ReadAction","target":["https:\/\/now-news.de\/de\/deutschland\/die-us-operation-g-un-oder-nordkorea-lacht-ueber-die-usa\/"]}]},{"@type":"ImageObject","inLanguage":"de","@id":"https:\/\/now-news.de\/de\/deutschland\/die-us-operation-g-un-oder-nordkorea-lacht-ueber-die-usa\/#primaryimage","url":"https:\/\/now-news.de\/de\/wp-content\/uploads\/sites\/3\/2022\/05\/Die-US-Operation-quotg-Unquot-\u2013-Oder-Nordkorea-lacht-ueber-die-USA.jpg","contentUrl":"https:\/\/now-news.de\/de\/wp-content\/uploads\/sites\/3\/2022\/05\/Die-US-Operation-quotg-Unquot-\u2013-Oder-Nordkorea-lacht-ueber-die-USA.jpg","width":460,"height":259,"caption":"Nordkorea soll wieder Raketen abgefeuert haben"},{"@type":"BreadcrumbList","@id":"https:\/\/now-news.de\/de\/deutschland\/die-us-operation-g-un-oder-nordkorea-lacht-ueber-die-usa\/#breadcrumb","itemListElement":[{"@type":"ListItem","position":1,"name":"Home","item":"https:\/\/now-news.de\/de\/"},{"@type":"ListItem","position":2,"name":"Die US-Operation &quot;g-Un&quot; \u2013 Oder: Nordkorea lacht \u00fcber die USA"}]},{"@type":"WebSite","@id":"https:\/\/now-news.de\/de\/#website","url":"https:\/\/now-news.de\/de\/","name":"just-now.NEWS Deutschland","description":"Das Portal f\u00fcr unzensierte Nachrichten aus der Welt","publisher":{"@id":"https:\/\/now-news.de\/de\/#organization"},"potentialAction":[{"@type":"SearchAction","target":{"@type":"EntryPoint","urlTemplate":"https:\/\/now-news.de\/de\/?s={search_term_string}"},"query-input":"required name=search_term_string"}],"inLanguage":"de"},{"@type":"Organization","@id":"https:\/\/now-news.de\/de\/#organization","name":"Just Now News","url":"https:\/\/now-news.de\/de\/","logo":{"@type":"ImageObject","inLanguage":"de","@id":"https:\/\/now-news.de\/de\/#\/schema\/logo\/image\/","url":"http:\/\/just-now.news\/de\/wp-content\/uploads\/sites\/3\/2022\/04\/logo500x500.jpg","contentUrl":"http:\/\/just-now.news\/de\/wp-content\/uploads\/sites\/3\/2022\/04\/logo500x500.jpg","width":500,"height":500,"caption":"Just Now News"},"image":{"@id":"https:\/\/now-news.de\/de\/#\/schema\/logo\/image\/"},"sameAs":["https:\/\/www.facebook.com\/wirmachenauf","https:\/\/x.com\/WirMachenAuf_de"]},{"@type":"Person","@id":"https:\/\/now-news.de\/de\/#\/schema\/person\/fb534a4e865501d8b3285208df34a9b5","name":"rtnews","image":{"@type":"ImageObject","inLanguage":"de","@id":"https:\/\/now-news.de\/de\/#\/schema\/person\/image\/","url":"https:\/\/secure.gravatar.com\/avatar\/82aafea7d8127119dd649515f56e2117?s=96&d=mm&r=g","contentUrl":"https:\/\/secure.gravatar.com\/avatar\/82aafea7d8127119dd649515f56e2117?s=96&d=mm&r=g","caption":"rtnews"},"url":"https:\/\/now-news.de\/de\/author\/rnews\/"}]}},"_links":{"self":[{"href":"https:\/\/now-news.de\/de\/wp-json\/wp\/v2\/posts\/7881"}],"collection":[{"href":"https:\/\/now-news.de\/de\/wp-json\/wp\/v2\/posts"}],"about":[{"href":"https:\/\/now-news.de\/de\/wp-json\/wp\/v2\/types\/post"}],"author":[{"embeddable":true,"href":"https:\/\/now-news.de\/de\/wp-json\/wp\/v2\/users\/3"}],"replies":[{"embeddable":true,"href":"https:\/\/now-news.de\/de\/wp-json\/wp\/v2\/comments?post=7881"}],"version-history":[{"count":0,"href":"https:\/\/now-news.de\/de\/wp-json\/wp\/v2\/posts\/7881\/revisions"}],"wp:featuredmedia":[{"embeddable":true,"href":"https:\/\/now-news.de\/de\/wp-json\/wp\/v2\/media\/7882"}],"wp:attachment":[{"href":"https:\/\/now-news.de\/de\/wp-json\/wp\/v2\/media?parent=7881"}],"wp:term":[{"taxonomy":"category","embeddable":true,"href":"https:\/\/now-news.de\/de\/wp-json\/wp\/v2\/categories?post=7881"},{"taxonomy":"post_tag","embeddable":true,"href":"https:\/\/now-news.de\/de\/wp-json\/wp\/v2\/tags?post=7881"}],"curies":[{"name":"wp","href":"https:\/\/api.w.org\/{rel}","templated":true}]}}