{"id":78712,"date":"2025-02-17T22:35:16","date_gmt":"2025-02-17T20:35:16","guid":{"rendered":"https:\/\/now-news.de\/de\/deutschland\/szijjarto-macrons-ukrainegipfel-war-eine-versammlung-von-kriegstreibern\/"},"modified":"2025-02-17T22:35:16","modified_gmt":"2025-02-17T20:35:16","slug":"szijjarto-macrons-ukrainegipfel-war-eine-versammlung-von-kriegstreibern","status":"publish","type":"post","link":"https:\/\/now-news.de\/de\/deutschland\/szijjarto-macrons-ukrainegipfel-war-eine-versammlung-von-kriegstreibern\/","title":{"rendered":"Szijj\u00e1rt\u00f3: Macrons Ukrainegipfel war eine Versammlung von &quot;Kriegstreibern&quot;"},"content":{"rendered":"<p><img decoding=\"async\" src=\"https:\/\/now-news.de\/de\/wp-content\/uploads\/sites\/3\/2025\/02\/67b39d1f48fbef27142d25ec.jpg\" \/><\/p>\n<div class=\"Text-root Text-type_1 \">\n                Die L\u00e4nder, die der Einladung des franz\u00f6sischen Pr\u00e4sidenten Folge geleistet haben, wollen, dass der Konflikt weitergeht, erkl\u00e4rte Ungarns Au\u00dfenminister P\u00e9ter Szijj\u00e1rt\u00f3. Daher vertraue er auf einen Erfolg der russisch-amerikanischen Verhandlungen.\n            <\/div>\n<p><\/p>\n<div class=\"Text-root Text-type_5 ArticleView-text ViewText-root \">\n<p>Die europ\u00e4ischen Regierungschefs, die auf den Ruf des franz\u00f6sischen Pr\u00e4sidenten Emmanuel Macron nach einem &#8220;Notfallgipfel&#8221; reagierten, auf dem diskutiert werden sollte, wie man darauf erwidern k\u00f6nne, vom US-Pr\u00e4sidenten Donald Trump an den Rand gestellt worden zu sein, seien &#8220;Kriegstreiber&#8221;, warnte der ungarische Au\u00dfenminister P\u00e9ter Szijj\u00e1rt\u00f3.<\/p>\n<p>Moskau und Washington hatten erkl\u00e4rt, die bilateralen Gespr\u00e4che in Saudi-Arabien, die einem m\u00f6glichen Gipfeltreffen des russischen Pr\u00e4sidenten Wladimir Putin mit US-Pr\u00e4sident Donald Trump in Riad vorausgehen, sollen am Dienstag beginnen. Macron rief die Regierungschefs der EU am Montag zu einem Notfalltreffen zum Ukrainekonflikt in Paris zusammen, nachdem Washington zu verstehen gegeben hatte, dass die EU nicht mit am Tisch sitzen werde, wenn die USA und Russland \u00fcber einen Frieden spr\u00e4chen.<\/p>\n<p>Auf einer Pressekonferenz in Kasachstan am Montag sagte Szijj\u00e1rt\u00f3: &#8220;Wir vertrauen darauf, dass die amerikanisch-russischen Verhandlungen erfolgreich sein werden, und hoffen, dass das so schnell wie m\u00f6glich zu einem Frieden in der Ukraine f\u00fchrt. \u2026 Wir m\u00fcssen jedoch auch sehen, dass jene, die keinen Frieden wollen, sich in Europa organisieren&#8221;, f\u00fcgte er hinzu.<\/p>\n<p>&#8220;Jene, die in den vergangenen drei Jahren best\u00e4ndig \u00d6l ins Feuer gegossen haben, treffen sich heute in Paris&#8221;, sagte Szijj\u00e1rt\u00f3 und brandmarkte die Teilnehmer als &#8220;kriegstreibende L\u00e4nder, die einer fehlgeleiteten Strategie folgen&#8221;.<\/p>\n<p>Seit Trumps Wiederwahl hat seine Regierung eine Wende in der US-Au\u00dfenpolitik signalisiert und sich darauf konzentriert, die amerikanische Beteiligung an jedem m\u00f6glichen Waffenstillstand, der in der Ukraine erreicht werden k\u00f6nnte, zu minimieren. Washington will au\u00dferdem die finanzielle und logistische Last, Kiew zu unterst\u00fctzen, an seine europ\u00e4ischen Verb\u00fcndeten abtreten, w\u00e4hrend es fordert, die NATO-Mitglieder des Kontinents sollten mehr zur kollektiven Verteidigung beitragen.<\/p>\n<p>Die USA haben ein Dokument verschickt, um die Bereitschaft der europ\u00e4ischen Verb\u00fcndeten abzufragen, unter anderem im Hinblick auf eine m\u00f6gliche Entsendung von Friedenstruppen in die Ukraine, wie <em>Reuters <\/em>berichtete.<\/p>\n<p>Der britische Premierminister Keir Starmer hat betont, er sei bereit, britische Soldaten zu sch\u00fctzen, um Kiew im Falle einer Waffenruhe Sicherheitsgarantien zu geben.<\/p>\n<p>Macron hatte gleichfalls mehrfach die M\u00f6glichkeit ins Spiel gebracht, westliche Soldaten dorthin zu schicken, sowohl als Friedenstruppe als auch als Kampftruppe. Im vergangenen Jahr schlug der franz\u00f6sische Staatschef vor, die Entsendung von Truppen sei eine M\u00f6glichkeit, die sich &#8220;legitim&#8221; ergeben k\u00f6nne, sollten russische Truppen die ukrainische Frontlinie durchbrechen und Kiew um Hilfe bitten.<\/p>\n<p><strong>Mehr zum Thema<\/strong> &#8211;\u00a0<a rel=\"nofollow noopener\" target=\"_blank\" href=\"https:\/\/freedert.online\/europa\/236849-orban-sagt-russlands-wiedereingliederung-in\/\">Orb\u00e1n sagt Russlands &#8220;Wiedereingliederung&#8221; in die Weltwirtschaft voraus<\/a><\/p>\n<div class=\"EmbedBlock-root EmbedBlock-externalVideo EmbedBlock-rumble\">\n<div class=\"VkEmbed\"><iframe class=\"lazyload\" data-src=\"https:\/\/rumble.com\/embed\/v6jqwsp\" frameborder=\"0\" width=\"853\" height=\"480\" allowfullscreen><\/iframe><\/div>\n<\/div>\n<\/div>\n<p><br \/>\n<br \/><a href=\"https:\/\/de.rt.com\/europa\/237104-szijjarto-macrons-ukrainegipfel-war-versammlung\/\">Source link <\/a><\/p>\n","protected":false},"excerpt":{"rendered":"<p>Die L\u00e4nder, die der Einladung des franz\u00f6sischen Pr\u00e4sidenten Folge geleistet haben, wollen, dass der Konflikt weitergeht, erkl\u00e4rte Ungarns Au\u00dfenminister P\u00e9ter Szijj\u00e1rt\u00f3. Daher vertraue er auf einen Erfolg der russisch-amerikanischen Verhandlungen. Die europ\u00e4ischen Regierungschefs, die auf den Ruf des franz\u00f6sischen Pr\u00e4sidenten Emmanuel Macron nach einem &#8220;Notfallgipfel&#8221; reagierten, auf dem diskutiert werden sollte, wie man darauf erwidern [&hellip;]<\/p>\n","protected":false},"author":3,"featured_media":78713,"comment_status":"open","ping_status":"open","sticky":false,"template":"","format":"standard","meta":{"_yoast_indexnow_last_ping":["1739829890"],"wp_automatic_camp":["217"],"26d71f47057bed0c091720d4d37d6ff5":["Szijj\u00e1rt\u00f3: Macrons Ukrainegipfel war eine Versammlung von &quot;Kriegstreibern&quot;"],"original_link":["https:\/\/de.rt.com\/europa\/237104-szijjarto-macrons-ukrainegipfel-war-versammlung\/"],"_thumbnail_id":["78713"],"jnews_social_counter_last_update":["1777359037"],"_wptgpro_p2tg_sent2tg":["a:1:{i:23737;s:19:\"2025-02-18 00:05:55\";}"]},"categories":[19,23],"tags":[275,24029,62844,31849,55027,44623,50,2223],"yoast_head":"<!-- This site is optimized with the Yoast SEO Premium plugin v22.7 (Yoast SEO v22.7) - https:\/\/yoast.com\/wordpress\/plugins\/seo\/ -->\n<title>Szijj\u00e1rt\u00f3: Macrons Ukrainegipfel war eine Versammlung von &quot;Kriegstreibern&quot; - just-now.NEWS Deutschland<\/title>\n<meta name=\"robots\" content=\"index, follow, max-snippet:-1, max-image-preview:large, max-video-preview:-1\" \/>\n<link rel=\"canonical\" href=\"https:\/\/now-news.de\/de\/deutschland\/szijjarto-macrons-ukrainegipfel-war-eine-versammlung-von-kriegstreibern\/\" \/>\n<meta property=\"og:locale\" content=\"de_DE\" \/>\n<meta property=\"og:type\" content=\"article\" \/>\n<meta property=\"og:title\" content=\"Szijj\u00e1rt\u00f3: Macrons Ukrainegipfel war eine Versammlung von &quot;Kriegstreibern&quot;\" \/>\n<meta property=\"og:description\" content=\"Die L\u00e4nder, die der Einladung des franz\u00f6sischen Pr\u00e4sidenten Folge geleistet haben, wollen, dass der Konflikt weitergeht, erkl\u00e4rte Ungarns Au\u00dfenminister P\u00e9ter Szijj\u00e1rt\u00f3. Daher vertraue er auf einen Erfolg der russisch-amerikanischen Verhandlungen. Die europ\u00e4ischen Regierungschefs, die auf den Ruf des franz\u00f6sischen Pr\u00e4sidenten Emmanuel Macron nach einem &#8220;Notfallgipfel&#8221; reagierten, auf dem diskutiert werden sollte, wie man darauf erwidern [&hellip;]\" \/>\n<meta property=\"og:url\" content=\"https:\/\/now-news.de\/de\/deutschland\/szijjarto-macrons-ukrainegipfel-war-eine-versammlung-von-kriegstreibern\/\" \/>\n<meta property=\"og:site_name\" content=\"just-now.NEWS Deutschland\" \/>\n<meta property=\"article:publisher\" content=\"https:\/\/www.facebook.com\/wirmachenauf\" \/>\n<meta property=\"article:published_time\" content=\"2025-02-17T20:35:16+00:00\" \/>\n<meta property=\"og:image\" content=\"https:\/\/now-news.de\/de\/wp-content\/uploads\/sites\/3\/2025\/02\/67b39d1f48fbef27142d25ec.jpg\" \/>\n<meta name=\"author\" content=\"rtnews\" \/>\n<meta name=\"twitter:card\" content=\"summary_large_image\" \/>\n<meta name=\"twitter:creator\" content=\"@WirMachenAuf_de\" \/>\n<meta name=\"twitter:site\" content=\"@WirMachenAuf_de\" \/>\n<meta name=\"twitter:label1\" content=\"Verfasst von\" \/>\n\t<meta name=\"twitter:data1\" content=\"rtnews\" \/>\n\t<meta name=\"twitter:label2\" content=\"Gesch\u00e4tzte Lesezeit\" \/>\n\t<meta name=\"twitter:data2\" content=\"2\u00a0Minuten\" \/>\n<script type=\"application\/ld+json\" class=\"yoast-schema-graph\">{\"@context\":\"https:\/\/schema.org\",\"@graph\":[{\"@type\":\"Article\",\"@id\":\"https:\/\/now-news.de\/de\/deutschland\/szijjarto-macrons-ukrainegipfel-war-eine-versammlung-von-kriegstreibern\/#article\",\"isPartOf\":{\"@id\":\"https:\/\/now-news.de\/de\/deutschland\/szijjarto-macrons-ukrainegipfel-war-eine-versammlung-von-kriegstreibern\/\"},\"author\":{\"name\":\"rtnews\",\"@id\":\"https:\/\/now-news.de\/de\/#\/schema\/person\/fb534a4e865501d8b3285208df34a9b5\"},\"headline\":\"Szijj\u00e1rt\u00f3: Macrons Ukrainegipfel war eine Versammlung von &quot;Kriegstreibern&quot;\",\"datePublished\":\"2025-02-17T20:35:16+00:00\",\"dateModified\":\"2025-02-17T20:35:16+00:00\",\"mainEntityOfPage\":{\"@id\":\"https:\/\/now-news.de\/de\/deutschland\/szijjarto-macrons-ukrainegipfel-war-eine-versammlung-von-kriegstreibern\/\"},\"wordCount\":467,\"commentCount\":0,\"publisher\":{\"@id\":\"https:\/\/now-news.de\/de\/#organization\"},\"image\":{\"@id\":\"https:\/\/now-news.de\/de\/deutschland\/szijjarto-macrons-ukrainegipfel-war-eine-versammlung-von-kriegstreibern\/#primaryimage\"},\"thumbnailUrl\":\"https:\/\/now-news.de\/de\/wp-content\/uploads\/sites\/3\/2025\/02\/Szijjarto-Macrons-Ukrainegipfel-war-eine-Versammlung-von-quotKriegstreibernquot.jpg\",\"keywords\":[\"eine\",\"Macrons\",\"quotKriegstreibernquot\",\"Szijj\u00e1rt\u00f3\",\"UkraineGipfel\",\"Versammlung\",\"von\",\"War\"],\"articleSection\":[\"Deutschland\",\"Russland\"],\"inLanguage\":\"de\",\"potentialAction\":[{\"@type\":\"CommentAction\",\"name\":\"Comment\",\"target\":[\"https:\/\/now-news.de\/de\/deutschland\/szijjarto-macrons-ukrainegipfel-war-eine-versammlung-von-kriegstreibern\/#respond\"]}]},{\"@type\":\"WebPage\",\"@id\":\"https:\/\/now-news.de\/de\/deutschland\/szijjarto-macrons-ukrainegipfel-war-eine-versammlung-von-kriegstreibern\/\",\"url\":\"https:\/\/now-news.de\/de\/deutschland\/szijjarto-macrons-ukrainegipfel-war-eine-versammlung-von-kriegstreibern\/\",\"name\":\"Szijj\u00e1rt\u00f3: Macrons Ukrainegipfel war eine Versammlung von &quot;Kriegstreibern&quot; - just-now.NEWS Deutschland\",\"isPartOf\":{\"@id\":\"https:\/\/now-news.de\/de\/#website\"},\"primaryImageOfPage\":{\"@id\":\"https:\/\/now-news.de\/de\/deutschland\/szijjarto-macrons-ukrainegipfel-war-eine-versammlung-von-kriegstreibern\/#primaryimage\"},\"image\":{\"@id\":\"https:\/\/now-news.de\/de\/deutschland\/szijjarto-macrons-ukrainegipfel-war-eine-versammlung-von-kriegstreibern\/#primaryimage\"},\"thumbnailUrl\":\"https:\/\/now-news.de\/de\/wp-content\/uploads\/sites\/3\/2025\/02\/Szijjarto-Macrons-Ukrainegipfel-war-eine-Versammlung-von-quotKriegstreibernquot.jpg\",\"datePublished\":\"2025-02-17T20:35:16+00:00\",\"dateModified\":\"2025-02-17T20:35:16+00:00\",\"breadcrumb\":{\"@id\":\"https:\/\/now-news.de\/de\/deutschland\/szijjarto-macrons-ukrainegipfel-war-eine-versammlung-von-kriegstreibern\/#breadcrumb\"},\"inLanguage\":\"de\",\"potentialAction\":[{\"@type\":\"ReadAction\",\"target\":[\"https:\/\/now-news.de\/de\/deutschland\/szijjarto-macrons-ukrainegipfel-war-eine-versammlung-von-kriegstreibern\/\"]}]},{\"@type\":\"ImageObject\",\"inLanguage\":\"de\",\"@id\":\"https:\/\/now-news.de\/de\/deutschland\/szijjarto-macrons-ukrainegipfel-war-eine-versammlung-von-kriegstreibern\/#primaryimage\",\"url\":\"https:\/\/now-news.de\/de\/wp-content\/uploads\/sites\/3\/2025\/02\/Szijjarto-Macrons-Ukrainegipfel-war-eine-Versammlung-von-quotKriegstreibernquot.jpg\",\"contentUrl\":\"https:\/\/now-news.de\/de\/wp-content\/uploads\/sites\/3\/2025\/02\/Szijjarto-Macrons-Ukrainegipfel-war-eine-Versammlung-von-quotKriegstreibernquot.jpg\",\"width\":460,\"height\":259,\"caption\":\"Szijj\u00e1rt\u00f3: Macrons Ukrainegipfel war eine Versammlung von &quot;Kriegstreibern&quot;\"},{\"@type\":\"BreadcrumbList\",\"@id\":\"https:\/\/now-news.de\/de\/deutschland\/szijjarto-macrons-ukrainegipfel-war-eine-versammlung-von-kriegstreibern\/#breadcrumb\",\"itemListElement\":[{\"@type\":\"ListItem\",\"position\":1,\"name\":\"Home\",\"item\":\"https:\/\/now-news.de\/de\/\"},{\"@type\":\"ListItem\",\"position\":2,\"name\":\"Szijj\u00e1rt\u00f3: Macrons Ukrainegipfel war eine Versammlung von &quot;Kriegstreibern&quot;\"}]},{\"@type\":\"WebSite\",\"@id\":\"https:\/\/now-news.de\/de\/#website\",\"url\":\"https:\/\/now-news.de\/de\/\",\"name\":\"just-now.NEWS Deutschland\",\"description\":\"Das Portal f\u00fcr unzensierte Nachrichten aus der Welt\",\"publisher\":{\"@id\":\"https:\/\/now-news.de\/de\/#organization\"},\"potentialAction\":[{\"@type\":\"SearchAction\",\"target\":{\"@type\":\"EntryPoint\",\"urlTemplate\":\"https:\/\/now-news.de\/de\/?s={search_term_string}\"},\"query-input\":\"required name=search_term_string\"}],\"inLanguage\":\"de\"},{\"@type\":\"Organization\",\"@id\":\"https:\/\/now-news.de\/de\/#organization\",\"name\":\"Just Now News\",\"url\":\"https:\/\/now-news.de\/de\/\",\"logo\":{\"@type\":\"ImageObject\",\"inLanguage\":\"de\",\"@id\":\"https:\/\/now-news.de\/de\/#\/schema\/logo\/image\/\",\"url\":\"http:\/\/just-now.news\/de\/wp-content\/uploads\/sites\/3\/2022\/04\/logo500x500.jpg\",\"contentUrl\":\"http:\/\/just-now.news\/de\/wp-content\/uploads\/sites\/3\/2022\/04\/logo500x500.jpg\",\"width\":500,\"height\":500,\"caption\":\"Just Now News\"},\"image\":{\"@id\":\"https:\/\/now-news.de\/de\/#\/schema\/logo\/image\/\"},\"sameAs\":[\"https:\/\/www.facebook.com\/wirmachenauf\",\"https:\/\/x.com\/WirMachenAuf_de\"]},{\"@type\":\"Person\",\"@id\":\"https:\/\/now-news.de\/de\/#\/schema\/person\/fb534a4e865501d8b3285208df34a9b5\",\"name\":\"rtnews\",\"image\":{\"@type\":\"ImageObject\",\"inLanguage\":\"de\",\"@id\":\"https:\/\/now-news.de\/de\/#\/schema\/person\/image\/\",\"url\":\"https:\/\/secure.gravatar.com\/avatar\/82aafea7d8127119dd649515f56e2117?s=96&d=mm&r=g\",\"contentUrl\":\"https:\/\/secure.gravatar.com\/avatar\/82aafea7d8127119dd649515f56e2117?s=96&d=mm&r=g\",\"caption\":\"rtnews\"},\"url\":\"https:\/\/now-news.de\/de\/author\/rnews\/\"}]}<\/script>\n<!-- \/ Yoast SEO Premium plugin. -->","yoast_head_json":{"title":"Szijj\u00e1rt\u00f3: Macrons Ukrainegipfel war eine Versammlung von &quot;Kriegstreibern&quot; - just-now.NEWS Deutschland","robots":{"index":"index","follow":"follow","max-snippet":"max-snippet:-1","max-image-preview":"max-image-preview:large","max-video-preview":"max-video-preview:-1"},"canonical":"https:\/\/now-news.de\/de\/deutschland\/szijjarto-macrons-ukrainegipfel-war-eine-versammlung-von-kriegstreibern\/","og_locale":"de_DE","og_type":"article","og_title":"Szijj\u00e1rt\u00f3: Macrons Ukrainegipfel war eine Versammlung von &quot;Kriegstreibern&quot;","og_description":"Die L\u00e4nder, die der Einladung des franz\u00f6sischen Pr\u00e4sidenten Folge geleistet haben, wollen, dass der Konflikt weitergeht, erkl\u00e4rte Ungarns Au\u00dfenminister P\u00e9ter Szijj\u00e1rt\u00f3. Daher vertraue er auf einen Erfolg der russisch-amerikanischen Verhandlungen. Die europ\u00e4ischen Regierungschefs, die auf den Ruf des franz\u00f6sischen Pr\u00e4sidenten Emmanuel Macron nach einem &#8220;Notfallgipfel&#8221; reagierten, auf dem diskutiert werden sollte, wie man darauf erwidern [&hellip;]","og_url":"https:\/\/now-news.de\/de\/deutschland\/szijjarto-macrons-ukrainegipfel-war-eine-versammlung-von-kriegstreibern\/","og_site_name":"just-now.NEWS Deutschland","article_publisher":"https:\/\/www.facebook.com\/wirmachenauf","article_published_time":"2025-02-17T20:35:16+00:00","og_image":[{"url":"https:\/\/now-news.de\/de\/wp-content\/uploads\/sites\/3\/2025\/02\/67b39d1f48fbef27142d25ec.jpg"}],"author":"rtnews","twitter_card":"summary_large_image","twitter_creator":"@WirMachenAuf_de","twitter_site":"@WirMachenAuf_de","twitter_misc":{"Verfasst von":"rtnews","Gesch\u00e4tzte Lesezeit":"2\u00a0Minuten"},"schema":{"@context":"https:\/\/schema.org","@graph":[{"@type":"Article","@id":"https:\/\/now-news.de\/de\/deutschland\/szijjarto-macrons-ukrainegipfel-war-eine-versammlung-von-kriegstreibern\/#article","isPartOf":{"@id":"https:\/\/now-news.de\/de\/deutschland\/szijjarto-macrons-ukrainegipfel-war-eine-versammlung-von-kriegstreibern\/"},"author":{"name":"rtnews","@id":"https:\/\/now-news.de\/de\/#\/schema\/person\/fb534a4e865501d8b3285208df34a9b5"},"headline":"Szijj\u00e1rt\u00f3: Macrons Ukrainegipfel war eine Versammlung von &quot;Kriegstreibern&quot;","datePublished":"2025-02-17T20:35:16+00:00","dateModified":"2025-02-17T20:35:16+00:00","mainEntityOfPage":{"@id":"https:\/\/now-news.de\/de\/deutschland\/szijjarto-macrons-ukrainegipfel-war-eine-versammlung-von-kriegstreibern\/"},"wordCount":467,"commentCount":0,"publisher":{"@id":"https:\/\/now-news.de\/de\/#organization"},"image":{"@id":"https:\/\/now-news.de\/de\/deutschland\/szijjarto-macrons-ukrainegipfel-war-eine-versammlung-von-kriegstreibern\/#primaryimage"},"thumbnailUrl":"https:\/\/now-news.de\/de\/wp-content\/uploads\/sites\/3\/2025\/02\/Szijjarto-Macrons-Ukrainegipfel-war-eine-Versammlung-von-quotKriegstreibernquot.jpg","keywords":["eine","Macrons","quotKriegstreibernquot","Szijj\u00e1rt\u00f3","UkraineGipfel","Versammlung","von","War"],"articleSection":["Deutschland","Russland"],"inLanguage":"de","potentialAction":[{"@type":"CommentAction","name":"Comment","target":["https:\/\/now-news.de\/de\/deutschland\/szijjarto-macrons-ukrainegipfel-war-eine-versammlung-von-kriegstreibern\/#respond"]}]},{"@type":"WebPage","@id":"https:\/\/now-news.de\/de\/deutschland\/szijjarto-macrons-ukrainegipfel-war-eine-versammlung-von-kriegstreibern\/","url":"https:\/\/now-news.de\/de\/deutschland\/szijjarto-macrons-ukrainegipfel-war-eine-versammlung-von-kriegstreibern\/","name":"Szijj\u00e1rt\u00f3: Macrons Ukrainegipfel war eine Versammlung von &quot;Kriegstreibern&quot; - just-now.NEWS Deutschland","isPartOf":{"@id":"https:\/\/now-news.de\/de\/#website"},"primaryImageOfPage":{"@id":"https:\/\/now-news.de\/de\/deutschland\/szijjarto-macrons-ukrainegipfel-war-eine-versammlung-von-kriegstreibern\/#primaryimage"},"image":{"@id":"https:\/\/now-news.de\/de\/deutschland\/szijjarto-macrons-ukrainegipfel-war-eine-versammlung-von-kriegstreibern\/#primaryimage"},"thumbnailUrl":"https:\/\/now-news.de\/de\/wp-content\/uploads\/sites\/3\/2025\/02\/Szijjarto-Macrons-Ukrainegipfel-war-eine-Versammlung-von-quotKriegstreibernquot.jpg","datePublished":"2025-02-17T20:35:16+00:00","dateModified":"2025-02-17T20:35:16+00:00","breadcrumb":{"@id":"https:\/\/now-news.de\/de\/deutschland\/szijjarto-macrons-ukrainegipfel-war-eine-versammlung-von-kriegstreibern\/#breadcrumb"},"inLanguage":"de","potentialAction":[{"@type":"ReadAction","target":["https:\/\/now-news.de\/de\/deutschland\/szijjarto-macrons-ukrainegipfel-war-eine-versammlung-von-kriegstreibern\/"]}]},{"@type":"ImageObject","inLanguage":"de","@id":"https:\/\/now-news.de\/de\/deutschland\/szijjarto-macrons-ukrainegipfel-war-eine-versammlung-von-kriegstreibern\/#primaryimage","url":"https:\/\/now-news.de\/de\/wp-content\/uploads\/sites\/3\/2025\/02\/Szijjarto-Macrons-Ukrainegipfel-war-eine-Versammlung-von-quotKriegstreibernquot.jpg","contentUrl":"https:\/\/now-news.de\/de\/wp-content\/uploads\/sites\/3\/2025\/02\/Szijjarto-Macrons-Ukrainegipfel-war-eine-Versammlung-von-quotKriegstreibernquot.jpg","width":460,"height":259,"caption":"Szijj\u00e1rt\u00f3: Macrons Ukrainegipfel war eine Versammlung von &quot;Kriegstreibern&quot;"},{"@type":"BreadcrumbList","@id":"https:\/\/now-news.de\/de\/deutschland\/szijjarto-macrons-ukrainegipfel-war-eine-versammlung-von-kriegstreibern\/#breadcrumb","itemListElement":[{"@type":"ListItem","position":1,"name":"Home","item":"https:\/\/now-news.de\/de\/"},{"@type":"ListItem","position":2,"name":"Szijj\u00e1rt\u00f3: Macrons Ukrainegipfel war eine Versammlung von &quot;Kriegstreibern&quot;"}]},{"@type":"WebSite","@id":"https:\/\/now-news.de\/de\/#website","url":"https:\/\/now-news.de\/de\/","name":"just-now.NEWS Deutschland","description":"Das Portal f\u00fcr unzensierte Nachrichten aus der Welt","publisher":{"@id":"https:\/\/now-news.de\/de\/#organization"},"potentialAction":[{"@type":"SearchAction","target":{"@type":"EntryPoint","urlTemplate":"https:\/\/now-news.de\/de\/?s={search_term_string}"},"query-input":"required name=search_term_string"}],"inLanguage":"de"},{"@type":"Organization","@id":"https:\/\/now-news.de\/de\/#organization","name":"Just Now News","url":"https:\/\/now-news.de\/de\/","logo":{"@type":"ImageObject","inLanguage":"de","@id":"https:\/\/now-news.de\/de\/#\/schema\/logo\/image\/","url":"http:\/\/just-now.news\/de\/wp-content\/uploads\/sites\/3\/2022\/04\/logo500x500.jpg","contentUrl":"http:\/\/just-now.news\/de\/wp-content\/uploads\/sites\/3\/2022\/04\/logo500x500.jpg","width":500,"height":500,"caption":"Just Now News"},"image":{"@id":"https:\/\/now-news.de\/de\/#\/schema\/logo\/image\/"},"sameAs":["https:\/\/www.facebook.com\/wirmachenauf","https:\/\/x.com\/WirMachenAuf_de"]},{"@type":"Person","@id":"https:\/\/now-news.de\/de\/#\/schema\/person\/fb534a4e865501d8b3285208df34a9b5","name":"rtnews","image":{"@type":"ImageObject","inLanguage":"de","@id":"https:\/\/now-news.de\/de\/#\/schema\/person\/image\/","url":"https:\/\/secure.gravatar.com\/avatar\/82aafea7d8127119dd649515f56e2117?s=96&d=mm&r=g","contentUrl":"https:\/\/secure.gravatar.com\/avatar\/82aafea7d8127119dd649515f56e2117?s=96&d=mm&r=g","caption":"rtnews"},"url":"https:\/\/now-news.de\/de\/author\/rnews\/"}]}},"_links":{"self":[{"href":"https:\/\/now-news.de\/de\/wp-json\/wp\/v2\/posts\/78712"}],"collection":[{"href":"https:\/\/now-news.de\/de\/wp-json\/wp\/v2\/posts"}],"about":[{"href":"https:\/\/now-news.de\/de\/wp-json\/wp\/v2\/types\/post"}],"author":[{"embeddable":true,"href":"https:\/\/now-news.de\/de\/wp-json\/wp\/v2\/users\/3"}],"replies":[{"embeddable":true,"href":"https:\/\/now-news.de\/de\/wp-json\/wp\/v2\/comments?post=78712"}],"version-history":[{"count":0,"href":"https:\/\/now-news.de\/de\/wp-json\/wp\/v2\/posts\/78712\/revisions"}],"wp:featuredmedia":[{"embeddable":true,"href":"https:\/\/now-news.de\/de\/wp-json\/wp\/v2\/media\/78713"}],"wp:attachment":[{"href":"https:\/\/now-news.de\/de\/wp-json\/wp\/v2\/media?parent=78712"}],"wp:term":[{"taxonomy":"category","embeddable":true,"href":"https:\/\/now-news.de\/de\/wp-json\/wp\/v2\/categories?post=78712"},{"taxonomy":"post_tag","embeddable":true,"href":"https:\/\/now-news.de\/de\/wp-json\/wp\/v2\/tags?post=78712"}],"curies":[{"name":"wp","href":"https:\/\/api.w.org\/{rel}","templated":true}]}}