{"id":78710,"date":"2025-02-17T23:22:12","date_gmt":"2025-02-17T21:22:12","guid":{"rendered":"https:\/\/now-news.de\/de\/deutschland\/fico-pariser-gipfeltreffen-soll-nach-konflikt-ueber-ukraine-militaereinsatz-beraten\/"},"modified":"2025-02-17T23:22:12","modified_gmt":"2025-02-17T21:22:12","slug":"fico-pariser-gipfeltreffen-soll-nach-konflikt-ueber-ukraine-militaereinsatz-beraten","status":"publish","type":"post","link":"https:\/\/now-news.de\/de\/deutschland\/fico-pariser-gipfeltreffen-soll-nach-konflikt-ueber-ukraine-militaereinsatz-beraten\/","title":{"rendered":"Fico: Pariser Gipfeltreffen soll nach Konflikt \u00fcber Ukraine-Milit\u00e4reinsatz beraten"},"content":{"rendered":"<p><img decoding=\"async\" src=\"https:\/\/now-news.de\/de\/wp-content\/uploads\/sites\/3\/2025\/02\/67b385a4b480cc219c3feaa9.jpg\" \/><\/p>\n<div class=\"Text-root Text-type_1 \">\n                Die Staats- und Regierungschefs der Europ\u00e4ischen Union werden in Paris \u00fcber die Frage beraten, ob nach dem Konfliktende Truppen in die Ukraine entsandt werden, so der slowakische Premierminister Robert Fico. Er f\u00fcgte hinzu, dass die Slowakei nicht zu dem Gipfel eingeladen wurde.\n            <\/div>\n<p><\/p>\n<div class=\"Text-root Text-type_5 ArticleView-text ViewText-root \">\n<p>Die Staats- und Regierungschefs der Europ\u00e4ischen Union (EU) werden heute in Paris die Frage der Entsendung von Truppen in die Ukraine als Sicherheitsgarantie nach dem Ende des Konflikts er\u00f6rtern, sagte der slowakische Premierminister Robert Fico laut einem\u00a0<a rel=\"nofollow noopener\" target=\"_blank\" href=\"https:\/\/spravy.pravda.sk\/domace\/clanok\/741386-fica-nepozvali-premier-sa-pyta-preco-idu-predstavitelia-eu-na-rokovanie-do-pariza\/?utm_source=pravda&amp;utm_medium=hp-box&amp;utm_campaign=shp_bleskove_spravy\">Bericht<\/a>\u00a0der Nachrichtenagentur <em>Pravda<\/em>.<\/p>\n<p>Die Staatsoberh\u00e4upter Deutschlands, Gro\u00dfbritanniens, Polens, Spaniens, der Niederlande und D\u00e4nemarks werden zu dem Gipfeltreffen erwartet, meldet das slowakische Medium. Unter anderem werden die Chefin der Europ\u00e4ischen Kommission, Ursula von der Leyen, und NATO-Generalsekret\u00e4r Mark Rutte anwesend sein. Fico h\u00e4lt die Teilnahme\u00a0von EU-Spitzenvertretern an einem solchen Treffen ohne Mandat f\u00fcr ein Ereignis, das &#8220;nicht f\u00f6rderlich f\u00fcr das\u00a0Vertrauen innerhalb der EU ist&#8221;. Der slowakische Premierminister wurde nicht zu dem Treffen eingeladen.<\/p>\n<p>Die zust\u00e4ndigen UN-Gremien seien befugt, Truppen zu entsenden, und ein solcher Schritt sei auch auf der Grundlage bilateraler Abkommen mit der Ukraine m\u00f6glich, betonte der slowakische Premierminister. Bratislava &#8220;unterst\u00fctzt bedingungslos die langfristige Opposition gegen die Fortsetzung des Krieges&#8221;, wird seine Streitkr\u00e4fte nicht in das Kriegsgebiet entsenden und einer NATO-Mitgliedschaft Kiews niemals zustimmen, schloss er.<\/p>\n<p>Das Treffen wurde vom franz\u00f6sischen Pr\u00e4sidenten Emmanuel Macron initiiert. Auch er hatte zun\u00e4chst die Idee ge\u00e4u\u00dfert, Truppen in die Ukraine zu entsenden, was jedoch auf Kritik stie\u00df, unter anderem aus Washington, Berlin und Rom. Nach dem Sieg von Donald Trump bei den US-Pr\u00e4sidentschaftswahlen und seinem Versprechen eines schnellen Friedensabkommens sind die Diskussionen \u00fcber ein ausl\u00e4ndisches Kontingent wieder aufgenommen worden. In der vergangenen Woche hat Washington insbesondere die Bereitschaft der europ\u00e4ischen L\u00e4nder zur Entsendung von Truppen angefragt. Der britische Premierminister Keir Starmer versprach, bei Bedarf Friedenstruppen zu stellen.<\/p>\n<p>Russland lehnt jegliche westliche Hilfe f\u00fcr die Ukraine ab, da es glaubt, dass sie den Konflikt verl\u00e4ngern und nichts an seinem Ausgang \u00e4ndern w\u00fcrde. Der Kreml sprach sich daf\u00fcr aus, &#8220;das Problem an der Wurzel zu packen&#8221;, um es zu l\u00f6sen, und wies darauf hin, dass alle Seiten dem Einsatz von Friedenstruppen zustimmen m\u00fcssten. Das russische Au\u00dfenministerium bef\u00fcrchtete direkte Zusammenst\u00f6\u00dfe zwischen Russland und der NATO, falls ausl\u00e4ndische Friedenstruppen in der Ukraine auftauchen sollten.<\/p>\n<p><strong>Mehr zum Thema<\/strong>\u00a0\u2012 <a rel=\"nofollow noopener\" target=\"_blank\" href=\"https:\/\/freedert.online\/meinung\/235876-eu-strebt-geeintes-europa-verteidigung\/\">&#8220;Europa der Verteidigung&#8221;: EU will mehr Milit\u00e4r und die Waffenproduktion erh\u00f6hen<\/a><\/p>\n<\/div>\n<p><br \/>\n<br \/><a href=\"https:\/\/de.rt.com\/europa\/237098-fico-pariser-gipfeltreffen-soll-nach\/\">Source link <\/a><\/p>\n","protected":false},"excerpt":{"rendered":"<p>Die Staats- und Regierungschefs der Europ\u00e4ischen Union werden in Paris \u00fcber die Frage beraten, ob nach dem Konfliktende Truppen in die Ukraine entsandt werden, so der slowakische Premierminister Robert Fico. Er f\u00fcgte hinzu, dass die Slowakei nicht zu dem Gipfel eingeladen wurde. Die Staats- und Regierungschefs der Europ\u00e4ischen Union (EU) werden heute in Paris die [&hellip;]<\/p>\n","protected":false},"author":3,"featured_media":78711,"comment_status":"open","ping_status":"open","sticky":false,"template":"","format":"standard","meta":{"_yoast_indexnow_last_ping":["1739828954"],"wp_automatic_camp":["217"],"fe2df37f8837c3938758dd186f416b0c":["Fico: Pariser Gipfeltreffen soll nach Konflikt \u00fcber Ukraine-Milit\u00e4reinsatz beraten"],"original_link":["https:\/\/de.rt.com\/europa\/237098-fico-pariser-gipfeltreffen-soll-nach\/"],"_thumbnail_id":["78711"],"jnews_social_counter_last_update":["1777584943"],"_wptgpro_p2tg_sent2tg":["a:1:{i:23737;s:19:\"2025-02-17 23:50:16\";}"]},"categories":[19,23],"tags":[24603,49719,32863,1810,979,20629,766,139,62843],"yoast_head":"<!-- This site is optimized with the Yoast SEO Premium plugin v22.7 (Yoast SEO v22.7) - https:\/\/yoast.com\/wordpress\/plugins\/seo\/ -->\n<title>Fico: Pariser Gipfeltreffen soll nach Konflikt \u00fcber Ukraine-Milit\u00e4reinsatz beraten - just-now.NEWS Deutschland<\/title>\n<meta name=\"robots\" content=\"index, follow, max-snippet:-1, max-image-preview:large, max-video-preview:-1\" \/>\n<link rel=\"canonical\" href=\"https:\/\/now-news.de\/de\/deutschland\/fico-pariser-gipfeltreffen-soll-nach-konflikt-ueber-ukraine-militaereinsatz-beraten\/\" \/>\n<meta property=\"og:locale\" content=\"de_DE\" \/>\n<meta property=\"og:type\" content=\"article\" \/>\n<meta property=\"og:title\" content=\"Fico: Pariser Gipfeltreffen soll nach Konflikt \u00fcber Ukraine-Milit\u00e4reinsatz beraten\" \/>\n<meta property=\"og:description\" content=\"Die Staats- und Regierungschefs der Europ\u00e4ischen Union werden in Paris \u00fcber die Frage beraten, ob nach dem Konfliktende Truppen in die Ukraine entsandt werden, so der slowakische Premierminister Robert Fico. Er f\u00fcgte hinzu, dass die Slowakei nicht zu dem Gipfel eingeladen wurde. Die Staats- und Regierungschefs der Europ\u00e4ischen Union (EU) werden heute in Paris die [&hellip;]\" \/>\n<meta property=\"og:url\" content=\"https:\/\/now-news.de\/de\/deutschland\/fico-pariser-gipfeltreffen-soll-nach-konflikt-ueber-ukraine-militaereinsatz-beraten\/\" \/>\n<meta property=\"og:site_name\" content=\"just-now.NEWS Deutschland\" \/>\n<meta property=\"article:publisher\" content=\"https:\/\/www.facebook.com\/wirmachenauf\" \/>\n<meta property=\"article:published_time\" content=\"2025-02-17T21:22:12+00:00\" \/>\n<meta property=\"og:image\" content=\"https:\/\/now-news.de\/de\/wp-content\/uploads\/sites\/3\/2025\/02\/67b385a4b480cc219c3feaa9.jpg\" \/>\n<meta name=\"author\" content=\"rtnews\" \/>\n<meta name=\"twitter:card\" content=\"summary_large_image\" \/>\n<meta name=\"twitter:creator\" content=\"@WirMachenAuf_de\" \/>\n<meta name=\"twitter:site\" content=\"@WirMachenAuf_de\" \/>\n<meta name=\"twitter:label1\" content=\"Verfasst von\" \/>\n\t<meta name=\"twitter:data1\" content=\"rtnews\" \/>\n\t<meta name=\"twitter:label2\" content=\"Gesch\u00e4tzte Lesezeit\" \/>\n\t<meta name=\"twitter:data2\" content=\"2\u00a0Minuten\" \/>\n<script type=\"application\/ld+json\" class=\"yoast-schema-graph\">{\"@context\":\"https:\/\/schema.org\",\"@graph\":[{\"@type\":\"Article\",\"@id\":\"https:\/\/now-news.de\/de\/deutschland\/fico-pariser-gipfeltreffen-soll-nach-konflikt-ueber-ukraine-militaereinsatz-beraten\/#article\",\"isPartOf\":{\"@id\":\"https:\/\/now-news.de\/de\/deutschland\/fico-pariser-gipfeltreffen-soll-nach-konflikt-ueber-ukraine-militaereinsatz-beraten\/\"},\"author\":{\"name\":\"rtnews\",\"@id\":\"https:\/\/now-news.de\/de\/#\/schema\/person\/fb534a4e865501d8b3285208df34a9b5\"},\"headline\":\"Fico: Pariser Gipfeltreffen soll nach Konflikt \u00fcber Ukraine-Milit\u00e4reinsatz beraten\",\"datePublished\":\"2025-02-17T21:22:12+00:00\",\"dateModified\":\"2025-02-17T21:22:12+00:00\",\"mainEntityOfPage\":{\"@id\":\"https:\/\/now-news.de\/de\/deutschland\/fico-pariser-gipfeltreffen-soll-nach-konflikt-ueber-ukraine-militaereinsatz-beraten\/\"},\"wordCount\":433,\"commentCount\":0,\"publisher\":{\"@id\":\"https:\/\/now-news.de\/de\/#organization\"},\"image\":{\"@id\":\"https:\/\/now-news.de\/de\/deutschland\/fico-pariser-gipfeltreffen-soll-nach-konflikt-ueber-ukraine-militaereinsatz-beraten\/#primaryimage\"},\"thumbnailUrl\":\"https:\/\/now-news.de\/de\/wp-content\/uploads\/sites\/3\/2025\/02\/Fico-Pariser-Gipfeltreffen-soll-nach-Konflikt-ueber-Ukraine-Militaereinsatz-beraten.jpg\",\"keywords\":[\"beraten\",\"Fico\",\"Gipfeltreffen\",\"Konflikt\",\"nach\",\"Pariser\",\"soll\",\"\u00fcber\",\"UkraineMilit\u00e4reinsatz\"],\"articleSection\":[\"Deutschland\",\"Russland\"],\"inLanguage\":\"de\",\"potentialAction\":[{\"@type\":\"CommentAction\",\"name\":\"Comment\",\"target\":[\"https:\/\/now-news.de\/de\/deutschland\/fico-pariser-gipfeltreffen-soll-nach-konflikt-ueber-ukraine-militaereinsatz-beraten\/#respond\"]}]},{\"@type\":\"WebPage\",\"@id\":\"https:\/\/now-news.de\/de\/deutschland\/fico-pariser-gipfeltreffen-soll-nach-konflikt-ueber-ukraine-militaereinsatz-beraten\/\",\"url\":\"https:\/\/now-news.de\/de\/deutschland\/fico-pariser-gipfeltreffen-soll-nach-konflikt-ueber-ukraine-militaereinsatz-beraten\/\",\"name\":\"Fico: Pariser Gipfeltreffen soll nach Konflikt \u00fcber Ukraine-Milit\u00e4reinsatz beraten - just-now.NEWS Deutschland\",\"isPartOf\":{\"@id\":\"https:\/\/now-news.de\/de\/#website\"},\"primaryImageOfPage\":{\"@id\":\"https:\/\/now-news.de\/de\/deutschland\/fico-pariser-gipfeltreffen-soll-nach-konflikt-ueber-ukraine-militaereinsatz-beraten\/#primaryimage\"},\"image\":{\"@id\":\"https:\/\/now-news.de\/de\/deutschland\/fico-pariser-gipfeltreffen-soll-nach-konflikt-ueber-ukraine-militaereinsatz-beraten\/#primaryimage\"},\"thumbnailUrl\":\"https:\/\/now-news.de\/de\/wp-content\/uploads\/sites\/3\/2025\/02\/Fico-Pariser-Gipfeltreffen-soll-nach-Konflikt-ueber-Ukraine-Militaereinsatz-beraten.jpg\",\"datePublished\":\"2025-02-17T21:22:12+00:00\",\"dateModified\":\"2025-02-17T21:22:12+00:00\",\"breadcrumb\":{\"@id\":\"https:\/\/now-news.de\/de\/deutschland\/fico-pariser-gipfeltreffen-soll-nach-konflikt-ueber-ukraine-militaereinsatz-beraten\/#breadcrumb\"},\"inLanguage\":\"de\",\"potentialAction\":[{\"@type\":\"ReadAction\",\"target\":[\"https:\/\/now-news.de\/de\/deutschland\/fico-pariser-gipfeltreffen-soll-nach-konflikt-ueber-ukraine-militaereinsatz-beraten\/\"]}]},{\"@type\":\"ImageObject\",\"inLanguage\":\"de\",\"@id\":\"https:\/\/now-news.de\/de\/deutschland\/fico-pariser-gipfeltreffen-soll-nach-konflikt-ueber-ukraine-militaereinsatz-beraten\/#primaryimage\",\"url\":\"https:\/\/now-news.de\/de\/wp-content\/uploads\/sites\/3\/2025\/02\/Fico-Pariser-Gipfeltreffen-soll-nach-Konflikt-ueber-Ukraine-Militaereinsatz-beraten.jpg\",\"contentUrl\":\"https:\/\/now-news.de\/de\/wp-content\/uploads\/sites\/3\/2025\/02\/Fico-Pariser-Gipfeltreffen-soll-nach-Konflikt-ueber-Ukraine-Militaereinsatz-beraten.jpg\",\"width\":460,\"height\":259,\"caption\":\"Fico: Pariser Gipfeltreffen soll nach Konflikt \u00fcber Ukraine-Milit\u00e4reinsatz beraten\"},{\"@type\":\"BreadcrumbList\",\"@id\":\"https:\/\/now-news.de\/de\/deutschland\/fico-pariser-gipfeltreffen-soll-nach-konflikt-ueber-ukraine-militaereinsatz-beraten\/#breadcrumb\",\"itemListElement\":[{\"@type\":\"ListItem\",\"position\":1,\"name\":\"Home\",\"item\":\"https:\/\/now-news.de\/de\/\"},{\"@type\":\"ListItem\",\"position\":2,\"name\":\"Fico: Pariser Gipfeltreffen soll nach Konflikt \u00fcber Ukraine-Milit\u00e4reinsatz beraten\"}]},{\"@type\":\"WebSite\",\"@id\":\"https:\/\/now-news.de\/de\/#website\",\"url\":\"https:\/\/now-news.de\/de\/\",\"name\":\"just-now.NEWS Deutschland\",\"description\":\"Das Portal f\u00fcr unzensierte Nachrichten aus der Welt\",\"publisher\":{\"@id\":\"https:\/\/now-news.de\/de\/#organization\"},\"potentialAction\":[{\"@type\":\"SearchAction\",\"target\":{\"@type\":\"EntryPoint\",\"urlTemplate\":\"https:\/\/now-news.de\/de\/?s={search_term_string}\"},\"query-input\":\"required name=search_term_string\"}],\"inLanguage\":\"de\"},{\"@type\":\"Organization\",\"@id\":\"https:\/\/now-news.de\/de\/#organization\",\"name\":\"Just Now News\",\"url\":\"https:\/\/now-news.de\/de\/\",\"logo\":{\"@type\":\"ImageObject\",\"inLanguage\":\"de\",\"@id\":\"https:\/\/now-news.de\/de\/#\/schema\/logo\/image\/\",\"url\":\"http:\/\/just-now.news\/de\/wp-content\/uploads\/sites\/3\/2022\/04\/logo500x500.jpg\",\"contentUrl\":\"http:\/\/just-now.news\/de\/wp-content\/uploads\/sites\/3\/2022\/04\/logo500x500.jpg\",\"width\":500,\"height\":500,\"caption\":\"Just Now News\"},\"image\":{\"@id\":\"https:\/\/now-news.de\/de\/#\/schema\/logo\/image\/\"},\"sameAs\":[\"https:\/\/www.facebook.com\/wirmachenauf\",\"https:\/\/x.com\/WirMachenAuf_de\"]},{\"@type\":\"Person\",\"@id\":\"https:\/\/now-news.de\/de\/#\/schema\/person\/fb534a4e865501d8b3285208df34a9b5\",\"name\":\"rtnews\",\"image\":{\"@type\":\"ImageObject\",\"inLanguage\":\"de\",\"@id\":\"https:\/\/now-news.de\/de\/#\/schema\/person\/image\/\",\"url\":\"https:\/\/secure.gravatar.com\/avatar\/82aafea7d8127119dd649515f56e2117?s=96&d=mm&r=g\",\"contentUrl\":\"https:\/\/secure.gravatar.com\/avatar\/82aafea7d8127119dd649515f56e2117?s=96&d=mm&r=g\",\"caption\":\"rtnews\"},\"url\":\"https:\/\/now-news.de\/de\/author\/rnews\/\"}]}<\/script>\n<!-- \/ Yoast SEO Premium plugin. -->","yoast_head_json":{"title":"Fico: Pariser Gipfeltreffen soll nach Konflikt \u00fcber Ukraine-Milit\u00e4reinsatz beraten - just-now.NEWS Deutschland","robots":{"index":"index","follow":"follow","max-snippet":"max-snippet:-1","max-image-preview":"max-image-preview:large","max-video-preview":"max-video-preview:-1"},"canonical":"https:\/\/now-news.de\/de\/deutschland\/fico-pariser-gipfeltreffen-soll-nach-konflikt-ueber-ukraine-militaereinsatz-beraten\/","og_locale":"de_DE","og_type":"article","og_title":"Fico: Pariser Gipfeltreffen soll nach Konflikt \u00fcber Ukraine-Milit\u00e4reinsatz beraten","og_description":"Die Staats- und Regierungschefs der Europ\u00e4ischen Union werden in Paris \u00fcber die Frage beraten, ob nach dem Konfliktende Truppen in die Ukraine entsandt werden, so der slowakische Premierminister Robert Fico. Er f\u00fcgte hinzu, dass die Slowakei nicht zu dem Gipfel eingeladen wurde. Die Staats- und Regierungschefs der Europ\u00e4ischen Union (EU) werden heute in Paris die [&hellip;]","og_url":"https:\/\/now-news.de\/de\/deutschland\/fico-pariser-gipfeltreffen-soll-nach-konflikt-ueber-ukraine-militaereinsatz-beraten\/","og_site_name":"just-now.NEWS Deutschland","article_publisher":"https:\/\/www.facebook.com\/wirmachenauf","article_published_time":"2025-02-17T21:22:12+00:00","og_image":[{"url":"https:\/\/now-news.de\/de\/wp-content\/uploads\/sites\/3\/2025\/02\/67b385a4b480cc219c3feaa9.jpg"}],"author":"rtnews","twitter_card":"summary_large_image","twitter_creator":"@WirMachenAuf_de","twitter_site":"@WirMachenAuf_de","twitter_misc":{"Verfasst von":"rtnews","Gesch\u00e4tzte Lesezeit":"2\u00a0Minuten"},"schema":{"@context":"https:\/\/schema.org","@graph":[{"@type":"Article","@id":"https:\/\/now-news.de\/de\/deutschland\/fico-pariser-gipfeltreffen-soll-nach-konflikt-ueber-ukraine-militaereinsatz-beraten\/#article","isPartOf":{"@id":"https:\/\/now-news.de\/de\/deutschland\/fico-pariser-gipfeltreffen-soll-nach-konflikt-ueber-ukraine-militaereinsatz-beraten\/"},"author":{"name":"rtnews","@id":"https:\/\/now-news.de\/de\/#\/schema\/person\/fb534a4e865501d8b3285208df34a9b5"},"headline":"Fico: Pariser Gipfeltreffen soll nach Konflikt \u00fcber Ukraine-Milit\u00e4reinsatz beraten","datePublished":"2025-02-17T21:22:12+00:00","dateModified":"2025-02-17T21:22:12+00:00","mainEntityOfPage":{"@id":"https:\/\/now-news.de\/de\/deutschland\/fico-pariser-gipfeltreffen-soll-nach-konflikt-ueber-ukraine-militaereinsatz-beraten\/"},"wordCount":433,"commentCount":0,"publisher":{"@id":"https:\/\/now-news.de\/de\/#organization"},"image":{"@id":"https:\/\/now-news.de\/de\/deutschland\/fico-pariser-gipfeltreffen-soll-nach-konflikt-ueber-ukraine-militaereinsatz-beraten\/#primaryimage"},"thumbnailUrl":"https:\/\/now-news.de\/de\/wp-content\/uploads\/sites\/3\/2025\/02\/Fico-Pariser-Gipfeltreffen-soll-nach-Konflikt-ueber-Ukraine-Militaereinsatz-beraten.jpg","keywords":["beraten","Fico","Gipfeltreffen","Konflikt","nach","Pariser","soll","\u00fcber","UkraineMilit\u00e4reinsatz"],"articleSection":["Deutschland","Russland"],"inLanguage":"de","potentialAction":[{"@type":"CommentAction","name":"Comment","target":["https:\/\/now-news.de\/de\/deutschland\/fico-pariser-gipfeltreffen-soll-nach-konflikt-ueber-ukraine-militaereinsatz-beraten\/#respond"]}]},{"@type":"WebPage","@id":"https:\/\/now-news.de\/de\/deutschland\/fico-pariser-gipfeltreffen-soll-nach-konflikt-ueber-ukraine-militaereinsatz-beraten\/","url":"https:\/\/now-news.de\/de\/deutschland\/fico-pariser-gipfeltreffen-soll-nach-konflikt-ueber-ukraine-militaereinsatz-beraten\/","name":"Fico: Pariser Gipfeltreffen soll nach Konflikt \u00fcber Ukraine-Milit\u00e4reinsatz beraten - just-now.NEWS Deutschland","isPartOf":{"@id":"https:\/\/now-news.de\/de\/#website"},"primaryImageOfPage":{"@id":"https:\/\/now-news.de\/de\/deutschland\/fico-pariser-gipfeltreffen-soll-nach-konflikt-ueber-ukraine-militaereinsatz-beraten\/#primaryimage"},"image":{"@id":"https:\/\/now-news.de\/de\/deutschland\/fico-pariser-gipfeltreffen-soll-nach-konflikt-ueber-ukraine-militaereinsatz-beraten\/#primaryimage"},"thumbnailUrl":"https:\/\/now-news.de\/de\/wp-content\/uploads\/sites\/3\/2025\/02\/Fico-Pariser-Gipfeltreffen-soll-nach-Konflikt-ueber-Ukraine-Militaereinsatz-beraten.jpg","datePublished":"2025-02-17T21:22:12+00:00","dateModified":"2025-02-17T21:22:12+00:00","breadcrumb":{"@id":"https:\/\/now-news.de\/de\/deutschland\/fico-pariser-gipfeltreffen-soll-nach-konflikt-ueber-ukraine-militaereinsatz-beraten\/#breadcrumb"},"inLanguage":"de","potentialAction":[{"@type":"ReadAction","target":["https:\/\/now-news.de\/de\/deutschland\/fico-pariser-gipfeltreffen-soll-nach-konflikt-ueber-ukraine-militaereinsatz-beraten\/"]}]},{"@type":"ImageObject","inLanguage":"de","@id":"https:\/\/now-news.de\/de\/deutschland\/fico-pariser-gipfeltreffen-soll-nach-konflikt-ueber-ukraine-militaereinsatz-beraten\/#primaryimage","url":"https:\/\/now-news.de\/de\/wp-content\/uploads\/sites\/3\/2025\/02\/Fico-Pariser-Gipfeltreffen-soll-nach-Konflikt-ueber-Ukraine-Militaereinsatz-beraten.jpg","contentUrl":"https:\/\/now-news.de\/de\/wp-content\/uploads\/sites\/3\/2025\/02\/Fico-Pariser-Gipfeltreffen-soll-nach-Konflikt-ueber-Ukraine-Militaereinsatz-beraten.jpg","width":460,"height":259,"caption":"Fico: Pariser Gipfeltreffen soll nach Konflikt \u00fcber Ukraine-Milit\u00e4reinsatz beraten"},{"@type":"BreadcrumbList","@id":"https:\/\/now-news.de\/de\/deutschland\/fico-pariser-gipfeltreffen-soll-nach-konflikt-ueber-ukraine-militaereinsatz-beraten\/#breadcrumb","itemListElement":[{"@type":"ListItem","position":1,"name":"Home","item":"https:\/\/now-news.de\/de\/"},{"@type":"ListItem","position":2,"name":"Fico: Pariser Gipfeltreffen soll nach Konflikt \u00fcber Ukraine-Milit\u00e4reinsatz beraten"}]},{"@type":"WebSite","@id":"https:\/\/now-news.de\/de\/#website","url":"https:\/\/now-news.de\/de\/","name":"just-now.NEWS Deutschland","description":"Das Portal f\u00fcr unzensierte Nachrichten aus der Welt","publisher":{"@id":"https:\/\/now-news.de\/de\/#organization"},"potentialAction":[{"@type":"SearchAction","target":{"@type":"EntryPoint","urlTemplate":"https:\/\/now-news.de\/de\/?s={search_term_string}"},"query-input":"required name=search_term_string"}],"inLanguage":"de"},{"@type":"Organization","@id":"https:\/\/now-news.de\/de\/#organization","name":"Just Now News","url":"https:\/\/now-news.de\/de\/","logo":{"@type":"ImageObject","inLanguage":"de","@id":"https:\/\/now-news.de\/de\/#\/schema\/logo\/image\/","url":"http:\/\/just-now.news\/de\/wp-content\/uploads\/sites\/3\/2022\/04\/logo500x500.jpg","contentUrl":"http:\/\/just-now.news\/de\/wp-content\/uploads\/sites\/3\/2022\/04\/logo500x500.jpg","width":500,"height":500,"caption":"Just Now News"},"image":{"@id":"https:\/\/now-news.de\/de\/#\/schema\/logo\/image\/"},"sameAs":["https:\/\/www.facebook.com\/wirmachenauf","https:\/\/x.com\/WirMachenAuf_de"]},{"@type":"Person","@id":"https:\/\/now-news.de\/de\/#\/schema\/person\/fb534a4e865501d8b3285208df34a9b5","name":"rtnews","image":{"@type":"ImageObject","inLanguage":"de","@id":"https:\/\/now-news.de\/de\/#\/schema\/person\/image\/","url":"https:\/\/secure.gravatar.com\/avatar\/82aafea7d8127119dd649515f56e2117?s=96&d=mm&r=g","contentUrl":"https:\/\/secure.gravatar.com\/avatar\/82aafea7d8127119dd649515f56e2117?s=96&d=mm&r=g","caption":"rtnews"},"url":"https:\/\/now-news.de\/de\/author\/rnews\/"}]}},"_links":{"self":[{"href":"https:\/\/now-news.de\/de\/wp-json\/wp\/v2\/posts\/78710"}],"collection":[{"href":"https:\/\/now-news.de\/de\/wp-json\/wp\/v2\/posts"}],"about":[{"href":"https:\/\/now-news.de\/de\/wp-json\/wp\/v2\/types\/post"}],"author":[{"embeddable":true,"href":"https:\/\/now-news.de\/de\/wp-json\/wp\/v2\/users\/3"}],"replies":[{"embeddable":true,"href":"https:\/\/now-news.de\/de\/wp-json\/wp\/v2\/comments?post=78710"}],"version-history":[{"count":0,"href":"https:\/\/now-news.de\/de\/wp-json\/wp\/v2\/posts\/78710\/revisions"}],"wp:featuredmedia":[{"embeddable":true,"href":"https:\/\/now-news.de\/de\/wp-json\/wp\/v2\/media\/78711"}],"wp:attachment":[{"href":"https:\/\/now-news.de\/de\/wp-json\/wp\/v2\/media?parent=78710"}],"wp:term":[{"taxonomy":"category","embeddable":true,"href":"https:\/\/now-news.de\/de\/wp-json\/wp\/v2\/categories?post=78710"},{"taxonomy":"post_tag","embeddable":true,"href":"https:\/\/now-news.de\/de\/wp-json\/wp\/v2\/tags?post=78710"}],"curies":[{"name":"wp","href":"https:\/\/api.w.org\/{rel}","templated":true}]}}