{"id":78697,"date":"2025-02-17T21:50:43","date_gmt":"2025-02-17T19:50:43","guid":{"rendered":"https:\/\/now-news.de\/de\/deutschland\/selenskij-ukraine-wird-gespraeche-in-saudi-arabien-nicht-anerkennen\/"},"modified":"2025-02-17T21:50:43","modified_gmt":"2025-02-17T19:50:43","slug":"selenskij-ukraine-wird-gespraeche-in-saudi-arabien-nicht-anerkennen","status":"publish","type":"post","link":"https:\/\/now-news.de\/de\/deutschland\/selenskij-ukraine-wird-gespraeche-in-saudi-arabien-nicht-anerkennen\/","title":{"rendered":"Selenskij: Ukraine wird Gespr\u00e4che in Saudi-Arabien nicht anerkennen"},"content":{"rendered":"<p><img decoding=\"async\" src=\"https:\/\/now-news.de\/de\/wp-content\/uploads\/sites\/3\/2025\/02\/67b34b15b480cc08301ba149.jpg\" \/><\/p>\n<div class=\"Text-root Text-type_1 \">\n                Die Ukraine hat nichts \u00fcber die Gespr\u00e4che zwischen Russland und den USA gewusst, wird somit nicht daran beteiligt sein und keine m\u00f6glichen Vereinbarungen anerkennen, erkl\u00e4rt der Pr\u00e4sident Wladimir Selenskij. Sein Besuch in Saudi-Arabien hat mit diesem Treffen nichts zu tun.\n            <\/div>\n<p><\/p>\n<div class=\"Text-root Text-type_5 ArticleView-text ViewText-root \">\n<p>Die Ukraine wird an den Gespr\u00e4chen in Saudi-Arabien nicht beteiligt sein. Dies hat Pr\u00e4sident Wladimir Selenskij am Montag gegen\u00fcber Journalisten erkl\u00e4rt. Auf die Frage \u00fcber die Verhandlungen zwischen Vertretern Russlands und der USA in Riad antwortete das Staatsoberhaupt, dass die Ukraine nichts dar\u00fcber gewusst habe. Jede Vereinbarung \u00fcber die Ukraine ohne die Ukraine w\u00fcrde in Kiew als wirkungslos betrachtet und daher nicht anerkannt.<\/p>\n<p>Trotzdem gab Selenskij zu, dass dieses Treffen bilateral sei, weshalb Russland und die USA berechtigt w\u00e4ren, die bilateralen Fragen zu er\u00f6rtern. Sein offizieller Besuch in Saudi-Arabien, der am Dienstag stattfinden werde, habe nichts mit den Kontakten zwischen Russland und den USA zu tun. Der ukrainische Pr\u00e4sident f\u00fcgte hinzu, dass er sich bei dem saudi-arabischen Premierminister Mohammed bin Salman \u00fcber die Verhandlungen informieren w\u00fcrde.<\/p>\n<p>Am Montag waren der russische Au\u00dfenminister Sergei Lawrow und der Pr\u00e4sidentenberater f\u00fcr internationale Beziehungen, Juri Uschakow nach Riad gereist. Nach offiziellen Angaben sollen die beiden am Dienstag mit der US-Delegation zusammenkommen.<\/p>\n<p>W\u00e4hrend seines Besuchs in Saudi-Arabien m\u00f6chte Selenskij unter anderem die Senkung der \u00d6lpreise ansprechen. Letztendlich k\u00f6nnte eine Entscheidung des US-Pr\u00e4sidenten Donald Trump durchgesetzt werden. Ende Januar hatte Trump die OPEC-L\u00e4nder aufgefordert, die \u00d6lpreise zu senken. Damit k\u00f6nnte seiner Meinung nach der Ukraine-Konflikt schneller beendet werden.<\/p>\n<p><strong>Mehr zum Thema \u2013 <\/strong><a rel=\"nofollow noopener\" target=\"_blank\" href=\"https:\/\/freedert.online\/international\/234141-fuer-frieden-in-ukraine-trump-fordert-von-ppec-mitgliedern-oelpreise-zu-senken\/\">&#8220;F\u00fcr Frieden in der Ukraine&#8221;: Trump fordert von OPEC-Mitgliedern, \u00d6lpreise zu senken<\/a><\/p>\n<div class=\"EmbedBlock-root EmbedBlock-externalVideo EmbedBlock-rumble\">\n<div class=\"VkEmbed\"><iframe class=\"lazyload\" data-src=\"https:\/\/rumble.com\/embed\/v6j8nj1\" frameborder=\"0\" width=\"853\" height=\"480\" allowfullscreen><\/iframe><\/div>\n<\/div>\n<\/div>\n<p><br \/>\n<br \/><a href=\"https:\/\/de.rt.com\/international\/237068-selenskij-ukraine-wird-gespraeche\/\">Source link <\/a><\/p>\n","protected":false},"excerpt":{"rendered":"<p>Die Ukraine hat nichts \u00fcber die Gespr\u00e4che zwischen Russland und den USA gewusst, wird somit nicht daran beteiligt sein und keine m\u00f6glichen Vereinbarungen anerkennen, erkl\u00e4rt der Pr\u00e4sident Wladimir Selenskij. Sein Besuch in Saudi-Arabien hat mit diesem Treffen nichts zu tun. Die Ukraine wird an den Gespr\u00e4chen in Saudi-Arabien nicht beteiligt sein. Dies hat Pr\u00e4sident Wladimir [&hellip;]<\/p>\n","protected":false},"author":3,"featured_media":78698,"comment_status":"open","ping_status":"open","sticky":false,"template":"","format":"standard","meta":{"_yoast_indexnow_last_ping":["1739822004"],"wp_automatic_camp":["217"],"62008001d0b98820c96dcba6d0be7618":["Selenskij: Ukraine wird Gespr\u00e4che in Saudi-Arabien nicht anerkennen"],"original_link":["https:\/\/de.rt.com\/international\/237068-selenskij-ukraine-wird-gespraeche\/"],"_thumbnail_id":["78698"],"jnews_social_counter_last_update":["1777395853"],"_wptgpro_p2tg_sent2tg":["a:1:{i:23737;s:19:\"2025-02-17 21:54:45\";}"]},"categories":[19,23],"tags":[28353,11231,800,437,6158,127,374],"yoast_head":"<!-- This site is optimized with the Yoast SEO Premium plugin v22.7 (Yoast SEO v22.7) - https:\/\/yoast.com\/wordpress\/plugins\/seo\/ -->\n<title>Selenskij: Ukraine wird Gespr\u00e4che in Saudi-Arabien nicht anerkennen - just-now.NEWS Deutschland<\/title>\n<meta name=\"robots\" content=\"index, follow, max-snippet:-1, max-image-preview:large, max-video-preview:-1\" \/>\n<link rel=\"canonical\" href=\"https:\/\/now-news.de\/de\/deutschland\/selenskij-ukraine-wird-gespraeche-in-saudi-arabien-nicht-anerkennen\/\" \/>\n<meta property=\"og:locale\" content=\"de_DE\" \/>\n<meta property=\"og:type\" content=\"article\" \/>\n<meta property=\"og:title\" content=\"Selenskij: Ukraine wird Gespr\u00e4che in Saudi-Arabien nicht anerkennen\" \/>\n<meta property=\"og:description\" content=\"Die Ukraine hat nichts \u00fcber die Gespr\u00e4che zwischen Russland und den USA gewusst, wird somit nicht daran beteiligt sein und keine m\u00f6glichen Vereinbarungen anerkennen, erkl\u00e4rt der Pr\u00e4sident Wladimir Selenskij. Sein Besuch in Saudi-Arabien hat mit diesem Treffen nichts zu tun. Die Ukraine wird an den Gespr\u00e4chen in Saudi-Arabien nicht beteiligt sein. Dies hat Pr\u00e4sident Wladimir [&hellip;]\" \/>\n<meta property=\"og:url\" content=\"https:\/\/now-news.de\/de\/deutschland\/selenskij-ukraine-wird-gespraeche-in-saudi-arabien-nicht-anerkennen\/\" \/>\n<meta property=\"og:site_name\" content=\"just-now.NEWS Deutschland\" \/>\n<meta property=\"article:publisher\" content=\"https:\/\/www.facebook.com\/wirmachenauf\" \/>\n<meta property=\"article:published_time\" content=\"2025-02-17T19:50:43+00:00\" \/>\n<meta property=\"og:image\" content=\"https:\/\/now-news.de\/de\/wp-content\/uploads\/sites\/3\/2025\/02\/67b34b15b480cc08301ba149.jpg\" \/>\n<meta name=\"author\" content=\"rtnews\" \/>\n<meta name=\"twitter:card\" content=\"summary_large_image\" \/>\n<meta name=\"twitter:creator\" content=\"@WirMachenAuf_de\" \/>\n<meta name=\"twitter:site\" content=\"@WirMachenAuf_de\" \/>\n<meta name=\"twitter:label1\" content=\"Verfasst von\" \/>\n\t<meta name=\"twitter:data1\" content=\"rtnews\" \/>\n\t<meta name=\"twitter:label2\" content=\"Gesch\u00e4tzte Lesezeit\" \/>\n\t<meta name=\"twitter:data2\" content=\"1\u00a0Minute\" \/>\n<script type=\"application\/ld+json\" class=\"yoast-schema-graph\">{\"@context\":\"https:\/\/schema.org\",\"@graph\":[{\"@type\":\"Article\",\"@id\":\"https:\/\/now-news.de\/de\/deutschland\/selenskij-ukraine-wird-gespraeche-in-saudi-arabien-nicht-anerkennen\/#article\",\"isPartOf\":{\"@id\":\"https:\/\/now-news.de\/de\/deutschland\/selenskij-ukraine-wird-gespraeche-in-saudi-arabien-nicht-anerkennen\/\"},\"author\":{\"name\":\"rtnews\",\"@id\":\"https:\/\/now-news.de\/de\/#\/schema\/person\/fb534a4e865501d8b3285208df34a9b5\"},\"headline\":\"Selenskij: Ukraine wird Gespr\u00e4che in Saudi-Arabien nicht anerkennen\",\"datePublished\":\"2025-02-17T19:50:43+00:00\",\"dateModified\":\"2025-02-17T19:50:43+00:00\",\"mainEntityOfPage\":{\"@id\":\"https:\/\/now-news.de\/de\/deutschland\/selenskij-ukraine-wird-gespraeche-in-saudi-arabien-nicht-anerkennen\/\"},\"wordCount\":294,\"commentCount\":0,\"publisher\":{\"@id\":\"https:\/\/now-news.de\/de\/#organization\"},\"image\":{\"@id\":\"https:\/\/now-news.de\/de\/deutschland\/selenskij-ukraine-wird-gespraeche-in-saudi-arabien-nicht-anerkennen\/#primaryimage\"},\"thumbnailUrl\":\"https:\/\/now-news.de\/de\/wp-content\/uploads\/sites\/3\/2025\/02\/Selenskij-Ukraine-wird-Gespraeche-in-Saudi-Arabien-nicht-anerkennen.jpg\",\"keywords\":[\"anerkennen\",\"Gespr\u00e4che\",\"nicht\",\"SaudiArabien\",\"Selenskij\",\"ukraine\",\"wird\"],\"articleSection\":[\"Deutschland\",\"Russland\"],\"inLanguage\":\"de\",\"potentialAction\":[{\"@type\":\"CommentAction\",\"name\":\"Comment\",\"target\":[\"https:\/\/now-news.de\/de\/deutschland\/selenskij-ukraine-wird-gespraeche-in-saudi-arabien-nicht-anerkennen\/#respond\"]}]},{\"@type\":\"WebPage\",\"@id\":\"https:\/\/now-news.de\/de\/deutschland\/selenskij-ukraine-wird-gespraeche-in-saudi-arabien-nicht-anerkennen\/\",\"url\":\"https:\/\/now-news.de\/de\/deutschland\/selenskij-ukraine-wird-gespraeche-in-saudi-arabien-nicht-anerkennen\/\",\"name\":\"Selenskij: Ukraine wird Gespr\u00e4che in Saudi-Arabien nicht anerkennen - just-now.NEWS Deutschland\",\"isPartOf\":{\"@id\":\"https:\/\/now-news.de\/de\/#website\"},\"primaryImageOfPage\":{\"@id\":\"https:\/\/now-news.de\/de\/deutschland\/selenskij-ukraine-wird-gespraeche-in-saudi-arabien-nicht-anerkennen\/#primaryimage\"},\"image\":{\"@id\":\"https:\/\/now-news.de\/de\/deutschland\/selenskij-ukraine-wird-gespraeche-in-saudi-arabien-nicht-anerkennen\/#primaryimage\"},\"thumbnailUrl\":\"https:\/\/now-news.de\/de\/wp-content\/uploads\/sites\/3\/2025\/02\/Selenskij-Ukraine-wird-Gespraeche-in-Saudi-Arabien-nicht-anerkennen.jpg\",\"datePublished\":\"2025-02-17T19:50:43+00:00\",\"dateModified\":\"2025-02-17T19:50:43+00:00\",\"breadcrumb\":{\"@id\":\"https:\/\/now-news.de\/de\/deutschland\/selenskij-ukraine-wird-gespraeche-in-saudi-arabien-nicht-anerkennen\/#breadcrumb\"},\"inLanguage\":\"de\",\"potentialAction\":[{\"@type\":\"ReadAction\",\"target\":[\"https:\/\/now-news.de\/de\/deutschland\/selenskij-ukraine-wird-gespraeche-in-saudi-arabien-nicht-anerkennen\/\"]}]},{\"@type\":\"ImageObject\",\"inLanguage\":\"de\",\"@id\":\"https:\/\/now-news.de\/de\/deutschland\/selenskij-ukraine-wird-gespraeche-in-saudi-arabien-nicht-anerkennen\/#primaryimage\",\"url\":\"https:\/\/now-news.de\/de\/wp-content\/uploads\/sites\/3\/2025\/02\/Selenskij-Ukraine-wird-Gespraeche-in-Saudi-Arabien-nicht-anerkennen.jpg\",\"contentUrl\":\"https:\/\/now-news.de\/de\/wp-content\/uploads\/sites\/3\/2025\/02\/Selenskij-Ukraine-wird-Gespraeche-in-Saudi-Arabien-nicht-anerkennen.jpg\",\"width\":460,\"height\":259,\"caption\":\"Selenskij: Ukraine wird Gespr\u00e4che in Saudi-Arabien nicht anerkennen\"},{\"@type\":\"BreadcrumbList\",\"@id\":\"https:\/\/now-news.de\/de\/deutschland\/selenskij-ukraine-wird-gespraeche-in-saudi-arabien-nicht-anerkennen\/#breadcrumb\",\"itemListElement\":[{\"@type\":\"ListItem\",\"position\":1,\"name\":\"Home\",\"item\":\"https:\/\/now-news.de\/de\/\"},{\"@type\":\"ListItem\",\"position\":2,\"name\":\"Selenskij: Ukraine wird Gespr\u00e4che in Saudi-Arabien nicht anerkennen\"}]},{\"@type\":\"WebSite\",\"@id\":\"https:\/\/now-news.de\/de\/#website\",\"url\":\"https:\/\/now-news.de\/de\/\",\"name\":\"just-now.NEWS Deutschland\",\"description\":\"Das Portal f\u00fcr unzensierte Nachrichten aus der Welt\",\"publisher\":{\"@id\":\"https:\/\/now-news.de\/de\/#organization\"},\"potentialAction\":[{\"@type\":\"SearchAction\",\"target\":{\"@type\":\"EntryPoint\",\"urlTemplate\":\"https:\/\/now-news.de\/de\/?s={search_term_string}\"},\"query-input\":\"required name=search_term_string\"}],\"inLanguage\":\"de\"},{\"@type\":\"Organization\",\"@id\":\"https:\/\/now-news.de\/de\/#organization\",\"name\":\"Just Now News\",\"url\":\"https:\/\/now-news.de\/de\/\",\"logo\":{\"@type\":\"ImageObject\",\"inLanguage\":\"de\",\"@id\":\"https:\/\/now-news.de\/de\/#\/schema\/logo\/image\/\",\"url\":\"http:\/\/just-now.news\/de\/wp-content\/uploads\/sites\/3\/2022\/04\/logo500x500.jpg\",\"contentUrl\":\"http:\/\/just-now.news\/de\/wp-content\/uploads\/sites\/3\/2022\/04\/logo500x500.jpg\",\"width\":500,\"height\":500,\"caption\":\"Just Now News\"},\"image\":{\"@id\":\"https:\/\/now-news.de\/de\/#\/schema\/logo\/image\/\"},\"sameAs\":[\"https:\/\/www.facebook.com\/wirmachenauf\",\"https:\/\/x.com\/WirMachenAuf_de\"]},{\"@type\":\"Person\",\"@id\":\"https:\/\/now-news.de\/de\/#\/schema\/person\/fb534a4e865501d8b3285208df34a9b5\",\"name\":\"rtnews\",\"image\":{\"@type\":\"ImageObject\",\"inLanguage\":\"de\",\"@id\":\"https:\/\/now-news.de\/de\/#\/schema\/person\/image\/\",\"url\":\"https:\/\/secure.gravatar.com\/avatar\/82aafea7d8127119dd649515f56e2117?s=96&d=mm&r=g\",\"contentUrl\":\"https:\/\/secure.gravatar.com\/avatar\/82aafea7d8127119dd649515f56e2117?s=96&d=mm&r=g\",\"caption\":\"rtnews\"},\"url\":\"https:\/\/now-news.de\/de\/author\/rnews\/\"}]}<\/script>\n<!-- \/ Yoast SEO Premium plugin. -->","yoast_head_json":{"title":"Selenskij: Ukraine wird Gespr\u00e4che in Saudi-Arabien nicht anerkennen - just-now.NEWS Deutschland","robots":{"index":"index","follow":"follow","max-snippet":"max-snippet:-1","max-image-preview":"max-image-preview:large","max-video-preview":"max-video-preview:-1"},"canonical":"https:\/\/now-news.de\/de\/deutschland\/selenskij-ukraine-wird-gespraeche-in-saudi-arabien-nicht-anerkennen\/","og_locale":"de_DE","og_type":"article","og_title":"Selenskij: Ukraine wird Gespr\u00e4che in Saudi-Arabien nicht anerkennen","og_description":"Die Ukraine hat nichts \u00fcber die Gespr\u00e4che zwischen Russland und den USA gewusst, wird somit nicht daran beteiligt sein und keine m\u00f6glichen Vereinbarungen anerkennen, erkl\u00e4rt der Pr\u00e4sident Wladimir Selenskij. Sein Besuch in Saudi-Arabien hat mit diesem Treffen nichts zu tun. Die Ukraine wird an den Gespr\u00e4chen in Saudi-Arabien nicht beteiligt sein. Dies hat Pr\u00e4sident Wladimir [&hellip;]","og_url":"https:\/\/now-news.de\/de\/deutschland\/selenskij-ukraine-wird-gespraeche-in-saudi-arabien-nicht-anerkennen\/","og_site_name":"just-now.NEWS Deutschland","article_publisher":"https:\/\/www.facebook.com\/wirmachenauf","article_published_time":"2025-02-17T19:50:43+00:00","og_image":[{"url":"https:\/\/now-news.de\/de\/wp-content\/uploads\/sites\/3\/2025\/02\/67b34b15b480cc08301ba149.jpg"}],"author":"rtnews","twitter_card":"summary_large_image","twitter_creator":"@WirMachenAuf_de","twitter_site":"@WirMachenAuf_de","twitter_misc":{"Verfasst von":"rtnews","Gesch\u00e4tzte Lesezeit":"1\u00a0Minute"},"schema":{"@context":"https:\/\/schema.org","@graph":[{"@type":"Article","@id":"https:\/\/now-news.de\/de\/deutschland\/selenskij-ukraine-wird-gespraeche-in-saudi-arabien-nicht-anerkennen\/#article","isPartOf":{"@id":"https:\/\/now-news.de\/de\/deutschland\/selenskij-ukraine-wird-gespraeche-in-saudi-arabien-nicht-anerkennen\/"},"author":{"name":"rtnews","@id":"https:\/\/now-news.de\/de\/#\/schema\/person\/fb534a4e865501d8b3285208df34a9b5"},"headline":"Selenskij: Ukraine wird Gespr\u00e4che in Saudi-Arabien nicht anerkennen","datePublished":"2025-02-17T19:50:43+00:00","dateModified":"2025-02-17T19:50:43+00:00","mainEntityOfPage":{"@id":"https:\/\/now-news.de\/de\/deutschland\/selenskij-ukraine-wird-gespraeche-in-saudi-arabien-nicht-anerkennen\/"},"wordCount":294,"commentCount":0,"publisher":{"@id":"https:\/\/now-news.de\/de\/#organization"},"image":{"@id":"https:\/\/now-news.de\/de\/deutschland\/selenskij-ukraine-wird-gespraeche-in-saudi-arabien-nicht-anerkennen\/#primaryimage"},"thumbnailUrl":"https:\/\/now-news.de\/de\/wp-content\/uploads\/sites\/3\/2025\/02\/Selenskij-Ukraine-wird-Gespraeche-in-Saudi-Arabien-nicht-anerkennen.jpg","keywords":["anerkennen","Gespr\u00e4che","nicht","SaudiArabien","Selenskij","ukraine","wird"],"articleSection":["Deutschland","Russland"],"inLanguage":"de","potentialAction":[{"@type":"CommentAction","name":"Comment","target":["https:\/\/now-news.de\/de\/deutschland\/selenskij-ukraine-wird-gespraeche-in-saudi-arabien-nicht-anerkennen\/#respond"]}]},{"@type":"WebPage","@id":"https:\/\/now-news.de\/de\/deutschland\/selenskij-ukraine-wird-gespraeche-in-saudi-arabien-nicht-anerkennen\/","url":"https:\/\/now-news.de\/de\/deutschland\/selenskij-ukraine-wird-gespraeche-in-saudi-arabien-nicht-anerkennen\/","name":"Selenskij: Ukraine wird Gespr\u00e4che in Saudi-Arabien nicht anerkennen - just-now.NEWS Deutschland","isPartOf":{"@id":"https:\/\/now-news.de\/de\/#website"},"primaryImageOfPage":{"@id":"https:\/\/now-news.de\/de\/deutschland\/selenskij-ukraine-wird-gespraeche-in-saudi-arabien-nicht-anerkennen\/#primaryimage"},"image":{"@id":"https:\/\/now-news.de\/de\/deutschland\/selenskij-ukraine-wird-gespraeche-in-saudi-arabien-nicht-anerkennen\/#primaryimage"},"thumbnailUrl":"https:\/\/now-news.de\/de\/wp-content\/uploads\/sites\/3\/2025\/02\/Selenskij-Ukraine-wird-Gespraeche-in-Saudi-Arabien-nicht-anerkennen.jpg","datePublished":"2025-02-17T19:50:43+00:00","dateModified":"2025-02-17T19:50:43+00:00","breadcrumb":{"@id":"https:\/\/now-news.de\/de\/deutschland\/selenskij-ukraine-wird-gespraeche-in-saudi-arabien-nicht-anerkennen\/#breadcrumb"},"inLanguage":"de","potentialAction":[{"@type":"ReadAction","target":["https:\/\/now-news.de\/de\/deutschland\/selenskij-ukraine-wird-gespraeche-in-saudi-arabien-nicht-anerkennen\/"]}]},{"@type":"ImageObject","inLanguage":"de","@id":"https:\/\/now-news.de\/de\/deutschland\/selenskij-ukraine-wird-gespraeche-in-saudi-arabien-nicht-anerkennen\/#primaryimage","url":"https:\/\/now-news.de\/de\/wp-content\/uploads\/sites\/3\/2025\/02\/Selenskij-Ukraine-wird-Gespraeche-in-Saudi-Arabien-nicht-anerkennen.jpg","contentUrl":"https:\/\/now-news.de\/de\/wp-content\/uploads\/sites\/3\/2025\/02\/Selenskij-Ukraine-wird-Gespraeche-in-Saudi-Arabien-nicht-anerkennen.jpg","width":460,"height":259,"caption":"Selenskij: Ukraine wird Gespr\u00e4che in Saudi-Arabien nicht anerkennen"},{"@type":"BreadcrumbList","@id":"https:\/\/now-news.de\/de\/deutschland\/selenskij-ukraine-wird-gespraeche-in-saudi-arabien-nicht-anerkennen\/#breadcrumb","itemListElement":[{"@type":"ListItem","position":1,"name":"Home","item":"https:\/\/now-news.de\/de\/"},{"@type":"ListItem","position":2,"name":"Selenskij: Ukraine wird Gespr\u00e4che in Saudi-Arabien nicht anerkennen"}]},{"@type":"WebSite","@id":"https:\/\/now-news.de\/de\/#website","url":"https:\/\/now-news.de\/de\/","name":"just-now.NEWS Deutschland","description":"Das Portal f\u00fcr unzensierte Nachrichten aus der Welt","publisher":{"@id":"https:\/\/now-news.de\/de\/#organization"},"potentialAction":[{"@type":"SearchAction","target":{"@type":"EntryPoint","urlTemplate":"https:\/\/now-news.de\/de\/?s={search_term_string}"},"query-input":"required name=search_term_string"}],"inLanguage":"de"},{"@type":"Organization","@id":"https:\/\/now-news.de\/de\/#organization","name":"Just Now News","url":"https:\/\/now-news.de\/de\/","logo":{"@type":"ImageObject","inLanguage":"de","@id":"https:\/\/now-news.de\/de\/#\/schema\/logo\/image\/","url":"http:\/\/just-now.news\/de\/wp-content\/uploads\/sites\/3\/2022\/04\/logo500x500.jpg","contentUrl":"http:\/\/just-now.news\/de\/wp-content\/uploads\/sites\/3\/2022\/04\/logo500x500.jpg","width":500,"height":500,"caption":"Just Now News"},"image":{"@id":"https:\/\/now-news.de\/de\/#\/schema\/logo\/image\/"},"sameAs":["https:\/\/www.facebook.com\/wirmachenauf","https:\/\/x.com\/WirMachenAuf_de"]},{"@type":"Person","@id":"https:\/\/now-news.de\/de\/#\/schema\/person\/fb534a4e865501d8b3285208df34a9b5","name":"rtnews","image":{"@type":"ImageObject","inLanguage":"de","@id":"https:\/\/now-news.de\/de\/#\/schema\/person\/image\/","url":"https:\/\/secure.gravatar.com\/avatar\/82aafea7d8127119dd649515f56e2117?s=96&d=mm&r=g","contentUrl":"https:\/\/secure.gravatar.com\/avatar\/82aafea7d8127119dd649515f56e2117?s=96&d=mm&r=g","caption":"rtnews"},"url":"https:\/\/now-news.de\/de\/author\/rnews\/"}]}},"_links":{"self":[{"href":"https:\/\/now-news.de\/de\/wp-json\/wp\/v2\/posts\/78697"}],"collection":[{"href":"https:\/\/now-news.de\/de\/wp-json\/wp\/v2\/posts"}],"about":[{"href":"https:\/\/now-news.de\/de\/wp-json\/wp\/v2\/types\/post"}],"author":[{"embeddable":true,"href":"https:\/\/now-news.de\/de\/wp-json\/wp\/v2\/users\/3"}],"replies":[{"embeddable":true,"href":"https:\/\/now-news.de\/de\/wp-json\/wp\/v2\/comments?post=78697"}],"version-history":[{"count":0,"href":"https:\/\/now-news.de\/de\/wp-json\/wp\/v2\/posts\/78697\/revisions"}],"wp:featuredmedia":[{"embeddable":true,"href":"https:\/\/now-news.de\/de\/wp-json\/wp\/v2\/media\/78698"}],"wp:attachment":[{"href":"https:\/\/now-news.de\/de\/wp-json\/wp\/v2\/media?parent=78697"}],"wp:term":[{"taxonomy":"category","embeddable":true,"href":"https:\/\/now-news.de\/de\/wp-json\/wp\/v2\/categories?post=78697"},{"taxonomy":"post_tag","embeddable":true,"href":"https:\/\/now-news.de\/de\/wp-json\/wp\/v2\/tags?post=78697"}],"curies":[{"name":"wp","href":"https:\/\/api.w.org\/{rel}","templated":true}]}}