{"id":78652,"date":"2025-02-17T09:11:54","date_gmt":"2025-02-17T07:11:54","guid":{"rendered":"https:\/\/now-news.de\/de\/deutschland\/weitere-aufruestung-der-ukraine-finnischer-praesident-stellt-seinen-friedensplan-vor\/"},"modified":"2025-02-17T09:11:54","modified_gmt":"2025-02-17T07:11:54","slug":"weitere-aufruestung-der-ukraine-finnischer-praesident-stellt-seinen-friedensplan-vor","status":"publish","type":"post","link":"https:\/\/now-news.de\/de\/deutschland\/weitere-aufruestung-der-ukraine-finnischer-praesident-stellt-seinen-friedensplan-vor\/","title":{"rendered":"Weitere Aufr\u00fcstung der Ukraine: Finnischer Pr\u00e4sident stellt seinen &quot;Friedensplan&quot; vor"},"content":{"rendered":"<p><img decoding=\"async\" src=\"https:\/\/now-news.de\/de\/wp-content\/uploads\/sites\/3\/2025\/02\/67b2258ab480cc7f9f6c01c6.jpg\" \/><\/p>\n<div class=\"Text-root Text-type_1 \">\n                Der Pr\u00e4sident Finnlands hat sein Konzept zur Beilegung des Ukraine-Konflikts vorgestellt. Dieses beinhaltet eine St\u00e4rkung der Position Kiews bei einer Waffenruhe und in Friedensgespr\u00e4chen \u00fcber das Territorium und die Sicherheit, nicht aber die Mitgliedschaft des Landes in der EU oder NATO.\n            <\/div>\n<p><\/p>\n<div class=\"Text-root Text-type_5 ArticleView-text ViewText-root \">\n<p>Die L\u00f6sung des Ukraine-Konflikts k\u00f6nnte aus drei Phasen bestehen, von denen die erste die Versorgung der Ukraine mit Waffen und Sanktionsdruck auf Russland beinhalten k\u00f6nnte. Das brachte der finnische Pr\u00e4sident Alexander Stubb auf der M\u00fcnchner Sicherheitskonferenz zum Ausdruck.<\/p>\n<ul>\n<li>Die erste Phase umfasst die Vorverhandlungen. In dieser Phase geht es darum, der Ukraine eine starke Position zu sichern, wof\u00fcr sie Unterst\u00fctzung und Waffen ben\u00f6tigt. Zudem k\u00f6nnten die Sanktionen gegen Russland nochmals versch\u00e4rft werden.<\/li>\n<li>Die zweite Phase ist eine Waffenruhe, die nach Ansicht von Stubb nicht mit einem Friedensprozess gleichzusetzen ist. Internationale Beobachter sollen die Waffenruhe \u00fcberwachen, so die Idee des Pr\u00e4sidenten. In dieser Phase k\u00f6nnte auch ein Gefangenenaustausch stattfinden.<\/li>\n<li>Die dritte Phase besteht aus den Friedensgespr\u00e4chen, in denen territoriale Fragen und die Gew\u00e4hrleistung der Sicherheit der Ukraine er\u00f6rtert werden. Stubb betonte, dass die Fragen der Mitgliedschaft der Ukraine in der NATO und der EU in dieser Phase nicht angesprochen werden sollten, da die Ukrainer selbst \u00fcber diese Themen entscheiden sollten. Der finnische Pr\u00e4sident bezeichnete jedoch die potenzielle Mitgliedschaft Kiews in der Allianz als eine starke Abschreckung f\u00fcr Russland.<\/li>\n<\/ul>\n<p>Stubb rief dazu auf, dass die Ukraine nicht das Schicksal Finnlands nach dem Ende des Konflikts wiederholen solle. Letzteres habe nach dem Zweiten Weltkrieg einen Teil seiner Gebiete und das Recht auf Souver\u00e4nit\u00e4t verloren, allerdings seine Unabh\u00e4ngigkeit bewahrt. Die Ukraine sollte dem Politiker zufolge nichts davon verlieren.<\/p>\n<p>Kiew besteht auf einer Einladung in die NATO, da es darin die beste Sicherheitsgarantie f\u00fcr sich sieht. Zugleich fordert Russland, dass die ukrainische Seite die Mitgliedschaft in der Allianz ablehnt, was eine der Bedingungen Russlands f\u00fcr den Beginn des Friedensprozesses ist. Die USA halten nach Aussagen von Pr\u00e4sident Donald Trump den Beitritt der Ukraine zu dem Block f\u00fcr eine unvern\u00fcnftige Entscheidung.<\/p>\n<p><strong>Mehr zum Thema<\/strong> \u2013 <a rel=\"nofollow noopener\" target=\"_blank\" href=\"https:\/\/freedert.online\/international\/236952-tschechischer-praesident-fordert-marshall-plan\/\">Tschechischer Pr\u00e4sident fordert &#8220;Marshallplan&#8221; f\u00fcr die Ukraine<\/a><\/p>\n<div class=\"EmbedBlock-root EmbedBlock-externalVideo EmbedBlock-rumble\">\n<div class=\"VkEmbed\"><iframe class=\"lazyload\" data-src=\"https:\/\/rumble.com\/embed\/v6j8nj1\" frameborder=\"0\" width=\"853\" height=\"480\" allowfullscreen><\/iframe><\/div>\n<\/div>\n<\/div>\n<p><br \/>\n<br \/><a href=\"https:\/\/de.rt.com\/international\/236987-finnischer-praesident-stellt-konzept-zu\/\">Source link <\/a><\/p>\n","protected":false},"excerpt":{"rendered":"<p>Der Pr\u00e4sident Finnlands hat sein Konzept zur Beilegung des Ukraine-Konflikts vorgestellt. Dieses beinhaltet eine St\u00e4rkung der Position Kiews bei einer Waffenruhe und in Friedensgespr\u00e4chen \u00fcber das Territorium und die Sicherheit, nicht aber die Mitgliedschaft des Landes in der EU oder NATO. Die L\u00f6sung des Ukraine-Konflikts k\u00f6nnte aus drei Phasen bestehen, von denen die erste die [&hellip;]<\/p>\n","protected":false},"author":3,"featured_media":78653,"comment_status":"open","ping_status":"open","sticky":false,"template":"","format":"standard","meta":{"_yoast_indexnow_last_ping":["1739776530"],"wp_automatic_camp":["217"],"a9546b8b6354728ae18bf6410e219995":["Weitere Aufr\u00fcstung der Ukraine: Finnischer Pr\u00e4sident stellt seinen &quot;Friedensplan&quot; vor"],"original_link":["https:\/\/de.rt.com\/international\/236987-finnischer-praesident-stellt-konzept-zu\/"],"_thumbnail_id":["78653"],"jnews_social_counter_last_update":["1777160779"],"_wptgpro_p2tg_sent2tg":["a:1:{i:23737;s:19:\"2025-02-17 09:16:34\";}"]},"categories":[19,23],"tags":[24790,82,39914,3464,38962,6583,15979,127,320,823],"yoast_head":"<!-- This site is optimized with the Yoast SEO Premium plugin v22.7 (Yoast SEO v22.7) - https:\/\/yoast.com\/wordpress\/plugins\/seo\/ -->\n<title>Weitere Aufr\u00fcstung der Ukraine: Finnischer Pr\u00e4sident stellt seinen &quot;Friedensplan&quot; vor - just-now.NEWS Deutschland<\/title>\n<meta name=\"robots\" content=\"index, follow, max-snippet:-1, max-image-preview:large, max-video-preview:-1\" \/>\n<link rel=\"canonical\" href=\"https:\/\/now-news.de\/de\/deutschland\/weitere-aufruestung-der-ukraine-finnischer-praesident-stellt-seinen-friedensplan-vor\/\" \/>\n<meta property=\"og:locale\" content=\"de_DE\" \/>\n<meta property=\"og:type\" content=\"article\" \/>\n<meta property=\"og:title\" content=\"Weitere Aufr\u00fcstung der Ukraine: Finnischer Pr\u00e4sident stellt seinen &quot;Friedensplan&quot; vor\" \/>\n<meta property=\"og:description\" content=\"Der Pr\u00e4sident Finnlands hat sein Konzept zur Beilegung des Ukraine-Konflikts vorgestellt. Dieses beinhaltet eine St\u00e4rkung der Position Kiews bei einer Waffenruhe und in Friedensgespr\u00e4chen \u00fcber das Territorium und die Sicherheit, nicht aber die Mitgliedschaft des Landes in der EU oder NATO. Die L\u00f6sung des Ukraine-Konflikts k\u00f6nnte aus drei Phasen bestehen, von denen die erste die [&hellip;]\" \/>\n<meta property=\"og:url\" content=\"https:\/\/now-news.de\/de\/deutschland\/weitere-aufruestung-der-ukraine-finnischer-praesident-stellt-seinen-friedensplan-vor\/\" \/>\n<meta property=\"og:site_name\" content=\"just-now.NEWS Deutschland\" \/>\n<meta property=\"article:publisher\" content=\"https:\/\/www.facebook.com\/wirmachenauf\" \/>\n<meta property=\"article:published_time\" content=\"2025-02-17T07:11:54+00:00\" \/>\n<meta property=\"og:image\" content=\"https:\/\/now-news.de\/de\/wp-content\/uploads\/sites\/3\/2025\/02\/67b2258ab480cc7f9f6c01c6.jpg\" \/>\n<meta name=\"author\" content=\"rtnews\" \/>\n<meta name=\"twitter:card\" content=\"summary_large_image\" \/>\n<meta name=\"twitter:creator\" content=\"@WirMachenAuf_de\" \/>\n<meta name=\"twitter:site\" content=\"@WirMachenAuf_de\" \/>\n<meta name=\"twitter:label1\" content=\"Verfasst von\" \/>\n\t<meta name=\"twitter:data1\" content=\"rtnews\" \/>\n\t<meta name=\"twitter:label2\" content=\"Gesch\u00e4tzte Lesezeit\" \/>\n\t<meta name=\"twitter:data2\" content=\"2\u00a0Minuten\" \/>\n<script type=\"application\/ld+json\" class=\"yoast-schema-graph\">{\"@context\":\"https:\/\/schema.org\",\"@graph\":[{\"@type\":\"Article\",\"@id\":\"https:\/\/now-news.de\/de\/deutschland\/weitere-aufruestung-der-ukraine-finnischer-praesident-stellt-seinen-friedensplan-vor\/#article\",\"isPartOf\":{\"@id\":\"https:\/\/now-news.de\/de\/deutschland\/weitere-aufruestung-der-ukraine-finnischer-praesident-stellt-seinen-friedensplan-vor\/\"},\"author\":{\"name\":\"rtnews\",\"@id\":\"https:\/\/now-news.de\/de\/#\/schema\/person\/fb534a4e865501d8b3285208df34a9b5\"},\"headline\":\"Weitere Aufr\u00fcstung der Ukraine: Finnischer Pr\u00e4sident stellt seinen &quot;Friedensplan&quot; vor\",\"datePublished\":\"2025-02-17T07:11:54+00:00\",\"dateModified\":\"2025-02-17T07:11:54+00:00\",\"mainEntityOfPage\":{\"@id\":\"https:\/\/now-news.de\/de\/deutschland\/weitere-aufruestung-der-ukraine-finnischer-praesident-stellt-seinen-friedensplan-vor\/\"},\"wordCount\":383,\"commentCount\":0,\"publisher\":{\"@id\":\"https:\/\/now-news.de\/de\/#organization\"},\"image\":{\"@id\":\"https:\/\/now-news.de\/de\/deutschland\/weitere-aufruestung-der-ukraine-finnischer-praesident-stellt-seinen-friedensplan-vor\/#primaryimage\"},\"thumbnailUrl\":\"https:\/\/now-news.de\/de\/wp-content\/uploads\/sites\/3\/2025\/02\/Weitere-Aufruestung-der-Ukraine-Finnischer-Praesident-stellt-seinen-quotFriedensplanquot-vor.jpg\",\"keywords\":[\"Aufr\u00fcstung\",\"der\",\"Finnischer\",\"Pr\u00e4sident\",\"quotFriedensplanquot\",\"seinen\",\"stellt\",\"ukraine\",\"vor\",\"weitere\"],\"articleSection\":[\"Deutschland\",\"Russland\"],\"inLanguage\":\"de\",\"potentialAction\":[{\"@type\":\"CommentAction\",\"name\":\"Comment\",\"target\":[\"https:\/\/now-news.de\/de\/deutschland\/weitere-aufruestung-der-ukraine-finnischer-praesident-stellt-seinen-friedensplan-vor\/#respond\"]}]},{\"@type\":\"WebPage\",\"@id\":\"https:\/\/now-news.de\/de\/deutschland\/weitere-aufruestung-der-ukraine-finnischer-praesident-stellt-seinen-friedensplan-vor\/\",\"url\":\"https:\/\/now-news.de\/de\/deutschland\/weitere-aufruestung-der-ukraine-finnischer-praesident-stellt-seinen-friedensplan-vor\/\",\"name\":\"Weitere Aufr\u00fcstung der Ukraine: Finnischer Pr\u00e4sident stellt seinen &quot;Friedensplan&quot; vor - just-now.NEWS Deutschland\",\"isPartOf\":{\"@id\":\"https:\/\/now-news.de\/de\/#website\"},\"primaryImageOfPage\":{\"@id\":\"https:\/\/now-news.de\/de\/deutschland\/weitere-aufruestung-der-ukraine-finnischer-praesident-stellt-seinen-friedensplan-vor\/#primaryimage\"},\"image\":{\"@id\":\"https:\/\/now-news.de\/de\/deutschland\/weitere-aufruestung-der-ukraine-finnischer-praesident-stellt-seinen-friedensplan-vor\/#primaryimage\"},\"thumbnailUrl\":\"https:\/\/now-news.de\/de\/wp-content\/uploads\/sites\/3\/2025\/02\/Weitere-Aufruestung-der-Ukraine-Finnischer-Praesident-stellt-seinen-quotFriedensplanquot-vor.jpg\",\"datePublished\":\"2025-02-17T07:11:54+00:00\",\"dateModified\":\"2025-02-17T07:11:54+00:00\",\"breadcrumb\":{\"@id\":\"https:\/\/now-news.de\/de\/deutschland\/weitere-aufruestung-der-ukraine-finnischer-praesident-stellt-seinen-friedensplan-vor\/#breadcrumb\"},\"inLanguage\":\"de\",\"potentialAction\":[{\"@type\":\"ReadAction\",\"target\":[\"https:\/\/now-news.de\/de\/deutschland\/weitere-aufruestung-der-ukraine-finnischer-praesident-stellt-seinen-friedensplan-vor\/\"]}]},{\"@type\":\"ImageObject\",\"inLanguage\":\"de\",\"@id\":\"https:\/\/now-news.de\/de\/deutschland\/weitere-aufruestung-der-ukraine-finnischer-praesident-stellt-seinen-friedensplan-vor\/#primaryimage\",\"url\":\"https:\/\/now-news.de\/de\/wp-content\/uploads\/sites\/3\/2025\/02\/Weitere-Aufruestung-der-Ukraine-Finnischer-Praesident-stellt-seinen-quotFriedensplanquot-vor.jpg\",\"contentUrl\":\"https:\/\/now-news.de\/de\/wp-content\/uploads\/sites\/3\/2025\/02\/Weitere-Aufruestung-der-Ukraine-Finnischer-Praesident-stellt-seinen-quotFriedensplanquot-vor.jpg\",\"width\":460,\"height\":259,\"caption\":\"Weitere Aufr\u00fcstung der Ukraine: Finnischer Pr\u00e4sident stellt seinen &quot;Friedensplan&quot; vor\"},{\"@type\":\"BreadcrumbList\",\"@id\":\"https:\/\/now-news.de\/de\/deutschland\/weitere-aufruestung-der-ukraine-finnischer-praesident-stellt-seinen-friedensplan-vor\/#breadcrumb\",\"itemListElement\":[{\"@type\":\"ListItem\",\"position\":1,\"name\":\"Home\",\"item\":\"https:\/\/now-news.de\/de\/\"},{\"@type\":\"ListItem\",\"position\":2,\"name\":\"Weitere Aufr\u00fcstung der Ukraine: Finnischer Pr\u00e4sident stellt seinen &quot;Friedensplan&quot; vor\"}]},{\"@type\":\"WebSite\",\"@id\":\"https:\/\/now-news.de\/de\/#website\",\"url\":\"https:\/\/now-news.de\/de\/\",\"name\":\"just-now.NEWS Deutschland\",\"description\":\"Das Portal f\u00fcr unzensierte Nachrichten aus der Welt\",\"publisher\":{\"@id\":\"https:\/\/now-news.de\/de\/#organization\"},\"potentialAction\":[{\"@type\":\"SearchAction\",\"target\":{\"@type\":\"EntryPoint\",\"urlTemplate\":\"https:\/\/now-news.de\/de\/?s={search_term_string}\"},\"query-input\":\"required name=search_term_string\"}],\"inLanguage\":\"de\"},{\"@type\":\"Organization\",\"@id\":\"https:\/\/now-news.de\/de\/#organization\",\"name\":\"Just Now News\",\"url\":\"https:\/\/now-news.de\/de\/\",\"logo\":{\"@type\":\"ImageObject\",\"inLanguage\":\"de\",\"@id\":\"https:\/\/now-news.de\/de\/#\/schema\/logo\/image\/\",\"url\":\"http:\/\/just-now.news\/de\/wp-content\/uploads\/sites\/3\/2022\/04\/logo500x500.jpg\",\"contentUrl\":\"http:\/\/just-now.news\/de\/wp-content\/uploads\/sites\/3\/2022\/04\/logo500x500.jpg\",\"width\":500,\"height\":500,\"caption\":\"Just Now News\"},\"image\":{\"@id\":\"https:\/\/now-news.de\/de\/#\/schema\/logo\/image\/\"},\"sameAs\":[\"https:\/\/www.facebook.com\/wirmachenauf\",\"https:\/\/x.com\/WirMachenAuf_de\"]},{\"@type\":\"Person\",\"@id\":\"https:\/\/now-news.de\/de\/#\/schema\/person\/fb534a4e865501d8b3285208df34a9b5\",\"name\":\"rtnews\",\"image\":{\"@type\":\"ImageObject\",\"inLanguage\":\"de\",\"@id\":\"https:\/\/now-news.de\/de\/#\/schema\/person\/image\/\",\"url\":\"https:\/\/secure.gravatar.com\/avatar\/82aafea7d8127119dd649515f56e2117?s=96&d=mm&r=g\",\"contentUrl\":\"https:\/\/secure.gravatar.com\/avatar\/82aafea7d8127119dd649515f56e2117?s=96&d=mm&r=g\",\"caption\":\"rtnews\"},\"url\":\"https:\/\/now-news.de\/de\/author\/rnews\/\"}]}<\/script>\n<!-- \/ Yoast SEO Premium plugin. -->","yoast_head_json":{"title":"Weitere Aufr\u00fcstung der Ukraine: Finnischer Pr\u00e4sident stellt seinen &quot;Friedensplan&quot; vor - just-now.NEWS Deutschland","robots":{"index":"index","follow":"follow","max-snippet":"max-snippet:-1","max-image-preview":"max-image-preview:large","max-video-preview":"max-video-preview:-1"},"canonical":"https:\/\/now-news.de\/de\/deutschland\/weitere-aufruestung-der-ukraine-finnischer-praesident-stellt-seinen-friedensplan-vor\/","og_locale":"de_DE","og_type":"article","og_title":"Weitere Aufr\u00fcstung der Ukraine: Finnischer Pr\u00e4sident stellt seinen &quot;Friedensplan&quot; vor","og_description":"Der Pr\u00e4sident Finnlands hat sein Konzept zur Beilegung des Ukraine-Konflikts vorgestellt. Dieses beinhaltet eine St\u00e4rkung der Position Kiews bei einer Waffenruhe und in Friedensgespr\u00e4chen \u00fcber das Territorium und die Sicherheit, nicht aber die Mitgliedschaft des Landes in der EU oder NATO. Die L\u00f6sung des Ukraine-Konflikts k\u00f6nnte aus drei Phasen bestehen, von denen die erste die [&hellip;]","og_url":"https:\/\/now-news.de\/de\/deutschland\/weitere-aufruestung-der-ukraine-finnischer-praesident-stellt-seinen-friedensplan-vor\/","og_site_name":"just-now.NEWS Deutschland","article_publisher":"https:\/\/www.facebook.com\/wirmachenauf","article_published_time":"2025-02-17T07:11:54+00:00","og_image":[{"url":"https:\/\/now-news.de\/de\/wp-content\/uploads\/sites\/3\/2025\/02\/67b2258ab480cc7f9f6c01c6.jpg"}],"author":"rtnews","twitter_card":"summary_large_image","twitter_creator":"@WirMachenAuf_de","twitter_site":"@WirMachenAuf_de","twitter_misc":{"Verfasst von":"rtnews","Gesch\u00e4tzte Lesezeit":"2\u00a0Minuten"},"schema":{"@context":"https:\/\/schema.org","@graph":[{"@type":"Article","@id":"https:\/\/now-news.de\/de\/deutschland\/weitere-aufruestung-der-ukraine-finnischer-praesident-stellt-seinen-friedensplan-vor\/#article","isPartOf":{"@id":"https:\/\/now-news.de\/de\/deutschland\/weitere-aufruestung-der-ukraine-finnischer-praesident-stellt-seinen-friedensplan-vor\/"},"author":{"name":"rtnews","@id":"https:\/\/now-news.de\/de\/#\/schema\/person\/fb534a4e865501d8b3285208df34a9b5"},"headline":"Weitere Aufr\u00fcstung der Ukraine: Finnischer Pr\u00e4sident stellt seinen &quot;Friedensplan&quot; vor","datePublished":"2025-02-17T07:11:54+00:00","dateModified":"2025-02-17T07:11:54+00:00","mainEntityOfPage":{"@id":"https:\/\/now-news.de\/de\/deutschland\/weitere-aufruestung-der-ukraine-finnischer-praesident-stellt-seinen-friedensplan-vor\/"},"wordCount":383,"commentCount":0,"publisher":{"@id":"https:\/\/now-news.de\/de\/#organization"},"image":{"@id":"https:\/\/now-news.de\/de\/deutschland\/weitere-aufruestung-der-ukraine-finnischer-praesident-stellt-seinen-friedensplan-vor\/#primaryimage"},"thumbnailUrl":"https:\/\/now-news.de\/de\/wp-content\/uploads\/sites\/3\/2025\/02\/Weitere-Aufruestung-der-Ukraine-Finnischer-Praesident-stellt-seinen-quotFriedensplanquot-vor.jpg","keywords":["Aufr\u00fcstung","der","Finnischer","Pr\u00e4sident","quotFriedensplanquot","seinen","stellt","ukraine","vor","weitere"],"articleSection":["Deutschland","Russland"],"inLanguage":"de","potentialAction":[{"@type":"CommentAction","name":"Comment","target":["https:\/\/now-news.de\/de\/deutschland\/weitere-aufruestung-der-ukraine-finnischer-praesident-stellt-seinen-friedensplan-vor\/#respond"]}]},{"@type":"WebPage","@id":"https:\/\/now-news.de\/de\/deutschland\/weitere-aufruestung-der-ukraine-finnischer-praesident-stellt-seinen-friedensplan-vor\/","url":"https:\/\/now-news.de\/de\/deutschland\/weitere-aufruestung-der-ukraine-finnischer-praesident-stellt-seinen-friedensplan-vor\/","name":"Weitere Aufr\u00fcstung der Ukraine: Finnischer Pr\u00e4sident stellt seinen &quot;Friedensplan&quot; vor - just-now.NEWS Deutschland","isPartOf":{"@id":"https:\/\/now-news.de\/de\/#website"},"primaryImageOfPage":{"@id":"https:\/\/now-news.de\/de\/deutschland\/weitere-aufruestung-der-ukraine-finnischer-praesident-stellt-seinen-friedensplan-vor\/#primaryimage"},"image":{"@id":"https:\/\/now-news.de\/de\/deutschland\/weitere-aufruestung-der-ukraine-finnischer-praesident-stellt-seinen-friedensplan-vor\/#primaryimage"},"thumbnailUrl":"https:\/\/now-news.de\/de\/wp-content\/uploads\/sites\/3\/2025\/02\/Weitere-Aufruestung-der-Ukraine-Finnischer-Praesident-stellt-seinen-quotFriedensplanquot-vor.jpg","datePublished":"2025-02-17T07:11:54+00:00","dateModified":"2025-02-17T07:11:54+00:00","breadcrumb":{"@id":"https:\/\/now-news.de\/de\/deutschland\/weitere-aufruestung-der-ukraine-finnischer-praesident-stellt-seinen-friedensplan-vor\/#breadcrumb"},"inLanguage":"de","potentialAction":[{"@type":"ReadAction","target":["https:\/\/now-news.de\/de\/deutschland\/weitere-aufruestung-der-ukraine-finnischer-praesident-stellt-seinen-friedensplan-vor\/"]}]},{"@type":"ImageObject","inLanguage":"de","@id":"https:\/\/now-news.de\/de\/deutschland\/weitere-aufruestung-der-ukraine-finnischer-praesident-stellt-seinen-friedensplan-vor\/#primaryimage","url":"https:\/\/now-news.de\/de\/wp-content\/uploads\/sites\/3\/2025\/02\/Weitere-Aufruestung-der-Ukraine-Finnischer-Praesident-stellt-seinen-quotFriedensplanquot-vor.jpg","contentUrl":"https:\/\/now-news.de\/de\/wp-content\/uploads\/sites\/3\/2025\/02\/Weitere-Aufruestung-der-Ukraine-Finnischer-Praesident-stellt-seinen-quotFriedensplanquot-vor.jpg","width":460,"height":259,"caption":"Weitere Aufr\u00fcstung der Ukraine: Finnischer Pr\u00e4sident stellt seinen &quot;Friedensplan&quot; vor"},{"@type":"BreadcrumbList","@id":"https:\/\/now-news.de\/de\/deutschland\/weitere-aufruestung-der-ukraine-finnischer-praesident-stellt-seinen-friedensplan-vor\/#breadcrumb","itemListElement":[{"@type":"ListItem","position":1,"name":"Home","item":"https:\/\/now-news.de\/de\/"},{"@type":"ListItem","position":2,"name":"Weitere Aufr\u00fcstung der Ukraine: Finnischer Pr\u00e4sident stellt seinen &quot;Friedensplan&quot; vor"}]},{"@type":"WebSite","@id":"https:\/\/now-news.de\/de\/#website","url":"https:\/\/now-news.de\/de\/","name":"just-now.NEWS Deutschland","description":"Das Portal f\u00fcr unzensierte Nachrichten aus der Welt","publisher":{"@id":"https:\/\/now-news.de\/de\/#organization"},"potentialAction":[{"@type":"SearchAction","target":{"@type":"EntryPoint","urlTemplate":"https:\/\/now-news.de\/de\/?s={search_term_string}"},"query-input":"required name=search_term_string"}],"inLanguage":"de"},{"@type":"Organization","@id":"https:\/\/now-news.de\/de\/#organization","name":"Just Now News","url":"https:\/\/now-news.de\/de\/","logo":{"@type":"ImageObject","inLanguage":"de","@id":"https:\/\/now-news.de\/de\/#\/schema\/logo\/image\/","url":"http:\/\/just-now.news\/de\/wp-content\/uploads\/sites\/3\/2022\/04\/logo500x500.jpg","contentUrl":"http:\/\/just-now.news\/de\/wp-content\/uploads\/sites\/3\/2022\/04\/logo500x500.jpg","width":500,"height":500,"caption":"Just Now News"},"image":{"@id":"https:\/\/now-news.de\/de\/#\/schema\/logo\/image\/"},"sameAs":["https:\/\/www.facebook.com\/wirmachenauf","https:\/\/x.com\/WirMachenAuf_de"]},{"@type":"Person","@id":"https:\/\/now-news.de\/de\/#\/schema\/person\/fb534a4e865501d8b3285208df34a9b5","name":"rtnews","image":{"@type":"ImageObject","inLanguage":"de","@id":"https:\/\/now-news.de\/de\/#\/schema\/person\/image\/","url":"https:\/\/secure.gravatar.com\/avatar\/82aafea7d8127119dd649515f56e2117?s=96&d=mm&r=g","contentUrl":"https:\/\/secure.gravatar.com\/avatar\/82aafea7d8127119dd649515f56e2117?s=96&d=mm&r=g","caption":"rtnews"},"url":"https:\/\/now-news.de\/de\/author\/rnews\/"}]}},"_links":{"self":[{"href":"https:\/\/now-news.de\/de\/wp-json\/wp\/v2\/posts\/78652"}],"collection":[{"href":"https:\/\/now-news.de\/de\/wp-json\/wp\/v2\/posts"}],"about":[{"href":"https:\/\/now-news.de\/de\/wp-json\/wp\/v2\/types\/post"}],"author":[{"embeddable":true,"href":"https:\/\/now-news.de\/de\/wp-json\/wp\/v2\/users\/3"}],"replies":[{"embeddable":true,"href":"https:\/\/now-news.de\/de\/wp-json\/wp\/v2\/comments?post=78652"}],"version-history":[{"count":0,"href":"https:\/\/now-news.de\/de\/wp-json\/wp\/v2\/posts\/78652\/revisions"}],"wp:featuredmedia":[{"embeddable":true,"href":"https:\/\/now-news.de\/de\/wp-json\/wp\/v2\/media\/78653"}],"wp:attachment":[{"href":"https:\/\/now-news.de\/de\/wp-json\/wp\/v2\/media?parent=78652"}],"wp:term":[{"taxonomy":"category","embeddable":true,"href":"https:\/\/now-news.de\/de\/wp-json\/wp\/v2\/categories?post=78652"},{"taxonomy":"post_tag","embeddable":true,"href":"https:\/\/now-news.de\/de\/wp-json\/wp\/v2\/tags?post=78652"}],"curies":[{"name":"wp","href":"https:\/\/api.w.org\/{rel}","templated":true}]}}