{"id":78628,"date":"2025-02-16T21:00:52","date_gmt":"2025-02-16T19:00:52","guid":{"rendered":"https:\/\/now-news.de\/de\/deutschland\/sevim-dagdelen-politik-der-selbstzerstoerung-muss-beendet-werden\/"},"modified":"2025-02-16T21:00:52","modified_gmt":"2025-02-16T19:00:52","slug":"sevim-dagdelen-politik-der-selbstzerstoerung-muss-beendet-werden","status":"publish","type":"post","link":"https:\/\/now-news.de\/de\/deutschland\/sevim-dagdelen-politik-der-selbstzerstoerung-muss-beendet-werden\/","title":{"rendered":"Sevim Da\u011fdelen: Politik der Selbstzerst\u00f6rung muss beendet werden"},"content":{"rendered":"<p><img decoding=\"async\" src=\"https:\/\/now-news.de\/de\/wp-content\/uploads\/sites\/3\/2025\/02\/67b2061648fbef316036621a.jpg\" \/><\/p>\n<div class=\"Text-root Text-type_1 \">\n                Europa habe sich mit seiner Unterw\u00fcrfigkeit Biden gegen\u00fcber selbst in die Bedeutungslosigkeit man\u00f6vriert. Die Demokratie und Meinungsfreiheit seien in Gefahr. Tats\u00e4chlich brauche es ein gutes Verh\u00e4ltnis zu allen Gro\u00dfm\u00e4chten: China, Russland und den USA.\n            <\/div>\n<p><\/p>\n<div class=\"Text-root Text-type_5 ArticleView-text ViewText-root \">\n<p>Die Angriffe, die US-Vizepr\u00e4sident J.D. Vance auf der M\u00fcnchner Sicherheitskonferenz gegen die EU-L\u00e4nder gerichtet hatte, seien zwar &#8220;\u00fcbergriffig&#8221; \u2013 wozu die deutsche Bundesregierung &#8220;mit ihrem Duckm\u00e4usertum&#8221; geradezu eingeladen habe \u2013, aber &#8220;es findet sich in der Rede von Vance auch Bedenkenswertes&#8221;. Dies sagte Sevim Da\u011fdelen, die au\u00dfenpolitische Sprecherin des BSW, im <a rel=\"nofollow noopener\" target=\"_blank\" href=\"https:\/\/www.berliner-zeitung.de\/politik-gesellschaft\/geopolitik\/bsw-sevim-dagdelen-rechnet-mit-deutscher-ukraine-politik-ab-li.2295321\">Interview<\/a> mit der <em>Berliner Zeitung<\/em>.<\/p>\n<p>So seien die Annullierung der rum\u00e4nischen Pr\u00e4sidentschaftswahlen und die Aussage des ehemaligen EU-Kommissars Thierry Breton, man k\u00f6nne, falls n\u00f6tig, auch mit Deutschland so umgehen, laut Da\u011fdelen &#8220;eine Gefahr f\u00fcr die Demokratie und die Meinungsfreiheit in Europa&#8221;. Der Meinungskorridor habe sich extrem verengt.<\/p>\n<p>Sevim Da\u011fdelen (49) wurde im Jahr 2005 erstmals f\u00fcr die Linke in den Bundestag gew\u00e4hlt. Im Oktober 2023 war sie eine der zehn Abgeordneten der Linken, die aus der Partei austraten, um das BSW zu gr\u00fcnden.<\/p>\n<p>In Bezug auf die Ukraine kritisierte sie, &#8220;die Politiker [h\u00e4tten] in ihrem Kriegsrausch den Verstand verloren&#8221;, wollten den Krieg bei einem R\u00fcckzug der USA &#8220;allein als Europ\u00e4er weiterf\u00fchren&#8221; und bastelten nun &#8220;an einer neuen Dolchsto\u00dflegende. Nach dem Motto: Die USA sind schuld an der Niederlage der Ukraine im NATO-Stellvertreterkrieg gegen Russland, weil sie jetzt auf Friedensverhandlungen setzen.&#8221;<\/p>\n<p>Alles sei besser als &#8220;die Fortsetzung dieses sinnlosen Abnutzungskriegs&#8221;. Dass die USA jetzt die Realit\u00e4ten anerkennen und keine NATO-Mitgliedschaft der Ukraine mehr s\u00e4hen, d\u00fcrfe aber nicht bedeuten, dass &#8220;Trump uns Europ\u00e4ern die Rolle des Zahlmeisters zudenkt&#8221;.<\/p>\n<p>Das Sterben in der Ukraine m\u00fcsse in jedem Fall enden \u2013 auch aus deutschem Eigeninteresse:<\/p>\n<blockquote>\n<p><em>&#8220;Die Sanktionen haben Deutschland ruiniert. Nach neuesten Prognosen wird die Wirtschaft 2025 das dritte Rezessionsjahr in Folge erleben. Diese Politik der Selbstzerst\u00f6rung muss beendet werden.&#8221;<\/em><\/p>\n<\/blockquote>\n<p>Dieselben, die sich den USA unter der Biden-Regierung bedingungslos unterworfen h\u00e4tten, w\u00fcrden jetzt meinen, &#8220;erst Russland, dann China und am Ende noch die USA und Indien angehen zu m\u00fcssen&#8221;.<\/p>\n<p>Tats\u00e4chlich sei eine &#8220;eigenst\u00e4ndige, souver\u00e4ne Au\u00dfenpolitik&#8221; f\u00fcr Europa notwendig:<\/p>\n<blockquote>\n<p><em>&#8220;In einer multipolaren Welt ist es wichtig, einen eigenen, unabh\u00e4ngigen und souver\u00e4nen europ\u00e4ischen Pol zu bilden und nicht zwischen den Gro\u00dfm\u00e4chten zerrieben zu werden.&#8221;<\/em><\/p>\n<\/blockquote>\n<p>Gerade die &#8220;willf\u00e4hrigsten Transatlantiker&#8221; meinten jetzt, &#8220;es auch noch mit den USA aufnehmen zu wollen&#8221;.<\/p>\n<blockquote>\n<p><em>&#8220;Wir brauchen eigentlich mehr De Gaulle und weniger Macron f\u00fcr Europa, das hei\u00dft eine Politik, die souver\u00e4nistisch ist, die also zum Beispiel keine amerikanischen Mittelstreckenraketen auf europ\u00e4ischem Boden akzeptiert, die uns zur Zielscheibe machen. Was wir brauchen, ist ein wehrhaftes, soziales und souver\u00e4nes Europa, das gute Beziehungen zu allen Gro\u00dfm\u00e4chten pflegt.&#8221;<\/em><\/p>\n<\/blockquote>\n<p>Mit Trumps Einsicht, dass die Ausdehnung der NATO in die Ukraine der Ausl\u00f6ser des Konflikts ist, &#8220;wenn also die Ursache dieses Konflikts geregelt wird&#8221;, dann w\u00e4re ein Frieden erreichbar; das fr\u00fchere finnische Modell w\u00e4re eine denkbare L\u00f6sung.<\/p>\n<p>Allerdings glaubt Da\u011fdelen, dass die deutsche Politik weniger ein Teil einer L\u00f6sung, sondern eher des Problems ist.<\/p>\n<blockquote>\n<p><em>&#8220;Ich f\u00fcrchte nur, dass die derzeitige deutsche Diplomatie gar nichts zu derartigen L\u00f6sungen beitragen kann, sondern im Grunde auf die Vorbereitung einer milit\u00e4rischen Revanche gegen die Atommacht Russland setzt. Das w\u00e4re fatal und w\u00fcrde einen gro\u00dfen Krieg in Europa bedeuten, der f\u00fcr Deutschland und die Menschen hier existenzgef\u00e4hrdend w\u00e4re.&#8221;<\/em><\/p>\n<\/blockquote>\n<p><strong>Mehr zum Thema<\/strong> &#8211; <a rel=\"nofollow noopener\" target=\"_blank\" href=\"https:\/\/freedert.online\/europa\/222376-dagdelen-scholz-handelt-wie-vasallenkanzler\/\">BSW-Abgeordnete Da\u011fdelen: Scholz handelt wie Vasallenkanzler der USA <\/a><\/p>\n<div class=\"EmbedBlock-root EmbedBlock-externalVideo EmbedBlock-rumble\">\n<div class=\"VkEmbed\"><iframe class=\"lazyload\" data-src=\"https:\/\/rumble.com\/embed\/v6hdy8d\" frameborder=\"0\" width=\"853\" height=\"480\" allowfullscreen><\/iframe><\/div>\n<\/div>\n<\/div>\n<p><br \/>\n<br \/><a href=\"https:\/\/de.rt.com\/inland\/236977-dagdelen-politik-selbstzerstoerung-muss-beendet\/\">Source link <\/a><\/p>\n","protected":false},"excerpt":{"rendered":"<p>Europa habe sich mit seiner Unterw\u00fcrfigkeit Biden gegen\u00fcber selbst in die Bedeutungslosigkeit man\u00f6vriert. Die Demokratie und Meinungsfreiheit seien in Gefahr. Tats\u00e4chlich brauche es ein gutes Verh\u00e4ltnis zu allen Gro\u00dfm\u00e4chten: China, Russland und den USA. Die Angriffe, die US-Vizepr\u00e4sident J.D. Vance auf der M\u00fcnchner Sicherheitskonferenz gegen die EU-L\u00e4nder gerichtet hatte, seien zwar &#8220;\u00fcbergriffig&#8221; \u2013 wozu die [&hellip;]<\/p>\n","protected":false},"author":3,"featured_media":78629,"comment_status":"open","ping_status":"open","sticky":false,"template":"","format":"standard","meta":{"_yoast_indexnow_last_ping":["1739732904"],"wp_automatic_camp":["217"],"d79b729079740676f655bec9508d00b2":["Sevim Da\u011fdelen: Politik der Selbstzerst\u00f6rung muss beendet werden"],"original_link":["https:\/\/de.rt.com\/inland\/236977-dagdelen-politik-selbstzerstoerung-muss-beendet\/"],"_thumbnail_id":["78629"],"jnews_social_counter_last_update":["1777317718"],"_wptgpro_p2tg_sent2tg":["a:1:{i:23737;s:19:\"2025-02-16 21:09:46\";}"]},"categories":[19,23],"tags":[8151,29674,82,534,592,32647,49371,1040],"yoast_head":"<!-- This site is optimized with the Yoast SEO Premium plugin v22.7 (Yoast SEO v22.7) - https:\/\/yoast.com\/wordpress\/plugins\/seo\/ -->\n<title>Sevim Da\u011fdelen: Politik der Selbstzerst\u00f6rung muss beendet werden - just-now.NEWS Deutschland<\/title>\n<meta name=\"robots\" content=\"index, follow, max-snippet:-1, max-image-preview:large, max-video-preview:-1\" \/>\n<link rel=\"canonical\" href=\"https:\/\/now-news.de\/de\/deutschland\/sevim-dagdelen-politik-der-selbstzerstoerung-muss-beendet-werden\/\" \/>\n<meta property=\"og:locale\" content=\"de_DE\" \/>\n<meta property=\"og:type\" content=\"article\" \/>\n<meta property=\"og:title\" content=\"Sevim Da\u011fdelen: Politik der Selbstzerst\u00f6rung muss beendet werden\" \/>\n<meta property=\"og:description\" content=\"Europa habe sich mit seiner Unterw\u00fcrfigkeit Biden gegen\u00fcber selbst in die Bedeutungslosigkeit man\u00f6vriert. Die Demokratie und Meinungsfreiheit seien in Gefahr. Tats\u00e4chlich brauche es ein gutes Verh\u00e4ltnis zu allen Gro\u00dfm\u00e4chten: China, Russland und den USA. Die Angriffe, die US-Vizepr\u00e4sident J.D. Vance auf der M\u00fcnchner Sicherheitskonferenz gegen die EU-L\u00e4nder gerichtet hatte, seien zwar &#8220;\u00fcbergriffig&#8221; \u2013 wozu die [&hellip;]\" \/>\n<meta property=\"og:url\" content=\"https:\/\/now-news.de\/de\/deutschland\/sevim-dagdelen-politik-der-selbstzerstoerung-muss-beendet-werden\/\" \/>\n<meta property=\"og:site_name\" content=\"just-now.NEWS Deutschland\" \/>\n<meta property=\"article:publisher\" content=\"https:\/\/www.facebook.com\/wirmachenauf\" \/>\n<meta property=\"article:published_time\" content=\"2025-02-16T19:00:52+00:00\" \/>\n<meta property=\"og:image\" content=\"https:\/\/now-news.de\/de\/wp-content\/uploads\/sites\/3\/2025\/02\/67b2061648fbef316036621a.jpg\" \/>\n<meta name=\"author\" content=\"rtnews\" \/>\n<meta name=\"twitter:card\" content=\"summary_large_image\" \/>\n<meta name=\"twitter:creator\" content=\"@WirMachenAuf_de\" \/>\n<meta name=\"twitter:site\" content=\"@WirMachenAuf_de\" \/>\n<meta name=\"twitter:label1\" content=\"Verfasst von\" \/>\n\t<meta name=\"twitter:data1\" content=\"rtnews\" \/>\n\t<meta name=\"twitter:label2\" content=\"Gesch\u00e4tzte Lesezeit\" \/>\n\t<meta name=\"twitter:data2\" content=\"3\u00a0Minuten\" \/>\n<script type=\"application\/ld+json\" class=\"yoast-schema-graph\">{\"@context\":\"https:\/\/schema.org\",\"@graph\":[{\"@type\":\"Article\",\"@id\":\"https:\/\/now-news.de\/de\/deutschland\/sevim-dagdelen-politik-der-selbstzerstoerung-muss-beendet-werden\/#article\",\"isPartOf\":{\"@id\":\"https:\/\/now-news.de\/de\/deutschland\/sevim-dagdelen-politik-der-selbstzerstoerung-muss-beendet-werden\/\"},\"author\":{\"name\":\"rtnews\",\"@id\":\"https:\/\/now-news.de\/de\/#\/schema\/person\/fb534a4e865501d8b3285208df34a9b5\"},\"headline\":\"Sevim Da\u011fdelen: Politik der Selbstzerst\u00f6rung muss beendet werden\",\"datePublished\":\"2025-02-16T19:00:52+00:00\",\"dateModified\":\"2025-02-16T19:00:52+00:00\",\"mainEntityOfPage\":{\"@id\":\"https:\/\/now-news.de\/de\/deutschland\/sevim-dagdelen-politik-der-selbstzerstoerung-muss-beendet-werden\/\"},\"wordCount\":623,\"commentCount\":0,\"publisher\":{\"@id\":\"https:\/\/now-news.de\/de\/#organization\"},\"image\":{\"@id\":\"https:\/\/now-news.de\/de\/deutschland\/sevim-dagdelen-politik-der-selbstzerstoerung-muss-beendet-werden\/#primaryimage\"},\"thumbnailUrl\":\"https:\/\/now-news.de\/de\/wp-content\/uploads\/sites\/3\/2025\/02\/Sevim-Dagdelen-Politik-der-Selbstzerstoerung-muss-beendet-werden.jpg\",\"keywords\":[\"beendet\",\"Da\u011fdelen\",\"der\",\"muss\",\"Politik\",\"Selbstzerst\u00f6rung\",\"Sevim\",\"Werden\"],\"articleSection\":[\"Deutschland\",\"Russland\"],\"inLanguage\":\"de\",\"potentialAction\":[{\"@type\":\"CommentAction\",\"name\":\"Comment\",\"target\":[\"https:\/\/now-news.de\/de\/deutschland\/sevim-dagdelen-politik-der-selbstzerstoerung-muss-beendet-werden\/#respond\"]}]},{\"@type\":\"WebPage\",\"@id\":\"https:\/\/now-news.de\/de\/deutschland\/sevim-dagdelen-politik-der-selbstzerstoerung-muss-beendet-werden\/\",\"url\":\"https:\/\/now-news.de\/de\/deutschland\/sevim-dagdelen-politik-der-selbstzerstoerung-muss-beendet-werden\/\",\"name\":\"Sevim Da\u011fdelen: Politik der Selbstzerst\u00f6rung muss beendet werden - just-now.NEWS Deutschland\",\"isPartOf\":{\"@id\":\"https:\/\/now-news.de\/de\/#website\"},\"primaryImageOfPage\":{\"@id\":\"https:\/\/now-news.de\/de\/deutschland\/sevim-dagdelen-politik-der-selbstzerstoerung-muss-beendet-werden\/#primaryimage\"},\"image\":{\"@id\":\"https:\/\/now-news.de\/de\/deutschland\/sevim-dagdelen-politik-der-selbstzerstoerung-muss-beendet-werden\/#primaryimage\"},\"thumbnailUrl\":\"https:\/\/now-news.de\/de\/wp-content\/uploads\/sites\/3\/2025\/02\/Sevim-Dagdelen-Politik-der-Selbstzerstoerung-muss-beendet-werden.jpg\",\"datePublished\":\"2025-02-16T19:00:52+00:00\",\"dateModified\":\"2025-02-16T19:00:52+00:00\",\"breadcrumb\":{\"@id\":\"https:\/\/now-news.de\/de\/deutschland\/sevim-dagdelen-politik-der-selbstzerstoerung-muss-beendet-werden\/#breadcrumb\"},\"inLanguage\":\"de\",\"potentialAction\":[{\"@type\":\"ReadAction\",\"target\":[\"https:\/\/now-news.de\/de\/deutschland\/sevim-dagdelen-politik-der-selbstzerstoerung-muss-beendet-werden\/\"]}]},{\"@type\":\"ImageObject\",\"inLanguage\":\"de\",\"@id\":\"https:\/\/now-news.de\/de\/deutschland\/sevim-dagdelen-politik-der-selbstzerstoerung-muss-beendet-werden\/#primaryimage\",\"url\":\"https:\/\/now-news.de\/de\/wp-content\/uploads\/sites\/3\/2025\/02\/Sevim-Dagdelen-Politik-der-Selbstzerstoerung-muss-beendet-werden.jpg\",\"contentUrl\":\"https:\/\/now-news.de\/de\/wp-content\/uploads\/sites\/3\/2025\/02\/Sevim-Dagdelen-Politik-der-Selbstzerstoerung-muss-beendet-werden.jpg\",\"width\":460,\"height\":259,\"caption\":\"Sevim Da\u011fdelen: Politik der Selbstzerst\u00f6rung muss beendet werden\"},{\"@type\":\"BreadcrumbList\",\"@id\":\"https:\/\/now-news.de\/de\/deutschland\/sevim-dagdelen-politik-der-selbstzerstoerung-muss-beendet-werden\/#breadcrumb\",\"itemListElement\":[{\"@type\":\"ListItem\",\"position\":1,\"name\":\"Home\",\"item\":\"https:\/\/now-news.de\/de\/\"},{\"@type\":\"ListItem\",\"position\":2,\"name\":\"Sevim Da\u011fdelen: Politik der Selbstzerst\u00f6rung muss beendet werden\"}]},{\"@type\":\"WebSite\",\"@id\":\"https:\/\/now-news.de\/de\/#website\",\"url\":\"https:\/\/now-news.de\/de\/\",\"name\":\"just-now.NEWS Deutschland\",\"description\":\"Das Portal f\u00fcr unzensierte Nachrichten aus der Welt\",\"publisher\":{\"@id\":\"https:\/\/now-news.de\/de\/#organization\"},\"potentialAction\":[{\"@type\":\"SearchAction\",\"target\":{\"@type\":\"EntryPoint\",\"urlTemplate\":\"https:\/\/now-news.de\/de\/?s={search_term_string}\"},\"query-input\":\"required name=search_term_string\"}],\"inLanguage\":\"de\"},{\"@type\":\"Organization\",\"@id\":\"https:\/\/now-news.de\/de\/#organization\",\"name\":\"Just Now News\",\"url\":\"https:\/\/now-news.de\/de\/\",\"logo\":{\"@type\":\"ImageObject\",\"inLanguage\":\"de\",\"@id\":\"https:\/\/now-news.de\/de\/#\/schema\/logo\/image\/\",\"url\":\"http:\/\/just-now.news\/de\/wp-content\/uploads\/sites\/3\/2022\/04\/logo500x500.jpg\",\"contentUrl\":\"http:\/\/just-now.news\/de\/wp-content\/uploads\/sites\/3\/2022\/04\/logo500x500.jpg\",\"width\":500,\"height\":500,\"caption\":\"Just Now News\"},\"image\":{\"@id\":\"https:\/\/now-news.de\/de\/#\/schema\/logo\/image\/\"},\"sameAs\":[\"https:\/\/www.facebook.com\/wirmachenauf\",\"https:\/\/x.com\/WirMachenAuf_de\"]},{\"@type\":\"Person\",\"@id\":\"https:\/\/now-news.de\/de\/#\/schema\/person\/fb534a4e865501d8b3285208df34a9b5\",\"name\":\"rtnews\",\"image\":{\"@type\":\"ImageObject\",\"inLanguage\":\"de\",\"@id\":\"https:\/\/now-news.de\/de\/#\/schema\/person\/image\/\",\"url\":\"https:\/\/secure.gravatar.com\/avatar\/82aafea7d8127119dd649515f56e2117?s=96&d=mm&r=g\",\"contentUrl\":\"https:\/\/secure.gravatar.com\/avatar\/82aafea7d8127119dd649515f56e2117?s=96&d=mm&r=g\",\"caption\":\"rtnews\"},\"url\":\"https:\/\/now-news.de\/de\/author\/rnews\/\"}]}<\/script>\n<!-- \/ Yoast SEO Premium plugin. -->","yoast_head_json":{"title":"Sevim Da\u011fdelen: Politik der Selbstzerst\u00f6rung muss beendet werden - just-now.NEWS Deutschland","robots":{"index":"index","follow":"follow","max-snippet":"max-snippet:-1","max-image-preview":"max-image-preview:large","max-video-preview":"max-video-preview:-1"},"canonical":"https:\/\/now-news.de\/de\/deutschland\/sevim-dagdelen-politik-der-selbstzerstoerung-muss-beendet-werden\/","og_locale":"de_DE","og_type":"article","og_title":"Sevim Da\u011fdelen: Politik der Selbstzerst\u00f6rung muss beendet werden","og_description":"Europa habe sich mit seiner Unterw\u00fcrfigkeit Biden gegen\u00fcber selbst in die Bedeutungslosigkeit man\u00f6vriert. Die Demokratie und Meinungsfreiheit seien in Gefahr. Tats\u00e4chlich brauche es ein gutes Verh\u00e4ltnis zu allen Gro\u00dfm\u00e4chten: China, Russland und den USA. Die Angriffe, die US-Vizepr\u00e4sident J.D. Vance auf der M\u00fcnchner Sicherheitskonferenz gegen die EU-L\u00e4nder gerichtet hatte, seien zwar &#8220;\u00fcbergriffig&#8221; \u2013 wozu die [&hellip;]","og_url":"https:\/\/now-news.de\/de\/deutschland\/sevim-dagdelen-politik-der-selbstzerstoerung-muss-beendet-werden\/","og_site_name":"just-now.NEWS Deutschland","article_publisher":"https:\/\/www.facebook.com\/wirmachenauf","article_published_time":"2025-02-16T19:00:52+00:00","og_image":[{"url":"https:\/\/now-news.de\/de\/wp-content\/uploads\/sites\/3\/2025\/02\/67b2061648fbef316036621a.jpg"}],"author":"rtnews","twitter_card":"summary_large_image","twitter_creator":"@WirMachenAuf_de","twitter_site":"@WirMachenAuf_de","twitter_misc":{"Verfasst von":"rtnews","Gesch\u00e4tzte Lesezeit":"3\u00a0Minuten"},"schema":{"@context":"https:\/\/schema.org","@graph":[{"@type":"Article","@id":"https:\/\/now-news.de\/de\/deutschland\/sevim-dagdelen-politik-der-selbstzerstoerung-muss-beendet-werden\/#article","isPartOf":{"@id":"https:\/\/now-news.de\/de\/deutschland\/sevim-dagdelen-politik-der-selbstzerstoerung-muss-beendet-werden\/"},"author":{"name":"rtnews","@id":"https:\/\/now-news.de\/de\/#\/schema\/person\/fb534a4e865501d8b3285208df34a9b5"},"headline":"Sevim Da\u011fdelen: Politik der Selbstzerst\u00f6rung muss beendet werden","datePublished":"2025-02-16T19:00:52+00:00","dateModified":"2025-02-16T19:00:52+00:00","mainEntityOfPage":{"@id":"https:\/\/now-news.de\/de\/deutschland\/sevim-dagdelen-politik-der-selbstzerstoerung-muss-beendet-werden\/"},"wordCount":623,"commentCount":0,"publisher":{"@id":"https:\/\/now-news.de\/de\/#organization"},"image":{"@id":"https:\/\/now-news.de\/de\/deutschland\/sevim-dagdelen-politik-der-selbstzerstoerung-muss-beendet-werden\/#primaryimage"},"thumbnailUrl":"https:\/\/now-news.de\/de\/wp-content\/uploads\/sites\/3\/2025\/02\/Sevim-Dagdelen-Politik-der-Selbstzerstoerung-muss-beendet-werden.jpg","keywords":["beendet","Da\u011fdelen","der","muss","Politik","Selbstzerst\u00f6rung","Sevim","Werden"],"articleSection":["Deutschland","Russland"],"inLanguage":"de","potentialAction":[{"@type":"CommentAction","name":"Comment","target":["https:\/\/now-news.de\/de\/deutschland\/sevim-dagdelen-politik-der-selbstzerstoerung-muss-beendet-werden\/#respond"]}]},{"@type":"WebPage","@id":"https:\/\/now-news.de\/de\/deutschland\/sevim-dagdelen-politik-der-selbstzerstoerung-muss-beendet-werden\/","url":"https:\/\/now-news.de\/de\/deutschland\/sevim-dagdelen-politik-der-selbstzerstoerung-muss-beendet-werden\/","name":"Sevim Da\u011fdelen: Politik der Selbstzerst\u00f6rung muss beendet werden - just-now.NEWS Deutschland","isPartOf":{"@id":"https:\/\/now-news.de\/de\/#website"},"primaryImageOfPage":{"@id":"https:\/\/now-news.de\/de\/deutschland\/sevim-dagdelen-politik-der-selbstzerstoerung-muss-beendet-werden\/#primaryimage"},"image":{"@id":"https:\/\/now-news.de\/de\/deutschland\/sevim-dagdelen-politik-der-selbstzerstoerung-muss-beendet-werden\/#primaryimage"},"thumbnailUrl":"https:\/\/now-news.de\/de\/wp-content\/uploads\/sites\/3\/2025\/02\/Sevim-Dagdelen-Politik-der-Selbstzerstoerung-muss-beendet-werden.jpg","datePublished":"2025-02-16T19:00:52+00:00","dateModified":"2025-02-16T19:00:52+00:00","breadcrumb":{"@id":"https:\/\/now-news.de\/de\/deutschland\/sevim-dagdelen-politik-der-selbstzerstoerung-muss-beendet-werden\/#breadcrumb"},"inLanguage":"de","potentialAction":[{"@type":"ReadAction","target":["https:\/\/now-news.de\/de\/deutschland\/sevim-dagdelen-politik-der-selbstzerstoerung-muss-beendet-werden\/"]}]},{"@type":"ImageObject","inLanguage":"de","@id":"https:\/\/now-news.de\/de\/deutschland\/sevim-dagdelen-politik-der-selbstzerstoerung-muss-beendet-werden\/#primaryimage","url":"https:\/\/now-news.de\/de\/wp-content\/uploads\/sites\/3\/2025\/02\/Sevim-Dagdelen-Politik-der-Selbstzerstoerung-muss-beendet-werden.jpg","contentUrl":"https:\/\/now-news.de\/de\/wp-content\/uploads\/sites\/3\/2025\/02\/Sevim-Dagdelen-Politik-der-Selbstzerstoerung-muss-beendet-werden.jpg","width":460,"height":259,"caption":"Sevim Da\u011fdelen: Politik der Selbstzerst\u00f6rung muss beendet werden"},{"@type":"BreadcrumbList","@id":"https:\/\/now-news.de\/de\/deutschland\/sevim-dagdelen-politik-der-selbstzerstoerung-muss-beendet-werden\/#breadcrumb","itemListElement":[{"@type":"ListItem","position":1,"name":"Home","item":"https:\/\/now-news.de\/de\/"},{"@type":"ListItem","position":2,"name":"Sevim Da\u011fdelen: Politik der Selbstzerst\u00f6rung muss beendet werden"}]},{"@type":"WebSite","@id":"https:\/\/now-news.de\/de\/#website","url":"https:\/\/now-news.de\/de\/","name":"just-now.NEWS Deutschland","description":"Das Portal f\u00fcr unzensierte Nachrichten aus der Welt","publisher":{"@id":"https:\/\/now-news.de\/de\/#organization"},"potentialAction":[{"@type":"SearchAction","target":{"@type":"EntryPoint","urlTemplate":"https:\/\/now-news.de\/de\/?s={search_term_string}"},"query-input":"required name=search_term_string"}],"inLanguage":"de"},{"@type":"Organization","@id":"https:\/\/now-news.de\/de\/#organization","name":"Just Now News","url":"https:\/\/now-news.de\/de\/","logo":{"@type":"ImageObject","inLanguage":"de","@id":"https:\/\/now-news.de\/de\/#\/schema\/logo\/image\/","url":"http:\/\/just-now.news\/de\/wp-content\/uploads\/sites\/3\/2022\/04\/logo500x500.jpg","contentUrl":"http:\/\/just-now.news\/de\/wp-content\/uploads\/sites\/3\/2022\/04\/logo500x500.jpg","width":500,"height":500,"caption":"Just Now News"},"image":{"@id":"https:\/\/now-news.de\/de\/#\/schema\/logo\/image\/"},"sameAs":["https:\/\/www.facebook.com\/wirmachenauf","https:\/\/x.com\/WirMachenAuf_de"]},{"@type":"Person","@id":"https:\/\/now-news.de\/de\/#\/schema\/person\/fb534a4e865501d8b3285208df34a9b5","name":"rtnews","image":{"@type":"ImageObject","inLanguage":"de","@id":"https:\/\/now-news.de\/de\/#\/schema\/person\/image\/","url":"https:\/\/secure.gravatar.com\/avatar\/82aafea7d8127119dd649515f56e2117?s=96&d=mm&r=g","contentUrl":"https:\/\/secure.gravatar.com\/avatar\/82aafea7d8127119dd649515f56e2117?s=96&d=mm&r=g","caption":"rtnews"},"url":"https:\/\/now-news.de\/de\/author\/rnews\/"}]}},"_links":{"self":[{"href":"https:\/\/now-news.de\/de\/wp-json\/wp\/v2\/posts\/78628"}],"collection":[{"href":"https:\/\/now-news.de\/de\/wp-json\/wp\/v2\/posts"}],"about":[{"href":"https:\/\/now-news.de\/de\/wp-json\/wp\/v2\/types\/post"}],"author":[{"embeddable":true,"href":"https:\/\/now-news.de\/de\/wp-json\/wp\/v2\/users\/3"}],"replies":[{"embeddable":true,"href":"https:\/\/now-news.de\/de\/wp-json\/wp\/v2\/comments?post=78628"}],"version-history":[{"count":0,"href":"https:\/\/now-news.de\/de\/wp-json\/wp\/v2\/posts\/78628\/revisions"}],"wp:featuredmedia":[{"embeddable":true,"href":"https:\/\/now-news.de\/de\/wp-json\/wp\/v2\/media\/78629"}],"wp:attachment":[{"href":"https:\/\/now-news.de\/de\/wp-json\/wp\/v2\/media?parent=78628"}],"wp:term":[{"taxonomy":"category","embeddable":true,"href":"https:\/\/now-news.de\/de\/wp-json\/wp\/v2\/categories?post=78628"},{"taxonomy":"post_tag","embeddable":true,"href":"https:\/\/now-news.de\/de\/wp-json\/wp\/v2\/tags?post=78628"}],"curies":[{"name":"wp","href":"https:\/\/api.w.org\/{rel}","templated":true}]}}