{"id":78570,"date":"2025-02-15T21:27:05","date_gmt":"2025-02-15T19:27:05","guid":{"rendered":"https:\/\/now-news.de\/de\/deutschland\/messerangriff-in-oesterreich-14-jaehriger-stirbt-nach-attacke-durch-syrer\/"},"modified":"2025-02-15T21:27:05","modified_gmt":"2025-02-15T19:27:05","slug":"messerangriff-in-oesterreich-14-jaehriger-stirbt-nach-attacke-durch-syrer","status":"publish","type":"post","link":"https:\/\/now-news.de\/de\/deutschland\/messerangriff-in-oesterreich-14-jaehriger-stirbt-nach-attacke-durch-syrer\/","title":{"rendered":"Messerangriff in \u00d6sterreich: 14-J\u00e4hriger stirbt nach Attacke durch Syrer"},"content":{"rendered":"<p><img decoding=\"async\" src=\"https:\/\/now-news.de\/de\/wp-content\/uploads\/sites\/3\/2025\/02\/67b0eb7548fbef31603661bc.jpg\" \/><\/p>\n<div class=\"Text-root Text-type_1 \">\n                In Villach kam es zu einer t\u00f6dlichen Messerattacke: Ein 23-j\u00e4hriger Syrer griff f\u00fcnf Passanten an, ein 14-J\u00e4hriger starb. Ein Essenslieferant stoppte den T\u00e4ter, indem er ihn mit seinem Auto anfuhr. Die Polizei ermittelt, ob es weitere T\u00e4ter gibt. Die Stadt Villach hat einen Krisenstab einberufen.\n            <\/div>\n<p><\/p>\n<div class=\"Text-root Text-type_5 ArticleView-text ViewText-root \">\n<p data-start=\"82\" data-end=\"416\">In der \u00f6sterreichischen Stadt Villach kam es am Samstagnachmittag zu einer t\u00f6dlichen Messerattacke. Ein 23-j\u00e4hriger Syrer stach auf Passanten ein und verletzte f\u00fcnf Menschen, darunter einen 14-J\u00e4hrigen, der noch am Tatort seinen Verletzungen erlag. Ein Essenslieferant stoppte den Angreifer, indem er ihn mit seinem Fahrzeug anfuhr.<\/p>\n<p data-start=\"450\" data-end=\"736\">Die Attacke ereignete sich gegen 16 Uhr nahe der Draubr\u00fccke. Augenzeugen berichteten von chaotischen Szenen, als der T\u00e4ter wahllos auf Passanten einstach. Die Polizei war mit einem Gro\u00dfaufgebot vor Ort, darunter Spezialeinheiten des Einsatzkommandos Cobra und ein Polizeihubschrauber.<\/p>\n<p data-start=\"738\" data-end=\"1006\">Der mutma\u00dfliche T\u00e4ter konnte nach der Tat festgenommen werden. Die Hintergr\u00fcnde der Attacke sind noch unklar, die Ermittlungen laufen.<\/p>\n<div class=\"EmbedBlock-root EmbedBlock-twitter\">\n<div class=\"TwitterEmbed\">\n<blockquote class=\"twitter-tweet lazyload\" data-twitter=\"twitter-tweet\">\n<p lang=\"de\" dir=\"ltr\">Das Blut &amp; die Tr\u00e4nen sind nicht getrocknet. Und schon geht es weiter mit dem n\u00e4chsten Attentat. Ein Syrer sticht wahllos auf Passanten in Villach ein. Ein 14 j\u00e4hriger ist tot.Und der T\u00e4ter? Lacht und hebt den Finger.Er lacht uns ins Gesicht &amp; hat keine Angst. Unglaublich. <a rel=\"nofollow noopener\" target=\"_blank\" href=\"https:\/\/t.co\/HJKAss1btO\">pic.twitter.com\/HJKAss1btO<\/a><\/p>\n<p>\u2014 Manaf Hassan (@manaf12hassan) <a rel=\"nofollow noopener\" target=\"_blank\" href=\"https:\/\/twitter.com\/manaf12hassan\/status\/1890841056435998842?ref_src=twsrc%5Etfw\">February 15, 2025<\/a><\/p><\/blockquote>\n<\/div>\n<\/div>\n<p data-start=\"738\" data-end=\"1006\">Laut Polizei wird gepr\u00fcft, ob der Angriff einen terroristischen Hintergrund haben k\u00f6nnte oder ob es sich um eine Einzeltat handelt.<\/p>\n<p data-start=\"1049\" data-end=\"1278\">Ein Essenszusteller, der die Tat beobachtete, reagierte geistesgegenw\u00e4rtig und fuhr den Angreifer mit seinem Fahrzeug an. Dadurch konnte er ihn offenbar von weiteren Attacken abhalten. Der Lieferant wurde selbst nicht verletzt.<\/p>\n<p data-start=\"1322\" data-end=\"1637\">Aufgrund der Schwere des Vorfalls hat die Stadt Villach f\u00fcr den Abend einen Krisenstab einberufen. Die Bev\u00f6lkerung wird um Mithilfe gebeten, insbesondere um Hinweise zu m\u00f6glichen weiteren T\u00e4tern oder verd\u00e4chtigen Beobachtungen.<\/p>\n<p data-start=\"1639\" data-end=\"1708\" data-is-last-node=\"\">Die Stadt Villach steht nach diesem tragischen Ereignis unter Schock.<\/p>\n<p data-start=\"1639\" data-end=\"1708\" data-is-last-node=\"\"><strong>Mehr zum Thema<\/strong>\u00a0\u2012\u00a0<a rel=\"nofollow noopener\" target=\"_blank\" href=\"https:\/\/freedert.online\/schweiz\/236529-jeder-fuenfte-in-europa-rechnet\/\">Jeder F\u00fcnfte in Europa rechnet mit Russlands Sieg \u2013 Korruption als Schl\u00fcsselfaktor<\/a><\/p>\n<div class=\"EmbedBlock-root EmbedBlock-externalVideo EmbedBlock-rumble\">\n<div class=\"VkEmbed\"><iframe class=\"lazyload\" data-src=\"https:\/\/rumble.com\/embed\/v6i4zej\" frameborder=\"0\" width=\"853\" height=\"480\" allowfullscreen><\/iframe><\/div>\n<\/div>\n<\/div>\n<p><script async src=\"https:\/\/platform.twitter.com\/widgets.js\" charset=\"utf-8\"><\/script><br \/>\n<br \/><br \/>\n<br \/><a href=\"https:\/\/de.rt.com\/oesterreich\/236919-messerangriff-in-oesterreich-14-jaehriger\/\">Source link <\/a><\/p>\n","protected":false},"excerpt":{"rendered":"<p>In Villach kam es zu einer t\u00f6dlichen Messerattacke: Ein 23-j\u00e4hriger Syrer griff f\u00fcnf Passanten an, ein 14-J\u00e4hriger starb. Ein Essenslieferant stoppte den T\u00e4ter, indem er ihn mit seinem Auto anfuhr. Die Polizei ermittelt, ob es weitere T\u00e4ter gibt. Die Stadt Villach hat einen Krisenstab einberufen. In der \u00f6sterreichischen Stadt Villach kam es am Samstagnachmittag zu [&hellip;]<\/p>\n","protected":false},"author":3,"featured_media":78571,"comment_status":"open","ping_status":"open","sticky":false,"template":"","format":"standard","meta":{"_yoast_indexnow_last_ping":["1739648555"],"wp_automatic_camp":["217"],"933bee4fc82116ff86d02c6ce936d61b":["Messerangriff in \u00d6sterreich: 14-J\u00e4hriger stirbt nach Attacke durch Syrer"],"original_link":["https:\/\/de.rt.com\/oesterreich\/236919-messerangriff-in-oesterreich-14-jaehriger\/"],"_thumbnail_id":["78571"],"jnews_social_counter_last_update":["1777394572"],"_wptgpro_p2tg_sent2tg":["a:1:{i:23737;s:19:\"2025-02-15 21:44:08\";}"]},"categories":[19,23],"tags":[25720,22235,1024,23954,979,7290,6143,18074],"yoast_head":"<!-- This site is optimized with the Yoast SEO Premium plugin v22.7 (Yoast SEO v22.7) - https:\/\/yoast.com\/wordpress\/plugins\/seo\/ -->\n<title>Messerangriff in \u00d6sterreich: 14-J\u00e4hriger stirbt nach Attacke durch Syrer - just-now.NEWS Deutschland<\/title>\n<meta name=\"robots\" content=\"index, follow, max-snippet:-1, max-image-preview:large, max-video-preview:-1\" \/>\n<link rel=\"canonical\" href=\"https:\/\/now-news.de\/de\/deutschland\/messerangriff-in-oesterreich-14-jaehriger-stirbt-nach-attacke-durch-syrer\/\" \/>\n<meta property=\"og:locale\" content=\"de_DE\" \/>\n<meta property=\"og:type\" content=\"article\" \/>\n<meta property=\"og:title\" content=\"Messerangriff in \u00d6sterreich: 14-J\u00e4hriger stirbt nach Attacke durch Syrer\" \/>\n<meta property=\"og:description\" content=\"In Villach kam es zu einer t\u00f6dlichen Messerattacke: Ein 23-j\u00e4hriger Syrer griff f\u00fcnf Passanten an, ein 14-J\u00e4hriger starb. Ein Essenslieferant stoppte den T\u00e4ter, indem er ihn mit seinem Auto anfuhr. Die Polizei ermittelt, ob es weitere T\u00e4ter gibt. Die Stadt Villach hat einen Krisenstab einberufen. In der \u00f6sterreichischen Stadt Villach kam es am Samstagnachmittag zu [&hellip;]\" \/>\n<meta property=\"og:url\" content=\"https:\/\/now-news.de\/de\/deutschland\/messerangriff-in-oesterreich-14-jaehriger-stirbt-nach-attacke-durch-syrer\/\" \/>\n<meta property=\"og:site_name\" content=\"just-now.NEWS Deutschland\" \/>\n<meta property=\"article:publisher\" content=\"https:\/\/www.facebook.com\/wirmachenauf\" \/>\n<meta property=\"article:published_time\" content=\"2025-02-15T19:27:05+00:00\" \/>\n<meta property=\"og:image\" content=\"https:\/\/now-news.de\/de\/wp-content\/uploads\/sites\/3\/2025\/02\/67b0eb7548fbef31603661bc.jpg\" \/>\n<meta name=\"author\" content=\"rtnews\" \/>\n<meta name=\"twitter:card\" content=\"summary_large_image\" \/>\n<meta name=\"twitter:creator\" content=\"@WirMachenAuf_de\" \/>\n<meta name=\"twitter:site\" content=\"@WirMachenAuf_de\" \/>\n<meta name=\"twitter:label1\" content=\"Verfasst von\" \/>\n\t<meta name=\"twitter:data1\" content=\"rtnews\" \/>\n\t<meta name=\"twitter:label2\" content=\"Gesch\u00e4tzte Lesezeit\" \/>\n\t<meta name=\"twitter:data2\" content=\"2\u00a0Minuten\" \/>\n<script type=\"application\/ld+json\" class=\"yoast-schema-graph\">{\"@context\":\"https:\/\/schema.org\",\"@graph\":[{\"@type\":\"Article\",\"@id\":\"https:\/\/now-news.de\/de\/deutschland\/messerangriff-in-oesterreich-14-jaehriger-stirbt-nach-attacke-durch-syrer\/#article\",\"isPartOf\":{\"@id\":\"https:\/\/now-news.de\/de\/deutschland\/messerangriff-in-oesterreich-14-jaehriger-stirbt-nach-attacke-durch-syrer\/\"},\"author\":{\"name\":\"rtnews\",\"@id\":\"https:\/\/now-news.de\/de\/#\/schema\/person\/fb534a4e865501d8b3285208df34a9b5\"},\"headline\":\"Messerangriff in \u00d6sterreich: 14-J\u00e4hriger stirbt nach Attacke durch Syrer\",\"datePublished\":\"2025-02-15T19:27:05+00:00\",\"dateModified\":\"2025-02-15T19:27:05+00:00\",\"mainEntityOfPage\":{\"@id\":\"https:\/\/now-news.de\/de\/deutschland\/messerangriff-in-oesterreich-14-jaehriger-stirbt-nach-attacke-durch-syrer\/\"},\"wordCount\":354,\"commentCount\":0,\"publisher\":{\"@id\":\"https:\/\/now-news.de\/de\/#organization\"},\"image\":{\"@id\":\"https:\/\/now-news.de\/de\/deutschland\/messerangriff-in-oesterreich-14-jaehriger-stirbt-nach-attacke-durch-syrer\/#primaryimage\"},\"thumbnailUrl\":\"https:\/\/now-news.de\/de\/wp-content\/uploads\/sites\/3\/2025\/02\/Messerangriff-in-Oesterreich-14-Jaehriger-stirbt-nach-Attacke-durch-Syrer.jpg\",\"keywords\":[\"14j\u00e4hriger\",\"Attacke\",\"durch\",\"Messerangriff\",\"nach\",\"\u00d6sterreich\",\"stirbt\",\"Syrer\"],\"articleSection\":[\"Deutschland\",\"Russland\"],\"inLanguage\":\"de\",\"potentialAction\":[{\"@type\":\"CommentAction\",\"name\":\"Comment\",\"target\":[\"https:\/\/now-news.de\/de\/deutschland\/messerangriff-in-oesterreich-14-jaehriger-stirbt-nach-attacke-durch-syrer\/#respond\"]}]},{\"@type\":\"WebPage\",\"@id\":\"https:\/\/now-news.de\/de\/deutschland\/messerangriff-in-oesterreich-14-jaehriger-stirbt-nach-attacke-durch-syrer\/\",\"url\":\"https:\/\/now-news.de\/de\/deutschland\/messerangriff-in-oesterreich-14-jaehriger-stirbt-nach-attacke-durch-syrer\/\",\"name\":\"Messerangriff in \u00d6sterreich: 14-J\u00e4hriger stirbt nach Attacke durch Syrer - just-now.NEWS Deutschland\",\"isPartOf\":{\"@id\":\"https:\/\/now-news.de\/de\/#website\"},\"primaryImageOfPage\":{\"@id\":\"https:\/\/now-news.de\/de\/deutschland\/messerangriff-in-oesterreich-14-jaehriger-stirbt-nach-attacke-durch-syrer\/#primaryimage\"},\"image\":{\"@id\":\"https:\/\/now-news.de\/de\/deutschland\/messerangriff-in-oesterreich-14-jaehriger-stirbt-nach-attacke-durch-syrer\/#primaryimage\"},\"thumbnailUrl\":\"https:\/\/now-news.de\/de\/wp-content\/uploads\/sites\/3\/2025\/02\/Messerangriff-in-Oesterreich-14-Jaehriger-stirbt-nach-Attacke-durch-Syrer.jpg\",\"datePublished\":\"2025-02-15T19:27:05+00:00\",\"dateModified\":\"2025-02-15T19:27:05+00:00\",\"breadcrumb\":{\"@id\":\"https:\/\/now-news.de\/de\/deutschland\/messerangriff-in-oesterreich-14-jaehriger-stirbt-nach-attacke-durch-syrer\/#breadcrumb\"},\"inLanguage\":\"de\",\"potentialAction\":[{\"@type\":\"ReadAction\",\"target\":[\"https:\/\/now-news.de\/de\/deutschland\/messerangriff-in-oesterreich-14-jaehriger-stirbt-nach-attacke-durch-syrer\/\"]}]},{\"@type\":\"ImageObject\",\"inLanguage\":\"de\",\"@id\":\"https:\/\/now-news.de\/de\/deutschland\/messerangriff-in-oesterreich-14-jaehriger-stirbt-nach-attacke-durch-syrer\/#primaryimage\",\"url\":\"https:\/\/now-news.de\/de\/wp-content\/uploads\/sites\/3\/2025\/02\/Messerangriff-in-Oesterreich-14-Jaehriger-stirbt-nach-Attacke-durch-Syrer.jpg\",\"contentUrl\":\"https:\/\/now-news.de\/de\/wp-content\/uploads\/sites\/3\/2025\/02\/Messerangriff-in-Oesterreich-14-Jaehriger-stirbt-nach-Attacke-durch-Syrer.jpg\",\"width\":460,\"height\":259,\"caption\":\"Messerangriff in \u00d6sterreich: 14-J\u00e4hriger stirbt nach Attacke durch Syrer\"},{\"@type\":\"BreadcrumbList\",\"@id\":\"https:\/\/now-news.de\/de\/deutschland\/messerangriff-in-oesterreich-14-jaehriger-stirbt-nach-attacke-durch-syrer\/#breadcrumb\",\"itemListElement\":[{\"@type\":\"ListItem\",\"position\":1,\"name\":\"Home\",\"item\":\"https:\/\/now-news.de\/de\/\"},{\"@type\":\"ListItem\",\"position\":2,\"name\":\"Messerangriff in \u00d6sterreich: 14-J\u00e4hriger stirbt nach Attacke durch Syrer\"}]},{\"@type\":\"WebSite\",\"@id\":\"https:\/\/now-news.de\/de\/#website\",\"url\":\"https:\/\/now-news.de\/de\/\",\"name\":\"just-now.NEWS Deutschland\",\"description\":\"Das Portal f\u00fcr unzensierte Nachrichten aus der Welt\",\"publisher\":{\"@id\":\"https:\/\/now-news.de\/de\/#organization\"},\"potentialAction\":[{\"@type\":\"SearchAction\",\"target\":{\"@type\":\"EntryPoint\",\"urlTemplate\":\"https:\/\/now-news.de\/de\/?s={search_term_string}\"},\"query-input\":\"required name=search_term_string\"}],\"inLanguage\":\"de\"},{\"@type\":\"Organization\",\"@id\":\"https:\/\/now-news.de\/de\/#organization\",\"name\":\"Just Now News\",\"url\":\"https:\/\/now-news.de\/de\/\",\"logo\":{\"@type\":\"ImageObject\",\"inLanguage\":\"de\",\"@id\":\"https:\/\/now-news.de\/de\/#\/schema\/logo\/image\/\",\"url\":\"http:\/\/just-now.news\/de\/wp-content\/uploads\/sites\/3\/2022\/04\/logo500x500.jpg\",\"contentUrl\":\"http:\/\/just-now.news\/de\/wp-content\/uploads\/sites\/3\/2022\/04\/logo500x500.jpg\",\"width\":500,\"height\":500,\"caption\":\"Just Now News\"},\"image\":{\"@id\":\"https:\/\/now-news.de\/de\/#\/schema\/logo\/image\/\"},\"sameAs\":[\"https:\/\/www.facebook.com\/wirmachenauf\",\"https:\/\/x.com\/WirMachenAuf_de\"]},{\"@type\":\"Person\",\"@id\":\"https:\/\/now-news.de\/de\/#\/schema\/person\/fb534a4e865501d8b3285208df34a9b5\",\"name\":\"rtnews\",\"image\":{\"@type\":\"ImageObject\",\"inLanguage\":\"de\",\"@id\":\"https:\/\/now-news.de\/de\/#\/schema\/person\/image\/\",\"url\":\"https:\/\/secure.gravatar.com\/avatar\/82aafea7d8127119dd649515f56e2117?s=96&d=mm&r=g\",\"contentUrl\":\"https:\/\/secure.gravatar.com\/avatar\/82aafea7d8127119dd649515f56e2117?s=96&d=mm&r=g\",\"caption\":\"rtnews\"},\"url\":\"https:\/\/now-news.de\/de\/author\/rnews\/\"}]}<\/script>\n<!-- \/ Yoast SEO Premium plugin. -->","yoast_head_json":{"title":"Messerangriff in \u00d6sterreich: 14-J\u00e4hriger stirbt nach Attacke durch Syrer - just-now.NEWS Deutschland","robots":{"index":"index","follow":"follow","max-snippet":"max-snippet:-1","max-image-preview":"max-image-preview:large","max-video-preview":"max-video-preview:-1"},"canonical":"https:\/\/now-news.de\/de\/deutschland\/messerangriff-in-oesterreich-14-jaehriger-stirbt-nach-attacke-durch-syrer\/","og_locale":"de_DE","og_type":"article","og_title":"Messerangriff in \u00d6sterreich: 14-J\u00e4hriger stirbt nach Attacke durch Syrer","og_description":"In Villach kam es zu einer t\u00f6dlichen Messerattacke: Ein 23-j\u00e4hriger Syrer griff f\u00fcnf Passanten an, ein 14-J\u00e4hriger starb. Ein Essenslieferant stoppte den T\u00e4ter, indem er ihn mit seinem Auto anfuhr. Die Polizei ermittelt, ob es weitere T\u00e4ter gibt. Die Stadt Villach hat einen Krisenstab einberufen. In der \u00f6sterreichischen Stadt Villach kam es am Samstagnachmittag zu [&hellip;]","og_url":"https:\/\/now-news.de\/de\/deutschland\/messerangriff-in-oesterreich-14-jaehriger-stirbt-nach-attacke-durch-syrer\/","og_site_name":"just-now.NEWS Deutschland","article_publisher":"https:\/\/www.facebook.com\/wirmachenauf","article_published_time":"2025-02-15T19:27:05+00:00","og_image":[{"url":"https:\/\/now-news.de\/de\/wp-content\/uploads\/sites\/3\/2025\/02\/67b0eb7548fbef31603661bc.jpg"}],"author":"rtnews","twitter_card":"summary_large_image","twitter_creator":"@WirMachenAuf_de","twitter_site":"@WirMachenAuf_de","twitter_misc":{"Verfasst von":"rtnews","Gesch\u00e4tzte Lesezeit":"2\u00a0Minuten"},"schema":{"@context":"https:\/\/schema.org","@graph":[{"@type":"Article","@id":"https:\/\/now-news.de\/de\/deutschland\/messerangriff-in-oesterreich-14-jaehriger-stirbt-nach-attacke-durch-syrer\/#article","isPartOf":{"@id":"https:\/\/now-news.de\/de\/deutschland\/messerangriff-in-oesterreich-14-jaehriger-stirbt-nach-attacke-durch-syrer\/"},"author":{"name":"rtnews","@id":"https:\/\/now-news.de\/de\/#\/schema\/person\/fb534a4e865501d8b3285208df34a9b5"},"headline":"Messerangriff in \u00d6sterreich: 14-J\u00e4hriger stirbt nach Attacke durch Syrer","datePublished":"2025-02-15T19:27:05+00:00","dateModified":"2025-02-15T19:27:05+00:00","mainEntityOfPage":{"@id":"https:\/\/now-news.de\/de\/deutschland\/messerangriff-in-oesterreich-14-jaehriger-stirbt-nach-attacke-durch-syrer\/"},"wordCount":354,"commentCount":0,"publisher":{"@id":"https:\/\/now-news.de\/de\/#organization"},"image":{"@id":"https:\/\/now-news.de\/de\/deutschland\/messerangriff-in-oesterreich-14-jaehriger-stirbt-nach-attacke-durch-syrer\/#primaryimage"},"thumbnailUrl":"https:\/\/now-news.de\/de\/wp-content\/uploads\/sites\/3\/2025\/02\/Messerangriff-in-Oesterreich-14-Jaehriger-stirbt-nach-Attacke-durch-Syrer.jpg","keywords":["14j\u00e4hriger","Attacke","durch","Messerangriff","nach","\u00d6sterreich","stirbt","Syrer"],"articleSection":["Deutschland","Russland"],"inLanguage":"de","potentialAction":[{"@type":"CommentAction","name":"Comment","target":["https:\/\/now-news.de\/de\/deutschland\/messerangriff-in-oesterreich-14-jaehriger-stirbt-nach-attacke-durch-syrer\/#respond"]}]},{"@type":"WebPage","@id":"https:\/\/now-news.de\/de\/deutschland\/messerangriff-in-oesterreich-14-jaehriger-stirbt-nach-attacke-durch-syrer\/","url":"https:\/\/now-news.de\/de\/deutschland\/messerangriff-in-oesterreich-14-jaehriger-stirbt-nach-attacke-durch-syrer\/","name":"Messerangriff in \u00d6sterreich: 14-J\u00e4hriger stirbt nach Attacke durch Syrer - just-now.NEWS Deutschland","isPartOf":{"@id":"https:\/\/now-news.de\/de\/#website"},"primaryImageOfPage":{"@id":"https:\/\/now-news.de\/de\/deutschland\/messerangriff-in-oesterreich-14-jaehriger-stirbt-nach-attacke-durch-syrer\/#primaryimage"},"image":{"@id":"https:\/\/now-news.de\/de\/deutschland\/messerangriff-in-oesterreich-14-jaehriger-stirbt-nach-attacke-durch-syrer\/#primaryimage"},"thumbnailUrl":"https:\/\/now-news.de\/de\/wp-content\/uploads\/sites\/3\/2025\/02\/Messerangriff-in-Oesterreich-14-Jaehriger-stirbt-nach-Attacke-durch-Syrer.jpg","datePublished":"2025-02-15T19:27:05+00:00","dateModified":"2025-02-15T19:27:05+00:00","breadcrumb":{"@id":"https:\/\/now-news.de\/de\/deutschland\/messerangriff-in-oesterreich-14-jaehriger-stirbt-nach-attacke-durch-syrer\/#breadcrumb"},"inLanguage":"de","potentialAction":[{"@type":"ReadAction","target":["https:\/\/now-news.de\/de\/deutschland\/messerangriff-in-oesterreich-14-jaehriger-stirbt-nach-attacke-durch-syrer\/"]}]},{"@type":"ImageObject","inLanguage":"de","@id":"https:\/\/now-news.de\/de\/deutschland\/messerangriff-in-oesterreich-14-jaehriger-stirbt-nach-attacke-durch-syrer\/#primaryimage","url":"https:\/\/now-news.de\/de\/wp-content\/uploads\/sites\/3\/2025\/02\/Messerangriff-in-Oesterreich-14-Jaehriger-stirbt-nach-Attacke-durch-Syrer.jpg","contentUrl":"https:\/\/now-news.de\/de\/wp-content\/uploads\/sites\/3\/2025\/02\/Messerangriff-in-Oesterreich-14-Jaehriger-stirbt-nach-Attacke-durch-Syrer.jpg","width":460,"height":259,"caption":"Messerangriff in \u00d6sterreich: 14-J\u00e4hriger stirbt nach Attacke durch Syrer"},{"@type":"BreadcrumbList","@id":"https:\/\/now-news.de\/de\/deutschland\/messerangriff-in-oesterreich-14-jaehriger-stirbt-nach-attacke-durch-syrer\/#breadcrumb","itemListElement":[{"@type":"ListItem","position":1,"name":"Home","item":"https:\/\/now-news.de\/de\/"},{"@type":"ListItem","position":2,"name":"Messerangriff in \u00d6sterreich: 14-J\u00e4hriger stirbt nach Attacke durch Syrer"}]},{"@type":"WebSite","@id":"https:\/\/now-news.de\/de\/#website","url":"https:\/\/now-news.de\/de\/","name":"just-now.NEWS Deutschland","description":"Das Portal f\u00fcr unzensierte Nachrichten aus der Welt","publisher":{"@id":"https:\/\/now-news.de\/de\/#organization"},"potentialAction":[{"@type":"SearchAction","target":{"@type":"EntryPoint","urlTemplate":"https:\/\/now-news.de\/de\/?s={search_term_string}"},"query-input":"required name=search_term_string"}],"inLanguage":"de"},{"@type":"Organization","@id":"https:\/\/now-news.de\/de\/#organization","name":"Just Now News","url":"https:\/\/now-news.de\/de\/","logo":{"@type":"ImageObject","inLanguage":"de","@id":"https:\/\/now-news.de\/de\/#\/schema\/logo\/image\/","url":"http:\/\/just-now.news\/de\/wp-content\/uploads\/sites\/3\/2022\/04\/logo500x500.jpg","contentUrl":"http:\/\/just-now.news\/de\/wp-content\/uploads\/sites\/3\/2022\/04\/logo500x500.jpg","width":500,"height":500,"caption":"Just Now News"},"image":{"@id":"https:\/\/now-news.de\/de\/#\/schema\/logo\/image\/"},"sameAs":["https:\/\/www.facebook.com\/wirmachenauf","https:\/\/x.com\/WirMachenAuf_de"]},{"@type":"Person","@id":"https:\/\/now-news.de\/de\/#\/schema\/person\/fb534a4e865501d8b3285208df34a9b5","name":"rtnews","image":{"@type":"ImageObject","inLanguage":"de","@id":"https:\/\/now-news.de\/de\/#\/schema\/person\/image\/","url":"https:\/\/secure.gravatar.com\/avatar\/82aafea7d8127119dd649515f56e2117?s=96&d=mm&r=g","contentUrl":"https:\/\/secure.gravatar.com\/avatar\/82aafea7d8127119dd649515f56e2117?s=96&d=mm&r=g","caption":"rtnews"},"url":"https:\/\/now-news.de\/de\/author\/rnews\/"}]}},"_links":{"self":[{"href":"https:\/\/now-news.de\/de\/wp-json\/wp\/v2\/posts\/78570"}],"collection":[{"href":"https:\/\/now-news.de\/de\/wp-json\/wp\/v2\/posts"}],"about":[{"href":"https:\/\/now-news.de\/de\/wp-json\/wp\/v2\/types\/post"}],"author":[{"embeddable":true,"href":"https:\/\/now-news.de\/de\/wp-json\/wp\/v2\/users\/3"}],"replies":[{"embeddable":true,"href":"https:\/\/now-news.de\/de\/wp-json\/wp\/v2\/comments?post=78570"}],"version-history":[{"count":0,"href":"https:\/\/now-news.de\/de\/wp-json\/wp\/v2\/posts\/78570\/revisions"}],"wp:featuredmedia":[{"embeddable":true,"href":"https:\/\/now-news.de\/de\/wp-json\/wp\/v2\/media\/78571"}],"wp:attachment":[{"href":"https:\/\/now-news.de\/de\/wp-json\/wp\/v2\/media?parent=78570"}],"wp:term":[{"taxonomy":"category","embeddable":true,"href":"https:\/\/now-news.de\/de\/wp-json\/wp\/v2\/categories?post=78570"},{"taxonomy":"post_tag","embeddable":true,"href":"https:\/\/now-news.de\/de\/wp-json\/wp\/v2\/tags?post=78570"}],"curies":[{"name":"wp","href":"https:\/\/api.w.org\/{rel}","templated":true}]}}