{"id":78528,"date":"2025-02-15T08:00:02","date_gmt":"2025-02-15T06:00:02","guid":{"rendered":"https:\/\/now-news.de\/de\/deutschland\/den-frieden-waehlen-ich-gebe-dem-frieden-meine-stimme\/"},"modified":"2025-02-15T08:00:02","modified_gmt":"2025-02-15T06:00:02","slug":"den-frieden-waehlen-ich-gebe-dem-frieden-meine-stimme","status":"publish","type":"post","link":"https:\/\/now-news.de\/de\/deutschland\/den-frieden-waehlen-ich-gebe-dem-frieden-meine-stimme\/","title":{"rendered":"Den Frieden w\u00e4hlen: &quot;Ich gebe dem Frieden meine Stimme&quot;"},"content":{"rendered":"<p><img decoding=\"async\" src=\"https:\/\/now-news.de\/de\/wp-content\/uploads\/sites\/3\/2025\/02\/67ae596648fbef33f97de088.jpg\" \/><\/p>\n<div class=\"Text-root Text-type_1 \">\n                &#8220;Ich gebe dem Frieden meine Stimme&#8221; hei\u00dft die Kampagne einer Friedensinitiative, an der sich jeder Mensch mit einer Videobotschaft beteiligen kann. Auch prominente Aktivisten sind schon dabei. In der Musik-Botschaft von Alien&#8217;s Best Friend hei\u00dft es: &#8220;Zieht in den Frieden, Freunde&#8221;.\n            <\/div>\n<p><\/p>\n<div class=\"Text-root Text-type_5 ArticleView-text ViewText-root \">\n<p><em>Von Felicitas Rabe<\/em><\/p>\n<p>Beim Graswurzelprojekt gegen Krieg, gegen Kriegspropaganda, gegen Kriegstreiber laden die Initiatoren des Projekts\u00a0<a rel=\"nofollow noopener\" target=\"_blank\" href=\"https:\/\/www.ich-gebe-dem-frieden-meine-stimme.org\/\">&#8220;Ich gebe dem Frieden meine Stimme&#8221;<\/a>\u00a0alle Menschen ein, ihr individuelles Pl\u00e4doyer f\u00fcr den Frieden per Videobotschaft in die Welt zu senden. Dazu k\u00f6nnen interessierte Friedensaktivisten ihre Video-Friedensbotschaft an die Initiative schicken.<\/p>\n<p>Die Kurzfilme werden dann auf den Social-Media-Kan\u00e4len des Projekts verbreitet, unter anderem auch auf dem\u00a0<a rel=\"nofollow noopener\" target=\"_blank\" href=\"https:\/\/www.youtube.com\/@Krieg-NichtinmeinemNamen\/videos\">YouTube-Kanal der Initiative<\/a>. Mittlerweile beteiligen sich neben ganz normalen B\u00fcrgern auch prominente Friedensaktivisten an der Kampagne. Man findet unterschiedlichste Beitr\u00e4ge in Form von Friedens-Appellen, Kriegserinnerungen und k\u00fcnstlerischen Auftritten \u2013 ein echtes Graswurzelprojekt von Menschen f\u00fcr Menschen.\u00a0<\/p>\n<p>So gibt es neben der\u00a0<a rel=\"nofollow noopener\" target=\"_blank\" href=\"https:\/\/www.youtube.com\/watch?v=gYYMXgu0dW0\">Botschaft des Kabarettisten Uli Masuth<\/a>: <em>&#8220;Den Krieg einfach weglassen, f\u00fcr den Frieden auf die Stra\u00dfe gehen&#8221;<\/em>, auch einen Beitrag mit deutlichen Worten des\u00a0<a rel=\"nofollow noopener\" target=\"_blank\" href=\"https:\/\/www.youtube.com\/watch?v=I3MP4ap6VH0\">Bundeswehrmajors a. D. Florian Pfaff<\/a>. Darin erkl\u00e4rt der ehemalige Milit\u00e4r: <em>&#8220;Es ist immer besser, wenn man nicht stirbt, nicht vergewaltigt, t\u00f6tet, sachbesch\u00e4digt und alles begeht, was zum Krieg dazu geh\u00f6rt. Deswegen bin ich f\u00fcr den Frieden.&#8221;<\/em><\/p>\n<p>Eindr\u00fccklich berichtet die Politikwissenschaftlerin\u00a0<a rel=\"nofollow noopener\" target=\"_blank\" href=\"https:\/\/www.youtube.com\/watch?v=JGyV7BXFx14\">Dr. Ulrike Gu\u00e9rot<\/a>\u00a0in ihrer Friedensbotschaft von den pers\u00f6nlichen Kriegsfolgen in ihrer Familie: <em>&#8220;Es gab halt nur einen Opa auf m\u00fctterlicher Seite. Der Opa v\u00e4terlicherseits stand nur auf der Kommode von meiner Oma als Foto in Uniform mit Trauerflor. [&#8230;] Auf der m\u00fctterlichen Seite gab es einen Opa Paul und der kam ohne Beine zur\u00fcck aus dem Krieg.&#8221;<\/em><\/p>\n<p>In seinem k\u00fcnstlerisch und inhaltlich herausragendem Friedenslied-Video wendet sich der\u00a0<a rel=\"nofollow noopener\" target=\"_blank\" href=\"https:\/\/www.youtube.com\/watch?v=n4gQuasn3Bw\">Friedensaktivist Yann Song King<\/a>\u00a0an m\u00e4chtige Kriegstreiber und Politiker: <em>&#8220;Ihr M\u00e4chtigen, wir h\u00f6ren deutlich, wie die Trommeln r\u00fchren, die Schlag auf Schlag und Schritt um Schritt uns Richtung Schlachtfeld f\u00fchren. [&#8230;]\u00a0Wer stolz darauf (auf dieses Land) ist, den seht ihr doch nur als Idioten, doch jetzt braucht ihr auf einmal kriegsbereite Patrioten.&#8221;<\/em><\/p>\n<p>Der Psychoanalytiker\u00a0<a rel=\"nofollow noopener\" target=\"_blank\" href=\"https:\/\/www.youtube.com\/watch?v=Ga66JCwAjIE\">Dr. Hans-Joachim Maaz<\/a>\u00a0geht in seiner Videobotschaft auf psychologische Hintergr\u00fcnde f\u00fcr Kriegsbef\u00fcrwortung ein. So sei die Ursache einer Kriegsakzeptanz eigenes Leid, das an anderen abreagiert werden will. Der simple Mechanismus im Konfliktfall, immer dem anderen die Schuld zu geben, f\u00fchre schlie\u00dflich zum Waffengang. Die Friedensbotschaft der Musikband\u00a0<a rel=\"nofollow noopener\" target=\"_blank\" href=\"https:\/\/www.youtube.com\/watch?v=oMHhDYabDN4\">Alien&#8217;s Best Friend<\/a>\u00a0bringt es in ihrem Lied auf den Punkt:<\/p>\n<blockquote>\n<p><em>&#8220;Zieht in den Frieden, Freunde!&#8221;<\/em><\/p>\n<\/blockquote>\n<p>Wer das B\u00f6se bek\u00e4mpfe, mit immer schlimmerem B\u00f6sem, verschlimmere alle Probleme, die er heuchlerisch mittels Krieg l\u00f6sen wolle, so die Warnung des Theologen\u00a0<a rel=\"nofollow noopener\" target=\"_blank\" href=\"https:\/\/www.youtube.com\/watch?v=dg7hjTqC0wU\">Dr. Eugen Drewermann<\/a>. Schlie\u00dflich erkl\u00e4rt der Schweizer Historiker\u00a0<a rel=\"nofollow noopener\" target=\"_blank\" href=\"https:\/\/www.youtube.com\/watch?v=UuZ40Sws61A\">Dr. Daniele Ganser<\/a>\u00a0in seinem Beitrag, warum er dieses Friedensprojekt so <em>&#8220;wunderbar&#8221;<\/em> findet. Dabei k\u00f6nnten sich unterschiedlichste Menschen f\u00fcr den Frieden und gegen den Krieg aussprechen. Die Mehrheit der Menschen wolle keinen Krieg. Gleichzeitig k\u00e4men die Kriegsgegner in den Medien kaum vor.<\/p>\n<blockquote>\n<p><em>&#8220;Wir sind eine Menschheitsfamilie und wir sollten untereinander nicht t\u00f6ten und deshalb ist es wichtig, dass wir uns als schweigende Mehrheit zu Wort melden&#8221;, so Ganser.<\/em><\/p>\n<\/blockquote>\n<p>Die Mitinitiatorin Anne Kr\u00e4mer erl\u00e4uterte ihre Motivation f\u00fcr die Friedenskampagne im Telefongespr\u00e4ch mit RT DE: Die f\u00fcnf beteiligten Freunde und sie h\u00e4tten sich gemeinsam \u00fcberlegt, dass sie etwas Ungew\u00f6hnliches, Besonderes f\u00fcr den Frieden tun wollten. Die Idee des Projekts &#8220;Ich gebe dem Frieden meine Stimme&#8221;, best\u00fcnde vor allem darin, dass man Menschen mit Videobotschaften \u00fcber die sozialen Medien erreichen wolle: <em>&#8220;Wir wollten einen neuen Weg finden, um die Menschen wachzur\u00fctteln, dass ohne den Frieden, Alles nichts ist.&#8221;<\/em> Alle Infos dazu, wie man sich beteiligen kann und in welchem Format die Videos eingesandt werden sollten, findet man auf der Webseite:\u00a0<a rel=\"nofollow noopener\" target=\"_blank\" href=\"https:\/\/www.ich-gebe-dem-frieden-meine-stimme.org\/\">www.ich-gebe-dem-frieden-meine-stimme.org<\/a><\/p>\n<p><strong>Mehr zum Thema<\/strong> &#8211; <a rel=\"nofollow noopener\" target=\"_blank\" href=\"https:\/\/freedert.online\/inland\/233421-aerzte-gegen-militarisierung-gesundheitswesens-kriegsmedizin\/\">\u00c4rzte gegen Militarisierung des Gesundheitswesens: &#8220;Kriegsmedizin hat einen anderen Fokus&#8221; <\/a><\/p>\n<div class=\"EmbedBlock-root EmbedBlock-externalVideo EmbedBlock-rumble\">\n<div class=\"VkEmbed\"><iframe class=\"lazyload\" data-src=\"https:\/\/rumble.com\/embed\/v6i2nca\" frameborder=\"0\" width=\"853\" height=\"480\" allowfullscreen><\/iframe><\/div>\n<\/div>\n<\/div>\n<p><br \/>\n<br \/><a href=\"https:\/\/de.rt.com\/inland\/236704-frieden-waehlen-ich-gebe-frieden\/\">Source link <\/a><\/p>\n","protected":false},"excerpt":{"rendered":"<p>&#8220;Ich gebe dem Frieden meine Stimme&#8221; hei\u00dft die Kampagne einer Friedensinitiative, an der sich jeder Mensch mit einer Videobotschaft beteiligen kann. Auch prominente Aktivisten sind schon dabei. In der Musik-Botschaft von Alien&#8217;s Best Friend hei\u00dft es: &#8220;Zieht in den Frieden, Freunde&#8221;. Von Felicitas Rabe Beim Graswurzelprojekt gegen Krieg, gegen Kriegspropaganda, gegen Kriegstreiber laden die Initiatoren [&hellip;]<\/p>\n","protected":false},"author":3,"featured_media":78529,"comment_status":"open","ping_status":"open","sticky":false,"template":"","format":"standard","meta":{"_yoast_indexnow_last_ping":["1739603233"],"wp_automatic_camp":["217"],"e8d753770faa87e2a08237d6ca423def":["Den Frieden w\u00e4hlen: &quot;Ich gebe dem Frieden meine Stimme&quot;"],"original_link":["https:\/\/de.rt.com\/inland\/236704-frieden-waehlen-ich-gebe-frieden\/"],"_thumbnail_id":["78529"],"jnews_social_counter_last_update":["1777401646"],"_wptgpro_p2tg_sent2tg":["a:1:{i:23737;s:19:\"2025-02-15 09:09:19\";}"]},"categories":[19,23],"tags":[134,48,614,13831,785,7155,54739,2576],"yoast_head":"<!-- This site is optimized with the Yoast SEO Premium plugin v22.7 (Yoast SEO v22.7) - https:\/\/yoast.com\/wordpress\/plugins\/seo\/ -->\n<title>Den Frieden w\u00e4hlen: &quot;Ich gebe dem Frieden meine Stimme&quot; - just-now.NEWS Deutschland<\/title>\n<meta name=\"robots\" content=\"index, follow, max-snippet:-1, max-image-preview:large, max-video-preview:-1\" \/>\n<link rel=\"canonical\" href=\"https:\/\/now-news.de\/de\/deutschland\/den-frieden-waehlen-ich-gebe-dem-frieden-meine-stimme\/\" \/>\n<meta property=\"og:locale\" content=\"de_DE\" \/>\n<meta property=\"og:type\" content=\"article\" \/>\n<meta property=\"og:title\" content=\"Den Frieden w\u00e4hlen: &quot;Ich gebe dem Frieden meine Stimme&quot;\" \/>\n<meta property=\"og:description\" content=\"&#8220;Ich gebe dem Frieden meine Stimme&#8221; hei\u00dft die Kampagne einer Friedensinitiative, an der sich jeder Mensch mit einer Videobotschaft beteiligen kann. Auch prominente Aktivisten sind schon dabei. In der Musik-Botschaft von Alien&#8217;s Best Friend hei\u00dft es: &#8220;Zieht in den Frieden, Freunde&#8221;. Von Felicitas Rabe Beim Graswurzelprojekt gegen Krieg, gegen Kriegspropaganda, gegen Kriegstreiber laden die Initiatoren [&hellip;]\" \/>\n<meta property=\"og:url\" content=\"https:\/\/now-news.de\/de\/deutschland\/den-frieden-waehlen-ich-gebe-dem-frieden-meine-stimme\/\" \/>\n<meta property=\"og:site_name\" content=\"just-now.NEWS Deutschland\" \/>\n<meta property=\"article:publisher\" content=\"https:\/\/www.facebook.com\/wirmachenauf\" \/>\n<meta property=\"article:published_time\" content=\"2025-02-15T06:00:02+00:00\" \/>\n<meta property=\"og:image\" content=\"https:\/\/now-news.de\/de\/wp-content\/uploads\/sites\/3\/2025\/02\/67ae596648fbef33f97de088.jpg\" \/>\n<meta name=\"author\" content=\"rtnews\" \/>\n<meta name=\"twitter:card\" content=\"summary_large_image\" \/>\n<meta name=\"twitter:creator\" content=\"@WirMachenAuf_de\" \/>\n<meta name=\"twitter:site\" content=\"@WirMachenAuf_de\" \/>\n<meta name=\"twitter:label1\" content=\"Verfasst von\" \/>\n\t<meta name=\"twitter:data1\" content=\"rtnews\" \/>\n\t<meta name=\"twitter:label2\" content=\"Gesch\u00e4tzte Lesezeit\" \/>\n\t<meta name=\"twitter:data2\" content=\"3\u00a0Minuten\" \/>\n<script type=\"application\/ld+json\" class=\"yoast-schema-graph\">{\"@context\":\"https:\/\/schema.org\",\"@graph\":[{\"@type\":\"Article\",\"@id\":\"https:\/\/now-news.de\/de\/deutschland\/den-frieden-waehlen-ich-gebe-dem-frieden-meine-stimme\/#article\",\"isPartOf\":{\"@id\":\"https:\/\/now-news.de\/de\/deutschland\/den-frieden-waehlen-ich-gebe-dem-frieden-meine-stimme\/\"},\"author\":{\"name\":\"rtnews\",\"@id\":\"https:\/\/now-news.de\/de\/#\/schema\/person\/fb534a4e865501d8b3285208df34a9b5\"},\"headline\":\"Den Frieden w\u00e4hlen: &quot;Ich gebe dem Frieden meine Stimme&quot;\",\"datePublished\":\"2025-02-15T06:00:02+00:00\",\"dateModified\":\"2025-02-15T06:00:02+00:00\",\"mainEntityOfPage\":{\"@id\":\"https:\/\/now-news.de\/de\/deutschland\/den-frieden-waehlen-ich-gebe-dem-frieden-meine-stimme\/\"},\"wordCount\":679,\"commentCount\":0,\"publisher\":{\"@id\":\"https:\/\/now-news.de\/de\/#organization\"},\"image\":{\"@id\":\"https:\/\/now-news.de\/de\/deutschland\/den-frieden-waehlen-ich-gebe-dem-frieden-meine-stimme\/#primaryimage\"},\"thumbnailUrl\":\"https:\/\/now-news.de\/de\/wp-content\/uploads\/sites\/3\/2025\/02\/Den-Frieden-waehlen-quotIch-gebe-dem-Frieden-meine-Stimmequot.jpg\",\"keywords\":[\"DEM\",\"den\",\"Frieden\",\"gebe\",\"Meine\",\"quotIch\",\"Stimmequot\",\"Wahlen\"],\"articleSection\":[\"Deutschland\",\"Russland\"],\"inLanguage\":\"de\",\"potentialAction\":[{\"@type\":\"CommentAction\",\"name\":\"Comment\",\"target\":[\"https:\/\/now-news.de\/de\/deutschland\/den-frieden-waehlen-ich-gebe-dem-frieden-meine-stimme\/#respond\"]}]},{\"@type\":\"WebPage\",\"@id\":\"https:\/\/now-news.de\/de\/deutschland\/den-frieden-waehlen-ich-gebe-dem-frieden-meine-stimme\/\",\"url\":\"https:\/\/now-news.de\/de\/deutschland\/den-frieden-waehlen-ich-gebe-dem-frieden-meine-stimme\/\",\"name\":\"Den Frieden w\u00e4hlen: &quot;Ich gebe dem Frieden meine Stimme&quot; - just-now.NEWS Deutschland\",\"isPartOf\":{\"@id\":\"https:\/\/now-news.de\/de\/#website\"},\"primaryImageOfPage\":{\"@id\":\"https:\/\/now-news.de\/de\/deutschland\/den-frieden-waehlen-ich-gebe-dem-frieden-meine-stimme\/#primaryimage\"},\"image\":{\"@id\":\"https:\/\/now-news.de\/de\/deutschland\/den-frieden-waehlen-ich-gebe-dem-frieden-meine-stimme\/#primaryimage\"},\"thumbnailUrl\":\"https:\/\/now-news.de\/de\/wp-content\/uploads\/sites\/3\/2025\/02\/Den-Frieden-waehlen-quotIch-gebe-dem-Frieden-meine-Stimmequot.jpg\",\"datePublished\":\"2025-02-15T06:00:02+00:00\",\"dateModified\":\"2025-02-15T06:00:02+00:00\",\"breadcrumb\":{\"@id\":\"https:\/\/now-news.de\/de\/deutschland\/den-frieden-waehlen-ich-gebe-dem-frieden-meine-stimme\/#breadcrumb\"},\"inLanguage\":\"de\",\"potentialAction\":[{\"@type\":\"ReadAction\",\"target\":[\"https:\/\/now-news.de\/de\/deutschland\/den-frieden-waehlen-ich-gebe-dem-frieden-meine-stimme\/\"]}]},{\"@type\":\"ImageObject\",\"inLanguage\":\"de\",\"@id\":\"https:\/\/now-news.de\/de\/deutschland\/den-frieden-waehlen-ich-gebe-dem-frieden-meine-stimme\/#primaryimage\",\"url\":\"https:\/\/now-news.de\/de\/wp-content\/uploads\/sites\/3\/2025\/02\/Den-Frieden-waehlen-quotIch-gebe-dem-Frieden-meine-Stimmequot.jpg\",\"contentUrl\":\"https:\/\/now-news.de\/de\/wp-content\/uploads\/sites\/3\/2025\/02\/Den-Frieden-waehlen-quotIch-gebe-dem-Frieden-meine-Stimmequot.jpg\",\"width\":460,\"height\":259,\"caption\":\"Den Frieden w\u00e4hlen: &quot;Ich gebe dem Frieden meine Stimme&quot;\"},{\"@type\":\"BreadcrumbList\",\"@id\":\"https:\/\/now-news.de\/de\/deutschland\/den-frieden-waehlen-ich-gebe-dem-frieden-meine-stimme\/#breadcrumb\",\"itemListElement\":[{\"@type\":\"ListItem\",\"position\":1,\"name\":\"Home\",\"item\":\"https:\/\/now-news.de\/de\/\"},{\"@type\":\"ListItem\",\"position\":2,\"name\":\"Den Frieden w\u00e4hlen: &quot;Ich gebe dem Frieden meine Stimme&quot;\"}]},{\"@type\":\"WebSite\",\"@id\":\"https:\/\/now-news.de\/de\/#website\",\"url\":\"https:\/\/now-news.de\/de\/\",\"name\":\"just-now.NEWS Deutschland\",\"description\":\"Das Portal f\u00fcr unzensierte Nachrichten aus der Welt\",\"publisher\":{\"@id\":\"https:\/\/now-news.de\/de\/#organization\"},\"potentialAction\":[{\"@type\":\"SearchAction\",\"target\":{\"@type\":\"EntryPoint\",\"urlTemplate\":\"https:\/\/now-news.de\/de\/?s={search_term_string}\"},\"query-input\":\"required name=search_term_string\"}],\"inLanguage\":\"de\"},{\"@type\":\"Organization\",\"@id\":\"https:\/\/now-news.de\/de\/#organization\",\"name\":\"Just Now News\",\"url\":\"https:\/\/now-news.de\/de\/\",\"logo\":{\"@type\":\"ImageObject\",\"inLanguage\":\"de\",\"@id\":\"https:\/\/now-news.de\/de\/#\/schema\/logo\/image\/\",\"url\":\"http:\/\/just-now.news\/de\/wp-content\/uploads\/sites\/3\/2022\/04\/logo500x500.jpg\",\"contentUrl\":\"http:\/\/just-now.news\/de\/wp-content\/uploads\/sites\/3\/2022\/04\/logo500x500.jpg\",\"width\":500,\"height\":500,\"caption\":\"Just Now News\"},\"image\":{\"@id\":\"https:\/\/now-news.de\/de\/#\/schema\/logo\/image\/\"},\"sameAs\":[\"https:\/\/www.facebook.com\/wirmachenauf\",\"https:\/\/x.com\/WirMachenAuf_de\"]},{\"@type\":\"Person\",\"@id\":\"https:\/\/now-news.de\/de\/#\/schema\/person\/fb534a4e865501d8b3285208df34a9b5\",\"name\":\"rtnews\",\"image\":{\"@type\":\"ImageObject\",\"inLanguage\":\"de\",\"@id\":\"https:\/\/now-news.de\/de\/#\/schema\/person\/image\/\",\"url\":\"https:\/\/secure.gravatar.com\/avatar\/82aafea7d8127119dd649515f56e2117?s=96&d=mm&r=g\",\"contentUrl\":\"https:\/\/secure.gravatar.com\/avatar\/82aafea7d8127119dd649515f56e2117?s=96&d=mm&r=g\",\"caption\":\"rtnews\"},\"url\":\"https:\/\/now-news.de\/de\/author\/rnews\/\"}]}<\/script>\n<!-- \/ Yoast SEO Premium plugin. -->","yoast_head_json":{"title":"Den Frieden w\u00e4hlen: &quot;Ich gebe dem Frieden meine Stimme&quot; - just-now.NEWS Deutschland","robots":{"index":"index","follow":"follow","max-snippet":"max-snippet:-1","max-image-preview":"max-image-preview:large","max-video-preview":"max-video-preview:-1"},"canonical":"https:\/\/now-news.de\/de\/deutschland\/den-frieden-waehlen-ich-gebe-dem-frieden-meine-stimme\/","og_locale":"de_DE","og_type":"article","og_title":"Den Frieden w\u00e4hlen: &quot;Ich gebe dem Frieden meine Stimme&quot;","og_description":"&#8220;Ich gebe dem Frieden meine Stimme&#8221; hei\u00dft die Kampagne einer Friedensinitiative, an der sich jeder Mensch mit einer Videobotschaft beteiligen kann. Auch prominente Aktivisten sind schon dabei. In der Musik-Botschaft von Alien&#8217;s Best Friend hei\u00dft es: &#8220;Zieht in den Frieden, Freunde&#8221;. Von Felicitas Rabe Beim Graswurzelprojekt gegen Krieg, gegen Kriegspropaganda, gegen Kriegstreiber laden die Initiatoren [&hellip;]","og_url":"https:\/\/now-news.de\/de\/deutschland\/den-frieden-waehlen-ich-gebe-dem-frieden-meine-stimme\/","og_site_name":"just-now.NEWS Deutschland","article_publisher":"https:\/\/www.facebook.com\/wirmachenauf","article_published_time":"2025-02-15T06:00:02+00:00","og_image":[{"url":"https:\/\/now-news.de\/de\/wp-content\/uploads\/sites\/3\/2025\/02\/67ae596648fbef33f97de088.jpg"}],"author":"rtnews","twitter_card":"summary_large_image","twitter_creator":"@WirMachenAuf_de","twitter_site":"@WirMachenAuf_de","twitter_misc":{"Verfasst von":"rtnews","Gesch\u00e4tzte Lesezeit":"3\u00a0Minuten"},"schema":{"@context":"https:\/\/schema.org","@graph":[{"@type":"Article","@id":"https:\/\/now-news.de\/de\/deutschland\/den-frieden-waehlen-ich-gebe-dem-frieden-meine-stimme\/#article","isPartOf":{"@id":"https:\/\/now-news.de\/de\/deutschland\/den-frieden-waehlen-ich-gebe-dem-frieden-meine-stimme\/"},"author":{"name":"rtnews","@id":"https:\/\/now-news.de\/de\/#\/schema\/person\/fb534a4e865501d8b3285208df34a9b5"},"headline":"Den Frieden w\u00e4hlen: &quot;Ich gebe dem Frieden meine Stimme&quot;","datePublished":"2025-02-15T06:00:02+00:00","dateModified":"2025-02-15T06:00:02+00:00","mainEntityOfPage":{"@id":"https:\/\/now-news.de\/de\/deutschland\/den-frieden-waehlen-ich-gebe-dem-frieden-meine-stimme\/"},"wordCount":679,"commentCount":0,"publisher":{"@id":"https:\/\/now-news.de\/de\/#organization"},"image":{"@id":"https:\/\/now-news.de\/de\/deutschland\/den-frieden-waehlen-ich-gebe-dem-frieden-meine-stimme\/#primaryimage"},"thumbnailUrl":"https:\/\/now-news.de\/de\/wp-content\/uploads\/sites\/3\/2025\/02\/Den-Frieden-waehlen-quotIch-gebe-dem-Frieden-meine-Stimmequot.jpg","keywords":["DEM","den","Frieden","gebe","Meine","quotIch","Stimmequot","Wahlen"],"articleSection":["Deutschland","Russland"],"inLanguage":"de","potentialAction":[{"@type":"CommentAction","name":"Comment","target":["https:\/\/now-news.de\/de\/deutschland\/den-frieden-waehlen-ich-gebe-dem-frieden-meine-stimme\/#respond"]}]},{"@type":"WebPage","@id":"https:\/\/now-news.de\/de\/deutschland\/den-frieden-waehlen-ich-gebe-dem-frieden-meine-stimme\/","url":"https:\/\/now-news.de\/de\/deutschland\/den-frieden-waehlen-ich-gebe-dem-frieden-meine-stimme\/","name":"Den Frieden w\u00e4hlen: &quot;Ich gebe dem Frieden meine Stimme&quot; - just-now.NEWS Deutschland","isPartOf":{"@id":"https:\/\/now-news.de\/de\/#website"},"primaryImageOfPage":{"@id":"https:\/\/now-news.de\/de\/deutschland\/den-frieden-waehlen-ich-gebe-dem-frieden-meine-stimme\/#primaryimage"},"image":{"@id":"https:\/\/now-news.de\/de\/deutschland\/den-frieden-waehlen-ich-gebe-dem-frieden-meine-stimme\/#primaryimage"},"thumbnailUrl":"https:\/\/now-news.de\/de\/wp-content\/uploads\/sites\/3\/2025\/02\/Den-Frieden-waehlen-quotIch-gebe-dem-Frieden-meine-Stimmequot.jpg","datePublished":"2025-02-15T06:00:02+00:00","dateModified":"2025-02-15T06:00:02+00:00","breadcrumb":{"@id":"https:\/\/now-news.de\/de\/deutschland\/den-frieden-waehlen-ich-gebe-dem-frieden-meine-stimme\/#breadcrumb"},"inLanguage":"de","potentialAction":[{"@type":"ReadAction","target":["https:\/\/now-news.de\/de\/deutschland\/den-frieden-waehlen-ich-gebe-dem-frieden-meine-stimme\/"]}]},{"@type":"ImageObject","inLanguage":"de","@id":"https:\/\/now-news.de\/de\/deutschland\/den-frieden-waehlen-ich-gebe-dem-frieden-meine-stimme\/#primaryimage","url":"https:\/\/now-news.de\/de\/wp-content\/uploads\/sites\/3\/2025\/02\/Den-Frieden-waehlen-quotIch-gebe-dem-Frieden-meine-Stimmequot.jpg","contentUrl":"https:\/\/now-news.de\/de\/wp-content\/uploads\/sites\/3\/2025\/02\/Den-Frieden-waehlen-quotIch-gebe-dem-Frieden-meine-Stimmequot.jpg","width":460,"height":259,"caption":"Den Frieden w\u00e4hlen: &quot;Ich gebe dem Frieden meine Stimme&quot;"},{"@type":"BreadcrumbList","@id":"https:\/\/now-news.de\/de\/deutschland\/den-frieden-waehlen-ich-gebe-dem-frieden-meine-stimme\/#breadcrumb","itemListElement":[{"@type":"ListItem","position":1,"name":"Home","item":"https:\/\/now-news.de\/de\/"},{"@type":"ListItem","position":2,"name":"Den Frieden w\u00e4hlen: &quot;Ich gebe dem Frieden meine Stimme&quot;"}]},{"@type":"WebSite","@id":"https:\/\/now-news.de\/de\/#website","url":"https:\/\/now-news.de\/de\/","name":"just-now.NEWS Deutschland","description":"Das Portal f\u00fcr unzensierte Nachrichten aus der Welt","publisher":{"@id":"https:\/\/now-news.de\/de\/#organization"},"potentialAction":[{"@type":"SearchAction","target":{"@type":"EntryPoint","urlTemplate":"https:\/\/now-news.de\/de\/?s={search_term_string}"},"query-input":"required name=search_term_string"}],"inLanguage":"de"},{"@type":"Organization","@id":"https:\/\/now-news.de\/de\/#organization","name":"Just Now News","url":"https:\/\/now-news.de\/de\/","logo":{"@type":"ImageObject","inLanguage":"de","@id":"https:\/\/now-news.de\/de\/#\/schema\/logo\/image\/","url":"http:\/\/just-now.news\/de\/wp-content\/uploads\/sites\/3\/2022\/04\/logo500x500.jpg","contentUrl":"http:\/\/just-now.news\/de\/wp-content\/uploads\/sites\/3\/2022\/04\/logo500x500.jpg","width":500,"height":500,"caption":"Just Now News"},"image":{"@id":"https:\/\/now-news.de\/de\/#\/schema\/logo\/image\/"},"sameAs":["https:\/\/www.facebook.com\/wirmachenauf","https:\/\/x.com\/WirMachenAuf_de"]},{"@type":"Person","@id":"https:\/\/now-news.de\/de\/#\/schema\/person\/fb534a4e865501d8b3285208df34a9b5","name":"rtnews","image":{"@type":"ImageObject","inLanguage":"de","@id":"https:\/\/now-news.de\/de\/#\/schema\/person\/image\/","url":"https:\/\/secure.gravatar.com\/avatar\/82aafea7d8127119dd649515f56e2117?s=96&d=mm&r=g","contentUrl":"https:\/\/secure.gravatar.com\/avatar\/82aafea7d8127119dd649515f56e2117?s=96&d=mm&r=g","caption":"rtnews"},"url":"https:\/\/now-news.de\/de\/author\/rnews\/"}]}},"_links":{"self":[{"href":"https:\/\/now-news.de\/de\/wp-json\/wp\/v2\/posts\/78528"}],"collection":[{"href":"https:\/\/now-news.de\/de\/wp-json\/wp\/v2\/posts"}],"about":[{"href":"https:\/\/now-news.de\/de\/wp-json\/wp\/v2\/types\/post"}],"author":[{"embeddable":true,"href":"https:\/\/now-news.de\/de\/wp-json\/wp\/v2\/users\/3"}],"replies":[{"embeddable":true,"href":"https:\/\/now-news.de\/de\/wp-json\/wp\/v2\/comments?post=78528"}],"version-history":[{"count":0,"href":"https:\/\/now-news.de\/de\/wp-json\/wp\/v2\/posts\/78528\/revisions"}],"wp:featuredmedia":[{"embeddable":true,"href":"https:\/\/now-news.de\/de\/wp-json\/wp\/v2\/media\/78529"}],"wp:attachment":[{"href":"https:\/\/now-news.de\/de\/wp-json\/wp\/v2\/media?parent=78528"}],"wp:term":[{"taxonomy":"category","embeddable":true,"href":"https:\/\/now-news.de\/de\/wp-json\/wp\/v2\/categories?post=78528"},{"taxonomy":"post_tag","embeddable":true,"href":"https:\/\/now-news.de\/de\/wp-json\/wp\/v2\/tags?post=78528"}],"curies":[{"name":"wp","href":"https:\/\/api.w.org\/{rel}","templated":true}]}}