{"id":78425,"date":"2025-02-13T17:17:23","date_gmt":"2025-02-13T15:17:23","guid":{"rendered":"https:\/\/now-news.de\/de\/deutschland\/zahl-der-vermissten-im-ukraine-konflikt-steigt-auf-50-000-menschen\/"},"modified":"2025-02-13T17:17:23","modified_gmt":"2025-02-13T15:17:23","slug":"zahl-der-vermissten-im-ukraine-konflikt-steigt-auf-50-000-menschen","status":"publish","type":"post","link":"https:\/\/now-news.de\/de\/deutschland\/zahl-der-vermissten-im-ukraine-konflikt-steigt-auf-50-000-menschen\/","title":{"rendered":"Zahl der Vermissten im Ukraine-Konflikt steigt auf 50.000 Menschen"},"content":{"rendered":"<p><img decoding=\"async\" src=\"https:\/\/now-news.de\/de\/wp-content\/uploads\/sites\/3\/2025\/02\/67ae0177b480cc409b2becd3.jpg\" \/><\/p>\n<div class=\"Text-root Text-type_1 \">\n                Die Zahl der vermissten Soldaten und Zivilisten im Ukraine-Konflikt ist im vergangenen Jahr auf 50.000 Menschen gestiegen, hei\u00dft es in den Informationen des Internationalen Komitees vom Roten Kreuz. Auch die Zahl der Anfragen von Familien nahm demnach deutlich zu.\n            <\/div>\n<p><\/p>\n<div class=\"Text-root Text-type_5 ArticleView-text ViewText-root \">\n<p>Das Internationale Komitee vom Roten Kreuz sucht nach 50.000 Menschen, die wegen des Ukraine-Konflikts als vermisst gelten. Dies hat Duschan Wujanaschin, der Leiter des B\u00fcros f\u00fcr Fragen der milit\u00e4rischen Sonderoperation der internationalen Organisation, gegen\u00fcber der Nachrichtenagentur <em>RIA Nowosti<\/em> erkl\u00e4rt. Die Zahl der Vermissten steige ihm zufolge weiter an:<\/p>\n<blockquote>\n<p><em>&#8220;Seit Februar 2024 hat sich die Zahl der offenen Vermisstenf\u00e4lle \u2013 Menschen, die von ihren Familien gesucht werden \u2013 mehr als verdoppelt und ist auf fast 50.000 gestiegen. Leider steigt diese Zahl weiter an.&#8221;<\/em><\/p>\n<\/blockquote>\n<p>Wujanaschin f\u00fcgte hinzu, dass sich die Zahl der monatlichen Anfragen seit 2024 von etwa 1.000 pro Monat auf 5.000 in den letzten Monaten erh\u00f6ht habe. Dies sei wahrscheinlich darauf zur\u00fcckzuf\u00fchren, dass die Familien mehr Informationen dar\u00fcber erhalten, dass sie das B\u00fcro kontaktieren k\u00f6nnen.<\/p>\n<p>Das Komitee vom Roten Kreuz hatte im M\u00e4rz 2022\u00a0ein zentrales Suchb\u00fcro im Zusammenhang mit dem Konflikt zwischen Russland und der Ukraine er\u00f6ffnet. Das B\u00fcro dient als neutraler Vermittler zwischen den Konfliktparteien, sammelt, systematisiert und \u00fcbermittelt Informationen \u00fcber das Schicksal und den Verbleib von vermissten Milit\u00e4rangeh\u00f6rigen und Zivilisten.<\/p>\n<p><strong>Mehr zum Thema\u00a0\u2013<\/strong>\u00a0<a rel=\"nofollow noopener\" target=\"_blank\" href=\"https:\/\/freedert.online\/russland\/232316-kursk-russlands-menschenrechtsbeauftragte-veroeffentlicht-liste-vermisster\/\">Kursk: Russlands Menschenrechtsbeauftragte ver\u00f6ffentlicht Liste vermisster B\u00fcrger<\/a><\/p>\n<\/div>\n<p><br \/>\n<br \/><a href=\"https:\/\/de.rt.com\/international\/236700-zahl-vermissten-wegen-ukraine-konflikts\/\">Source link <\/a><\/p>\n","protected":false},"excerpt":{"rendered":"<p>Die Zahl der vermissten Soldaten und Zivilisten im Ukraine-Konflikt ist im vergangenen Jahr auf 50.000 Menschen gestiegen, hei\u00dft es in den Informationen des Internationalen Komitees vom Roten Kreuz. Auch die Zahl der Anfragen von Familien nahm demnach deutlich zu. Das Internationale Komitee vom Roten Kreuz sucht nach 50.000 Menschen, die wegen des Ukraine-Konflikts als vermisst [&hellip;]<\/p>\n","protected":false},"author":3,"featured_media":78426,"comment_status":"open","ping_status":"open","sticky":false,"template":"","format":"standard","meta":{"_yoast_indexnow_last_ping":["1739460184"],"wp_automatic_camp":["217"],"eb97dd2d6b652aa86108da07c7c42c77":["Zahl der Vermissten im Ukraine-Konflikt steigt auf 50.000 Menschen"],"original_link":["https:\/\/de.rt.com\/international\/236700-zahl-vermissten-wegen-ukraine-konflikts\/"],"_thumbnail_id":["78426"],"jnews_social_counter_last_update":["1777807602"],"_wptgpro_p2tg_sent2tg":["a:1:{i:23737;s:19:\"2025-02-13 17:24:14\";}"]},"categories":[19,23],"tags":[133,82,1378,13726,1173,22390,16017],"yoast_head":"<!-- This site is optimized with the Yoast SEO Premium plugin v22.7 (Yoast SEO v22.7) - https:\/\/yoast.com\/wordpress\/plugins\/seo\/ -->\n<title>Zahl der Vermissten im Ukraine-Konflikt steigt auf 50.000 Menschen - just-now.NEWS Deutschland<\/title>\n<meta name=\"robots\" content=\"index, follow, max-snippet:-1, max-image-preview:large, max-video-preview:-1\" \/>\n<link rel=\"canonical\" href=\"https:\/\/now-news.de\/de\/deutschland\/zahl-der-vermissten-im-ukraine-konflikt-steigt-auf-50-000-menschen\/\" \/>\n<meta property=\"og:locale\" content=\"de_DE\" \/>\n<meta property=\"og:type\" content=\"article\" \/>\n<meta property=\"og:title\" content=\"Zahl der Vermissten im Ukraine-Konflikt steigt auf 50.000 Menschen\" \/>\n<meta property=\"og:description\" content=\"Die Zahl der vermissten Soldaten und Zivilisten im Ukraine-Konflikt ist im vergangenen Jahr auf 50.000 Menschen gestiegen, hei\u00dft es in den Informationen des Internationalen Komitees vom Roten Kreuz. Auch die Zahl der Anfragen von Familien nahm demnach deutlich zu. Das Internationale Komitee vom Roten Kreuz sucht nach 50.000 Menschen, die wegen des Ukraine-Konflikts als vermisst [&hellip;]\" \/>\n<meta property=\"og:url\" content=\"https:\/\/now-news.de\/de\/deutschland\/zahl-der-vermissten-im-ukraine-konflikt-steigt-auf-50-000-menschen\/\" \/>\n<meta property=\"og:site_name\" content=\"just-now.NEWS Deutschland\" \/>\n<meta property=\"article:publisher\" content=\"https:\/\/www.facebook.com\/wirmachenauf\" \/>\n<meta property=\"article:published_time\" content=\"2025-02-13T15:17:23+00:00\" \/>\n<meta property=\"og:image\" content=\"https:\/\/now-news.de\/de\/wp-content\/uploads\/sites\/3\/2025\/02\/67ae0177b480cc409b2becd3.jpg\" \/>\n<meta name=\"author\" content=\"rtnews\" \/>\n<meta name=\"twitter:card\" content=\"summary_large_image\" \/>\n<meta name=\"twitter:creator\" content=\"@WirMachenAuf_de\" \/>\n<meta name=\"twitter:site\" content=\"@WirMachenAuf_de\" \/>\n<meta name=\"twitter:label1\" content=\"Verfasst von\" \/>\n\t<meta name=\"twitter:data1\" content=\"rtnews\" \/>\n\t<meta name=\"twitter:label2\" content=\"Gesch\u00e4tzte Lesezeit\" \/>\n\t<meta name=\"twitter:data2\" content=\"1\u00a0Minute\" \/>\n<script type=\"application\/ld+json\" class=\"yoast-schema-graph\">{\"@context\":\"https:\/\/schema.org\",\"@graph\":[{\"@type\":\"Article\",\"@id\":\"https:\/\/now-news.de\/de\/deutschland\/zahl-der-vermissten-im-ukraine-konflikt-steigt-auf-50-000-menschen\/#article\",\"isPartOf\":{\"@id\":\"https:\/\/now-news.de\/de\/deutschland\/zahl-der-vermissten-im-ukraine-konflikt-steigt-auf-50-000-menschen\/\"},\"author\":{\"name\":\"rtnews\",\"@id\":\"https:\/\/now-news.de\/de\/#\/schema\/person\/fb534a4e865501d8b3285208df34a9b5\"},\"headline\":\"Zahl der Vermissten im Ukraine-Konflikt steigt auf 50.000 Menschen\",\"datePublished\":\"2025-02-13T15:17:23+00:00\",\"dateModified\":\"2025-02-13T15:17:23+00:00\",\"mainEntityOfPage\":{\"@id\":\"https:\/\/now-news.de\/de\/deutschland\/zahl-der-vermissten-im-ukraine-konflikt-steigt-auf-50-000-menschen\/\"},\"wordCount\":245,\"commentCount\":0,\"publisher\":{\"@id\":\"https:\/\/now-news.de\/de\/#organization\"},\"image\":{\"@id\":\"https:\/\/now-news.de\/de\/deutschland\/zahl-der-vermissten-im-ukraine-konflikt-steigt-auf-50-000-menschen\/#primaryimage\"},\"thumbnailUrl\":\"https:\/\/now-news.de\/de\/wp-content\/uploads\/sites\/3\/2025\/02\/Zahl-der-Vermissten-im-Ukraine-Konflikt-steigt-auf-50000-Menschen.jpg\",\"keywords\":[\"AUF\",\"der\",\"Menschen\",\"steigt\",\"UkraineKonflikt\",\"vermissten\",\"Zahl\"],\"articleSection\":[\"Deutschland\",\"Russland\"],\"inLanguage\":\"de\",\"potentialAction\":[{\"@type\":\"CommentAction\",\"name\":\"Comment\",\"target\":[\"https:\/\/now-news.de\/de\/deutschland\/zahl-der-vermissten-im-ukraine-konflikt-steigt-auf-50-000-menschen\/#respond\"]}]},{\"@type\":\"WebPage\",\"@id\":\"https:\/\/now-news.de\/de\/deutschland\/zahl-der-vermissten-im-ukraine-konflikt-steigt-auf-50-000-menschen\/\",\"url\":\"https:\/\/now-news.de\/de\/deutschland\/zahl-der-vermissten-im-ukraine-konflikt-steigt-auf-50-000-menschen\/\",\"name\":\"Zahl der Vermissten im Ukraine-Konflikt steigt auf 50.000 Menschen - just-now.NEWS Deutschland\",\"isPartOf\":{\"@id\":\"https:\/\/now-news.de\/de\/#website\"},\"primaryImageOfPage\":{\"@id\":\"https:\/\/now-news.de\/de\/deutschland\/zahl-der-vermissten-im-ukraine-konflikt-steigt-auf-50-000-menschen\/#primaryimage\"},\"image\":{\"@id\":\"https:\/\/now-news.de\/de\/deutschland\/zahl-der-vermissten-im-ukraine-konflikt-steigt-auf-50-000-menschen\/#primaryimage\"},\"thumbnailUrl\":\"https:\/\/now-news.de\/de\/wp-content\/uploads\/sites\/3\/2025\/02\/Zahl-der-Vermissten-im-Ukraine-Konflikt-steigt-auf-50000-Menschen.jpg\",\"datePublished\":\"2025-02-13T15:17:23+00:00\",\"dateModified\":\"2025-02-13T15:17:23+00:00\",\"breadcrumb\":{\"@id\":\"https:\/\/now-news.de\/de\/deutschland\/zahl-der-vermissten-im-ukraine-konflikt-steigt-auf-50-000-menschen\/#breadcrumb\"},\"inLanguage\":\"de\",\"potentialAction\":[{\"@type\":\"ReadAction\",\"target\":[\"https:\/\/now-news.de\/de\/deutschland\/zahl-der-vermissten-im-ukraine-konflikt-steigt-auf-50-000-menschen\/\"]}]},{\"@type\":\"ImageObject\",\"inLanguage\":\"de\",\"@id\":\"https:\/\/now-news.de\/de\/deutschland\/zahl-der-vermissten-im-ukraine-konflikt-steigt-auf-50-000-menschen\/#primaryimage\",\"url\":\"https:\/\/now-news.de\/de\/wp-content\/uploads\/sites\/3\/2025\/02\/Zahl-der-Vermissten-im-Ukraine-Konflikt-steigt-auf-50000-Menschen.jpg\",\"contentUrl\":\"https:\/\/now-news.de\/de\/wp-content\/uploads\/sites\/3\/2025\/02\/Zahl-der-Vermissten-im-Ukraine-Konflikt-steigt-auf-50000-Menschen.jpg\",\"width\":460,\"height\":259,\"caption\":\"Zahl der Vermissten im Ukraine-Konflikt steigt auf 50.000 Menschen\"},{\"@type\":\"BreadcrumbList\",\"@id\":\"https:\/\/now-news.de\/de\/deutschland\/zahl-der-vermissten-im-ukraine-konflikt-steigt-auf-50-000-menschen\/#breadcrumb\",\"itemListElement\":[{\"@type\":\"ListItem\",\"position\":1,\"name\":\"Home\",\"item\":\"https:\/\/now-news.de\/de\/\"},{\"@type\":\"ListItem\",\"position\":2,\"name\":\"Zahl der Vermissten im Ukraine-Konflikt steigt auf 50.000 Menschen\"}]},{\"@type\":\"WebSite\",\"@id\":\"https:\/\/now-news.de\/de\/#website\",\"url\":\"https:\/\/now-news.de\/de\/\",\"name\":\"just-now.NEWS Deutschland\",\"description\":\"Das Portal f\u00fcr unzensierte Nachrichten aus der Welt\",\"publisher\":{\"@id\":\"https:\/\/now-news.de\/de\/#organization\"},\"potentialAction\":[{\"@type\":\"SearchAction\",\"target\":{\"@type\":\"EntryPoint\",\"urlTemplate\":\"https:\/\/now-news.de\/de\/?s={search_term_string}\"},\"query-input\":\"required name=search_term_string\"}],\"inLanguage\":\"de\"},{\"@type\":\"Organization\",\"@id\":\"https:\/\/now-news.de\/de\/#organization\",\"name\":\"Just Now News\",\"url\":\"https:\/\/now-news.de\/de\/\",\"logo\":{\"@type\":\"ImageObject\",\"inLanguage\":\"de\",\"@id\":\"https:\/\/now-news.de\/de\/#\/schema\/logo\/image\/\",\"url\":\"http:\/\/just-now.news\/de\/wp-content\/uploads\/sites\/3\/2022\/04\/logo500x500.jpg\",\"contentUrl\":\"http:\/\/just-now.news\/de\/wp-content\/uploads\/sites\/3\/2022\/04\/logo500x500.jpg\",\"width\":500,\"height\":500,\"caption\":\"Just Now News\"},\"image\":{\"@id\":\"https:\/\/now-news.de\/de\/#\/schema\/logo\/image\/\"},\"sameAs\":[\"https:\/\/www.facebook.com\/wirmachenauf\",\"https:\/\/x.com\/WirMachenAuf_de\"]},{\"@type\":\"Person\",\"@id\":\"https:\/\/now-news.de\/de\/#\/schema\/person\/fb534a4e865501d8b3285208df34a9b5\",\"name\":\"rtnews\",\"image\":{\"@type\":\"ImageObject\",\"inLanguage\":\"de\",\"@id\":\"https:\/\/now-news.de\/de\/#\/schema\/person\/image\/\",\"url\":\"https:\/\/secure.gravatar.com\/avatar\/82aafea7d8127119dd649515f56e2117?s=96&d=mm&r=g\",\"contentUrl\":\"https:\/\/secure.gravatar.com\/avatar\/82aafea7d8127119dd649515f56e2117?s=96&d=mm&r=g\",\"caption\":\"rtnews\"},\"url\":\"https:\/\/now-news.de\/de\/author\/rnews\/\"}]}<\/script>\n<!-- \/ Yoast SEO Premium plugin. -->","yoast_head_json":{"title":"Zahl der Vermissten im Ukraine-Konflikt steigt auf 50.000 Menschen - just-now.NEWS Deutschland","robots":{"index":"index","follow":"follow","max-snippet":"max-snippet:-1","max-image-preview":"max-image-preview:large","max-video-preview":"max-video-preview:-1"},"canonical":"https:\/\/now-news.de\/de\/deutschland\/zahl-der-vermissten-im-ukraine-konflikt-steigt-auf-50-000-menschen\/","og_locale":"de_DE","og_type":"article","og_title":"Zahl der Vermissten im Ukraine-Konflikt steigt auf 50.000 Menschen","og_description":"Die Zahl der vermissten Soldaten und Zivilisten im Ukraine-Konflikt ist im vergangenen Jahr auf 50.000 Menschen gestiegen, hei\u00dft es in den Informationen des Internationalen Komitees vom Roten Kreuz. Auch die Zahl der Anfragen von Familien nahm demnach deutlich zu. Das Internationale Komitee vom Roten Kreuz sucht nach 50.000 Menschen, die wegen des Ukraine-Konflikts als vermisst [&hellip;]","og_url":"https:\/\/now-news.de\/de\/deutschland\/zahl-der-vermissten-im-ukraine-konflikt-steigt-auf-50-000-menschen\/","og_site_name":"just-now.NEWS Deutschland","article_publisher":"https:\/\/www.facebook.com\/wirmachenauf","article_published_time":"2025-02-13T15:17:23+00:00","og_image":[{"url":"https:\/\/now-news.de\/de\/wp-content\/uploads\/sites\/3\/2025\/02\/67ae0177b480cc409b2becd3.jpg"}],"author":"rtnews","twitter_card":"summary_large_image","twitter_creator":"@WirMachenAuf_de","twitter_site":"@WirMachenAuf_de","twitter_misc":{"Verfasst von":"rtnews","Gesch\u00e4tzte Lesezeit":"1\u00a0Minute"},"schema":{"@context":"https:\/\/schema.org","@graph":[{"@type":"Article","@id":"https:\/\/now-news.de\/de\/deutschland\/zahl-der-vermissten-im-ukraine-konflikt-steigt-auf-50-000-menschen\/#article","isPartOf":{"@id":"https:\/\/now-news.de\/de\/deutschland\/zahl-der-vermissten-im-ukraine-konflikt-steigt-auf-50-000-menschen\/"},"author":{"name":"rtnews","@id":"https:\/\/now-news.de\/de\/#\/schema\/person\/fb534a4e865501d8b3285208df34a9b5"},"headline":"Zahl der Vermissten im Ukraine-Konflikt steigt auf 50.000 Menschen","datePublished":"2025-02-13T15:17:23+00:00","dateModified":"2025-02-13T15:17:23+00:00","mainEntityOfPage":{"@id":"https:\/\/now-news.de\/de\/deutschland\/zahl-der-vermissten-im-ukraine-konflikt-steigt-auf-50-000-menschen\/"},"wordCount":245,"commentCount":0,"publisher":{"@id":"https:\/\/now-news.de\/de\/#organization"},"image":{"@id":"https:\/\/now-news.de\/de\/deutschland\/zahl-der-vermissten-im-ukraine-konflikt-steigt-auf-50-000-menschen\/#primaryimage"},"thumbnailUrl":"https:\/\/now-news.de\/de\/wp-content\/uploads\/sites\/3\/2025\/02\/Zahl-der-Vermissten-im-Ukraine-Konflikt-steigt-auf-50000-Menschen.jpg","keywords":["AUF","der","Menschen","steigt","UkraineKonflikt","vermissten","Zahl"],"articleSection":["Deutschland","Russland"],"inLanguage":"de","potentialAction":[{"@type":"CommentAction","name":"Comment","target":["https:\/\/now-news.de\/de\/deutschland\/zahl-der-vermissten-im-ukraine-konflikt-steigt-auf-50-000-menschen\/#respond"]}]},{"@type":"WebPage","@id":"https:\/\/now-news.de\/de\/deutschland\/zahl-der-vermissten-im-ukraine-konflikt-steigt-auf-50-000-menschen\/","url":"https:\/\/now-news.de\/de\/deutschland\/zahl-der-vermissten-im-ukraine-konflikt-steigt-auf-50-000-menschen\/","name":"Zahl der Vermissten im Ukraine-Konflikt steigt auf 50.000 Menschen - just-now.NEWS Deutschland","isPartOf":{"@id":"https:\/\/now-news.de\/de\/#website"},"primaryImageOfPage":{"@id":"https:\/\/now-news.de\/de\/deutschland\/zahl-der-vermissten-im-ukraine-konflikt-steigt-auf-50-000-menschen\/#primaryimage"},"image":{"@id":"https:\/\/now-news.de\/de\/deutschland\/zahl-der-vermissten-im-ukraine-konflikt-steigt-auf-50-000-menschen\/#primaryimage"},"thumbnailUrl":"https:\/\/now-news.de\/de\/wp-content\/uploads\/sites\/3\/2025\/02\/Zahl-der-Vermissten-im-Ukraine-Konflikt-steigt-auf-50000-Menschen.jpg","datePublished":"2025-02-13T15:17:23+00:00","dateModified":"2025-02-13T15:17:23+00:00","breadcrumb":{"@id":"https:\/\/now-news.de\/de\/deutschland\/zahl-der-vermissten-im-ukraine-konflikt-steigt-auf-50-000-menschen\/#breadcrumb"},"inLanguage":"de","potentialAction":[{"@type":"ReadAction","target":["https:\/\/now-news.de\/de\/deutschland\/zahl-der-vermissten-im-ukraine-konflikt-steigt-auf-50-000-menschen\/"]}]},{"@type":"ImageObject","inLanguage":"de","@id":"https:\/\/now-news.de\/de\/deutschland\/zahl-der-vermissten-im-ukraine-konflikt-steigt-auf-50-000-menschen\/#primaryimage","url":"https:\/\/now-news.de\/de\/wp-content\/uploads\/sites\/3\/2025\/02\/Zahl-der-Vermissten-im-Ukraine-Konflikt-steigt-auf-50000-Menschen.jpg","contentUrl":"https:\/\/now-news.de\/de\/wp-content\/uploads\/sites\/3\/2025\/02\/Zahl-der-Vermissten-im-Ukraine-Konflikt-steigt-auf-50000-Menschen.jpg","width":460,"height":259,"caption":"Zahl der Vermissten im Ukraine-Konflikt steigt auf 50.000 Menschen"},{"@type":"BreadcrumbList","@id":"https:\/\/now-news.de\/de\/deutschland\/zahl-der-vermissten-im-ukraine-konflikt-steigt-auf-50-000-menschen\/#breadcrumb","itemListElement":[{"@type":"ListItem","position":1,"name":"Home","item":"https:\/\/now-news.de\/de\/"},{"@type":"ListItem","position":2,"name":"Zahl der Vermissten im Ukraine-Konflikt steigt auf 50.000 Menschen"}]},{"@type":"WebSite","@id":"https:\/\/now-news.de\/de\/#website","url":"https:\/\/now-news.de\/de\/","name":"just-now.NEWS Deutschland","description":"Das Portal f\u00fcr unzensierte Nachrichten aus der Welt","publisher":{"@id":"https:\/\/now-news.de\/de\/#organization"},"potentialAction":[{"@type":"SearchAction","target":{"@type":"EntryPoint","urlTemplate":"https:\/\/now-news.de\/de\/?s={search_term_string}"},"query-input":"required name=search_term_string"}],"inLanguage":"de"},{"@type":"Organization","@id":"https:\/\/now-news.de\/de\/#organization","name":"Just Now News","url":"https:\/\/now-news.de\/de\/","logo":{"@type":"ImageObject","inLanguage":"de","@id":"https:\/\/now-news.de\/de\/#\/schema\/logo\/image\/","url":"http:\/\/just-now.news\/de\/wp-content\/uploads\/sites\/3\/2022\/04\/logo500x500.jpg","contentUrl":"http:\/\/just-now.news\/de\/wp-content\/uploads\/sites\/3\/2022\/04\/logo500x500.jpg","width":500,"height":500,"caption":"Just Now News"},"image":{"@id":"https:\/\/now-news.de\/de\/#\/schema\/logo\/image\/"},"sameAs":["https:\/\/www.facebook.com\/wirmachenauf","https:\/\/x.com\/WirMachenAuf_de"]},{"@type":"Person","@id":"https:\/\/now-news.de\/de\/#\/schema\/person\/fb534a4e865501d8b3285208df34a9b5","name":"rtnews","image":{"@type":"ImageObject","inLanguage":"de","@id":"https:\/\/now-news.de\/de\/#\/schema\/person\/image\/","url":"https:\/\/secure.gravatar.com\/avatar\/82aafea7d8127119dd649515f56e2117?s=96&d=mm&r=g","contentUrl":"https:\/\/secure.gravatar.com\/avatar\/82aafea7d8127119dd649515f56e2117?s=96&d=mm&r=g","caption":"rtnews"},"url":"https:\/\/now-news.de\/de\/author\/rnews\/"}]}},"_links":{"self":[{"href":"https:\/\/now-news.de\/de\/wp-json\/wp\/v2\/posts\/78425"}],"collection":[{"href":"https:\/\/now-news.de\/de\/wp-json\/wp\/v2\/posts"}],"about":[{"href":"https:\/\/now-news.de\/de\/wp-json\/wp\/v2\/types\/post"}],"author":[{"embeddable":true,"href":"https:\/\/now-news.de\/de\/wp-json\/wp\/v2\/users\/3"}],"replies":[{"embeddable":true,"href":"https:\/\/now-news.de\/de\/wp-json\/wp\/v2\/comments?post=78425"}],"version-history":[{"count":0,"href":"https:\/\/now-news.de\/de\/wp-json\/wp\/v2\/posts\/78425\/revisions"}],"wp:featuredmedia":[{"embeddable":true,"href":"https:\/\/now-news.de\/de\/wp-json\/wp\/v2\/media\/78426"}],"wp:attachment":[{"href":"https:\/\/now-news.de\/de\/wp-json\/wp\/v2\/media?parent=78425"}],"wp:term":[{"taxonomy":"category","embeddable":true,"href":"https:\/\/now-news.de\/de\/wp-json\/wp\/v2\/categories?post=78425"},{"taxonomy":"post_tag","embeddable":true,"href":"https:\/\/now-news.de\/de\/wp-json\/wp\/v2\/tags?post=78425"}],"curies":[{"name":"wp","href":"https:\/\/api.w.org\/{rel}","templated":true}]}}