{"id":78370,"date":"2025-02-12T21:46:43","date_gmt":"2025-02-12T19:46:43","guid":{"rendered":"https:\/\/now-news.de\/de\/deutschland\/schweiz-schliesst-sich-15-eu-sanktionspaket-gegen-russland-an\/"},"modified":"2025-02-12T21:46:43","modified_gmt":"2025-02-12T19:46:43","slug":"schweiz-schliesst-sich-15-eu-sanktionspaket-gegen-russland-an","status":"publish","type":"post","link":"https:\/\/now-news.de\/de\/deutschland\/schweiz-schliesst-sich-15-eu-sanktionspaket-gegen-russland-an\/","title":{"rendered":"Schweiz schlie\u00dft sich 15. EU-Sanktionspaket gegen Russland an"},"content":{"rendered":"<p><img decoding=\"async\" src=\"https:\/\/now-news.de\/de\/wp-content\/uploads\/sites\/3\/2025\/02\/67acf4c7b480cc56173adf51.jpg\" \/><\/p>\n<div class=\"Text-root Text-type_1 \">\n                Die Schweiz schlie\u00dft sich den neuesten EU-Sanktionen gegen Russland an. Dazu geh\u00f6ren ein Verbot der Anerkennung russischer Urteile und verl\u00e4ngerte Ausnahmebestimmungen f\u00fcr Investitionen. Bereits seit dem 23. Dezember stehen 54 Personen und 30 Unternehmen auf der Schweizer Sanktionsliste.\n            <\/div>\n<p><\/p>\n<div class=\"Text-root Text-type_5 ArticleView-text ViewText-root \">\n<p data-pm-slice=\"1 1 []\">Der Bundesrat hat beschlossen, die Ma\u00dfnahmen des 15. Sanktionspakets der Europ\u00e4ischen Union gegen Russland zu \u00fcbernehmen. Damit setzt die Schweiz ihre restriktive Politik gegen\u00fcber Moskau fort. Die neuen Ma\u00dfnahmen treten am 13. Februar 2025 in Kraft.<\/p>\n<p>Bereits am 23. Dezember 2024 hatte das Eidgen\u00f6ssische Departement f\u00fcr Wirtschaft, Bildung und Forschung (<a rel=\"nofollow noopener\" target=\"_blank\" href=\"https:\/\/www.admin.ch\/gov\/de\/start\/dokumentation\/medienmitteilungen.msg-id-104111.html\">WBF<\/a>) eigenst\u00e4ndig Sanktionen gegen 54 nat\u00fcrliche Personen sowie 30 Unternehmen und Organisationen verh\u00e4ngt. Nun folgt die offizielle Angleichung an das EU-Paket, das Mitte Dezember beschlossen wurde.<\/p>\n<p>Eine der zentralen Neuerungen ist das Verbot, russische Gerichtsentscheidungen anzuerkennen oder zu vollstrecken, wenn russische Gerichte einseitig ihre ausschlie\u00dfliche Zust\u00e4ndigkeit f\u00fcr Streitf\u00e4lle zwischen russischen und Schweizer Unternehmen beanspruchen. Diese Regelung soll verhindern, dass Schweizer Firmen durch russische Justizpraktiken finanziellen Schaden erleiden.<\/p>\n<p>Dar\u00fcber hinaus wurden verschiedene Ausnahmebestimmungen verl\u00e4ngert, die es Schweizer Unternehmen erleichtern sollen, sich geordnet aus Investitionen in Russland zur\u00fcckzuziehen.<\/p>\n<p data-start=\"0\" data-end=\"362\">Die Sanktionen sind Teil der internationalen Reaktion auf den anhaltenden Ukraine-Krieg. Die EU hatte am 16. Dezember 2024 neue restriktive Ma\u00dfnahmen beschlossen, um den wirtschaftlichen und politischen Druck auf Moskau weiter zu erh\u00f6hen. Die einst neutrale Schweiz folgt damit konsequent ihrer bisherigen Linie, die Sanktionen der EU weitgehend zu \u00fcbernehmen.<\/p>\n<p data-start=\"364\" data-end=\"533\" data-is-last-node=\"\">Mit diesem Schritt spiegelt der Bundesrat einmal mehr wider, was in den Hinterzimmern von Br\u00fcssel und Washington entschieden wird, und bekr\u00e4ftigt seine NATO-freundliche Haltung.<\/p>\n<p data-start=\"364\" data-end=\"533\" data-is-last-node=\"\"><strong>Mehr zum Thema<\/strong>\u00a0\u2012\u00a0<a rel=\"nofollow noopener\" target=\"_blank\" href=\"https:\/\/freedert.online\/schweiz\/207152-pandora-papers-enthuellungen-schweizer-richter\/\">Schweizer Richter im Dienst ukrainischer Oligarchen<\/a><\/p>\n<div class=\"EmbedBlock-root EmbedBlock-externalVideo EmbedBlock-rumble\">\n<div class=\"VkEmbed\"><iframe class=\"lazyload\" data-src=\"https:\/\/rumble.com\/embed\/v6hrm1s\" frameborder=\"0\" width=\"853\" height=\"480\" allowfullscreen><\/iframe><\/div>\n<\/div>\n<\/div>\n<p><br \/>\n<br \/><a href=\"https:\/\/de.rt.com\/schweiz\/236602-schweiz-schliesst-sich-15-eu\/\">Source link <\/a><\/p>\n","protected":false},"excerpt":{"rendered":"<p>Die Schweiz schlie\u00dft sich den neuesten EU-Sanktionen gegen Russland an. Dazu geh\u00f6ren ein Verbot der Anerkennung russischer Urteile und verl\u00e4ngerte Ausnahmebestimmungen f\u00fcr Investitionen. Bereits seit dem 23. Dezember stehen 54 Personen und 30 Unternehmen auf der Schweizer Sanktionsliste. Der Bundesrat hat beschlossen, die Ma\u00dfnahmen des 15. Sanktionspakets der Europ\u00e4ischen Union gegen Russland zu \u00fcbernehmen. Damit [&hellip;]<\/p>\n","protected":false},"author":3,"featured_media":78371,"comment_status":"open","ping_status":"open","sticky":false,"template":"","format":"standard","meta":{"_yoast_indexnow_last_ping":["1739389683"],"wp_automatic_camp":["217"],"be45e9f8a8921ac647aee130ee3d6e44":["Schweiz schlie\u00dft sich 15. EU-Sanktionspaket gegen Russland an"],"original_link":["https:\/\/de.rt.com\/schweiz\/236602-schweiz-schliesst-sich-15-eu\/"],"_thumbnail_id":["78371"],"jnews_social_counter_last_update":["1777374542"],"_wptgpro_p2tg_sent2tg":["a:1:{i:23737;s:19:\"2025-02-12 21:49:04\";}"]},"categories":[19,23],"tags":[25389,278,126,870,4207,434],"yoast_head":"<!-- This site is optimized with the Yoast SEO Premium plugin v22.7 (Yoast SEO v22.7) - https:\/\/yoast.com\/wordpress\/plugins\/seo\/ -->\n<title>Schweiz schlie\u00dft sich 15. EU-Sanktionspaket gegen Russland an - just-now.NEWS Deutschland<\/title>\n<meta name=\"robots\" content=\"index, follow, max-snippet:-1, max-image-preview:large, max-video-preview:-1\" \/>\n<link rel=\"canonical\" href=\"https:\/\/now-news.de\/de\/deutschland\/schweiz-schliesst-sich-15-eu-sanktionspaket-gegen-russland-an\/\" \/>\n<meta property=\"og:locale\" content=\"de_DE\" \/>\n<meta property=\"og:type\" content=\"article\" \/>\n<meta property=\"og:title\" content=\"Schweiz schlie\u00dft sich 15. EU-Sanktionspaket gegen Russland an\" \/>\n<meta property=\"og:description\" content=\"Die Schweiz schlie\u00dft sich den neuesten EU-Sanktionen gegen Russland an. Dazu geh\u00f6ren ein Verbot der Anerkennung russischer Urteile und verl\u00e4ngerte Ausnahmebestimmungen f\u00fcr Investitionen. Bereits seit dem 23. Dezember stehen 54 Personen und 30 Unternehmen auf der Schweizer Sanktionsliste. Der Bundesrat hat beschlossen, die Ma\u00dfnahmen des 15. Sanktionspakets der Europ\u00e4ischen Union gegen Russland zu \u00fcbernehmen. Damit [&hellip;]\" \/>\n<meta property=\"og:url\" content=\"https:\/\/now-news.de\/de\/deutschland\/schweiz-schliesst-sich-15-eu-sanktionspaket-gegen-russland-an\/\" \/>\n<meta property=\"og:site_name\" content=\"just-now.NEWS Deutschland\" \/>\n<meta property=\"article:publisher\" content=\"https:\/\/www.facebook.com\/wirmachenauf\" \/>\n<meta property=\"article:published_time\" content=\"2025-02-12T19:46:43+00:00\" \/>\n<meta property=\"og:image\" content=\"https:\/\/now-news.de\/de\/wp-content\/uploads\/sites\/3\/2025\/02\/67acf4c7b480cc56173adf51.jpg\" \/>\n<meta name=\"author\" content=\"rtnews\" \/>\n<meta name=\"twitter:card\" content=\"summary_large_image\" \/>\n<meta name=\"twitter:creator\" content=\"@WirMachenAuf_de\" \/>\n<meta name=\"twitter:site\" content=\"@WirMachenAuf_de\" \/>\n<meta name=\"twitter:label1\" content=\"Verfasst von\" \/>\n\t<meta name=\"twitter:data1\" content=\"rtnews\" \/>\n\t<meta name=\"twitter:label2\" content=\"Gesch\u00e4tzte Lesezeit\" \/>\n\t<meta name=\"twitter:data2\" content=\"1\u00a0Minute\" \/>\n<script type=\"application\/ld+json\" class=\"yoast-schema-graph\">{\"@context\":\"https:\/\/schema.org\",\"@graph\":[{\"@type\":\"Article\",\"@id\":\"https:\/\/now-news.de\/de\/deutschland\/schweiz-schliesst-sich-15-eu-sanktionspaket-gegen-russland-an\/#article\",\"isPartOf\":{\"@id\":\"https:\/\/now-news.de\/de\/deutschland\/schweiz-schliesst-sich-15-eu-sanktionspaket-gegen-russland-an\/\"},\"author\":{\"name\":\"rtnews\",\"@id\":\"https:\/\/now-news.de\/de\/#\/schema\/person\/fb534a4e865501d8b3285208df34a9b5\"},\"headline\":\"Schweiz schlie\u00dft sich 15. EU-Sanktionspaket gegen Russland an\",\"datePublished\":\"2025-02-12T19:46:43+00:00\",\"dateModified\":\"2025-02-12T19:46:43+00:00\",\"mainEntityOfPage\":{\"@id\":\"https:\/\/now-news.de\/de\/deutschland\/schweiz-schliesst-sich-15-eu-sanktionspaket-gegen-russland-an\/\"},\"wordCount\":280,\"commentCount\":0,\"publisher\":{\"@id\":\"https:\/\/now-news.de\/de\/#organization\"},\"image\":{\"@id\":\"https:\/\/now-news.de\/de\/deutschland\/schweiz-schliesst-sich-15-eu-sanktionspaket-gegen-russland-an\/#primaryimage\"},\"thumbnailUrl\":\"https:\/\/now-news.de\/de\/wp-content\/uploads\/sites\/3\/2025\/02\/Schweiz-schliesst-sich-15-EU-Sanktionspaket-gegen-Russland-an.jpg\",\"keywords\":[\"EUSanktionspaket\",\"gegen\",\"russland\",\"schlie\u00dft\",\"schweiz\",\"sich\"],\"articleSection\":[\"Deutschland\",\"Russland\"],\"inLanguage\":\"de\",\"potentialAction\":[{\"@type\":\"CommentAction\",\"name\":\"Comment\",\"target\":[\"https:\/\/now-news.de\/de\/deutschland\/schweiz-schliesst-sich-15-eu-sanktionspaket-gegen-russland-an\/#respond\"]}]},{\"@type\":\"WebPage\",\"@id\":\"https:\/\/now-news.de\/de\/deutschland\/schweiz-schliesst-sich-15-eu-sanktionspaket-gegen-russland-an\/\",\"url\":\"https:\/\/now-news.de\/de\/deutschland\/schweiz-schliesst-sich-15-eu-sanktionspaket-gegen-russland-an\/\",\"name\":\"Schweiz schlie\u00dft sich 15. EU-Sanktionspaket gegen Russland an - just-now.NEWS Deutschland\",\"isPartOf\":{\"@id\":\"https:\/\/now-news.de\/de\/#website\"},\"primaryImageOfPage\":{\"@id\":\"https:\/\/now-news.de\/de\/deutschland\/schweiz-schliesst-sich-15-eu-sanktionspaket-gegen-russland-an\/#primaryimage\"},\"image\":{\"@id\":\"https:\/\/now-news.de\/de\/deutschland\/schweiz-schliesst-sich-15-eu-sanktionspaket-gegen-russland-an\/#primaryimage\"},\"thumbnailUrl\":\"https:\/\/now-news.de\/de\/wp-content\/uploads\/sites\/3\/2025\/02\/Schweiz-schliesst-sich-15-EU-Sanktionspaket-gegen-Russland-an.jpg\",\"datePublished\":\"2025-02-12T19:46:43+00:00\",\"dateModified\":\"2025-02-12T19:46:43+00:00\",\"breadcrumb\":{\"@id\":\"https:\/\/now-news.de\/de\/deutschland\/schweiz-schliesst-sich-15-eu-sanktionspaket-gegen-russland-an\/#breadcrumb\"},\"inLanguage\":\"de\",\"potentialAction\":[{\"@type\":\"ReadAction\",\"target\":[\"https:\/\/now-news.de\/de\/deutschland\/schweiz-schliesst-sich-15-eu-sanktionspaket-gegen-russland-an\/\"]}]},{\"@type\":\"ImageObject\",\"inLanguage\":\"de\",\"@id\":\"https:\/\/now-news.de\/de\/deutschland\/schweiz-schliesst-sich-15-eu-sanktionspaket-gegen-russland-an\/#primaryimage\",\"url\":\"https:\/\/now-news.de\/de\/wp-content\/uploads\/sites\/3\/2025\/02\/Schweiz-schliesst-sich-15-EU-Sanktionspaket-gegen-Russland-an.jpg\",\"contentUrl\":\"https:\/\/now-news.de\/de\/wp-content\/uploads\/sites\/3\/2025\/02\/Schweiz-schliesst-sich-15-EU-Sanktionspaket-gegen-Russland-an.jpg\",\"width\":460,\"height\":259,\"caption\":\"Schweiz schlie\u00dft sich 15. EU-Sanktionspaket gegen Russland an\"},{\"@type\":\"BreadcrumbList\",\"@id\":\"https:\/\/now-news.de\/de\/deutschland\/schweiz-schliesst-sich-15-eu-sanktionspaket-gegen-russland-an\/#breadcrumb\",\"itemListElement\":[{\"@type\":\"ListItem\",\"position\":1,\"name\":\"Home\",\"item\":\"https:\/\/now-news.de\/de\/\"},{\"@type\":\"ListItem\",\"position\":2,\"name\":\"Schweiz schlie\u00dft sich 15. EU-Sanktionspaket gegen Russland an\"}]},{\"@type\":\"WebSite\",\"@id\":\"https:\/\/now-news.de\/de\/#website\",\"url\":\"https:\/\/now-news.de\/de\/\",\"name\":\"just-now.NEWS Deutschland\",\"description\":\"Das Portal f\u00fcr unzensierte Nachrichten aus der Welt\",\"publisher\":{\"@id\":\"https:\/\/now-news.de\/de\/#organization\"},\"potentialAction\":[{\"@type\":\"SearchAction\",\"target\":{\"@type\":\"EntryPoint\",\"urlTemplate\":\"https:\/\/now-news.de\/de\/?s={search_term_string}\"},\"query-input\":\"required name=search_term_string\"}],\"inLanguage\":\"de\"},{\"@type\":\"Organization\",\"@id\":\"https:\/\/now-news.de\/de\/#organization\",\"name\":\"Just Now News\",\"url\":\"https:\/\/now-news.de\/de\/\",\"logo\":{\"@type\":\"ImageObject\",\"inLanguage\":\"de\",\"@id\":\"https:\/\/now-news.de\/de\/#\/schema\/logo\/image\/\",\"url\":\"http:\/\/just-now.news\/de\/wp-content\/uploads\/sites\/3\/2022\/04\/logo500x500.jpg\",\"contentUrl\":\"http:\/\/just-now.news\/de\/wp-content\/uploads\/sites\/3\/2022\/04\/logo500x500.jpg\",\"width\":500,\"height\":500,\"caption\":\"Just Now News\"},\"image\":{\"@id\":\"https:\/\/now-news.de\/de\/#\/schema\/logo\/image\/\"},\"sameAs\":[\"https:\/\/www.facebook.com\/wirmachenauf\",\"https:\/\/x.com\/WirMachenAuf_de\"]},{\"@type\":\"Person\",\"@id\":\"https:\/\/now-news.de\/de\/#\/schema\/person\/fb534a4e865501d8b3285208df34a9b5\",\"name\":\"rtnews\",\"image\":{\"@type\":\"ImageObject\",\"inLanguage\":\"de\",\"@id\":\"https:\/\/now-news.de\/de\/#\/schema\/person\/image\/\",\"url\":\"https:\/\/secure.gravatar.com\/avatar\/82aafea7d8127119dd649515f56e2117?s=96&d=mm&r=g\",\"contentUrl\":\"https:\/\/secure.gravatar.com\/avatar\/82aafea7d8127119dd649515f56e2117?s=96&d=mm&r=g\",\"caption\":\"rtnews\"},\"url\":\"https:\/\/now-news.de\/de\/author\/rnews\/\"}]}<\/script>\n<!-- \/ Yoast SEO Premium plugin. -->","yoast_head_json":{"title":"Schweiz schlie\u00dft sich 15. EU-Sanktionspaket gegen Russland an - just-now.NEWS Deutschland","robots":{"index":"index","follow":"follow","max-snippet":"max-snippet:-1","max-image-preview":"max-image-preview:large","max-video-preview":"max-video-preview:-1"},"canonical":"https:\/\/now-news.de\/de\/deutschland\/schweiz-schliesst-sich-15-eu-sanktionspaket-gegen-russland-an\/","og_locale":"de_DE","og_type":"article","og_title":"Schweiz schlie\u00dft sich 15. EU-Sanktionspaket gegen Russland an","og_description":"Die Schweiz schlie\u00dft sich den neuesten EU-Sanktionen gegen Russland an. Dazu geh\u00f6ren ein Verbot der Anerkennung russischer Urteile und verl\u00e4ngerte Ausnahmebestimmungen f\u00fcr Investitionen. Bereits seit dem 23. Dezember stehen 54 Personen und 30 Unternehmen auf der Schweizer Sanktionsliste. Der Bundesrat hat beschlossen, die Ma\u00dfnahmen des 15. Sanktionspakets der Europ\u00e4ischen Union gegen Russland zu \u00fcbernehmen. Damit [&hellip;]","og_url":"https:\/\/now-news.de\/de\/deutschland\/schweiz-schliesst-sich-15-eu-sanktionspaket-gegen-russland-an\/","og_site_name":"just-now.NEWS Deutschland","article_publisher":"https:\/\/www.facebook.com\/wirmachenauf","article_published_time":"2025-02-12T19:46:43+00:00","og_image":[{"url":"https:\/\/now-news.de\/de\/wp-content\/uploads\/sites\/3\/2025\/02\/67acf4c7b480cc56173adf51.jpg"}],"author":"rtnews","twitter_card":"summary_large_image","twitter_creator":"@WirMachenAuf_de","twitter_site":"@WirMachenAuf_de","twitter_misc":{"Verfasst von":"rtnews","Gesch\u00e4tzte Lesezeit":"1\u00a0Minute"},"schema":{"@context":"https:\/\/schema.org","@graph":[{"@type":"Article","@id":"https:\/\/now-news.de\/de\/deutschland\/schweiz-schliesst-sich-15-eu-sanktionspaket-gegen-russland-an\/#article","isPartOf":{"@id":"https:\/\/now-news.de\/de\/deutschland\/schweiz-schliesst-sich-15-eu-sanktionspaket-gegen-russland-an\/"},"author":{"name":"rtnews","@id":"https:\/\/now-news.de\/de\/#\/schema\/person\/fb534a4e865501d8b3285208df34a9b5"},"headline":"Schweiz schlie\u00dft sich 15. EU-Sanktionspaket gegen Russland an","datePublished":"2025-02-12T19:46:43+00:00","dateModified":"2025-02-12T19:46:43+00:00","mainEntityOfPage":{"@id":"https:\/\/now-news.de\/de\/deutschland\/schweiz-schliesst-sich-15-eu-sanktionspaket-gegen-russland-an\/"},"wordCount":280,"commentCount":0,"publisher":{"@id":"https:\/\/now-news.de\/de\/#organization"},"image":{"@id":"https:\/\/now-news.de\/de\/deutschland\/schweiz-schliesst-sich-15-eu-sanktionspaket-gegen-russland-an\/#primaryimage"},"thumbnailUrl":"https:\/\/now-news.de\/de\/wp-content\/uploads\/sites\/3\/2025\/02\/Schweiz-schliesst-sich-15-EU-Sanktionspaket-gegen-Russland-an.jpg","keywords":["EUSanktionspaket","gegen","russland","schlie\u00dft","schweiz","sich"],"articleSection":["Deutschland","Russland"],"inLanguage":"de","potentialAction":[{"@type":"CommentAction","name":"Comment","target":["https:\/\/now-news.de\/de\/deutschland\/schweiz-schliesst-sich-15-eu-sanktionspaket-gegen-russland-an\/#respond"]}]},{"@type":"WebPage","@id":"https:\/\/now-news.de\/de\/deutschland\/schweiz-schliesst-sich-15-eu-sanktionspaket-gegen-russland-an\/","url":"https:\/\/now-news.de\/de\/deutschland\/schweiz-schliesst-sich-15-eu-sanktionspaket-gegen-russland-an\/","name":"Schweiz schlie\u00dft sich 15. EU-Sanktionspaket gegen Russland an - just-now.NEWS Deutschland","isPartOf":{"@id":"https:\/\/now-news.de\/de\/#website"},"primaryImageOfPage":{"@id":"https:\/\/now-news.de\/de\/deutschland\/schweiz-schliesst-sich-15-eu-sanktionspaket-gegen-russland-an\/#primaryimage"},"image":{"@id":"https:\/\/now-news.de\/de\/deutschland\/schweiz-schliesst-sich-15-eu-sanktionspaket-gegen-russland-an\/#primaryimage"},"thumbnailUrl":"https:\/\/now-news.de\/de\/wp-content\/uploads\/sites\/3\/2025\/02\/Schweiz-schliesst-sich-15-EU-Sanktionspaket-gegen-Russland-an.jpg","datePublished":"2025-02-12T19:46:43+00:00","dateModified":"2025-02-12T19:46:43+00:00","breadcrumb":{"@id":"https:\/\/now-news.de\/de\/deutschland\/schweiz-schliesst-sich-15-eu-sanktionspaket-gegen-russland-an\/#breadcrumb"},"inLanguage":"de","potentialAction":[{"@type":"ReadAction","target":["https:\/\/now-news.de\/de\/deutschland\/schweiz-schliesst-sich-15-eu-sanktionspaket-gegen-russland-an\/"]}]},{"@type":"ImageObject","inLanguage":"de","@id":"https:\/\/now-news.de\/de\/deutschland\/schweiz-schliesst-sich-15-eu-sanktionspaket-gegen-russland-an\/#primaryimage","url":"https:\/\/now-news.de\/de\/wp-content\/uploads\/sites\/3\/2025\/02\/Schweiz-schliesst-sich-15-EU-Sanktionspaket-gegen-Russland-an.jpg","contentUrl":"https:\/\/now-news.de\/de\/wp-content\/uploads\/sites\/3\/2025\/02\/Schweiz-schliesst-sich-15-EU-Sanktionspaket-gegen-Russland-an.jpg","width":460,"height":259,"caption":"Schweiz schlie\u00dft sich 15. EU-Sanktionspaket gegen Russland an"},{"@type":"BreadcrumbList","@id":"https:\/\/now-news.de\/de\/deutschland\/schweiz-schliesst-sich-15-eu-sanktionspaket-gegen-russland-an\/#breadcrumb","itemListElement":[{"@type":"ListItem","position":1,"name":"Home","item":"https:\/\/now-news.de\/de\/"},{"@type":"ListItem","position":2,"name":"Schweiz schlie\u00dft sich 15. EU-Sanktionspaket gegen Russland an"}]},{"@type":"WebSite","@id":"https:\/\/now-news.de\/de\/#website","url":"https:\/\/now-news.de\/de\/","name":"just-now.NEWS Deutschland","description":"Das Portal f\u00fcr unzensierte Nachrichten aus der Welt","publisher":{"@id":"https:\/\/now-news.de\/de\/#organization"},"potentialAction":[{"@type":"SearchAction","target":{"@type":"EntryPoint","urlTemplate":"https:\/\/now-news.de\/de\/?s={search_term_string}"},"query-input":"required name=search_term_string"}],"inLanguage":"de"},{"@type":"Organization","@id":"https:\/\/now-news.de\/de\/#organization","name":"Just Now News","url":"https:\/\/now-news.de\/de\/","logo":{"@type":"ImageObject","inLanguage":"de","@id":"https:\/\/now-news.de\/de\/#\/schema\/logo\/image\/","url":"http:\/\/just-now.news\/de\/wp-content\/uploads\/sites\/3\/2022\/04\/logo500x500.jpg","contentUrl":"http:\/\/just-now.news\/de\/wp-content\/uploads\/sites\/3\/2022\/04\/logo500x500.jpg","width":500,"height":500,"caption":"Just Now News"},"image":{"@id":"https:\/\/now-news.de\/de\/#\/schema\/logo\/image\/"},"sameAs":["https:\/\/www.facebook.com\/wirmachenauf","https:\/\/x.com\/WirMachenAuf_de"]},{"@type":"Person","@id":"https:\/\/now-news.de\/de\/#\/schema\/person\/fb534a4e865501d8b3285208df34a9b5","name":"rtnews","image":{"@type":"ImageObject","inLanguage":"de","@id":"https:\/\/now-news.de\/de\/#\/schema\/person\/image\/","url":"https:\/\/secure.gravatar.com\/avatar\/82aafea7d8127119dd649515f56e2117?s=96&d=mm&r=g","contentUrl":"https:\/\/secure.gravatar.com\/avatar\/82aafea7d8127119dd649515f56e2117?s=96&d=mm&r=g","caption":"rtnews"},"url":"https:\/\/now-news.de\/de\/author\/rnews\/"}]}},"_links":{"self":[{"href":"https:\/\/now-news.de\/de\/wp-json\/wp\/v2\/posts\/78370"}],"collection":[{"href":"https:\/\/now-news.de\/de\/wp-json\/wp\/v2\/posts"}],"about":[{"href":"https:\/\/now-news.de\/de\/wp-json\/wp\/v2\/types\/post"}],"author":[{"embeddable":true,"href":"https:\/\/now-news.de\/de\/wp-json\/wp\/v2\/users\/3"}],"replies":[{"embeddable":true,"href":"https:\/\/now-news.de\/de\/wp-json\/wp\/v2\/comments?post=78370"}],"version-history":[{"count":0,"href":"https:\/\/now-news.de\/de\/wp-json\/wp\/v2\/posts\/78370\/revisions"}],"wp:featuredmedia":[{"embeddable":true,"href":"https:\/\/now-news.de\/de\/wp-json\/wp\/v2\/media\/78371"}],"wp:attachment":[{"href":"https:\/\/now-news.de\/de\/wp-json\/wp\/v2\/media?parent=78370"}],"wp:term":[{"taxonomy":"category","embeddable":true,"href":"https:\/\/now-news.de\/de\/wp-json\/wp\/v2\/categories?post=78370"},{"taxonomy":"post_tag","embeddable":true,"href":"https:\/\/now-news.de\/de\/wp-json\/wp\/v2\/tags?post=78370"}],"curies":[{"name":"wp","href":"https:\/\/api.w.org\/{rel}","templated":true}]}}