{"id":78351,"date":"2025-02-12T17:25:22","date_gmt":"2025-02-12T15:25:22","guid":{"rendered":"https:\/\/now-news.de\/de\/deutschland\/merz-im-interview-das-deutsche-geschaeftsmodell-ist-am-ende\/"},"modified":"2025-02-12T17:25:22","modified_gmt":"2025-02-12T15:25:22","slug":"merz-im-interview-das-deutsche-geschaeftsmodell-ist-am-ende","status":"publish","type":"post","link":"https:\/\/now-news.de\/de\/deutschland\/merz-im-interview-das-deutsche-geschaeftsmodell-ist-am-ende\/","title":{"rendered":"Merz im Interview: Das deutsche Gesch\u00e4ftsmodell ist am Ende"},"content":{"rendered":"<p><img decoding=\"async\" src=\"https:\/\/now-news.de\/de\/wp-content\/uploads\/sites\/3\/2025\/02\/67ac90b548fbef32b977cc4f.jpg\" \/><\/p>\n<div class=\"Text-root Text-type_1 \">\n                Eine R\u00fcckkehr zu russischem Gas werde es &#8220;vorerst&#8221; nicht geben, aber f\u00fcr langfristige Vertr\u00e4ge \u00fcber  amerikanisches Fl\u00fcssiggas sei er &#8220;absolut offen&#8221;,  sagte Unions-Kanzlerkandidat Friedrich Merz gegen\u00fcber The Economist. Scharfe Kritik \u00fcbte er an der Br\u00fcsseler B\u00fcrokratie.\n            <\/div>\n<p><\/p>\n<div class=\"Text-root Text-type_5 ArticleView-text ViewText-root \">\n<p>Viele Beobachter sehen die Gefahr, dass Europa im globalen Wettbewerb den Anschluss verliert, weil China und die USA in innovativen Branchen wie der k\u00fcnstlichen Intelligenz die Nase vorn haben. Das Gesch\u00e4ftsmodell Deutschlands sei deshalb am Ende,\u00a0so Unionskanzlerkandidat Friedrich Merz in einem Interview mit der britischen Wochenzeitung <em><a rel=\"nofollow noopener\" target=\"_blank\" href=\"https:\/\/www.economist.com\/europe\/2025\/02\/10\/germanys-business-model-is-gone-warns-friedrich-merz\">The Economist<\/a><\/em>.<\/p>\n<p>Seine Strategie beginne mit dem Kampf gegen die B\u00fcrokratie in Br\u00fcssel und Deutschland. &#8220;Wir m\u00fcssen ernsthaft an der B\u00fcrokratie arbeiten&#8221;, sagte Merz und\u00a0listete eine Reihe von Richtlinien und Verordnungen auf, darunter die detaillierten Due-Diligence-Berichtsstandards, die deutsche Wirtschaftsf\u00fchrer f\u00fcr untragbar halten.<\/p>\n<p>Merz k\u00fcndigte in dem Interview zudem den Abbau des Sozialsystems an.\u00a0&#8220;Wir m\u00fcssen unsere Staatsausgaben zum Beispiel auf den Arbeitsmarkt konzentrieren&#8221;,\u00a0erkl\u00e4rte\u00a0er, um nicht &#8220;Leute zu bezahlen, die nicht arbeiten wollen.&#8221;<\/p>\n<p>Der CDU-Kanzlerkandidat sagte gegen\u00fcber\u00a0<em>The Economist,<\/em>\u00a0er meine es ernst mit &#8220;der Wiederbelebung der lange vermissten deutschen Europapolitik&#8221;. Die St\u00e4rkung der Stimme Europas sei\u00a0ein Leitmotiv von Merz, das von der China-Politik bis zur Unterst\u00fctzung der Ambitionen Emmanuel Macrons reiche, die europ\u00e4ische R\u00fcstungsindustrie zu st\u00e4rken.\u00a0Der Christdemokrat\u00a0verspreche, &#8220;das Weimarer Dreieck&#8221; mit Frankreich und Polen wiederzubeleben, und denke \u00fcber milit\u00e4rische Zusammenarbeit und gemeinsame Projekte in den Bereichen KI und Quantencomputer nach.\u00a0<\/p>\n<p>Zum Thema Energie, einem weiteren Sorgenkind der deutschen Industrie, sagte Merz:<\/p>\n<p><em>&#8220;Wir m\u00fcssen mindestens 50 Gaskraftwerke bauen.&#8221;<\/em><\/p>\n<p>Eine R\u00fcckkehr zu russischem Gas werde es &#8220;vorerst&#8221; nicht geben, aber f\u00fcr langfristige Vertr\u00e4ge \u00fcber (teures) US-amerikanisches Fl\u00fcssiggas sei\u00a0er &#8220;absolut offen&#8221;. Auch neue Atomreaktoren seien seiner Meinung nach denkbar.<\/p>\n<p>Die Entsendung von Friedenstruppen in die Ukraine &#8220;k\u00f6nnte eine Option sein&#8221;, meint Merz, aber &#8220;erst nach einem verl\u00e4sslichen Waffenstillstand&#8221;. Was die von Selenskij\u00a0geforderten Sicherheitsgarantien betreffe, so sei &#8220;ein Land, das sich im Krieg befindet, kein potenzielles Nato-Mitglied&#8221;. Der CDU-Chef f\u00fcgte hinzu, dass er die Ukraine &#8220;gerne als ein Land in Frieden in der NATO&#8221; sehen w\u00fcrde. Merz\u00a0f\u00fchrte aber weiter aus, dass es &#8220;verfr\u00fcht&#8221; sei, \u00fcber die Aufnahme eines Landes nachzudenken, das nicht die volle Kontrolle \u00fcber sein Territorium habe \u2013 zumindest, solange die USA\u00a0ihre Politik nicht gekl\u00e4rt h\u00e4tten.\u00a0Der Kanzlerkandidat\u00a0bef\u00fcrworte die amerikanischen Vorschl\u00e4ge, eingefrorene russische Verm\u00f6genswerte zur Unterst\u00fctzung der Ukraine zu verwenden.<\/p>\n<p>In Bezug auf Donald Trump\u00a0behauptete Merz, dass die Verhandlungen mit ihm &#8220;sehr einfach&#8221; sein w\u00fcrden, da der US-Pr\u00e4sident einen transparenten und transaktionalen Ansatz verfolge. Br\u00fcssel sollte auf die von\u00a0den\u00a0Vereinigten Staaten\u00a0angek\u00fcndigten Z\u00f6lle auf EU-Exporte wie in Trumps erster Amtszeit 2018 mit einer gezielten Reaktion antworten, die schmerzhaft genug sei, um die Gem\u00fcter zu beruhigen.<\/p>\n<p>&#8220;Wenn wir die Wirtschaft und die illegale Migration in den Griff bekommen, wird die AfD schrumpfen \u2013 im Idealfall so weit, dass sie nicht mehr im Parlament vertreten ist (unter 5 Prozent der Stimmen)&#8221;,\u00a0sagte Merz bez\u00fcglich des Erfolgs der AfD. Gelinge das nicht, sehe die Zukunft d\u00fcster aus. &#8220;Es k\u00f6nnte eine unserer letzten Chancen sein, die Probleme zu l\u00f6sen, bevor die Populisten die Mehrheit gewinnen&#8221;, warnte der CDU-Chef.<\/p>\n<p><strong>Mehr zum Thema<\/strong> &#8211; <a rel=\"nofollow noopener\" target=\"_blank\" href=\"https:\/\/freedert.online\/kurzclips\/video\/236466-lafontaine-in-ukraine-sind-faschisten-am-werk\/\">Lafontaine: &#8220;In der Ukraine sind Faschisten am Werk und es wird totgeschwiegen&#8221;<\/a><\/p>\n<div class=\"EmbedBlock-root EmbedBlock-externalVideo EmbedBlock-rumble\">\n<div class=\"VkEmbed\"><iframe class=\"lazyload\" data-src=\"https:\/\/rumble.com\/embed\/v6hcxwv\" frameborder=\"0\" width=\"853\" height=\"480\" allowfullscreen><\/iframe><\/div>\n<\/div>\n<\/div>\n<p><br \/>\n<br \/><a href=\"https:\/\/de.rt.com\/international\/236520-merz-interview-mit-economist-deutsche\/\">Source link <\/a><\/p>\n","protected":false},"excerpt":{"rendered":"<p>Eine R\u00fcckkehr zu russischem Gas werde es &#8220;vorerst&#8221; nicht geben, aber f\u00fcr langfristige Vertr\u00e4ge \u00fcber amerikanisches Fl\u00fcssiggas sei er &#8220;absolut offen&#8221;, sagte Unions-Kanzlerkandidat Friedrich Merz gegen\u00fcber The Economist. Scharfe Kritik \u00fcbte er an der Br\u00fcsseler B\u00fcrokratie. Viele Beobachter sehen die Gefahr, dass Europa im globalen Wettbewerb den Anschluss verliert, weil China und die USA in [&hellip;]<\/p>\n","protected":false},"author":3,"featured_media":78352,"comment_status":"open","ping_status":"open","sticky":false,"template":"","format":"standard","meta":{"_yoast_indexnow_last_ping":["1739374263"],"wp_automatic_camp":["217"],"7b47c2535b3954068f0113d2ad2d810a":["Merz im Interview: Das deutsche Gesch\u00e4ftsmodell ist am Ende"],"original_link":["https:\/\/de.rt.com\/international\/236520-merz-interview-mit-economist-deutsche\/"],"_thumbnail_id":["78352"],"jnews_social_counter_last_update":["1777395691"],"_wptgpro_p2tg_sent2tg":["a:1:{i:23737;s:19:\"2025-02-12 17:32:10\";}"]},"categories":[19,23],"tags":[427,2374,5375,15439,122,414,18728],"yoast_head":"<!-- This site is optimized with the Yoast SEO Premium plugin v22.7 (Yoast SEO v22.7) - https:\/\/yoast.com\/wordpress\/plugins\/seo\/ -->\n<title>Merz im Interview: Das deutsche Gesch\u00e4ftsmodell ist am Ende - just-now.NEWS Deutschland<\/title>\n<meta name=\"robots\" content=\"index, follow, max-snippet:-1, max-image-preview:large, max-video-preview:-1\" \/>\n<link rel=\"canonical\" href=\"https:\/\/now-news.de\/de\/deutschland\/merz-im-interview-das-deutsche-geschaeftsmodell-ist-am-ende\/\" \/>\n<meta property=\"og:locale\" content=\"de_DE\" \/>\n<meta property=\"og:type\" content=\"article\" \/>\n<meta property=\"og:title\" content=\"Merz im Interview: Das deutsche Gesch\u00e4ftsmodell ist am Ende\" \/>\n<meta property=\"og:description\" content=\"Eine R\u00fcckkehr zu russischem Gas werde es &#8220;vorerst&#8221; nicht geben, aber f\u00fcr langfristige Vertr\u00e4ge \u00fcber amerikanisches Fl\u00fcssiggas sei er &#8220;absolut offen&#8221;, sagte Unions-Kanzlerkandidat Friedrich Merz gegen\u00fcber The Economist. Scharfe Kritik \u00fcbte er an der Br\u00fcsseler B\u00fcrokratie. Viele Beobachter sehen die Gefahr, dass Europa im globalen Wettbewerb den Anschluss verliert, weil China und die USA in [&hellip;]\" \/>\n<meta property=\"og:url\" content=\"https:\/\/now-news.de\/de\/deutschland\/merz-im-interview-das-deutsche-geschaeftsmodell-ist-am-ende\/\" \/>\n<meta property=\"og:site_name\" content=\"just-now.NEWS Deutschland\" \/>\n<meta property=\"article:publisher\" content=\"https:\/\/www.facebook.com\/wirmachenauf\" \/>\n<meta property=\"article:published_time\" content=\"2025-02-12T15:25:22+00:00\" \/>\n<meta property=\"og:image\" content=\"https:\/\/now-news.de\/de\/wp-content\/uploads\/sites\/3\/2025\/02\/67ac90b548fbef32b977cc4f.jpg\" \/>\n<meta name=\"author\" content=\"rtnews\" \/>\n<meta name=\"twitter:card\" content=\"summary_large_image\" \/>\n<meta name=\"twitter:creator\" content=\"@WirMachenAuf_de\" \/>\n<meta name=\"twitter:site\" content=\"@WirMachenAuf_de\" \/>\n<meta name=\"twitter:label1\" content=\"Verfasst von\" \/>\n\t<meta name=\"twitter:data1\" content=\"rtnews\" \/>\n\t<meta name=\"twitter:label2\" content=\"Gesch\u00e4tzte Lesezeit\" \/>\n\t<meta name=\"twitter:data2\" content=\"3\u00a0Minuten\" \/>\n<script type=\"application\/ld+json\" class=\"yoast-schema-graph\">{\"@context\":\"https:\/\/schema.org\",\"@graph\":[{\"@type\":\"Article\",\"@id\":\"https:\/\/now-news.de\/de\/deutschland\/merz-im-interview-das-deutsche-geschaeftsmodell-ist-am-ende\/#article\",\"isPartOf\":{\"@id\":\"https:\/\/now-news.de\/de\/deutschland\/merz-im-interview-das-deutsche-geschaeftsmodell-ist-am-ende\/\"},\"author\":{\"name\":\"rtnews\",\"@id\":\"https:\/\/now-news.de\/de\/#\/schema\/person\/fb534a4e865501d8b3285208df34a9b5\"},\"headline\":\"Merz im Interview: Das deutsche Gesch\u00e4ftsmodell ist am Ende\",\"datePublished\":\"2025-02-12T15:25:22+00:00\",\"dateModified\":\"2025-02-12T15:25:22+00:00\",\"mainEntityOfPage\":{\"@id\":\"https:\/\/now-news.de\/de\/deutschland\/merz-im-interview-das-deutsche-geschaeftsmodell-ist-am-ende\/\"},\"wordCount\":584,\"commentCount\":0,\"publisher\":{\"@id\":\"https:\/\/now-news.de\/de\/#organization\"},\"image\":{\"@id\":\"https:\/\/now-news.de\/de\/deutschland\/merz-im-interview-das-deutsche-geschaeftsmodell-ist-am-ende\/#primaryimage\"},\"thumbnailUrl\":\"https:\/\/now-news.de\/de\/wp-content\/uploads\/sites\/3\/2025\/02\/Merz-im-Interview-Das-deutsche-Geschaeftsmodell-ist-am-Ende.jpg\",\"keywords\":[\"das\",\"Deutsche\",\"Ende\",\"Gesch\u00e4ftsmodell\",\"interview\",\"ist\",\"Merz\"],\"articleSection\":[\"Deutschland\",\"Russland\"],\"inLanguage\":\"de\",\"potentialAction\":[{\"@type\":\"CommentAction\",\"name\":\"Comment\",\"target\":[\"https:\/\/now-news.de\/de\/deutschland\/merz-im-interview-das-deutsche-geschaeftsmodell-ist-am-ende\/#respond\"]}]},{\"@type\":\"WebPage\",\"@id\":\"https:\/\/now-news.de\/de\/deutschland\/merz-im-interview-das-deutsche-geschaeftsmodell-ist-am-ende\/\",\"url\":\"https:\/\/now-news.de\/de\/deutschland\/merz-im-interview-das-deutsche-geschaeftsmodell-ist-am-ende\/\",\"name\":\"Merz im Interview: Das deutsche Gesch\u00e4ftsmodell ist am Ende - just-now.NEWS Deutschland\",\"isPartOf\":{\"@id\":\"https:\/\/now-news.de\/de\/#website\"},\"primaryImageOfPage\":{\"@id\":\"https:\/\/now-news.de\/de\/deutschland\/merz-im-interview-das-deutsche-geschaeftsmodell-ist-am-ende\/#primaryimage\"},\"image\":{\"@id\":\"https:\/\/now-news.de\/de\/deutschland\/merz-im-interview-das-deutsche-geschaeftsmodell-ist-am-ende\/#primaryimage\"},\"thumbnailUrl\":\"https:\/\/now-news.de\/de\/wp-content\/uploads\/sites\/3\/2025\/02\/Merz-im-Interview-Das-deutsche-Geschaeftsmodell-ist-am-Ende.jpg\",\"datePublished\":\"2025-02-12T15:25:22+00:00\",\"dateModified\":\"2025-02-12T15:25:22+00:00\",\"breadcrumb\":{\"@id\":\"https:\/\/now-news.de\/de\/deutschland\/merz-im-interview-das-deutsche-geschaeftsmodell-ist-am-ende\/#breadcrumb\"},\"inLanguage\":\"de\",\"potentialAction\":[{\"@type\":\"ReadAction\",\"target\":[\"https:\/\/now-news.de\/de\/deutschland\/merz-im-interview-das-deutsche-geschaeftsmodell-ist-am-ende\/\"]}]},{\"@type\":\"ImageObject\",\"inLanguage\":\"de\",\"@id\":\"https:\/\/now-news.de\/de\/deutschland\/merz-im-interview-das-deutsche-geschaeftsmodell-ist-am-ende\/#primaryimage\",\"url\":\"https:\/\/now-news.de\/de\/wp-content\/uploads\/sites\/3\/2025\/02\/Merz-im-Interview-Das-deutsche-Geschaeftsmodell-ist-am-Ende.jpg\",\"contentUrl\":\"https:\/\/now-news.de\/de\/wp-content\/uploads\/sites\/3\/2025\/02\/Merz-im-Interview-Das-deutsche-Geschaeftsmodell-ist-am-Ende.jpg\",\"width\":460,\"height\":259,\"caption\":\"Merz im Interview: Das deutsche Gesch\u00e4ftsmodell ist am Ende\"},{\"@type\":\"BreadcrumbList\",\"@id\":\"https:\/\/now-news.de\/de\/deutschland\/merz-im-interview-das-deutsche-geschaeftsmodell-ist-am-ende\/#breadcrumb\",\"itemListElement\":[{\"@type\":\"ListItem\",\"position\":1,\"name\":\"Home\",\"item\":\"https:\/\/now-news.de\/de\/\"},{\"@type\":\"ListItem\",\"position\":2,\"name\":\"Merz im Interview: Das deutsche Gesch\u00e4ftsmodell ist am Ende\"}]},{\"@type\":\"WebSite\",\"@id\":\"https:\/\/now-news.de\/de\/#website\",\"url\":\"https:\/\/now-news.de\/de\/\",\"name\":\"just-now.NEWS Deutschland\",\"description\":\"Das Portal f\u00fcr unzensierte Nachrichten aus der Welt\",\"publisher\":{\"@id\":\"https:\/\/now-news.de\/de\/#organization\"},\"potentialAction\":[{\"@type\":\"SearchAction\",\"target\":{\"@type\":\"EntryPoint\",\"urlTemplate\":\"https:\/\/now-news.de\/de\/?s={search_term_string}\"},\"query-input\":\"required name=search_term_string\"}],\"inLanguage\":\"de\"},{\"@type\":\"Organization\",\"@id\":\"https:\/\/now-news.de\/de\/#organization\",\"name\":\"Just Now News\",\"url\":\"https:\/\/now-news.de\/de\/\",\"logo\":{\"@type\":\"ImageObject\",\"inLanguage\":\"de\",\"@id\":\"https:\/\/now-news.de\/de\/#\/schema\/logo\/image\/\",\"url\":\"http:\/\/just-now.news\/de\/wp-content\/uploads\/sites\/3\/2022\/04\/logo500x500.jpg\",\"contentUrl\":\"http:\/\/just-now.news\/de\/wp-content\/uploads\/sites\/3\/2022\/04\/logo500x500.jpg\",\"width\":500,\"height\":500,\"caption\":\"Just Now News\"},\"image\":{\"@id\":\"https:\/\/now-news.de\/de\/#\/schema\/logo\/image\/\"},\"sameAs\":[\"https:\/\/www.facebook.com\/wirmachenauf\",\"https:\/\/x.com\/WirMachenAuf_de\"]},{\"@type\":\"Person\",\"@id\":\"https:\/\/now-news.de\/de\/#\/schema\/person\/fb534a4e865501d8b3285208df34a9b5\",\"name\":\"rtnews\",\"image\":{\"@type\":\"ImageObject\",\"inLanguage\":\"de\",\"@id\":\"https:\/\/now-news.de\/de\/#\/schema\/person\/image\/\",\"url\":\"https:\/\/secure.gravatar.com\/avatar\/82aafea7d8127119dd649515f56e2117?s=96&d=mm&r=g\",\"contentUrl\":\"https:\/\/secure.gravatar.com\/avatar\/82aafea7d8127119dd649515f56e2117?s=96&d=mm&r=g\",\"caption\":\"rtnews\"},\"url\":\"https:\/\/now-news.de\/de\/author\/rnews\/\"}]}<\/script>\n<!-- \/ Yoast SEO Premium plugin. -->","yoast_head_json":{"title":"Merz im Interview: Das deutsche Gesch\u00e4ftsmodell ist am Ende - just-now.NEWS Deutschland","robots":{"index":"index","follow":"follow","max-snippet":"max-snippet:-1","max-image-preview":"max-image-preview:large","max-video-preview":"max-video-preview:-1"},"canonical":"https:\/\/now-news.de\/de\/deutschland\/merz-im-interview-das-deutsche-geschaeftsmodell-ist-am-ende\/","og_locale":"de_DE","og_type":"article","og_title":"Merz im Interview: Das deutsche Gesch\u00e4ftsmodell ist am Ende","og_description":"Eine R\u00fcckkehr zu russischem Gas werde es &#8220;vorerst&#8221; nicht geben, aber f\u00fcr langfristige Vertr\u00e4ge \u00fcber amerikanisches Fl\u00fcssiggas sei er &#8220;absolut offen&#8221;, sagte Unions-Kanzlerkandidat Friedrich Merz gegen\u00fcber The Economist. Scharfe Kritik \u00fcbte er an der Br\u00fcsseler B\u00fcrokratie. Viele Beobachter sehen die Gefahr, dass Europa im globalen Wettbewerb den Anschluss verliert, weil China und die USA in [&hellip;]","og_url":"https:\/\/now-news.de\/de\/deutschland\/merz-im-interview-das-deutsche-geschaeftsmodell-ist-am-ende\/","og_site_name":"just-now.NEWS Deutschland","article_publisher":"https:\/\/www.facebook.com\/wirmachenauf","article_published_time":"2025-02-12T15:25:22+00:00","og_image":[{"url":"https:\/\/now-news.de\/de\/wp-content\/uploads\/sites\/3\/2025\/02\/67ac90b548fbef32b977cc4f.jpg"}],"author":"rtnews","twitter_card":"summary_large_image","twitter_creator":"@WirMachenAuf_de","twitter_site":"@WirMachenAuf_de","twitter_misc":{"Verfasst von":"rtnews","Gesch\u00e4tzte Lesezeit":"3\u00a0Minuten"},"schema":{"@context":"https:\/\/schema.org","@graph":[{"@type":"Article","@id":"https:\/\/now-news.de\/de\/deutschland\/merz-im-interview-das-deutsche-geschaeftsmodell-ist-am-ende\/#article","isPartOf":{"@id":"https:\/\/now-news.de\/de\/deutschland\/merz-im-interview-das-deutsche-geschaeftsmodell-ist-am-ende\/"},"author":{"name":"rtnews","@id":"https:\/\/now-news.de\/de\/#\/schema\/person\/fb534a4e865501d8b3285208df34a9b5"},"headline":"Merz im Interview: Das deutsche Gesch\u00e4ftsmodell ist am Ende","datePublished":"2025-02-12T15:25:22+00:00","dateModified":"2025-02-12T15:25:22+00:00","mainEntityOfPage":{"@id":"https:\/\/now-news.de\/de\/deutschland\/merz-im-interview-das-deutsche-geschaeftsmodell-ist-am-ende\/"},"wordCount":584,"commentCount":0,"publisher":{"@id":"https:\/\/now-news.de\/de\/#organization"},"image":{"@id":"https:\/\/now-news.de\/de\/deutschland\/merz-im-interview-das-deutsche-geschaeftsmodell-ist-am-ende\/#primaryimage"},"thumbnailUrl":"https:\/\/now-news.de\/de\/wp-content\/uploads\/sites\/3\/2025\/02\/Merz-im-Interview-Das-deutsche-Geschaeftsmodell-ist-am-Ende.jpg","keywords":["das","Deutsche","Ende","Gesch\u00e4ftsmodell","interview","ist","Merz"],"articleSection":["Deutschland","Russland"],"inLanguage":"de","potentialAction":[{"@type":"CommentAction","name":"Comment","target":["https:\/\/now-news.de\/de\/deutschland\/merz-im-interview-das-deutsche-geschaeftsmodell-ist-am-ende\/#respond"]}]},{"@type":"WebPage","@id":"https:\/\/now-news.de\/de\/deutschland\/merz-im-interview-das-deutsche-geschaeftsmodell-ist-am-ende\/","url":"https:\/\/now-news.de\/de\/deutschland\/merz-im-interview-das-deutsche-geschaeftsmodell-ist-am-ende\/","name":"Merz im Interview: Das deutsche Gesch\u00e4ftsmodell ist am Ende - just-now.NEWS Deutschland","isPartOf":{"@id":"https:\/\/now-news.de\/de\/#website"},"primaryImageOfPage":{"@id":"https:\/\/now-news.de\/de\/deutschland\/merz-im-interview-das-deutsche-geschaeftsmodell-ist-am-ende\/#primaryimage"},"image":{"@id":"https:\/\/now-news.de\/de\/deutschland\/merz-im-interview-das-deutsche-geschaeftsmodell-ist-am-ende\/#primaryimage"},"thumbnailUrl":"https:\/\/now-news.de\/de\/wp-content\/uploads\/sites\/3\/2025\/02\/Merz-im-Interview-Das-deutsche-Geschaeftsmodell-ist-am-Ende.jpg","datePublished":"2025-02-12T15:25:22+00:00","dateModified":"2025-02-12T15:25:22+00:00","breadcrumb":{"@id":"https:\/\/now-news.de\/de\/deutschland\/merz-im-interview-das-deutsche-geschaeftsmodell-ist-am-ende\/#breadcrumb"},"inLanguage":"de","potentialAction":[{"@type":"ReadAction","target":["https:\/\/now-news.de\/de\/deutschland\/merz-im-interview-das-deutsche-geschaeftsmodell-ist-am-ende\/"]}]},{"@type":"ImageObject","inLanguage":"de","@id":"https:\/\/now-news.de\/de\/deutschland\/merz-im-interview-das-deutsche-geschaeftsmodell-ist-am-ende\/#primaryimage","url":"https:\/\/now-news.de\/de\/wp-content\/uploads\/sites\/3\/2025\/02\/Merz-im-Interview-Das-deutsche-Geschaeftsmodell-ist-am-Ende.jpg","contentUrl":"https:\/\/now-news.de\/de\/wp-content\/uploads\/sites\/3\/2025\/02\/Merz-im-Interview-Das-deutsche-Geschaeftsmodell-ist-am-Ende.jpg","width":460,"height":259,"caption":"Merz im Interview: Das deutsche Gesch\u00e4ftsmodell ist am Ende"},{"@type":"BreadcrumbList","@id":"https:\/\/now-news.de\/de\/deutschland\/merz-im-interview-das-deutsche-geschaeftsmodell-ist-am-ende\/#breadcrumb","itemListElement":[{"@type":"ListItem","position":1,"name":"Home","item":"https:\/\/now-news.de\/de\/"},{"@type":"ListItem","position":2,"name":"Merz im Interview: Das deutsche Gesch\u00e4ftsmodell ist am Ende"}]},{"@type":"WebSite","@id":"https:\/\/now-news.de\/de\/#website","url":"https:\/\/now-news.de\/de\/","name":"just-now.NEWS Deutschland","description":"Das Portal f\u00fcr unzensierte Nachrichten aus der Welt","publisher":{"@id":"https:\/\/now-news.de\/de\/#organization"},"potentialAction":[{"@type":"SearchAction","target":{"@type":"EntryPoint","urlTemplate":"https:\/\/now-news.de\/de\/?s={search_term_string}"},"query-input":"required name=search_term_string"}],"inLanguage":"de"},{"@type":"Organization","@id":"https:\/\/now-news.de\/de\/#organization","name":"Just Now News","url":"https:\/\/now-news.de\/de\/","logo":{"@type":"ImageObject","inLanguage":"de","@id":"https:\/\/now-news.de\/de\/#\/schema\/logo\/image\/","url":"http:\/\/just-now.news\/de\/wp-content\/uploads\/sites\/3\/2022\/04\/logo500x500.jpg","contentUrl":"http:\/\/just-now.news\/de\/wp-content\/uploads\/sites\/3\/2022\/04\/logo500x500.jpg","width":500,"height":500,"caption":"Just Now News"},"image":{"@id":"https:\/\/now-news.de\/de\/#\/schema\/logo\/image\/"},"sameAs":["https:\/\/www.facebook.com\/wirmachenauf","https:\/\/x.com\/WirMachenAuf_de"]},{"@type":"Person","@id":"https:\/\/now-news.de\/de\/#\/schema\/person\/fb534a4e865501d8b3285208df34a9b5","name":"rtnews","image":{"@type":"ImageObject","inLanguage":"de","@id":"https:\/\/now-news.de\/de\/#\/schema\/person\/image\/","url":"https:\/\/secure.gravatar.com\/avatar\/82aafea7d8127119dd649515f56e2117?s=96&d=mm&r=g","contentUrl":"https:\/\/secure.gravatar.com\/avatar\/82aafea7d8127119dd649515f56e2117?s=96&d=mm&r=g","caption":"rtnews"},"url":"https:\/\/now-news.de\/de\/author\/rnews\/"}]}},"_links":{"self":[{"href":"https:\/\/now-news.de\/de\/wp-json\/wp\/v2\/posts\/78351"}],"collection":[{"href":"https:\/\/now-news.de\/de\/wp-json\/wp\/v2\/posts"}],"about":[{"href":"https:\/\/now-news.de\/de\/wp-json\/wp\/v2\/types\/post"}],"author":[{"embeddable":true,"href":"https:\/\/now-news.de\/de\/wp-json\/wp\/v2\/users\/3"}],"replies":[{"embeddable":true,"href":"https:\/\/now-news.de\/de\/wp-json\/wp\/v2\/comments?post=78351"}],"version-history":[{"count":0,"href":"https:\/\/now-news.de\/de\/wp-json\/wp\/v2\/posts\/78351\/revisions"}],"wp:featuredmedia":[{"embeddable":true,"href":"https:\/\/now-news.de\/de\/wp-json\/wp\/v2\/media\/78352"}],"wp:attachment":[{"href":"https:\/\/now-news.de\/de\/wp-json\/wp\/v2\/media?parent=78351"}],"wp:term":[{"taxonomy":"category","embeddable":true,"href":"https:\/\/now-news.de\/de\/wp-json\/wp\/v2\/categories?post=78351"},{"taxonomy":"post_tag","embeddable":true,"href":"https:\/\/now-news.de\/de\/wp-json\/wp\/v2\/tags?post=78351"}],"curies":[{"name":"wp","href":"https:\/\/api.w.org\/{rel}","templated":true}]}}