{"id":78334,"date":"2025-02-12T15:04:52","date_gmt":"2025-02-12T13:04:52","guid":{"rendered":"https:\/\/now-news.de\/de\/deutschland\/problem-korvette-emden-indienststellung-verzoegert-sich-weiter-sabotageverdacht\/"},"modified":"2025-02-12T15:04:52","modified_gmt":"2025-02-12T13:04:52","slug":"problem-korvette-emden-indienststellung-verzoegert-sich-weiter-sabotageverdacht","status":"publish","type":"post","link":"https:\/\/now-news.de\/de\/deutschland\/problem-korvette-emden-indienststellung-verzoegert-sich-weiter-sabotageverdacht\/","title":{"rendered":"Problem-Korvette Emden: Indienststellung verz\u00f6gert sich weiter \u2013 Sabotageverdacht"},"content":{"rendered":"<p><img decoding=\"async\" src=\"https:\/\/now-news.de\/de\/wp-content\/uploads\/sites\/3\/2025\/02\/67ac91ea48fbef30fc009a11.jpg\" \/><\/p>\n<div class=\"Text-root Text-type_1 \">\n                War es Sabotage? Diese Frage steht im Raum, aber die Antwort erkl\u00e4rt nicht die massiven Verz\u00f6gerungen bei der Auslieferung der Korvette &#8220;Emden&#8221; an die deutsche Marine. Zuerst hatten technische Probleme die Inbetriebnahme verhindert, jetzt sollen Unbekannte Metallsp\u00e4ne in den Antrieb gekippt haben.\n            <\/div>\n<p><\/p>\n<div class=\"Text-root Text-type_5 ArticleView-text ViewText-root \">\n<p>Im Jahr 2023 wurde die Korvette &#8220;Emden&#8221; getauft. Dennoch ist sie noch immer nicht der Marine \u00fcberstellt. Die IT machte Probleme und musste \u00fcberarbeitet werden. Die Software sei anf\u00e4llig f\u00fcr Hacker-Angriffe, hie\u00df es damals.\u00a0<\/p>\n<p>Nun steht zudem noch der Vorwurf der Sabotage im Raum. Unbekannte sollen Dutzende Kilogramm Metallsp\u00e4ne in den Schiffsantrieb gekippt haben. Da die Korvette nicht in Betrieb war, entstand kein Schaden. Laut Recherchen des <em>WDR<\/em>\u00a0in Verbindung mit der <em>S\u00fcddeutschen Zeitung<\/em> und dem <em>NDR<\/em> soll der Vorfall bereits im Januar stattgefunden haben. W\u00e4re die Korvette in Betrieb genommen worden, h\u00e4tte gro\u00dfer Schaden entstehen k\u00f6nnen,\u00a0<a rel=\"nofollow noopener\" target=\"_blank\" href=\"https:\/\/www.ndr.de\/nachrichten\/info\/Ist-die-Korvette-Emden-ins-Visier-von-Saboteuren-geraten,ndrinfo69914.html\">schlussfolgert<\/a>\u00a0<em>WDR<\/em>-Redakteur Florian Flade. Dies war jedoch nicht zu erwarten, denn das Schiff liegt weiterhin in der Erbauerwerft &#8220;Blohm und Voss&#8221; in Hamburg fest. Die Auslieferung an die deutsche Marine verz\u00f6gert sich.\u00a0<\/p>\n<p>Bereits im Jahr 2023 auf den Namen &#8220;Emden&#8221; getauft, wurden kurz darauf schwerwiegende M\u00e4ngel bei der Korvette festgestellt. Flottillenadmiral Andreas Czerwinski sagte damals:<\/p>\n<p><em>&#8220;Das Boot ist nicht zulassungsf\u00e4hig und anf\u00e4llig gegen\u00fcber Hacker-Angriffen.&#8221;<\/em><\/p>\n<p>Sowohl bei der &#8220;Emden&#8221; als auch bei der Korvette &#8220;K\u00f6ln&#8221; m\u00fcsse nachgebessert werden. Den Zeitraum, bis die Fehler behoben seien, gab Czerwinski damals mit zwei bis zweieinhalb Jahren an.\u00a0<\/p>\n<p>Gleichwohl h\u00e4lt man beim <em>WDR<\/em> nicht deutsches Unverm\u00f6gen, sondern Russland f\u00fcr das zentrale Problem. Zwar gebe es bisher keine konkreten Hinweise auf die Urheber, stellt Flade fest, f\u00fcgte aber hinzu, dass der Verfassungsschutz seit geraumer Zeit vor russischen Aktivit\u00e4ten warne. In Deutschland w\u00fcrden &#8220;Low Level Agents&#8221; angeworben, die gegen Bezahlung Sabotageakte ver\u00fcben. Ob das tats\u00e4chlich notwendig ist, stellt die Geschichte um die Korvette &#8220;Emden&#8221; allerdings infrage.<\/p>\n<p>Die deutsche Marine hat insgesamt f\u00fcnf Schiffe in einem Wert von 2 Milliarden Euro in Auftrag gegeben. Einst in Dienst genommen, soll die &#8220;Emden&#8221; die Ostsee &#8220;sicherer&#8221; machen. Auch dort wurde \u00fcber russische Sabotage spekuliert. Tanker der russischen Schattenflotte sollen gezielt Unterwasserkabel attackiert haben. Die Vorw\u00fcrfe erwiesen sich jedoch als haltlos. Ob die &#8220;Emden&#8221; auch einen Beitrag zur Aufkl\u00e4rung der Sabotage von Nord Stream leisten soll, ist nicht bekannt.\u00a0<\/p>\n<p><strong>Mehr zum Thema<\/strong>\u00a0\u2013 <a rel=\"nofollow noopener\" target=\"_blank\" href=\"https:\/\/freedert.online\/meinung\/236015-verstopfte-auspuffe-was-wenn-es-die-gruenen-selbst-waren\/\">Verstopfte Auspuffe: Was, wenn es die Gr\u00fcnen selbst waren?<\/a><\/p>\n<div class=\"EmbedBlock-root EmbedBlock-externalVideo EmbedBlock-rumble\">\n<div class=\"VkEmbed\"><iframe class=\"lazyload\" data-src=\"https:\/\/rumble.com\/embed\/v6hdmxp\" frameborder=\"0\" width=\"853\" height=\"480\" allowfullscreen><\/iframe><\/div>\n<\/div>\n<\/div>\n<p><br \/>\n<br \/><a href=\"https:\/\/de.rt.com\/inland\/236534-problem-korvette-emden-indienststellung-verzoegert\/\">Source link <\/a><\/p>\n","protected":false},"excerpt":{"rendered":"<p>War es Sabotage? Diese Frage steht im Raum, aber die Antwort erkl\u00e4rt nicht die massiven Verz\u00f6gerungen bei der Auslieferung der Korvette &#8220;Emden&#8221; an die deutsche Marine. Zuerst hatten technische Probleme die Inbetriebnahme verhindert, jetzt sollen Unbekannte Metallsp\u00e4ne in den Antrieb gekippt haben. Im Jahr 2023 wurde die Korvette &#8220;Emden&#8221; getauft. Dennoch ist sie noch immer [&hellip;]<\/p>\n","protected":false},"author":3,"featured_media":78335,"comment_status":"open","ping_status":"open","sticky":false,"template":"","format":"standard","meta":{"_yoast_indexnow_last_ping":["1739365623"],"wp_automatic_camp":["217"],"dd1c8e288d54167887b519db4025ff09":["Problem-Korvette Emden: Indienststellung verz\u00f6gert sich weiter \u2013 Sabotageverdacht"],"original_link":["https:\/\/de.rt.com\/inland\/236534-problem-korvette-emden-indienststellung-verzoegert\/"],"_thumbnail_id":["78335"],"jnews_social_counter_last_update":["1777312633"],"_wptgpro_p2tg_sent2tg":["a:1:{i:23737;s:19:\"2025-02-12 15:08:03\";}"]},"categories":[19,23],"tags":[62685,62686,62684,57524,434,20050,601],"yoast_head":"<!-- This site is optimized with the Yoast SEO Premium plugin v22.7 (Yoast SEO v22.7) - https:\/\/yoast.com\/wordpress\/plugins\/seo\/ -->\n<title>Problem-Korvette Emden: Indienststellung verz\u00f6gert sich weiter \u2013 Sabotageverdacht - just-now.NEWS Deutschland<\/title>\n<meta name=\"robots\" content=\"index, follow, max-snippet:-1, max-image-preview:large, max-video-preview:-1\" \/>\n<link rel=\"canonical\" href=\"https:\/\/now-news.de\/de\/deutschland\/problem-korvette-emden-indienststellung-verzoegert-sich-weiter-sabotageverdacht\/\" \/>\n<meta property=\"og:locale\" content=\"de_DE\" \/>\n<meta property=\"og:type\" content=\"article\" \/>\n<meta property=\"og:title\" content=\"Problem-Korvette Emden: Indienststellung verz\u00f6gert sich weiter \u2013 Sabotageverdacht\" \/>\n<meta property=\"og:description\" content=\"War es Sabotage? Diese Frage steht im Raum, aber die Antwort erkl\u00e4rt nicht die massiven Verz\u00f6gerungen bei der Auslieferung der Korvette &#8220;Emden&#8221; an die deutsche Marine. Zuerst hatten technische Probleme die Inbetriebnahme verhindert, jetzt sollen Unbekannte Metallsp\u00e4ne in den Antrieb gekippt haben. Im Jahr 2023 wurde die Korvette &#8220;Emden&#8221; getauft. Dennoch ist sie noch immer [&hellip;]\" \/>\n<meta property=\"og:url\" content=\"https:\/\/now-news.de\/de\/deutschland\/problem-korvette-emden-indienststellung-verzoegert-sich-weiter-sabotageverdacht\/\" \/>\n<meta property=\"og:site_name\" content=\"just-now.NEWS Deutschland\" \/>\n<meta property=\"article:publisher\" content=\"https:\/\/www.facebook.com\/wirmachenauf\" \/>\n<meta property=\"article:published_time\" content=\"2025-02-12T13:04:52+00:00\" \/>\n<meta property=\"og:image\" content=\"https:\/\/now-news.de\/de\/wp-content\/uploads\/sites\/3\/2025\/02\/67ac91ea48fbef30fc009a11.jpg\" \/>\n<meta name=\"author\" content=\"rtnews\" \/>\n<meta name=\"twitter:card\" content=\"summary_large_image\" \/>\n<meta name=\"twitter:creator\" content=\"@WirMachenAuf_de\" \/>\n<meta name=\"twitter:site\" content=\"@WirMachenAuf_de\" \/>\n<meta name=\"twitter:label1\" content=\"Verfasst von\" \/>\n\t<meta name=\"twitter:data1\" content=\"rtnews\" \/>\n\t<meta name=\"twitter:label2\" content=\"Gesch\u00e4tzte Lesezeit\" \/>\n\t<meta name=\"twitter:data2\" content=\"2\u00a0Minuten\" \/>\n<script type=\"application\/ld+json\" class=\"yoast-schema-graph\">{\"@context\":\"https:\/\/schema.org\",\"@graph\":[{\"@type\":\"Article\",\"@id\":\"https:\/\/now-news.de\/de\/deutschland\/problem-korvette-emden-indienststellung-verzoegert-sich-weiter-sabotageverdacht\/#article\",\"isPartOf\":{\"@id\":\"https:\/\/now-news.de\/de\/deutschland\/problem-korvette-emden-indienststellung-verzoegert-sich-weiter-sabotageverdacht\/\"},\"author\":{\"name\":\"rtnews\",\"@id\":\"https:\/\/now-news.de\/de\/#\/schema\/person\/fb534a4e865501d8b3285208df34a9b5\"},\"headline\":\"Problem-Korvette Emden: Indienststellung verz\u00f6gert sich weiter \u2013 Sabotageverdacht\",\"datePublished\":\"2025-02-12T13:04:52+00:00\",\"dateModified\":\"2025-02-12T13:04:52+00:00\",\"mainEntityOfPage\":{\"@id\":\"https:\/\/now-news.de\/de\/deutschland\/problem-korvette-emden-indienststellung-verzoegert-sich-weiter-sabotageverdacht\/\"},\"wordCount\":417,\"commentCount\":0,\"publisher\":{\"@id\":\"https:\/\/now-news.de\/de\/#organization\"},\"image\":{\"@id\":\"https:\/\/now-news.de\/de\/deutschland\/problem-korvette-emden-indienststellung-verzoegert-sich-weiter-sabotageverdacht\/#primaryimage\"},\"thumbnailUrl\":\"https:\/\/now-news.de\/de\/wp-content\/uploads\/sites\/3\/2025\/02\/Problem-Korvette-Emden-Indienststellung-verzoegert-sich-weiter-\u2013-Sabotageverdacht.jpg\",\"keywords\":[\"Emden\",\"Indienststellung\",\"ProblemKorvette\",\"Sabotageverdacht\",\"sich\",\"verz\u00f6gert\",\"weiter\"],\"articleSection\":[\"Deutschland\",\"Russland\"],\"inLanguage\":\"de\",\"potentialAction\":[{\"@type\":\"CommentAction\",\"name\":\"Comment\",\"target\":[\"https:\/\/now-news.de\/de\/deutschland\/problem-korvette-emden-indienststellung-verzoegert-sich-weiter-sabotageverdacht\/#respond\"]}]},{\"@type\":\"WebPage\",\"@id\":\"https:\/\/now-news.de\/de\/deutschland\/problem-korvette-emden-indienststellung-verzoegert-sich-weiter-sabotageverdacht\/\",\"url\":\"https:\/\/now-news.de\/de\/deutschland\/problem-korvette-emden-indienststellung-verzoegert-sich-weiter-sabotageverdacht\/\",\"name\":\"Problem-Korvette Emden: Indienststellung verz\u00f6gert sich weiter \u2013 Sabotageverdacht - just-now.NEWS Deutschland\",\"isPartOf\":{\"@id\":\"https:\/\/now-news.de\/de\/#website\"},\"primaryImageOfPage\":{\"@id\":\"https:\/\/now-news.de\/de\/deutschland\/problem-korvette-emden-indienststellung-verzoegert-sich-weiter-sabotageverdacht\/#primaryimage\"},\"image\":{\"@id\":\"https:\/\/now-news.de\/de\/deutschland\/problem-korvette-emden-indienststellung-verzoegert-sich-weiter-sabotageverdacht\/#primaryimage\"},\"thumbnailUrl\":\"https:\/\/now-news.de\/de\/wp-content\/uploads\/sites\/3\/2025\/02\/Problem-Korvette-Emden-Indienststellung-verzoegert-sich-weiter-\u2013-Sabotageverdacht.jpg\",\"datePublished\":\"2025-02-12T13:04:52+00:00\",\"dateModified\":\"2025-02-12T13:04:52+00:00\",\"breadcrumb\":{\"@id\":\"https:\/\/now-news.de\/de\/deutschland\/problem-korvette-emden-indienststellung-verzoegert-sich-weiter-sabotageverdacht\/#breadcrumb\"},\"inLanguage\":\"de\",\"potentialAction\":[{\"@type\":\"ReadAction\",\"target\":[\"https:\/\/now-news.de\/de\/deutschland\/problem-korvette-emden-indienststellung-verzoegert-sich-weiter-sabotageverdacht\/\"]}]},{\"@type\":\"ImageObject\",\"inLanguage\":\"de\",\"@id\":\"https:\/\/now-news.de\/de\/deutschland\/problem-korvette-emden-indienststellung-verzoegert-sich-weiter-sabotageverdacht\/#primaryimage\",\"url\":\"https:\/\/now-news.de\/de\/wp-content\/uploads\/sites\/3\/2025\/02\/Problem-Korvette-Emden-Indienststellung-verzoegert-sich-weiter-\u2013-Sabotageverdacht.jpg\",\"contentUrl\":\"https:\/\/now-news.de\/de\/wp-content\/uploads\/sites\/3\/2025\/02\/Problem-Korvette-Emden-Indienststellung-verzoegert-sich-weiter-\u2013-Sabotageverdacht.jpg\",\"width\":460,\"height\":259,\"caption\":\"Problem-Korvette Emden: Indienststellung verz\u00f6gert sich weiter \u2013 Sabotageverdacht\"},{\"@type\":\"BreadcrumbList\",\"@id\":\"https:\/\/now-news.de\/de\/deutschland\/problem-korvette-emden-indienststellung-verzoegert-sich-weiter-sabotageverdacht\/#breadcrumb\",\"itemListElement\":[{\"@type\":\"ListItem\",\"position\":1,\"name\":\"Home\",\"item\":\"https:\/\/now-news.de\/de\/\"},{\"@type\":\"ListItem\",\"position\":2,\"name\":\"Problem-Korvette Emden: Indienststellung verz\u00f6gert sich weiter \u2013 Sabotageverdacht\"}]},{\"@type\":\"WebSite\",\"@id\":\"https:\/\/now-news.de\/de\/#website\",\"url\":\"https:\/\/now-news.de\/de\/\",\"name\":\"just-now.NEWS Deutschland\",\"description\":\"Das Portal f\u00fcr unzensierte Nachrichten aus der Welt\",\"publisher\":{\"@id\":\"https:\/\/now-news.de\/de\/#organization\"},\"potentialAction\":[{\"@type\":\"SearchAction\",\"target\":{\"@type\":\"EntryPoint\",\"urlTemplate\":\"https:\/\/now-news.de\/de\/?s={search_term_string}\"},\"query-input\":\"required name=search_term_string\"}],\"inLanguage\":\"de\"},{\"@type\":\"Organization\",\"@id\":\"https:\/\/now-news.de\/de\/#organization\",\"name\":\"Just Now News\",\"url\":\"https:\/\/now-news.de\/de\/\",\"logo\":{\"@type\":\"ImageObject\",\"inLanguage\":\"de\",\"@id\":\"https:\/\/now-news.de\/de\/#\/schema\/logo\/image\/\",\"url\":\"http:\/\/just-now.news\/de\/wp-content\/uploads\/sites\/3\/2022\/04\/logo500x500.jpg\",\"contentUrl\":\"http:\/\/just-now.news\/de\/wp-content\/uploads\/sites\/3\/2022\/04\/logo500x500.jpg\",\"width\":500,\"height\":500,\"caption\":\"Just Now News\"},\"image\":{\"@id\":\"https:\/\/now-news.de\/de\/#\/schema\/logo\/image\/\"},\"sameAs\":[\"https:\/\/www.facebook.com\/wirmachenauf\",\"https:\/\/x.com\/WirMachenAuf_de\"]},{\"@type\":\"Person\",\"@id\":\"https:\/\/now-news.de\/de\/#\/schema\/person\/fb534a4e865501d8b3285208df34a9b5\",\"name\":\"rtnews\",\"image\":{\"@type\":\"ImageObject\",\"inLanguage\":\"de\",\"@id\":\"https:\/\/now-news.de\/de\/#\/schema\/person\/image\/\",\"url\":\"https:\/\/secure.gravatar.com\/avatar\/82aafea7d8127119dd649515f56e2117?s=96&d=mm&r=g\",\"contentUrl\":\"https:\/\/secure.gravatar.com\/avatar\/82aafea7d8127119dd649515f56e2117?s=96&d=mm&r=g\",\"caption\":\"rtnews\"},\"url\":\"https:\/\/now-news.de\/de\/author\/rnews\/\"}]}<\/script>\n<!-- \/ Yoast SEO Premium plugin. -->","yoast_head_json":{"title":"Problem-Korvette Emden: Indienststellung verz\u00f6gert sich weiter \u2013 Sabotageverdacht - just-now.NEWS Deutschland","robots":{"index":"index","follow":"follow","max-snippet":"max-snippet:-1","max-image-preview":"max-image-preview:large","max-video-preview":"max-video-preview:-1"},"canonical":"https:\/\/now-news.de\/de\/deutschland\/problem-korvette-emden-indienststellung-verzoegert-sich-weiter-sabotageverdacht\/","og_locale":"de_DE","og_type":"article","og_title":"Problem-Korvette Emden: Indienststellung verz\u00f6gert sich weiter \u2013 Sabotageverdacht","og_description":"War es Sabotage? Diese Frage steht im Raum, aber die Antwort erkl\u00e4rt nicht die massiven Verz\u00f6gerungen bei der Auslieferung der Korvette &#8220;Emden&#8221; an die deutsche Marine. Zuerst hatten technische Probleme die Inbetriebnahme verhindert, jetzt sollen Unbekannte Metallsp\u00e4ne in den Antrieb gekippt haben. Im Jahr 2023 wurde die Korvette &#8220;Emden&#8221; getauft. Dennoch ist sie noch immer [&hellip;]","og_url":"https:\/\/now-news.de\/de\/deutschland\/problem-korvette-emden-indienststellung-verzoegert-sich-weiter-sabotageverdacht\/","og_site_name":"just-now.NEWS Deutschland","article_publisher":"https:\/\/www.facebook.com\/wirmachenauf","article_published_time":"2025-02-12T13:04:52+00:00","og_image":[{"url":"https:\/\/now-news.de\/de\/wp-content\/uploads\/sites\/3\/2025\/02\/67ac91ea48fbef30fc009a11.jpg"}],"author":"rtnews","twitter_card":"summary_large_image","twitter_creator":"@WirMachenAuf_de","twitter_site":"@WirMachenAuf_de","twitter_misc":{"Verfasst von":"rtnews","Gesch\u00e4tzte Lesezeit":"2\u00a0Minuten"},"schema":{"@context":"https:\/\/schema.org","@graph":[{"@type":"Article","@id":"https:\/\/now-news.de\/de\/deutschland\/problem-korvette-emden-indienststellung-verzoegert-sich-weiter-sabotageverdacht\/#article","isPartOf":{"@id":"https:\/\/now-news.de\/de\/deutschland\/problem-korvette-emden-indienststellung-verzoegert-sich-weiter-sabotageverdacht\/"},"author":{"name":"rtnews","@id":"https:\/\/now-news.de\/de\/#\/schema\/person\/fb534a4e865501d8b3285208df34a9b5"},"headline":"Problem-Korvette Emden: Indienststellung verz\u00f6gert sich weiter \u2013 Sabotageverdacht","datePublished":"2025-02-12T13:04:52+00:00","dateModified":"2025-02-12T13:04:52+00:00","mainEntityOfPage":{"@id":"https:\/\/now-news.de\/de\/deutschland\/problem-korvette-emden-indienststellung-verzoegert-sich-weiter-sabotageverdacht\/"},"wordCount":417,"commentCount":0,"publisher":{"@id":"https:\/\/now-news.de\/de\/#organization"},"image":{"@id":"https:\/\/now-news.de\/de\/deutschland\/problem-korvette-emden-indienststellung-verzoegert-sich-weiter-sabotageverdacht\/#primaryimage"},"thumbnailUrl":"https:\/\/now-news.de\/de\/wp-content\/uploads\/sites\/3\/2025\/02\/Problem-Korvette-Emden-Indienststellung-verzoegert-sich-weiter-\u2013-Sabotageverdacht.jpg","keywords":["Emden","Indienststellung","ProblemKorvette","Sabotageverdacht","sich","verz\u00f6gert","weiter"],"articleSection":["Deutschland","Russland"],"inLanguage":"de","potentialAction":[{"@type":"CommentAction","name":"Comment","target":["https:\/\/now-news.de\/de\/deutschland\/problem-korvette-emden-indienststellung-verzoegert-sich-weiter-sabotageverdacht\/#respond"]}]},{"@type":"WebPage","@id":"https:\/\/now-news.de\/de\/deutschland\/problem-korvette-emden-indienststellung-verzoegert-sich-weiter-sabotageverdacht\/","url":"https:\/\/now-news.de\/de\/deutschland\/problem-korvette-emden-indienststellung-verzoegert-sich-weiter-sabotageverdacht\/","name":"Problem-Korvette Emden: Indienststellung verz\u00f6gert sich weiter \u2013 Sabotageverdacht - just-now.NEWS Deutschland","isPartOf":{"@id":"https:\/\/now-news.de\/de\/#website"},"primaryImageOfPage":{"@id":"https:\/\/now-news.de\/de\/deutschland\/problem-korvette-emden-indienststellung-verzoegert-sich-weiter-sabotageverdacht\/#primaryimage"},"image":{"@id":"https:\/\/now-news.de\/de\/deutschland\/problem-korvette-emden-indienststellung-verzoegert-sich-weiter-sabotageverdacht\/#primaryimage"},"thumbnailUrl":"https:\/\/now-news.de\/de\/wp-content\/uploads\/sites\/3\/2025\/02\/Problem-Korvette-Emden-Indienststellung-verzoegert-sich-weiter-\u2013-Sabotageverdacht.jpg","datePublished":"2025-02-12T13:04:52+00:00","dateModified":"2025-02-12T13:04:52+00:00","breadcrumb":{"@id":"https:\/\/now-news.de\/de\/deutschland\/problem-korvette-emden-indienststellung-verzoegert-sich-weiter-sabotageverdacht\/#breadcrumb"},"inLanguage":"de","potentialAction":[{"@type":"ReadAction","target":["https:\/\/now-news.de\/de\/deutschland\/problem-korvette-emden-indienststellung-verzoegert-sich-weiter-sabotageverdacht\/"]}]},{"@type":"ImageObject","inLanguage":"de","@id":"https:\/\/now-news.de\/de\/deutschland\/problem-korvette-emden-indienststellung-verzoegert-sich-weiter-sabotageverdacht\/#primaryimage","url":"https:\/\/now-news.de\/de\/wp-content\/uploads\/sites\/3\/2025\/02\/Problem-Korvette-Emden-Indienststellung-verzoegert-sich-weiter-\u2013-Sabotageverdacht.jpg","contentUrl":"https:\/\/now-news.de\/de\/wp-content\/uploads\/sites\/3\/2025\/02\/Problem-Korvette-Emden-Indienststellung-verzoegert-sich-weiter-\u2013-Sabotageverdacht.jpg","width":460,"height":259,"caption":"Problem-Korvette Emden: Indienststellung verz\u00f6gert sich weiter \u2013 Sabotageverdacht"},{"@type":"BreadcrumbList","@id":"https:\/\/now-news.de\/de\/deutschland\/problem-korvette-emden-indienststellung-verzoegert-sich-weiter-sabotageverdacht\/#breadcrumb","itemListElement":[{"@type":"ListItem","position":1,"name":"Home","item":"https:\/\/now-news.de\/de\/"},{"@type":"ListItem","position":2,"name":"Problem-Korvette Emden: Indienststellung verz\u00f6gert sich weiter \u2013 Sabotageverdacht"}]},{"@type":"WebSite","@id":"https:\/\/now-news.de\/de\/#website","url":"https:\/\/now-news.de\/de\/","name":"just-now.NEWS Deutschland","description":"Das Portal f\u00fcr unzensierte Nachrichten aus der Welt","publisher":{"@id":"https:\/\/now-news.de\/de\/#organization"},"potentialAction":[{"@type":"SearchAction","target":{"@type":"EntryPoint","urlTemplate":"https:\/\/now-news.de\/de\/?s={search_term_string}"},"query-input":"required name=search_term_string"}],"inLanguage":"de"},{"@type":"Organization","@id":"https:\/\/now-news.de\/de\/#organization","name":"Just Now News","url":"https:\/\/now-news.de\/de\/","logo":{"@type":"ImageObject","inLanguage":"de","@id":"https:\/\/now-news.de\/de\/#\/schema\/logo\/image\/","url":"http:\/\/just-now.news\/de\/wp-content\/uploads\/sites\/3\/2022\/04\/logo500x500.jpg","contentUrl":"http:\/\/just-now.news\/de\/wp-content\/uploads\/sites\/3\/2022\/04\/logo500x500.jpg","width":500,"height":500,"caption":"Just Now News"},"image":{"@id":"https:\/\/now-news.de\/de\/#\/schema\/logo\/image\/"},"sameAs":["https:\/\/www.facebook.com\/wirmachenauf","https:\/\/x.com\/WirMachenAuf_de"]},{"@type":"Person","@id":"https:\/\/now-news.de\/de\/#\/schema\/person\/fb534a4e865501d8b3285208df34a9b5","name":"rtnews","image":{"@type":"ImageObject","inLanguage":"de","@id":"https:\/\/now-news.de\/de\/#\/schema\/person\/image\/","url":"https:\/\/secure.gravatar.com\/avatar\/82aafea7d8127119dd649515f56e2117?s=96&d=mm&r=g","contentUrl":"https:\/\/secure.gravatar.com\/avatar\/82aafea7d8127119dd649515f56e2117?s=96&d=mm&r=g","caption":"rtnews"},"url":"https:\/\/now-news.de\/de\/author\/rnews\/"}]}},"_links":{"self":[{"href":"https:\/\/now-news.de\/de\/wp-json\/wp\/v2\/posts\/78334"}],"collection":[{"href":"https:\/\/now-news.de\/de\/wp-json\/wp\/v2\/posts"}],"about":[{"href":"https:\/\/now-news.de\/de\/wp-json\/wp\/v2\/types\/post"}],"author":[{"embeddable":true,"href":"https:\/\/now-news.de\/de\/wp-json\/wp\/v2\/users\/3"}],"replies":[{"embeddable":true,"href":"https:\/\/now-news.de\/de\/wp-json\/wp\/v2\/comments?post=78334"}],"version-history":[{"count":0,"href":"https:\/\/now-news.de\/de\/wp-json\/wp\/v2\/posts\/78334\/revisions"}],"wp:featuredmedia":[{"embeddable":true,"href":"https:\/\/now-news.de\/de\/wp-json\/wp\/v2\/media\/78335"}],"wp:attachment":[{"href":"https:\/\/now-news.de\/de\/wp-json\/wp\/v2\/media?parent=78334"}],"wp:term":[{"taxonomy":"category","embeddable":true,"href":"https:\/\/now-news.de\/de\/wp-json\/wp\/v2\/categories?post=78334"},{"taxonomy":"post_tag","embeddable":true,"href":"https:\/\/now-news.de\/de\/wp-json\/wp\/v2\/tags?post=78334"}],"curies":[{"name":"wp","href":"https:\/\/api.w.org\/{rel}","templated":true}]}}