{"id":78322,"date":"2025-02-12T13:24:53","date_gmt":"2025-02-12T11:24:53","guid":{"rendered":"https:\/\/now-news.de\/de\/deutschland\/ki-gipfel-in-paris-us-vizepraesident-vance-greift-eu-wegen-zensur-an\/"},"modified":"2025-02-12T13:24:53","modified_gmt":"2025-02-12T11:24:53","slug":"ki-gipfel-in-paris-us-vizepraesident-vance-greift-eu-wegen-zensur-an","status":"publish","type":"post","link":"https:\/\/now-news.de\/de\/deutschland\/ki-gipfel-in-paris-us-vizepraesident-vance-greift-eu-wegen-zensur-an\/","title":{"rendered":"KI-Gipfel in Paris: US-Vizepr\u00e4sident Vance greift EU wegen Zensur an"},"content":{"rendered":"<p><img decoding=\"async\" src=\"https:\/\/now-news.de\/de\/wp-content\/uploads\/sites\/3\/2025\/02\/67ac74c8b480cc34b719afc9.jpg\" \/><\/p>\n<div class=\"Text-root Text-type_1 \">\n                US-Vizepr\u00e4sident J.D. Vance sorgte auf dem KI-Gipfel in Paris f\u00fcr einen Eklat. Den Digital Service Act verurteilte er als autorit\u00e4re  Zensur. Die Rede von EU-Kommissionspr\u00e4sidentin Ursula von der Leyen wartete er nicht ab. Eine gemeinsame Erkl\u00e4rung zur KI unterzeichnete er nicht.\n            <\/div>\n<p><\/p>\n<div class=\"Text-root Text-type_5 ArticleView-text ViewText-root \">\n<p>Am 10. und 11. Februar fand in Paris das AI Action Summit statt. Es war der erste offizielle Auslandsauftritt des US-Vizepr\u00e4sidenten J.D. Vance. In einer gut 15-min\u00fctigen Rede attackierte Vance die EU scharf. Im Zentrum seiner Kritik stand der Digital Service Act sowie die strengen Bestimmungen zum Datenschutz. Insbesondere der Digital Service Act f\u00fchrt zu umfassender Zensur innerhalb des Informationsraums der EU. Vance <a rel=\"nofollow noopener\" target=\"_blank\" href=\"https:\/\/vk.com\/video393917182_456241196\">sagte<\/a> im Hinblick auf die strengen EU-Regulierungen:<\/p>\n<p><em>&#8220;Nat\u00fcrlich m\u00f6chten wir sicherstellen, dass das Internet ein sicherer Ort ist, aber es ist eine Sache, einen Verbrecher daran zu hindern, ein Kind im Internet zu verf\u00fchren, und es ist etwas ganz anderes, einen erwachsenen Mann oder eine erwachsene Frau daran zu hindern, Zugang zu einer Meinung zu erhalten, die die Regierung f\u00fcr Fehlinformationen h\u00e4lt.&#8221;<\/em><\/p>\n<p>Vance forderte von der EU, die Regulierungen zur\u00fcckzunehmen. Er sprach im Zusammenhang mit der Moderation von Inhalten von &#8220;autorit\u00e4rer Zensur&#8221;. Vance warnte zudem vor zu massiver Regulierung von k\u00fcnstlicher Intelligenz. Das w\u00fcrde das der Technologie innewohnende Potenzial unterdr\u00fccken. Zudem beanspruchte Vance im Zusammenhang mit k\u00fcnstlicher Intelligenz die technologische F\u00fchrerschaft und Hegemonie der USA.\u00a0<\/p>\n<p><em>&#8220;Wir glauben, dass eine \u00fcberm\u00e4\u00dfige Regulierung des KI-Sektors die Transformation t\u00f6tet. Wir halten es f\u00fcr wichtig, K\u00fcnstliche Intelligenz von ideologischer Voreingenommenheit freizuhalten und werden es nicht zulassen, dass US-amerikanische KI zu einem Werkzeug f\u00fcr autorit\u00e4re Zensur gemacht wird.&#8221;<\/em><\/p>\n<p>Eine gemeinsame Erkl\u00e4rung des Pariser KI-Gipfels, in der es hei\u00dft, k\u00fcnstliche Intelligenz solle inklusiv, offen, ethisch und sicher sein, unterschrieb Vance nicht.\u00a0Ohne China selbst zu nennen, warnte Vance:<\/p>\n<p><em>&#8220;Von CCTV bis hin zu 5G-Ger\u00e4ten sind wir alle mit billiger Technologie auf dem Markt vertraut, die von autorit\u00e4ren Regimen stark subventioniert und exportiert wird. Mit ihnen zusammenzuarbeiten bedeutet, dass Sie ihr Land an einen autorit\u00e4ren Herrn fesseln, der versucht, Ihre Informationsinfrastruktur zu infiltrieren, einzudringen und zu beschlagnahmen.&#8221;<\/em><\/p>\n<p>Auf den vom inzwischen in Russland lebenden Whistleblower Eduard Snowden aufgedeckten \u00dcberwachungsskandal geht Vance nicht ein. Snowden hatte enth\u00fcllt, dass US-Dienste in einem historisch einmaligen Umfang Daten sammeln sowie US-Technologiekonzerne Hintert\u00fcren zur \u00dcberwachung in ihre Software einbauen. Dass sich an dieser Praxis seit ihrer Aufdeckung durch Snowden im Jahr 2013 etwas ge\u00e4ndert hat, ist nicht bekannt. Anzunehmen ist im Gegenteil ihre Ausweitung.<\/p>\n<p>Vance br\u00fcskierte unter anderem EU-Kommissionspr\u00e4sidentin Ursula von der Leyen. Ihrer Rede blieb er fern. Von der Leyen beschwor in ihrem Redebeitrag erneut den &#8220;europ\u00e4ischen Geist&#8221;.\u00a0<em>&#8220;Wir haben unseren eigenen Weg&#8221;<\/em>, sagte sie, gab aber zu, dass B\u00fcrokratie abgebaut werden m\u00fcsste. Die EU will in den kommenden Jahren 200 Milliarden Euro f\u00fcr den Bereich KI mobilisieren. Dabei sollen 50 Milliarden direkt von der EU kommen, die restlichen 150 Milliarden sollen bei privaten Investoren eingesammelt werden. Trump hat die Investition von 500 Milliarden Dollar versprochen, Vance sprach sogar von 700 Milliarden bis zum Jahr 2028. \u00a0<\/p>\n<p><strong>Mehr zum Thema<\/strong>\u00a0\u2013 <a rel=\"nofollow noopener\" target=\"_blank\" href=\"https:\/\/freedert.online\/inland\/233678-eu-setzt-musk-unter-druck\/\">EU setzt Musk unter Druck: X im Fokus wegen AfD-Unterst\u00fctzung<\/a><\/p>\n<div class=\"EmbedBlock-root EmbedBlock-externalVideo EmbedBlock-rumble\">\n<div class=\"VkEmbed\"><iframe class=\"lazyload\" data-src=\"https:\/\/rumble.com\/embed\/v6hm8ud\" frameborder=\"0\" width=\"853\" height=\"480\" allowfullscreen><\/iframe><\/div>\n<\/div>\n<\/div>\n<p><br \/>\n<br \/><a href=\"https:\/\/de.rt.com\/europa\/236510-ki-gipfel-in-paris-us\/\">Source link <\/a><\/p>\n","protected":false},"excerpt":{"rendered":"<p>US-Vizepr\u00e4sident J.D. Vance sorgte auf dem KI-Gipfel in Paris f\u00fcr einen Eklat. Den Digital Service Act verurteilte er als autorit\u00e4re Zensur. Die Rede von EU-Kommissionspr\u00e4sidentin Ursula von der Leyen wartete er nicht ab. Eine gemeinsame Erkl\u00e4rung zur KI unterzeichnete er nicht. Am 10. und 11. Februar fand in Paris das AI Action Summit statt. Es [&hellip;]<\/p>\n","protected":false},"author":3,"featured_media":78323,"comment_status":"open","ping_status":"open","sticky":false,"template":"","format":"standard","meta":{"_yoast_indexnow_last_ping":["1739359863"],"wp_automatic_camp":["217"],"8cfc6481fdc9f3e087f9e6676731b12a":["KI-Gipfel in Paris: US-Vizepr\u00e4sident Vance greift EU wegen Zensur an"],"original_link":["https:\/\/de.rt.com\/europa\/236510-ki-gipfel-in-paris-us\/"],"_thumbnail_id":["78323"],"jnews_social_counter_last_update":["1777348242"],"_wptgpro_p2tg_sent2tg":["a:1:{i:23737;s:19:\"2025-02-12 13:32:05\";}"]},"categories":[19,23],"tags":[572,62680,9609,33561,18340,145,5381],"yoast_head":"<!-- This site is optimized with the Yoast SEO Premium plugin v22.7 (Yoast SEO v22.7) - https:\/\/yoast.com\/wordpress\/plugins\/seo\/ -->\n<title>KI-Gipfel in Paris: US-Vizepr\u00e4sident Vance greift EU wegen Zensur an - just-now.NEWS Deutschland<\/title>\n<meta name=\"robots\" content=\"index, follow, max-snippet:-1, max-image-preview:large, max-video-preview:-1\" \/>\n<link rel=\"canonical\" href=\"https:\/\/now-news.de\/de\/deutschland\/ki-gipfel-in-paris-us-vizepraesident-vance-greift-eu-wegen-zensur-an\/\" \/>\n<meta property=\"og:locale\" content=\"de_DE\" \/>\n<meta property=\"og:type\" content=\"article\" \/>\n<meta property=\"og:title\" content=\"KI-Gipfel in Paris: US-Vizepr\u00e4sident Vance greift EU wegen Zensur an\" \/>\n<meta property=\"og:description\" content=\"US-Vizepr\u00e4sident J.D. Vance sorgte auf dem KI-Gipfel in Paris f\u00fcr einen Eklat. Den Digital Service Act verurteilte er als autorit\u00e4re Zensur. Die Rede von EU-Kommissionspr\u00e4sidentin Ursula von der Leyen wartete er nicht ab. Eine gemeinsame Erkl\u00e4rung zur KI unterzeichnete er nicht. Am 10. und 11. Februar fand in Paris das AI Action Summit statt. Es [&hellip;]\" \/>\n<meta property=\"og:url\" content=\"https:\/\/now-news.de\/de\/deutschland\/ki-gipfel-in-paris-us-vizepraesident-vance-greift-eu-wegen-zensur-an\/\" \/>\n<meta property=\"og:site_name\" content=\"just-now.NEWS Deutschland\" \/>\n<meta property=\"article:publisher\" content=\"https:\/\/www.facebook.com\/wirmachenauf\" \/>\n<meta property=\"article:published_time\" content=\"2025-02-12T11:24:53+00:00\" \/>\n<meta property=\"og:image\" content=\"https:\/\/now-news.de\/de\/wp-content\/uploads\/sites\/3\/2025\/02\/67ac74c8b480cc34b719afc9.jpg\" \/>\n<meta name=\"author\" content=\"rtnews\" \/>\n<meta name=\"twitter:card\" content=\"summary_large_image\" \/>\n<meta name=\"twitter:creator\" content=\"@WirMachenAuf_de\" \/>\n<meta name=\"twitter:site\" content=\"@WirMachenAuf_de\" \/>\n<meta name=\"twitter:label1\" content=\"Verfasst von\" \/>\n\t<meta name=\"twitter:data1\" content=\"rtnews\" \/>\n\t<meta name=\"twitter:label2\" content=\"Gesch\u00e4tzte Lesezeit\" \/>\n\t<meta name=\"twitter:data2\" content=\"3\u00a0Minuten\" \/>\n<script type=\"application\/ld+json\" class=\"yoast-schema-graph\">{\"@context\":\"https:\/\/schema.org\",\"@graph\":[{\"@type\":\"Article\",\"@id\":\"https:\/\/now-news.de\/de\/deutschland\/ki-gipfel-in-paris-us-vizepraesident-vance-greift-eu-wegen-zensur-an\/#article\",\"isPartOf\":{\"@id\":\"https:\/\/now-news.de\/de\/deutschland\/ki-gipfel-in-paris-us-vizepraesident-vance-greift-eu-wegen-zensur-an\/\"},\"author\":{\"name\":\"rtnews\",\"@id\":\"https:\/\/now-news.de\/de\/#\/schema\/person\/fb534a4e865501d8b3285208df34a9b5\"},\"headline\":\"KI-Gipfel in Paris: US-Vizepr\u00e4sident Vance greift EU wegen Zensur an\",\"datePublished\":\"2025-02-12T11:24:53+00:00\",\"dateModified\":\"2025-02-12T11:24:53+00:00\",\"mainEntityOfPage\":{\"@id\":\"https:\/\/now-news.de\/de\/deutschland\/ki-gipfel-in-paris-us-vizepraesident-vance-greift-eu-wegen-zensur-an\/\"},\"wordCount\":551,\"commentCount\":0,\"publisher\":{\"@id\":\"https:\/\/now-news.de\/de\/#organization\"},\"image\":{\"@id\":\"https:\/\/now-news.de\/de\/deutschland\/ki-gipfel-in-paris-us-vizepraesident-vance-greift-eu-wegen-zensur-an\/#primaryimage\"},\"thumbnailUrl\":\"https:\/\/now-news.de\/de\/wp-content\/uploads\/sites\/3\/2025\/02\/KI-Gipfel-in-Paris-US-Vizepraesident-Vance-greift-EU-wegen-Zensur-an.jpg\",\"keywords\":[\"greift\",\"KIGipfel\",\"Paris\",\"USVizepr\u00e4sident\",\"Vance\",\"wegen\",\"Zensur\"],\"articleSection\":[\"Deutschland\",\"Russland\"],\"inLanguage\":\"de\",\"potentialAction\":[{\"@type\":\"CommentAction\",\"name\":\"Comment\",\"target\":[\"https:\/\/now-news.de\/de\/deutschland\/ki-gipfel-in-paris-us-vizepraesident-vance-greift-eu-wegen-zensur-an\/#respond\"]}]},{\"@type\":\"WebPage\",\"@id\":\"https:\/\/now-news.de\/de\/deutschland\/ki-gipfel-in-paris-us-vizepraesident-vance-greift-eu-wegen-zensur-an\/\",\"url\":\"https:\/\/now-news.de\/de\/deutschland\/ki-gipfel-in-paris-us-vizepraesident-vance-greift-eu-wegen-zensur-an\/\",\"name\":\"KI-Gipfel in Paris: US-Vizepr\u00e4sident Vance greift EU wegen Zensur an - just-now.NEWS Deutschland\",\"isPartOf\":{\"@id\":\"https:\/\/now-news.de\/de\/#website\"},\"primaryImageOfPage\":{\"@id\":\"https:\/\/now-news.de\/de\/deutschland\/ki-gipfel-in-paris-us-vizepraesident-vance-greift-eu-wegen-zensur-an\/#primaryimage\"},\"image\":{\"@id\":\"https:\/\/now-news.de\/de\/deutschland\/ki-gipfel-in-paris-us-vizepraesident-vance-greift-eu-wegen-zensur-an\/#primaryimage\"},\"thumbnailUrl\":\"https:\/\/now-news.de\/de\/wp-content\/uploads\/sites\/3\/2025\/02\/KI-Gipfel-in-Paris-US-Vizepraesident-Vance-greift-EU-wegen-Zensur-an.jpg\",\"datePublished\":\"2025-02-12T11:24:53+00:00\",\"dateModified\":\"2025-02-12T11:24:53+00:00\",\"breadcrumb\":{\"@id\":\"https:\/\/now-news.de\/de\/deutschland\/ki-gipfel-in-paris-us-vizepraesident-vance-greift-eu-wegen-zensur-an\/#breadcrumb\"},\"inLanguage\":\"de\",\"potentialAction\":[{\"@type\":\"ReadAction\",\"target\":[\"https:\/\/now-news.de\/de\/deutschland\/ki-gipfel-in-paris-us-vizepraesident-vance-greift-eu-wegen-zensur-an\/\"]}]},{\"@type\":\"ImageObject\",\"inLanguage\":\"de\",\"@id\":\"https:\/\/now-news.de\/de\/deutschland\/ki-gipfel-in-paris-us-vizepraesident-vance-greift-eu-wegen-zensur-an\/#primaryimage\",\"url\":\"https:\/\/now-news.de\/de\/wp-content\/uploads\/sites\/3\/2025\/02\/KI-Gipfel-in-Paris-US-Vizepraesident-Vance-greift-EU-wegen-Zensur-an.jpg\",\"contentUrl\":\"https:\/\/now-news.de\/de\/wp-content\/uploads\/sites\/3\/2025\/02\/KI-Gipfel-in-Paris-US-Vizepraesident-Vance-greift-EU-wegen-Zensur-an.jpg\",\"width\":460,\"height\":259,\"caption\":\"KI-Gipfel in Paris: US-Vizepr\u00e4sident Vance greift EU wegen Zensur an\"},{\"@type\":\"BreadcrumbList\",\"@id\":\"https:\/\/now-news.de\/de\/deutschland\/ki-gipfel-in-paris-us-vizepraesident-vance-greift-eu-wegen-zensur-an\/#breadcrumb\",\"itemListElement\":[{\"@type\":\"ListItem\",\"position\":1,\"name\":\"Home\",\"item\":\"https:\/\/now-news.de\/de\/\"},{\"@type\":\"ListItem\",\"position\":2,\"name\":\"KI-Gipfel in Paris: US-Vizepr\u00e4sident Vance greift EU wegen Zensur an\"}]},{\"@type\":\"WebSite\",\"@id\":\"https:\/\/now-news.de\/de\/#website\",\"url\":\"https:\/\/now-news.de\/de\/\",\"name\":\"just-now.NEWS Deutschland\",\"description\":\"Das Portal f\u00fcr unzensierte Nachrichten aus der Welt\",\"publisher\":{\"@id\":\"https:\/\/now-news.de\/de\/#organization\"},\"potentialAction\":[{\"@type\":\"SearchAction\",\"target\":{\"@type\":\"EntryPoint\",\"urlTemplate\":\"https:\/\/now-news.de\/de\/?s={search_term_string}\"},\"query-input\":\"required name=search_term_string\"}],\"inLanguage\":\"de\"},{\"@type\":\"Organization\",\"@id\":\"https:\/\/now-news.de\/de\/#organization\",\"name\":\"Just Now News\",\"url\":\"https:\/\/now-news.de\/de\/\",\"logo\":{\"@type\":\"ImageObject\",\"inLanguage\":\"de\",\"@id\":\"https:\/\/now-news.de\/de\/#\/schema\/logo\/image\/\",\"url\":\"http:\/\/just-now.news\/de\/wp-content\/uploads\/sites\/3\/2022\/04\/logo500x500.jpg\",\"contentUrl\":\"http:\/\/just-now.news\/de\/wp-content\/uploads\/sites\/3\/2022\/04\/logo500x500.jpg\",\"width\":500,\"height\":500,\"caption\":\"Just Now News\"},\"image\":{\"@id\":\"https:\/\/now-news.de\/de\/#\/schema\/logo\/image\/\"},\"sameAs\":[\"https:\/\/www.facebook.com\/wirmachenauf\",\"https:\/\/x.com\/WirMachenAuf_de\"]},{\"@type\":\"Person\",\"@id\":\"https:\/\/now-news.de\/de\/#\/schema\/person\/fb534a4e865501d8b3285208df34a9b5\",\"name\":\"rtnews\",\"image\":{\"@type\":\"ImageObject\",\"inLanguage\":\"de\",\"@id\":\"https:\/\/now-news.de\/de\/#\/schema\/person\/image\/\",\"url\":\"https:\/\/secure.gravatar.com\/avatar\/82aafea7d8127119dd649515f56e2117?s=96&d=mm&r=g\",\"contentUrl\":\"https:\/\/secure.gravatar.com\/avatar\/82aafea7d8127119dd649515f56e2117?s=96&d=mm&r=g\",\"caption\":\"rtnews\"},\"url\":\"https:\/\/now-news.de\/de\/author\/rnews\/\"}]}<\/script>\n<!-- \/ Yoast SEO Premium plugin. -->","yoast_head_json":{"title":"KI-Gipfel in Paris: US-Vizepr\u00e4sident Vance greift EU wegen Zensur an - just-now.NEWS Deutschland","robots":{"index":"index","follow":"follow","max-snippet":"max-snippet:-1","max-image-preview":"max-image-preview:large","max-video-preview":"max-video-preview:-1"},"canonical":"https:\/\/now-news.de\/de\/deutschland\/ki-gipfel-in-paris-us-vizepraesident-vance-greift-eu-wegen-zensur-an\/","og_locale":"de_DE","og_type":"article","og_title":"KI-Gipfel in Paris: US-Vizepr\u00e4sident Vance greift EU wegen Zensur an","og_description":"US-Vizepr\u00e4sident J.D. Vance sorgte auf dem KI-Gipfel in Paris f\u00fcr einen Eklat. Den Digital Service Act verurteilte er als autorit\u00e4re Zensur. Die Rede von EU-Kommissionspr\u00e4sidentin Ursula von der Leyen wartete er nicht ab. Eine gemeinsame Erkl\u00e4rung zur KI unterzeichnete er nicht. Am 10. und 11. Februar fand in Paris das AI Action Summit statt. Es [&hellip;]","og_url":"https:\/\/now-news.de\/de\/deutschland\/ki-gipfel-in-paris-us-vizepraesident-vance-greift-eu-wegen-zensur-an\/","og_site_name":"just-now.NEWS Deutschland","article_publisher":"https:\/\/www.facebook.com\/wirmachenauf","article_published_time":"2025-02-12T11:24:53+00:00","og_image":[{"url":"https:\/\/now-news.de\/de\/wp-content\/uploads\/sites\/3\/2025\/02\/67ac74c8b480cc34b719afc9.jpg"}],"author":"rtnews","twitter_card":"summary_large_image","twitter_creator":"@WirMachenAuf_de","twitter_site":"@WirMachenAuf_de","twitter_misc":{"Verfasst von":"rtnews","Gesch\u00e4tzte Lesezeit":"3\u00a0Minuten"},"schema":{"@context":"https:\/\/schema.org","@graph":[{"@type":"Article","@id":"https:\/\/now-news.de\/de\/deutschland\/ki-gipfel-in-paris-us-vizepraesident-vance-greift-eu-wegen-zensur-an\/#article","isPartOf":{"@id":"https:\/\/now-news.de\/de\/deutschland\/ki-gipfel-in-paris-us-vizepraesident-vance-greift-eu-wegen-zensur-an\/"},"author":{"name":"rtnews","@id":"https:\/\/now-news.de\/de\/#\/schema\/person\/fb534a4e865501d8b3285208df34a9b5"},"headline":"KI-Gipfel in Paris: US-Vizepr\u00e4sident Vance greift EU wegen Zensur an","datePublished":"2025-02-12T11:24:53+00:00","dateModified":"2025-02-12T11:24:53+00:00","mainEntityOfPage":{"@id":"https:\/\/now-news.de\/de\/deutschland\/ki-gipfel-in-paris-us-vizepraesident-vance-greift-eu-wegen-zensur-an\/"},"wordCount":551,"commentCount":0,"publisher":{"@id":"https:\/\/now-news.de\/de\/#organization"},"image":{"@id":"https:\/\/now-news.de\/de\/deutschland\/ki-gipfel-in-paris-us-vizepraesident-vance-greift-eu-wegen-zensur-an\/#primaryimage"},"thumbnailUrl":"https:\/\/now-news.de\/de\/wp-content\/uploads\/sites\/3\/2025\/02\/KI-Gipfel-in-Paris-US-Vizepraesident-Vance-greift-EU-wegen-Zensur-an.jpg","keywords":["greift","KIGipfel","Paris","USVizepr\u00e4sident","Vance","wegen","Zensur"],"articleSection":["Deutschland","Russland"],"inLanguage":"de","potentialAction":[{"@type":"CommentAction","name":"Comment","target":["https:\/\/now-news.de\/de\/deutschland\/ki-gipfel-in-paris-us-vizepraesident-vance-greift-eu-wegen-zensur-an\/#respond"]}]},{"@type":"WebPage","@id":"https:\/\/now-news.de\/de\/deutschland\/ki-gipfel-in-paris-us-vizepraesident-vance-greift-eu-wegen-zensur-an\/","url":"https:\/\/now-news.de\/de\/deutschland\/ki-gipfel-in-paris-us-vizepraesident-vance-greift-eu-wegen-zensur-an\/","name":"KI-Gipfel in Paris: US-Vizepr\u00e4sident Vance greift EU wegen Zensur an - just-now.NEWS Deutschland","isPartOf":{"@id":"https:\/\/now-news.de\/de\/#website"},"primaryImageOfPage":{"@id":"https:\/\/now-news.de\/de\/deutschland\/ki-gipfel-in-paris-us-vizepraesident-vance-greift-eu-wegen-zensur-an\/#primaryimage"},"image":{"@id":"https:\/\/now-news.de\/de\/deutschland\/ki-gipfel-in-paris-us-vizepraesident-vance-greift-eu-wegen-zensur-an\/#primaryimage"},"thumbnailUrl":"https:\/\/now-news.de\/de\/wp-content\/uploads\/sites\/3\/2025\/02\/KI-Gipfel-in-Paris-US-Vizepraesident-Vance-greift-EU-wegen-Zensur-an.jpg","datePublished":"2025-02-12T11:24:53+00:00","dateModified":"2025-02-12T11:24:53+00:00","breadcrumb":{"@id":"https:\/\/now-news.de\/de\/deutschland\/ki-gipfel-in-paris-us-vizepraesident-vance-greift-eu-wegen-zensur-an\/#breadcrumb"},"inLanguage":"de","potentialAction":[{"@type":"ReadAction","target":["https:\/\/now-news.de\/de\/deutschland\/ki-gipfel-in-paris-us-vizepraesident-vance-greift-eu-wegen-zensur-an\/"]}]},{"@type":"ImageObject","inLanguage":"de","@id":"https:\/\/now-news.de\/de\/deutschland\/ki-gipfel-in-paris-us-vizepraesident-vance-greift-eu-wegen-zensur-an\/#primaryimage","url":"https:\/\/now-news.de\/de\/wp-content\/uploads\/sites\/3\/2025\/02\/KI-Gipfel-in-Paris-US-Vizepraesident-Vance-greift-EU-wegen-Zensur-an.jpg","contentUrl":"https:\/\/now-news.de\/de\/wp-content\/uploads\/sites\/3\/2025\/02\/KI-Gipfel-in-Paris-US-Vizepraesident-Vance-greift-EU-wegen-Zensur-an.jpg","width":460,"height":259,"caption":"KI-Gipfel in Paris: US-Vizepr\u00e4sident Vance greift EU wegen Zensur an"},{"@type":"BreadcrumbList","@id":"https:\/\/now-news.de\/de\/deutschland\/ki-gipfel-in-paris-us-vizepraesident-vance-greift-eu-wegen-zensur-an\/#breadcrumb","itemListElement":[{"@type":"ListItem","position":1,"name":"Home","item":"https:\/\/now-news.de\/de\/"},{"@type":"ListItem","position":2,"name":"KI-Gipfel in Paris: US-Vizepr\u00e4sident Vance greift EU wegen Zensur an"}]},{"@type":"WebSite","@id":"https:\/\/now-news.de\/de\/#website","url":"https:\/\/now-news.de\/de\/","name":"just-now.NEWS Deutschland","description":"Das Portal f\u00fcr unzensierte Nachrichten aus der Welt","publisher":{"@id":"https:\/\/now-news.de\/de\/#organization"},"potentialAction":[{"@type":"SearchAction","target":{"@type":"EntryPoint","urlTemplate":"https:\/\/now-news.de\/de\/?s={search_term_string}"},"query-input":"required name=search_term_string"}],"inLanguage":"de"},{"@type":"Organization","@id":"https:\/\/now-news.de\/de\/#organization","name":"Just Now News","url":"https:\/\/now-news.de\/de\/","logo":{"@type":"ImageObject","inLanguage":"de","@id":"https:\/\/now-news.de\/de\/#\/schema\/logo\/image\/","url":"http:\/\/just-now.news\/de\/wp-content\/uploads\/sites\/3\/2022\/04\/logo500x500.jpg","contentUrl":"http:\/\/just-now.news\/de\/wp-content\/uploads\/sites\/3\/2022\/04\/logo500x500.jpg","width":500,"height":500,"caption":"Just Now News"},"image":{"@id":"https:\/\/now-news.de\/de\/#\/schema\/logo\/image\/"},"sameAs":["https:\/\/www.facebook.com\/wirmachenauf","https:\/\/x.com\/WirMachenAuf_de"]},{"@type":"Person","@id":"https:\/\/now-news.de\/de\/#\/schema\/person\/fb534a4e865501d8b3285208df34a9b5","name":"rtnews","image":{"@type":"ImageObject","inLanguage":"de","@id":"https:\/\/now-news.de\/de\/#\/schema\/person\/image\/","url":"https:\/\/secure.gravatar.com\/avatar\/82aafea7d8127119dd649515f56e2117?s=96&d=mm&r=g","contentUrl":"https:\/\/secure.gravatar.com\/avatar\/82aafea7d8127119dd649515f56e2117?s=96&d=mm&r=g","caption":"rtnews"},"url":"https:\/\/now-news.de\/de\/author\/rnews\/"}]}},"_links":{"self":[{"href":"https:\/\/now-news.de\/de\/wp-json\/wp\/v2\/posts\/78322"}],"collection":[{"href":"https:\/\/now-news.de\/de\/wp-json\/wp\/v2\/posts"}],"about":[{"href":"https:\/\/now-news.de\/de\/wp-json\/wp\/v2\/types\/post"}],"author":[{"embeddable":true,"href":"https:\/\/now-news.de\/de\/wp-json\/wp\/v2\/users\/3"}],"replies":[{"embeddable":true,"href":"https:\/\/now-news.de\/de\/wp-json\/wp\/v2\/comments?post=78322"}],"version-history":[{"count":0,"href":"https:\/\/now-news.de\/de\/wp-json\/wp\/v2\/posts\/78322\/revisions"}],"wp:featuredmedia":[{"embeddable":true,"href":"https:\/\/now-news.de\/de\/wp-json\/wp\/v2\/media\/78323"}],"wp:attachment":[{"href":"https:\/\/now-news.de\/de\/wp-json\/wp\/v2\/media?parent=78322"}],"wp:term":[{"taxonomy":"category","embeddable":true,"href":"https:\/\/now-news.de\/de\/wp-json\/wp\/v2\/categories?post=78322"},{"taxonomy":"post_tag","embeddable":true,"href":"https:\/\/now-news.de\/de\/wp-json\/wp\/v2\/tags?post=78322"}],"curies":[{"name":"wp","href":"https:\/\/api.w.org\/{rel}","templated":true}]}}