{"id":78285,"date":"2025-02-11T21:30:37","date_gmt":"2025-02-11T19:30:37","guid":{"rendered":"https:\/\/now-news.de\/de\/deutschland\/musk-reagiert-auf-selenskijs-behauptung-dass-die-ukrainer-keine-wahlen-wollen\/"},"modified":"2025-02-11T21:30:37","modified_gmt":"2025-02-11T19:30:37","slug":"musk-reagiert-auf-selenskijs-behauptung-dass-die-ukrainer-keine-wahlen-wollen","status":"publish","type":"post","link":"https:\/\/now-news.de\/de\/deutschland\/musk-reagiert-auf-selenskijs-behauptung-dass-die-ukrainer-keine-wahlen-wollen\/","title":{"rendered":"Musk reagiert auf Selenskijs Behauptung, dass die Ukrainer keine Wahlen wollen"},"content":{"rendered":"<p><img decoding=\"async\" src=\"https:\/\/now-news.de\/de\/wp-content\/uploads\/sites\/3\/2025\/02\/67ab843448fbef161620c99d.jpg\" \/><\/p>\n<div class=\"Text-root Text-type_1 \">\n                Seine offizielle Amtszeit als ukrainischer Pr\u00e4sident lief im Mai letzten Jahres aus, doch Wladimir Selenskij lehnt die Abhaltung von Wahlen ab, solange sich das Land im Krieg mit Russland befindet. Das sei der Wunsch aller Ukrainer, betont er. Elon Musk hat nun auf seine Aussage reagiert.\n            <\/div>\n<p><\/p>\n<div class=\"Text-root Text-type_5 ArticleView-text ViewText-root \">\n<p>Elon Musk hat sich \u00fcber Wladimir Selenskij lustig gemacht, der behauptet hat, die Ukrainer seien gegen die Abhaltung von Pr\u00e4sidentschaftswahlen w\u00e4hrend des Konflikts mit Russland.<\/p>\n<p>Selenskij Amtszeit als Pr\u00e4sident ist offiziell im Mai 2024 abgelaufen, aber er hat sich unter Berufung auf das Kriegsrecht geweigert, Pr\u00e4sidentschaftswahlen abzuhalten. W\u00e4hrend Kiews Unterst\u00fctzer im Westen ihn weiterhin als ukrainischen Pr\u00e4sidenten anerkennen, h\u00e4lt Russland ihn f\u00fcr illegitim und besteht darauf, dass die wahre legale Macht im Land nun beim Parlament und dessen Sprechern liegt.<\/p>\n<p>In einem Interview mit dem Fernsehsender <em>ITV<\/em>\u00a0begr\u00fcndete Selenskij am Freitag die Zur\u00fcckhaltung Kiews bei der Durchf\u00fchrung neuer Wahlen mit dem Argument, dass &#8220;w\u00e4hrend dieses Krieges unsere Bev\u00f6lkerung gegen Wahlen ist, alle Menschen sind dagegen&#8221;. Er erkl\u00e4rte, dass die Abhaltung von Wahlen unter diesen Umst\u00e4nden die Verteidigungsposition der Ukraine untergraben w\u00fcrde, und f\u00fcgte hinzu: &#8220;Wenn wir das Kriegsrecht aufheben, verlieren wir die Armee.&#8221;<\/p>\n<p>Musk, ein enger Verb\u00fcndeter von US-Pr\u00e4sident Donald Trump und Leiter des Departments of Government Efficiency (DOGE), antwortete mit einem ironischen &#8220;sure&#8221; (&#8220;klar&#8221;).\u00a0<\/p>\n<p>Es ist nicht das erste Mal, dass Musk den ukrainischen Staatschef kritisiert. Im November spottete der Milliard\u00e4r \u00fcber Selenskijs Behauptung, dass &#8220;die USA uns nicht zwingen k\u00f6nnen, am Verhandlungstisch &#8216;zu sitzen und zuzuh\u00f6ren&#8217;. Wir sind ein unabh\u00e4ngiges Land&#8221;. &#8220;Sein Sinn f\u00fcr Humor ist erstaunlich&#8221;, schrieb der Tech-Unternehmer damals.<\/p>\n<p>Nach Angaben der ukrainischen Zeitung <em>Telegraf<\/em> hat Selenskij bereits beschlossen, bei den n\u00e4chsten m\u00f6glichen Wahlen erneut zu kandidieren, sollten diese abgehalten werden. W\u00e4hrend in dem Bericht davon ausgegangen wird, dass der ukrainische Pr\u00e4sident\u00a0\u2013 der in Umfragen ein Vertrauensvotum von rund 52 Prozent genie\u00dft \u2013 gute Chancen auf einen Sieg hat, k\u00f6nnte sich die Situation drastisch \u00e4ndern, wenn der ehemalige Befehlshaber der Armee, Waleri Saluschny, derzeit Botschafter der Ukraine im Vereinigten K\u00f6nigreich, ins Rennen um das Pr\u00e4sidentenamt geht.<\/p>\n<p>Dem ukrainischen Blatt zufolge k\u00f6nnte Selenskij, um die Kandidatur des beliebten Generals zu verhindern, strafrechtlich relevante Anschuldigungen gegen Saluschny erheben. Laut <em>RBK-Ukraine<\/em> hofft Selenskijs Team auch, dass der Chef des milit\u00e4rischen Geheimdienstes, Kirill Budanow, Saluschnys potenzielle Kandidatur f\u00fcr die Pr\u00e4sidentschaft verhindern k\u00f6nnte.<\/p>\n<p>In der Zwischenzeit scheint die Trump-Regierung Druck auf Kiew auszu\u00fcben, eine neue Pr\u00e4sidentschaftswahl zu organisieren. Keith Kellogg, Trumps oberster Gesandter f\u00fcr die Ukraine, sagte <em>Reuters<\/em> Anfang des Monats, Washington wolle, dass Kiew die Wahl abh\u00e4lt, bestm\u00f6glich bis zum Ende des Jahres, insbesondere wenn in den kommenden Monaten ein Waffenstillstand mit Russland vereinbart werden kann. &#8220;Die meisten demokratischen Nationen halten in Kriegszeiten Wahlen ab. Ich denke, es ist wichtig, dass sie das tun. Ich denke, das ist gut f\u00fcr die Demokratie&#8221;, sagte er.<\/p>\n<p>Anfang dieses Monats hatte der russische Auslandsgeheimdienst SWR behauptet, die NATO plane, Selenskij abzusetzen, da sie ihn f\u00fcr eines der Haupthindernisse f\u00fcr Friedensgespr\u00e4che zwischen Moskau und Kiew halte.<\/p>\n<p><strong>Mehr zum Thema<\/strong> \u2013 <a rel=\"nofollow noopener\" target=\"_blank\" href=\"https:\/\/freedert.online\/international\/236353-vielleicht-werden-sie-tages-russisch\/\">&#8220;Vielleicht werden sie eines Tages russisch sein&#8221;: Trump will von Kiew 500 Milliarden Dollar zur\u00fcck<\/a><\/p>\n<div class=\"EmbedBlock-root EmbedBlock-externalVideo EmbedBlock-rumble\">\n<div class=\"VkEmbed\"><iframe class=\"lazyload\" data-src=\"https:\/\/rumble.com\/embed\/v6gw21j\" frameborder=\"0\" width=\"853\" height=\"480\" allowfullscreen><\/iframe><\/div>\n<\/div>\n<\/div>\n<p><br \/>\n<br \/><a href=\"https:\/\/de.rt.com\/international\/236454-musk-reagiert-auf-selenskijs-behauptung\/\">Source link <\/a><\/p>\n","protected":false},"excerpt":{"rendered":"<p>Seine offizielle Amtszeit als ukrainischer Pr\u00e4sident lief im Mai letzten Jahres aus, doch Wladimir Selenskij lehnt die Abhaltung von Wahlen ab, solange sich das Land im Krieg mit Russland befindet. Das sei der Wunsch aller Ukrainer, betont er. Elon Musk hat nun auf seine Aussage reagiert. Elon Musk hat sich \u00fcber Wladimir Selenskij lustig gemacht, [&hellip;]<\/p>\n","protected":false},"author":3,"featured_media":78286,"comment_status":"open","ping_status":"open","sticky":false,"template":"","format":"standard","meta":{"_yoast_indexnow_last_ping":["1739302934"],"wp_automatic_camp":["217"],"00df0ceabc35cd289205eeeeaff69763":["Musk reagiert auf Selenskijs Behauptung, dass die Ukrainer keine Wahlen wollen"],"original_link":["https:\/\/de.rt.com\/international\/236454-musk-reagiert-auf-selenskijs-behauptung\/"],"_thumbnail_id":["78286"],"jnews_social_counter_last_update":["1777274195"],"_wptgpro_p2tg_sent2tg":["a:1:{i:23737;s:19:\"2025-02-11 21:43:46\";}"]},"categories":[19,23],"tags":[133,18821,42,45,375,1582,281,1290,5757,2576,1050],"yoast_head":"<!-- This site is optimized with the Yoast SEO Premium plugin v22.7 (Yoast SEO v22.7) - https:\/\/yoast.com\/wordpress\/plugins\/seo\/ -->\n<title>Musk reagiert auf Selenskijs Behauptung, dass die Ukrainer keine Wahlen wollen - just-now.NEWS Deutschland<\/title>\n<meta name=\"robots\" content=\"index, follow, max-snippet:-1, max-image-preview:large, max-video-preview:-1\" \/>\n<link rel=\"canonical\" href=\"https:\/\/now-news.de\/de\/deutschland\/musk-reagiert-auf-selenskijs-behauptung-dass-die-ukrainer-keine-wahlen-wollen\/\" \/>\n<meta property=\"og:locale\" content=\"de_DE\" \/>\n<meta property=\"og:type\" content=\"article\" \/>\n<meta property=\"og:title\" content=\"Musk reagiert auf Selenskijs Behauptung, dass die Ukrainer keine Wahlen wollen\" \/>\n<meta property=\"og:description\" content=\"Seine offizielle Amtszeit als ukrainischer Pr\u00e4sident lief im Mai letzten Jahres aus, doch Wladimir Selenskij lehnt die Abhaltung von Wahlen ab, solange sich das Land im Krieg mit Russland befindet. Das sei der Wunsch aller Ukrainer, betont er. Elon Musk hat nun auf seine Aussage reagiert. Elon Musk hat sich \u00fcber Wladimir Selenskij lustig gemacht, [&hellip;]\" \/>\n<meta property=\"og:url\" content=\"https:\/\/now-news.de\/de\/deutschland\/musk-reagiert-auf-selenskijs-behauptung-dass-die-ukrainer-keine-wahlen-wollen\/\" \/>\n<meta property=\"og:site_name\" content=\"just-now.NEWS Deutschland\" \/>\n<meta property=\"article:publisher\" content=\"https:\/\/www.facebook.com\/wirmachenauf\" \/>\n<meta property=\"article:published_time\" content=\"2025-02-11T19:30:37+00:00\" \/>\n<meta property=\"og:image\" content=\"https:\/\/now-news.de\/de\/wp-content\/uploads\/sites\/3\/2025\/02\/67ab843448fbef161620c99d.jpg\" \/>\n<meta name=\"author\" content=\"rtnews\" \/>\n<meta name=\"twitter:card\" content=\"summary_large_image\" \/>\n<meta name=\"twitter:creator\" content=\"@WirMachenAuf_de\" \/>\n<meta name=\"twitter:site\" content=\"@WirMachenAuf_de\" \/>\n<meta name=\"twitter:label1\" content=\"Verfasst von\" \/>\n\t<meta name=\"twitter:data1\" content=\"rtnews\" \/>\n\t<meta name=\"twitter:label2\" content=\"Gesch\u00e4tzte Lesezeit\" \/>\n\t<meta name=\"twitter:data2\" content=\"3\u00a0Minuten\" \/>\n<script type=\"application\/ld+json\" class=\"yoast-schema-graph\">{\"@context\":\"https:\/\/schema.org\",\"@graph\":[{\"@type\":\"Article\",\"@id\":\"https:\/\/now-news.de\/de\/deutschland\/musk-reagiert-auf-selenskijs-behauptung-dass-die-ukrainer-keine-wahlen-wollen\/#article\",\"isPartOf\":{\"@id\":\"https:\/\/now-news.de\/de\/deutschland\/musk-reagiert-auf-selenskijs-behauptung-dass-die-ukrainer-keine-wahlen-wollen\/\"},\"author\":{\"name\":\"rtnews\",\"@id\":\"https:\/\/now-news.de\/de\/#\/schema\/person\/fb534a4e865501d8b3285208df34a9b5\"},\"headline\":\"Musk reagiert auf Selenskijs Behauptung, dass die Ukrainer keine Wahlen wollen\",\"datePublished\":\"2025-02-11T19:30:37+00:00\",\"dateModified\":\"2025-02-11T19:30:37+00:00\",\"mainEntityOfPage\":{\"@id\":\"https:\/\/now-news.de\/de\/deutschland\/musk-reagiert-auf-selenskijs-behauptung-dass-die-ukrainer-keine-wahlen-wollen\/\"},\"wordCount\":565,\"commentCount\":0,\"publisher\":{\"@id\":\"https:\/\/now-news.de\/de\/#organization\"},\"image\":{\"@id\":\"https:\/\/now-news.de\/de\/deutschland\/musk-reagiert-auf-selenskijs-behauptung-dass-die-ukrainer-keine-wahlen-wollen\/#primaryimage\"},\"thumbnailUrl\":\"https:\/\/now-news.de\/de\/wp-content\/uploads\/sites\/3\/2025\/02\/Musk-reagiert-auf-Selenskijs-Behauptung-dass-die-Ukrainer-keine-Wahlen.jpg\",\"keywords\":[\"AUF\",\"Behauptung\",\"dass\",\"die\",\"keine\",\"Musk\",\"reagiert\",\"Selenskijs\",\"Ukrainer\",\"Wahlen\",\"wollen\"],\"articleSection\":[\"Deutschland\",\"Russland\"],\"inLanguage\":\"de\",\"potentialAction\":[{\"@type\":\"CommentAction\",\"name\":\"Comment\",\"target\":[\"https:\/\/now-news.de\/de\/deutschland\/musk-reagiert-auf-selenskijs-behauptung-dass-die-ukrainer-keine-wahlen-wollen\/#respond\"]}]},{\"@type\":\"WebPage\",\"@id\":\"https:\/\/now-news.de\/de\/deutschland\/musk-reagiert-auf-selenskijs-behauptung-dass-die-ukrainer-keine-wahlen-wollen\/\",\"url\":\"https:\/\/now-news.de\/de\/deutschland\/musk-reagiert-auf-selenskijs-behauptung-dass-die-ukrainer-keine-wahlen-wollen\/\",\"name\":\"Musk reagiert auf Selenskijs Behauptung, dass die Ukrainer keine Wahlen wollen - just-now.NEWS Deutschland\",\"isPartOf\":{\"@id\":\"https:\/\/now-news.de\/de\/#website\"},\"primaryImageOfPage\":{\"@id\":\"https:\/\/now-news.de\/de\/deutschland\/musk-reagiert-auf-selenskijs-behauptung-dass-die-ukrainer-keine-wahlen-wollen\/#primaryimage\"},\"image\":{\"@id\":\"https:\/\/now-news.de\/de\/deutschland\/musk-reagiert-auf-selenskijs-behauptung-dass-die-ukrainer-keine-wahlen-wollen\/#primaryimage\"},\"thumbnailUrl\":\"https:\/\/now-news.de\/de\/wp-content\/uploads\/sites\/3\/2025\/02\/Musk-reagiert-auf-Selenskijs-Behauptung-dass-die-Ukrainer-keine-Wahlen.jpg\",\"datePublished\":\"2025-02-11T19:30:37+00:00\",\"dateModified\":\"2025-02-11T19:30:37+00:00\",\"breadcrumb\":{\"@id\":\"https:\/\/now-news.de\/de\/deutschland\/musk-reagiert-auf-selenskijs-behauptung-dass-die-ukrainer-keine-wahlen-wollen\/#breadcrumb\"},\"inLanguage\":\"de\",\"potentialAction\":[{\"@type\":\"ReadAction\",\"target\":[\"https:\/\/now-news.de\/de\/deutschland\/musk-reagiert-auf-selenskijs-behauptung-dass-die-ukrainer-keine-wahlen-wollen\/\"]}]},{\"@type\":\"ImageObject\",\"inLanguage\":\"de\",\"@id\":\"https:\/\/now-news.de\/de\/deutschland\/musk-reagiert-auf-selenskijs-behauptung-dass-die-ukrainer-keine-wahlen-wollen\/#primaryimage\",\"url\":\"https:\/\/now-news.de\/de\/wp-content\/uploads\/sites\/3\/2025\/02\/Musk-reagiert-auf-Selenskijs-Behauptung-dass-die-Ukrainer-keine-Wahlen.jpg\",\"contentUrl\":\"https:\/\/now-news.de\/de\/wp-content\/uploads\/sites\/3\/2025\/02\/Musk-reagiert-auf-Selenskijs-Behauptung-dass-die-Ukrainer-keine-Wahlen.jpg\",\"width\":460,\"height\":259,\"caption\":\"Musk reagiert auf Selenskijs Behauptung, dass die Ukrainer keine Wahlen wollen\"},{\"@type\":\"BreadcrumbList\",\"@id\":\"https:\/\/now-news.de\/de\/deutschland\/musk-reagiert-auf-selenskijs-behauptung-dass-die-ukrainer-keine-wahlen-wollen\/#breadcrumb\",\"itemListElement\":[{\"@type\":\"ListItem\",\"position\":1,\"name\":\"Home\",\"item\":\"https:\/\/now-news.de\/de\/\"},{\"@type\":\"ListItem\",\"position\":2,\"name\":\"Musk reagiert auf Selenskijs Behauptung, dass die Ukrainer keine Wahlen wollen\"}]},{\"@type\":\"WebSite\",\"@id\":\"https:\/\/now-news.de\/de\/#website\",\"url\":\"https:\/\/now-news.de\/de\/\",\"name\":\"just-now.NEWS Deutschland\",\"description\":\"Das Portal f\u00fcr unzensierte Nachrichten aus der Welt\",\"publisher\":{\"@id\":\"https:\/\/now-news.de\/de\/#organization\"},\"potentialAction\":[{\"@type\":\"SearchAction\",\"target\":{\"@type\":\"EntryPoint\",\"urlTemplate\":\"https:\/\/now-news.de\/de\/?s={search_term_string}\"},\"query-input\":\"required name=search_term_string\"}],\"inLanguage\":\"de\"},{\"@type\":\"Organization\",\"@id\":\"https:\/\/now-news.de\/de\/#organization\",\"name\":\"Just Now News\",\"url\":\"https:\/\/now-news.de\/de\/\",\"logo\":{\"@type\":\"ImageObject\",\"inLanguage\":\"de\",\"@id\":\"https:\/\/now-news.de\/de\/#\/schema\/logo\/image\/\",\"url\":\"http:\/\/just-now.news\/de\/wp-content\/uploads\/sites\/3\/2022\/04\/logo500x500.jpg\",\"contentUrl\":\"http:\/\/just-now.news\/de\/wp-content\/uploads\/sites\/3\/2022\/04\/logo500x500.jpg\",\"width\":500,\"height\":500,\"caption\":\"Just Now News\"},\"image\":{\"@id\":\"https:\/\/now-news.de\/de\/#\/schema\/logo\/image\/\"},\"sameAs\":[\"https:\/\/www.facebook.com\/wirmachenauf\",\"https:\/\/x.com\/WirMachenAuf_de\"]},{\"@type\":\"Person\",\"@id\":\"https:\/\/now-news.de\/de\/#\/schema\/person\/fb534a4e865501d8b3285208df34a9b5\",\"name\":\"rtnews\",\"image\":{\"@type\":\"ImageObject\",\"inLanguage\":\"de\",\"@id\":\"https:\/\/now-news.de\/de\/#\/schema\/person\/image\/\",\"url\":\"https:\/\/secure.gravatar.com\/avatar\/82aafea7d8127119dd649515f56e2117?s=96&d=mm&r=g\",\"contentUrl\":\"https:\/\/secure.gravatar.com\/avatar\/82aafea7d8127119dd649515f56e2117?s=96&d=mm&r=g\",\"caption\":\"rtnews\"},\"url\":\"https:\/\/now-news.de\/de\/author\/rnews\/\"}]}<\/script>\n<!-- \/ Yoast SEO Premium plugin. -->","yoast_head_json":{"title":"Musk reagiert auf Selenskijs Behauptung, dass die Ukrainer keine Wahlen wollen - just-now.NEWS Deutschland","robots":{"index":"index","follow":"follow","max-snippet":"max-snippet:-1","max-image-preview":"max-image-preview:large","max-video-preview":"max-video-preview:-1"},"canonical":"https:\/\/now-news.de\/de\/deutschland\/musk-reagiert-auf-selenskijs-behauptung-dass-die-ukrainer-keine-wahlen-wollen\/","og_locale":"de_DE","og_type":"article","og_title":"Musk reagiert auf Selenskijs Behauptung, dass die Ukrainer keine Wahlen wollen","og_description":"Seine offizielle Amtszeit als ukrainischer Pr\u00e4sident lief im Mai letzten Jahres aus, doch Wladimir Selenskij lehnt die Abhaltung von Wahlen ab, solange sich das Land im Krieg mit Russland befindet. Das sei der Wunsch aller Ukrainer, betont er. Elon Musk hat nun auf seine Aussage reagiert. Elon Musk hat sich \u00fcber Wladimir Selenskij lustig gemacht, [&hellip;]","og_url":"https:\/\/now-news.de\/de\/deutschland\/musk-reagiert-auf-selenskijs-behauptung-dass-die-ukrainer-keine-wahlen-wollen\/","og_site_name":"just-now.NEWS Deutschland","article_publisher":"https:\/\/www.facebook.com\/wirmachenauf","article_published_time":"2025-02-11T19:30:37+00:00","og_image":[{"url":"https:\/\/now-news.de\/de\/wp-content\/uploads\/sites\/3\/2025\/02\/67ab843448fbef161620c99d.jpg"}],"author":"rtnews","twitter_card":"summary_large_image","twitter_creator":"@WirMachenAuf_de","twitter_site":"@WirMachenAuf_de","twitter_misc":{"Verfasst von":"rtnews","Gesch\u00e4tzte Lesezeit":"3\u00a0Minuten"},"schema":{"@context":"https:\/\/schema.org","@graph":[{"@type":"Article","@id":"https:\/\/now-news.de\/de\/deutschland\/musk-reagiert-auf-selenskijs-behauptung-dass-die-ukrainer-keine-wahlen-wollen\/#article","isPartOf":{"@id":"https:\/\/now-news.de\/de\/deutschland\/musk-reagiert-auf-selenskijs-behauptung-dass-die-ukrainer-keine-wahlen-wollen\/"},"author":{"name":"rtnews","@id":"https:\/\/now-news.de\/de\/#\/schema\/person\/fb534a4e865501d8b3285208df34a9b5"},"headline":"Musk reagiert auf Selenskijs Behauptung, dass die Ukrainer keine Wahlen wollen","datePublished":"2025-02-11T19:30:37+00:00","dateModified":"2025-02-11T19:30:37+00:00","mainEntityOfPage":{"@id":"https:\/\/now-news.de\/de\/deutschland\/musk-reagiert-auf-selenskijs-behauptung-dass-die-ukrainer-keine-wahlen-wollen\/"},"wordCount":565,"commentCount":0,"publisher":{"@id":"https:\/\/now-news.de\/de\/#organization"},"image":{"@id":"https:\/\/now-news.de\/de\/deutschland\/musk-reagiert-auf-selenskijs-behauptung-dass-die-ukrainer-keine-wahlen-wollen\/#primaryimage"},"thumbnailUrl":"https:\/\/now-news.de\/de\/wp-content\/uploads\/sites\/3\/2025\/02\/Musk-reagiert-auf-Selenskijs-Behauptung-dass-die-Ukrainer-keine-Wahlen.jpg","keywords":["AUF","Behauptung","dass","die","keine","Musk","reagiert","Selenskijs","Ukrainer","Wahlen","wollen"],"articleSection":["Deutschland","Russland"],"inLanguage":"de","potentialAction":[{"@type":"CommentAction","name":"Comment","target":["https:\/\/now-news.de\/de\/deutschland\/musk-reagiert-auf-selenskijs-behauptung-dass-die-ukrainer-keine-wahlen-wollen\/#respond"]}]},{"@type":"WebPage","@id":"https:\/\/now-news.de\/de\/deutschland\/musk-reagiert-auf-selenskijs-behauptung-dass-die-ukrainer-keine-wahlen-wollen\/","url":"https:\/\/now-news.de\/de\/deutschland\/musk-reagiert-auf-selenskijs-behauptung-dass-die-ukrainer-keine-wahlen-wollen\/","name":"Musk reagiert auf Selenskijs Behauptung, dass die Ukrainer keine Wahlen wollen - just-now.NEWS Deutschland","isPartOf":{"@id":"https:\/\/now-news.de\/de\/#website"},"primaryImageOfPage":{"@id":"https:\/\/now-news.de\/de\/deutschland\/musk-reagiert-auf-selenskijs-behauptung-dass-die-ukrainer-keine-wahlen-wollen\/#primaryimage"},"image":{"@id":"https:\/\/now-news.de\/de\/deutschland\/musk-reagiert-auf-selenskijs-behauptung-dass-die-ukrainer-keine-wahlen-wollen\/#primaryimage"},"thumbnailUrl":"https:\/\/now-news.de\/de\/wp-content\/uploads\/sites\/3\/2025\/02\/Musk-reagiert-auf-Selenskijs-Behauptung-dass-die-Ukrainer-keine-Wahlen.jpg","datePublished":"2025-02-11T19:30:37+00:00","dateModified":"2025-02-11T19:30:37+00:00","breadcrumb":{"@id":"https:\/\/now-news.de\/de\/deutschland\/musk-reagiert-auf-selenskijs-behauptung-dass-die-ukrainer-keine-wahlen-wollen\/#breadcrumb"},"inLanguage":"de","potentialAction":[{"@type":"ReadAction","target":["https:\/\/now-news.de\/de\/deutschland\/musk-reagiert-auf-selenskijs-behauptung-dass-die-ukrainer-keine-wahlen-wollen\/"]}]},{"@type":"ImageObject","inLanguage":"de","@id":"https:\/\/now-news.de\/de\/deutschland\/musk-reagiert-auf-selenskijs-behauptung-dass-die-ukrainer-keine-wahlen-wollen\/#primaryimage","url":"https:\/\/now-news.de\/de\/wp-content\/uploads\/sites\/3\/2025\/02\/Musk-reagiert-auf-Selenskijs-Behauptung-dass-die-Ukrainer-keine-Wahlen.jpg","contentUrl":"https:\/\/now-news.de\/de\/wp-content\/uploads\/sites\/3\/2025\/02\/Musk-reagiert-auf-Selenskijs-Behauptung-dass-die-Ukrainer-keine-Wahlen.jpg","width":460,"height":259,"caption":"Musk reagiert auf Selenskijs Behauptung, dass die Ukrainer keine Wahlen wollen"},{"@type":"BreadcrumbList","@id":"https:\/\/now-news.de\/de\/deutschland\/musk-reagiert-auf-selenskijs-behauptung-dass-die-ukrainer-keine-wahlen-wollen\/#breadcrumb","itemListElement":[{"@type":"ListItem","position":1,"name":"Home","item":"https:\/\/now-news.de\/de\/"},{"@type":"ListItem","position":2,"name":"Musk reagiert auf Selenskijs Behauptung, dass die Ukrainer keine Wahlen wollen"}]},{"@type":"WebSite","@id":"https:\/\/now-news.de\/de\/#website","url":"https:\/\/now-news.de\/de\/","name":"just-now.NEWS Deutschland","description":"Das Portal f\u00fcr unzensierte Nachrichten aus der Welt","publisher":{"@id":"https:\/\/now-news.de\/de\/#organization"},"potentialAction":[{"@type":"SearchAction","target":{"@type":"EntryPoint","urlTemplate":"https:\/\/now-news.de\/de\/?s={search_term_string}"},"query-input":"required name=search_term_string"}],"inLanguage":"de"},{"@type":"Organization","@id":"https:\/\/now-news.de\/de\/#organization","name":"Just Now News","url":"https:\/\/now-news.de\/de\/","logo":{"@type":"ImageObject","inLanguage":"de","@id":"https:\/\/now-news.de\/de\/#\/schema\/logo\/image\/","url":"http:\/\/just-now.news\/de\/wp-content\/uploads\/sites\/3\/2022\/04\/logo500x500.jpg","contentUrl":"http:\/\/just-now.news\/de\/wp-content\/uploads\/sites\/3\/2022\/04\/logo500x500.jpg","width":500,"height":500,"caption":"Just Now News"},"image":{"@id":"https:\/\/now-news.de\/de\/#\/schema\/logo\/image\/"},"sameAs":["https:\/\/www.facebook.com\/wirmachenauf","https:\/\/x.com\/WirMachenAuf_de"]},{"@type":"Person","@id":"https:\/\/now-news.de\/de\/#\/schema\/person\/fb534a4e865501d8b3285208df34a9b5","name":"rtnews","image":{"@type":"ImageObject","inLanguage":"de","@id":"https:\/\/now-news.de\/de\/#\/schema\/person\/image\/","url":"https:\/\/secure.gravatar.com\/avatar\/82aafea7d8127119dd649515f56e2117?s=96&d=mm&r=g","contentUrl":"https:\/\/secure.gravatar.com\/avatar\/82aafea7d8127119dd649515f56e2117?s=96&d=mm&r=g","caption":"rtnews"},"url":"https:\/\/now-news.de\/de\/author\/rnews\/"}]}},"_links":{"self":[{"href":"https:\/\/now-news.de\/de\/wp-json\/wp\/v2\/posts\/78285"}],"collection":[{"href":"https:\/\/now-news.de\/de\/wp-json\/wp\/v2\/posts"}],"about":[{"href":"https:\/\/now-news.de\/de\/wp-json\/wp\/v2\/types\/post"}],"author":[{"embeddable":true,"href":"https:\/\/now-news.de\/de\/wp-json\/wp\/v2\/users\/3"}],"replies":[{"embeddable":true,"href":"https:\/\/now-news.de\/de\/wp-json\/wp\/v2\/comments?post=78285"}],"version-history":[{"count":0,"href":"https:\/\/now-news.de\/de\/wp-json\/wp\/v2\/posts\/78285\/revisions"}],"wp:featuredmedia":[{"embeddable":true,"href":"https:\/\/now-news.de\/de\/wp-json\/wp\/v2\/media\/78286"}],"wp:attachment":[{"href":"https:\/\/now-news.de\/de\/wp-json\/wp\/v2\/media?parent=78285"}],"wp:term":[{"taxonomy":"category","embeddable":true,"href":"https:\/\/now-news.de\/de\/wp-json\/wp\/v2\/categories?post=78285"},{"taxonomy":"post_tag","embeddable":true,"href":"https:\/\/now-news.de\/de\/wp-json\/wp\/v2\/tags?post=78285"}],"curies":[{"name":"wp","href":"https:\/\/api.w.org\/{rel}","templated":true}]}}