{"id":78217,"date":"2025-02-11T07:00:00","date_gmt":"2025-02-11T05:00:00","guid":{"rendered":"https:\/\/now-news.de\/de\/deutschland\/stiftung-wissenschaft-und-politik-wenn-blinde-von-farben-reden\/"},"modified":"2025-02-11T07:00:00","modified_gmt":"2025-02-11T05:00:00","slug":"stiftung-wissenschaft-und-politik-wenn-blinde-von-farben-reden","status":"publish","type":"post","link":"https:\/\/now-news.de\/de\/deutschland\/stiftung-wissenschaft-und-politik-wenn-blinde-von-farben-reden\/","title":{"rendered":"Stiftung Wissenschaft und Politik: Wenn Blinde von Farben reden"},"content":{"rendered":"<p><img decoding=\"async\" src=\"https:\/\/now-news.de\/de\/wp-content\/uploads\/sites\/3\/2025\/02\/67a25b1248fbef4db5389d49.jpg\" \/><\/p>\n<div class=\"Text-root Text-type_1 \">\n                Eigentlich sollen Denkfabriken vorausdenken und nicht hinterher. Die SWP scheint sich aber auf ein Denken spezialisiert zu haben, das auf v\u00f6lliger Wahrnehmungsverweigerung beruht. Denn sie versteht bis heute nicht, was Russland in der Ukraine will.\n            <\/div>\n<p><\/p>\n<div class=\"Text-root Text-type_5 ArticleView-text ViewText-root \">\n<p><em>Von Dagmar Henn<\/em><\/p>\n<p>Man sollte eigentlich annehmen, dass der Beginn der milit\u00e4rischen Sonderoperation Russlands vor fast drei Jahren zumindest eines deutlich zu verstehen gegeben hat: dass es Russland sehr ernst damit meint, die Ukraine nicht in der NATO sehen zu wollen.<\/p>\n<p>Die Stiftung Wissenschaft und Politik (SWP) in Berlin, die von den deutschen Medien gern als Referenz herangezogen wird und dank ihrer engen Verbindungen zum BND auch direkten politischen Einfluss besitzt, hat das aber offenkundig immer noch nicht begriffen. Denn da setzten sich zwei &#8220;Experten&#8221;, die Talkshow-Politologin Claudia Major, die am liebsten Russland zerlegen w\u00fcrde, und Aldo Kleemann, Oberstleutnant, ebenfalls Politologe, hin und verfassten ein <a rel=\"nofollow noopener\" target=\"_blank\" href=\"https:\/\/www.swp-berlin.org\/publications\/products\/arbeitspapiere\/Arbeitspapier_FG03_02_2025_C_Major_A_Kleemann.pdf\">Papier<\/a>, &#8220;Modelle zur Absicherung eines m\u00f6glichen Waffenstillstands in der Ukraine&#8221;, in dem sie ihren Fantasien \u00fcber einen m\u00f6glichen Waffenstillstand in der Ukraine freien Lauf lie\u00dfen.<\/p>\n<p>Und sie k\u00f6nnen es sich dabei nicht verkneifen, immer wieder als Ziel eine Ukraine in der NATO anzugeben, mit gr\u00f6\u00dferen oder kleineren Umwegen, als sei das eine Option\u00a0\u2013 was es nicht ist. Und auch aus einem einfachen Grund nie sein wird: weil die Vorgaben, wie der Frieden aussieht, nicht vom Verlierer gemacht werden. Und der Westen hat in der Ukraine verloren.<\/p>\n<p>Auch das ist in der Berliner Stiftung noch nicht angekommen. Ebenso wenig wie die Tatsache, dass die ukrainische Armee Tag f\u00fcr Tag schrumpft, nicht nur durch Verluste, sondern ebenso durch Desertionen; wenn, wie das gerade durch die Internet-Kan\u00e4le kursiert, andere Waffengattungen aufgel\u00f6st werden, um die Infanterie an der Front zu verst\u00e4rken, ist es kurz vor zappenduster. Major und Kleemann aber fantasieren irgendetwas \u00fcber eine ukrainische Armee von 600.000\u00a0Mann zusammen, die dann noch mit (mindestens) 150.000\u00a0Soldaten aus europ\u00e4ischen NATO-L\u00e4ndern aufgestockt werden soll, um einen &#8220;Waffenstillstand zu \u00fcberwachen&#8221;, oder eher, um die Front gegen Russland zu halten.<\/p>\n<p>Dabei ist die Welt so viel gr\u00f6\u00dfer. Und in der Regel schickt man keine Soldaten aus L\u00e4ndern, die an einem Konflikt beteiligt waren, um einen Waffenstillstand zu \u00fcberwachen. Chinesen und Inder, ja, Lateinamerikaner, sogar Afrikaner w\u00e4ren denkbar. Aber Friedenstruppen aus europ\u00e4ischen NATO-Staaten? Das sind eben keine. Es gibt keine, schlicht gar keine Grundlage, dass Russland das akzeptieren k\u00f6nnte. Aber irgendwie kommt das den beiden Leuchten nicht in den Sinn.<\/p>\n<p>Eigentlich h\u00e4tten sie sich die ganze Schreibarbeit schenken k\u00f6nnen, weil der Kern jeder Konfliktl\u00f6sung erst einmal darin besteht, zu benennen, welche Interessen wie kollidieren. Und wenn die Ver\u00e4nderung der Kriegsf\u00fchrung, die an der Front in der Ukraine zu sehen ist, eines zur Folge hat, dann, dass die legitimen Sicherheitsbed\u00fcrfnisse Russlands sich erh\u00f6ht und nicht verringert haben. 2022 ging es darum, NATO-Raketen auf ukrainischem Gebiet zu verhindern (ein Punkt, bei dem sich die Biden-Regierung vor\u00fcbergehend kompromissbereit zeigte, bis Antony Blinken das wieder zur\u00fcckzog); heute m\u00fcsste es darum gehen, auch mit Drohnen nicht mehr erreichbar zu sein. Ganz zu schweigen von der Bereitschaft der NATO, die Ukraine auch mit atomwaffenf\u00e4higen Flugzeugen auszustatten.<\/p>\n<p>Nein, Russland w\u00e4re von allen guten Geistern verlassen, wenn es sich auch nur auf die Ausgangssituation einlassen w\u00fcrde, die den \u00dcberlegungen der SWP zugrunde liegt. Und es gibt auch keine Notwendigkeit dazu. Dieser Unfug ist nur deshalb verk\u00e4uflich, weil die Wahrnehmung in Berlin so unendlich weit von der Wirklichkeit entfernt ist und deshalb Major und Kleemann als klug durchgehen k\u00f6nnen.<\/p>\n<p><em>&#8220;Solange Moskau an seinen Zielen festh\u00e4lt und eine unabh\u00e4ngige Ukraine ablehnt und Europas Sicherheitsordnung ver\u00e4ndern will, und solange es die Mittel hat, diese Ziele zu verfolgen, sind die Ukraine und Europas Sicherheitsordnung bedroht.&#8221;<\/em><\/p>\n<p>Was da als &#8220;Europas Sicherheitsordnung&#8221; bezeichnet wird, ist nur die NATO-Osterweiterung, die aber f\u00fcr Europa nie Sicherheit, sondern immer nur Unsicherheit geschaffen hat. &#8220;Moskau&#8221; will \u00fcberhaupt erst wieder eine Sicherheitsordnung schaffen, deren entscheidendes Element notwendigerweise darin besteht, die Interessen aller Betroffener wahrzunehmen. Der Punkt der &#8220;unabh\u00e4ngigen Ukraine&#8221; wurde ja j\u00fcngst erst vorz\u00fcglich durch das breite Gejammere illustriert, in das die ukrainische Medienlandschaft verfiel, weil das Geld von der USAID jetzt ausbleibt. Ja, die Kern\u00fcberlegung ist eine Fiktion.<\/p>\n<p>Wozu es allerdings dienen soll, auf insgesamt 15\u00a0Seiten keinen einzigen vern\u00fcnftigen Vorschlag zu machen, daf\u00fcr aber konsequent so zu tun, als k\u00f6nne der Westen, ja, zur Not sogar die EU alleine, ein Resultat erreichen, das ihm genehm ist, wird nicht ganz klar. Au\u00dfer nat\u00fcrlich, man betrachtet die Aussage \u00fcber die angeblich n\u00f6tigen 150.000\u00a0Mann &#8220;Friedenstruppen&#8221; als \u00f6ffentlich vorfinanziertes Argument, um nach der Bundestagswahl wieder eine Wehrpflicht einzuf\u00fchren. Und das \u00fcbrige Gerede dar\u00fcber, wie man die Ukraine bei einem Waffenstillstand wieder aufr\u00fcsten m\u00fcsse, als Werbet\u00e4tigkeit f\u00fcr die R\u00fcstungsindustrie.<\/p>\n<p>In den Vereinigten Staaten hat gerade eine Auseinandersetzung dar\u00fcber begonnen, wie die Nachrichtendienste wieder verl\u00e4ssliche Analysen liefern k\u00f6nnten, nachdem sie jahrzehntelang darauf konditioniert worden waren, die Aussagen zu liefern, die die Politiker h\u00f6ren wollen. Wie man an diesem Produkt der SWP sehen kann, ist dieses Problem in Deutschland auch zu finden. Die SWP wird aus dem Bundeshaushalt <a rel=\"nofollow noopener\" target=\"_blank\" href=\"https:\/\/www.swp-berlin.org\/die-swp\/ueber-uns\/grundlegendes\/finanzierung\">finanziert<\/a>; 2023 waren das 17,64\u00a0Millionen Euro, von denen 12,13\u00a0Millionen auf Personalkosten\u00a0entfielen, also auch das Gehalt Majors. Man m\u00fcsste erwarten k\u00f6nnen, dass dann in der Arbeit der Stiftung auch deutsche Interessen eine Rolle spielen.<\/p>\n<p>Die w\u00fcrden im Zusammenhang mit dem Konflikt in der Ukraine nach wie vor lauten: keine weitere Unterst\u00fctzung der Ukraine mehr und Wiederherstellung guter Beziehungen mit Russland. Dementsprechend hei\u00dfen sie auf keinen Fall &#8220;Ukraine in der NATO&#8221;. Majors Wunschtraum eines zerlegten Russlands w\u00e4re auch nicht im deutschen Interesse. Als das Risiko daf\u00fcr tats\u00e4chlich hoch war, im Lauf der 1990er, hatten selbst die westlichen Politiker noch genug Vernunft, zu erkennen, dass die dadurch ausgel\u00f6sten Instabilit\u00e4ten Europa auf jeden Fall in Mitleidenschaft ziehen w\u00fcrden; genau das ist nat\u00fcrlich auch mit dem Ukraine-Konflikt geschehen, in Gestalt der Fl\u00fcchtlinge. Man muss schon weit genug weg und am besten durch einen Ozean getrennt leben, um das lustig zu finden.<\/p>\n<p>Oder man hei\u00dft eben Claudia Major und Aldo Kleemann und m\u00f6chte neben der Entlohnung aus deutschen Steuergeldern auch noch Streicheleinheiten aus dem NATO-Hauptquartier in Br\u00fcssel. Dann schreibt man ein Papier, das letztlich nur die Unm\u00f6glichkeit eines Waffenstillstands in der Ukraine belegen soll, damit das ganze auf Blut und Knochen aufgebaute Gesch\u00e4ft noch eine Weile weitergehen kann.<\/p>\n<p>Dabei g\u00e4be es in der wirklichen Welt viel nachzudenken. Die Warnungen des polnischen Pr\u00e4sidenten vor einer Welle organisierter Kriminalit\u00e4t in Westeuropa nach einem Ende des Ukraine-Konflikts sind beispielsweise einer dieser Punkte. Die Wahrscheinlichkeit, dass Russland sich das Herz Banderistans in der Westukraine ans Bein bindet, ist so und so gering, und das wird hei\u00dfen, dass diese herzige Region mit SS-Denkm\u00e4lern an die EU angebunden bleibt. Wenn man dann noch die l\u00e4ngst sichtbaren Neigungen derzeitiger ukrainischer Beh\u00f6rden zum Terrorismus einbezieht und sich erinnert, dass entsprechende Drohungen Richtung Westen bereits vor L\u00e4ngerem ge\u00e4u\u00dfert wurden, wird klar, dass es auch f\u00fcr &#8220;Sicherheitsexperten&#8221; genug Themen gibt, \u00fcber die nachgedacht werden m\u00fcsste. Und da haben wir noch nicht einmal dar\u00fcber geredet, dass sich die deutsche Politik \u00f6konomisch durch ihre Gefolgschaft zu den USA in ein Eck bef\u00f6rdert hat, in dem sie von einem Handelskrieg mit den USA so richtig b\u00f6se erwischt werden kann.<\/p>\n<p>Aber das ist der springende Punkt: Die SWP als nachrichtendienstnahe Institution liefert eben keine Ausblicke auf m\u00f6gliche Probleme, sondern genau das, was die russophobe NATO-Einheitspartei gern h\u00f6ren will. Zum Schaden der B\u00fcrger, die sie bezahlen m\u00fcssen.<\/p>\n<p><strong>Mehr zum Thema \u2013\u00a0<\/strong><a rel=\"nofollow noopener\" target=\"_blank\" href=\"https:\/\/freedert.online\/inland\/235708-deutsche-denkfabrik-will-ukraine-immer\/\">Deutsche Denkfabrik will die Ukraine immer noch in der NATO <\/a><\/p>\n<div class=\"EmbedBlock-root EmbedBlock-externalVideo EmbedBlock-rumble\">\n<div class=\"VkEmbed\"><iframe class=\"lazyload\" data-src=\"https:\/\/rumble.com\/embed\/v6emk31\" frameborder=\"0\" width=\"853\" height=\"480\" allowfullscreen><\/iframe><\/div>\n<\/div>\n<\/div>\n<p><br \/>\n<br \/><a href=\"https:\/\/de.rt.com\/meinung\/235752-stiftung-wissenschaft-und-politik-wenn-blinde-von-farben-reden\/\">Source link <\/a><\/p>\n","protected":false},"excerpt":{"rendered":"<p>Eigentlich sollen Denkfabriken vorausdenken und nicht hinterher. Die SWP scheint sich aber auf ein Denken spezialisiert zu haben, das auf v\u00f6lliger Wahrnehmungsverweigerung beruht. Denn sie versteht bis heute nicht, was Russland in der Ukraine will. Von Dagmar Henn Man sollte eigentlich annehmen, dass der Beginn der milit\u00e4rischen Sonderoperation Russlands vor fast drei Jahren zumindest eines [&hellip;]<\/p>\n","protected":false},"author":3,"featured_media":78218,"comment_status":"open","ping_status":"open","sticky":false,"template":"","format":"standard","meta":{"_yoast_indexnow_last_ping":["1739250840"],"wp_automatic_camp":["217"],"b6f5cf926cb12786f79f22eab6507235":["Stiftung Wissenschaft und Politik: Wenn Blinde von Farben reden"],"original_link":["https:\/\/de.rt.com\/meinung\/235752-stiftung-wissenschaft-und-politik-wenn-blinde-von-farben-reden\/"],"_thumbnail_id":["78218"],"jnews_social_counter_last_update":["1777324905"],"_wptgpro_p2tg_sent2tg":["a:1:{i:23737;s:19:\"2025-02-11 07:15:02\";}"]},"categories":[19,23],"tags":[62630,22300,592,19378,28096,140,50,4218,934],"yoast_head":"<!-- This site is optimized with the Yoast SEO Premium plugin v22.7 (Yoast SEO v22.7) - https:\/\/yoast.com\/wordpress\/plugins\/seo\/ -->\n<title>Stiftung Wissenschaft und Politik: Wenn Blinde von Farben reden - just-now.NEWS Deutschland<\/title>\n<meta name=\"robots\" content=\"index, follow, max-snippet:-1, max-image-preview:large, max-video-preview:-1\" \/>\n<link rel=\"canonical\" href=\"https:\/\/now-news.de\/de\/deutschland\/stiftung-wissenschaft-und-politik-wenn-blinde-von-farben-reden\/\" \/>\n<meta property=\"og:locale\" content=\"de_DE\" \/>\n<meta property=\"og:type\" content=\"article\" \/>\n<meta property=\"og:title\" content=\"Stiftung Wissenschaft und Politik: Wenn Blinde von Farben reden\" \/>\n<meta property=\"og:description\" content=\"Eigentlich sollen Denkfabriken vorausdenken und nicht hinterher. Die SWP scheint sich aber auf ein Denken spezialisiert zu haben, das auf v\u00f6lliger Wahrnehmungsverweigerung beruht. Denn sie versteht bis heute nicht, was Russland in der Ukraine will. Von Dagmar Henn Man sollte eigentlich annehmen, dass der Beginn der milit\u00e4rischen Sonderoperation Russlands vor fast drei Jahren zumindest eines [&hellip;]\" \/>\n<meta property=\"og:url\" content=\"https:\/\/now-news.de\/de\/deutschland\/stiftung-wissenschaft-und-politik-wenn-blinde-von-farben-reden\/\" \/>\n<meta property=\"og:site_name\" content=\"just-now.NEWS Deutschland\" \/>\n<meta property=\"article:publisher\" content=\"https:\/\/www.facebook.com\/wirmachenauf\" \/>\n<meta property=\"article:published_time\" content=\"2025-02-11T05:00:00+00:00\" \/>\n<meta property=\"og:image\" content=\"https:\/\/now-news.de\/de\/wp-content\/uploads\/sites\/3\/2025\/02\/67a25b1248fbef4db5389d49.jpg\" \/>\n<meta name=\"author\" content=\"rtnews\" \/>\n<meta name=\"twitter:card\" content=\"summary_large_image\" \/>\n<meta name=\"twitter:creator\" content=\"@WirMachenAuf_de\" \/>\n<meta name=\"twitter:site\" content=\"@WirMachenAuf_de\" \/>\n<meta name=\"twitter:label1\" content=\"Verfasst von\" \/>\n\t<meta name=\"twitter:data1\" content=\"rtnews\" \/>\n\t<meta name=\"twitter:label2\" content=\"Gesch\u00e4tzte Lesezeit\" \/>\n\t<meta name=\"twitter:data2\" content=\"7\u00a0Minuten\" \/>\n<script type=\"application\/ld+json\" class=\"yoast-schema-graph\">{\"@context\":\"https:\/\/schema.org\",\"@graph\":[{\"@type\":\"Article\",\"@id\":\"https:\/\/now-news.de\/de\/deutschland\/stiftung-wissenschaft-und-politik-wenn-blinde-von-farben-reden\/#article\",\"isPartOf\":{\"@id\":\"https:\/\/now-news.de\/de\/deutschland\/stiftung-wissenschaft-und-politik-wenn-blinde-von-farben-reden\/\"},\"author\":{\"name\":\"rtnews\",\"@id\":\"https:\/\/now-news.de\/de\/#\/schema\/person\/fb534a4e865501d8b3285208df34a9b5\"},\"headline\":\"Stiftung Wissenschaft und Politik: Wenn Blinde von Farben reden\",\"datePublished\":\"2025-02-11T05:00:00+00:00\",\"dateModified\":\"2025-02-11T05:00:00+00:00\",\"mainEntityOfPage\":{\"@id\":\"https:\/\/now-news.de\/de\/deutschland\/stiftung-wissenschaft-und-politik-wenn-blinde-von-farben-reden\/\"},\"wordCount\":1319,\"commentCount\":0,\"publisher\":{\"@id\":\"https:\/\/now-news.de\/de\/#organization\"},\"image\":{\"@id\":\"https:\/\/now-news.de\/de\/deutschland\/stiftung-wissenschaft-und-politik-wenn-blinde-von-farben-reden\/#primaryimage\"},\"thumbnailUrl\":\"https:\/\/now-news.de\/de\/wp-content\/uploads\/sites\/3\/2025\/02\/Stiftung-Wissenschaft-und-Politik-Wenn-Blinde-von-Farben-reden.jpg\",\"keywords\":[\"Blinde\",\"Farben\",\"Politik\",\"Reden\",\"Stiftung\",\"und\",\"von\",\"wenn\",\"Wissenschaft\"],\"articleSection\":[\"Deutschland\",\"Russland\"],\"inLanguage\":\"de\",\"potentialAction\":[{\"@type\":\"CommentAction\",\"name\":\"Comment\",\"target\":[\"https:\/\/now-news.de\/de\/deutschland\/stiftung-wissenschaft-und-politik-wenn-blinde-von-farben-reden\/#respond\"]}]},{\"@type\":\"WebPage\",\"@id\":\"https:\/\/now-news.de\/de\/deutschland\/stiftung-wissenschaft-und-politik-wenn-blinde-von-farben-reden\/\",\"url\":\"https:\/\/now-news.de\/de\/deutschland\/stiftung-wissenschaft-und-politik-wenn-blinde-von-farben-reden\/\",\"name\":\"Stiftung Wissenschaft und Politik: Wenn Blinde von Farben reden - just-now.NEWS Deutschland\",\"isPartOf\":{\"@id\":\"https:\/\/now-news.de\/de\/#website\"},\"primaryImageOfPage\":{\"@id\":\"https:\/\/now-news.de\/de\/deutschland\/stiftung-wissenschaft-und-politik-wenn-blinde-von-farben-reden\/#primaryimage\"},\"image\":{\"@id\":\"https:\/\/now-news.de\/de\/deutschland\/stiftung-wissenschaft-und-politik-wenn-blinde-von-farben-reden\/#primaryimage\"},\"thumbnailUrl\":\"https:\/\/now-news.de\/de\/wp-content\/uploads\/sites\/3\/2025\/02\/Stiftung-Wissenschaft-und-Politik-Wenn-Blinde-von-Farben-reden.jpg\",\"datePublished\":\"2025-02-11T05:00:00+00:00\",\"dateModified\":\"2025-02-11T05:00:00+00:00\",\"breadcrumb\":{\"@id\":\"https:\/\/now-news.de\/de\/deutschland\/stiftung-wissenschaft-und-politik-wenn-blinde-von-farben-reden\/#breadcrumb\"},\"inLanguage\":\"de\",\"potentialAction\":[{\"@type\":\"ReadAction\",\"target\":[\"https:\/\/now-news.de\/de\/deutschland\/stiftung-wissenschaft-und-politik-wenn-blinde-von-farben-reden\/\"]}]},{\"@type\":\"ImageObject\",\"inLanguage\":\"de\",\"@id\":\"https:\/\/now-news.de\/de\/deutschland\/stiftung-wissenschaft-und-politik-wenn-blinde-von-farben-reden\/#primaryimage\",\"url\":\"https:\/\/now-news.de\/de\/wp-content\/uploads\/sites\/3\/2025\/02\/Stiftung-Wissenschaft-und-Politik-Wenn-Blinde-von-Farben-reden.jpg\",\"contentUrl\":\"https:\/\/now-news.de\/de\/wp-content\/uploads\/sites\/3\/2025\/02\/Stiftung-Wissenschaft-und-Politik-Wenn-Blinde-von-Farben-reden.jpg\",\"width\":460,\"height\":259,\"caption\":\"Stiftung Wissenschaft und Politik: Wenn Blinde von Farben reden\"},{\"@type\":\"BreadcrumbList\",\"@id\":\"https:\/\/now-news.de\/de\/deutschland\/stiftung-wissenschaft-und-politik-wenn-blinde-von-farben-reden\/#breadcrumb\",\"itemListElement\":[{\"@type\":\"ListItem\",\"position\":1,\"name\":\"Home\",\"item\":\"https:\/\/now-news.de\/de\/\"},{\"@type\":\"ListItem\",\"position\":2,\"name\":\"Stiftung Wissenschaft und Politik: Wenn Blinde von Farben reden\"}]},{\"@type\":\"WebSite\",\"@id\":\"https:\/\/now-news.de\/de\/#website\",\"url\":\"https:\/\/now-news.de\/de\/\",\"name\":\"just-now.NEWS Deutschland\",\"description\":\"Das Portal f\u00fcr unzensierte Nachrichten aus der Welt\",\"publisher\":{\"@id\":\"https:\/\/now-news.de\/de\/#organization\"},\"potentialAction\":[{\"@type\":\"SearchAction\",\"target\":{\"@type\":\"EntryPoint\",\"urlTemplate\":\"https:\/\/now-news.de\/de\/?s={search_term_string}\"},\"query-input\":\"required name=search_term_string\"}],\"inLanguage\":\"de\"},{\"@type\":\"Organization\",\"@id\":\"https:\/\/now-news.de\/de\/#organization\",\"name\":\"Just Now News\",\"url\":\"https:\/\/now-news.de\/de\/\",\"logo\":{\"@type\":\"ImageObject\",\"inLanguage\":\"de\",\"@id\":\"https:\/\/now-news.de\/de\/#\/schema\/logo\/image\/\",\"url\":\"http:\/\/just-now.news\/de\/wp-content\/uploads\/sites\/3\/2022\/04\/logo500x500.jpg\",\"contentUrl\":\"http:\/\/just-now.news\/de\/wp-content\/uploads\/sites\/3\/2022\/04\/logo500x500.jpg\",\"width\":500,\"height\":500,\"caption\":\"Just Now News\"},\"image\":{\"@id\":\"https:\/\/now-news.de\/de\/#\/schema\/logo\/image\/\"},\"sameAs\":[\"https:\/\/www.facebook.com\/wirmachenauf\",\"https:\/\/x.com\/WirMachenAuf_de\"]},{\"@type\":\"Person\",\"@id\":\"https:\/\/now-news.de\/de\/#\/schema\/person\/fb534a4e865501d8b3285208df34a9b5\",\"name\":\"rtnews\",\"image\":{\"@type\":\"ImageObject\",\"inLanguage\":\"de\",\"@id\":\"https:\/\/now-news.de\/de\/#\/schema\/person\/image\/\",\"url\":\"https:\/\/secure.gravatar.com\/avatar\/82aafea7d8127119dd649515f56e2117?s=96&d=mm&r=g\",\"contentUrl\":\"https:\/\/secure.gravatar.com\/avatar\/82aafea7d8127119dd649515f56e2117?s=96&d=mm&r=g\",\"caption\":\"rtnews\"},\"url\":\"https:\/\/now-news.de\/de\/author\/rnews\/\"}]}<\/script>\n<!-- \/ Yoast SEO Premium plugin. -->","yoast_head_json":{"title":"Stiftung Wissenschaft und Politik: Wenn Blinde von Farben reden - just-now.NEWS Deutschland","robots":{"index":"index","follow":"follow","max-snippet":"max-snippet:-1","max-image-preview":"max-image-preview:large","max-video-preview":"max-video-preview:-1"},"canonical":"https:\/\/now-news.de\/de\/deutschland\/stiftung-wissenschaft-und-politik-wenn-blinde-von-farben-reden\/","og_locale":"de_DE","og_type":"article","og_title":"Stiftung Wissenschaft und Politik: Wenn Blinde von Farben reden","og_description":"Eigentlich sollen Denkfabriken vorausdenken und nicht hinterher. Die SWP scheint sich aber auf ein Denken spezialisiert zu haben, das auf v\u00f6lliger Wahrnehmungsverweigerung beruht. Denn sie versteht bis heute nicht, was Russland in der Ukraine will. Von Dagmar Henn Man sollte eigentlich annehmen, dass der Beginn der milit\u00e4rischen Sonderoperation Russlands vor fast drei Jahren zumindest eines [&hellip;]","og_url":"https:\/\/now-news.de\/de\/deutschland\/stiftung-wissenschaft-und-politik-wenn-blinde-von-farben-reden\/","og_site_name":"just-now.NEWS Deutschland","article_publisher":"https:\/\/www.facebook.com\/wirmachenauf","article_published_time":"2025-02-11T05:00:00+00:00","og_image":[{"url":"https:\/\/now-news.de\/de\/wp-content\/uploads\/sites\/3\/2025\/02\/67a25b1248fbef4db5389d49.jpg"}],"author":"rtnews","twitter_card":"summary_large_image","twitter_creator":"@WirMachenAuf_de","twitter_site":"@WirMachenAuf_de","twitter_misc":{"Verfasst von":"rtnews","Gesch\u00e4tzte Lesezeit":"7\u00a0Minuten"},"schema":{"@context":"https:\/\/schema.org","@graph":[{"@type":"Article","@id":"https:\/\/now-news.de\/de\/deutschland\/stiftung-wissenschaft-und-politik-wenn-blinde-von-farben-reden\/#article","isPartOf":{"@id":"https:\/\/now-news.de\/de\/deutschland\/stiftung-wissenschaft-und-politik-wenn-blinde-von-farben-reden\/"},"author":{"name":"rtnews","@id":"https:\/\/now-news.de\/de\/#\/schema\/person\/fb534a4e865501d8b3285208df34a9b5"},"headline":"Stiftung Wissenschaft und Politik: Wenn Blinde von Farben reden","datePublished":"2025-02-11T05:00:00+00:00","dateModified":"2025-02-11T05:00:00+00:00","mainEntityOfPage":{"@id":"https:\/\/now-news.de\/de\/deutschland\/stiftung-wissenschaft-und-politik-wenn-blinde-von-farben-reden\/"},"wordCount":1319,"commentCount":0,"publisher":{"@id":"https:\/\/now-news.de\/de\/#organization"},"image":{"@id":"https:\/\/now-news.de\/de\/deutschland\/stiftung-wissenschaft-und-politik-wenn-blinde-von-farben-reden\/#primaryimage"},"thumbnailUrl":"https:\/\/now-news.de\/de\/wp-content\/uploads\/sites\/3\/2025\/02\/Stiftung-Wissenschaft-und-Politik-Wenn-Blinde-von-Farben-reden.jpg","keywords":["Blinde","Farben","Politik","Reden","Stiftung","und","von","wenn","Wissenschaft"],"articleSection":["Deutschland","Russland"],"inLanguage":"de","potentialAction":[{"@type":"CommentAction","name":"Comment","target":["https:\/\/now-news.de\/de\/deutschland\/stiftung-wissenschaft-und-politik-wenn-blinde-von-farben-reden\/#respond"]}]},{"@type":"WebPage","@id":"https:\/\/now-news.de\/de\/deutschland\/stiftung-wissenschaft-und-politik-wenn-blinde-von-farben-reden\/","url":"https:\/\/now-news.de\/de\/deutschland\/stiftung-wissenschaft-und-politik-wenn-blinde-von-farben-reden\/","name":"Stiftung Wissenschaft und Politik: Wenn Blinde von Farben reden - just-now.NEWS Deutschland","isPartOf":{"@id":"https:\/\/now-news.de\/de\/#website"},"primaryImageOfPage":{"@id":"https:\/\/now-news.de\/de\/deutschland\/stiftung-wissenschaft-und-politik-wenn-blinde-von-farben-reden\/#primaryimage"},"image":{"@id":"https:\/\/now-news.de\/de\/deutschland\/stiftung-wissenschaft-und-politik-wenn-blinde-von-farben-reden\/#primaryimage"},"thumbnailUrl":"https:\/\/now-news.de\/de\/wp-content\/uploads\/sites\/3\/2025\/02\/Stiftung-Wissenschaft-und-Politik-Wenn-Blinde-von-Farben-reden.jpg","datePublished":"2025-02-11T05:00:00+00:00","dateModified":"2025-02-11T05:00:00+00:00","breadcrumb":{"@id":"https:\/\/now-news.de\/de\/deutschland\/stiftung-wissenschaft-und-politik-wenn-blinde-von-farben-reden\/#breadcrumb"},"inLanguage":"de","potentialAction":[{"@type":"ReadAction","target":["https:\/\/now-news.de\/de\/deutschland\/stiftung-wissenschaft-und-politik-wenn-blinde-von-farben-reden\/"]}]},{"@type":"ImageObject","inLanguage":"de","@id":"https:\/\/now-news.de\/de\/deutschland\/stiftung-wissenschaft-und-politik-wenn-blinde-von-farben-reden\/#primaryimage","url":"https:\/\/now-news.de\/de\/wp-content\/uploads\/sites\/3\/2025\/02\/Stiftung-Wissenschaft-und-Politik-Wenn-Blinde-von-Farben-reden.jpg","contentUrl":"https:\/\/now-news.de\/de\/wp-content\/uploads\/sites\/3\/2025\/02\/Stiftung-Wissenschaft-und-Politik-Wenn-Blinde-von-Farben-reden.jpg","width":460,"height":259,"caption":"Stiftung Wissenschaft und Politik: Wenn Blinde von Farben reden"},{"@type":"BreadcrumbList","@id":"https:\/\/now-news.de\/de\/deutschland\/stiftung-wissenschaft-und-politik-wenn-blinde-von-farben-reden\/#breadcrumb","itemListElement":[{"@type":"ListItem","position":1,"name":"Home","item":"https:\/\/now-news.de\/de\/"},{"@type":"ListItem","position":2,"name":"Stiftung Wissenschaft und Politik: Wenn Blinde von Farben reden"}]},{"@type":"WebSite","@id":"https:\/\/now-news.de\/de\/#website","url":"https:\/\/now-news.de\/de\/","name":"just-now.NEWS Deutschland","description":"Das Portal f\u00fcr unzensierte Nachrichten aus der Welt","publisher":{"@id":"https:\/\/now-news.de\/de\/#organization"},"potentialAction":[{"@type":"SearchAction","target":{"@type":"EntryPoint","urlTemplate":"https:\/\/now-news.de\/de\/?s={search_term_string}"},"query-input":"required name=search_term_string"}],"inLanguage":"de"},{"@type":"Organization","@id":"https:\/\/now-news.de\/de\/#organization","name":"Just Now News","url":"https:\/\/now-news.de\/de\/","logo":{"@type":"ImageObject","inLanguage":"de","@id":"https:\/\/now-news.de\/de\/#\/schema\/logo\/image\/","url":"http:\/\/just-now.news\/de\/wp-content\/uploads\/sites\/3\/2022\/04\/logo500x500.jpg","contentUrl":"http:\/\/just-now.news\/de\/wp-content\/uploads\/sites\/3\/2022\/04\/logo500x500.jpg","width":500,"height":500,"caption":"Just Now News"},"image":{"@id":"https:\/\/now-news.de\/de\/#\/schema\/logo\/image\/"},"sameAs":["https:\/\/www.facebook.com\/wirmachenauf","https:\/\/x.com\/WirMachenAuf_de"]},{"@type":"Person","@id":"https:\/\/now-news.de\/de\/#\/schema\/person\/fb534a4e865501d8b3285208df34a9b5","name":"rtnews","image":{"@type":"ImageObject","inLanguage":"de","@id":"https:\/\/now-news.de\/de\/#\/schema\/person\/image\/","url":"https:\/\/secure.gravatar.com\/avatar\/82aafea7d8127119dd649515f56e2117?s=96&d=mm&r=g","contentUrl":"https:\/\/secure.gravatar.com\/avatar\/82aafea7d8127119dd649515f56e2117?s=96&d=mm&r=g","caption":"rtnews"},"url":"https:\/\/now-news.de\/de\/author\/rnews\/"}]}},"_links":{"self":[{"href":"https:\/\/now-news.de\/de\/wp-json\/wp\/v2\/posts\/78217"}],"collection":[{"href":"https:\/\/now-news.de\/de\/wp-json\/wp\/v2\/posts"}],"about":[{"href":"https:\/\/now-news.de\/de\/wp-json\/wp\/v2\/types\/post"}],"author":[{"embeddable":true,"href":"https:\/\/now-news.de\/de\/wp-json\/wp\/v2\/users\/3"}],"replies":[{"embeddable":true,"href":"https:\/\/now-news.de\/de\/wp-json\/wp\/v2\/comments?post=78217"}],"version-history":[{"count":0,"href":"https:\/\/now-news.de\/de\/wp-json\/wp\/v2\/posts\/78217\/revisions"}],"wp:featuredmedia":[{"embeddable":true,"href":"https:\/\/now-news.de\/de\/wp-json\/wp\/v2\/media\/78218"}],"wp:attachment":[{"href":"https:\/\/now-news.de\/de\/wp-json\/wp\/v2\/media?parent=78217"}],"wp:term":[{"taxonomy":"category","embeddable":true,"href":"https:\/\/now-news.de\/de\/wp-json\/wp\/v2\/categories?post=78217"},{"taxonomy":"post_tag","embeddable":true,"href":"https:\/\/now-news.de\/de\/wp-json\/wp\/v2\/tags?post=78217"}],"curies":[{"name":"wp","href":"https:\/\/api.w.org\/{rel}","templated":true}]}}