{"id":78197,"date":"2025-02-10T20:44:27","date_gmt":"2025-02-10T18:44:27","guid":{"rendered":"https:\/\/now-news.de\/de\/deutschland\/angst-vor-deindustrialisierung-comeback-fuer-nord-stream-2\/"},"modified":"2025-02-10T20:44:27","modified_gmt":"2025-02-10T18:44:27","slug":"angst-vor-deindustrialisierung-comeback-fuer-nord-stream-2","status":"publish","type":"post","link":"https:\/\/now-news.de\/de\/deutschland\/angst-vor-deindustrialisierung-comeback-fuer-nord-stream-2\/","title":{"rendered":"Angst vor Deindustrialisierung: Comeback f\u00fcr Nord Stream 2?"},"content":{"rendered":"<p><img decoding=\"async\" src=\"https:\/\/now-news.de\/de\/wp-content\/uploads\/sites\/3\/2025\/02\/67aa3d24b480cc0da109990e.jpg\" \/><\/p>\n<div class=\"Text-root Text-type_1 \">\n                Die Energiepreise sind hoch, der Mittelstand schrumpft, die Arbeitslosenzahlen steigen: Immer mehr deutsche Unternehmen fordern eine R\u00fcckkehr zu russischem Gas, um den wirtschaftlichen Abstieg Deutschlands und Europas zu verhindern. Auch in der Politik mehren sich die Stimmen.\n            <\/div>\n<p><\/p>\n<div class=\"Text-root Text-type_5 ArticleView-text ViewText-root \">\n<p><em>Von Susan Bonath<\/em><\/p>\n<p>Langsam d\u00e4mmert es Unternehmen und Justiz, dass es wohl doch keine gute Idee war, die deutsche Wirtschaft von g\u00fcnstigem russischem Gas abzuschneiden. Es w\u00e4chst der Widerstand gegen das US-gef\u00f6rderte Deindustrialisierungsprogramm f\u00fcr Deutschland und Europa.<\/p>\n<p>Der Gesch\u00e4ftsf\u00fchrer des Leuna-Chemieparks dringt auf eine Inbetriebnahme von Nord Stream 2, um die hohen Energiepreise zu senken und den Jobabbau zu bremsen. R\u00fcckenwind erh\u00e4lt er von seinem Branchenverband. Auch in der Politik beginnt offenbar ein verhaltenes Umdenken. Ein Schweizer Gericht schob k\u00fcrzlich den Konkurs des Betreiberunternehmens auf und spekulierte unter anderem auf dessen m\u00f6gliche Sanierung. Und ein Forscher warnt vor einer &#8220;Arbeitslosenkrise&#8221; als Folge der Deindustrialisierung.<\/p>\n<p><strong>Leuna-Chef fordert Strategiewechsel<\/strong><\/p>\n<p>Am Wochenende hatte der Gesch\u00e4ftsf\u00fchrer des Chemieparks Leuna, Christof G\u00fcnther, in einem <a rel=\"nofollow noopener\" target=\"_blank\" href=\"https:\/\/www.mz.de\/lokal\/merseburg\/chemie-boss-gunther-pipelines-aus-russland-mussen-wieder-gas-liefern-3995902\">Interview<\/a> mit der <em>Mitteldeutschen Zeitung<\/em> gefordert, russische Gasimporte \u00fcber die Nord-Stream-2-Pipeline wieder aufzunehmen. Es sei nach drei Jahren Krieg &#8220;an der Zeit, die Strategie zu \u00fcberdenken&#8221;, sagte er. Die seit der Kappung anhaltend hohen Energiepreise in Deutschland seien &#8220;nicht wettbewerbsf\u00e4hig&#8221;. &#8220;Das Angebot muss ausgebaut werden, damit die Preise sinken.&#8221;<\/p>\n<p>F\u00fcr G\u00fcnther ist die Lage der Chemieindustrie in Deutschland &#8220;ernst&#8221;. Die Besch\u00e4ftigtenzahlen w\u00fcrden seit vergangenem Jahr kontinuierlich sinken, die Produktionsanlagen seien nur noch zu 70 bis 80 Prozent ausgelastet. Von heute auf morgen sei diese &#8220;Fehlentwicklung nicht korrigierbar&#8221; mahnte er, f\u00fcgte aber hinzu: &#8220;Dennoch brauchen wir, um weitere irreparable Sch\u00e4den zu verhindern, jetzt Entlastung.&#8221; Der <a rel=\"nofollow noopener\" target=\"_blank\" href=\"https:\/\/www.infraleuna.de\/\">Chemiepark Leuna<\/a> ist der gr\u00f6\u00dfte Chemiestandort Deutschlands. Im S\u00fcden Sachsen-Anhalts bietet er rund 12.000 Lohnarbeitspl\u00e4tze.<\/p>\n<p><strong>Mehr Arbeitslose und Mittelstandspleiten<\/strong><\/p>\n<p>Dem Verband der Chemischen Industrie (VCI)\u00a0zufolge sieht es die Mehrheit der dort organisierten <a rel=\"nofollow noopener\" target=\"_blank\" href=\"https:\/\/vci.de\/startseite.jsp\">Unternehmen<\/a> \u00e4hnlich. Diese bewerteten &#8220;die aktuelle Situation so negativ wie schon in den vergangenen Jahren&#8221;, schreibt der Verband in seiner Analyse zur Gesch\u00e4ftsentwicklung im Januar. Die Produktion der meisten Unternehmen stagnierte oder sank demnach gegen\u00fcber dem Vormonat. Der VCI warnte: Die Chemieindustrie geh\u00f6re zu den energieintensivsten und leide besonders unter den hohen Preisen. Sie besch\u00e4ftige fast eine halbe Million Menschen, auf deren R\u00fccken die Politik den Wirtschaftskrieg austrage.<\/p>\n<p>Derzeit baue die deutsche Industrie jeden Monat mehr als 10.000 Arbeitspl\u00e4tze ab, res\u00fcmierte unterdessen der Arbeitsmarktforscher Enzo Weber in einem<a rel=\"nofollow noopener\" target=\"_blank\" href=\"https:\/\/www.fr.de\/wirtschaft\/industrie-verliert-pro-monat-mehr-als-10-000-jobs-droht-eine-arbeitslosenkrise-93560067.html\"> Interview<\/a> mit der <em>Frankfurter Rundschau<\/em>.\u00a0Er warnt vor einer drohenden &#8220;Arbeitslosenkrise&#8221;, begleitet von &#8220;Abstiegskampf und Abstiegsangst&#8221;. W\u00e4hrend Gro\u00dfkonzerne bisher nur den Abbau vieler Stellen angek\u00fcndigt h\u00e4tten, sei dies bei kleinen Betrieben bereits in vollem Gange. \u00dcberdies gebe es kaum noch Neugr\u00fcndungen von Unternehmen.<\/p>\n<p><strong>R\u00fcckkehr zu russischem Gas?<\/strong><\/p>\n<p>Bevor die Bundesregierung die Sanktionen gegen Russland Anfang 2022 zu versch\u00e4rfen begann, bezog Deutschland \u00fcber die H\u00e4lfte der Gasimporte direkt \u00fcber Pipelines aus Russland. Zun\u00e4chst drosselte die russische Regierung die Lieferungen als Reaktion darauf. Im September 2022 besch\u00e4digte der Terroranschlag mehrere R\u00f6hren der Ostseepipelines. Mit der Aufkl\u00e4rung desselben hat es der Westen \u2013 wohl aus gutem Grund \u2013 nicht besonders eilig.<\/p>\n<p>Ein Strang von Nord Stream 2 ist allerdings noch intakt, in Politik und Wirtschaft wird inzwischen wieder<a rel=\"nofollow noopener\" target=\"_blank\" href=\"https:\/\/www.berliner-zeitung.de\/politik-gesellschaft\/geopolitik\/neues-russlandgeschaeft-gas-durch-nord-stream-deutsche-unternehmen-sind-skeptisch-li.2293814\"> diskutiert<\/a>, diesen zu nutzen.\u00a0Ebenso k\u00f6nnte die seit knapp drei Jahren nicht mehr betriebene Jamal-Pipeline \u00fcber Belarus und Polen wieder Gas aus Sibirien nach Deutschland liefern.<\/p>\n<p>Diese Signale sind offenbar in der Justiz angekommen. In der Schweiz hat k\u00fcrzlich ein Gericht den drohenden Konkurs der Nord Stream 2 AG zum wiederholten Male verhindert und einen <a rel=\"nofollow noopener\" target=\"_blank\" href=\"https:\/\/www.focus.de\/finanzen\/news\/wird-nord-stream-repariert-habeck-dementiert-doch-es-laufen-bereits-planspiele_37f94380-c6f4-43b3-92db-7cb0484abc89.html%20\">Aufschub<\/a> gew\u00e4hrt. Das Gericht mahnte auch die M\u00f6glichkeit an, das Unternehmen zu sanieren. Au\u00dferdem gibt es bereits Planspiele, die zerst\u00f6rten Teile der Pipelines zu reparieren.<\/p>\n<p><strong>Anhaltende Teuerung<\/strong><\/p>\n<p>Die Zweifel kommen nicht von ungef\u00e4hr: Seit der Kappung russischer Gasimporte, insbesondere seit dem Terroranschlag auf Nord Stream, versucht die Bundesregierung, diesen Mangel durch Zukauf von weit umweltsch\u00e4dlicherem Fl\u00fcssigerdgas (LNG) vor allem aus den USA zu kompensieren. Dessen Anteil betr\u00e4gt inzwischen etwa ein Zehntel der Energieimporte. Weiterhin \u00fcber Pipelines geliefertes Gas kommt aus Norwegen, Belgien und den Niederlanden \u2013 wobei ein Gro\u00dfteil dieser Importe ironischerweise zuvor in verfl\u00fcssigter Form aus Russland angelandet wurde. Das ist teuer und lie\u00df die Preise explodieren.<\/p>\n<p>Deutsche Firmen zahlen f\u00fcr ihren Gasverbrauch laut Sch\u00e4tzungen etwa dreimal so viel wie US-amerikanische. Nach einer nur leichten Erholung der Gaspreise wird nun wieder &#8220;der h\u00f6chste Stand seit 2023&#8221; <a rel=\"nofollow noopener\" target=\"_blank\" href=\"https:\/\/www.merkur.de\/wirtschaft\/naechste-woche-deutschland-news-gaspreis-energie-preise-europa-eu-erdgas-lng-fluessig-gas-wetter-zr-93559913.html%20\">verzeichnet<\/a>. Das bekommen auch private Haushalte zu sp\u00fcren. Einer Analyse des Vergleichsportals Verifox zufolge m\u00fcssen Neukunden heute 43 Prozent mehr f\u00fcr <a rel=\"nofollow noopener\" target=\"_blank\" href=\"https:\/\/www.verivox.de\/presse\/gaspreise-fuer-neukunden-in-12-monaten-um-43-prozent-gestiegen-1121061\/\">Liefervertr\u00e4ge<\/a> zahlen als vor einem Jahr.\u00a0<\/p>\n<p><strong>Mediales Propagandageschrei<\/strong><\/p>\n<p>Doch je lauter die Hilferufe aus der deutschen Wirtschaft werden, desto energischer trommeln mediale Meinungsmacher dagegen. &#8220;Finger weg von russischem Gas&#8221;, titelte beispielsweise letzten Freitag eine Wirtschaftsredakteurin der <a rel=\"nofollow noopener\" target=\"_blank\" href=\"https:\/\/rp-online.de\/politik\/analyse-und-meinung\/kommentar-nord-stream-finger-weg-von-russischem-gas_aid-123910297\"><em>Rheinischen<\/em>\u00a0<em>Post<\/em><\/a> hochemotional in einem Kommentar.<\/p>\n<p>Was die Stimmungsmacher verschweigen: Das Monopolkapital jucken die Bauchgef\u00fchle und Feindbild-Projektionen von Redakteuren nicht. Das Interesse der westlichen Imperialisten beschr\u00e4nkt sich auf Profit und entsprechende politische Einflussnahme. Sie sehen sich bedroht durch erstarkende Industriem\u00e4chte im Osten und wollen ihren Abstieg verhindern. Im Silicon Valley wei\u00df man das.<\/p>\n<p>Ganz im Sinne von Trumps &#8220;Make America Great Again&#8221; feiern die Tech-Milliard\u00e4re m\u00f6glicherweise schon den erfolgversprechenden Wirtschaftskrieg gegen ihre europ\u00e4ischen NATO-Enklaven \u2013 und sto\u00dfen auf willige Politiker und Journalisten an, die sich f\u00fcr ihre Interessen ins Zeug legen. Eine Inbetriebnahme von Nord Stream 2 d\u00fcrfte sie m\u00e4chtig entz\u00fcrnen.<\/p>\n<p><strong>Mehr zum Thema<\/strong> &#8211; <a rel=\"nofollow noopener\" target=\"_blank\" href=\"https:\/\/freedert.online\/meinung\/235915-wenn-eu-wieder-russisches-gas\/\">Wenn die EU wieder russisches Gas will, k\u00f6nnte sie sich t\u00e4uschen <\/a><\/p>\n<div class=\"EmbedBlock-root EmbedBlock-externalVideo EmbedBlock-rumble\">\n<div class=\"VkEmbed\"><iframe class=\"lazyload\" data-src=\"https:\/\/rumble.com\/embed\/v6fqjlj\" frameborder=\"0\" width=\"853\" height=\"480\" allowfullscreen><\/iframe><\/div>\n<\/div>\n<\/div>\n<p><br \/>\n<br \/><a href=\"https:\/\/de.rt.com\/meinung\/236330-angst-vor-deindustrialisierung-comeback-fuer\/\">Source link <\/a><\/p>\n","protected":false},"excerpt":{"rendered":"<p>Die Energiepreise sind hoch, der Mittelstand schrumpft, die Arbeitslosenzahlen steigen: Immer mehr deutsche Unternehmen fordern eine R\u00fcckkehr zu russischem Gas, um den wirtschaftlichen Abstieg Deutschlands und Europas zu verhindern. Auch in der Politik mehren sich die Stimmen. Von Susan Bonath Langsam d\u00e4mmert es Unternehmen und Justiz, dass es wohl doch keine gute Idee war, die [&hellip;]<\/p>\n","protected":false},"author":3,"featured_media":78198,"comment_status":"open","ping_status":"open","sticky":false,"template":"","format":"standard","meta":{"_yoast_indexnow_last_ping":["1739213228"],"wp_automatic_camp":["217"],"3b7fe9b842e52a52fb076508bdd8f4c3":["Angst vor Deindustrialisierung: Comeback f\u00fcr Nord Stream 2?"],"original_link":["https:\/\/de.rt.com\/meinung\/236330-angst-vor-deindustrialisierung-comeback-fuer\/"],"_thumbnail_id":["78198"],"jnews_social_counter_last_update":["1777431800"],"_wptgpro_p2tg_sent2tg":["a:1:{i:23737;s:19:\"2025-02-10 20:48:39\";}"]},"categories":[19,23],"tags":[6178,34999,31345,221,11408,8951,320],"yoast_head":"<!-- This site is optimized with the Yoast SEO Premium plugin v22.7 (Yoast SEO v22.7) - https:\/\/yoast.com\/wordpress\/plugins\/seo\/ -->\n<title>Angst vor Deindustrialisierung: Comeback f\u00fcr Nord Stream 2? - just-now.NEWS Deutschland<\/title>\n<meta name=\"robots\" content=\"index, follow, max-snippet:-1, max-image-preview:large, max-video-preview:-1\" \/>\n<link rel=\"canonical\" href=\"https:\/\/now-news.de\/de\/deutschland\/angst-vor-deindustrialisierung-comeback-fuer-nord-stream-2\/\" \/>\n<meta property=\"og:locale\" content=\"de_DE\" \/>\n<meta property=\"og:type\" content=\"article\" \/>\n<meta property=\"og:title\" content=\"Angst vor Deindustrialisierung: Comeback f\u00fcr Nord Stream 2?\" \/>\n<meta property=\"og:description\" content=\"Die Energiepreise sind hoch, der Mittelstand schrumpft, die Arbeitslosenzahlen steigen: Immer mehr deutsche Unternehmen fordern eine R\u00fcckkehr zu russischem Gas, um den wirtschaftlichen Abstieg Deutschlands und Europas zu verhindern. Auch in der Politik mehren sich die Stimmen. Von Susan Bonath Langsam d\u00e4mmert es Unternehmen und Justiz, dass es wohl doch keine gute Idee war, die [&hellip;]\" \/>\n<meta property=\"og:url\" content=\"https:\/\/now-news.de\/de\/deutschland\/angst-vor-deindustrialisierung-comeback-fuer-nord-stream-2\/\" \/>\n<meta property=\"og:site_name\" content=\"just-now.NEWS Deutschland\" \/>\n<meta property=\"article:publisher\" content=\"https:\/\/www.facebook.com\/wirmachenauf\" \/>\n<meta property=\"article:published_time\" content=\"2025-02-10T18:44:27+00:00\" \/>\n<meta property=\"og:image\" content=\"https:\/\/now-news.de\/de\/wp-content\/uploads\/sites\/3\/2025\/02\/67aa3d24b480cc0da109990e.jpg\" \/>\n<meta name=\"author\" content=\"rtnews\" \/>\n<meta name=\"twitter:card\" content=\"summary_large_image\" \/>\n<meta name=\"twitter:creator\" content=\"@WirMachenAuf_de\" \/>\n<meta name=\"twitter:site\" content=\"@WirMachenAuf_de\" \/>\n<meta name=\"twitter:label1\" content=\"Verfasst von\" \/>\n\t<meta name=\"twitter:data1\" content=\"rtnews\" \/>\n\t<meta name=\"twitter:label2\" content=\"Gesch\u00e4tzte Lesezeit\" \/>\n\t<meta name=\"twitter:data2\" content=\"5\u00a0Minuten\" \/>\n<script type=\"application\/ld+json\" class=\"yoast-schema-graph\">{\"@context\":\"https:\/\/schema.org\",\"@graph\":[{\"@type\":\"Article\",\"@id\":\"https:\/\/now-news.de\/de\/deutschland\/angst-vor-deindustrialisierung-comeback-fuer-nord-stream-2\/#article\",\"isPartOf\":{\"@id\":\"https:\/\/now-news.de\/de\/deutschland\/angst-vor-deindustrialisierung-comeback-fuer-nord-stream-2\/\"},\"author\":{\"name\":\"rtnews\",\"@id\":\"https:\/\/now-news.de\/de\/#\/schema\/person\/fb534a4e865501d8b3285208df34a9b5\"},\"headline\":\"Angst vor Deindustrialisierung: Comeback f\u00fcr Nord Stream 2?\",\"datePublished\":\"2025-02-10T18:44:27+00:00\",\"dateModified\":\"2025-02-10T18:44:27+00:00\",\"mainEntityOfPage\":{\"@id\":\"https:\/\/now-news.de\/de\/deutschland\/angst-vor-deindustrialisierung-comeback-fuer-nord-stream-2\/\"},\"wordCount\":943,\"commentCount\":0,\"publisher\":{\"@id\":\"https:\/\/now-news.de\/de\/#organization\"},\"image\":{\"@id\":\"https:\/\/now-news.de\/de\/deutschland\/angst-vor-deindustrialisierung-comeback-fuer-nord-stream-2\/#primaryimage\"},\"thumbnailUrl\":\"https:\/\/now-news.de\/de\/wp-content\/uploads\/sites\/3\/2025\/02\/Angst-vor-Deindustrialisierung-Comeback-fuer-Nord-Stream-2.jpg\",\"keywords\":[\"Angst\",\"Comeback\",\"Deindustrialisierung\",\"f\u00fcr\",\"Nord\",\"stream\",\"vor\"],\"articleSection\":[\"Deutschland\",\"Russland\"],\"inLanguage\":\"de\",\"potentialAction\":[{\"@type\":\"CommentAction\",\"name\":\"Comment\",\"target\":[\"https:\/\/now-news.de\/de\/deutschland\/angst-vor-deindustrialisierung-comeback-fuer-nord-stream-2\/#respond\"]}]},{\"@type\":\"WebPage\",\"@id\":\"https:\/\/now-news.de\/de\/deutschland\/angst-vor-deindustrialisierung-comeback-fuer-nord-stream-2\/\",\"url\":\"https:\/\/now-news.de\/de\/deutschland\/angst-vor-deindustrialisierung-comeback-fuer-nord-stream-2\/\",\"name\":\"Angst vor Deindustrialisierung: Comeback f\u00fcr Nord Stream 2? - just-now.NEWS Deutschland\",\"isPartOf\":{\"@id\":\"https:\/\/now-news.de\/de\/#website\"},\"primaryImageOfPage\":{\"@id\":\"https:\/\/now-news.de\/de\/deutschland\/angst-vor-deindustrialisierung-comeback-fuer-nord-stream-2\/#primaryimage\"},\"image\":{\"@id\":\"https:\/\/now-news.de\/de\/deutschland\/angst-vor-deindustrialisierung-comeback-fuer-nord-stream-2\/#primaryimage\"},\"thumbnailUrl\":\"https:\/\/now-news.de\/de\/wp-content\/uploads\/sites\/3\/2025\/02\/Angst-vor-Deindustrialisierung-Comeback-fuer-Nord-Stream-2.jpg\",\"datePublished\":\"2025-02-10T18:44:27+00:00\",\"dateModified\":\"2025-02-10T18:44:27+00:00\",\"breadcrumb\":{\"@id\":\"https:\/\/now-news.de\/de\/deutschland\/angst-vor-deindustrialisierung-comeback-fuer-nord-stream-2\/#breadcrumb\"},\"inLanguage\":\"de\",\"potentialAction\":[{\"@type\":\"ReadAction\",\"target\":[\"https:\/\/now-news.de\/de\/deutschland\/angst-vor-deindustrialisierung-comeback-fuer-nord-stream-2\/\"]}]},{\"@type\":\"ImageObject\",\"inLanguage\":\"de\",\"@id\":\"https:\/\/now-news.de\/de\/deutschland\/angst-vor-deindustrialisierung-comeback-fuer-nord-stream-2\/#primaryimage\",\"url\":\"https:\/\/now-news.de\/de\/wp-content\/uploads\/sites\/3\/2025\/02\/Angst-vor-Deindustrialisierung-Comeback-fuer-Nord-Stream-2.jpg\",\"contentUrl\":\"https:\/\/now-news.de\/de\/wp-content\/uploads\/sites\/3\/2025\/02\/Angst-vor-Deindustrialisierung-Comeback-fuer-Nord-Stream-2.jpg\",\"width\":460,\"height\":259,\"caption\":\"Angst vor Deindustrialisierung: Comeback f\u00fcr Nord Stream 2?\"},{\"@type\":\"BreadcrumbList\",\"@id\":\"https:\/\/now-news.de\/de\/deutschland\/angst-vor-deindustrialisierung-comeback-fuer-nord-stream-2\/#breadcrumb\",\"itemListElement\":[{\"@type\":\"ListItem\",\"position\":1,\"name\":\"Home\",\"item\":\"https:\/\/now-news.de\/de\/\"},{\"@type\":\"ListItem\",\"position\":2,\"name\":\"Angst vor Deindustrialisierung: Comeback f\u00fcr Nord Stream 2?\"}]},{\"@type\":\"WebSite\",\"@id\":\"https:\/\/now-news.de\/de\/#website\",\"url\":\"https:\/\/now-news.de\/de\/\",\"name\":\"just-now.NEWS Deutschland\",\"description\":\"Das Portal f\u00fcr unzensierte Nachrichten aus der Welt\",\"publisher\":{\"@id\":\"https:\/\/now-news.de\/de\/#organization\"},\"potentialAction\":[{\"@type\":\"SearchAction\",\"target\":{\"@type\":\"EntryPoint\",\"urlTemplate\":\"https:\/\/now-news.de\/de\/?s={search_term_string}\"},\"query-input\":\"required name=search_term_string\"}],\"inLanguage\":\"de\"},{\"@type\":\"Organization\",\"@id\":\"https:\/\/now-news.de\/de\/#organization\",\"name\":\"Just Now News\",\"url\":\"https:\/\/now-news.de\/de\/\",\"logo\":{\"@type\":\"ImageObject\",\"inLanguage\":\"de\",\"@id\":\"https:\/\/now-news.de\/de\/#\/schema\/logo\/image\/\",\"url\":\"http:\/\/just-now.news\/de\/wp-content\/uploads\/sites\/3\/2022\/04\/logo500x500.jpg\",\"contentUrl\":\"http:\/\/just-now.news\/de\/wp-content\/uploads\/sites\/3\/2022\/04\/logo500x500.jpg\",\"width\":500,\"height\":500,\"caption\":\"Just Now News\"},\"image\":{\"@id\":\"https:\/\/now-news.de\/de\/#\/schema\/logo\/image\/\"},\"sameAs\":[\"https:\/\/www.facebook.com\/wirmachenauf\",\"https:\/\/x.com\/WirMachenAuf_de\"]},{\"@type\":\"Person\",\"@id\":\"https:\/\/now-news.de\/de\/#\/schema\/person\/fb534a4e865501d8b3285208df34a9b5\",\"name\":\"rtnews\",\"image\":{\"@type\":\"ImageObject\",\"inLanguage\":\"de\",\"@id\":\"https:\/\/now-news.de\/de\/#\/schema\/person\/image\/\",\"url\":\"https:\/\/secure.gravatar.com\/avatar\/82aafea7d8127119dd649515f56e2117?s=96&d=mm&r=g\",\"contentUrl\":\"https:\/\/secure.gravatar.com\/avatar\/82aafea7d8127119dd649515f56e2117?s=96&d=mm&r=g\",\"caption\":\"rtnews\"},\"url\":\"https:\/\/now-news.de\/de\/author\/rnews\/\"}]}<\/script>\n<!-- \/ Yoast SEO Premium plugin. -->","yoast_head_json":{"title":"Angst vor Deindustrialisierung: Comeback f\u00fcr Nord Stream 2? - just-now.NEWS Deutschland","robots":{"index":"index","follow":"follow","max-snippet":"max-snippet:-1","max-image-preview":"max-image-preview:large","max-video-preview":"max-video-preview:-1"},"canonical":"https:\/\/now-news.de\/de\/deutschland\/angst-vor-deindustrialisierung-comeback-fuer-nord-stream-2\/","og_locale":"de_DE","og_type":"article","og_title":"Angst vor Deindustrialisierung: Comeback f\u00fcr Nord Stream 2?","og_description":"Die Energiepreise sind hoch, der Mittelstand schrumpft, die Arbeitslosenzahlen steigen: Immer mehr deutsche Unternehmen fordern eine R\u00fcckkehr zu russischem Gas, um den wirtschaftlichen Abstieg Deutschlands und Europas zu verhindern. Auch in der Politik mehren sich die Stimmen. Von Susan Bonath Langsam d\u00e4mmert es Unternehmen und Justiz, dass es wohl doch keine gute Idee war, die [&hellip;]","og_url":"https:\/\/now-news.de\/de\/deutschland\/angst-vor-deindustrialisierung-comeback-fuer-nord-stream-2\/","og_site_name":"just-now.NEWS Deutschland","article_publisher":"https:\/\/www.facebook.com\/wirmachenauf","article_published_time":"2025-02-10T18:44:27+00:00","og_image":[{"url":"https:\/\/now-news.de\/de\/wp-content\/uploads\/sites\/3\/2025\/02\/67aa3d24b480cc0da109990e.jpg"}],"author":"rtnews","twitter_card":"summary_large_image","twitter_creator":"@WirMachenAuf_de","twitter_site":"@WirMachenAuf_de","twitter_misc":{"Verfasst von":"rtnews","Gesch\u00e4tzte Lesezeit":"5\u00a0Minuten"},"schema":{"@context":"https:\/\/schema.org","@graph":[{"@type":"Article","@id":"https:\/\/now-news.de\/de\/deutschland\/angst-vor-deindustrialisierung-comeback-fuer-nord-stream-2\/#article","isPartOf":{"@id":"https:\/\/now-news.de\/de\/deutschland\/angst-vor-deindustrialisierung-comeback-fuer-nord-stream-2\/"},"author":{"name":"rtnews","@id":"https:\/\/now-news.de\/de\/#\/schema\/person\/fb534a4e865501d8b3285208df34a9b5"},"headline":"Angst vor Deindustrialisierung: Comeback f\u00fcr Nord Stream 2?","datePublished":"2025-02-10T18:44:27+00:00","dateModified":"2025-02-10T18:44:27+00:00","mainEntityOfPage":{"@id":"https:\/\/now-news.de\/de\/deutschland\/angst-vor-deindustrialisierung-comeback-fuer-nord-stream-2\/"},"wordCount":943,"commentCount":0,"publisher":{"@id":"https:\/\/now-news.de\/de\/#organization"},"image":{"@id":"https:\/\/now-news.de\/de\/deutschland\/angst-vor-deindustrialisierung-comeback-fuer-nord-stream-2\/#primaryimage"},"thumbnailUrl":"https:\/\/now-news.de\/de\/wp-content\/uploads\/sites\/3\/2025\/02\/Angst-vor-Deindustrialisierung-Comeback-fuer-Nord-Stream-2.jpg","keywords":["Angst","Comeback","Deindustrialisierung","f\u00fcr","Nord","stream","vor"],"articleSection":["Deutschland","Russland"],"inLanguage":"de","potentialAction":[{"@type":"CommentAction","name":"Comment","target":["https:\/\/now-news.de\/de\/deutschland\/angst-vor-deindustrialisierung-comeback-fuer-nord-stream-2\/#respond"]}]},{"@type":"WebPage","@id":"https:\/\/now-news.de\/de\/deutschland\/angst-vor-deindustrialisierung-comeback-fuer-nord-stream-2\/","url":"https:\/\/now-news.de\/de\/deutschland\/angst-vor-deindustrialisierung-comeback-fuer-nord-stream-2\/","name":"Angst vor Deindustrialisierung: Comeback f\u00fcr Nord Stream 2? - just-now.NEWS Deutschland","isPartOf":{"@id":"https:\/\/now-news.de\/de\/#website"},"primaryImageOfPage":{"@id":"https:\/\/now-news.de\/de\/deutschland\/angst-vor-deindustrialisierung-comeback-fuer-nord-stream-2\/#primaryimage"},"image":{"@id":"https:\/\/now-news.de\/de\/deutschland\/angst-vor-deindustrialisierung-comeback-fuer-nord-stream-2\/#primaryimage"},"thumbnailUrl":"https:\/\/now-news.de\/de\/wp-content\/uploads\/sites\/3\/2025\/02\/Angst-vor-Deindustrialisierung-Comeback-fuer-Nord-Stream-2.jpg","datePublished":"2025-02-10T18:44:27+00:00","dateModified":"2025-02-10T18:44:27+00:00","breadcrumb":{"@id":"https:\/\/now-news.de\/de\/deutschland\/angst-vor-deindustrialisierung-comeback-fuer-nord-stream-2\/#breadcrumb"},"inLanguage":"de","potentialAction":[{"@type":"ReadAction","target":["https:\/\/now-news.de\/de\/deutschland\/angst-vor-deindustrialisierung-comeback-fuer-nord-stream-2\/"]}]},{"@type":"ImageObject","inLanguage":"de","@id":"https:\/\/now-news.de\/de\/deutschland\/angst-vor-deindustrialisierung-comeback-fuer-nord-stream-2\/#primaryimage","url":"https:\/\/now-news.de\/de\/wp-content\/uploads\/sites\/3\/2025\/02\/Angst-vor-Deindustrialisierung-Comeback-fuer-Nord-Stream-2.jpg","contentUrl":"https:\/\/now-news.de\/de\/wp-content\/uploads\/sites\/3\/2025\/02\/Angst-vor-Deindustrialisierung-Comeback-fuer-Nord-Stream-2.jpg","width":460,"height":259,"caption":"Angst vor Deindustrialisierung: Comeback f\u00fcr Nord Stream 2?"},{"@type":"BreadcrumbList","@id":"https:\/\/now-news.de\/de\/deutschland\/angst-vor-deindustrialisierung-comeback-fuer-nord-stream-2\/#breadcrumb","itemListElement":[{"@type":"ListItem","position":1,"name":"Home","item":"https:\/\/now-news.de\/de\/"},{"@type":"ListItem","position":2,"name":"Angst vor Deindustrialisierung: Comeback f\u00fcr Nord Stream 2?"}]},{"@type":"WebSite","@id":"https:\/\/now-news.de\/de\/#website","url":"https:\/\/now-news.de\/de\/","name":"just-now.NEWS Deutschland","description":"Das Portal f\u00fcr unzensierte Nachrichten aus der Welt","publisher":{"@id":"https:\/\/now-news.de\/de\/#organization"},"potentialAction":[{"@type":"SearchAction","target":{"@type":"EntryPoint","urlTemplate":"https:\/\/now-news.de\/de\/?s={search_term_string}"},"query-input":"required name=search_term_string"}],"inLanguage":"de"},{"@type":"Organization","@id":"https:\/\/now-news.de\/de\/#organization","name":"Just Now News","url":"https:\/\/now-news.de\/de\/","logo":{"@type":"ImageObject","inLanguage":"de","@id":"https:\/\/now-news.de\/de\/#\/schema\/logo\/image\/","url":"http:\/\/just-now.news\/de\/wp-content\/uploads\/sites\/3\/2022\/04\/logo500x500.jpg","contentUrl":"http:\/\/just-now.news\/de\/wp-content\/uploads\/sites\/3\/2022\/04\/logo500x500.jpg","width":500,"height":500,"caption":"Just Now News"},"image":{"@id":"https:\/\/now-news.de\/de\/#\/schema\/logo\/image\/"},"sameAs":["https:\/\/www.facebook.com\/wirmachenauf","https:\/\/x.com\/WirMachenAuf_de"]},{"@type":"Person","@id":"https:\/\/now-news.de\/de\/#\/schema\/person\/fb534a4e865501d8b3285208df34a9b5","name":"rtnews","image":{"@type":"ImageObject","inLanguage":"de","@id":"https:\/\/now-news.de\/de\/#\/schema\/person\/image\/","url":"https:\/\/secure.gravatar.com\/avatar\/82aafea7d8127119dd649515f56e2117?s=96&d=mm&r=g","contentUrl":"https:\/\/secure.gravatar.com\/avatar\/82aafea7d8127119dd649515f56e2117?s=96&d=mm&r=g","caption":"rtnews"},"url":"https:\/\/now-news.de\/de\/author\/rnews\/"}]}},"_links":{"self":[{"href":"https:\/\/now-news.de\/de\/wp-json\/wp\/v2\/posts\/78197"}],"collection":[{"href":"https:\/\/now-news.de\/de\/wp-json\/wp\/v2\/posts"}],"about":[{"href":"https:\/\/now-news.de\/de\/wp-json\/wp\/v2\/types\/post"}],"author":[{"embeddable":true,"href":"https:\/\/now-news.de\/de\/wp-json\/wp\/v2\/users\/3"}],"replies":[{"embeddable":true,"href":"https:\/\/now-news.de\/de\/wp-json\/wp\/v2\/comments?post=78197"}],"version-history":[{"count":0,"href":"https:\/\/now-news.de\/de\/wp-json\/wp\/v2\/posts\/78197\/revisions"}],"wp:featuredmedia":[{"embeddable":true,"href":"https:\/\/now-news.de\/de\/wp-json\/wp\/v2\/media\/78198"}],"wp:attachment":[{"href":"https:\/\/now-news.de\/de\/wp-json\/wp\/v2\/media?parent=78197"}],"wp:term":[{"taxonomy":"category","embeddable":true,"href":"https:\/\/now-news.de\/de\/wp-json\/wp\/v2\/categories?post=78197"},{"taxonomy":"post_tag","embeddable":true,"href":"https:\/\/now-news.de\/de\/wp-json\/wp\/v2\/tags?post=78197"}],"curies":[{"name":"wp","href":"https:\/\/api.w.org\/{rel}","templated":true}]}}