{"id":78173,"date":"2025-02-10T13:26:54","date_gmt":"2025-02-10T11:26:54","guid":{"rendered":"https:\/\/now-news.de\/de\/deutschland\/xi-jinping-nimmt-an-feierlichkeiten-zum-tag-des-sieges-in-moskau-teil\/"},"modified":"2025-02-10T13:26:54","modified_gmt":"2025-02-10T11:26:54","slug":"xi-jinping-nimmt-an-feierlichkeiten-zum-tag-des-sieges-in-moskau-teil","status":"publish","type":"post","link":"https:\/\/now-news.de\/de\/deutschland\/xi-jinping-nimmt-an-feierlichkeiten-zum-tag-des-sieges-in-moskau-teil\/","title":{"rendered":"Xi Jinping nimmt an Feierlichkeiten zum Tag des Sieges in Moskau teil"},"content":{"rendered":"<p><img decoding=\"async\" src=\"https:\/\/now-news.de\/de\/wp-content\/uploads\/sites\/3\/2025\/02\/67a9aee7b480cc4bd54d420a.jpg\" \/><\/p>\n<div class=\"Text-root Text-type_1 \">\n                Der chinesische Staatschef wird am 9. Mai in Moskau an den Feierlichkeiten zum 80. Jahrestag des Sieges im Zweiten Weltkrieg teilnehmen. Auch andere Staatsoberh\u00e4upter, darunter der slowakische Premierminister Fico und der serbische Pr\u00e4sident Vu\u010di\u0107, haben ihr Interesse bekundet.\n            <\/div>\n<p><\/p>\n<div class=\"Text-root Text-type_5 ArticleView-text ViewText-root \">\n<p>Der Pr\u00e4sident der Volksrepublik China, Xi Jinping, hat eine Einladung zur Teilnahme an den Feierlichkeiten zum 80. Jahrestag des Sieges im Gro\u00dfen Vaterl\u00e4ndischen Krieg angenommen. Das teilte der russische Botschafter in China, Igor Morgulow, mit. Die chinesische Seite habe sich noch nicht offiziell zu dem Besuch ge\u00e4u\u00dfert, die Einladung sei aber dankend angenommen worden, so der Diplomat.\u00a0<\/p>\n<p>&#8220;Xi Jinping hat die Einladung zur Teilnahme an den Feierlichkeiten in Moskau am 9. Mai angenommen und gleichzeitig Pr\u00e4sident Wladimir Putin zu Feierlichkeiten in China eingeladen, die im September stattfinden sollen&#8221;, sagte Morgulow in einem Interview mit dem Sender <em>Rossija 24<\/em>.<\/p>\n<p>Zuletzt war der chinesische Pr\u00e4sident im M\u00e4rz 2023 zu Gespr\u00e4chen mit Putin in Moskau.<\/p>\n<p>Neben Xi haben auch andere Staatschefs ihr Interesse bekundet, an der Siegesparade in Moskau teilzunehmen, darunter der slowakische Premierminister Robert Fico, der serbische Pr\u00e4sident Aleksandar Vu\u010di\u0107, der pal\u00e4stinensische Pr\u00e4sident Mahmud Abbas und der brasilianische Pr\u00e4sident Luiz In\u00e1cio Lula da Silva.\u00a0<\/p>\n<p>Kremlsprecher Dmitri Peskow k\u00fcndigte an, dass Russland eine &#8220;sehr gro\u00dfe Zahl von Staatsoberh\u00e4uptern&#8221;\u00a0empfangen werde.\u00a0Verteidigungsminister Andrei Belousow sagte, dass Milit\u00e4rangeh\u00f6rige aus neunzehn L\u00e4ndern zu den Feierlichkeiten eingeladen worden seien.<\/p>\n<p>Auch der armenische Premierminister Nikol Pas\u0441hinjan habe eine Einladung zu den Feierlichkeiten erhalten, hie\u00df es am Montag. Der russische Botschafter in Armenien, Sergei Kopyrkin, erkl\u00e4rte, dass dieser historische Tag Russland mit den ehemaligen Sowjetrepubliken verbinde und betonte, wie wichtig es sei, das historische Ged\u00e4chtnis zu bewahren. Ob Pas\u0441hinjan die Einladung angenommen hat, ist noch\u00a0unklar.<\/p>\n<p><strong>Mehr zum Thema<\/strong> \u2013 <a rel=\"nofollow noopener\" target=\"_blank\" href=\"https:\/\/freeassange.rtde.live\/meinung\/235341-hier-begann-die-befreiung-deutschlands-russischer-botschafter-nimmt-an-gedenken-teil\/\">Hier begann die Befreiung Deutschlands \u2013 Russischer Botschafter nimmt an Gedenken in Kienitz teil<\/a><\/p>\n<\/div>\n<p><br \/>\n<br \/><a href=\"https:\/\/de.rt.com\/russland\/236271-xi-jinping-nimmt-an-feierlichkeiten\/\">Source link <\/a><\/p>\n","protected":false},"excerpt":{"rendered":"<p>Der chinesische Staatschef wird am 9. Mai in Moskau an den Feierlichkeiten zum 80. Jahrestag des Sieges im Zweiten Weltkrieg teilnehmen. Auch andere Staatsoberh\u00e4upter, darunter der slowakische Premierminister Fico und der serbische Pr\u00e4sident Vu\u010di\u0107, haben ihr Interesse bekundet. Der Pr\u00e4sident der Volksrepublik China, Xi Jinping, hat eine Einladung zur Teilnahme an den Feierlichkeiten zum 80. [&hellip;]<\/p>\n","protected":false},"author":3,"featured_media":78174,"comment_status":"open","ping_status":"open","sticky":false,"template":"","format":"standard","meta":{"_yoast_indexnow_last_ping":["1739187062"],"wp_automatic_camp":["217"],"e1706496fcb3ecf59707767fa34db0f1":["Xi Jinping nimmt an Feierlichkeiten zum Tag des Sieges in Moskau teil"],"original_link":["https:\/\/de.rt.com\/russland\/236271-xi-jinping-nimmt-an-feierlichkeiten\/"],"_thumbnail_id":["78174"],"jnews_social_counter_last_update":["1777191859"],"_wptgpro_p2tg_sent2tg":["a:1:{i:23737;s:19:\"2025-02-10 13:32:03\";}"]},"categories":[19,23],"tags":[583,3377,5975,946,5233,19276,7552,3240,565],"yoast_head":"<!-- This site is optimized with the Yoast SEO Premium plugin v22.7 (Yoast SEO v22.7) - https:\/\/yoast.com\/wordpress\/plugins\/seo\/ -->\n<title>Xi Jinping nimmt an Feierlichkeiten zum Tag des Sieges in Moskau teil - just-now.NEWS Deutschland<\/title>\n<meta name=\"robots\" content=\"index, follow, max-snippet:-1, max-image-preview:large, max-video-preview:-1\" \/>\n<link rel=\"canonical\" href=\"https:\/\/now-news.de\/de\/deutschland\/xi-jinping-nimmt-an-feierlichkeiten-zum-tag-des-sieges-in-moskau-teil\/\" \/>\n<meta property=\"og:locale\" content=\"de_DE\" \/>\n<meta property=\"og:type\" content=\"article\" \/>\n<meta property=\"og:title\" content=\"Xi Jinping nimmt an Feierlichkeiten zum Tag des Sieges in Moskau teil\" \/>\n<meta property=\"og:description\" content=\"Der chinesische Staatschef wird am 9. Mai in Moskau an den Feierlichkeiten zum 80. Jahrestag des Sieges im Zweiten Weltkrieg teilnehmen. Auch andere Staatsoberh\u00e4upter, darunter der slowakische Premierminister Fico und der serbische Pr\u00e4sident Vu\u010di\u0107, haben ihr Interesse bekundet. Der Pr\u00e4sident der Volksrepublik China, Xi Jinping, hat eine Einladung zur Teilnahme an den Feierlichkeiten zum 80. [&hellip;]\" \/>\n<meta property=\"og:url\" content=\"https:\/\/now-news.de\/de\/deutschland\/xi-jinping-nimmt-an-feierlichkeiten-zum-tag-des-sieges-in-moskau-teil\/\" \/>\n<meta property=\"og:site_name\" content=\"just-now.NEWS Deutschland\" \/>\n<meta property=\"article:publisher\" content=\"https:\/\/www.facebook.com\/wirmachenauf\" \/>\n<meta property=\"article:published_time\" content=\"2025-02-10T11:26:54+00:00\" \/>\n<meta property=\"og:image\" content=\"https:\/\/now-news.de\/de\/wp-content\/uploads\/sites\/3\/2025\/02\/67a9aee7b480cc4bd54d420a.jpg\" \/>\n<meta name=\"author\" content=\"rtnews\" \/>\n<meta name=\"twitter:card\" content=\"summary_large_image\" \/>\n<meta name=\"twitter:creator\" content=\"@WirMachenAuf_de\" \/>\n<meta name=\"twitter:site\" content=\"@WirMachenAuf_de\" \/>\n<meta name=\"twitter:label1\" content=\"Verfasst von\" \/>\n\t<meta name=\"twitter:data1\" content=\"rtnews\" \/>\n\t<meta name=\"twitter:label2\" content=\"Gesch\u00e4tzte Lesezeit\" \/>\n\t<meta name=\"twitter:data2\" content=\"2\u00a0Minuten\" \/>\n<script type=\"application\/ld+json\" class=\"yoast-schema-graph\">{\"@context\":\"https:\/\/schema.org\",\"@graph\":[{\"@type\":\"Article\",\"@id\":\"https:\/\/now-news.de\/de\/deutschland\/xi-jinping-nimmt-an-feierlichkeiten-zum-tag-des-sieges-in-moskau-teil\/#article\",\"isPartOf\":{\"@id\":\"https:\/\/now-news.de\/de\/deutschland\/xi-jinping-nimmt-an-feierlichkeiten-zum-tag-des-sieges-in-moskau-teil\/\"},\"author\":{\"name\":\"rtnews\",\"@id\":\"https:\/\/now-news.de\/de\/#\/schema\/person\/fb534a4e865501d8b3285208df34a9b5\"},\"headline\":\"Xi Jinping nimmt an Feierlichkeiten zum Tag des Sieges in Moskau teil\",\"datePublished\":\"2025-02-10T11:26:54+00:00\",\"dateModified\":\"2025-02-10T11:26:54+00:00\",\"mainEntityOfPage\":{\"@id\":\"https:\/\/now-news.de\/de\/deutschland\/xi-jinping-nimmt-an-feierlichkeiten-zum-tag-des-sieges-in-moskau-teil\/\"},\"wordCount\":328,\"commentCount\":0,\"publisher\":{\"@id\":\"https:\/\/now-news.de\/de\/#organization\"},\"image\":{\"@id\":\"https:\/\/now-news.de\/de\/deutschland\/xi-jinping-nimmt-an-feierlichkeiten-zum-tag-des-sieges-in-moskau-teil\/#primaryimage\"},\"thumbnailUrl\":\"https:\/\/now-news.de\/de\/wp-content\/uploads\/sites\/3\/2025\/02\/Xi-Jinping-nimmt-an-Feierlichkeiten-zum-Tag-des-Sieges-in.jpg\",\"keywords\":[\"des\",\"Feierlichkeiten\",\"Jinping\",\"Moskau\",\"nimmt\",\"Sieges\",\"Tag\",\"Teil\",\"zum\"],\"articleSection\":[\"Deutschland\",\"Russland\"],\"inLanguage\":\"de\",\"potentialAction\":[{\"@type\":\"CommentAction\",\"name\":\"Comment\",\"target\":[\"https:\/\/now-news.de\/de\/deutschland\/xi-jinping-nimmt-an-feierlichkeiten-zum-tag-des-sieges-in-moskau-teil\/#respond\"]}]},{\"@type\":\"WebPage\",\"@id\":\"https:\/\/now-news.de\/de\/deutschland\/xi-jinping-nimmt-an-feierlichkeiten-zum-tag-des-sieges-in-moskau-teil\/\",\"url\":\"https:\/\/now-news.de\/de\/deutschland\/xi-jinping-nimmt-an-feierlichkeiten-zum-tag-des-sieges-in-moskau-teil\/\",\"name\":\"Xi Jinping nimmt an Feierlichkeiten zum Tag des Sieges in Moskau teil - just-now.NEWS Deutschland\",\"isPartOf\":{\"@id\":\"https:\/\/now-news.de\/de\/#website\"},\"primaryImageOfPage\":{\"@id\":\"https:\/\/now-news.de\/de\/deutschland\/xi-jinping-nimmt-an-feierlichkeiten-zum-tag-des-sieges-in-moskau-teil\/#primaryimage\"},\"image\":{\"@id\":\"https:\/\/now-news.de\/de\/deutschland\/xi-jinping-nimmt-an-feierlichkeiten-zum-tag-des-sieges-in-moskau-teil\/#primaryimage\"},\"thumbnailUrl\":\"https:\/\/now-news.de\/de\/wp-content\/uploads\/sites\/3\/2025\/02\/Xi-Jinping-nimmt-an-Feierlichkeiten-zum-Tag-des-Sieges-in.jpg\",\"datePublished\":\"2025-02-10T11:26:54+00:00\",\"dateModified\":\"2025-02-10T11:26:54+00:00\",\"breadcrumb\":{\"@id\":\"https:\/\/now-news.de\/de\/deutschland\/xi-jinping-nimmt-an-feierlichkeiten-zum-tag-des-sieges-in-moskau-teil\/#breadcrumb\"},\"inLanguage\":\"de\",\"potentialAction\":[{\"@type\":\"ReadAction\",\"target\":[\"https:\/\/now-news.de\/de\/deutschland\/xi-jinping-nimmt-an-feierlichkeiten-zum-tag-des-sieges-in-moskau-teil\/\"]}]},{\"@type\":\"ImageObject\",\"inLanguage\":\"de\",\"@id\":\"https:\/\/now-news.de\/de\/deutschland\/xi-jinping-nimmt-an-feierlichkeiten-zum-tag-des-sieges-in-moskau-teil\/#primaryimage\",\"url\":\"https:\/\/now-news.de\/de\/wp-content\/uploads\/sites\/3\/2025\/02\/Xi-Jinping-nimmt-an-Feierlichkeiten-zum-Tag-des-Sieges-in.jpg\",\"contentUrl\":\"https:\/\/now-news.de\/de\/wp-content\/uploads\/sites\/3\/2025\/02\/Xi-Jinping-nimmt-an-Feierlichkeiten-zum-Tag-des-Sieges-in.jpg\",\"width\":460,\"height\":259,\"caption\":\"Xi Jinping nimmt an Feierlichkeiten zum Tag des Sieges in Moskau teil\"},{\"@type\":\"BreadcrumbList\",\"@id\":\"https:\/\/now-news.de\/de\/deutschland\/xi-jinping-nimmt-an-feierlichkeiten-zum-tag-des-sieges-in-moskau-teil\/#breadcrumb\",\"itemListElement\":[{\"@type\":\"ListItem\",\"position\":1,\"name\":\"Home\",\"item\":\"https:\/\/now-news.de\/de\/\"},{\"@type\":\"ListItem\",\"position\":2,\"name\":\"Xi Jinping nimmt an Feierlichkeiten zum Tag des Sieges in Moskau teil\"}]},{\"@type\":\"WebSite\",\"@id\":\"https:\/\/now-news.de\/de\/#website\",\"url\":\"https:\/\/now-news.de\/de\/\",\"name\":\"just-now.NEWS Deutschland\",\"description\":\"Das Portal f\u00fcr unzensierte Nachrichten aus der Welt\",\"publisher\":{\"@id\":\"https:\/\/now-news.de\/de\/#organization\"},\"potentialAction\":[{\"@type\":\"SearchAction\",\"target\":{\"@type\":\"EntryPoint\",\"urlTemplate\":\"https:\/\/now-news.de\/de\/?s={search_term_string}\"},\"query-input\":\"required name=search_term_string\"}],\"inLanguage\":\"de\"},{\"@type\":\"Organization\",\"@id\":\"https:\/\/now-news.de\/de\/#organization\",\"name\":\"Just Now News\",\"url\":\"https:\/\/now-news.de\/de\/\",\"logo\":{\"@type\":\"ImageObject\",\"inLanguage\":\"de\",\"@id\":\"https:\/\/now-news.de\/de\/#\/schema\/logo\/image\/\",\"url\":\"http:\/\/just-now.news\/de\/wp-content\/uploads\/sites\/3\/2022\/04\/logo500x500.jpg\",\"contentUrl\":\"http:\/\/just-now.news\/de\/wp-content\/uploads\/sites\/3\/2022\/04\/logo500x500.jpg\",\"width\":500,\"height\":500,\"caption\":\"Just Now News\"},\"image\":{\"@id\":\"https:\/\/now-news.de\/de\/#\/schema\/logo\/image\/\"},\"sameAs\":[\"https:\/\/www.facebook.com\/wirmachenauf\",\"https:\/\/x.com\/WirMachenAuf_de\"]},{\"@type\":\"Person\",\"@id\":\"https:\/\/now-news.de\/de\/#\/schema\/person\/fb534a4e865501d8b3285208df34a9b5\",\"name\":\"rtnews\",\"image\":{\"@type\":\"ImageObject\",\"inLanguage\":\"de\",\"@id\":\"https:\/\/now-news.de\/de\/#\/schema\/person\/image\/\",\"url\":\"https:\/\/secure.gravatar.com\/avatar\/82aafea7d8127119dd649515f56e2117?s=96&d=mm&r=g\",\"contentUrl\":\"https:\/\/secure.gravatar.com\/avatar\/82aafea7d8127119dd649515f56e2117?s=96&d=mm&r=g\",\"caption\":\"rtnews\"},\"url\":\"https:\/\/now-news.de\/de\/author\/rnews\/\"}]}<\/script>\n<!-- \/ Yoast SEO Premium plugin. -->","yoast_head_json":{"title":"Xi Jinping nimmt an Feierlichkeiten zum Tag des Sieges in Moskau teil - just-now.NEWS Deutschland","robots":{"index":"index","follow":"follow","max-snippet":"max-snippet:-1","max-image-preview":"max-image-preview:large","max-video-preview":"max-video-preview:-1"},"canonical":"https:\/\/now-news.de\/de\/deutschland\/xi-jinping-nimmt-an-feierlichkeiten-zum-tag-des-sieges-in-moskau-teil\/","og_locale":"de_DE","og_type":"article","og_title":"Xi Jinping nimmt an Feierlichkeiten zum Tag des Sieges in Moskau teil","og_description":"Der chinesische Staatschef wird am 9. Mai in Moskau an den Feierlichkeiten zum 80. Jahrestag des Sieges im Zweiten Weltkrieg teilnehmen. Auch andere Staatsoberh\u00e4upter, darunter der slowakische Premierminister Fico und der serbische Pr\u00e4sident Vu\u010di\u0107, haben ihr Interesse bekundet. Der Pr\u00e4sident der Volksrepublik China, Xi Jinping, hat eine Einladung zur Teilnahme an den Feierlichkeiten zum 80. [&hellip;]","og_url":"https:\/\/now-news.de\/de\/deutschland\/xi-jinping-nimmt-an-feierlichkeiten-zum-tag-des-sieges-in-moskau-teil\/","og_site_name":"just-now.NEWS Deutschland","article_publisher":"https:\/\/www.facebook.com\/wirmachenauf","article_published_time":"2025-02-10T11:26:54+00:00","og_image":[{"url":"https:\/\/now-news.de\/de\/wp-content\/uploads\/sites\/3\/2025\/02\/67a9aee7b480cc4bd54d420a.jpg"}],"author":"rtnews","twitter_card":"summary_large_image","twitter_creator":"@WirMachenAuf_de","twitter_site":"@WirMachenAuf_de","twitter_misc":{"Verfasst von":"rtnews","Gesch\u00e4tzte Lesezeit":"2\u00a0Minuten"},"schema":{"@context":"https:\/\/schema.org","@graph":[{"@type":"Article","@id":"https:\/\/now-news.de\/de\/deutschland\/xi-jinping-nimmt-an-feierlichkeiten-zum-tag-des-sieges-in-moskau-teil\/#article","isPartOf":{"@id":"https:\/\/now-news.de\/de\/deutschland\/xi-jinping-nimmt-an-feierlichkeiten-zum-tag-des-sieges-in-moskau-teil\/"},"author":{"name":"rtnews","@id":"https:\/\/now-news.de\/de\/#\/schema\/person\/fb534a4e865501d8b3285208df34a9b5"},"headline":"Xi Jinping nimmt an Feierlichkeiten zum Tag des Sieges in Moskau teil","datePublished":"2025-02-10T11:26:54+00:00","dateModified":"2025-02-10T11:26:54+00:00","mainEntityOfPage":{"@id":"https:\/\/now-news.de\/de\/deutschland\/xi-jinping-nimmt-an-feierlichkeiten-zum-tag-des-sieges-in-moskau-teil\/"},"wordCount":328,"commentCount":0,"publisher":{"@id":"https:\/\/now-news.de\/de\/#organization"},"image":{"@id":"https:\/\/now-news.de\/de\/deutschland\/xi-jinping-nimmt-an-feierlichkeiten-zum-tag-des-sieges-in-moskau-teil\/#primaryimage"},"thumbnailUrl":"https:\/\/now-news.de\/de\/wp-content\/uploads\/sites\/3\/2025\/02\/Xi-Jinping-nimmt-an-Feierlichkeiten-zum-Tag-des-Sieges-in.jpg","keywords":["des","Feierlichkeiten","Jinping","Moskau","nimmt","Sieges","Tag","Teil","zum"],"articleSection":["Deutschland","Russland"],"inLanguage":"de","potentialAction":[{"@type":"CommentAction","name":"Comment","target":["https:\/\/now-news.de\/de\/deutschland\/xi-jinping-nimmt-an-feierlichkeiten-zum-tag-des-sieges-in-moskau-teil\/#respond"]}]},{"@type":"WebPage","@id":"https:\/\/now-news.de\/de\/deutschland\/xi-jinping-nimmt-an-feierlichkeiten-zum-tag-des-sieges-in-moskau-teil\/","url":"https:\/\/now-news.de\/de\/deutschland\/xi-jinping-nimmt-an-feierlichkeiten-zum-tag-des-sieges-in-moskau-teil\/","name":"Xi Jinping nimmt an Feierlichkeiten zum Tag des Sieges in Moskau teil - just-now.NEWS Deutschland","isPartOf":{"@id":"https:\/\/now-news.de\/de\/#website"},"primaryImageOfPage":{"@id":"https:\/\/now-news.de\/de\/deutschland\/xi-jinping-nimmt-an-feierlichkeiten-zum-tag-des-sieges-in-moskau-teil\/#primaryimage"},"image":{"@id":"https:\/\/now-news.de\/de\/deutschland\/xi-jinping-nimmt-an-feierlichkeiten-zum-tag-des-sieges-in-moskau-teil\/#primaryimage"},"thumbnailUrl":"https:\/\/now-news.de\/de\/wp-content\/uploads\/sites\/3\/2025\/02\/Xi-Jinping-nimmt-an-Feierlichkeiten-zum-Tag-des-Sieges-in.jpg","datePublished":"2025-02-10T11:26:54+00:00","dateModified":"2025-02-10T11:26:54+00:00","breadcrumb":{"@id":"https:\/\/now-news.de\/de\/deutschland\/xi-jinping-nimmt-an-feierlichkeiten-zum-tag-des-sieges-in-moskau-teil\/#breadcrumb"},"inLanguage":"de","potentialAction":[{"@type":"ReadAction","target":["https:\/\/now-news.de\/de\/deutschland\/xi-jinping-nimmt-an-feierlichkeiten-zum-tag-des-sieges-in-moskau-teil\/"]}]},{"@type":"ImageObject","inLanguage":"de","@id":"https:\/\/now-news.de\/de\/deutschland\/xi-jinping-nimmt-an-feierlichkeiten-zum-tag-des-sieges-in-moskau-teil\/#primaryimage","url":"https:\/\/now-news.de\/de\/wp-content\/uploads\/sites\/3\/2025\/02\/Xi-Jinping-nimmt-an-Feierlichkeiten-zum-Tag-des-Sieges-in.jpg","contentUrl":"https:\/\/now-news.de\/de\/wp-content\/uploads\/sites\/3\/2025\/02\/Xi-Jinping-nimmt-an-Feierlichkeiten-zum-Tag-des-Sieges-in.jpg","width":460,"height":259,"caption":"Xi Jinping nimmt an Feierlichkeiten zum Tag des Sieges in Moskau teil"},{"@type":"BreadcrumbList","@id":"https:\/\/now-news.de\/de\/deutschland\/xi-jinping-nimmt-an-feierlichkeiten-zum-tag-des-sieges-in-moskau-teil\/#breadcrumb","itemListElement":[{"@type":"ListItem","position":1,"name":"Home","item":"https:\/\/now-news.de\/de\/"},{"@type":"ListItem","position":2,"name":"Xi Jinping nimmt an Feierlichkeiten zum Tag des Sieges in Moskau teil"}]},{"@type":"WebSite","@id":"https:\/\/now-news.de\/de\/#website","url":"https:\/\/now-news.de\/de\/","name":"just-now.NEWS Deutschland","description":"Das Portal f\u00fcr unzensierte Nachrichten aus der Welt","publisher":{"@id":"https:\/\/now-news.de\/de\/#organization"},"potentialAction":[{"@type":"SearchAction","target":{"@type":"EntryPoint","urlTemplate":"https:\/\/now-news.de\/de\/?s={search_term_string}"},"query-input":"required name=search_term_string"}],"inLanguage":"de"},{"@type":"Organization","@id":"https:\/\/now-news.de\/de\/#organization","name":"Just Now News","url":"https:\/\/now-news.de\/de\/","logo":{"@type":"ImageObject","inLanguage":"de","@id":"https:\/\/now-news.de\/de\/#\/schema\/logo\/image\/","url":"http:\/\/just-now.news\/de\/wp-content\/uploads\/sites\/3\/2022\/04\/logo500x500.jpg","contentUrl":"http:\/\/just-now.news\/de\/wp-content\/uploads\/sites\/3\/2022\/04\/logo500x500.jpg","width":500,"height":500,"caption":"Just Now News"},"image":{"@id":"https:\/\/now-news.de\/de\/#\/schema\/logo\/image\/"},"sameAs":["https:\/\/www.facebook.com\/wirmachenauf","https:\/\/x.com\/WirMachenAuf_de"]},{"@type":"Person","@id":"https:\/\/now-news.de\/de\/#\/schema\/person\/fb534a4e865501d8b3285208df34a9b5","name":"rtnews","image":{"@type":"ImageObject","inLanguage":"de","@id":"https:\/\/now-news.de\/de\/#\/schema\/person\/image\/","url":"https:\/\/secure.gravatar.com\/avatar\/82aafea7d8127119dd649515f56e2117?s=96&d=mm&r=g","contentUrl":"https:\/\/secure.gravatar.com\/avatar\/82aafea7d8127119dd649515f56e2117?s=96&d=mm&r=g","caption":"rtnews"},"url":"https:\/\/now-news.de\/de\/author\/rnews\/"}]}},"_links":{"self":[{"href":"https:\/\/now-news.de\/de\/wp-json\/wp\/v2\/posts\/78173"}],"collection":[{"href":"https:\/\/now-news.de\/de\/wp-json\/wp\/v2\/posts"}],"about":[{"href":"https:\/\/now-news.de\/de\/wp-json\/wp\/v2\/types\/post"}],"author":[{"embeddable":true,"href":"https:\/\/now-news.de\/de\/wp-json\/wp\/v2\/users\/3"}],"replies":[{"embeddable":true,"href":"https:\/\/now-news.de\/de\/wp-json\/wp\/v2\/comments?post=78173"}],"version-history":[{"count":0,"href":"https:\/\/now-news.de\/de\/wp-json\/wp\/v2\/posts\/78173\/revisions"}],"wp:featuredmedia":[{"embeddable":true,"href":"https:\/\/now-news.de\/de\/wp-json\/wp\/v2\/media\/78174"}],"wp:attachment":[{"href":"https:\/\/now-news.de\/de\/wp-json\/wp\/v2\/media?parent=78173"}],"wp:term":[{"taxonomy":"category","embeddable":true,"href":"https:\/\/now-news.de\/de\/wp-json\/wp\/v2\/categories?post=78173"},{"taxonomy":"post_tag","embeddable":true,"href":"https:\/\/now-news.de\/de\/wp-json\/wp\/v2\/tags?post=78173"}],"curies":[{"name":"wp","href":"https:\/\/api.w.org\/{rel}","templated":true}]}}