{"id":78133,"date":"2025-02-09T13:29:39","date_gmt":"2025-02-09T11:29:39","guid":{"rendered":"https:\/\/now-news.de\/de\/deutschland\/leak-aus-bruessel-eu-kommission-will-hasskriminalitaet-eu-weit-verfolgen\/"},"modified":"2025-02-09T13:29:39","modified_gmt":"2025-02-09T11:29:39","slug":"leak-aus-bruessel-eu-kommission-will-hasskriminalitaet-eu-weit-verfolgen","status":"publish","type":"post","link":"https:\/\/now-news.de\/de\/deutschland\/leak-aus-bruessel-eu-kommission-will-hasskriminalitaet-eu-weit-verfolgen\/","title":{"rendered":"Leak aus Br\u00fcssel: EU-Kommission will &quot;Hasskriminalit\u00e4t&quot; EU-weit verfolgen"},"content":{"rendered":"<p><img decoding=\"async\" src=\"https:\/\/now-news.de\/de\/wp-content\/uploads\/sites\/3\/2025\/02\/67a7968eb480cc420d46e236.jpg\" \/><\/p>\n<div class=\"Text-root Text-type_1 \">\n                Vor dem Hintergrund der Enth\u00fcllungen aus den USA \u00fcber die weltweite Beeinflussung von Debatten und der \u00f6ffentlichen Meinung mithilfe der Agentur USAID nehmen sich die Pl\u00e4ne der EU-Kommission ebenso bizarr wie verzweifelt aus. Unbeirrt h\u00e4lt Br\u00fcssel daran fest, in der gesamten EU &#8220;Hassverbrechen&#8221; strafrechtlich zu verfolgen.\n            <\/div>\n<p><\/p>\n<div class=\"Text-root Text-type_5 ArticleView-text ViewText-root \">\n<p>Seit etlichen Jahren gibt es auf EU-Ebene Bestrebungen, sogenannte &#8220;Hasskriminalit\u00e4t&#8221; EU-weit unter Strafe zu stellen. Dabei geht es um die nur schwer definierbare &#8220;Hassrede&#8221; und &#8220;Hassverbrechen&#8221;. Nach fr\u00fcheren Versuchen in dieser Richtung und einer Gesetzesinitiative von 2021 sowie damit verbundenen Folgeinitiativen will die EU-Kommission nun einen weiteren Vorsto\u00df auf diesem Gebiet unternehmen.<\/p>\n<p><strong>Neuer Anlauf<\/strong><\/p>\n<p>Wie das in Br\u00fcssel beheimatete und gut vernetzte Online-Portal <em>euractiv<\/em> vor einigen Tagen berichtet hat, ist ein entsprechendes Vorhaben in eine Liste der Projekte aufgenommen worden, die die EU-Kommission noch in diesem Jahr umgesetzt sehen will. Am kommenden Dienstag wird Ursula von der Leyen, die Pr\u00e4sidentin der EU-Kommission, dieses Arbeitsprogramm dem EU-Parlament in Stra\u00dfburg vorstellen.<\/p>\n<p>Auf Seite 13 dieses von dem Online-Magazin &#8216;geleakten&#8217; Dokuments findet sich unter der Nummer 103 das auf das Jahr 2021 zur\u00fcckgehende Projekt &#8220;A more inclusive and protective Europe: extending the list of EU crimes to hate speech and hate crime&#8221;, welches nun wieder hervorgeholt wurde.<\/p>\n<p>Wie das Online-Nachrichtenportal <em>Apollo News<\/em> dazu schreibt, hatte die EU-Kommission vor vier Jahren die Gesetzesinitiative zur Bestrafung von &#8220;Hassverbrechen&#8221; auf den Weg gebracht. Zwar hatte das EU-Parlament dem Vorhaben zugestimmt, doch mangelte es im Rat der EU an der notwendigen Zustimmung. Das Problem der EU-Kommission: Um &#8220;Hasskriminalit\u00e4t&#8221; als einen Straftatbestand auf EU-Ebene einzuf\u00fchren, m\u00fcssten alle Mitgliedsstaaten der EU zustimmen. Zuletzt hatten sich Abgeordnete des EU-Parlaments im November 2023 daf\u00fcr eingesetzt, die entsprechende Gesetzesinitiative zu erneuern.<\/p>\n<p><strong>EU sieht sich zust\u00e4ndig<\/strong><\/p>\n<p>Zu den Voraussetzungen f\u00fcr die Festlegung als &#8220;EU-Straftatbestand&#8221; geh\u00f6rt, dass eine Straftat &#8220;grenz\u00fcberschreitend&#8221; begangen wird. Au\u00dferdem m\u00fcssen solche Straftaten unter die Kategorie der &#8220;besonders schweren Kriminalit\u00e4t&#8221; fallen, und alle anderen M\u00f6glichkeiten der Strafverfolgung auf einzelstaatlicher Ebene m\u00fcssen ausscheiden, sodass es keine Alternative zur Ahndung der Straftat als die EU-Ebene geben darf. Darunter sollen nun &#8220;Hassverbrechen&#8221; fallen. Bisher wurden Menschenhandel, Terrorismus und Geldw\u00e4sche als EU-Straftatbest\u00e4nde definiert.<\/p>\n<p>&#8220;Hasskriminalit\u00e4t&#8221; k\u00f6nne nicht nur durch das Internet als Verbreitungsweg, sondern schon durch gew\u00f6hnliche Zeitungen zum EU-Straftatbestand erkl\u00e4rt werden, glaubt man in Br\u00fcssel.<\/p>\n<p>Bisher ist in der EU nur die Diskriminierung wegen der Hautfarbe, der Religion oder des Geschlechts unter Strafe gestellt. Nach Auffassung der EU-Kommission muss &#8220;Hasskriminalit\u00e4t&#8221; als Straftatbestand definiert werden, weil &#8220;Hass&#8221; sich nicht nur gegen Einzelne richten kann, sondern &#8220;auch der Gesellschaft insgesamt&#8221; schaden w\u00fcrde, wie es bereits im Entwurf von 2021 hei\u00dft. Zur Begr\u00fcndung wird dort angef\u00fchrt:<\/p>\n<blockquote>\n<p><em>&#8220;Hass untergr\u00e4bt die Grundfesten unserer Gesellschaft. Er schw\u00e4cht das gegenseitige Verst\u00e4ndnis und die Achtung der Vielfalt, auf denen pluralistische und demokratische Gesellschaften aufbauen.&#8221;<\/em><\/p>\n<\/blockquote>\n<p><strong>Schwammige Begriffe \u2013 Gummiparagrafen<\/strong><\/p>\n<p>Sollte es so weit kommen, dass &#8220;Hasskriminalit\u00e4t&#8221; in der EU als Straftat anerkannt w\u00fcrde, k\u00f6nnte die EU-Kommission zusammen mit dem EU-Parlament und dem Rat der Europ\u00e4ischen Union ein Gesetzgebungsverfahren auf den Weg bringen, mit dem dann Straftaten wie &#8220;Hassrede&#8221; rechtlich definiert werden k\u00f6nnten. Im Zuge dieses Verfahrens k\u00f6nnten dann auch Mindestvorgaben f\u00fcr das Strafma\u00df gemacht werden, das in allen EU-Mitgliedsl\u00e4ndern zur Anwendung kommen m\u00fcsste.<\/p>\n<p>Wie <em>Apollo News<\/em> schreibt, kennt das EU-Recht derzeit keine Bestimmung f\u00fcr &#8220;Hetze&#8221; oder &#8220;Hasskriminalit\u00e4t&#8221;. Allerdings komme die EU-Kommission zur Definition des Begriffs &#8220;Hetze&#8221; auf eine Empfehlung des Europarates von 1997 zur\u00fcck. Der Begriff &#8220;Hasskriminalit\u00e4t&#8221; sei in einer Empfehlung der EU-Kommission von 2015 definiert worden. Mit Bezug auf diese beiden Vorl\u00e4ufer sah die EU-Kommission 2021 dann &#8220;Hasskriminalit\u00e4t&#8221; als gegeben an, wenn der betreffenden Straftat ein Motiv zugrunde liege, das auf Vorurteilen basiere. In dem Entwurf von 2021 hei\u00dfe es dazu:<\/p>\n<blockquote>\n<p><em>&#8220;Die Handlung des T\u00e4ters wird sowohl bei Hetze als auch bei Hasskriminalit\u00e4t durch eine auf Vorurteilen basierende Motivation ausgel\u00f6st.&#8221;<\/em><\/p>\n<\/blockquote>\n<p>Begr\u00fcndet werde diese Auffassung damit, dass die Taten auf die &#8220;Identit\u00e4t&#8221; abzielten oder &#8220;Botschaften senden&#8221; sollten. Dadurch solle insbesondere den Opfern vermittelt werden, nicht zur Gesellschaft zu geh\u00f6ren. Diese Botschaften richteten sich jedoch nicht nur an das einzelne Opfer, sondern auch an seine Gemeinschaft oder Gruppe.<\/p>\n<p><strong>Frage nach &#8220;Motivation&#8221; kann missbraucht werden<\/strong><\/p>\n<p>Aus diesem Grunde komme der Motivation des T\u00e4ters die entscheidende Bedeutung f\u00fcr den Straftatbestand zu.<\/p>\n<p>Die EU sehe sich durch &#8220;Hassverbrechen&#8221; gef\u00e4hrdet, denn durch diese w\u00fcrden &#8220;die Grundlagen der EU untergraben&#8221;. Der Artikel f\u00fchrt zudem eine Entscheidung des Europ\u00e4ischen Gerichtshofs f\u00fcr Menschenrechte (EGMR) von 2006 an, in der von der Notwendigkeit die Rede sei,<\/p>\n<blockquote>\n<p><em>&#8220;in demokratischen Gesellschaften alle Formen der Meinungs\u00e4u\u00dferung zu bestrafen oder sogar zu verhindern, die Hass auf der Grundlage von Intoleranz verbreiten, dazu anstiften, sie f\u00f6rdern oder rechtfertigen.&#8221;<\/em><\/p>\n<\/blockquote>\n<p>Der EGMR habe weiter ausgef\u00fchrt, dass das Recht auf freie Meinungs\u00e4u\u00dferung nicht vor strafrechtlicher Verfolgung im Falle von &#8220;Hetze&#8221; sch\u00fctze. Dar\u00fcber hinaus habe die EU-Kommission in ihrer Gesetzesinitiative von 2021 auch auf Konzepte wie das der &#8220;Schadensleiter&#8221; oder der &#8220;Hasspyramide&#8221; zur\u00fcckgegriffen: Demnach k\u00f6nne &#8220;Hass&#8221; nicht nur zu Diskriminierung oder Beleidigung f\u00fchren, sondern auch zu &#8220;vorurteilsmotivierter Gewalt&#8221; \u2013 wozu die Kommission Vergewaltigung, Mord oder V\u00f6lkermord z\u00e4hlte. So habe eine Untersuchung angeblich ergeben, dass &#8220;hasserf\u00fcllte Tweets&#8221; zu gesteigerter &#8220;Hasskriminalit\u00e4t&#8221; in einer Stadt f\u00fchren w\u00fcrden.<\/p>\n<p><strong>Mehr zum Thema<\/strong> \u2013 <a rel=\"nofollow noopener\" target=\"_blank\" href=\"https:\/\/dert.site\/meinung\/235329-deutschland-erschreckende-meinungsmanipulation-am-beispiel\/\">Deutschland \u2013 Erschreckende Meinungsmanipulation am Beispiel der ARD<\/a>\u00a0<\/p>\n<div class=\"EmbedBlock-root EmbedBlock-externalVideo EmbedBlock-rumble\">\n<div class=\"VkEmbed\"><iframe class=\"lazyload\" data-src=\"https:\/\/rumble.com\/embed\/v6g64p4\" frameborder=\"0\" width=\"853\" height=\"480\" allowfullscreen><\/iframe><\/div>\n<\/div>\n<\/div>\n<p><br \/>\n<br \/><a href=\"https:\/\/de.rt.com\/europa\/236190-leak-aus-bruessel-eu-kommission\/\">Source link <\/a><\/p>\n","protected":false},"excerpt":{"rendered":"<p>Vor dem Hintergrund der Enth\u00fcllungen aus den USA \u00fcber die weltweite Beeinflussung von Debatten und der \u00f6ffentlichen Meinung mithilfe der Agentur USAID nehmen sich die Pl\u00e4ne der EU-Kommission ebenso bizarr wie verzweifelt aus. Unbeirrt h\u00e4lt Br\u00fcssel daran fest, in der gesamten EU &#8220;Hassverbrechen&#8221; strafrechtlich zu verfolgen. Seit etlichen Jahren gibt es auf EU-Ebene Bestrebungen, sogenannte [&hellip;]<\/p>\n","protected":false},"author":3,"featured_media":78134,"comment_status":"open","ping_status":"open","sticky":false,"template":"","format":"standard","meta":{"_yoast_indexnow_last_ping":["1739101505"],"wp_automatic_camp":["217"],"90270508fd328d8f0f3e689299cb254b":["Leak aus Br\u00fcssel: EU-Kommission will &quot;Hasskriminalit\u00e4t&quot; EU-weit verfolgen"],"original_link":["https:\/\/de.rt.com\/europa\/236190-leak-aus-bruessel-eu-kommission\/"],"_thumbnail_id":["78134"],"jnews_social_counter_last_update":["1777337793"],"_wptgpro_p2tg_sent2tg":["a:1:{i:23737;s:19:\"2025-02-09 13:46:07\";}"]},"categories":[19,23],"tags":[679,17026,1500,46370,2885,47554,20975],"yoast_head":"<!-- This site is optimized with the Yoast SEO Premium plugin v22.7 (Yoast SEO v22.7) - https:\/\/yoast.com\/wordpress\/plugins\/seo\/ -->\n<title>Leak aus Br\u00fcssel: EU-Kommission will &quot;Hasskriminalit\u00e4t&quot; EU-weit verfolgen - just-now.NEWS Deutschland<\/title>\n<meta name=\"robots\" content=\"index, follow, max-snippet:-1, max-image-preview:large, max-video-preview:-1\" \/>\n<link rel=\"canonical\" href=\"https:\/\/now-news.de\/de\/deutschland\/leak-aus-bruessel-eu-kommission-will-hasskriminalitaet-eu-weit-verfolgen\/\" \/>\n<meta property=\"og:locale\" content=\"de_DE\" \/>\n<meta property=\"og:type\" content=\"article\" \/>\n<meta property=\"og:title\" content=\"Leak aus Br\u00fcssel: EU-Kommission will &quot;Hasskriminalit\u00e4t&quot; EU-weit verfolgen\" \/>\n<meta property=\"og:description\" content=\"Vor dem Hintergrund der Enth\u00fcllungen aus den USA \u00fcber die weltweite Beeinflussung von Debatten und der \u00f6ffentlichen Meinung mithilfe der Agentur USAID nehmen sich die Pl\u00e4ne der EU-Kommission ebenso bizarr wie verzweifelt aus. Unbeirrt h\u00e4lt Br\u00fcssel daran fest, in der gesamten EU &#8220;Hassverbrechen&#8221; strafrechtlich zu verfolgen. Seit etlichen Jahren gibt es auf EU-Ebene Bestrebungen, sogenannte [&hellip;]\" \/>\n<meta property=\"og:url\" content=\"https:\/\/now-news.de\/de\/deutschland\/leak-aus-bruessel-eu-kommission-will-hasskriminalitaet-eu-weit-verfolgen\/\" \/>\n<meta property=\"og:site_name\" content=\"just-now.NEWS Deutschland\" \/>\n<meta property=\"article:publisher\" content=\"https:\/\/www.facebook.com\/wirmachenauf\" \/>\n<meta property=\"article:published_time\" content=\"2025-02-09T11:29:39+00:00\" \/>\n<meta property=\"og:image\" content=\"https:\/\/now-news.de\/de\/wp-content\/uploads\/sites\/3\/2025\/02\/67a7968eb480cc420d46e236.jpg\" \/>\n<meta name=\"author\" content=\"rtnews\" \/>\n<meta name=\"twitter:card\" content=\"summary_large_image\" \/>\n<meta name=\"twitter:creator\" content=\"@WirMachenAuf_de\" \/>\n<meta name=\"twitter:site\" content=\"@WirMachenAuf_de\" \/>\n<meta name=\"twitter:label1\" content=\"Verfasst von\" \/>\n\t<meta name=\"twitter:data1\" content=\"rtnews\" \/>\n\t<meta name=\"twitter:label2\" content=\"Gesch\u00e4tzte Lesezeit\" \/>\n\t<meta name=\"twitter:data2\" content=\"5\u00a0Minuten\" \/>\n<script type=\"application\/ld+json\" class=\"yoast-schema-graph\">{\"@context\":\"https:\/\/schema.org\",\"@graph\":[{\"@type\":\"Article\",\"@id\":\"https:\/\/now-news.de\/de\/deutschland\/leak-aus-bruessel-eu-kommission-will-hasskriminalitaet-eu-weit-verfolgen\/#article\",\"isPartOf\":{\"@id\":\"https:\/\/now-news.de\/de\/deutschland\/leak-aus-bruessel-eu-kommission-will-hasskriminalitaet-eu-weit-verfolgen\/\"},\"author\":{\"name\":\"rtnews\",\"@id\":\"https:\/\/now-news.de\/de\/#\/schema\/person\/fb534a4e865501d8b3285208df34a9b5\"},\"headline\":\"Leak aus Br\u00fcssel: EU-Kommission will &quot;Hasskriminalit\u00e4t&quot; EU-weit verfolgen\",\"datePublished\":\"2025-02-09T11:29:39+00:00\",\"dateModified\":\"2025-02-09T11:29:39+00:00\",\"mainEntityOfPage\":{\"@id\":\"https:\/\/now-news.de\/de\/deutschland\/leak-aus-bruessel-eu-kommission-will-hasskriminalitaet-eu-weit-verfolgen\/\"},\"wordCount\":923,\"commentCount\":0,\"publisher\":{\"@id\":\"https:\/\/now-news.de\/de\/#organization\"},\"image\":{\"@id\":\"https:\/\/now-news.de\/de\/deutschland\/leak-aus-bruessel-eu-kommission-will-hasskriminalitaet-eu-weit-verfolgen\/#primaryimage\"},\"thumbnailUrl\":\"https:\/\/now-news.de\/de\/wp-content\/uploads\/sites\/3\/2025\/02\/Leak-aus-Bruessel-EU-Kommission-will-quotHasskriminalitaetquot-EU-weit-verfolgen.jpg\",\"keywords\":[\"aus\",\"Br\u00fcssel\",\"EUKommission\",\"EUweit\",\"LEAK\",\"quotHasskriminalit\u00e4tquot\",\"verfolgen\"],\"articleSection\":[\"Deutschland\",\"Russland\"],\"inLanguage\":\"de\",\"potentialAction\":[{\"@type\":\"CommentAction\",\"name\":\"Comment\",\"target\":[\"https:\/\/now-news.de\/de\/deutschland\/leak-aus-bruessel-eu-kommission-will-hasskriminalitaet-eu-weit-verfolgen\/#respond\"]}]},{\"@type\":\"WebPage\",\"@id\":\"https:\/\/now-news.de\/de\/deutschland\/leak-aus-bruessel-eu-kommission-will-hasskriminalitaet-eu-weit-verfolgen\/\",\"url\":\"https:\/\/now-news.de\/de\/deutschland\/leak-aus-bruessel-eu-kommission-will-hasskriminalitaet-eu-weit-verfolgen\/\",\"name\":\"Leak aus Br\u00fcssel: EU-Kommission will &quot;Hasskriminalit\u00e4t&quot; EU-weit verfolgen - just-now.NEWS Deutschland\",\"isPartOf\":{\"@id\":\"https:\/\/now-news.de\/de\/#website\"},\"primaryImageOfPage\":{\"@id\":\"https:\/\/now-news.de\/de\/deutschland\/leak-aus-bruessel-eu-kommission-will-hasskriminalitaet-eu-weit-verfolgen\/#primaryimage\"},\"image\":{\"@id\":\"https:\/\/now-news.de\/de\/deutschland\/leak-aus-bruessel-eu-kommission-will-hasskriminalitaet-eu-weit-verfolgen\/#primaryimage\"},\"thumbnailUrl\":\"https:\/\/now-news.de\/de\/wp-content\/uploads\/sites\/3\/2025\/02\/Leak-aus-Bruessel-EU-Kommission-will-quotHasskriminalitaetquot-EU-weit-verfolgen.jpg\",\"datePublished\":\"2025-02-09T11:29:39+00:00\",\"dateModified\":\"2025-02-09T11:29:39+00:00\",\"breadcrumb\":{\"@id\":\"https:\/\/now-news.de\/de\/deutschland\/leak-aus-bruessel-eu-kommission-will-hasskriminalitaet-eu-weit-verfolgen\/#breadcrumb\"},\"inLanguage\":\"de\",\"potentialAction\":[{\"@type\":\"ReadAction\",\"target\":[\"https:\/\/now-news.de\/de\/deutschland\/leak-aus-bruessel-eu-kommission-will-hasskriminalitaet-eu-weit-verfolgen\/\"]}]},{\"@type\":\"ImageObject\",\"inLanguage\":\"de\",\"@id\":\"https:\/\/now-news.de\/de\/deutschland\/leak-aus-bruessel-eu-kommission-will-hasskriminalitaet-eu-weit-verfolgen\/#primaryimage\",\"url\":\"https:\/\/now-news.de\/de\/wp-content\/uploads\/sites\/3\/2025\/02\/Leak-aus-Bruessel-EU-Kommission-will-quotHasskriminalitaetquot-EU-weit-verfolgen.jpg\",\"contentUrl\":\"https:\/\/now-news.de\/de\/wp-content\/uploads\/sites\/3\/2025\/02\/Leak-aus-Bruessel-EU-Kommission-will-quotHasskriminalitaetquot-EU-weit-verfolgen.jpg\",\"width\":460,\"height\":259,\"caption\":\"Leak aus Br\u00fcssel: EU-Kommission will &quot;Hasskriminalit\u00e4t&quot; EU-weit verfolgen\"},{\"@type\":\"BreadcrumbList\",\"@id\":\"https:\/\/now-news.de\/de\/deutschland\/leak-aus-bruessel-eu-kommission-will-hasskriminalitaet-eu-weit-verfolgen\/#breadcrumb\",\"itemListElement\":[{\"@type\":\"ListItem\",\"position\":1,\"name\":\"Home\",\"item\":\"https:\/\/now-news.de\/de\/\"},{\"@type\":\"ListItem\",\"position\":2,\"name\":\"Leak aus Br\u00fcssel: EU-Kommission will &quot;Hasskriminalit\u00e4t&quot; EU-weit verfolgen\"}]},{\"@type\":\"WebSite\",\"@id\":\"https:\/\/now-news.de\/de\/#website\",\"url\":\"https:\/\/now-news.de\/de\/\",\"name\":\"just-now.NEWS Deutschland\",\"description\":\"Das Portal f\u00fcr unzensierte Nachrichten aus der Welt\",\"publisher\":{\"@id\":\"https:\/\/now-news.de\/de\/#organization\"},\"potentialAction\":[{\"@type\":\"SearchAction\",\"target\":{\"@type\":\"EntryPoint\",\"urlTemplate\":\"https:\/\/now-news.de\/de\/?s={search_term_string}\"},\"query-input\":\"required name=search_term_string\"}],\"inLanguage\":\"de\"},{\"@type\":\"Organization\",\"@id\":\"https:\/\/now-news.de\/de\/#organization\",\"name\":\"Just Now News\",\"url\":\"https:\/\/now-news.de\/de\/\",\"logo\":{\"@type\":\"ImageObject\",\"inLanguage\":\"de\",\"@id\":\"https:\/\/now-news.de\/de\/#\/schema\/logo\/image\/\",\"url\":\"http:\/\/just-now.news\/de\/wp-content\/uploads\/sites\/3\/2022\/04\/logo500x500.jpg\",\"contentUrl\":\"http:\/\/just-now.news\/de\/wp-content\/uploads\/sites\/3\/2022\/04\/logo500x500.jpg\",\"width\":500,\"height\":500,\"caption\":\"Just Now News\"},\"image\":{\"@id\":\"https:\/\/now-news.de\/de\/#\/schema\/logo\/image\/\"},\"sameAs\":[\"https:\/\/www.facebook.com\/wirmachenauf\",\"https:\/\/x.com\/WirMachenAuf_de\"]},{\"@type\":\"Person\",\"@id\":\"https:\/\/now-news.de\/de\/#\/schema\/person\/fb534a4e865501d8b3285208df34a9b5\",\"name\":\"rtnews\",\"image\":{\"@type\":\"ImageObject\",\"inLanguage\":\"de\",\"@id\":\"https:\/\/now-news.de\/de\/#\/schema\/person\/image\/\",\"url\":\"https:\/\/secure.gravatar.com\/avatar\/82aafea7d8127119dd649515f56e2117?s=96&d=mm&r=g\",\"contentUrl\":\"https:\/\/secure.gravatar.com\/avatar\/82aafea7d8127119dd649515f56e2117?s=96&d=mm&r=g\",\"caption\":\"rtnews\"},\"url\":\"https:\/\/now-news.de\/de\/author\/rnews\/\"}]}<\/script>\n<!-- \/ Yoast SEO Premium plugin. -->","yoast_head_json":{"title":"Leak aus Br\u00fcssel: EU-Kommission will &quot;Hasskriminalit\u00e4t&quot; EU-weit verfolgen - just-now.NEWS Deutschland","robots":{"index":"index","follow":"follow","max-snippet":"max-snippet:-1","max-image-preview":"max-image-preview:large","max-video-preview":"max-video-preview:-1"},"canonical":"https:\/\/now-news.de\/de\/deutschland\/leak-aus-bruessel-eu-kommission-will-hasskriminalitaet-eu-weit-verfolgen\/","og_locale":"de_DE","og_type":"article","og_title":"Leak aus Br\u00fcssel: EU-Kommission will &quot;Hasskriminalit\u00e4t&quot; EU-weit verfolgen","og_description":"Vor dem Hintergrund der Enth\u00fcllungen aus den USA \u00fcber die weltweite Beeinflussung von Debatten und der \u00f6ffentlichen Meinung mithilfe der Agentur USAID nehmen sich die Pl\u00e4ne der EU-Kommission ebenso bizarr wie verzweifelt aus. Unbeirrt h\u00e4lt Br\u00fcssel daran fest, in der gesamten EU &#8220;Hassverbrechen&#8221; strafrechtlich zu verfolgen. Seit etlichen Jahren gibt es auf EU-Ebene Bestrebungen, sogenannte [&hellip;]","og_url":"https:\/\/now-news.de\/de\/deutschland\/leak-aus-bruessel-eu-kommission-will-hasskriminalitaet-eu-weit-verfolgen\/","og_site_name":"just-now.NEWS Deutschland","article_publisher":"https:\/\/www.facebook.com\/wirmachenauf","article_published_time":"2025-02-09T11:29:39+00:00","og_image":[{"url":"https:\/\/now-news.de\/de\/wp-content\/uploads\/sites\/3\/2025\/02\/67a7968eb480cc420d46e236.jpg"}],"author":"rtnews","twitter_card":"summary_large_image","twitter_creator":"@WirMachenAuf_de","twitter_site":"@WirMachenAuf_de","twitter_misc":{"Verfasst von":"rtnews","Gesch\u00e4tzte Lesezeit":"5\u00a0Minuten"},"schema":{"@context":"https:\/\/schema.org","@graph":[{"@type":"Article","@id":"https:\/\/now-news.de\/de\/deutschland\/leak-aus-bruessel-eu-kommission-will-hasskriminalitaet-eu-weit-verfolgen\/#article","isPartOf":{"@id":"https:\/\/now-news.de\/de\/deutschland\/leak-aus-bruessel-eu-kommission-will-hasskriminalitaet-eu-weit-verfolgen\/"},"author":{"name":"rtnews","@id":"https:\/\/now-news.de\/de\/#\/schema\/person\/fb534a4e865501d8b3285208df34a9b5"},"headline":"Leak aus Br\u00fcssel: EU-Kommission will &quot;Hasskriminalit\u00e4t&quot; EU-weit verfolgen","datePublished":"2025-02-09T11:29:39+00:00","dateModified":"2025-02-09T11:29:39+00:00","mainEntityOfPage":{"@id":"https:\/\/now-news.de\/de\/deutschland\/leak-aus-bruessel-eu-kommission-will-hasskriminalitaet-eu-weit-verfolgen\/"},"wordCount":923,"commentCount":0,"publisher":{"@id":"https:\/\/now-news.de\/de\/#organization"},"image":{"@id":"https:\/\/now-news.de\/de\/deutschland\/leak-aus-bruessel-eu-kommission-will-hasskriminalitaet-eu-weit-verfolgen\/#primaryimage"},"thumbnailUrl":"https:\/\/now-news.de\/de\/wp-content\/uploads\/sites\/3\/2025\/02\/Leak-aus-Bruessel-EU-Kommission-will-quotHasskriminalitaetquot-EU-weit-verfolgen.jpg","keywords":["aus","Br\u00fcssel","EUKommission","EUweit","LEAK","quotHasskriminalit\u00e4tquot","verfolgen"],"articleSection":["Deutschland","Russland"],"inLanguage":"de","potentialAction":[{"@type":"CommentAction","name":"Comment","target":["https:\/\/now-news.de\/de\/deutschland\/leak-aus-bruessel-eu-kommission-will-hasskriminalitaet-eu-weit-verfolgen\/#respond"]}]},{"@type":"WebPage","@id":"https:\/\/now-news.de\/de\/deutschland\/leak-aus-bruessel-eu-kommission-will-hasskriminalitaet-eu-weit-verfolgen\/","url":"https:\/\/now-news.de\/de\/deutschland\/leak-aus-bruessel-eu-kommission-will-hasskriminalitaet-eu-weit-verfolgen\/","name":"Leak aus Br\u00fcssel: EU-Kommission will &quot;Hasskriminalit\u00e4t&quot; EU-weit verfolgen - just-now.NEWS Deutschland","isPartOf":{"@id":"https:\/\/now-news.de\/de\/#website"},"primaryImageOfPage":{"@id":"https:\/\/now-news.de\/de\/deutschland\/leak-aus-bruessel-eu-kommission-will-hasskriminalitaet-eu-weit-verfolgen\/#primaryimage"},"image":{"@id":"https:\/\/now-news.de\/de\/deutschland\/leak-aus-bruessel-eu-kommission-will-hasskriminalitaet-eu-weit-verfolgen\/#primaryimage"},"thumbnailUrl":"https:\/\/now-news.de\/de\/wp-content\/uploads\/sites\/3\/2025\/02\/Leak-aus-Bruessel-EU-Kommission-will-quotHasskriminalitaetquot-EU-weit-verfolgen.jpg","datePublished":"2025-02-09T11:29:39+00:00","dateModified":"2025-02-09T11:29:39+00:00","breadcrumb":{"@id":"https:\/\/now-news.de\/de\/deutschland\/leak-aus-bruessel-eu-kommission-will-hasskriminalitaet-eu-weit-verfolgen\/#breadcrumb"},"inLanguage":"de","potentialAction":[{"@type":"ReadAction","target":["https:\/\/now-news.de\/de\/deutschland\/leak-aus-bruessel-eu-kommission-will-hasskriminalitaet-eu-weit-verfolgen\/"]}]},{"@type":"ImageObject","inLanguage":"de","@id":"https:\/\/now-news.de\/de\/deutschland\/leak-aus-bruessel-eu-kommission-will-hasskriminalitaet-eu-weit-verfolgen\/#primaryimage","url":"https:\/\/now-news.de\/de\/wp-content\/uploads\/sites\/3\/2025\/02\/Leak-aus-Bruessel-EU-Kommission-will-quotHasskriminalitaetquot-EU-weit-verfolgen.jpg","contentUrl":"https:\/\/now-news.de\/de\/wp-content\/uploads\/sites\/3\/2025\/02\/Leak-aus-Bruessel-EU-Kommission-will-quotHasskriminalitaetquot-EU-weit-verfolgen.jpg","width":460,"height":259,"caption":"Leak aus Br\u00fcssel: EU-Kommission will &quot;Hasskriminalit\u00e4t&quot; EU-weit verfolgen"},{"@type":"BreadcrumbList","@id":"https:\/\/now-news.de\/de\/deutschland\/leak-aus-bruessel-eu-kommission-will-hasskriminalitaet-eu-weit-verfolgen\/#breadcrumb","itemListElement":[{"@type":"ListItem","position":1,"name":"Home","item":"https:\/\/now-news.de\/de\/"},{"@type":"ListItem","position":2,"name":"Leak aus Br\u00fcssel: EU-Kommission will &quot;Hasskriminalit\u00e4t&quot; EU-weit verfolgen"}]},{"@type":"WebSite","@id":"https:\/\/now-news.de\/de\/#website","url":"https:\/\/now-news.de\/de\/","name":"just-now.NEWS Deutschland","description":"Das Portal f\u00fcr unzensierte Nachrichten aus der Welt","publisher":{"@id":"https:\/\/now-news.de\/de\/#organization"},"potentialAction":[{"@type":"SearchAction","target":{"@type":"EntryPoint","urlTemplate":"https:\/\/now-news.de\/de\/?s={search_term_string}"},"query-input":"required name=search_term_string"}],"inLanguage":"de"},{"@type":"Organization","@id":"https:\/\/now-news.de\/de\/#organization","name":"Just Now News","url":"https:\/\/now-news.de\/de\/","logo":{"@type":"ImageObject","inLanguage":"de","@id":"https:\/\/now-news.de\/de\/#\/schema\/logo\/image\/","url":"http:\/\/just-now.news\/de\/wp-content\/uploads\/sites\/3\/2022\/04\/logo500x500.jpg","contentUrl":"http:\/\/just-now.news\/de\/wp-content\/uploads\/sites\/3\/2022\/04\/logo500x500.jpg","width":500,"height":500,"caption":"Just Now News"},"image":{"@id":"https:\/\/now-news.de\/de\/#\/schema\/logo\/image\/"},"sameAs":["https:\/\/www.facebook.com\/wirmachenauf","https:\/\/x.com\/WirMachenAuf_de"]},{"@type":"Person","@id":"https:\/\/now-news.de\/de\/#\/schema\/person\/fb534a4e865501d8b3285208df34a9b5","name":"rtnews","image":{"@type":"ImageObject","inLanguage":"de","@id":"https:\/\/now-news.de\/de\/#\/schema\/person\/image\/","url":"https:\/\/secure.gravatar.com\/avatar\/82aafea7d8127119dd649515f56e2117?s=96&d=mm&r=g","contentUrl":"https:\/\/secure.gravatar.com\/avatar\/82aafea7d8127119dd649515f56e2117?s=96&d=mm&r=g","caption":"rtnews"},"url":"https:\/\/now-news.de\/de\/author\/rnews\/"}]}},"_links":{"self":[{"href":"https:\/\/now-news.de\/de\/wp-json\/wp\/v2\/posts\/78133"}],"collection":[{"href":"https:\/\/now-news.de\/de\/wp-json\/wp\/v2\/posts"}],"about":[{"href":"https:\/\/now-news.de\/de\/wp-json\/wp\/v2\/types\/post"}],"author":[{"embeddable":true,"href":"https:\/\/now-news.de\/de\/wp-json\/wp\/v2\/users\/3"}],"replies":[{"embeddable":true,"href":"https:\/\/now-news.de\/de\/wp-json\/wp\/v2\/comments?post=78133"}],"version-history":[{"count":0,"href":"https:\/\/now-news.de\/de\/wp-json\/wp\/v2\/posts\/78133\/revisions"}],"wp:featuredmedia":[{"embeddable":true,"href":"https:\/\/now-news.de\/de\/wp-json\/wp\/v2\/media\/78134"}],"wp:attachment":[{"href":"https:\/\/now-news.de\/de\/wp-json\/wp\/v2\/media?parent=78133"}],"wp:term":[{"taxonomy":"category","embeddable":true,"href":"https:\/\/now-news.de\/de\/wp-json\/wp\/v2\/categories?post=78133"},{"taxonomy":"post_tag","embeddable":true,"href":"https:\/\/now-news.de\/de\/wp-json\/wp\/v2\/tags?post=78133"}],"curies":[{"name":"wp","href":"https:\/\/api.w.org\/{rel}","templated":true}]}}