{"id":78119,"date":"2025-02-08T22:04:39","date_gmt":"2025-02-08T20:04:39","guid":{"rendered":"https:\/\/now-news.de\/de\/deutschland\/spd-fraktionschef-muetzenich-im-faz-interview-alle-kontakte-nach-russland-eingestellt\/"},"modified":"2025-02-08T22:04:39","modified_gmt":"2025-02-08T20:04:39","slug":"spd-fraktionschef-muetzenich-im-faz-interview-alle-kontakte-nach-russland-eingestellt","status":"publish","type":"post","link":"https:\/\/now-news.de\/de\/deutschland\/spd-fraktionschef-muetzenich-im-faz-interview-alle-kontakte-nach-russland-eingestellt\/","title":{"rendered":"SPD-Fraktionschef M\u00fctzenich im FAZ-Interview: &quot;Alle Kontakte nach Russland eingestellt&quot;"},"content":{"rendered":"<p><img decoding=\"async\" src=\"https:\/\/now-news.de\/de\/wp-content\/uploads\/sites\/3\/2025\/02\/67a7502048fbef46b961596e.jpg\" \/><\/p>\n<div class=\"Text-root Text-type_1 \">\n                Der Vorsitzende der SPD-Bundestagsfraktion hat der FAZ ein Interview gegeben, in dem er sich zur Union, Friedrich Merz und den Abstimmungen im Bundestag \u00e4u\u00dferte. Aber der eigentliche Schwerpunkt des Gespr\u00e4chs mit dem &#8220;Sicherheitsexperten&#8221; lag auf der Au\u00dfenpolitik \u2013 und dem Verh\u00e4ltnis zu Moskau.\n            <\/div>\n<p><\/p>\n<div class=\"Text-root Text-type_5 ArticleView-text ViewText-root \">\n<p>Nach den zu erwartenden Bemerkungen zu den j\u00fcngsten Antr\u00e4gen der Unionsfraktion im Bundestag, den Abstimmungen der letzten Woche und dem parlamentarischen Umgang mit der AfD kommt Rolf M\u00fctzenich im Interview mit der <em>FAZ<\/em>, das die Zeitung am heutigen Samstag online gestellt hat, auf sein Fachgebiet zu sprechen: die Au\u00dfen- und Sicherheitspolitik.<\/p>\n<p>M\u00fctzenich, der im Verlauf des Gespr\u00e4chs von sich sagt, seiner Fraktion &#8220;viele Dinge&#8221;, &#8220;auch mit brachialer Gewalt&#8221;, &#8220;abverlangt&#8221; zu haben \u2013 &#8220;oder besser: mit brachialer \u00dcberzeugungskunst, egal wie Sie das nennen wollen&#8221; \u2013, gibt sich nachdenklich und bereit, Fehler einzugestehen.<\/p>\n<p><strong>Verh\u00e4ltnis zu Russland<\/strong><\/p>\n<p>Auf die Frage, ob er &#8220;bei Russland immer richtig&#8221; gelegen habe, reagiert der Fraktionschef prompt:<\/p>\n<blockquote>\n<p><em>&#8220;Dass Russland in der Ukraine der Aggressor ist, habe ich nie in Zweifel gestellt.&#8221;<\/em><\/p>\n<\/blockquote>\n<p>Doch die <em>FAZ<\/em> hakt nach, galt M\u00fctzenich doch bisher oftmals als einer der SPD-Politiker, die nicht nur auf Konfrontation mit Moskau, sondern auf Ausstiegsszenarien aus dem Ukraine-Krieg bedacht waren. Bundespr\u00e4sident Steinmeier habe zugegeben, dass die Sozialdemokraten &#8220;einiges falsch gesehen&#8221; h\u00e4tten, muss sich M\u00fctzenich vorhalten lassen. Ausweichend reagiert der Abgeordnete mit der allgemeinen Bemerkung, es w\u00e4re &#8220;ja auch seltsam, wenn niemand etwas falsch gesehen oder gemacht h\u00e4tte&#8221;. Und der Bundespr\u00e4sident habe sich nicht als solcher, sondern lediglich &#8220;in sehr allgemeiner Form&#8221; als ehemaliger Au\u00dfenminister &#8220;entschuldigt&#8221;.<\/p>\n<p>Aber Steinmeiers Nachfolger im Amt, Sigmar Gabriel, habe &#8220;seine Irrt\u00fcmer&#8221; schlie\u00dflich &#8220;sehr konkret eingestanden&#8221;, muss sich M\u00fctzenich sagen lassen. Darauf entgegnet der SPD-Mann offensichtlich ebenso energisch wie stolz:<\/p>\n<blockquote>\n<p><em>&#8220;Ich habe alle meine Kontakte zu Russland eingestellt, als es aus meiner Sicht keinen Sinn mehr ergab. Der letzte war 2016 bei den Schlangenbader Gespr\u00e4chen, als ich einen Vortrag \u00fcber Abr\u00fcstung und R\u00fcstungskontrolle hielt.&#8221;<\/em><\/p>\n<\/blockquote>\n<p><strong>Abkehr von SPD-Tradition<\/strong><\/p>\n<p>Gabriel wurde erst im Januar 2017 Bundesau\u00dfenminister. Und in deutlicher Anspielung auf die fr\u00fchere sozialdemokratische Ostpolitik des &#8220;Wandels durch Ann\u00e4herung&#8221; und die sp\u00e4tere Rolle Gerhard Schr\u00f6ders in den deutsch-russischen Energiebeziehungen f\u00fcgte M\u00fctzenich zu seiner Verteidigung hinzu:<\/p>\n<blockquote>\n<p><em>&#8220;Im \u00dcbrigen habe ich keine Wirtschaftskontakte initiiert, sondern mich um Sicherheitspolitik und humanit\u00e4re Fragen bem\u00fcht.&#8221;<\/em><\/p>\n<\/blockquote>\n<p>Offenkundig um weiteren Vorhaltungen vorzubeugen, gibt sich M\u00fctzenich reuig: Sp\u00e4ter habe er &#8220;manche \u00c4u\u00dferungen oder Texte von Putin nicht so gelesen [&#8230;], wie man sie aus heutiger Sicht h\u00e4tte lesen m\u00fcssen.&#8221; Aber, so gibt er zu verstehen, in dieser Hinsicht unterscheide er sich nicht von &#8220;einer ganzen Zahl an Politikern und Wirtschaftsvertretern&#8221;. Schlie\u00dflich m\u00fcsse man sich immer wieder fragen, &#8220;was besser zu machen&#8221; sei.<\/p>\n<p>An dieser Stelle lenkte M\u00fctzenich den Fokus weg von Russland und hin zur Ukraine: &#8220;Aber wir haben nicht nur Nachholbedarf. Im Gegenteil. Deutschland geht voran. Auch in Bezug auf Russland und die Ukraine.&#8221; Deutschland sei der &#8220;zweitgr\u00f6\u00dfte Unterst\u00fctzer der Ukraine, nach den USA&#8221;, dies habe &#8220;Herr Selenskij&#8221; sogar &#8220;mehrfach best\u00e4tigt&#8221;.<\/p>\n<p>Diese Aussage wird von der <em>FAZ<\/em> in Zweifel gezogen, denn Berlin sei, gemessen an der Wirtschaftskraft, nur an 15. Stelle, was die &#8220;Unterst\u00fctzung&#8221; Kiews angehe. Diese Berechnungen, die, wie M\u00fctzenich entgegnet, vom &#8220;Kiel Institut f\u00fcr Weltwirtschaft&#8221; stammen, w\u00fcrden jedoch &#8220;von vielen in Zweifel gezogen&#8221;. Tats\u00e4chlich sei Berlin der &#8220;zweitgr\u00f6\u00dfte Geber nach den USA, was die absolute Unterst\u00fctzung der Ukraine&#8221; betreffe. Dies w\u00fcssten auch &#8220;die Menschen in Deutschland und der Ukraine&#8221;. Dies m\u00f6chte die <em>FAZ<\/em> wiederum nicht so stehen lassen, denn die absoluten Zahlen seien &#8220;Banalit\u00e4t, weil wir das zweitgr\u00f6\u00dfte Land der NATO sind&#8221;.<\/p>\n<p><strong>&#8220;Kriegst\u00fcchtig&#8221;? \u2013 &#8220;Abwehrf\u00e4higkeit&#8221;<\/strong><\/p>\n<p>M\u00fctzenich kommt im weiteren Verlauf des Gespr\u00e4chs auf das Verh\u00e4ltnis zu den USA, Donald Trump und die Aufr\u00fcstung (ohne diese so zu benennen) zu sprechen. Im Unterschied zur Wortwahl von Verteidigungsminister Boris Pistorius (ebenfalls SPD), der wiederholt von der Notwendigkeit gesprochen hatte, Deutschland &#8220;kriegst\u00fcchtig&#8221; zu machen (<em>RT DE<\/em>\u00a0<a rel=\"nofollow noopener\" target=\"_blank\" href=\"https:\/\/dert.site\/meinung\/229998-deutschlands-kriegstuechtige-zukunft-dank-unermuedlichen\/\">berichtete<\/a>), w\u00e4hlte der Sicherheitspolitiker eine vorsichtigere Formulierung: Es sei &#8220;notwendig, sich vor dem Hintergrund der Aggression Russlands gegen die Ukraine verteidigungsf\u00e4higer zu machen&#8221;. Darunter verstehe er &#8220;vor allem Abwehrf\u00e4higkeit, denn wir wollen ja keine Waffensysteme, die in einem Konflikt vorab eingesetzt werden k\u00f6nnen&#8221;. Man m\u00fcsse zudem mehr auf europ\u00e4ische Zusammenarbeit und &#8220;Synergieeffekte&#8221; setzen, dies sei &#8220;sicher ein kl\u00fcgerer und seri\u00f6serer Ansatz, als \u00fcber zwei Prozent, dreieinhalb Prozent und dann 3,85 oder f\u00fcnf zu debattieren&#8221;. Dennoch: &#8220;Bei der Verteidigung gibt es einen Mangel, und deshalb brauchen wir h\u00f6here Ausgaben.&#8221;<\/p>\n<p><strong>Eigene nukleare &#8220;Abschreckung&#8221; und deutsche Soldaten in die Ukraine?<\/strong><\/p>\n<p>Von der <em>FAZ<\/em> auf das angeblich &#8220;wackelig&#8221; gewordene &#8220;amerikanische Beistandsversprechen&#8221; angesprochen, weshalb es vermeintlich notwendig geworden sei, \u00fcber eine &#8220;eigene nukleare Abschreckung&#8221; nachzudenken, antwortete M\u00fctzenich mit dem Bekenntnis, die Zusammenarbeit zwischen Paris, Warschau und Berlin enger zu gestalten, wies aber mit keinem Wort die Anspielung auf eigene Atomwaffen zur\u00fcck. F\u00fcr die &#8220;USA als solche&#8221; w\u00fcrden die &#8220;Verabredungen des NATO-Vertrags erhalten bleiben&#8221;, meinte der SPD-Politiker.<\/p>\n<p>Hinsichtlich eines Waffenstillstandes in der Ukraine, den US-Pr\u00e4sident Trump anzustreben scheine, und eines &#8220;Einfrierens&#8221; des Konflikts, was auch M\u00fctzenich vorgeschlagen habe, m\u00fcsse Kiew &#8220;Garantien&#8221; erhalten, &#8220;damit Putin sich nicht gleich das n\u00e4chste St\u00fcck holt&#8221;, so die <em>FAZ<\/em>. Dazu der SPD-Politiker: &#8220;Nichts darf \u00fcber die K\u00f6pfe der \u00adUkraine hinweg entschieden werden.&#8221; Allerdings deutet M\u00fctzenich die Bereitschaft an, teilweise auf russische Forderungen einzugehen. So zeigt er sich &#8220;\u00fcberzeugt&#8221;, dass die Abmachungen Washingtons und Moskaus nicht nur die Ukraine betreffen, sondern &#8220;glaubhafte Sicherheitsgarantien und weitere grunds\u00e4tzliche Verabredungen&#8221; beinhalten m\u00fcssten, &#8220;in denen strategische Abr\u00fcstung und R\u00fcstungskontrolle auch eine Rolle spielen&#8221;. So weit sei man &#8220;leider noch lange nicht&#8221;: &#8220;Aber das erfordert gro\u00dfe Staatskunst, gro\u00dfe Pers\u00f6nlichkeiten, und daran herrscht zurzeit gro\u00dfer Mangel.&#8221;<\/p>\n<p>Sollte es zu einem Waffenstillstandsabkommen f\u00fcr die Ukraine kommen, m\u00fcsse es &#8220;glaubhaft \u00fcberwacht und garantiert&#8221; werden, so M\u00fctzenich, der die Vereinten Nationen einbinden will: &#8220;Daf\u00fcr wird es einen Beschluss des UN-Sicherheitsrats geben m\u00fcssen, der sich auf Artikel 51 der UN-Charta beruft.&#8221; Inwieweit dies in Anbetracht der Realit\u00e4ten und der Position Moskaus realistisch ist, fragen weder <em>FAZ<\/em> noch M\u00fctzenich.<\/p>\n<p>Auf die Frage der Interviewer, ob sich eine eventuell in der Ukraine stationierte &#8220;internationale Truppe&#8221; gegen &#8220;russische Provokationen&#8221; \u2013 denkbare oder sogar wahrscheinliche ukrainische Provokationen bleiben ausgeblendet \u2013 &#8220;verteidigen k\u00f6nnen&#8221; m\u00fcsse, meint M\u00fctzenich, diese Notwendigkeit bestehe f\u00fcr &#8220;jede Truppe&#8221;, &#8220;grunds\u00e4tzlich gegen jede Provokation&#8221;. Eine Beteiligung Chinas daran schloss der SPD-Fraktionsvorsitzende nicht aus, aber auch nicht eine Entsendung der Bundeswehr in die Ukraine:<\/p>\n<blockquote>\n<p><em>&#8220;Einige europ\u00e4ische L\u00e4nder haben das f\u00fcr sich ja schon angek\u00fcndigt. In Deutschland entscheidet dar\u00fcber der Bundestag.&#8221;<\/em><\/p>\n<\/blockquote>\n<p><strong>Mehr zum Thema<\/strong> \u2013 <a rel=\"nofollow noopener\" target=\"_blank\" href=\"https:\/\/dert.site\/inland\/235651-tiefgreifende-erschoepfung-altkanzler-gerhard-schroeder\/\">&#8220;Tiefgreifende Ersch\u00f6pfung&#8221;: Altkanzler Gerhard Schr\u00f6der zur Behandlung in Klinik<\/a><\/p>\n<div class=\"EmbedBlock-root EmbedBlock-externalVideo EmbedBlock-rumble\">\n<div class=\"VkEmbed\"><iframe class=\"lazyload\" data-src=\"https:\/\/rumble.com\/embed\/v6g64p4\" frameborder=\"0\" width=\"853\" height=\"480\" allowfullscreen><\/iframe><\/div>\n<\/div>\n<\/div>\n<p><br \/>\n<br \/><a href=\"https:\/\/de.rt.com\/inland\/236167-spd-fraktionschef-muetzenich-bruestet-sich\/\">Source link <\/a><\/p>\n","protected":false},"excerpt":{"rendered":"<p>Der Vorsitzende der SPD-Bundestagsfraktion hat der FAZ ein Interview gegeben, in dem er sich zur Union, Friedrich Merz und den Abstimmungen im Bundestag \u00e4u\u00dferte. Aber der eigentliche Schwerpunkt des Gespr\u00e4chs mit dem &#8220;Sicherheitsexperten&#8221; lag auf der Au\u00dfenpolitik \u2013 und dem Verh\u00e4ltnis zu Moskau. Nach den zu erwartenden Bemerkungen zu den j\u00fcngsten Antr\u00e4gen der Unionsfraktion im [&hellip;]<\/p>\n","protected":false},"author":3,"featured_media":78120,"comment_status":"open","ping_status":"open","sticky":false,"template":"","format":"standard","meta":{"_yoast_indexnow_last_ping":["1739045531"],"wp_automatic_camp":["217"],"ef3c54d88bbd2587e51af05ff7e81514":["SPD-Fraktionschef M\u00fctzenich im FAZ-Interview: &quot;Alle Kontakte nach Russland eingestellt&quot;"],"original_link":["https:\/\/de.rt.com\/inland\/236167-spd-fraktionschef-muetzenich-bruestet-sich\/"],"_thumbnail_id":["78120"],"jnews_social_counter_last_update":["1777268582"],"_wptgpro_p2tg_sent2tg":["a:1:{i:23737;s:19:\"2025-02-08 22:13:33\";}"]},"categories":[19,23],"tags":[51445,62585,30140,35388,979,24399,126,35387],"yoast_head":"<!-- This site is optimized with the Yoast SEO Premium plugin v22.7 (Yoast SEO v22.7) - https:\/\/yoast.com\/wordpress\/plugins\/seo\/ -->\n<title>SPD-Fraktionschef M\u00fctzenich im FAZ-Interview: &quot;Alle Kontakte nach Russland eingestellt&quot; - just-now.NEWS Deutschland<\/title>\n<meta name=\"robots\" content=\"index, follow, max-snippet:-1, max-image-preview:large, max-video-preview:-1\" \/>\n<link rel=\"canonical\" href=\"https:\/\/now-news.de\/de\/deutschland\/spd-fraktionschef-muetzenich-im-faz-interview-alle-kontakte-nach-russland-eingestellt\/\" \/>\n<meta property=\"og:locale\" content=\"de_DE\" \/>\n<meta property=\"og:type\" content=\"article\" \/>\n<meta property=\"og:title\" content=\"SPD-Fraktionschef M\u00fctzenich im FAZ-Interview: &quot;Alle Kontakte nach Russland eingestellt&quot;\" \/>\n<meta property=\"og:description\" content=\"Der Vorsitzende der SPD-Bundestagsfraktion hat der FAZ ein Interview gegeben, in dem er sich zur Union, Friedrich Merz und den Abstimmungen im Bundestag \u00e4u\u00dferte. Aber der eigentliche Schwerpunkt des Gespr\u00e4chs mit dem &#8220;Sicherheitsexperten&#8221; lag auf der Au\u00dfenpolitik \u2013 und dem Verh\u00e4ltnis zu Moskau. Nach den zu erwartenden Bemerkungen zu den j\u00fcngsten Antr\u00e4gen der Unionsfraktion im [&hellip;]\" \/>\n<meta property=\"og:url\" content=\"https:\/\/now-news.de\/de\/deutschland\/spd-fraktionschef-muetzenich-im-faz-interview-alle-kontakte-nach-russland-eingestellt\/\" \/>\n<meta property=\"og:site_name\" content=\"just-now.NEWS Deutschland\" \/>\n<meta property=\"article:publisher\" content=\"https:\/\/www.facebook.com\/wirmachenauf\" \/>\n<meta property=\"article:published_time\" content=\"2025-02-08T20:04:39+00:00\" \/>\n<meta property=\"og:image\" content=\"https:\/\/now-news.de\/de\/wp-content\/uploads\/sites\/3\/2025\/02\/67a7502048fbef46b961596e.jpg\" \/>\n<meta name=\"author\" content=\"rtnews\" \/>\n<meta name=\"twitter:card\" content=\"summary_large_image\" \/>\n<meta name=\"twitter:creator\" content=\"@WirMachenAuf_de\" \/>\n<meta name=\"twitter:site\" content=\"@WirMachenAuf_de\" \/>\n<meta name=\"twitter:label1\" content=\"Verfasst von\" \/>\n\t<meta name=\"twitter:data1\" content=\"rtnews\" \/>\n\t<meta name=\"twitter:label2\" content=\"Gesch\u00e4tzte Lesezeit\" \/>\n\t<meta name=\"twitter:data2\" content=\"6\u00a0Minuten\" \/>\n<script type=\"application\/ld+json\" class=\"yoast-schema-graph\">{\"@context\":\"https:\/\/schema.org\",\"@graph\":[{\"@type\":\"Article\",\"@id\":\"https:\/\/now-news.de\/de\/deutschland\/spd-fraktionschef-muetzenich-im-faz-interview-alle-kontakte-nach-russland-eingestellt\/#article\",\"isPartOf\":{\"@id\":\"https:\/\/now-news.de\/de\/deutschland\/spd-fraktionschef-muetzenich-im-faz-interview-alle-kontakte-nach-russland-eingestellt\/\"},\"author\":{\"name\":\"rtnews\",\"@id\":\"https:\/\/now-news.de\/de\/#\/schema\/person\/fb534a4e865501d8b3285208df34a9b5\"},\"headline\":\"SPD-Fraktionschef M\u00fctzenich im FAZ-Interview: &quot;Alle Kontakte nach Russland eingestellt&quot;\",\"datePublished\":\"2025-02-08T20:04:39+00:00\",\"dateModified\":\"2025-02-08T20:04:39+00:00\",\"mainEntityOfPage\":{\"@id\":\"https:\/\/now-news.de\/de\/deutschland\/spd-fraktionschef-muetzenich-im-faz-interview-alle-kontakte-nach-russland-eingestellt\/\"},\"wordCount\":1164,\"commentCount\":0,\"publisher\":{\"@id\":\"https:\/\/now-news.de\/de\/#organization\"},\"image\":{\"@id\":\"https:\/\/now-news.de\/de\/deutschland\/spd-fraktionschef-muetzenich-im-faz-interview-alle-kontakte-nach-russland-eingestellt\/#primaryimage\"},\"thumbnailUrl\":\"https:\/\/now-news.de\/de\/wp-content\/uploads\/sites\/3\/2025\/02\/SPD-Fraktionschef-Muetzenich-im-FAZ-Interview-quotAlle-Kontakte-nach-Russland-eingestelltquot.jpg\",\"keywords\":[\"eingestelltquot\",\"FAZInterview\",\"Kontakte\",\"M\u00fctzenich\",\"nach\",\"quotAlle\",\"russland\",\"SPDFraktionschef\"],\"articleSection\":[\"Deutschland\",\"Russland\"],\"inLanguage\":\"de\",\"potentialAction\":[{\"@type\":\"CommentAction\",\"name\":\"Comment\",\"target\":[\"https:\/\/now-news.de\/de\/deutschland\/spd-fraktionschef-muetzenich-im-faz-interview-alle-kontakte-nach-russland-eingestellt\/#respond\"]}]},{\"@type\":\"WebPage\",\"@id\":\"https:\/\/now-news.de\/de\/deutschland\/spd-fraktionschef-muetzenich-im-faz-interview-alle-kontakte-nach-russland-eingestellt\/\",\"url\":\"https:\/\/now-news.de\/de\/deutschland\/spd-fraktionschef-muetzenich-im-faz-interview-alle-kontakte-nach-russland-eingestellt\/\",\"name\":\"SPD-Fraktionschef M\u00fctzenich im FAZ-Interview: &quot;Alle Kontakte nach Russland eingestellt&quot; - just-now.NEWS Deutschland\",\"isPartOf\":{\"@id\":\"https:\/\/now-news.de\/de\/#website\"},\"primaryImageOfPage\":{\"@id\":\"https:\/\/now-news.de\/de\/deutschland\/spd-fraktionschef-muetzenich-im-faz-interview-alle-kontakte-nach-russland-eingestellt\/#primaryimage\"},\"image\":{\"@id\":\"https:\/\/now-news.de\/de\/deutschland\/spd-fraktionschef-muetzenich-im-faz-interview-alle-kontakte-nach-russland-eingestellt\/#primaryimage\"},\"thumbnailUrl\":\"https:\/\/now-news.de\/de\/wp-content\/uploads\/sites\/3\/2025\/02\/SPD-Fraktionschef-Muetzenich-im-FAZ-Interview-quotAlle-Kontakte-nach-Russland-eingestelltquot.jpg\",\"datePublished\":\"2025-02-08T20:04:39+00:00\",\"dateModified\":\"2025-02-08T20:04:39+00:00\",\"breadcrumb\":{\"@id\":\"https:\/\/now-news.de\/de\/deutschland\/spd-fraktionschef-muetzenich-im-faz-interview-alle-kontakte-nach-russland-eingestellt\/#breadcrumb\"},\"inLanguage\":\"de\",\"potentialAction\":[{\"@type\":\"ReadAction\",\"target\":[\"https:\/\/now-news.de\/de\/deutschland\/spd-fraktionschef-muetzenich-im-faz-interview-alle-kontakte-nach-russland-eingestellt\/\"]}]},{\"@type\":\"ImageObject\",\"inLanguage\":\"de\",\"@id\":\"https:\/\/now-news.de\/de\/deutschland\/spd-fraktionschef-muetzenich-im-faz-interview-alle-kontakte-nach-russland-eingestellt\/#primaryimage\",\"url\":\"https:\/\/now-news.de\/de\/wp-content\/uploads\/sites\/3\/2025\/02\/SPD-Fraktionschef-Muetzenich-im-FAZ-Interview-quotAlle-Kontakte-nach-Russland-eingestelltquot.jpg\",\"contentUrl\":\"https:\/\/now-news.de\/de\/wp-content\/uploads\/sites\/3\/2025\/02\/SPD-Fraktionschef-Muetzenich-im-FAZ-Interview-quotAlle-Kontakte-nach-Russland-eingestelltquot.jpg\",\"width\":460,\"height\":259,\"caption\":\"SPD-Fraktionschef M\u00fctzenich im FAZ-Interview: &quot;Alle Kontakte nach Russland eingestellt&quot;\"},{\"@type\":\"BreadcrumbList\",\"@id\":\"https:\/\/now-news.de\/de\/deutschland\/spd-fraktionschef-muetzenich-im-faz-interview-alle-kontakte-nach-russland-eingestellt\/#breadcrumb\",\"itemListElement\":[{\"@type\":\"ListItem\",\"position\":1,\"name\":\"Home\",\"item\":\"https:\/\/now-news.de\/de\/\"},{\"@type\":\"ListItem\",\"position\":2,\"name\":\"SPD-Fraktionschef M\u00fctzenich im FAZ-Interview: &quot;Alle Kontakte nach Russland eingestellt&quot;\"}]},{\"@type\":\"WebSite\",\"@id\":\"https:\/\/now-news.de\/de\/#website\",\"url\":\"https:\/\/now-news.de\/de\/\",\"name\":\"just-now.NEWS Deutschland\",\"description\":\"Das Portal f\u00fcr unzensierte Nachrichten aus der Welt\",\"publisher\":{\"@id\":\"https:\/\/now-news.de\/de\/#organization\"},\"potentialAction\":[{\"@type\":\"SearchAction\",\"target\":{\"@type\":\"EntryPoint\",\"urlTemplate\":\"https:\/\/now-news.de\/de\/?s={search_term_string}\"},\"query-input\":\"required name=search_term_string\"}],\"inLanguage\":\"de\"},{\"@type\":\"Organization\",\"@id\":\"https:\/\/now-news.de\/de\/#organization\",\"name\":\"Just Now News\",\"url\":\"https:\/\/now-news.de\/de\/\",\"logo\":{\"@type\":\"ImageObject\",\"inLanguage\":\"de\",\"@id\":\"https:\/\/now-news.de\/de\/#\/schema\/logo\/image\/\",\"url\":\"http:\/\/just-now.news\/de\/wp-content\/uploads\/sites\/3\/2022\/04\/logo500x500.jpg\",\"contentUrl\":\"http:\/\/just-now.news\/de\/wp-content\/uploads\/sites\/3\/2022\/04\/logo500x500.jpg\",\"width\":500,\"height\":500,\"caption\":\"Just Now News\"},\"image\":{\"@id\":\"https:\/\/now-news.de\/de\/#\/schema\/logo\/image\/\"},\"sameAs\":[\"https:\/\/www.facebook.com\/wirmachenauf\",\"https:\/\/x.com\/WirMachenAuf_de\"]},{\"@type\":\"Person\",\"@id\":\"https:\/\/now-news.de\/de\/#\/schema\/person\/fb534a4e865501d8b3285208df34a9b5\",\"name\":\"rtnews\",\"image\":{\"@type\":\"ImageObject\",\"inLanguage\":\"de\",\"@id\":\"https:\/\/now-news.de\/de\/#\/schema\/person\/image\/\",\"url\":\"https:\/\/secure.gravatar.com\/avatar\/82aafea7d8127119dd649515f56e2117?s=96&d=mm&r=g\",\"contentUrl\":\"https:\/\/secure.gravatar.com\/avatar\/82aafea7d8127119dd649515f56e2117?s=96&d=mm&r=g\",\"caption\":\"rtnews\"},\"url\":\"https:\/\/now-news.de\/de\/author\/rnews\/\"}]}<\/script>\n<!-- \/ Yoast SEO Premium plugin. -->","yoast_head_json":{"title":"SPD-Fraktionschef M\u00fctzenich im FAZ-Interview: &quot;Alle Kontakte nach Russland eingestellt&quot; - just-now.NEWS Deutschland","robots":{"index":"index","follow":"follow","max-snippet":"max-snippet:-1","max-image-preview":"max-image-preview:large","max-video-preview":"max-video-preview:-1"},"canonical":"https:\/\/now-news.de\/de\/deutschland\/spd-fraktionschef-muetzenich-im-faz-interview-alle-kontakte-nach-russland-eingestellt\/","og_locale":"de_DE","og_type":"article","og_title":"SPD-Fraktionschef M\u00fctzenich im FAZ-Interview: &quot;Alle Kontakte nach Russland eingestellt&quot;","og_description":"Der Vorsitzende der SPD-Bundestagsfraktion hat der FAZ ein Interview gegeben, in dem er sich zur Union, Friedrich Merz und den Abstimmungen im Bundestag \u00e4u\u00dferte. Aber der eigentliche Schwerpunkt des Gespr\u00e4chs mit dem &#8220;Sicherheitsexperten&#8221; lag auf der Au\u00dfenpolitik \u2013 und dem Verh\u00e4ltnis zu Moskau. Nach den zu erwartenden Bemerkungen zu den j\u00fcngsten Antr\u00e4gen der Unionsfraktion im [&hellip;]","og_url":"https:\/\/now-news.de\/de\/deutschland\/spd-fraktionschef-muetzenich-im-faz-interview-alle-kontakte-nach-russland-eingestellt\/","og_site_name":"just-now.NEWS Deutschland","article_publisher":"https:\/\/www.facebook.com\/wirmachenauf","article_published_time":"2025-02-08T20:04:39+00:00","og_image":[{"url":"https:\/\/now-news.de\/de\/wp-content\/uploads\/sites\/3\/2025\/02\/67a7502048fbef46b961596e.jpg"}],"author":"rtnews","twitter_card":"summary_large_image","twitter_creator":"@WirMachenAuf_de","twitter_site":"@WirMachenAuf_de","twitter_misc":{"Verfasst von":"rtnews","Gesch\u00e4tzte Lesezeit":"6\u00a0Minuten"},"schema":{"@context":"https:\/\/schema.org","@graph":[{"@type":"Article","@id":"https:\/\/now-news.de\/de\/deutschland\/spd-fraktionschef-muetzenich-im-faz-interview-alle-kontakte-nach-russland-eingestellt\/#article","isPartOf":{"@id":"https:\/\/now-news.de\/de\/deutschland\/spd-fraktionschef-muetzenich-im-faz-interview-alle-kontakte-nach-russland-eingestellt\/"},"author":{"name":"rtnews","@id":"https:\/\/now-news.de\/de\/#\/schema\/person\/fb534a4e865501d8b3285208df34a9b5"},"headline":"SPD-Fraktionschef M\u00fctzenich im FAZ-Interview: &quot;Alle Kontakte nach Russland eingestellt&quot;","datePublished":"2025-02-08T20:04:39+00:00","dateModified":"2025-02-08T20:04:39+00:00","mainEntityOfPage":{"@id":"https:\/\/now-news.de\/de\/deutschland\/spd-fraktionschef-muetzenich-im-faz-interview-alle-kontakte-nach-russland-eingestellt\/"},"wordCount":1164,"commentCount":0,"publisher":{"@id":"https:\/\/now-news.de\/de\/#organization"},"image":{"@id":"https:\/\/now-news.de\/de\/deutschland\/spd-fraktionschef-muetzenich-im-faz-interview-alle-kontakte-nach-russland-eingestellt\/#primaryimage"},"thumbnailUrl":"https:\/\/now-news.de\/de\/wp-content\/uploads\/sites\/3\/2025\/02\/SPD-Fraktionschef-Muetzenich-im-FAZ-Interview-quotAlle-Kontakte-nach-Russland-eingestelltquot.jpg","keywords":["eingestelltquot","FAZInterview","Kontakte","M\u00fctzenich","nach","quotAlle","russland","SPDFraktionschef"],"articleSection":["Deutschland","Russland"],"inLanguage":"de","potentialAction":[{"@type":"CommentAction","name":"Comment","target":["https:\/\/now-news.de\/de\/deutschland\/spd-fraktionschef-muetzenich-im-faz-interview-alle-kontakte-nach-russland-eingestellt\/#respond"]}]},{"@type":"WebPage","@id":"https:\/\/now-news.de\/de\/deutschland\/spd-fraktionschef-muetzenich-im-faz-interview-alle-kontakte-nach-russland-eingestellt\/","url":"https:\/\/now-news.de\/de\/deutschland\/spd-fraktionschef-muetzenich-im-faz-interview-alle-kontakte-nach-russland-eingestellt\/","name":"SPD-Fraktionschef M\u00fctzenich im FAZ-Interview: &quot;Alle Kontakte nach Russland eingestellt&quot; - just-now.NEWS Deutschland","isPartOf":{"@id":"https:\/\/now-news.de\/de\/#website"},"primaryImageOfPage":{"@id":"https:\/\/now-news.de\/de\/deutschland\/spd-fraktionschef-muetzenich-im-faz-interview-alle-kontakte-nach-russland-eingestellt\/#primaryimage"},"image":{"@id":"https:\/\/now-news.de\/de\/deutschland\/spd-fraktionschef-muetzenich-im-faz-interview-alle-kontakte-nach-russland-eingestellt\/#primaryimage"},"thumbnailUrl":"https:\/\/now-news.de\/de\/wp-content\/uploads\/sites\/3\/2025\/02\/SPD-Fraktionschef-Muetzenich-im-FAZ-Interview-quotAlle-Kontakte-nach-Russland-eingestelltquot.jpg","datePublished":"2025-02-08T20:04:39+00:00","dateModified":"2025-02-08T20:04:39+00:00","breadcrumb":{"@id":"https:\/\/now-news.de\/de\/deutschland\/spd-fraktionschef-muetzenich-im-faz-interview-alle-kontakte-nach-russland-eingestellt\/#breadcrumb"},"inLanguage":"de","potentialAction":[{"@type":"ReadAction","target":["https:\/\/now-news.de\/de\/deutschland\/spd-fraktionschef-muetzenich-im-faz-interview-alle-kontakte-nach-russland-eingestellt\/"]}]},{"@type":"ImageObject","inLanguage":"de","@id":"https:\/\/now-news.de\/de\/deutschland\/spd-fraktionschef-muetzenich-im-faz-interview-alle-kontakte-nach-russland-eingestellt\/#primaryimage","url":"https:\/\/now-news.de\/de\/wp-content\/uploads\/sites\/3\/2025\/02\/SPD-Fraktionschef-Muetzenich-im-FAZ-Interview-quotAlle-Kontakte-nach-Russland-eingestelltquot.jpg","contentUrl":"https:\/\/now-news.de\/de\/wp-content\/uploads\/sites\/3\/2025\/02\/SPD-Fraktionschef-Muetzenich-im-FAZ-Interview-quotAlle-Kontakte-nach-Russland-eingestelltquot.jpg","width":460,"height":259,"caption":"SPD-Fraktionschef M\u00fctzenich im FAZ-Interview: &quot;Alle Kontakte nach Russland eingestellt&quot;"},{"@type":"BreadcrumbList","@id":"https:\/\/now-news.de\/de\/deutschland\/spd-fraktionschef-muetzenich-im-faz-interview-alle-kontakte-nach-russland-eingestellt\/#breadcrumb","itemListElement":[{"@type":"ListItem","position":1,"name":"Home","item":"https:\/\/now-news.de\/de\/"},{"@type":"ListItem","position":2,"name":"SPD-Fraktionschef M\u00fctzenich im FAZ-Interview: &quot;Alle Kontakte nach Russland eingestellt&quot;"}]},{"@type":"WebSite","@id":"https:\/\/now-news.de\/de\/#website","url":"https:\/\/now-news.de\/de\/","name":"just-now.NEWS Deutschland","description":"Das Portal f\u00fcr unzensierte Nachrichten aus der Welt","publisher":{"@id":"https:\/\/now-news.de\/de\/#organization"},"potentialAction":[{"@type":"SearchAction","target":{"@type":"EntryPoint","urlTemplate":"https:\/\/now-news.de\/de\/?s={search_term_string}"},"query-input":"required name=search_term_string"}],"inLanguage":"de"},{"@type":"Organization","@id":"https:\/\/now-news.de\/de\/#organization","name":"Just Now News","url":"https:\/\/now-news.de\/de\/","logo":{"@type":"ImageObject","inLanguage":"de","@id":"https:\/\/now-news.de\/de\/#\/schema\/logo\/image\/","url":"http:\/\/just-now.news\/de\/wp-content\/uploads\/sites\/3\/2022\/04\/logo500x500.jpg","contentUrl":"http:\/\/just-now.news\/de\/wp-content\/uploads\/sites\/3\/2022\/04\/logo500x500.jpg","width":500,"height":500,"caption":"Just Now News"},"image":{"@id":"https:\/\/now-news.de\/de\/#\/schema\/logo\/image\/"},"sameAs":["https:\/\/www.facebook.com\/wirmachenauf","https:\/\/x.com\/WirMachenAuf_de"]},{"@type":"Person","@id":"https:\/\/now-news.de\/de\/#\/schema\/person\/fb534a4e865501d8b3285208df34a9b5","name":"rtnews","image":{"@type":"ImageObject","inLanguage":"de","@id":"https:\/\/now-news.de\/de\/#\/schema\/person\/image\/","url":"https:\/\/secure.gravatar.com\/avatar\/82aafea7d8127119dd649515f56e2117?s=96&d=mm&r=g","contentUrl":"https:\/\/secure.gravatar.com\/avatar\/82aafea7d8127119dd649515f56e2117?s=96&d=mm&r=g","caption":"rtnews"},"url":"https:\/\/now-news.de\/de\/author\/rnews\/"}]}},"_links":{"self":[{"href":"https:\/\/now-news.de\/de\/wp-json\/wp\/v2\/posts\/78119"}],"collection":[{"href":"https:\/\/now-news.de\/de\/wp-json\/wp\/v2\/posts"}],"about":[{"href":"https:\/\/now-news.de\/de\/wp-json\/wp\/v2\/types\/post"}],"author":[{"embeddable":true,"href":"https:\/\/now-news.de\/de\/wp-json\/wp\/v2\/users\/3"}],"replies":[{"embeddable":true,"href":"https:\/\/now-news.de\/de\/wp-json\/wp\/v2\/comments?post=78119"}],"version-history":[{"count":0,"href":"https:\/\/now-news.de\/de\/wp-json\/wp\/v2\/posts\/78119\/revisions"}],"wp:featuredmedia":[{"embeddable":true,"href":"https:\/\/now-news.de\/de\/wp-json\/wp\/v2\/media\/78120"}],"wp:attachment":[{"href":"https:\/\/now-news.de\/de\/wp-json\/wp\/v2\/media?parent=78119"}],"wp:term":[{"taxonomy":"category","embeddable":true,"href":"https:\/\/now-news.de\/de\/wp-json\/wp\/v2\/categories?post=78119"},{"taxonomy":"post_tag","embeddable":true,"href":"https:\/\/now-news.de\/de\/wp-json\/wp\/v2\/tags?post=78119"}],"curies":[{"name":"wp","href":"https:\/\/api.w.org\/{rel}","templated":true}]}}