{"id":78097,"date":"2025-02-08T16:02:01","date_gmt":"2025-02-08T14:02:01","guid":{"rendered":"https:\/\/now-news.de\/de\/deutschland\/die-schweiz-soll-das-kluegste-land-der-welt-sein\/"},"modified":"2025-02-08T16:02:01","modified_gmt":"2025-02-08T14:02:01","slug":"die-schweiz-soll-das-kluegste-land-der-welt-sein","status":"publish","type":"post","link":"https:\/\/now-news.de\/de\/deutschland\/die-schweiz-soll-das-kluegste-land-der-welt-sein\/","title":{"rendered":"Die Schweiz soll das kl\u00fcgste Land der Welt sein"},"content":{"rendered":"<p><img decoding=\"async\" src=\"https:\/\/now-news.de\/de\/wp-content\/uploads\/sites\/3\/2025\/02\/67a7411248fbef14757292b2.png\" \/><\/p>\n<div class=\"Text-root Text-type_1 \">\n                Die Schweiz wurde als das intelligenteste Land der Welt eingestuft. Bewertet wurden Nobelpreis-Nominierungen, Universit\u00e4tsrankings sowie der IQ und Bildungsstand der Bev\u00f6lkerung. Die Schweiz erreichte 92,02 Punkte und liegt damit vor Gro\u00dfbritannien und den USA. Die Studie zeigt, dass Bildungsausgaben den Intelligenzgrad beeinflussen.\n            <\/div>\n<p><\/p>\n<div class=\"Text-root Text-type_5 ArticleView-text ViewText-root \">\n<p data-pm-slice=\"1 1 []\">Die Schweiz wurde in einer aktuellen Untersuchung als das intelligenteste Land der Welt eingestuft. Die Studie, die Faktoren wie Nobelpreis-Nominierungen, den Bildungsstand der Bev\u00f6lkerung und den durchschnittlichen IQ ber\u00fccksichtigt, vergleicht 44 L\u00e4nder anhand wissenschaftlich relevanter Kriterien.<\/p>\n<p data-pm-slice=\"1 1 []\">Die USA belegen den dritten Platz und sind das einzige nicht europ\u00e4ische Land in den Top Ten.<\/p>\n<p>Die Studie basiert auf Datenquellen wie der Nobelpreis-Organisation, dem World Population Review und der Weltbank. Bewertet wurden unter anderem die Anzahl der Nobelpreis-Nominierungen, Universit\u00e4tsrankings, die durchschnittliche nationale Intelligenzquote sowie der Anteil der Bev\u00f6lkerung mit akademischem Abschluss.<\/p>\n<p>Die Schweiz konnte in allen Kategorien Spitzenwerte erzielen. Laut den Daten wurden 1.099 Nobelpreis-Nominierungen verzeichnet, der durchschnittliche nationale IQ liegt bei 99,24 Punkten. Zudem verf\u00fcgen 40 Prozent der Einwohner \u00fcber einen Bachelor-Abschluss, w\u00e4hrend 18 Prozent einen Master-Abschluss oder eine gleichwertige Qualifikation besitzen. Auch 32 Universit\u00e4ten des Landes wurden f\u00fcr den Nobelpreis nominiert.<\/p>\n<p>Die Rangliste zeigt eine klare Dominanz der europ\u00e4ischen Staaten. Neben der Schweiz auf Platz eins belegt das Vereinigte K\u00f6nigreich mit 89,40 Punkten Rang zwei. Die USA folgen auf Platz drei.<\/p>\n<p>Deutschland rangiert auf Platz sieben und erzielt insbesondere bei Nobelpreis-Nominierungen und IQ-Werten hohe Ergebnisse, wird jedoch durch einen vergleichsweise geringeren Anteil an akademischen Abschl\u00fcssen in der Gesamtbewertung zur\u00fcckgestuft.<\/p>\n<p data-pm-slice=\"1 1 []\">Frankreich belegt den 17. Platz und schneidet besser ab als Spanien (Platz 25) und Italien (Platz 32). Die Schlusslichter der Rangliste bilden Bosnien, Nordmazedonien und Albanien mit Punktwerten knapp \u00fcber 20. Die Studie deutet darauf hin, dass Bildungs- und Forschungsinvestitionen einen entscheidenden Einfluss auf die Platzierungen haben.<\/p>\n<p>Die britische Zeitung <em>Express<\/em> hob in ihrer Berichterstattung hervor, dass die Schweiz nicht nur f\u00fcr ihre Schokolade und ihren K\u00e4se bekannt sei, sondern auch durch ihre hochkar\u00e4tige Bildungslandschaft. Besonders bemerkenswert sei der hohe Anteil der Bev\u00f6lkerung mit Hochschulabschluss und das Bildungssystem.<\/p>\n<p>Unabh\u00e4ngig von dieser Rangliste wurde die Schweiz auch im Global Innovation Index der Vereinten Nationen erneut als das innovativste Land der Welt ausgezeichnet. Sie verteidigte ihren Spitzenplatz vor Schweden und den USA. Deutschland belegt in diesem Ranking Platz acht. Die Studie bewertet 132 Volkswirtschaften anhand von 80 Kriterien, darunter Investitionen in Forschung und Entwicklung sowie die digitale Infrastruktur. Auch hier bleibt die Schweiz an der Spitze der globalen Innovationslandschaft.<\/p>\n<p>Obwohl die Rangliste interessante Erkenntnisse liefert, bleibt die Messung von Intelligenz auf nationaler Ebene komplex. Faktoren wie historische Bildungsinvestitionen und Forschungsf\u00f6rderung spielen eine entscheidende Rolle. Nobelpreise gelten beispielsweise als Indikator f\u00fcr langfristige wissenschaftliche Exzellenz, reflektieren jedoch eher vergangene Erfolge als aktuelle Entwicklungen.<\/p>\n<p>Dennoch verdeutlichen die Ergebnisse die herausragende Stellung der Schweiz in den Bereichen Bildung, Forschung und Innovation. W\u00e4hrend methodische Unterschiede in verschiedenen Studien zu unterschiedlichen Ergebnissen f\u00fchren k\u00f6nnen, untermauern die Analysen insgesamt die starke intellektuelle Position des Landes im globalen Vergleich.<\/p>\n<p><strong>Mehr zum Thema<\/strong>\u00a0\u2012\u00a0<a rel=\"nofollow noopener\" target=\"_blank\" href=\"https:\/\/freedert.online\/schweiz\/222392-russen-panik-in-schweizer-medien\/\">Russen-Panik in den Schweizer Medien: Spione aus Russland \u00fcberall \u2013 doch von Amerikanern keine Spur<\/a><\/p>\n<div class=\"EmbedBlock-root EmbedBlock-externalVideo EmbedBlock-rumble\">\n<div class=\"VkEmbed\"><iframe class=\"lazyload\" data-src=\"https:\/\/rumble.com\/embed\/v5mbbwe\" frameborder=\"0\" width=\"853\" height=\"480\" allowfullscreen><\/iframe><\/div>\n<\/div>\n<\/div>\n<p><br \/>\n<br \/><a href=\"https:\/\/de.rt.com\/schweiz\/236158-schweiz-ist-kluegste-land-welt\/\">Source link <\/a><\/p>\n","protected":false},"excerpt":{"rendered":"<p>Die Schweiz wurde als das intelligenteste Land der Welt eingestuft. Bewertet wurden Nobelpreis-Nominierungen, Universit\u00e4tsrankings sowie der IQ und Bildungsstand der Bev\u00f6lkerung. Die Schweiz erreichte 92,02 Punkte und liegt damit vor Gro\u00dfbritannien und den USA. Die Studie zeigt, dass Bildungsausgaben den Intelligenzgrad beeinflussen. Die Schweiz wurde in einer aktuellen Untersuchung als das intelligenteste Land der Welt [&hellip;]<\/p>\n","protected":false},"author":3,"featured_media":78098,"comment_status":"open","ping_status":"open","sticky":false,"template":"","format":"standard","meta":{"_yoast_indexnow_last_ping":["1739024277"],"wp_automatic_camp":["217"],"f11182e9d37da139dcaad8fb4cfa2982":["Die Schweiz soll das kl\u00fcgste Land der Welt sein"],"original_link":["https:\/\/de.rt.com\/schweiz\/236158-schweiz-ist-kluegste-land-welt\/"],"_thumbnail_id":["78098"],"jnews_social_counter_last_update":["1777196400"],"_wptgpro_p2tg_sent2tg":["a:1:{i:23737;s:19:\"2025-02-08 16:18:59\";}"]},"categories":[19,23],"tags":[427,82,45,62580,7414,4207,3950,766,778],"yoast_head":"<!-- This site is optimized with the Yoast SEO Premium plugin v22.7 (Yoast SEO v22.7) - https:\/\/yoast.com\/wordpress\/plugins\/seo\/ -->\n<title>Die Schweiz soll das kl\u00fcgste Land der Welt sein - just-now.NEWS Deutschland<\/title>\n<meta name=\"robots\" content=\"index, follow, max-snippet:-1, max-image-preview:large, max-video-preview:-1\" \/>\n<link rel=\"canonical\" href=\"https:\/\/now-news.de\/de\/deutschland\/die-schweiz-soll-das-kluegste-land-der-welt-sein\/\" \/>\n<meta property=\"og:locale\" content=\"de_DE\" \/>\n<meta property=\"og:type\" content=\"article\" \/>\n<meta property=\"og:title\" content=\"Die Schweiz soll das kl\u00fcgste Land der Welt sein\" \/>\n<meta property=\"og:description\" content=\"Die Schweiz wurde als das intelligenteste Land der Welt eingestuft. Bewertet wurden Nobelpreis-Nominierungen, Universit\u00e4tsrankings sowie der IQ und Bildungsstand der Bev\u00f6lkerung. Die Schweiz erreichte 92,02 Punkte und liegt damit vor Gro\u00dfbritannien und den USA. Die Studie zeigt, dass Bildungsausgaben den Intelligenzgrad beeinflussen. Die Schweiz wurde in einer aktuellen Untersuchung als das intelligenteste Land der Welt [&hellip;]\" \/>\n<meta property=\"og:url\" content=\"https:\/\/now-news.de\/de\/deutschland\/die-schweiz-soll-das-kluegste-land-der-welt-sein\/\" \/>\n<meta property=\"og:site_name\" content=\"just-now.NEWS Deutschland\" \/>\n<meta property=\"article:publisher\" content=\"https:\/\/www.facebook.com\/wirmachenauf\" \/>\n<meta property=\"article:published_time\" content=\"2025-02-08T14:02:01+00:00\" \/>\n<meta property=\"og:image\" content=\"https:\/\/now-news.de\/de\/wp-content\/uploads\/sites\/3\/2025\/02\/67a7411248fbef14757292b2.png\" \/>\n<meta name=\"author\" content=\"rtnews\" \/>\n<meta name=\"twitter:card\" content=\"summary_large_image\" \/>\n<meta name=\"twitter:creator\" content=\"@WirMachenAuf_de\" \/>\n<meta name=\"twitter:site\" content=\"@WirMachenAuf_de\" \/>\n<meta name=\"twitter:label1\" content=\"Verfasst von\" \/>\n\t<meta name=\"twitter:data1\" content=\"rtnews\" \/>\n\t<meta name=\"twitter:label2\" content=\"Gesch\u00e4tzte Lesezeit\" \/>\n\t<meta name=\"twitter:data2\" content=\"3\u00a0Minuten\" \/>\n<script type=\"application\/ld+json\" class=\"yoast-schema-graph\">{\"@context\":\"https:\/\/schema.org\",\"@graph\":[{\"@type\":\"Article\",\"@id\":\"https:\/\/now-news.de\/de\/deutschland\/die-schweiz-soll-das-kluegste-land-der-welt-sein\/#article\",\"isPartOf\":{\"@id\":\"https:\/\/now-news.de\/de\/deutschland\/die-schweiz-soll-das-kluegste-land-der-welt-sein\/\"},\"author\":{\"name\":\"rtnews\",\"@id\":\"https:\/\/now-news.de\/de\/#\/schema\/person\/fb534a4e865501d8b3285208df34a9b5\"},\"headline\":\"Die Schweiz soll das kl\u00fcgste Land der Welt sein\",\"datePublished\":\"2025-02-08T14:02:01+00:00\",\"dateModified\":\"2025-02-08T14:02:01+00:00\",\"mainEntityOfPage\":{\"@id\":\"https:\/\/now-news.de\/de\/deutschland\/die-schweiz-soll-das-kluegste-land-der-welt-sein\/\"},\"wordCount\":523,\"commentCount\":0,\"publisher\":{\"@id\":\"https:\/\/now-news.de\/de\/#organization\"},\"image\":{\"@id\":\"https:\/\/now-news.de\/de\/deutschland\/die-schweiz-soll-das-kluegste-land-der-welt-sein\/#primaryimage\"},\"thumbnailUrl\":\"https:\/\/now-news.de\/de\/wp-content\/uploads\/sites\/3\/2025\/02\/Die-Schweiz-soll-das-kluegste-Land-der-Welt-sein.png\",\"keywords\":[\"das\",\"der\",\"die\",\"kl\u00fcgste\",\"Land\",\"schweiz\",\"sein\",\"soll\",\"Welt\"],\"articleSection\":[\"Deutschland\",\"Russland\"],\"inLanguage\":\"de\",\"potentialAction\":[{\"@type\":\"CommentAction\",\"name\":\"Comment\",\"target\":[\"https:\/\/now-news.de\/de\/deutschland\/die-schweiz-soll-das-kluegste-land-der-welt-sein\/#respond\"]}]},{\"@type\":\"WebPage\",\"@id\":\"https:\/\/now-news.de\/de\/deutschland\/die-schweiz-soll-das-kluegste-land-der-welt-sein\/\",\"url\":\"https:\/\/now-news.de\/de\/deutschland\/die-schweiz-soll-das-kluegste-land-der-welt-sein\/\",\"name\":\"Die Schweiz soll das kl\u00fcgste Land der Welt sein - just-now.NEWS Deutschland\",\"isPartOf\":{\"@id\":\"https:\/\/now-news.de\/de\/#website\"},\"primaryImageOfPage\":{\"@id\":\"https:\/\/now-news.de\/de\/deutschland\/die-schweiz-soll-das-kluegste-land-der-welt-sein\/#primaryimage\"},\"image\":{\"@id\":\"https:\/\/now-news.de\/de\/deutschland\/die-schweiz-soll-das-kluegste-land-der-welt-sein\/#primaryimage\"},\"thumbnailUrl\":\"https:\/\/now-news.de\/de\/wp-content\/uploads\/sites\/3\/2025\/02\/Die-Schweiz-soll-das-kluegste-Land-der-Welt-sein.png\",\"datePublished\":\"2025-02-08T14:02:01+00:00\",\"dateModified\":\"2025-02-08T14:02:01+00:00\",\"breadcrumb\":{\"@id\":\"https:\/\/now-news.de\/de\/deutschland\/die-schweiz-soll-das-kluegste-land-der-welt-sein\/#breadcrumb\"},\"inLanguage\":\"de\",\"potentialAction\":[{\"@type\":\"ReadAction\",\"target\":[\"https:\/\/now-news.de\/de\/deutschland\/die-schweiz-soll-das-kluegste-land-der-welt-sein\/\"]}]},{\"@type\":\"ImageObject\",\"inLanguage\":\"de\",\"@id\":\"https:\/\/now-news.de\/de\/deutschland\/die-schweiz-soll-das-kluegste-land-der-welt-sein\/#primaryimage\",\"url\":\"https:\/\/now-news.de\/de\/wp-content\/uploads\/sites\/3\/2025\/02\/Die-Schweiz-soll-das-kluegste-Land-der-Welt-sein.png\",\"contentUrl\":\"https:\/\/now-news.de\/de\/wp-content\/uploads\/sites\/3\/2025\/02\/Die-Schweiz-soll-das-kluegste-Land-der-Welt-sein.png\",\"width\":460,\"height\":259,\"caption\":\"Die Schweiz soll das kl\u00fcgste Land der Welt sein\"},{\"@type\":\"BreadcrumbList\",\"@id\":\"https:\/\/now-news.de\/de\/deutschland\/die-schweiz-soll-das-kluegste-land-der-welt-sein\/#breadcrumb\",\"itemListElement\":[{\"@type\":\"ListItem\",\"position\":1,\"name\":\"Home\",\"item\":\"https:\/\/now-news.de\/de\/\"},{\"@type\":\"ListItem\",\"position\":2,\"name\":\"Die Schweiz soll das kl\u00fcgste Land der Welt sein\"}]},{\"@type\":\"WebSite\",\"@id\":\"https:\/\/now-news.de\/de\/#website\",\"url\":\"https:\/\/now-news.de\/de\/\",\"name\":\"just-now.NEWS Deutschland\",\"description\":\"Das Portal f\u00fcr unzensierte Nachrichten aus der Welt\",\"publisher\":{\"@id\":\"https:\/\/now-news.de\/de\/#organization\"},\"potentialAction\":[{\"@type\":\"SearchAction\",\"target\":{\"@type\":\"EntryPoint\",\"urlTemplate\":\"https:\/\/now-news.de\/de\/?s={search_term_string}\"},\"query-input\":\"required name=search_term_string\"}],\"inLanguage\":\"de\"},{\"@type\":\"Organization\",\"@id\":\"https:\/\/now-news.de\/de\/#organization\",\"name\":\"Just Now News\",\"url\":\"https:\/\/now-news.de\/de\/\",\"logo\":{\"@type\":\"ImageObject\",\"inLanguage\":\"de\",\"@id\":\"https:\/\/now-news.de\/de\/#\/schema\/logo\/image\/\",\"url\":\"http:\/\/just-now.news\/de\/wp-content\/uploads\/sites\/3\/2022\/04\/logo500x500.jpg\",\"contentUrl\":\"http:\/\/just-now.news\/de\/wp-content\/uploads\/sites\/3\/2022\/04\/logo500x500.jpg\",\"width\":500,\"height\":500,\"caption\":\"Just Now News\"},\"image\":{\"@id\":\"https:\/\/now-news.de\/de\/#\/schema\/logo\/image\/\"},\"sameAs\":[\"https:\/\/www.facebook.com\/wirmachenauf\",\"https:\/\/x.com\/WirMachenAuf_de\"]},{\"@type\":\"Person\",\"@id\":\"https:\/\/now-news.de\/de\/#\/schema\/person\/fb534a4e865501d8b3285208df34a9b5\",\"name\":\"rtnews\",\"image\":{\"@type\":\"ImageObject\",\"inLanguage\":\"de\",\"@id\":\"https:\/\/now-news.de\/de\/#\/schema\/person\/image\/\",\"url\":\"https:\/\/secure.gravatar.com\/avatar\/82aafea7d8127119dd649515f56e2117?s=96&d=mm&r=g\",\"contentUrl\":\"https:\/\/secure.gravatar.com\/avatar\/82aafea7d8127119dd649515f56e2117?s=96&d=mm&r=g\",\"caption\":\"rtnews\"},\"url\":\"https:\/\/now-news.de\/de\/author\/rnews\/\"}]}<\/script>\n<!-- \/ Yoast SEO Premium plugin. -->","yoast_head_json":{"title":"Die Schweiz soll das kl\u00fcgste Land der Welt sein - just-now.NEWS Deutschland","robots":{"index":"index","follow":"follow","max-snippet":"max-snippet:-1","max-image-preview":"max-image-preview:large","max-video-preview":"max-video-preview:-1"},"canonical":"https:\/\/now-news.de\/de\/deutschland\/die-schweiz-soll-das-kluegste-land-der-welt-sein\/","og_locale":"de_DE","og_type":"article","og_title":"Die Schweiz soll das kl\u00fcgste Land der Welt sein","og_description":"Die Schweiz wurde als das intelligenteste Land der Welt eingestuft. Bewertet wurden Nobelpreis-Nominierungen, Universit\u00e4tsrankings sowie der IQ und Bildungsstand der Bev\u00f6lkerung. Die Schweiz erreichte 92,02 Punkte und liegt damit vor Gro\u00dfbritannien und den USA. Die Studie zeigt, dass Bildungsausgaben den Intelligenzgrad beeinflussen. Die Schweiz wurde in einer aktuellen Untersuchung als das intelligenteste Land der Welt [&hellip;]","og_url":"https:\/\/now-news.de\/de\/deutschland\/die-schweiz-soll-das-kluegste-land-der-welt-sein\/","og_site_name":"just-now.NEWS Deutschland","article_publisher":"https:\/\/www.facebook.com\/wirmachenauf","article_published_time":"2025-02-08T14:02:01+00:00","og_image":[{"url":"https:\/\/now-news.de\/de\/wp-content\/uploads\/sites\/3\/2025\/02\/67a7411248fbef14757292b2.png"}],"author":"rtnews","twitter_card":"summary_large_image","twitter_creator":"@WirMachenAuf_de","twitter_site":"@WirMachenAuf_de","twitter_misc":{"Verfasst von":"rtnews","Gesch\u00e4tzte Lesezeit":"3\u00a0Minuten"},"schema":{"@context":"https:\/\/schema.org","@graph":[{"@type":"Article","@id":"https:\/\/now-news.de\/de\/deutschland\/die-schweiz-soll-das-kluegste-land-der-welt-sein\/#article","isPartOf":{"@id":"https:\/\/now-news.de\/de\/deutschland\/die-schweiz-soll-das-kluegste-land-der-welt-sein\/"},"author":{"name":"rtnews","@id":"https:\/\/now-news.de\/de\/#\/schema\/person\/fb534a4e865501d8b3285208df34a9b5"},"headline":"Die Schweiz soll das kl\u00fcgste Land der Welt sein","datePublished":"2025-02-08T14:02:01+00:00","dateModified":"2025-02-08T14:02:01+00:00","mainEntityOfPage":{"@id":"https:\/\/now-news.de\/de\/deutschland\/die-schweiz-soll-das-kluegste-land-der-welt-sein\/"},"wordCount":523,"commentCount":0,"publisher":{"@id":"https:\/\/now-news.de\/de\/#organization"},"image":{"@id":"https:\/\/now-news.de\/de\/deutschland\/die-schweiz-soll-das-kluegste-land-der-welt-sein\/#primaryimage"},"thumbnailUrl":"https:\/\/now-news.de\/de\/wp-content\/uploads\/sites\/3\/2025\/02\/Die-Schweiz-soll-das-kluegste-Land-der-Welt-sein.png","keywords":["das","der","die","kl\u00fcgste","Land","schweiz","sein","soll","Welt"],"articleSection":["Deutschland","Russland"],"inLanguage":"de","potentialAction":[{"@type":"CommentAction","name":"Comment","target":["https:\/\/now-news.de\/de\/deutschland\/die-schweiz-soll-das-kluegste-land-der-welt-sein\/#respond"]}]},{"@type":"WebPage","@id":"https:\/\/now-news.de\/de\/deutschland\/die-schweiz-soll-das-kluegste-land-der-welt-sein\/","url":"https:\/\/now-news.de\/de\/deutschland\/die-schweiz-soll-das-kluegste-land-der-welt-sein\/","name":"Die Schweiz soll das kl\u00fcgste Land der Welt sein - just-now.NEWS Deutschland","isPartOf":{"@id":"https:\/\/now-news.de\/de\/#website"},"primaryImageOfPage":{"@id":"https:\/\/now-news.de\/de\/deutschland\/die-schweiz-soll-das-kluegste-land-der-welt-sein\/#primaryimage"},"image":{"@id":"https:\/\/now-news.de\/de\/deutschland\/die-schweiz-soll-das-kluegste-land-der-welt-sein\/#primaryimage"},"thumbnailUrl":"https:\/\/now-news.de\/de\/wp-content\/uploads\/sites\/3\/2025\/02\/Die-Schweiz-soll-das-kluegste-Land-der-Welt-sein.png","datePublished":"2025-02-08T14:02:01+00:00","dateModified":"2025-02-08T14:02:01+00:00","breadcrumb":{"@id":"https:\/\/now-news.de\/de\/deutschland\/die-schweiz-soll-das-kluegste-land-der-welt-sein\/#breadcrumb"},"inLanguage":"de","potentialAction":[{"@type":"ReadAction","target":["https:\/\/now-news.de\/de\/deutschland\/die-schweiz-soll-das-kluegste-land-der-welt-sein\/"]}]},{"@type":"ImageObject","inLanguage":"de","@id":"https:\/\/now-news.de\/de\/deutschland\/die-schweiz-soll-das-kluegste-land-der-welt-sein\/#primaryimage","url":"https:\/\/now-news.de\/de\/wp-content\/uploads\/sites\/3\/2025\/02\/Die-Schweiz-soll-das-kluegste-Land-der-Welt-sein.png","contentUrl":"https:\/\/now-news.de\/de\/wp-content\/uploads\/sites\/3\/2025\/02\/Die-Schweiz-soll-das-kluegste-Land-der-Welt-sein.png","width":460,"height":259,"caption":"Die Schweiz soll das kl\u00fcgste Land der Welt sein"},{"@type":"BreadcrumbList","@id":"https:\/\/now-news.de\/de\/deutschland\/die-schweiz-soll-das-kluegste-land-der-welt-sein\/#breadcrumb","itemListElement":[{"@type":"ListItem","position":1,"name":"Home","item":"https:\/\/now-news.de\/de\/"},{"@type":"ListItem","position":2,"name":"Die Schweiz soll das kl\u00fcgste Land der Welt sein"}]},{"@type":"WebSite","@id":"https:\/\/now-news.de\/de\/#website","url":"https:\/\/now-news.de\/de\/","name":"just-now.NEWS Deutschland","description":"Das Portal f\u00fcr unzensierte Nachrichten aus der Welt","publisher":{"@id":"https:\/\/now-news.de\/de\/#organization"},"potentialAction":[{"@type":"SearchAction","target":{"@type":"EntryPoint","urlTemplate":"https:\/\/now-news.de\/de\/?s={search_term_string}"},"query-input":"required name=search_term_string"}],"inLanguage":"de"},{"@type":"Organization","@id":"https:\/\/now-news.de\/de\/#organization","name":"Just Now News","url":"https:\/\/now-news.de\/de\/","logo":{"@type":"ImageObject","inLanguage":"de","@id":"https:\/\/now-news.de\/de\/#\/schema\/logo\/image\/","url":"http:\/\/just-now.news\/de\/wp-content\/uploads\/sites\/3\/2022\/04\/logo500x500.jpg","contentUrl":"http:\/\/just-now.news\/de\/wp-content\/uploads\/sites\/3\/2022\/04\/logo500x500.jpg","width":500,"height":500,"caption":"Just Now News"},"image":{"@id":"https:\/\/now-news.de\/de\/#\/schema\/logo\/image\/"},"sameAs":["https:\/\/www.facebook.com\/wirmachenauf","https:\/\/x.com\/WirMachenAuf_de"]},{"@type":"Person","@id":"https:\/\/now-news.de\/de\/#\/schema\/person\/fb534a4e865501d8b3285208df34a9b5","name":"rtnews","image":{"@type":"ImageObject","inLanguage":"de","@id":"https:\/\/now-news.de\/de\/#\/schema\/person\/image\/","url":"https:\/\/secure.gravatar.com\/avatar\/82aafea7d8127119dd649515f56e2117?s=96&d=mm&r=g","contentUrl":"https:\/\/secure.gravatar.com\/avatar\/82aafea7d8127119dd649515f56e2117?s=96&d=mm&r=g","caption":"rtnews"},"url":"https:\/\/now-news.de\/de\/author\/rnews\/"}]}},"_links":{"self":[{"href":"https:\/\/now-news.de\/de\/wp-json\/wp\/v2\/posts\/78097"}],"collection":[{"href":"https:\/\/now-news.de\/de\/wp-json\/wp\/v2\/posts"}],"about":[{"href":"https:\/\/now-news.de\/de\/wp-json\/wp\/v2\/types\/post"}],"author":[{"embeddable":true,"href":"https:\/\/now-news.de\/de\/wp-json\/wp\/v2\/users\/3"}],"replies":[{"embeddable":true,"href":"https:\/\/now-news.de\/de\/wp-json\/wp\/v2\/comments?post=78097"}],"version-history":[{"count":0,"href":"https:\/\/now-news.de\/de\/wp-json\/wp\/v2\/posts\/78097\/revisions"}],"wp:featuredmedia":[{"embeddable":true,"href":"https:\/\/now-news.de\/de\/wp-json\/wp\/v2\/media\/78098"}],"wp:attachment":[{"href":"https:\/\/now-news.de\/de\/wp-json\/wp\/v2\/media?parent=78097"}],"wp:term":[{"taxonomy":"category","embeddable":true,"href":"https:\/\/now-news.de\/de\/wp-json\/wp\/v2\/categories?post=78097"},{"taxonomy":"post_tag","embeddable":true,"href":"https:\/\/now-news.de\/de\/wp-json\/wp\/v2\/tags?post=78097"}],"curies":[{"name":"wp","href":"https:\/\/api.w.org\/{rel}","templated":true}]}}