{"id":78065,"date":"2025-02-07T21:40:58","date_gmt":"2025-02-07T19:40:58","guid":{"rendered":"https:\/\/now-news.de\/de\/deutschland\/reichsbuergerprozess-allianz-irdischer-und-ausserirdischer-gruppen-kaeme-an-die-macht\/"},"modified":"2025-02-07T21:40:58","modified_gmt":"2025-02-07T19:40:58","slug":"reichsbuergerprozess-allianz-irdischer-und-ausserirdischer-gruppen-kaeme-an-die-macht","status":"publish","type":"post","link":"https:\/\/now-news.de\/de\/deutschland\/reichsbuergerprozess-allianz-irdischer-und-ausserirdischer-gruppen-kaeme-an-die-macht\/","title":{"rendered":"Reichsb\u00fcrgerprozess: &quot;Allianz&quot; irdischer und au\u00dferirdischer Gruppen k\u00e4me an die Macht"},"content":{"rendered":"<p><img decoding=\"async\" src=\"https:\/\/now-news.de\/de\/wp-content\/uploads\/sites\/3\/2025\/02\/67a61f66b480cc5c735b5b86.jpg\" \/><\/p>\n<div class=\"Text-root Text-type_1 \">\n                In dieser Woche fand in Frankfurt am Main der 47. Verhandlungstag gegen neun Reichsb\u00fcrger statt. Strafverteidiger Dirk Sattelmaier kommentiert das Verfahren. Demnach warteten die Angeklagten auf das Einschreiten der Au\u00dferirdischen \u2013 Beweise f\u00fcr strafbares Verhalten sind Mangelware.\n            <\/div>\n<p><\/p>\n<div class=\"Text-root Text-type_5 ArticleView-text ViewText-root \">\n<p><em>Von Felicitas Rabe<\/em><\/p>\n<p>Vor rund zwei Jahren, am 7.\u00a0Dezember 2022,\u00a0<a rel=\"nofollow noopener\" target=\"_blank\" href=\"https:\/\/www.generalbundesanwalt.de\/SharedDocs\/Pressemitteilungen\/DE\/2022\/Pressemitteilung-vom-07-12-2022.html\">veranlasste die Generalbundesanwaltschaft<\/a> in Karlsruhe die Festnahme von &#8220;25 mutma\u00dflichen Mitgliedern und Unterst\u00fctzern einer terroristischen Vereinigung&#8221; sowie Durchsuchungsma\u00dfnahmen &#8220;in elf Bundesl\u00e4ndern bei insgesamt 52\u00a0Beschuldigten&#8221;. Den Verhafteten aus der sogenannten &#8220;Reichsb\u00fcrgerszene&#8221; wurde die <a rel=\"nofollow noopener\" target=\"_blank\" href=\"https:\/\/www.generalbundesanwalt.de\/SharedDocs\/Pressemitteilungen\/DE\/2022\/Pressemitteilung-vom-07-12-2022.html\">Planung eines Staatsstreichs<\/a> und die Bildung einer terroristischen Vereinigung vorgeworfen.<\/p>\n<p>Angeblich h\u00e4tten sie einen gewaltsamen Angriff auf das Reichstagsgeb\u00e4ude in Berlin geplant und daf\u00fcr rund eine halbe Million Euro eingesammelt und ein &#8220;massives Waffenarsenal&#8221; angelegt, <a rel=\"nofollow noopener\" target=\"_blank\" href=\"https:\/\/www.br.de\/nachrichten\/deutschland-welt\/das-sollten-ueber-den-reichsbuerger-prozess-wissen,UD8IEMM\">so eine Sprecherin der Bundesanwaltschaft<\/a>. Laut Generalbundesanwalt Peter Frank wollte die Gruppe die &#8220;bestehende staatliche Ordnung in Deutschland, die freiheitlich-demokratische Grundordnung, unter Einsatz von Gewalt und milit\u00e4rischen Mitteln zu beseitigen&#8221;.<\/p>\n<p>Allen Angeklagten drohen im Verurteilungsfall langj\u00e4hrige Haftstrafen. Insgesamt wurde Anklage gegen 27\u00a0M\u00e4nner und Frauen erhoben. Angeblich aus Gr\u00fcnden der &#8220;Prozess\u00f6konomie&#8221; wurde das Verfahren in drei Prozesse vor unterschiedlichen Oberlandesgerichten aufgeteilt. In Frankfurt am Main stehen die mutma\u00dflichen R\u00e4delsf\u00fchrer vor Gericht \u2013 darunter auch der angebliche Kopf der Organisation und Hauptangeklagter,\u00a0der sich selbst als <a rel=\"nofollow noopener\" target=\"_blank\" href=\"https:\/\/freedert.online\/inland\/189655-reichsbuerger-prozess-nun-doch-noch\/\">Heinrich\u00a0XIII. Prinz Reu\u00df<\/a> bezeichnet. Dort begann der Teilprozess am 21.\u00a0Mai 2024.<\/p>\n<p>Das juristische Fachportal <em>Legal Tribune Online<\/em>\u00a0<a rel=\"nofollow noopener\" target=\"_blank\" href=\"https:\/\/www.lto.de\/recht\/justiz\/j\/olg-frankfurt-auftakt-reichsbuerger-prozess-prinz-reu-umsturzplaene\">bezeichnete<\/a> den Prozess in Frankfurt in einem Beitrag vom 16.\u00a0Mai 2024 als Mammutprozess. In Sossenheim, am Stadtrand von Frankfurt, wurde daf\u00fcr als Gerichtsau\u00dfenstelle extra <a rel=\"nofollow noopener\" target=\"_blank\" href=\"https:\/\/www.br.de\/nachrichten\/deutschland-welt\/das-sollten-ueber-den-reichsbuerger-prozess-wissen,UD8IEMM\">eine neue Halle<\/a> gebaut, die rund 1.300\u00a0Quadratmeter Platz bietet. Laut Gerichtsprecherin Gundula Fehns-B\u00f6er hat es am Frankfurter OLG noch kein Verfahren in dieser Gr\u00f6\u00dfenordnung gegeben. Von Beginn an st\u00fcrzten sich Medien auf das Verfahren. Dazu <a rel=\"nofollow noopener\" target=\"_blank\" href=\"https:\/\/www.br.de\/nachrichten\/deutschland-welt\/das-sollten-ueber-den-reichsbuerger-prozess-wissen,UD8IEMM\">verlautbarte<\/a> der\u00a0<em>Bayerische Rundfunk\u00a0<\/em>im Mai\u00a02024:<\/p>\n<blockquote>\n<p><em>&#8220;Es d\u00fcrfte wohl einer der spannendsten Prozesse werden, der in den vergangenen Jahren in Deutschland verhandelt wurde, geht es doch um nichts Geringeres als den geplanten gewaltsamen Sturz der Bundesregierung.&#8221;\u00a0<\/em><\/p>\n<\/blockquote>\n<p>Der K\u00f6lner Rechtsanwalt Dirk Sattelmaier ist als Verteidiger gemeinsam mit rund 20 weiteren Anw\u00e4lten im Prozess in Frankfurt beteiligt. Im Interview mit <em>RT<\/em> kommentiert er das Strafverfahren in Frankfurt.<\/p>\n<p><strong>RT: Herr Sattelmaier, worin besteht der Verhandlungsschwerpunkt in Frankfurt? <\/strong><\/p>\n<p>Sattelmaier: Vor dem Oberlandesgericht (OLG) Frankfurt steht der sogenannte. &#8220;Politische Arm&#8221; der vermeintlichen Vereinigung vor Gericht. Das bedeutet, dass hier die neun Personen auf der Anklagebank sitzen, die nach dem von der Generalbundesanwaltschaft (GBA) vorgeworfenen Umsturz durch die Gruppierung das Land gewisserma\u00dfen regieren sollten. So sollte laut Anklageschrift beispielsweise Prinz Reu\u00df als neues Staatsoberhaupt installiert werden. Im Gegensatz dazu steht z.\u00a0B. in Stuttgart der sogenannte &#8220;Milit\u00e4rische Arm&#8221; vor Gericht. Im Wesentlichen geht es aber in allen drei Verfahren um die eine Kernfrage: Bildeten die Angeklagten eine terroristische Vereinigung im Sinne des <a rel=\"nofollow noopener\" target=\"_blank\" href=\"https:\/\/www.gesetze-im-internet.de\/stgb\/__129a.html\">\u00a7\u00a0129a Strafgesetzbuch<\/a>?<\/p>\n<p><strong>Gibt es bisher\u00a0tats\u00e4chliche Anhaltspunkt<em>e<\/em>, die den Vorwurf einer terroristischen Vereinigung und Planung eines Staatsstreichs rechtfertigen?<\/strong><\/p>\n<p>Durch die \u2013 im \u00dcbrigen rechtsstaatlich fragw\u00fcrdige &#8211; Dreiteilung des Verfahrens kann ich lediglich die bisherige Beweisaufnahme in Frankfurt bewerten. Diese ergab im Hinblick auf Kernfrage bez\u00fcglich der Bildung einer terroristischen Vereinigung nach nunmehr 47\u00a0Verhandlungstagen ein chaotisches Bild mit sehr d\u00fcnnen Erkenntnissen. Hiernach scheint jedoch eines klar zu sein: Es gab die \u00fcbereinstimmende \u00dcberzeugung der allermeisten Angeklagten, dass allein die sogenannte &#8220;Allianz&#8221; die Machtergreifung ausf\u00fchren sollte.<\/p>\n<blockquote>\n<p><em>&#8220;Diese von den Angeklagten zwischen &#8216;irdischen&#8217; und au\u00dferirdischen M\u00e4chten definierten &#8216;Allianz&#8217; w\u00fcrde die Machtergreifung nach deren Auffassung vollkommen unabh\u00e4ngig vom Willen und Einfluss der Gruppierung vornehmen.&#8221;<\/em><\/p>\n<\/blockquote>\n<p>Es w\u00e4re nach Vorstellung der Angeklagten &#8220;sowieso&#8221; zu einem Eingreifen dieser &#8220;Allianz&#8221; gekommen. Die Gruppe wollte sich gewisserma\u00dfen bei der &#8220;Allianz&#8221; als die &#8220;Auserw\u00e4hlten&#8221; &#8220;bewerben&#8221;, die dann das aufkommende Chaos als Entscheidungstr\u00e4ger ordnen w\u00fcrden. Klingt skurril, und das ist es auch. Denn hinzu kommt, dass einige Angeklagte nicht nur an eine &#8220;irdische&#8221; \u2013 also aus ausl\u00e4ndischen Truppen bestehende \u2013 Allianz glaubten, sondern sogar von eine Beteiligung &#8220;galaktischer&#8221; Wesen ausgingen. In Bezug auf den Vorwurf eines &#8220;Reichstagssturmes&#8221; haben wir hierzu in der bisherigen Beweisaufnahme noch so gut wie gar keine Erkenntnisse gewonnen.<\/p>\n<p><strong>Wie bewerten Sie die Prozesstage am Dienstag und Mittwoch in Frankfurt am Main?<\/strong><\/p>\n<p>An diesen Prozesstagen berichteten sogenannte Zeugen vom H\u00f6rensagen, was ihnen von Angeklagten mitgeteilt wurde. Beispielsweise wurde am Dienstag ein Vernehmungsbeamter vernommen, der \u00fcber die Aussagen einer Angeklagten im Ermittlungsverfahren berichtete. Spannend wurde es am Mittwoch: Dort wurde ein Mith\u00e4ftling eines Angeklagten vernommen. Dieser habe sich nach eigenen Angaben und Vorspiegelung von Verst\u00e4ndnis f\u00fcr den Angeklagten dessen Vertrauen erschlichen. Inhalte der gemeinsamen Gespr\u00e4che habe er dann akribisch protokolliert. In der Hoffnung, Vorteile f\u00fcr sein eigenes Strafverfahren zu erhalten, habe er seine Gespr\u00e4chsprotokolle den Ermittlungsbeh\u00f6rden \u00fcbergeben. Inwieweit die Aussagen dieses wegen Betruges vorbestraften Zeugen glaubhaft sind, werden die kommenden Tage zeigen.<\/p>\n<p><strong>Wie bewerten Sie als Verteidiger dieses Gerichtsverfahren ganz grunds\u00e4tzlich? <br \/><\/strong><\/p>\n<p>Das Verfahren verliert sich nach 47\u00a0Tagen in einer gewissen Detailverliebtheit. Die andauernde Inhaftierung der Angeklagten l\u00e4sst Zweifel an der Einhaltung des sogenannten Beschleunigungsgebotes aufkommen. Das Gericht befragte die Zeugen sehr ausf\u00fchrlich und f\u00fchrte Asservate ein, die stellenweise in Spamordnern oder in Papierk\u00f6rben auf den Computern der Angeklagten gefunden wurden. Dies f\u00fchrt dazu, dass das Verfahren wohl noch sehr lange andauern wird.<\/p>\n<p>Letztlich handelt es sich um eines der umfangreichsten Terrorverfahren in der Geschichte der BRD. Die vermeintliche Gef\u00e4hrlichkeit der Gruppierung wurde ja medial auch von Beginn an ordentlich befeuert. Mit Blick auf die tats\u00e4chlich vorgeworfen Straftaten verbieten sich jedoch Vergleiche mit den RAF- oder NSU-Prozessen.<\/p>\n<blockquote>\n<p><em>&#8220;Denn die Angeklagten in Frankfurt haben\u00a0\u2013 so stellte es die bekannte Gerichtsreporterin Gisela Friedrichsen zutreffend fest\u00a0\u2013 noch nicht einmal &#8216;eine Fensterscheibe&#8217; eingeschlagen.&#8221;<\/em><\/p>\n<\/blockquote>\n<p>Bei der RAF und dem NSU ging es knallhart um Mord und Totschlag. Doch w\u00e4hrend die RAF-Mitglieder ihre Verachtung dem Staat gegen\u00fcber auch vor Gericht deutlich machten, verhalten sich die Angeklagten in Frankfurt gewisserma\u00dfen vorbildlich gegen\u00fcber den staatlichen Institutionen. Da f\u00e4llt kein b\u00f6ses Wort, man steht brav auf, wenn der Senat den Saal bestritt, und auch aus den Justizvollzugsanstalten kommen keine Klagen \u00fcber ungeb\u00fchrliches Verhalten. Bereits bei den Festnahmen verhielten sich die in Frankfurt Angeklagten allesamt kooperativ und ruhig. Insofern ist eine objektiv feststellbare Gef\u00e4hrlichkeit der Angeklagten nach wie vor nicht erkennbar. Wenn dieser Nachweis nicht gel\u00e4nge, so w\u00e4re dies eine heftige Schlappe f\u00fcr die Generalbundesanwaltschaft (GBA).<\/p>\n<p><strong>Handelt es sich bei dieser Verhandlung um ein juristisch korrektes Ringen um Recht und Gerechtigkeit zwischen Staatsanwaltschaft und Verteidigung in Bezug auf die mutma\u00dflichen T\u00e4ter und den Tatvorwurf? <\/strong><\/p>\n<p>Die Beantwortung dieser Frage w\u00fcrde den Rahmen des Interviews sprengen. Der Senat ist sichtlich darum bem\u00fcht, ein faires Verfahren nach au\u00dfen zu suggerieren. Gleichzeitig sind nahezu s\u00e4mtliche Antr\u00e4ge der Verteidigung bisher abgelehnt worden. Wir Anw\u00e4lte haben von Beginn an auf so viele Widerspr\u00fcche des Verfahrens und auch der vorgeworfenen Anklage hingewiesen, ohne damit durchzudringen.<\/p>\n<p>Inwieweit die starke mediale Vorverurteilung sowie der gro\u00dfe Verfahrensaufwand oder die Tatsache, dass an noch zwei anderen Orten gegen die Gruppierung verhandelt wird, Einfluss auf eine Unbefangenheit des Senats haben, ist nicht absehbar. Es steht aber zu bef\u00fcrchten, dass diese Umst\u00e4nde durchaus eine Rolle spielen. Dies sage ich ganz ohne Verurteilungsabsicht. Aber niemand ist frei von Beeinflussung, und am Ende m\u00fcssen sich die Mitglieder des Senates selbst\u00a0hinterfragen, ob und inwieweit ihnen noch eine unabh\u00e4ngige Entscheidung m\u00f6glich ist. Wir Anw\u00e4lte haben es da zugegebenerma\u00dfen nat\u00fcrlich einfacher.<\/p>\n<p><strong>Wie bewerten Sie das Verfahren in Bezug auf die aktuelle Rechtsstaatlichkeit des deutschen Justizsystems?<\/strong><\/p>\n<p>Nat\u00fcrlich handelt es sich um ein politisiertes Verfahren, in dem auch die politischen Ansichten der Angeklagten von Relevanz sind. Aber die Rechtsstaatlichkeit gebietet, dass ohne Ansehen der Person zu entscheiden ist. Schlie\u00dflich wird stets die Frage bleiben, ob Menschen, die objektiv gar nicht in der Lage waren, ihre vorgeworfene Planung in die Tat umzusetzen, mit so einem Verfahren \u00fcberzogen werden \u00fcber zwei Jahre in Untersuchungshaft bleiben k\u00f6nnen. Mit zunehmender Dauer wird das Gericht hier Rechtfertigungsprobleme bekommen. Vor allem dann, wenn die Erkenntnislage weiterhin so d\u00fcnn bleibt und sich immer mehr Fragen dazu ergeben, inwieweit die allermeisten Angeklagten dem Glauben an eine irdische bzw. sogar galaktische Allianz regelrecht verfallen konnten. Dem sollte das Gericht im Rahmen einer ihm obliegenden Sachaufkl\u00e4rungspflicht endlich einmal nachgehen.<\/p>\n<p><strong>Nachdem die Mainstream-Medien zu Beginn des Verfahrens gr\u00f6\u00dftenteils bereits im Sinne einer Vorverurteilung der mutma\u00dflichen Staatsumst\u00fcrzler berichtet hatten, ist es in den Medien zuletzt erstaunlich ruhig um diesen Prozess geworden. <\/strong><\/p>\n<p>Das ist sicherlich der L\u00e4nge und der sehr akribischen Verhandlung geschuldet. Es ist eben f\u00fcr Au\u00dfenstehende nicht spannend, Vermerke von Ermittlungsbeamten zur Auffindesituation von Computern oder Schriftst\u00fccken zu verlesen. Wirkliche Tatzeugen im engeren Sinne oder gar Videos gibt es ja nicht.<\/p>\n<p>Noch mal, es geht um die Frage, ob und inwieweit die Angeklagten eine Vereinigung ger\u00fcndet bzw. unterst\u00fctzt haben, deren Zweck die Begehung schwerer Straftaten war. Das derartige Straftaten bis zur Verhaftung im Dezember\u00a02022 nicht durchgef\u00fchrt wurden, erschwert den Tatnachweis. So handelt es sich hier vor allem um die innere Ausrichtung der Angeklagten, deren Nachweis nur sehr eingeschr\u00e4nkt zu f\u00fchren ist.<\/p>\n<p>Die Strafbarkeit ist bei den Angeklagten in Frankfurt also vorverlegt und spielt sich gewisserma\u00dfen zwischen &#8220;Stammtischgehabe&#8221; und zum Beispiel einem T\u00f6tungsdelikt ab. Ein Mord hingegen kann durch Zeugen gesehen worden sein oder wird anhand forensischer Spuren nachgewiesen. All das gibt es hier ja nicht. Die Angeklagten haben sich in der Hauptsache ja lediglich getroffen und miteinander geredet. Dabei hatte jeder so seine eigene Vorstellung, was der Sinn und Zweck derartiger Treffen sein soll.<\/p>\n<blockquote>\n<p><em>&#8220;Am Ende verfestigt sich der Eindruck, dass es sich eher um einen &#8216;Chaosclub&#8217; als um eine strukturierte Terrorgruppierung handelte, in dem die Mitglieder teils abenteuerliche Vorstellungen hatten.&#8221;<\/em><\/p>\n<\/blockquote>\n<p><em>Der K\u00f6lner Rechtsanwalt <a rel=\"nofollow noopener\" target=\"_blank\" href=\"https:\/\/t.me\/RASattelmaier\">Dirk Sattelmaier<\/a> ist als Strafverteidiger am Strafprozess gegen die in Frankfurt angeklagten Reichsb\u00fcrger beteiligt. Beim Radiosender Kontrafunk moderiert er regelm\u00e4\u00dfig die Sendung <a rel=\"nofollow noopener\" target=\"_blank\" href=\"https:\/\/kontrafunk.radio\/de\/sendung-nachhoeren\/lebenswelten\/der-rechtsstaat\">&#8220;Der Rechtsstaat&#8221;<\/a>, in der aktuelle und umstrittene rechtliche Themen mit kompetenten G\u00e4sten diskutiert werden.\u00a0<\/em>\u00a0<\/p>\n<p><strong>Mehr zum Thema<\/strong> &#8211;\u00a0<a rel=\"nofollow noopener\" target=\"_blank\" href=\"https:\/\/dert.online\/meinung\/206592-gedanken-balkonisten-finde-klaerenden-unterschied\/\">Gedanken des Balkonisten: Rollator-Putsch und Taurus-Leak \u2013 finde den kl\u00e4renden Unterschied<\/a><\/p>\n<\/div>\n<p><br \/>\n<br \/><a href=\"https:\/\/de.rt.com\/inland\/236095-reichsbuergerprozess-allianz-zwischen-irdischer-und-ausserirdischer-gruppen-kaeme-an-die-macht\/\">Source link <\/a><\/p>\n","protected":false},"excerpt":{"rendered":"<p>In dieser Woche fand in Frankfurt am Main der 47. Verhandlungstag gegen neun Reichsb\u00fcrger statt. Strafverteidiger Dirk Sattelmaier kommentiert das Verfahren. Demnach warteten die Angeklagten auf das Einschreiten der Au\u00dferirdischen \u2013 Beweise f\u00fcr strafbares Verhalten sind Mangelware. Von Felicitas Rabe Vor rund zwei Jahren, am 7.\u00a0Dezember 2022,\u00a0veranlasste die Generalbundesanwaltschaft in Karlsruhe die Festnahme von &#8220;25 [&hellip;]<\/p>\n","protected":false},"author":3,"featured_media":78066,"comment_status":"open","ping_status":"open","sticky":false,"template":"","format":"standard","meta":{"_yoast_indexnow_last_ping":["1738957888"],"wp_automatic_camp":["217"],"a7f8967574348d265bbd00e1099b1d87":["Reichsb\u00fcrgerprozess: &quot;Allianz&quot; irdischer und au\u00dferirdischer Gruppen k\u00e4me an die Macht"],"original_link":["https:\/\/de.rt.com\/inland\/236095-reichsbuergerprozess-allianz-zwischen-irdischer-und-ausserirdischer-gruppen-kaeme-an-die-macht\/"],"_thumbnail_id":["78066"],"_wptgpro_p2tg_sent2tg":["a:1:{i:23737;s:19:\"2025-02-07 21:52:40\";}"],"jnews_social_counter_last_update":["1776867868"]},"categories":[19,23],"tags":[17021,45,18731,62569,43037,4847,62568,51524,140],"yoast_head":"<!-- This site is optimized with the Yoast SEO Premium plugin v22.7 (Yoast SEO v22.7) - https:\/\/yoast.com\/wordpress\/plugins\/seo\/ -->\n<title>Reichsb\u00fcrgerprozess: &quot;Allianz&quot; irdischer und au\u00dferirdischer Gruppen k\u00e4me an die Macht - just-now.NEWS Deutschland<\/title>\n<meta name=\"robots\" content=\"index, follow, max-snippet:-1, max-image-preview:large, max-video-preview:-1\" \/>\n<link rel=\"canonical\" href=\"https:\/\/now-news.de\/de\/deutschland\/reichsbuergerprozess-allianz-irdischer-und-ausserirdischer-gruppen-kaeme-an-die-macht\/\" \/>\n<meta property=\"og:locale\" content=\"de_DE\" \/>\n<meta property=\"og:type\" content=\"article\" \/>\n<meta property=\"og:title\" content=\"Reichsb\u00fcrgerprozess: &quot;Allianz&quot; irdischer und au\u00dferirdischer Gruppen k\u00e4me an die Macht\" \/>\n<meta property=\"og:description\" content=\"In dieser Woche fand in Frankfurt am Main der 47. Verhandlungstag gegen neun Reichsb\u00fcrger statt. Strafverteidiger Dirk Sattelmaier kommentiert das Verfahren. Demnach warteten die Angeklagten auf das Einschreiten der Au\u00dferirdischen \u2013 Beweise f\u00fcr strafbares Verhalten sind Mangelware. Von Felicitas Rabe Vor rund zwei Jahren, am 7.\u00a0Dezember 2022,\u00a0veranlasste die Generalbundesanwaltschaft in Karlsruhe die Festnahme von &#8220;25 [&hellip;]\" \/>\n<meta property=\"og:url\" content=\"https:\/\/now-news.de\/de\/deutschland\/reichsbuergerprozess-allianz-irdischer-und-ausserirdischer-gruppen-kaeme-an-die-macht\/\" \/>\n<meta property=\"og:site_name\" content=\"just-now.NEWS Deutschland\" \/>\n<meta property=\"article:publisher\" content=\"https:\/\/www.facebook.com\/wirmachenauf\" \/>\n<meta property=\"article:published_time\" content=\"2025-02-07T19:40:58+00:00\" \/>\n<meta property=\"og:image\" content=\"https:\/\/now-news.de\/de\/wp-content\/uploads\/sites\/3\/2025\/02\/67a61f66b480cc5c735b5b86.jpg\" \/>\n<meta name=\"author\" content=\"rtnews\" \/>\n<meta name=\"twitter:card\" content=\"summary_large_image\" \/>\n<meta name=\"twitter:creator\" content=\"@WirMachenAuf_de\" \/>\n<meta name=\"twitter:site\" content=\"@WirMachenAuf_de\" \/>\n<meta name=\"twitter:label1\" content=\"Verfasst von\" \/>\n\t<meta name=\"twitter:data1\" content=\"rtnews\" \/>\n\t<meta name=\"twitter:label2\" content=\"Gesch\u00e4tzte Lesezeit\" \/>\n\t<meta name=\"twitter:data2\" content=\"8\u00a0Minuten\" \/>\n<script type=\"application\/ld+json\" class=\"yoast-schema-graph\">{\"@context\":\"https:\/\/schema.org\",\"@graph\":[{\"@type\":\"Article\",\"@id\":\"https:\/\/now-news.de\/de\/deutschland\/reichsbuergerprozess-allianz-irdischer-und-ausserirdischer-gruppen-kaeme-an-die-macht\/#article\",\"isPartOf\":{\"@id\":\"https:\/\/now-news.de\/de\/deutschland\/reichsbuergerprozess-allianz-irdischer-und-ausserirdischer-gruppen-kaeme-an-die-macht\/\"},\"author\":{\"name\":\"rtnews\",\"@id\":\"https:\/\/now-news.de\/de\/#\/schema\/person\/fb534a4e865501d8b3285208df34a9b5\"},\"headline\":\"Reichsb\u00fcrgerprozess: &quot;Allianz&quot; irdischer und au\u00dferirdischer Gruppen k\u00e4me an die Macht\",\"datePublished\":\"2025-02-07T19:40:58+00:00\",\"dateModified\":\"2025-02-07T19:40:58+00:00\",\"mainEntityOfPage\":{\"@id\":\"https:\/\/now-news.de\/de\/deutschland\/reichsbuergerprozess-allianz-irdischer-und-ausserirdischer-gruppen-kaeme-an-die-macht\/\"},\"wordCount\":1705,\"commentCount\":0,\"publisher\":{\"@id\":\"https:\/\/now-news.de\/de\/#organization\"},\"image\":{\"@id\":\"https:\/\/now-news.de\/de\/deutschland\/reichsbuergerprozess-allianz-irdischer-und-ausserirdischer-gruppen-kaeme-an-die-macht\/#primaryimage\"},\"thumbnailUrl\":\"https:\/\/now-news.de\/de\/wp-content\/uploads\/sites\/3\/2025\/02\/Reichsbuergerprozess-quotAllianzquot-irdischer-und-ausserirdischer-Gruppen-kaeme-an-die-Macht.jpg\",\"keywords\":[\"Au\u00dferirdischer\",\"die\",\"Gruppen\",\"irdischer\",\"K\u00e4me\",\"Macht\",\"quotAllianzquot\",\"Reichsb\u00fcrgerProzess\",\"und\"],\"articleSection\":[\"Deutschland\",\"Russland\"],\"inLanguage\":\"de\",\"potentialAction\":[{\"@type\":\"CommentAction\",\"name\":\"Comment\",\"target\":[\"https:\/\/now-news.de\/de\/deutschland\/reichsbuergerprozess-allianz-irdischer-und-ausserirdischer-gruppen-kaeme-an-die-macht\/#respond\"]}]},{\"@type\":\"WebPage\",\"@id\":\"https:\/\/now-news.de\/de\/deutschland\/reichsbuergerprozess-allianz-irdischer-und-ausserirdischer-gruppen-kaeme-an-die-macht\/\",\"url\":\"https:\/\/now-news.de\/de\/deutschland\/reichsbuergerprozess-allianz-irdischer-und-ausserirdischer-gruppen-kaeme-an-die-macht\/\",\"name\":\"Reichsb\u00fcrgerprozess: &quot;Allianz&quot; irdischer und au\u00dferirdischer Gruppen k\u00e4me an die Macht - just-now.NEWS Deutschland\",\"isPartOf\":{\"@id\":\"https:\/\/now-news.de\/de\/#website\"},\"primaryImageOfPage\":{\"@id\":\"https:\/\/now-news.de\/de\/deutschland\/reichsbuergerprozess-allianz-irdischer-und-ausserirdischer-gruppen-kaeme-an-die-macht\/#primaryimage\"},\"image\":{\"@id\":\"https:\/\/now-news.de\/de\/deutschland\/reichsbuergerprozess-allianz-irdischer-und-ausserirdischer-gruppen-kaeme-an-die-macht\/#primaryimage\"},\"thumbnailUrl\":\"https:\/\/now-news.de\/de\/wp-content\/uploads\/sites\/3\/2025\/02\/Reichsbuergerprozess-quotAllianzquot-irdischer-und-ausserirdischer-Gruppen-kaeme-an-die-Macht.jpg\",\"datePublished\":\"2025-02-07T19:40:58+00:00\",\"dateModified\":\"2025-02-07T19:40:58+00:00\",\"breadcrumb\":{\"@id\":\"https:\/\/now-news.de\/de\/deutschland\/reichsbuergerprozess-allianz-irdischer-und-ausserirdischer-gruppen-kaeme-an-die-macht\/#breadcrumb\"},\"inLanguage\":\"de\",\"potentialAction\":[{\"@type\":\"ReadAction\",\"target\":[\"https:\/\/now-news.de\/de\/deutschland\/reichsbuergerprozess-allianz-irdischer-und-ausserirdischer-gruppen-kaeme-an-die-macht\/\"]}]},{\"@type\":\"ImageObject\",\"inLanguage\":\"de\",\"@id\":\"https:\/\/now-news.de\/de\/deutschland\/reichsbuergerprozess-allianz-irdischer-und-ausserirdischer-gruppen-kaeme-an-die-macht\/#primaryimage\",\"url\":\"https:\/\/now-news.de\/de\/wp-content\/uploads\/sites\/3\/2025\/02\/Reichsbuergerprozess-quotAllianzquot-irdischer-und-ausserirdischer-Gruppen-kaeme-an-die-Macht.jpg\",\"contentUrl\":\"https:\/\/now-news.de\/de\/wp-content\/uploads\/sites\/3\/2025\/02\/Reichsbuergerprozess-quotAllianzquot-irdischer-und-ausserirdischer-Gruppen-kaeme-an-die-Macht.jpg\",\"width\":460,\"height\":259,\"caption\":\"Reichsb\u00fcrgerprozess: &quot;Allianz&quot; irdischer und au\u00dferirdischer Gruppen k\u00e4me an die Macht\"},{\"@type\":\"BreadcrumbList\",\"@id\":\"https:\/\/now-news.de\/de\/deutschland\/reichsbuergerprozess-allianz-irdischer-und-ausserirdischer-gruppen-kaeme-an-die-macht\/#breadcrumb\",\"itemListElement\":[{\"@type\":\"ListItem\",\"position\":1,\"name\":\"Home\",\"item\":\"https:\/\/now-news.de\/de\/\"},{\"@type\":\"ListItem\",\"position\":2,\"name\":\"Reichsb\u00fcrgerprozess: &quot;Allianz&quot; irdischer und au\u00dferirdischer Gruppen k\u00e4me an die Macht\"}]},{\"@type\":\"WebSite\",\"@id\":\"https:\/\/now-news.de\/de\/#website\",\"url\":\"https:\/\/now-news.de\/de\/\",\"name\":\"just-now.NEWS Deutschland\",\"description\":\"Das Portal f\u00fcr unzensierte Nachrichten aus der Welt\",\"publisher\":{\"@id\":\"https:\/\/now-news.de\/de\/#organization\"},\"potentialAction\":[{\"@type\":\"SearchAction\",\"target\":{\"@type\":\"EntryPoint\",\"urlTemplate\":\"https:\/\/now-news.de\/de\/?s={search_term_string}\"},\"query-input\":\"required name=search_term_string\"}],\"inLanguage\":\"de\"},{\"@type\":\"Organization\",\"@id\":\"https:\/\/now-news.de\/de\/#organization\",\"name\":\"Just Now News\",\"url\":\"https:\/\/now-news.de\/de\/\",\"logo\":{\"@type\":\"ImageObject\",\"inLanguage\":\"de\",\"@id\":\"https:\/\/now-news.de\/de\/#\/schema\/logo\/image\/\",\"url\":\"http:\/\/just-now.news\/de\/wp-content\/uploads\/sites\/3\/2022\/04\/logo500x500.jpg\",\"contentUrl\":\"http:\/\/just-now.news\/de\/wp-content\/uploads\/sites\/3\/2022\/04\/logo500x500.jpg\",\"width\":500,\"height\":500,\"caption\":\"Just Now News\"},\"image\":{\"@id\":\"https:\/\/now-news.de\/de\/#\/schema\/logo\/image\/\"},\"sameAs\":[\"https:\/\/www.facebook.com\/wirmachenauf\",\"https:\/\/x.com\/WirMachenAuf_de\"]},{\"@type\":\"Person\",\"@id\":\"https:\/\/now-news.de\/de\/#\/schema\/person\/fb534a4e865501d8b3285208df34a9b5\",\"name\":\"rtnews\",\"image\":{\"@type\":\"ImageObject\",\"inLanguage\":\"de\",\"@id\":\"https:\/\/now-news.de\/de\/#\/schema\/person\/image\/\",\"url\":\"https:\/\/secure.gravatar.com\/avatar\/82aafea7d8127119dd649515f56e2117?s=96&d=mm&r=g\",\"contentUrl\":\"https:\/\/secure.gravatar.com\/avatar\/82aafea7d8127119dd649515f56e2117?s=96&d=mm&r=g\",\"caption\":\"rtnews\"},\"url\":\"https:\/\/now-news.de\/de\/author\/rnews\/\"}]}<\/script>\n<!-- \/ Yoast SEO Premium plugin. -->","yoast_head_json":{"title":"Reichsb\u00fcrgerprozess: &quot;Allianz&quot; irdischer und au\u00dferirdischer Gruppen k\u00e4me an die Macht - just-now.NEWS Deutschland","robots":{"index":"index","follow":"follow","max-snippet":"max-snippet:-1","max-image-preview":"max-image-preview:large","max-video-preview":"max-video-preview:-1"},"canonical":"https:\/\/now-news.de\/de\/deutschland\/reichsbuergerprozess-allianz-irdischer-und-ausserirdischer-gruppen-kaeme-an-die-macht\/","og_locale":"de_DE","og_type":"article","og_title":"Reichsb\u00fcrgerprozess: &quot;Allianz&quot; irdischer und au\u00dferirdischer Gruppen k\u00e4me an die Macht","og_description":"In dieser Woche fand in Frankfurt am Main der 47. Verhandlungstag gegen neun Reichsb\u00fcrger statt. Strafverteidiger Dirk Sattelmaier kommentiert das Verfahren. Demnach warteten die Angeklagten auf das Einschreiten der Au\u00dferirdischen \u2013 Beweise f\u00fcr strafbares Verhalten sind Mangelware. Von Felicitas Rabe Vor rund zwei Jahren, am 7.\u00a0Dezember 2022,\u00a0veranlasste die Generalbundesanwaltschaft in Karlsruhe die Festnahme von &#8220;25 [&hellip;]","og_url":"https:\/\/now-news.de\/de\/deutschland\/reichsbuergerprozess-allianz-irdischer-und-ausserirdischer-gruppen-kaeme-an-die-macht\/","og_site_name":"just-now.NEWS Deutschland","article_publisher":"https:\/\/www.facebook.com\/wirmachenauf","article_published_time":"2025-02-07T19:40:58+00:00","og_image":[{"url":"https:\/\/now-news.de\/de\/wp-content\/uploads\/sites\/3\/2025\/02\/67a61f66b480cc5c735b5b86.jpg"}],"author":"rtnews","twitter_card":"summary_large_image","twitter_creator":"@WirMachenAuf_de","twitter_site":"@WirMachenAuf_de","twitter_misc":{"Verfasst von":"rtnews","Gesch\u00e4tzte Lesezeit":"8\u00a0Minuten"},"schema":{"@context":"https:\/\/schema.org","@graph":[{"@type":"Article","@id":"https:\/\/now-news.de\/de\/deutschland\/reichsbuergerprozess-allianz-irdischer-und-ausserirdischer-gruppen-kaeme-an-die-macht\/#article","isPartOf":{"@id":"https:\/\/now-news.de\/de\/deutschland\/reichsbuergerprozess-allianz-irdischer-und-ausserirdischer-gruppen-kaeme-an-die-macht\/"},"author":{"name":"rtnews","@id":"https:\/\/now-news.de\/de\/#\/schema\/person\/fb534a4e865501d8b3285208df34a9b5"},"headline":"Reichsb\u00fcrgerprozess: &quot;Allianz&quot; irdischer und au\u00dferirdischer Gruppen k\u00e4me an die Macht","datePublished":"2025-02-07T19:40:58+00:00","dateModified":"2025-02-07T19:40:58+00:00","mainEntityOfPage":{"@id":"https:\/\/now-news.de\/de\/deutschland\/reichsbuergerprozess-allianz-irdischer-und-ausserirdischer-gruppen-kaeme-an-die-macht\/"},"wordCount":1705,"commentCount":0,"publisher":{"@id":"https:\/\/now-news.de\/de\/#organization"},"image":{"@id":"https:\/\/now-news.de\/de\/deutschland\/reichsbuergerprozess-allianz-irdischer-und-ausserirdischer-gruppen-kaeme-an-die-macht\/#primaryimage"},"thumbnailUrl":"https:\/\/now-news.de\/de\/wp-content\/uploads\/sites\/3\/2025\/02\/Reichsbuergerprozess-quotAllianzquot-irdischer-und-ausserirdischer-Gruppen-kaeme-an-die-Macht.jpg","keywords":["Au\u00dferirdischer","die","Gruppen","irdischer","K\u00e4me","Macht","quotAllianzquot","Reichsb\u00fcrgerProzess","und"],"articleSection":["Deutschland","Russland"],"inLanguage":"de","potentialAction":[{"@type":"CommentAction","name":"Comment","target":["https:\/\/now-news.de\/de\/deutschland\/reichsbuergerprozess-allianz-irdischer-und-ausserirdischer-gruppen-kaeme-an-die-macht\/#respond"]}]},{"@type":"WebPage","@id":"https:\/\/now-news.de\/de\/deutschland\/reichsbuergerprozess-allianz-irdischer-und-ausserirdischer-gruppen-kaeme-an-die-macht\/","url":"https:\/\/now-news.de\/de\/deutschland\/reichsbuergerprozess-allianz-irdischer-und-ausserirdischer-gruppen-kaeme-an-die-macht\/","name":"Reichsb\u00fcrgerprozess: &quot;Allianz&quot; irdischer und au\u00dferirdischer Gruppen k\u00e4me an die Macht - just-now.NEWS Deutschland","isPartOf":{"@id":"https:\/\/now-news.de\/de\/#website"},"primaryImageOfPage":{"@id":"https:\/\/now-news.de\/de\/deutschland\/reichsbuergerprozess-allianz-irdischer-und-ausserirdischer-gruppen-kaeme-an-die-macht\/#primaryimage"},"image":{"@id":"https:\/\/now-news.de\/de\/deutschland\/reichsbuergerprozess-allianz-irdischer-und-ausserirdischer-gruppen-kaeme-an-die-macht\/#primaryimage"},"thumbnailUrl":"https:\/\/now-news.de\/de\/wp-content\/uploads\/sites\/3\/2025\/02\/Reichsbuergerprozess-quotAllianzquot-irdischer-und-ausserirdischer-Gruppen-kaeme-an-die-Macht.jpg","datePublished":"2025-02-07T19:40:58+00:00","dateModified":"2025-02-07T19:40:58+00:00","breadcrumb":{"@id":"https:\/\/now-news.de\/de\/deutschland\/reichsbuergerprozess-allianz-irdischer-und-ausserirdischer-gruppen-kaeme-an-die-macht\/#breadcrumb"},"inLanguage":"de","potentialAction":[{"@type":"ReadAction","target":["https:\/\/now-news.de\/de\/deutschland\/reichsbuergerprozess-allianz-irdischer-und-ausserirdischer-gruppen-kaeme-an-die-macht\/"]}]},{"@type":"ImageObject","inLanguage":"de","@id":"https:\/\/now-news.de\/de\/deutschland\/reichsbuergerprozess-allianz-irdischer-und-ausserirdischer-gruppen-kaeme-an-die-macht\/#primaryimage","url":"https:\/\/now-news.de\/de\/wp-content\/uploads\/sites\/3\/2025\/02\/Reichsbuergerprozess-quotAllianzquot-irdischer-und-ausserirdischer-Gruppen-kaeme-an-die-Macht.jpg","contentUrl":"https:\/\/now-news.de\/de\/wp-content\/uploads\/sites\/3\/2025\/02\/Reichsbuergerprozess-quotAllianzquot-irdischer-und-ausserirdischer-Gruppen-kaeme-an-die-Macht.jpg","width":460,"height":259,"caption":"Reichsb\u00fcrgerprozess: &quot;Allianz&quot; irdischer und au\u00dferirdischer Gruppen k\u00e4me an die Macht"},{"@type":"BreadcrumbList","@id":"https:\/\/now-news.de\/de\/deutschland\/reichsbuergerprozess-allianz-irdischer-und-ausserirdischer-gruppen-kaeme-an-die-macht\/#breadcrumb","itemListElement":[{"@type":"ListItem","position":1,"name":"Home","item":"https:\/\/now-news.de\/de\/"},{"@type":"ListItem","position":2,"name":"Reichsb\u00fcrgerprozess: &quot;Allianz&quot; irdischer und au\u00dferirdischer Gruppen k\u00e4me an die Macht"}]},{"@type":"WebSite","@id":"https:\/\/now-news.de\/de\/#website","url":"https:\/\/now-news.de\/de\/","name":"just-now.NEWS Deutschland","description":"Das Portal f\u00fcr unzensierte Nachrichten aus der Welt","publisher":{"@id":"https:\/\/now-news.de\/de\/#organization"},"potentialAction":[{"@type":"SearchAction","target":{"@type":"EntryPoint","urlTemplate":"https:\/\/now-news.de\/de\/?s={search_term_string}"},"query-input":"required name=search_term_string"}],"inLanguage":"de"},{"@type":"Organization","@id":"https:\/\/now-news.de\/de\/#organization","name":"Just Now News","url":"https:\/\/now-news.de\/de\/","logo":{"@type":"ImageObject","inLanguage":"de","@id":"https:\/\/now-news.de\/de\/#\/schema\/logo\/image\/","url":"http:\/\/just-now.news\/de\/wp-content\/uploads\/sites\/3\/2022\/04\/logo500x500.jpg","contentUrl":"http:\/\/just-now.news\/de\/wp-content\/uploads\/sites\/3\/2022\/04\/logo500x500.jpg","width":500,"height":500,"caption":"Just Now News"},"image":{"@id":"https:\/\/now-news.de\/de\/#\/schema\/logo\/image\/"},"sameAs":["https:\/\/www.facebook.com\/wirmachenauf","https:\/\/x.com\/WirMachenAuf_de"]},{"@type":"Person","@id":"https:\/\/now-news.de\/de\/#\/schema\/person\/fb534a4e865501d8b3285208df34a9b5","name":"rtnews","image":{"@type":"ImageObject","inLanguage":"de","@id":"https:\/\/now-news.de\/de\/#\/schema\/person\/image\/","url":"https:\/\/secure.gravatar.com\/avatar\/82aafea7d8127119dd649515f56e2117?s=96&d=mm&r=g","contentUrl":"https:\/\/secure.gravatar.com\/avatar\/82aafea7d8127119dd649515f56e2117?s=96&d=mm&r=g","caption":"rtnews"},"url":"https:\/\/now-news.de\/de\/author\/rnews\/"}]}},"_links":{"self":[{"href":"https:\/\/now-news.de\/de\/wp-json\/wp\/v2\/posts\/78065"}],"collection":[{"href":"https:\/\/now-news.de\/de\/wp-json\/wp\/v2\/posts"}],"about":[{"href":"https:\/\/now-news.de\/de\/wp-json\/wp\/v2\/types\/post"}],"author":[{"embeddable":true,"href":"https:\/\/now-news.de\/de\/wp-json\/wp\/v2\/users\/3"}],"replies":[{"embeddable":true,"href":"https:\/\/now-news.de\/de\/wp-json\/wp\/v2\/comments?post=78065"}],"version-history":[{"count":0,"href":"https:\/\/now-news.de\/de\/wp-json\/wp\/v2\/posts\/78065\/revisions"}],"wp:featuredmedia":[{"embeddable":true,"href":"https:\/\/now-news.de\/de\/wp-json\/wp\/v2\/media\/78066"}],"wp:attachment":[{"href":"https:\/\/now-news.de\/de\/wp-json\/wp\/v2\/media?parent=78065"}],"wp:term":[{"taxonomy":"category","embeddable":true,"href":"https:\/\/now-news.de\/de\/wp-json\/wp\/v2\/categories?post=78065"},{"taxonomy":"post_tag","embeddable":true,"href":"https:\/\/now-news.de\/de\/wp-json\/wp\/v2\/tags?post=78065"}],"curies":[{"name":"wp","href":"https:\/\/api.w.org\/{rel}","templated":true}]}}