{"id":78047,"date":"2025-02-07T18:16:57","date_gmt":"2025-02-07T16:16:57","guid":{"rendered":"https:\/\/now-news.de\/de\/deutschland\/irans-oberster-fuehrer-lehnt-verhandlungen-mit-trump-regierung-ab\/"},"modified":"2025-02-07T18:16:57","modified_gmt":"2025-02-07T16:16:57","slug":"irans-oberster-fuehrer-lehnt-verhandlungen-mit-trump-regierung-ab","status":"publish","type":"post","link":"https:\/\/now-news.de\/de\/deutschland\/irans-oberster-fuehrer-lehnt-verhandlungen-mit-trump-regierung-ab\/","title":{"rendered":"Irans Oberster F\u00fchrer lehnt Verhandlungen mit Trump-Regierung ab"},"content":{"rendered":"<p><img decoding=\"async\" src=\"https:\/\/now-news.de\/de\/wp-content\/uploads\/sites\/3\/2025\/02\/67a5fe0248fbef160c112aca.jpg\" \/><\/p>\n<div class=\"Text-root Text-type_1 \">\n                US-Pr\u00e4sident Donald Trump hatte am Dienstag generelle Gespr\u00e4chsbereitschaft mit Iran signalisiert, gleichzeitig aber auch Drohungen ausgesprochen.\n            <\/div>\n<p><\/p>\n<div class=\"Text-root Text-type_5 ArticleView-text ViewText-root \">\n<p>US-Pr\u00e4sident Donald Trump hat am Mittwoch erkl\u00e4rt, er wolle ein Atomabkommen mit Teheran abschlie\u00dfen. Zugleich hat er neue Sanktionen gegen das Land verh\u00e4ngt. Irans Oberster F\u00fchrer\u00a0lehnte nun Verhandlungen mit US-Pr\u00e4sident Trump kategorisch ab. &#8220;Solche Verhandlungen sind weder rational noch ehrenhaft&#8221;, erkl\u00e4rte Ali Chamenei. Er betonte, dass die Vorstellung, durch Gespr\u00e4che mit den USA die Probleme des Landes l\u00f6sen zu k\u00f6nnen, schlichtweg falsch sei.<\/p>\n<p>Als Beleg verwies er auf das\u00a0Wiener Atomabkommen von 2015, das von den USA unter Trump 2018 einseitig aufgek\u00fcndigt worden war. &#8220;Genau dieser Herr, der jetzt an der Macht ist, hat das Abkommen einfach zerrissen. Diese Erfahrung sollten wir nicht wiederholen&#8221;, so Chamenei.<\/p>\n<div class=\"EmbedBlock-root EmbedBlock-twitter\">\n<div class=\"TwitterEmbed\">\n<blockquote class=\"twitter-tweet lazyload\" data-twitter=\"twitter-tweet\">\n<p lang=\"en\" dir=\"ltr\"><a rel=\"nofollow noopener\" target=\"_blank\" href=\"https:\/\/twitter.com\/hashtag\/Iran?src=hash&amp;ref_src=twsrc%5Etfw\">#Iran<\/a>\u2019s Leader: Negotiating with US is neither smart, prudent, nor dignified, and it has no impact on resolving the country\u2019s problems. Why? We spent 2 years negotiating with US and several others. A deal was formed, but the current US president did not abide by it &amp; tore it up. <a rel=\"nofollow noopener\" target=\"_blank\" href=\"https:\/\/t.co\/sKQFHInjRD\">pic.twitter.com\/sKQFHInjRD<\/a><\/p>\n<p>\u2014 Iran Nuances (@IranNuances) <a rel=\"nofollow noopener\" target=\"_blank\" href=\"https:\/\/twitter.com\/IranNuances\/status\/1887774471580176647?ref_src=twsrc%5Etfw\">February 7, 2025<\/a><\/p><\/blockquote>\n<\/div>\n<\/div>\n<p>Chameneis klare Absage an Verhandlungen l\u00e4sst wenig Raum f\u00fcr eine baldige Entspannung der in den letzten vier Jahrzehnten angespannten Beziehungen zwischen Teheran und Washington.<\/p>\n<p>Seit Trumps erneuter Pr\u00e4sidentschaft wird\u00a0in Iran intensiv dar\u00fcber diskutiert, ob das Land\u00a0direkte Verhandlungen mit der US-Administration\u00a0aufnehmen sollte oder nicht. Der\u00a0iranische Pr\u00e4sident Massud Peseschkian hatte mehrfach seine Gespr\u00e4chsbereitschaft\u00a0signalisiert.<\/p>\n<p>US-Pr\u00e4sident Trump\u00a0will sich nach eigenen Angaben um eine diplomatische L\u00f6sung im Konflikt mit Iran\u00a0bem\u00fchen. Auf seiner Onlineplattform Truth Social sprach er sich k\u00fcrzlich f\u00fcr ein neues\u00a0Atomabkommen\u00a0mit dem Land aus.\u00a0&#8220;Ich will, dass Iran ein gro\u00dfartiges und erfolgreiches Land ist, aber eines, das keine Atomwaffen haben darf&#8221;, schrieb Trump.\u00a0Erst am Dienstag aber hatte Trump ein Memorandum zur Versch\u00e4rfung der Sanktionspolitik gegen Iran unterzeichnet und angek\u00fcndigt, zu einer Politik des\u00a0&#8220;maximalen Drucks&#8221;\u00a0gegen das Land zur\u00fcckkehren zu wollen.\u00a0\u00a0\u00a0<\/p>\n<p><strong>Mehr zum Thema<\/strong> &#8211;<a rel=\"nofollow noopener\" target=\"_blank\" href=\"https:\/\/freedert.online\/international\/235965-iran-lobt-usa-fuer-kuerzung\/\">\u00a0Iran lobt USA f\u00fcr K\u00fcrzung der Auslandshilfen \u2013 und hofft auf Atomdeal mit Trump<\/a><\/p>\n<div class=\"EmbedBlock-root EmbedBlock-externalVideo EmbedBlock-vk\">\n<div class=\"VkEmbed\"><iframe class=\"lazyload\" data-src=\"https:\/\/vk.com\/video_ext.php?oid=-134310637&amp;id=456281937\" frameborder=\"0\" width=\"853\" height=\"480\" allowfullscreen><\/iframe><\/div>\n<\/div>\n<\/div>\n<p><script async src=\"https:\/\/platform.twitter.com\/widgets.js\" charset=\"utf-8\"><\/script><br \/>\n<br \/><br \/>\n<br \/><a href=\"https:\/\/de.rt.com\/der-nahe-osten\/236088-irans-oberster-fuehrer-lehnt-verhandlungen-mit-trump-regierungen-ab\/\">Source link <\/a><\/p>\n","protected":false},"excerpt":{"rendered":"<p>US-Pr\u00e4sident Donald Trump hatte am Dienstag generelle Gespr\u00e4chsbereitschaft mit Iran signalisiert, gleichzeitig aber auch Drohungen ausgesprochen. US-Pr\u00e4sident Donald Trump hat am Mittwoch erkl\u00e4rt, er wolle ein Atomabkommen mit Teheran abschlie\u00dfen. Zugleich hat er neue Sanktionen gegen das Land verh\u00e4ngt. Irans Oberster F\u00fchrer\u00a0lehnte nun Verhandlungen mit US-Pr\u00e4sident Trump kategorisch ab. &#8220;Solche Verhandlungen sind weder rational noch [&hellip;]<\/p>\n","protected":false},"author":3,"featured_media":78048,"comment_status":"open","ping_status":"open","sticky":false,"template":"","format":"standard","meta":{"_yoast_indexnow_last_ping":["1738946440"],"wp_automatic_camp":["217"],"4dcc6d4915f4aa648258dfed5815c5af":["Irans Oberster F\u00fchrer lehnt Verhandlungen mit Trump-Regierung ab"],"original_link":["https:\/\/de.rt.com\/der-nahe-osten\/236088-irans-oberster-fuehrer-lehnt-verhandlungen-mit-trump-regierungen-ab\/"],"_thumbnail_id":["78048"],"jnews_social_counter_last_update":["1777594561"],"_wptgpro_p2tg_sent2tg":["a:1:{i:23737;s:19:\"2025-02-07 18:42:39\";}"]},"categories":[19,23],"tags":[4532,12414,2034,419,17273,60213,9871],"yoast_head":"<!-- This site is optimized with the Yoast SEO Premium plugin v22.7 (Yoast SEO v22.7) - https:\/\/yoast.com\/wordpress\/plugins\/seo\/ -->\n<title>Irans Oberster F\u00fchrer lehnt Verhandlungen mit Trump-Regierung ab - just-now.NEWS Deutschland<\/title>\n<meta name=\"robots\" content=\"index, follow, max-snippet:-1, max-image-preview:large, max-video-preview:-1\" \/>\n<link rel=\"canonical\" href=\"https:\/\/now-news.de\/de\/deutschland\/irans-oberster-fuehrer-lehnt-verhandlungen-mit-trump-regierung-ab\/\" \/>\n<meta property=\"og:locale\" content=\"de_DE\" \/>\n<meta property=\"og:type\" content=\"article\" \/>\n<meta property=\"og:title\" content=\"Irans Oberster F\u00fchrer lehnt Verhandlungen mit Trump-Regierung ab\" \/>\n<meta property=\"og:description\" content=\"US-Pr\u00e4sident Donald Trump hatte am Dienstag generelle Gespr\u00e4chsbereitschaft mit Iran signalisiert, gleichzeitig aber auch Drohungen ausgesprochen. US-Pr\u00e4sident Donald Trump hat am Mittwoch erkl\u00e4rt, er wolle ein Atomabkommen mit Teheran abschlie\u00dfen. Zugleich hat er neue Sanktionen gegen das Land verh\u00e4ngt. Irans Oberster F\u00fchrer\u00a0lehnte nun Verhandlungen mit US-Pr\u00e4sident Trump kategorisch ab. &#8220;Solche Verhandlungen sind weder rational noch [&hellip;]\" \/>\n<meta property=\"og:url\" content=\"https:\/\/now-news.de\/de\/deutschland\/irans-oberster-fuehrer-lehnt-verhandlungen-mit-trump-regierung-ab\/\" \/>\n<meta property=\"og:site_name\" content=\"just-now.NEWS Deutschland\" \/>\n<meta property=\"article:publisher\" content=\"https:\/\/www.facebook.com\/wirmachenauf\" \/>\n<meta property=\"article:published_time\" content=\"2025-02-07T16:16:57+00:00\" \/>\n<meta property=\"og:image\" content=\"https:\/\/now-news.de\/de\/wp-content\/uploads\/sites\/3\/2025\/02\/67a5fe0248fbef160c112aca.jpg\" \/>\n<meta name=\"author\" content=\"rtnews\" \/>\n<meta name=\"twitter:card\" content=\"summary_large_image\" \/>\n<meta name=\"twitter:creator\" content=\"@WirMachenAuf_de\" \/>\n<meta name=\"twitter:site\" content=\"@WirMachenAuf_de\" \/>\n<meta name=\"twitter:label1\" content=\"Verfasst von\" \/>\n\t<meta name=\"twitter:data1\" content=\"rtnews\" \/>\n\t<meta name=\"twitter:label2\" content=\"Gesch\u00e4tzte Lesezeit\" \/>\n\t<meta name=\"twitter:data2\" content=\"2\u00a0Minuten\" \/>\n<script type=\"application\/ld+json\" class=\"yoast-schema-graph\">{\"@context\":\"https:\/\/schema.org\",\"@graph\":[{\"@type\":\"Article\",\"@id\":\"https:\/\/now-news.de\/de\/deutschland\/irans-oberster-fuehrer-lehnt-verhandlungen-mit-trump-regierung-ab\/#article\",\"isPartOf\":{\"@id\":\"https:\/\/now-news.de\/de\/deutschland\/irans-oberster-fuehrer-lehnt-verhandlungen-mit-trump-regierung-ab\/\"},\"author\":{\"name\":\"rtnews\",\"@id\":\"https:\/\/now-news.de\/de\/#\/schema\/person\/fb534a4e865501d8b3285208df34a9b5\"},\"headline\":\"Irans Oberster F\u00fchrer lehnt Verhandlungen mit Trump-Regierung ab\",\"datePublished\":\"2025-02-07T16:16:57+00:00\",\"dateModified\":\"2025-02-07T16:16:57+00:00\",\"mainEntityOfPage\":{\"@id\":\"https:\/\/now-news.de\/de\/deutschland\/irans-oberster-fuehrer-lehnt-verhandlungen-mit-trump-regierung-ab\/\"},\"wordCount\":376,\"commentCount\":0,\"publisher\":{\"@id\":\"https:\/\/now-news.de\/de\/#organization\"},\"image\":{\"@id\":\"https:\/\/now-news.de\/de\/deutschland\/irans-oberster-fuehrer-lehnt-verhandlungen-mit-trump-regierung-ab\/#primaryimage\"},\"thumbnailUrl\":\"https:\/\/now-news.de\/de\/wp-content\/uploads\/sites\/3\/2025\/02\/Irans-Oberster-Fuehrer-lehnt-Verhandlungen-mit-Trump-Regierung-ab.jpg\",\"keywords\":[\"F\u00fchrer\",\"Irans\",\"lehnt\",\"mit\",\"Oberster\",\"TrumpRegierung\",\"Verhandlungen\"],\"articleSection\":[\"Deutschland\",\"Russland\"],\"inLanguage\":\"de\",\"potentialAction\":[{\"@type\":\"CommentAction\",\"name\":\"Comment\",\"target\":[\"https:\/\/now-news.de\/de\/deutschland\/irans-oberster-fuehrer-lehnt-verhandlungen-mit-trump-regierung-ab\/#respond\"]}]},{\"@type\":\"WebPage\",\"@id\":\"https:\/\/now-news.de\/de\/deutschland\/irans-oberster-fuehrer-lehnt-verhandlungen-mit-trump-regierung-ab\/\",\"url\":\"https:\/\/now-news.de\/de\/deutschland\/irans-oberster-fuehrer-lehnt-verhandlungen-mit-trump-regierung-ab\/\",\"name\":\"Irans Oberster F\u00fchrer lehnt Verhandlungen mit Trump-Regierung ab - just-now.NEWS Deutschland\",\"isPartOf\":{\"@id\":\"https:\/\/now-news.de\/de\/#website\"},\"primaryImageOfPage\":{\"@id\":\"https:\/\/now-news.de\/de\/deutschland\/irans-oberster-fuehrer-lehnt-verhandlungen-mit-trump-regierung-ab\/#primaryimage\"},\"image\":{\"@id\":\"https:\/\/now-news.de\/de\/deutschland\/irans-oberster-fuehrer-lehnt-verhandlungen-mit-trump-regierung-ab\/#primaryimage\"},\"thumbnailUrl\":\"https:\/\/now-news.de\/de\/wp-content\/uploads\/sites\/3\/2025\/02\/Irans-Oberster-Fuehrer-lehnt-Verhandlungen-mit-Trump-Regierung-ab.jpg\",\"datePublished\":\"2025-02-07T16:16:57+00:00\",\"dateModified\":\"2025-02-07T16:16:57+00:00\",\"breadcrumb\":{\"@id\":\"https:\/\/now-news.de\/de\/deutschland\/irans-oberster-fuehrer-lehnt-verhandlungen-mit-trump-regierung-ab\/#breadcrumb\"},\"inLanguage\":\"de\",\"potentialAction\":[{\"@type\":\"ReadAction\",\"target\":[\"https:\/\/now-news.de\/de\/deutschland\/irans-oberster-fuehrer-lehnt-verhandlungen-mit-trump-regierung-ab\/\"]}]},{\"@type\":\"ImageObject\",\"inLanguage\":\"de\",\"@id\":\"https:\/\/now-news.de\/de\/deutschland\/irans-oberster-fuehrer-lehnt-verhandlungen-mit-trump-regierung-ab\/#primaryimage\",\"url\":\"https:\/\/now-news.de\/de\/wp-content\/uploads\/sites\/3\/2025\/02\/Irans-Oberster-Fuehrer-lehnt-Verhandlungen-mit-Trump-Regierung-ab.jpg\",\"contentUrl\":\"https:\/\/now-news.de\/de\/wp-content\/uploads\/sites\/3\/2025\/02\/Irans-Oberster-Fuehrer-lehnt-Verhandlungen-mit-Trump-Regierung-ab.jpg\",\"width\":460,\"height\":259,\"caption\":\"Irans Oberster F\u00fchrer lehnt Verhandlungen mit Trump-Regierung ab\"},{\"@type\":\"BreadcrumbList\",\"@id\":\"https:\/\/now-news.de\/de\/deutschland\/irans-oberster-fuehrer-lehnt-verhandlungen-mit-trump-regierung-ab\/#breadcrumb\",\"itemListElement\":[{\"@type\":\"ListItem\",\"position\":1,\"name\":\"Home\",\"item\":\"https:\/\/now-news.de\/de\/\"},{\"@type\":\"ListItem\",\"position\":2,\"name\":\"Irans Oberster F\u00fchrer lehnt Verhandlungen mit Trump-Regierung ab\"}]},{\"@type\":\"WebSite\",\"@id\":\"https:\/\/now-news.de\/de\/#website\",\"url\":\"https:\/\/now-news.de\/de\/\",\"name\":\"just-now.NEWS Deutschland\",\"description\":\"Das Portal f\u00fcr unzensierte Nachrichten aus der Welt\",\"publisher\":{\"@id\":\"https:\/\/now-news.de\/de\/#organization\"},\"potentialAction\":[{\"@type\":\"SearchAction\",\"target\":{\"@type\":\"EntryPoint\",\"urlTemplate\":\"https:\/\/now-news.de\/de\/?s={search_term_string}\"},\"query-input\":\"required name=search_term_string\"}],\"inLanguage\":\"de\"},{\"@type\":\"Organization\",\"@id\":\"https:\/\/now-news.de\/de\/#organization\",\"name\":\"Just Now News\",\"url\":\"https:\/\/now-news.de\/de\/\",\"logo\":{\"@type\":\"ImageObject\",\"inLanguage\":\"de\",\"@id\":\"https:\/\/now-news.de\/de\/#\/schema\/logo\/image\/\",\"url\":\"http:\/\/just-now.news\/de\/wp-content\/uploads\/sites\/3\/2022\/04\/logo500x500.jpg\",\"contentUrl\":\"http:\/\/just-now.news\/de\/wp-content\/uploads\/sites\/3\/2022\/04\/logo500x500.jpg\",\"width\":500,\"height\":500,\"caption\":\"Just Now News\"},\"image\":{\"@id\":\"https:\/\/now-news.de\/de\/#\/schema\/logo\/image\/\"},\"sameAs\":[\"https:\/\/www.facebook.com\/wirmachenauf\",\"https:\/\/x.com\/WirMachenAuf_de\"]},{\"@type\":\"Person\",\"@id\":\"https:\/\/now-news.de\/de\/#\/schema\/person\/fb534a4e865501d8b3285208df34a9b5\",\"name\":\"rtnews\",\"image\":{\"@type\":\"ImageObject\",\"inLanguage\":\"de\",\"@id\":\"https:\/\/now-news.de\/de\/#\/schema\/person\/image\/\",\"url\":\"https:\/\/secure.gravatar.com\/avatar\/82aafea7d8127119dd649515f56e2117?s=96&d=mm&r=g\",\"contentUrl\":\"https:\/\/secure.gravatar.com\/avatar\/82aafea7d8127119dd649515f56e2117?s=96&d=mm&r=g\",\"caption\":\"rtnews\"},\"url\":\"https:\/\/now-news.de\/de\/author\/rnews\/\"}]}<\/script>\n<!-- \/ Yoast SEO Premium plugin. -->","yoast_head_json":{"title":"Irans Oberster F\u00fchrer lehnt Verhandlungen mit Trump-Regierung ab - just-now.NEWS Deutschland","robots":{"index":"index","follow":"follow","max-snippet":"max-snippet:-1","max-image-preview":"max-image-preview:large","max-video-preview":"max-video-preview:-1"},"canonical":"https:\/\/now-news.de\/de\/deutschland\/irans-oberster-fuehrer-lehnt-verhandlungen-mit-trump-regierung-ab\/","og_locale":"de_DE","og_type":"article","og_title":"Irans Oberster F\u00fchrer lehnt Verhandlungen mit Trump-Regierung ab","og_description":"US-Pr\u00e4sident Donald Trump hatte am Dienstag generelle Gespr\u00e4chsbereitschaft mit Iran signalisiert, gleichzeitig aber auch Drohungen ausgesprochen. US-Pr\u00e4sident Donald Trump hat am Mittwoch erkl\u00e4rt, er wolle ein Atomabkommen mit Teheran abschlie\u00dfen. Zugleich hat er neue Sanktionen gegen das Land verh\u00e4ngt. Irans Oberster F\u00fchrer\u00a0lehnte nun Verhandlungen mit US-Pr\u00e4sident Trump kategorisch ab. &#8220;Solche Verhandlungen sind weder rational noch [&hellip;]","og_url":"https:\/\/now-news.de\/de\/deutschland\/irans-oberster-fuehrer-lehnt-verhandlungen-mit-trump-regierung-ab\/","og_site_name":"just-now.NEWS Deutschland","article_publisher":"https:\/\/www.facebook.com\/wirmachenauf","article_published_time":"2025-02-07T16:16:57+00:00","og_image":[{"url":"https:\/\/now-news.de\/de\/wp-content\/uploads\/sites\/3\/2025\/02\/67a5fe0248fbef160c112aca.jpg"}],"author":"rtnews","twitter_card":"summary_large_image","twitter_creator":"@WirMachenAuf_de","twitter_site":"@WirMachenAuf_de","twitter_misc":{"Verfasst von":"rtnews","Gesch\u00e4tzte Lesezeit":"2\u00a0Minuten"},"schema":{"@context":"https:\/\/schema.org","@graph":[{"@type":"Article","@id":"https:\/\/now-news.de\/de\/deutschland\/irans-oberster-fuehrer-lehnt-verhandlungen-mit-trump-regierung-ab\/#article","isPartOf":{"@id":"https:\/\/now-news.de\/de\/deutschland\/irans-oberster-fuehrer-lehnt-verhandlungen-mit-trump-regierung-ab\/"},"author":{"name":"rtnews","@id":"https:\/\/now-news.de\/de\/#\/schema\/person\/fb534a4e865501d8b3285208df34a9b5"},"headline":"Irans Oberster F\u00fchrer lehnt Verhandlungen mit Trump-Regierung ab","datePublished":"2025-02-07T16:16:57+00:00","dateModified":"2025-02-07T16:16:57+00:00","mainEntityOfPage":{"@id":"https:\/\/now-news.de\/de\/deutschland\/irans-oberster-fuehrer-lehnt-verhandlungen-mit-trump-regierung-ab\/"},"wordCount":376,"commentCount":0,"publisher":{"@id":"https:\/\/now-news.de\/de\/#organization"},"image":{"@id":"https:\/\/now-news.de\/de\/deutschland\/irans-oberster-fuehrer-lehnt-verhandlungen-mit-trump-regierung-ab\/#primaryimage"},"thumbnailUrl":"https:\/\/now-news.de\/de\/wp-content\/uploads\/sites\/3\/2025\/02\/Irans-Oberster-Fuehrer-lehnt-Verhandlungen-mit-Trump-Regierung-ab.jpg","keywords":["F\u00fchrer","Irans","lehnt","mit","Oberster","TrumpRegierung","Verhandlungen"],"articleSection":["Deutschland","Russland"],"inLanguage":"de","potentialAction":[{"@type":"CommentAction","name":"Comment","target":["https:\/\/now-news.de\/de\/deutschland\/irans-oberster-fuehrer-lehnt-verhandlungen-mit-trump-regierung-ab\/#respond"]}]},{"@type":"WebPage","@id":"https:\/\/now-news.de\/de\/deutschland\/irans-oberster-fuehrer-lehnt-verhandlungen-mit-trump-regierung-ab\/","url":"https:\/\/now-news.de\/de\/deutschland\/irans-oberster-fuehrer-lehnt-verhandlungen-mit-trump-regierung-ab\/","name":"Irans Oberster F\u00fchrer lehnt Verhandlungen mit Trump-Regierung ab - just-now.NEWS Deutschland","isPartOf":{"@id":"https:\/\/now-news.de\/de\/#website"},"primaryImageOfPage":{"@id":"https:\/\/now-news.de\/de\/deutschland\/irans-oberster-fuehrer-lehnt-verhandlungen-mit-trump-regierung-ab\/#primaryimage"},"image":{"@id":"https:\/\/now-news.de\/de\/deutschland\/irans-oberster-fuehrer-lehnt-verhandlungen-mit-trump-regierung-ab\/#primaryimage"},"thumbnailUrl":"https:\/\/now-news.de\/de\/wp-content\/uploads\/sites\/3\/2025\/02\/Irans-Oberster-Fuehrer-lehnt-Verhandlungen-mit-Trump-Regierung-ab.jpg","datePublished":"2025-02-07T16:16:57+00:00","dateModified":"2025-02-07T16:16:57+00:00","breadcrumb":{"@id":"https:\/\/now-news.de\/de\/deutschland\/irans-oberster-fuehrer-lehnt-verhandlungen-mit-trump-regierung-ab\/#breadcrumb"},"inLanguage":"de","potentialAction":[{"@type":"ReadAction","target":["https:\/\/now-news.de\/de\/deutschland\/irans-oberster-fuehrer-lehnt-verhandlungen-mit-trump-regierung-ab\/"]}]},{"@type":"ImageObject","inLanguage":"de","@id":"https:\/\/now-news.de\/de\/deutschland\/irans-oberster-fuehrer-lehnt-verhandlungen-mit-trump-regierung-ab\/#primaryimage","url":"https:\/\/now-news.de\/de\/wp-content\/uploads\/sites\/3\/2025\/02\/Irans-Oberster-Fuehrer-lehnt-Verhandlungen-mit-Trump-Regierung-ab.jpg","contentUrl":"https:\/\/now-news.de\/de\/wp-content\/uploads\/sites\/3\/2025\/02\/Irans-Oberster-Fuehrer-lehnt-Verhandlungen-mit-Trump-Regierung-ab.jpg","width":460,"height":259,"caption":"Irans Oberster F\u00fchrer lehnt Verhandlungen mit Trump-Regierung ab"},{"@type":"BreadcrumbList","@id":"https:\/\/now-news.de\/de\/deutschland\/irans-oberster-fuehrer-lehnt-verhandlungen-mit-trump-regierung-ab\/#breadcrumb","itemListElement":[{"@type":"ListItem","position":1,"name":"Home","item":"https:\/\/now-news.de\/de\/"},{"@type":"ListItem","position":2,"name":"Irans Oberster F\u00fchrer lehnt Verhandlungen mit Trump-Regierung ab"}]},{"@type":"WebSite","@id":"https:\/\/now-news.de\/de\/#website","url":"https:\/\/now-news.de\/de\/","name":"just-now.NEWS Deutschland","description":"Das Portal f\u00fcr unzensierte Nachrichten aus der Welt","publisher":{"@id":"https:\/\/now-news.de\/de\/#organization"},"potentialAction":[{"@type":"SearchAction","target":{"@type":"EntryPoint","urlTemplate":"https:\/\/now-news.de\/de\/?s={search_term_string}"},"query-input":"required name=search_term_string"}],"inLanguage":"de"},{"@type":"Organization","@id":"https:\/\/now-news.de\/de\/#organization","name":"Just Now News","url":"https:\/\/now-news.de\/de\/","logo":{"@type":"ImageObject","inLanguage":"de","@id":"https:\/\/now-news.de\/de\/#\/schema\/logo\/image\/","url":"http:\/\/just-now.news\/de\/wp-content\/uploads\/sites\/3\/2022\/04\/logo500x500.jpg","contentUrl":"http:\/\/just-now.news\/de\/wp-content\/uploads\/sites\/3\/2022\/04\/logo500x500.jpg","width":500,"height":500,"caption":"Just Now News"},"image":{"@id":"https:\/\/now-news.de\/de\/#\/schema\/logo\/image\/"},"sameAs":["https:\/\/www.facebook.com\/wirmachenauf","https:\/\/x.com\/WirMachenAuf_de"]},{"@type":"Person","@id":"https:\/\/now-news.de\/de\/#\/schema\/person\/fb534a4e865501d8b3285208df34a9b5","name":"rtnews","image":{"@type":"ImageObject","inLanguage":"de","@id":"https:\/\/now-news.de\/de\/#\/schema\/person\/image\/","url":"https:\/\/secure.gravatar.com\/avatar\/82aafea7d8127119dd649515f56e2117?s=96&d=mm&r=g","contentUrl":"https:\/\/secure.gravatar.com\/avatar\/82aafea7d8127119dd649515f56e2117?s=96&d=mm&r=g","caption":"rtnews"},"url":"https:\/\/now-news.de\/de\/author\/rnews\/"}]}},"_links":{"self":[{"href":"https:\/\/now-news.de\/de\/wp-json\/wp\/v2\/posts\/78047"}],"collection":[{"href":"https:\/\/now-news.de\/de\/wp-json\/wp\/v2\/posts"}],"about":[{"href":"https:\/\/now-news.de\/de\/wp-json\/wp\/v2\/types\/post"}],"author":[{"embeddable":true,"href":"https:\/\/now-news.de\/de\/wp-json\/wp\/v2\/users\/3"}],"replies":[{"embeddable":true,"href":"https:\/\/now-news.de\/de\/wp-json\/wp\/v2\/comments?post=78047"}],"version-history":[{"count":0,"href":"https:\/\/now-news.de\/de\/wp-json\/wp\/v2\/posts\/78047\/revisions"}],"wp:featuredmedia":[{"embeddable":true,"href":"https:\/\/now-news.de\/de\/wp-json\/wp\/v2\/media\/78048"}],"wp:attachment":[{"href":"https:\/\/now-news.de\/de\/wp-json\/wp\/v2\/media?parent=78047"}],"wp:term":[{"taxonomy":"category","embeddable":true,"href":"https:\/\/now-news.de\/de\/wp-json\/wp\/v2\/categories?post=78047"},{"taxonomy":"post_tag","embeddable":true,"href":"https:\/\/now-news.de\/de\/wp-json\/wp\/v2\/tags?post=78047"}],"curies":[{"name":"wp","href":"https:\/\/api.w.org\/{rel}","templated":true}]}}