{"id":78029,"date":"2025-02-07T10:12:29","date_gmt":"2025-02-07T08:12:29","guid":{"rendered":"https:\/\/now-news.de\/de\/deutschland\/bundeswehr-in-bayerischen-schulen-nein-danke-klage-gegen-bundeswehrgesetz\/"},"modified":"2025-02-07T10:12:29","modified_gmt":"2025-02-07T08:12:29","slug":"bundeswehr-in-bayerischen-schulen-nein-danke-klage-gegen-bundeswehrgesetz","status":"publish","type":"post","link":"https:\/\/now-news.de\/de\/deutschland\/bundeswehr-in-bayerischen-schulen-nein-danke-klage-gegen-bundeswehrgesetz\/","title":{"rendered":"Bundeswehr in bayerischen Schulen? Nein Danke! Klage gegen Bundeswehrgesetz"},"content":{"rendered":"<p><img decoding=\"async\" src=\"https:\/\/now-news.de\/de\/wp-content\/uploads\/sites\/3\/2025\/02\/67a4f4cfb480cc1e927d95e0.jpg\" \/><\/p>\n<div class=\"Text-root Text-type_1 \">\n                Ein gro\u00dfes B\u00fcndnis reicht Klage gegen die Pflicht zur Kooperation bayerischer Schulen und Universit\u00e4ten mit der Bundeswehr ein. Zuvor hat es eine Petition mit prominenter Unterst\u00fctzung gegen die Militarisierung des Bildungssystems gegeben.\n            <\/div>\n<p><\/p>\n<div class=\"Text-root Text-type_5 ArticleView-text ViewText-root \">\n<p>Seit dem Sommer\u00a02024 gibt es in <a rel=\"nofollow noopener\" target=\"_blank\" href=\"https:\/\/www.br.de\/nachrichten\/bayern\/kooperation-von-unis-und-bundeswehr-kritik-und-knackpunkte,UADToAL\">Bayern<\/a> ein <a rel=\"nofollow noopener\" target=\"_blank\" href=\"https:\/\/www.verkuendung-bayern.de\/gvbl\/2024-257\/\">Gesetz<\/a>, das staatliche Bildungseinrichtungen, Hochschulen und Universit\u00e4ten dazu verpflichtet, mit der Bundeswehr zu kooperieren (<em><a rel=\"nofollow noopener\" target=\"_blank\" href=\"https:\/\/freedert.online\/inland\/203118-auf-kriegskurs-bayern-will-unis\/\">RT\u00a0DE<\/a><\/em> berichtete). Zuvor stand es in Ermessen der Lehrer, Jugendoffiziere in ihren Unterricht einzuladen oder nicht. Den Hochschulen wiederum wird es durch das Gesetz unm\u00f6glich gemacht, sogenannte <a rel=\"nofollow noopener\" target=\"_blank\" href=\"https:\/\/www.lto.de\/recht\/nachrichten\/n\/bayern-bundeswehr-zivilklausel-kooperation-hochschulen-wissenschaftsfreiheit\">Zivilklauseln<\/a> zu erlassen, also die milit\u00e4rische Nutzung ihrer Forschung zu verbieten.<\/p>\n<p>In Fragen der nationalen Sicherheit besteht seitdem sogar eine <a rel=\"nofollow noopener\" target=\"_blank\" href=\"https:\/\/www.lto.de\/recht\/nachrichten\/n\/bayern-bundeswehr-zivilklausel-kooperation-hochschulen-wissenschaftsfreiheit\">Kooperationspflicht<\/a>. Das Gesetz war im Maximilianeum mit den Stimmen der Koalition\u00e4re von CSU und Freien W\u00e4hlern sowie der oppositionellen SPD <a rel=\"nofollow noopener\" target=\"_blank\" href=\"https:\/\/www.lto.de\/recht\/nachrichten\/n\/bayern-bundeswehr-zivilklausel-kooperation-hochschulen-wissenschaftsfreiheit\">erlassen<\/a> worden.<\/p>\n<p>Schon damals\u00a0waren Bedenken gegen das &#8220;Gesetz zur F\u00f6rderung der Bundeswehr in Bayern&#8221; (so der offizielle Titel) <a rel=\"nofollow noopener\" target=\"_blank\" href=\"https:\/\/www.lto.de\/recht\/nachrichten\/n\/bayern-bundeswehr-zivilklausel-kooperation-hochschulen-wissenschaftsfreiheit\">erhoben<\/a>\u00a0worden. Man bangte um die Forschungs- und Wissenschaftsfreiheit an den bayerischen Hochschulen sowie um die Gewissensfreiheit von Sch\u00fclern, Eltern und Lehrern.<\/p>\n<p>\u00dcber 1.500\u00a0Menschen, darunter zahlreiche Prominente, hatten eine <a rel=\"nofollow noopener\" target=\"_blank\" href=\"https:\/\/www.gew-bayern.de\/presse\/detailseite\/widerspruch-gegen-gesetzesentwurf-zur-militarisierung-des-bildungsbereichs\">Petition<\/a> gegen das Gesetz unterst\u00fctzt, weil sie eine Militarisierung des Bildungsbereichs bef\u00fcrchteten. Insbesondere die (im Vergleich zum konservativen Bayerischen Lehrer- und Lehrerinnenverband) eher linksgerichtete Gewerkschaft Erziehung und Wissenschaft (GEW Bayern) hatte sich gegen das Gesetz engagiert und um Unterst\u00fctzung f\u00fcr eine <a rel=\"nofollow noopener\" target=\"_blank\" href=\"https:\/\/www.gew-bayern.de\/themen\/nein-zum-bundeswehrgesetz\">Klage<\/a> geworben.<\/p>\n<p>Am Mittwoch war es nun so weit: Laut einer <a rel=\"nofollow noopener\" target=\"_blank\" href=\"https:\/\/www.gew-bayern.de\/presse\/detailseite\/hunderte-klagen-gegen-verbot-von-zivilklauseln-an-hochschulen-und-gegen-bundeswehr-im-klassenzimmer\">Pressemitteilung<\/a> der GEW reichte ein B\u00fcndnis von Juristen, Wissenschaftlern, Kirchen und Verb\u00e4nden Klage gegen das bayerische Bundeswehrgesetz ein, das aus seiner Sicht gegen die durch die Verfassung gesch\u00fctzten Grundrechte verst\u00f6\u00dft. Insgesamt handelt es sich um 200\u00a0Kl\u00e4ger.<\/p>\n<p>Am prominentesten d\u00fcrften der S\u00e4nger und Liedermacher Konstantin Wecker und Dr. Margot K\u00e4\u00dfmann sein. Letztere ist die ehemalige Bisch\u00f6fin der Landeskirche Hannovers und Ex-Ratsvorsitzende der Evangelischen Kirche in Deutschland (EKD). <a rel=\"nofollow noopener\" target=\"_blank\" href=\"https:\/\/www.br.de\/nachrichten\/bayern\/propagandainstrument-klage-gegen-bayerns-bundeswehrgesetz,Ubw6iqC\">Adelheid Rupp<\/a>, Rechtsanw\u00e4ltin und ehemalige Landesvorsitzende der bayerischen Linken, f\u00fchrt die Klage vor Gericht. Ein Zeitpunkt f\u00fcr das Urteil in diesem <a rel=\"nofollow noopener\" target=\"_blank\" href=\"https:\/\/www.br.de\/nachrichten\/bayern\/propagandainstrument-klage-gegen-bayerns-bundeswehrgesetz,Ubw6iqC\">Prozess<\/a> wurde noch nicht genannt.<\/p>\n<p>Besonders kritisiert wird von den Kl\u00e4gern, dass zwar nun die Bundeswehr freien Zugang zu den bayerischen Schulen habe, Friedensgruppen aber nicht im gleichen Ausma\u00dfe, so die ehemalige Bisch\u00f6fin <a rel=\"nofollow noopener\" target=\"_blank\" href=\"https:\/\/www.br.de\/nachrichten\/bayern\/propagandainstrument-klage-gegen-bayerns-bundeswehrgesetz,Ubw6iqC\">K\u00e4\u00dfmann<\/a>. Tobias Pfl\u00fcger von der Informationsstelle Militarisierung (IMI) verweist darauf, dass das Gesetz nicht im luftleeren Raum entstanden, sondern im <a rel=\"nofollow noopener\" target=\"_blank\" href=\"https:\/\/www.gew-bayern.de\/presse\/detailseite\/hunderte-klagen-gegen-verbot-von-zivilklauseln-an-hochschulen-und-gegen-bundeswehr-im-klassenzimmer\">Kontext<\/a> der sogenannten Zeitenwende und der erw\u00fcnschten Kriegst\u00fcchtigkeit der gesamten Gesellschaft zu betrachten sei. Und <a rel=\"nofollow noopener\" target=\"_blank\" href=\"https:\/\/www.gew-bayern.de\/presse\/detailseite\/hunderte-klagen-gegen-verbot-von-zivilklauseln-an-hochschulen-und-gegen-bundeswehr-im-klassenzimmer\">Martina Borgendale<\/a> von der GEW Bayern bef\u00fcrchtet eine (eigentlich verbotene) Werbung f\u00fcr die Bundeswehr an Schulen durch die Hintert\u00fcr\u00a0\u2013 mit allen negativen Folgen, die das f\u00fcr die noch minderj\u00e4hrigen Rekruten haben k\u00f6nne. Schulen als Rekrutierungsorte lehne man ab.<\/p>\n<p>Das Gesetz hat aber auch Bef\u00fcrworter\u00a0\u2013 allen voran nat\u00fcrlich die <a rel=\"nofollow noopener\" target=\"_blank\" href=\"https:\/\/verfassungsblog.de\/bayern-bundeswehr-hochschule\/\">bayerische Staatsregierung<\/a>, die\u00a0es auf den Weg gebracht hatte. So sieht Staatskanzleichef <a rel=\"nofollow noopener\" target=\"_blank\" href=\"https:\/\/www.br.de\/nachrichten\/bayern\/propagandainstrument-klage-gegen-bayerns-bundeswehrgesetz,Ubw6iqC\">Florian Herrmann<\/a> von der CSU darin keineswegs eine Einschr\u00e4nkung der Wissenschaftsfreiheit, vielmehr verhindere das Gesetz, dass &#8220;irgendwelche Uni-Gremien&#8221; Forschern den Einsatz ihrer Wissenschaft f\u00fcr die Bundeswehr verbieten k\u00f6nnten. Und \u00fcberhaupt k\u00f6nne jeder Forscher weiterhin seine Forschungsgebiete selbst frei bestimmen.<\/p>\n<p>Wissenschaftsminister <a rel=\"nofollow noopener\" target=\"_blank\" href=\"https:\/\/www.br.de\/nachrichten\/bayern\/propagandainstrument-klage-gegen-bayerns-bundeswehrgesetz,Ubw6iqC\">Markus Blume<\/a> (ebenfalls CSU) warnte sogar vor einem &#8220;falsch verstandenen Moral-Pazifismus&#8221;. Die Kritik am Bundeswehrf\u00f6rderungsgesetz sei v\u00f6llig <a rel=\"nofollow noopener\" target=\"_blank\" href=\"https:\/\/www.csu-landtag.de\/lokal_1_4_2128_Bayern-leistet-starken-Beitrag-zur-Landesverteidigung--Kritik-am-Bundeswehrgesetz-voellig-abwegig-.html\">abwegig<\/a>, so die CSU-Fraktion im bayerischen Landtag. Bayern m\u00fcsse\u00a0\u2013 wie der Bund und die \u00fcbrigen L\u00e4nder auch\u00a0\u2013 seinen <a rel=\"nofollow noopener\" target=\"_blank\" href=\"https:\/\/www.csu-landtag.de\/lokal_1_4_2128_Bayern-leistet-starken-Beitrag-zur-Landesverteidigung--Kritik-am-Bundeswehrgesetz-voellig-abwegig-.html\">Beitrag<\/a> zur Landesverteidigung leisten. Der CSU-Fraktionsvorsitzende <a rel=\"nofollow noopener\" target=\"_blank\" href=\"https:\/\/www.csu-landtag.de\/lokal_1_4_2128_Bayern-leistet-starken-Beitrag-zur-Landesverteidigung--Kritik-am-Bundeswehrgesetz-voellig-abwegig-.html\">Klaus Holetschek<\/a> verstieg sich sogar zu der Behauptung, die Kritiker spielten &#8220;den Interessen der russischen Aggressionspolitik direkt in die H\u00e4nde&#8221;. Pressemitteilungen zur laufenden <a rel=\"nofollow noopener\" target=\"_blank\" href=\"https:\/\/muenchen.t-online.de\/region\/muenchen\/id_100593410\/bundeswehr-klage-gegen-umstrittenes-gesetz-in-bayern-eingereicht.html\">Popularklage<\/a>\u00a0sind von <a rel=\"nofollow noopener\" target=\"_blank\" href=\"https:\/\/bayernspd.de\/presse\/pressemitteilungen\/\">SPD<\/a> und <a rel=\"nofollow noopener\" target=\"_blank\" href=\"https:\/\/www.fw-bayern.de\/aktuelles\/mitteilungen\">Freien W\u00e4hlern<\/a>, also den Parteien, die das Gesetz ebenfalls unterst\u00fctzt haben, nicht bekannt.<\/p>\n<p>Dass der erleichterte Zugang zu den bayerischen Schulen von der Bundeswehr eifrig genutzt wird, zeigen die Besuche der Jugendoffiziere in den vergangenen Monaten, zum Beispiel im niederbayerischen <a rel=\"nofollow noopener\" target=\"_blank\" href=\"https:\/\/llg-grafenau.de\/sicherheitspolitik-hautnah\/\">Grafenau<\/a>, im unterfr\u00e4nkischen <a rel=\"nofollow noopener\" target=\"_blank\" href=\"https:\/\/julius-echter-gymnasium.de\/sicherheitspolitik-in-unsicheren-zeiten-vortrag-des-jugendoffiziers-am-jeg\/\">Miltenberg<\/a> sowie im mittelfr\u00e4nkischen <a rel=\"nofollow noopener\" target=\"_blank\" href=\"https:\/\/realschule-lauf.de\/2024\/12\/20\/vortraege-des-jugendoffiziers-zum-thema-krieg-in-europa-sicherheitspolitisches-umfeld-deutschlands\/\">Lauf an der Pegnitz<\/a>.<\/p>\n<p><strong>Mehr zum Thema \u2013\u00a0<\/strong>&#8220;<a rel=\"nofollow noopener\" target=\"_blank\" href=\"https:\/\/freedert.online\/gesellschaft\/172924-tag-bundeswehr-wehrbeauftragte-hoegl-will\/\">Tag der Bundeswehr&#8221;: Wehrbeauftragte H\u00f6gl will Milit\u00e4r zu &#8220;wichtigem Teil&#8221; der Schulbildung machen<\/a><\/p>\n<div class=\"EmbedBlock-root EmbedBlock-externalVideo EmbedBlock-rumble\">\n<div class=\"VkEmbed\"><iframe class=\"lazyload\" data-src=\"https:\/\/rumble.com\/embed\/v4ob4mo\" frameborder=\"0\" width=\"853\" height=\"480\" allowfullscreen><\/iframe><\/div>\n<\/div>\n<\/div>\n<p><br \/>\n<br \/><a href=\"https:\/\/de.rt.com\/inland\/236039-bundeswehr-in-bayerischen-schulen-nein-danke-klage-gegen-bundeswehrgesetz\/\">Source link <\/a><\/p>\n","protected":false},"excerpt":{"rendered":"<p>Ein gro\u00dfes B\u00fcndnis reicht Klage gegen die Pflicht zur Kooperation bayerischer Schulen und Universit\u00e4ten mit der Bundeswehr ein. Zuvor hat es eine Petition mit prominenter Unterst\u00fctzung gegen die Militarisierung des Bildungssystems gegeben. Seit dem Sommer\u00a02024 gibt es in Bayern ein Gesetz, das staatliche Bildungseinrichtungen, Hochschulen und Universit\u00e4ten dazu verpflichtet, mit der Bundeswehr zu kooperieren (RT\u00a0DE [&hellip;]<\/p>\n","protected":false},"author":3,"featured_media":78030,"comment_status":"open","ping_status":"open","sticky":false,"template":"","format":"standard","meta":{"_yoast_indexnow_last_ping":["1738918263"],"wp_automatic_camp":["217"],"0bfa591babdfbc343a0e3d76ba19c891":["Bundeswehr in bayerischen Schulen? Nein Danke! Klage gegen Bundeswehrgesetz"],"original_link":["https:\/\/de.rt.com\/inland\/236039-bundeswehr-in-bayerischen-schulen-nein-danke-klage-gegen-bundeswehrgesetz\/"],"_thumbnail_id":["78030"],"jnews_social_counter_last_update":["1777372629"],"_wptgpro_p2tg_sent2tg":["a:1:{i:23737;s:19:\"2025-02-07 10:52:33\";}"]},"categories":[19,23],"tags":[33361,12292,62552,28865,278,5205,5968,7652],"yoast_head":"<!-- This site is optimized with the Yoast SEO Premium plugin v22.7 (Yoast SEO v22.7) - https:\/\/yoast.com\/wordpress\/plugins\/seo\/ -->\n<title>Bundeswehr in bayerischen Schulen? Nein Danke! Klage gegen Bundeswehrgesetz - just-now.NEWS Deutschland<\/title>\n<meta name=\"robots\" content=\"index, follow, max-snippet:-1, max-image-preview:large, max-video-preview:-1\" \/>\n<link rel=\"canonical\" href=\"https:\/\/now-news.de\/de\/deutschland\/bundeswehr-in-bayerischen-schulen-nein-danke-klage-gegen-bundeswehrgesetz\/\" \/>\n<meta property=\"og:locale\" content=\"de_DE\" \/>\n<meta property=\"og:type\" content=\"article\" \/>\n<meta property=\"og:title\" content=\"Bundeswehr in bayerischen Schulen? Nein Danke! Klage gegen Bundeswehrgesetz\" \/>\n<meta property=\"og:description\" content=\"Ein gro\u00dfes B\u00fcndnis reicht Klage gegen die Pflicht zur Kooperation bayerischer Schulen und Universit\u00e4ten mit der Bundeswehr ein. Zuvor hat es eine Petition mit prominenter Unterst\u00fctzung gegen die Militarisierung des Bildungssystems gegeben. Seit dem Sommer\u00a02024 gibt es in Bayern ein Gesetz, das staatliche Bildungseinrichtungen, Hochschulen und Universit\u00e4ten dazu verpflichtet, mit der Bundeswehr zu kooperieren (RT\u00a0DE [&hellip;]\" \/>\n<meta property=\"og:url\" content=\"https:\/\/now-news.de\/de\/deutschland\/bundeswehr-in-bayerischen-schulen-nein-danke-klage-gegen-bundeswehrgesetz\/\" \/>\n<meta property=\"og:site_name\" content=\"just-now.NEWS Deutschland\" \/>\n<meta property=\"article:publisher\" content=\"https:\/\/www.facebook.com\/wirmachenauf\" \/>\n<meta property=\"article:published_time\" content=\"2025-02-07T08:12:29+00:00\" \/>\n<meta property=\"og:image\" content=\"https:\/\/now-news.de\/de\/wp-content\/uploads\/sites\/3\/2025\/02\/67a4f4cfb480cc1e927d95e0.jpg\" \/>\n<meta name=\"author\" content=\"rtnews\" \/>\n<meta name=\"twitter:card\" content=\"summary_large_image\" \/>\n<meta name=\"twitter:creator\" content=\"@WirMachenAuf_de\" \/>\n<meta name=\"twitter:site\" content=\"@WirMachenAuf_de\" \/>\n<meta name=\"twitter:label1\" content=\"Verfasst von\" \/>\n\t<meta name=\"twitter:data1\" content=\"rtnews\" \/>\n\t<meta name=\"twitter:label2\" content=\"Gesch\u00e4tzte Lesezeit\" \/>\n\t<meta name=\"twitter:data2\" content=\"3\u00a0Minuten\" \/>\n<script type=\"application\/ld+json\" class=\"yoast-schema-graph\">{\"@context\":\"https:\/\/schema.org\",\"@graph\":[{\"@type\":\"Article\",\"@id\":\"https:\/\/now-news.de\/de\/deutschland\/bundeswehr-in-bayerischen-schulen-nein-danke-klage-gegen-bundeswehrgesetz\/#article\",\"isPartOf\":{\"@id\":\"https:\/\/now-news.de\/de\/deutschland\/bundeswehr-in-bayerischen-schulen-nein-danke-klage-gegen-bundeswehrgesetz\/\"},\"author\":{\"name\":\"rtnews\",\"@id\":\"https:\/\/now-news.de\/de\/#\/schema\/person\/fb534a4e865501d8b3285208df34a9b5\"},\"headline\":\"Bundeswehr in bayerischen Schulen? Nein Danke! Klage gegen Bundeswehrgesetz\",\"datePublished\":\"2025-02-07T08:12:29+00:00\",\"dateModified\":\"2025-02-07T08:12:29+00:00\",\"mainEntityOfPage\":{\"@id\":\"https:\/\/now-news.de\/de\/deutschland\/bundeswehr-in-bayerischen-schulen-nein-danke-klage-gegen-bundeswehrgesetz\/\"},\"wordCount\":682,\"commentCount\":0,\"publisher\":{\"@id\":\"https:\/\/now-news.de\/de\/#organization\"},\"image\":{\"@id\":\"https:\/\/now-news.de\/de\/deutschland\/bundeswehr-in-bayerischen-schulen-nein-danke-klage-gegen-bundeswehrgesetz\/#primaryimage\"},\"thumbnailUrl\":\"https:\/\/now-news.de\/de\/wp-content\/uploads\/sites\/3\/2025\/02\/Bundeswehr-in-bayerischen-Schulen-Nein-Danke-Klage-gegen-Bundeswehrgesetz.jpg\",\"keywords\":[\"Bayerischen\",\"Bundeswehr\",\"Bundeswehrgesetz\",\"Danke\",\"gegen\",\"Klage\",\"Nein\",\"Schulen\"],\"articleSection\":[\"Deutschland\",\"Russland\"],\"inLanguage\":\"de\",\"potentialAction\":[{\"@type\":\"CommentAction\",\"name\":\"Comment\",\"target\":[\"https:\/\/now-news.de\/de\/deutschland\/bundeswehr-in-bayerischen-schulen-nein-danke-klage-gegen-bundeswehrgesetz\/#respond\"]}]},{\"@type\":\"WebPage\",\"@id\":\"https:\/\/now-news.de\/de\/deutschland\/bundeswehr-in-bayerischen-schulen-nein-danke-klage-gegen-bundeswehrgesetz\/\",\"url\":\"https:\/\/now-news.de\/de\/deutschland\/bundeswehr-in-bayerischen-schulen-nein-danke-klage-gegen-bundeswehrgesetz\/\",\"name\":\"Bundeswehr in bayerischen Schulen? Nein Danke! Klage gegen Bundeswehrgesetz - just-now.NEWS Deutschland\",\"isPartOf\":{\"@id\":\"https:\/\/now-news.de\/de\/#website\"},\"primaryImageOfPage\":{\"@id\":\"https:\/\/now-news.de\/de\/deutschland\/bundeswehr-in-bayerischen-schulen-nein-danke-klage-gegen-bundeswehrgesetz\/#primaryimage\"},\"image\":{\"@id\":\"https:\/\/now-news.de\/de\/deutschland\/bundeswehr-in-bayerischen-schulen-nein-danke-klage-gegen-bundeswehrgesetz\/#primaryimage\"},\"thumbnailUrl\":\"https:\/\/now-news.de\/de\/wp-content\/uploads\/sites\/3\/2025\/02\/Bundeswehr-in-bayerischen-Schulen-Nein-Danke-Klage-gegen-Bundeswehrgesetz.jpg\",\"datePublished\":\"2025-02-07T08:12:29+00:00\",\"dateModified\":\"2025-02-07T08:12:29+00:00\",\"breadcrumb\":{\"@id\":\"https:\/\/now-news.de\/de\/deutschland\/bundeswehr-in-bayerischen-schulen-nein-danke-klage-gegen-bundeswehrgesetz\/#breadcrumb\"},\"inLanguage\":\"de\",\"potentialAction\":[{\"@type\":\"ReadAction\",\"target\":[\"https:\/\/now-news.de\/de\/deutschland\/bundeswehr-in-bayerischen-schulen-nein-danke-klage-gegen-bundeswehrgesetz\/\"]}]},{\"@type\":\"ImageObject\",\"inLanguage\":\"de\",\"@id\":\"https:\/\/now-news.de\/de\/deutschland\/bundeswehr-in-bayerischen-schulen-nein-danke-klage-gegen-bundeswehrgesetz\/#primaryimage\",\"url\":\"https:\/\/now-news.de\/de\/wp-content\/uploads\/sites\/3\/2025\/02\/Bundeswehr-in-bayerischen-Schulen-Nein-Danke-Klage-gegen-Bundeswehrgesetz.jpg\",\"contentUrl\":\"https:\/\/now-news.de\/de\/wp-content\/uploads\/sites\/3\/2025\/02\/Bundeswehr-in-bayerischen-Schulen-Nein-Danke-Klage-gegen-Bundeswehrgesetz.jpg\",\"width\":460,\"height\":259,\"caption\":\"Bundeswehr in bayerischen Schulen? Nein Danke! Klage gegen Bundeswehrgesetz\"},{\"@type\":\"BreadcrumbList\",\"@id\":\"https:\/\/now-news.de\/de\/deutschland\/bundeswehr-in-bayerischen-schulen-nein-danke-klage-gegen-bundeswehrgesetz\/#breadcrumb\",\"itemListElement\":[{\"@type\":\"ListItem\",\"position\":1,\"name\":\"Home\",\"item\":\"https:\/\/now-news.de\/de\/\"},{\"@type\":\"ListItem\",\"position\":2,\"name\":\"Bundeswehr in bayerischen Schulen? Nein Danke! Klage gegen Bundeswehrgesetz\"}]},{\"@type\":\"WebSite\",\"@id\":\"https:\/\/now-news.de\/de\/#website\",\"url\":\"https:\/\/now-news.de\/de\/\",\"name\":\"just-now.NEWS Deutschland\",\"description\":\"Das Portal f\u00fcr unzensierte Nachrichten aus der Welt\",\"publisher\":{\"@id\":\"https:\/\/now-news.de\/de\/#organization\"},\"potentialAction\":[{\"@type\":\"SearchAction\",\"target\":{\"@type\":\"EntryPoint\",\"urlTemplate\":\"https:\/\/now-news.de\/de\/?s={search_term_string}\"},\"query-input\":\"required name=search_term_string\"}],\"inLanguage\":\"de\"},{\"@type\":\"Organization\",\"@id\":\"https:\/\/now-news.de\/de\/#organization\",\"name\":\"Just Now News\",\"url\":\"https:\/\/now-news.de\/de\/\",\"logo\":{\"@type\":\"ImageObject\",\"inLanguage\":\"de\",\"@id\":\"https:\/\/now-news.de\/de\/#\/schema\/logo\/image\/\",\"url\":\"http:\/\/just-now.news\/de\/wp-content\/uploads\/sites\/3\/2022\/04\/logo500x500.jpg\",\"contentUrl\":\"http:\/\/just-now.news\/de\/wp-content\/uploads\/sites\/3\/2022\/04\/logo500x500.jpg\",\"width\":500,\"height\":500,\"caption\":\"Just Now News\"},\"image\":{\"@id\":\"https:\/\/now-news.de\/de\/#\/schema\/logo\/image\/\"},\"sameAs\":[\"https:\/\/www.facebook.com\/wirmachenauf\",\"https:\/\/x.com\/WirMachenAuf_de\"]},{\"@type\":\"Person\",\"@id\":\"https:\/\/now-news.de\/de\/#\/schema\/person\/fb534a4e865501d8b3285208df34a9b5\",\"name\":\"rtnews\",\"image\":{\"@type\":\"ImageObject\",\"inLanguage\":\"de\",\"@id\":\"https:\/\/now-news.de\/de\/#\/schema\/person\/image\/\",\"url\":\"https:\/\/secure.gravatar.com\/avatar\/82aafea7d8127119dd649515f56e2117?s=96&d=mm&r=g\",\"contentUrl\":\"https:\/\/secure.gravatar.com\/avatar\/82aafea7d8127119dd649515f56e2117?s=96&d=mm&r=g\",\"caption\":\"rtnews\"},\"url\":\"https:\/\/now-news.de\/de\/author\/rnews\/\"}]}<\/script>\n<!-- \/ Yoast SEO Premium plugin. -->","yoast_head_json":{"title":"Bundeswehr in bayerischen Schulen? Nein Danke! Klage gegen Bundeswehrgesetz - just-now.NEWS Deutschland","robots":{"index":"index","follow":"follow","max-snippet":"max-snippet:-1","max-image-preview":"max-image-preview:large","max-video-preview":"max-video-preview:-1"},"canonical":"https:\/\/now-news.de\/de\/deutschland\/bundeswehr-in-bayerischen-schulen-nein-danke-klage-gegen-bundeswehrgesetz\/","og_locale":"de_DE","og_type":"article","og_title":"Bundeswehr in bayerischen Schulen? Nein Danke! Klage gegen Bundeswehrgesetz","og_description":"Ein gro\u00dfes B\u00fcndnis reicht Klage gegen die Pflicht zur Kooperation bayerischer Schulen und Universit\u00e4ten mit der Bundeswehr ein. Zuvor hat es eine Petition mit prominenter Unterst\u00fctzung gegen die Militarisierung des Bildungssystems gegeben. Seit dem Sommer\u00a02024 gibt es in Bayern ein Gesetz, das staatliche Bildungseinrichtungen, Hochschulen und Universit\u00e4ten dazu verpflichtet, mit der Bundeswehr zu kooperieren (RT\u00a0DE [&hellip;]","og_url":"https:\/\/now-news.de\/de\/deutschland\/bundeswehr-in-bayerischen-schulen-nein-danke-klage-gegen-bundeswehrgesetz\/","og_site_name":"just-now.NEWS Deutschland","article_publisher":"https:\/\/www.facebook.com\/wirmachenauf","article_published_time":"2025-02-07T08:12:29+00:00","og_image":[{"url":"https:\/\/now-news.de\/de\/wp-content\/uploads\/sites\/3\/2025\/02\/67a4f4cfb480cc1e927d95e0.jpg"}],"author":"rtnews","twitter_card":"summary_large_image","twitter_creator":"@WirMachenAuf_de","twitter_site":"@WirMachenAuf_de","twitter_misc":{"Verfasst von":"rtnews","Gesch\u00e4tzte Lesezeit":"3\u00a0Minuten"},"schema":{"@context":"https:\/\/schema.org","@graph":[{"@type":"Article","@id":"https:\/\/now-news.de\/de\/deutschland\/bundeswehr-in-bayerischen-schulen-nein-danke-klage-gegen-bundeswehrgesetz\/#article","isPartOf":{"@id":"https:\/\/now-news.de\/de\/deutschland\/bundeswehr-in-bayerischen-schulen-nein-danke-klage-gegen-bundeswehrgesetz\/"},"author":{"name":"rtnews","@id":"https:\/\/now-news.de\/de\/#\/schema\/person\/fb534a4e865501d8b3285208df34a9b5"},"headline":"Bundeswehr in bayerischen Schulen? Nein Danke! Klage gegen Bundeswehrgesetz","datePublished":"2025-02-07T08:12:29+00:00","dateModified":"2025-02-07T08:12:29+00:00","mainEntityOfPage":{"@id":"https:\/\/now-news.de\/de\/deutschland\/bundeswehr-in-bayerischen-schulen-nein-danke-klage-gegen-bundeswehrgesetz\/"},"wordCount":682,"commentCount":0,"publisher":{"@id":"https:\/\/now-news.de\/de\/#organization"},"image":{"@id":"https:\/\/now-news.de\/de\/deutschland\/bundeswehr-in-bayerischen-schulen-nein-danke-klage-gegen-bundeswehrgesetz\/#primaryimage"},"thumbnailUrl":"https:\/\/now-news.de\/de\/wp-content\/uploads\/sites\/3\/2025\/02\/Bundeswehr-in-bayerischen-Schulen-Nein-Danke-Klage-gegen-Bundeswehrgesetz.jpg","keywords":["Bayerischen","Bundeswehr","Bundeswehrgesetz","Danke","gegen","Klage","Nein","Schulen"],"articleSection":["Deutschland","Russland"],"inLanguage":"de","potentialAction":[{"@type":"CommentAction","name":"Comment","target":["https:\/\/now-news.de\/de\/deutschland\/bundeswehr-in-bayerischen-schulen-nein-danke-klage-gegen-bundeswehrgesetz\/#respond"]}]},{"@type":"WebPage","@id":"https:\/\/now-news.de\/de\/deutschland\/bundeswehr-in-bayerischen-schulen-nein-danke-klage-gegen-bundeswehrgesetz\/","url":"https:\/\/now-news.de\/de\/deutschland\/bundeswehr-in-bayerischen-schulen-nein-danke-klage-gegen-bundeswehrgesetz\/","name":"Bundeswehr in bayerischen Schulen? Nein Danke! Klage gegen Bundeswehrgesetz - just-now.NEWS Deutschland","isPartOf":{"@id":"https:\/\/now-news.de\/de\/#website"},"primaryImageOfPage":{"@id":"https:\/\/now-news.de\/de\/deutschland\/bundeswehr-in-bayerischen-schulen-nein-danke-klage-gegen-bundeswehrgesetz\/#primaryimage"},"image":{"@id":"https:\/\/now-news.de\/de\/deutschland\/bundeswehr-in-bayerischen-schulen-nein-danke-klage-gegen-bundeswehrgesetz\/#primaryimage"},"thumbnailUrl":"https:\/\/now-news.de\/de\/wp-content\/uploads\/sites\/3\/2025\/02\/Bundeswehr-in-bayerischen-Schulen-Nein-Danke-Klage-gegen-Bundeswehrgesetz.jpg","datePublished":"2025-02-07T08:12:29+00:00","dateModified":"2025-02-07T08:12:29+00:00","breadcrumb":{"@id":"https:\/\/now-news.de\/de\/deutschland\/bundeswehr-in-bayerischen-schulen-nein-danke-klage-gegen-bundeswehrgesetz\/#breadcrumb"},"inLanguage":"de","potentialAction":[{"@type":"ReadAction","target":["https:\/\/now-news.de\/de\/deutschland\/bundeswehr-in-bayerischen-schulen-nein-danke-klage-gegen-bundeswehrgesetz\/"]}]},{"@type":"ImageObject","inLanguage":"de","@id":"https:\/\/now-news.de\/de\/deutschland\/bundeswehr-in-bayerischen-schulen-nein-danke-klage-gegen-bundeswehrgesetz\/#primaryimage","url":"https:\/\/now-news.de\/de\/wp-content\/uploads\/sites\/3\/2025\/02\/Bundeswehr-in-bayerischen-Schulen-Nein-Danke-Klage-gegen-Bundeswehrgesetz.jpg","contentUrl":"https:\/\/now-news.de\/de\/wp-content\/uploads\/sites\/3\/2025\/02\/Bundeswehr-in-bayerischen-Schulen-Nein-Danke-Klage-gegen-Bundeswehrgesetz.jpg","width":460,"height":259,"caption":"Bundeswehr in bayerischen Schulen? Nein Danke! Klage gegen Bundeswehrgesetz"},{"@type":"BreadcrumbList","@id":"https:\/\/now-news.de\/de\/deutschland\/bundeswehr-in-bayerischen-schulen-nein-danke-klage-gegen-bundeswehrgesetz\/#breadcrumb","itemListElement":[{"@type":"ListItem","position":1,"name":"Home","item":"https:\/\/now-news.de\/de\/"},{"@type":"ListItem","position":2,"name":"Bundeswehr in bayerischen Schulen? Nein Danke! Klage gegen Bundeswehrgesetz"}]},{"@type":"WebSite","@id":"https:\/\/now-news.de\/de\/#website","url":"https:\/\/now-news.de\/de\/","name":"just-now.NEWS Deutschland","description":"Das Portal f\u00fcr unzensierte Nachrichten aus der Welt","publisher":{"@id":"https:\/\/now-news.de\/de\/#organization"},"potentialAction":[{"@type":"SearchAction","target":{"@type":"EntryPoint","urlTemplate":"https:\/\/now-news.de\/de\/?s={search_term_string}"},"query-input":"required name=search_term_string"}],"inLanguage":"de"},{"@type":"Organization","@id":"https:\/\/now-news.de\/de\/#organization","name":"Just Now News","url":"https:\/\/now-news.de\/de\/","logo":{"@type":"ImageObject","inLanguage":"de","@id":"https:\/\/now-news.de\/de\/#\/schema\/logo\/image\/","url":"http:\/\/just-now.news\/de\/wp-content\/uploads\/sites\/3\/2022\/04\/logo500x500.jpg","contentUrl":"http:\/\/just-now.news\/de\/wp-content\/uploads\/sites\/3\/2022\/04\/logo500x500.jpg","width":500,"height":500,"caption":"Just Now News"},"image":{"@id":"https:\/\/now-news.de\/de\/#\/schema\/logo\/image\/"},"sameAs":["https:\/\/www.facebook.com\/wirmachenauf","https:\/\/x.com\/WirMachenAuf_de"]},{"@type":"Person","@id":"https:\/\/now-news.de\/de\/#\/schema\/person\/fb534a4e865501d8b3285208df34a9b5","name":"rtnews","image":{"@type":"ImageObject","inLanguage":"de","@id":"https:\/\/now-news.de\/de\/#\/schema\/person\/image\/","url":"https:\/\/secure.gravatar.com\/avatar\/82aafea7d8127119dd649515f56e2117?s=96&d=mm&r=g","contentUrl":"https:\/\/secure.gravatar.com\/avatar\/82aafea7d8127119dd649515f56e2117?s=96&d=mm&r=g","caption":"rtnews"},"url":"https:\/\/now-news.de\/de\/author\/rnews\/"}]}},"_links":{"self":[{"href":"https:\/\/now-news.de\/de\/wp-json\/wp\/v2\/posts\/78029"}],"collection":[{"href":"https:\/\/now-news.de\/de\/wp-json\/wp\/v2\/posts"}],"about":[{"href":"https:\/\/now-news.de\/de\/wp-json\/wp\/v2\/types\/post"}],"author":[{"embeddable":true,"href":"https:\/\/now-news.de\/de\/wp-json\/wp\/v2\/users\/3"}],"replies":[{"embeddable":true,"href":"https:\/\/now-news.de\/de\/wp-json\/wp\/v2\/comments?post=78029"}],"version-history":[{"count":0,"href":"https:\/\/now-news.de\/de\/wp-json\/wp\/v2\/posts\/78029\/revisions"}],"wp:featuredmedia":[{"embeddable":true,"href":"https:\/\/now-news.de\/de\/wp-json\/wp\/v2\/media\/78030"}],"wp:attachment":[{"href":"https:\/\/now-news.de\/de\/wp-json\/wp\/v2\/media?parent=78029"}],"wp:term":[{"taxonomy":"category","embeddable":true,"href":"https:\/\/now-news.de\/de\/wp-json\/wp\/v2\/categories?post=78029"},{"taxonomy":"post_tag","embeddable":true,"href":"https:\/\/now-news.de\/de\/wp-json\/wp\/v2\/tags?post=78029"}],"curies":[{"name":"wp","href":"https:\/\/api.w.org\/{rel}","templated":true}]}}