{"id":78009,"date":"2025-02-06T22:11:43","date_gmt":"2025-02-06T20:11:43","guid":{"rendered":"https:\/\/now-news.de\/de\/deutschland\/annullierte-wahl-in-rumaenien-kommission-des-europarates-kritisiert-entscheidung\/"},"modified":"2025-02-06T22:11:43","modified_gmt":"2025-02-06T20:11:43","slug":"annullierte-wahl-in-rumaenien-kommission-des-europarates-kritisiert-entscheidung","status":"publish","type":"post","link":"https:\/\/now-news.de\/de\/deutschland\/annullierte-wahl-in-rumaenien-kommission-des-europarates-kritisiert-entscheidung\/","title":{"rendered":"Annullierte Wahl in Rum\u00e4nien: Kommission des Europarates kritisiert Entscheidung"},"content":{"rendered":"<p><img decoding=\"async\" src=\"https:\/\/now-news.de\/de\/wp-content\/uploads\/sites\/3\/2025\/02\/67a4cd07b480cc7f823d6382.jpg\" \/><\/p>\n<div class=\"Text-root Text-type_1 \">\n                Das rum\u00e4nische Verfassungsgericht hat die Pr\u00e4sidentschaftswahl vom Dezember annulliert, nachdem ein Au\u00dfenseiter die Wahl gewonnen hatte. Eine Kommission des Europarates kritisiert den Vorgang. Eine erfolgreiche Wahlkampagne sei kein Grund f\u00fcr die Annullierung einer Wahl.\n            <\/div>\n<p><\/p>\n<div class=\"Text-root Text-type_5 ArticleView-text ViewText-root \">\n<p>Nach dem \u00fcberraschenden Wahlsieg des Au\u00dfenseiterkandidaten C\u0103lin Georgescu im ersten Wahlgang bei den Pr\u00e4sidentschaftswahlen in Rum\u00e4nien hatte das Verfassungsgericht des Landes die Wahl annulliert. Vorgeblicher Grund war russische Wahleinmischung in den sozialen Medien zugunsten Georgescus. Das Verfassungsgericht berief sich auf Geheimdienstinformationen. Ein in Teilen geschw\u00e4rzter Geheimdienstbericht stellt eine breite Werbekampagne in den sozialen Medien f\u00fcr Georgescu fest. Der Bericht legt zudem nahe, die Kampagne sei von Russland bezahlt worden. Diese Behauptung ist inzwischen widerlegt. Bezahlt hat die Kampagne die nationalliberale Partei des amtierenden Pr\u00e4sidenten Iohannis wohl mit der Absicht, Georgescu zu diskreditieren. Eine Anh\u00f6rung der Kandidaten durch das Verfassungsgericht fand nicht statt.\u00a0<\/p>\n<p>Der EU-Abgeordnete des BSW, Andrej Hunko, hatte einen Antrag in die Parlamentarische Versammlung des Europarats eingebracht, der zu einer Untersuchung des Urteils durch die Venedig-Kommission f\u00fchrte. Die Venedig-Kommission ist eine beratende Einrichtung des Europarates.\u00a0<\/p>\n<p>Die Kommission kam zu dem Schluss, dass eine Einflussnahme von unter anderem ausl\u00e4ndischen Akteuren bei der Entscheidung \u00fcber die Legitimit\u00e4t von Wahlen zwar relevant sein k\u00f6nne. Allerdings sei es kaum denkbar, dass allein durch die Form und den Inhalt von Wahlkampf-Botschaften derart gegen das Wahlrecht versto\u00dfen werde, dass dies die Annullierung der Wahl nach sich ziehen k\u00f6nne. Auch sei es legitim Spenden zu sammeln. Im Falle Rum\u00e4niens stand eine Wahlkampagne zugunsten Georgescus auf TikTok im Fokus.\u00a0<\/p>\n<p>Dass ein Kandidat erfolgreich in sozialen Medien werbe und damit ein gr\u00f6\u00dferes Publikum erreiche als durch den alleinigen Einsatz von Printmedien und Rundfunk, sei kein Versto\u00df gegen die Regeln f\u00fcr Wahlkampffinanzierung und das damit verbundene Transparenzgebot, stellte die Kommission fest. Die Zweifel am Wahlergebnis m\u00fcssten zudem objektiv sein. Der Hinweis auf eine erfolgreiche Wahlkampagne entspreche dieser Anforderung in keiner Weise.<\/p>\n<p>Zudem seien bei derart weitreichenden Entscheidungen die Parteien und Personen, denen das politische Mandat verweigert wird, in jedem Fall anzuh\u00f6ren. In Rum\u00e4nien ist das nicht passiert.\u00a0<\/p>\n<p>Hunko <a rel=\"nofollow noopener\" target=\"_blank\" href=\"https:\/\/multipolar-magazin.de\/meldungen\/0170\">sagte<\/a>\u00a0gegen\u00fcber dem Online-Magazin <em>multipolar<\/em>, sein Anliegen, das zur Anrufung der Kommission f\u00fchrte, war, &#8220;zu verhindern, dass das rum\u00e4nische Beispiel Schule macht.&#8221;<\/p>\n<p>Anlass waren \u00c4u\u00dferungen des ehemaligen EU-Kommissars Thierry Breton. Breton hatte mit Blick auf die Wahlen in Deutschland und die Unterst\u00fctzung der AfD durch den US-Oligarchen Elon Musk gesagt, man k\u00f6nne in Deutschland nach rum\u00e4nischen Vorbild ebenfalls die Wahlen annullieren lassen.<\/p>\n<p>Hunko sieht zudem eine Gefahr darin, dass durch R\u00fcckgriff auf rechtsunscharfe Begriffe wie &#8220;Hassrede&#8221;, &#8220;Verschw\u00f6rungstheorie&#8221;, durch Entgrenzung von Begriffen wie &#8220;Antisemitismus&#8221; und &#8220;Faschismus&#8221; weitreichende rechtliche Entscheidungen getroffen werden k\u00f6nnen.\u00a0<\/p>\n<p>Georgescu sieht sich best\u00e4tigt und fordert das Verfassungsgericht auf, die Entscheidung zur\u00fcckzunehmen. Seine Gegenkandidatin Elena Lasconi spricht sogar davon, das Verfassungsgericht habe &#8220;eine missbr\u00e4uchliche Entscheidung getroffen&#8221;.<\/p>\n<p>Der nach der Entscheidung des Verfassungsgerichts weiterhin amtierende Pr\u00e4sident Klaus Iohannis meinte, nun m\u00fcsse das Parlament entscheiden, &#8220;wo Gesetzes\u00e4nderungen angemessen sind.&#8221;<\/p>\n<p><strong>Mehr zum Thema<\/strong>\u00a0\u2013\u00a0<a rel=\"nofollow noopener\" target=\"_blank\" href=\"https:\/\/freedert.online\/europa\/233882-annullierte-rumaenien-wahl-georgescu-scheitert\/\">Annullierte Rum\u00e4nien-Wahl: Georgescu scheitert vor Europ\u00e4ischem Gerichtshof f\u00fcr Menschenrechte<\/a><\/p>\n<div class=\"EmbedBlock-root EmbedBlock-externalVideo EmbedBlock-rumble\">\n<div class=\"VkEmbed\"><iframe class=\"lazyload\" data-src=\"https:\/\/rumble.com\/embed\/v6fc2bp\" frameborder=\"0\" width=\"853\" height=\"480\" allowfullscreen><\/iframe><\/div>\n<\/div>\n<\/div>\n<p><br \/>\n<br \/><a href=\"https:\/\/de.rt.com\/europa\/236020-annullierte-wahl-in-rumaenien-kommission\/\">Source link <\/a><\/p>\n","protected":false},"excerpt":{"rendered":"<p>Das rum\u00e4nische Verfassungsgericht hat die Pr\u00e4sidentschaftswahl vom Dezember annulliert, nachdem ein Au\u00dfenseiter die Wahl gewonnen hatte. Eine Kommission des Europarates kritisiert den Vorgang. Eine erfolgreiche Wahlkampagne sei kein Grund f\u00fcr die Annullierung einer Wahl. Nach dem \u00fcberraschenden Wahlsieg des Au\u00dfenseiterkandidaten C\u0103lin Georgescu im ersten Wahlgang bei den Pr\u00e4sidentschaftswahlen in Rum\u00e4nien hatte das Verfassungsgericht des Landes [&hellip;]<\/p>\n","protected":false},"author":3,"featured_media":78010,"comment_status":"open","ping_status":"open","sticky":false,"template":"","format":"standard","meta":{"_yoast_indexnow_last_ping":["1738872832"],"wp_automatic_camp":["217"],"c02f4bddc01b1bcccebbaf5a731a6ab8":["Annullierte Wahl in Rum\u00e4nien: Kommission des Europarates kritisiert Entscheidung"],"original_link":["https:\/\/de.rt.com\/europa\/236020-annullierte-wahl-in-rumaenien-kommission\/"],"_thumbnail_id":["78010"],"_wptgpro_p2tg_sent2tg":["a:1:{i:23737;s:19:\"2025-02-06 22:14:56\";}"],"jnews_social_counter_last_update":["1777274260"]},"categories":[19,23],"tags":[22360,583,5553,52337,20514,739,24443,4351],"yoast_head":"<!-- This site is optimized with the Yoast SEO Premium plugin v22.7 (Yoast SEO v22.7) - https:\/\/yoast.com\/wordpress\/plugins\/seo\/ -->\n<title>Annullierte Wahl in Rum\u00e4nien: Kommission des Europarates kritisiert Entscheidung - just-now.NEWS Deutschland<\/title>\n<meta name=\"robots\" content=\"index, follow, max-snippet:-1, max-image-preview:large, max-video-preview:-1\" \/>\n<link rel=\"canonical\" href=\"https:\/\/now-news.de\/de\/deutschland\/annullierte-wahl-in-rumaenien-kommission-des-europarates-kritisiert-entscheidung\/\" \/>\n<meta property=\"og:locale\" content=\"de_DE\" \/>\n<meta property=\"og:type\" content=\"article\" \/>\n<meta property=\"og:title\" content=\"Annullierte Wahl in Rum\u00e4nien: Kommission des Europarates kritisiert Entscheidung\" \/>\n<meta property=\"og:description\" content=\"Das rum\u00e4nische Verfassungsgericht hat die Pr\u00e4sidentschaftswahl vom Dezember annulliert, nachdem ein Au\u00dfenseiter die Wahl gewonnen hatte. Eine Kommission des Europarates kritisiert den Vorgang. Eine erfolgreiche Wahlkampagne sei kein Grund f\u00fcr die Annullierung einer Wahl. Nach dem \u00fcberraschenden Wahlsieg des Au\u00dfenseiterkandidaten C\u0103lin Georgescu im ersten Wahlgang bei den Pr\u00e4sidentschaftswahlen in Rum\u00e4nien hatte das Verfassungsgericht des Landes [&hellip;]\" \/>\n<meta property=\"og:url\" content=\"https:\/\/now-news.de\/de\/deutschland\/annullierte-wahl-in-rumaenien-kommission-des-europarates-kritisiert-entscheidung\/\" \/>\n<meta property=\"og:site_name\" content=\"just-now.NEWS Deutschland\" \/>\n<meta property=\"article:publisher\" content=\"https:\/\/www.facebook.com\/wirmachenauf\" \/>\n<meta property=\"article:published_time\" content=\"2025-02-06T20:11:43+00:00\" \/>\n<meta property=\"og:image\" content=\"https:\/\/now-news.de\/de\/wp-content\/uploads\/sites\/3\/2025\/02\/67a4cd07b480cc7f823d6382.jpg\" \/>\n<meta name=\"author\" content=\"rtnews\" \/>\n<meta name=\"twitter:card\" content=\"summary_large_image\" \/>\n<meta name=\"twitter:creator\" content=\"@WirMachenAuf_de\" \/>\n<meta name=\"twitter:site\" content=\"@WirMachenAuf_de\" \/>\n<meta name=\"twitter:label1\" content=\"Verfasst von\" \/>\n\t<meta name=\"twitter:data1\" content=\"rtnews\" \/>\n\t<meta name=\"twitter:label2\" content=\"Gesch\u00e4tzte Lesezeit\" \/>\n\t<meta name=\"twitter:data2\" content=\"3\u00a0Minuten\" \/>\n<script type=\"application\/ld+json\" class=\"yoast-schema-graph\">{\"@context\":\"https:\/\/schema.org\",\"@graph\":[{\"@type\":\"Article\",\"@id\":\"https:\/\/now-news.de\/de\/deutschland\/annullierte-wahl-in-rumaenien-kommission-des-europarates-kritisiert-entscheidung\/#article\",\"isPartOf\":{\"@id\":\"https:\/\/now-news.de\/de\/deutschland\/annullierte-wahl-in-rumaenien-kommission-des-europarates-kritisiert-entscheidung\/\"},\"author\":{\"name\":\"rtnews\",\"@id\":\"https:\/\/now-news.de\/de\/#\/schema\/person\/fb534a4e865501d8b3285208df34a9b5\"},\"headline\":\"Annullierte Wahl in Rum\u00e4nien: Kommission des Europarates kritisiert Entscheidung\",\"datePublished\":\"2025-02-06T20:11:43+00:00\",\"dateModified\":\"2025-02-06T20:11:43+00:00\",\"mainEntityOfPage\":{\"@id\":\"https:\/\/now-news.de\/de\/deutschland\/annullierte-wahl-in-rumaenien-kommission-des-europarates-kritisiert-entscheidung\/\"},\"wordCount\":539,\"commentCount\":0,\"publisher\":{\"@id\":\"https:\/\/now-news.de\/de\/#organization\"},\"image\":{\"@id\":\"https:\/\/now-news.de\/de\/deutschland\/annullierte-wahl-in-rumaenien-kommission-des-europarates-kritisiert-entscheidung\/#primaryimage\"},\"thumbnailUrl\":\"https:\/\/now-news.de\/de\/wp-content\/uploads\/sites\/3\/2025\/02\/Annullierte-Wahl-in-Rumaenien-Kommission-des-Europarates-kritisiert-Entscheidung.jpg\",\"keywords\":[\"annullierte\",\"des\",\"Entscheidung\",\"Europarates\",\"Kommission\",\"kritisiert\",\"Rum\u00e4nien\",\"Wahl\"],\"articleSection\":[\"Deutschland\",\"Russland\"],\"inLanguage\":\"de\",\"potentialAction\":[{\"@type\":\"CommentAction\",\"name\":\"Comment\",\"target\":[\"https:\/\/now-news.de\/de\/deutschland\/annullierte-wahl-in-rumaenien-kommission-des-europarates-kritisiert-entscheidung\/#respond\"]}]},{\"@type\":\"WebPage\",\"@id\":\"https:\/\/now-news.de\/de\/deutschland\/annullierte-wahl-in-rumaenien-kommission-des-europarates-kritisiert-entscheidung\/\",\"url\":\"https:\/\/now-news.de\/de\/deutschland\/annullierte-wahl-in-rumaenien-kommission-des-europarates-kritisiert-entscheidung\/\",\"name\":\"Annullierte Wahl in Rum\u00e4nien: Kommission des Europarates kritisiert Entscheidung - just-now.NEWS Deutschland\",\"isPartOf\":{\"@id\":\"https:\/\/now-news.de\/de\/#website\"},\"primaryImageOfPage\":{\"@id\":\"https:\/\/now-news.de\/de\/deutschland\/annullierte-wahl-in-rumaenien-kommission-des-europarates-kritisiert-entscheidung\/#primaryimage\"},\"image\":{\"@id\":\"https:\/\/now-news.de\/de\/deutschland\/annullierte-wahl-in-rumaenien-kommission-des-europarates-kritisiert-entscheidung\/#primaryimage\"},\"thumbnailUrl\":\"https:\/\/now-news.de\/de\/wp-content\/uploads\/sites\/3\/2025\/02\/Annullierte-Wahl-in-Rumaenien-Kommission-des-Europarates-kritisiert-Entscheidung.jpg\",\"datePublished\":\"2025-02-06T20:11:43+00:00\",\"dateModified\":\"2025-02-06T20:11:43+00:00\",\"breadcrumb\":{\"@id\":\"https:\/\/now-news.de\/de\/deutschland\/annullierte-wahl-in-rumaenien-kommission-des-europarates-kritisiert-entscheidung\/#breadcrumb\"},\"inLanguage\":\"de\",\"potentialAction\":[{\"@type\":\"ReadAction\",\"target\":[\"https:\/\/now-news.de\/de\/deutschland\/annullierte-wahl-in-rumaenien-kommission-des-europarates-kritisiert-entscheidung\/\"]}]},{\"@type\":\"ImageObject\",\"inLanguage\":\"de\",\"@id\":\"https:\/\/now-news.de\/de\/deutschland\/annullierte-wahl-in-rumaenien-kommission-des-europarates-kritisiert-entscheidung\/#primaryimage\",\"url\":\"https:\/\/now-news.de\/de\/wp-content\/uploads\/sites\/3\/2025\/02\/Annullierte-Wahl-in-Rumaenien-Kommission-des-Europarates-kritisiert-Entscheidung.jpg\",\"contentUrl\":\"https:\/\/now-news.de\/de\/wp-content\/uploads\/sites\/3\/2025\/02\/Annullierte-Wahl-in-Rumaenien-Kommission-des-Europarates-kritisiert-Entscheidung.jpg\",\"width\":460,\"height\":259,\"caption\":\"Annullierte Wahl in Rum\u00e4nien: Kommission des Europarates kritisiert Entscheidung\"},{\"@type\":\"BreadcrumbList\",\"@id\":\"https:\/\/now-news.de\/de\/deutschland\/annullierte-wahl-in-rumaenien-kommission-des-europarates-kritisiert-entscheidung\/#breadcrumb\",\"itemListElement\":[{\"@type\":\"ListItem\",\"position\":1,\"name\":\"Home\",\"item\":\"https:\/\/now-news.de\/de\/\"},{\"@type\":\"ListItem\",\"position\":2,\"name\":\"Annullierte Wahl in Rum\u00e4nien: Kommission des Europarates kritisiert Entscheidung\"}]},{\"@type\":\"WebSite\",\"@id\":\"https:\/\/now-news.de\/de\/#website\",\"url\":\"https:\/\/now-news.de\/de\/\",\"name\":\"just-now.NEWS Deutschland\",\"description\":\"Das Portal f\u00fcr unzensierte Nachrichten aus der Welt\",\"publisher\":{\"@id\":\"https:\/\/now-news.de\/de\/#organization\"},\"potentialAction\":[{\"@type\":\"SearchAction\",\"target\":{\"@type\":\"EntryPoint\",\"urlTemplate\":\"https:\/\/now-news.de\/de\/?s={search_term_string}\"},\"query-input\":\"required name=search_term_string\"}],\"inLanguage\":\"de\"},{\"@type\":\"Organization\",\"@id\":\"https:\/\/now-news.de\/de\/#organization\",\"name\":\"Just Now News\",\"url\":\"https:\/\/now-news.de\/de\/\",\"logo\":{\"@type\":\"ImageObject\",\"inLanguage\":\"de\",\"@id\":\"https:\/\/now-news.de\/de\/#\/schema\/logo\/image\/\",\"url\":\"http:\/\/just-now.news\/de\/wp-content\/uploads\/sites\/3\/2022\/04\/logo500x500.jpg\",\"contentUrl\":\"http:\/\/just-now.news\/de\/wp-content\/uploads\/sites\/3\/2022\/04\/logo500x500.jpg\",\"width\":500,\"height\":500,\"caption\":\"Just Now News\"},\"image\":{\"@id\":\"https:\/\/now-news.de\/de\/#\/schema\/logo\/image\/\"},\"sameAs\":[\"https:\/\/www.facebook.com\/wirmachenauf\",\"https:\/\/x.com\/WirMachenAuf_de\"]},{\"@type\":\"Person\",\"@id\":\"https:\/\/now-news.de\/de\/#\/schema\/person\/fb534a4e865501d8b3285208df34a9b5\",\"name\":\"rtnews\",\"image\":{\"@type\":\"ImageObject\",\"inLanguage\":\"de\",\"@id\":\"https:\/\/now-news.de\/de\/#\/schema\/person\/image\/\",\"url\":\"https:\/\/secure.gravatar.com\/avatar\/82aafea7d8127119dd649515f56e2117?s=96&d=mm&r=g\",\"contentUrl\":\"https:\/\/secure.gravatar.com\/avatar\/82aafea7d8127119dd649515f56e2117?s=96&d=mm&r=g\",\"caption\":\"rtnews\"},\"url\":\"https:\/\/now-news.de\/de\/author\/rnews\/\"}]}<\/script>\n<!-- \/ Yoast SEO Premium plugin. -->","yoast_head_json":{"title":"Annullierte Wahl in Rum\u00e4nien: Kommission des Europarates kritisiert Entscheidung - just-now.NEWS Deutschland","robots":{"index":"index","follow":"follow","max-snippet":"max-snippet:-1","max-image-preview":"max-image-preview:large","max-video-preview":"max-video-preview:-1"},"canonical":"https:\/\/now-news.de\/de\/deutschland\/annullierte-wahl-in-rumaenien-kommission-des-europarates-kritisiert-entscheidung\/","og_locale":"de_DE","og_type":"article","og_title":"Annullierte Wahl in Rum\u00e4nien: Kommission des Europarates kritisiert Entscheidung","og_description":"Das rum\u00e4nische Verfassungsgericht hat die Pr\u00e4sidentschaftswahl vom Dezember annulliert, nachdem ein Au\u00dfenseiter die Wahl gewonnen hatte. Eine Kommission des Europarates kritisiert den Vorgang. Eine erfolgreiche Wahlkampagne sei kein Grund f\u00fcr die Annullierung einer Wahl. Nach dem \u00fcberraschenden Wahlsieg des Au\u00dfenseiterkandidaten C\u0103lin Georgescu im ersten Wahlgang bei den Pr\u00e4sidentschaftswahlen in Rum\u00e4nien hatte das Verfassungsgericht des Landes [&hellip;]","og_url":"https:\/\/now-news.de\/de\/deutschland\/annullierte-wahl-in-rumaenien-kommission-des-europarates-kritisiert-entscheidung\/","og_site_name":"just-now.NEWS Deutschland","article_publisher":"https:\/\/www.facebook.com\/wirmachenauf","article_published_time":"2025-02-06T20:11:43+00:00","og_image":[{"url":"https:\/\/now-news.de\/de\/wp-content\/uploads\/sites\/3\/2025\/02\/67a4cd07b480cc7f823d6382.jpg"}],"author":"rtnews","twitter_card":"summary_large_image","twitter_creator":"@WirMachenAuf_de","twitter_site":"@WirMachenAuf_de","twitter_misc":{"Verfasst von":"rtnews","Gesch\u00e4tzte Lesezeit":"3\u00a0Minuten"},"schema":{"@context":"https:\/\/schema.org","@graph":[{"@type":"Article","@id":"https:\/\/now-news.de\/de\/deutschland\/annullierte-wahl-in-rumaenien-kommission-des-europarates-kritisiert-entscheidung\/#article","isPartOf":{"@id":"https:\/\/now-news.de\/de\/deutschland\/annullierte-wahl-in-rumaenien-kommission-des-europarates-kritisiert-entscheidung\/"},"author":{"name":"rtnews","@id":"https:\/\/now-news.de\/de\/#\/schema\/person\/fb534a4e865501d8b3285208df34a9b5"},"headline":"Annullierte Wahl in Rum\u00e4nien: Kommission des Europarates kritisiert Entscheidung","datePublished":"2025-02-06T20:11:43+00:00","dateModified":"2025-02-06T20:11:43+00:00","mainEntityOfPage":{"@id":"https:\/\/now-news.de\/de\/deutschland\/annullierte-wahl-in-rumaenien-kommission-des-europarates-kritisiert-entscheidung\/"},"wordCount":539,"commentCount":0,"publisher":{"@id":"https:\/\/now-news.de\/de\/#organization"},"image":{"@id":"https:\/\/now-news.de\/de\/deutschland\/annullierte-wahl-in-rumaenien-kommission-des-europarates-kritisiert-entscheidung\/#primaryimage"},"thumbnailUrl":"https:\/\/now-news.de\/de\/wp-content\/uploads\/sites\/3\/2025\/02\/Annullierte-Wahl-in-Rumaenien-Kommission-des-Europarates-kritisiert-Entscheidung.jpg","keywords":["annullierte","des","Entscheidung","Europarates","Kommission","kritisiert","Rum\u00e4nien","Wahl"],"articleSection":["Deutschland","Russland"],"inLanguage":"de","potentialAction":[{"@type":"CommentAction","name":"Comment","target":["https:\/\/now-news.de\/de\/deutschland\/annullierte-wahl-in-rumaenien-kommission-des-europarates-kritisiert-entscheidung\/#respond"]}]},{"@type":"WebPage","@id":"https:\/\/now-news.de\/de\/deutschland\/annullierte-wahl-in-rumaenien-kommission-des-europarates-kritisiert-entscheidung\/","url":"https:\/\/now-news.de\/de\/deutschland\/annullierte-wahl-in-rumaenien-kommission-des-europarates-kritisiert-entscheidung\/","name":"Annullierte Wahl in Rum\u00e4nien: Kommission des Europarates kritisiert Entscheidung - just-now.NEWS Deutschland","isPartOf":{"@id":"https:\/\/now-news.de\/de\/#website"},"primaryImageOfPage":{"@id":"https:\/\/now-news.de\/de\/deutschland\/annullierte-wahl-in-rumaenien-kommission-des-europarates-kritisiert-entscheidung\/#primaryimage"},"image":{"@id":"https:\/\/now-news.de\/de\/deutschland\/annullierte-wahl-in-rumaenien-kommission-des-europarates-kritisiert-entscheidung\/#primaryimage"},"thumbnailUrl":"https:\/\/now-news.de\/de\/wp-content\/uploads\/sites\/3\/2025\/02\/Annullierte-Wahl-in-Rumaenien-Kommission-des-Europarates-kritisiert-Entscheidung.jpg","datePublished":"2025-02-06T20:11:43+00:00","dateModified":"2025-02-06T20:11:43+00:00","breadcrumb":{"@id":"https:\/\/now-news.de\/de\/deutschland\/annullierte-wahl-in-rumaenien-kommission-des-europarates-kritisiert-entscheidung\/#breadcrumb"},"inLanguage":"de","potentialAction":[{"@type":"ReadAction","target":["https:\/\/now-news.de\/de\/deutschland\/annullierte-wahl-in-rumaenien-kommission-des-europarates-kritisiert-entscheidung\/"]}]},{"@type":"ImageObject","inLanguage":"de","@id":"https:\/\/now-news.de\/de\/deutschland\/annullierte-wahl-in-rumaenien-kommission-des-europarates-kritisiert-entscheidung\/#primaryimage","url":"https:\/\/now-news.de\/de\/wp-content\/uploads\/sites\/3\/2025\/02\/Annullierte-Wahl-in-Rumaenien-Kommission-des-Europarates-kritisiert-Entscheidung.jpg","contentUrl":"https:\/\/now-news.de\/de\/wp-content\/uploads\/sites\/3\/2025\/02\/Annullierte-Wahl-in-Rumaenien-Kommission-des-Europarates-kritisiert-Entscheidung.jpg","width":460,"height":259,"caption":"Annullierte Wahl in Rum\u00e4nien: Kommission des Europarates kritisiert Entscheidung"},{"@type":"BreadcrumbList","@id":"https:\/\/now-news.de\/de\/deutschland\/annullierte-wahl-in-rumaenien-kommission-des-europarates-kritisiert-entscheidung\/#breadcrumb","itemListElement":[{"@type":"ListItem","position":1,"name":"Home","item":"https:\/\/now-news.de\/de\/"},{"@type":"ListItem","position":2,"name":"Annullierte Wahl in Rum\u00e4nien: Kommission des Europarates kritisiert Entscheidung"}]},{"@type":"WebSite","@id":"https:\/\/now-news.de\/de\/#website","url":"https:\/\/now-news.de\/de\/","name":"just-now.NEWS Deutschland","description":"Das Portal f\u00fcr unzensierte Nachrichten aus der Welt","publisher":{"@id":"https:\/\/now-news.de\/de\/#organization"},"potentialAction":[{"@type":"SearchAction","target":{"@type":"EntryPoint","urlTemplate":"https:\/\/now-news.de\/de\/?s={search_term_string}"},"query-input":"required name=search_term_string"}],"inLanguage":"de"},{"@type":"Organization","@id":"https:\/\/now-news.de\/de\/#organization","name":"Just Now News","url":"https:\/\/now-news.de\/de\/","logo":{"@type":"ImageObject","inLanguage":"de","@id":"https:\/\/now-news.de\/de\/#\/schema\/logo\/image\/","url":"http:\/\/just-now.news\/de\/wp-content\/uploads\/sites\/3\/2022\/04\/logo500x500.jpg","contentUrl":"http:\/\/just-now.news\/de\/wp-content\/uploads\/sites\/3\/2022\/04\/logo500x500.jpg","width":500,"height":500,"caption":"Just Now News"},"image":{"@id":"https:\/\/now-news.de\/de\/#\/schema\/logo\/image\/"},"sameAs":["https:\/\/www.facebook.com\/wirmachenauf","https:\/\/x.com\/WirMachenAuf_de"]},{"@type":"Person","@id":"https:\/\/now-news.de\/de\/#\/schema\/person\/fb534a4e865501d8b3285208df34a9b5","name":"rtnews","image":{"@type":"ImageObject","inLanguage":"de","@id":"https:\/\/now-news.de\/de\/#\/schema\/person\/image\/","url":"https:\/\/secure.gravatar.com\/avatar\/82aafea7d8127119dd649515f56e2117?s=96&d=mm&r=g","contentUrl":"https:\/\/secure.gravatar.com\/avatar\/82aafea7d8127119dd649515f56e2117?s=96&d=mm&r=g","caption":"rtnews"},"url":"https:\/\/now-news.de\/de\/author\/rnews\/"}]}},"_links":{"self":[{"href":"https:\/\/now-news.de\/de\/wp-json\/wp\/v2\/posts\/78009"}],"collection":[{"href":"https:\/\/now-news.de\/de\/wp-json\/wp\/v2\/posts"}],"about":[{"href":"https:\/\/now-news.de\/de\/wp-json\/wp\/v2\/types\/post"}],"author":[{"embeddable":true,"href":"https:\/\/now-news.de\/de\/wp-json\/wp\/v2\/users\/3"}],"replies":[{"embeddable":true,"href":"https:\/\/now-news.de\/de\/wp-json\/wp\/v2\/comments?post=78009"}],"version-history":[{"count":0,"href":"https:\/\/now-news.de\/de\/wp-json\/wp\/v2\/posts\/78009\/revisions"}],"wp:featuredmedia":[{"embeddable":true,"href":"https:\/\/now-news.de\/de\/wp-json\/wp\/v2\/media\/78010"}],"wp:attachment":[{"href":"https:\/\/now-news.de\/de\/wp-json\/wp\/v2\/media?parent=78009"}],"wp:term":[{"taxonomy":"category","embeddable":true,"href":"https:\/\/now-news.de\/de\/wp-json\/wp\/v2\/categories?post=78009"},{"taxonomy":"post_tag","embeddable":true,"href":"https:\/\/now-news.de\/de\/wp-json\/wp\/v2\/tags?post=78009"}],"curies":[{"name":"wp","href":"https:\/\/api.w.org\/{rel}","templated":true}]}}