{"id":77949,"date":"2025-02-06T10:17:51","date_gmt":"2025-02-06T08:17:51","guid":{"rendered":"https:\/\/now-news.de\/de\/deutschland\/guatemala-schliesst-migrationsabkommen-mit-usa-aufnahme-von-abgeschobenen-auslaendern-moeglich\/"},"modified":"2025-02-06T10:17:51","modified_gmt":"2025-02-06T08:17:51","slug":"guatemala-schliesst-migrationsabkommen-mit-usa-aufnahme-von-abgeschobenen-auslaendern-moeglich","status":"publish","type":"post","link":"https:\/\/now-news.de\/de\/deutschland\/guatemala-schliesst-migrationsabkommen-mit-usa-aufnahme-von-abgeschobenen-auslaendern-moeglich\/","title":{"rendered":"Guatemala schlie\u00dft Migrationsabkommen mit USA: Aufnahme von abgeschobenen Ausl\u00e4ndern m\u00f6glich"},"content":{"rendered":"<p><img decoding=\"async\" src=\"https:\/\/now-news.de\/de\/wp-content\/uploads\/sites\/3\/2025\/02\/67a46c59b480cc5da319f191.jpg\" \/><\/p>\n<div class=\"Text-root Text-type_1 \">\n                Nach El Salvador k\u00fcndigt auch Guatemala ein Migrationsabkommen mit den USA an, laut dem US-Beh\u00f6rden illegale Migranten in das mittelamerikanische Land abschieben k\u00f6nnen. Dabei geht es nicht nur um guatemaltekische B\u00fcrger. Guatemala soll nur als Zwischenstopp fungieren.\n            <\/div>\n<p><\/p>\n<div class=\"Text-root Text-type_5 ArticleView-text ViewText-root \">\n<p>Die erste Auslandsreise des neuen US-Au\u00dfenministers Marco Rubio geht weiter. Nach Panama, El Salvador und Costa Rica hat er am Mittwoch Guatemala besucht. Wie auch in den anderen mittelamerikanischen L\u00e4ndern thematisierte Rubio bei einem Treffen mit Pr\u00e4sident Bernardo Ar\u00e9valo die Migrationskrise in den USA. Bei einer gemeinsamen Pressekonferenz nach den Verhandlungen k\u00fcndigten die beiden Politiker ein Migrationsabkommen an.<\/p>\n<div class=\"EmbedBlock-root EmbedBlock-twitter\">\n<div class=\"TwitterEmbed\">\n<blockquote class=\"twitter-tweet lazyload\" data-twitter=\"twitter-tweet\">\n<p lang=\"es\" dir=\"ltr\">Bienvenido, <a rel=\"nofollow noopener\" target=\"_blank\" href=\"https:\/\/twitter.com\/SecRubio?ref_src=twsrc%5Etfw\">@SecRubio<\/a> \ud83c\uddec\ud83c\uddf9\ud83e\udd1d\ud83c\uddfa\ud83c\uddf8 <a rel=\"nofollow noopener\" target=\"_blank\" href=\"https:\/\/t.co\/LVxnMiXylL\">pic.twitter.com\/LVxnMiXylL<\/a><\/p>\n<p>\u2014 Bernardo Ar\u00e9valo (@BArevalodeLeon) <a rel=\"nofollow noopener\" target=\"_blank\" href=\"https:\/\/twitter.com\/BArevalodeLeon\/status\/1886968726316101737?ref_src=twsrc%5Etfw\">February 5, 2025<\/a><\/p><\/blockquote>\n<\/div>\n<\/div>\n<p>Ar\u00e9valo gab bekannt, dass sein Land\u00a0jetzt\u00a040 Prozent mehr Abschiebefl\u00fcge aus den USA empfangen werde. Guatemala werde dabei nicht nur eigene B\u00fcrger, sondern auch B\u00fcrger aus anderen L\u00e4ndern empfangen. Der Staatschef versicherte aber, dass die aus den USA abgeschobenen Ausl\u00e4nder nicht in Guatemala bleiben w\u00fcrden. Ziel sei es, die Menschen nach einem Zwischenaufenthalt in ihre Heimatl\u00e4nder zu bef\u00f6rdern. Das Verfahren m\u00fcsse noch bei weiteren Diskussionsrunden mit den USA erarbeitet werden. Eine Aufnahme von verurteilten Kriminellen sei nicht thematisiert worden.\u00a0\u00a0\u00a0\u00a0\u00a0\u00a0\u00a0\u00a0\u00a0\u00a0\u00a0<\/p>\n<p>Am Montag hatte bereits der salvadorianische Pr\u00e4sident Nayib Bukele ein \u00e4hnliches Migrationsabkommen mit den USA angek\u00fcndigt. Bei seinem Treffen mit Rubio zeigte er sich dar\u00fcber hinaus bereit, verurteile Schwerstverbrecher, darunter auch US-B\u00fcrger, im ber\u00fcchtigten Megagef\u00e4ngnis CECOT unterzubringen.<\/p>\n<p>Im Zeitraum vom 20. Januar, als Donald Trump erneut das Pr\u00e4sidentenamt angetreten hatte, bis zum 1. Februar landeten in Guatemala bereits acht Abschiebefl\u00fcge aus den USA. Der Gro\u00dfteil davon wurde mit US-Milit\u00e4rflugzeugen abgewickelt. Mehr als 600 Guatemalteken kehrten in das Land zur\u00fcck. Inzwischen startete die dortige Regierung einen Plan zur Wiedereingliederung von R\u00fcckkehrern. Diese k\u00f6nnten unter anderem auf humanit\u00e4re Hilfe und Staatsprogramme f\u00fcr Bildung, Arbeitssuche und Gesundheit rechnen.<\/p>\n<p><strong>Mehr zum Thema<\/strong> &#8211; <a rel=\"nofollow noopener\" target=\"_blank\" href=\"https:\/\/freedert.online\/meinung\/234951-trump-wurde-zum-neuen-hitler\/\">Trump wurde zum neuen Hitler f\u00fcr D\u00e4nemark<\/a><\/p>\n<div class=\"EmbedBlock-root EmbedBlock-externalVideo EmbedBlock-rumble\">\n<div class=\"VkEmbed\"><iframe class=\"lazyload\" data-src=\"https:\/\/rumble.com\/embed\/v6ejkn4\" frameborder=\"0\" width=\"853\" height=\"480\" allowfullscreen><\/iframe><\/div>\n<\/div>\n<\/div>\n<p><script async src=\"https:\/\/platform.twitter.com\/widgets.js\" charset=\"utf-8\"><\/script><br \/>\n<br \/><br \/>\n<br \/><a href=\"https:\/\/de.rt.com\/amerika\/235955-guatemala-schliesst-migrationsdeal-mit-usa\/\">Source link <\/a><\/p>\n","protected":false},"excerpt":{"rendered":"<p>Nach El Salvador k\u00fcndigt auch Guatemala ein Migrationsabkommen mit den USA an, laut dem US-Beh\u00f6rden illegale Migranten in das mittelamerikanische Land abschieben k\u00f6nnen. Dabei geht es nicht nur um guatemaltekische B\u00fcrger. Guatemala soll nur als Zwischenstopp fungieren. Die erste Auslandsreise des neuen US-Au\u00dfenministers Marco Rubio geht weiter. Nach Panama, El Salvador und Costa Rica hat [&hellip;]<\/p>\n","protected":false},"author":3,"featured_media":77950,"comment_status":"open","ping_status":"open","sticky":false,"template":"","format":"standard","meta":{"_yoast_indexnow_last_ping":["1738830046"],"wp_automatic_camp":["217"],"84646f3b195414c2b60a4997b1f82c83":["Guatemala schlie\u00dft Migrationsabkommen mit USA: Aufnahme von abgeschobenen Ausl\u00e4ndern m\u00f6glich"],"original_link":["https:\/\/de.rt.com\/amerika\/235955-guatemala-schliesst-migrationsdeal-mit-usa\/"],"_thumbnail_id":["77950"],"_wptgpro_p2tg_sent2tg":["a:1:{i:23737;s:19:\"2025-02-06 10:22:57\";}"],"jnews_social_counter_last_update":["1777634294"]},"categories":[19,23],"tags":[58936,18676,31797,42760,49459,419,2123,870,193,50],"yoast_head":"<!-- This site is optimized with the Yoast SEO Premium plugin v22.7 (Yoast SEO v22.7) - https:\/\/yoast.com\/wordpress\/plugins\/seo\/ -->\n<title>Guatemala schlie\u00dft Migrationsabkommen mit USA: Aufnahme von abgeschobenen Ausl\u00e4ndern m\u00f6glich - just-now.NEWS Deutschland<\/title>\n<meta name=\"robots\" content=\"index, follow, max-snippet:-1, max-image-preview:large, max-video-preview:-1\" \/>\n<link rel=\"canonical\" href=\"https:\/\/now-news.de\/de\/deutschland\/guatemala-schliesst-migrationsabkommen-mit-usa-aufnahme-von-abgeschobenen-auslaendern-moeglich\/\" \/>\n<meta property=\"og:locale\" content=\"de_DE\" \/>\n<meta property=\"og:type\" content=\"article\" \/>\n<meta property=\"og:title\" content=\"Guatemala schlie\u00dft Migrationsabkommen mit USA: Aufnahme von abgeschobenen Ausl\u00e4ndern m\u00f6glich\" \/>\n<meta property=\"og:description\" content=\"Nach El Salvador k\u00fcndigt auch Guatemala ein Migrationsabkommen mit den USA an, laut dem US-Beh\u00f6rden illegale Migranten in das mittelamerikanische Land abschieben k\u00f6nnen. Dabei geht es nicht nur um guatemaltekische B\u00fcrger. Guatemala soll nur als Zwischenstopp fungieren. Die erste Auslandsreise des neuen US-Au\u00dfenministers Marco Rubio geht weiter. Nach Panama, El Salvador und Costa Rica hat [&hellip;]\" \/>\n<meta property=\"og:url\" content=\"https:\/\/now-news.de\/de\/deutschland\/guatemala-schliesst-migrationsabkommen-mit-usa-aufnahme-von-abgeschobenen-auslaendern-moeglich\/\" \/>\n<meta property=\"og:site_name\" content=\"just-now.NEWS Deutschland\" \/>\n<meta property=\"article:publisher\" content=\"https:\/\/www.facebook.com\/wirmachenauf\" \/>\n<meta property=\"article:published_time\" content=\"2025-02-06T08:17:51+00:00\" \/>\n<meta property=\"og:image\" content=\"https:\/\/now-news.de\/de\/wp-content\/uploads\/sites\/3\/2025\/02\/67a46c59b480cc5da319f191.jpg\" \/>\n<meta name=\"author\" content=\"rtnews\" \/>\n<meta name=\"twitter:card\" content=\"summary_large_image\" \/>\n<meta name=\"twitter:creator\" content=\"@WirMachenAuf_de\" \/>\n<meta name=\"twitter:site\" content=\"@WirMachenAuf_de\" \/>\n<meta name=\"twitter:label1\" content=\"Verfasst von\" \/>\n\t<meta name=\"twitter:data1\" content=\"rtnews\" \/>\n\t<meta name=\"twitter:label2\" content=\"Gesch\u00e4tzte Lesezeit\" \/>\n\t<meta name=\"twitter:data2\" content=\"2\u00a0Minuten\" \/>\n<script type=\"application\/ld+json\" class=\"yoast-schema-graph\">{\"@context\":\"https:\/\/schema.org\",\"@graph\":[{\"@type\":\"Article\",\"@id\":\"https:\/\/now-news.de\/de\/deutschland\/guatemala-schliesst-migrationsabkommen-mit-usa-aufnahme-von-abgeschobenen-auslaendern-moeglich\/#article\",\"isPartOf\":{\"@id\":\"https:\/\/now-news.de\/de\/deutschland\/guatemala-schliesst-migrationsabkommen-mit-usa-aufnahme-von-abgeschobenen-auslaendern-moeglich\/\"},\"author\":{\"name\":\"rtnews\",\"@id\":\"https:\/\/now-news.de\/de\/#\/schema\/person\/fb534a4e865501d8b3285208df34a9b5\"},\"headline\":\"Guatemala schlie\u00dft Migrationsabkommen mit USA: Aufnahme von abgeschobenen Ausl\u00e4ndern m\u00f6glich\",\"datePublished\":\"2025-02-06T08:17:51+00:00\",\"dateModified\":\"2025-02-06T08:17:51+00:00\",\"mainEntityOfPage\":{\"@id\":\"https:\/\/now-news.de\/de\/deutschland\/guatemala-schliesst-migrationsabkommen-mit-usa-aufnahme-von-abgeschobenen-auslaendern-moeglich\/\"},\"wordCount\":350,\"commentCount\":0,\"publisher\":{\"@id\":\"https:\/\/now-news.de\/de\/#organization\"},\"image\":{\"@id\":\"https:\/\/now-news.de\/de\/deutschland\/guatemala-schliesst-migrationsabkommen-mit-usa-aufnahme-von-abgeschobenen-auslaendern-moeglich\/#primaryimage\"},\"thumbnailUrl\":\"https:\/\/now-news.de\/de\/wp-content\/uploads\/sites\/3\/2025\/02\/Guatemala-schliesst-Migrationsabkommen-mit-USA-Aufnahme-von-abgeschobenen-Auslaendern-moeglich.jpg\",\"keywords\":[\"abgeschobenen\",\"AUFNAHME\",\"Ausl\u00e4ndern\",\"Guatemala\",\"Migrationsabkommen\",\"mit\",\"m\u00f6glich\",\"schlie\u00dft\",\"USA\",\"von\"],\"articleSection\":[\"Deutschland\",\"Russland\"],\"inLanguage\":\"de\",\"potentialAction\":[{\"@type\":\"CommentAction\",\"name\":\"Comment\",\"target\":[\"https:\/\/now-news.de\/de\/deutschland\/guatemala-schliesst-migrationsabkommen-mit-usa-aufnahme-von-abgeschobenen-auslaendern-moeglich\/#respond\"]}]},{\"@type\":\"WebPage\",\"@id\":\"https:\/\/now-news.de\/de\/deutschland\/guatemala-schliesst-migrationsabkommen-mit-usa-aufnahme-von-abgeschobenen-auslaendern-moeglich\/\",\"url\":\"https:\/\/now-news.de\/de\/deutschland\/guatemala-schliesst-migrationsabkommen-mit-usa-aufnahme-von-abgeschobenen-auslaendern-moeglich\/\",\"name\":\"Guatemala schlie\u00dft Migrationsabkommen mit USA: Aufnahme von abgeschobenen Ausl\u00e4ndern m\u00f6glich - just-now.NEWS Deutschland\",\"isPartOf\":{\"@id\":\"https:\/\/now-news.de\/de\/#website\"},\"primaryImageOfPage\":{\"@id\":\"https:\/\/now-news.de\/de\/deutschland\/guatemala-schliesst-migrationsabkommen-mit-usa-aufnahme-von-abgeschobenen-auslaendern-moeglich\/#primaryimage\"},\"image\":{\"@id\":\"https:\/\/now-news.de\/de\/deutschland\/guatemala-schliesst-migrationsabkommen-mit-usa-aufnahme-von-abgeschobenen-auslaendern-moeglich\/#primaryimage\"},\"thumbnailUrl\":\"https:\/\/now-news.de\/de\/wp-content\/uploads\/sites\/3\/2025\/02\/Guatemala-schliesst-Migrationsabkommen-mit-USA-Aufnahme-von-abgeschobenen-Auslaendern-moeglich.jpg\",\"datePublished\":\"2025-02-06T08:17:51+00:00\",\"dateModified\":\"2025-02-06T08:17:51+00:00\",\"breadcrumb\":{\"@id\":\"https:\/\/now-news.de\/de\/deutschland\/guatemala-schliesst-migrationsabkommen-mit-usa-aufnahme-von-abgeschobenen-auslaendern-moeglich\/#breadcrumb\"},\"inLanguage\":\"de\",\"potentialAction\":[{\"@type\":\"ReadAction\",\"target\":[\"https:\/\/now-news.de\/de\/deutschland\/guatemala-schliesst-migrationsabkommen-mit-usa-aufnahme-von-abgeschobenen-auslaendern-moeglich\/\"]}]},{\"@type\":\"ImageObject\",\"inLanguage\":\"de\",\"@id\":\"https:\/\/now-news.de\/de\/deutschland\/guatemala-schliesst-migrationsabkommen-mit-usa-aufnahme-von-abgeschobenen-auslaendern-moeglich\/#primaryimage\",\"url\":\"https:\/\/now-news.de\/de\/wp-content\/uploads\/sites\/3\/2025\/02\/Guatemala-schliesst-Migrationsabkommen-mit-USA-Aufnahme-von-abgeschobenen-Auslaendern-moeglich.jpg\",\"contentUrl\":\"https:\/\/now-news.de\/de\/wp-content\/uploads\/sites\/3\/2025\/02\/Guatemala-schliesst-Migrationsabkommen-mit-USA-Aufnahme-von-abgeschobenen-Auslaendern-moeglich.jpg\",\"width\":460,\"height\":259,\"caption\":\"Guatemala schlie\u00dft Migrationsabkommen mit USA: Aufnahme von abgeschobenen Ausl\u00e4ndern m\u00f6glich\"},{\"@type\":\"BreadcrumbList\",\"@id\":\"https:\/\/now-news.de\/de\/deutschland\/guatemala-schliesst-migrationsabkommen-mit-usa-aufnahme-von-abgeschobenen-auslaendern-moeglich\/#breadcrumb\",\"itemListElement\":[{\"@type\":\"ListItem\",\"position\":1,\"name\":\"Home\",\"item\":\"https:\/\/now-news.de\/de\/\"},{\"@type\":\"ListItem\",\"position\":2,\"name\":\"Guatemala schlie\u00dft Migrationsabkommen mit USA: Aufnahme von abgeschobenen Ausl\u00e4ndern m\u00f6glich\"}]},{\"@type\":\"WebSite\",\"@id\":\"https:\/\/now-news.de\/de\/#website\",\"url\":\"https:\/\/now-news.de\/de\/\",\"name\":\"just-now.NEWS Deutschland\",\"description\":\"Das Portal f\u00fcr unzensierte Nachrichten aus der Welt\",\"publisher\":{\"@id\":\"https:\/\/now-news.de\/de\/#organization\"},\"potentialAction\":[{\"@type\":\"SearchAction\",\"target\":{\"@type\":\"EntryPoint\",\"urlTemplate\":\"https:\/\/now-news.de\/de\/?s={search_term_string}\"},\"query-input\":\"required name=search_term_string\"}],\"inLanguage\":\"de\"},{\"@type\":\"Organization\",\"@id\":\"https:\/\/now-news.de\/de\/#organization\",\"name\":\"Just Now News\",\"url\":\"https:\/\/now-news.de\/de\/\",\"logo\":{\"@type\":\"ImageObject\",\"inLanguage\":\"de\",\"@id\":\"https:\/\/now-news.de\/de\/#\/schema\/logo\/image\/\",\"url\":\"http:\/\/just-now.news\/de\/wp-content\/uploads\/sites\/3\/2022\/04\/logo500x500.jpg\",\"contentUrl\":\"http:\/\/just-now.news\/de\/wp-content\/uploads\/sites\/3\/2022\/04\/logo500x500.jpg\",\"width\":500,\"height\":500,\"caption\":\"Just Now News\"},\"image\":{\"@id\":\"https:\/\/now-news.de\/de\/#\/schema\/logo\/image\/\"},\"sameAs\":[\"https:\/\/www.facebook.com\/wirmachenauf\",\"https:\/\/x.com\/WirMachenAuf_de\"]},{\"@type\":\"Person\",\"@id\":\"https:\/\/now-news.de\/de\/#\/schema\/person\/fb534a4e865501d8b3285208df34a9b5\",\"name\":\"rtnews\",\"image\":{\"@type\":\"ImageObject\",\"inLanguage\":\"de\",\"@id\":\"https:\/\/now-news.de\/de\/#\/schema\/person\/image\/\",\"url\":\"https:\/\/secure.gravatar.com\/avatar\/82aafea7d8127119dd649515f56e2117?s=96&d=mm&r=g\",\"contentUrl\":\"https:\/\/secure.gravatar.com\/avatar\/82aafea7d8127119dd649515f56e2117?s=96&d=mm&r=g\",\"caption\":\"rtnews\"},\"url\":\"https:\/\/now-news.de\/de\/author\/rnews\/\"}]}<\/script>\n<!-- \/ Yoast SEO Premium plugin. -->","yoast_head_json":{"title":"Guatemala schlie\u00dft Migrationsabkommen mit USA: Aufnahme von abgeschobenen Ausl\u00e4ndern m\u00f6glich - just-now.NEWS Deutschland","robots":{"index":"index","follow":"follow","max-snippet":"max-snippet:-1","max-image-preview":"max-image-preview:large","max-video-preview":"max-video-preview:-1"},"canonical":"https:\/\/now-news.de\/de\/deutschland\/guatemala-schliesst-migrationsabkommen-mit-usa-aufnahme-von-abgeschobenen-auslaendern-moeglich\/","og_locale":"de_DE","og_type":"article","og_title":"Guatemala schlie\u00dft Migrationsabkommen mit USA: Aufnahme von abgeschobenen Ausl\u00e4ndern m\u00f6glich","og_description":"Nach El Salvador k\u00fcndigt auch Guatemala ein Migrationsabkommen mit den USA an, laut dem US-Beh\u00f6rden illegale Migranten in das mittelamerikanische Land abschieben k\u00f6nnen. Dabei geht es nicht nur um guatemaltekische B\u00fcrger. Guatemala soll nur als Zwischenstopp fungieren. Die erste Auslandsreise des neuen US-Au\u00dfenministers Marco Rubio geht weiter. Nach Panama, El Salvador und Costa Rica hat [&hellip;]","og_url":"https:\/\/now-news.de\/de\/deutschland\/guatemala-schliesst-migrationsabkommen-mit-usa-aufnahme-von-abgeschobenen-auslaendern-moeglich\/","og_site_name":"just-now.NEWS Deutschland","article_publisher":"https:\/\/www.facebook.com\/wirmachenauf","article_published_time":"2025-02-06T08:17:51+00:00","og_image":[{"url":"https:\/\/now-news.de\/de\/wp-content\/uploads\/sites\/3\/2025\/02\/67a46c59b480cc5da319f191.jpg"}],"author":"rtnews","twitter_card":"summary_large_image","twitter_creator":"@WirMachenAuf_de","twitter_site":"@WirMachenAuf_de","twitter_misc":{"Verfasst von":"rtnews","Gesch\u00e4tzte Lesezeit":"2\u00a0Minuten"},"schema":{"@context":"https:\/\/schema.org","@graph":[{"@type":"Article","@id":"https:\/\/now-news.de\/de\/deutschland\/guatemala-schliesst-migrationsabkommen-mit-usa-aufnahme-von-abgeschobenen-auslaendern-moeglich\/#article","isPartOf":{"@id":"https:\/\/now-news.de\/de\/deutschland\/guatemala-schliesst-migrationsabkommen-mit-usa-aufnahme-von-abgeschobenen-auslaendern-moeglich\/"},"author":{"name":"rtnews","@id":"https:\/\/now-news.de\/de\/#\/schema\/person\/fb534a4e865501d8b3285208df34a9b5"},"headline":"Guatemala schlie\u00dft Migrationsabkommen mit USA: Aufnahme von abgeschobenen Ausl\u00e4ndern m\u00f6glich","datePublished":"2025-02-06T08:17:51+00:00","dateModified":"2025-02-06T08:17:51+00:00","mainEntityOfPage":{"@id":"https:\/\/now-news.de\/de\/deutschland\/guatemala-schliesst-migrationsabkommen-mit-usa-aufnahme-von-abgeschobenen-auslaendern-moeglich\/"},"wordCount":350,"commentCount":0,"publisher":{"@id":"https:\/\/now-news.de\/de\/#organization"},"image":{"@id":"https:\/\/now-news.de\/de\/deutschland\/guatemala-schliesst-migrationsabkommen-mit-usa-aufnahme-von-abgeschobenen-auslaendern-moeglich\/#primaryimage"},"thumbnailUrl":"https:\/\/now-news.de\/de\/wp-content\/uploads\/sites\/3\/2025\/02\/Guatemala-schliesst-Migrationsabkommen-mit-USA-Aufnahme-von-abgeschobenen-Auslaendern-moeglich.jpg","keywords":["abgeschobenen","AUFNAHME","Ausl\u00e4ndern","Guatemala","Migrationsabkommen","mit","m\u00f6glich","schlie\u00dft","USA","von"],"articleSection":["Deutschland","Russland"],"inLanguage":"de","potentialAction":[{"@type":"CommentAction","name":"Comment","target":["https:\/\/now-news.de\/de\/deutschland\/guatemala-schliesst-migrationsabkommen-mit-usa-aufnahme-von-abgeschobenen-auslaendern-moeglich\/#respond"]}]},{"@type":"WebPage","@id":"https:\/\/now-news.de\/de\/deutschland\/guatemala-schliesst-migrationsabkommen-mit-usa-aufnahme-von-abgeschobenen-auslaendern-moeglich\/","url":"https:\/\/now-news.de\/de\/deutschland\/guatemala-schliesst-migrationsabkommen-mit-usa-aufnahme-von-abgeschobenen-auslaendern-moeglich\/","name":"Guatemala schlie\u00dft Migrationsabkommen mit USA: Aufnahme von abgeschobenen Ausl\u00e4ndern m\u00f6glich - just-now.NEWS Deutschland","isPartOf":{"@id":"https:\/\/now-news.de\/de\/#website"},"primaryImageOfPage":{"@id":"https:\/\/now-news.de\/de\/deutschland\/guatemala-schliesst-migrationsabkommen-mit-usa-aufnahme-von-abgeschobenen-auslaendern-moeglich\/#primaryimage"},"image":{"@id":"https:\/\/now-news.de\/de\/deutschland\/guatemala-schliesst-migrationsabkommen-mit-usa-aufnahme-von-abgeschobenen-auslaendern-moeglich\/#primaryimage"},"thumbnailUrl":"https:\/\/now-news.de\/de\/wp-content\/uploads\/sites\/3\/2025\/02\/Guatemala-schliesst-Migrationsabkommen-mit-USA-Aufnahme-von-abgeschobenen-Auslaendern-moeglich.jpg","datePublished":"2025-02-06T08:17:51+00:00","dateModified":"2025-02-06T08:17:51+00:00","breadcrumb":{"@id":"https:\/\/now-news.de\/de\/deutschland\/guatemala-schliesst-migrationsabkommen-mit-usa-aufnahme-von-abgeschobenen-auslaendern-moeglich\/#breadcrumb"},"inLanguage":"de","potentialAction":[{"@type":"ReadAction","target":["https:\/\/now-news.de\/de\/deutschland\/guatemala-schliesst-migrationsabkommen-mit-usa-aufnahme-von-abgeschobenen-auslaendern-moeglich\/"]}]},{"@type":"ImageObject","inLanguage":"de","@id":"https:\/\/now-news.de\/de\/deutschland\/guatemala-schliesst-migrationsabkommen-mit-usa-aufnahme-von-abgeschobenen-auslaendern-moeglich\/#primaryimage","url":"https:\/\/now-news.de\/de\/wp-content\/uploads\/sites\/3\/2025\/02\/Guatemala-schliesst-Migrationsabkommen-mit-USA-Aufnahme-von-abgeschobenen-Auslaendern-moeglich.jpg","contentUrl":"https:\/\/now-news.de\/de\/wp-content\/uploads\/sites\/3\/2025\/02\/Guatemala-schliesst-Migrationsabkommen-mit-USA-Aufnahme-von-abgeschobenen-Auslaendern-moeglich.jpg","width":460,"height":259,"caption":"Guatemala schlie\u00dft Migrationsabkommen mit USA: Aufnahme von abgeschobenen Ausl\u00e4ndern m\u00f6glich"},{"@type":"BreadcrumbList","@id":"https:\/\/now-news.de\/de\/deutschland\/guatemala-schliesst-migrationsabkommen-mit-usa-aufnahme-von-abgeschobenen-auslaendern-moeglich\/#breadcrumb","itemListElement":[{"@type":"ListItem","position":1,"name":"Home","item":"https:\/\/now-news.de\/de\/"},{"@type":"ListItem","position":2,"name":"Guatemala schlie\u00dft Migrationsabkommen mit USA: Aufnahme von abgeschobenen Ausl\u00e4ndern m\u00f6glich"}]},{"@type":"WebSite","@id":"https:\/\/now-news.de\/de\/#website","url":"https:\/\/now-news.de\/de\/","name":"just-now.NEWS Deutschland","description":"Das Portal f\u00fcr unzensierte Nachrichten aus der Welt","publisher":{"@id":"https:\/\/now-news.de\/de\/#organization"},"potentialAction":[{"@type":"SearchAction","target":{"@type":"EntryPoint","urlTemplate":"https:\/\/now-news.de\/de\/?s={search_term_string}"},"query-input":"required name=search_term_string"}],"inLanguage":"de"},{"@type":"Organization","@id":"https:\/\/now-news.de\/de\/#organization","name":"Just Now News","url":"https:\/\/now-news.de\/de\/","logo":{"@type":"ImageObject","inLanguage":"de","@id":"https:\/\/now-news.de\/de\/#\/schema\/logo\/image\/","url":"http:\/\/just-now.news\/de\/wp-content\/uploads\/sites\/3\/2022\/04\/logo500x500.jpg","contentUrl":"http:\/\/just-now.news\/de\/wp-content\/uploads\/sites\/3\/2022\/04\/logo500x500.jpg","width":500,"height":500,"caption":"Just Now News"},"image":{"@id":"https:\/\/now-news.de\/de\/#\/schema\/logo\/image\/"},"sameAs":["https:\/\/www.facebook.com\/wirmachenauf","https:\/\/x.com\/WirMachenAuf_de"]},{"@type":"Person","@id":"https:\/\/now-news.de\/de\/#\/schema\/person\/fb534a4e865501d8b3285208df34a9b5","name":"rtnews","image":{"@type":"ImageObject","inLanguage":"de","@id":"https:\/\/now-news.de\/de\/#\/schema\/person\/image\/","url":"https:\/\/secure.gravatar.com\/avatar\/82aafea7d8127119dd649515f56e2117?s=96&d=mm&r=g","contentUrl":"https:\/\/secure.gravatar.com\/avatar\/82aafea7d8127119dd649515f56e2117?s=96&d=mm&r=g","caption":"rtnews"},"url":"https:\/\/now-news.de\/de\/author\/rnews\/"}]}},"_links":{"self":[{"href":"https:\/\/now-news.de\/de\/wp-json\/wp\/v2\/posts\/77949"}],"collection":[{"href":"https:\/\/now-news.de\/de\/wp-json\/wp\/v2\/posts"}],"about":[{"href":"https:\/\/now-news.de\/de\/wp-json\/wp\/v2\/types\/post"}],"author":[{"embeddable":true,"href":"https:\/\/now-news.de\/de\/wp-json\/wp\/v2\/users\/3"}],"replies":[{"embeddable":true,"href":"https:\/\/now-news.de\/de\/wp-json\/wp\/v2\/comments?post=77949"}],"version-history":[{"count":0,"href":"https:\/\/now-news.de\/de\/wp-json\/wp\/v2\/posts\/77949\/revisions"}],"wp:featuredmedia":[{"embeddable":true,"href":"https:\/\/now-news.de\/de\/wp-json\/wp\/v2\/media\/77950"}],"wp:attachment":[{"href":"https:\/\/now-news.de\/de\/wp-json\/wp\/v2\/media?parent=77949"}],"wp:term":[{"taxonomy":"category","embeddable":true,"href":"https:\/\/now-news.de\/de\/wp-json\/wp\/v2\/categories?post=77949"},{"taxonomy":"post_tag","embeddable":true,"href":"https:\/\/now-news.de\/de\/wp-json\/wp\/v2\/tags?post=77949"}],"curies":[{"name":"wp","href":"https:\/\/api.w.org\/{rel}","templated":true}]}}