{"id":77842,"date":"2025-02-04T18:55:55","date_gmt":"2025-02-04T16:55:55","guid":{"rendered":"https:\/\/now-news.de\/de\/deutschland\/brigitte-macron-als-mann-bezeichnet-journalistin-bittet-in-russland-um-asyl\/"},"modified":"2025-02-04T18:55:55","modified_gmt":"2025-02-04T16:55:55","slug":"brigitte-macron-als-mann-bezeichnet-journalistin-bittet-in-russland-um-asyl","status":"publish","type":"post","link":"https:\/\/now-news.de\/de\/deutschland\/brigitte-macron-als-mann-bezeichnet-journalistin-bittet-in-russland-um-asyl\/","title":{"rendered":"Brigitte Macron als Mann bezeichnet: Journalistin bittet in Russland um Asyl"},"content":{"rendered":"<p><img decoding=\"async\" src=\"https:\/\/now-news.de\/de\/wp-content\/uploads\/sites\/3\/2025\/02\/67a23b0bb480cc02055b351c.jpg\" \/><\/p>\n<div class=\"Text-root Text-type_1 \">\n                Natacha Rey wurde in Frankreich strafrechtlich verfolgt, weil sie im Jahr 2021 behauptet hatte, die Pr\u00e4sidentengattin Brigitte Macron habe sich einer Geschlechtsumwandlung unterzogen. Nun will die Journalistin in Russland um Asyl bitten.\n            <\/div>\n<p><\/p>\n<div class=\"Text-root Text-type_5 ArticleView-text ViewText-root \">\n<p>Die Journalistin, die behauptet hat, die Frau des franz\u00f6sischen Pr\u00e4sidenten Emmanuel Macron sei in Wirklichkeit als Mann geboren worden, hat Berichten zufolge in Russland politisches Asyl beantragt. In einem Interview mit <em>Iswestija<\/em> haben Natacha Rey und ihr Anwalt Francois Danglehant &#8220;Verfolgung&#8221; in Frankreich als Grund f\u00fcr ihre Entscheidung genannt.<\/p>\n<p>Rey behauptete 2021, dass Brigitte Macron in Wirklichkeit die Transgender-Identit\u00e4t ihres Bruders Jean-Michel Trogneux sei. Rey recherchierte drei Jahre lang \u00fcber Macrons angebliches Geheimnis und ver\u00f6ffentlichte sp\u00e4ter ein Video \u00fcber ihre Erkenntnisse in den sozialen Medien. Seitdem ist sie in Frankreich Gegenstand eines Gerichtsverfahrens.<\/p>\n<p>Bei der Erl\u00e4uterung ihrer Entscheidung, in Russland Asyl zu beantragen, bezeichnete Rey das Land als eine gro\u00dfe Demokratie im Vergleich zu Frankreich, das ihrer Meinung nach die politische Opposition verfolgt und die Meinungsfreiheit einschr\u00e4nkt.<\/p>\n<p><em>&#8220;Warum habe ich mich f\u00fcr Russland entschieden? Weil es eine gro\u00dfe Nation ist, eine gro\u00dfe Zivilisation, die ich bewundere und die traditionelle und christliche Werte verteidigt, die mir sehr am Herzen liegen&#8221;<\/em>,<\/p>\n<p>sagte sie der <em>Iswestija<\/em>. Laut Rey ist Russland &#8220;seit Jahrzehnten Opfer einer Desinformationskampagne und ungerechtfertigter Angriffe durch europ\u00e4ische und amerikanische Medien&#8221;.<\/p>\n<p>Danglehant beharrt darauf, dass die Anschuldigungen gegen seine Mandantin &#8220;erfunden&#8221; seien. Ihm zufolge wurden falsche Zeugenaussagen von Brigitte Macrons ehemaliger Familie, einschlie\u00dflich ihres Ex-Mannes Jean-Louis Auziere, gemacht.<\/p>\n<p>Frau Macron verklagte Rey im Jahr 2022 wegen Verleumdung und Verletzung ihrer Privatsph\u00e4re. Vergangenes Jahr verurteilte ein Pariser Gericht Rey zu einer Geldstrafe und ordnete an, dass sie 8.000 Euro Schadensersatz an die Frau des franz\u00f6sischen Pr\u00e4sidenten zahlen m\u00fcsse.<\/p>\n<p>Reys Anwalt erkl\u00e4rte, dass die Journalistin \u00fcberzeugt ist, dass sie in Russland respektiert werde und keine Verfolgung zu bef\u00fcrchten habe. Zuvor hatte er behauptet, seine Mandantin habe beim stellvertretenden Sprecher der russischen Staatsduma, Pjotr Tolstoi, einen Asylantrag gestellt, doch der Gesetzgeber dementierte dies am Montag gegen\u00fcber <em>RT<\/em> mit den Worten:<\/p>\n<p><em>&#8220;Fragen der Staatsb\u00fcrgerschaft werden vom Staatsoberhaupt entschieden.&#8221;<\/em><\/p>\n<p>Danglehant erkl\u00e4rte am Montag gegen\u00fcber <em>Iswestija<\/em>, dass seine Mandantin <em><\/em>&#8220;noch keinen Antrag gestellt hat, ihn aber bald an die russische Botschaft in Paris schicken wird\u00a0\u2026 sie meint, dass sie in Russland als normale Person angesehen werden k\u00f6nnte, als jemand, der zumindest einen gewissen Wert hat, \u00e4hnlich wie der ehemalige Mitarbeiter der US National Security Agency, Edward Snowden.&#8221;<\/p>\n<p>Emmanuel Macron war 17 Jahre alt, als er seine Absicht erkl\u00e4rte, die 24 Jahre \u00e4ltere Brigitte Marie-Claude Trogneux zu heiraten, die seine Literaturlehrerin war. Brigitte lie\u00df sich von dem Bankier Andre-Louis Auziere scheiden, mit dem sie 2006 drei Kinder bekommen hatte, und heiratete Macron 2007.<\/p>\n<p><strong>Mehr zum Thema<\/strong>\u00a0\u2013 <a rel=\"nofollow noopener\" target=\"_blank\" href=\"https:\/\/freedert.online\/inland\/224363-un-menschenrechtsexpertin-kritisiert-selbstbestimmungsgesetz-bundesregierung\/\">UN-Menschenrechtsexpertin kritisiert &#8220;Selbstbestimmungsgesetz&#8221; der Bundesregierung<\/a><\/p>\n<div class=\"EmbedBlock-root EmbedBlock-externalVideo EmbedBlock-rumble\">\n<div class=\"VkEmbed\"><iframe class=\"lazyload\" data-src=\"https:\/\/rumble.com\/embed\/v5zvamw\" frameborder=\"0\" width=\"853\" height=\"480\" allowfullscreen><\/iframe><\/div>\n<\/div>\n<\/div>\n<p><br \/>\n<br \/><a href=\"https:\/\/de.rt.com\/europa\/235734-medien-person-macrons-frau-als\/\">Source link <\/a><\/p>\n","protected":false},"excerpt":{"rendered":"<p>Natacha Rey wurde in Frankreich strafrechtlich verfolgt, weil sie im Jahr 2021 behauptet hatte, die Pr\u00e4sidentengattin Brigitte Macron habe sich einer Geschlechtsumwandlung unterzogen. Nun will die Journalistin in Russland um Asyl bitten. Die Journalistin, die behauptet hat, die Frau des franz\u00f6sischen Pr\u00e4sidenten Emmanuel Macron sei in Wirklichkeit als Mann geboren worden, hat Berichten zufolge in [&hellip;]<\/p>\n","protected":false},"author":3,"featured_media":77843,"comment_status":"open","ping_status":"open","sticky":false,"template":"","format":"standard","meta":{"_yoast_indexnow_last_ping":["1738690603"],"wp_automatic_camp":["217"],"7d2ddd4f25de6b07f713936e92e1e2f7":["Brigitte Macron als Mann bezeichnet: Journalistin bittet in Russland um Asyl"],"original_link":["https:\/\/de.rt.com\/europa\/235734-medien-person-macrons-frau-als\/"],"_thumbnail_id":["77843"],"jnews_social_counter_last_update":["1777309193"],"_wptgpro_p2tg_sent2tg":["a:1:{i:23737;s:19:\"2025-02-04 19:37:45\";}"]},"categories":[19,23],"tags":[273,23273,7183,675,61410,19638,1711,8042,126],"yoast_head":"<!-- This site is optimized with the Yoast SEO Premium plugin v22.7 (Yoast SEO v22.7) - https:\/\/yoast.com\/wordpress\/plugins\/seo\/ -->\n<title>Brigitte Macron als Mann bezeichnet: Journalistin bittet in Russland um Asyl - just-now.NEWS Deutschland<\/title>\n<meta name=\"robots\" content=\"index, follow, max-snippet:-1, max-image-preview:large, max-video-preview:-1\" \/>\n<link rel=\"canonical\" href=\"https:\/\/now-news.de\/de\/deutschland\/brigitte-macron-als-mann-bezeichnet-journalistin-bittet-in-russland-um-asyl\/\" \/>\n<meta property=\"og:locale\" content=\"de_DE\" \/>\n<meta property=\"og:type\" content=\"article\" \/>\n<meta property=\"og:title\" content=\"Brigitte Macron als Mann bezeichnet: Journalistin bittet in Russland um Asyl\" \/>\n<meta property=\"og:description\" content=\"Natacha Rey wurde in Frankreich strafrechtlich verfolgt, weil sie im Jahr 2021 behauptet hatte, die Pr\u00e4sidentengattin Brigitte Macron habe sich einer Geschlechtsumwandlung unterzogen. Nun will die Journalistin in Russland um Asyl bitten. Die Journalistin, die behauptet hat, die Frau des franz\u00f6sischen Pr\u00e4sidenten Emmanuel Macron sei in Wirklichkeit als Mann geboren worden, hat Berichten zufolge in [&hellip;]\" \/>\n<meta property=\"og:url\" content=\"https:\/\/now-news.de\/de\/deutschland\/brigitte-macron-als-mann-bezeichnet-journalistin-bittet-in-russland-um-asyl\/\" \/>\n<meta property=\"og:site_name\" content=\"just-now.NEWS Deutschland\" \/>\n<meta property=\"article:publisher\" content=\"https:\/\/www.facebook.com\/wirmachenauf\" \/>\n<meta property=\"article:published_time\" content=\"2025-02-04T16:55:55+00:00\" \/>\n<meta property=\"og:image\" content=\"https:\/\/now-news.de\/de\/wp-content\/uploads\/sites\/3\/2025\/02\/67a23b0bb480cc02055b351c.jpg\" \/>\n<meta name=\"author\" content=\"rtnews\" \/>\n<meta name=\"twitter:card\" content=\"summary_large_image\" \/>\n<meta name=\"twitter:creator\" content=\"@WirMachenAuf_de\" \/>\n<meta name=\"twitter:site\" content=\"@WirMachenAuf_de\" \/>\n<meta name=\"twitter:label1\" content=\"Verfasst von\" \/>\n\t<meta name=\"twitter:data1\" content=\"rtnews\" \/>\n\t<meta name=\"twitter:label2\" content=\"Gesch\u00e4tzte Lesezeit\" \/>\n\t<meta name=\"twitter:data2\" content=\"2\u00a0Minuten\" \/>\n<script type=\"application\/ld+json\" class=\"yoast-schema-graph\">{\"@context\":\"https:\/\/schema.org\",\"@graph\":[{\"@type\":\"Article\",\"@id\":\"https:\/\/now-news.de\/de\/deutschland\/brigitte-macron-als-mann-bezeichnet-journalistin-bittet-in-russland-um-asyl\/#article\",\"isPartOf\":{\"@id\":\"https:\/\/now-news.de\/de\/deutschland\/brigitte-macron-als-mann-bezeichnet-journalistin-bittet-in-russland-um-asyl\/\"},\"author\":{\"name\":\"rtnews\",\"@id\":\"https:\/\/now-news.de\/de\/#\/schema\/person\/fb534a4e865501d8b3285208df34a9b5\"},\"headline\":\"Brigitte Macron als Mann bezeichnet: Journalistin bittet in Russland um Asyl\",\"datePublished\":\"2025-02-04T16:55:55+00:00\",\"dateModified\":\"2025-02-04T16:55:55+00:00\",\"mainEntityOfPage\":{\"@id\":\"https:\/\/now-news.de\/de\/deutschland\/brigitte-macron-als-mann-bezeichnet-journalistin-bittet-in-russland-um-asyl\/\"},\"wordCount\":478,\"commentCount\":0,\"publisher\":{\"@id\":\"https:\/\/now-news.de\/de\/#organization\"},\"image\":{\"@id\":\"https:\/\/now-news.de\/de\/deutschland\/brigitte-macron-als-mann-bezeichnet-journalistin-bittet-in-russland-um-asyl\/#primaryimage\"},\"thumbnailUrl\":\"https:\/\/now-news.de\/de\/wp-content\/uploads\/sites\/3\/2025\/02\/Brigitte-Macron-als-Mann-bezeichnet-Journalistin-bittet-in-Russland-um.jpg\",\"keywords\":[\"als\",\"ASYL\",\"bezeichnet\",\"bittet\",\"Brigitte\",\"Journalistin\",\"macron\",\"Mann\",\"russland\"],\"articleSection\":[\"Deutschland\",\"Russland\"],\"inLanguage\":\"de\",\"potentialAction\":[{\"@type\":\"CommentAction\",\"name\":\"Comment\",\"target\":[\"https:\/\/now-news.de\/de\/deutschland\/brigitte-macron-als-mann-bezeichnet-journalistin-bittet-in-russland-um-asyl\/#respond\"]}]},{\"@type\":\"WebPage\",\"@id\":\"https:\/\/now-news.de\/de\/deutschland\/brigitte-macron-als-mann-bezeichnet-journalistin-bittet-in-russland-um-asyl\/\",\"url\":\"https:\/\/now-news.de\/de\/deutschland\/brigitte-macron-als-mann-bezeichnet-journalistin-bittet-in-russland-um-asyl\/\",\"name\":\"Brigitte Macron als Mann bezeichnet: Journalistin bittet in Russland um Asyl - just-now.NEWS Deutschland\",\"isPartOf\":{\"@id\":\"https:\/\/now-news.de\/de\/#website\"},\"primaryImageOfPage\":{\"@id\":\"https:\/\/now-news.de\/de\/deutschland\/brigitte-macron-als-mann-bezeichnet-journalistin-bittet-in-russland-um-asyl\/#primaryimage\"},\"image\":{\"@id\":\"https:\/\/now-news.de\/de\/deutschland\/brigitte-macron-als-mann-bezeichnet-journalistin-bittet-in-russland-um-asyl\/#primaryimage\"},\"thumbnailUrl\":\"https:\/\/now-news.de\/de\/wp-content\/uploads\/sites\/3\/2025\/02\/Brigitte-Macron-als-Mann-bezeichnet-Journalistin-bittet-in-Russland-um.jpg\",\"datePublished\":\"2025-02-04T16:55:55+00:00\",\"dateModified\":\"2025-02-04T16:55:55+00:00\",\"breadcrumb\":{\"@id\":\"https:\/\/now-news.de\/de\/deutschland\/brigitte-macron-als-mann-bezeichnet-journalistin-bittet-in-russland-um-asyl\/#breadcrumb\"},\"inLanguage\":\"de\",\"potentialAction\":[{\"@type\":\"ReadAction\",\"target\":[\"https:\/\/now-news.de\/de\/deutschland\/brigitte-macron-als-mann-bezeichnet-journalistin-bittet-in-russland-um-asyl\/\"]}]},{\"@type\":\"ImageObject\",\"inLanguage\":\"de\",\"@id\":\"https:\/\/now-news.de\/de\/deutschland\/brigitte-macron-als-mann-bezeichnet-journalistin-bittet-in-russland-um-asyl\/#primaryimage\",\"url\":\"https:\/\/now-news.de\/de\/wp-content\/uploads\/sites\/3\/2025\/02\/Brigitte-Macron-als-Mann-bezeichnet-Journalistin-bittet-in-Russland-um.jpg\",\"contentUrl\":\"https:\/\/now-news.de\/de\/wp-content\/uploads\/sites\/3\/2025\/02\/Brigitte-Macron-als-Mann-bezeichnet-Journalistin-bittet-in-Russland-um.jpg\",\"width\":460,\"height\":259,\"caption\":\"Brigitte Macron als Mann bezeichnet: Journalistin bittet in Russland um Asyl\"},{\"@type\":\"BreadcrumbList\",\"@id\":\"https:\/\/now-news.de\/de\/deutschland\/brigitte-macron-als-mann-bezeichnet-journalistin-bittet-in-russland-um-asyl\/#breadcrumb\",\"itemListElement\":[{\"@type\":\"ListItem\",\"position\":1,\"name\":\"Home\",\"item\":\"https:\/\/now-news.de\/de\/\"},{\"@type\":\"ListItem\",\"position\":2,\"name\":\"Brigitte Macron als Mann bezeichnet: Journalistin bittet in Russland um Asyl\"}]},{\"@type\":\"WebSite\",\"@id\":\"https:\/\/now-news.de\/de\/#website\",\"url\":\"https:\/\/now-news.de\/de\/\",\"name\":\"just-now.NEWS Deutschland\",\"description\":\"Das Portal f\u00fcr unzensierte Nachrichten aus der Welt\",\"publisher\":{\"@id\":\"https:\/\/now-news.de\/de\/#organization\"},\"potentialAction\":[{\"@type\":\"SearchAction\",\"target\":{\"@type\":\"EntryPoint\",\"urlTemplate\":\"https:\/\/now-news.de\/de\/?s={search_term_string}\"},\"query-input\":\"required name=search_term_string\"}],\"inLanguage\":\"de\"},{\"@type\":\"Organization\",\"@id\":\"https:\/\/now-news.de\/de\/#organization\",\"name\":\"Just Now News\",\"url\":\"https:\/\/now-news.de\/de\/\",\"logo\":{\"@type\":\"ImageObject\",\"inLanguage\":\"de\",\"@id\":\"https:\/\/now-news.de\/de\/#\/schema\/logo\/image\/\",\"url\":\"http:\/\/just-now.news\/de\/wp-content\/uploads\/sites\/3\/2022\/04\/logo500x500.jpg\",\"contentUrl\":\"http:\/\/just-now.news\/de\/wp-content\/uploads\/sites\/3\/2022\/04\/logo500x500.jpg\",\"width\":500,\"height\":500,\"caption\":\"Just Now News\"},\"image\":{\"@id\":\"https:\/\/now-news.de\/de\/#\/schema\/logo\/image\/\"},\"sameAs\":[\"https:\/\/www.facebook.com\/wirmachenauf\",\"https:\/\/x.com\/WirMachenAuf_de\"]},{\"@type\":\"Person\",\"@id\":\"https:\/\/now-news.de\/de\/#\/schema\/person\/fb534a4e865501d8b3285208df34a9b5\",\"name\":\"rtnews\",\"image\":{\"@type\":\"ImageObject\",\"inLanguage\":\"de\",\"@id\":\"https:\/\/now-news.de\/de\/#\/schema\/person\/image\/\",\"url\":\"https:\/\/secure.gravatar.com\/avatar\/82aafea7d8127119dd649515f56e2117?s=96&d=mm&r=g\",\"contentUrl\":\"https:\/\/secure.gravatar.com\/avatar\/82aafea7d8127119dd649515f56e2117?s=96&d=mm&r=g\",\"caption\":\"rtnews\"},\"url\":\"https:\/\/now-news.de\/de\/author\/rnews\/\"}]}<\/script>\n<!-- \/ Yoast SEO Premium plugin. -->","yoast_head_json":{"title":"Brigitte Macron als Mann bezeichnet: Journalistin bittet in Russland um Asyl - just-now.NEWS Deutschland","robots":{"index":"index","follow":"follow","max-snippet":"max-snippet:-1","max-image-preview":"max-image-preview:large","max-video-preview":"max-video-preview:-1"},"canonical":"https:\/\/now-news.de\/de\/deutschland\/brigitte-macron-als-mann-bezeichnet-journalistin-bittet-in-russland-um-asyl\/","og_locale":"de_DE","og_type":"article","og_title":"Brigitte Macron als Mann bezeichnet: Journalistin bittet in Russland um Asyl","og_description":"Natacha Rey wurde in Frankreich strafrechtlich verfolgt, weil sie im Jahr 2021 behauptet hatte, die Pr\u00e4sidentengattin Brigitte Macron habe sich einer Geschlechtsumwandlung unterzogen. Nun will die Journalistin in Russland um Asyl bitten. Die Journalistin, die behauptet hat, die Frau des franz\u00f6sischen Pr\u00e4sidenten Emmanuel Macron sei in Wirklichkeit als Mann geboren worden, hat Berichten zufolge in [&hellip;]","og_url":"https:\/\/now-news.de\/de\/deutschland\/brigitte-macron-als-mann-bezeichnet-journalistin-bittet-in-russland-um-asyl\/","og_site_name":"just-now.NEWS Deutschland","article_publisher":"https:\/\/www.facebook.com\/wirmachenauf","article_published_time":"2025-02-04T16:55:55+00:00","og_image":[{"url":"https:\/\/now-news.de\/de\/wp-content\/uploads\/sites\/3\/2025\/02\/67a23b0bb480cc02055b351c.jpg"}],"author":"rtnews","twitter_card":"summary_large_image","twitter_creator":"@WirMachenAuf_de","twitter_site":"@WirMachenAuf_de","twitter_misc":{"Verfasst von":"rtnews","Gesch\u00e4tzte Lesezeit":"2\u00a0Minuten"},"schema":{"@context":"https:\/\/schema.org","@graph":[{"@type":"Article","@id":"https:\/\/now-news.de\/de\/deutschland\/brigitte-macron-als-mann-bezeichnet-journalistin-bittet-in-russland-um-asyl\/#article","isPartOf":{"@id":"https:\/\/now-news.de\/de\/deutschland\/brigitte-macron-als-mann-bezeichnet-journalistin-bittet-in-russland-um-asyl\/"},"author":{"name":"rtnews","@id":"https:\/\/now-news.de\/de\/#\/schema\/person\/fb534a4e865501d8b3285208df34a9b5"},"headline":"Brigitte Macron als Mann bezeichnet: Journalistin bittet in Russland um Asyl","datePublished":"2025-02-04T16:55:55+00:00","dateModified":"2025-02-04T16:55:55+00:00","mainEntityOfPage":{"@id":"https:\/\/now-news.de\/de\/deutschland\/brigitte-macron-als-mann-bezeichnet-journalistin-bittet-in-russland-um-asyl\/"},"wordCount":478,"commentCount":0,"publisher":{"@id":"https:\/\/now-news.de\/de\/#organization"},"image":{"@id":"https:\/\/now-news.de\/de\/deutschland\/brigitte-macron-als-mann-bezeichnet-journalistin-bittet-in-russland-um-asyl\/#primaryimage"},"thumbnailUrl":"https:\/\/now-news.de\/de\/wp-content\/uploads\/sites\/3\/2025\/02\/Brigitte-Macron-als-Mann-bezeichnet-Journalistin-bittet-in-Russland-um.jpg","keywords":["als","ASYL","bezeichnet","bittet","Brigitte","Journalistin","macron","Mann","russland"],"articleSection":["Deutschland","Russland"],"inLanguage":"de","potentialAction":[{"@type":"CommentAction","name":"Comment","target":["https:\/\/now-news.de\/de\/deutschland\/brigitte-macron-als-mann-bezeichnet-journalistin-bittet-in-russland-um-asyl\/#respond"]}]},{"@type":"WebPage","@id":"https:\/\/now-news.de\/de\/deutschland\/brigitte-macron-als-mann-bezeichnet-journalistin-bittet-in-russland-um-asyl\/","url":"https:\/\/now-news.de\/de\/deutschland\/brigitte-macron-als-mann-bezeichnet-journalistin-bittet-in-russland-um-asyl\/","name":"Brigitte Macron als Mann bezeichnet: Journalistin bittet in Russland um Asyl - just-now.NEWS Deutschland","isPartOf":{"@id":"https:\/\/now-news.de\/de\/#website"},"primaryImageOfPage":{"@id":"https:\/\/now-news.de\/de\/deutschland\/brigitte-macron-als-mann-bezeichnet-journalistin-bittet-in-russland-um-asyl\/#primaryimage"},"image":{"@id":"https:\/\/now-news.de\/de\/deutschland\/brigitte-macron-als-mann-bezeichnet-journalistin-bittet-in-russland-um-asyl\/#primaryimage"},"thumbnailUrl":"https:\/\/now-news.de\/de\/wp-content\/uploads\/sites\/3\/2025\/02\/Brigitte-Macron-als-Mann-bezeichnet-Journalistin-bittet-in-Russland-um.jpg","datePublished":"2025-02-04T16:55:55+00:00","dateModified":"2025-02-04T16:55:55+00:00","breadcrumb":{"@id":"https:\/\/now-news.de\/de\/deutschland\/brigitte-macron-als-mann-bezeichnet-journalistin-bittet-in-russland-um-asyl\/#breadcrumb"},"inLanguage":"de","potentialAction":[{"@type":"ReadAction","target":["https:\/\/now-news.de\/de\/deutschland\/brigitte-macron-als-mann-bezeichnet-journalistin-bittet-in-russland-um-asyl\/"]}]},{"@type":"ImageObject","inLanguage":"de","@id":"https:\/\/now-news.de\/de\/deutschland\/brigitte-macron-als-mann-bezeichnet-journalistin-bittet-in-russland-um-asyl\/#primaryimage","url":"https:\/\/now-news.de\/de\/wp-content\/uploads\/sites\/3\/2025\/02\/Brigitte-Macron-als-Mann-bezeichnet-Journalistin-bittet-in-Russland-um.jpg","contentUrl":"https:\/\/now-news.de\/de\/wp-content\/uploads\/sites\/3\/2025\/02\/Brigitte-Macron-als-Mann-bezeichnet-Journalistin-bittet-in-Russland-um.jpg","width":460,"height":259,"caption":"Brigitte Macron als Mann bezeichnet: Journalistin bittet in Russland um Asyl"},{"@type":"BreadcrumbList","@id":"https:\/\/now-news.de\/de\/deutschland\/brigitte-macron-als-mann-bezeichnet-journalistin-bittet-in-russland-um-asyl\/#breadcrumb","itemListElement":[{"@type":"ListItem","position":1,"name":"Home","item":"https:\/\/now-news.de\/de\/"},{"@type":"ListItem","position":2,"name":"Brigitte Macron als Mann bezeichnet: Journalistin bittet in Russland um Asyl"}]},{"@type":"WebSite","@id":"https:\/\/now-news.de\/de\/#website","url":"https:\/\/now-news.de\/de\/","name":"just-now.NEWS Deutschland","description":"Das Portal f\u00fcr unzensierte Nachrichten aus der Welt","publisher":{"@id":"https:\/\/now-news.de\/de\/#organization"},"potentialAction":[{"@type":"SearchAction","target":{"@type":"EntryPoint","urlTemplate":"https:\/\/now-news.de\/de\/?s={search_term_string}"},"query-input":"required name=search_term_string"}],"inLanguage":"de"},{"@type":"Organization","@id":"https:\/\/now-news.de\/de\/#organization","name":"Just Now News","url":"https:\/\/now-news.de\/de\/","logo":{"@type":"ImageObject","inLanguage":"de","@id":"https:\/\/now-news.de\/de\/#\/schema\/logo\/image\/","url":"http:\/\/just-now.news\/de\/wp-content\/uploads\/sites\/3\/2022\/04\/logo500x500.jpg","contentUrl":"http:\/\/just-now.news\/de\/wp-content\/uploads\/sites\/3\/2022\/04\/logo500x500.jpg","width":500,"height":500,"caption":"Just Now News"},"image":{"@id":"https:\/\/now-news.de\/de\/#\/schema\/logo\/image\/"},"sameAs":["https:\/\/www.facebook.com\/wirmachenauf","https:\/\/x.com\/WirMachenAuf_de"]},{"@type":"Person","@id":"https:\/\/now-news.de\/de\/#\/schema\/person\/fb534a4e865501d8b3285208df34a9b5","name":"rtnews","image":{"@type":"ImageObject","inLanguage":"de","@id":"https:\/\/now-news.de\/de\/#\/schema\/person\/image\/","url":"https:\/\/secure.gravatar.com\/avatar\/82aafea7d8127119dd649515f56e2117?s=96&d=mm&r=g","contentUrl":"https:\/\/secure.gravatar.com\/avatar\/82aafea7d8127119dd649515f56e2117?s=96&d=mm&r=g","caption":"rtnews"},"url":"https:\/\/now-news.de\/de\/author\/rnews\/"}]}},"_links":{"self":[{"href":"https:\/\/now-news.de\/de\/wp-json\/wp\/v2\/posts\/77842"}],"collection":[{"href":"https:\/\/now-news.de\/de\/wp-json\/wp\/v2\/posts"}],"about":[{"href":"https:\/\/now-news.de\/de\/wp-json\/wp\/v2\/types\/post"}],"author":[{"embeddable":true,"href":"https:\/\/now-news.de\/de\/wp-json\/wp\/v2\/users\/3"}],"replies":[{"embeddable":true,"href":"https:\/\/now-news.de\/de\/wp-json\/wp\/v2\/comments?post=77842"}],"version-history":[{"count":0,"href":"https:\/\/now-news.de\/de\/wp-json\/wp\/v2\/posts\/77842\/revisions"}],"wp:featuredmedia":[{"embeddable":true,"href":"https:\/\/now-news.de\/de\/wp-json\/wp\/v2\/media\/77843"}],"wp:attachment":[{"href":"https:\/\/now-news.de\/de\/wp-json\/wp\/v2\/media?parent=77842"}],"wp:term":[{"taxonomy":"category","embeddable":true,"href":"https:\/\/now-news.de\/de\/wp-json\/wp\/v2\/categories?post=77842"},{"taxonomy":"post_tag","embeddable":true,"href":"https:\/\/now-news.de\/de\/wp-json\/wp\/v2\/tags?post=77842"}],"curies":[{"name":"wp","href":"https:\/\/api.w.org\/{rel}","templated":true}]}}